{"id":18605,"date":"2024-06-12T09:16:15","date_gmt":"2024-06-12T06:16:15","guid":{"rendered":"https:\/\/blogs.uef.fi\/karjalanelvytys\/?p=18605"},"modified":"2024-10-04T10:21:18","modified_gmt":"2024-10-04T07:21:18","slug":"paginpertilazien-pikniekku-utran-suares-jovensuus-yhtes-vallah-da-vesselah","status":"publish","type":"post","link":"https:\/\/blogs.uef.fi\/karjalanelvytys\/2024\/06\/12\/paginpertilazien-pikniekku-utran-suares-jovensuus-yhtes-vallah-da-vesselah\/","title":{"rendered":"Paginpertil\u00e4zien pikniekku Utransuares Jovensuus: yhtes, v\u00e4ll\u00e4h da vessel\u00e4h"},"content":{"rendered":"\n<p>Hos pertis Paginpertil\u00f6i sygyzyss\u00e4h ei rodei, ga luonnon helmas\u00a0vie oli yksi paginpertil\u00e4zien vastavundu. Nuorien dai Kaikkien Paginpertil\u00f6in k\u00e4vij\u00e4t ker\u00e4vyttih yhtehizele pikniekale Jovensuun Utransuareh 11.6. Sih ni\u0161koi oli vuograttu koda \u010d 17\u201320. Ozakse koda oli suuri da synnytti kai pikniekkuniekat: meidyh\u00e4i oli pi\u00e4l 20. Kerras passiboi\u010demmo \u00e4ij\u00e4l<strong> Karjalan Sivistysseurua<\/strong> Jovensuun Paginpertile annettulois dengois, kudamien vuoh ongi ozitunnuh kogo pido.<\/p>\n\n\n\n<figure class=\"wp-block-image size-large is-resized\"><img loading=\"lazy\" decoding=\"async\" width=\"768\" height=\"1024\" src=\"https:\/\/blogs.uef.fi\/karjalanelvytys\/wp-content\/uploads\/sites\/155\/2024\/06\/WhatsApp-Image-2024-06-11-at-21.00.16-768x1024.jpeg\" alt=\"\" class=\"wp-image-18608\" style=\"width:auto;height:400px\" srcset=\"https:\/\/blogs.uef.fi\/karjalanelvytys\/wp-content\/uploads\/sites\/155\/2024\/06\/WhatsApp-Image-2024-06-11-at-21.00.16-768x1024.jpeg 768w, https:\/\/blogs.uef.fi\/karjalanelvytys\/wp-content\/uploads\/sites\/155\/2024\/06\/WhatsApp-Image-2024-06-11-at-21.00.16-225x300.jpeg 225w, https:\/\/blogs.uef.fi\/karjalanelvytys\/wp-content\/uploads\/sites\/155\/2024\/06\/WhatsApp-Image-2024-06-11-at-21.00.16-1152x1536.jpeg 1152w, https:\/\/blogs.uef.fi\/karjalanelvytys\/wp-content\/uploads\/sites\/155\/2024\/06\/WhatsApp-Image-2024-06-11-at-21.00.16.jpeg 1200w\" sizes=\"auto, (max-width: 768px) 100vw, 768px\" \/><figcaption class=\"wp-element-caption\">Elvytysprojektan ruadajua astumas suareh. Kuva: Natalia Giloeva<\/figcaption><\/figure>\n\n\n\n<p>Pikniekku-Paginpertis ei olluh nimittumua tiettyy programmua, mieleh oli vai olla yhtes, paista ken mis tahtoigi, syvv\u00e4-juvva da \u0161uuttie-nagrua. Moizet v\u00e4llymuodohizet vastavundat ollah ylen t\u00e4rgiet: nenga ihan luonnollizeh tabah pagizet karjalakse kaikkii dieloloi, kyzelet tostu da vastuat i\u010de. Kieli el\u00e4y, konzu sid\u00e4 piet\u00e4h el\u00e4v\u00e4nny pagizijat!<\/p>\n\n\n\n<figure class=\"wp-block-image size-large is-resized\"><img loading=\"lazy\" decoding=\"async\" width=\"768\" height=\"1024\" src=\"https:\/\/blogs.uef.fi\/karjalanelvytys\/wp-content\/uploads\/sites\/155\/2024\/06\/WhatsApp-Image-2024-06-11-at-20.45.23-768x1024.jpeg\" alt=\"\" class=\"wp-image-18611\" style=\"width:auto;height:400px\" srcset=\"https:\/\/blogs.uef.fi\/karjalanelvytys\/wp-content\/uploads\/sites\/155\/2024\/06\/WhatsApp-Image-2024-06-11-at-20.45.23-768x1024.jpeg 768w, https:\/\/blogs.uef.fi\/karjalanelvytys\/wp-content\/uploads\/sites\/155\/2024\/06\/WhatsApp-Image-2024-06-11-at-20.45.23-225x300.jpeg 225w, https:\/\/blogs.uef.fi\/karjalanelvytys\/wp-content\/uploads\/sites\/155\/2024\/06\/WhatsApp-Image-2024-06-11-at-20.45.23-1152x1536.jpeg 1152w, https:\/\/blogs.uef.fi\/karjalanelvytys\/wp-content\/uploads\/sites\/155\/2024\/06\/WhatsApp-Image-2024-06-11-at-20.45.23.jpeg 1200w\" sizes=\"auto, (max-width: 768px) 100vw, 768px\" \/><figcaption class=\"wp-element-caption\">Paginpertil\u00e4zet kovas. Kuva: Natalia Giloeva<\/figcaption><\/figure>\n\n\n\n<p>Pid\u00e4y mainita, gu moizes pikniekkumuvvos Jovensuun Paginpertit ker\u00e4vyttih enzim\u00e4sty kerdua da tuliel aigua vois duumaija vie kaikenjyttymi\u00e4 muudugi vastavundumuoduo. Ollou sinul mid\u00e4 hyvi\u00e4 ehoitustu Paginpertil\u00f6in piend\u00e4h ni\u0161koi, ga kirjuta meile: karjalanelvytys@uef.fi. <\/p>\n\n\n\n<figure class=\"wp-block-image size-large is-resized\"><img loading=\"lazy\" decoding=\"async\" width=\"768\" height=\"1024\" src=\"https:\/\/blogs.uef.fi\/karjalanelvytys\/wp-content\/uploads\/sites\/155\/2024\/06\/WhatsApp-Image-2024-06-11-at-20.49.25-768x1024.jpeg\" alt=\"\" class=\"wp-image-18614\" style=\"width:auto;height:400px\" srcset=\"https:\/\/blogs.uef.fi\/karjalanelvytys\/wp-content\/uploads\/sites\/155\/2024\/06\/WhatsApp-Image-2024-06-11-at-20.49.25-768x1024.jpeg 768w, https:\/\/blogs.uef.fi\/karjalanelvytys\/wp-content\/uploads\/sites\/155\/2024\/06\/WhatsApp-Image-2024-06-11-at-20.49.25-225x300.jpeg 225w, https:\/\/blogs.uef.fi\/karjalanelvytys\/wp-content\/uploads\/sites\/155\/2024\/06\/WhatsApp-Image-2024-06-11-at-20.49.25-1152x1536.jpeg 1152w, https:\/\/blogs.uef.fi\/karjalanelvytys\/wp-content\/uploads\/sites\/155\/2024\/06\/WhatsApp-Image-2024-06-11-at-20.49.25.jpeg 1500w\" sizes=\"auto, (max-width: 768px) 100vw, 768px\" \/><figcaption class=\"wp-element-caption\">Koufeit pid\u00e4y keitti\u00e4 pihalgi. Kuva: Olga Karlova<\/figcaption><\/figure>\n\n\n\n<p>Paginpertit jatketah omassah ruandua syvyskuus algajen, ga jo elokuun lopul ker\u00e4vymm\u00f6 Mustu kyly -Paginpertih <strong>Timoi Munnelluo<\/strong> Viinij\u00e4rvel. Tarkah p\u00e4iv\u00e4h da aigah n\u00e4h ilmoittelemmo my\u00f6hemb\u00e4.<\/p>\n\n\n\n<p>Hyvi\u00e4 kezi\u00e4!<\/p>\n\n\n\n<p>Kirjutus: <strong>Natalia Giloeva<\/strong> (Hiloin Natoi)<\/p>\n","protected":false},"excerpt":{"rendered":"<p>Hos pertis Paginpertil\u00f6i sygyzyss\u00e4h ei rodei, ga luonnon helmas\u00a0vie oli yksi paginpertil\u00e4zien vastavundu. Nuorien dai Kaikkien Paginpertil\u00f6in k\u00e4vij\u00e4t ker\u00e4vyttih yhtehizele pikniekale Jovensuun Utransuareh 11.6. Sih ni\u0161koi oli vuograttu koda \u010d 17\u201320. Ozakse koda oli suuri da synnytti kai pikniekkuniekat: meidyh\u00e4i oli pi\u00e4l 20. Kerras passiboi\u010demmo \u00e4ij\u00e4l Karjalan Sivistysseurua Jovensuun Paginpertile annettulois dengois, kudamien vuoh ongi [&hellip;]<\/p>\n","protected":false},"author":580,"featured_media":0,"comment_status":"open","ping_status":"open","sticky":false,"template":"","format":"standard","meta":{"_acf_changed":false,"footnotes":""},"categories":[1],"tags":[41],"class_list":["post-18605","post","type-post","status-publish","format-standard","hentry","category-uncategorized","tag-keskustelukerhot"],"acf":[],"yoast_head":"<!-- This site is optimized with the Yoast SEO plugin v27.3 - https:\/\/yoast.com\/product\/yoast-seo-wordpress\/ -->\n<title>Paginpertil\u00e4zien pikniekku Utransuares Jovensuus: yhtes, v\u00e4ll\u00e4h da vessel\u00e4h - Karjalan kielen elvytt\u00e4minen<\/title>\n<meta name=\"robots\" content=\"index, follow, max-snippet:-1, max-image-preview:large, max-video-preview:-1\" \/>\n<link rel=\"canonical\" href=\"https:\/\/blogs.uef.fi\/karjalanelvytys\/2024\/06\/12\/paginpertilazien-pikniekku-utran-suares-jovensuus-yhtes-vallah-da-vesselah\/\" \/>\n<meta property=\"og:locale\" content=\"fi_FI\" \/>\n<meta property=\"og:type\" content=\"article\" \/>\n<meta property=\"og:title\" content=\"Paginpertil\u00e4zien pikniekku Utransuares Jovensuus: yhtes, v\u00e4ll\u00e4h da vessel\u00e4h - Karjalan kielen elvytt\u00e4minen\" \/>\n<meta property=\"og:description\" content=\"Hos pertis Paginpertil\u00f6i sygyzyss\u00e4h ei rodei, ga luonnon helmas\u00a0vie oli yksi paginpertil\u00e4zien vastavundu. Nuorien dai Kaikkien Paginpertil\u00f6in k\u00e4vij\u00e4t ker\u00e4vyttih yhtehizele pikniekale Jovensuun Utransuareh 11.6. Sih ni\u0161koi oli vuograttu koda \u010d 17\u201320. Ozakse koda oli suuri da synnytti kai pikniekkuniekat: meidyh\u00e4i oli pi\u00e4l 20. Kerras passiboi\u010demmo \u00e4ij\u00e4l Karjalan Sivistysseurua Jovensuun Paginpertile annettulois dengois, kudamien vuoh ongi [&hellip;]\" \/>\n<meta property=\"og:url\" content=\"https:\/\/blogs.uef.fi\/karjalanelvytys\/2024\/06\/12\/paginpertilazien-pikniekku-utran-suares-jovensuus-yhtes-vallah-da-vesselah\/\" \/>\n<meta property=\"og:site_name\" content=\"Karjalan kielen elvytt\u00e4minen\" \/>\n<meta property=\"article:published_time\" content=\"2024-06-12T06:16:15+00:00\" \/>\n<meta property=\"article:modified_time\" content=\"2024-10-04T07:21:18+00:00\" \/>\n<meta property=\"og:image\" content=\"https:\/\/blogs.uef.fi\/karjalanelvytys\/wp-content\/uploads\/sites\/155\/2024\/06\/WhatsApp-Image-2024-06-11-at-21.00.16-768x1024.jpeg\" \/>\n<meta name=\"author\" content=\"Niko Tynnyrinen\" \/>\n<meta name=\"twitter:card\" content=\"summary_large_image\" \/>\n<meta name=\"twitter:label1\" content=\"Kirjoittanut\" \/>\n\t<meta name=\"twitter:data1\" content=\"Niko Tynnyrinen\" \/>\n\t<meta name=\"twitter:label2\" content=\"Arvioitu lukuaika\" \/>\n\t<meta name=\"twitter:data2\" content=\"2 minuuttia\" \/>\n<script type=\"application\/ld+json\" class=\"yoast-schema-graph\">{\"@context\":\"https:\\\/\\\/schema.org\",\"@graph\":[{\"@type\":\"Article\",\"@id\":\"https:\\\/\\\/blogs.uef.fi\\\/karjalanelvytys\\\/2024\\\/06\\\/12\\\/paginpertilazien-pikniekku-utran-suares-jovensuus-yhtes-vallah-da-vesselah\\\/#article\",\"isPartOf\":{\"@id\":\"https:\\\/\\\/blogs.uef.fi\\\/karjalanelvytys\\\/2024\\\/06\\\/12\\\/paginpertilazien-pikniekku-utran-suares-jovensuus-yhtes-vallah-da-vesselah\\\/\"},\"author\":{\"name\":\"Niko Tynnyrinen\",\"@id\":\"https:\\\/\\\/blogs.uef.fi\\\/karjalanelvytys\\\/#\\\/schema\\\/person\\\/621a5a2d8165cae7989f49c34ac3e845\"},\"headline\":\"Paginpertil\u00e4zien pikniekku Utransuares Jovensuus: yhtes, v\u00e4ll\u00e4h da vessel\u00e4h\",\"datePublished\":\"2024-06-12T06:16:15+00:00\",\"dateModified\":\"2024-10-04T07:21:18+00:00\",\"mainEntityOfPage\":{\"@id\":\"https:\\\/\\\/blogs.uef.fi\\\/karjalanelvytys\\\/2024\\\/06\\\/12\\\/paginpertilazien-pikniekku-utran-suares-jovensuus-yhtes-vallah-da-vesselah\\\/\"},\"wordCount\":228,\"commentCount\":0,\"image\":{\"@id\":\"https:\\\/\\\/blogs.uef.fi\\\/karjalanelvytys\\\/2024\\\/06\\\/12\\\/paginpertilazien-pikniekku-utran-suares-jovensuus-yhtes-vallah-da-vesselah\\\/#primaryimage\"},\"thumbnailUrl\":\"https:\\\/\\\/blogs.uef.fi\\\/karjalanelvytys\\\/wp-content\\\/uploads\\\/sites\\\/155\\\/2024\\\/06\\\/WhatsApp-Image-2024-06-11-at-21.00.16-768x1024.jpeg\",\"keywords\":[\"keskustelukerhot\"],\"articleSection\":[\"Uncategorized\"],\"inLanguage\":\"fi\",\"potentialAction\":[{\"@type\":\"CommentAction\",\"name\":\"Comment\",\"target\":[\"https:\\\/\\\/blogs.uef.fi\\\/karjalanelvytys\\\/2024\\\/06\\\/12\\\/paginpertilazien-pikniekku-utran-suares-jovensuus-yhtes-vallah-da-vesselah\\\/#respond\"]}]},{\"@type\":\"WebPage\",\"@id\":\"https:\\\/\\\/blogs.uef.fi\\\/karjalanelvytys\\\/2024\\\/06\\\/12\\\/paginpertilazien-pikniekku-utran-suares-jovensuus-yhtes-vallah-da-vesselah\\\/\",\"url\":\"https:\\\/\\\/blogs.uef.fi\\\/karjalanelvytys\\\/2024\\\/06\\\/12\\\/paginpertilazien-pikniekku-utran-suares-jovensuus-yhtes-vallah-da-vesselah\\\/\",\"name\":\"Paginpertil\u00e4zien pikniekku Utransuares Jovensuus: yhtes, v\u00e4ll\u00e4h da vessel\u00e4h - Karjalan kielen elvytt\u00e4minen\",\"isPartOf\":{\"@id\":\"https:\\\/\\\/blogs.uef.fi\\\/karjalanelvytys\\\/#website\"},\"primaryImageOfPage\":{\"@id\":\"https:\\\/\\\/blogs.uef.fi\\\/karjalanelvytys\\\/2024\\\/06\\\/12\\\/paginpertilazien-pikniekku-utran-suares-jovensuus-yhtes-vallah-da-vesselah\\\/#primaryimage\"},\"image\":{\"@id\":\"https:\\\/\\\/blogs.uef.fi\\\/karjalanelvytys\\\/2024\\\/06\\\/12\\\/paginpertilazien-pikniekku-utran-suares-jovensuus-yhtes-vallah-da-vesselah\\\/#primaryimage\"},\"thumbnailUrl\":\"https:\\\/\\\/blogs.uef.fi\\\/karjalanelvytys\\\/wp-content\\\/uploads\\\/sites\\\/155\\\/2024\\\/06\\\/WhatsApp-Image-2024-06-11-at-21.00.16-768x1024.jpeg\",\"datePublished\":\"2024-06-12T06:16:15+00:00\",\"dateModified\":\"2024-10-04T07:21:18+00:00\",\"author\":{\"@id\":\"https:\\\/\\\/blogs.uef.fi\\\/karjalanelvytys\\\/#\\\/schema\\\/person\\\/621a5a2d8165cae7989f49c34ac3e845\"},\"breadcrumb\":{\"@id\":\"https:\\\/\\\/blogs.uef.fi\\\/karjalanelvytys\\\/2024\\\/06\\\/12\\\/paginpertilazien-pikniekku-utran-suares-jovensuus-yhtes-vallah-da-vesselah\\\/#breadcrumb\"},\"inLanguage\":\"fi\",\"potentialAction\":[{\"@type\":\"ReadAction\",\"target\":[\"https:\\\/\\\/blogs.uef.fi\\\/karjalanelvytys\\\/2024\\\/06\\\/12\\\/paginpertilazien-pikniekku-utran-suares-jovensuus-yhtes-vallah-da-vesselah\\\/\"]}]},{\"@type\":\"ImageObject\",\"inLanguage\":\"fi\",\"@id\":\"https:\\\/\\\/blogs.uef.fi\\\/karjalanelvytys\\\/2024\\\/06\\\/12\\\/paginpertilazien-pikniekku-utran-suares-jovensuus-yhtes-vallah-da-vesselah\\\/#primaryimage\",\"url\":\"https:\\\/\\\/blogs.uef.fi\\\/karjalanelvytys\\\/wp-content\\\/uploads\\\/sites\\\/155\\\/2024\\\/06\\\/WhatsApp-Image-2024-06-11-at-21.00.16.jpeg\",\"contentUrl\":\"https:\\\/\\\/blogs.uef.fi\\\/karjalanelvytys\\\/wp-content\\\/uploads\\\/sites\\\/155\\\/2024\\\/06\\\/WhatsApp-Image-2024-06-11-at-21.00.16.jpeg\",\"width\":1200,\"height\":1600},{\"@type\":\"BreadcrumbList\",\"@id\":\"https:\\\/\\\/blogs.uef.fi\\\/karjalanelvytys\\\/2024\\\/06\\\/12\\\/paginpertilazien-pikniekku-utran-suares-jovensuus-yhtes-vallah-da-vesselah\\\/#breadcrumb\",\"itemListElement\":[{\"@type\":\"ListItem\",\"position\":1,\"name\":\"Home\",\"item\":\"https:\\\/\\\/blogs.uef.fi\\\/karjalanelvytys\\\/\"},{\"@type\":\"ListItem\",\"position\":2,\"name\":\"Paginpertil\u00e4zien pikniekku Utransuares Jovensuus: yhtes, v\u00e4ll\u00e4h da vessel\u00e4h\"}]},{\"@type\":\"WebSite\",\"@id\":\"https:\\\/\\\/blogs.uef.fi\\\/karjalanelvytys\\\/#website\",\"url\":\"https:\\\/\\\/blogs.uef.fi\\\/karjalanelvytys\\\/\",\"name\":\"Karjalan kielen elvytt\u00e4minen\",\"description\":\"\",\"potentialAction\":[{\"@type\":\"SearchAction\",\"target\":{\"@type\":\"EntryPoint\",\"urlTemplate\":\"https:\\\/\\\/blogs.uef.fi\\\/karjalanelvytys\\\/?s={search_term_string}\"},\"query-input\":{\"@type\":\"PropertyValueSpecification\",\"valueRequired\":true,\"valueName\":\"search_term_string\"}}],\"inLanguage\":\"fi\"},{\"@type\":\"Person\",\"@id\":\"https:\\\/\\\/blogs.uef.fi\\\/karjalanelvytys\\\/#\\\/schema\\\/person\\\/621a5a2d8165cae7989f49c34ac3e845\",\"name\":\"Niko Tynnyrinen\",\"image\":{\"@type\":\"ImageObject\",\"inLanguage\":\"fi\",\"@id\":\"https:\\\/\\\/secure.gravatar.com\\\/avatar\\\/c363118608772bc79e49a121a006dfe575b3d98afd884e1c7c163fcc962875ea?s=96&d=mm&r=g\",\"url\":\"https:\\\/\\\/secure.gravatar.com\\\/avatar\\\/c363118608772bc79e49a121a006dfe575b3d98afd884e1c7c163fcc962875ea?s=96&d=mm&r=g\",\"contentUrl\":\"https:\\\/\\\/secure.gravatar.com\\\/avatar\\\/c363118608772bc79e49a121a006dfe575b3d98afd884e1c7c163fcc962875ea?s=96&d=mm&r=g\",\"caption\":\"Niko Tynnyrinen\"},\"url\":\"https:\\\/\\\/blogs.uef.fi\\\/karjalanelvytys\\\/author\\\/mtynnyri\\\/\"}]}<\/script>\n<!-- \/ Yoast SEO plugin. -->","yoast_head_json":{"title":"Paginpertil\u00e4zien pikniekku Utransuares Jovensuus: yhtes, v\u00e4ll\u00e4h da vessel\u00e4h - Karjalan kielen elvytt\u00e4minen","robots":{"index":"index","follow":"follow","max-snippet":"max-snippet:-1","max-image-preview":"max-image-preview:large","max-video-preview":"max-video-preview:-1"},"canonical":"https:\/\/blogs.uef.fi\/karjalanelvytys\/2024\/06\/12\/paginpertilazien-pikniekku-utran-suares-jovensuus-yhtes-vallah-da-vesselah\/","og_locale":"fi_FI","og_type":"article","og_title":"Paginpertil\u00e4zien pikniekku Utransuares Jovensuus: yhtes, v\u00e4ll\u00e4h da vessel\u00e4h - Karjalan kielen elvytt\u00e4minen","og_description":"Hos pertis Paginpertil\u00f6i sygyzyss\u00e4h ei rodei, ga luonnon helmas\u00a0vie oli yksi paginpertil\u00e4zien vastavundu. Nuorien dai Kaikkien Paginpertil\u00f6in k\u00e4vij\u00e4t ker\u00e4vyttih yhtehizele pikniekale Jovensuun Utransuareh 11.6. Sih ni\u0161koi oli vuograttu koda \u010d 17\u201320. Ozakse koda oli suuri da synnytti kai pikniekkuniekat: meidyh\u00e4i oli pi\u00e4l 20. Kerras passiboi\u010demmo \u00e4ij\u00e4l Karjalan Sivistysseurua Jovensuun Paginpertile annettulois dengois, kudamien vuoh ongi [&hellip;]","og_url":"https:\/\/blogs.uef.fi\/karjalanelvytys\/2024\/06\/12\/paginpertilazien-pikniekku-utran-suares-jovensuus-yhtes-vallah-da-vesselah\/","og_site_name":"Karjalan kielen elvytt\u00e4minen","article_published_time":"2024-06-12T06:16:15+00:00","article_modified_time":"2024-10-04T07:21:18+00:00","og_image":[{"url":"https:\/\/blogs.uef.fi\/karjalanelvytys\/wp-content\/uploads\/sites\/155\/2024\/06\/WhatsApp-Image-2024-06-11-at-21.00.16-768x1024.jpeg","type":"","width":"","height":""}],"author":"Niko Tynnyrinen","twitter_card":"summary_large_image","twitter_misc":{"Kirjoittanut":"Niko Tynnyrinen","Arvioitu lukuaika":"2 minuuttia"},"schema":{"@context":"https:\/\/schema.org","@graph":[{"@type":"Article","@id":"https:\/\/blogs.uef.fi\/karjalanelvytys\/2024\/06\/12\/paginpertilazien-pikniekku-utran-suares-jovensuus-yhtes-vallah-da-vesselah\/#article","isPartOf":{"@id":"https:\/\/blogs.uef.fi\/karjalanelvytys\/2024\/06\/12\/paginpertilazien-pikniekku-utran-suares-jovensuus-yhtes-vallah-da-vesselah\/"},"author":{"name":"Niko Tynnyrinen","@id":"https:\/\/blogs.uef.fi\/karjalanelvytys\/#\/schema\/person\/621a5a2d8165cae7989f49c34ac3e845"},"headline":"Paginpertil\u00e4zien pikniekku Utransuares Jovensuus: yhtes, v\u00e4ll\u00e4h da vessel\u00e4h","datePublished":"2024-06-12T06:16:15+00:00","dateModified":"2024-10-04T07:21:18+00:00","mainEntityOfPage":{"@id":"https:\/\/blogs.uef.fi\/karjalanelvytys\/2024\/06\/12\/paginpertilazien-pikniekku-utran-suares-jovensuus-yhtes-vallah-da-vesselah\/"},"wordCount":228,"commentCount":0,"image":{"@id":"https:\/\/blogs.uef.fi\/karjalanelvytys\/2024\/06\/12\/paginpertilazien-pikniekku-utran-suares-jovensuus-yhtes-vallah-da-vesselah\/#primaryimage"},"thumbnailUrl":"https:\/\/blogs.uef.fi\/karjalanelvytys\/wp-content\/uploads\/sites\/155\/2024\/06\/WhatsApp-Image-2024-06-11-at-21.00.16-768x1024.jpeg","keywords":["keskustelukerhot"],"articleSection":["Uncategorized"],"inLanguage":"fi","potentialAction":[{"@type":"CommentAction","name":"Comment","target":["https:\/\/blogs.uef.fi\/karjalanelvytys\/2024\/06\/12\/paginpertilazien-pikniekku-utran-suares-jovensuus-yhtes-vallah-da-vesselah\/#respond"]}]},{"@type":"WebPage","@id":"https:\/\/blogs.uef.fi\/karjalanelvytys\/2024\/06\/12\/paginpertilazien-pikniekku-utran-suares-jovensuus-yhtes-vallah-da-vesselah\/","url":"https:\/\/blogs.uef.fi\/karjalanelvytys\/2024\/06\/12\/paginpertilazien-pikniekku-utran-suares-jovensuus-yhtes-vallah-da-vesselah\/","name":"Paginpertil\u00e4zien pikniekku Utransuares Jovensuus: yhtes, v\u00e4ll\u00e4h da vessel\u00e4h - Karjalan kielen elvytt\u00e4minen","isPartOf":{"@id":"https:\/\/blogs.uef.fi\/karjalanelvytys\/#website"},"primaryImageOfPage":{"@id":"https:\/\/blogs.uef.fi\/karjalanelvytys\/2024\/06\/12\/paginpertilazien-pikniekku-utran-suares-jovensuus-yhtes-vallah-da-vesselah\/#primaryimage"},"image":{"@id":"https:\/\/blogs.uef.fi\/karjalanelvytys\/2024\/06\/12\/paginpertilazien-pikniekku-utran-suares-jovensuus-yhtes-vallah-da-vesselah\/#primaryimage"},"thumbnailUrl":"https:\/\/blogs.uef.fi\/karjalanelvytys\/wp-content\/uploads\/sites\/155\/2024\/06\/WhatsApp-Image-2024-06-11-at-21.00.16-768x1024.jpeg","datePublished":"2024-06-12T06:16:15+00:00","dateModified":"2024-10-04T07:21:18+00:00","author":{"@id":"https:\/\/blogs.uef.fi\/karjalanelvytys\/#\/schema\/person\/621a5a2d8165cae7989f49c34ac3e845"},"breadcrumb":{"@id":"https:\/\/blogs.uef.fi\/karjalanelvytys\/2024\/06\/12\/paginpertilazien-pikniekku-utran-suares-jovensuus-yhtes-vallah-da-vesselah\/#breadcrumb"},"inLanguage":"fi","potentialAction":[{"@type":"ReadAction","target":["https:\/\/blogs.uef.fi\/karjalanelvytys\/2024\/06\/12\/paginpertilazien-pikniekku-utran-suares-jovensuus-yhtes-vallah-da-vesselah\/"]}]},{"@type":"ImageObject","inLanguage":"fi","@id":"https:\/\/blogs.uef.fi\/karjalanelvytys\/2024\/06\/12\/paginpertilazien-pikniekku-utran-suares-jovensuus-yhtes-vallah-da-vesselah\/#primaryimage","url":"https:\/\/blogs.uef.fi\/karjalanelvytys\/wp-content\/uploads\/sites\/155\/2024\/06\/WhatsApp-Image-2024-06-11-at-21.00.16.jpeg","contentUrl":"https:\/\/blogs.uef.fi\/karjalanelvytys\/wp-content\/uploads\/sites\/155\/2024\/06\/WhatsApp-Image-2024-06-11-at-21.00.16.jpeg","width":1200,"height":1600},{"@type":"BreadcrumbList","@id":"https:\/\/blogs.uef.fi\/karjalanelvytys\/2024\/06\/12\/paginpertilazien-pikniekku-utran-suares-jovensuus-yhtes-vallah-da-vesselah\/#breadcrumb","itemListElement":[{"@type":"ListItem","position":1,"name":"Home","item":"https:\/\/blogs.uef.fi\/karjalanelvytys\/"},{"@type":"ListItem","position":2,"name":"Paginpertil\u00e4zien pikniekku Utransuares Jovensuus: yhtes, v\u00e4ll\u00e4h da vessel\u00e4h"}]},{"@type":"WebSite","@id":"https:\/\/blogs.uef.fi\/karjalanelvytys\/#website","url":"https:\/\/blogs.uef.fi\/karjalanelvytys\/","name":"Karjalan kielen elvytt\u00e4minen","description":"","potentialAction":[{"@type":"SearchAction","target":{"@type":"EntryPoint","urlTemplate":"https:\/\/blogs.uef.fi\/karjalanelvytys\/?s={search_term_string}"},"query-input":{"@type":"PropertyValueSpecification","valueRequired":true,"valueName":"search_term_string"}}],"inLanguage":"fi"},{"@type":"Person","@id":"https:\/\/blogs.uef.fi\/karjalanelvytys\/#\/schema\/person\/621a5a2d8165cae7989f49c34ac3e845","name":"Niko Tynnyrinen","image":{"@type":"ImageObject","inLanguage":"fi","@id":"https:\/\/secure.gravatar.com\/avatar\/c363118608772bc79e49a121a006dfe575b3d98afd884e1c7c163fcc962875ea?s=96&d=mm&r=g","url":"https:\/\/secure.gravatar.com\/avatar\/c363118608772bc79e49a121a006dfe575b3d98afd884e1c7c163fcc962875ea?s=96&d=mm&r=g","contentUrl":"https:\/\/secure.gravatar.com\/avatar\/c363118608772bc79e49a121a006dfe575b3d98afd884e1c7c163fcc962875ea?s=96&d=mm&r=g","caption":"Niko Tynnyrinen"},"url":"https:\/\/blogs.uef.fi\/karjalanelvytys\/author\/mtynnyri\/"}]}},"_links":{"self":[{"href":"https:\/\/blogs.uef.fi\/karjalanelvytys\/wp-json\/wp\/v2\/posts\/18605","targetHints":{"allow":["GET"]}}],"collection":[{"href":"https:\/\/blogs.uef.fi\/karjalanelvytys\/wp-json\/wp\/v2\/posts"}],"about":[{"href":"https:\/\/blogs.uef.fi\/karjalanelvytys\/wp-json\/wp\/v2\/types\/post"}],"author":[{"embeddable":true,"href":"https:\/\/blogs.uef.fi\/karjalanelvytys\/wp-json\/wp\/v2\/users\/580"}],"replies":[{"embeddable":true,"href":"https:\/\/blogs.uef.fi\/karjalanelvytys\/wp-json\/wp\/v2\/comments?post=18605"}],"version-history":[{"count":2,"href":"https:\/\/blogs.uef.fi\/karjalanelvytys\/wp-json\/wp\/v2\/posts\/18605\/revisions"}],"predecessor-version":[{"id":18627,"href":"https:\/\/blogs.uef.fi\/karjalanelvytys\/wp-json\/wp\/v2\/posts\/18605\/revisions\/18627"}],"wp:attachment":[{"href":"https:\/\/blogs.uef.fi\/karjalanelvytys\/wp-json\/wp\/v2\/media?parent=18605"}],"wp:term":[{"taxonomy":"category","embeddable":true,"href":"https:\/\/blogs.uef.fi\/karjalanelvytys\/wp-json\/wp\/v2\/categories?post=18605"},{"taxonomy":"post_tag","embeddable":true,"href":"https:\/\/blogs.uef.fi\/karjalanelvytys\/wp-json\/wp\/v2\/tags?post=18605"}],"curies":[{"name":"wp","href":"https:\/\/api.w.org\/{rel}","templated":true}]}}