{"id":1629,"date":"2021-09-07T14:31:57","date_gmt":"2021-09-07T11:31:57","guid":{"rendered":"https:\/\/blogs.uef.fi\/karjalanelvytys\/?p=1629"},"modified":"2023-08-21T13:14:35","modified_gmt":"2023-08-21T10:14:35","slug":"karjalan-kielen-opastajat-ta-kielikerhojen-pitajat-kerayvyttih-elokuun-jalkimmaisena-pyhanapiana","status":"publish","type":"post","link":"https:\/\/blogs.uef.fi\/karjalanelvytys\/2021\/09\/07\/karjalan-kielen-opastajat-ta-kielikerhojen-pitajat-kerayvyttih-elokuun-jalkimmaisena-pyhanapiana\/","title":{"rendered":"Karjalan kielen opa\u0161tajat ta kielikerhojen pit\u00e4j\u00e4t ker\u00e4yvyttih elokuun j\u00e4lkimm\u00e4isen\u00e4 pyh\u00e4n\u00e4pi\u00e4n\u00e4"},"content":{"rendered":"<p>&nbsp;<\/p>\n<p>Pyh\u00e4n\u00e4pi\u00e4n\u00e4 29. elokuuta piettih karjalan kielen opa\u0161tajien ta kielikerhojen pit\u00e4jien toini ker\u00e4hm\u00f6. En\u0161imm\u00e4isen kerran elvyty\u0161projekti ker\u00e4si karjalan opa\u0161tajie ora\u0161kuun lopulla kevy\u00e4ll\u00e4 (tietuo ker\u00e4hm\u00f6\u0161t\u00e4 l\u00f6ytyy alempana: <em>toukokuu 24, 2021<\/em>). \u0160illoin pi\u00e4tettih jatkua kieliruatajien va\u0161tautumisie.<\/p>\n<p>Toiseh ker\u00e4hm\u00f6h oli planiiruitu kolme pakinua, kumpaset piettih projektin ruatajat. <strong>Natalja Giloeva<\/strong> ta <strong>Katerina Paalamo<\/strong> \u0161aneltih, kuin m\u00e4n\u00f6y livvin- ta \u0161uvikarjalan opa\u0161\u0161anta P\u00e4iv\u00e4nnou\u0161u-Suomen yliopisto\u0161\u0161a. <strong>Olga Karlova<\/strong> kerto \u0161iit\u00e4, mimmosie vienankarjalan kur\u0161\u0161ija on \u0161uatavilla \u0160uome\u0161\u0161a. Lis\u00e4k\u0161i oli pakinua opa\u0161\u0161u\u0161metodiloista ta -materijaliloista, mit\u00e4 ker\u00e4hm\u00f6n o\u0161anottajat piettih hy\u00f6vyllisen\u00e4 tietona.<\/p>\n<p>Tulijiksi kerroiksi on ka\u010dottu t\u00e4rkiek\u0161i jakua ke\u0161ken\u00e4h kokemuk\u0161ie karjalan kielen opa\u0161\u0161anna\u0161ta. Jokahini karjalan kur\u0161\u0161in opa\u0161taja tahi kerhon pit\u00e4j\u00e4 varu\u0161tau mit\u00e4nih harjotu\u0161ta, juohatu\u0161ta tahi \u0161anakisua, mit\u00e4 i\u010de opa\u0161tajana olle\u0161\u0161a k\u00e4ytt\u00e4y ta ka\u010d\u010dou hyv\u00e4k\u0161i jakua toisilla.<\/p>\n<p>Ker\u00e4hm\u00f6n j\u00e4lkie on ker\u00e4tty tietuo karjalan kur\u0161\u0161iloista, mit matatah t\u00e4n\u00e4 opa\u0161\u0161u\u0161vuotena eri rahvahanopistoloissa ta muissa opa\u0161\u0161u\u0161laitok\u0161issa \u0161ek\u00e4 eri karjalaisyhissyk\u0161ien yhteyve\u0161\u0161\u00e4. Niijen kera voipi tuttavu\u0161tuo elvyty\u0161projektin blogissa (<em>elokuu 31, 2021<\/em>).<\/p>\n<p>Ker\u00e4hm\u00f6\u0161\u0161\u00e4 paistih ni tulija\u0161ta pruasnieka\u0161ta \u2013 <em>Karjalan kielen p\u00e4iv\u00e4\u0161t\u00e4<\/em> ta \u0161iih liittyj\u00e4\u0161t\u00e4 net\u00e4list\u00e4 \u2013 kon\u0161a net\u00e4lin aikua eri linnoissa ta kyliss\u00e4 on meininki pity\u00e4 eri tapahtumie, kumpasien tavottehena on \u0161uaha karjalan kieli n\u00e4k\u00f6v\u00e4mm\u00e4k\u0161i yhtehiskunnan eri aloilla. Jokahini voipi mit\u00e4nih pient\u00e4 ruatua \u0161en hyv\u00e4k\u0161i. Voipi j\u00e4rje\u0161ty\u00e4 va\u0161tautumisie p\u00e4iv\u00e4kotiloissa ta koululoissa, niijen ei pie olla v\u00e4ltt\u00e4m\u00e4tt\u00e4 \u0161uurie. Vanhemmat tahi \u00e4mm\u00f6t ta ukot voijah \u0161opie omie lap\u0161ien ta punukkojen opa\u0161tajien kera pienien pakinakertojen pienn\u00e4\u0161t\u00e4, miss\u00e4 vaikka luvettais mit\u00e4nih karjalak\u0161i tahi kuunneltais karjalankielist\u00e4 musiikkie tai laulettais karaokepajuo. Karjalan kur\u0161\u0161illa voipi ku\u010d\u010duo ket\u00e4nih karjalak\u0161i pakasijua tahi laulajua, ket\u00e4 opa\u0161tujat voitais pakautella. Omalla ruatopaikalla voipi riputella \u0161analippusie: tualetti, k\u00e4simuila, stola, ji\u00e4\u0161kuappi, vuatevuarna, jala\u010d\u010dipol\u010d\u010da, tietokoneh tni. Annahan ruatotovarissat ihmetell\u00e4h ta ihual\u2019l\u2019ah, \u0161iit\u00e4 jo voit ni pi\u00e4\u0161\u0161\u00e4 i\u010den i\u00e4neh ta toimittua heil\u00e4, mit\u00e4 t\u00e4m\u00e4 kaikki nyt merki\u010d\u010d\u00f6y. Keinuo ta tapua on \u00e4ij\u00e4n. Ker\u00e4hm\u00f6n o\u0161anottajat toivottih, jotta tuommosih tempavuk\u0161ih tahi rynnissyk\u0161ih olis hyv\u00e4 luatie minih lyhy\u010d\u010d\u00e4ini video, min avulla voipi mukavah tapah tuttavu\u0161\u0161uttua kuulijakuntua karjalaisien nykyp\u00e4iv\u00e4h.<\/p>\n","protected":false},"excerpt":{"rendered":"<p>&nbsp; Pyh\u00e4n\u00e4pi\u00e4n\u00e4 29. elokuuta piettih karjalan kielen opa\u0161tajien ta kielikerhojen pit\u00e4jien toini ker\u00e4hm\u00f6. En\u0161imm\u00e4isen kerran elvyty\u0161projekti ker\u00e4si karjalan opa\u0161tajie ora\u0161kuun lopulla kevy\u00e4ll\u00e4 (tietuo ker\u00e4hm\u00f6\u0161t\u00e4 l\u00f6ytyy alempana: toukokuu 24, 2021). \u0160illoin pi\u00e4tettih jatkua kieliruatajien va\u0161tautumisie. Toiseh ker\u00e4hm\u00f6h oli planiiruitu kolme pakinua, kumpaset piettih projektin ruatajat. Natalja Giloeva ta Katerina Paalamo \u0161aneltih, kuin m\u00e4n\u00f6y livvin- ta \u0161uvikarjalan [&hellip;]<\/p>\n","protected":false},"author":418,"featured_media":0,"comment_status":"open","ping_status":"open","sticky":false,"template":"","format":"standard","meta":{"_acf_changed":false,"footnotes":""},"categories":[1],"tags":[46,26],"class_list":["post-1629","post","type-post","status-publish","format-standard","hentry","category-uncategorized","tag-elvytyshankkeen-toiminta-ja-kuulumiset","tag-tapahtumat"],"acf":[],"yoast_head":"<!-- This site is optimized with the Yoast SEO plugin v27.3 - https:\/\/yoast.com\/product\/yoast-seo-wordpress\/ -->\n<title>Karjalan kielen opa\u0161tajat ta kielikerhojen pit\u00e4j\u00e4t ker\u00e4yvyttih elokuun j\u00e4lkimm\u00e4isen\u00e4 pyh\u00e4n\u00e4pi\u00e4n\u00e4 - Karjalan kielen elvytt\u00e4minen<\/title>\n<meta name=\"robots\" content=\"index, follow, max-snippet:-1, max-image-preview:large, max-video-preview:-1\" \/>\n<link rel=\"canonical\" href=\"https:\/\/blogs.uef.fi\/karjalanelvytys\/2021\/09\/07\/karjalan-kielen-opastajat-ta-kielikerhojen-pitajat-kerayvyttih-elokuun-jalkimmaisena-pyhanapiana\/\" \/>\n<meta property=\"og:locale\" content=\"fi_FI\" \/>\n<meta property=\"og:type\" content=\"article\" \/>\n<meta property=\"og:title\" content=\"Karjalan kielen opa\u0161tajat ta kielikerhojen pit\u00e4j\u00e4t ker\u00e4yvyttih elokuun j\u00e4lkimm\u00e4isen\u00e4 pyh\u00e4n\u00e4pi\u00e4n\u00e4 - Karjalan kielen elvytt\u00e4minen\" \/>\n<meta property=\"og:description\" content=\"&nbsp; Pyh\u00e4n\u00e4pi\u00e4n\u00e4 29. elokuuta piettih karjalan kielen opa\u0161tajien ta kielikerhojen pit\u00e4jien toini ker\u00e4hm\u00f6. En\u0161imm\u00e4isen kerran elvyty\u0161projekti ker\u00e4si karjalan opa\u0161tajie ora\u0161kuun lopulla kevy\u00e4ll\u00e4 (tietuo ker\u00e4hm\u00f6\u0161t\u00e4 l\u00f6ytyy alempana: toukokuu 24, 2021). \u0160illoin pi\u00e4tettih jatkua kieliruatajien va\u0161tautumisie. Toiseh ker\u00e4hm\u00f6h oli planiiruitu kolme pakinua, kumpaset piettih projektin ruatajat. Natalja Giloeva ta Katerina Paalamo \u0161aneltih, kuin m\u00e4n\u00f6y livvin- ta \u0161uvikarjalan [&hellip;]\" \/>\n<meta property=\"og:url\" content=\"https:\/\/blogs.uef.fi\/karjalanelvytys\/2021\/09\/07\/karjalan-kielen-opastajat-ta-kielikerhojen-pitajat-kerayvyttih-elokuun-jalkimmaisena-pyhanapiana\/\" \/>\n<meta property=\"og:site_name\" content=\"Karjalan kielen elvytt\u00e4minen\" \/>\n<meta property=\"article:published_time\" content=\"2021-09-07T11:31:57+00:00\" \/>\n<meta property=\"article:modified_time\" content=\"2023-08-21T10:14:35+00:00\" \/>\n<meta name=\"author\" content=\"Natalia Giloeva\" \/>\n<meta name=\"twitter:card\" content=\"summary_large_image\" \/>\n<meta name=\"twitter:label1\" content=\"Kirjoittanut\" \/>\n\t<meta name=\"twitter:data1\" content=\"Natalia Giloeva\" \/>\n\t<meta name=\"twitter:label2\" content=\"Arvioitu lukuaika\" \/>\n\t<meta name=\"twitter:data2\" content=\"2 minuuttia\" \/>\n<script type=\"application\/ld+json\" class=\"yoast-schema-graph\">{\"@context\":\"https:\\\/\\\/schema.org\",\"@graph\":[{\"@type\":\"Article\",\"@id\":\"https:\\\/\\\/blogs.uef.fi\\\/karjalanelvytys\\\/2021\\\/09\\\/07\\\/karjalan-kielen-opastajat-ta-kielikerhojen-pitajat-kerayvyttih-elokuun-jalkimmaisena-pyhanapiana\\\/#article\",\"isPartOf\":{\"@id\":\"https:\\\/\\\/blogs.uef.fi\\\/karjalanelvytys\\\/2021\\\/09\\\/07\\\/karjalan-kielen-opastajat-ta-kielikerhojen-pitajat-kerayvyttih-elokuun-jalkimmaisena-pyhanapiana\\\/\"},\"author\":{\"name\":\"Natalia Giloeva\",\"@id\":\"https:\\\/\\\/blogs.uef.fi\\\/karjalanelvytys\\\/#\\\/schema\\\/person\\\/287574dcc5248bdde0536dfe3ab40c52\"},\"headline\":\"Karjalan kielen opa\u0161tajat ta kielikerhojen pit\u00e4j\u00e4t ker\u00e4yvyttih elokuun j\u00e4lkimm\u00e4isen\u00e4 pyh\u00e4n\u00e4pi\u00e4n\u00e4\",\"datePublished\":\"2021-09-07T11:31:57+00:00\",\"dateModified\":\"2023-08-21T10:14:35+00:00\",\"mainEntityOfPage\":{\"@id\":\"https:\\\/\\\/blogs.uef.fi\\\/karjalanelvytys\\\/2021\\\/09\\\/07\\\/karjalan-kielen-opastajat-ta-kielikerhojen-pitajat-kerayvyttih-elokuun-jalkimmaisena-pyhanapiana\\\/\"},\"wordCount\":443,\"commentCount\":0,\"keywords\":[\"elvytyshankkeen toiminta ja kuulumiset\",\"tapahtumat\"],\"articleSection\":[\"Uncategorized\"],\"inLanguage\":\"fi\",\"potentialAction\":[{\"@type\":\"CommentAction\",\"name\":\"Comment\",\"target\":[\"https:\\\/\\\/blogs.uef.fi\\\/karjalanelvytys\\\/2021\\\/09\\\/07\\\/karjalan-kielen-opastajat-ta-kielikerhojen-pitajat-kerayvyttih-elokuun-jalkimmaisena-pyhanapiana\\\/#respond\"]}]},{\"@type\":\"WebPage\",\"@id\":\"https:\\\/\\\/blogs.uef.fi\\\/karjalanelvytys\\\/2021\\\/09\\\/07\\\/karjalan-kielen-opastajat-ta-kielikerhojen-pitajat-kerayvyttih-elokuun-jalkimmaisena-pyhanapiana\\\/\",\"url\":\"https:\\\/\\\/blogs.uef.fi\\\/karjalanelvytys\\\/2021\\\/09\\\/07\\\/karjalan-kielen-opastajat-ta-kielikerhojen-pitajat-kerayvyttih-elokuun-jalkimmaisena-pyhanapiana\\\/\",\"name\":\"Karjalan kielen opa\u0161tajat ta kielikerhojen pit\u00e4j\u00e4t ker\u00e4yvyttih elokuun j\u00e4lkimm\u00e4isen\u00e4 pyh\u00e4n\u00e4pi\u00e4n\u00e4 - Karjalan kielen elvytt\u00e4minen\",\"isPartOf\":{\"@id\":\"https:\\\/\\\/blogs.uef.fi\\\/karjalanelvytys\\\/#website\"},\"datePublished\":\"2021-09-07T11:31:57+00:00\",\"dateModified\":\"2023-08-21T10:14:35+00:00\",\"author\":{\"@id\":\"https:\\\/\\\/blogs.uef.fi\\\/karjalanelvytys\\\/#\\\/schema\\\/person\\\/287574dcc5248bdde0536dfe3ab40c52\"},\"breadcrumb\":{\"@id\":\"https:\\\/\\\/blogs.uef.fi\\\/karjalanelvytys\\\/2021\\\/09\\\/07\\\/karjalan-kielen-opastajat-ta-kielikerhojen-pitajat-kerayvyttih-elokuun-jalkimmaisena-pyhanapiana\\\/#breadcrumb\"},\"inLanguage\":\"fi\",\"potentialAction\":[{\"@type\":\"ReadAction\",\"target\":[\"https:\\\/\\\/blogs.uef.fi\\\/karjalanelvytys\\\/2021\\\/09\\\/07\\\/karjalan-kielen-opastajat-ta-kielikerhojen-pitajat-kerayvyttih-elokuun-jalkimmaisena-pyhanapiana\\\/\"]}]},{\"@type\":\"BreadcrumbList\",\"@id\":\"https:\\\/\\\/blogs.uef.fi\\\/karjalanelvytys\\\/2021\\\/09\\\/07\\\/karjalan-kielen-opastajat-ta-kielikerhojen-pitajat-kerayvyttih-elokuun-jalkimmaisena-pyhanapiana\\\/#breadcrumb\",\"itemListElement\":[{\"@type\":\"ListItem\",\"position\":1,\"name\":\"Home\",\"item\":\"https:\\\/\\\/blogs.uef.fi\\\/karjalanelvytys\\\/\"},{\"@type\":\"ListItem\",\"position\":2,\"name\":\"Karjalan kielen opa\u0161tajat ta kielikerhojen pit\u00e4j\u00e4t ker\u00e4yvyttih elokuun j\u00e4lkimm\u00e4isen\u00e4 pyh\u00e4n\u00e4pi\u00e4n\u00e4\"}]},{\"@type\":\"WebSite\",\"@id\":\"https:\\\/\\\/blogs.uef.fi\\\/karjalanelvytys\\\/#website\",\"url\":\"https:\\\/\\\/blogs.uef.fi\\\/karjalanelvytys\\\/\",\"name\":\"Karjalan kielen elvytt\u00e4minen\",\"description\":\"\",\"potentialAction\":[{\"@type\":\"SearchAction\",\"target\":{\"@type\":\"EntryPoint\",\"urlTemplate\":\"https:\\\/\\\/blogs.uef.fi\\\/karjalanelvytys\\\/?s={search_term_string}\"},\"query-input\":{\"@type\":\"PropertyValueSpecification\",\"valueRequired\":true,\"valueName\":\"search_term_string\"}}],\"inLanguage\":\"fi\"},{\"@type\":\"Person\",\"@id\":\"https:\\\/\\\/blogs.uef.fi\\\/karjalanelvytys\\\/#\\\/schema\\\/person\\\/287574dcc5248bdde0536dfe3ab40c52\",\"name\":\"Natalia Giloeva\",\"image\":{\"@type\":\"ImageObject\",\"inLanguage\":\"fi\",\"@id\":\"https:\\\/\\\/secure.gravatar.com\\\/avatar\\\/af74497583c5b557f7aaaf1c7b95dcf6a5611c88e85d23ce946d7cd0aea8e59e?s=96&d=mm&r=g\",\"url\":\"https:\\\/\\\/secure.gravatar.com\\\/avatar\\\/af74497583c5b557f7aaaf1c7b95dcf6a5611c88e85d23ce946d7cd0aea8e59e?s=96&d=mm&r=g\",\"contentUrl\":\"https:\\\/\\\/secure.gravatar.com\\\/avatar\\\/af74497583c5b557f7aaaf1c7b95dcf6a5611c88e85d23ce946d7cd0aea8e59e?s=96&d=mm&r=g\",\"caption\":\"Natalia Giloeva\"},\"url\":\"https:\\\/\\\/blogs.uef.fi\\\/karjalanelvytys\\\/author\\\/natalig\\\/\"}]}<\/script>\n<!-- \/ Yoast SEO plugin. -->","yoast_head_json":{"title":"Karjalan kielen opa\u0161tajat ta kielikerhojen pit\u00e4j\u00e4t ker\u00e4yvyttih elokuun j\u00e4lkimm\u00e4isen\u00e4 pyh\u00e4n\u00e4pi\u00e4n\u00e4 - Karjalan kielen elvytt\u00e4minen","robots":{"index":"index","follow":"follow","max-snippet":"max-snippet:-1","max-image-preview":"max-image-preview:large","max-video-preview":"max-video-preview:-1"},"canonical":"https:\/\/blogs.uef.fi\/karjalanelvytys\/2021\/09\/07\/karjalan-kielen-opastajat-ta-kielikerhojen-pitajat-kerayvyttih-elokuun-jalkimmaisena-pyhanapiana\/","og_locale":"fi_FI","og_type":"article","og_title":"Karjalan kielen opa\u0161tajat ta kielikerhojen pit\u00e4j\u00e4t ker\u00e4yvyttih elokuun j\u00e4lkimm\u00e4isen\u00e4 pyh\u00e4n\u00e4pi\u00e4n\u00e4 - Karjalan kielen elvytt\u00e4minen","og_description":"&nbsp; Pyh\u00e4n\u00e4pi\u00e4n\u00e4 29. elokuuta piettih karjalan kielen opa\u0161tajien ta kielikerhojen pit\u00e4jien toini ker\u00e4hm\u00f6. En\u0161imm\u00e4isen kerran elvyty\u0161projekti ker\u00e4si karjalan opa\u0161tajie ora\u0161kuun lopulla kevy\u00e4ll\u00e4 (tietuo ker\u00e4hm\u00f6\u0161t\u00e4 l\u00f6ytyy alempana: toukokuu 24, 2021). \u0160illoin pi\u00e4tettih jatkua kieliruatajien va\u0161tautumisie. Toiseh ker\u00e4hm\u00f6h oli planiiruitu kolme pakinua, kumpaset piettih projektin ruatajat. Natalja Giloeva ta Katerina Paalamo \u0161aneltih, kuin m\u00e4n\u00f6y livvin- ta \u0161uvikarjalan [&hellip;]","og_url":"https:\/\/blogs.uef.fi\/karjalanelvytys\/2021\/09\/07\/karjalan-kielen-opastajat-ta-kielikerhojen-pitajat-kerayvyttih-elokuun-jalkimmaisena-pyhanapiana\/","og_site_name":"Karjalan kielen elvytt\u00e4minen","article_published_time":"2021-09-07T11:31:57+00:00","article_modified_time":"2023-08-21T10:14:35+00:00","author":"Natalia Giloeva","twitter_card":"summary_large_image","twitter_misc":{"Kirjoittanut":"Natalia Giloeva","Arvioitu lukuaika":"2 minuuttia"},"schema":{"@context":"https:\/\/schema.org","@graph":[{"@type":"Article","@id":"https:\/\/blogs.uef.fi\/karjalanelvytys\/2021\/09\/07\/karjalan-kielen-opastajat-ta-kielikerhojen-pitajat-kerayvyttih-elokuun-jalkimmaisena-pyhanapiana\/#article","isPartOf":{"@id":"https:\/\/blogs.uef.fi\/karjalanelvytys\/2021\/09\/07\/karjalan-kielen-opastajat-ta-kielikerhojen-pitajat-kerayvyttih-elokuun-jalkimmaisena-pyhanapiana\/"},"author":{"name":"Natalia Giloeva","@id":"https:\/\/blogs.uef.fi\/karjalanelvytys\/#\/schema\/person\/287574dcc5248bdde0536dfe3ab40c52"},"headline":"Karjalan kielen opa\u0161tajat ta kielikerhojen pit\u00e4j\u00e4t ker\u00e4yvyttih elokuun j\u00e4lkimm\u00e4isen\u00e4 pyh\u00e4n\u00e4pi\u00e4n\u00e4","datePublished":"2021-09-07T11:31:57+00:00","dateModified":"2023-08-21T10:14:35+00:00","mainEntityOfPage":{"@id":"https:\/\/blogs.uef.fi\/karjalanelvytys\/2021\/09\/07\/karjalan-kielen-opastajat-ta-kielikerhojen-pitajat-kerayvyttih-elokuun-jalkimmaisena-pyhanapiana\/"},"wordCount":443,"commentCount":0,"keywords":["elvytyshankkeen toiminta ja kuulumiset","tapahtumat"],"articleSection":["Uncategorized"],"inLanguage":"fi","potentialAction":[{"@type":"CommentAction","name":"Comment","target":["https:\/\/blogs.uef.fi\/karjalanelvytys\/2021\/09\/07\/karjalan-kielen-opastajat-ta-kielikerhojen-pitajat-kerayvyttih-elokuun-jalkimmaisena-pyhanapiana\/#respond"]}]},{"@type":"WebPage","@id":"https:\/\/blogs.uef.fi\/karjalanelvytys\/2021\/09\/07\/karjalan-kielen-opastajat-ta-kielikerhojen-pitajat-kerayvyttih-elokuun-jalkimmaisena-pyhanapiana\/","url":"https:\/\/blogs.uef.fi\/karjalanelvytys\/2021\/09\/07\/karjalan-kielen-opastajat-ta-kielikerhojen-pitajat-kerayvyttih-elokuun-jalkimmaisena-pyhanapiana\/","name":"Karjalan kielen opa\u0161tajat ta kielikerhojen pit\u00e4j\u00e4t ker\u00e4yvyttih elokuun j\u00e4lkimm\u00e4isen\u00e4 pyh\u00e4n\u00e4pi\u00e4n\u00e4 - Karjalan kielen elvytt\u00e4minen","isPartOf":{"@id":"https:\/\/blogs.uef.fi\/karjalanelvytys\/#website"},"datePublished":"2021-09-07T11:31:57+00:00","dateModified":"2023-08-21T10:14:35+00:00","author":{"@id":"https:\/\/blogs.uef.fi\/karjalanelvytys\/#\/schema\/person\/287574dcc5248bdde0536dfe3ab40c52"},"breadcrumb":{"@id":"https:\/\/blogs.uef.fi\/karjalanelvytys\/2021\/09\/07\/karjalan-kielen-opastajat-ta-kielikerhojen-pitajat-kerayvyttih-elokuun-jalkimmaisena-pyhanapiana\/#breadcrumb"},"inLanguage":"fi","potentialAction":[{"@type":"ReadAction","target":["https:\/\/blogs.uef.fi\/karjalanelvytys\/2021\/09\/07\/karjalan-kielen-opastajat-ta-kielikerhojen-pitajat-kerayvyttih-elokuun-jalkimmaisena-pyhanapiana\/"]}]},{"@type":"BreadcrumbList","@id":"https:\/\/blogs.uef.fi\/karjalanelvytys\/2021\/09\/07\/karjalan-kielen-opastajat-ta-kielikerhojen-pitajat-kerayvyttih-elokuun-jalkimmaisena-pyhanapiana\/#breadcrumb","itemListElement":[{"@type":"ListItem","position":1,"name":"Home","item":"https:\/\/blogs.uef.fi\/karjalanelvytys\/"},{"@type":"ListItem","position":2,"name":"Karjalan kielen opa\u0161tajat ta kielikerhojen pit\u00e4j\u00e4t ker\u00e4yvyttih elokuun j\u00e4lkimm\u00e4isen\u00e4 pyh\u00e4n\u00e4pi\u00e4n\u00e4"}]},{"@type":"WebSite","@id":"https:\/\/blogs.uef.fi\/karjalanelvytys\/#website","url":"https:\/\/blogs.uef.fi\/karjalanelvytys\/","name":"Karjalan kielen elvytt\u00e4minen","description":"","potentialAction":[{"@type":"SearchAction","target":{"@type":"EntryPoint","urlTemplate":"https:\/\/blogs.uef.fi\/karjalanelvytys\/?s={search_term_string}"},"query-input":{"@type":"PropertyValueSpecification","valueRequired":true,"valueName":"search_term_string"}}],"inLanguage":"fi"},{"@type":"Person","@id":"https:\/\/blogs.uef.fi\/karjalanelvytys\/#\/schema\/person\/287574dcc5248bdde0536dfe3ab40c52","name":"Natalia Giloeva","image":{"@type":"ImageObject","inLanguage":"fi","@id":"https:\/\/secure.gravatar.com\/avatar\/af74497583c5b557f7aaaf1c7b95dcf6a5611c88e85d23ce946d7cd0aea8e59e?s=96&d=mm&r=g","url":"https:\/\/secure.gravatar.com\/avatar\/af74497583c5b557f7aaaf1c7b95dcf6a5611c88e85d23ce946d7cd0aea8e59e?s=96&d=mm&r=g","contentUrl":"https:\/\/secure.gravatar.com\/avatar\/af74497583c5b557f7aaaf1c7b95dcf6a5611c88e85d23ce946d7cd0aea8e59e?s=96&d=mm&r=g","caption":"Natalia Giloeva"},"url":"https:\/\/blogs.uef.fi\/karjalanelvytys\/author\/natalig\/"}]}},"_links":{"self":[{"href":"https:\/\/blogs.uef.fi\/karjalanelvytys\/wp-json\/wp\/v2\/posts\/1629","targetHints":{"allow":["GET"]}}],"collection":[{"href":"https:\/\/blogs.uef.fi\/karjalanelvytys\/wp-json\/wp\/v2\/posts"}],"about":[{"href":"https:\/\/blogs.uef.fi\/karjalanelvytys\/wp-json\/wp\/v2\/types\/post"}],"author":[{"embeddable":true,"href":"https:\/\/blogs.uef.fi\/karjalanelvytys\/wp-json\/wp\/v2\/users\/418"}],"replies":[{"embeddable":true,"href":"https:\/\/blogs.uef.fi\/karjalanelvytys\/wp-json\/wp\/v2\/comments?post=1629"}],"version-history":[{"count":1,"href":"https:\/\/blogs.uef.fi\/karjalanelvytys\/wp-json\/wp\/v2\/posts\/1629\/revisions"}],"predecessor-version":[{"id":1632,"href":"https:\/\/blogs.uef.fi\/karjalanelvytys\/wp-json\/wp\/v2\/posts\/1629\/revisions\/1632"}],"wp:attachment":[{"href":"https:\/\/blogs.uef.fi\/karjalanelvytys\/wp-json\/wp\/v2\/media?parent=1629"}],"wp:term":[{"taxonomy":"category","embeddable":true,"href":"https:\/\/blogs.uef.fi\/karjalanelvytys\/wp-json\/wp\/v2\/categories?post=1629"},{"taxonomy":"post_tag","embeddable":true,"href":"https:\/\/blogs.uef.fi\/karjalanelvytys\/wp-json\/wp\/v2\/tags?post=1629"}],"curies":[{"name":"wp","href":"https:\/\/api.w.org\/{rel}","templated":true}]}}