{"id":10123,"date":"2023-03-16T12:51:40","date_gmt":"2023-03-16T10:51:40","guid":{"rendered":"https:\/\/blogs.uef.fi\/karjalanelvytys\/?p=10123"},"modified":"2023-08-21T12:40:49","modified_gmt":"2023-08-21T09:40:49","slug":"tarton-yliopiston-karjalan-kielen-konekaannin","status":"publish","type":"post","link":"https:\/\/blogs.uef.fi\/karjalanelvytys\/2023\/03\/16\/tarton-yliopiston-karjalan-kielen-konekaannin\/","title":{"rendered":"Tarton yliopiston karjalan kielen konek\u00e4\u00e4nnin"},"content":{"rendered":"<p>Tarton yliopistossa on kehitteill\u00e4 <strong>suomalais-ugrilaisiin kieliin erikoistuva konek\u00e4\u00e4nnin<\/strong>. Viimeisimm\u00e4ss\u00e4 p\u00e4ivityksess\u00e4 konek\u00e4\u00e4ntimeen on lis\u00e4tty 17 uutta kielt\u00e4, joiden joukossa on my\u00f6s karjala. Karjalan kielen elvytyshanke on avustanut konek\u00e4\u00e4ntimen ty\u00f6ryhm\u00e4\u00e4 karjalan kielen eri murteiden lis\u00e4\u00e4misess\u00e4 saataville.<\/p>\n<p>Konek\u00e4\u00e4nnin tukee nyt suomea, viroa, unkaria, liivi\u00e4, v\u00f5roa, vienankarjalaa, livvinkarjalaa, lyydi\u00e4, veps\u00e4\u00e4, pohjoissaamea, etel\u00e4saamea, inarinsaamea, koltansaamea, luulajansaamea, komia, komipermjakkia, udmurttia, vuorimaria, niittymaria, ers\u00e4\u00e4, mok\u0161aa, mansia ja hantia. Lis\u00e4ksi kone tukee englantia, ven\u00e4j\u00e4\u00e4, latviaa, liettuaa ja saksaa. Kieliparin k\u00e4ytt\u00e4j\u00e4 voi vapaasti valita kaikista saatavilla olevista kielist\u00e4.<\/p>\n<p>Konek\u00e4\u00e4nnin on viel\u00e4 varsin varhaisessa vaiheessa ja tekee etenkin uhanalaiselta kielelt\u00e4 toiselle k\u00e4\u00e4nnett\u00e4ess\u00e4 paljon virheit\u00e4. Parhaiten k\u00e4\u00e4nnin suoriutuu arkip\u00e4iv\u00e4isist\u00e4 ja yksinkertaisista teksteist\u00e4. Monimutkaiset ja tulkinnanvaraiset kokonaisuudet k\u00e4\u00e4ntyv\u00e4t heikommin. V\u00e4lill\u00e4 k\u00e4\u00e4nnin my\u00f6s k\u00e4ytt\u00e4\u00e4 sekaisin vienan- ja livvinkarjalan rakenteita ja sanoja, vaikka k\u00e4ytt\u00e4j\u00e4 olisi valinnut murteista vain yhden.<\/p>\n<p>Konek\u00e4\u00e4nnint\u00e4 kehitt\u00e4v\u00e4 ty\u00f6ryhm\u00e4 toivoo englanninkielisess\u00e4 tiedotteessaan, ett\u00e4 vastik\u00e4\u00e4n lis\u00e4ttyjen kielten osaajat kokeilisivat k\u00e4\u00e4nnint\u00e4 ja kommentoisivat sen tuottamia k\u00e4\u00e4nn\u00f6ksi\u00e4. Virheellisi\u00e4 k\u00e4\u00e4nn\u00f6sehdotuksia voi korjata k\u00e4ytt\u00e4m\u00e4ll\u00e4 konek\u00e4\u00e4ntimen edit-toimintoa. Lis\u00e4ksi ty\u00f6ryhm\u00e4 pyyt\u00e4\u00e4 kieliyhteis\u00f6jen j\u00e4seni\u00e4 l\u00e4hett\u00e4m\u00e4\u00e4n heille s\u00e4hk\u00f6postitse (ping@tartunlp.ai) tekstiaineistoja. K\u00e4\u00e4nn\u00f6svirheiden korjaukset ja tekstiaineistot auttavat konek\u00e4\u00e4ntimen kehitt\u00e4misess\u00e4 ja parantavat k\u00e4\u00e4nn\u00f6sten laatua.<\/p>\n<p><a href=\"https:\/\/translate.ut.ee\/\">Linkki konek\u00e4\u00e4ntimeen.<\/a><\/p>\n<p><a href=\"https:\/\/cs.ut.ee\/en\/content\/university-tartu-machine-translation-engine-now-supports-17-new-finno-ugric-languages\">Linkki konek\u00e4\u00e4nnint\u00e4 koskevaan tiedotteeseen.<\/a><\/p>\n<p>Tarton yliopistolta lis\u00e4tietoja antavat <strong>Elizaveta Yankovskaya<\/strong> (lisa.yankovskaya@ut.ee) ja <strong>Maali Tars<\/strong> (maali.tars@ut.ee).<\/p>\n","protected":false},"excerpt":{"rendered":"<p>Tarton yliopistossa on kehitteill\u00e4 suomalais-ugrilaisiin kieliin erikoistuva konek\u00e4\u00e4nnin. Viimeisimm\u00e4ss\u00e4 p\u00e4ivityksess\u00e4 konek\u00e4\u00e4ntimeen on lis\u00e4tty 17 uutta kielt\u00e4, joiden joukossa on my\u00f6s karjala. Karjalan kielen elvytyshanke on avustanut konek\u00e4\u00e4ntimen ty\u00f6ryhm\u00e4\u00e4 karjalan kielen eri murteiden lis\u00e4\u00e4misess\u00e4 saataville. Konek\u00e4\u00e4nnin tukee nyt suomea, viroa, unkaria, liivi\u00e4, v\u00f5roa, vienankarjalaa, livvinkarjalaa, lyydi\u00e4, veps\u00e4\u00e4, pohjoissaamea, etel\u00e4saamea, inarinsaamea, koltansaamea, luulajansaamea, komia, komipermjakkia, udmurttia, vuorimaria, [&hellip;]<\/p>\n","protected":false},"author":580,"featured_media":0,"comment_status":"open","ping_status":"open","sticky":false,"template":"","format":"standard","meta":{"_acf_changed":false,"footnotes":""},"categories":[1],"tags":[55],"class_list":["post-10123","post","type-post","status-publish","format-standard","hentry","category-uncategorized","tag-kielenopiskelun-sahkoiset-apuvalineet"],"acf":[],"yoast_head":"<!-- This site is optimized with the Yoast SEO plugin v27.3 - https:\/\/yoast.com\/product\/yoast-seo-wordpress\/ -->\n<title>Tarton yliopiston karjalan kielen konek\u00e4\u00e4nnin - Karjalan kielen elvytt\u00e4minen<\/title>\n<meta name=\"robots\" content=\"index, follow, max-snippet:-1, max-image-preview:large, max-video-preview:-1\" \/>\n<link rel=\"canonical\" href=\"https:\/\/blogs.uef.fi\/karjalanelvytys\/2023\/03\/16\/tarton-yliopiston-karjalan-kielen-konekaannin\/\" \/>\n<meta property=\"og:locale\" content=\"fi_FI\" \/>\n<meta property=\"og:type\" content=\"article\" \/>\n<meta property=\"og:title\" content=\"Tarton yliopiston karjalan kielen konek\u00e4\u00e4nnin - Karjalan kielen elvytt\u00e4minen\" \/>\n<meta property=\"og:description\" content=\"Tarton yliopistossa on kehitteill\u00e4 suomalais-ugrilaisiin kieliin erikoistuva konek\u00e4\u00e4nnin. Viimeisimm\u00e4ss\u00e4 p\u00e4ivityksess\u00e4 konek\u00e4\u00e4ntimeen on lis\u00e4tty 17 uutta kielt\u00e4, joiden joukossa on my\u00f6s karjala. Karjalan kielen elvytyshanke on avustanut konek\u00e4\u00e4ntimen ty\u00f6ryhm\u00e4\u00e4 karjalan kielen eri murteiden lis\u00e4\u00e4misess\u00e4 saataville. Konek\u00e4\u00e4nnin tukee nyt suomea, viroa, unkaria, liivi\u00e4, v\u00f5roa, vienankarjalaa, livvinkarjalaa, lyydi\u00e4, veps\u00e4\u00e4, pohjoissaamea, etel\u00e4saamea, inarinsaamea, koltansaamea, luulajansaamea, komia, komipermjakkia, udmurttia, vuorimaria, [&hellip;]\" \/>\n<meta property=\"og:url\" content=\"https:\/\/blogs.uef.fi\/karjalanelvytys\/2023\/03\/16\/tarton-yliopiston-karjalan-kielen-konekaannin\/\" \/>\n<meta property=\"og:site_name\" content=\"Karjalan kielen elvytt\u00e4minen\" \/>\n<meta property=\"article:published_time\" content=\"2023-03-16T10:51:40+00:00\" \/>\n<meta property=\"article:modified_time\" content=\"2023-08-21T09:40:49+00:00\" \/>\n<meta name=\"author\" content=\"Niko Tynnyrinen\" \/>\n<meta name=\"twitter:card\" content=\"summary_large_image\" \/>\n<meta name=\"twitter:label1\" content=\"Kirjoittanut\" \/>\n\t<meta name=\"twitter:data1\" content=\"Niko Tynnyrinen\" \/>\n\t<meta name=\"twitter:label2\" content=\"Arvioitu lukuaika\" \/>\n\t<meta name=\"twitter:data2\" content=\"2 minuuttia\" \/>\n<script type=\"application\/ld+json\" class=\"yoast-schema-graph\">{\"@context\":\"https:\\\/\\\/schema.org\",\"@graph\":[{\"@type\":\"Article\",\"@id\":\"https:\\\/\\\/blogs.uef.fi\\\/karjalanelvytys\\\/2023\\\/03\\\/16\\\/tarton-yliopiston-karjalan-kielen-konekaannin\\\/#article\",\"isPartOf\":{\"@id\":\"https:\\\/\\\/blogs.uef.fi\\\/karjalanelvytys\\\/2023\\\/03\\\/16\\\/tarton-yliopiston-karjalan-kielen-konekaannin\\\/\"},\"author\":{\"name\":\"Niko Tynnyrinen\",\"@id\":\"https:\\\/\\\/blogs.uef.fi\\\/karjalanelvytys\\\/#\\\/schema\\\/person\\\/621a5a2d8165cae7989f49c34ac3e845\"},\"headline\":\"Tarton yliopiston karjalan kielen konek\u00e4\u00e4nnin\",\"datePublished\":\"2023-03-16T10:51:40+00:00\",\"dateModified\":\"2023-08-21T09:40:49+00:00\",\"mainEntityOfPage\":{\"@id\":\"https:\\\/\\\/blogs.uef.fi\\\/karjalanelvytys\\\/2023\\\/03\\\/16\\\/tarton-yliopiston-karjalan-kielen-konekaannin\\\/\"},\"wordCount\":264,\"commentCount\":0,\"keywords\":[\"kielenopiskelun s\u00e4hk\u00f6iset apuv\u00e4lineet\"],\"articleSection\":[\"Uncategorized\"],\"inLanguage\":\"fi\",\"potentialAction\":[{\"@type\":\"CommentAction\",\"name\":\"Comment\",\"target\":[\"https:\\\/\\\/blogs.uef.fi\\\/karjalanelvytys\\\/2023\\\/03\\\/16\\\/tarton-yliopiston-karjalan-kielen-konekaannin\\\/#respond\"]}]},{\"@type\":\"WebPage\",\"@id\":\"https:\\\/\\\/blogs.uef.fi\\\/karjalanelvytys\\\/2023\\\/03\\\/16\\\/tarton-yliopiston-karjalan-kielen-konekaannin\\\/\",\"url\":\"https:\\\/\\\/blogs.uef.fi\\\/karjalanelvytys\\\/2023\\\/03\\\/16\\\/tarton-yliopiston-karjalan-kielen-konekaannin\\\/\",\"name\":\"Tarton yliopiston karjalan kielen konek\u00e4\u00e4nnin - Karjalan kielen elvytt\u00e4minen\",\"isPartOf\":{\"@id\":\"https:\\\/\\\/blogs.uef.fi\\\/karjalanelvytys\\\/#website\"},\"datePublished\":\"2023-03-16T10:51:40+00:00\",\"dateModified\":\"2023-08-21T09:40:49+00:00\",\"author\":{\"@id\":\"https:\\\/\\\/blogs.uef.fi\\\/karjalanelvytys\\\/#\\\/schema\\\/person\\\/621a5a2d8165cae7989f49c34ac3e845\"},\"breadcrumb\":{\"@id\":\"https:\\\/\\\/blogs.uef.fi\\\/karjalanelvytys\\\/2023\\\/03\\\/16\\\/tarton-yliopiston-karjalan-kielen-konekaannin\\\/#breadcrumb\"},\"inLanguage\":\"fi\",\"potentialAction\":[{\"@type\":\"ReadAction\",\"target\":[\"https:\\\/\\\/blogs.uef.fi\\\/karjalanelvytys\\\/2023\\\/03\\\/16\\\/tarton-yliopiston-karjalan-kielen-konekaannin\\\/\"]}]},{\"@type\":\"BreadcrumbList\",\"@id\":\"https:\\\/\\\/blogs.uef.fi\\\/karjalanelvytys\\\/2023\\\/03\\\/16\\\/tarton-yliopiston-karjalan-kielen-konekaannin\\\/#breadcrumb\",\"itemListElement\":[{\"@type\":\"ListItem\",\"position\":1,\"name\":\"Home\",\"item\":\"https:\\\/\\\/blogs.uef.fi\\\/karjalanelvytys\\\/\"},{\"@type\":\"ListItem\",\"position\":2,\"name\":\"Tarton yliopiston karjalan kielen konek\u00e4\u00e4nnin\"}]},{\"@type\":\"WebSite\",\"@id\":\"https:\\\/\\\/blogs.uef.fi\\\/karjalanelvytys\\\/#website\",\"url\":\"https:\\\/\\\/blogs.uef.fi\\\/karjalanelvytys\\\/\",\"name\":\"Karjalan kielen elvytt\u00e4minen\",\"description\":\"\",\"potentialAction\":[{\"@type\":\"SearchAction\",\"target\":{\"@type\":\"EntryPoint\",\"urlTemplate\":\"https:\\\/\\\/blogs.uef.fi\\\/karjalanelvytys\\\/?s={search_term_string}\"},\"query-input\":{\"@type\":\"PropertyValueSpecification\",\"valueRequired\":true,\"valueName\":\"search_term_string\"}}],\"inLanguage\":\"fi\"},{\"@type\":\"Person\",\"@id\":\"https:\\\/\\\/blogs.uef.fi\\\/karjalanelvytys\\\/#\\\/schema\\\/person\\\/621a5a2d8165cae7989f49c34ac3e845\",\"name\":\"Niko Tynnyrinen\",\"image\":{\"@type\":\"ImageObject\",\"inLanguage\":\"fi\",\"@id\":\"https:\\\/\\\/secure.gravatar.com\\\/avatar\\\/c363118608772bc79e49a121a006dfe575b3d98afd884e1c7c163fcc962875ea?s=96&d=mm&r=g\",\"url\":\"https:\\\/\\\/secure.gravatar.com\\\/avatar\\\/c363118608772bc79e49a121a006dfe575b3d98afd884e1c7c163fcc962875ea?s=96&d=mm&r=g\",\"contentUrl\":\"https:\\\/\\\/secure.gravatar.com\\\/avatar\\\/c363118608772bc79e49a121a006dfe575b3d98afd884e1c7c163fcc962875ea?s=96&d=mm&r=g\",\"caption\":\"Niko Tynnyrinen\"},\"url\":\"https:\\\/\\\/blogs.uef.fi\\\/karjalanelvytys\\\/author\\\/mtynnyri\\\/\"}]}<\/script>\n<!-- \/ Yoast SEO plugin. -->","yoast_head_json":{"title":"Tarton yliopiston karjalan kielen konek\u00e4\u00e4nnin - Karjalan kielen elvytt\u00e4minen","robots":{"index":"index","follow":"follow","max-snippet":"max-snippet:-1","max-image-preview":"max-image-preview:large","max-video-preview":"max-video-preview:-1"},"canonical":"https:\/\/blogs.uef.fi\/karjalanelvytys\/2023\/03\/16\/tarton-yliopiston-karjalan-kielen-konekaannin\/","og_locale":"fi_FI","og_type":"article","og_title":"Tarton yliopiston karjalan kielen konek\u00e4\u00e4nnin - Karjalan kielen elvytt\u00e4minen","og_description":"Tarton yliopistossa on kehitteill\u00e4 suomalais-ugrilaisiin kieliin erikoistuva konek\u00e4\u00e4nnin. Viimeisimm\u00e4ss\u00e4 p\u00e4ivityksess\u00e4 konek\u00e4\u00e4ntimeen on lis\u00e4tty 17 uutta kielt\u00e4, joiden joukossa on my\u00f6s karjala. Karjalan kielen elvytyshanke on avustanut konek\u00e4\u00e4ntimen ty\u00f6ryhm\u00e4\u00e4 karjalan kielen eri murteiden lis\u00e4\u00e4misess\u00e4 saataville. Konek\u00e4\u00e4nnin tukee nyt suomea, viroa, unkaria, liivi\u00e4, v\u00f5roa, vienankarjalaa, livvinkarjalaa, lyydi\u00e4, veps\u00e4\u00e4, pohjoissaamea, etel\u00e4saamea, inarinsaamea, koltansaamea, luulajansaamea, komia, komipermjakkia, udmurttia, vuorimaria, [&hellip;]","og_url":"https:\/\/blogs.uef.fi\/karjalanelvytys\/2023\/03\/16\/tarton-yliopiston-karjalan-kielen-konekaannin\/","og_site_name":"Karjalan kielen elvytt\u00e4minen","article_published_time":"2023-03-16T10:51:40+00:00","article_modified_time":"2023-08-21T09:40:49+00:00","author":"Niko Tynnyrinen","twitter_card":"summary_large_image","twitter_misc":{"Kirjoittanut":"Niko Tynnyrinen","Arvioitu lukuaika":"2 minuuttia"},"schema":{"@context":"https:\/\/schema.org","@graph":[{"@type":"Article","@id":"https:\/\/blogs.uef.fi\/karjalanelvytys\/2023\/03\/16\/tarton-yliopiston-karjalan-kielen-konekaannin\/#article","isPartOf":{"@id":"https:\/\/blogs.uef.fi\/karjalanelvytys\/2023\/03\/16\/tarton-yliopiston-karjalan-kielen-konekaannin\/"},"author":{"name":"Niko Tynnyrinen","@id":"https:\/\/blogs.uef.fi\/karjalanelvytys\/#\/schema\/person\/621a5a2d8165cae7989f49c34ac3e845"},"headline":"Tarton yliopiston karjalan kielen konek\u00e4\u00e4nnin","datePublished":"2023-03-16T10:51:40+00:00","dateModified":"2023-08-21T09:40:49+00:00","mainEntityOfPage":{"@id":"https:\/\/blogs.uef.fi\/karjalanelvytys\/2023\/03\/16\/tarton-yliopiston-karjalan-kielen-konekaannin\/"},"wordCount":264,"commentCount":0,"keywords":["kielenopiskelun s\u00e4hk\u00f6iset apuv\u00e4lineet"],"articleSection":["Uncategorized"],"inLanguage":"fi","potentialAction":[{"@type":"CommentAction","name":"Comment","target":["https:\/\/blogs.uef.fi\/karjalanelvytys\/2023\/03\/16\/tarton-yliopiston-karjalan-kielen-konekaannin\/#respond"]}]},{"@type":"WebPage","@id":"https:\/\/blogs.uef.fi\/karjalanelvytys\/2023\/03\/16\/tarton-yliopiston-karjalan-kielen-konekaannin\/","url":"https:\/\/blogs.uef.fi\/karjalanelvytys\/2023\/03\/16\/tarton-yliopiston-karjalan-kielen-konekaannin\/","name":"Tarton yliopiston karjalan kielen konek\u00e4\u00e4nnin - Karjalan kielen elvytt\u00e4minen","isPartOf":{"@id":"https:\/\/blogs.uef.fi\/karjalanelvytys\/#website"},"datePublished":"2023-03-16T10:51:40+00:00","dateModified":"2023-08-21T09:40:49+00:00","author":{"@id":"https:\/\/blogs.uef.fi\/karjalanelvytys\/#\/schema\/person\/621a5a2d8165cae7989f49c34ac3e845"},"breadcrumb":{"@id":"https:\/\/blogs.uef.fi\/karjalanelvytys\/2023\/03\/16\/tarton-yliopiston-karjalan-kielen-konekaannin\/#breadcrumb"},"inLanguage":"fi","potentialAction":[{"@type":"ReadAction","target":["https:\/\/blogs.uef.fi\/karjalanelvytys\/2023\/03\/16\/tarton-yliopiston-karjalan-kielen-konekaannin\/"]}]},{"@type":"BreadcrumbList","@id":"https:\/\/blogs.uef.fi\/karjalanelvytys\/2023\/03\/16\/tarton-yliopiston-karjalan-kielen-konekaannin\/#breadcrumb","itemListElement":[{"@type":"ListItem","position":1,"name":"Home","item":"https:\/\/blogs.uef.fi\/karjalanelvytys\/"},{"@type":"ListItem","position":2,"name":"Tarton yliopiston karjalan kielen konek\u00e4\u00e4nnin"}]},{"@type":"WebSite","@id":"https:\/\/blogs.uef.fi\/karjalanelvytys\/#website","url":"https:\/\/blogs.uef.fi\/karjalanelvytys\/","name":"Karjalan kielen elvytt\u00e4minen","description":"","potentialAction":[{"@type":"SearchAction","target":{"@type":"EntryPoint","urlTemplate":"https:\/\/blogs.uef.fi\/karjalanelvytys\/?s={search_term_string}"},"query-input":{"@type":"PropertyValueSpecification","valueRequired":true,"valueName":"search_term_string"}}],"inLanguage":"fi"},{"@type":"Person","@id":"https:\/\/blogs.uef.fi\/karjalanelvytys\/#\/schema\/person\/621a5a2d8165cae7989f49c34ac3e845","name":"Niko Tynnyrinen","image":{"@type":"ImageObject","inLanguage":"fi","@id":"https:\/\/secure.gravatar.com\/avatar\/c363118608772bc79e49a121a006dfe575b3d98afd884e1c7c163fcc962875ea?s=96&d=mm&r=g","url":"https:\/\/secure.gravatar.com\/avatar\/c363118608772bc79e49a121a006dfe575b3d98afd884e1c7c163fcc962875ea?s=96&d=mm&r=g","contentUrl":"https:\/\/secure.gravatar.com\/avatar\/c363118608772bc79e49a121a006dfe575b3d98afd884e1c7c163fcc962875ea?s=96&d=mm&r=g","caption":"Niko Tynnyrinen"},"url":"https:\/\/blogs.uef.fi\/karjalanelvytys\/author\/mtynnyri\/"}]}},"_links":{"self":[{"href":"https:\/\/blogs.uef.fi\/karjalanelvytys\/wp-json\/wp\/v2\/posts\/10123","targetHints":{"allow":["GET"]}}],"collection":[{"href":"https:\/\/blogs.uef.fi\/karjalanelvytys\/wp-json\/wp\/v2\/posts"}],"about":[{"href":"https:\/\/blogs.uef.fi\/karjalanelvytys\/wp-json\/wp\/v2\/types\/post"}],"author":[{"embeddable":true,"href":"https:\/\/blogs.uef.fi\/karjalanelvytys\/wp-json\/wp\/v2\/users\/580"}],"replies":[{"embeddable":true,"href":"https:\/\/blogs.uef.fi\/karjalanelvytys\/wp-json\/wp\/v2\/comments?post=10123"}],"version-history":[{"count":2,"href":"https:\/\/blogs.uef.fi\/karjalanelvytys\/wp-json\/wp\/v2\/posts\/10123\/revisions"}],"predecessor-version":[{"id":10129,"href":"https:\/\/blogs.uef.fi\/karjalanelvytys\/wp-json\/wp\/v2\/posts\/10123\/revisions\/10129"}],"wp:attachment":[{"href":"https:\/\/blogs.uef.fi\/karjalanelvytys\/wp-json\/wp\/v2\/media?parent=10123"}],"wp:term":[{"taxonomy":"category","embeddable":true,"href":"https:\/\/blogs.uef.fi\/karjalanelvytys\/wp-json\/wp\/v2\/categories?post=10123"},{"taxonomy":"post_tag","embeddable":true,"href":"https:\/\/blogs.uef.fi\/karjalanelvytys\/wp-json\/wp\/v2\/tags?post=10123"}],"curies":[{"name":"wp","href":"https:\/\/api.w.org\/{rel}","templated":true}]}}