{"id":1065,"date":"2022-03-28T05:29:40","date_gmt":"2022-03-28T05:29:40","guid":{"rendered":"https:\/\/blogs.uef.fi\/kaikkihimassa\/?p=1065"},"modified":"2025-05-26T14:11:01","modified_gmt":"2025-05-26T12:11:01","slug":"kokemukset-turvealan-siirtymasta-tulee-huomioida-osana-turvetuotantoalueiden-jalkikayton-ohjausta","status":"publish","type":"post","link":"https:\/\/blogs.uef.fi\/kaikkihimassa\/2022\/03\/28\/kokemukset-turvealan-siirtymasta-tulee-huomioida-osana-turvetuotantoalueiden-jalkikayton-ohjausta\/","title":{"rendered":"Kokemukset turvealan siirtym\u00e4st\u00e4 tulee huomioida osana turvetuotantoalueiden j\u00e4lkik\u00e4yt\u00f6n ohjausta"},"content":{"rendered":"<p>Suomessa on k\u00e4ynniss\u00e4 turvealaa koskeva siirtym\u00e4. Turve ja turvemaat on tunnistettu merkitt\u00e4v\u00e4ksi p\u00e4\u00e4st\u00f6l\u00e4hteeksi: sek\u00e4 turpeen polttaminen ett\u00e4 turvemaiden kuivaaminen esimerkiksi viljelyk\u00e4ytt\u00f6\u00f6n aiheuttavat mittavia kasvihuonep\u00e4\u00e4st\u00f6j\u00e4 (Joosten ym. 2012). Saavuttaakseen hiilineutraaliustavoitteen vuoteen 2035 menness\u00e4 Marinin hallitus on asettanut yhdeksi tavoitteekseen turpeen k\u00e4yt\u00f6n puolittamisen vuoteen 2030 menness\u00e4. Turpeennoston alasajo on kuitenkin edennyt t\u00e4t\u00e4 tavoitetta nopeammin.<\/p>\n<p>Viime viikkoina Ven\u00e4j\u00e4n hy\u00f6kk\u00e4ys Ukrainaan on nostanut uudelleen esiin kysymyksen suomalaisen energiaj\u00e4rjestelm\u00e4n huoltovarmuudesta. Turve on tuotu uudella tavalla energiapoliittiseen keski\u00f6\u00f6n. Energiaj\u00e4rjestelm\u00e4lt\u00e4 vaaditaan nyt nopeaa sopeutumista, mutta ilmaston kannalta kest\u00e4v\u00e4ll\u00e4 tavalla. Tasapainottelua k\u00e4yd\u00e4\u00e4n lyhyen ja pitk\u00e4n aikav\u00e4lin varautumisen ja tavoitteiden v\u00e4lill\u00e4, mik\u00e4 vaikuttaa my\u00f6s turvealan siirtym\u00e4\u00e4n.<\/p>\n<p>Turvealan siirtym\u00e4\u00e4 on l\u00e4hestytty energiapoliittisena kysymyksen\u00e4, mutta siirtym\u00e4n yhteiskunnallisia haasteita on pohdittu v\u00e4hemm\u00e4n. Siirtym\u00e4 koskettaa v\u00e4ist\u00e4m\u00e4tt\u00e4 ja kovalla k\u00e4dell\u00e4 alan toimijoita ja keskeisi\u00e4 alueita. Samaan aikaan ty\u00f6 ilmastotavoitteiden saavuttamiseksi vaatii <a href=\"https:\/\/www.ipcc.ch\/2022\/02\/28\/pr-wgii-ar6\/\" target=\"_blank\" rel=\"noopener\">entist\u00e4 ripe\u00e4mpi\u00e4 ja kunnianhimoisempia toimia<\/a>. Yksi kysymyksist\u00e4, joka nousee siirtym\u00e4n edetess\u00e4 ajankohtaiseksi, on turvetuotannosta vapautuvat suopohjat ja niiden j\u00e4lkik\u00e4ytt\u00f6muotojen valinta. Turpeennostoalueen j\u00e4lkik\u00e4ytt\u00f6muotojen valinnasta vastaa maanomistaja, jolle alue palautuu turvetuottajalta tai joka on itse harjoittanut turvetuotantoa. J\u00e4lkik\u00e4ytt\u00f6muotojen valintaa ohjaamalla voidaan samanaikaisesti edist\u00e4\u00e4 ilmastotavoitteita ja tukea maanomistajia turvealan siirtym\u00e4n aikana. Ohjausta onkin t\u00e4rke\u00e4\u00e4 suunnitella niin, ett\u00e4 valitut ohjauskeinot ovat maanomistajien n\u00e4k\u00f6kulmasta hyv\u00e4ksytt\u00e4vi\u00e4.<\/p>\n<p><a href=\"https:\/\/www.syke.fi\/fi-FI\/Tutkimus__kehittaminen\/Tutkimus_ja_kehittamishankkeet\/Hankkeet\/Ilmastotoimenpiteiden_kokonaisvaltainen_arviointi_valumaalueilla__Systeemianalyysilla_kohti_hiilineutraalia_maankayttoa_SysteemiHiili\" target=\"_blank\" rel=\"noopener\">SysteemiHiili-hanke<\/a> on osa maa- ja mets\u00e4talousministeri\u00f6n Hiilest\u00e4 kiinni -tutkimus- ja innovaatio-ohjelmaa. Yhten\u00e4 sen tavoitteista on tutkia, miten turvemaiden k\u00e4ytt\u00f6\u00e4 on mahdollista ohjata hyv\u00e4ksytt\u00e4v\u00e4sti ja oikeudenmukaisesti ilmastoviisaampaan suuntaan. Osana hanketta toteutimme keskeisten turpeennostoalueiden j\u00e4lkik\u00e4ytt\u00f6\u00f6n kytkeytyvien toimijoiden asiantuntijahaastatteluita vuodenvaihteessa 2021\u20142022. Haastatteluissa kysyimme asiantuntijoilta, mit\u00e4 j\u00e4lkik\u00e4ytt\u00f6muotojen valinnan ohjaamisessa tulee huomioida ja kuinka turvealaa koskeva siirtym\u00e4 on heid\u00e4n mielest\u00e4\u00e4n toteutunut.<\/p>\n<div id=\"attachment_1076\" style=\"width: 535px\" class=\"wp-caption alignnone\"><img loading=\"lazy\" decoding=\"async\" aria-describedby=\"caption-attachment-1076\" class=\"wp-image-1076 size-large\" src=\"https:\/\/blogs.uef.fi\/kaikkihimassa\/wp-content\/uploads\/sites\/71\/2022\/03\/Turvetraktori_E_Albrecht2013-1024x683.jpg\" alt=\"Traktori ajaa ruskealla turvemaalla. Taustalla n\u00e4kyy vihre\u00e4\u00e4 mets\u00e4\u00e4.\" width=\"525\" height=\"350\" srcset=\"https:\/\/blogs.uef.fi\/kaikkihimassa\/wp-content\/uploads\/sites\/71\/2022\/03\/Turvetraktori_E_Albrecht2013-1024x683.jpg 1024w, https:\/\/blogs.uef.fi\/kaikkihimassa\/wp-content\/uploads\/sites\/71\/2022\/03\/Turvetraktori_E_Albrecht2013-300x200.jpg 300w, https:\/\/blogs.uef.fi\/kaikkihimassa\/wp-content\/uploads\/sites\/71\/2022\/03\/Turvetraktori_E_Albrecht2013-768x512.jpg 768w, https:\/\/blogs.uef.fi\/kaikkihimassa\/wp-content\/uploads\/sites\/71\/2022\/03\/Turvetraktori_E_Albrecht2013-1536x1024.jpg 1536w, https:\/\/blogs.uef.fi\/kaikkihimassa\/wp-content\/uploads\/sites\/71\/2022\/03\/Turvetraktori_E_Albrecht2013-2048x1365.jpg 2048w\" sizes=\"auto, (max-width: 525px) 100vw, 525px\" \/><p id=\"caption-attachment-1076\" class=\"wp-caption-text\">Turpeennostosta vapautuvien suopohjien j\u00e4lkik\u00e4ytt\u00f6muodoilla on erilaisia ilmasto- ja ymp\u00e4rist\u00f6vaikutuksia. Kuva: Eerika Albrecht, 2013.<\/p><\/div>\n<h2>J\u00e4lkik\u00e4yt\u00f6n ohjauksessa huomioitava paikalliset olosuhteet<\/h2>\n<p>Kun turpeennosto alueella loppuu, j\u00e4ljelle j\u00e4\u00e4 suopohja, jonka seuraavalla maank\u00e4ytt\u00f6muodolla eli j\u00e4lkik\u00e4ytt\u00f6muodolla on muun muassa ilmastovaikutusta sek\u00e4 vaikutuksia alueen vesist\u00f6ihin ja luonnon monimuotoisuuteen. Maanomistajalla on valittavanaan aktiivisina toimenpitein\u00e4 muun muassa metsitys tai puuvartisten biomassakasvien kasvatus, maatalousmaaksi siirto, kosteikon perustaminen, kosteikkoviljely tai energiahankkeet tuulivoima- tai aurinkopuiston muodossa. Alueen voi my\u00f6s j\u00e4tt\u00e4\u00e4 sellaisenaan siirtym\u00e4\u00e4n luontaisesti seuraavaan maank\u00e4ytt\u00f6vaiheeseen.<\/p>\n<p>J\u00e4lkik\u00e4ytt\u00f6\u00f6n kohdistuvia ohjauskeinoja on toistaiseksi v\u00e4h\u00e4n. T\u00e4ll\u00e4 hetkell\u00e4 metsitystuki on merkitt\u00e4vin maank\u00e4ytt\u00f6muodon valintaa ohjaava yksitt\u00e4inen ohjauskeino. K\u00e4yt\u00f6st\u00e4 poistuneista turpeennostoalueista noin 70 % siirtyy metsitykseen tai luontaisesti mets\u00e4talousk\u00e4ytt\u00f6\u00f6n. Muun muassa maanpohjan kosteus, turpeen paksuus ja ravinteisuus vaikuttavat kuitenkin alueen soveltuvuuteen mets\u00e4talousk\u00e4ytt\u00f6\u00f6n. Mahdollisuus huomioida alueelliset ja paikalliset olosuhteet j\u00e4lkik\u00e4ytt\u00f6muotojen valinnassa nousikin haastatteluissa t\u00e4rke\u00e4ksi tekij\u00e4ksi, joka tulee huomioida my\u00f6s poliittista ohjaamista kehitett\u00e4ess\u00e4. Maanomistajien mahdollisuuden valita suopohjalleen sopiva j\u00e4lkik\u00e4ytt\u00f6muoto n\u00e4htiin lis\u00e4\u00e4v\u00e4n ohjauksen hyv\u00e4ksytt\u00e4vyytt\u00e4.<\/p>\n<p>My\u00f6s ohjauskeinojen maanomistajien toimeentuloon kohdistuvien vaikutusten n\u00e4htiin vaikuttavan ohjauksen hyv\u00e4ksytt\u00e4vyyteen: Taloudelliset kannustimet hyv\u00e4ksyt\u00e4\u00e4n rajoituksia ja kieltoja herkemmin. Hiilensidonnan tuomat potentiaaliset ansaintamahdollisuudet tuotiin useassa haastattelussa esiin kiinnostavina. Haastatteluissa toistui my\u00f6s maanomistajan omaisuudensuojan turvaaminen, joka tarkoittaa valinnanvapauden rajoittamista mahdollisimman v\u00e4h\u00e4n. Lis\u00e4ksi neuvonnan ja tiedotuksen merkitys korostui etenkin uusien ja v\u00e4hemm\u00e4n tunnettujen j\u00e4lkik\u00e4ytt\u00f6muotojen osalta.<\/p>\n<h2>Kokemukset siirtym\u00e4st\u00e4 vaikuttavat ohjauksen hyv\u00e4ksytt\u00e4vyyteen<\/h2>\n<p>Turvealan siirtym\u00e4st\u00e4 kysytt\u00e4ess\u00e4 haastateltavien viesti oli selv\u00e4: siirtym\u00e4\u00e4 ei hallinnon toimesta ole tuettu riitt\u00e4v\u00e4sti eik\u00e4 siit\u00e4 voida puhua oikeudenmukaisena siirtym\u00e4n\u00e4. Vaikka turveala ei ole kansallisessa mittakaavassa suuri, sen yksil\u00f6lliset, alueelliset ja v\u00e4lilliset vaikutukset ovat merkitt\u00e4vi\u00e4. Haastateltavat nostivat esiin erityisesti ennakoinnin puuttumisen, siirtym\u00e4n hallitsemattomuuden sek\u00e4 haasteet toimenpiteiden kohdistumisessa ja oikea-aikaisuudessa. EU:n oikeudenmukaisen siirtym\u00e4n rahastosta on toivottu toimijoiden keskuudessa er\u00e4\u00e4nlaista turvaverkkoa, joka pehment\u00e4isi monen kokemia taloudellisia menetyksi\u00e4. Alueelliseen kehitt\u00e4miseen kohdistuva rahasto ei kuitenkaan, alan pettymykseksi, tarjoa mahdollisuuksia suoraan tukeen.<\/p>\n<p>Siirtym\u00e4 pois turpeen energiak\u00e4yt\u00f6st\u00e4 vaikuttaa my\u00f6s tulevien ohjauskeinojen suunnitteluun ja toimeenpanoon, sill\u00e4 ohjauksen hyv\u00e4ksytt\u00e4vyys syntyy osaltaan suhteessa vallitseviin yhteiskunnallisiin olosuhteisiin. Turvealan siirtym\u00e4n kaltaiset muutokset vaikuttavat kokemuksiin oikeudenmukaisuudesta ja luottamuksesta esimerkiksi p\u00e4\u00e4tt\u00e4ji\u00e4 kohtaan, mitk\u00e4 edelleen vaikuttavat hyv\u00e4ksytt\u00e4vyyteen. (Busse &amp; Siebert 2018; Ejel\u00f6v &amp; Nilsson 2020; Peltonen ym. 2008).<\/p>\n<p>Kokemukset turvealan siirtym\u00e4st\u00e4 on siis t\u00e4rke\u00e4\u00e4 huomioida turvetuotantoalueiden j\u00e4lkik\u00e4yt\u00f6n ohjausta suunnitellessa ja toimeenpantaessa. Ajankohtaisena esimerkkin\u00e4 voidaan pit\u00e4\u00e4 <a href=\"https:\/\/mmm.fi\/maankayttosektorin-ilmastosuunnitelma\" target=\"_blank\" rel=\"noopener\">maank\u00e4ytt\u00f6sektorin ilmastosuunnitelmaa<\/a>, jota valmistellaan parhaillaan osana uuden ilmastolain mukaista suunnitteluj\u00e4rjestelm\u00e4\u00e4. My\u00f6s turvetuotantoalueiden j\u00e4lkik\u00e4ytt\u00f6 kuuluu suunnitelman piiriin. Ilmastosuunnitelman laatimisen aikana on muun muassa toteutettu vuorovaikutteisia tilaisuuksia, joihin on osallistunut toimijoita eri maak\u00e4yt\u00f6n aloilta keskustelemaan ilmastosuunnitelman eri aihealueista. Jos maank\u00e4ytt\u00f6sektorin ilmastosuunnitelma onnistuu sek\u00e4 kuuntelemaan paikallisia n\u00e4kemyksi\u00e4 ett\u00e4 oppimaan turvealan siirtym\u00e4\u00e4n liittyvist\u00e4 kokemuksista, todenn\u00e4k\u00f6isyys ohjauksen laajalle hyv\u00e4ksynn\u00e4lle kasvaa. Hyv\u00e4ksytt\u00e4v\u00e4ll\u00e4, oikeudenmukaiseksi koetulla ohjauksella taas luodaan kest\u00e4v\u00e4 pohja ilmastotavoitteiden saavuttamiselle.<\/p>\n<p>&nbsp;<\/p>\n<p><em><strong>Johanna Leino<\/strong><\/em><\/p>\n<p>V\u00e4it\u00f6skirjatutkija, historia- ja maantieteiden laitos, It\u00e4-Suomen yliopisto<\/p>\n<p><em><strong>Eerika Albrecht<\/strong><\/em><\/p>\n<p>Tutkijatohtori, oikeustieteiden laitos, It\u00e4-Suomen yliopisto<\/p>\n<p><em><strong>Anna-Maija Tuunainen<\/strong><\/em><\/p>\n<p>Projektitutkija, historia- ja maantieteiden laitos, It\u00e4-Suomen yliopisto<\/p>\n<p><em><strong>Lasse Peltonen<\/strong><\/em><\/p>\n<p>Ymp\u00e4rist\u00f6konfliktien hallinnan professori, historia- ja maantieteiden laitos, It\u00e4-Suomen yliopisto<\/p>\n<p><em>\u201dKirjoittajat ovat mukana maa- ja mets\u00e4talousministeri\u00f6n rahoittamassa Ilmastotoimenpiteiden kokonaisvaltainen arviointi valuma-alueilla \u2013 Systeemianalyysill\u00e4 kohti hiilineutraalia maank\u00e4ytt\u00f6\u00e4 (SysteemiHiili) -hankkeessa (2021\u20142023). Hanke on osa maa- ja mets\u00e4talousministeri\u00f6n Hiilest\u00e4 Kiinni -tutkimus- ja innovaatio-ohjelmaa. Hankkeen konsortioon kuuluu tutkijoita ja asiantuntijoita Suomen ymp\u00e4rist\u00f6keskuksesta (SYKE), Luonnonvarakeskuksesta (Luke), It\u00e4-Suomen yliopistosta (UEF) ja Savonia ammattikorkeakoulusta.\u201d<\/em><\/p>\n<h2>L\u00e4hteet:<\/h2>\n<p>Busse, M. &amp; Siebert, R. 2018. Acceptance studies in the field of land use\u2014A critical and systematic review to advance the conceptualization of acceptance and acceptability. <em>Land Use Policy<\/em> 76, s. 235\u2014245.<\/p>\n<p>Ejel\u00f6v, E. &amp; Nilsson, A. 2020. Individual factors influencing acceptability for environmental policies: A review and research agenda. <em>Sustainability<\/em> 12: 6, https:\/\/doi.org\/10.3390\/su12062404<\/p>\n<p>Joosten, H., Tapio-Bistr\u00f6m, M. L. &amp; Tol, S. 2012. <em>Peatlands: guidance for climate change mitigation through conservation, rehabilitation and sustainable use.<\/em> Rome: Food and Agriculture Organization of the United Nations.<\/p>\n<p>Peltonen, L., Tuomisaari, J. &amp; Kanninen, V. 2008. Kaavavalitukset ja koettu oikeudenmukaisuus. <em>Yhdyskuntasuunnittelu<\/em> 46: 3, s. 11\u201434.<\/p>\n","protected":false},"excerpt":{"rendered":"<p>Suomessa on k\u00e4ynniss\u00e4 turvealaa koskeva siirtym\u00e4. Turve ja turvemaat on tunnistettu merkitt\u00e4v\u00e4ksi p\u00e4\u00e4st\u00f6l\u00e4hteeksi: sek\u00e4 turpeen polttaminen ett\u00e4 turvemaiden kuivaaminen esimerkiksi viljelyk\u00e4ytt\u00f6\u00f6n aiheuttavat mittavia kasvihuonep\u00e4\u00e4st\u00f6j\u00e4 (Joosten ym. 2012). Saavuttaakseen hiilineutraaliustavoitteen vuoteen 2035 menness\u00e4 Marinin hallitus on asettanut yhdeksi tavoitteekseen turpeen k\u00e4yt\u00f6n puolittamisen vuoteen 2030 menness\u00e4. Turpeennoston alasajo on kuitenkin edennyt t\u00e4t\u00e4 tavoitetta nopeammin. Viime viikkoina Ven\u00e4j\u00e4n [&hellip;]<\/p>\n","protected":false},"author":199,"featured_media":0,"comment_status":"closed","ping_status":"closed","sticky":false,"template":"","format":"standard","meta":{"_acf_changed":false,"footnotes":""},"categories":[23,267,264,270],"tags":[275,278,281,272,11],"class_list":["post-1065","post","type-post","status-publish","format-standard","hentry","category-anna-maija-tuunainen","category-eerika-albrecht","category-johanna-leino","category-lasse-peltonen","tag-energia","tag-ilmasto","tag-ohjauskeinot","tag-turve","tag-ymparistopolitiikka"],"acf":[],"yoast_head":"<!-- This site is optimized with the Yoast SEO plugin v27.3 - https:\/\/yoast.com\/product\/yoast-seo-wordpress\/ -->\n<title>Kokemukset turvealan siirtym\u00e4st\u00e4 tulee huomioida osana turvetuotantoalueiden j\u00e4lkik\u00e4yt\u00f6n ohjausta - Kaikki HiMassa | All things HiMa<\/title>\n<meta name=\"robots\" content=\"index, follow, max-snippet:-1, max-image-preview:large, max-video-preview:-1\" \/>\n<link rel=\"canonical\" href=\"https:\/\/blogs.uef.fi\/kaikkihimassa\/2022\/03\/28\/kokemukset-turvealan-siirtymasta-tulee-huomioida-osana-turvetuotantoalueiden-jalkikayton-ohjausta\/\" \/>\n<meta property=\"og:locale\" content=\"fi_FI\" \/>\n<meta property=\"og:type\" content=\"article\" \/>\n<meta property=\"og:title\" content=\"Kokemukset turvealan siirtym\u00e4st\u00e4 tulee huomioida osana turvetuotantoalueiden j\u00e4lkik\u00e4yt\u00f6n ohjausta - Kaikki HiMassa | All things HiMa\" \/>\n<meta property=\"og:description\" content=\"Suomessa on k\u00e4ynniss\u00e4 turvealaa koskeva siirtym\u00e4. Turve ja turvemaat on tunnistettu merkitt\u00e4v\u00e4ksi p\u00e4\u00e4st\u00f6l\u00e4hteeksi: sek\u00e4 turpeen polttaminen ett\u00e4 turvemaiden kuivaaminen esimerkiksi viljelyk\u00e4ytt\u00f6\u00f6n aiheuttavat mittavia kasvihuonep\u00e4\u00e4st\u00f6j\u00e4 (Joosten ym. 2012). Saavuttaakseen hiilineutraaliustavoitteen vuoteen 2035 menness\u00e4 Marinin hallitus on asettanut yhdeksi tavoitteekseen turpeen k\u00e4yt\u00f6n puolittamisen vuoteen 2030 menness\u00e4. Turpeennoston alasajo on kuitenkin edennyt t\u00e4t\u00e4 tavoitetta nopeammin. Viime viikkoina Ven\u00e4j\u00e4n [&hellip;]\" \/>\n<meta property=\"og:url\" content=\"https:\/\/blogs.uef.fi\/kaikkihimassa\/2022\/03\/28\/kokemukset-turvealan-siirtymasta-tulee-huomioida-osana-turvetuotantoalueiden-jalkikayton-ohjausta\/\" \/>\n<meta property=\"og:site_name\" content=\"Kaikki HiMassa | All things HiMa\" \/>\n<meta property=\"article:published_time\" content=\"2022-03-28T05:29:40+00:00\" \/>\n<meta property=\"article:modified_time\" content=\"2025-05-26T12:11:01+00:00\" \/>\n<meta property=\"og:image\" content=\"https:\/\/blogs.uef.fi\/kaikkihimassa\/wp-content\/uploads\/sites\/71\/2022\/03\/Turvetraktori_E_Albrecht2013-scaled.jpg\" \/>\n\t<meta property=\"og:image:width\" content=\"2560\" \/>\n\t<meta property=\"og:image:height\" content=\"1707\" \/>\n\t<meta property=\"og:image:type\" content=\"image\/jpeg\" \/>\n<meta name=\"author\" content=\"laurip\" \/>\n<meta name=\"twitter:card\" content=\"summary_large_image\" \/>\n<meta name=\"twitter:label1\" content=\"Kirjoittanut\" \/>\n\t<meta name=\"twitter:data1\" content=\"laurip\" \/>\n\t<meta name=\"twitter:label2\" content=\"Arvioitu lukuaika\" \/>\n\t<meta name=\"twitter:data2\" content=\"6 minuuttia\" \/>\n<script type=\"application\/ld+json\" class=\"yoast-schema-graph\">{\"@context\":\"https:\\\/\\\/schema.org\",\"@graph\":[{\"@type\":\"Article\",\"@id\":\"https:\\\/\\\/blogs.uef.fi\\\/kaikkihimassa\\\/2022\\\/03\\\/28\\\/kokemukset-turvealan-siirtymasta-tulee-huomioida-osana-turvetuotantoalueiden-jalkikayton-ohjausta\\\/#article\",\"isPartOf\":{\"@id\":\"https:\\\/\\\/blogs.uef.fi\\\/kaikkihimassa\\\/2022\\\/03\\\/28\\\/kokemukset-turvealan-siirtymasta-tulee-huomioida-osana-turvetuotantoalueiden-jalkikayton-ohjausta\\\/\"},\"author\":{\"name\":\"laurip\",\"@id\":\"https:\\\/\\\/blogs.uef.fi\\\/kaikkihimassa\\\/#\\\/schema\\\/person\\\/e88a7f88e5a33b4193ec4a633d043a80\"},\"headline\":\"Kokemukset turvealan siirtym\u00e4st\u00e4 tulee huomioida osana turvetuotantoalueiden j\u00e4lkik\u00e4yt\u00f6n ohjausta\",\"datePublished\":\"2022-03-28T05:29:40+00:00\",\"dateModified\":\"2025-05-26T12:11:01+00:00\",\"mainEntityOfPage\":{\"@id\":\"https:\\\/\\\/blogs.uef.fi\\\/kaikkihimassa\\\/2022\\\/03\\\/28\\\/kokemukset-turvealan-siirtymasta-tulee-huomioida-osana-turvetuotantoalueiden-jalkikayton-ohjausta\\\/\"},\"wordCount\":1045,\"image\":{\"@id\":\"https:\\\/\\\/blogs.uef.fi\\\/kaikkihimassa\\\/2022\\\/03\\\/28\\\/kokemukset-turvealan-siirtymasta-tulee-huomioida-osana-turvetuotantoalueiden-jalkikayton-ohjausta\\\/#primaryimage\"},\"thumbnailUrl\":\"https:\\\/\\\/blogs.uef.fi\\\/kaikkihimassa\\\/wp-content\\\/uploads\\\/sites\\\/71\\\/2022\\\/03\\\/Turvetraktori_E_Albrecht2013-1024x683.jpg\",\"keywords\":[\"energia\",\"ilmasto\",\"ohjauskeinot\",\"turve\",\"ymp\u00e4rist\u00f6politiikka\"],\"articleSection\":[\"Anna-Maija Tuunainen\",\"Eerika Albrecht\",\"Johanna Leino\",\"Lasse Peltonen\"],\"inLanguage\":\"fi\"},{\"@type\":\"WebPage\",\"@id\":\"https:\\\/\\\/blogs.uef.fi\\\/kaikkihimassa\\\/2022\\\/03\\\/28\\\/kokemukset-turvealan-siirtymasta-tulee-huomioida-osana-turvetuotantoalueiden-jalkikayton-ohjausta\\\/\",\"url\":\"https:\\\/\\\/blogs.uef.fi\\\/kaikkihimassa\\\/2022\\\/03\\\/28\\\/kokemukset-turvealan-siirtymasta-tulee-huomioida-osana-turvetuotantoalueiden-jalkikayton-ohjausta\\\/\",\"name\":\"Kokemukset turvealan siirtym\u00e4st\u00e4 tulee huomioida osana turvetuotantoalueiden j\u00e4lkik\u00e4yt\u00f6n ohjausta - Kaikki HiMassa | All things HiMa\",\"isPartOf\":{\"@id\":\"https:\\\/\\\/blogs.uef.fi\\\/kaikkihimassa\\\/#website\"},\"primaryImageOfPage\":{\"@id\":\"https:\\\/\\\/blogs.uef.fi\\\/kaikkihimassa\\\/2022\\\/03\\\/28\\\/kokemukset-turvealan-siirtymasta-tulee-huomioida-osana-turvetuotantoalueiden-jalkikayton-ohjausta\\\/#primaryimage\"},\"image\":{\"@id\":\"https:\\\/\\\/blogs.uef.fi\\\/kaikkihimassa\\\/2022\\\/03\\\/28\\\/kokemukset-turvealan-siirtymasta-tulee-huomioida-osana-turvetuotantoalueiden-jalkikayton-ohjausta\\\/#primaryimage\"},\"thumbnailUrl\":\"https:\\\/\\\/blogs.uef.fi\\\/kaikkihimassa\\\/wp-content\\\/uploads\\\/sites\\\/71\\\/2022\\\/03\\\/Turvetraktori_E_Albrecht2013-1024x683.jpg\",\"datePublished\":\"2022-03-28T05:29:40+00:00\",\"dateModified\":\"2025-05-26T12:11:01+00:00\",\"author\":{\"@id\":\"https:\\\/\\\/blogs.uef.fi\\\/kaikkihimassa\\\/#\\\/schema\\\/person\\\/e88a7f88e5a33b4193ec4a633d043a80\"},\"breadcrumb\":{\"@id\":\"https:\\\/\\\/blogs.uef.fi\\\/kaikkihimassa\\\/2022\\\/03\\\/28\\\/kokemukset-turvealan-siirtymasta-tulee-huomioida-osana-turvetuotantoalueiden-jalkikayton-ohjausta\\\/#breadcrumb\"},\"inLanguage\":\"fi\",\"potentialAction\":[{\"@type\":\"ReadAction\",\"target\":[\"https:\\\/\\\/blogs.uef.fi\\\/kaikkihimassa\\\/2022\\\/03\\\/28\\\/kokemukset-turvealan-siirtymasta-tulee-huomioida-osana-turvetuotantoalueiden-jalkikayton-ohjausta\\\/\"]}]},{\"@type\":\"ImageObject\",\"inLanguage\":\"fi\",\"@id\":\"https:\\\/\\\/blogs.uef.fi\\\/kaikkihimassa\\\/2022\\\/03\\\/28\\\/kokemukset-turvealan-siirtymasta-tulee-huomioida-osana-turvetuotantoalueiden-jalkikayton-ohjausta\\\/#primaryimage\",\"url\":\"https:\\\/\\\/blogs.uef.fi\\\/kaikkihimassa\\\/wp-content\\\/uploads\\\/sites\\\/71\\\/2022\\\/03\\\/Turvetraktori_E_Albrecht2013-scaled.jpg\",\"contentUrl\":\"https:\\\/\\\/blogs.uef.fi\\\/kaikkihimassa\\\/wp-content\\\/uploads\\\/sites\\\/71\\\/2022\\\/03\\\/Turvetraktori_E_Albrecht2013-scaled.jpg\",\"width\":2560,\"height\":1707,\"caption\":\"Turpeennostosta vapautuvien suopohjien j\u00e4lkik\u00e4ytt\u00f6muodoilla on erilaisia ilmasto- ja ymp\u00e4rist\u00f6vaikutuksia. Kuva: Eerika Albrecht, 2013.\"},{\"@type\":\"BreadcrumbList\",\"@id\":\"https:\\\/\\\/blogs.uef.fi\\\/kaikkihimassa\\\/2022\\\/03\\\/28\\\/kokemukset-turvealan-siirtymasta-tulee-huomioida-osana-turvetuotantoalueiden-jalkikayton-ohjausta\\\/#breadcrumb\",\"itemListElement\":[{\"@type\":\"ListItem\",\"position\":1,\"name\":\"Home\",\"item\":\"https:\\\/\\\/blogs.uef.fi\\\/kaikkihimassa\\\/\"},{\"@type\":\"ListItem\",\"position\":2,\"name\":\"Kokemukset turvealan siirtym\u00e4st\u00e4 tulee huomioida osana turvetuotantoalueiden j\u00e4lkik\u00e4yt\u00f6n ohjausta\"}]},{\"@type\":\"WebSite\",\"@id\":\"https:\\\/\\\/blogs.uef.fi\\\/kaikkihimassa\\\/#website\",\"url\":\"https:\\\/\\\/blogs.uef.fi\\\/kaikkihimassa\\\/\",\"name\":\"Kaikki HiMassa | All things HiMa\",\"description\":\"\",\"potentialAction\":[{\"@type\":\"SearchAction\",\"target\":{\"@type\":\"EntryPoint\",\"urlTemplate\":\"https:\\\/\\\/blogs.uef.fi\\\/kaikkihimassa\\\/?s={search_term_string}\"},\"query-input\":{\"@type\":\"PropertyValueSpecification\",\"valueRequired\":true,\"valueName\":\"search_term_string\"}}],\"inLanguage\":\"fi\"},{\"@type\":\"Person\",\"@id\":\"https:\\\/\\\/blogs.uef.fi\\\/kaikkihimassa\\\/#\\\/schema\\\/person\\\/e88a7f88e5a33b4193ec4a633d043a80\",\"name\":\"laurip\",\"url\":\"https:\\\/\\\/blogs.uef.fi\\\/kaikkihimassa\\\/author\\\/laurip\\\/\"}]}<\/script>\n<!-- \/ Yoast SEO plugin. -->","yoast_head_json":{"title":"Kokemukset turvealan siirtym\u00e4st\u00e4 tulee huomioida osana turvetuotantoalueiden j\u00e4lkik\u00e4yt\u00f6n ohjausta - Kaikki HiMassa | All things HiMa","robots":{"index":"index","follow":"follow","max-snippet":"max-snippet:-1","max-image-preview":"max-image-preview:large","max-video-preview":"max-video-preview:-1"},"canonical":"https:\/\/blogs.uef.fi\/kaikkihimassa\/2022\/03\/28\/kokemukset-turvealan-siirtymasta-tulee-huomioida-osana-turvetuotantoalueiden-jalkikayton-ohjausta\/","og_locale":"fi_FI","og_type":"article","og_title":"Kokemukset turvealan siirtym\u00e4st\u00e4 tulee huomioida osana turvetuotantoalueiden j\u00e4lkik\u00e4yt\u00f6n ohjausta - Kaikki HiMassa | All things HiMa","og_description":"Suomessa on k\u00e4ynniss\u00e4 turvealaa koskeva siirtym\u00e4. Turve ja turvemaat on tunnistettu merkitt\u00e4v\u00e4ksi p\u00e4\u00e4st\u00f6l\u00e4hteeksi: sek\u00e4 turpeen polttaminen ett\u00e4 turvemaiden kuivaaminen esimerkiksi viljelyk\u00e4ytt\u00f6\u00f6n aiheuttavat mittavia kasvihuonep\u00e4\u00e4st\u00f6j\u00e4 (Joosten ym. 2012). Saavuttaakseen hiilineutraaliustavoitteen vuoteen 2035 menness\u00e4 Marinin hallitus on asettanut yhdeksi tavoitteekseen turpeen k\u00e4yt\u00f6n puolittamisen vuoteen 2030 menness\u00e4. Turpeennoston alasajo on kuitenkin edennyt t\u00e4t\u00e4 tavoitetta nopeammin. Viime viikkoina Ven\u00e4j\u00e4n [&hellip;]","og_url":"https:\/\/blogs.uef.fi\/kaikkihimassa\/2022\/03\/28\/kokemukset-turvealan-siirtymasta-tulee-huomioida-osana-turvetuotantoalueiden-jalkikayton-ohjausta\/","og_site_name":"Kaikki HiMassa | All things HiMa","article_published_time":"2022-03-28T05:29:40+00:00","article_modified_time":"2025-05-26T12:11:01+00:00","og_image":[{"width":2560,"height":1707,"url":"https:\/\/blogs.uef.fi\/kaikkihimassa\/wp-content\/uploads\/sites\/71\/2022\/03\/Turvetraktori_E_Albrecht2013-scaled.jpg","type":"image\/jpeg"}],"author":"laurip","twitter_card":"summary_large_image","twitter_misc":{"Kirjoittanut":"laurip","Arvioitu lukuaika":"6 minuuttia"},"schema":{"@context":"https:\/\/schema.org","@graph":[{"@type":"Article","@id":"https:\/\/blogs.uef.fi\/kaikkihimassa\/2022\/03\/28\/kokemukset-turvealan-siirtymasta-tulee-huomioida-osana-turvetuotantoalueiden-jalkikayton-ohjausta\/#article","isPartOf":{"@id":"https:\/\/blogs.uef.fi\/kaikkihimassa\/2022\/03\/28\/kokemukset-turvealan-siirtymasta-tulee-huomioida-osana-turvetuotantoalueiden-jalkikayton-ohjausta\/"},"author":{"name":"laurip","@id":"https:\/\/blogs.uef.fi\/kaikkihimassa\/#\/schema\/person\/e88a7f88e5a33b4193ec4a633d043a80"},"headline":"Kokemukset turvealan siirtym\u00e4st\u00e4 tulee huomioida osana turvetuotantoalueiden j\u00e4lkik\u00e4yt\u00f6n ohjausta","datePublished":"2022-03-28T05:29:40+00:00","dateModified":"2025-05-26T12:11:01+00:00","mainEntityOfPage":{"@id":"https:\/\/blogs.uef.fi\/kaikkihimassa\/2022\/03\/28\/kokemukset-turvealan-siirtymasta-tulee-huomioida-osana-turvetuotantoalueiden-jalkikayton-ohjausta\/"},"wordCount":1045,"image":{"@id":"https:\/\/blogs.uef.fi\/kaikkihimassa\/2022\/03\/28\/kokemukset-turvealan-siirtymasta-tulee-huomioida-osana-turvetuotantoalueiden-jalkikayton-ohjausta\/#primaryimage"},"thumbnailUrl":"https:\/\/blogs.uef.fi\/kaikkihimassa\/wp-content\/uploads\/sites\/71\/2022\/03\/Turvetraktori_E_Albrecht2013-1024x683.jpg","keywords":["energia","ilmasto","ohjauskeinot","turve","ymp\u00e4rist\u00f6politiikka"],"articleSection":["Anna-Maija Tuunainen","Eerika Albrecht","Johanna Leino","Lasse Peltonen"],"inLanguage":"fi"},{"@type":"WebPage","@id":"https:\/\/blogs.uef.fi\/kaikkihimassa\/2022\/03\/28\/kokemukset-turvealan-siirtymasta-tulee-huomioida-osana-turvetuotantoalueiden-jalkikayton-ohjausta\/","url":"https:\/\/blogs.uef.fi\/kaikkihimassa\/2022\/03\/28\/kokemukset-turvealan-siirtymasta-tulee-huomioida-osana-turvetuotantoalueiden-jalkikayton-ohjausta\/","name":"Kokemukset turvealan siirtym\u00e4st\u00e4 tulee huomioida osana turvetuotantoalueiden j\u00e4lkik\u00e4yt\u00f6n ohjausta - Kaikki HiMassa | All things HiMa","isPartOf":{"@id":"https:\/\/blogs.uef.fi\/kaikkihimassa\/#website"},"primaryImageOfPage":{"@id":"https:\/\/blogs.uef.fi\/kaikkihimassa\/2022\/03\/28\/kokemukset-turvealan-siirtymasta-tulee-huomioida-osana-turvetuotantoalueiden-jalkikayton-ohjausta\/#primaryimage"},"image":{"@id":"https:\/\/blogs.uef.fi\/kaikkihimassa\/2022\/03\/28\/kokemukset-turvealan-siirtymasta-tulee-huomioida-osana-turvetuotantoalueiden-jalkikayton-ohjausta\/#primaryimage"},"thumbnailUrl":"https:\/\/blogs.uef.fi\/kaikkihimassa\/wp-content\/uploads\/sites\/71\/2022\/03\/Turvetraktori_E_Albrecht2013-1024x683.jpg","datePublished":"2022-03-28T05:29:40+00:00","dateModified":"2025-05-26T12:11:01+00:00","author":{"@id":"https:\/\/blogs.uef.fi\/kaikkihimassa\/#\/schema\/person\/e88a7f88e5a33b4193ec4a633d043a80"},"breadcrumb":{"@id":"https:\/\/blogs.uef.fi\/kaikkihimassa\/2022\/03\/28\/kokemukset-turvealan-siirtymasta-tulee-huomioida-osana-turvetuotantoalueiden-jalkikayton-ohjausta\/#breadcrumb"},"inLanguage":"fi","potentialAction":[{"@type":"ReadAction","target":["https:\/\/blogs.uef.fi\/kaikkihimassa\/2022\/03\/28\/kokemukset-turvealan-siirtymasta-tulee-huomioida-osana-turvetuotantoalueiden-jalkikayton-ohjausta\/"]}]},{"@type":"ImageObject","inLanguage":"fi","@id":"https:\/\/blogs.uef.fi\/kaikkihimassa\/2022\/03\/28\/kokemukset-turvealan-siirtymasta-tulee-huomioida-osana-turvetuotantoalueiden-jalkikayton-ohjausta\/#primaryimage","url":"https:\/\/blogs.uef.fi\/kaikkihimassa\/wp-content\/uploads\/sites\/71\/2022\/03\/Turvetraktori_E_Albrecht2013-scaled.jpg","contentUrl":"https:\/\/blogs.uef.fi\/kaikkihimassa\/wp-content\/uploads\/sites\/71\/2022\/03\/Turvetraktori_E_Albrecht2013-scaled.jpg","width":2560,"height":1707,"caption":"Turpeennostosta vapautuvien suopohjien j\u00e4lkik\u00e4ytt\u00f6muodoilla on erilaisia ilmasto- ja ymp\u00e4rist\u00f6vaikutuksia. Kuva: Eerika Albrecht, 2013."},{"@type":"BreadcrumbList","@id":"https:\/\/blogs.uef.fi\/kaikkihimassa\/2022\/03\/28\/kokemukset-turvealan-siirtymasta-tulee-huomioida-osana-turvetuotantoalueiden-jalkikayton-ohjausta\/#breadcrumb","itemListElement":[{"@type":"ListItem","position":1,"name":"Home","item":"https:\/\/blogs.uef.fi\/kaikkihimassa\/"},{"@type":"ListItem","position":2,"name":"Kokemukset turvealan siirtym\u00e4st\u00e4 tulee huomioida osana turvetuotantoalueiden j\u00e4lkik\u00e4yt\u00f6n ohjausta"}]},{"@type":"WebSite","@id":"https:\/\/blogs.uef.fi\/kaikkihimassa\/#website","url":"https:\/\/blogs.uef.fi\/kaikkihimassa\/","name":"Kaikki HiMassa | All things HiMa","description":"","potentialAction":[{"@type":"SearchAction","target":{"@type":"EntryPoint","urlTemplate":"https:\/\/blogs.uef.fi\/kaikkihimassa\/?s={search_term_string}"},"query-input":{"@type":"PropertyValueSpecification","valueRequired":true,"valueName":"search_term_string"}}],"inLanguage":"fi"},{"@type":"Person","@id":"https:\/\/blogs.uef.fi\/kaikkihimassa\/#\/schema\/person\/e88a7f88e5a33b4193ec4a633d043a80","name":"laurip","url":"https:\/\/blogs.uef.fi\/kaikkihimassa\/author\/laurip\/"}]}},"_links":{"self":[{"href":"https:\/\/blogs.uef.fi\/kaikkihimassa\/wp-json\/wp\/v2\/posts\/1065","targetHints":{"allow":["GET"]}}],"collection":[{"href":"https:\/\/blogs.uef.fi\/kaikkihimassa\/wp-json\/wp\/v2\/posts"}],"about":[{"href":"https:\/\/blogs.uef.fi\/kaikkihimassa\/wp-json\/wp\/v2\/types\/post"}],"author":[{"embeddable":true,"href":"https:\/\/blogs.uef.fi\/kaikkihimassa\/wp-json\/wp\/v2\/users\/199"}],"replies":[{"embeddable":true,"href":"https:\/\/blogs.uef.fi\/kaikkihimassa\/wp-json\/wp\/v2\/comments?post=1065"}],"version-history":[{"count":1,"href":"https:\/\/blogs.uef.fi\/kaikkihimassa\/wp-json\/wp\/v2\/posts\/1065\/revisions"}],"predecessor-version":[{"id":1082,"href":"https:\/\/blogs.uef.fi\/kaikkihimassa\/wp-json\/wp\/v2\/posts\/1065\/revisions\/1082"}],"wp:attachment":[{"href":"https:\/\/blogs.uef.fi\/kaikkihimassa\/wp-json\/wp\/v2\/media?parent=1065"}],"wp:term":[{"taxonomy":"category","embeddable":true,"href":"https:\/\/blogs.uef.fi\/kaikkihimassa\/wp-json\/wp\/v2\/categories?post=1065"},{"taxonomy":"post_tag","embeddable":true,"href":"https:\/\/blogs.uef.fi\/kaikkihimassa\/wp-json\/wp\/v2\/tags?post=1065"}],"curies":[{"name":"wp","href":"https:\/\/api.w.org\/{rel}","templated":true}]}}