{"id":996,"date":"2016-02-15T08:41:57","date_gmt":"2016-02-15T08:41:57","guid":{"rendered":"https:\/\/weaducate.wordpress.com\/?p=996"},"modified":"2025-07-08T12:53:06","modified_gmt":"2025-07-08T10:53:06","slug":"opettajat-koulutuksen-ja-opintojen-lahteilla","status":"publish","type":"post","link":"https:\/\/blogs.uef.fi\/jatkuvaoppiminen\/2016\/02\/15\/opettajat-koulutuksen-ja-opintojen-lahteilla\/","title":{"rendered":"Opettajat koulutuksen ja opintojen l\u00e4hteill\u00e4"},"content":{"rendered":"\n<p>Opetusalan valtakunnallinen koulutustapahtuma <a href=\"http:\/\/www.oaj.fi\/cs\/oaj\/Educa%202016&amp;contentID=1408912468788\">Educa-messut<\/a> Helsingin Messukeskuksessa tammikuun viimeisen\u00e4 viikonloppuna kokosi 14 000 opetus- ja kasvatusalan ammattilaista kuulemaan ajankohtaisia esityksi\u00e4 ja tutustumaan 330 n\u00e4ytteilleasettajan tarjontaan. Messujen teemana t\u00e4n\u00e4 vuonna oli \u201dOpettaja 2.0 \u2013 P\u00e4ivitetty versio\u201d alaotsikoillaan: Digitaalisuus valtaa Suomen, \u201dHengailua\u201d sosiaalisessa mediassa, Ilo ty\u00f6skennell\u00e4 hyvinvoivassa yhteis\u00f6ss\u00e4 ja Monikulttuurisuus \u2013 mahdollisuus ja haaste.<\/p>\n\n\n\n<figure class=\"wp-block-image wp-image-1010\"><img decoding=\"async\" src=\"https:\/\/blogs.uef.fi\/jatkuvaoppiminen\/wp-content\/uploads\/sites\/160\/2016\/02\/aducate_educa1.jpg\" alt=\"Aducate_Educa1\" class=\"wp-image-1010\" \/><figcaption class=\"wp-element-caption\">Aducaten osasto Educa-messuilla<\/figcaption><\/figure>\n\n\n\n<p>Ker\u00e4simme Koulutus- ja kehitt\u00e4mispalvelu Aducatesta kimpsut ja kampsut eli esitteet, oppaat ja mainostavarat mukaamme ja olimme mekin mukana tapahtumassa. Yhdess\u00e4 It\u00e4-Suomen yliopiston opiskelijarekrytointipalvelujen kanssa ohjasimme, neuvoimme ja esittelimme koulutus- ja opetustarjontaamme yhteisell\u00e4 osastollamme Messukeskuksessa.<\/p>\n\n\n\n<p>Olemme pit\u00e4neet messuilla It\u00e4-Suomen yliopiston yhteist\u00e4 osastoa jo useampana vuonna. Yhteisty\u00f6 aducatelaisten sek\u00e4 opinto- ja opetuspalveluista &#8221;lainassa olleiden&#8221; rekrytointip\u00e4\u00e4llikk\u00f6&nbsp; Marko Junkkarisen ja uef-l\u00e4hettil\u00e4s Jenny Kolstr\u00f6min kanssa sujui eritt\u00e4in mallikkaasti perustutkinnoista, erillisvalinnoista, ammatillisesta t\u00e4ydennyskoulutuksesta ja avoimen yliopiston opinnoista kertoen.<\/p>\n\n\n\n<p>Koulutustarjonnan markkinoinnin ohessa meist\u00e4 jokunen ehti k\u00e4yd\u00e4 kuuntelemassa my\u00f6s ajankohtaisia esityksi\u00e4 ja kuulumisia. Uutta tietoa ja tunnelmia saimme mm. Jari Tervon ruotsin tunnilla, ja Herk\u00e4ll\u00e4 korvalla monilukutaitoa, Helsingin OKL (Helsingin kumppanina on my\u00f6s Aducaten <a href=\"https:\/\/www.youtube.com\/watch?v=Qb5lmTJ8Lrk\">Mopet koulutus<\/a>!) ja Teemu Korhosen #mihinopeatarvitaankunongoogle -esityksiss\u00e4. &nbsp;(Opea muuten tarvitaan erityisesti nyt, koska pedagogin avulla opitaan muuttamaan informaatio tiedoksi.)<\/p>\n\n\n\n<figure class=\"wp-block-image wp-image-1011\"><img decoding=\"async\" src=\"https:\/\/blogs.uef.fi\/jatkuvaoppiminen\/wp-content\/uploads\/sites\/160\/2016\/02\/aducate_educa2.jpg\" alt=\"Aducate_Educa2\" class=\"wp-image-1011\" \/><figcaption class=\"wp-element-caption\">Koulutusjohtaja Ulla Turtiainen ja suunnittelija Anne Karhap\u00e4\u00e4 Aducaten osastolla<\/figcaption><\/figure>\n\n\n\n<p>Osastomme kestosuosikkina opetusalan v\u00e4ke\u00e4 kiinnostavat avoimen yliopiston opinnoista uuden opetettavan aineen kelpoisuuden antavat opinnot, etenkin ne, mitk\u00e4 voisi joustavasti verkko- tai monimuoto-opintoina suorittaa. Saimme kertoa runsaasti Suomi toisena\/vieraana kielen\u00e4, erityispedagogiikan, pedagogisten ja ohjauksen opintojen suoritusmahdollisuuksista.&nbsp; Messujen teemanakin olevan monikulttuurisuuden my\u00f6t\u00e4 esite <a href=\"http:\/\/www.uef.fi\/documents\/10975\/237184\/monikulttuurisuuden_opintokokonaisuus.pdf\/345619fc-3de0-47e4-a14c-f17664fd0143\">N\u00e4k\u00f6kulmia monikulttuurisiin kohtamisiin<\/a> l\u00e4hti usean osastovierailijan mukaan. Yliopiston tarjoamista kelpoisuusopinnoista keskustellessaan moni \u00e4iti tai is\u00e4 kyseli ohimennen j\u00e4lkikasvulleen tietoa yliopiston koulutustarjonnasta. Ammatillista t\u00e4ydennyskoulutusta puolestaan kaivattiin mediakasvatuksen saralle, ruotsin kielen opettamiseen sek\u00e4 tieto- ja viestint\u00e4tekniikan opetusk\u00e4ytt\u00f6\u00f6n.<\/p>\n\n\n\n<p>Messujen anti n\u00e4ytteilleasettajan kannalta on huikea: runsaasti vieraita messuosastolla, aitoa tiedonhakua, tavoitteiden t\u00e4sment\u00e4mistarpeita ja innostuneita kysymyksi\u00e4 \u2013 mit\u00e4 muuta avoimen yliopiston kasvatusalan suunnittelija voisi toivoa?<\/p>\n\n\n\n<figure class=\"wp-block-image is-resized\"><img loading=\"lazy\" decoding=\"async\" width=\"1182\" height=\"1772\" src=\"https:\/\/blogs.uef.fi\/jatkuvaoppiminen\/wp-content\/uploads\/sites\/160\/2016\/02\/hakkarainen-sari-10x15-1.jpg\" alt=\"Hakkarainen Sari-10x15\" class=\"wp-image-1000\" style=\"width:219px;height:auto\" srcset=\"https:\/\/blogs.uef.fi\/jatkuvaoppiminen\/wp-content\/uploads\/sites\/160\/2016\/02\/hakkarainen-sari-10x15-1.jpg 1182w, https:\/\/blogs.uef.fi\/jatkuvaoppiminen\/wp-content\/uploads\/sites\/160\/2016\/02\/hakkarainen-sari-10x15-1-200x300.jpg 200w, https:\/\/blogs.uef.fi\/jatkuvaoppiminen\/wp-content\/uploads\/sites\/160\/2016\/02\/hakkarainen-sari-10x15-1-683x1024.jpg 683w, https:\/\/blogs.uef.fi\/jatkuvaoppiminen\/wp-content\/uploads\/sites\/160\/2016\/02\/hakkarainen-sari-10x15-1-768x1151.jpg 768w, https:\/\/blogs.uef.fi\/jatkuvaoppiminen\/wp-content\/uploads\/sites\/160\/2016\/02\/hakkarainen-sari-10x15-1-1025x1536.jpg 1025w\" sizes=\"auto, (max-width: 1182px) 100vw, 1182px\" \/><\/figure>\n\n\n\n<p>Kirjoittaja Sari Hakkarainen toimii&nbsp;It\u00e4-Suomen yliopiston Avoimen yliopiston suunnittelijana.<\/p>\n","protected":false},"excerpt":{"rendered":"<p>Opetusalan valtakunnallinen koulutustapahtuma Educa-messut Helsingin Messukeskuksessa tammikuun viimeisen\u00e4 viikonloppuna kokosi 14 000 opetus- ja kasvatusalan ammattilaista kuulemaan ajankohtaisia esityksi\u00e4 ja tutustumaan 330 n\u00e4ytteilleasettajan tarjontaan. Messujen teemana t\u00e4n\u00e4 vuonna oli \u201dOpettaja 2.0 \u2013 P\u00e4ivitetty versio\u201d alaotsikoillaan: Digitaalisuus valtaa Suomen, \u201dHengailua\u201d sosiaalisessa mediassa, Ilo ty\u00f6skennell\u00e4 hyvinvoivassa yhteis\u00f6ss\u00e4 ja Monikulttuurisuus \u2013 mahdollisuus ja haaste. Ker\u00e4simme Koulutus- ja kehitt\u00e4mispalvelu [&hellip;]<\/p>\n","protected":false},"author":1,"featured_media":0,"comment_status":"open","ping_status":"open","sticky":false,"template":"","format":"standard","meta":{"_acf_changed":false,"footnotes":""},"categories":[14,17],"tags":[],"class_list":["post-996","post","type-post","status-publish","format-standard","hentry","category-muut-kirjoitukset","category-oppiminen"],"acf":[],"yoast_head":"<!-- This site is optimized with the Yoast SEO plugin v27.3 - https:\/\/yoast.com\/product\/yoast-seo-wordpress\/ -->\n<title>Opettajat koulutuksen ja opintojen l\u00e4hteill\u00e4 - Jatkuva oppiminen<\/title>\n<meta name=\"robots\" content=\"index, follow, max-snippet:-1, max-image-preview:large, max-video-preview:-1\" \/>\n<link rel=\"canonical\" href=\"https:\/\/blogs.uef.fi\/jatkuvaoppiminen\/2016\/02\/15\/opettajat-koulutuksen-ja-opintojen-lahteilla\/\" \/>\n<meta property=\"og:locale\" content=\"fi_FI\" \/>\n<meta property=\"og:type\" content=\"article\" \/>\n<meta property=\"og:title\" content=\"Opettajat koulutuksen ja opintojen l\u00e4hteill\u00e4 - Jatkuva oppiminen\" \/>\n<meta property=\"og:description\" content=\"Opetusalan valtakunnallinen koulutustapahtuma Educa-messut Helsingin Messukeskuksessa tammikuun viimeisen\u00e4 viikonloppuna kokosi 14 000 opetus- ja kasvatusalan ammattilaista kuulemaan ajankohtaisia esityksi\u00e4 ja tutustumaan 330 n\u00e4ytteilleasettajan tarjontaan. Messujen teemana t\u00e4n\u00e4 vuonna oli \u201dOpettaja 2.0 \u2013 P\u00e4ivitetty versio\u201d alaotsikoillaan: Digitaalisuus valtaa Suomen, \u201dHengailua\u201d sosiaalisessa mediassa, Ilo ty\u00f6skennell\u00e4 hyvinvoivassa yhteis\u00f6ss\u00e4 ja Monikulttuurisuus \u2013 mahdollisuus ja haaste. Ker\u00e4simme Koulutus- ja kehitt\u00e4mispalvelu [&hellip;]\" \/>\n<meta property=\"og:url\" content=\"https:\/\/blogs.uef.fi\/jatkuvaoppiminen\/2016\/02\/15\/opettajat-koulutuksen-ja-opintojen-lahteilla\/\" \/>\n<meta property=\"og:site_name\" content=\"Jatkuva oppiminen\" \/>\n<meta property=\"article:published_time\" content=\"2016-02-15T08:41:57+00:00\" \/>\n<meta property=\"article:modified_time\" content=\"2025-07-08T10:53:06+00:00\" \/>\n<meta property=\"og:image\" content=\"https:\/\/blogs.uef.fi\/jatkuvaoppiminen\/wp-content\/uploads\/sites\/160\/2016\/02\/aducate_educa1-scaled.jpg\" \/>\n\t<meta property=\"og:image:width\" content=\"2560\" \/>\n\t<meta property=\"og:image:height\" content=\"1920\" \/>\n\t<meta property=\"og:image:type\" content=\"image\/jpeg\" \/>\n<meta name=\"author\" content=\"uef-admin\" \/>\n<meta name=\"twitter:card\" content=\"summary_large_image\" \/>\n<meta name=\"twitter:label1\" content=\"Kirjoittanut\" \/>\n\t<meta name=\"twitter:data1\" content=\"uef-admin\" \/>\n\t<meta name=\"twitter:label2\" content=\"Arvioitu lukuaika\" \/>\n\t<meta name=\"twitter:data2\" content=\"3 minuuttia\" \/>\n<script type=\"application\/ld+json\" class=\"yoast-schema-graph\">{\"@context\":\"https:\\\/\\\/schema.org\",\"@graph\":[{\"@type\":\"Article\",\"@id\":\"https:\\\/\\\/blogs.uef.fi\\\/jatkuvaoppiminen\\\/2016\\\/02\\\/15\\\/opettajat-koulutuksen-ja-opintojen-lahteilla\\\/#article\",\"isPartOf\":{\"@id\":\"https:\\\/\\\/blogs.uef.fi\\\/jatkuvaoppiminen\\\/2016\\\/02\\\/15\\\/opettajat-koulutuksen-ja-opintojen-lahteilla\\\/\"},\"author\":{\"name\":\"uef-admin\",\"@id\":\"https:\\\/\\\/blogs.uef.fi\\\/jatkuvaoppiminen\\\/#\\\/schema\\\/person\\\/68b9405b92c78017eecd7b0679c34075\"},\"headline\":\"Opettajat koulutuksen ja opintojen l\u00e4hteill\u00e4\",\"datePublished\":\"2016-02-15T08:41:57+00:00\",\"dateModified\":\"2025-07-08T10:53:06+00:00\",\"mainEntityOfPage\":{\"@id\":\"https:\\\/\\\/blogs.uef.fi\\\/jatkuvaoppiminen\\\/2016\\\/02\\\/15\\\/opettajat-koulutuksen-ja-opintojen-lahteilla\\\/\"},\"wordCount\":336,\"commentCount\":0,\"image\":{\"@id\":\"https:\\\/\\\/blogs.uef.fi\\\/jatkuvaoppiminen\\\/2016\\\/02\\\/15\\\/opettajat-koulutuksen-ja-opintojen-lahteilla\\\/#primaryimage\"},\"thumbnailUrl\":\"https:\\\/\\\/blogs.uef.fi\\\/jatkuvaoppiminen\\\/wp-content\\\/uploads\\\/sites\\\/160\\\/2016\\\/02\\\/aducate_educa1.jpg\",\"articleSection\":[\"Muut kirjoitukset\",\"Oppiminen\"],\"inLanguage\":\"fi\",\"potentialAction\":[{\"@type\":\"CommentAction\",\"name\":\"Comment\",\"target\":[\"https:\\\/\\\/blogs.uef.fi\\\/jatkuvaoppiminen\\\/2016\\\/02\\\/15\\\/opettajat-koulutuksen-ja-opintojen-lahteilla\\\/#respond\"]}]},{\"@type\":\"WebPage\",\"@id\":\"https:\\\/\\\/blogs.uef.fi\\\/jatkuvaoppiminen\\\/2016\\\/02\\\/15\\\/opettajat-koulutuksen-ja-opintojen-lahteilla\\\/\",\"url\":\"https:\\\/\\\/blogs.uef.fi\\\/jatkuvaoppiminen\\\/2016\\\/02\\\/15\\\/opettajat-koulutuksen-ja-opintojen-lahteilla\\\/\",\"name\":\"Opettajat koulutuksen ja opintojen l\u00e4hteill\u00e4 - Jatkuva oppiminen\",\"isPartOf\":{\"@id\":\"https:\\\/\\\/blogs.uef.fi\\\/jatkuvaoppiminen\\\/#website\"},\"primaryImageOfPage\":{\"@id\":\"https:\\\/\\\/blogs.uef.fi\\\/jatkuvaoppiminen\\\/2016\\\/02\\\/15\\\/opettajat-koulutuksen-ja-opintojen-lahteilla\\\/#primaryimage\"},\"image\":{\"@id\":\"https:\\\/\\\/blogs.uef.fi\\\/jatkuvaoppiminen\\\/2016\\\/02\\\/15\\\/opettajat-koulutuksen-ja-opintojen-lahteilla\\\/#primaryimage\"},\"thumbnailUrl\":\"https:\\\/\\\/blogs.uef.fi\\\/jatkuvaoppiminen\\\/wp-content\\\/uploads\\\/sites\\\/160\\\/2016\\\/02\\\/aducate_educa1.jpg\",\"datePublished\":\"2016-02-15T08:41:57+00:00\",\"dateModified\":\"2025-07-08T10:53:06+00:00\",\"author\":{\"@id\":\"https:\\\/\\\/blogs.uef.fi\\\/jatkuvaoppiminen\\\/#\\\/schema\\\/person\\\/68b9405b92c78017eecd7b0679c34075\"},\"breadcrumb\":{\"@id\":\"https:\\\/\\\/blogs.uef.fi\\\/jatkuvaoppiminen\\\/2016\\\/02\\\/15\\\/opettajat-koulutuksen-ja-opintojen-lahteilla\\\/#breadcrumb\"},\"inLanguage\":\"fi\",\"potentialAction\":[{\"@type\":\"ReadAction\",\"target\":[\"https:\\\/\\\/blogs.uef.fi\\\/jatkuvaoppiminen\\\/2016\\\/02\\\/15\\\/opettajat-koulutuksen-ja-opintojen-lahteilla\\\/\"]}]},{\"@type\":\"ImageObject\",\"inLanguage\":\"fi\",\"@id\":\"https:\\\/\\\/blogs.uef.fi\\\/jatkuvaoppiminen\\\/2016\\\/02\\\/15\\\/opettajat-koulutuksen-ja-opintojen-lahteilla\\\/#primaryimage\",\"url\":\"https:\\\/\\\/blogs.uef.fi\\\/jatkuvaoppiminen\\\/wp-content\\\/uploads\\\/sites\\\/160\\\/2016\\\/02\\\/aducate_educa1-scaled.jpg\",\"contentUrl\":\"https:\\\/\\\/blogs.uef.fi\\\/jatkuvaoppiminen\\\/wp-content\\\/uploads\\\/sites\\\/160\\\/2016\\\/02\\\/aducate_educa1-scaled.jpg\",\"width\":2560,\"height\":1920},{\"@type\":\"BreadcrumbList\",\"@id\":\"https:\\\/\\\/blogs.uef.fi\\\/jatkuvaoppiminen\\\/2016\\\/02\\\/15\\\/opettajat-koulutuksen-ja-opintojen-lahteilla\\\/#breadcrumb\",\"itemListElement\":[{\"@type\":\"ListItem\",\"position\":1,\"name\":\"Home\",\"item\":\"https:\\\/\\\/blogs.uef.fi\\\/jatkuvaoppiminen\\\/\"},{\"@type\":\"ListItem\",\"position\":2,\"name\":\"Opettajat koulutuksen ja opintojen l\u00e4hteill\u00e4\"}]},{\"@type\":\"WebSite\",\"@id\":\"https:\\\/\\\/blogs.uef.fi\\\/jatkuvaoppiminen\\\/#website\",\"url\":\"https:\\\/\\\/blogs.uef.fi\\\/jatkuvaoppiminen\\\/\",\"name\":\"Jatkuva oppiminen\",\"description\":\"\",\"potentialAction\":[{\"@type\":\"SearchAction\",\"target\":{\"@type\":\"EntryPoint\",\"urlTemplate\":\"https:\\\/\\\/blogs.uef.fi\\\/jatkuvaoppiminen\\\/?s={search_term_string}\"},\"query-input\":{\"@type\":\"PropertyValueSpecification\",\"valueRequired\":true,\"valueName\":\"search_term_string\"}}],\"inLanguage\":\"fi\"},{\"@type\":\"Person\",\"@id\":\"https:\\\/\\\/blogs.uef.fi\\\/jatkuvaoppiminen\\\/#\\\/schema\\\/person\\\/68b9405b92c78017eecd7b0679c34075\",\"name\":\"uef-admin\",\"image\":{\"@type\":\"ImageObject\",\"inLanguage\":\"fi\",\"@id\":\"https:\\\/\\\/secure.gravatar.com\\\/avatar\\\/6c9f5016c320b72333096361e494f2c004505657367d2847a11e96de0655f758?s=96&d=mm&r=g\",\"url\":\"https:\\\/\\\/secure.gravatar.com\\\/avatar\\\/6c9f5016c320b72333096361e494f2c004505657367d2847a11e96de0655f758?s=96&d=mm&r=g\",\"contentUrl\":\"https:\\\/\\\/secure.gravatar.com\\\/avatar\\\/6c9f5016c320b72333096361e494f2c004505657367d2847a11e96de0655f758?s=96&d=mm&r=g\",\"caption\":\"uef-admin\"},\"url\":\"https:\\\/\\\/blogs.uef.fi\\\/jatkuvaoppiminen\\\/author\\\/uef-admin\\\/\"}]}<\/script>\n<!-- \/ Yoast SEO plugin. -->","yoast_head_json":{"title":"Opettajat koulutuksen ja opintojen l\u00e4hteill\u00e4 - Jatkuva oppiminen","robots":{"index":"index","follow":"follow","max-snippet":"max-snippet:-1","max-image-preview":"max-image-preview:large","max-video-preview":"max-video-preview:-1"},"canonical":"https:\/\/blogs.uef.fi\/jatkuvaoppiminen\/2016\/02\/15\/opettajat-koulutuksen-ja-opintojen-lahteilla\/","og_locale":"fi_FI","og_type":"article","og_title":"Opettajat koulutuksen ja opintojen l\u00e4hteill\u00e4 - Jatkuva oppiminen","og_description":"Opetusalan valtakunnallinen koulutustapahtuma Educa-messut Helsingin Messukeskuksessa tammikuun viimeisen\u00e4 viikonloppuna kokosi 14 000 opetus- ja kasvatusalan ammattilaista kuulemaan ajankohtaisia esityksi\u00e4 ja tutustumaan 330 n\u00e4ytteilleasettajan tarjontaan. Messujen teemana t\u00e4n\u00e4 vuonna oli \u201dOpettaja 2.0 \u2013 P\u00e4ivitetty versio\u201d alaotsikoillaan: Digitaalisuus valtaa Suomen, \u201dHengailua\u201d sosiaalisessa mediassa, Ilo ty\u00f6skennell\u00e4 hyvinvoivassa yhteis\u00f6ss\u00e4 ja Monikulttuurisuus \u2013 mahdollisuus ja haaste. Ker\u00e4simme Koulutus- ja kehitt\u00e4mispalvelu [&hellip;]","og_url":"https:\/\/blogs.uef.fi\/jatkuvaoppiminen\/2016\/02\/15\/opettajat-koulutuksen-ja-opintojen-lahteilla\/","og_site_name":"Jatkuva oppiminen","article_published_time":"2016-02-15T08:41:57+00:00","article_modified_time":"2025-07-08T10:53:06+00:00","og_image":[{"width":2560,"height":1920,"url":"https:\/\/blogs.uef.fi\/jatkuvaoppiminen\/wp-content\/uploads\/sites\/160\/2016\/02\/aducate_educa1-scaled.jpg","type":"image\/jpeg"}],"author":"uef-admin","twitter_card":"summary_large_image","twitter_misc":{"Kirjoittanut":"uef-admin","Arvioitu lukuaika":"3 minuuttia"},"schema":{"@context":"https:\/\/schema.org","@graph":[{"@type":"Article","@id":"https:\/\/blogs.uef.fi\/jatkuvaoppiminen\/2016\/02\/15\/opettajat-koulutuksen-ja-opintojen-lahteilla\/#article","isPartOf":{"@id":"https:\/\/blogs.uef.fi\/jatkuvaoppiminen\/2016\/02\/15\/opettajat-koulutuksen-ja-opintojen-lahteilla\/"},"author":{"name":"uef-admin","@id":"https:\/\/blogs.uef.fi\/jatkuvaoppiminen\/#\/schema\/person\/68b9405b92c78017eecd7b0679c34075"},"headline":"Opettajat koulutuksen ja opintojen l\u00e4hteill\u00e4","datePublished":"2016-02-15T08:41:57+00:00","dateModified":"2025-07-08T10:53:06+00:00","mainEntityOfPage":{"@id":"https:\/\/blogs.uef.fi\/jatkuvaoppiminen\/2016\/02\/15\/opettajat-koulutuksen-ja-opintojen-lahteilla\/"},"wordCount":336,"commentCount":0,"image":{"@id":"https:\/\/blogs.uef.fi\/jatkuvaoppiminen\/2016\/02\/15\/opettajat-koulutuksen-ja-opintojen-lahteilla\/#primaryimage"},"thumbnailUrl":"https:\/\/blogs.uef.fi\/jatkuvaoppiminen\/wp-content\/uploads\/sites\/160\/2016\/02\/aducate_educa1.jpg","articleSection":["Muut kirjoitukset","Oppiminen"],"inLanguage":"fi","potentialAction":[{"@type":"CommentAction","name":"Comment","target":["https:\/\/blogs.uef.fi\/jatkuvaoppiminen\/2016\/02\/15\/opettajat-koulutuksen-ja-opintojen-lahteilla\/#respond"]}]},{"@type":"WebPage","@id":"https:\/\/blogs.uef.fi\/jatkuvaoppiminen\/2016\/02\/15\/opettajat-koulutuksen-ja-opintojen-lahteilla\/","url":"https:\/\/blogs.uef.fi\/jatkuvaoppiminen\/2016\/02\/15\/opettajat-koulutuksen-ja-opintojen-lahteilla\/","name":"Opettajat koulutuksen ja opintojen l\u00e4hteill\u00e4 - Jatkuva oppiminen","isPartOf":{"@id":"https:\/\/blogs.uef.fi\/jatkuvaoppiminen\/#website"},"primaryImageOfPage":{"@id":"https:\/\/blogs.uef.fi\/jatkuvaoppiminen\/2016\/02\/15\/opettajat-koulutuksen-ja-opintojen-lahteilla\/#primaryimage"},"image":{"@id":"https:\/\/blogs.uef.fi\/jatkuvaoppiminen\/2016\/02\/15\/opettajat-koulutuksen-ja-opintojen-lahteilla\/#primaryimage"},"thumbnailUrl":"https:\/\/blogs.uef.fi\/jatkuvaoppiminen\/wp-content\/uploads\/sites\/160\/2016\/02\/aducate_educa1.jpg","datePublished":"2016-02-15T08:41:57+00:00","dateModified":"2025-07-08T10:53:06+00:00","author":{"@id":"https:\/\/blogs.uef.fi\/jatkuvaoppiminen\/#\/schema\/person\/68b9405b92c78017eecd7b0679c34075"},"breadcrumb":{"@id":"https:\/\/blogs.uef.fi\/jatkuvaoppiminen\/2016\/02\/15\/opettajat-koulutuksen-ja-opintojen-lahteilla\/#breadcrumb"},"inLanguage":"fi","potentialAction":[{"@type":"ReadAction","target":["https:\/\/blogs.uef.fi\/jatkuvaoppiminen\/2016\/02\/15\/opettajat-koulutuksen-ja-opintojen-lahteilla\/"]}]},{"@type":"ImageObject","inLanguage":"fi","@id":"https:\/\/blogs.uef.fi\/jatkuvaoppiminen\/2016\/02\/15\/opettajat-koulutuksen-ja-opintojen-lahteilla\/#primaryimage","url":"https:\/\/blogs.uef.fi\/jatkuvaoppiminen\/wp-content\/uploads\/sites\/160\/2016\/02\/aducate_educa1-scaled.jpg","contentUrl":"https:\/\/blogs.uef.fi\/jatkuvaoppiminen\/wp-content\/uploads\/sites\/160\/2016\/02\/aducate_educa1-scaled.jpg","width":2560,"height":1920},{"@type":"BreadcrumbList","@id":"https:\/\/blogs.uef.fi\/jatkuvaoppiminen\/2016\/02\/15\/opettajat-koulutuksen-ja-opintojen-lahteilla\/#breadcrumb","itemListElement":[{"@type":"ListItem","position":1,"name":"Home","item":"https:\/\/blogs.uef.fi\/jatkuvaoppiminen\/"},{"@type":"ListItem","position":2,"name":"Opettajat koulutuksen ja opintojen l\u00e4hteill\u00e4"}]},{"@type":"WebSite","@id":"https:\/\/blogs.uef.fi\/jatkuvaoppiminen\/#website","url":"https:\/\/blogs.uef.fi\/jatkuvaoppiminen\/","name":"Jatkuva oppiminen","description":"","potentialAction":[{"@type":"SearchAction","target":{"@type":"EntryPoint","urlTemplate":"https:\/\/blogs.uef.fi\/jatkuvaoppiminen\/?s={search_term_string}"},"query-input":{"@type":"PropertyValueSpecification","valueRequired":true,"valueName":"search_term_string"}}],"inLanguage":"fi"},{"@type":"Person","@id":"https:\/\/blogs.uef.fi\/jatkuvaoppiminen\/#\/schema\/person\/68b9405b92c78017eecd7b0679c34075","name":"uef-admin","image":{"@type":"ImageObject","inLanguage":"fi","@id":"https:\/\/secure.gravatar.com\/avatar\/6c9f5016c320b72333096361e494f2c004505657367d2847a11e96de0655f758?s=96&d=mm&r=g","url":"https:\/\/secure.gravatar.com\/avatar\/6c9f5016c320b72333096361e494f2c004505657367d2847a11e96de0655f758?s=96&d=mm&r=g","contentUrl":"https:\/\/secure.gravatar.com\/avatar\/6c9f5016c320b72333096361e494f2c004505657367d2847a11e96de0655f758?s=96&d=mm&r=g","caption":"uef-admin"},"url":"https:\/\/blogs.uef.fi\/jatkuvaoppiminen\/author\/uef-admin\/"}]}},"_links":{"self":[{"href":"https:\/\/blogs.uef.fi\/jatkuvaoppiminen\/wp-json\/wp\/v2\/posts\/996","targetHints":{"allow":["GET"]}}],"collection":[{"href":"https:\/\/blogs.uef.fi\/jatkuvaoppiminen\/wp-json\/wp\/v2\/posts"}],"about":[{"href":"https:\/\/blogs.uef.fi\/jatkuvaoppiminen\/wp-json\/wp\/v2\/types\/post"}],"author":[{"embeddable":true,"href":"https:\/\/blogs.uef.fi\/jatkuvaoppiminen\/wp-json\/wp\/v2\/users\/1"}],"replies":[{"embeddable":true,"href":"https:\/\/blogs.uef.fi\/jatkuvaoppiminen\/wp-json\/wp\/v2\/comments?post=996"}],"version-history":[{"count":1,"href":"https:\/\/blogs.uef.fi\/jatkuvaoppiminen\/wp-json\/wp\/v2\/posts\/996\/revisions"}],"predecessor-version":[{"id":5586,"href":"https:\/\/blogs.uef.fi\/jatkuvaoppiminen\/wp-json\/wp\/v2\/posts\/996\/revisions\/5586"}],"wp:attachment":[{"href":"https:\/\/blogs.uef.fi\/jatkuvaoppiminen\/wp-json\/wp\/v2\/media?parent=996"}],"wp:term":[{"taxonomy":"category","embeddable":true,"href":"https:\/\/blogs.uef.fi\/jatkuvaoppiminen\/wp-json\/wp\/v2\/categories?post=996"},{"taxonomy":"post_tag","embeddable":true,"href":"https:\/\/blogs.uef.fi\/jatkuvaoppiminen\/wp-json\/wp\/v2\/tags?post=996"}],"curies":[{"name":"wp","href":"https:\/\/api.w.org\/{rel}","templated":true}]}}