{"id":599,"date":"2015-06-01T13:51:39","date_gmt":"2015-06-01T13:51:39","guid":{"rendered":"https:\/\/weaducate.wordpress.com\/?p=599"},"modified":"2025-07-08T09:57:14","modified_gmt":"2025-07-08T07:57:14","slug":"jo-joutui-armas-aika","status":"publish","type":"post","link":"https:\/\/blogs.uef.fi\/jatkuvaoppiminen\/2015\/06\/01\/jo-joutui-armas-aika\/","title":{"rendered":"Jo joutui armas aika"},"content":{"rendered":"\n<p>Aurinko on melko korkealla, mutta aamu tuntuu hieman viile\u00e4lt\u00e4. Silmien edess\u00e4 vilkkuu edell\u00e4 taivaltavan isoveljen reppuselk\u00e4. Keskustelu harventuu matkan p\u00e4\u00e4tepisteen l\u00e4hetess\u00e4 kuin itsest\u00e4\u00e4n, vain muutama sana en\u00e4\u00e4 vaihdetaan. V\u00e4h\u00e4n heng\u00e4stytt\u00e4\u00e4, ehk\u00e4 j\u00e4nnitt\u00e4\u00e4kin: kouluun tutustumisp\u00e4iv\u00e4. Muutamat kymmenet metrit, ja m\u00e4ke\u00e4 yl\u00f6s johtava oikopolku saattelee opinahjolle. J\u00e4lkeenp\u00e4in kyl\u00e4koulu saattoi n\u00e4ytt\u00e4\u00e4 perin vaatimattomalta rakennukselta. Mutta muistan, ett\u00e4 tuona toukokuisena aamuna vuonna 1973 se honkien v\u00e4list\u00e4 vilkkuvana hohtona avautui eteeni kuin paraskin satulinna. Opettaja saattoi n\u00e4ytt\u00e4\u00e4 hieman yll\u00e4ttyneelt\u00e4 ja isoveli jopa kiusaantuneelta, kun p\u00e4iv\u00e4n p\u00e4\u00e4tteeksi anoin, voisinko mitenk\u00e4\u00e4n tulla viel\u00e4 huomenna uudestaan. Toki se opettajalle sopi. Veikkaan olleeni ainoa koulun historiassa, joka halusi tulla toistamiseen, vaikka oppivelvollisuus alkaisi vasta tulevana syksyn\u00e4.<\/p>\n\n\n\n<h2 class=\"wp-block-heading\">Uteliaisuus johdattaa<\/h2>\n\n\n\n<p>Sittemmin oppipolku on vienyt verkosto-organisaationa toimivan <a href=\"http:\/\/www.isonet.fi\/\">It\u00e4-Suomen sosiaalialan osaamiskeskuksen (ISO)<\/a> johtajaksi ja ty\u00f6n ohessa viimeisimm\u00e4ksi It\u00e4-Suomen yliopiston EMBA-johtamiskoulutuksen opiskelijaksi. Yhteiskuntatieteilij\u00e4\u00e4 kiehtoi, mit\u00e4 uutta liike-el\u00e4m\u00e4n johtamisen koulutus voisi tuoda julkisen sektorin palvelutoiminnan uudistamiseen. Ainakin taloudesta saisi varmasti hy\u00f6dyllisi\u00e4 oppeja ja samalla tutustuisi uusiin osaaviin ihmisiin. It\u00e4-Suomen yliopistossa Aducaten tarjoamassa koulutuksessa voisi valita kurssit parhaiten perusty\u00f6t\u00e4\u00e4n palvelemaan ja suorittaa niit\u00e4 joustavasti jakso kerrallaan allakkaan sovitellen. En l\u00e4htenyt matkaan tutkinto vaan uuden oppiminen mieless\u00e4, ja suljin pois sellaiset yliopistojen koulutustarjoukset, joissa edellytettiin heti sitoutumista pitk\u00e4\u00e4n prosessiin.<\/p>\n\n\n\n<p>Vauhdikkaan johtamisarjen katkaisseet kurssien l\u00e4hiopetusjaksot ovat j\u00e4\u00e4neet mieleen keitaina. Mielek\u00e4s aihe, asiantuntevat luennoitsijat, mainio porukka. Ja sit\u00e4 talouttakin on sitten todella opiskeltu. Yhten\u00e4 ty\u00f6t\u00e4 teett\u00e4neist\u00e4, mutta todella antoisista, muistuu mieleen johdon laskentatoimea avannut kurssi. Lukija ei yll\u00e4ttyne, ett\u00e4 silm\u00e4t kirkkaina siell\u00e4 mietin, kuinka &#8221;mageeta&#8221; voikaan olla jossakin isossa firmassa palkata ty\u00f6parikseen juurikin huippuosaava controller, ja laskea ennakoivasti kohti tulevaa kaikkea mahdollista uudistuvaa liiketoimintaa tukevaa. Joku ajattelisi, ett\u00e4 auts miten kuivaa &#8211; min\u00e4 pohdin, miten mielenkiintoista ja luovuutta nykyty\u00f6ss\u00e4kin ruokkivaa. Talouden tunnuslukuja ei ole esimerkiksi yhdistystoiminnan tueksi juurikaan rakenneltu. Upea mahdollisuus oli sekin, kun sain tuoda koko johtotiimimme mukaan koulutuksen kansainv\u00e4liselle jaksolle tutustumaan EU:n toimintaan.<\/p>\n\n\n\n<h2 class=\"wp-block-heading\">Uusi aamu<\/h2>\n\n\n\n<p>Aurinko on melko korkealla, mutta aamu tuntuu viel\u00e4 viile\u00e4lt\u00e4. Juhlavaatteiden kanssa askaroimme, p\u00e4iv\u00e4lle olisi tarjolla kolmet lakkiaiset. Mieheni huomasi, ett\u00e4 on kulunut tarkalleen kolmekymment\u00e4 vuotta siit\u00e4, kun itse painoimme valkolakit p\u00e4\u00e4h\u00e4mme. Ensi maanantaina edess\u00e4ni olisi EMBA-koulutuksen viimeinen l\u00e4hiopetusjakso. Toivoin aiheeksi Lean-johtamisfilosofiaa ja se j\u00e4rjestyi. Eik\u00e4 se her\u00e4tt\u00e4nyt h\u00e4mm\u00e4styst\u00e4, vaikka aiemmin jo anelimme, ett\u00e4 eik\u00f6 t\u00e4lle EMBA-tutkinnolle voisi suunnitella jonkinlaista jatko-osaa\u2026 ISO kiitos monista opeista ja erinomaisesta yhteisty\u00f6st\u00e4 Arja, Anna ja kumppanit \u2013 uteliaisuus rules!<\/p>\n\n\n\n<figure class=\"wp-block-image is-resized\"><a href=\"https:\/\/blogs.uef.fi\/jatkuvaoppiminen\/wp-content\/uploads\/sites\/160\/2015\/06\/tarja-kauppila-aducate.jpg\"><img loading=\"lazy\" decoding=\"async\" width=\"888\" height=\"686\" src=\"https:\/\/blogs.uef.fi\/jatkuvaoppiminen\/wp-content\/uploads\/sites\/160\/2015\/06\/tarja-kauppila-aducate.jpg?w=300\" alt=\"Tarja-Kauppila-aducate\" class=\"wp-image-600\" style=\"width:292px;height:auto\" srcset=\"https:\/\/blogs.uef.fi\/jatkuvaoppiminen\/wp-content\/uploads\/sites\/160\/2015\/06\/tarja-kauppila-aducate.jpg 888w, https:\/\/blogs.uef.fi\/jatkuvaoppiminen\/wp-content\/uploads\/sites\/160\/2015\/06\/tarja-kauppila-aducate-300x232.jpg 300w, https:\/\/blogs.uef.fi\/jatkuvaoppiminen\/wp-content\/uploads\/sites\/160\/2015\/06\/tarja-kauppila-aducate-768x593.jpg 768w\" sizes=\"auto, (max-width: 888px) 100vw, 888px\" \/><\/a><\/figure>\n\n\n\n<p>Kirjoittaja Tarja Kauppila opiskelee UEF EMBA-ohjelmassamme ja toimii It\u00e4-Suomen sosiaalialan osaamiskeskuksen johtajana.<\/p>\n\n\n\n<p>Hae joustaviin juuri sinun tarpeisiin r\u00e4\u00e4t\u00e4l\u00f6ityihin <a href=\"http:\/\/www.aducate.fi\/emba\">EMBA-opintoihin<\/a><\/p>\n","protected":false},"excerpt":{"rendered":"<p>Aurinko on melko korkealla, mutta aamu tuntuu hieman viile\u00e4lt\u00e4. Silmien edess\u00e4 vilkkuu edell\u00e4 taivaltavan isoveljen reppuselk\u00e4. Keskustelu harventuu matkan p\u00e4\u00e4tepisteen l\u00e4hetess\u00e4 kuin itsest\u00e4\u00e4n, vain muutama sana en\u00e4\u00e4 vaihdetaan. V\u00e4h\u00e4n heng\u00e4stytt\u00e4\u00e4, ehk\u00e4 j\u00e4nnitt\u00e4\u00e4kin: kouluun tutustumisp\u00e4iv\u00e4. Muutamat kymmenet metrit, ja m\u00e4ke\u00e4 yl\u00f6s johtava oikopolku saattelee opinahjolle. J\u00e4lkeenp\u00e4in kyl\u00e4koulu saattoi n\u00e4ytt\u00e4\u00e4 perin vaatimattomalta rakennukselta. Mutta muistan, ett\u00e4 tuona [&hellip;]<\/p>\n","protected":false},"author":1,"featured_media":0,"comment_status":"open","ping_status":"open","sticky":false,"template":"","format":"standard","meta":{"_acf_changed":false,"footnotes":""},"categories":[14],"tags":[],"class_list":["post-599","post","type-post","status-publish","format-standard","hentry","category-muut-kirjoitukset"],"acf":[],"yoast_head":"<!-- This site is optimized with the Yoast SEO plugin v27.3 - https:\/\/yoast.com\/product\/yoast-seo-wordpress\/ -->\n<title>Jo joutui armas aika - Jatkuva oppiminen<\/title>\n<meta name=\"robots\" content=\"index, follow, max-snippet:-1, max-image-preview:large, max-video-preview:-1\" \/>\n<link rel=\"canonical\" href=\"https:\/\/blogs.uef.fi\/jatkuvaoppiminen\/2015\/06\/01\/jo-joutui-armas-aika\/\" \/>\n<meta property=\"og:locale\" content=\"fi_FI\" \/>\n<meta property=\"og:type\" content=\"article\" \/>\n<meta property=\"og:title\" content=\"Jo joutui armas aika - Jatkuva oppiminen\" \/>\n<meta property=\"og:description\" content=\"Aurinko on melko korkealla, mutta aamu tuntuu hieman viile\u00e4lt\u00e4. Silmien edess\u00e4 vilkkuu edell\u00e4 taivaltavan isoveljen reppuselk\u00e4. Keskustelu harventuu matkan p\u00e4\u00e4tepisteen l\u00e4hetess\u00e4 kuin itsest\u00e4\u00e4n, vain muutama sana en\u00e4\u00e4 vaihdetaan. V\u00e4h\u00e4n heng\u00e4stytt\u00e4\u00e4, ehk\u00e4 j\u00e4nnitt\u00e4\u00e4kin: kouluun tutustumisp\u00e4iv\u00e4. Muutamat kymmenet metrit, ja m\u00e4ke\u00e4 yl\u00f6s johtava oikopolku saattelee opinahjolle. J\u00e4lkeenp\u00e4in kyl\u00e4koulu saattoi n\u00e4ytt\u00e4\u00e4 perin vaatimattomalta rakennukselta. Mutta muistan, ett\u00e4 tuona [&hellip;]\" \/>\n<meta property=\"og:url\" content=\"https:\/\/blogs.uef.fi\/jatkuvaoppiminen\/2015\/06\/01\/jo-joutui-armas-aika\/\" \/>\n<meta property=\"og:site_name\" content=\"Jatkuva oppiminen\" \/>\n<meta property=\"article:published_time\" content=\"2015-06-01T13:51:39+00:00\" \/>\n<meta property=\"article:modified_time\" content=\"2025-07-08T07:57:14+00:00\" \/>\n<meta property=\"og:image\" content=\"https:\/\/blogs.uef.fi\/jatkuvaoppiminen\/wp-content\/uploads\/sites\/160\/2015\/06\/aducate_k1-5.jpg\" \/>\n\t<meta property=\"og:image:width\" content=\"2000\" \/>\n\t<meta property=\"og:image:height\" content=\"1125\" \/>\n\t<meta property=\"og:image:type\" content=\"image\/jpeg\" \/>\n<meta name=\"author\" content=\"uef-admin\" \/>\n<meta name=\"twitter:card\" content=\"summary_large_image\" \/>\n<meta name=\"twitter:label1\" content=\"Kirjoittanut\" \/>\n\t<meta name=\"twitter:data1\" content=\"uef-admin\" \/>\n\t<meta name=\"twitter:label2\" content=\"Arvioitu lukuaika\" \/>\n\t<meta name=\"twitter:data2\" content=\"3 minuuttia\" \/>\n<script type=\"application\/ld+json\" class=\"yoast-schema-graph\">{\"@context\":\"https:\\\/\\\/schema.org\",\"@graph\":[{\"@type\":\"Article\",\"@id\":\"https:\\\/\\\/blogs.uef.fi\\\/jatkuvaoppiminen\\\/2015\\\/06\\\/01\\\/jo-joutui-armas-aika\\\/#article\",\"isPartOf\":{\"@id\":\"https:\\\/\\\/blogs.uef.fi\\\/jatkuvaoppiminen\\\/2015\\\/06\\\/01\\\/jo-joutui-armas-aika\\\/\"},\"author\":{\"name\":\"uef-admin\",\"@id\":\"https:\\\/\\\/blogs.uef.fi\\\/jatkuvaoppiminen\\\/#\\\/schema\\\/person\\\/68b9405b92c78017eecd7b0679c34075\"},\"headline\":\"Jo joutui armas aika\",\"datePublished\":\"2015-06-01T13:51:39+00:00\",\"dateModified\":\"2025-07-08T07:57:14+00:00\",\"mainEntityOfPage\":{\"@id\":\"https:\\\/\\\/blogs.uef.fi\\\/jatkuvaoppiminen\\\/2015\\\/06\\\/01\\\/jo-joutui-armas-aika\\\/\"},\"wordCount\":458,\"commentCount\":0,\"image\":{\"@id\":\"https:\\\/\\\/blogs.uef.fi\\\/jatkuvaoppiminen\\\/2015\\\/06\\\/01\\\/jo-joutui-armas-aika\\\/#primaryimage\"},\"thumbnailUrl\":\"https:\\\/\\\/blogs.uef.fi\\\/jatkuvaoppiminen\\\/wp-content\\\/uploads\\\/sites\\\/160\\\/2015\\\/06\\\/tarja-kauppila-aducate.jpg?w=300\",\"articleSection\":[\"Muut kirjoitukset\"],\"inLanguage\":\"fi\",\"potentialAction\":[{\"@type\":\"CommentAction\",\"name\":\"Comment\",\"target\":[\"https:\\\/\\\/blogs.uef.fi\\\/jatkuvaoppiminen\\\/2015\\\/06\\\/01\\\/jo-joutui-armas-aika\\\/#respond\"]}]},{\"@type\":\"WebPage\",\"@id\":\"https:\\\/\\\/blogs.uef.fi\\\/jatkuvaoppiminen\\\/2015\\\/06\\\/01\\\/jo-joutui-armas-aika\\\/\",\"url\":\"https:\\\/\\\/blogs.uef.fi\\\/jatkuvaoppiminen\\\/2015\\\/06\\\/01\\\/jo-joutui-armas-aika\\\/\",\"name\":\"Jo joutui armas aika - Jatkuva oppiminen\",\"isPartOf\":{\"@id\":\"https:\\\/\\\/blogs.uef.fi\\\/jatkuvaoppiminen\\\/#website\"},\"primaryImageOfPage\":{\"@id\":\"https:\\\/\\\/blogs.uef.fi\\\/jatkuvaoppiminen\\\/2015\\\/06\\\/01\\\/jo-joutui-armas-aika\\\/#primaryimage\"},\"image\":{\"@id\":\"https:\\\/\\\/blogs.uef.fi\\\/jatkuvaoppiminen\\\/2015\\\/06\\\/01\\\/jo-joutui-armas-aika\\\/#primaryimage\"},\"thumbnailUrl\":\"https:\\\/\\\/blogs.uef.fi\\\/jatkuvaoppiminen\\\/wp-content\\\/uploads\\\/sites\\\/160\\\/2015\\\/06\\\/tarja-kauppila-aducate.jpg?w=300\",\"datePublished\":\"2015-06-01T13:51:39+00:00\",\"dateModified\":\"2025-07-08T07:57:14+00:00\",\"author\":{\"@id\":\"https:\\\/\\\/blogs.uef.fi\\\/jatkuvaoppiminen\\\/#\\\/schema\\\/person\\\/68b9405b92c78017eecd7b0679c34075\"},\"breadcrumb\":{\"@id\":\"https:\\\/\\\/blogs.uef.fi\\\/jatkuvaoppiminen\\\/2015\\\/06\\\/01\\\/jo-joutui-armas-aika\\\/#breadcrumb\"},\"inLanguage\":\"fi\",\"potentialAction\":[{\"@type\":\"ReadAction\",\"target\":[\"https:\\\/\\\/blogs.uef.fi\\\/jatkuvaoppiminen\\\/2015\\\/06\\\/01\\\/jo-joutui-armas-aika\\\/\"]}]},{\"@type\":\"ImageObject\",\"inLanguage\":\"fi\",\"@id\":\"https:\\\/\\\/blogs.uef.fi\\\/jatkuvaoppiminen\\\/2015\\\/06\\\/01\\\/jo-joutui-armas-aika\\\/#primaryimage\",\"url\":\"https:\\\/\\\/blogs.uef.fi\\\/jatkuvaoppiminen\\\/wp-content\\\/uploads\\\/sites\\\/160\\\/2015\\\/06\\\/tarja-kauppila-aducate.jpg\",\"contentUrl\":\"https:\\\/\\\/blogs.uef.fi\\\/jatkuvaoppiminen\\\/wp-content\\\/uploads\\\/sites\\\/160\\\/2015\\\/06\\\/tarja-kauppila-aducate.jpg\",\"width\":888,\"height\":686,\"caption\":\"Tarja-Kauppila-aducate\"},{\"@type\":\"BreadcrumbList\",\"@id\":\"https:\\\/\\\/blogs.uef.fi\\\/jatkuvaoppiminen\\\/2015\\\/06\\\/01\\\/jo-joutui-armas-aika\\\/#breadcrumb\",\"itemListElement\":[{\"@type\":\"ListItem\",\"position\":1,\"name\":\"Home\",\"item\":\"https:\\\/\\\/blogs.uef.fi\\\/jatkuvaoppiminen\\\/\"},{\"@type\":\"ListItem\",\"position\":2,\"name\":\"Jo joutui armas aika\"}]},{\"@type\":\"WebSite\",\"@id\":\"https:\\\/\\\/blogs.uef.fi\\\/jatkuvaoppiminen\\\/#website\",\"url\":\"https:\\\/\\\/blogs.uef.fi\\\/jatkuvaoppiminen\\\/\",\"name\":\"Jatkuva oppiminen\",\"description\":\"\",\"potentialAction\":[{\"@type\":\"SearchAction\",\"target\":{\"@type\":\"EntryPoint\",\"urlTemplate\":\"https:\\\/\\\/blogs.uef.fi\\\/jatkuvaoppiminen\\\/?s={search_term_string}\"},\"query-input\":{\"@type\":\"PropertyValueSpecification\",\"valueRequired\":true,\"valueName\":\"search_term_string\"}}],\"inLanguage\":\"fi\"},{\"@type\":\"Person\",\"@id\":\"https:\\\/\\\/blogs.uef.fi\\\/jatkuvaoppiminen\\\/#\\\/schema\\\/person\\\/68b9405b92c78017eecd7b0679c34075\",\"name\":\"uef-admin\",\"image\":{\"@type\":\"ImageObject\",\"inLanguage\":\"fi\",\"@id\":\"https:\\\/\\\/secure.gravatar.com\\\/avatar\\\/6c9f5016c320b72333096361e494f2c004505657367d2847a11e96de0655f758?s=96&d=mm&r=g\",\"url\":\"https:\\\/\\\/secure.gravatar.com\\\/avatar\\\/6c9f5016c320b72333096361e494f2c004505657367d2847a11e96de0655f758?s=96&d=mm&r=g\",\"contentUrl\":\"https:\\\/\\\/secure.gravatar.com\\\/avatar\\\/6c9f5016c320b72333096361e494f2c004505657367d2847a11e96de0655f758?s=96&d=mm&r=g\",\"caption\":\"uef-admin\"},\"url\":\"https:\\\/\\\/blogs.uef.fi\\\/jatkuvaoppiminen\\\/author\\\/uef-admin\\\/\"}]}<\/script>\n<!-- \/ Yoast SEO plugin. -->","yoast_head_json":{"title":"Jo joutui armas aika - Jatkuva oppiminen","robots":{"index":"index","follow":"follow","max-snippet":"max-snippet:-1","max-image-preview":"max-image-preview:large","max-video-preview":"max-video-preview:-1"},"canonical":"https:\/\/blogs.uef.fi\/jatkuvaoppiminen\/2015\/06\/01\/jo-joutui-armas-aika\/","og_locale":"fi_FI","og_type":"article","og_title":"Jo joutui armas aika - Jatkuva oppiminen","og_description":"Aurinko on melko korkealla, mutta aamu tuntuu hieman viile\u00e4lt\u00e4. Silmien edess\u00e4 vilkkuu edell\u00e4 taivaltavan isoveljen reppuselk\u00e4. Keskustelu harventuu matkan p\u00e4\u00e4tepisteen l\u00e4hetess\u00e4 kuin itsest\u00e4\u00e4n, vain muutama sana en\u00e4\u00e4 vaihdetaan. V\u00e4h\u00e4n heng\u00e4stytt\u00e4\u00e4, ehk\u00e4 j\u00e4nnitt\u00e4\u00e4kin: kouluun tutustumisp\u00e4iv\u00e4. Muutamat kymmenet metrit, ja m\u00e4ke\u00e4 yl\u00f6s johtava oikopolku saattelee opinahjolle. J\u00e4lkeenp\u00e4in kyl\u00e4koulu saattoi n\u00e4ytt\u00e4\u00e4 perin vaatimattomalta rakennukselta. Mutta muistan, ett\u00e4 tuona [&hellip;]","og_url":"https:\/\/blogs.uef.fi\/jatkuvaoppiminen\/2015\/06\/01\/jo-joutui-armas-aika\/","og_site_name":"Jatkuva oppiminen","article_published_time":"2015-06-01T13:51:39+00:00","article_modified_time":"2025-07-08T07:57:14+00:00","og_image":[{"width":2000,"height":1125,"url":"https:\/\/blogs.uef.fi\/jatkuvaoppiminen\/wp-content\/uploads\/sites\/160\/2015\/06\/aducate_k1-5.jpg","type":"image\/jpeg"}],"author":"uef-admin","twitter_card":"summary_large_image","twitter_misc":{"Kirjoittanut":"uef-admin","Arvioitu lukuaika":"3 minuuttia"},"schema":{"@context":"https:\/\/schema.org","@graph":[{"@type":"Article","@id":"https:\/\/blogs.uef.fi\/jatkuvaoppiminen\/2015\/06\/01\/jo-joutui-armas-aika\/#article","isPartOf":{"@id":"https:\/\/blogs.uef.fi\/jatkuvaoppiminen\/2015\/06\/01\/jo-joutui-armas-aika\/"},"author":{"name":"uef-admin","@id":"https:\/\/blogs.uef.fi\/jatkuvaoppiminen\/#\/schema\/person\/68b9405b92c78017eecd7b0679c34075"},"headline":"Jo joutui armas aika","datePublished":"2015-06-01T13:51:39+00:00","dateModified":"2025-07-08T07:57:14+00:00","mainEntityOfPage":{"@id":"https:\/\/blogs.uef.fi\/jatkuvaoppiminen\/2015\/06\/01\/jo-joutui-armas-aika\/"},"wordCount":458,"commentCount":0,"image":{"@id":"https:\/\/blogs.uef.fi\/jatkuvaoppiminen\/2015\/06\/01\/jo-joutui-armas-aika\/#primaryimage"},"thumbnailUrl":"https:\/\/blogs.uef.fi\/jatkuvaoppiminen\/wp-content\/uploads\/sites\/160\/2015\/06\/tarja-kauppila-aducate.jpg?w=300","articleSection":["Muut kirjoitukset"],"inLanguage":"fi","potentialAction":[{"@type":"CommentAction","name":"Comment","target":["https:\/\/blogs.uef.fi\/jatkuvaoppiminen\/2015\/06\/01\/jo-joutui-armas-aika\/#respond"]}]},{"@type":"WebPage","@id":"https:\/\/blogs.uef.fi\/jatkuvaoppiminen\/2015\/06\/01\/jo-joutui-armas-aika\/","url":"https:\/\/blogs.uef.fi\/jatkuvaoppiminen\/2015\/06\/01\/jo-joutui-armas-aika\/","name":"Jo joutui armas aika - Jatkuva oppiminen","isPartOf":{"@id":"https:\/\/blogs.uef.fi\/jatkuvaoppiminen\/#website"},"primaryImageOfPage":{"@id":"https:\/\/blogs.uef.fi\/jatkuvaoppiminen\/2015\/06\/01\/jo-joutui-armas-aika\/#primaryimage"},"image":{"@id":"https:\/\/blogs.uef.fi\/jatkuvaoppiminen\/2015\/06\/01\/jo-joutui-armas-aika\/#primaryimage"},"thumbnailUrl":"https:\/\/blogs.uef.fi\/jatkuvaoppiminen\/wp-content\/uploads\/sites\/160\/2015\/06\/tarja-kauppila-aducate.jpg?w=300","datePublished":"2015-06-01T13:51:39+00:00","dateModified":"2025-07-08T07:57:14+00:00","author":{"@id":"https:\/\/blogs.uef.fi\/jatkuvaoppiminen\/#\/schema\/person\/68b9405b92c78017eecd7b0679c34075"},"breadcrumb":{"@id":"https:\/\/blogs.uef.fi\/jatkuvaoppiminen\/2015\/06\/01\/jo-joutui-armas-aika\/#breadcrumb"},"inLanguage":"fi","potentialAction":[{"@type":"ReadAction","target":["https:\/\/blogs.uef.fi\/jatkuvaoppiminen\/2015\/06\/01\/jo-joutui-armas-aika\/"]}]},{"@type":"ImageObject","inLanguage":"fi","@id":"https:\/\/blogs.uef.fi\/jatkuvaoppiminen\/2015\/06\/01\/jo-joutui-armas-aika\/#primaryimage","url":"https:\/\/blogs.uef.fi\/jatkuvaoppiminen\/wp-content\/uploads\/sites\/160\/2015\/06\/tarja-kauppila-aducate.jpg","contentUrl":"https:\/\/blogs.uef.fi\/jatkuvaoppiminen\/wp-content\/uploads\/sites\/160\/2015\/06\/tarja-kauppila-aducate.jpg","width":888,"height":686,"caption":"Tarja-Kauppila-aducate"},{"@type":"BreadcrumbList","@id":"https:\/\/blogs.uef.fi\/jatkuvaoppiminen\/2015\/06\/01\/jo-joutui-armas-aika\/#breadcrumb","itemListElement":[{"@type":"ListItem","position":1,"name":"Home","item":"https:\/\/blogs.uef.fi\/jatkuvaoppiminen\/"},{"@type":"ListItem","position":2,"name":"Jo joutui armas aika"}]},{"@type":"WebSite","@id":"https:\/\/blogs.uef.fi\/jatkuvaoppiminen\/#website","url":"https:\/\/blogs.uef.fi\/jatkuvaoppiminen\/","name":"Jatkuva oppiminen","description":"","potentialAction":[{"@type":"SearchAction","target":{"@type":"EntryPoint","urlTemplate":"https:\/\/blogs.uef.fi\/jatkuvaoppiminen\/?s={search_term_string}"},"query-input":{"@type":"PropertyValueSpecification","valueRequired":true,"valueName":"search_term_string"}}],"inLanguage":"fi"},{"@type":"Person","@id":"https:\/\/blogs.uef.fi\/jatkuvaoppiminen\/#\/schema\/person\/68b9405b92c78017eecd7b0679c34075","name":"uef-admin","image":{"@type":"ImageObject","inLanguage":"fi","@id":"https:\/\/secure.gravatar.com\/avatar\/6c9f5016c320b72333096361e494f2c004505657367d2847a11e96de0655f758?s=96&d=mm&r=g","url":"https:\/\/secure.gravatar.com\/avatar\/6c9f5016c320b72333096361e494f2c004505657367d2847a11e96de0655f758?s=96&d=mm&r=g","contentUrl":"https:\/\/secure.gravatar.com\/avatar\/6c9f5016c320b72333096361e494f2c004505657367d2847a11e96de0655f758?s=96&d=mm&r=g","caption":"uef-admin"},"url":"https:\/\/blogs.uef.fi\/jatkuvaoppiminen\/author\/uef-admin\/"}]}},"_links":{"self":[{"href":"https:\/\/blogs.uef.fi\/jatkuvaoppiminen\/wp-json\/wp\/v2\/posts\/599","targetHints":{"allow":["GET"]}}],"collection":[{"href":"https:\/\/blogs.uef.fi\/jatkuvaoppiminen\/wp-json\/wp\/v2\/posts"}],"about":[{"href":"https:\/\/blogs.uef.fi\/jatkuvaoppiminen\/wp-json\/wp\/v2\/types\/post"}],"author":[{"embeddable":true,"href":"https:\/\/blogs.uef.fi\/jatkuvaoppiminen\/wp-json\/wp\/v2\/users\/1"}],"replies":[{"embeddable":true,"href":"https:\/\/blogs.uef.fi\/jatkuvaoppiminen\/wp-json\/wp\/v2\/comments?post=599"}],"version-history":[{"count":1,"href":"https:\/\/blogs.uef.fi\/jatkuvaoppiminen\/wp-json\/wp\/v2\/posts\/599\/revisions"}],"predecessor-version":[{"id":5545,"href":"https:\/\/blogs.uef.fi\/jatkuvaoppiminen\/wp-json\/wp\/v2\/posts\/599\/revisions\/5545"}],"wp:attachment":[{"href":"https:\/\/blogs.uef.fi\/jatkuvaoppiminen\/wp-json\/wp\/v2\/media?parent=599"}],"wp:term":[{"taxonomy":"category","embeddable":true,"href":"https:\/\/blogs.uef.fi\/jatkuvaoppiminen\/wp-json\/wp\/v2\/categories?post=599"},{"taxonomy":"post_tag","embeddable":true,"href":"https:\/\/blogs.uef.fi\/jatkuvaoppiminen\/wp-json\/wp\/v2\/tags?post=599"}],"curies":[{"name":"wp","href":"https:\/\/api.w.org\/{rel}","templated":true}]}}