{"id":4430,"date":"2023-12-21T12:11:57","date_gmt":"2023-12-21T12:11:57","guid":{"rendered":"https:\/\/blogs.uef.fi\/jatkuvaoppiminen\/?p=4430"},"modified":"2025-07-10T08:37:03","modified_gmt":"2025-07-10T06:37:03","slug":"resilienssi-ja-vahvuudet","status":"publish","type":"post","link":"https:\/\/blogs.uef.fi\/jatkuvaoppiminen\/2023\/12\/21\/resilienssi-ja-vahvuudet\/","title":{"rendered":"Resilienssi ja vahvuudet"},"content":{"rendered":"\n<p><em>Tekstiversio Muutosta ilmassa? Ty\u00f6el\u00e4m\u00e4n resilienssi\u00e4 -podcast sarjasta jakso 4.<\/em><\/p>\n\n\n\n<p>Kuinka voisimme johtaa muutoksia resilienssi\u00e4 yll\u00e4pit\u00e4en? T\u00e4ss\u00e4 blogissa esitell\u00e4\u00e4n ajatuksia vahvuuksien johtamisesta. Autenttisia vahvuuksiaan tunnistavilla ja hy\u00f6dynt\u00e4vill\u00e4 ihmisill\u00e4 n\u00e4ytt\u00e4isi olevan vahvempi resilienssi. Vahvuuksia kannattaa siis johtaa t\u00e4m\u00e4nkin takia.&nbsp;<\/p>\n\n\n\n<p>Vahvuusperustaisessa ajattelussa ja toiminnassa keskitymme vahvuuksiin, emme heikkouksiin. Aikoinaan Gallup toteutti kyselyn vahvuuksiin liittyen. Osallistujat pohtivat, kumpi on el\u00e4m\u00e4ss\u00e4 p\u00e4rj\u00e4\u00e4misen kannalta t\u00e4rke\u00e4mp\u00e4\u00e4: keskitty\u00e4 omien heikkouksien kehitt\u00e4miseen vai omien vahvuuksien hy\u00f6dynt\u00e4miseen. Suurin osa vastaajista ajatteli, ett\u00e4 heikkouksien kehitt\u00e4minen on t\u00e4rke\u00e4mp\u00e4\u00e4. Vahvuuksien johtamisessa ajatellaan toisin. Keskeist\u00e4 on tunnistaa vahvuudet ja l\u00f6yt\u00e4\u00e4 ty\u00f6ntekij\u00f6ille tilanteita ja teht\u00e4vi\u00e4, joissa he voivat hy\u00f6dynt\u00e4\u00e4 vahvuuksiaan.&nbsp;<\/p>\n\n\n\n<p>Mik\u00e4 sitten kiinnostaa heikkouksissa? Linley ym. ehdottavat, ett\u00e4 t\u00e4t\u00e4 selitt\u00e4\u00e4 negatiivisuusvinouma. Ihmisten huomio suuntautuu helpommin asioihin, jotka koetaan uhkaaviksi. Esimerkiksi koronapandemian alussa ihmiset ostivat paljon vessapaperia, koska pelk\u00e4siv\u00e4t sen loppuvan. Uhkaavat asiat kaappaavat siis huomiomme. Jos ajattelemme heikkouksien olevan meille uhka, niin huomiomme on heikkouksissa.&nbsp;&nbsp;<\/p>\n\n\n\n<p>Negatiivisuusvinoumassa huomiomme suuntautuu siis uhkaaviin asioihin. T\u00e4t\u00e4 on pyritty selitt\u00e4m\u00e4\u00e4n mm. seuraavalla tarinalla. Kuvitellaan esi-is\u00e4mme olevan mets\u00e4stysreissulla noin 8000 vuotta sitten. H\u00e4n kohtaa tilanteen, jossa pusikon takana on beigen v\u00e4rinen hahmo. Hahmosta ei ota selv\u00e4\u00e4, onko se leijona vai hiekkakivi. Esi-is\u00e4mme tekee virheen numero yksi: kiert\u00e4\u00e4 pusikon kaukaa vain havaitakseen, ett\u00e4 siell\u00e4 on hiekkakivi ja ett\u00e4 h\u00e4n k\u00e4ytti energiaansa turhaan. Toinen esi-is\u00e4mme tekee virheen numero kaksi: menee suoraan pusikon l\u00e4pi, kohtaa leijonan ja tulee sy\u00f6dyksi. Olemme siis niiden ihmisten j\u00e4lkel\u00e4isi\u00e4, jotka ovat aina ajatelleet jokaisen pusikon takana olevan uhka. Olemme siis biologisesti virittyneet huomaamaan uhkaa ja sen takia joudumme tekem\u00e4\u00e4n ty\u00f6t\u00e4 suunnataksemme huomiota esimerkiksi heikkouksista vahvuuksiin.&nbsp;<\/p>\n\n\n\n<p>Vahvuuksia on tutkittu paljon. Vahvuuksiaan hy\u00f6dynt\u00e4vill\u00e4 ihmisill\u00e4 on korkeampi itsetunto, ovat terveempi\u00e4 ja onnellisempia, heill\u00e4 on enemm\u00e4n energiaa, he kokevat v\u00e4hemm\u00e4n stressi\u00e4 ja heill\u00e4 on vahvempi resilienssi. Heill\u00e4 on suurempi todenn\u00e4k\u00f6isyys saavuttaa tavoitteensa, ovat sitoutuneempia ty\u00f6h\u00f6ns\u00e4 ja he ovat tehokkaampia itsens\u00e4 kehitt\u00e4misess\u00e4. Vahvuuksien hy\u00f6dynt\u00e4minen ty\u00f6ss\u00e4 liittyy my\u00f6s korkeampaan asiakasuskollisuuteen ja tuottavuuteen. Vahvuuksia on tutkittu my\u00f6s koronapandemian aikana, ja on havaittu, ett\u00e4 ne liittyv\u00e4t resilienssiin. Voimme siis todeta, ett\u00e4 vahvuudet ja resilienssi liittyv\u00e4t toisiinsa.&nbsp;<\/p>\n\n\n\n<figure class=\"wp-block-image size-large\"><img loading=\"lazy\" decoding=\"async\" width=\"1024\" height=\"1024\" src=\"https:\/\/blogs.uef.fi\/jatkuvaoppiminen\/wp-content\/uploads\/sites\/160\/2023\/12\/tyoelaman-resilienssia-jakso-4-1024x1024.png\" alt=\"\" class=\"wp-image-4433\" srcset=\"https:\/\/blogs.uef.fi\/jatkuvaoppiminen\/wp-content\/uploads\/sites\/160\/2023\/12\/tyoelaman-resilienssia-jakso-4-1024x1024.png 1024w, https:\/\/blogs.uef.fi\/jatkuvaoppiminen\/wp-content\/uploads\/sites\/160\/2023\/12\/tyoelaman-resilienssia-jakso-4-300x300.png 300w, https:\/\/blogs.uef.fi\/jatkuvaoppiminen\/wp-content\/uploads\/sites\/160\/2023\/12\/tyoelaman-resilienssia-jakso-4-150x150.png 150w, https:\/\/blogs.uef.fi\/jatkuvaoppiminen\/wp-content\/uploads\/sites\/160\/2023\/12\/tyoelaman-resilienssia-jakso-4-768x768.png 768w, https:\/\/blogs.uef.fi\/jatkuvaoppiminen\/wp-content\/uploads\/sites\/160\/2023\/12\/tyoelaman-resilienssia-jakso-4-1536x1536.png 1536w, https:\/\/blogs.uef.fi\/jatkuvaoppiminen\/wp-content\/uploads\/sites\/160\/2023\/12\/tyoelaman-resilienssia-jakso-4-2048x2048.png 2048w, https:\/\/blogs.uef.fi\/jatkuvaoppiminen\/wp-content\/uploads\/sites\/160\/2023\/12\/tyoelaman-resilienssia-jakso-4-100x100.png 100w\" sizes=\"auto, (max-width: 1024px) 100vw, 1024px\" \/><\/figure>\n\n\n\n<p>Yksi keino muutosjohtamisen vahvistamiseksi voisi siis olla vahvuuksien johtaminen. T\u00e4ss\u00e4 yhteydess\u00e4 on hyv\u00e4 huomata, ett\u00e4 vahvuudet ja osaaminen ovat eri asioita. Osaaminen on tietoa, taitoa, asennetta ja kokemusta. Vahvuus taas on jotain erilaista; se on henkil\u00f6lle ominainen tapa ajatella, toimia ja k\u00e4ytt\u00e4yty\u00e4. Osaaminen on opittavissa olevaa, mutta vahvuudet muodostuvat varhaisnuoruuteen menness\u00e4 ja ovat sen j\u00e4lkeen melko pysyvi\u00e4. On esitetty, ett\u00e4 vahvuuksien muodostumiseen liittyv\u00e4t perint\u00f6tekij\u00e4t, vuorovaikutusymp\u00e4rist\u00f6t ja puhdas sattuma. Niiden yhteisvaikutuksista syntyy joukko vahvuuksia. Vahvuuksien ja osaamisen erottaminen toisistaan auttaa johtamista. Voimme siis johtaa osaamista ja\/tai vahvuuksia.&nbsp;<\/p>\n\n\n\n<p>Jos tahdomme johtaa vahvuuksia, on hyv\u00e4 tiet\u00e4\u00e4, mit\u00e4 vahvuudet ovat. Linley ym. mukaan vahvuudet ovat tyypillist\u00e4 tapaa ajatella, toimia ja tuntea, ja niiden hy\u00f6dynt\u00e4minen energisoi ja mahdollistaa optimaalisen toimintakyvyn. Vahvuudet ovat tietyll\u00e4 tapaa sosiaalisesti rakennettuja. Esimerkiksi blogin kirjoittaja oli yli 30-vuotias ennen kuin kuuli h\u00e4nell\u00e4 olevan vahvuuksia. Toki h\u00e4n oli p\u00e4rj\u00e4nnyt siihen asti ehk\u00e4 tiedostamattaan vahvuuksiaan hy\u00f6dynt\u00e4en. Vahvuustestin j\u00e4lkeen h\u00e4n kuuli vahvuuksistaan, mill\u00e4 oli energisoiva vaikutus.&nbsp;&nbsp;<\/p>\n\n\n\n<p>Osaamiskeskeisesti saatetaan ajatella, ett\u00e4 ensin asetetaan tavoite ja sitten mietit\u00e4\u00e4n, mit\u00e4 osaamista tulisi kehitt\u00e4\u00e4 tavoitteen saavuttamiseksi. Vahvuusperustaisessa ajattelussa logiikka on kuitenkin erilainen. Ensin tunnistetaan vahvuudet, sitten asetetaan suuntima ja edet\u00e4\u00e4n. Toisin sanoen ensin vahvuudet ja sitten tavoitteet. Toki osaamisen ja vahvuuksien johtaminen eiv\u00e4t sulje toisiaan pois. Ensin voitaisiin tunnistaa vahvuudet, asettaa suuntima ja sitten hankkia tavoitteen saavuttamista tukevaa osaamista. N\u00e4in vahvuudet ja osaaminen tukevat toisiaan tavoitteiden saavuttamisessa.&nbsp;<\/p>\n\n\n\n<p>Jos ajattelemme vahvuuksien olevan melko pysyvi\u00e4, niin samalla tunnustamme my\u00f6s heikkouksiemme olevan melko pysyvi\u00e4. Jos vahvuuksissa on taustalla perint\u00f6tekij\u00e4t, kasvu- ja vuorovaikutusymp\u00e4rist\u00f6t sek\u00e4 sattumat, niin heikkouksien osalta niit\u00e4 ei ole.&nbsp;&nbsp;<\/p>\n\n\n\n<p>Vahvuuden voi tunnistaa siit\u00e4, ett\u00e4 tekee jotain usein, pit\u00e4\u00e4 siit\u00e4 ja tuo tekeminen antaa energiaa. Toisin sanoen vahvuuksien hy\u00f6dynt\u00e4minen energisoi. Vahvuuksia voi pyrki\u00e4 tunnistamaan itse itsess\u00e4\u00e4n, mik\u00e4 n\u00e4ytt\u00e4isi melko hyvin onnistuvan. Toisaalta voidaan tehd\u00e4 vahvuushaastattelu, jossa valmentava johtaja auttaa oivaltavin kysymyksin ty\u00f6ntekij\u00f6it\u00e4 tunnistamaan vahvuuksiaan. Olemme kokeilleet t\u00e4t\u00e4 haastattelua useissa tilanteissa. Se n\u00e4ytt\u00e4isi toimivan, vaikka se viekin jonkin verran aikaa. Kolmas keino voisi olla tehd\u00e4 vahvuustesti, kuten CAPP tai VIA. N\u00e4ist\u00e4 VIA-vahvuustesti on hyvin tutkittu, ja siihen liittyv\u00e4 testi on paljon k\u00e4ytetty.&nbsp;<\/p>\n\n\n\n<p>VIA-vahvuuksia on 24 kappaletta, ja ne perustuvat arvoihin (Values In Action). VIA antaa k\u00e4ytt\u00f6\u00f6mme vahvuussanaston, joka auttaa tunnistamaan vahvuuksia. Toisaalta VIA-vahvuuksiin kannattaa liitt\u00e4\u00e4 valmennuskeskustelu, jossa mm. seuraavia kysymyksi\u00e4: Mitk\u00e4 ovat VIA-testin mukaan vahvimmat vahvuutesi? Milloin ja miss\u00e4 tilanteessa niit\u00e4 viimeksi k\u00e4ytit? Jos olet joskus ollut montun pohjalla, niin mit\u00e4 vahvuuksia k\u00e4ytit noustessasi montusta yl\u00f6s?&nbsp;<\/p>\n\n\n\n<p>Vahvuustestiin liittyv\u00e4\u00e4 valmennuskeskustelua voi tehd\u00e4 yksil\u00f6ille ja ryhmille. Tutkimuksissa on havaittu, ett\u00e4 ty\u00f6n tuunaaminen vahvuuksien mukaisesti tuottaa ty\u00f6tyytyv\u00e4isyytt\u00e4, ty\u00f6hyvinvointia ja tuottavuutta. N\u00e4in ollen resilienssin vahvistamisen yksi keino on auttaa henkil\u00f6st\u00f6\u00e4 tunnistamaan autenttisia vahvuuksiaan ja mahdollistaa ty\u00f6n tuunaaminen kohti vahvuuksien viel\u00e4 suurempaa k\u00e4ytt\u00f6\u00e4.&nbsp;<\/p>\n\n\n\n<p>Vahvuuksiin voisi suhtautua liukus\u00e4\u00e4timen\u00e4 \u2013 mik\u00e4 on oikea s\u00e4\u00e4t\u00f6 t\u00e4ss\u00e4 tilanteessa? Esimerkiksi sitkeys voi k\u00e4\u00e4nty\u00e4 heikkoudeksi, jos aina, joka tilanteessa ja kaikissa asioissa toimii sitke\u00e4sti ja sinnikk\u00e4\u00e4sti asian loppuun saakka vieden. T\u00e4m\u00e4 voi joissain tilanteissa johtaa uupumukseen vahvuuksien energisoivasta luonteesta huolimatta. Vahvuuksien hy\u00f6dynt\u00e4misess\u00e4 on hyv\u00e4 mietti\u00e4, mit\u00e4 vahvuutta ja kuinka paljon sit\u00e4 kannattaa kussakin tilanteessa k\u00e4ytt\u00e4\u00e4.&nbsp;<\/p>\n\n\n\n<p>Jossain tilanteessa vahvuudet saattavat t\u00f6rm\u00e4t\u00e4. Esimerkiksi ty\u00f6parista ensimm\u00e4inen on tuottelias ja innokas, ja toinen ty\u00f6parista on harkitsevainen. Ensimm\u00e4inen vain ideoi ja toinen vain harkitsee. Joissain tilanteissa t\u00e4m\u00e4 voi her\u00e4tt\u00e4\u00e4 t\u00f6rm\u00e4yksi\u00e4 tai ainakin ihmetyst\u00e4, jos vahvuuksista ei puhuta. Jos ty\u00f6pari tunnistaa ja tiet\u00e4\u00e4 toistensa vahvuudet, niin silloin idearikkaus ja harkitsevuus tukevat toisiaan. Toisin sanoen meid\u00e4n kannattaisi rakentaa ty\u00f6pareja ja tiimej\u00e4, joissa vahvuudet tukevat toisiaan ja hyv\u00e4ksymme toistemme vahvuudet.&nbsp;<\/p>\n\n\n\n<p>Vahvuuksia voidaan johtaa esimerkiksi tavoitekeskustelun kautta. Ensin palautetaan mieleen tunnistetut vahvuudet ja kuinka ne n\u00e4ytt\u00e4ytyv\u00e4t toiminnassa. Sitten p\u00e4\u00e4st\u00e4\u00e4n keskustelemaan tulevan kauden tavoitteista ja siit\u00e4, kuinka vahvuuksia voi hy\u00f6dynt\u00e4\u00e4 niiden saavuttamisessa. Tavoite keskustelun voi toteuttaa yksil\u00f6- tai ryhm\u00e4keskusteluna.&nbsp;<\/p>\n\n\n\n<p>Resilienssin teema voidaan integroida n\u00e4ihin yksil\u00f6- ja ryhm\u00e4tilanteisiin. K\u00e4yt\u00e4nn\u00f6ss\u00e4 t\u00e4m\u00e4 tarkoittaa, ett\u00e4 palautetaan mieleen aiempi haaste, vastoink\u00e4yminen tai vaikea ajanjakso, joka alussa tuntui vaikealta ja haastavalta, mutta josta kuitenkin selvittiin ja eteenp\u00e4in p\u00e4\u00e4stiin. T\u00e4t\u00e4 tilannetta tai ajanjaksoa voi tarkastella vahvuuksien n\u00e4k\u00f6kulmasta ja pohtia, mitk\u00e4 vahvuudet mahdollistivat eteenp\u00e4in menemisen t\u00e4ss\u00e4 vaativassa tilanteessa. Haastattelun tarkoituksena on tunnistaa vahvuudet ja tilanteet, joissa vahvuuksia on hy\u00f6dynnetty eteenp\u00e4in menemisess\u00e4. N\u00e4in voisi synty\u00e4 muistij\u00e4lki siit\u00e4, kuinka vahvuudet auttoivat vastoink\u00e4ymisiss\u00e4. T\u00e4t\u00e4 muistij\u00e4lke\u00e4 voi sitten hy\u00f6dynt\u00e4\u00e4 seuraavassa vastoink\u00e4ymisess\u00e4 ja muutoshyvinvoinnin vahvistamisessa.&nbsp;<\/p>\n\n\n\n<p><em>T\u00e4m\u00e4 blogiteksti on podcastin tekstiversio Muutosta ilmassa? Ty\u00f6el\u00e4m\u00e4n resilienssi\u00e4 -podcastsarjaan liittyen. Blogit ja podcastit on tehty Opetushallituksen rahoittamassa Hyvinvointia ja yhteis\u00f6llisyytt\u00e4 koulutushankkeessa.<\/em>&nbsp;<\/p>\n\n\n\n<figure class=\"wp-block-image size-full is-resized\"><img loading=\"lazy\" decoding=\"async\" width=\"500\" height=\"500\" src=\"https:\/\/blogs.uef.fi\/jatkuvaoppiminen\/wp-content\/uploads\/sites\/160\/2021\/08\/Arttu.jpg\" alt=\"\" class=\"wp-image-2883\" style=\"width:248px;height:auto\" srcset=\"https:\/\/blogs.uef.fi\/jatkuvaoppiminen\/wp-content\/uploads\/sites\/160\/2021\/08\/Arttu.jpg 500w, https:\/\/blogs.uef.fi\/jatkuvaoppiminen\/wp-content\/uploads\/sites\/160\/2021\/08\/Arttu-300x300.jpg 300w, https:\/\/blogs.uef.fi\/jatkuvaoppiminen\/wp-content\/uploads\/sites\/160\/2021\/08\/Arttu-150x150.jpg 150w, https:\/\/blogs.uef.fi\/jatkuvaoppiminen\/wp-content\/uploads\/sites\/160\/2021\/08\/Arttu-100x100.jpg 100w\" sizes=\"auto, (max-width: 500px) 100vw, 500px\" \/><\/figure>\n\n\n\n<p><a href=\"https:\/\/uefconnect.uef.fi\/henkilo\/arttu.puhakka\/\" target=\"_blank\" rel=\"noreferrer noopener\">Arttu Puhakka<\/a> on innoittava ja energinen valmentaja, joka ottaa osallistujat mukaan yhteiseen keskusteluun. H\u00e4nen koulutukset perustuvat tutkittuun tietoon ja k\u00e4yt\u00e4nn\u00f6ss\u00e4 hyv\u00e4ksi havaittuihin menetelmiin.\u202fArtun koulutuksissa on ollut yli 13000 osallistujaa, isoista p\u00f6rssiyrityksist\u00e4 kolmannen sektorin toimijoihin.<\/p>\n\n\n\n<figure class=\"wp-block-embed is-type-rich is-provider-spotify wp-block-embed-spotify wp-embed-aspect-21-9 wp-has-aspect-ratio\"><div class=\"wp-block-embed__wrapper\">\n<iframe title=\"Spotify Embed: Muutosta ilmassa? Ty\u00f6el\u00e4m\u00e4n resilienssi\u00e4 - Jakso 4: resilienssi ja vahvuudet\" style=\"border-radius: 12px\" width=\"100%\" height=\"152\" frameborder=\"0\" allowfullscreen allow=\"autoplay; clipboard-write; encrypted-media; fullscreen; picture-in-picture\" loading=\"lazy\" src=\"https:\/\/open.spotify.com\/embed\/episode\/4vUmlBlrKJr7fMJ2WUvxq3?si=b5hCWSraTB-9xCzoSjj9FQ&#038;utm_source=oembed\"><\/iframe>\n<\/div><\/figure>\n\n\n\n<h4 class=\"wp-block-heading has-medium-font-size\">Tutustumisen arvoisia l\u00e4hteit\u00e4:<\/h4>\n\n\n\n<p>Linley, Willars, Biswas-Diener. The Strengths Book.&nbsp;<\/p>\n\n\n\n<p>Negativity Bias, Negativity Dominance, and Contagion. Paul Rozin, Edward B. Royzman. <a href=\"https:\/\/doi.org\/10.1207\/S15327957PSPR0504_2\" target=\"_blank\" rel=\"noreferrer noopener\">https:\/\/doi.org\/10.1207\/S15327957PSPR0504_2<\/a>&nbsp;<\/p>\n\n\n\n<p>Not all emotions are created equal: The negativity bias in social-emotional development. Amrisha Vaish, Tobias Grossmann, and Amanda Woodward. <a href=\"https:\/\/dx.doi.org\/10.1037\/0033-2909.134.3.383\" target=\"_blank\" rel=\"noreferrer noopener\">10.1037\/0033-2909.134.3.383<\/a>&nbsp;<\/p>\n\n\n\n<p><a href=\"https:\/\/www.psychologytoday.com\/us\/articles\/200306\/our-brains-negative-bias\" target=\"_blank\" rel=\"noreferrer noopener\">https:\/\/www.psychologytoday.com\/us\/articles\/200306\/our-brains-negative-bias<\/a><\/p>\n\n\n\n<p><a href=\"https:\/\/www.viacharacter.org\/\" target=\"_blank\" rel=\"noreferrer noopener\">https:\/\/www.viacharacter.org\/<\/a><\/p>\n\n\n\n<p>Kuijpers, E., Kooij, D. T. A. M., &amp; van Woerkom, M. (2020). Align your job with yourself: The relationship between a job crafting intervention and work engagement, and the role of workload. Journal of Occupational Health Psychology, 25(1). DOI: <a href=\"http:\/\/doi.org\/10.1037\/ocp0000175\" target=\"_blank\" rel=\"noreferrer noopener\">http:\/\/doi.org\/10.1037\/ocp0000175<\/a>&nbsp;<\/p>\n\n\n\n<p>Gander, F., Gaitzsch, I., &amp; Ruch, W. (2020). The relationships of team role-and character strengths-balance with individual and team-level satisfaction and performance. Frontiers in Psychology. DOI: <a href=\"http:\/\/doi.org\/10.3389\/fpsyg.2020.566222\" target=\"_blank\" rel=\"noreferrer noopener\">http:\/\/doi.org\/10.3389\/fpsyg.2020.566222<\/a>&nbsp;&nbsp;<\/p>\n","protected":false},"excerpt":{"rendered":"<p>Tekstiversio Muutosta ilmassa? Ty\u00f6el\u00e4m\u00e4n resilienssi\u00e4 -podcast sarjasta jakso 4. Kuinka voisimme johtaa muutoksia resilienssi\u00e4 yll\u00e4pit\u00e4en? T\u00e4ss\u00e4 blogissa esitell\u00e4\u00e4n ajatuksia vahvuuksien johtamisesta. Autenttisia vahvuuksiaan tunnistavilla ja hy\u00f6dynt\u00e4vill\u00e4 ihmisill\u00e4 n\u00e4ytt\u00e4isi olevan vahvempi resilienssi. Vahvuuksia kannattaa siis johtaa t\u00e4m\u00e4nkin takia.&nbsp; Vahvuusperustaisessa ajattelussa ja toiminnassa keskitymme vahvuuksiin, emme heikkouksiin. Aikoinaan Gallup toteutti kyselyn vahvuuksiin liittyen. Osallistujat pohtivat, kumpi on [&hellip;]<\/p>\n","protected":false},"author":444,"featured_media":0,"comment_status":"open","ping_status":"open","sticky":false,"template":"","format":"standard","meta":{"_acf_changed":false,"footnotes":""},"categories":[14],"tags":[224,1124,1121,657],"class_list":["post-4430","post","type-post","status-publish","format-standard","hentry","category-muut-kirjoitukset","tag-jatkuva-oppiminen","tag-opetushallitus","tag-podcast","tag-resilienssi-2"],"acf":[],"yoast_head":"<!-- This site is optimized with the Yoast SEO plugin v27.3 - https:\/\/yoast.com\/product\/yoast-seo-wordpress\/ -->\n<title>Resilienssi ja vahvuudet - Jatkuva oppiminen<\/title>\n<meta name=\"description\" content=\"T\u00e4m\u00e4 blogiteksti on podcastin tekstiversio Muutosta ilmassa? Ty\u00f6el\u00e4m\u00e4n resilienssi\u00e4 -podcastsarjaan liittyen.\" \/>\n<meta name=\"robots\" content=\"index, follow, max-snippet:-1, max-image-preview:large, max-video-preview:-1\" \/>\n<link rel=\"canonical\" href=\"https:\/\/blogs.uef.fi\/jatkuvaoppiminen\/2023\/12\/21\/resilienssi-ja-vahvuudet\/\" \/>\n<meta property=\"og:locale\" content=\"fi_FI\" \/>\n<meta property=\"og:type\" content=\"article\" \/>\n<meta property=\"og:title\" content=\"Resilienssi ja vahvuudet - Jatkuva oppiminen\" \/>\n<meta property=\"og:description\" content=\"T\u00e4m\u00e4 blogiteksti on podcastin tekstiversio Muutosta ilmassa? Ty\u00f6el\u00e4m\u00e4n resilienssi\u00e4 -podcastsarjaan liittyen.\" \/>\n<meta property=\"og:url\" content=\"https:\/\/blogs.uef.fi\/jatkuvaoppiminen\/2023\/12\/21\/resilienssi-ja-vahvuudet\/\" \/>\n<meta property=\"og:site_name\" content=\"Jatkuva oppiminen\" \/>\n<meta property=\"article:published_time\" content=\"2023-12-21T12:11:57+00:00\" \/>\n<meta property=\"article:modified_time\" content=\"2025-07-10T06:37:03+00:00\" \/>\n<meta property=\"og:image\" content=\"https:\/\/blogs.uef.fi\/jatkuvaoppiminen\/wp-content\/uploads\/sites\/160\/2023\/12\/tyoelaman-resilienssia-jakso-4.png\" \/>\n\t<meta property=\"og:image:width\" content=\"3000\" \/>\n\t<meta property=\"og:image:height\" content=\"3000\" \/>\n\t<meta property=\"og:image:type\" content=\"image\/png\" \/>\n<meta name=\"author\" content=\"UEF Jatkuvan oppimisen keskus\" \/>\n<meta name=\"twitter:card\" content=\"summary_large_image\" \/>\n<meta name=\"twitter:label1\" content=\"Kirjoittanut\" \/>\n\t<meta name=\"twitter:data1\" content=\"UEF Jatkuvan oppimisen keskus\" \/>\n\t<meta name=\"twitter:label2\" content=\"Arvioitu lukuaika\" \/>\n\t<meta name=\"twitter:data2\" content=\"8 minuuttia\" \/>\n<script type=\"application\/ld+json\" class=\"yoast-schema-graph\">{\"@context\":\"https:\\\/\\\/schema.org\",\"@graph\":[{\"@type\":\"Article\",\"@id\":\"https:\\\/\\\/blogs.uef.fi\\\/jatkuvaoppiminen\\\/2023\\\/12\\\/21\\\/resilienssi-ja-vahvuudet\\\/#article\",\"isPartOf\":{\"@id\":\"https:\\\/\\\/blogs.uef.fi\\\/jatkuvaoppiminen\\\/2023\\\/12\\\/21\\\/resilienssi-ja-vahvuudet\\\/\"},\"author\":{\"name\":\"UEF Jatkuvan oppimisen keskus\",\"@id\":\"https:\\\/\\\/blogs.uef.fi\\\/jatkuvaoppiminen\\\/#\\\/schema\\\/person\\\/25ad84de046b83c4647f8045eccaf0be\"},\"headline\":\"Resilienssi ja vahvuudet\",\"datePublished\":\"2023-12-21T12:11:57+00:00\",\"dateModified\":\"2025-07-10T06:37:03+00:00\",\"mainEntityOfPage\":{\"@id\":\"https:\\\/\\\/blogs.uef.fi\\\/jatkuvaoppiminen\\\/2023\\\/12\\\/21\\\/resilienssi-ja-vahvuudet\\\/\"},\"wordCount\":1399,\"commentCount\":0,\"image\":{\"@id\":\"https:\\\/\\\/blogs.uef.fi\\\/jatkuvaoppiminen\\\/2023\\\/12\\\/21\\\/resilienssi-ja-vahvuudet\\\/#primaryimage\"},\"thumbnailUrl\":\"https:\\\/\\\/blogs.uef.fi\\\/jatkuvaoppiminen\\\/wp-content\\\/uploads\\\/sites\\\/160\\\/2023\\\/12\\\/tyoelaman-resilienssia-jakso-4-1024x1024.png\",\"keywords\":[\"jatkuva oppiminen\",\"Opetushallitus\",\"podcast\",\"resilienssi\"],\"articleSection\":[\"Muut kirjoitukset\"],\"inLanguage\":\"fi\",\"potentialAction\":[{\"@type\":\"CommentAction\",\"name\":\"Comment\",\"target\":[\"https:\\\/\\\/blogs.uef.fi\\\/jatkuvaoppiminen\\\/2023\\\/12\\\/21\\\/resilienssi-ja-vahvuudet\\\/#respond\"]}]},{\"@type\":\"WebPage\",\"@id\":\"https:\\\/\\\/blogs.uef.fi\\\/jatkuvaoppiminen\\\/2023\\\/12\\\/21\\\/resilienssi-ja-vahvuudet\\\/\",\"url\":\"https:\\\/\\\/blogs.uef.fi\\\/jatkuvaoppiminen\\\/2023\\\/12\\\/21\\\/resilienssi-ja-vahvuudet\\\/\",\"name\":\"Resilienssi ja vahvuudet - Jatkuva oppiminen\",\"isPartOf\":{\"@id\":\"https:\\\/\\\/blogs.uef.fi\\\/jatkuvaoppiminen\\\/#website\"},\"primaryImageOfPage\":{\"@id\":\"https:\\\/\\\/blogs.uef.fi\\\/jatkuvaoppiminen\\\/2023\\\/12\\\/21\\\/resilienssi-ja-vahvuudet\\\/#primaryimage\"},\"image\":{\"@id\":\"https:\\\/\\\/blogs.uef.fi\\\/jatkuvaoppiminen\\\/2023\\\/12\\\/21\\\/resilienssi-ja-vahvuudet\\\/#primaryimage\"},\"thumbnailUrl\":\"https:\\\/\\\/blogs.uef.fi\\\/jatkuvaoppiminen\\\/wp-content\\\/uploads\\\/sites\\\/160\\\/2023\\\/12\\\/tyoelaman-resilienssia-jakso-4-1024x1024.png\",\"datePublished\":\"2023-12-21T12:11:57+00:00\",\"dateModified\":\"2025-07-10T06:37:03+00:00\",\"author\":{\"@id\":\"https:\\\/\\\/blogs.uef.fi\\\/jatkuvaoppiminen\\\/#\\\/schema\\\/person\\\/25ad84de046b83c4647f8045eccaf0be\"},\"description\":\"T\u00e4m\u00e4 blogiteksti on podcastin tekstiversio Muutosta ilmassa? Ty\u00f6el\u00e4m\u00e4n resilienssi\u00e4 -podcastsarjaan liittyen.\",\"breadcrumb\":{\"@id\":\"https:\\\/\\\/blogs.uef.fi\\\/jatkuvaoppiminen\\\/2023\\\/12\\\/21\\\/resilienssi-ja-vahvuudet\\\/#breadcrumb\"},\"inLanguage\":\"fi\",\"potentialAction\":[{\"@type\":\"ReadAction\",\"target\":[\"https:\\\/\\\/blogs.uef.fi\\\/jatkuvaoppiminen\\\/2023\\\/12\\\/21\\\/resilienssi-ja-vahvuudet\\\/\"]}]},{\"@type\":\"ImageObject\",\"inLanguage\":\"fi\",\"@id\":\"https:\\\/\\\/blogs.uef.fi\\\/jatkuvaoppiminen\\\/2023\\\/12\\\/21\\\/resilienssi-ja-vahvuudet\\\/#primaryimage\",\"url\":\"https:\\\/\\\/blogs.uef.fi\\\/jatkuvaoppiminen\\\/wp-content\\\/uploads\\\/sites\\\/160\\\/2023\\\/12\\\/tyoelaman-resilienssia-jakso-4.png\",\"contentUrl\":\"https:\\\/\\\/blogs.uef.fi\\\/jatkuvaoppiminen\\\/wp-content\\\/uploads\\\/sites\\\/160\\\/2023\\\/12\\\/tyoelaman-resilienssia-jakso-4.png\",\"width\":3000,\"height\":3000},{\"@type\":\"BreadcrumbList\",\"@id\":\"https:\\\/\\\/blogs.uef.fi\\\/jatkuvaoppiminen\\\/2023\\\/12\\\/21\\\/resilienssi-ja-vahvuudet\\\/#breadcrumb\",\"itemListElement\":[{\"@type\":\"ListItem\",\"position\":1,\"name\":\"Home\",\"item\":\"https:\\\/\\\/blogs.uef.fi\\\/jatkuvaoppiminen\\\/\"},{\"@type\":\"ListItem\",\"position\":2,\"name\":\"Resilienssi ja vahvuudet\"}]},{\"@type\":\"WebSite\",\"@id\":\"https:\\\/\\\/blogs.uef.fi\\\/jatkuvaoppiminen\\\/#website\",\"url\":\"https:\\\/\\\/blogs.uef.fi\\\/jatkuvaoppiminen\\\/\",\"name\":\"Jatkuva oppiminen\",\"description\":\"\",\"potentialAction\":[{\"@type\":\"SearchAction\",\"target\":{\"@type\":\"EntryPoint\",\"urlTemplate\":\"https:\\\/\\\/blogs.uef.fi\\\/jatkuvaoppiminen\\\/?s={search_term_string}\"},\"query-input\":{\"@type\":\"PropertyValueSpecification\",\"valueRequired\":true,\"valueName\":\"search_term_string\"}}],\"inLanguage\":\"fi\"},{\"@type\":\"Person\",\"@id\":\"https:\\\/\\\/blogs.uef.fi\\\/jatkuvaoppiminen\\\/#\\\/schema\\\/person\\\/25ad84de046b83c4647f8045eccaf0be\",\"name\":\"UEF Jatkuvan oppimisen keskus\",\"image\":{\"@type\":\"ImageObject\",\"inLanguage\":\"fi\",\"@id\":\"https:\\\/\\\/secure.gravatar.com\\\/avatar\\\/bcd0fe9d0fbd01d5af8e5ab842b6bc00e924534b23fa841a43aa5cba17d2cd2b?s=96&d=mm&r=g\",\"url\":\"https:\\\/\\\/secure.gravatar.com\\\/avatar\\\/bcd0fe9d0fbd01d5af8e5ab842b6bc00e924534b23fa841a43aa5cba17d2cd2b?s=96&d=mm&r=g\",\"contentUrl\":\"https:\\\/\\\/secure.gravatar.com\\\/avatar\\\/bcd0fe9d0fbd01d5af8e5ab842b6bc00e924534b23fa841a43aa5cba17d2cd2b?s=96&d=mm&r=g\",\"caption\":\"UEF Jatkuvan oppimisen keskus\"},\"url\":\"https:\\\/\\\/blogs.uef.fi\\\/jatkuvaoppiminen\\\/author\\\/jokki\\\/\"}]}<\/script>\n<!-- \/ Yoast SEO plugin. -->","yoast_head_json":{"title":"Resilienssi ja vahvuudet - Jatkuva oppiminen","description":"T\u00e4m\u00e4 blogiteksti on podcastin tekstiversio Muutosta ilmassa? Ty\u00f6el\u00e4m\u00e4n resilienssi\u00e4 -podcastsarjaan liittyen.","robots":{"index":"index","follow":"follow","max-snippet":"max-snippet:-1","max-image-preview":"max-image-preview:large","max-video-preview":"max-video-preview:-1"},"canonical":"https:\/\/blogs.uef.fi\/jatkuvaoppiminen\/2023\/12\/21\/resilienssi-ja-vahvuudet\/","og_locale":"fi_FI","og_type":"article","og_title":"Resilienssi ja vahvuudet - Jatkuva oppiminen","og_description":"T\u00e4m\u00e4 blogiteksti on podcastin tekstiversio Muutosta ilmassa? Ty\u00f6el\u00e4m\u00e4n resilienssi\u00e4 -podcastsarjaan liittyen.","og_url":"https:\/\/blogs.uef.fi\/jatkuvaoppiminen\/2023\/12\/21\/resilienssi-ja-vahvuudet\/","og_site_name":"Jatkuva oppiminen","article_published_time":"2023-12-21T12:11:57+00:00","article_modified_time":"2025-07-10T06:37:03+00:00","og_image":[{"width":3000,"height":3000,"url":"https:\/\/blogs.uef.fi\/jatkuvaoppiminen\/wp-content\/uploads\/sites\/160\/2023\/12\/tyoelaman-resilienssia-jakso-4.png","type":"image\/png"}],"author":"UEF Jatkuvan oppimisen keskus","twitter_card":"summary_large_image","twitter_misc":{"Kirjoittanut":"UEF Jatkuvan oppimisen keskus","Arvioitu lukuaika":"8 minuuttia"},"schema":{"@context":"https:\/\/schema.org","@graph":[{"@type":"Article","@id":"https:\/\/blogs.uef.fi\/jatkuvaoppiminen\/2023\/12\/21\/resilienssi-ja-vahvuudet\/#article","isPartOf":{"@id":"https:\/\/blogs.uef.fi\/jatkuvaoppiminen\/2023\/12\/21\/resilienssi-ja-vahvuudet\/"},"author":{"name":"UEF Jatkuvan oppimisen keskus","@id":"https:\/\/blogs.uef.fi\/jatkuvaoppiminen\/#\/schema\/person\/25ad84de046b83c4647f8045eccaf0be"},"headline":"Resilienssi ja vahvuudet","datePublished":"2023-12-21T12:11:57+00:00","dateModified":"2025-07-10T06:37:03+00:00","mainEntityOfPage":{"@id":"https:\/\/blogs.uef.fi\/jatkuvaoppiminen\/2023\/12\/21\/resilienssi-ja-vahvuudet\/"},"wordCount":1399,"commentCount":0,"image":{"@id":"https:\/\/blogs.uef.fi\/jatkuvaoppiminen\/2023\/12\/21\/resilienssi-ja-vahvuudet\/#primaryimage"},"thumbnailUrl":"https:\/\/blogs.uef.fi\/jatkuvaoppiminen\/wp-content\/uploads\/sites\/160\/2023\/12\/tyoelaman-resilienssia-jakso-4-1024x1024.png","keywords":["jatkuva oppiminen","Opetushallitus","podcast","resilienssi"],"articleSection":["Muut kirjoitukset"],"inLanguage":"fi","potentialAction":[{"@type":"CommentAction","name":"Comment","target":["https:\/\/blogs.uef.fi\/jatkuvaoppiminen\/2023\/12\/21\/resilienssi-ja-vahvuudet\/#respond"]}]},{"@type":"WebPage","@id":"https:\/\/blogs.uef.fi\/jatkuvaoppiminen\/2023\/12\/21\/resilienssi-ja-vahvuudet\/","url":"https:\/\/blogs.uef.fi\/jatkuvaoppiminen\/2023\/12\/21\/resilienssi-ja-vahvuudet\/","name":"Resilienssi ja vahvuudet - Jatkuva oppiminen","isPartOf":{"@id":"https:\/\/blogs.uef.fi\/jatkuvaoppiminen\/#website"},"primaryImageOfPage":{"@id":"https:\/\/blogs.uef.fi\/jatkuvaoppiminen\/2023\/12\/21\/resilienssi-ja-vahvuudet\/#primaryimage"},"image":{"@id":"https:\/\/blogs.uef.fi\/jatkuvaoppiminen\/2023\/12\/21\/resilienssi-ja-vahvuudet\/#primaryimage"},"thumbnailUrl":"https:\/\/blogs.uef.fi\/jatkuvaoppiminen\/wp-content\/uploads\/sites\/160\/2023\/12\/tyoelaman-resilienssia-jakso-4-1024x1024.png","datePublished":"2023-12-21T12:11:57+00:00","dateModified":"2025-07-10T06:37:03+00:00","author":{"@id":"https:\/\/blogs.uef.fi\/jatkuvaoppiminen\/#\/schema\/person\/25ad84de046b83c4647f8045eccaf0be"},"description":"T\u00e4m\u00e4 blogiteksti on podcastin tekstiversio Muutosta ilmassa? Ty\u00f6el\u00e4m\u00e4n resilienssi\u00e4 -podcastsarjaan liittyen.","breadcrumb":{"@id":"https:\/\/blogs.uef.fi\/jatkuvaoppiminen\/2023\/12\/21\/resilienssi-ja-vahvuudet\/#breadcrumb"},"inLanguage":"fi","potentialAction":[{"@type":"ReadAction","target":["https:\/\/blogs.uef.fi\/jatkuvaoppiminen\/2023\/12\/21\/resilienssi-ja-vahvuudet\/"]}]},{"@type":"ImageObject","inLanguage":"fi","@id":"https:\/\/blogs.uef.fi\/jatkuvaoppiminen\/2023\/12\/21\/resilienssi-ja-vahvuudet\/#primaryimage","url":"https:\/\/blogs.uef.fi\/jatkuvaoppiminen\/wp-content\/uploads\/sites\/160\/2023\/12\/tyoelaman-resilienssia-jakso-4.png","contentUrl":"https:\/\/blogs.uef.fi\/jatkuvaoppiminen\/wp-content\/uploads\/sites\/160\/2023\/12\/tyoelaman-resilienssia-jakso-4.png","width":3000,"height":3000},{"@type":"BreadcrumbList","@id":"https:\/\/blogs.uef.fi\/jatkuvaoppiminen\/2023\/12\/21\/resilienssi-ja-vahvuudet\/#breadcrumb","itemListElement":[{"@type":"ListItem","position":1,"name":"Home","item":"https:\/\/blogs.uef.fi\/jatkuvaoppiminen\/"},{"@type":"ListItem","position":2,"name":"Resilienssi ja vahvuudet"}]},{"@type":"WebSite","@id":"https:\/\/blogs.uef.fi\/jatkuvaoppiminen\/#website","url":"https:\/\/blogs.uef.fi\/jatkuvaoppiminen\/","name":"Jatkuva oppiminen","description":"","potentialAction":[{"@type":"SearchAction","target":{"@type":"EntryPoint","urlTemplate":"https:\/\/blogs.uef.fi\/jatkuvaoppiminen\/?s={search_term_string}"},"query-input":{"@type":"PropertyValueSpecification","valueRequired":true,"valueName":"search_term_string"}}],"inLanguage":"fi"},{"@type":"Person","@id":"https:\/\/blogs.uef.fi\/jatkuvaoppiminen\/#\/schema\/person\/25ad84de046b83c4647f8045eccaf0be","name":"UEF Jatkuvan oppimisen keskus","image":{"@type":"ImageObject","inLanguage":"fi","@id":"https:\/\/secure.gravatar.com\/avatar\/bcd0fe9d0fbd01d5af8e5ab842b6bc00e924534b23fa841a43aa5cba17d2cd2b?s=96&d=mm&r=g","url":"https:\/\/secure.gravatar.com\/avatar\/bcd0fe9d0fbd01d5af8e5ab842b6bc00e924534b23fa841a43aa5cba17d2cd2b?s=96&d=mm&r=g","contentUrl":"https:\/\/secure.gravatar.com\/avatar\/bcd0fe9d0fbd01d5af8e5ab842b6bc00e924534b23fa841a43aa5cba17d2cd2b?s=96&d=mm&r=g","caption":"UEF Jatkuvan oppimisen keskus"},"url":"https:\/\/blogs.uef.fi\/jatkuvaoppiminen\/author\/jokki\/"}]}},"_links":{"self":[{"href":"https:\/\/blogs.uef.fi\/jatkuvaoppiminen\/wp-json\/wp\/v2\/posts\/4430","targetHints":{"allow":["GET"]}}],"collection":[{"href":"https:\/\/blogs.uef.fi\/jatkuvaoppiminen\/wp-json\/wp\/v2\/posts"}],"about":[{"href":"https:\/\/blogs.uef.fi\/jatkuvaoppiminen\/wp-json\/wp\/v2\/types\/post"}],"author":[{"embeddable":true,"href":"https:\/\/blogs.uef.fi\/jatkuvaoppiminen\/wp-json\/wp\/v2\/users\/444"}],"replies":[{"embeddable":true,"href":"https:\/\/blogs.uef.fi\/jatkuvaoppiminen\/wp-json\/wp\/v2\/comments?post=4430"}],"version-history":[{"count":2,"href":"https:\/\/blogs.uef.fi\/jatkuvaoppiminen\/wp-json\/wp\/v2\/posts\/4430\/revisions"}],"predecessor-version":[{"id":5874,"href":"https:\/\/blogs.uef.fi\/jatkuvaoppiminen\/wp-json\/wp\/v2\/posts\/4430\/revisions\/5874"}],"wp:attachment":[{"href":"https:\/\/blogs.uef.fi\/jatkuvaoppiminen\/wp-json\/wp\/v2\/media?parent=4430"}],"wp:term":[{"taxonomy":"category","embeddable":true,"href":"https:\/\/blogs.uef.fi\/jatkuvaoppiminen\/wp-json\/wp\/v2\/categories?post=4430"},{"taxonomy":"post_tag","embeddable":true,"href":"https:\/\/blogs.uef.fi\/jatkuvaoppiminen\/wp-json\/wp\/v2\/tags?post=4430"}],"curies":[{"name":"wp","href":"https:\/\/api.w.org\/{rel}","templated":true}]}}