{"id":4232,"date":"2023-09-15T07:34:46","date_gmt":"2023-09-15T07:34:46","guid":{"rendered":"https:\/\/blogs.uef.fi\/jatkuvaoppiminen\/?p=4232"},"modified":"2025-07-10T07:40:47","modified_gmt":"2025-07-10T05:40:47","slug":"regulaatu-verkostosta-tietoa-ja-vertaistukea-laatutyon-asiantuntijoille","status":"publish","type":"post","link":"https:\/\/blogs.uef.fi\/jatkuvaoppiminen\/2023\/09\/15\/regulaatu-verkostosta-tietoa-ja-vertaistukea-laatutyon-asiantuntijoille\/","title":{"rendered":"ReguLaatu-verkostosta tietoa ja vertaistukea laatuty\u00f6n asiantuntijoille\u00a0"},"content":{"rendered":"\n<p><strong>Siilinj\u00e4rven Kunnonpaikassa kokoontui elokuun lopulla ensimm\u00e4ist\u00e4 kertaa terveys- ja hyvinvointialan ReguLaatu-verkosto. Verkostoon kuuluu merkitt\u00e4v\u00e4 m\u00e4\u00e4r\u00e4 regulaatio- ja laatuasioiden parissa ty\u00f6skentelevi\u00e4 asiantuntijoita ja johtajia. Verkostosta he hakevat uusia kontakteja, vertaistukea ja sparrausta omaan ty\u00f6h\u00f6ns\u00e4.&nbsp;<\/strong>&nbsp;<\/p>\n\n\n\n<p>ReguLaatu-verkosto on osa It\u00e4-Suomen yliopiston <a href=\"https:\/\/www.uef.fi\/fi\/jatkuva-oppiminen\/regulaatio-ja-vastuullisuusosaamista-terveys-ja-hyvinvointialalle-reguva\" target=\"_blank\" rel=\"noreferrer noopener\">Regulaatio- ja vastuullisuusosaamista terveys- ja hyvinvointialalle -hankkeen (ReguVa)<\/a> toimintaa. Hankkeessa pyrit\u00e4\u00e4n vahvistamaan alan toimijoiden regulaatio- ja kest\u00e4v\u00e4n kehityksen osaamista. Osaamisen kehittymist\u00e4 tuetaan verkoston lis\u00e4ksi mm. mentoroinnilla sek\u00e4 jatkuvan oppimisen ohjausta ja koulutuspolkuja kehitt\u00e4m\u00e4ll\u00e4.&nbsp;<\/p>\n\n\n\n<p>P\u00e4iv\u00e4n ohjelmaan sis\u00e4ltyi tutustumista, tarpeiden kartoittamista ja hyvinvointiohjelmaa, johon t\u00e4ll\u00e4 kertaa kuului hyvinvointivalmentaja-erityisasiantuntija Kirsi Luodon vet\u00e4m\u00e4 Mind-Body Bridging, ulkoilua, frisbeegolfia ja illallinen. Verkoston j\u00e4senten hyvinvoinnin tukeminen on kiinte\u00e4 osa hankkeen toimintaa.&nbsp;&nbsp;<\/p>\n\n\n\n<figure class=\"wp-block-image size-large\"><img loading=\"lazy\" decoding=\"async\" width=\"1024\" height=\"529\" src=\"https:\/\/blogs.uef.fi\/jatkuvaoppiminen\/wp-content\/uploads\/sites\/160\/2023\/09\/Riikka-blogi-1024x529.jpg\" alt=\"\" class=\"wp-image-4235\" srcset=\"https:\/\/blogs.uef.fi\/jatkuvaoppiminen\/wp-content\/uploads\/sites\/160\/2023\/09\/Riikka-blogi-1024x529.jpg 1024w, https:\/\/blogs.uef.fi\/jatkuvaoppiminen\/wp-content\/uploads\/sites\/160\/2023\/09\/Riikka-blogi-300x155.jpg 300w, https:\/\/blogs.uef.fi\/jatkuvaoppiminen\/wp-content\/uploads\/sites\/160\/2023\/09\/Riikka-blogi-768x397.jpg 768w, https:\/\/blogs.uef.fi\/jatkuvaoppiminen\/wp-content\/uploads\/sites\/160\/2023\/09\/Riikka-blogi-1536x793.jpg 1536w, https:\/\/blogs.uef.fi\/jatkuvaoppiminen\/wp-content\/uploads\/sites\/160\/2023\/09\/Riikka-blogi.jpg 2000w\" sizes=\"auto, (max-width: 1024px) 100vw, 1024px\" \/><\/figure>\n\n\n\n<h3 class=\"wp-block-heading\">Painia samojen asioiden parissa\u00a0<\/h3>\n\n\n\n<p>Verkostoon on ilmoittautunut alkuvaiheessa n. 40 henkil\u00f6\u00e4. Monipuolisessa joukossa on mm. yritt\u00e4ji\u00e4, toimitusjohtajia, laatu- ja kehitysjohtajia ja -p\u00e4\u00e4llik\u00f6it\u00e4, tutkijoita, suunnittelijoita ja kouluttajia, regulaation, laadun, yritysvastuun ja viranomaisasioiden asiantuntijoita sek\u00e4 laboratoriojohtajia, molekyyli- ja sairaalasolubiologeja Pohjois-Savosta ja eri puolilta maata. Verkoston toimintaan voi l\u00e4hte\u00e4 viel\u00e4 mukaan <a href=\"https:\/\/forms.office.com\/e\/4W2igzp15r\">t\u00e4ytt\u00e4m\u00e4ll\u00e4 lomakkeen<\/a>.<\/p>\n\n\n\n<p>Kaikki ty\u00f6skentelev\u00e4t samalla alalla ja kohtaavat saman tyyppisi\u00e4 ongelmia \u2013 vaikkakin eri n\u00e4k\u00f6kulmista. -Me kaikki laatuhenkil\u00f6t painimme samojen asioiden parissa ja monet meist\u00e4 yksin. On hyv\u00e4 tavata uusia ihmisi\u00e4 ja kenties saada samalla toinenkin olkap\u00e4\u00e4, johon nojata. Kun eteen tulee akuutti kysymys, on joku jolle soittaa, arvioivat vanhempi tutkija Antti V\u00e4\u00e4n\u00e4nen VTT:lt\u00e4, regulaatioasiantuntija Nora Rauhala UEF kliinisen l\u00e4\u00e4ketieteen yksik\u00f6st\u00e4 ja molekyylibiologi Joose Raivo UEF It\u00e4-Suomen Genomikeskuksen sis\u00e4tautien geenidiagnostiikkalaboratoriosta.&nbsp;&nbsp;<\/p>\n\n\n\n<p>Verkostossa voidaan vaihtaa n\u00e4kemyksi\u00e4 ja saada tukea esimerkiksi lains\u00e4\u00e4d\u00e4nt\u00f6\u00f6n liittyviin tulkintoihin. Luvassa on my\u00f6s kiinnostavia ekskursioita terveys- ja hyvinvointialan yrityksiin ja organisaatioihin. Yksi osallistujan palaute p\u00e4iv\u00e4n annista: \u201cLoistava tapa tutustua oman alueen oman alan ihmisiin. Odotan innolla, mit\u00e4 saadaan aikaiseksi yhdess\u00e4.\u201d&nbsp;<\/p>\n\n\n\n<h3 class=\"wp-block-heading\">Planetaarisia ilmi\u00f6it\u00e4 ja vastuullista bisnest\u00e4\u00a0\u00a0<\/h3>\n\n\n\n<p>ReguVa-hankkeen ensimm\u00e4inen Pid\u00e4 huolta-avausseminaari on 28.9. klo 8.30-15 Kuopiossa, It\u00e4-Suomen yliopiston kampuksella. Inspiroiva seminaari avaa terveys- ja hyvinvointialan organisaatioiden ja yritysten sek\u00e4 yliopistolaisten n\u00e4k\u00f6kulmia \u200b vastuullisuuteen ja hyvinvointiin. Vet\u00e4j\u00e4n\u00e4 on Terveysteknologia ry:n toimitusjohtaja Saara Hassinen; ajankohtaisia puhujia mm. UEF professorit Arto O. Salonen ja Elina Oksanen, THL:n ylil\u00e4\u00e4k\u00e4ri Mikaela Grotenfelt-Enegren , Orionin vastuullisuusjohtaja Noora Paronen ja Ponssen HR-Specialist Tanja Kojola. Tilaisuus on maksuton ja sen voi katsoa my\u00f6s livestriimin\u00e4 verkossa.&nbsp;&nbsp;<\/p>\n\n\n\n<p>Lis\u00e4tietoa ja <a href=\"https:\/\/www.uef.fi\/fi\/jatkuva-oppiminen\/pida-huolta-avausseminaari-2892023-kuopio\">ilmoittautuminen 25.9. menness\u00e4<\/a>.<\/p>\n\n\n\n<figure class=\"wp-block-image size-large\"><img loading=\"lazy\" decoding=\"async\" width=\"1024\" height=\"243\" src=\"https:\/\/blogs.uef.fi\/jatkuvaoppiminen\/wp-content\/uploads\/sites\/160\/2023\/09\/FI_Co-fundedbytheEU_RGB_NEG-1-1024x243.png\" alt=\"\" class=\"wp-image-4249\" srcset=\"https:\/\/blogs.uef.fi\/jatkuvaoppiminen\/wp-content\/uploads\/sites\/160\/2023\/09\/FI_Co-fundedbytheEU_RGB_NEG-1-1024x243.png 1024w, https:\/\/blogs.uef.fi\/jatkuvaoppiminen\/wp-content\/uploads\/sites\/160\/2023\/09\/FI_Co-fundedbytheEU_RGB_NEG-1-300x71.png 300w, https:\/\/blogs.uef.fi\/jatkuvaoppiminen\/wp-content\/uploads\/sites\/160\/2023\/09\/FI_Co-fundedbytheEU_RGB_NEG-1-768x183.png 768w, https:\/\/blogs.uef.fi\/jatkuvaoppiminen\/wp-content\/uploads\/sites\/160\/2023\/09\/FI_Co-fundedbytheEU_RGB_NEG-1-1536x365.png 1536w, https:\/\/blogs.uef.fi\/jatkuvaoppiminen\/wp-content\/uploads\/sites\/160\/2023\/09\/FI_Co-fundedbytheEU_RGB_NEG-1-2048x487.png 2048w\" sizes=\"auto, (max-width: 1024px) 100vw, 1024px\" \/><\/figure>\n\n\n\n<figure class=\"wp-block-image size-full is-resized\"><img loading=\"lazy\" decoding=\"async\" width=\"500\" height=\"500\" src=\"https:\/\/blogs.uef.fi\/jatkuvaoppiminen\/wp-content\/uploads\/sites\/160\/2021\/12\/Heli_Kaarniemi.jpg\" alt=\"\" class=\"wp-image-2994\" style=\"width:230px;height:auto\" srcset=\"https:\/\/blogs.uef.fi\/jatkuvaoppiminen\/wp-content\/uploads\/sites\/160\/2021\/12\/Heli_Kaarniemi.jpg 500w, https:\/\/blogs.uef.fi\/jatkuvaoppiminen\/wp-content\/uploads\/sites\/160\/2021\/12\/Heli_Kaarniemi-300x300.jpg 300w, https:\/\/blogs.uef.fi\/jatkuvaoppiminen\/wp-content\/uploads\/sites\/160\/2021\/12\/Heli_Kaarniemi-150x150.jpg 150w, https:\/\/blogs.uef.fi\/jatkuvaoppiminen\/wp-content\/uploads\/sites\/160\/2021\/12\/Heli_Kaarniemi-100x100.jpg 100w\" sizes=\"auto, (max-width: 500px) 100vw, 500px\" \/><\/figure>\n\n\n\n<p><a href=\"https:\/\/uefconnect.uef.fi\/henkilo\/heli.kaarniemi\/\">Heli Kaarniemi<\/a> on suunnittelija ja hankeasiantuntija, jonka erikoisalaa on monitieteellinen t\u00e4ydennyskoulutusten suunnittelu, ohjaus ja pedagoginen kehitt\u00e4minen. H\u00e4n on tuottanut monimuotoista t\u00e4ydennyskoulutusta ja hankkeita mm. opetus-, ohjaus- ja terveysalalle sek\u00e4 kansainv\u00e4lisille osaajille.<\/p>\n","protected":false},"excerpt":{"rendered":"<p>Siilinj\u00e4rven Kunnonpaikassa kokoontui elokuun lopulla ensimm\u00e4ist\u00e4 kertaa terveys- ja hyvinvointialan ReguLaatu-verkosto. Verkostoon kuuluu merkitt\u00e4v\u00e4 m\u00e4\u00e4r\u00e4 regulaatio- ja laatuasioiden parissa ty\u00f6skentelevi\u00e4 asiantuntijoita ja johtajia. Verkostosta he hakevat uusia kontakteja, vertaistukea ja sparrausta omaan ty\u00f6h\u00f6ns\u00e4.&nbsp;&nbsp; ReguLaatu-verkosto on osa It\u00e4-Suomen yliopiston Regulaatio- ja vastuullisuusosaamista terveys- ja hyvinvointialalle -hankkeen (ReguVa) toimintaa. Hankkeessa pyrit\u00e4\u00e4n vahvistamaan alan toimijoiden regulaatio- ja kest\u00e4v\u00e4n [&hellip;]<\/p>\n","protected":false},"author":444,"featured_media":0,"comment_status":"open","ping_status":"open","sticky":false,"template":"","format":"standard","meta":{"_acf_changed":false,"footnotes":""},"categories":[11],"tags":[224,1088,1085,1094,1091],"class_list":["post-4232","post","type-post","status-publish","format-standard","hentry","category-laakeala","tag-jatkuva-oppiminen","tag-regulaatio","tag-regulaatu","tag-reguva","tag-vastuullisuusosaaminen"],"acf":[],"yoast_head":"<!-- This site is optimized with the Yoast SEO plugin v27.3 - https:\/\/yoast.com\/product\/yoast-seo-wordpress\/ -->\n<title>ReguLaatu-verkostosta tietoa ja vertaistukea laatuty\u00f6n asiantuntijoille\u00a0 - Jatkuva oppiminen<\/title>\n<meta name=\"description\" content=\"Siilinj\u00e4rven Kunnonpaikassa kokoontui elokuun lopulla ensimm\u00e4ist\u00e4 kertaa terveys- ja hyvinvointialan ReguLaatu-verkosto.\" \/>\n<meta name=\"robots\" content=\"index, follow, max-snippet:-1, max-image-preview:large, max-video-preview:-1\" \/>\n<link rel=\"canonical\" href=\"https:\/\/blogs.uef.fi\/jatkuvaoppiminen\/2023\/09\/15\/regulaatu-verkostosta-tietoa-ja-vertaistukea-laatutyon-asiantuntijoille\/\" \/>\n<meta property=\"og:locale\" content=\"fi_FI\" \/>\n<meta property=\"og:type\" content=\"article\" \/>\n<meta property=\"og:title\" content=\"ReguLaatu-verkostosta tietoa ja vertaistukea laatuty\u00f6n asiantuntijoille\u00a0 - Jatkuva oppiminen\" \/>\n<meta property=\"og:description\" content=\"Siilinj\u00e4rven Kunnonpaikassa kokoontui elokuun lopulla ensimm\u00e4ist\u00e4 kertaa terveys- ja hyvinvointialan ReguLaatu-verkosto.\" \/>\n<meta property=\"og:url\" content=\"https:\/\/blogs.uef.fi\/jatkuvaoppiminen\/2023\/09\/15\/regulaatu-verkostosta-tietoa-ja-vertaistukea-laatutyon-asiantuntijoille\/\" \/>\n<meta property=\"og:site_name\" content=\"Jatkuva oppiminen\" \/>\n<meta property=\"article:published_time\" content=\"2023-09-15T07:34:46+00:00\" \/>\n<meta property=\"article:modified_time\" content=\"2025-07-10T05:40:47+00:00\" \/>\n<meta property=\"og:image\" content=\"https:\/\/blogs.uef.fi\/jatkuvaoppiminen\/wp-content\/uploads\/sites\/160\/2023\/09\/Riikka-blogi.jpg\" \/>\n\t<meta property=\"og:image:width\" content=\"2000\" \/>\n\t<meta property=\"og:image:height\" content=\"1033\" \/>\n\t<meta property=\"og:image:type\" content=\"image\/jpeg\" \/>\n<meta name=\"author\" content=\"UEF Jatkuvan oppimisen keskus\" \/>\n<meta name=\"twitter:card\" content=\"summary_large_image\" \/>\n<meta name=\"twitter:label1\" content=\"Kirjoittanut\" \/>\n\t<meta name=\"twitter:data1\" content=\"UEF Jatkuvan oppimisen keskus\" \/>\n\t<meta name=\"twitter:label2\" content=\"Arvioitu lukuaika\" \/>\n\t<meta name=\"twitter:data2\" content=\"3 minuuttia\" \/>\n<script type=\"application\/ld+json\" class=\"yoast-schema-graph\">{\"@context\":\"https:\\\/\\\/schema.org\",\"@graph\":[{\"@type\":\"Article\",\"@id\":\"https:\\\/\\\/blogs.uef.fi\\\/jatkuvaoppiminen\\\/2023\\\/09\\\/15\\\/regulaatu-verkostosta-tietoa-ja-vertaistukea-laatutyon-asiantuntijoille\\\/#article\",\"isPartOf\":{\"@id\":\"https:\\\/\\\/blogs.uef.fi\\\/jatkuvaoppiminen\\\/2023\\\/09\\\/15\\\/regulaatu-verkostosta-tietoa-ja-vertaistukea-laatutyon-asiantuntijoille\\\/\"},\"author\":{\"name\":\"UEF Jatkuvan oppimisen keskus\",\"@id\":\"https:\\\/\\\/blogs.uef.fi\\\/jatkuvaoppiminen\\\/#\\\/schema\\\/person\\\/25ad84de046b83c4647f8045eccaf0be\"},\"headline\":\"ReguLaatu-verkostosta tietoa ja vertaistukea laatuty\u00f6n asiantuntijoille\u00a0\",\"datePublished\":\"2023-09-15T07:34:46+00:00\",\"dateModified\":\"2025-07-10T05:40:47+00:00\",\"mainEntityOfPage\":{\"@id\":\"https:\\\/\\\/blogs.uef.fi\\\/jatkuvaoppiminen\\\/2023\\\/09\\\/15\\\/regulaatu-verkostosta-tietoa-ja-vertaistukea-laatutyon-asiantuntijoille\\\/\"},\"wordCount\":447,\"commentCount\":0,\"image\":{\"@id\":\"https:\\\/\\\/blogs.uef.fi\\\/jatkuvaoppiminen\\\/2023\\\/09\\\/15\\\/regulaatu-verkostosta-tietoa-ja-vertaistukea-laatutyon-asiantuntijoille\\\/#primaryimage\"},\"thumbnailUrl\":\"https:\\\/\\\/blogs.uef.fi\\\/jatkuvaoppiminen\\\/wp-content\\\/uploads\\\/sites\\\/160\\\/2023\\\/09\\\/Riikka-blogi-1024x529.jpg\",\"keywords\":[\"jatkuva oppiminen\",\"Regulaatio\",\"ReguLaatu\",\"ReguVa\",\"vastuullisuusosaaminen\"],\"articleSection\":[\"L\u00e4\u00e4keala\"],\"inLanguage\":\"fi\",\"potentialAction\":[{\"@type\":\"CommentAction\",\"name\":\"Comment\",\"target\":[\"https:\\\/\\\/blogs.uef.fi\\\/jatkuvaoppiminen\\\/2023\\\/09\\\/15\\\/regulaatu-verkostosta-tietoa-ja-vertaistukea-laatutyon-asiantuntijoille\\\/#respond\"]}]},{\"@type\":\"WebPage\",\"@id\":\"https:\\\/\\\/blogs.uef.fi\\\/jatkuvaoppiminen\\\/2023\\\/09\\\/15\\\/regulaatu-verkostosta-tietoa-ja-vertaistukea-laatutyon-asiantuntijoille\\\/\",\"url\":\"https:\\\/\\\/blogs.uef.fi\\\/jatkuvaoppiminen\\\/2023\\\/09\\\/15\\\/regulaatu-verkostosta-tietoa-ja-vertaistukea-laatutyon-asiantuntijoille\\\/\",\"name\":\"ReguLaatu-verkostosta tietoa ja vertaistukea laatuty\u00f6n asiantuntijoille\u00a0 - Jatkuva oppiminen\",\"isPartOf\":{\"@id\":\"https:\\\/\\\/blogs.uef.fi\\\/jatkuvaoppiminen\\\/#website\"},\"primaryImageOfPage\":{\"@id\":\"https:\\\/\\\/blogs.uef.fi\\\/jatkuvaoppiminen\\\/2023\\\/09\\\/15\\\/regulaatu-verkostosta-tietoa-ja-vertaistukea-laatutyon-asiantuntijoille\\\/#primaryimage\"},\"image\":{\"@id\":\"https:\\\/\\\/blogs.uef.fi\\\/jatkuvaoppiminen\\\/2023\\\/09\\\/15\\\/regulaatu-verkostosta-tietoa-ja-vertaistukea-laatutyon-asiantuntijoille\\\/#primaryimage\"},\"thumbnailUrl\":\"https:\\\/\\\/blogs.uef.fi\\\/jatkuvaoppiminen\\\/wp-content\\\/uploads\\\/sites\\\/160\\\/2023\\\/09\\\/Riikka-blogi-1024x529.jpg\",\"datePublished\":\"2023-09-15T07:34:46+00:00\",\"dateModified\":\"2025-07-10T05:40:47+00:00\",\"author\":{\"@id\":\"https:\\\/\\\/blogs.uef.fi\\\/jatkuvaoppiminen\\\/#\\\/schema\\\/person\\\/25ad84de046b83c4647f8045eccaf0be\"},\"description\":\"Siilinj\u00e4rven Kunnonpaikassa kokoontui elokuun lopulla ensimm\u00e4ist\u00e4 kertaa terveys- ja hyvinvointialan ReguLaatu-verkosto.\",\"breadcrumb\":{\"@id\":\"https:\\\/\\\/blogs.uef.fi\\\/jatkuvaoppiminen\\\/2023\\\/09\\\/15\\\/regulaatu-verkostosta-tietoa-ja-vertaistukea-laatutyon-asiantuntijoille\\\/#breadcrumb\"},\"inLanguage\":\"fi\",\"potentialAction\":[{\"@type\":\"ReadAction\",\"target\":[\"https:\\\/\\\/blogs.uef.fi\\\/jatkuvaoppiminen\\\/2023\\\/09\\\/15\\\/regulaatu-verkostosta-tietoa-ja-vertaistukea-laatutyon-asiantuntijoille\\\/\"]}]},{\"@type\":\"ImageObject\",\"inLanguage\":\"fi\",\"@id\":\"https:\\\/\\\/blogs.uef.fi\\\/jatkuvaoppiminen\\\/2023\\\/09\\\/15\\\/regulaatu-verkostosta-tietoa-ja-vertaistukea-laatutyon-asiantuntijoille\\\/#primaryimage\",\"url\":\"https:\\\/\\\/blogs.uef.fi\\\/jatkuvaoppiminen\\\/wp-content\\\/uploads\\\/sites\\\/160\\\/2023\\\/09\\\/Riikka-blogi.jpg\",\"contentUrl\":\"https:\\\/\\\/blogs.uef.fi\\\/jatkuvaoppiminen\\\/wp-content\\\/uploads\\\/sites\\\/160\\\/2023\\\/09\\\/Riikka-blogi.jpg\",\"width\":2000,\"height\":1033},{\"@type\":\"BreadcrumbList\",\"@id\":\"https:\\\/\\\/blogs.uef.fi\\\/jatkuvaoppiminen\\\/2023\\\/09\\\/15\\\/regulaatu-verkostosta-tietoa-ja-vertaistukea-laatutyon-asiantuntijoille\\\/#breadcrumb\",\"itemListElement\":[{\"@type\":\"ListItem\",\"position\":1,\"name\":\"Home\",\"item\":\"https:\\\/\\\/blogs.uef.fi\\\/jatkuvaoppiminen\\\/\"},{\"@type\":\"ListItem\",\"position\":2,\"name\":\"ReguLaatu-verkostosta tietoa ja vertaistukea laatuty\u00f6n asiantuntijoille\u00a0\"}]},{\"@type\":\"WebSite\",\"@id\":\"https:\\\/\\\/blogs.uef.fi\\\/jatkuvaoppiminen\\\/#website\",\"url\":\"https:\\\/\\\/blogs.uef.fi\\\/jatkuvaoppiminen\\\/\",\"name\":\"Jatkuva oppiminen\",\"description\":\"\",\"potentialAction\":[{\"@type\":\"SearchAction\",\"target\":{\"@type\":\"EntryPoint\",\"urlTemplate\":\"https:\\\/\\\/blogs.uef.fi\\\/jatkuvaoppiminen\\\/?s={search_term_string}\"},\"query-input\":{\"@type\":\"PropertyValueSpecification\",\"valueRequired\":true,\"valueName\":\"search_term_string\"}}],\"inLanguage\":\"fi\"},{\"@type\":\"Person\",\"@id\":\"https:\\\/\\\/blogs.uef.fi\\\/jatkuvaoppiminen\\\/#\\\/schema\\\/person\\\/25ad84de046b83c4647f8045eccaf0be\",\"name\":\"UEF Jatkuvan oppimisen keskus\",\"image\":{\"@type\":\"ImageObject\",\"inLanguage\":\"fi\",\"@id\":\"https:\\\/\\\/secure.gravatar.com\\\/avatar\\\/bcd0fe9d0fbd01d5af8e5ab842b6bc00e924534b23fa841a43aa5cba17d2cd2b?s=96&d=mm&r=g\",\"url\":\"https:\\\/\\\/secure.gravatar.com\\\/avatar\\\/bcd0fe9d0fbd01d5af8e5ab842b6bc00e924534b23fa841a43aa5cba17d2cd2b?s=96&d=mm&r=g\",\"contentUrl\":\"https:\\\/\\\/secure.gravatar.com\\\/avatar\\\/bcd0fe9d0fbd01d5af8e5ab842b6bc00e924534b23fa841a43aa5cba17d2cd2b?s=96&d=mm&r=g\",\"caption\":\"UEF Jatkuvan oppimisen keskus\"},\"url\":\"https:\\\/\\\/blogs.uef.fi\\\/jatkuvaoppiminen\\\/author\\\/jokki\\\/\"}]}<\/script>\n<!-- \/ Yoast SEO plugin. -->","yoast_head_json":{"title":"ReguLaatu-verkostosta tietoa ja vertaistukea laatuty\u00f6n asiantuntijoille\u00a0 - Jatkuva oppiminen","description":"Siilinj\u00e4rven Kunnonpaikassa kokoontui elokuun lopulla ensimm\u00e4ist\u00e4 kertaa terveys- ja hyvinvointialan ReguLaatu-verkosto.","robots":{"index":"index","follow":"follow","max-snippet":"max-snippet:-1","max-image-preview":"max-image-preview:large","max-video-preview":"max-video-preview:-1"},"canonical":"https:\/\/blogs.uef.fi\/jatkuvaoppiminen\/2023\/09\/15\/regulaatu-verkostosta-tietoa-ja-vertaistukea-laatutyon-asiantuntijoille\/","og_locale":"fi_FI","og_type":"article","og_title":"ReguLaatu-verkostosta tietoa ja vertaistukea laatuty\u00f6n asiantuntijoille\u00a0 - Jatkuva oppiminen","og_description":"Siilinj\u00e4rven Kunnonpaikassa kokoontui elokuun lopulla ensimm\u00e4ist\u00e4 kertaa terveys- ja hyvinvointialan ReguLaatu-verkosto.","og_url":"https:\/\/blogs.uef.fi\/jatkuvaoppiminen\/2023\/09\/15\/regulaatu-verkostosta-tietoa-ja-vertaistukea-laatutyon-asiantuntijoille\/","og_site_name":"Jatkuva oppiminen","article_published_time":"2023-09-15T07:34:46+00:00","article_modified_time":"2025-07-10T05:40:47+00:00","og_image":[{"width":2000,"height":1033,"url":"https:\/\/blogs.uef.fi\/jatkuvaoppiminen\/wp-content\/uploads\/sites\/160\/2023\/09\/Riikka-blogi.jpg","type":"image\/jpeg"}],"author":"UEF Jatkuvan oppimisen keskus","twitter_card":"summary_large_image","twitter_misc":{"Kirjoittanut":"UEF Jatkuvan oppimisen keskus","Arvioitu lukuaika":"3 minuuttia"},"schema":{"@context":"https:\/\/schema.org","@graph":[{"@type":"Article","@id":"https:\/\/blogs.uef.fi\/jatkuvaoppiminen\/2023\/09\/15\/regulaatu-verkostosta-tietoa-ja-vertaistukea-laatutyon-asiantuntijoille\/#article","isPartOf":{"@id":"https:\/\/blogs.uef.fi\/jatkuvaoppiminen\/2023\/09\/15\/regulaatu-verkostosta-tietoa-ja-vertaistukea-laatutyon-asiantuntijoille\/"},"author":{"name":"UEF Jatkuvan oppimisen keskus","@id":"https:\/\/blogs.uef.fi\/jatkuvaoppiminen\/#\/schema\/person\/25ad84de046b83c4647f8045eccaf0be"},"headline":"ReguLaatu-verkostosta tietoa ja vertaistukea laatuty\u00f6n asiantuntijoille\u00a0","datePublished":"2023-09-15T07:34:46+00:00","dateModified":"2025-07-10T05:40:47+00:00","mainEntityOfPage":{"@id":"https:\/\/blogs.uef.fi\/jatkuvaoppiminen\/2023\/09\/15\/regulaatu-verkostosta-tietoa-ja-vertaistukea-laatutyon-asiantuntijoille\/"},"wordCount":447,"commentCount":0,"image":{"@id":"https:\/\/blogs.uef.fi\/jatkuvaoppiminen\/2023\/09\/15\/regulaatu-verkostosta-tietoa-ja-vertaistukea-laatutyon-asiantuntijoille\/#primaryimage"},"thumbnailUrl":"https:\/\/blogs.uef.fi\/jatkuvaoppiminen\/wp-content\/uploads\/sites\/160\/2023\/09\/Riikka-blogi-1024x529.jpg","keywords":["jatkuva oppiminen","Regulaatio","ReguLaatu","ReguVa","vastuullisuusosaaminen"],"articleSection":["L\u00e4\u00e4keala"],"inLanguage":"fi","potentialAction":[{"@type":"CommentAction","name":"Comment","target":["https:\/\/blogs.uef.fi\/jatkuvaoppiminen\/2023\/09\/15\/regulaatu-verkostosta-tietoa-ja-vertaistukea-laatutyon-asiantuntijoille\/#respond"]}]},{"@type":"WebPage","@id":"https:\/\/blogs.uef.fi\/jatkuvaoppiminen\/2023\/09\/15\/regulaatu-verkostosta-tietoa-ja-vertaistukea-laatutyon-asiantuntijoille\/","url":"https:\/\/blogs.uef.fi\/jatkuvaoppiminen\/2023\/09\/15\/regulaatu-verkostosta-tietoa-ja-vertaistukea-laatutyon-asiantuntijoille\/","name":"ReguLaatu-verkostosta tietoa ja vertaistukea laatuty\u00f6n asiantuntijoille\u00a0 - Jatkuva oppiminen","isPartOf":{"@id":"https:\/\/blogs.uef.fi\/jatkuvaoppiminen\/#website"},"primaryImageOfPage":{"@id":"https:\/\/blogs.uef.fi\/jatkuvaoppiminen\/2023\/09\/15\/regulaatu-verkostosta-tietoa-ja-vertaistukea-laatutyon-asiantuntijoille\/#primaryimage"},"image":{"@id":"https:\/\/blogs.uef.fi\/jatkuvaoppiminen\/2023\/09\/15\/regulaatu-verkostosta-tietoa-ja-vertaistukea-laatutyon-asiantuntijoille\/#primaryimage"},"thumbnailUrl":"https:\/\/blogs.uef.fi\/jatkuvaoppiminen\/wp-content\/uploads\/sites\/160\/2023\/09\/Riikka-blogi-1024x529.jpg","datePublished":"2023-09-15T07:34:46+00:00","dateModified":"2025-07-10T05:40:47+00:00","author":{"@id":"https:\/\/blogs.uef.fi\/jatkuvaoppiminen\/#\/schema\/person\/25ad84de046b83c4647f8045eccaf0be"},"description":"Siilinj\u00e4rven Kunnonpaikassa kokoontui elokuun lopulla ensimm\u00e4ist\u00e4 kertaa terveys- ja hyvinvointialan ReguLaatu-verkosto.","breadcrumb":{"@id":"https:\/\/blogs.uef.fi\/jatkuvaoppiminen\/2023\/09\/15\/regulaatu-verkostosta-tietoa-ja-vertaistukea-laatutyon-asiantuntijoille\/#breadcrumb"},"inLanguage":"fi","potentialAction":[{"@type":"ReadAction","target":["https:\/\/blogs.uef.fi\/jatkuvaoppiminen\/2023\/09\/15\/regulaatu-verkostosta-tietoa-ja-vertaistukea-laatutyon-asiantuntijoille\/"]}]},{"@type":"ImageObject","inLanguage":"fi","@id":"https:\/\/blogs.uef.fi\/jatkuvaoppiminen\/2023\/09\/15\/regulaatu-verkostosta-tietoa-ja-vertaistukea-laatutyon-asiantuntijoille\/#primaryimage","url":"https:\/\/blogs.uef.fi\/jatkuvaoppiminen\/wp-content\/uploads\/sites\/160\/2023\/09\/Riikka-blogi.jpg","contentUrl":"https:\/\/blogs.uef.fi\/jatkuvaoppiminen\/wp-content\/uploads\/sites\/160\/2023\/09\/Riikka-blogi.jpg","width":2000,"height":1033},{"@type":"BreadcrumbList","@id":"https:\/\/blogs.uef.fi\/jatkuvaoppiminen\/2023\/09\/15\/regulaatu-verkostosta-tietoa-ja-vertaistukea-laatutyon-asiantuntijoille\/#breadcrumb","itemListElement":[{"@type":"ListItem","position":1,"name":"Home","item":"https:\/\/blogs.uef.fi\/jatkuvaoppiminen\/"},{"@type":"ListItem","position":2,"name":"ReguLaatu-verkostosta tietoa ja vertaistukea laatuty\u00f6n asiantuntijoille\u00a0"}]},{"@type":"WebSite","@id":"https:\/\/blogs.uef.fi\/jatkuvaoppiminen\/#website","url":"https:\/\/blogs.uef.fi\/jatkuvaoppiminen\/","name":"Jatkuva oppiminen","description":"","potentialAction":[{"@type":"SearchAction","target":{"@type":"EntryPoint","urlTemplate":"https:\/\/blogs.uef.fi\/jatkuvaoppiminen\/?s={search_term_string}"},"query-input":{"@type":"PropertyValueSpecification","valueRequired":true,"valueName":"search_term_string"}}],"inLanguage":"fi"},{"@type":"Person","@id":"https:\/\/blogs.uef.fi\/jatkuvaoppiminen\/#\/schema\/person\/25ad84de046b83c4647f8045eccaf0be","name":"UEF Jatkuvan oppimisen keskus","image":{"@type":"ImageObject","inLanguage":"fi","@id":"https:\/\/secure.gravatar.com\/avatar\/bcd0fe9d0fbd01d5af8e5ab842b6bc00e924534b23fa841a43aa5cba17d2cd2b?s=96&d=mm&r=g","url":"https:\/\/secure.gravatar.com\/avatar\/bcd0fe9d0fbd01d5af8e5ab842b6bc00e924534b23fa841a43aa5cba17d2cd2b?s=96&d=mm&r=g","contentUrl":"https:\/\/secure.gravatar.com\/avatar\/bcd0fe9d0fbd01d5af8e5ab842b6bc00e924534b23fa841a43aa5cba17d2cd2b?s=96&d=mm&r=g","caption":"UEF Jatkuvan oppimisen keskus"},"url":"https:\/\/blogs.uef.fi\/jatkuvaoppiminen\/author\/jokki\/"}]}},"_links":{"self":[{"href":"https:\/\/blogs.uef.fi\/jatkuvaoppiminen\/wp-json\/wp\/v2\/posts\/4232","targetHints":{"allow":["GET"]}}],"collection":[{"href":"https:\/\/blogs.uef.fi\/jatkuvaoppiminen\/wp-json\/wp\/v2\/posts"}],"about":[{"href":"https:\/\/blogs.uef.fi\/jatkuvaoppiminen\/wp-json\/wp\/v2\/types\/post"}],"author":[{"embeddable":true,"href":"https:\/\/blogs.uef.fi\/jatkuvaoppiminen\/wp-json\/wp\/v2\/users\/444"}],"replies":[{"embeddable":true,"href":"https:\/\/blogs.uef.fi\/jatkuvaoppiminen\/wp-json\/wp\/v2\/comments?post=4232"}],"version-history":[{"count":1,"href":"https:\/\/blogs.uef.fi\/jatkuvaoppiminen\/wp-json\/wp\/v2\/posts\/4232\/revisions"}],"predecessor-version":[{"id":5860,"href":"https:\/\/blogs.uef.fi\/jatkuvaoppiminen\/wp-json\/wp\/v2\/posts\/4232\/revisions\/5860"}],"wp:attachment":[{"href":"https:\/\/blogs.uef.fi\/jatkuvaoppiminen\/wp-json\/wp\/v2\/media?parent=4232"}],"wp:term":[{"taxonomy":"category","embeddable":true,"href":"https:\/\/blogs.uef.fi\/jatkuvaoppiminen\/wp-json\/wp\/v2\/categories?post=4232"},{"taxonomy":"post_tag","embeddable":true,"href":"https:\/\/blogs.uef.fi\/jatkuvaoppiminen\/wp-json\/wp\/v2\/tags?post=4232"}],"curies":[{"name":"wp","href":"https:\/\/api.w.org\/{rel}","templated":true}]}}