{"id":395,"date":"2015-02-06T10:52:59","date_gmt":"2015-02-06T10:52:59","guid":{"rendered":"https:\/\/weaducate.wordpress.com\/?p=395"},"modified":"2025-07-08T09:03:53","modified_gmt":"2025-07-08T07:03:53","slug":"hyva-tyo-23-2-2015-vapaa-paasy","status":"publish","type":"post","link":"https:\/\/blogs.uef.fi\/jatkuvaoppiminen\/2015\/02\/06\/hyva-tyo-23-2-2015-vapaa-paasy\/","title":{"rendered":"Hyv\u00e4 ty\u00f6 &#8211; 23.2.2015 &#8211; vapaa p\u00e4\u00e4sy"},"content":{"rendered":"\n<p><strong>Ty\u00f6kyky\u00e4 ja ty\u00f6hyvinvointia edist\u00e4vien ty\u00f6v\u00e4lineiden pilotointi kuntasektorilla<\/strong><\/p>\n\n\n\n<figure class=\"wp-block-image\"><a href=\"https:\/\/blogs.uef.fi\/jatkuvaoppiminen\/wp-content\/uploads\/sites\/160\/2015\/02\/blogikuva2.jpg\"><img decoding=\"async\" src=\"https:\/\/blogs.uef.fi\/jatkuvaoppiminen\/wp-content\/uploads\/sites\/160\/2015\/02\/blogikuva2.jpg?w=300\" alt=\"blogikuva2\" class=\"wp-image-403\" \/><\/a><\/figure>\n\n\n\n<p><em>Onko teill\u00e4 toteutettu ty\u00f6hyvinvointikysely? Esiteltiink\u00f6 tulokset henkil\u00f6st\u00f6lle vai k\u00e4vittek\u00f6 yhteisen keskustelun? Syntyik\u00f6 ideoita kuinka ty\u00f6paikan hyvinvointia edistet\u00e4\u00e4n? Saitteko sovittu toimenpiteist\u00e4?<br>Oletko huomannut vaikutuksia?<\/em><\/p>\n\n\n\n<p>Tervetuloa Hyv\u00e4 ty\u00f6 \u2013hankkeen j\u00e4rjest\u00e4m\u00e4\u00e4n tilaisuuteen, jossa esittelemme tuloksia Ty\u00f6paikkatutkan pilotoinnista kuntasektorilla! Ty\u00f6paikkatutkaa on menestyksellisesti k\u00e4ytetty teknologiateollisuudessa ty\u00f6paikkojen hyvinvoinnin edist\u00e4miseksi. Ty\u00f6paikkatutka on menetelm\u00e4, joka osallistaa ty\u00f6yhteis\u00f6n j\u00e4senet ideoimaan ja sopimaan k\u00e4yt\u00e4nn\u00f6n menetelmist\u00e4 ty\u00f6hyvinvoinnin edist\u00e4miseksi. Me tahdoimme kokeilla sit\u00e4 kuntasektorilla ja nyt kerromme kokemuksistamme.<\/p>\n\n\n\n<p>Vapaa p\u00e4\u00e4sy &#8211; tervetuloa!<\/p>\n\n\n\n<p><strong>23.2.2015 klo 14:00 \u2013 16:00<\/strong><\/p>\n\n\n\n<p>It\u00e4-Suomen yliopisto, Koulutus- ja kehitt\u00e4mispalvelu Aducate, Aurora-rakennus Au205, Yliopistokatu 2, Joensuu<\/p>\n\n\n\n<p>Ohjelma:<\/p>\n\n\n\n<ul class=\"wp-block-list\">\n<li>Kahvit ja ilmoittautuminen<\/li>\n\n\n\n<li>Hyv\u00e4 ty\u00f6, <em>projektip\u00e4\u00e4llikk\u00f6 Tuula Hirvonen, Aducate<\/em><\/li>\n\n\n\n<li>Ty\u00f6paikkatutka ja ty\u00f6kykytalo<em> &#8211; <\/em>mit\u00e4 opimme, <em>Sanna Saastamoinen, Aducate<\/em><\/li>\n\n\n\n<li>K\u00e4yt\u00e4nn\u00f6n kokemuksia, <em>ty\u00f6suojeluvaltuutettu Pauli Raappana ja p\u00e4\u00e4luottamusmies Heidi Pakarinen, Joensuun kaupunki<\/em><\/li>\n\n\n\n<li>Muita vaihtoehtoja<em> &#8211; <\/em>ratkaisukeskeisyys ja oivalluttaminen, <em>Arttu Puhakka, Aducate<\/em><\/li>\n\n\n\n<li>Miten eteenp\u00e4in?, <em>ty\u00f6hyvinvointip\u00e4\u00e4llikk\u00f6 Minna Piiroinen, Joensuun kaupunki<\/em><\/li>\n<\/ul>\n\n\n\n<p><a href=\"https:\/\/elomake.uef.fi\/lomakkeet\/10779\/lomake.html\" target=\"_blank\" rel=\"noopener\">Ilmoittaudu<\/a>, niin tied\u00e4mme varata tarpeeksi kahvia ja kahvileip\u00e4\u00e4.<\/p>\n\n\n\n<figure class=\"wp-block-image\"><a href=\"https:\/\/blogs.uef.fi\/jatkuvaoppiminen\/wp-content\/uploads\/sites\/160\/2015\/02\/blogilogot.jpg\"><img loading=\"lazy\" decoding=\"async\" width=\"676\" height=\"66\" src=\"https:\/\/blogs.uef.fi\/jatkuvaoppiminen\/wp-content\/uploads\/sites\/160\/2015\/02\/blogilogot.jpg?w=300\" alt=\"blogilogot\" class=\"wp-image-398\" srcset=\"https:\/\/blogs.uef.fi\/jatkuvaoppiminen\/wp-content\/uploads\/sites\/160\/2015\/02\/blogilogot.jpg 676w, https:\/\/blogs.uef.fi\/jatkuvaoppiminen\/wp-content\/uploads\/sites\/160\/2015\/02\/blogilogot-300x29.jpg 300w\" sizes=\"auto, (max-width: 676px) 100vw, 676px\" \/><\/a><\/figure>\n","protected":false},"excerpt":{"rendered":"<p>Ty\u00f6kyky\u00e4 ja ty\u00f6hyvinvointia edist\u00e4vien ty\u00f6v\u00e4lineiden pilotointi kuntasektorilla Onko teill\u00e4 toteutettu ty\u00f6hyvinvointikysely? Esiteltiink\u00f6 tulokset henkil\u00f6st\u00f6lle vai k\u00e4vittek\u00f6 yhteisen keskustelun? Syntyik\u00f6 ideoita kuinka ty\u00f6paikan hyvinvointia edistet\u00e4\u00e4n? Saitteko sovittu toimenpiteist\u00e4?Oletko huomannut vaikutuksia? Tervetuloa Hyv\u00e4 ty\u00f6 \u2013hankkeen j\u00e4rjest\u00e4m\u00e4\u00e4n tilaisuuteen, jossa esittelemme tuloksia Ty\u00f6paikkatutkan pilotoinnista kuntasektorilla! Ty\u00f6paikkatutkaa on menestyksellisesti k\u00e4ytetty teknologiateollisuudessa ty\u00f6paikkojen hyvinvoinnin edist\u00e4miseksi. Ty\u00f6paikkatutka on menetelm\u00e4, joka osallistaa ty\u00f6yhteis\u00f6n [&hellip;]<\/p>\n","protected":false},"author":1,"featured_media":0,"comment_status":"open","ping_status":"open","sticky":false,"template":"","format":"standard","meta":{"_acf_changed":false,"footnotes":""},"categories":[32],"tags":[],"class_list":["post-395","post","type-post","status-publish","format-standard","hentry","category-tyollistyminen"],"acf":[],"yoast_head":"<!-- This site is optimized with the Yoast SEO plugin v27.3 - https:\/\/yoast.com\/product\/yoast-seo-wordpress\/ -->\n<title>Hyv\u00e4 ty\u00f6 - 23.2.2015 - vapaa p\u00e4\u00e4sy - Jatkuva oppiminen<\/title>\n<meta name=\"robots\" content=\"index, follow, max-snippet:-1, max-image-preview:large, max-video-preview:-1\" \/>\n<link rel=\"canonical\" href=\"https:\/\/blogs.uef.fi\/jatkuvaoppiminen\/2015\/02\/06\/hyva-tyo-23-2-2015-vapaa-paasy\/\" \/>\n<meta property=\"og:locale\" content=\"fi_FI\" \/>\n<meta property=\"og:type\" content=\"article\" \/>\n<meta property=\"og:title\" content=\"Hyv\u00e4 ty\u00f6 - 23.2.2015 - vapaa p\u00e4\u00e4sy - Jatkuva oppiminen\" \/>\n<meta property=\"og:description\" content=\"Ty\u00f6kyky\u00e4 ja ty\u00f6hyvinvointia edist\u00e4vien ty\u00f6v\u00e4lineiden pilotointi kuntasektorilla Onko teill\u00e4 toteutettu ty\u00f6hyvinvointikysely? Esiteltiink\u00f6 tulokset henkil\u00f6st\u00f6lle vai k\u00e4vittek\u00f6 yhteisen keskustelun? Syntyik\u00f6 ideoita kuinka ty\u00f6paikan hyvinvointia edistet\u00e4\u00e4n? Saitteko sovittu toimenpiteist\u00e4?Oletko huomannut vaikutuksia? Tervetuloa Hyv\u00e4 ty\u00f6 \u2013hankkeen j\u00e4rjest\u00e4m\u00e4\u00e4n tilaisuuteen, jossa esittelemme tuloksia Ty\u00f6paikkatutkan pilotoinnista kuntasektorilla! Ty\u00f6paikkatutkaa on menestyksellisesti k\u00e4ytetty teknologiateollisuudessa ty\u00f6paikkojen hyvinvoinnin edist\u00e4miseksi. Ty\u00f6paikkatutka on menetelm\u00e4, joka osallistaa ty\u00f6yhteis\u00f6n [&hellip;]\" \/>\n<meta property=\"og:url\" content=\"https:\/\/blogs.uef.fi\/jatkuvaoppiminen\/2015\/02\/06\/hyva-tyo-23-2-2015-vapaa-paasy\/\" \/>\n<meta property=\"og:site_name\" content=\"Jatkuva oppiminen\" \/>\n<meta property=\"article:published_time\" content=\"2015-02-06T10:52:59+00:00\" \/>\n<meta property=\"article:modified_time\" content=\"2025-07-08T07:03:53+00:00\" \/>\n<meta name=\"author\" content=\"uef-admin\" \/>\n<meta name=\"twitter:card\" content=\"summary_large_image\" \/>\n<meta name=\"twitter:label1\" content=\"Kirjoittanut\" \/>\n\t<meta name=\"twitter:data1\" content=\"uef-admin\" \/>\n\t<meta name=\"twitter:label2\" content=\"Arvioitu lukuaika\" \/>\n\t<meta name=\"twitter:data2\" content=\"2 minuuttia\" \/>\n<script type=\"application\/ld+json\" class=\"yoast-schema-graph\">{\"@context\":\"https:\\\/\\\/schema.org\",\"@graph\":[{\"@type\":\"Article\",\"@id\":\"https:\\\/\\\/blogs.uef.fi\\\/jatkuvaoppiminen\\\/2015\\\/02\\\/06\\\/hyva-tyo-23-2-2015-vapaa-paasy\\\/#article\",\"isPartOf\":{\"@id\":\"https:\\\/\\\/blogs.uef.fi\\\/jatkuvaoppiminen\\\/2015\\\/02\\\/06\\\/hyva-tyo-23-2-2015-vapaa-paasy\\\/\"},\"author\":{\"name\":\"uef-admin\",\"@id\":\"https:\\\/\\\/blogs.uef.fi\\\/jatkuvaoppiminen\\\/#\\\/schema\\\/person\\\/68b9405b92c78017eecd7b0679c34075\"},\"headline\":\"Hyv\u00e4 ty\u00f6 &#8211; 23.2.2015 &#8211; vapaa p\u00e4\u00e4sy\",\"datePublished\":\"2015-02-06T10:52:59+00:00\",\"dateModified\":\"2025-07-08T07:03:53+00:00\",\"mainEntityOfPage\":{\"@id\":\"https:\\\/\\\/blogs.uef.fi\\\/jatkuvaoppiminen\\\/2015\\\/02\\\/06\\\/hyva-tyo-23-2-2015-vapaa-paasy\\\/\"},\"wordCount\":192,\"commentCount\":0,\"image\":{\"@id\":\"https:\\\/\\\/blogs.uef.fi\\\/jatkuvaoppiminen\\\/2015\\\/02\\\/06\\\/hyva-tyo-23-2-2015-vapaa-paasy\\\/#primaryimage\"},\"thumbnailUrl\":\"https:\\\/\\\/blogs.uef.fi\\\/jatkuvaoppiminen\\\/wp-content\\\/uploads\\\/sites\\\/160\\\/2015\\\/02\\\/blogikuva2.jpg?w=300\",\"articleSection\":[\"Ty\u00f6llistyminen\"],\"inLanguage\":\"fi\",\"potentialAction\":[{\"@type\":\"CommentAction\",\"name\":\"Comment\",\"target\":[\"https:\\\/\\\/blogs.uef.fi\\\/jatkuvaoppiminen\\\/2015\\\/02\\\/06\\\/hyva-tyo-23-2-2015-vapaa-paasy\\\/#respond\"]}]},{\"@type\":\"WebPage\",\"@id\":\"https:\\\/\\\/blogs.uef.fi\\\/jatkuvaoppiminen\\\/2015\\\/02\\\/06\\\/hyva-tyo-23-2-2015-vapaa-paasy\\\/\",\"url\":\"https:\\\/\\\/blogs.uef.fi\\\/jatkuvaoppiminen\\\/2015\\\/02\\\/06\\\/hyva-tyo-23-2-2015-vapaa-paasy\\\/\",\"name\":\"Hyv\u00e4 ty\u00f6 - 23.2.2015 - vapaa p\u00e4\u00e4sy - Jatkuva oppiminen\",\"isPartOf\":{\"@id\":\"https:\\\/\\\/blogs.uef.fi\\\/jatkuvaoppiminen\\\/#website\"},\"primaryImageOfPage\":{\"@id\":\"https:\\\/\\\/blogs.uef.fi\\\/jatkuvaoppiminen\\\/2015\\\/02\\\/06\\\/hyva-tyo-23-2-2015-vapaa-paasy\\\/#primaryimage\"},\"image\":{\"@id\":\"https:\\\/\\\/blogs.uef.fi\\\/jatkuvaoppiminen\\\/2015\\\/02\\\/06\\\/hyva-tyo-23-2-2015-vapaa-paasy\\\/#primaryimage\"},\"thumbnailUrl\":\"https:\\\/\\\/blogs.uef.fi\\\/jatkuvaoppiminen\\\/wp-content\\\/uploads\\\/sites\\\/160\\\/2015\\\/02\\\/blogikuva2.jpg?w=300\",\"datePublished\":\"2015-02-06T10:52:59+00:00\",\"dateModified\":\"2025-07-08T07:03:53+00:00\",\"author\":{\"@id\":\"https:\\\/\\\/blogs.uef.fi\\\/jatkuvaoppiminen\\\/#\\\/schema\\\/person\\\/68b9405b92c78017eecd7b0679c34075\"},\"breadcrumb\":{\"@id\":\"https:\\\/\\\/blogs.uef.fi\\\/jatkuvaoppiminen\\\/2015\\\/02\\\/06\\\/hyva-tyo-23-2-2015-vapaa-paasy\\\/#breadcrumb\"},\"inLanguage\":\"fi\",\"potentialAction\":[{\"@type\":\"ReadAction\",\"target\":[\"https:\\\/\\\/blogs.uef.fi\\\/jatkuvaoppiminen\\\/2015\\\/02\\\/06\\\/hyva-tyo-23-2-2015-vapaa-paasy\\\/\"]}]},{\"@type\":\"ImageObject\",\"inLanguage\":\"fi\",\"@id\":\"https:\\\/\\\/blogs.uef.fi\\\/jatkuvaoppiminen\\\/2015\\\/02\\\/06\\\/hyva-tyo-23-2-2015-vapaa-paasy\\\/#primaryimage\",\"url\":\"\",\"contentUrl\":\"\"},{\"@type\":\"BreadcrumbList\",\"@id\":\"https:\\\/\\\/blogs.uef.fi\\\/jatkuvaoppiminen\\\/2015\\\/02\\\/06\\\/hyva-tyo-23-2-2015-vapaa-paasy\\\/#breadcrumb\",\"itemListElement\":[{\"@type\":\"ListItem\",\"position\":1,\"name\":\"Home\",\"item\":\"https:\\\/\\\/blogs.uef.fi\\\/jatkuvaoppiminen\\\/\"},{\"@type\":\"ListItem\",\"position\":2,\"name\":\"Hyv\u00e4 ty\u00f6 &#8211; 23.2.2015 &#8211; vapaa p\u00e4\u00e4sy\"}]},{\"@type\":\"WebSite\",\"@id\":\"https:\\\/\\\/blogs.uef.fi\\\/jatkuvaoppiminen\\\/#website\",\"url\":\"https:\\\/\\\/blogs.uef.fi\\\/jatkuvaoppiminen\\\/\",\"name\":\"Jatkuva oppiminen\",\"description\":\"\",\"potentialAction\":[{\"@type\":\"SearchAction\",\"target\":{\"@type\":\"EntryPoint\",\"urlTemplate\":\"https:\\\/\\\/blogs.uef.fi\\\/jatkuvaoppiminen\\\/?s={search_term_string}\"},\"query-input\":{\"@type\":\"PropertyValueSpecification\",\"valueRequired\":true,\"valueName\":\"search_term_string\"}}],\"inLanguage\":\"fi\"},{\"@type\":\"Person\",\"@id\":\"https:\\\/\\\/blogs.uef.fi\\\/jatkuvaoppiminen\\\/#\\\/schema\\\/person\\\/68b9405b92c78017eecd7b0679c34075\",\"name\":\"uef-admin\",\"image\":{\"@type\":\"ImageObject\",\"inLanguage\":\"fi\",\"@id\":\"https:\\\/\\\/secure.gravatar.com\\\/avatar\\\/6c9f5016c320b72333096361e494f2c004505657367d2847a11e96de0655f758?s=96&d=mm&r=g\",\"url\":\"https:\\\/\\\/secure.gravatar.com\\\/avatar\\\/6c9f5016c320b72333096361e494f2c004505657367d2847a11e96de0655f758?s=96&d=mm&r=g\",\"contentUrl\":\"https:\\\/\\\/secure.gravatar.com\\\/avatar\\\/6c9f5016c320b72333096361e494f2c004505657367d2847a11e96de0655f758?s=96&d=mm&r=g\",\"caption\":\"uef-admin\"},\"url\":\"https:\\\/\\\/blogs.uef.fi\\\/jatkuvaoppiminen\\\/author\\\/uef-admin\\\/\"}]}<\/script>\n<!-- \/ Yoast SEO plugin. -->","yoast_head_json":{"title":"Hyv\u00e4 ty\u00f6 - 23.2.2015 - vapaa p\u00e4\u00e4sy - Jatkuva oppiminen","robots":{"index":"index","follow":"follow","max-snippet":"max-snippet:-1","max-image-preview":"max-image-preview:large","max-video-preview":"max-video-preview:-1"},"canonical":"https:\/\/blogs.uef.fi\/jatkuvaoppiminen\/2015\/02\/06\/hyva-tyo-23-2-2015-vapaa-paasy\/","og_locale":"fi_FI","og_type":"article","og_title":"Hyv\u00e4 ty\u00f6 - 23.2.2015 - vapaa p\u00e4\u00e4sy - Jatkuva oppiminen","og_description":"Ty\u00f6kyky\u00e4 ja ty\u00f6hyvinvointia edist\u00e4vien ty\u00f6v\u00e4lineiden pilotointi kuntasektorilla Onko teill\u00e4 toteutettu ty\u00f6hyvinvointikysely? Esiteltiink\u00f6 tulokset henkil\u00f6st\u00f6lle vai k\u00e4vittek\u00f6 yhteisen keskustelun? Syntyik\u00f6 ideoita kuinka ty\u00f6paikan hyvinvointia edistet\u00e4\u00e4n? Saitteko sovittu toimenpiteist\u00e4?Oletko huomannut vaikutuksia? Tervetuloa Hyv\u00e4 ty\u00f6 \u2013hankkeen j\u00e4rjest\u00e4m\u00e4\u00e4n tilaisuuteen, jossa esittelemme tuloksia Ty\u00f6paikkatutkan pilotoinnista kuntasektorilla! Ty\u00f6paikkatutkaa on menestyksellisesti k\u00e4ytetty teknologiateollisuudessa ty\u00f6paikkojen hyvinvoinnin edist\u00e4miseksi. Ty\u00f6paikkatutka on menetelm\u00e4, joka osallistaa ty\u00f6yhteis\u00f6n [&hellip;]","og_url":"https:\/\/blogs.uef.fi\/jatkuvaoppiminen\/2015\/02\/06\/hyva-tyo-23-2-2015-vapaa-paasy\/","og_site_name":"Jatkuva oppiminen","article_published_time":"2015-02-06T10:52:59+00:00","article_modified_time":"2025-07-08T07:03:53+00:00","author":"uef-admin","twitter_card":"summary_large_image","twitter_misc":{"Kirjoittanut":"uef-admin","Arvioitu lukuaika":"2 minuuttia"},"schema":{"@context":"https:\/\/schema.org","@graph":[{"@type":"Article","@id":"https:\/\/blogs.uef.fi\/jatkuvaoppiminen\/2015\/02\/06\/hyva-tyo-23-2-2015-vapaa-paasy\/#article","isPartOf":{"@id":"https:\/\/blogs.uef.fi\/jatkuvaoppiminen\/2015\/02\/06\/hyva-tyo-23-2-2015-vapaa-paasy\/"},"author":{"name":"uef-admin","@id":"https:\/\/blogs.uef.fi\/jatkuvaoppiminen\/#\/schema\/person\/68b9405b92c78017eecd7b0679c34075"},"headline":"Hyv\u00e4 ty\u00f6 &#8211; 23.2.2015 &#8211; vapaa p\u00e4\u00e4sy","datePublished":"2015-02-06T10:52:59+00:00","dateModified":"2025-07-08T07:03:53+00:00","mainEntityOfPage":{"@id":"https:\/\/blogs.uef.fi\/jatkuvaoppiminen\/2015\/02\/06\/hyva-tyo-23-2-2015-vapaa-paasy\/"},"wordCount":192,"commentCount":0,"image":{"@id":"https:\/\/blogs.uef.fi\/jatkuvaoppiminen\/2015\/02\/06\/hyva-tyo-23-2-2015-vapaa-paasy\/#primaryimage"},"thumbnailUrl":"https:\/\/blogs.uef.fi\/jatkuvaoppiminen\/wp-content\/uploads\/sites\/160\/2015\/02\/blogikuva2.jpg?w=300","articleSection":["Ty\u00f6llistyminen"],"inLanguage":"fi","potentialAction":[{"@type":"CommentAction","name":"Comment","target":["https:\/\/blogs.uef.fi\/jatkuvaoppiminen\/2015\/02\/06\/hyva-tyo-23-2-2015-vapaa-paasy\/#respond"]}]},{"@type":"WebPage","@id":"https:\/\/blogs.uef.fi\/jatkuvaoppiminen\/2015\/02\/06\/hyva-tyo-23-2-2015-vapaa-paasy\/","url":"https:\/\/blogs.uef.fi\/jatkuvaoppiminen\/2015\/02\/06\/hyva-tyo-23-2-2015-vapaa-paasy\/","name":"Hyv\u00e4 ty\u00f6 - 23.2.2015 - vapaa p\u00e4\u00e4sy - Jatkuva oppiminen","isPartOf":{"@id":"https:\/\/blogs.uef.fi\/jatkuvaoppiminen\/#website"},"primaryImageOfPage":{"@id":"https:\/\/blogs.uef.fi\/jatkuvaoppiminen\/2015\/02\/06\/hyva-tyo-23-2-2015-vapaa-paasy\/#primaryimage"},"image":{"@id":"https:\/\/blogs.uef.fi\/jatkuvaoppiminen\/2015\/02\/06\/hyva-tyo-23-2-2015-vapaa-paasy\/#primaryimage"},"thumbnailUrl":"https:\/\/blogs.uef.fi\/jatkuvaoppiminen\/wp-content\/uploads\/sites\/160\/2015\/02\/blogikuva2.jpg?w=300","datePublished":"2015-02-06T10:52:59+00:00","dateModified":"2025-07-08T07:03:53+00:00","author":{"@id":"https:\/\/blogs.uef.fi\/jatkuvaoppiminen\/#\/schema\/person\/68b9405b92c78017eecd7b0679c34075"},"breadcrumb":{"@id":"https:\/\/blogs.uef.fi\/jatkuvaoppiminen\/2015\/02\/06\/hyva-tyo-23-2-2015-vapaa-paasy\/#breadcrumb"},"inLanguage":"fi","potentialAction":[{"@type":"ReadAction","target":["https:\/\/blogs.uef.fi\/jatkuvaoppiminen\/2015\/02\/06\/hyva-tyo-23-2-2015-vapaa-paasy\/"]}]},{"@type":"ImageObject","inLanguage":"fi","@id":"https:\/\/blogs.uef.fi\/jatkuvaoppiminen\/2015\/02\/06\/hyva-tyo-23-2-2015-vapaa-paasy\/#primaryimage","url":"","contentUrl":""},{"@type":"BreadcrumbList","@id":"https:\/\/blogs.uef.fi\/jatkuvaoppiminen\/2015\/02\/06\/hyva-tyo-23-2-2015-vapaa-paasy\/#breadcrumb","itemListElement":[{"@type":"ListItem","position":1,"name":"Home","item":"https:\/\/blogs.uef.fi\/jatkuvaoppiminen\/"},{"@type":"ListItem","position":2,"name":"Hyv\u00e4 ty\u00f6 &#8211; 23.2.2015 &#8211; vapaa p\u00e4\u00e4sy"}]},{"@type":"WebSite","@id":"https:\/\/blogs.uef.fi\/jatkuvaoppiminen\/#website","url":"https:\/\/blogs.uef.fi\/jatkuvaoppiminen\/","name":"Jatkuva oppiminen","description":"","potentialAction":[{"@type":"SearchAction","target":{"@type":"EntryPoint","urlTemplate":"https:\/\/blogs.uef.fi\/jatkuvaoppiminen\/?s={search_term_string}"},"query-input":{"@type":"PropertyValueSpecification","valueRequired":true,"valueName":"search_term_string"}}],"inLanguage":"fi"},{"@type":"Person","@id":"https:\/\/blogs.uef.fi\/jatkuvaoppiminen\/#\/schema\/person\/68b9405b92c78017eecd7b0679c34075","name":"uef-admin","image":{"@type":"ImageObject","inLanguage":"fi","@id":"https:\/\/secure.gravatar.com\/avatar\/6c9f5016c320b72333096361e494f2c004505657367d2847a11e96de0655f758?s=96&d=mm&r=g","url":"https:\/\/secure.gravatar.com\/avatar\/6c9f5016c320b72333096361e494f2c004505657367d2847a11e96de0655f758?s=96&d=mm&r=g","contentUrl":"https:\/\/secure.gravatar.com\/avatar\/6c9f5016c320b72333096361e494f2c004505657367d2847a11e96de0655f758?s=96&d=mm&r=g","caption":"uef-admin"},"url":"https:\/\/blogs.uef.fi\/jatkuvaoppiminen\/author\/uef-admin\/"}]}},"_links":{"self":[{"href":"https:\/\/blogs.uef.fi\/jatkuvaoppiminen\/wp-json\/wp\/v2\/posts\/395","targetHints":{"allow":["GET"]}}],"collection":[{"href":"https:\/\/blogs.uef.fi\/jatkuvaoppiminen\/wp-json\/wp\/v2\/posts"}],"about":[{"href":"https:\/\/blogs.uef.fi\/jatkuvaoppiminen\/wp-json\/wp\/v2\/types\/post"}],"author":[{"embeddable":true,"href":"https:\/\/blogs.uef.fi\/jatkuvaoppiminen\/wp-json\/wp\/v2\/users\/1"}],"replies":[{"embeddable":true,"href":"https:\/\/blogs.uef.fi\/jatkuvaoppiminen\/wp-json\/wp\/v2\/comments?post=395"}],"version-history":[{"count":1,"href":"https:\/\/blogs.uef.fi\/jatkuvaoppiminen\/wp-json\/wp\/v2\/posts\/395\/revisions"}],"predecessor-version":[{"id":5520,"href":"https:\/\/blogs.uef.fi\/jatkuvaoppiminen\/wp-json\/wp\/v2\/posts\/395\/revisions\/5520"}],"wp:attachment":[{"href":"https:\/\/blogs.uef.fi\/jatkuvaoppiminen\/wp-json\/wp\/v2\/media?parent=395"}],"wp:term":[{"taxonomy":"category","embeddable":true,"href":"https:\/\/blogs.uef.fi\/jatkuvaoppiminen\/wp-json\/wp\/v2\/categories?post=395"},{"taxonomy":"post_tag","embeddable":true,"href":"https:\/\/blogs.uef.fi\/jatkuvaoppiminen\/wp-json\/wp\/v2\/tags?post=395"}],"curies":[{"name":"wp","href":"https:\/\/api.w.org\/{rel}","templated":true}]}}