{"id":3242,"date":"2022-06-13T11:41:04","date_gmt":"2022-06-13T11:41:04","guid":{"rendered":"https:\/\/blogs.uef.fi\/jatkuvaoppiminen\/?p=3242"},"modified":"2025-07-09T13:19:18","modified_gmt":"2025-07-09T11:19:18","slug":"digierkot-yhdistavat-tekniikan-ja-pedagogiikan","status":"publish","type":"post","link":"https:\/\/blogs.uef.fi\/jatkuvaoppiminen\/2022\/06\/13\/digierkot-yhdistavat-tekniikan-ja-pedagogiikan\/","title":{"rendered":"DigiErkot yhdist\u00e4v\u00e4t tekniikan ja pedagogiikan"},"content":{"rendered":"\n<p><em>Digitalisaatio ja digipedagogiikka hakevat edelleen paikkaansa kouluissa. Laitteet ja tekniikka ovat tulleet rytin\u00e4ll\u00e4 luokkahuoneisiin, ja opettajat pohtivat niiden parasta pedagogista k\u00e4ytt\u00e4mist\u00e4 opetuksen ja oppimisen tukena.<\/em><\/p>\n\n\n\n<p>It\u00e4-Suomen yliopiston soveltavan kasvatustieteen ja opettajankoulutuksen osastolla alkaa marraskuussa 2022 jo kuudes kaksivuotinen <em>Oppiminen ja opettaminen digitaalisissa ymp\u00e4rist\u00f6iss\u00e4<\/em> -erikoistumiskoulutus (60 op). Se on suunnattu opettajille, jotka haluavat oppia hy\u00f6dynt\u00e4m\u00e4\u00e4n entist\u00e4 paremmin teknologian mahdollisuuksia omassa opetuksessaan. Koulutus soveltuu peruskoulun ja toisen asteen ammatillisille opettajille, mutta yht\u00e4 hyvin my\u00f6s AMK- ja yliopisto-opettajille.<\/p>\n\n\n\n<figure class=\"wp-block-image size-full is-resized\"><img loading=\"lazy\" decoding=\"async\" src=\"https:\/\/blogs.uef.fi\/jatkuvaoppiminen\/wp-content\/uploads\/sites\/160\/2022\/06\/digierko_blogi01.jpg\" alt=\"\" class=\"wp-image-3245\" width=\"571\" height=\"381\" \/><figcaption>Kuva: Satu Piispa-Hakala<\/figcaption><\/figure>\n\n\n\n<p>\u2013 Osallistujista eli DigiErkoista on tarkoitus muovata sellaisia kehitt\u00e4j\u00e4opettajia, jotka pystyisiv\u00e4t omassa oppilaitoksessaan miettim\u00e4\u00e4n laajemminkin digitalisaatiota oppimisen n\u00e4k\u00f6kulmasta. Mit\u00e4 uutta se voi tuoda oppimiseen ja miten se huomioidaan juuri meid\u00e4n arjessamme, muotoilee vastuukouluttajana toimiva yliopistonlehtori <strong>Sini Kontkanen<\/strong> ja jatkaa, ett\u00e4 koulutus on toiminut my\u00f6s monelle osallistujalle ponnahduslautana erilaisiin asiantuntijateht\u00e4viin ja uudenlaiseen urakehitykseen.<\/p>\n\n\n\n<p>DigiErko-koulutus on monimuoto-opetusta, jonka pohjana olevan tutkimustiedon lis\u00e4ksi koulutus sis\u00e4lt\u00e4\u00e4 k\u00e4yt\u00e4nn\u00f6nl\u00e4heisi\u00e4 teht\u00e4vi\u00e4 suoraan linkitettyin\u00e4 omaan ty\u00f6h\u00f6n. Kehitt\u00e4mishankkeesta hy\u00f6tyy opiskelijan lis\u00e4ksi my\u00f6s koko ty\u00f6yhteis\u00f6. L\u00e4hitapaamisilla Joensuussa on tilaa my\u00f6s keskustelulle, t\u00e4rke\u00e4lle vertaistuelle ja kokemusten jakamiselle. Palautteen mukaan valmistuneet DigiErkot kokevat saaneensa koulutuksesta uutta omaan opetukseen sek\u00e4 ty\u00f6n imu ja ilo on lis\u00e4\u00e4ntynyt.<\/p>\n\n\n\n<p>Koulutus on maksullinen. Onneksi monet kunnat ja rehtorit ovat jo huomanneet pitk\u00e4j\u00e4nteisen koulutuksen merkityksen ja osallistuvat koulutuksen kustannuksiin. Maksuihin on mahdollista hakea my\u00f6s erilaisia apurahoja, koulutus on aikuiskoulutustukikelpoista.<\/p>\n\n\n\n<figure class=\"wp-block-image size-full is-resized\"><img loading=\"lazy\" decoding=\"async\" src=\"https:\/\/blogs.uef.fi\/jatkuvaoppiminen\/wp-content\/uploads\/sites\/160\/2022\/06\/digierko_blogi02.jpg\" alt=\"\" class=\"wp-image-3248\" width=\"598\" height=\"399\" \/><figcaption>Kuva: Satu Piispa-Hakala<\/figcaption><\/figure>\n\n\n\n<p><em>Seuraava hakuaika opintoihin on alkanut ja p\u00e4\u00e4tyy 31.10.2022<\/em><\/p>\n\n\n\n<p><a href=\"https:\/\/link.webropolsurveys.com\/Participation\/Public\/9e24331e-29d6-404c-b3ad-542eb7d18c8d?displayId=Fin2532504\"><em>Ilmoittaudu!<\/em><\/a><em><\/em><\/p>\n\n\n\n<p>Lis\u00e4tietoja koulutuksesta: Yliopistonlehtori Sini Kontkanen: sini.kontkanen(at)uef.fi, p. 050&nbsp;570 7945<\/p>\n\n\n\n<p><a href=\"http:\/\/www.uef.fi\/web\/erikoistumiskoulutus-digiope\">http:\/\/www.uef.fi\/web\/erikoistumiskoulutus-digiope<\/a><\/p>\n","protected":false},"excerpt":{"rendered":"<p>Digitalisaatio ja digipedagogiikka hakevat edelleen paikkaansa kouluissa. Laitteet ja tekniikka ovat tulleet rytin\u00e4ll\u00e4 luokkahuoneisiin, ja opettajat pohtivat niiden parasta pedagogista k\u00e4ytt\u00e4mist\u00e4 opetuksen ja oppimisen tukena. It\u00e4-Suomen yliopiston soveltavan kasvatustieteen ja opettajankoulutuksen osastolla alkaa marraskuussa 2022 jo kuudes kaksivuotinen Oppiminen ja opettaminen digitaalisissa ymp\u00e4rist\u00f6iss\u00e4 -erikoistumiskoulutus (60 op). Se on suunnattu opettajille, jotka haluavat oppia hy\u00f6dynt\u00e4m\u00e4\u00e4n entist\u00e4 [&hellip;]<\/p>\n","protected":false},"author":444,"featured_media":0,"comment_status":"open","ping_status":"open","sticky":false,"template":"","format":"standard","meta":{"_acf_changed":false,"footnotes":""},"categories":[1,35],"tags":[869,872,857,227],"class_list":["post-3242","post","type-post","status-publish","format-standard","hentry","category-uncategorized-fi","category-vieraskyna","tag-digierko","tag-digipedagogiikka","tag-digitalisaatio","tag-jatkuvaoppiminen"],"acf":[],"yoast_head":"<!-- This site is optimized with the Yoast SEO plugin v27.3 - https:\/\/yoast.com\/product\/yoast-seo-wordpress\/ -->\n<title>DigiErkot yhdist\u00e4v\u00e4t tekniikan ja pedagogiikan - Jatkuva oppiminen<\/title>\n<meta name=\"description\" content=\"Digitalisaatio ja digipedagogiikka hakevat edelleen paikkaansa kouluissa. Laitteet ja tekniikka ovat tulleet rytin\u00e4ll\u00e4 luokkahuoneisiin, ja opettajat pohtivat niiden parasta pedagogista k\u00e4ytt\u00e4mist\u00e4 opetuksen ja oppimisen tukena.\" \/>\n<meta name=\"robots\" content=\"index, follow, max-snippet:-1, max-image-preview:large, max-video-preview:-1\" \/>\n<link rel=\"canonical\" href=\"https:\/\/blogs.uef.fi\/jatkuvaoppiminen\/2022\/06\/13\/digierkot-yhdistavat-tekniikan-ja-pedagogiikan\/\" \/>\n<meta property=\"og:locale\" content=\"fi_FI\" \/>\n<meta property=\"og:type\" content=\"article\" \/>\n<meta property=\"og:title\" content=\"DigiErkot yhdist\u00e4v\u00e4t tekniikan ja pedagogiikan - Jatkuva oppiminen\" \/>\n<meta property=\"og:description\" content=\"Digitalisaatio ja digipedagogiikka hakevat edelleen paikkaansa kouluissa. Laitteet ja tekniikka ovat tulleet rytin\u00e4ll\u00e4 luokkahuoneisiin, ja opettajat pohtivat niiden parasta pedagogista k\u00e4ytt\u00e4mist\u00e4 opetuksen ja oppimisen tukena.\" \/>\n<meta property=\"og:url\" content=\"https:\/\/blogs.uef.fi\/jatkuvaoppiminen\/2022\/06\/13\/digierkot-yhdistavat-tekniikan-ja-pedagogiikan\/\" \/>\n<meta property=\"og:site_name\" content=\"Jatkuva oppiminen\" \/>\n<meta property=\"article:published_time\" content=\"2022-06-13T11:41:04+00:00\" \/>\n<meta property=\"article:modified_time\" content=\"2025-07-09T11:19:18+00:00\" \/>\n<meta name=\"author\" content=\"UEF Jatkuvan oppimisen keskus\" \/>\n<meta name=\"twitter:card\" content=\"summary_large_image\" \/>\n<meta name=\"twitter:label1\" content=\"Kirjoittanut\" \/>\n\t<meta name=\"twitter:data1\" content=\"UEF Jatkuvan oppimisen keskus\" \/>\n\t<meta name=\"twitter:label2\" content=\"Arvioitu lukuaika\" \/>\n\t<meta name=\"twitter:data2\" content=\"2 minuuttia\" \/>\n<script type=\"application\/ld+json\" class=\"yoast-schema-graph\">{\"@context\":\"https:\\\/\\\/schema.org\",\"@graph\":[{\"@type\":\"Article\",\"@id\":\"https:\\\/\\\/blogs.uef.fi\\\/jatkuvaoppiminen\\\/2022\\\/06\\\/13\\\/digierkot-yhdistavat-tekniikan-ja-pedagogiikan\\\/#article\",\"isPartOf\":{\"@id\":\"https:\\\/\\\/blogs.uef.fi\\\/jatkuvaoppiminen\\\/2022\\\/06\\\/13\\\/digierkot-yhdistavat-tekniikan-ja-pedagogiikan\\\/\"},\"author\":{\"name\":\"UEF Jatkuvan oppimisen keskus\",\"@id\":\"https:\\\/\\\/blogs.uef.fi\\\/jatkuvaoppiminen\\\/#\\\/schema\\\/person\\\/25ad84de046b83c4647f8045eccaf0be\"},\"headline\":\"DigiErkot yhdist\u00e4v\u00e4t tekniikan ja pedagogiikan\",\"datePublished\":\"2022-06-13T11:41:04+00:00\",\"dateModified\":\"2025-07-09T11:19:18+00:00\",\"mainEntityOfPage\":{\"@id\":\"https:\\\/\\\/blogs.uef.fi\\\/jatkuvaoppiminen\\\/2022\\\/06\\\/13\\\/digierkot-yhdistavat-tekniikan-ja-pedagogiikan\\\/\"},\"wordCount\":286,\"commentCount\":0,\"image\":{\"@id\":\"https:\\\/\\\/blogs.uef.fi\\\/jatkuvaoppiminen\\\/2022\\\/06\\\/13\\\/digierkot-yhdistavat-tekniikan-ja-pedagogiikan\\\/#primaryimage\"},\"thumbnailUrl\":\"https:\\\/\\\/blogs.uef.fi\\\/jatkuvaoppiminen\\\/wp-content\\\/uploads\\\/sites\\\/160\\\/2022\\\/06\\\/digierko_blogi01.jpg\",\"keywords\":[\"DigiErko\",\"digipedagogiikka\",\"digitalisaatio\",\"jatkuvaoppiminen\"],\"articleSection\":[\"Uncategorized @fi\",\"Vieraskyn\u00e4\"],\"inLanguage\":\"fi\",\"potentialAction\":[{\"@type\":\"CommentAction\",\"name\":\"Comment\",\"target\":[\"https:\\\/\\\/blogs.uef.fi\\\/jatkuvaoppiminen\\\/2022\\\/06\\\/13\\\/digierkot-yhdistavat-tekniikan-ja-pedagogiikan\\\/#respond\"]}]},{\"@type\":\"WebPage\",\"@id\":\"https:\\\/\\\/blogs.uef.fi\\\/jatkuvaoppiminen\\\/2022\\\/06\\\/13\\\/digierkot-yhdistavat-tekniikan-ja-pedagogiikan\\\/\",\"url\":\"https:\\\/\\\/blogs.uef.fi\\\/jatkuvaoppiminen\\\/2022\\\/06\\\/13\\\/digierkot-yhdistavat-tekniikan-ja-pedagogiikan\\\/\",\"name\":\"DigiErkot yhdist\u00e4v\u00e4t tekniikan ja pedagogiikan - Jatkuva oppiminen\",\"isPartOf\":{\"@id\":\"https:\\\/\\\/blogs.uef.fi\\\/jatkuvaoppiminen\\\/#website\"},\"primaryImageOfPage\":{\"@id\":\"https:\\\/\\\/blogs.uef.fi\\\/jatkuvaoppiminen\\\/2022\\\/06\\\/13\\\/digierkot-yhdistavat-tekniikan-ja-pedagogiikan\\\/#primaryimage\"},\"image\":{\"@id\":\"https:\\\/\\\/blogs.uef.fi\\\/jatkuvaoppiminen\\\/2022\\\/06\\\/13\\\/digierkot-yhdistavat-tekniikan-ja-pedagogiikan\\\/#primaryimage\"},\"thumbnailUrl\":\"https:\\\/\\\/blogs.uef.fi\\\/jatkuvaoppiminen\\\/wp-content\\\/uploads\\\/sites\\\/160\\\/2022\\\/06\\\/digierko_blogi01.jpg\",\"datePublished\":\"2022-06-13T11:41:04+00:00\",\"dateModified\":\"2025-07-09T11:19:18+00:00\",\"author\":{\"@id\":\"https:\\\/\\\/blogs.uef.fi\\\/jatkuvaoppiminen\\\/#\\\/schema\\\/person\\\/25ad84de046b83c4647f8045eccaf0be\"},\"description\":\"Digitalisaatio ja digipedagogiikka hakevat edelleen paikkaansa kouluissa. Laitteet ja tekniikka ovat tulleet rytin\u00e4ll\u00e4 luokkahuoneisiin, ja opettajat pohtivat niiden parasta pedagogista k\u00e4ytt\u00e4mist\u00e4 opetuksen ja oppimisen tukena.\",\"breadcrumb\":{\"@id\":\"https:\\\/\\\/blogs.uef.fi\\\/jatkuvaoppiminen\\\/2022\\\/06\\\/13\\\/digierkot-yhdistavat-tekniikan-ja-pedagogiikan\\\/#breadcrumb\"},\"inLanguage\":\"fi\",\"potentialAction\":[{\"@type\":\"ReadAction\",\"target\":[\"https:\\\/\\\/blogs.uef.fi\\\/jatkuvaoppiminen\\\/2022\\\/06\\\/13\\\/digierkot-yhdistavat-tekniikan-ja-pedagogiikan\\\/\"]}]},{\"@type\":\"ImageObject\",\"inLanguage\":\"fi\",\"@id\":\"https:\\\/\\\/blogs.uef.fi\\\/jatkuvaoppiminen\\\/2022\\\/06\\\/13\\\/digierkot-yhdistavat-tekniikan-ja-pedagogiikan\\\/#primaryimage\",\"url\":\"\",\"contentUrl\":\"\"},{\"@type\":\"BreadcrumbList\",\"@id\":\"https:\\\/\\\/blogs.uef.fi\\\/jatkuvaoppiminen\\\/2022\\\/06\\\/13\\\/digierkot-yhdistavat-tekniikan-ja-pedagogiikan\\\/#breadcrumb\",\"itemListElement\":[{\"@type\":\"ListItem\",\"position\":1,\"name\":\"Home\",\"item\":\"https:\\\/\\\/blogs.uef.fi\\\/jatkuvaoppiminen\\\/\"},{\"@type\":\"ListItem\",\"position\":2,\"name\":\"DigiErkot yhdist\u00e4v\u00e4t tekniikan ja pedagogiikan\"}]},{\"@type\":\"WebSite\",\"@id\":\"https:\\\/\\\/blogs.uef.fi\\\/jatkuvaoppiminen\\\/#website\",\"url\":\"https:\\\/\\\/blogs.uef.fi\\\/jatkuvaoppiminen\\\/\",\"name\":\"Jatkuva oppiminen\",\"description\":\"\",\"potentialAction\":[{\"@type\":\"SearchAction\",\"target\":{\"@type\":\"EntryPoint\",\"urlTemplate\":\"https:\\\/\\\/blogs.uef.fi\\\/jatkuvaoppiminen\\\/?s={search_term_string}\"},\"query-input\":{\"@type\":\"PropertyValueSpecification\",\"valueRequired\":true,\"valueName\":\"search_term_string\"}}],\"inLanguage\":\"fi\"},{\"@type\":\"Person\",\"@id\":\"https:\\\/\\\/blogs.uef.fi\\\/jatkuvaoppiminen\\\/#\\\/schema\\\/person\\\/25ad84de046b83c4647f8045eccaf0be\",\"name\":\"UEF Jatkuvan oppimisen keskus\",\"image\":{\"@type\":\"ImageObject\",\"inLanguage\":\"fi\",\"@id\":\"https:\\\/\\\/secure.gravatar.com\\\/avatar\\\/bcd0fe9d0fbd01d5af8e5ab842b6bc00e924534b23fa841a43aa5cba17d2cd2b?s=96&d=mm&r=g\",\"url\":\"https:\\\/\\\/secure.gravatar.com\\\/avatar\\\/bcd0fe9d0fbd01d5af8e5ab842b6bc00e924534b23fa841a43aa5cba17d2cd2b?s=96&d=mm&r=g\",\"contentUrl\":\"https:\\\/\\\/secure.gravatar.com\\\/avatar\\\/bcd0fe9d0fbd01d5af8e5ab842b6bc00e924534b23fa841a43aa5cba17d2cd2b?s=96&d=mm&r=g\",\"caption\":\"UEF Jatkuvan oppimisen keskus\"},\"url\":\"https:\\\/\\\/blogs.uef.fi\\\/jatkuvaoppiminen\\\/author\\\/jokki\\\/\"}]}<\/script>\n<!-- \/ Yoast SEO plugin. -->","yoast_head_json":{"title":"DigiErkot yhdist\u00e4v\u00e4t tekniikan ja pedagogiikan - Jatkuva oppiminen","description":"Digitalisaatio ja digipedagogiikka hakevat edelleen paikkaansa kouluissa. Laitteet ja tekniikka ovat tulleet rytin\u00e4ll\u00e4 luokkahuoneisiin, ja opettajat pohtivat niiden parasta pedagogista k\u00e4ytt\u00e4mist\u00e4 opetuksen ja oppimisen tukena.","robots":{"index":"index","follow":"follow","max-snippet":"max-snippet:-1","max-image-preview":"max-image-preview:large","max-video-preview":"max-video-preview:-1"},"canonical":"https:\/\/blogs.uef.fi\/jatkuvaoppiminen\/2022\/06\/13\/digierkot-yhdistavat-tekniikan-ja-pedagogiikan\/","og_locale":"fi_FI","og_type":"article","og_title":"DigiErkot yhdist\u00e4v\u00e4t tekniikan ja pedagogiikan - Jatkuva oppiminen","og_description":"Digitalisaatio ja digipedagogiikka hakevat edelleen paikkaansa kouluissa. Laitteet ja tekniikka ovat tulleet rytin\u00e4ll\u00e4 luokkahuoneisiin, ja opettajat pohtivat niiden parasta pedagogista k\u00e4ytt\u00e4mist\u00e4 opetuksen ja oppimisen tukena.","og_url":"https:\/\/blogs.uef.fi\/jatkuvaoppiminen\/2022\/06\/13\/digierkot-yhdistavat-tekniikan-ja-pedagogiikan\/","og_site_name":"Jatkuva oppiminen","article_published_time":"2022-06-13T11:41:04+00:00","article_modified_time":"2025-07-09T11:19:18+00:00","author":"UEF Jatkuvan oppimisen keskus","twitter_card":"summary_large_image","twitter_misc":{"Kirjoittanut":"UEF Jatkuvan oppimisen keskus","Arvioitu lukuaika":"2 minuuttia"},"schema":{"@context":"https:\/\/schema.org","@graph":[{"@type":"Article","@id":"https:\/\/blogs.uef.fi\/jatkuvaoppiminen\/2022\/06\/13\/digierkot-yhdistavat-tekniikan-ja-pedagogiikan\/#article","isPartOf":{"@id":"https:\/\/blogs.uef.fi\/jatkuvaoppiminen\/2022\/06\/13\/digierkot-yhdistavat-tekniikan-ja-pedagogiikan\/"},"author":{"name":"UEF Jatkuvan oppimisen keskus","@id":"https:\/\/blogs.uef.fi\/jatkuvaoppiminen\/#\/schema\/person\/25ad84de046b83c4647f8045eccaf0be"},"headline":"DigiErkot yhdist\u00e4v\u00e4t tekniikan ja pedagogiikan","datePublished":"2022-06-13T11:41:04+00:00","dateModified":"2025-07-09T11:19:18+00:00","mainEntityOfPage":{"@id":"https:\/\/blogs.uef.fi\/jatkuvaoppiminen\/2022\/06\/13\/digierkot-yhdistavat-tekniikan-ja-pedagogiikan\/"},"wordCount":286,"commentCount":0,"image":{"@id":"https:\/\/blogs.uef.fi\/jatkuvaoppiminen\/2022\/06\/13\/digierkot-yhdistavat-tekniikan-ja-pedagogiikan\/#primaryimage"},"thumbnailUrl":"https:\/\/blogs.uef.fi\/jatkuvaoppiminen\/wp-content\/uploads\/sites\/160\/2022\/06\/digierko_blogi01.jpg","keywords":["DigiErko","digipedagogiikka","digitalisaatio","jatkuvaoppiminen"],"articleSection":["Uncategorized @fi","Vieraskyn\u00e4"],"inLanguage":"fi","potentialAction":[{"@type":"CommentAction","name":"Comment","target":["https:\/\/blogs.uef.fi\/jatkuvaoppiminen\/2022\/06\/13\/digierkot-yhdistavat-tekniikan-ja-pedagogiikan\/#respond"]}]},{"@type":"WebPage","@id":"https:\/\/blogs.uef.fi\/jatkuvaoppiminen\/2022\/06\/13\/digierkot-yhdistavat-tekniikan-ja-pedagogiikan\/","url":"https:\/\/blogs.uef.fi\/jatkuvaoppiminen\/2022\/06\/13\/digierkot-yhdistavat-tekniikan-ja-pedagogiikan\/","name":"DigiErkot yhdist\u00e4v\u00e4t tekniikan ja pedagogiikan - Jatkuva oppiminen","isPartOf":{"@id":"https:\/\/blogs.uef.fi\/jatkuvaoppiminen\/#website"},"primaryImageOfPage":{"@id":"https:\/\/blogs.uef.fi\/jatkuvaoppiminen\/2022\/06\/13\/digierkot-yhdistavat-tekniikan-ja-pedagogiikan\/#primaryimage"},"image":{"@id":"https:\/\/blogs.uef.fi\/jatkuvaoppiminen\/2022\/06\/13\/digierkot-yhdistavat-tekniikan-ja-pedagogiikan\/#primaryimage"},"thumbnailUrl":"https:\/\/blogs.uef.fi\/jatkuvaoppiminen\/wp-content\/uploads\/sites\/160\/2022\/06\/digierko_blogi01.jpg","datePublished":"2022-06-13T11:41:04+00:00","dateModified":"2025-07-09T11:19:18+00:00","author":{"@id":"https:\/\/blogs.uef.fi\/jatkuvaoppiminen\/#\/schema\/person\/25ad84de046b83c4647f8045eccaf0be"},"description":"Digitalisaatio ja digipedagogiikka hakevat edelleen paikkaansa kouluissa. Laitteet ja tekniikka ovat tulleet rytin\u00e4ll\u00e4 luokkahuoneisiin, ja opettajat pohtivat niiden parasta pedagogista k\u00e4ytt\u00e4mist\u00e4 opetuksen ja oppimisen tukena.","breadcrumb":{"@id":"https:\/\/blogs.uef.fi\/jatkuvaoppiminen\/2022\/06\/13\/digierkot-yhdistavat-tekniikan-ja-pedagogiikan\/#breadcrumb"},"inLanguage":"fi","potentialAction":[{"@type":"ReadAction","target":["https:\/\/blogs.uef.fi\/jatkuvaoppiminen\/2022\/06\/13\/digierkot-yhdistavat-tekniikan-ja-pedagogiikan\/"]}]},{"@type":"ImageObject","inLanguage":"fi","@id":"https:\/\/blogs.uef.fi\/jatkuvaoppiminen\/2022\/06\/13\/digierkot-yhdistavat-tekniikan-ja-pedagogiikan\/#primaryimage","url":"","contentUrl":""},{"@type":"BreadcrumbList","@id":"https:\/\/blogs.uef.fi\/jatkuvaoppiminen\/2022\/06\/13\/digierkot-yhdistavat-tekniikan-ja-pedagogiikan\/#breadcrumb","itemListElement":[{"@type":"ListItem","position":1,"name":"Home","item":"https:\/\/blogs.uef.fi\/jatkuvaoppiminen\/"},{"@type":"ListItem","position":2,"name":"DigiErkot yhdist\u00e4v\u00e4t tekniikan ja pedagogiikan"}]},{"@type":"WebSite","@id":"https:\/\/blogs.uef.fi\/jatkuvaoppiminen\/#website","url":"https:\/\/blogs.uef.fi\/jatkuvaoppiminen\/","name":"Jatkuva oppiminen","description":"","potentialAction":[{"@type":"SearchAction","target":{"@type":"EntryPoint","urlTemplate":"https:\/\/blogs.uef.fi\/jatkuvaoppiminen\/?s={search_term_string}"},"query-input":{"@type":"PropertyValueSpecification","valueRequired":true,"valueName":"search_term_string"}}],"inLanguage":"fi"},{"@type":"Person","@id":"https:\/\/blogs.uef.fi\/jatkuvaoppiminen\/#\/schema\/person\/25ad84de046b83c4647f8045eccaf0be","name":"UEF Jatkuvan oppimisen keskus","image":{"@type":"ImageObject","inLanguage":"fi","@id":"https:\/\/secure.gravatar.com\/avatar\/bcd0fe9d0fbd01d5af8e5ab842b6bc00e924534b23fa841a43aa5cba17d2cd2b?s=96&d=mm&r=g","url":"https:\/\/secure.gravatar.com\/avatar\/bcd0fe9d0fbd01d5af8e5ab842b6bc00e924534b23fa841a43aa5cba17d2cd2b?s=96&d=mm&r=g","contentUrl":"https:\/\/secure.gravatar.com\/avatar\/bcd0fe9d0fbd01d5af8e5ab842b6bc00e924534b23fa841a43aa5cba17d2cd2b?s=96&d=mm&r=g","caption":"UEF Jatkuvan oppimisen keskus"},"url":"https:\/\/blogs.uef.fi\/jatkuvaoppiminen\/author\/jokki\/"}]}},"_links":{"self":[{"href":"https:\/\/blogs.uef.fi\/jatkuvaoppiminen\/wp-json\/wp\/v2\/posts\/3242","targetHints":{"allow":["GET"]}}],"collection":[{"href":"https:\/\/blogs.uef.fi\/jatkuvaoppiminen\/wp-json\/wp\/v2\/posts"}],"about":[{"href":"https:\/\/blogs.uef.fi\/jatkuvaoppiminen\/wp-json\/wp\/v2\/types\/post"}],"author":[{"embeddable":true,"href":"https:\/\/blogs.uef.fi\/jatkuvaoppiminen\/wp-json\/wp\/v2\/users\/444"}],"replies":[{"embeddable":true,"href":"https:\/\/blogs.uef.fi\/jatkuvaoppiminen\/wp-json\/wp\/v2\/comments?post=3242"}],"version-history":[{"count":2,"href":"https:\/\/blogs.uef.fi\/jatkuvaoppiminen\/wp-json\/wp\/v2\/posts\/3242\/revisions"}],"predecessor-version":[{"id":3254,"href":"https:\/\/blogs.uef.fi\/jatkuvaoppiminen\/wp-json\/wp\/v2\/posts\/3242\/revisions\/3254"}],"wp:attachment":[{"href":"https:\/\/blogs.uef.fi\/jatkuvaoppiminen\/wp-json\/wp\/v2\/media?parent=3242"}],"wp:term":[{"taxonomy":"category","embeddable":true,"href":"https:\/\/blogs.uef.fi\/jatkuvaoppiminen\/wp-json\/wp\/v2\/categories?post=3242"},{"taxonomy":"post_tag","embeddable":true,"href":"https:\/\/blogs.uef.fi\/jatkuvaoppiminen\/wp-json\/wp\/v2\/tags?post=3242"}],"curies":[{"name":"wp","href":"https:\/\/api.w.org\/{rel}","templated":true}]}}