{"id":2797,"date":"2022-04-06T09:20:00","date_gmt":"2022-04-06T09:20:00","guid":{"rendered":"https:\/\/blogs.uef.fi\/jatkuvaoppiminen\/?p=2797"},"modified":"2025-07-09T12:44:17","modified_gmt":"2025-07-09T10:44:17","slug":"kun-mainoslehtinen-muuttaa-elamaa","status":"publish","type":"post","link":"https:\/\/blogs.uef.fi\/jatkuvaoppiminen\/2022\/04\/06\/kun-mainoslehtinen-muuttaa-elamaa\/","title":{"rendered":"Kun mainoslehtinen muuttaa el\u00e4m\u00e4\u00e4"},"content":{"rendered":"\n<p>Hain ensimm\u00e4isen kerran yliopistoon kev\u00e4\u00e4ll\u00e4 2016 abivuoden p\u00e4\u00e4tteeksi. En todellakaan tiennyt, mik\u00e4 minusta tulee isona, eik\u00e4 minulla ollut mit\u00e4\u00e4n ymm\u00e4rryst\u00e4 korkeakouluopinnoista, mutta silti ajattelin, ett\u00e4 koulusta pit\u00e4v\u00e4n\u00e4 ihmisen\u00e4 se voisi olla oma juttuni.<\/p>\n\n\n\n<p>Monen mutkan ja tuskailun j\u00e4lkeen p\u00e4\u00e4dyin hakemaan luokanopettajakoulutukseen, sill\u00e4 koulutus ja oppiminen olivat minulle t\u00e4rkeit\u00e4 asioita. Itsevarmana suuntasin tuolloin kohti vakava-koetta, josta p\u00e4\u00e4sin jatkoon. Tuolloin kokeeseen luettiin ennakkomateriaali, jonka kanssa p\u00e4rj\u00e4sin suhteellisen hyvin, vaikkakaan en ollut tottunut tieteellisen tekstin lukemiseen. P\u00e4\u00e4sykokeen toisessa vaiheessa eli soveltuvuuskokeessa tie nousi kuitenkin pystyyn ja opintopolussa komeili varasija 56. En hakiessani ollut jostain syyst\u00e4 ajatellut v\u00e4livuoden mahdollisuutta ollenkaan, ja kun se v\u00e4ist\u00e4m\u00e4tt\u00e4 kohdalle osui, tuntui se melko musertavalta ja olo oli ep\u00e4onnistunut. Silloin se tuntui maailmanlopulta, mutta n\u00e4in j\u00e4lkik\u00e4teen ajateltuna tuo kokemus oli jollain tavoin my\u00f6s kasvattava.<\/p>\n\n\n\n<figure class=\"wp-block-image size-large is-resized\"><img loading=\"lazy\" decoding=\"async\" width=\"683\" height=\"1024\" src=\"https:\/\/blogs.uef.fi\/jatkuvaoppiminen\/wp-content\/uploads\/sites\/160\/2021\/08\/Jenna-Virtanen_opiskelijatarina-683x1024.jpg\" alt=\"\" class=\"wp-image-2800\" style=\"width:662px;height:991px\" srcset=\"https:\/\/blogs.uef.fi\/jatkuvaoppiminen\/wp-content\/uploads\/sites\/160\/2021\/08\/Jenna-Virtanen_opiskelijatarina-683x1024.jpg 683w, https:\/\/blogs.uef.fi\/jatkuvaoppiminen\/wp-content\/uploads\/sites\/160\/2021\/08\/Jenna-Virtanen_opiskelijatarina-200x300.jpg 200w, https:\/\/blogs.uef.fi\/jatkuvaoppiminen\/wp-content\/uploads\/sites\/160\/2021\/08\/Jenna-Virtanen_opiskelijatarina-768x1152.jpg 768w, https:\/\/blogs.uef.fi\/jatkuvaoppiminen\/wp-content\/uploads\/sites\/160\/2021\/08\/Jenna-Virtanen_opiskelijatarina.jpg 900w\" sizes=\"auto, (max-width: 683px) 100vw, 683px\" \/><figcaption class=\"wp-element-caption\"><em>&#8211; Jos joku kysyy minulta, kannattaako v\u00e4livuoden aikana suorittaa opintoja, niin vastaus on yksiselitteinen: Kyll\u00e4 kannattaa.<\/em><\/figcaption><\/figure>\n\n\n\n<p>Parisen viikkoa kielteisen p\u00e4\u00e4t\u00f6ksen saamisen j\u00e4lkeen postiluukusta kolahti It\u00e4-Suomen avoimen yliopiston mainos. Muistan, ett\u00e4 ensimm\u00e4inen ajatus tuosta lehtisest\u00e4 ei ollut mill\u00e4\u00e4n tavoin positiivinen ja taisipa muutama turhautumisen kyynelkin vier\u00e4ht\u00e4\u00e4. Muutaman p\u00e4iv\u00e4n j\u00e4lkeen p\u00e4\u00e4dyin selaamaan esitteen l\u00e4pi ja sielt\u00e4 hypp\u00e4si silm\u00e4\u00e4n yhteiskuntaopin opettajan p\u00e4tevyyden tuova kokonaisuus. Tuo kokonaisuus sis\u00e4lsi muun muassa oikeus-, yhteiskunta- ja taloustieteit\u00e4, mitk\u00e4 kaikki vaikuttivat jo itsess\u00e4\u00e4n kiinnostavilta. Yhteiskuntaoppi oli ollut lempiaineeni lukiossa, joten ajatus sen opettamisesta vaikutti kiinnostavalta. P\u00e4\u00e4tin ottaa itse\u00e4ni niskasta kiinni, ryhdist\u00e4yty\u00e4 ja yritt\u00e4\u00e4, vaikkakin kokonaisuuden kurssit kuulostivat silt\u00e4, ett\u00e4 en ikin\u00e4 tulisi niist\u00e4 selvi\u00e4m\u00e4\u00e4n. Ehk\u00e4 avopuolisoni sanat olivat viimeinen niitti lopulliselle p\u00e4\u00e4t\u00f6kselle l\u00e4hte\u00e4 kokeilemaan siipi\u00e4\u00e4n opinnoissa. \u2018\u2019Mit\u00e4 se haittaa, vaikka, et saisikaan koko kokonaisuutta tehty\u00e4? Kaikki on kuitenkin aina eteenp\u00e4in.\u2019\u2019 Eik\u00e4 aikaa kulunut kuin tovi ja olinkin jo kirjastossa kirjoittamassa ensimm\u00e4ist\u00e4 esseet\u00e4.<\/p>\n\n\n\n<p>Suoritin v\u00e4livuoden aikana avoimessa 40 opintopistett\u00e4 ja p\u00e4\u00e4sin kurkistamaan muutamaa eri tieteenalaa l\u00e4hemmin. Ajatus opettajuudesta vain vahvistui ja suurella innolla suuntasin katsetta kohti seuraavaa hakukev\u00e4tt\u00e4. P\u00e4\u00e4sykoemateriaali tuntui huomattavasti helpommalta, kun oli p\u00e4\u00e4ssyt jo kiinni tieteellisen tekstin lukemisen rutiiniin. Kirjallisesta kokeesta mentiin eteenp\u00e4in ja annoin parhaani my\u00f6s soveltuvuuskokeessa. Jonkinlaista henkist\u00e4 kasvua oli p\u00e4\u00e4ssyt vuoden aikana tapahtumaan ja omat ajatukset olivat vahvistuneet. T\u00e4ll\u00e4 kertaa opintopolussa n\u00e4kyi se haluamani teksti eli hyv\u00e4ksytty.<\/p>\n\n\n\n<blockquote class=\"wp-block-quote is-style-default is-layout-flow wp-block-quote-is-layout-flow\">\n<p>Suoritin v\u00e4livuoden aikana avoimessa 40 opintopistett\u00e4 ja p\u00e4\u00e4sin kurkistamaan muutamaa eri tieteenalaa l\u00e4hemmin.<\/p>\n<\/blockquote>\n\n\n\n<p>Kun ensimm\u00e4inen opiskelusyksy alkoi, ei ensimm\u00e4isen esseen kanssa tarvinnut painia sen kummemmin, koska opiskelutekniikat olivat jo hallussa. Sen sijaan sain keskitty\u00e4 uusiin tuttavuuksiin ja opiskelijael\u00e4m\u00e4n alkamiseen. Havaitsin melko nopeasti opintojen alkaessa, miten suuri etu avoimen opinnoista olikaan. Olisin esimerkiksi halutessani saanut hyv\u00e4ksiluettua kaikki opinnot luokanopettajan tutkintoon. Olen kiitellyt itse\u00e4ni useaan kertaan siit\u00e4, etten heitt\u00e4nyt tunnemyrkyiss\u00e4ni sit\u00e4 avoimen esitett\u00e4 pois.<\/p>\n\n\n\n<p>Opiskeluvuosien edetess\u00e4 aloin kovasti kaivata lis\u00e4\u00e4 yhteiskunnallisempaa sis\u00e4lt\u00f6\u00e4 opintoihini. Ehk\u00e4 luokanopettajan ty\u00f6 ei olisikaan se ty\u00f6, josta haluaisin el\u00e4k\u00f6ity\u00e4. Havaitsin, ett\u00e4 kiinnostus koulutuksen oikeustieteelliseen n\u00e4k\u00f6kulmaan kyti pinnan alla aika kovastikin. Avoimen kautta suorittamassani kokonaisuudessa oli muutaman kurssin verran oikeustieteit\u00e4, joten kokemusta oikiskurssien opiskelusta oli jo hieman kertynyt. Kev\u00e4\u00e4ll\u00e4 2020 koronakev\u00e4\u00e4n tiimellyksess\u00e4 p\u00e4\u00e4tin olla rohkea, tavoitella tuota haavetta ja menn\u00e4 kohti julkisoikeuden p\u00e4\u00e4sykoetta. Tehdyist\u00e4 avoimen opinnoista oli merkitt\u00e4v\u00e4 apu p\u00e4\u00e4sykokeessa, ja viimeist\u00e4\u00e4n oikeustapausteht\u00e4v\u00e4ss\u00e4 olisi mennyt sormi suuhun todella nopeasti ilman aiempaa kokemusta. Lopputulos yhteishaussa olikin aika onnellinen ja opiskelu saa jatkua viel\u00e4 muutaman vuoden<\/p>\n\n\n\n<p>V\u00e4livuoden aikana noussut innostus ja kipin\u00e4 kantoi viel\u00e4 nelj\u00e4n vuoden j\u00e4lkeen. Olen ikuisesti kiitollinen, ett\u00e4 uskalsin olla rohkea ja antaa mahdollisuuden eri tieteenaloille. Kokeilemalla l\u00f6ysin sen oman juttuni. En varmasti olisi hakenut opiskelemaan toista tutkintoa ilman v\u00e4livuoden aikana suoritettuja opintoja. Opinnot, jotka noin viisi vuotta sitten suoritin, odottavat minua nyt julkisoikeuden tutkinnossa.<\/p>\n\n\n\n<p>Jos joku kysyy minulta, kannattaako v\u00e4livuoden aikana suorittaa opintoja, niin vastaus on yksiselitteinen: Kyll\u00e4 kannattaa. Sanon saman asian my\u00f6s henkil\u00f6lle, joka etsii uutta suuntaa uralleen, etsii harrastusta tai kenties haluaisi p\u00e4\u00e4st\u00e4 kurkistamaan yliopisto-opiskelijan maailmaan. T\u00e4t\u00e4 kautta se onnistuu, eik\u00e4 varmasti kaduta. Sinulle, joka kenties viet\u00e4t v\u00e4livuotta tai et ehk\u00e4 viel\u00e4 tied\u00e4 omaa opiskelualaasi, niin avoimesta yliopistosta on eritt\u00e4in hyv\u00e4 aloittaa. Kokeilemalla matalalla kynnyksell\u00e4 eri tieteenaloja l\u00f6yd\u00e4t sen oman juttusi varmasti. Sill\u00e4 ei ole v\u00e4li\u00e4, vaikket koskaan p\u00e4\u00e4tyisik\u00e4\u00e4n sen yhden tietyn kurssin alaa opiskelemaan, mutta usko pois, joskus siit\u00e4 yksitt\u00e4isest\u00e4 kurssistakin on viel\u00e4 hy\u00f6ty\u00e4, ja isosti. Jos joskus postiluukusta kolahtaa avoimen yliopiston mainos, niin tartu siihen. Tuo yksi lehtinen saattaa muuttaa el\u00e4m\u00e4\u00e4.<\/p>\n\n\n\n<figure class=\"wp-block-image size-full is-resized\"><img loading=\"lazy\" decoding=\"async\" width=\"548\" height=\"611\" src=\"https:\/\/blogs.uef.fi\/jatkuvaoppiminen\/wp-content\/uploads\/sites\/160\/2021\/08\/Jenna-Virtanen_opiskelijatarina-copy.jpg\" alt=\"\" class=\"wp-image-2803\" style=\"width:265px;height:auto\" srcset=\"https:\/\/blogs.uef.fi\/jatkuvaoppiminen\/wp-content\/uploads\/sites\/160\/2021\/08\/Jenna-Virtanen_opiskelijatarina-copy.jpg 548w, https:\/\/blogs.uef.fi\/jatkuvaoppiminen\/wp-content\/uploads\/sites\/160\/2021\/08\/Jenna-Virtanen_opiskelijatarina-copy-269x300.jpg 269w\" sizes=\"auto, (max-width: 548px) 100vw, 548px\" \/><\/figure>\n\n\n\n<p>Tekstin on kirjoittanut Jenna Virtanen<\/p>\n","protected":false},"excerpt":{"rendered":"<p>Hain ensimm\u00e4isen kerran yliopistoon kev\u00e4\u00e4ll\u00e4 2016 abivuoden p\u00e4\u00e4tteeksi. En todellakaan tiennyt, mik\u00e4 minusta tulee isona, eik\u00e4 minulla ollut mit\u00e4\u00e4n ymm\u00e4rryst\u00e4 korkeakouluopinnoista, mutta silti ajattelin, ett\u00e4 koulusta pit\u00e4v\u00e4n\u00e4 ihmisen\u00e4 se voisi olla oma juttuni. Monen mutkan ja tuskailun j\u00e4lkeen p\u00e4\u00e4dyin hakemaan luokanopettajakoulutukseen, sill\u00e4 koulutus ja oppiminen olivat minulle t\u00e4rkeit\u00e4 asioita. Itsevarmana suuntasin tuolloin kohti vakava-koetta, josta [&hellip;]<\/p>\n","protected":false},"author":444,"featured_media":0,"comment_status":"open","ping_status":"open","sticky":false,"template":"","format":"standard","meta":{"_acf_changed":false,"footnotes":""},"categories":[35],"tags":[128,227,392,645],"class_list":["post-2797","post","type-post","status-publish","format-standard","hentry","category-vieraskyna","tag-avoinyliopisto","tag-jatkuvaoppiminen","tag-opiskelijatarina","tag-opiskelu"],"acf":[],"yoast_head":"<!-- This site is optimized with the Yoast SEO plugin v27.3 - https:\/\/yoast.com\/product\/yoast-seo-wordpress\/ -->\n<title>Kun mainoslehtinen muuttaa el\u00e4m\u00e4\u00e4 - Jatkuva oppiminen<\/title>\n<meta name=\"description\" content=\"Hain ensimm\u00e4isen kerran yliopistoon kev\u00e4\u00e4ll\u00e4 2016 abivuoden p\u00e4\u00e4tteeksi. En todellakaan tiennyt, mik\u00e4 minusta tulee isona, eik\u00e4 minulla ollut mit\u00e4\u00e4n ymm\u00e4rryst\u00e4 korkeakouluopinnoista, mutta silti ajattelin, ett\u00e4 koulusta pit\u00e4v\u00e4n\u00e4 ihmisen\u00e4 se voisi olla oma juttuni.\" \/>\n<meta name=\"robots\" content=\"index, follow, max-snippet:-1, max-image-preview:large, max-video-preview:-1\" \/>\n<link rel=\"canonical\" href=\"https:\/\/blogs.uef.fi\/jatkuvaoppiminen\/2022\/04\/06\/kun-mainoslehtinen-muuttaa-elamaa\/\" \/>\n<meta property=\"og:locale\" content=\"fi_FI\" \/>\n<meta property=\"og:type\" content=\"article\" \/>\n<meta property=\"og:title\" content=\"Kun mainoslehtinen muuttaa el\u00e4m\u00e4\u00e4 - Jatkuva oppiminen\" \/>\n<meta property=\"og:description\" content=\"Hain ensimm\u00e4isen kerran yliopistoon kev\u00e4\u00e4ll\u00e4 2016 abivuoden p\u00e4\u00e4tteeksi. En todellakaan tiennyt, mik\u00e4 minusta tulee isona, eik\u00e4 minulla ollut mit\u00e4\u00e4n ymm\u00e4rryst\u00e4 korkeakouluopinnoista, mutta silti ajattelin, ett\u00e4 koulusta pit\u00e4v\u00e4n\u00e4 ihmisen\u00e4 se voisi olla oma juttuni.\" \/>\n<meta property=\"og:url\" content=\"https:\/\/blogs.uef.fi\/jatkuvaoppiminen\/2022\/04\/06\/kun-mainoslehtinen-muuttaa-elamaa\/\" \/>\n<meta property=\"og:site_name\" content=\"Jatkuva oppiminen\" \/>\n<meta property=\"article:published_time\" content=\"2022-04-06T09:20:00+00:00\" \/>\n<meta property=\"article:modified_time\" content=\"2025-07-09T10:44:17+00:00\" \/>\n<meta property=\"og:image\" content=\"https:\/\/blogs.uef.fi\/jatkuvaoppiminen\/wp-content\/uploads\/sites\/160\/2021\/08\/Jenna-Virtanen_opiskelijatarina.jpg\" \/>\n\t<meta property=\"og:image:width\" content=\"900\" \/>\n\t<meta property=\"og:image:height\" content=\"1350\" \/>\n\t<meta property=\"og:image:type\" content=\"image\/jpeg\" \/>\n<meta name=\"author\" content=\"UEF Jatkuvan oppimisen keskus\" \/>\n<meta name=\"twitter:card\" content=\"summary_large_image\" \/>\n<meta name=\"twitter:label1\" content=\"Kirjoittanut\" \/>\n\t<meta name=\"twitter:data1\" content=\"UEF Jatkuvan oppimisen keskus\" \/>\n\t<meta name=\"twitter:label2\" content=\"Arvioitu lukuaika\" \/>\n\t<meta name=\"twitter:data2\" content=\"5 minuuttia\" \/>\n<script type=\"application\/ld+json\" class=\"yoast-schema-graph\">{\"@context\":\"https:\\\/\\\/schema.org\",\"@graph\":[{\"@type\":\"Article\",\"@id\":\"https:\\\/\\\/blogs.uef.fi\\\/jatkuvaoppiminen\\\/2022\\\/04\\\/06\\\/kun-mainoslehtinen-muuttaa-elamaa\\\/#article\",\"isPartOf\":{\"@id\":\"https:\\\/\\\/blogs.uef.fi\\\/jatkuvaoppiminen\\\/2022\\\/04\\\/06\\\/kun-mainoslehtinen-muuttaa-elamaa\\\/\"},\"author\":{\"name\":\"UEF Jatkuvan oppimisen keskus\",\"@id\":\"https:\\\/\\\/blogs.uef.fi\\\/jatkuvaoppiminen\\\/#\\\/schema\\\/person\\\/25ad84de046b83c4647f8045eccaf0be\"},\"headline\":\"Kun mainoslehtinen muuttaa el\u00e4m\u00e4\u00e4\",\"datePublished\":\"2022-04-06T09:20:00+00:00\",\"dateModified\":\"2025-07-09T10:44:17+00:00\",\"mainEntityOfPage\":{\"@id\":\"https:\\\/\\\/blogs.uef.fi\\\/jatkuvaoppiminen\\\/2022\\\/04\\\/06\\\/kun-mainoslehtinen-muuttaa-elamaa\\\/\"},\"wordCount\":781,\"commentCount\":0,\"image\":{\"@id\":\"https:\\\/\\\/blogs.uef.fi\\\/jatkuvaoppiminen\\\/2022\\\/04\\\/06\\\/kun-mainoslehtinen-muuttaa-elamaa\\\/#primaryimage\"},\"thumbnailUrl\":\"https:\\\/\\\/blogs.uef.fi\\\/jatkuvaoppiminen\\\/wp-content\\\/uploads\\\/sites\\\/160\\\/2021\\\/08\\\/Jenna-Virtanen_opiskelijatarina-683x1024.jpg\",\"keywords\":[\"avoinyliopisto\",\"jatkuvaoppiminen\",\"opiskelijatarina\",\"opiskelu\"],\"articleSection\":[\"Vieraskyn\u00e4\"],\"inLanguage\":\"fi\",\"potentialAction\":[{\"@type\":\"CommentAction\",\"name\":\"Comment\",\"target\":[\"https:\\\/\\\/blogs.uef.fi\\\/jatkuvaoppiminen\\\/2022\\\/04\\\/06\\\/kun-mainoslehtinen-muuttaa-elamaa\\\/#respond\"]}]},{\"@type\":\"WebPage\",\"@id\":\"https:\\\/\\\/blogs.uef.fi\\\/jatkuvaoppiminen\\\/2022\\\/04\\\/06\\\/kun-mainoslehtinen-muuttaa-elamaa\\\/\",\"url\":\"https:\\\/\\\/blogs.uef.fi\\\/jatkuvaoppiminen\\\/2022\\\/04\\\/06\\\/kun-mainoslehtinen-muuttaa-elamaa\\\/\",\"name\":\"Kun mainoslehtinen muuttaa el\u00e4m\u00e4\u00e4 - Jatkuva oppiminen\",\"isPartOf\":{\"@id\":\"https:\\\/\\\/blogs.uef.fi\\\/jatkuvaoppiminen\\\/#website\"},\"primaryImageOfPage\":{\"@id\":\"https:\\\/\\\/blogs.uef.fi\\\/jatkuvaoppiminen\\\/2022\\\/04\\\/06\\\/kun-mainoslehtinen-muuttaa-elamaa\\\/#primaryimage\"},\"image\":{\"@id\":\"https:\\\/\\\/blogs.uef.fi\\\/jatkuvaoppiminen\\\/2022\\\/04\\\/06\\\/kun-mainoslehtinen-muuttaa-elamaa\\\/#primaryimage\"},\"thumbnailUrl\":\"https:\\\/\\\/blogs.uef.fi\\\/jatkuvaoppiminen\\\/wp-content\\\/uploads\\\/sites\\\/160\\\/2021\\\/08\\\/Jenna-Virtanen_opiskelijatarina-683x1024.jpg\",\"datePublished\":\"2022-04-06T09:20:00+00:00\",\"dateModified\":\"2025-07-09T10:44:17+00:00\",\"author\":{\"@id\":\"https:\\\/\\\/blogs.uef.fi\\\/jatkuvaoppiminen\\\/#\\\/schema\\\/person\\\/25ad84de046b83c4647f8045eccaf0be\"},\"description\":\"Hain ensimm\u00e4isen kerran yliopistoon kev\u00e4\u00e4ll\u00e4 2016 abivuoden p\u00e4\u00e4tteeksi. En todellakaan tiennyt, mik\u00e4 minusta tulee isona, eik\u00e4 minulla ollut mit\u00e4\u00e4n ymm\u00e4rryst\u00e4 korkeakouluopinnoista, mutta silti ajattelin, ett\u00e4 koulusta pit\u00e4v\u00e4n\u00e4 ihmisen\u00e4 se voisi olla oma juttuni.\",\"breadcrumb\":{\"@id\":\"https:\\\/\\\/blogs.uef.fi\\\/jatkuvaoppiminen\\\/2022\\\/04\\\/06\\\/kun-mainoslehtinen-muuttaa-elamaa\\\/#breadcrumb\"},\"inLanguage\":\"fi\",\"potentialAction\":[{\"@type\":\"ReadAction\",\"target\":[\"https:\\\/\\\/blogs.uef.fi\\\/jatkuvaoppiminen\\\/2022\\\/04\\\/06\\\/kun-mainoslehtinen-muuttaa-elamaa\\\/\"]}]},{\"@type\":\"ImageObject\",\"inLanguage\":\"fi\",\"@id\":\"https:\\\/\\\/blogs.uef.fi\\\/jatkuvaoppiminen\\\/2022\\\/04\\\/06\\\/kun-mainoslehtinen-muuttaa-elamaa\\\/#primaryimage\",\"url\":\"https:\\\/\\\/blogs.uef.fi\\\/jatkuvaoppiminen\\\/wp-content\\\/uploads\\\/sites\\\/160\\\/2021\\\/08\\\/Jenna-Virtanen_opiskelijatarina.jpg\",\"contentUrl\":\"https:\\\/\\\/blogs.uef.fi\\\/jatkuvaoppiminen\\\/wp-content\\\/uploads\\\/sites\\\/160\\\/2021\\\/08\\\/Jenna-Virtanen_opiskelijatarina.jpg\",\"width\":900,\"height\":1350},{\"@type\":\"BreadcrumbList\",\"@id\":\"https:\\\/\\\/blogs.uef.fi\\\/jatkuvaoppiminen\\\/2022\\\/04\\\/06\\\/kun-mainoslehtinen-muuttaa-elamaa\\\/#breadcrumb\",\"itemListElement\":[{\"@type\":\"ListItem\",\"position\":1,\"name\":\"Home\",\"item\":\"https:\\\/\\\/blogs.uef.fi\\\/jatkuvaoppiminen\\\/\"},{\"@type\":\"ListItem\",\"position\":2,\"name\":\"Kun mainoslehtinen muuttaa el\u00e4m\u00e4\u00e4\"}]},{\"@type\":\"WebSite\",\"@id\":\"https:\\\/\\\/blogs.uef.fi\\\/jatkuvaoppiminen\\\/#website\",\"url\":\"https:\\\/\\\/blogs.uef.fi\\\/jatkuvaoppiminen\\\/\",\"name\":\"Jatkuva oppiminen\",\"description\":\"\",\"potentialAction\":[{\"@type\":\"SearchAction\",\"target\":{\"@type\":\"EntryPoint\",\"urlTemplate\":\"https:\\\/\\\/blogs.uef.fi\\\/jatkuvaoppiminen\\\/?s={search_term_string}\"},\"query-input\":{\"@type\":\"PropertyValueSpecification\",\"valueRequired\":true,\"valueName\":\"search_term_string\"}}],\"inLanguage\":\"fi\"},{\"@type\":\"Person\",\"@id\":\"https:\\\/\\\/blogs.uef.fi\\\/jatkuvaoppiminen\\\/#\\\/schema\\\/person\\\/25ad84de046b83c4647f8045eccaf0be\",\"name\":\"UEF Jatkuvan oppimisen keskus\",\"image\":{\"@type\":\"ImageObject\",\"inLanguage\":\"fi\",\"@id\":\"https:\\\/\\\/secure.gravatar.com\\\/avatar\\\/bcd0fe9d0fbd01d5af8e5ab842b6bc00e924534b23fa841a43aa5cba17d2cd2b?s=96&d=mm&r=g\",\"url\":\"https:\\\/\\\/secure.gravatar.com\\\/avatar\\\/bcd0fe9d0fbd01d5af8e5ab842b6bc00e924534b23fa841a43aa5cba17d2cd2b?s=96&d=mm&r=g\",\"contentUrl\":\"https:\\\/\\\/secure.gravatar.com\\\/avatar\\\/bcd0fe9d0fbd01d5af8e5ab842b6bc00e924534b23fa841a43aa5cba17d2cd2b?s=96&d=mm&r=g\",\"caption\":\"UEF Jatkuvan oppimisen keskus\"},\"url\":\"https:\\\/\\\/blogs.uef.fi\\\/jatkuvaoppiminen\\\/author\\\/jokki\\\/\"}]}<\/script>\n<!-- \/ Yoast SEO plugin. -->","yoast_head_json":{"title":"Kun mainoslehtinen muuttaa el\u00e4m\u00e4\u00e4 - Jatkuva oppiminen","description":"Hain ensimm\u00e4isen kerran yliopistoon kev\u00e4\u00e4ll\u00e4 2016 abivuoden p\u00e4\u00e4tteeksi. En todellakaan tiennyt, mik\u00e4 minusta tulee isona, eik\u00e4 minulla ollut mit\u00e4\u00e4n ymm\u00e4rryst\u00e4 korkeakouluopinnoista, mutta silti ajattelin, ett\u00e4 koulusta pit\u00e4v\u00e4n\u00e4 ihmisen\u00e4 se voisi olla oma juttuni.","robots":{"index":"index","follow":"follow","max-snippet":"max-snippet:-1","max-image-preview":"max-image-preview:large","max-video-preview":"max-video-preview:-1"},"canonical":"https:\/\/blogs.uef.fi\/jatkuvaoppiminen\/2022\/04\/06\/kun-mainoslehtinen-muuttaa-elamaa\/","og_locale":"fi_FI","og_type":"article","og_title":"Kun mainoslehtinen muuttaa el\u00e4m\u00e4\u00e4 - Jatkuva oppiminen","og_description":"Hain ensimm\u00e4isen kerran yliopistoon kev\u00e4\u00e4ll\u00e4 2016 abivuoden p\u00e4\u00e4tteeksi. En todellakaan tiennyt, mik\u00e4 minusta tulee isona, eik\u00e4 minulla ollut mit\u00e4\u00e4n ymm\u00e4rryst\u00e4 korkeakouluopinnoista, mutta silti ajattelin, ett\u00e4 koulusta pit\u00e4v\u00e4n\u00e4 ihmisen\u00e4 se voisi olla oma juttuni.","og_url":"https:\/\/blogs.uef.fi\/jatkuvaoppiminen\/2022\/04\/06\/kun-mainoslehtinen-muuttaa-elamaa\/","og_site_name":"Jatkuva oppiminen","article_published_time":"2022-04-06T09:20:00+00:00","article_modified_time":"2025-07-09T10:44:17+00:00","og_image":[{"width":900,"height":1350,"url":"https:\/\/blogs.uef.fi\/jatkuvaoppiminen\/wp-content\/uploads\/sites\/160\/2021\/08\/Jenna-Virtanen_opiskelijatarina.jpg","type":"image\/jpeg"}],"author":"UEF Jatkuvan oppimisen keskus","twitter_card":"summary_large_image","twitter_misc":{"Kirjoittanut":"UEF Jatkuvan oppimisen keskus","Arvioitu lukuaika":"5 minuuttia"},"schema":{"@context":"https:\/\/schema.org","@graph":[{"@type":"Article","@id":"https:\/\/blogs.uef.fi\/jatkuvaoppiminen\/2022\/04\/06\/kun-mainoslehtinen-muuttaa-elamaa\/#article","isPartOf":{"@id":"https:\/\/blogs.uef.fi\/jatkuvaoppiminen\/2022\/04\/06\/kun-mainoslehtinen-muuttaa-elamaa\/"},"author":{"name":"UEF Jatkuvan oppimisen keskus","@id":"https:\/\/blogs.uef.fi\/jatkuvaoppiminen\/#\/schema\/person\/25ad84de046b83c4647f8045eccaf0be"},"headline":"Kun mainoslehtinen muuttaa el\u00e4m\u00e4\u00e4","datePublished":"2022-04-06T09:20:00+00:00","dateModified":"2025-07-09T10:44:17+00:00","mainEntityOfPage":{"@id":"https:\/\/blogs.uef.fi\/jatkuvaoppiminen\/2022\/04\/06\/kun-mainoslehtinen-muuttaa-elamaa\/"},"wordCount":781,"commentCount":0,"image":{"@id":"https:\/\/blogs.uef.fi\/jatkuvaoppiminen\/2022\/04\/06\/kun-mainoslehtinen-muuttaa-elamaa\/#primaryimage"},"thumbnailUrl":"https:\/\/blogs.uef.fi\/jatkuvaoppiminen\/wp-content\/uploads\/sites\/160\/2021\/08\/Jenna-Virtanen_opiskelijatarina-683x1024.jpg","keywords":["avoinyliopisto","jatkuvaoppiminen","opiskelijatarina","opiskelu"],"articleSection":["Vieraskyn\u00e4"],"inLanguage":"fi","potentialAction":[{"@type":"CommentAction","name":"Comment","target":["https:\/\/blogs.uef.fi\/jatkuvaoppiminen\/2022\/04\/06\/kun-mainoslehtinen-muuttaa-elamaa\/#respond"]}]},{"@type":"WebPage","@id":"https:\/\/blogs.uef.fi\/jatkuvaoppiminen\/2022\/04\/06\/kun-mainoslehtinen-muuttaa-elamaa\/","url":"https:\/\/blogs.uef.fi\/jatkuvaoppiminen\/2022\/04\/06\/kun-mainoslehtinen-muuttaa-elamaa\/","name":"Kun mainoslehtinen muuttaa el\u00e4m\u00e4\u00e4 - Jatkuva oppiminen","isPartOf":{"@id":"https:\/\/blogs.uef.fi\/jatkuvaoppiminen\/#website"},"primaryImageOfPage":{"@id":"https:\/\/blogs.uef.fi\/jatkuvaoppiminen\/2022\/04\/06\/kun-mainoslehtinen-muuttaa-elamaa\/#primaryimage"},"image":{"@id":"https:\/\/blogs.uef.fi\/jatkuvaoppiminen\/2022\/04\/06\/kun-mainoslehtinen-muuttaa-elamaa\/#primaryimage"},"thumbnailUrl":"https:\/\/blogs.uef.fi\/jatkuvaoppiminen\/wp-content\/uploads\/sites\/160\/2021\/08\/Jenna-Virtanen_opiskelijatarina-683x1024.jpg","datePublished":"2022-04-06T09:20:00+00:00","dateModified":"2025-07-09T10:44:17+00:00","author":{"@id":"https:\/\/blogs.uef.fi\/jatkuvaoppiminen\/#\/schema\/person\/25ad84de046b83c4647f8045eccaf0be"},"description":"Hain ensimm\u00e4isen kerran yliopistoon kev\u00e4\u00e4ll\u00e4 2016 abivuoden p\u00e4\u00e4tteeksi. En todellakaan tiennyt, mik\u00e4 minusta tulee isona, eik\u00e4 minulla ollut mit\u00e4\u00e4n ymm\u00e4rryst\u00e4 korkeakouluopinnoista, mutta silti ajattelin, ett\u00e4 koulusta pit\u00e4v\u00e4n\u00e4 ihmisen\u00e4 se voisi olla oma juttuni.","breadcrumb":{"@id":"https:\/\/blogs.uef.fi\/jatkuvaoppiminen\/2022\/04\/06\/kun-mainoslehtinen-muuttaa-elamaa\/#breadcrumb"},"inLanguage":"fi","potentialAction":[{"@type":"ReadAction","target":["https:\/\/blogs.uef.fi\/jatkuvaoppiminen\/2022\/04\/06\/kun-mainoslehtinen-muuttaa-elamaa\/"]}]},{"@type":"ImageObject","inLanguage":"fi","@id":"https:\/\/blogs.uef.fi\/jatkuvaoppiminen\/2022\/04\/06\/kun-mainoslehtinen-muuttaa-elamaa\/#primaryimage","url":"https:\/\/blogs.uef.fi\/jatkuvaoppiminen\/wp-content\/uploads\/sites\/160\/2021\/08\/Jenna-Virtanen_opiskelijatarina.jpg","contentUrl":"https:\/\/blogs.uef.fi\/jatkuvaoppiminen\/wp-content\/uploads\/sites\/160\/2021\/08\/Jenna-Virtanen_opiskelijatarina.jpg","width":900,"height":1350},{"@type":"BreadcrumbList","@id":"https:\/\/blogs.uef.fi\/jatkuvaoppiminen\/2022\/04\/06\/kun-mainoslehtinen-muuttaa-elamaa\/#breadcrumb","itemListElement":[{"@type":"ListItem","position":1,"name":"Home","item":"https:\/\/blogs.uef.fi\/jatkuvaoppiminen\/"},{"@type":"ListItem","position":2,"name":"Kun mainoslehtinen muuttaa el\u00e4m\u00e4\u00e4"}]},{"@type":"WebSite","@id":"https:\/\/blogs.uef.fi\/jatkuvaoppiminen\/#website","url":"https:\/\/blogs.uef.fi\/jatkuvaoppiminen\/","name":"Jatkuva oppiminen","description":"","potentialAction":[{"@type":"SearchAction","target":{"@type":"EntryPoint","urlTemplate":"https:\/\/blogs.uef.fi\/jatkuvaoppiminen\/?s={search_term_string}"},"query-input":{"@type":"PropertyValueSpecification","valueRequired":true,"valueName":"search_term_string"}}],"inLanguage":"fi"},{"@type":"Person","@id":"https:\/\/blogs.uef.fi\/jatkuvaoppiminen\/#\/schema\/person\/25ad84de046b83c4647f8045eccaf0be","name":"UEF Jatkuvan oppimisen keskus","image":{"@type":"ImageObject","inLanguage":"fi","@id":"https:\/\/secure.gravatar.com\/avatar\/bcd0fe9d0fbd01d5af8e5ab842b6bc00e924534b23fa841a43aa5cba17d2cd2b?s=96&d=mm&r=g","url":"https:\/\/secure.gravatar.com\/avatar\/bcd0fe9d0fbd01d5af8e5ab842b6bc00e924534b23fa841a43aa5cba17d2cd2b?s=96&d=mm&r=g","contentUrl":"https:\/\/secure.gravatar.com\/avatar\/bcd0fe9d0fbd01d5af8e5ab842b6bc00e924534b23fa841a43aa5cba17d2cd2b?s=96&d=mm&r=g","caption":"UEF Jatkuvan oppimisen keskus"},"url":"https:\/\/blogs.uef.fi\/jatkuvaoppiminen\/author\/jokki\/"}]}},"_links":{"self":[{"href":"https:\/\/blogs.uef.fi\/jatkuvaoppiminen\/wp-json\/wp\/v2\/posts\/2797","targetHints":{"allow":["GET"]}}],"collection":[{"href":"https:\/\/blogs.uef.fi\/jatkuvaoppiminen\/wp-json\/wp\/v2\/posts"}],"about":[{"href":"https:\/\/blogs.uef.fi\/jatkuvaoppiminen\/wp-json\/wp\/v2\/types\/post"}],"author":[{"embeddable":true,"href":"https:\/\/blogs.uef.fi\/jatkuvaoppiminen\/wp-json\/wp\/v2\/users\/444"}],"replies":[{"embeddable":true,"href":"https:\/\/blogs.uef.fi\/jatkuvaoppiminen\/wp-json\/wp\/v2\/comments?post=2797"}],"version-history":[{"count":1,"href":"https:\/\/blogs.uef.fi\/jatkuvaoppiminen\/wp-json\/wp\/v2\/posts\/2797\/revisions"}],"predecessor-version":[{"id":5782,"href":"https:\/\/blogs.uef.fi\/jatkuvaoppiminen\/wp-json\/wp\/v2\/posts\/2797\/revisions\/5782"}],"wp:attachment":[{"href":"https:\/\/blogs.uef.fi\/jatkuvaoppiminen\/wp-json\/wp\/v2\/media?parent=2797"}],"wp:term":[{"taxonomy":"category","embeddable":true,"href":"https:\/\/blogs.uef.fi\/jatkuvaoppiminen\/wp-json\/wp\/v2\/categories?post=2797"},{"taxonomy":"post_tag","embeddable":true,"href":"https:\/\/blogs.uef.fi\/jatkuvaoppiminen\/wp-json\/wp\/v2\/tags?post=2797"}],"curies":[{"name":"wp","href":"https:\/\/api.w.org\/{rel}","templated":true}]}}