{"id":2487,"date":"2020-03-16T05:51:48","date_gmt":"2020-03-16T05:51:48","guid":{"rendered":"https:\/\/weaducate.wordpress.com\/?p=2487"},"modified":"2025-07-09T09:47:29","modified_gmt":"2025-07-09T07:47:29","slug":"tarvitaanko-sosiaalityossa-jatkuvaa-oppimista","status":"publish","type":"post","link":"https:\/\/blogs.uef.fi\/jatkuvaoppiminen\/2020\/03\/16\/tarvitaanko-sosiaalityossa-jatkuvaa-oppimista\/","title":{"rendered":"Tarvitaanko sosiaality\u00f6ss\u00e4 jatkuvaa oppimista?"},"content":{"rendered":"\n<figure class=\"wp-block-image size-large is-resized\"><img decoding=\"async\" src=\"https:\/\/blogs.uef.fi\/jatkuvaoppiminen\/wp-content\/uploads\/sites\/160\/2020\/03\/conversation-3513843_1280.jpg?w=1024\" alt=\"\" class=\"wp-image-2492\" style=\"width:573px;height:382px\" \/><\/figure>\n\n\n\n<p>Tein sivuaskeleen yliopistosta k\u00e4yt\u00e4nn\u00f6n ty\u00f6n suuntaan ja olin projektitutkijana It\u00e4-Suomen sosiaalialan osaamiskeskuksen ISOn hallinnoimassa aikuissosiaality\u00f6n<a href=\"https:\/\/www.isonet.fi\/iso-sos-hanke\" target=\"_blank\" rel=\"noreferrer noopener\">&nbsp; ISO SOS -hankkeessa<\/a> vajaan kaksi vuotta. Hankkeessa kehitettiin kokeilujen kautta sosiaality\u00f6n vaikuttavia toimintak\u00e4yt\u00e4nt\u00f6j\u00e4 ja asiakkaiden osallisuutta palveluihin. Kokemus avasi aikuiskouluttajan silm\u00e4t pohtimaan sosiaality\u00f6n tilaa ja siell\u00e4 ty\u00f6skentelevien osaamisen p\u00e4ivitt\u00e4mist\u00e4. Sosiaality\u00f6 on ollut viimeisten vuosien aikana kovassa muutospaineessa ja lastensuojelun tapauksia on puitu iltap\u00e4iv\u00e4lehdiss\u00e4 eik\u00e4 aina niin hyv\u00e4ss\u00e4 valossa. Aikuissosiaality\u00f6 on uuden edess\u00e4, kun toimeentulotuki siirtyi Kelan hoidettavaksi vuoden 2017 alusta. Onko ty\u00f6ntekij\u00f6ill\u00e4 valmiuksia vastata n\u00e4ihin muutospaineisiin ja mit\u00e4 se edellytt\u00e4\u00e4?&nbsp;&nbsp;<\/p>\n\n\n\n<p>Sosiaality\u00f6 pystyisi edist\u00e4m\u00e4\u00e4n kuntalaisten hyvinvointia laajemmin, jos sille annettaisiin mahdollisuus ja ymm\u00e4rrett\u00e4isiin, miten sosiaality\u00f6n asiantuntemusta voidaan k\u00e4ytt\u00e4\u00e4 kaikkien asukkaiden hy\u00f6dyksi.<\/p>\n\n\n\n<p>Sosiaality\u00f6 on yliopistotutkintoon perustuva k\u00e4yt\u00e4nn\u00f6n ammatti. Sosiaality\u00f6ntekij\u00e4n p\u00e4tevyysvaatimukset on kirjattu lakiin ja ne antavat mandaatin ty\u00f6n tekemiseen. Sosiaality\u00f6h\u00f6n p\u00e4tev\u00f6itt\u00e4v\u00e4n polun voi aloittaa avoimessa yliopistossa ja It\u00e4-Suomen yliopistossa t\u00e4m\u00e4 reitti onkin kovasti k\u00e4ytetty jo ty\u00f6el\u00e4m\u00e4ss\u00e4 olevien joukossa.&nbsp;&nbsp;<\/p>\n\n\n\n<p>Yliopistokoulutus avaa laajan ymm\u00e4rryksen ty\u00f6ss\u00e4 n\u00e4kyvist\u00e4 ilmi\u00f6ist\u00e4 ja kyvyn asettaa niit\u00e4 yhteiskunnalliseen raamiin. Sosiaality\u00f6 voi vaikuttaa rakenteellisen sosiaality\u00f6n kautta tuomalla esille ep\u00e4kohtia, jotka se havaitsee. Sosiaality\u00f6ll\u00e4 on kaikki v\u00e4lineet muutoksen sel\u00e4tt\u00e4miseen ja muutos voi n\u00e4ist\u00e4 syist\u00e4 olla my\u00f6s sosiaality\u00f6lle mahdollisuus uudistua.&nbsp;&nbsp;<\/p>\n\n\n\n<p>Sosiaality\u00f6n houkuttelevuus on iso haaste It\u00e4-Suomen kunnissa t\u00e4ll\u00e4 hetkell\u00e4. Pist\u00e4\u00e4 miettim\u00e4\u00e4n, ett\u00e4 vaikka sosiaality\u00f6t\u00e4 opiskelemaan hakeutuu runsaasti alasta kiinnostuneita, miksi he poistuvat k\u00e4yt\u00e4nn\u00f6n ty\u00f6st\u00e4 muutaman vuoden j\u00e4lkeen toisiin teht\u00e4viin. ISO SOS -hanke osoitti, ett\u00e4 ty\u00f6n kuormittavuus, suuri vastuu ja siihen n\u00e4hden heikko palkkaus sek\u00e4 erityisesti sosiaality\u00f6n johtaminen nousivat vaikuttavina syin\u00e4 esille. Ty\u00f6ntekij\u00f6iden vahva osaaminen ei n\u00e4yt\u00e4 saavan arvostusta organisaatioiden tasolla.&nbsp; Sosiaality\u00f6 pystyisi edist\u00e4m\u00e4\u00e4n kuntalaisten hyvinvointia laajemmin, jos sille annettaisiin mahdollisuus ja ymm\u00e4rrett\u00e4isiin, miten sosiaality\u00f6n asiantuntemusta voidaan k\u00e4ytt\u00e4\u00e4 kaikkien asukkaiden hy\u00f6dyksi. T\u00e4t\u00e4 tulevassa valtakunnallisessa Tulevaisuuden sote-keskus- hankkeessa yritet\u00e4\u00e4n toivottavasti korjata.&nbsp;&nbsp;<\/p>\n\n\n\n<p>Houkuttelisivatko sosiaality\u00f6n ty\u00f6yhteis\u00f6t ja teht\u00e4v\u00e4t parempaan sitoutumiseen, jos muutoksen haltuun ottaminen varmistettaisiin jatkuvan oppimisen ymm\u00e4rryksell\u00e4 ja sit\u00e4 kautta sill\u00e4, ett\u00e4 ty\u00f6ntekij\u00f6iden osaaminen on vaatimusten tasalla? Tukevatko sosiaality\u00f6n esimiehet t\u00e4t\u00e4 ja onko heill\u00e4 teht\u00e4v\u00e4\u00e4n tarvittavia valmiuksia ja v\u00e4lineit\u00e4? Maailma my\u00f6s sosiaality\u00f6n ymp\u00e4rill\u00e4 muuttuu vauhdilla. Sosiaality\u00f6n k\u00e4yt\u00e4nn\u00f6n arki on oppimisymp\u00e4rist\u00f6, jossa asiakkaiden el\u00e4m\u00e4ntilanteiden ja muuttuvan yhteiskunnan asettamia haasteita voidaan p\u00e4ivitt\u00e4in harjoitella. Jatkuva oppiminen sosiaality\u00f6ss\u00e4 tarkoittaa oman ty\u00f6n reflektointia osaavan esimiehen tai tiimin kanssa sek\u00e4 k\u00e4yt\u00e4nt\u00f6tutkimusta ty\u00f6n vaikuttavuudesta. T\u00e4m\u00e4nkaltaista sosiaality\u00f6n ty\u00f6el\u00e4m\u00e4l\u00e4ht\u00f6ist\u00e4 (<a rel=\"noreferrer noopener\" href=\"http:\/\/www.uef.fi\/web\/sosiaalisesti-kestava-kymenlaakso\/socoba-kehittamistoiminta\" target=\"_blank\">SOCOBA<\/a>)&nbsp;&nbsp; kehitt\u00e4mismallia on kehitetty It\u00e4-Suomen yliopiston sosiaality\u00f6n maisterikoulutusohjelmissa Kainuussa ja Kymenlaaksossa. K\u00e4yt\u00e4nn\u00f6n ty\u00f6, tutkimus ja teoria ovat t\u00e4llaisessa kehitt\u00e4misymp\u00e4rist\u00f6ss\u00e4 jatkuvassa dialogissa.&nbsp; &nbsp;&nbsp; <\/p>\n\n\n\n<p>Osaaminen menee osaamisen luokse ja se kukkii, kun sit\u00e4 jaetaan ja sen annetaan kukkia. Oppia ik\u00e4 kaikki, my\u00f6s sosiaality\u00f6ss\u00e4.<\/p>\n\n\n\n<p><br><em>Seija Okulov, suunnittelija<br>Koulutus- ja kehitt\u00e4mispalvelu Aducate<\/em><\/p>\n","protected":false},"excerpt":{"rendered":"<p>Tein sivuaskeleen yliopistosta k\u00e4yt\u00e4nn\u00f6n ty\u00f6n suuntaan ja olin projektitutkijana It\u00e4-Suomen sosiaalialan osaamiskeskuksen ISOn hallinnoimassa aikuissosiaality\u00f6n&nbsp; ISO SOS -hankkeessa vajaan kaksi vuotta. Hankkeessa kehitettiin kokeilujen kautta sosiaality\u00f6n vaikuttavia toimintak\u00e4yt\u00e4nt\u00f6j\u00e4 ja asiakkaiden osallisuutta palveluihin. Kokemus avasi aikuiskouluttajan silm\u00e4t pohtimaan sosiaality\u00f6n tilaa ja siell\u00e4 ty\u00f6skentelevien osaamisen p\u00e4ivitt\u00e4mist\u00e4. Sosiaality\u00f6 on ollut viimeisten vuosien aikana kovassa muutospaineessa ja lastensuojelun tapauksia [&hellip;]<\/p>\n","protected":false},"author":1,"featured_media":0,"comment_status":"open","ping_status":"open","sticky":false,"template":"","format":"standard","meta":{"_acf_changed":false,"footnotes":""},"categories":[14,17,20,29],"tags":[224,467,473],"class_list":["post-2487","post","type-post","status-publish","format-standard","hentry","category-muut-kirjoitukset","category-oppiminen","category-terveys","category-tyoelama","tag-jatkuva-oppiminen","tag-sosiaaliala","tag-sosiaalityo"],"acf":[],"yoast_head":"<!-- This site is optimized with the Yoast SEO plugin v27.3 - https:\/\/yoast.com\/product\/yoast-seo-wordpress\/ -->\n<title>Tarvitaanko sosiaality\u00f6ss\u00e4 jatkuvaa oppimista? - Jatkuva oppiminen<\/title>\n<meta name=\"robots\" content=\"index, follow, max-snippet:-1, max-image-preview:large, max-video-preview:-1\" \/>\n<link rel=\"canonical\" href=\"https:\/\/blogs.uef.fi\/jatkuvaoppiminen\/2020\/03\/16\/tarvitaanko-sosiaalityossa-jatkuvaa-oppimista\/\" \/>\n<meta property=\"og:locale\" content=\"fi_FI\" \/>\n<meta property=\"og:type\" content=\"article\" \/>\n<meta property=\"og:title\" content=\"Tarvitaanko sosiaality\u00f6ss\u00e4 jatkuvaa oppimista? - Jatkuva oppiminen\" \/>\n<meta property=\"og:description\" content=\"Tein sivuaskeleen yliopistosta k\u00e4yt\u00e4nn\u00f6n ty\u00f6n suuntaan ja olin projektitutkijana It\u00e4-Suomen sosiaalialan osaamiskeskuksen ISOn hallinnoimassa aikuissosiaality\u00f6n&nbsp; ISO SOS -hankkeessa vajaan kaksi vuotta. Hankkeessa kehitettiin kokeilujen kautta sosiaality\u00f6n vaikuttavia toimintak\u00e4yt\u00e4nt\u00f6j\u00e4 ja asiakkaiden osallisuutta palveluihin. Kokemus avasi aikuiskouluttajan silm\u00e4t pohtimaan sosiaality\u00f6n tilaa ja siell\u00e4 ty\u00f6skentelevien osaamisen p\u00e4ivitt\u00e4mist\u00e4. Sosiaality\u00f6 on ollut viimeisten vuosien aikana kovassa muutospaineessa ja lastensuojelun tapauksia [&hellip;]\" \/>\n<meta property=\"og:url\" content=\"https:\/\/blogs.uef.fi\/jatkuvaoppiminen\/2020\/03\/16\/tarvitaanko-sosiaalityossa-jatkuvaa-oppimista\/\" \/>\n<meta property=\"og:site_name\" content=\"Jatkuva oppiminen\" \/>\n<meta property=\"article:published_time\" content=\"2020-03-16T05:51:48+00:00\" \/>\n<meta property=\"article:modified_time\" content=\"2025-07-09T07:47:29+00:00\" \/>\n<meta name=\"author\" content=\"uef-admin\" \/>\n<meta name=\"twitter:card\" content=\"summary_large_image\" \/>\n<meta name=\"twitter:label1\" content=\"Kirjoittanut\" \/>\n\t<meta name=\"twitter:data1\" content=\"uef-admin\" \/>\n\t<meta name=\"twitter:label2\" content=\"Arvioitu lukuaika\" \/>\n\t<meta name=\"twitter:data2\" content=\"3 minuuttia\" \/>\n<script type=\"application\/ld+json\" class=\"yoast-schema-graph\">{\"@context\":\"https:\\\/\\\/schema.org\",\"@graph\":[{\"@type\":\"Article\",\"@id\":\"https:\\\/\\\/blogs.uef.fi\\\/jatkuvaoppiminen\\\/2020\\\/03\\\/16\\\/tarvitaanko-sosiaalityossa-jatkuvaa-oppimista\\\/#article\",\"isPartOf\":{\"@id\":\"https:\\\/\\\/blogs.uef.fi\\\/jatkuvaoppiminen\\\/2020\\\/03\\\/16\\\/tarvitaanko-sosiaalityossa-jatkuvaa-oppimista\\\/\"},\"author\":{\"name\":\"uef-admin\",\"@id\":\"https:\\\/\\\/blogs.uef.fi\\\/jatkuvaoppiminen\\\/#\\\/schema\\\/person\\\/68b9405b92c78017eecd7b0679c34075\"},\"headline\":\"Tarvitaanko sosiaality\u00f6ss\u00e4 jatkuvaa oppimista?\",\"datePublished\":\"2020-03-16T05:51:48+00:00\",\"dateModified\":\"2025-07-09T07:47:29+00:00\",\"mainEntityOfPage\":{\"@id\":\"https:\\\/\\\/blogs.uef.fi\\\/jatkuvaoppiminen\\\/2020\\\/03\\\/16\\\/tarvitaanko-sosiaalityossa-jatkuvaa-oppimista\\\/\"},\"wordCount\":552,\"commentCount\":0,\"image\":{\"@id\":\"https:\\\/\\\/blogs.uef.fi\\\/jatkuvaoppiminen\\\/2020\\\/03\\\/16\\\/tarvitaanko-sosiaalityossa-jatkuvaa-oppimista\\\/#primaryimage\"},\"thumbnailUrl\":\"https:\\\/\\\/blogs.uef.fi\\\/jatkuvaoppiminen\\\/wp-content\\\/uploads\\\/sites\\\/160\\\/2020\\\/03\\\/conversation-3513843_1280.jpg?w=1024\",\"keywords\":[\"jatkuva oppiminen\",\"sosiaaliala\",\"sosiaality\u00f6\"],\"articleSection\":[\"Muut kirjoitukset\",\"Oppiminen\",\"Terveys\",\"Ty\u00f6el\u00e4m\u00e4\"],\"inLanguage\":\"fi\",\"potentialAction\":[{\"@type\":\"CommentAction\",\"name\":\"Comment\",\"target\":[\"https:\\\/\\\/blogs.uef.fi\\\/jatkuvaoppiminen\\\/2020\\\/03\\\/16\\\/tarvitaanko-sosiaalityossa-jatkuvaa-oppimista\\\/#respond\"]}]},{\"@type\":\"WebPage\",\"@id\":\"https:\\\/\\\/blogs.uef.fi\\\/jatkuvaoppiminen\\\/2020\\\/03\\\/16\\\/tarvitaanko-sosiaalityossa-jatkuvaa-oppimista\\\/\",\"url\":\"https:\\\/\\\/blogs.uef.fi\\\/jatkuvaoppiminen\\\/2020\\\/03\\\/16\\\/tarvitaanko-sosiaalityossa-jatkuvaa-oppimista\\\/\",\"name\":\"Tarvitaanko sosiaality\u00f6ss\u00e4 jatkuvaa oppimista? - Jatkuva oppiminen\",\"isPartOf\":{\"@id\":\"https:\\\/\\\/blogs.uef.fi\\\/jatkuvaoppiminen\\\/#website\"},\"primaryImageOfPage\":{\"@id\":\"https:\\\/\\\/blogs.uef.fi\\\/jatkuvaoppiminen\\\/2020\\\/03\\\/16\\\/tarvitaanko-sosiaalityossa-jatkuvaa-oppimista\\\/#primaryimage\"},\"image\":{\"@id\":\"https:\\\/\\\/blogs.uef.fi\\\/jatkuvaoppiminen\\\/2020\\\/03\\\/16\\\/tarvitaanko-sosiaalityossa-jatkuvaa-oppimista\\\/#primaryimage\"},\"thumbnailUrl\":\"https:\\\/\\\/blogs.uef.fi\\\/jatkuvaoppiminen\\\/wp-content\\\/uploads\\\/sites\\\/160\\\/2020\\\/03\\\/conversation-3513843_1280.jpg?w=1024\",\"datePublished\":\"2020-03-16T05:51:48+00:00\",\"dateModified\":\"2025-07-09T07:47:29+00:00\",\"author\":{\"@id\":\"https:\\\/\\\/blogs.uef.fi\\\/jatkuvaoppiminen\\\/#\\\/schema\\\/person\\\/68b9405b92c78017eecd7b0679c34075\"},\"breadcrumb\":{\"@id\":\"https:\\\/\\\/blogs.uef.fi\\\/jatkuvaoppiminen\\\/2020\\\/03\\\/16\\\/tarvitaanko-sosiaalityossa-jatkuvaa-oppimista\\\/#breadcrumb\"},\"inLanguage\":\"fi\",\"potentialAction\":[{\"@type\":\"ReadAction\",\"target\":[\"https:\\\/\\\/blogs.uef.fi\\\/jatkuvaoppiminen\\\/2020\\\/03\\\/16\\\/tarvitaanko-sosiaalityossa-jatkuvaa-oppimista\\\/\"]}]},{\"@type\":\"ImageObject\",\"inLanguage\":\"fi\",\"@id\":\"https:\\\/\\\/blogs.uef.fi\\\/jatkuvaoppiminen\\\/2020\\\/03\\\/16\\\/tarvitaanko-sosiaalityossa-jatkuvaa-oppimista\\\/#primaryimage\",\"url\":\"\",\"contentUrl\":\"\"},{\"@type\":\"BreadcrumbList\",\"@id\":\"https:\\\/\\\/blogs.uef.fi\\\/jatkuvaoppiminen\\\/2020\\\/03\\\/16\\\/tarvitaanko-sosiaalityossa-jatkuvaa-oppimista\\\/#breadcrumb\",\"itemListElement\":[{\"@type\":\"ListItem\",\"position\":1,\"name\":\"Home\",\"item\":\"https:\\\/\\\/blogs.uef.fi\\\/jatkuvaoppiminen\\\/\"},{\"@type\":\"ListItem\",\"position\":2,\"name\":\"Tarvitaanko sosiaality\u00f6ss\u00e4 jatkuvaa oppimista?\"}]},{\"@type\":\"WebSite\",\"@id\":\"https:\\\/\\\/blogs.uef.fi\\\/jatkuvaoppiminen\\\/#website\",\"url\":\"https:\\\/\\\/blogs.uef.fi\\\/jatkuvaoppiminen\\\/\",\"name\":\"Jatkuva oppiminen\",\"description\":\"\",\"potentialAction\":[{\"@type\":\"SearchAction\",\"target\":{\"@type\":\"EntryPoint\",\"urlTemplate\":\"https:\\\/\\\/blogs.uef.fi\\\/jatkuvaoppiminen\\\/?s={search_term_string}\"},\"query-input\":{\"@type\":\"PropertyValueSpecification\",\"valueRequired\":true,\"valueName\":\"search_term_string\"}}],\"inLanguage\":\"fi\"},{\"@type\":\"Person\",\"@id\":\"https:\\\/\\\/blogs.uef.fi\\\/jatkuvaoppiminen\\\/#\\\/schema\\\/person\\\/68b9405b92c78017eecd7b0679c34075\",\"name\":\"uef-admin\",\"image\":{\"@type\":\"ImageObject\",\"inLanguage\":\"fi\",\"@id\":\"https:\\\/\\\/secure.gravatar.com\\\/avatar\\\/6c9f5016c320b72333096361e494f2c004505657367d2847a11e96de0655f758?s=96&d=mm&r=g\",\"url\":\"https:\\\/\\\/secure.gravatar.com\\\/avatar\\\/6c9f5016c320b72333096361e494f2c004505657367d2847a11e96de0655f758?s=96&d=mm&r=g\",\"contentUrl\":\"https:\\\/\\\/secure.gravatar.com\\\/avatar\\\/6c9f5016c320b72333096361e494f2c004505657367d2847a11e96de0655f758?s=96&d=mm&r=g\",\"caption\":\"uef-admin\"},\"url\":\"https:\\\/\\\/blogs.uef.fi\\\/jatkuvaoppiminen\\\/author\\\/uef-admin\\\/\"}]}<\/script>\n<!-- \/ Yoast SEO plugin. -->","yoast_head_json":{"title":"Tarvitaanko sosiaality\u00f6ss\u00e4 jatkuvaa oppimista? - Jatkuva oppiminen","robots":{"index":"index","follow":"follow","max-snippet":"max-snippet:-1","max-image-preview":"max-image-preview:large","max-video-preview":"max-video-preview:-1"},"canonical":"https:\/\/blogs.uef.fi\/jatkuvaoppiminen\/2020\/03\/16\/tarvitaanko-sosiaalityossa-jatkuvaa-oppimista\/","og_locale":"fi_FI","og_type":"article","og_title":"Tarvitaanko sosiaality\u00f6ss\u00e4 jatkuvaa oppimista? - Jatkuva oppiminen","og_description":"Tein sivuaskeleen yliopistosta k\u00e4yt\u00e4nn\u00f6n ty\u00f6n suuntaan ja olin projektitutkijana It\u00e4-Suomen sosiaalialan osaamiskeskuksen ISOn hallinnoimassa aikuissosiaality\u00f6n&nbsp; ISO SOS -hankkeessa vajaan kaksi vuotta. Hankkeessa kehitettiin kokeilujen kautta sosiaality\u00f6n vaikuttavia toimintak\u00e4yt\u00e4nt\u00f6j\u00e4 ja asiakkaiden osallisuutta palveluihin. Kokemus avasi aikuiskouluttajan silm\u00e4t pohtimaan sosiaality\u00f6n tilaa ja siell\u00e4 ty\u00f6skentelevien osaamisen p\u00e4ivitt\u00e4mist\u00e4. Sosiaality\u00f6 on ollut viimeisten vuosien aikana kovassa muutospaineessa ja lastensuojelun tapauksia [&hellip;]","og_url":"https:\/\/blogs.uef.fi\/jatkuvaoppiminen\/2020\/03\/16\/tarvitaanko-sosiaalityossa-jatkuvaa-oppimista\/","og_site_name":"Jatkuva oppiminen","article_published_time":"2020-03-16T05:51:48+00:00","article_modified_time":"2025-07-09T07:47:29+00:00","author":"uef-admin","twitter_card":"summary_large_image","twitter_misc":{"Kirjoittanut":"uef-admin","Arvioitu lukuaika":"3 minuuttia"},"schema":{"@context":"https:\/\/schema.org","@graph":[{"@type":"Article","@id":"https:\/\/blogs.uef.fi\/jatkuvaoppiminen\/2020\/03\/16\/tarvitaanko-sosiaalityossa-jatkuvaa-oppimista\/#article","isPartOf":{"@id":"https:\/\/blogs.uef.fi\/jatkuvaoppiminen\/2020\/03\/16\/tarvitaanko-sosiaalityossa-jatkuvaa-oppimista\/"},"author":{"name":"uef-admin","@id":"https:\/\/blogs.uef.fi\/jatkuvaoppiminen\/#\/schema\/person\/68b9405b92c78017eecd7b0679c34075"},"headline":"Tarvitaanko sosiaality\u00f6ss\u00e4 jatkuvaa oppimista?","datePublished":"2020-03-16T05:51:48+00:00","dateModified":"2025-07-09T07:47:29+00:00","mainEntityOfPage":{"@id":"https:\/\/blogs.uef.fi\/jatkuvaoppiminen\/2020\/03\/16\/tarvitaanko-sosiaalityossa-jatkuvaa-oppimista\/"},"wordCount":552,"commentCount":0,"image":{"@id":"https:\/\/blogs.uef.fi\/jatkuvaoppiminen\/2020\/03\/16\/tarvitaanko-sosiaalityossa-jatkuvaa-oppimista\/#primaryimage"},"thumbnailUrl":"https:\/\/blogs.uef.fi\/jatkuvaoppiminen\/wp-content\/uploads\/sites\/160\/2020\/03\/conversation-3513843_1280.jpg?w=1024","keywords":["jatkuva oppiminen","sosiaaliala","sosiaality\u00f6"],"articleSection":["Muut kirjoitukset","Oppiminen","Terveys","Ty\u00f6el\u00e4m\u00e4"],"inLanguage":"fi","potentialAction":[{"@type":"CommentAction","name":"Comment","target":["https:\/\/blogs.uef.fi\/jatkuvaoppiminen\/2020\/03\/16\/tarvitaanko-sosiaalityossa-jatkuvaa-oppimista\/#respond"]}]},{"@type":"WebPage","@id":"https:\/\/blogs.uef.fi\/jatkuvaoppiminen\/2020\/03\/16\/tarvitaanko-sosiaalityossa-jatkuvaa-oppimista\/","url":"https:\/\/blogs.uef.fi\/jatkuvaoppiminen\/2020\/03\/16\/tarvitaanko-sosiaalityossa-jatkuvaa-oppimista\/","name":"Tarvitaanko sosiaality\u00f6ss\u00e4 jatkuvaa oppimista? - Jatkuva oppiminen","isPartOf":{"@id":"https:\/\/blogs.uef.fi\/jatkuvaoppiminen\/#website"},"primaryImageOfPage":{"@id":"https:\/\/blogs.uef.fi\/jatkuvaoppiminen\/2020\/03\/16\/tarvitaanko-sosiaalityossa-jatkuvaa-oppimista\/#primaryimage"},"image":{"@id":"https:\/\/blogs.uef.fi\/jatkuvaoppiminen\/2020\/03\/16\/tarvitaanko-sosiaalityossa-jatkuvaa-oppimista\/#primaryimage"},"thumbnailUrl":"https:\/\/blogs.uef.fi\/jatkuvaoppiminen\/wp-content\/uploads\/sites\/160\/2020\/03\/conversation-3513843_1280.jpg?w=1024","datePublished":"2020-03-16T05:51:48+00:00","dateModified":"2025-07-09T07:47:29+00:00","author":{"@id":"https:\/\/blogs.uef.fi\/jatkuvaoppiminen\/#\/schema\/person\/68b9405b92c78017eecd7b0679c34075"},"breadcrumb":{"@id":"https:\/\/blogs.uef.fi\/jatkuvaoppiminen\/2020\/03\/16\/tarvitaanko-sosiaalityossa-jatkuvaa-oppimista\/#breadcrumb"},"inLanguage":"fi","potentialAction":[{"@type":"ReadAction","target":["https:\/\/blogs.uef.fi\/jatkuvaoppiminen\/2020\/03\/16\/tarvitaanko-sosiaalityossa-jatkuvaa-oppimista\/"]}]},{"@type":"ImageObject","inLanguage":"fi","@id":"https:\/\/blogs.uef.fi\/jatkuvaoppiminen\/2020\/03\/16\/tarvitaanko-sosiaalityossa-jatkuvaa-oppimista\/#primaryimage","url":"","contentUrl":""},{"@type":"BreadcrumbList","@id":"https:\/\/blogs.uef.fi\/jatkuvaoppiminen\/2020\/03\/16\/tarvitaanko-sosiaalityossa-jatkuvaa-oppimista\/#breadcrumb","itemListElement":[{"@type":"ListItem","position":1,"name":"Home","item":"https:\/\/blogs.uef.fi\/jatkuvaoppiminen\/"},{"@type":"ListItem","position":2,"name":"Tarvitaanko sosiaality\u00f6ss\u00e4 jatkuvaa oppimista?"}]},{"@type":"WebSite","@id":"https:\/\/blogs.uef.fi\/jatkuvaoppiminen\/#website","url":"https:\/\/blogs.uef.fi\/jatkuvaoppiminen\/","name":"Jatkuva oppiminen","description":"","potentialAction":[{"@type":"SearchAction","target":{"@type":"EntryPoint","urlTemplate":"https:\/\/blogs.uef.fi\/jatkuvaoppiminen\/?s={search_term_string}"},"query-input":{"@type":"PropertyValueSpecification","valueRequired":true,"valueName":"search_term_string"}}],"inLanguage":"fi"},{"@type":"Person","@id":"https:\/\/blogs.uef.fi\/jatkuvaoppiminen\/#\/schema\/person\/68b9405b92c78017eecd7b0679c34075","name":"uef-admin","image":{"@type":"ImageObject","inLanguage":"fi","@id":"https:\/\/secure.gravatar.com\/avatar\/6c9f5016c320b72333096361e494f2c004505657367d2847a11e96de0655f758?s=96&d=mm&r=g","url":"https:\/\/secure.gravatar.com\/avatar\/6c9f5016c320b72333096361e494f2c004505657367d2847a11e96de0655f758?s=96&d=mm&r=g","contentUrl":"https:\/\/secure.gravatar.com\/avatar\/6c9f5016c320b72333096361e494f2c004505657367d2847a11e96de0655f758?s=96&d=mm&r=g","caption":"uef-admin"},"url":"https:\/\/blogs.uef.fi\/jatkuvaoppiminen\/author\/uef-admin\/"}]}},"_links":{"self":[{"href":"https:\/\/blogs.uef.fi\/jatkuvaoppiminen\/wp-json\/wp\/v2\/posts\/2487","targetHints":{"allow":["GET"]}}],"collection":[{"href":"https:\/\/blogs.uef.fi\/jatkuvaoppiminen\/wp-json\/wp\/v2\/posts"}],"about":[{"href":"https:\/\/blogs.uef.fi\/jatkuvaoppiminen\/wp-json\/wp\/v2\/types\/post"}],"author":[{"embeddable":true,"href":"https:\/\/blogs.uef.fi\/jatkuvaoppiminen\/wp-json\/wp\/v2\/users\/1"}],"replies":[{"embeddable":true,"href":"https:\/\/blogs.uef.fi\/jatkuvaoppiminen\/wp-json\/wp\/v2\/comments?post=2487"}],"version-history":[{"count":1,"href":"https:\/\/blogs.uef.fi\/jatkuvaoppiminen\/wp-json\/wp\/v2\/posts\/2487\/revisions"}],"predecessor-version":[{"id":5725,"href":"https:\/\/blogs.uef.fi\/jatkuvaoppiminen\/wp-json\/wp\/v2\/posts\/2487\/revisions\/5725"}],"wp:attachment":[{"href":"https:\/\/blogs.uef.fi\/jatkuvaoppiminen\/wp-json\/wp\/v2\/media?parent=2487"}],"wp:term":[{"taxonomy":"category","embeddable":true,"href":"https:\/\/blogs.uef.fi\/jatkuvaoppiminen\/wp-json\/wp\/v2\/categories?post=2487"},{"taxonomy":"post_tag","embeddable":true,"href":"https:\/\/blogs.uef.fi\/jatkuvaoppiminen\/wp-json\/wp\/v2\/tags?post=2487"}],"curies":[{"name":"wp","href":"https:\/\/api.w.org\/{rel}","templated":true}]}}