{"id":2479,"date":"2020-03-13T07:43:25","date_gmt":"2020-03-13T07:43:25","guid":{"rendered":"https:\/\/weaducate.wordpress.com\/?p=2479"},"modified":"2025-07-09T09:48:15","modified_gmt":"2025-07-09T07:48:15","slug":"monitilatyoymparistoon-muuttaminen-merkitsee-myos-mielentilan-muutosta","status":"publish","type":"post","link":"https:\/\/blogs.uef.fi\/jatkuvaoppiminen\/2020\/03\/13\/monitilatyoymparistoon-muuttaminen-merkitsee-myos-mielentilan-muutosta\/","title":{"rendered":"Monitilaty\u00f6ymp\u00e4rist\u00f6\u00f6n muuttaminen merkitsee my\u00f6s mielentilan muutosta."},"content":{"rendered":"\n<figure class=\"wp-block-image size-large is-resized\"><img loading=\"lazy\" decoding=\"async\" width=\"2016\" height=\"1512\" src=\"https:\/\/blogs.uef.fi\/jatkuvaoppiminen\/wp-content\/uploads\/sites\/160\/2020\/03\/aducate_sisaan.jpg?w=1024\" alt=\"\" class=\"wp-image-2482\" style=\"width:577px;height:433px\" srcset=\"https:\/\/blogs.uef.fi\/jatkuvaoppiminen\/wp-content\/uploads\/sites\/160\/2020\/03\/aducate_sisaan.jpg 2016w, https:\/\/blogs.uef.fi\/jatkuvaoppiminen\/wp-content\/uploads\/sites\/160\/2020\/03\/aducate_sisaan-300x225.jpg 300w, https:\/\/blogs.uef.fi\/jatkuvaoppiminen\/wp-content\/uploads\/sites\/160\/2020\/03\/aducate_sisaan-1024x768.jpg 1024w, https:\/\/blogs.uef.fi\/jatkuvaoppiminen\/wp-content\/uploads\/sites\/160\/2020\/03\/aducate_sisaan-768x576.jpg 768w, https:\/\/blogs.uef.fi\/jatkuvaoppiminen\/wp-content\/uploads\/sites\/160\/2020\/03\/aducate_sisaan-1536x1152.jpg 1536w\" sizes=\"auto, (max-width: 2016px) 100vw, 2016px\" \/><\/figure>\n\n\n\n<p>It\u00e4-Suomen yliopiston koulutus- ja kehitt\u00e4mispalvelu Aducate muutti uusiin monitoimitiloihin l\u00e4hes vuosi sitten, joten on sopiva hetki tuumailla muutokseen liittyvi\u00e4 kokemuksia ja havaintoja. Tavaroiden muuton j\u00e4lkeen on ollut vuorossa oman ty\u00f6n ja yhteispelin muotoileminen uusiin tiloihin. Olemme hakeneet itselle sopivaa yksil\u00f6llist\u00e4 ty\u00f6skentelytapaa uudessa ymp\u00e4rist\u00f6ss\u00e4, min\u00e4kin ajattelin kokeilevani jokaista mahdollista ty\u00f6pistett\u00e4 puolen vuoden sis\u00e4ll\u00e4. Huomasin kuitenkin sen olevan haastavaa, sill\u00e4 laskin ett\u00e4 meill\u00e4 on yli 100 tuolia istahdettavaksi. Oivalsin ett\u00e4 tilojen toiminnallisuuden ohella on eritt\u00e4in t\u00e4rke\u00e4\u00e4 k\u00e4sitell\u00e4 my\u00f6s sosiaalisen ja psyykkisen ty\u00f6ymp\u00e4rist\u00f6n muutosta. Muutto ei p\u00e4\u00e4ty tavaroiden sis\u00e4\u00e4n kantamiseen vaan jatkuu yhteisty\u00f6n tapojen muotoiluna ja yksil\u00f6n mielensis\u00e4isin\u00e4 prosesseina. Tila muuttaa my\u00f6s ty\u00f6ntekemisen kulttuuria, kuten ty\u00f6kaveri Seija oivalsi:<\/p>\n\n\n\n<p class=\"has-text-align-left\"><em>\u201dNyt on harjoiteltu sit\u00e4, miten monitilaymp\u00e4rist\u00f6ss\u00e4 voidaan tehd\u00e4 tuttuja t\u00f6it\u00e4 toisin. Mutta n\u00e4ytt\u00e4\u00e4 silt\u00e4, ett\u00e4 siin\u00e4 kohdassa isoin sel\u00e4tett\u00e4v\u00e4 ei olekaan uusi tilaratkaisu, vaan se ett\u00e4 uusissa tiloissa tehd\u00e4\u00e4n t\u00f6it\u00e4 vanhalla tavalla. Siit\u00e4 syntyy se kitka, mit\u00e4 edelleen podetaan. Toisin sanoen: n\u00e4ihin tiloihin pit\u00e4\u00e4kin ty\u00f6 tuunata erilaiseksi kuin se oli vuosikausitiloissa. Olen samaa mielt\u00e4 siit\u00e4, ett\u00e4 nyt pit\u00e4isi vaan puhua, puhua ja puhua, jotta mik\u00e4\u00e4n ei j\u00e4isi k\u00e4sittelem\u00e4tt\u00e4 ja mielet olisivat avoimia uudenlaiseen ty\u00f6n muotoutumiseen.\u201d&nbsp;<\/em><\/p>\n\n\n\n<p>Mist\u00e4 olisi hyv\u00e4 puhua? Kaikesta mahdollisesta \u2013 ty\u00f6p\u00f6ytien ja tuolien j\u00e4rjest\u00e4misest\u00e4, s\u00e4ilytystiloista, roskakorin paikasta, tilavarausten pelis\u00e4\u00e4nn\u00f6ist\u00e4 ja viime k\u00e4dess\u00e4 arvop\u00e4ivityksist\u00e4 ja arjen ty\u00f6hyveist\u00e4. Miten yksityisyys ja oman tilan tarve otetaan huomioon, millaisia mahdollisuuksia yhteiseen ideointiin? Miss\u00e4 voi puhua, miss\u00e4 on voitava keskitty\u00e4 hiljaiseen ty\u00f6h\u00f6n, mihin voi vet\u00e4yty\u00e4? Onko taukoliikunnalle tilaa ja v\u00e4lineit\u00e4?<\/p>\n\n\n\n<p>On t\u00e4rke\u00e4\u00e4 luoda edellytykset keskittymist\u00e4 vaativien t\u00f6iden tekemiseen ja ehk\u00e4ist\u00e4 keskeytyksi\u00e4. Toisin sanon varmistaa ty\u00f6rauha. Ty\u00f6n intensiivistyminen merkitsee kasvavia vaatimuksia keskittymiselle. Tied\u00e4mme ett\u00e4 keskeytykset h\u00e4iritsev\u00e4t eniten juuri pitk\u00e4kestoista, intensiivist\u00e4 keskittymist\u00e4 edellytt\u00e4vi\u00e4 teht\u00e4vi\u00e4. Keskeytykset haukkaavat ajan ohella my\u00f6s ison palan psyykkist\u00e4 energiaa, joka tarvitaan ajatusten palauttamiseen ja voi toisaalta merkit\u00e4 henkisen prosessin uudelleen aloittamista. Henkisen ty\u00f6n tallentaminen ja palauttaminen ei ole yht\u00e4 helppoa kuin tiedostojen muokkaaminen. Henkisi\u00e4 varmuuskopioita ei juuri ole.<\/p>\n\n\n\n<p>Asiakasty\u00f6ss\u00e4 my\u00f6s tietosuojan varmistaminen on t\u00e4rke\u00e4\u00e4: vastaanottotilojen \u00e4\u00e4nieristys ja n\u00e4k\u00f6suoja korostuvat sit\u00e4 enemm\u00e4n, mit\u00e4 luottamuksellisimpia asioita k\u00e4sitell\u00e4\u00e4n, kuten esimerkiksi ohjaus- tai terapiaty\u00f6ss\u00e4 tapahtuu. Tietosuoja voi vaarantua my\u00f6s siten, ett\u00e4 monitoimitilassa tietokoneen ruudulla on n\u00e4kyviss\u00e4 henkil\u00f6kohtaisia tietoja ty\u00f6ntekij\u00e4n niit\u00e4 k\u00e4sitelless\u00e4 tai siten, ett\u00e4 avotilassa alkanut puhelinkeskustelu kantautuu sivullisille.<\/p>\n\n\n\n<p><strong>Monitilatoimisto ei ole avokonttori &#8211; mist\u00e4 monitilaty\u00f6ymp\u00e4rist\u00f6n konsepti syntyi?<\/strong><\/p>\n\n\n\n<figure class=\"wp-block-image size-large is-resized\"><img loading=\"lazy\" decoding=\"async\" width=\"2016\" height=\"1512\" src=\"https:\/\/blogs.uef.fi\/jatkuvaoppiminen\/wp-content\/uploads\/sites\/160\/2020\/03\/aducate_lounge.jpg?w=1024\" alt=\"\" class=\"wp-image-2481\" style=\"width:318px;height:238px\" srcset=\"https:\/\/blogs.uef.fi\/jatkuvaoppiminen\/wp-content\/uploads\/sites\/160\/2020\/03\/aducate_lounge.jpg 2016w, https:\/\/blogs.uef.fi\/jatkuvaoppiminen\/wp-content\/uploads\/sites\/160\/2020\/03\/aducate_lounge-300x225.jpg 300w, https:\/\/blogs.uef.fi\/jatkuvaoppiminen\/wp-content\/uploads\/sites\/160\/2020\/03\/aducate_lounge-1024x768.jpg 1024w, https:\/\/blogs.uef.fi\/jatkuvaoppiminen\/wp-content\/uploads\/sites\/160\/2020\/03\/aducate_lounge-768x576.jpg 768w, https:\/\/blogs.uef.fi\/jatkuvaoppiminen\/wp-content\/uploads\/sites\/160\/2020\/03\/aducate_lounge-1536x1152.jpg 1536w\" sizes=\"auto, (max-width: 2016px) 100vw, 2016px\" \/><\/figure>\n\n\n\n<p>Yleens\u00e4 ty\u00f6ymp\u00e4rist\u00f6jen muutostrendien ajureina on muuttuvan ty\u00f6n tarpeisiin vastaaminen. Monitilatoimisto on tietoty\u00f6n murrokseen liittyv\u00e4, alun perin monipaikkaisen ja liikkuvan tietoty\u00f6n tarpeisiin kehitetty tilakonsepti, jolla on pyritty ratkaisemaan perinteisten avotoimistojen ongelmia. Muunneltavassa modernissa monitilatoimistossa on tarjolla erilaisiin ty\u00f6teht\u00e4viin soveltuvia tiloja: rauhallisia tiloja keskittymist\u00e4 vaativille t\u00f6ille, hiljaisia vet\u00e4ytymistiloja, asiakastiloja, yhteisty\u00f6h\u00f6n ja neuvotteluihin soveltuvia tiloja sek\u00e4 erilaisia julkisia kohtaamispaikkoja. Tilat ovat usein nime\u00e4m\u00e4tt\u00f6mi\u00e4, jolloin ty\u00f6tiloja varataan p\u00e4ivitt\u00e4isten ty\u00f6teht\u00e4vien mukaan. T\u00e4m\u00e4 n\u00e4ytt\u00e4\u00e4 toimivan silloin, kun tiloja on riitt\u00e4v\u00e4sti ja henkil\u00f6st\u00f6\u00e4 on ty\u00f6matkoilla, et\u00e4ty\u00f6ss\u00e4 tai muuten poissa ty\u00f6paikalta. T\u00e4m\u00e4 on mielentilan muutto \u201dminun huoneesta meid\u00e4n taloon\u201d. Yhteis\u00f6llisyytt\u00e4 korostaviin tiloihin voidaan rakentaa kodinomaisuutta vaikkapa ty\u00f6olohuoneeksi nimetyn yhteistilan tai yhteisten taukoaskareiden ja liikunnan kautta.<\/p>\n\n\n\n<p><strong>Tilamuutos tulisi l\u00e4hte\u00e4 ty\u00f6n ja asiakkaiden tarpeista k\u00e4sin.<\/strong><\/p>\n\n\n\n<p>Erilaisten toimitilavirtausten riskin\u00e4 on konseptien kritiikit\u00f6n kopiointi sellaisiinkin ty\u00f6ymp\u00e4rist\u00f6ihin, joissa jokin muu vaihtoehto olisi sopivampi. Rauhallisia yksil\u00f6ty\u00f6huoneita tarvitaan edelleen, jos ty\u00f6 edellytt\u00e4\u00e4 jatkuvaa keskittymist\u00e4. Vastaavasti yksil\u00f6painotteista vastaanottoty\u00f6t\u00e4 tekev\u00e4ss\u00e4 organisaatiossa on viisainta varmistaa rauhallisten, asiakkaan tietosuojan ja yksityisyyden takaavien tilojen riitt\u00e4vyys. Jatkuvaa asiakasty\u00f6t\u00e4 tekevi\u00e4 ty\u00f6ntekij\u00f6it\u00e4 ei pit\u00e4isi juoksuttaa toimitiloissa kulloinkin vapaana olevaa ty\u00f6tilaa etsim\u00e4ss\u00e4, vaan varata heille nimettyj\u00e4 pysyvi\u00e4 tiloja. K\u00e4yt\u00e4nn\u00f6ss\u00e4 t\u00e4m\u00e4 tarkoittaa sit\u00e4, ett\u00e4 tilaa hallinnoi yksi ty\u00f6ntekij\u00e4 kerrallaan. Jos tilojen k\u00e4ytt\u00f6astetta halutaan nostaa ja k\u00e4ytt\u00f6\u00e4 tehostaa, niin silloin kannattaa harkita ty\u00f6vuorojen porrastamista asiakaskysynn\u00e4n mukaan.<\/p>\n\n\n\n<p>Ty\u00f6tilojen omistaminen ja kunnossapit\u00e4minen on koko ajan kalliimpaa, siksi monilla ty\u00f6paikoilla pyrit\u00e4\u00e4n hillitsem\u00e4\u00e4n tilakustannuksia. Sein\u00e4t maksavat, jolloin niiden kustannuksissa pyrit\u00e4\u00e4n s\u00e4\u00e4st\u00e4m\u00e4\u00e4n. Muuntuvien monitilatoimistojen rakentaminen tulisi kuitenkin l\u00e4hte\u00e4 ensisijaisesti ty\u00f6n tarpeista k\u00e4sin, tulevaisuutta ennakoiden eik\u00e4 ainakaan ensisijaisesti s\u00e4\u00e4st\u00f6syist\u00e4.<\/p>\n\n\n\n<p><strong>Ty\u00f6tilat s\u00e4\u00e4telev\u00e4t hyvinvointia &#8211; hyvinvoiva ty\u00f6yhteis\u00f6 tekee parhaat tulokset.<\/strong><\/p>\n\n\n\n<p>Ty\u00f6tila vaikuttaa suoraan ihmisten terveyteen, hyvinvointiin ja ty\u00f6suoritukseen. Virpi Ruohom\u00e4ki ty\u00f6tovereineen kehitti ty\u00f6tilojen suunnitteluun henkil\u00f6st\u00f6n hyvinvointia edist\u00e4v\u00e4n l\u00e4hestymistavan, joka pohjautuu sosiotekniseen systeemisuunnitteluun, oppivan organisaation teorioihin, positiiviseen ty\u00f6psykologiaan sek\u00e4 ty\u00f6ymp\u00e4rist\u00f6n hyvinvointi- ja ty\u00f6suoritusvaikutusten tutkimuksiin. Hyvinvointia edist\u00e4v\u00e4 ty\u00f6tila on terveellinen, turvallinen ja esteet\u00f6n. Se tukee ty\u00f6prosessien sujuvuutta, on hallittava ja kunnioittaa henkil\u00f6kohtaista tilantarvetta. Hyv\u00e4 ty\u00f6tila antaa mahdollisuuden ty\u00f6rauhaan ja yksityisyyteen ja tarjoaa valinnan mahdollisuuksia. Se edist\u00e4\u00e4 vuorovaikutusta, yhteisty\u00f6t\u00e4 ja yhdess\u00e4 oppimista. K\u00e4ytt\u00e4j\u00e4l\u00e4ht\u00f6inen ja osallistava tilasuunnittelu vastaa parhaiten muuttuvan, hyvinvointia tukevan ty\u00f6n vaatimuksiin.<\/p>\n\n\n\n<p>T\u00e4ss\u00e4 joitakin erityisesti tilojen suunnitteluvaiheeseen liittyvi\u00e4 kysymyksi\u00e4:&nbsp;<\/p>\n\n\n\n<ul class=\"wp-block-list\">\n<li>Miten ty\u00f6n toiminnallinen sujuvuus varmistetaan uusissa tiloissa?<\/li>\n\n\n\n<li>Miten vuorovaikutus, yhteispeli ja yhteisoppiminen rakentuvat?<\/li>\n\n\n\n<li>Miten ty\u00f6rauha varmistetaan?<\/li>\n\n\n\n<li>Ent\u00e4 pitk\u00e4kestoiseen intensiiviseen ty\u00f6h\u00f6n keskittyminen?<\/li>\n\n\n\n<li>Millaisia mahdollisuuksia on yksityisyyteen ja oman tilaan?<\/li>\n\n\n\n<li>Millaisia edellytyksi\u00e4 on luottamuksellisiin asiakastapaamisiin?<\/li>\n\n\n\n<li>Toimiiko ergonomisuus ja esteett\u00f6myys?<\/li>\n<\/ul>\n\n\n\n<p>Sirolan, Ruohom\u00e4en ja Lehtisen v. 2017 julkaistussa tutkimuksessa tarkasteltiin yliopistohenkil\u00f6st\u00f6n kokemuksia uudistuneesta ty\u00f6ymp\u00e4rist\u00f6st\u00e4. Monitilatoimistoon siirtymisen koettiin parantaneen yhteis\u00f6llisyytt\u00e4 ja vuorovaikutusta sek\u00e4 lis\u00e4nneen viihtyisyytt\u00e4 ja tilatehokkuutta. Tulokset vastasivat pitk\u00e4lti aiempia tutkimustuloksia, joissa monitilatoimistojen my\u00f6nteisin\u00e4 puolina on tunnistettu tiedonkulun ja vuorovaikutuksen helppous, yhteis\u00f6llisyyden parantuminen sek\u00e4 tilojen mukavuus ja tyylikkyys. Sen sijaan psykologisia ulottuvuuksia arvioitiin kriittisemmin. Keskeinen kehitt\u00e4miskohde oli ty\u00f6rauhan parantaminen kuten monissa aiemmissa tutkimuksissa on osoitettu. Sirolan ym. tutkimukseen osallistuneista kolmannes arvioi tilojen tukevan heikosti yksil\u00f6teht\u00e4vi\u00e4. L\u00e4hes kaksi kolmannesta vastaajista arvioi, ett\u00e4 siirtyminen rauhallisempaan paikkaan ty\u00f6skentelem\u00e4\u00e4n ei ollut helppoa. Keskittymisen h\u00e4iri\u00f6tekij\u00f6in\u00e4 olivat riitt\u00e4m\u00e4t\u00f6n \u00e4\u00e4nieristys vet\u00e4ytymistiloissa, puhe\u00e4\u00e4net l\u00e4heisiss\u00e4 ty\u00f6pisteiss\u00e4 ja n\u00e4k\u00f6kent\u00e4n liikehavainnot. Tilaratkaisuja suunniteltaessa on em. tutkimukseen mukaan kiinnitett\u00e4v\u00e4 erityist\u00e4 huomiota ty\u00f6rauhaa lis\u00e4\u00e4viin tekij\u00f6ihin, joilla voidaan tukea ty\u00f6suoritusta ja jaksamista sek\u00e4 v\u00e4ltt\u00e4\u00e4 avoimissa tiloissa mahdollisesti herkemmin syntyvi\u00e4 konflikteja.<\/p>\n\n\n\n<p>Sirolan ym. tutkimuksen tulokset vahvistivat aiempia tutkimustuloksia, joiden mukaan avoin ty\u00f6ymp\u00e4rist\u00f6 vet\u00e4ytymistiloineen ei tukenut keskittymist\u00e4 vaativaa akateemista ty\u00f6t\u00e4 yht\u00e4 hyvin kuin huoneratkaisu, josta oli p\u00e4\u00e4sy yhteisiin vuorovaikutuksellisiin tiloihin. Tulosten perusteella my\u00f6s yksil\u00f6ty\u00f6huoneiden mahdollisuutta osana uudenlaisia monitilaratkaisuja tulisi harkita intensiivist\u00e4 ja pitk\u00e4j\u00e4nteist\u00e4 keskittymist\u00e4 vaativissa ty\u00f6teht\u00e4viss\u00e4. Tutkijoiden mukaan tulos saattoi heijastaa neuvottelu- ja vet\u00e4ytymistilojen riitt\u00e4vyyteen ja saavutettavuuteen sek\u00e4 niiden \u00e4\u00e4nieristykseen liittyviin puutteisiin kohdistettua kritiikki\u00e4.<\/p>\n\n\n\n<p>Merkitt\u00e4v\u00e4 osa vastaajista koki my\u00f6s, ettei tilojen toimivuutta parannettu henkil\u00f6st\u00f6lt\u00e4 saadun palautteen mukaisesti. My\u00f6s useiden muiden tutkijoiden mukaan on yleist\u00e4, ett\u00e4 ty\u00f6ymp\u00e4rist\u00f6n kehitt\u00e4misprosessi p\u00e4\u00e4tet\u00e4\u00e4n liian aikaisin heti k\u00e4ytt\u00e4jien muutettua uusiin ty\u00f6tiloihin. Tilojen alkuvaiheen k\u00e4ytt\u00f6kokemusta voitaisiin hy\u00f6dynt\u00e4\u00e4 tilojen kehitt\u00e4miseksi ja siten v\u00e4ltt\u00e4\u00e4 hankalasti korjattavia valuvikoja. Monitilatoimisto ei yksist\u00e4\u00e4n paranna ty\u00f6n sujumista. Lis\u00e4ksi tarvitaan tilavalintojen vapautta tukevaa tietoteknologiaa. My\u00f6s ty\u00f6n tekemisen tapoja on uusittava, sill\u00e4 aiemmin omissa huoneissa toimivia ty\u00f6tapoja ei sellaisinaan siirt\u00e4\u00e4 monitilatoimistoon. Ty\u00f6tapojen uusintaminen onkin yhteis\u00f6llisiin suhtautumistapoihin sek\u00e4 yksil\u00f6n mielentiloihin ja tunteisiin syv\u00e4lle ulottuva prosessi, jolle on annettava riitt\u00e4v\u00e4sti aikaa. Tarvitaan paljon vuoropuhelua yhteisty\u00f6n ja toiminnan organisoitumisesta uusissa tiloissa. &nbsp;Uuden ty\u00f6kulttuurin t\u00e4rkeit\u00e4 tekij\u00f6it\u00e4 ovat lis\u00e4ksi osallistava, my\u00f6s muuttop\u00e4iv\u00e4n j\u00e4lkeen jatkuva tila- ja k\u00e4ytt\u00f6suunnittelu ja yhteisesti sovitut pelis\u00e4\u00e4nn\u00f6t, jotka ohjaavat toimimaan uusissa tiloissa. &nbsp;<\/p>\n\n\n\n<p><a href=\"https:\/\/www.linkedin.com\/in\/pauli-kallio-b816615\/?originalSubdomain=fi\">Pauli Kallio<\/a><\/p>\n\n\n\n<p>Ty\u00f6n ja organisaatioiden erikoispsykologi, PsT<\/p>\n\n\n\n<p>It\u00e4- Suomen yliopisto, Koulutus- ja kehitt\u00e4mispalvelu Aducate<\/p>\n\n\n\n<p>L\u00e4hteit\u00e4 &amp; luettavaa:<\/p>\n\n\n\n<p>Bakke, J.W. (2007) <em>A Nordic guide to workplace design (DEKAR). <\/em>Oslo, Nordic Innovation Center. <a href=\"http:\/\/norden.diva-portal.org\/smash\/get\/diva2:707118\/FULLTEXT01.pdf\">http:\/\/norden.diva-portal.org\/smash\/get\/diva2:707118\/FULLTEXT01.pdf<\/a>. Luettu 6.3.2020.<\/p>\n\n\n\n<p>Haapam\u00e4ki, J., Hietanen, P., Mikkonen, V., Nenonen, S\u2026. Vuorela, M. (2011). <em>K\u00e4ytt\u00e4j\u00e4l\u00e4ht\u00f6iset tilat. uutta ajattelua tilojen suunnitteluun. <\/em>Helsinki: Tekesin julkaisu 12\/2011.<\/p>\n\n\n\n<p>Ruohom\u00e4ki, V., Lahtinen, M., Joutsiniemi, A., Tuominen, P. &amp; Airaksinen, M. (2015b). Human &amp; Green toimintamalli sis\u00e4ymp\u00e4rist\u00f6jen kehitt\u00e4miseen. <em>SIY-raportti, 33 <\/em>(s- 155-160). Aalto yliopisto ja Sis\u00e4ilmayhdistys.<\/p>\n\n\n\n<p>Sirola, P., Ruohom\u00e4ki, V. &amp; Lahtinen, M. (2017) Yliopiston henkil\u00f6st\u00f6n ty\u00f6n sis\u00e4ll\u00f6t ja kokemukset uudistuneesta ty\u00f6ymp\u00e4rist\u00f6st\u00e4. Psykologia 52 (01) 2017.<\/p>\n","protected":false},"excerpt":{"rendered":"<p>It\u00e4-Suomen yliopiston koulutus- ja kehitt\u00e4mispalvelu Aducate muutti uusiin monitoimitiloihin l\u00e4hes vuosi sitten, joten on sopiva hetki tuumailla muutokseen liittyvi\u00e4 kokemuksia ja havaintoja. Tavaroiden muuton j\u00e4lkeen on ollut vuorossa oman ty\u00f6n ja yhteispelin muotoileminen uusiin tiloihin. Olemme hakeneet itselle sopivaa yksil\u00f6llist\u00e4 ty\u00f6skentelytapaa uudessa ymp\u00e4rist\u00f6ss\u00e4, min\u00e4kin ajattelin kokeilevani jokaista mahdollista ty\u00f6pistett\u00e4 puolen vuoden sis\u00e4ll\u00e4. Huomasin kuitenkin sen [&hellip;]<\/p>\n","protected":false},"author":1,"featured_media":0,"comment_status":"open","ping_status":"open","sticky":false,"template":"","format":"standard","meta":{"_acf_changed":false,"footnotes":""},"categories":[14],"tags":[],"class_list":["post-2479","post","type-post","status-publish","format-standard","hentry","category-muut-kirjoitukset"],"acf":[],"yoast_head":"<!-- This site is optimized with the Yoast SEO plugin v27.3 - https:\/\/yoast.com\/product\/yoast-seo-wordpress\/ -->\n<title>Monitilaty\u00f6ymp\u00e4rist\u00f6\u00f6n muuttaminen merkitsee my\u00f6s mielentilan muutosta. - Jatkuva oppiminen<\/title>\n<meta name=\"robots\" content=\"index, follow, max-snippet:-1, max-image-preview:large, max-video-preview:-1\" \/>\n<link rel=\"canonical\" href=\"https:\/\/blogs.uef.fi\/jatkuvaoppiminen\/2020\/03\/13\/monitilatyoymparistoon-muuttaminen-merkitsee-myos-mielentilan-muutosta\/\" \/>\n<meta property=\"og:locale\" content=\"fi_FI\" \/>\n<meta property=\"og:type\" content=\"article\" \/>\n<meta property=\"og:title\" content=\"Monitilaty\u00f6ymp\u00e4rist\u00f6\u00f6n muuttaminen merkitsee my\u00f6s mielentilan muutosta. - Jatkuva oppiminen\" \/>\n<meta property=\"og:description\" content=\"It\u00e4-Suomen yliopiston koulutus- ja kehitt\u00e4mispalvelu Aducate muutti uusiin monitoimitiloihin l\u00e4hes vuosi sitten, joten on sopiva hetki tuumailla muutokseen liittyvi\u00e4 kokemuksia ja havaintoja. Tavaroiden muuton j\u00e4lkeen on ollut vuorossa oman ty\u00f6n ja yhteispelin muotoileminen uusiin tiloihin. Olemme hakeneet itselle sopivaa yksil\u00f6llist\u00e4 ty\u00f6skentelytapaa uudessa ymp\u00e4rist\u00f6ss\u00e4, min\u00e4kin ajattelin kokeilevani jokaista mahdollista ty\u00f6pistett\u00e4 puolen vuoden sis\u00e4ll\u00e4. Huomasin kuitenkin sen [&hellip;]\" \/>\n<meta property=\"og:url\" content=\"https:\/\/blogs.uef.fi\/jatkuvaoppiminen\/2020\/03\/13\/monitilatyoymparistoon-muuttaminen-merkitsee-myos-mielentilan-muutosta\/\" \/>\n<meta property=\"og:site_name\" content=\"Jatkuva oppiminen\" \/>\n<meta property=\"article:published_time\" content=\"2020-03-13T07:43:25+00:00\" \/>\n<meta property=\"article:modified_time\" content=\"2025-07-09T07:48:15+00:00\" \/>\n<meta property=\"og:image\" content=\"https:\/\/blogs.uef.fi\/jatkuvaoppiminen\/wp-content\/uploads\/sites\/160\/2020\/03\/aducate_sisaan.jpg\" \/>\n\t<meta property=\"og:image:width\" content=\"2016\" \/>\n\t<meta property=\"og:image:height\" content=\"1512\" \/>\n\t<meta property=\"og:image:type\" content=\"image\/jpeg\" \/>\n<meta name=\"author\" content=\"uef-admin\" \/>\n<meta name=\"twitter:card\" content=\"summary_large_image\" \/>\n<meta name=\"twitter:label1\" content=\"Kirjoittanut\" \/>\n\t<meta name=\"twitter:data1\" content=\"uef-admin\" \/>\n\t<meta name=\"twitter:label2\" content=\"Arvioitu lukuaika\" \/>\n\t<meta name=\"twitter:data2\" content=\"8 minuuttia\" \/>\n<script type=\"application\/ld+json\" class=\"yoast-schema-graph\">{\"@context\":\"https:\\\/\\\/schema.org\",\"@graph\":[{\"@type\":\"Article\",\"@id\":\"https:\\\/\\\/blogs.uef.fi\\\/jatkuvaoppiminen\\\/2020\\\/03\\\/13\\\/monitilatyoymparistoon-muuttaminen-merkitsee-myos-mielentilan-muutosta\\\/#article\",\"isPartOf\":{\"@id\":\"https:\\\/\\\/blogs.uef.fi\\\/jatkuvaoppiminen\\\/2020\\\/03\\\/13\\\/monitilatyoymparistoon-muuttaminen-merkitsee-myos-mielentilan-muutosta\\\/\"},\"author\":{\"name\":\"uef-admin\",\"@id\":\"https:\\\/\\\/blogs.uef.fi\\\/jatkuvaoppiminen\\\/#\\\/schema\\\/person\\\/68b9405b92c78017eecd7b0679c34075\"},\"headline\":\"Monitilaty\u00f6ymp\u00e4rist\u00f6\u00f6n muuttaminen merkitsee my\u00f6s mielentilan muutosta.\",\"datePublished\":\"2020-03-13T07:43:25+00:00\",\"dateModified\":\"2025-07-09T07:48:15+00:00\",\"mainEntityOfPage\":{\"@id\":\"https:\\\/\\\/blogs.uef.fi\\\/jatkuvaoppiminen\\\/2020\\\/03\\\/13\\\/monitilatyoymparistoon-muuttaminen-merkitsee-myos-mielentilan-muutosta\\\/\"},\"wordCount\":1474,\"commentCount\":0,\"image\":{\"@id\":\"https:\\\/\\\/blogs.uef.fi\\\/jatkuvaoppiminen\\\/2020\\\/03\\\/13\\\/monitilatyoymparistoon-muuttaminen-merkitsee-myos-mielentilan-muutosta\\\/#primaryimage\"},\"thumbnailUrl\":\"https:\\\/\\\/blogs.uef.fi\\\/jatkuvaoppiminen\\\/wp-content\\\/uploads\\\/sites\\\/160\\\/2020\\\/03\\\/aducate_sisaan.jpg?w=1024\",\"articleSection\":[\"Muut kirjoitukset\"],\"inLanguage\":\"fi\",\"potentialAction\":[{\"@type\":\"CommentAction\",\"name\":\"Comment\",\"target\":[\"https:\\\/\\\/blogs.uef.fi\\\/jatkuvaoppiminen\\\/2020\\\/03\\\/13\\\/monitilatyoymparistoon-muuttaminen-merkitsee-myos-mielentilan-muutosta\\\/#respond\"]}]},{\"@type\":\"WebPage\",\"@id\":\"https:\\\/\\\/blogs.uef.fi\\\/jatkuvaoppiminen\\\/2020\\\/03\\\/13\\\/monitilatyoymparistoon-muuttaminen-merkitsee-myos-mielentilan-muutosta\\\/\",\"url\":\"https:\\\/\\\/blogs.uef.fi\\\/jatkuvaoppiminen\\\/2020\\\/03\\\/13\\\/monitilatyoymparistoon-muuttaminen-merkitsee-myos-mielentilan-muutosta\\\/\",\"name\":\"Monitilaty\u00f6ymp\u00e4rist\u00f6\u00f6n muuttaminen merkitsee my\u00f6s mielentilan muutosta. - Jatkuva oppiminen\",\"isPartOf\":{\"@id\":\"https:\\\/\\\/blogs.uef.fi\\\/jatkuvaoppiminen\\\/#website\"},\"primaryImageOfPage\":{\"@id\":\"https:\\\/\\\/blogs.uef.fi\\\/jatkuvaoppiminen\\\/2020\\\/03\\\/13\\\/monitilatyoymparistoon-muuttaminen-merkitsee-myos-mielentilan-muutosta\\\/#primaryimage\"},\"image\":{\"@id\":\"https:\\\/\\\/blogs.uef.fi\\\/jatkuvaoppiminen\\\/2020\\\/03\\\/13\\\/monitilatyoymparistoon-muuttaminen-merkitsee-myos-mielentilan-muutosta\\\/#primaryimage\"},\"thumbnailUrl\":\"https:\\\/\\\/blogs.uef.fi\\\/jatkuvaoppiminen\\\/wp-content\\\/uploads\\\/sites\\\/160\\\/2020\\\/03\\\/aducate_sisaan.jpg?w=1024\",\"datePublished\":\"2020-03-13T07:43:25+00:00\",\"dateModified\":\"2025-07-09T07:48:15+00:00\",\"author\":{\"@id\":\"https:\\\/\\\/blogs.uef.fi\\\/jatkuvaoppiminen\\\/#\\\/schema\\\/person\\\/68b9405b92c78017eecd7b0679c34075\"},\"breadcrumb\":{\"@id\":\"https:\\\/\\\/blogs.uef.fi\\\/jatkuvaoppiminen\\\/2020\\\/03\\\/13\\\/monitilatyoymparistoon-muuttaminen-merkitsee-myos-mielentilan-muutosta\\\/#breadcrumb\"},\"inLanguage\":\"fi\",\"potentialAction\":[{\"@type\":\"ReadAction\",\"target\":[\"https:\\\/\\\/blogs.uef.fi\\\/jatkuvaoppiminen\\\/2020\\\/03\\\/13\\\/monitilatyoymparistoon-muuttaminen-merkitsee-myos-mielentilan-muutosta\\\/\"]}]},{\"@type\":\"ImageObject\",\"inLanguage\":\"fi\",\"@id\":\"https:\\\/\\\/blogs.uef.fi\\\/jatkuvaoppiminen\\\/2020\\\/03\\\/13\\\/monitilatyoymparistoon-muuttaminen-merkitsee-myos-mielentilan-muutosta\\\/#primaryimage\",\"url\":\"https:\\\/\\\/blogs.uef.fi\\\/jatkuvaoppiminen\\\/wp-content\\\/uploads\\\/sites\\\/160\\\/2020\\\/03\\\/aducate_sisaan.jpg\",\"contentUrl\":\"https:\\\/\\\/blogs.uef.fi\\\/jatkuvaoppiminen\\\/wp-content\\\/uploads\\\/sites\\\/160\\\/2020\\\/03\\\/aducate_sisaan.jpg\",\"width\":2016,\"height\":1512},{\"@type\":\"BreadcrumbList\",\"@id\":\"https:\\\/\\\/blogs.uef.fi\\\/jatkuvaoppiminen\\\/2020\\\/03\\\/13\\\/monitilatyoymparistoon-muuttaminen-merkitsee-myos-mielentilan-muutosta\\\/#breadcrumb\",\"itemListElement\":[{\"@type\":\"ListItem\",\"position\":1,\"name\":\"Home\",\"item\":\"https:\\\/\\\/blogs.uef.fi\\\/jatkuvaoppiminen\\\/\"},{\"@type\":\"ListItem\",\"position\":2,\"name\":\"Monitilaty\u00f6ymp\u00e4rist\u00f6\u00f6n muuttaminen merkitsee my\u00f6s mielentilan muutosta.\"}]},{\"@type\":\"WebSite\",\"@id\":\"https:\\\/\\\/blogs.uef.fi\\\/jatkuvaoppiminen\\\/#website\",\"url\":\"https:\\\/\\\/blogs.uef.fi\\\/jatkuvaoppiminen\\\/\",\"name\":\"Jatkuva oppiminen\",\"description\":\"\",\"potentialAction\":[{\"@type\":\"SearchAction\",\"target\":{\"@type\":\"EntryPoint\",\"urlTemplate\":\"https:\\\/\\\/blogs.uef.fi\\\/jatkuvaoppiminen\\\/?s={search_term_string}\"},\"query-input\":{\"@type\":\"PropertyValueSpecification\",\"valueRequired\":true,\"valueName\":\"search_term_string\"}}],\"inLanguage\":\"fi\"},{\"@type\":\"Person\",\"@id\":\"https:\\\/\\\/blogs.uef.fi\\\/jatkuvaoppiminen\\\/#\\\/schema\\\/person\\\/68b9405b92c78017eecd7b0679c34075\",\"name\":\"uef-admin\",\"image\":{\"@type\":\"ImageObject\",\"inLanguage\":\"fi\",\"@id\":\"https:\\\/\\\/secure.gravatar.com\\\/avatar\\\/6c9f5016c320b72333096361e494f2c004505657367d2847a11e96de0655f758?s=96&d=mm&r=g\",\"url\":\"https:\\\/\\\/secure.gravatar.com\\\/avatar\\\/6c9f5016c320b72333096361e494f2c004505657367d2847a11e96de0655f758?s=96&d=mm&r=g\",\"contentUrl\":\"https:\\\/\\\/secure.gravatar.com\\\/avatar\\\/6c9f5016c320b72333096361e494f2c004505657367d2847a11e96de0655f758?s=96&d=mm&r=g\",\"caption\":\"uef-admin\"},\"url\":\"https:\\\/\\\/blogs.uef.fi\\\/jatkuvaoppiminen\\\/author\\\/uef-admin\\\/\"}]}<\/script>\n<!-- \/ Yoast SEO plugin. -->","yoast_head_json":{"title":"Monitilaty\u00f6ymp\u00e4rist\u00f6\u00f6n muuttaminen merkitsee my\u00f6s mielentilan muutosta. - Jatkuva oppiminen","robots":{"index":"index","follow":"follow","max-snippet":"max-snippet:-1","max-image-preview":"max-image-preview:large","max-video-preview":"max-video-preview:-1"},"canonical":"https:\/\/blogs.uef.fi\/jatkuvaoppiminen\/2020\/03\/13\/monitilatyoymparistoon-muuttaminen-merkitsee-myos-mielentilan-muutosta\/","og_locale":"fi_FI","og_type":"article","og_title":"Monitilaty\u00f6ymp\u00e4rist\u00f6\u00f6n muuttaminen merkitsee my\u00f6s mielentilan muutosta. - Jatkuva oppiminen","og_description":"It\u00e4-Suomen yliopiston koulutus- ja kehitt\u00e4mispalvelu Aducate muutti uusiin monitoimitiloihin l\u00e4hes vuosi sitten, joten on sopiva hetki tuumailla muutokseen liittyvi\u00e4 kokemuksia ja havaintoja. Tavaroiden muuton j\u00e4lkeen on ollut vuorossa oman ty\u00f6n ja yhteispelin muotoileminen uusiin tiloihin. Olemme hakeneet itselle sopivaa yksil\u00f6llist\u00e4 ty\u00f6skentelytapaa uudessa ymp\u00e4rist\u00f6ss\u00e4, min\u00e4kin ajattelin kokeilevani jokaista mahdollista ty\u00f6pistett\u00e4 puolen vuoden sis\u00e4ll\u00e4. Huomasin kuitenkin sen [&hellip;]","og_url":"https:\/\/blogs.uef.fi\/jatkuvaoppiminen\/2020\/03\/13\/monitilatyoymparistoon-muuttaminen-merkitsee-myos-mielentilan-muutosta\/","og_site_name":"Jatkuva oppiminen","article_published_time":"2020-03-13T07:43:25+00:00","article_modified_time":"2025-07-09T07:48:15+00:00","og_image":[{"width":2016,"height":1512,"url":"https:\/\/blogs.uef.fi\/jatkuvaoppiminen\/wp-content\/uploads\/sites\/160\/2020\/03\/aducate_sisaan.jpg","type":"image\/jpeg"}],"author":"uef-admin","twitter_card":"summary_large_image","twitter_misc":{"Kirjoittanut":"uef-admin","Arvioitu lukuaika":"8 minuuttia"},"schema":{"@context":"https:\/\/schema.org","@graph":[{"@type":"Article","@id":"https:\/\/blogs.uef.fi\/jatkuvaoppiminen\/2020\/03\/13\/monitilatyoymparistoon-muuttaminen-merkitsee-myos-mielentilan-muutosta\/#article","isPartOf":{"@id":"https:\/\/blogs.uef.fi\/jatkuvaoppiminen\/2020\/03\/13\/monitilatyoymparistoon-muuttaminen-merkitsee-myos-mielentilan-muutosta\/"},"author":{"name":"uef-admin","@id":"https:\/\/blogs.uef.fi\/jatkuvaoppiminen\/#\/schema\/person\/68b9405b92c78017eecd7b0679c34075"},"headline":"Monitilaty\u00f6ymp\u00e4rist\u00f6\u00f6n muuttaminen merkitsee my\u00f6s mielentilan muutosta.","datePublished":"2020-03-13T07:43:25+00:00","dateModified":"2025-07-09T07:48:15+00:00","mainEntityOfPage":{"@id":"https:\/\/blogs.uef.fi\/jatkuvaoppiminen\/2020\/03\/13\/monitilatyoymparistoon-muuttaminen-merkitsee-myos-mielentilan-muutosta\/"},"wordCount":1474,"commentCount":0,"image":{"@id":"https:\/\/blogs.uef.fi\/jatkuvaoppiminen\/2020\/03\/13\/monitilatyoymparistoon-muuttaminen-merkitsee-myos-mielentilan-muutosta\/#primaryimage"},"thumbnailUrl":"https:\/\/blogs.uef.fi\/jatkuvaoppiminen\/wp-content\/uploads\/sites\/160\/2020\/03\/aducate_sisaan.jpg?w=1024","articleSection":["Muut kirjoitukset"],"inLanguage":"fi","potentialAction":[{"@type":"CommentAction","name":"Comment","target":["https:\/\/blogs.uef.fi\/jatkuvaoppiminen\/2020\/03\/13\/monitilatyoymparistoon-muuttaminen-merkitsee-myos-mielentilan-muutosta\/#respond"]}]},{"@type":"WebPage","@id":"https:\/\/blogs.uef.fi\/jatkuvaoppiminen\/2020\/03\/13\/monitilatyoymparistoon-muuttaminen-merkitsee-myos-mielentilan-muutosta\/","url":"https:\/\/blogs.uef.fi\/jatkuvaoppiminen\/2020\/03\/13\/monitilatyoymparistoon-muuttaminen-merkitsee-myos-mielentilan-muutosta\/","name":"Monitilaty\u00f6ymp\u00e4rist\u00f6\u00f6n muuttaminen merkitsee my\u00f6s mielentilan muutosta. - Jatkuva oppiminen","isPartOf":{"@id":"https:\/\/blogs.uef.fi\/jatkuvaoppiminen\/#website"},"primaryImageOfPage":{"@id":"https:\/\/blogs.uef.fi\/jatkuvaoppiminen\/2020\/03\/13\/monitilatyoymparistoon-muuttaminen-merkitsee-myos-mielentilan-muutosta\/#primaryimage"},"image":{"@id":"https:\/\/blogs.uef.fi\/jatkuvaoppiminen\/2020\/03\/13\/monitilatyoymparistoon-muuttaminen-merkitsee-myos-mielentilan-muutosta\/#primaryimage"},"thumbnailUrl":"https:\/\/blogs.uef.fi\/jatkuvaoppiminen\/wp-content\/uploads\/sites\/160\/2020\/03\/aducate_sisaan.jpg?w=1024","datePublished":"2020-03-13T07:43:25+00:00","dateModified":"2025-07-09T07:48:15+00:00","author":{"@id":"https:\/\/blogs.uef.fi\/jatkuvaoppiminen\/#\/schema\/person\/68b9405b92c78017eecd7b0679c34075"},"breadcrumb":{"@id":"https:\/\/blogs.uef.fi\/jatkuvaoppiminen\/2020\/03\/13\/monitilatyoymparistoon-muuttaminen-merkitsee-myos-mielentilan-muutosta\/#breadcrumb"},"inLanguage":"fi","potentialAction":[{"@type":"ReadAction","target":["https:\/\/blogs.uef.fi\/jatkuvaoppiminen\/2020\/03\/13\/monitilatyoymparistoon-muuttaminen-merkitsee-myos-mielentilan-muutosta\/"]}]},{"@type":"ImageObject","inLanguage":"fi","@id":"https:\/\/blogs.uef.fi\/jatkuvaoppiminen\/2020\/03\/13\/monitilatyoymparistoon-muuttaminen-merkitsee-myos-mielentilan-muutosta\/#primaryimage","url":"https:\/\/blogs.uef.fi\/jatkuvaoppiminen\/wp-content\/uploads\/sites\/160\/2020\/03\/aducate_sisaan.jpg","contentUrl":"https:\/\/blogs.uef.fi\/jatkuvaoppiminen\/wp-content\/uploads\/sites\/160\/2020\/03\/aducate_sisaan.jpg","width":2016,"height":1512},{"@type":"BreadcrumbList","@id":"https:\/\/blogs.uef.fi\/jatkuvaoppiminen\/2020\/03\/13\/monitilatyoymparistoon-muuttaminen-merkitsee-myos-mielentilan-muutosta\/#breadcrumb","itemListElement":[{"@type":"ListItem","position":1,"name":"Home","item":"https:\/\/blogs.uef.fi\/jatkuvaoppiminen\/"},{"@type":"ListItem","position":2,"name":"Monitilaty\u00f6ymp\u00e4rist\u00f6\u00f6n muuttaminen merkitsee my\u00f6s mielentilan muutosta."}]},{"@type":"WebSite","@id":"https:\/\/blogs.uef.fi\/jatkuvaoppiminen\/#website","url":"https:\/\/blogs.uef.fi\/jatkuvaoppiminen\/","name":"Jatkuva oppiminen","description":"","potentialAction":[{"@type":"SearchAction","target":{"@type":"EntryPoint","urlTemplate":"https:\/\/blogs.uef.fi\/jatkuvaoppiminen\/?s={search_term_string}"},"query-input":{"@type":"PropertyValueSpecification","valueRequired":true,"valueName":"search_term_string"}}],"inLanguage":"fi"},{"@type":"Person","@id":"https:\/\/blogs.uef.fi\/jatkuvaoppiminen\/#\/schema\/person\/68b9405b92c78017eecd7b0679c34075","name":"uef-admin","image":{"@type":"ImageObject","inLanguage":"fi","@id":"https:\/\/secure.gravatar.com\/avatar\/6c9f5016c320b72333096361e494f2c004505657367d2847a11e96de0655f758?s=96&d=mm&r=g","url":"https:\/\/secure.gravatar.com\/avatar\/6c9f5016c320b72333096361e494f2c004505657367d2847a11e96de0655f758?s=96&d=mm&r=g","contentUrl":"https:\/\/secure.gravatar.com\/avatar\/6c9f5016c320b72333096361e494f2c004505657367d2847a11e96de0655f758?s=96&d=mm&r=g","caption":"uef-admin"},"url":"https:\/\/blogs.uef.fi\/jatkuvaoppiminen\/author\/uef-admin\/"}]}},"_links":{"self":[{"href":"https:\/\/blogs.uef.fi\/jatkuvaoppiminen\/wp-json\/wp\/v2\/posts\/2479","targetHints":{"allow":["GET"]}}],"collection":[{"href":"https:\/\/blogs.uef.fi\/jatkuvaoppiminen\/wp-json\/wp\/v2\/posts"}],"about":[{"href":"https:\/\/blogs.uef.fi\/jatkuvaoppiminen\/wp-json\/wp\/v2\/types\/post"}],"author":[{"embeddable":true,"href":"https:\/\/blogs.uef.fi\/jatkuvaoppiminen\/wp-json\/wp\/v2\/users\/1"}],"replies":[{"embeddable":true,"href":"https:\/\/blogs.uef.fi\/jatkuvaoppiminen\/wp-json\/wp\/v2\/comments?post=2479"}],"version-history":[{"count":1,"href":"https:\/\/blogs.uef.fi\/jatkuvaoppiminen\/wp-json\/wp\/v2\/posts\/2479\/revisions"}],"predecessor-version":[{"id":5726,"href":"https:\/\/blogs.uef.fi\/jatkuvaoppiminen\/wp-json\/wp\/v2\/posts\/2479\/revisions\/5726"}],"wp:attachment":[{"href":"https:\/\/blogs.uef.fi\/jatkuvaoppiminen\/wp-json\/wp\/v2\/media?parent=2479"}],"wp:term":[{"taxonomy":"category","embeddable":true,"href":"https:\/\/blogs.uef.fi\/jatkuvaoppiminen\/wp-json\/wp\/v2\/categories?post=2479"},{"taxonomy":"post_tag","embeddable":true,"href":"https:\/\/blogs.uef.fi\/jatkuvaoppiminen\/wp-json\/wp\/v2\/tags?post=2479"}],"curies":[{"name":"wp","href":"https:\/\/api.w.org\/{rel}","templated":true}]}}