{"id":2411,"date":"2019-10-31T10:54:22","date_gmt":"2019-10-31T10:54:22","guid":{"rendered":"https:\/\/weaducate.wordpress.com\/?p=2411"},"modified":"2025-07-09T09:27:41","modified_gmt":"2025-07-09T07:27:41","slug":"viesteja-rajan-yli","status":"publish","type":"post","link":"https:\/\/blogs.uef.fi\/jatkuvaoppiminen\/2019\/10\/31\/viesteja-rajan-yli\/","title":{"rendered":"Viestej\u00e4 rajan yli"},"content":{"rendered":"\n<p><em>Millaisia suomalaiset ja ven\u00e4l\u00e4iset ovat viestij\u00f6in\u00e4? Millaisia muutoksia \u201ddigiaika\u201d on tuonut rajan ylitt\u00e4v\u00e4\u00e4n yhteydenpitoon? Kumppanuuksien luominen, verkostojen yll\u00e4pito ja viestint\u00e4 ovat aiheita, jotka koskevat kaikkia suomalais-ven\u00e4l\u00e4ist\u00e4 yhteisty\u00f6t\u00e4 tai liiketoimintaa tekevi\u00e4.<\/em><\/p>\n\n\n\n<figure class=\"wp-block-image size-large\"><img decoding=\"async\" src=\"https:\/\/blogs.uef.fi\/jatkuvaoppiminen\/wp-content\/uploads\/sites\/160\/2019\/10\/bar-1-1024x683.jpg\" alt=\"\" class=\"wp-image-2413\" \/><\/figure>\n\n\n\n<p>Viel\u00e4 kymmenen vuotta sitten l\u00e4hes ainoa tapa sopia asioista ven\u00e4l\u00e4isten yhteisty\u00f6kumppaneiden kanssa oli faksi. Ajankohtaiset asiat raapustettiin virallisen liikekirjeen muotoon, joka toimitettiin kumppaniorganisaaton faksinumeroon, unohtamatta joukkoa suuntanumeroita, jotka tekiv\u00e4t numeron naputtelusta melkoisen prosessin. Kopiokoneen vieress\u00e4 seisonut faksikone oli my\u00f6s syyt\u00e4 k\u00e4yd\u00e4 tarkistamassa s\u00e4\u00e4nn\u00f6llisin v\u00e4liajoin silt\u00e4 varalta, ett\u00e4 partnereilla olisi ollut t\u00e4rke\u00e4\u00e4 asiaa sinulle.<\/p>\n\n\n\n<p>Silloin t\u00e4ll\u00f6in tarpeen oli tarttua my\u00f6s puhelimeen. Koska numero oli sama kuin faksilla, saattoi k\u00e4yd\u00e4 niin, ettei vastaanottaja ulkomaan numeron n\u00e4hdess\u00e4\u00e4n hoksannut, ett\u00e4 t\u00e4ll\u00e4 kertaa olisikin puhelu tulossa, vaan soittaja saattoi ohjautua kuuntelemaan korvia vihlovaa ulinaa. Sitke\u00e4ll\u00e4 yritt\u00e4misell\u00e4 oli kuitenkin mahdollista saada langan p\u00e4\u00e4h\u00e4n sihteeri, joka sitten k\u00e4vi hakemassa tavoitellun henkil\u00f6n puhelimeen, tai avusti sopivamman soittoajan valinnassa.<\/p>\n\n\n\n<p>Kun s\u00e4hk\u00f6postit rajan takana yleistyiv\u00e4t, niihin tuli kirjoittaa viestit hyvin muodollisesti. Vastaanottajan nimitietojen lis\u00e4\u00e4minen joko otsikkoon tai viestikentt\u00e4\u00e4n oli \u00e4\u00e4rimm\u00e4isen t\u00e4rke\u00e4\u00e4, sill\u00e4 ven\u00e4l\u00e4isill\u00e4 oli yleens\u00e4 k\u00e4yt\u00f6ss\u00e4 koko organisaation yhteinen keskitetty s\u00e4hk\u00f6postiosoite, josta viestit v\u00e4litettiin oikeille tahoille. Pitk\u00e4\u00e4n s\u00e4hk\u00f6postiviestint\u00e4 rajoittuikin seuraavan soittoajan sopimiseen tai korkeintaan kokousp\u00f6yt\u00e4kirjojen toimittamiseen.<\/p>\n\n\n\n<p>V\u00e4hitellen my\u00f6s henkil\u00f6kohtaiset s\u00e4hk\u00f6postiosoitteet lis\u00e4\u00e4ntyiv\u00e4t, mutta samanlaista ty\u00f6paikkaan sidottua osoitej\u00e4rjestelm\u00e4\u00e4 kuin Suomessa ei ainakaan j\u00e4rjestelm\u00e4llisesti noudateta viel\u00e4k\u00e4\u00e4n. T\u00e4ll\u00f6in saattaa p\u00e4\u00e4ty\u00e4 keskustelemaan tieteellisest\u00e4 artikkelista esimerkiksi osoitteen \u201dtarvitsenlomankyproksella(\u00e4t)hotmail.com\u201d-osoitteen haltijan kanssa.<\/p>\n\n\n\n<p>Oma lukunsa ovat videoneuvottelulaitteistot, joiden hankinta ilmestyi jossain vaiheessa osaksi jokaista yhteist\u00e4 hankehakemusta. Jos rahat laitteistoon my\u00f6nnettiin, p\u00e4\u00e4stiin 1-2 kertaa vuodessa istumaan juhlallisesti kokoushuoneessa, kun yhteydenotto kumppaneihin suoritettiin. P\u00e4ivitt\u00e4isasiat hoidettiin edelleen puhelimella.<\/p>\n\n\n\n<p>Ent\u00e4p\u00e4 nyt? Yhteydenpitoa ja tiedonvaihtoa helpottavat sek\u00e4 suomalaisissa ett\u00e4 ven\u00e4l\u00e4isiss\u00e4 toimistoissa uudet pikaviestiv\u00e4lineet ja -sovellukset, kuten Skype ja Microsoft Teams. Omien kokemusteni perusteella yhteydenpito ven\u00e4l\u00e4isten kumppaneiden kanssa onkin muuttunut suoremmaksi, nopeammaksi ja ep\u00e4muodollisemmaksi. Viel\u00e4 kun suomalaisena muistaisi ainakin ensimm\u00e4iset 5 minuuttia videopuhelusta k\u00e4ytt\u00e4\u00e4 kuulumisten vaihtoon eik\u00e4 menn\u00e4 suoraan asiaan!<\/p>\n\n\n\n<p><em>Lis\u00e4\u00e4 nykyajan suomalais-ven\u00e4l\u00e4isest\u00e4 viestinn\u00e4st\u00e4 ja verkostoista on mahdollisuus kuulla Speak Business -hankkeen j\u00e4rjest\u00e4m\u00e4ss\u00e4 avoimessa seminaarissa <strong>Networking in digitalized era \u2013 prospects of Finnish-Russian cooperation<\/strong> 14.11.2019. Ohjelma ja ilmoittautuminen: <\/em><a href=\"http:\/\/www.uef.fi\/fi\/web\/aducate\/-\/networking-in-digitalized-era\">http:\/\/www.uef.fi\/fi\/web\/aducate\/-\/networking-in-digitalized-era<\/a> Tervetuloa!<\/p>\n\n\n\n<p>Sonja Kortelainen<\/p>\n\n\n\n<p>Kirjoittaja on Aducaten Ven\u00e4j\u00e4-yhteisty\u00f6h\u00f6n erikoistunut suunnittelija ja Karelia CBC-hankkeen <a href=\"https:\/\/www.uef.fi\/fi\/web\/aducate\/speakbusiness\" target=\"_blank\" rel=\"noreferrer noopener\">Speak Business<\/a> koordinaattori.<\/p>\n","protected":false},"excerpt":{"rendered":"<p>Millaisia suomalaiset ja ven\u00e4l\u00e4iset ovat viestij\u00f6in\u00e4? Millaisia muutoksia \u201ddigiaika\u201d on tuonut rajan ylitt\u00e4v\u00e4\u00e4n yhteydenpitoon? Kumppanuuksien luominen, verkostojen yll\u00e4pito ja viestint\u00e4 ovat aiheita, jotka koskevat kaikkia suomalais-ven\u00e4l\u00e4ist\u00e4 yhteisty\u00f6t\u00e4 tai liiketoimintaa tekevi\u00e4. Viel\u00e4 kymmenen vuotta sitten l\u00e4hes ainoa tapa sopia asioista ven\u00e4l\u00e4isten yhteisty\u00f6kumppaneiden kanssa oli faksi. Ajankohtaiset asiat raapustettiin virallisen liikekirjeen muotoon, joka toimitettiin kumppaniorganisaaton faksinumeroon, unohtamatta [&hellip;]<\/p>\n","protected":false},"author":1,"featured_media":0,"comment_status":"open","ping_status":"open","sticky":false,"template":"","format":"standard","meta":{"_acf_changed":false,"footnotes":""},"categories":[8,14,29,38],"tags":[],"class_list":["post-2411","post","type-post","status-publish","format-standard","hentry","category-kansainvalisyys-ja-kulttuurit","category-muut-kirjoitukset","category-tyoelama","category-viestinta"],"acf":[],"yoast_head":"<!-- This site is optimized with the Yoast SEO plugin v27.3 - https:\/\/yoast.com\/product\/yoast-seo-wordpress\/ -->\n<title>Viestej\u00e4 rajan yli - Jatkuva oppiminen<\/title>\n<meta name=\"robots\" content=\"index, follow, max-snippet:-1, max-image-preview:large, max-video-preview:-1\" \/>\n<link rel=\"canonical\" href=\"https:\/\/blogs.uef.fi\/jatkuvaoppiminen\/2019\/10\/31\/viesteja-rajan-yli\/\" \/>\n<meta property=\"og:locale\" content=\"fi_FI\" \/>\n<meta property=\"og:type\" content=\"article\" \/>\n<meta property=\"og:title\" content=\"Viestej\u00e4 rajan yli - Jatkuva oppiminen\" \/>\n<meta property=\"og:description\" content=\"Millaisia suomalaiset ja ven\u00e4l\u00e4iset ovat viestij\u00f6in\u00e4? Millaisia muutoksia \u201ddigiaika\u201d on tuonut rajan ylitt\u00e4v\u00e4\u00e4n yhteydenpitoon? Kumppanuuksien luominen, verkostojen yll\u00e4pito ja viestint\u00e4 ovat aiheita, jotka koskevat kaikkia suomalais-ven\u00e4l\u00e4ist\u00e4 yhteisty\u00f6t\u00e4 tai liiketoimintaa tekevi\u00e4. Viel\u00e4 kymmenen vuotta sitten l\u00e4hes ainoa tapa sopia asioista ven\u00e4l\u00e4isten yhteisty\u00f6kumppaneiden kanssa oli faksi. Ajankohtaiset asiat raapustettiin virallisen liikekirjeen muotoon, joka toimitettiin kumppaniorganisaaton faksinumeroon, unohtamatta [&hellip;]\" \/>\n<meta property=\"og:url\" content=\"https:\/\/blogs.uef.fi\/jatkuvaoppiminen\/2019\/10\/31\/viesteja-rajan-yli\/\" \/>\n<meta property=\"og:site_name\" content=\"Jatkuva oppiminen\" \/>\n<meta property=\"article:published_time\" content=\"2019-10-31T10:54:22+00:00\" \/>\n<meta property=\"article:modified_time\" content=\"2025-07-09T07:27:41+00:00\" \/>\n<meta name=\"author\" content=\"uef-admin\" \/>\n<meta name=\"twitter:card\" content=\"summary_large_image\" \/>\n<meta name=\"twitter:label1\" content=\"Kirjoittanut\" \/>\n\t<meta name=\"twitter:data1\" content=\"uef-admin\" \/>\n\t<meta name=\"twitter:label2\" content=\"Arvioitu lukuaika\" \/>\n\t<meta name=\"twitter:data2\" content=\"3 minuuttia\" \/>\n<script type=\"application\/ld+json\" class=\"yoast-schema-graph\">{\"@context\":\"https:\\\/\\\/schema.org\",\"@graph\":[{\"@type\":\"Article\",\"@id\":\"https:\\\/\\\/blogs.uef.fi\\\/jatkuvaoppiminen\\\/2019\\\/10\\\/31\\\/viesteja-rajan-yli\\\/#article\",\"isPartOf\":{\"@id\":\"https:\\\/\\\/blogs.uef.fi\\\/jatkuvaoppiminen\\\/2019\\\/10\\\/31\\\/viesteja-rajan-yli\\\/\"},\"author\":{\"name\":\"uef-admin\",\"@id\":\"https:\\\/\\\/blogs.uef.fi\\\/jatkuvaoppiminen\\\/#\\\/schema\\\/person\\\/68b9405b92c78017eecd7b0679c34075\"},\"headline\":\"Viestej\u00e4 rajan yli\",\"datePublished\":\"2019-10-31T10:54:22+00:00\",\"dateModified\":\"2025-07-09T07:27:41+00:00\",\"mainEntityOfPage\":{\"@id\":\"https:\\\/\\\/blogs.uef.fi\\\/jatkuvaoppiminen\\\/2019\\\/10\\\/31\\\/viesteja-rajan-yli\\\/\"},\"wordCount\":442,\"commentCount\":0,\"image\":{\"@id\":\"https:\\\/\\\/blogs.uef.fi\\\/jatkuvaoppiminen\\\/2019\\\/10\\\/31\\\/viesteja-rajan-yli\\\/#primaryimage\"},\"thumbnailUrl\":\"https:\\\/\\\/blogs.uef.fi\\\/jatkuvaoppiminen\\\/wp-content\\\/uploads\\\/sites\\\/160\\\/2019\\\/10\\\/bar-1-1024x683.jpg\",\"articleSection\":[\"Kansainv\u00e4lisyys ja kulttuurit\",\"Muut kirjoitukset\",\"Ty\u00f6el\u00e4m\u00e4\",\"Viestint\u00e4\"],\"inLanguage\":\"fi\",\"potentialAction\":[{\"@type\":\"CommentAction\",\"name\":\"Comment\",\"target\":[\"https:\\\/\\\/blogs.uef.fi\\\/jatkuvaoppiminen\\\/2019\\\/10\\\/31\\\/viesteja-rajan-yli\\\/#respond\"]}]},{\"@type\":\"WebPage\",\"@id\":\"https:\\\/\\\/blogs.uef.fi\\\/jatkuvaoppiminen\\\/2019\\\/10\\\/31\\\/viesteja-rajan-yli\\\/\",\"url\":\"https:\\\/\\\/blogs.uef.fi\\\/jatkuvaoppiminen\\\/2019\\\/10\\\/31\\\/viesteja-rajan-yli\\\/\",\"name\":\"Viestej\u00e4 rajan yli - Jatkuva oppiminen\",\"isPartOf\":{\"@id\":\"https:\\\/\\\/blogs.uef.fi\\\/jatkuvaoppiminen\\\/#website\"},\"primaryImageOfPage\":{\"@id\":\"https:\\\/\\\/blogs.uef.fi\\\/jatkuvaoppiminen\\\/2019\\\/10\\\/31\\\/viesteja-rajan-yli\\\/#primaryimage\"},\"image\":{\"@id\":\"https:\\\/\\\/blogs.uef.fi\\\/jatkuvaoppiminen\\\/2019\\\/10\\\/31\\\/viesteja-rajan-yli\\\/#primaryimage\"},\"thumbnailUrl\":\"https:\\\/\\\/blogs.uef.fi\\\/jatkuvaoppiminen\\\/wp-content\\\/uploads\\\/sites\\\/160\\\/2019\\\/10\\\/bar-1-1024x683.jpg\",\"datePublished\":\"2019-10-31T10:54:22+00:00\",\"dateModified\":\"2025-07-09T07:27:41+00:00\",\"author\":{\"@id\":\"https:\\\/\\\/blogs.uef.fi\\\/jatkuvaoppiminen\\\/#\\\/schema\\\/person\\\/68b9405b92c78017eecd7b0679c34075\"},\"breadcrumb\":{\"@id\":\"https:\\\/\\\/blogs.uef.fi\\\/jatkuvaoppiminen\\\/2019\\\/10\\\/31\\\/viesteja-rajan-yli\\\/#breadcrumb\"},\"inLanguage\":\"fi\",\"potentialAction\":[{\"@type\":\"ReadAction\",\"target\":[\"https:\\\/\\\/blogs.uef.fi\\\/jatkuvaoppiminen\\\/2019\\\/10\\\/31\\\/viesteja-rajan-yli\\\/\"]}]},{\"@type\":\"ImageObject\",\"inLanguage\":\"fi\",\"@id\":\"https:\\\/\\\/blogs.uef.fi\\\/jatkuvaoppiminen\\\/2019\\\/10\\\/31\\\/viesteja-rajan-yli\\\/#primaryimage\",\"url\":\"\",\"contentUrl\":\"\"},{\"@type\":\"BreadcrumbList\",\"@id\":\"https:\\\/\\\/blogs.uef.fi\\\/jatkuvaoppiminen\\\/2019\\\/10\\\/31\\\/viesteja-rajan-yli\\\/#breadcrumb\",\"itemListElement\":[{\"@type\":\"ListItem\",\"position\":1,\"name\":\"Home\",\"item\":\"https:\\\/\\\/blogs.uef.fi\\\/jatkuvaoppiminen\\\/\"},{\"@type\":\"ListItem\",\"position\":2,\"name\":\"Viestej\u00e4 rajan yli\"}]},{\"@type\":\"WebSite\",\"@id\":\"https:\\\/\\\/blogs.uef.fi\\\/jatkuvaoppiminen\\\/#website\",\"url\":\"https:\\\/\\\/blogs.uef.fi\\\/jatkuvaoppiminen\\\/\",\"name\":\"Jatkuva oppiminen\",\"description\":\"\",\"potentialAction\":[{\"@type\":\"SearchAction\",\"target\":{\"@type\":\"EntryPoint\",\"urlTemplate\":\"https:\\\/\\\/blogs.uef.fi\\\/jatkuvaoppiminen\\\/?s={search_term_string}\"},\"query-input\":{\"@type\":\"PropertyValueSpecification\",\"valueRequired\":true,\"valueName\":\"search_term_string\"}}],\"inLanguage\":\"fi\"},{\"@type\":\"Person\",\"@id\":\"https:\\\/\\\/blogs.uef.fi\\\/jatkuvaoppiminen\\\/#\\\/schema\\\/person\\\/68b9405b92c78017eecd7b0679c34075\",\"name\":\"uef-admin\",\"image\":{\"@type\":\"ImageObject\",\"inLanguage\":\"fi\",\"@id\":\"https:\\\/\\\/secure.gravatar.com\\\/avatar\\\/6c9f5016c320b72333096361e494f2c004505657367d2847a11e96de0655f758?s=96&d=mm&r=g\",\"url\":\"https:\\\/\\\/secure.gravatar.com\\\/avatar\\\/6c9f5016c320b72333096361e494f2c004505657367d2847a11e96de0655f758?s=96&d=mm&r=g\",\"contentUrl\":\"https:\\\/\\\/secure.gravatar.com\\\/avatar\\\/6c9f5016c320b72333096361e494f2c004505657367d2847a11e96de0655f758?s=96&d=mm&r=g\",\"caption\":\"uef-admin\"},\"url\":\"https:\\\/\\\/blogs.uef.fi\\\/jatkuvaoppiminen\\\/author\\\/uef-admin\\\/\"}]}<\/script>\n<!-- \/ Yoast SEO plugin. -->","yoast_head_json":{"title":"Viestej\u00e4 rajan yli - Jatkuva oppiminen","robots":{"index":"index","follow":"follow","max-snippet":"max-snippet:-1","max-image-preview":"max-image-preview:large","max-video-preview":"max-video-preview:-1"},"canonical":"https:\/\/blogs.uef.fi\/jatkuvaoppiminen\/2019\/10\/31\/viesteja-rajan-yli\/","og_locale":"fi_FI","og_type":"article","og_title":"Viestej\u00e4 rajan yli - Jatkuva oppiminen","og_description":"Millaisia suomalaiset ja ven\u00e4l\u00e4iset ovat viestij\u00f6in\u00e4? Millaisia muutoksia \u201ddigiaika\u201d on tuonut rajan ylitt\u00e4v\u00e4\u00e4n yhteydenpitoon? Kumppanuuksien luominen, verkostojen yll\u00e4pito ja viestint\u00e4 ovat aiheita, jotka koskevat kaikkia suomalais-ven\u00e4l\u00e4ist\u00e4 yhteisty\u00f6t\u00e4 tai liiketoimintaa tekevi\u00e4. Viel\u00e4 kymmenen vuotta sitten l\u00e4hes ainoa tapa sopia asioista ven\u00e4l\u00e4isten yhteisty\u00f6kumppaneiden kanssa oli faksi. Ajankohtaiset asiat raapustettiin virallisen liikekirjeen muotoon, joka toimitettiin kumppaniorganisaaton faksinumeroon, unohtamatta [&hellip;]","og_url":"https:\/\/blogs.uef.fi\/jatkuvaoppiminen\/2019\/10\/31\/viesteja-rajan-yli\/","og_site_name":"Jatkuva oppiminen","article_published_time":"2019-10-31T10:54:22+00:00","article_modified_time":"2025-07-09T07:27:41+00:00","author":"uef-admin","twitter_card":"summary_large_image","twitter_misc":{"Kirjoittanut":"uef-admin","Arvioitu lukuaika":"3 minuuttia"},"schema":{"@context":"https:\/\/schema.org","@graph":[{"@type":"Article","@id":"https:\/\/blogs.uef.fi\/jatkuvaoppiminen\/2019\/10\/31\/viesteja-rajan-yli\/#article","isPartOf":{"@id":"https:\/\/blogs.uef.fi\/jatkuvaoppiminen\/2019\/10\/31\/viesteja-rajan-yli\/"},"author":{"name":"uef-admin","@id":"https:\/\/blogs.uef.fi\/jatkuvaoppiminen\/#\/schema\/person\/68b9405b92c78017eecd7b0679c34075"},"headline":"Viestej\u00e4 rajan yli","datePublished":"2019-10-31T10:54:22+00:00","dateModified":"2025-07-09T07:27:41+00:00","mainEntityOfPage":{"@id":"https:\/\/blogs.uef.fi\/jatkuvaoppiminen\/2019\/10\/31\/viesteja-rajan-yli\/"},"wordCount":442,"commentCount":0,"image":{"@id":"https:\/\/blogs.uef.fi\/jatkuvaoppiminen\/2019\/10\/31\/viesteja-rajan-yli\/#primaryimage"},"thumbnailUrl":"https:\/\/blogs.uef.fi\/jatkuvaoppiminen\/wp-content\/uploads\/sites\/160\/2019\/10\/bar-1-1024x683.jpg","articleSection":["Kansainv\u00e4lisyys ja kulttuurit","Muut kirjoitukset","Ty\u00f6el\u00e4m\u00e4","Viestint\u00e4"],"inLanguage":"fi","potentialAction":[{"@type":"CommentAction","name":"Comment","target":["https:\/\/blogs.uef.fi\/jatkuvaoppiminen\/2019\/10\/31\/viesteja-rajan-yli\/#respond"]}]},{"@type":"WebPage","@id":"https:\/\/blogs.uef.fi\/jatkuvaoppiminen\/2019\/10\/31\/viesteja-rajan-yli\/","url":"https:\/\/blogs.uef.fi\/jatkuvaoppiminen\/2019\/10\/31\/viesteja-rajan-yli\/","name":"Viestej\u00e4 rajan yli - Jatkuva oppiminen","isPartOf":{"@id":"https:\/\/blogs.uef.fi\/jatkuvaoppiminen\/#website"},"primaryImageOfPage":{"@id":"https:\/\/blogs.uef.fi\/jatkuvaoppiminen\/2019\/10\/31\/viesteja-rajan-yli\/#primaryimage"},"image":{"@id":"https:\/\/blogs.uef.fi\/jatkuvaoppiminen\/2019\/10\/31\/viesteja-rajan-yli\/#primaryimage"},"thumbnailUrl":"https:\/\/blogs.uef.fi\/jatkuvaoppiminen\/wp-content\/uploads\/sites\/160\/2019\/10\/bar-1-1024x683.jpg","datePublished":"2019-10-31T10:54:22+00:00","dateModified":"2025-07-09T07:27:41+00:00","author":{"@id":"https:\/\/blogs.uef.fi\/jatkuvaoppiminen\/#\/schema\/person\/68b9405b92c78017eecd7b0679c34075"},"breadcrumb":{"@id":"https:\/\/blogs.uef.fi\/jatkuvaoppiminen\/2019\/10\/31\/viesteja-rajan-yli\/#breadcrumb"},"inLanguage":"fi","potentialAction":[{"@type":"ReadAction","target":["https:\/\/blogs.uef.fi\/jatkuvaoppiminen\/2019\/10\/31\/viesteja-rajan-yli\/"]}]},{"@type":"ImageObject","inLanguage":"fi","@id":"https:\/\/blogs.uef.fi\/jatkuvaoppiminen\/2019\/10\/31\/viesteja-rajan-yli\/#primaryimage","url":"","contentUrl":""},{"@type":"BreadcrumbList","@id":"https:\/\/blogs.uef.fi\/jatkuvaoppiminen\/2019\/10\/31\/viesteja-rajan-yli\/#breadcrumb","itemListElement":[{"@type":"ListItem","position":1,"name":"Home","item":"https:\/\/blogs.uef.fi\/jatkuvaoppiminen\/"},{"@type":"ListItem","position":2,"name":"Viestej\u00e4 rajan yli"}]},{"@type":"WebSite","@id":"https:\/\/blogs.uef.fi\/jatkuvaoppiminen\/#website","url":"https:\/\/blogs.uef.fi\/jatkuvaoppiminen\/","name":"Jatkuva oppiminen","description":"","potentialAction":[{"@type":"SearchAction","target":{"@type":"EntryPoint","urlTemplate":"https:\/\/blogs.uef.fi\/jatkuvaoppiminen\/?s={search_term_string}"},"query-input":{"@type":"PropertyValueSpecification","valueRequired":true,"valueName":"search_term_string"}}],"inLanguage":"fi"},{"@type":"Person","@id":"https:\/\/blogs.uef.fi\/jatkuvaoppiminen\/#\/schema\/person\/68b9405b92c78017eecd7b0679c34075","name":"uef-admin","image":{"@type":"ImageObject","inLanguage":"fi","@id":"https:\/\/secure.gravatar.com\/avatar\/6c9f5016c320b72333096361e494f2c004505657367d2847a11e96de0655f758?s=96&d=mm&r=g","url":"https:\/\/secure.gravatar.com\/avatar\/6c9f5016c320b72333096361e494f2c004505657367d2847a11e96de0655f758?s=96&d=mm&r=g","contentUrl":"https:\/\/secure.gravatar.com\/avatar\/6c9f5016c320b72333096361e494f2c004505657367d2847a11e96de0655f758?s=96&d=mm&r=g","caption":"uef-admin"},"url":"https:\/\/blogs.uef.fi\/jatkuvaoppiminen\/author\/uef-admin\/"}]}},"_links":{"self":[{"href":"https:\/\/blogs.uef.fi\/jatkuvaoppiminen\/wp-json\/wp\/v2\/posts\/2411","targetHints":{"allow":["GET"]}}],"collection":[{"href":"https:\/\/blogs.uef.fi\/jatkuvaoppiminen\/wp-json\/wp\/v2\/posts"}],"about":[{"href":"https:\/\/blogs.uef.fi\/jatkuvaoppiminen\/wp-json\/wp\/v2\/types\/post"}],"author":[{"embeddable":true,"href":"https:\/\/blogs.uef.fi\/jatkuvaoppiminen\/wp-json\/wp\/v2\/users\/1"}],"replies":[{"embeddable":true,"href":"https:\/\/blogs.uef.fi\/jatkuvaoppiminen\/wp-json\/wp\/v2\/comments?post=2411"}],"version-history":[{"count":1,"href":"https:\/\/blogs.uef.fi\/jatkuvaoppiminen\/wp-json\/wp\/v2\/posts\/2411\/revisions"}],"predecessor-version":[{"id":5490,"href":"https:\/\/blogs.uef.fi\/jatkuvaoppiminen\/wp-json\/wp\/v2\/posts\/2411\/revisions\/5490"}],"wp:attachment":[{"href":"https:\/\/blogs.uef.fi\/jatkuvaoppiminen\/wp-json\/wp\/v2\/media?parent=2411"}],"wp:term":[{"taxonomy":"category","embeddable":true,"href":"https:\/\/blogs.uef.fi\/jatkuvaoppiminen\/wp-json\/wp\/v2\/categories?post=2411"},{"taxonomy":"post_tag","embeddable":true,"href":"https:\/\/blogs.uef.fi\/jatkuvaoppiminen\/wp-json\/wp\/v2\/tags?post=2411"}],"curies":[{"name":"wp","href":"https:\/\/api.w.org\/{rel}","templated":true}]}}