{"id":1297,"date":"2016-06-27T05:34:24","date_gmt":"2016-06-27T05:34:24","guid":{"rendered":"https:\/\/weaducate.wordpress.com\/?p=1297"},"modified":"2025-07-08T14:21:01","modified_gmt":"2025-07-08T12:21:01","slug":"jatkuva-kasvatus-pelottava-ajatus","status":"publish","type":"post","link":"https:\/\/blogs.uef.fi\/jatkuvaoppiminen\/2016\/06\/27\/jatkuva-kasvatus-pelottava-ajatus\/","title":{"rendered":"Jatkuva kasvatus &#8211; pelottava ajatus"},"content":{"rendered":"\n<p>T\u00e4m\u00e4n kirjoituksen kuvat ovat Sloveniasta, jossa avohakkuut kiellettiin kokonaan muutama vuosikymmen sitten. Kymmenien tuhansien hehtaarien yhten\u00e4iset mets\u00e4alueet peitt\u00e4v\u00e4t nyt Alppien rinteit\u00e4. Mets\u00e4t ovat talousmetsi\u00e4, joita hy\u00f6dynnet\u00e4\u00e4n s\u00e4\u00e4nn\u00f6llisill\u00e4 harvennushakkuilla. Maallikon silmin katsottuna Slovenian mets\u00e4t peittoavat kirkkaasti suomalaisen tilkkut\u00e4kkim\u00e4isen pirstoutuneen mets\u00e4maiseman. Avohakkuista on luovuttu Slovenian lis\u00e4ksi mm. Saksassa. Kiinassakin luontaisesti syntyneiden metsien avohakkuut on kielletty. Sanomattakin on selv\u00e4\u00e4, ett\u00e4 Keski-Euroopassa ei juuri arvosteta suomalaista mets\u00e4taloutta. Suomi ei ole mets\u00e4talouden mallimaa.<\/p>\n\n\n\n<figure class=\"wp-block-image size-large\"><img decoding=\"async\" src=\"https:\/\/blogs.uef.fi\/jatkuvaoppiminen\/wp-content\/uploads\/sites\/160\/2016\/06\/jatkuva-kasvatus1-1024x576.jpg\" alt=\"\" class=\"wp-image-1299\" \/><\/figure>\n\n\n\n<p>Syy avohakkuista luopumiseen on selv\u00e4: peitteinen mets\u00e4talous, jossa suositaan erirakenteisia sekametsi\u00e4, tuottaa enemm\u00e4n niit\u00e4 hy\u00f6tyvaikutuksia, joita metsilt\u00e4 halutaan. Keski-Euroopassa t\u00e4rkeit\u00e4 ekosysteemipalveluita ovat mm. puuntuotanto, eroosiontorjunta, vesivarojen hoito, maisema- ja ulkoiluarvot, ker\u00e4ilytuotteet ja metsiss\u00e4 el\u00e4vien lajien elinymp\u00e4rist\u00f6t.<\/p>\n\n\n\n<p>Suomeenkin <a href=\"http:\/\/arvometsa.fi\/esimerkkimme\" target=\"_blank\" rel=\"noreferrer noopener\">jatkuva kasvatus eli peitteinen mets\u00e4talous<\/a> on rantautumassa pikkuhiljaa. Itse asiassa menetelm\u00e4 ei ole uusi, vaan se oli vallitseva k\u00e4yt\u00e4nt\u00f6 vuoteen 1948 saakka, jolloin annettiin poimintahakkuut kielt\u00e4v\u00e4 harsintajulkilausuma. Siihen saakka mets\u00e4nomistajat myiv\u00e4t metsist\u00e4\u00e4n l\u00e4hinn\u00e4 sahatukkeja, joista sai eniten myyntituloa. Harsintajulkilausumaa perusteltiin sanomalla, ett\u00e4 \u201dtutkimusten mukaan\u201d tasaik\u00e4iset mets\u00e4t ovat poimintahakkuilla k\u00e4siteltyj\u00e4 metsi\u00e4 tuottavampia. Sellaisia tutkimuksia ei kuitenkaan ollut eik\u00e4 niit\u00e4 ole viel\u00e4k\u00e4\u00e4n.<\/p>\n\n\n\n<p>Edelleenkin vallitsevaa mets\u00e4talouden linjaa eli avohakkuita, istutusta ja alaharvennuksia puolustetaan olemattomilla tutkimustuloksilla. V\u00e4itet\u00e4\u00e4n, ett\u00e4 \u201dtutkimusten mukaan\u201d tasaik\u00e4ismets\u00e4talous on jatkuvaa kasvatusta kannattavampaa, jatkuvan kasvatuksen mets\u00e4t eiv\u00e4t uudistu riitt\u00e4v\u00e4sti, jatkuva kasvatus heikent\u00e4\u00e4 puiden perim\u00e4\u00e4, puun korjuu ei onnistu tai jatkuva kasvatus heikent\u00e4\u00e4 metsien hiilitasetta. N\u00e4ille v\u00e4itteille on yhteist\u00e4 se, ett\u00e4 ne eiv\u00e4t pid\u00e4 paikkaansa.<\/p>\n\n\n\n<p>Viljelymets\u00e4taloudesta taas voidaan sanoa varmasti, ett\u00e4 se ei ole taloudellisesti mielek\u00e4st\u00e4 toimintaa Suomen pohjoisosissa tai karuilla kasvupaikoilla. Puun kasvu on niin hidasta ja viljely niin kallista, ett\u00e4 metsik\u00f6n perustamiskuluja ei saada korkoineen takaisin. T\u00e4m\u00e4n osoittamiseksi ei tarvita kummoista laskutaitoa. Viljelymets\u00e4talouden ja jatkuvan kasvatuksen kannattavuudesta voidaan taittaa peist\u00e4 l\u00e4hinn\u00e4 Etel\u00e4- ja Keski-Suomen viljavilla kasvupaikoilla.<\/p>\n\n\n\n<figure class=\"wp-block-image size-large\"><img decoding=\"async\" src=\"https:\/\/blogs.uef.fi\/jatkuvaoppiminen\/wp-content\/uploads\/sites\/160\/2016\/06\/jatkuva-kasvatus2-1024x576.jpg\" alt=\"\" class=\"wp-image-1298\" \/><\/figure>\n\n\n\n<p>Mik\u00e4 sitten tekee jatkuvasta kasvatuksesta niin pelottavan, ett\u00e4 sit\u00e4 pit\u00e4\u00e4 vastustaa per\u00e4tt\u00f6mill\u00e4 v\u00e4itt\u00e4mill\u00e4. Suurin syy on tietysti se, ett\u00e4 \u00e4killinen suunnanmuutos tarkoittaisi sen my\u00f6nt\u00e4mist\u00e4, ett\u00e4 aiemmin on toimittu v\u00e4\u00e4rin. Lis\u00e4ksi uuden oppiminen on aina haasteellista. My\u00f6s huoli sellupuun tarjonnan pienenemisest\u00e4 panee vastustamaan tukkipuiden hakkuuseen keskittyv\u00e4\u00e4 mets\u00e4taloutta. Sellupuun riitt\u00e4vyydest\u00e4 ei kuitenkaan tarvitsisi olla liikaa huolissaan, sill\u00e4 vaikka kaikki hakatut puut olisivat tukkipuita, vain kolmannes puiden tilavuudesta p\u00e4\u00e4tyisi laudoiksi ja lankuiksi. Selluteollisuudelle j\u00e4isi kaksi kolmannesta. &nbsp;<a href=\"http:\/\/arvometsa.fi\/blogi\/metsakeskus-tiedottaa\" target=\"_blank\" rel=\"noreferrer noopener\">Lis\u00e4ksi 10 % mets\u00e4nomistajista ilmoittaa jatkavansa istutus- ja alaharvennuslinjalla<\/a>, maksoi mit\u00e4 maksoi.<\/p>\n\n\n\n<p>Mentaaliongelmista huolimatta asiassa on kuitenkin edistytty. Muutos on v\u00e4hitt\u00e4ist\u00e4, eik\u00e4 termi\u00e4 jatkuva kasvatus haluta k\u00e4ytt\u00e4\u00e4. Etenk\u00e4\u00e4n ei haluta antaa vaikutelmaa, ett\u00e4 jatkuvan kasvatuksen hakkuita teht\u00e4isiin paljon. Alaharvennusten (jossa poistetaan pieni\u00e4 puita) sijasta on ruvettu tekem\u00e4\u00e4n yl\u00e4harvennuksia (jossa hakataan metsik\u00f6n suurimmat puut), ja mets\u00e4taloudessa pyrit\u00e4\u00e4n hy\u00f6dynt\u00e4m\u00e4\u00e4n luontaista taimiainesta. Pienpuustoa s\u00e4\u00e4st\u00e4v\u00e4t yl\u00e4harvennukset lykk\u00e4\u00e4v\u00e4t seuraavan avohakkuun ajankohtaa, toisinaan hyvinkin kauas tulevaisuuteen. Huonotuottoisilla kasvupaikoilla ei en\u00e4\u00e4 k\u00e4ytet\u00e4 istutusta. <a href=\"http:\/\/www.uef.fi\/documents\/287336\/902833\/MetsasuunnitteluJaJatkuvaKasvatus_2015.pdf\/2ccdfc2b-5b3b-43f8-ac1b-4ab5c66e7725\" target=\"_blank\" rel=\"noreferrer noopener\">Mets\u00e4ammattilaiset my\u00f6s opiskelevat jatkuvan kasvatuksen teoriaa ja k\u00e4yt\u00e4nt\u00f6\u00e4<\/a>.<\/p>\n\n\n\n<p>N\u00e4ytt\u00e4\u00e4 siis silt\u00e4, ett\u00e4 pikkuhiljaa Suomenkin mets\u00e4peite yhten\u00e4istyy ja myll\u00e4tyt avoalat v\u00e4henev\u00e4t. Mit\u00e4 nopeammin t\u00e4m\u00e4 tapahtuu, sit\u00e4 paremmalta Suomen mets\u00e4t n\u00e4ytt\u00e4v\u00e4t mets\u00e4ss\u00e4 liikkujan silmiss\u00e4 ja sit\u00e4 enemm\u00e4n mets\u00e4t tuottavat niit\u00e4 hy\u00f6tyvaikutuksia, joita suomalaiset metsilt\u00e4\u00e4n haluavat.<\/p>\n\n\n\n<figure class=\"wp-block-image size-full\"><img loading=\"lazy\" decoding=\"async\" width=\"258\" height=\"275\" src=\"https:\/\/blogs.uef.fi\/jatkuvaoppiminen\/wp-content\/uploads\/sites\/160\/2016\/06\/timo_pukkala.jpg\" alt=\"\" class=\"wp-image-1306\" \/><\/figure>\n\n\n\n<p>Kirjoittaja Timo Pukkala on mets\u00e4talouden suunittelun professori It\u00e4-Suomen yliopistossa. Lis\u00e4\u00e4 Timon blogeja kotisivulla: <a href=\"http:\/\/www.uef.fi\/web\/forest\/timo-pukkala\" target=\"_blank\" rel=\"noreferrer noopener\">www.uef.fi\/web\/forest\/timo-pukkala<\/a><\/p>\n\n\n\n<p>J\u00e4rjest\u00e4mme aiheesta ilmaisen <a href=\"http:\/\/www.uef.fi\/web\/aducate\/-\/webinaari-jatkuvan-kasvatuksen-kannattavuus-ja-optimointi\" target=\"_blank\" rel=\"noreferrer noopener\">webinaarin<\/a> 18.8.2016 sek\u00e4 koulutuksen 20.9.2016: <a href=\"http:\/\/www.uef.fi\/web\/aducate\/-\/jatkuvan-kasvatuksen-kannattavuus-ja-optimointi\" target=\"_blank\" rel=\"noreferrer noopener\">Jatkuvan kasvatuksen kannattavuus ja optimointi<\/a>. Lis\u00e4tietoja linkeist\u00e4.<\/p>\n","protected":false},"excerpt":{"rendered":"<p>T\u00e4m\u00e4n kirjoituksen kuvat ovat Sloveniasta, jossa avohakkuut kiellettiin kokonaan muutama vuosikymmen sitten. Kymmenien tuhansien hehtaarien yhten\u00e4iset mets\u00e4alueet peitt\u00e4v\u00e4t nyt Alppien rinteit\u00e4. Mets\u00e4t ovat talousmetsi\u00e4, joita hy\u00f6dynnet\u00e4\u00e4n s\u00e4\u00e4nn\u00f6llisill\u00e4 harvennushakkuilla. Maallikon silmin katsottuna Slovenian mets\u00e4t peittoavat kirkkaasti suomalaisen tilkkut\u00e4kkim\u00e4isen pirstoutuneen mets\u00e4maiseman. Avohakkuista on luovuttu Slovenian lis\u00e4ksi mm. Saksassa. Kiinassakin luontaisesti syntyneiden metsien avohakkuut on kielletty. Sanomattakin on [&hellip;]<\/p>\n","protected":false},"author":1,"featured_media":0,"comment_status":"open","ping_status":"open","sticky":false,"template":"","format":"standard","meta":{"_acf_changed":false,"footnotes":""},"categories":[35,41],"tags":[],"class_list":["post-1297","post","type-post","status-publish","format-standard","hentry","category-vieraskyna","category-ymparisto"],"acf":[],"yoast_head":"<!-- This site is optimized with the Yoast SEO plugin v27.3 - https:\/\/yoast.com\/product\/yoast-seo-wordpress\/ -->\n<title>Jatkuva kasvatus - pelottava ajatus - Jatkuva oppiminen<\/title>\n<meta name=\"robots\" content=\"index, follow, max-snippet:-1, max-image-preview:large, max-video-preview:-1\" \/>\n<link rel=\"canonical\" href=\"https:\/\/blogs.uef.fi\/jatkuvaoppiminen\/2016\/06\/27\/jatkuva-kasvatus-pelottava-ajatus\/\" \/>\n<meta property=\"og:locale\" content=\"fi_FI\" \/>\n<meta property=\"og:type\" content=\"article\" \/>\n<meta property=\"og:title\" content=\"Jatkuva kasvatus - pelottava ajatus - Jatkuva oppiminen\" \/>\n<meta property=\"og:description\" content=\"T\u00e4m\u00e4n kirjoituksen kuvat ovat Sloveniasta, jossa avohakkuut kiellettiin kokonaan muutama vuosikymmen sitten. Kymmenien tuhansien hehtaarien yhten\u00e4iset mets\u00e4alueet peitt\u00e4v\u00e4t nyt Alppien rinteit\u00e4. Mets\u00e4t ovat talousmetsi\u00e4, joita hy\u00f6dynnet\u00e4\u00e4n s\u00e4\u00e4nn\u00f6llisill\u00e4 harvennushakkuilla. Maallikon silmin katsottuna Slovenian mets\u00e4t peittoavat kirkkaasti suomalaisen tilkkut\u00e4kkim\u00e4isen pirstoutuneen mets\u00e4maiseman. Avohakkuista on luovuttu Slovenian lis\u00e4ksi mm. Saksassa. Kiinassakin luontaisesti syntyneiden metsien avohakkuut on kielletty. Sanomattakin on [&hellip;]\" \/>\n<meta property=\"og:url\" content=\"https:\/\/blogs.uef.fi\/jatkuvaoppiminen\/2016\/06\/27\/jatkuva-kasvatus-pelottava-ajatus\/\" \/>\n<meta property=\"og:site_name\" content=\"Jatkuva oppiminen\" \/>\n<meta property=\"article:published_time\" content=\"2016-06-27T05:34:24+00:00\" \/>\n<meta property=\"article:modified_time\" content=\"2025-07-08T12:21:01+00:00\" \/>\n<meta name=\"author\" content=\"uef-admin\" \/>\n<meta name=\"twitter:card\" content=\"summary_large_image\" \/>\n<meta name=\"twitter:label1\" content=\"Kirjoittanut\" \/>\n\t<meta name=\"twitter:data1\" content=\"uef-admin\" \/>\n\t<meta name=\"twitter:label2\" content=\"Arvioitu lukuaika\" \/>\n\t<meta name=\"twitter:data2\" content=\"4 minuuttia\" \/>\n<script type=\"application\/ld+json\" class=\"yoast-schema-graph\">{\"@context\":\"https:\\\/\\\/schema.org\",\"@graph\":[{\"@type\":\"Article\",\"@id\":\"https:\\\/\\\/blogs.uef.fi\\\/jatkuvaoppiminen\\\/2016\\\/06\\\/27\\\/jatkuva-kasvatus-pelottava-ajatus\\\/#article\",\"isPartOf\":{\"@id\":\"https:\\\/\\\/blogs.uef.fi\\\/jatkuvaoppiminen\\\/2016\\\/06\\\/27\\\/jatkuva-kasvatus-pelottava-ajatus\\\/\"},\"author\":{\"name\":\"uef-admin\",\"@id\":\"https:\\\/\\\/blogs.uef.fi\\\/jatkuvaoppiminen\\\/#\\\/schema\\\/person\\\/68b9405b92c78017eecd7b0679c34075\"},\"headline\":\"Jatkuva kasvatus &#8211; pelottava ajatus\",\"datePublished\":\"2016-06-27T05:34:24+00:00\",\"dateModified\":\"2025-07-08T12:21:01+00:00\",\"mainEntityOfPage\":{\"@id\":\"https:\\\/\\\/blogs.uef.fi\\\/jatkuvaoppiminen\\\/2016\\\/06\\\/27\\\/jatkuva-kasvatus-pelottava-ajatus\\\/\"},\"wordCount\":616,\"commentCount\":3,\"image\":{\"@id\":\"https:\\\/\\\/blogs.uef.fi\\\/jatkuvaoppiminen\\\/2016\\\/06\\\/27\\\/jatkuva-kasvatus-pelottava-ajatus\\\/#primaryimage\"},\"thumbnailUrl\":\"https:\\\/\\\/blogs.uef.fi\\\/jatkuvaoppiminen\\\/wp-content\\\/uploads\\\/sites\\\/160\\\/2016\\\/06\\\/jatkuva-kasvatus1-1024x576.jpg\",\"articleSection\":[\"Vieraskyn\u00e4\",\"Ymp\u00e4rist\u00f6\"],\"inLanguage\":\"fi\",\"potentialAction\":[{\"@type\":\"CommentAction\",\"name\":\"Comment\",\"target\":[\"https:\\\/\\\/blogs.uef.fi\\\/jatkuvaoppiminen\\\/2016\\\/06\\\/27\\\/jatkuva-kasvatus-pelottava-ajatus\\\/#respond\"]}]},{\"@type\":\"WebPage\",\"@id\":\"https:\\\/\\\/blogs.uef.fi\\\/jatkuvaoppiminen\\\/2016\\\/06\\\/27\\\/jatkuva-kasvatus-pelottava-ajatus\\\/\",\"url\":\"https:\\\/\\\/blogs.uef.fi\\\/jatkuvaoppiminen\\\/2016\\\/06\\\/27\\\/jatkuva-kasvatus-pelottava-ajatus\\\/\",\"name\":\"Jatkuva kasvatus - pelottava ajatus - Jatkuva oppiminen\",\"isPartOf\":{\"@id\":\"https:\\\/\\\/blogs.uef.fi\\\/jatkuvaoppiminen\\\/#website\"},\"primaryImageOfPage\":{\"@id\":\"https:\\\/\\\/blogs.uef.fi\\\/jatkuvaoppiminen\\\/2016\\\/06\\\/27\\\/jatkuva-kasvatus-pelottava-ajatus\\\/#primaryimage\"},\"image\":{\"@id\":\"https:\\\/\\\/blogs.uef.fi\\\/jatkuvaoppiminen\\\/2016\\\/06\\\/27\\\/jatkuva-kasvatus-pelottava-ajatus\\\/#primaryimage\"},\"thumbnailUrl\":\"https:\\\/\\\/blogs.uef.fi\\\/jatkuvaoppiminen\\\/wp-content\\\/uploads\\\/sites\\\/160\\\/2016\\\/06\\\/jatkuva-kasvatus1-1024x576.jpg\",\"datePublished\":\"2016-06-27T05:34:24+00:00\",\"dateModified\":\"2025-07-08T12:21:01+00:00\",\"author\":{\"@id\":\"https:\\\/\\\/blogs.uef.fi\\\/jatkuvaoppiminen\\\/#\\\/schema\\\/person\\\/68b9405b92c78017eecd7b0679c34075\"},\"breadcrumb\":{\"@id\":\"https:\\\/\\\/blogs.uef.fi\\\/jatkuvaoppiminen\\\/2016\\\/06\\\/27\\\/jatkuva-kasvatus-pelottava-ajatus\\\/#breadcrumb\"},\"inLanguage\":\"fi\",\"potentialAction\":[{\"@type\":\"ReadAction\",\"target\":[\"https:\\\/\\\/blogs.uef.fi\\\/jatkuvaoppiminen\\\/2016\\\/06\\\/27\\\/jatkuva-kasvatus-pelottava-ajatus\\\/\"]}]},{\"@type\":\"ImageObject\",\"inLanguage\":\"fi\",\"@id\":\"https:\\\/\\\/blogs.uef.fi\\\/jatkuvaoppiminen\\\/2016\\\/06\\\/27\\\/jatkuva-kasvatus-pelottava-ajatus\\\/#primaryimage\",\"url\":\"\",\"contentUrl\":\"\"},{\"@type\":\"BreadcrumbList\",\"@id\":\"https:\\\/\\\/blogs.uef.fi\\\/jatkuvaoppiminen\\\/2016\\\/06\\\/27\\\/jatkuva-kasvatus-pelottava-ajatus\\\/#breadcrumb\",\"itemListElement\":[{\"@type\":\"ListItem\",\"position\":1,\"name\":\"Home\",\"item\":\"https:\\\/\\\/blogs.uef.fi\\\/jatkuvaoppiminen\\\/\"},{\"@type\":\"ListItem\",\"position\":2,\"name\":\"Jatkuva kasvatus &#8211; pelottava ajatus\"}]},{\"@type\":\"WebSite\",\"@id\":\"https:\\\/\\\/blogs.uef.fi\\\/jatkuvaoppiminen\\\/#website\",\"url\":\"https:\\\/\\\/blogs.uef.fi\\\/jatkuvaoppiminen\\\/\",\"name\":\"Jatkuva oppiminen\",\"description\":\"\",\"potentialAction\":[{\"@type\":\"SearchAction\",\"target\":{\"@type\":\"EntryPoint\",\"urlTemplate\":\"https:\\\/\\\/blogs.uef.fi\\\/jatkuvaoppiminen\\\/?s={search_term_string}\"},\"query-input\":{\"@type\":\"PropertyValueSpecification\",\"valueRequired\":true,\"valueName\":\"search_term_string\"}}],\"inLanguage\":\"fi\"},{\"@type\":\"Person\",\"@id\":\"https:\\\/\\\/blogs.uef.fi\\\/jatkuvaoppiminen\\\/#\\\/schema\\\/person\\\/68b9405b92c78017eecd7b0679c34075\",\"name\":\"uef-admin\",\"image\":{\"@type\":\"ImageObject\",\"inLanguage\":\"fi\",\"@id\":\"https:\\\/\\\/secure.gravatar.com\\\/avatar\\\/6c9f5016c320b72333096361e494f2c004505657367d2847a11e96de0655f758?s=96&d=mm&r=g\",\"url\":\"https:\\\/\\\/secure.gravatar.com\\\/avatar\\\/6c9f5016c320b72333096361e494f2c004505657367d2847a11e96de0655f758?s=96&d=mm&r=g\",\"contentUrl\":\"https:\\\/\\\/secure.gravatar.com\\\/avatar\\\/6c9f5016c320b72333096361e494f2c004505657367d2847a11e96de0655f758?s=96&d=mm&r=g\",\"caption\":\"uef-admin\"},\"url\":\"https:\\\/\\\/blogs.uef.fi\\\/jatkuvaoppiminen\\\/author\\\/uef-admin\\\/\"}]}<\/script>\n<!-- \/ Yoast SEO plugin. -->","yoast_head_json":{"title":"Jatkuva kasvatus - pelottava ajatus - Jatkuva oppiminen","robots":{"index":"index","follow":"follow","max-snippet":"max-snippet:-1","max-image-preview":"max-image-preview:large","max-video-preview":"max-video-preview:-1"},"canonical":"https:\/\/blogs.uef.fi\/jatkuvaoppiminen\/2016\/06\/27\/jatkuva-kasvatus-pelottava-ajatus\/","og_locale":"fi_FI","og_type":"article","og_title":"Jatkuva kasvatus - pelottava ajatus - Jatkuva oppiminen","og_description":"T\u00e4m\u00e4n kirjoituksen kuvat ovat Sloveniasta, jossa avohakkuut kiellettiin kokonaan muutama vuosikymmen sitten. Kymmenien tuhansien hehtaarien yhten\u00e4iset mets\u00e4alueet peitt\u00e4v\u00e4t nyt Alppien rinteit\u00e4. Mets\u00e4t ovat talousmetsi\u00e4, joita hy\u00f6dynnet\u00e4\u00e4n s\u00e4\u00e4nn\u00f6llisill\u00e4 harvennushakkuilla. Maallikon silmin katsottuna Slovenian mets\u00e4t peittoavat kirkkaasti suomalaisen tilkkut\u00e4kkim\u00e4isen pirstoutuneen mets\u00e4maiseman. Avohakkuista on luovuttu Slovenian lis\u00e4ksi mm. Saksassa. Kiinassakin luontaisesti syntyneiden metsien avohakkuut on kielletty. Sanomattakin on [&hellip;]","og_url":"https:\/\/blogs.uef.fi\/jatkuvaoppiminen\/2016\/06\/27\/jatkuva-kasvatus-pelottava-ajatus\/","og_site_name":"Jatkuva oppiminen","article_published_time":"2016-06-27T05:34:24+00:00","article_modified_time":"2025-07-08T12:21:01+00:00","author":"uef-admin","twitter_card":"summary_large_image","twitter_misc":{"Kirjoittanut":"uef-admin","Arvioitu lukuaika":"4 minuuttia"},"schema":{"@context":"https:\/\/schema.org","@graph":[{"@type":"Article","@id":"https:\/\/blogs.uef.fi\/jatkuvaoppiminen\/2016\/06\/27\/jatkuva-kasvatus-pelottava-ajatus\/#article","isPartOf":{"@id":"https:\/\/blogs.uef.fi\/jatkuvaoppiminen\/2016\/06\/27\/jatkuva-kasvatus-pelottava-ajatus\/"},"author":{"name":"uef-admin","@id":"https:\/\/blogs.uef.fi\/jatkuvaoppiminen\/#\/schema\/person\/68b9405b92c78017eecd7b0679c34075"},"headline":"Jatkuva kasvatus &#8211; pelottava ajatus","datePublished":"2016-06-27T05:34:24+00:00","dateModified":"2025-07-08T12:21:01+00:00","mainEntityOfPage":{"@id":"https:\/\/blogs.uef.fi\/jatkuvaoppiminen\/2016\/06\/27\/jatkuva-kasvatus-pelottava-ajatus\/"},"wordCount":616,"commentCount":3,"image":{"@id":"https:\/\/blogs.uef.fi\/jatkuvaoppiminen\/2016\/06\/27\/jatkuva-kasvatus-pelottava-ajatus\/#primaryimage"},"thumbnailUrl":"https:\/\/blogs.uef.fi\/jatkuvaoppiminen\/wp-content\/uploads\/sites\/160\/2016\/06\/jatkuva-kasvatus1-1024x576.jpg","articleSection":["Vieraskyn\u00e4","Ymp\u00e4rist\u00f6"],"inLanguage":"fi","potentialAction":[{"@type":"CommentAction","name":"Comment","target":["https:\/\/blogs.uef.fi\/jatkuvaoppiminen\/2016\/06\/27\/jatkuva-kasvatus-pelottava-ajatus\/#respond"]}]},{"@type":"WebPage","@id":"https:\/\/blogs.uef.fi\/jatkuvaoppiminen\/2016\/06\/27\/jatkuva-kasvatus-pelottava-ajatus\/","url":"https:\/\/blogs.uef.fi\/jatkuvaoppiminen\/2016\/06\/27\/jatkuva-kasvatus-pelottava-ajatus\/","name":"Jatkuva kasvatus - pelottava ajatus - Jatkuva oppiminen","isPartOf":{"@id":"https:\/\/blogs.uef.fi\/jatkuvaoppiminen\/#website"},"primaryImageOfPage":{"@id":"https:\/\/blogs.uef.fi\/jatkuvaoppiminen\/2016\/06\/27\/jatkuva-kasvatus-pelottava-ajatus\/#primaryimage"},"image":{"@id":"https:\/\/blogs.uef.fi\/jatkuvaoppiminen\/2016\/06\/27\/jatkuva-kasvatus-pelottava-ajatus\/#primaryimage"},"thumbnailUrl":"https:\/\/blogs.uef.fi\/jatkuvaoppiminen\/wp-content\/uploads\/sites\/160\/2016\/06\/jatkuva-kasvatus1-1024x576.jpg","datePublished":"2016-06-27T05:34:24+00:00","dateModified":"2025-07-08T12:21:01+00:00","author":{"@id":"https:\/\/blogs.uef.fi\/jatkuvaoppiminen\/#\/schema\/person\/68b9405b92c78017eecd7b0679c34075"},"breadcrumb":{"@id":"https:\/\/blogs.uef.fi\/jatkuvaoppiminen\/2016\/06\/27\/jatkuva-kasvatus-pelottava-ajatus\/#breadcrumb"},"inLanguage":"fi","potentialAction":[{"@type":"ReadAction","target":["https:\/\/blogs.uef.fi\/jatkuvaoppiminen\/2016\/06\/27\/jatkuva-kasvatus-pelottava-ajatus\/"]}]},{"@type":"ImageObject","inLanguage":"fi","@id":"https:\/\/blogs.uef.fi\/jatkuvaoppiminen\/2016\/06\/27\/jatkuva-kasvatus-pelottava-ajatus\/#primaryimage","url":"","contentUrl":""},{"@type":"BreadcrumbList","@id":"https:\/\/blogs.uef.fi\/jatkuvaoppiminen\/2016\/06\/27\/jatkuva-kasvatus-pelottava-ajatus\/#breadcrumb","itemListElement":[{"@type":"ListItem","position":1,"name":"Home","item":"https:\/\/blogs.uef.fi\/jatkuvaoppiminen\/"},{"@type":"ListItem","position":2,"name":"Jatkuva kasvatus &#8211; pelottava ajatus"}]},{"@type":"WebSite","@id":"https:\/\/blogs.uef.fi\/jatkuvaoppiminen\/#website","url":"https:\/\/blogs.uef.fi\/jatkuvaoppiminen\/","name":"Jatkuva oppiminen","description":"","potentialAction":[{"@type":"SearchAction","target":{"@type":"EntryPoint","urlTemplate":"https:\/\/blogs.uef.fi\/jatkuvaoppiminen\/?s={search_term_string}"},"query-input":{"@type":"PropertyValueSpecification","valueRequired":true,"valueName":"search_term_string"}}],"inLanguage":"fi"},{"@type":"Person","@id":"https:\/\/blogs.uef.fi\/jatkuvaoppiminen\/#\/schema\/person\/68b9405b92c78017eecd7b0679c34075","name":"uef-admin","image":{"@type":"ImageObject","inLanguage":"fi","@id":"https:\/\/secure.gravatar.com\/avatar\/6c9f5016c320b72333096361e494f2c004505657367d2847a11e96de0655f758?s=96&d=mm&r=g","url":"https:\/\/secure.gravatar.com\/avatar\/6c9f5016c320b72333096361e494f2c004505657367d2847a11e96de0655f758?s=96&d=mm&r=g","contentUrl":"https:\/\/secure.gravatar.com\/avatar\/6c9f5016c320b72333096361e494f2c004505657367d2847a11e96de0655f758?s=96&d=mm&r=g","caption":"uef-admin"},"url":"https:\/\/blogs.uef.fi\/jatkuvaoppiminen\/author\/uef-admin\/"}]}},"_links":{"self":[{"href":"https:\/\/blogs.uef.fi\/jatkuvaoppiminen\/wp-json\/wp\/v2\/posts\/1297","targetHints":{"allow":["GET"]}}],"collection":[{"href":"https:\/\/blogs.uef.fi\/jatkuvaoppiminen\/wp-json\/wp\/v2\/posts"}],"about":[{"href":"https:\/\/blogs.uef.fi\/jatkuvaoppiminen\/wp-json\/wp\/v2\/types\/post"}],"author":[{"embeddable":true,"href":"https:\/\/blogs.uef.fi\/jatkuvaoppiminen\/wp-json\/wp\/v2\/users\/1"}],"replies":[{"embeddable":true,"href":"https:\/\/blogs.uef.fi\/jatkuvaoppiminen\/wp-json\/wp\/v2\/comments?post=1297"}],"version-history":[{"count":1,"href":"https:\/\/blogs.uef.fi\/jatkuvaoppiminen\/wp-json\/wp\/v2\/posts\/1297\/revisions"}],"predecessor-version":[{"id":5608,"href":"https:\/\/blogs.uef.fi\/jatkuvaoppiminen\/wp-json\/wp\/v2\/posts\/1297\/revisions\/5608"}],"wp:attachment":[{"href":"https:\/\/blogs.uef.fi\/jatkuvaoppiminen\/wp-json\/wp\/v2\/media?parent=1297"}],"wp:term":[{"taxonomy":"category","embeddable":true,"href":"https:\/\/blogs.uef.fi\/jatkuvaoppiminen\/wp-json\/wp\/v2\/categories?post=1297"},{"taxonomy":"post_tag","embeddable":true,"href":"https:\/\/blogs.uef.fi\/jatkuvaoppiminen\/wp-json\/wp\/v2\/tags?post=1297"}],"curies":[{"name":"wp","href":"https:\/\/api.w.org\/{rel}","templated":true}]}}