{"id":1233,"date":"2016-06-09T06:23:56","date_gmt":"2016-06-09T06:23:56","guid":{"rendered":"https:\/\/weaducate.wordpress.com\/?p=1233"},"modified":"2025-07-08T14:27:41","modified_gmt":"2025-07-08T12:27:41","slug":"nollakurssilainen-tyoelamajaksolla","status":"publish","type":"post","link":"https:\/\/blogs.uef.fi\/jatkuvaoppiminen\/2016\/06\/09\/nollakurssilainen-tyoelamajaksolla\/","title":{"rendered":"Nollakurssilainen ty\u00f6el\u00e4m\u00e4jaksolla"},"content":{"rendered":"\n<p><strong>Terveisi\u00e4 p\u00e4iv\u00e4kodista, koulusta, autokorjaamosta, apteekista, kuntosalilta, 4H:sta, tilapalveluista, liikenneasemalta sek\u00e4 musiikki- ja ohjelmapalveluita tuottavasta firmasta! Kotoutumiskoulutuksessa olleet nollakurssilaiseni k\u00e4viv\u00e4t tammi\u2013helmikuussa ty\u00f6el\u00e4m\u00e4jaksolla opiskeltuaan suomea vaivaiset 14 viikkoa eli 70 kurssip\u00e4iv\u00e4\u00e4.<\/strong><\/p>\n\n\n\n<figure class=\"wp-block-image size-large\"><img decoding=\"async\" src=\"https:\/\/blogs.uef.fi\/jatkuvaoppiminen\/wp-content\/uploads\/sites\/160\/2016\/06\/aducate_kielikoulutus1-1024x682.jpg\" alt=\"\" class=\"wp-image-1244\" \/><figcaption class=\"wp-element-caption\"><em>James Tiilikainen ja h\u00e4nen ohjaajansa Jonna Nissinen Outokummun uimahallilla<\/em><\/figcaption><\/figure>\n\n\n\n<p>Nollakurssilainen tarkoittaa opiskelijaa, joka ei ole ennen koulutusta osannut suomea sanaakaan. Sadan p\u00e4iv\u00e4n mittaisen kurssin tavoitteena on kehittyv\u00e4 alkeiskielitaito. K\u00e4yt\u00e4nn\u00f6ss\u00e4 t\u00e4m\u00e4 tarkoittaa sit\u00e4, ett\u00e4 opiskelija ymm\u00e4rt\u00e4\u00e4 ja osaa itse tuottaa joitakin lyhyit\u00e4 ilmauksia, jotka liittyv\u00e4t kiinte\u00e4sti h\u00e4nen omaan kokemuspiiriins\u00e4. Ymm\u00e4rt\u00e4minen on eritt\u00e4in rajallista ja tilannesidonnaista, ja opiskelija tarvitsee runsaasti hidastamista, toistoa, n\u00e4ytt\u00e4mist\u00e4 ja k\u00e4\u00e4nt\u00e4mist\u00e4. Kansantajuisesti voitaisiin sanoa, ett\u00e4 opiskelijalla on turistienglantia vastaava kielitaito.<\/p>\n\n\n\n<p>Kun ymm\u00e4rt\u00e4\u00e4 turistienglannin ilmaisuvarat, saattaa saada jonkinmoisen tuntuman siihen, kuinka paljon opiskelijoita ennen ty\u00f6el\u00e4m\u00e4jaksoa j\u00e4nnitt\u00e4\u00e4. Ja kyll\u00e4 se j\u00e4nnitt\u00e4\u00e4 opettajaakin. Opettajaa j\u00e4nnitt\u00e4\u00e4, etteiv\u00e4t ty\u00f6el\u00e4m\u00e4jaksojen ohjaajat, ty\u00f6kaverit ja asiakkaat n\u00e4e opiskelijoissa sit\u00e4 samaa potentiaalia, mit\u00e4 itse heiss\u00e4 n\u00e4kee. Sekin pelottaa, ett\u00e4 opiskelija kielitaitonsa vajavaisuuden vuoksi uuvuttaa ohjaajansa ja ty\u00f6yhteis\u00f6ns\u00e4 eik\u00e4 p\u00e4\u00e4se n\u00e4ytt\u00e4m\u00e4\u00e4n sit\u00e4, mit\u00e4 osaa ja on.<\/p>\n\n\n\n<p>Pelot ovat enimm\u00e4kseen turhia. Kokemukset ovat olleet kerta toisensa j\u00e4lkeen niin kannustavia, ett\u00e4 ty\u00f6el\u00e4m\u00e4jaksoista kotoutumiskoulutuksen alkuvaiheessa on tullut jo ihan paikallinen tapa. Joensuussa jopa luki-koulutuksiin (luku- ja kirjoitustaidottomien koulutus) kuuluu ty\u00f6el\u00e4m\u00e4jakso.<\/p>\n\n\n\n<figure class=\"wp-block-image size-large\"><img decoding=\"async\" src=\"https:\/\/blogs.uef.fi\/jatkuvaoppiminen\/wp-content\/uploads\/sites\/160\/2016\/06\/aducate_kielikoulutus2-1024x683.jpg\" alt=\"\" class=\"wp-image-1243\" \/><figcaption class=\"wp-element-caption\"><em>Kseniia Afanaseva ja h\u00e4nen ohjaajansa Leena Svensk Joensuun Uudessa Apteekissa<\/em><\/figcaption><\/figure>\n\n\n\n<p>Kun ty\u00f6ss\u00e4oppimisjakso lopulta k\u00e4ynnistyy, se on ehdottomasti koulutuksen paras vaihe. Opiskelijat p\u00e4\u00e4sev\u00e4t k\u00e4ytt\u00e4m\u00e4\u00e4n oppimaansa, oppimaan lis\u00e4\u00e4, n\u00e4ytt\u00e4m\u00e4\u00e4n osaamistaan, kehitt\u00e4m\u00e4\u00e4n ty\u00f6el\u00e4m\u00e4valmiuksiaan ja luomaan verkostoja. Opettaja p\u00e4\u00e4see eriytt\u00e4m\u00e4\u00e4n ja yksil\u00f6llist\u00e4m\u00e4\u00e4n.&nbsp; Ty\u00f6nantajat saavat vaativan ohjausvastuun, mutta ilmeisesti my\u00f6s paljon muuta, sill\u00e4 t\u00e4m\u00e4n ty\u00f6ss\u00e4oppimisjakson 15 ohjaajasta 14 on valmis ottamaan kieliharjoittelijan tai ty\u00f6kokeilijan jatkossakin.<\/p>\n\n\n\n<p>Kaikkinensa alkuvaiheen ty\u00f6ss\u00e4oppimisjaksolla on n\u00e4ht\u00e4viss\u00e4 pelk\u00e4st\u00e4\u00e4n positiivisia tuloksia. Se tarjoaa opiskelijoille aitoja oppimisymp\u00e4rist\u00f6j\u00e4 ja r\u00e4\u00e4t\u00e4l\u00f6ityj\u00e4 oppimistilanteita, konkretisoi opiskelijalle ty\u00f6el\u00e4m\u00e4n kielitaito- ja osaamisvaatimuksia ja motivoi ottamaan vastuuta omasta urasuunnittelusta ja oman osaamisen kehitt\u00e4misest\u00e4. N\u00e4in se my\u00f6s mahdollistaa nopeampien kotoutumispolkujen luomisen ja ammatillisen kiinnittymisen ty\u00f6el\u00e4m\u00e4\u00e4n heti alusta alkaen.<\/p>\n\n\n\n<p>Ty\u00f6nantajille t\u00e4llainen ohjattu ty\u00f6ss\u00e4oppimisjakso tarjoaa matalan kynnyksen mahdollisuuden tarjota ty\u00f6mahdollisuuksia maahanmuuttajalle. Ty\u00f6yhteis\u00f6lle ja ohjaajalle annettava tuki onkin ty\u00f6ss\u00e4oppimisjakson onnistumisen kannalta erityisen t\u00e4rke\u00e4\u00e4. Kynnys ottaa kieliharjoittelija, tulla toimeen t\u00e4m\u00e4n kanssa ja hy\u00f6ty\u00e4 t\u00e4m\u00e4n osaamisesta edellytt\u00e4\u00e4 usein kieliammattilaisen tukea. Monet ty\u00f6nantajat kehuivat ty\u00f6ss\u00e4oppimisjaksolle annettuja teht\u00e4vi\u00e4 ja kouluttajan tekemi\u00e4 ohjausk\u00e4yntej\u00e4, sill\u00e4 niiden ymp\u00e4rille rakentui hy\u00f6dyllisi\u00e4 oppimistilanteita ja ne antoivat varmuutta ja selkeytt\u00e4 ohjaamiseen, opettivat kommunikoimaan kielenoppijan kanssa ja antoivat mallia siit\u00e4, kuinka kielitaitoa voidaan ty\u00f6ss\u00e4oppimisjaksolla kehitt\u00e4\u00e4.<\/p>\n\n\n\n<figure class=\"wp-block-image size-full\"><img decoding=\"async\" src=\"https:\/\/blogs.uef.fi\/jatkuvaoppiminen\/wp-content\/uploads\/sites\/160\/2016\/06\/aducate_kielikoulutus3.png\" alt=\"\" class=\"wp-image-1247\" \/><figcaption class=\"wp-element-caption\"><em>Dmitrii Oqutcov ja h\u00e4nen ohjaajansa Mauri Nevalainen Pohjois-Karjalan koulutuskuntayhtym\u00e4n tilapalveluissa.<\/em><\/figcaption><\/figure>\n\n\n\n<p>Suurin osa ty\u00f6nantajista oli my\u00f6s sit\u00e4 mielt\u00e4, ett\u00e4 nelj\u00e4 viikkoa on ty\u00f6ss\u00e4oppimisjakson kestoksi ehdoton minimi. Ensimm\u00e4iset pari viikkoa menev\u00e4t tutustuessa, tunnustellessa ja perehdytt\u00e4ess\u00e4, ja vasta sen j\u00e4lkeen p\u00e4\u00e4see nauttimaan ty\u00f6ss\u00e4oppijan ty\u00f6paikalle tuomasta vaihtelusta ja ty\u00f6panoksesta. Moni oli sit\u00e4 mielt\u00e4, ett\u00e4 ty\u00f6ss\u00e4oppimisjakso olisi hyvin voinut olla pidempikin. Kokemukset ovat olleet samanlaisia , joilla ty\u00f6ss\u00e4oppimisjakson pituus on voinut olla useita kuukausia. T\u00e4ll\u00f6in opiskelija p\u00e4\u00e4see n\u00e4ytt\u00e4m\u00e4\u00e4n osaamisensa, potentiaalinsa ja motivaationsa toden teolla. Palkintona pitk\u00e4st\u00e4 harjoittelusta on ollut ty\u00f6- tai opiskelupaikka.<\/p>\n\n\n\n<p>Pienempi\u00e4 palkintoja ovat ne, kun saa n\u00e4hd\u00e4 leveit\u00e4 hymyj\u00e4 ja kohenevia ryhtej\u00e4. Saa kuulla, ett\u00e4 min\u00e4 osasin ja min\u00e4 ymm\u00e4rsin. Toiset l\u00e4htev\u00e4t ty\u00f6ss\u00e4oppimisjaksolla suorastaan lentoon: he ovat niit\u00e4, joille kurssilla oppiminen ei ehk\u00e4 ole se luontaisin oppimisen muoto mutta jotka ovat omalla alallaan rautaisia ammattilaisia. He tarvitsevat vain oikein suunnattua <a href=\"http:\/\/www.uef.fi\/fi\/web\/aducate\/-\/suomea-tyossa-kieli-ja-tyoyhteisovalmennus\">kielivalmennusta<\/a>\u00a0pysty\u00e4kseen tarttumaan t\u00f6ihin suomenkielisess\u00e4 ty\u00f6ymp\u00e4rist\u00f6ss\u00e4.\u00a0 Urasuunnittelun kannalta t\u00e4rkeit\u00e4 oivalluksia ovat my\u00f6s ne, ett\u00e4 joku l\u00f6yt\u00e4\u00e4 oman alansa tai ymm\u00e4rt\u00e4\u00e4, mit\u00e4 jollekin alalle ty\u00f6llistyminen vaatii. Yht\u00e4 t\u00e4rke\u00e4\u00e4 on sekin, ett\u00e4 joku ymm\u00e4rt\u00e4\u00e4, ettei t\u00e4m\u00e4 ainakaan ole h\u00e4nen alansa. Kun sen huomaa kotoutumiskoulutuksen alkuvaiheessa, ehtii hyvin tehd\u00e4 uusia suunnitelmia ja kartoittaa seuraavassa moduulissa uusia uria.<\/p>\n\n\n\n<p>Kirjoittaja Maija Mustonen on Aducaten kouluttaja, jolla on pitk\u00e4 kokemus suomi toisena kielen\u00e4 -opetuksesta ja ohjauksesta. T\u00e4ll\u00e4 hetkell\u00e4 h\u00e4n kehitt\u00e4\u00e4 suomen kielen verkko-opetukseen uusia ty\u00f6kaluja.<\/p>\n\n\n\n<p>*****<\/p>\n\n\n\n<p>Kiinnostuitko maahanmuuttajaharjoittelijasta tai onko ty\u00f6paikallasi ty\u00f6ntekij\u00e4, joka kaipaa tukea kielenoppimisessa? Ota yhteytt\u00e4 kouluttajiimme tai lue lis\u00e4\u00e4 valmennuksista ja koulutuksista, joita tarjoamme yrityksille ja organisaatioille, joissa ty\u00f6skentelee tai jotka ovat kiinnostuneita palkkaamaan kansainv\u00e4lisi\u00e4 ty\u00f6ntekij\u00f6it\u00e4:<br>\u2013\u00a0<a href=\"http:\/\/www.uef.fi\/web\/aducate\/-\/tyopaikkasuomi-kielikoulutus-tyoelamassa-oleville-maahanmuuttajille\">Ty\u00f6paikkasuomi<\/a><br>\u2013\u00a0<a href=\"http:\/\/www.uef.fi\/fi\/web\/aducate\/-\/suomi-1-4-maahanmuuttajien-kotoutumiskoulutukset\">Kotoutumiskoulutukset<\/a><\/p>\n\n\n\n<p><strong>Lis\u00e4tietoja<br><\/strong>Suunnittelija Heli Kaarniemi<br><a href=\"mailto:heli.kaarniemi@uef.fi\">heli.kaarniemi@uef.fi<br><\/a>0503228644<\/p>\n","protected":false},"excerpt":{"rendered":"<p>Terveisi\u00e4 p\u00e4iv\u00e4kodista, koulusta, autokorjaamosta, apteekista, kuntosalilta, 4H:sta, tilapalveluista, liikenneasemalta sek\u00e4 musiikki- ja ohjelmapalveluita tuottavasta firmasta! Kotoutumiskoulutuksessa olleet nollakurssilaiseni k\u00e4viv\u00e4t tammi\u2013helmikuussa ty\u00f6el\u00e4m\u00e4jaksolla opiskeltuaan suomea vaivaiset 14 viikkoa eli 70 kurssip\u00e4iv\u00e4\u00e4. Nollakurssilainen tarkoittaa opiskelijaa, joka ei ole ennen koulutusta osannut suomea sanaakaan. Sadan p\u00e4iv\u00e4n mittaisen kurssin tavoitteena on kehittyv\u00e4 alkeiskielitaito. K\u00e4yt\u00e4nn\u00f6ss\u00e4 t\u00e4m\u00e4 tarkoittaa sit\u00e4, ett\u00e4 opiskelija ymm\u00e4rt\u00e4\u00e4 [&hellip;]<\/p>\n","protected":false},"author":1,"featured_media":0,"comment_status":"open","ping_status":"open","sticky":false,"template":"","format":"standard","meta":{"_acf_changed":false,"footnotes":""},"categories":[8,32],"tags":[],"class_list":["post-1233","post","type-post","status-publish","format-standard","hentry","category-kansainvalisyys-ja-kulttuurit","category-tyollistyminen"],"acf":[],"yoast_head":"<!-- This site is optimized with the Yoast SEO plugin v27.3 - https:\/\/yoast.com\/product\/yoast-seo-wordpress\/ -->\n<title>Nollakurssilainen ty\u00f6el\u00e4m\u00e4jaksolla - Jatkuva oppiminen<\/title>\n<meta name=\"robots\" content=\"index, follow, max-snippet:-1, max-image-preview:large, max-video-preview:-1\" \/>\n<link rel=\"canonical\" href=\"https:\/\/blogs.uef.fi\/jatkuvaoppiminen\/2016\/06\/09\/nollakurssilainen-tyoelamajaksolla\/\" \/>\n<meta property=\"og:locale\" content=\"fi_FI\" \/>\n<meta property=\"og:type\" content=\"article\" \/>\n<meta property=\"og:title\" content=\"Nollakurssilainen ty\u00f6el\u00e4m\u00e4jaksolla - Jatkuva oppiminen\" \/>\n<meta property=\"og:description\" content=\"Terveisi\u00e4 p\u00e4iv\u00e4kodista, koulusta, autokorjaamosta, apteekista, kuntosalilta, 4H:sta, tilapalveluista, liikenneasemalta sek\u00e4 musiikki- ja ohjelmapalveluita tuottavasta firmasta! Kotoutumiskoulutuksessa olleet nollakurssilaiseni k\u00e4viv\u00e4t tammi\u2013helmikuussa ty\u00f6el\u00e4m\u00e4jaksolla opiskeltuaan suomea vaivaiset 14 viikkoa eli 70 kurssip\u00e4iv\u00e4\u00e4. Nollakurssilainen tarkoittaa opiskelijaa, joka ei ole ennen koulutusta osannut suomea sanaakaan. Sadan p\u00e4iv\u00e4n mittaisen kurssin tavoitteena on kehittyv\u00e4 alkeiskielitaito. K\u00e4yt\u00e4nn\u00f6ss\u00e4 t\u00e4m\u00e4 tarkoittaa sit\u00e4, ett\u00e4 opiskelija ymm\u00e4rt\u00e4\u00e4 [&hellip;]\" \/>\n<meta property=\"og:url\" content=\"https:\/\/blogs.uef.fi\/jatkuvaoppiminen\/2016\/06\/09\/nollakurssilainen-tyoelamajaksolla\/\" \/>\n<meta property=\"og:site_name\" content=\"Jatkuva oppiminen\" \/>\n<meta property=\"article:published_time\" content=\"2016-06-09T06:23:56+00:00\" \/>\n<meta property=\"article:modified_time\" content=\"2025-07-08T12:27:41+00:00\" \/>\n<meta name=\"author\" content=\"uef-admin\" \/>\n<meta name=\"twitter:card\" content=\"summary_large_image\" \/>\n<meta name=\"twitter:label1\" content=\"Kirjoittanut\" \/>\n\t<meta name=\"twitter:data1\" content=\"uef-admin\" \/>\n\t<meta name=\"twitter:label2\" content=\"Arvioitu lukuaika\" \/>\n\t<meta name=\"twitter:data2\" content=\"5 minuuttia\" \/>\n<script type=\"application\/ld+json\" class=\"yoast-schema-graph\">{\"@context\":\"https:\\\/\\\/schema.org\",\"@graph\":[{\"@type\":\"Article\",\"@id\":\"https:\\\/\\\/blogs.uef.fi\\\/jatkuvaoppiminen\\\/2016\\\/06\\\/09\\\/nollakurssilainen-tyoelamajaksolla\\\/#article\",\"isPartOf\":{\"@id\":\"https:\\\/\\\/blogs.uef.fi\\\/jatkuvaoppiminen\\\/2016\\\/06\\\/09\\\/nollakurssilainen-tyoelamajaksolla\\\/\"},\"author\":{\"name\":\"uef-admin\",\"@id\":\"https:\\\/\\\/blogs.uef.fi\\\/jatkuvaoppiminen\\\/#\\\/schema\\\/person\\\/68b9405b92c78017eecd7b0679c34075\"},\"headline\":\"Nollakurssilainen ty\u00f6el\u00e4m\u00e4jaksolla\",\"datePublished\":\"2016-06-09T06:23:56+00:00\",\"dateModified\":\"2025-07-08T12:27:41+00:00\",\"mainEntityOfPage\":{\"@id\":\"https:\\\/\\\/blogs.uef.fi\\\/jatkuvaoppiminen\\\/2016\\\/06\\\/09\\\/nollakurssilainen-tyoelamajaksolla\\\/\"},\"wordCount\":815,\"commentCount\":0,\"image\":{\"@id\":\"https:\\\/\\\/blogs.uef.fi\\\/jatkuvaoppiminen\\\/2016\\\/06\\\/09\\\/nollakurssilainen-tyoelamajaksolla\\\/#primaryimage\"},\"thumbnailUrl\":\"https:\\\/\\\/blogs.uef.fi\\\/jatkuvaoppiminen\\\/wp-content\\\/uploads\\\/sites\\\/160\\\/2016\\\/06\\\/aducate_kielikoulutus1-1024x682.jpg\",\"articleSection\":[\"Kansainv\u00e4lisyys ja kulttuurit\",\"Ty\u00f6llistyminen\"],\"inLanguage\":\"fi\",\"potentialAction\":[{\"@type\":\"CommentAction\",\"name\":\"Comment\",\"target\":[\"https:\\\/\\\/blogs.uef.fi\\\/jatkuvaoppiminen\\\/2016\\\/06\\\/09\\\/nollakurssilainen-tyoelamajaksolla\\\/#respond\"]}]},{\"@type\":\"WebPage\",\"@id\":\"https:\\\/\\\/blogs.uef.fi\\\/jatkuvaoppiminen\\\/2016\\\/06\\\/09\\\/nollakurssilainen-tyoelamajaksolla\\\/\",\"url\":\"https:\\\/\\\/blogs.uef.fi\\\/jatkuvaoppiminen\\\/2016\\\/06\\\/09\\\/nollakurssilainen-tyoelamajaksolla\\\/\",\"name\":\"Nollakurssilainen ty\u00f6el\u00e4m\u00e4jaksolla - Jatkuva oppiminen\",\"isPartOf\":{\"@id\":\"https:\\\/\\\/blogs.uef.fi\\\/jatkuvaoppiminen\\\/#website\"},\"primaryImageOfPage\":{\"@id\":\"https:\\\/\\\/blogs.uef.fi\\\/jatkuvaoppiminen\\\/2016\\\/06\\\/09\\\/nollakurssilainen-tyoelamajaksolla\\\/#primaryimage\"},\"image\":{\"@id\":\"https:\\\/\\\/blogs.uef.fi\\\/jatkuvaoppiminen\\\/2016\\\/06\\\/09\\\/nollakurssilainen-tyoelamajaksolla\\\/#primaryimage\"},\"thumbnailUrl\":\"https:\\\/\\\/blogs.uef.fi\\\/jatkuvaoppiminen\\\/wp-content\\\/uploads\\\/sites\\\/160\\\/2016\\\/06\\\/aducate_kielikoulutus1-1024x682.jpg\",\"datePublished\":\"2016-06-09T06:23:56+00:00\",\"dateModified\":\"2025-07-08T12:27:41+00:00\",\"author\":{\"@id\":\"https:\\\/\\\/blogs.uef.fi\\\/jatkuvaoppiminen\\\/#\\\/schema\\\/person\\\/68b9405b92c78017eecd7b0679c34075\"},\"breadcrumb\":{\"@id\":\"https:\\\/\\\/blogs.uef.fi\\\/jatkuvaoppiminen\\\/2016\\\/06\\\/09\\\/nollakurssilainen-tyoelamajaksolla\\\/#breadcrumb\"},\"inLanguage\":\"fi\",\"potentialAction\":[{\"@type\":\"ReadAction\",\"target\":[\"https:\\\/\\\/blogs.uef.fi\\\/jatkuvaoppiminen\\\/2016\\\/06\\\/09\\\/nollakurssilainen-tyoelamajaksolla\\\/\"]}]},{\"@type\":\"ImageObject\",\"inLanguage\":\"fi\",\"@id\":\"https:\\\/\\\/blogs.uef.fi\\\/jatkuvaoppiminen\\\/2016\\\/06\\\/09\\\/nollakurssilainen-tyoelamajaksolla\\\/#primaryimage\",\"url\":\"\",\"contentUrl\":\"\"},{\"@type\":\"BreadcrumbList\",\"@id\":\"https:\\\/\\\/blogs.uef.fi\\\/jatkuvaoppiminen\\\/2016\\\/06\\\/09\\\/nollakurssilainen-tyoelamajaksolla\\\/#breadcrumb\",\"itemListElement\":[{\"@type\":\"ListItem\",\"position\":1,\"name\":\"Home\",\"item\":\"https:\\\/\\\/blogs.uef.fi\\\/jatkuvaoppiminen\\\/\"},{\"@type\":\"ListItem\",\"position\":2,\"name\":\"Nollakurssilainen ty\u00f6el\u00e4m\u00e4jaksolla\"}]},{\"@type\":\"WebSite\",\"@id\":\"https:\\\/\\\/blogs.uef.fi\\\/jatkuvaoppiminen\\\/#website\",\"url\":\"https:\\\/\\\/blogs.uef.fi\\\/jatkuvaoppiminen\\\/\",\"name\":\"Jatkuva oppiminen\",\"description\":\"\",\"potentialAction\":[{\"@type\":\"SearchAction\",\"target\":{\"@type\":\"EntryPoint\",\"urlTemplate\":\"https:\\\/\\\/blogs.uef.fi\\\/jatkuvaoppiminen\\\/?s={search_term_string}\"},\"query-input\":{\"@type\":\"PropertyValueSpecification\",\"valueRequired\":true,\"valueName\":\"search_term_string\"}}],\"inLanguage\":\"fi\"},{\"@type\":\"Person\",\"@id\":\"https:\\\/\\\/blogs.uef.fi\\\/jatkuvaoppiminen\\\/#\\\/schema\\\/person\\\/68b9405b92c78017eecd7b0679c34075\",\"name\":\"uef-admin\",\"image\":{\"@type\":\"ImageObject\",\"inLanguage\":\"fi\",\"@id\":\"https:\\\/\\\/secure.gravatar.com\\\/avatar\\\/6c9f5016c320b72333096361e494f2c004505657367d2847a11e96de0655f758?s=96&d=mm&r=g\",\"url\":\"https:\\\/\\\/secure.gravatar.com\\\/avatar\\\/6c9f5016c320b72333096361e494f2c004505657367d2847a11e96de0655f758?s=96&d=mm&r=g\",\"contentUrl\":\"https:\\\/\\\/secure.gravatar.com\\\/avatar\\\/6c9f5016c320b72333096361e494f2c004505657367d2847a11e96de0655f758?s=96&d=mm&r=g\",\"caption\":\"uef-admin\"},\"url\":\"https:\\\/\\\/blogs.uef.fi\\\/jatkuvaoppiminen\\\/author\\\/uef-admin\\\/\"}]}<\/script>\n<!-- \/ Yoast SEO plugin. -->","yoast_head_json":{"title":"Nollakurssilainen ty\u00f6el\u00e4m\u00e4jaksolla - Jatkuva oppiminen","robots":{"index":"index","follow":"follow","max-snippet":"max-snippet:-1","max-image-preview":"max-image-preview:large","max-video-preview":"max-video-preview:-1"},"canonical":"https:\/\/blogs.uef.fi\/jatkuvaoppiminen\/2016\/06\/09\/nollakurssilainen-tyoelamajaksolla\/","og_locale":"fi_FI","og_type":"article","og_title":"Nollakurssilainen ty\u00f6el\u00e4m\u00e4jaksolla - Jatkuva oppiminen","og_description":"Terveisi\u00e4 p\u00e4iv\u00e4kodista, koulusta, autokorjaamosta, apteekista, kuntosalilta, 4H:sta, tilapalveluista, liikenneasemalta sek\u00e4 musiikki- ja ohjelmapalveluita tuottavasta firmasta! Kotoutumiskoulutuksessa olleet nollakurssilaiseni k\u00e4viv\u00e4t tammi\u2013helmikuussa ty\u00f6el\u00e4m\u00e4jaksolla opiskeltuaan suomea vaivaiset 14 viikkoa eli 70 kurssip\u00e4iv\u00e4\u00e4. Nollakurssilainen tarkoittaa opiskelijaa, joka ei ole ennen koulutusta osannut suomea sanaakaan. Sadan p\u00e4iv\u00e4n mittaisen kurssin tavoitteena on kehittyv\u00e4 alkeiskielitaito. K\u00e4yt\u00e4nn\u00f6ss\u00e4 t\u00e4m\u00e4 tarkoittaa sit\u00e4, ett\u00e4 opiskelija ymm\u00e4rt\u00e4\u00e4 [&hellip;]","og_url":"https:\/\/blogs.uef.fi\/jatkuvaoppiminen\/2016\/06\/09\/nollakurssilainen-tyoelamajaksolla\/","og_site_name":"Jatkuva oppiminen","article_published_time":"2016-06-09T06:23:56+00:00","article_modified_time":"2025-07-08T12:27:41+00:00","author":"uef-admin","twitter_card":"summary_large_image","twitter_misc":{"Kirjoittanut":"uef-admin","Arvioitu lukuaika":"5 minuuttia"},"schema":{"@context":"https:\/\/schema.org","@graph":[{"@type":"Article","@id":"https:\/\/blogs.uef.fi\/jatkuvaoppiminen\/2016\/06\/09\/nollakurssilainen-tyoelamajaksolla\/#article","isPartOf":{"@id":"https:\/\/blogs.uef.fi\/jatkuvaoppiminen\/2016\/06\/09\/nollakurssilainen-tyoelamajaksolla\/"},"author":{"name":"uef-admin","@id":"https:\/\/blogs.uef.fi\/jatkuvaoppiminen\/#\/schema\/person\/68b9405b92c78017eecd7b0679c34075"},"headline":"Nollakurssilainen ty\u00f6el\u00e4m\u00e4jaksolla","datePublished":"2016-06-09T06:23:56+00:00","dateModified":"2025-07-08T12:27:41+00:00","mainEntityOfPage":{"@id":"https:\/\/blogs.uef.fi\/jatkuvaoppiminen\/2016\/06\/09\/nollakurssilainen-tyoelamajaksolla\/"},"wordCount":815,"commentCount":0,"image":{"@id":"https:\/\/blogs.uef.fi\/jatkuvaoppiminen\/2016\/06\/09\/nollakurssilainen-tyoelamajaksolla\/#primaryimage"},"thumbnailUrl":"https:\/\/blogs.uef.fi\/jatkuvaoppiminen\/wp-content\/uploads\/sites\/160\/2016\/06\/aducate_kielikoulutus1-1024x682.jpg","articleSection":["Kansainv\u00e4lisyys ja kulttuurit","Ty\u00f6llistyminen"],"inLanguage":"fi","potentialAction":[{"@type":"CommentAction","name":"Comment","target":["https:\/\/blogs.uef.fi\/jatkuvaoppiminen\/2016\/06\/09\/nollakurssilainen-tyoelamajaksolla\/#respond"]}]},{"@type":"WebPage","@id":"https:\/\/blogs.uef.fi\/jatkuvaoppiminen\/2016\/06\/09\/nollakurssilainen-tyoelamajaksolla\/","url":"https:\/\/blogs.uef.fi\/jatkuvaoppiminen\/2016\/06\/09\/nollakurssilainen-tyoelamajaksolla\/","name":"Nollakurssilainen ty\u00f6el\u00e4m\u00e4jaksolla - Jatkuva oppiminen","isPartOf":{"@id":"https:\/\/blogs.uef.fi\/jatkuvaoppiminen\/#website"},"primaryImageOfPage":{"@id":"https:\/\/blogs.uef.fi\/jatkuvaoppiminen\/2016\/06\/09\/nollakurssilainen-tyoelamajaksolla\/#primaryimage"},"image":{"@id":"https:\/\/blogs.uef.fi\/jatkuvaoppiminen\/2016\/06\/09\/nollakurssilainen-tyoelamajaksolla\/#primaryimage"},"thumbnailUrl":"https:\/\/blogs.uef.fi\/jatkuvaoppiminen\/wp-content\/uploads\/sites\/160\/2016\/06\/aducate_kielikoulutus1-1024x682.jpg","datePublished":"2016-06-09T06:23:56+00:00","dateModified":"2025-07-08T12:27:41+00:00","author":{"@id":"https:\/\/blogs.uef.fi\/jatkuvaoppiminen\/#\/schema\/person\/68b9405b92c78017eecd7b0679c34075"},"breadcrumb":{"@id":"https:\/\/blogs.uef.fi\/jatkuvaoppiminen\/2016\/06\/09\/nollakurssilainen-tyoelamajaksolla\/#breadcrumb"},"inLanguage":"fi","potentialAction":[{"@type":"ReadAction","target":["https:\/\/blogs.uef.fi\/jatkuvaoppiminen\/2016\/06\/09\/nollakurssilainen-tyoelamajaksolla\/"]}]},{"@type":"ImageObject","inLanguage":"fi","@id":"https:\/\/blogs.uef.fi\/jatkuvaoppiminen\/2016\/06\/09\/nollakurssilainen-tyoelamajaksolla\/#primaryimage","url":"","contentUrl":""},{"@type":"BreadcrumbList","@id":"https:\/\/blogs.uef.fi\/jatkuvaoppiminen\/2016\/06\/09\/nollakurssilainen-tyoelamajaksolla\/#breadcrumb","itemListElement":[{"@type":"ListItem","position":1,"name":"Home","item":"https:\/\/blogs.uef.fi\/jatkuvaoppiminen\/"},{"@type":"ListItem","position":2,"name":"Nollakurssilainen ty\u00f6el\u00e4m\u00e4jaksolla"}]},{"@type":"WebSite","@id":"https:\/\/blogs.uef.fi\/jatkuvaoppiminen\/#website","url":"https:\/\/blogs.uef.fi\/jatkuvaoppiminen\/","name":"Jatkuva oppiminen","description":"","potentialAction":[{"@type":"SearchAction","target":{"@type":"EntryPoint","urlTemplate":"https:\/\/blogs.uef.fi\/jatkuvaoppiminen\/?s={search_term_string}"},"query-input":{"@type":"PropertyValueSpecification","valueRequired":true,"valueName":"search_term_string"}}],"inLanguage":"fi"},{"@type":"Person","@id":"https:\/\/blogs.uef.fi\/jatkuvaoppiminen\/#\/schema\/person\/68b9405b92c78017eecd7b0679c34075","name":"uef-admin","image":{"@type":"ImageObject","inLanguage":"fi","@id":"https:\/\/secure.gravatar.com\/avatar\/6c9f5016c320b72333096361e494f2c004505657367d2847a11e96de0655f758?s=96&d=mm&r=g","url":"https:\/\/secure.gravatar.com\/avatar\/6c9f5016c320b72333096361e494f2c004505657367d2847a11e96de0655f758?s=96&d=mm&r=g","contentUrl":"https:\/\/secure.gravatar.com\/avatar\/6c9f5016c320b72333096361e494f2c004505657367d2847a11e96de0655f758?s=96&d=mm&r=g","caption":"uef-admin"},"url":"https:\/\/blogs.uef.fi\/jatkuvaoppiminen\/author\/uef-admin\/"}]}},"_links":{"self":[{"href":"https:\/\/blogs.uef.fi\/jatkuvaoppiminen\/wp-json\/wp\/v2\/posts\/1233","targetHints":{"allow":["GET"]}}],"collection":[{"href":"https:\/\/blogs.uef.fi\/jatkuvaoppiminen\/wp-json\/wp\/v2\/posts"}],"about":[{"href":"https:\/\/blogs.uef.fi\/jatkuvaoppiminen\/wp-json\/wp\/v2\/types\/post"}],"author":[{"embeddable":true,"href":"https:\/\/blogs.uef.fi\/jatkuvaoppiminen\/wp-json\/wp\/v2\/users\/1"}],"replies":[{"embeddable":true,"href":"https:\/\/blogs.uef.fi\/jatkuvaoppiminen\/wp-json\/wp\/v2\/comments?post=1233"}],"version-history":[{"count":1,"href":"https:\/\/blogs.uef.fi\/jatkuvaoppiminen\/wp-json\/wp\/v2\/posts\/1233\/revisions"}],"predecessor-version":[{"id":5613,"href":"https:\/\/blogs.uef.fi\/jatkuvaoppiminen\/wp-json\/wp\/v2\/posts\/1233\/revisions\/5613"}],"wp:attachment":[{"href":"https:\/\/blogs.uef.fi\/jatkuvaoppiminen\/wp-json\/wp\/v2\/media?parent=1233"}],"wp:term":[{"taxonomy":"category","embeddable":true,"href":"https:\/\/blogs.uef.fi\/jatkuvaoppiminen\/wp-json\/wp\/v2\/categories?post=1233"},{"taxonomy":"post_tag","embeddable":true,"href":"https:\/\/blogs.uef.fi\/jatkuvaoppiminen\/wp-json\/wp\/v2\/tags?post=1233"}],"curies":[{"name":"wp","href":"https:\/\/api.w.org\/{rel}","templated":true}]}}