{"id":1124,"date":"2016-04-21T06:53:52","date_gmt":"2016-04-21T06:53:52","guid":{"rendered":"https:\/\/weaducate.wordpress.com\/?p=1124"},"modified":"2025-07-08T14:01:14","modified_gmt":"2025-07-08T12:01:14","slug":"onko-sosiaalipedagogiikan-aika-nyt","status":"publish","type":"post","link":"https:\/\/blogs.uef.fi\/jatkuvaoppiminen\/2016\/04\/21\/onko-sosiaalipedagogiikan-aika-nyt\/","title":{"rendered":"Onko sosiaalipedagogiikan aika nyt?"},"content":{"rendered":"\n<p>Jos et ole sattunut huomaamaan, el\u00e4mme taas kerran yhteiskunnassamme isoja muutosprosesseja ja ne vaikuttavat kansalaisten, perheiden ja yksil\u00f6iden arkeen ep\u00e4varmuutta lis\u00e4ten. Puhutaan paljon nuorten syrj\u00e4ytymisest\u00e4, ty\u00f6tt\u00f6myyden seurauksista ja ik\u00e4\u00e4ntyv\u00e4n v\u00e4est\u00f6nosan asemasta yhteiskunnan reunalla. Perheiden arki talouden puristuksessa n\u00e4kyy lastensuojelun paineina ja niiden ehk\u00e4isemiseen etsit\u00e4\u00e4n kiivaasti keinoja. Maahanmuutto on tuonut Suomeen aivan uudenlaisen palvelujen tarvitsijoiden ryhm\u00e4n ja nostanut suomalaiselle yhteiskunnalle vieraan ilmi\u00f6n kaikkien n\u00e4ht\u00e4v\u00e4ksi. Suomalaisen yhteiskunnan perusta on ajattelun aallokossa, jossa laineet ly\u00f6v\u00e4t ja keinuntaa olisi pystytt\u00e4v\u00e4 hillitsem\u00e4\u00e4n.<\/p>\n\n\n\n<p>Voisiko apua ainakin ammattilaisten ty\u00f6h\u00f6n tulla sosiaalipedagogisesta orientaatiosta, joka tarttui noihin ilmi\u00f6ihin jo aikaa sitten?<\/p>\n\n\n\n<p>Sosiaalipedagoginen ajattelu ja toiminta sai alkunsa 1800-luvulla Keski-Euroopan muutosprosesseista, jotka mursivat sen ajan yhteiskunnan rakenteita ja el\u00e4m\u00e4nmuotoa. Sosiaalipedagogiikka syntyi pyrkimyksist\u00e4 ehk\u00e4ist\u00e4 ja lievitt\u00e4\u00e4 t\u00e4st\u00e4 aiheutuvia sosiaalisia ongelmia, varsinkin perheen kasvatuskyvyn heikkenemisest\u00e4 aiheutunutta lasten ja nuorten laiminly\u00f6dyksi joutumisen ongelmaa. K\u00f6yhyys, avuttomuus ja poikkeavuus eri muodoissaan sek\u00e4 syrj\u00e4ytyminen ja sosiaalinen deprivaatio ovat sosiaalipedagogisen ty\u00f6n keskeist\u00e4 toimintakentt\u00e4\u00e4 edelleen. Sosiaalipedagogiikan kiinnostuksen kohteina ovat ne inhimillisen kasvun prosessit, jotka liittyv\u00e4t esimerkiksi yhteiskuntaan integroitumiseen ja yksil\u00f6n k\u00e4sitykseen itsest\u00e4\u00e4n. Sosiaalipedagoginen toiminta on nimenomaan kasvattamista yhteis\u00f6\u00e4 varten, yhteis\u00f6ss\u00e4 ja yhdess\u00e4 yhteis\u00f6n kanssa. Sosiaalipedagogiikka yhdist\u00e4\u00e4 n\u00e4in kasvatustieteellisen ja yhteiskuntatieteellisen n\u00e4k\u00f6kulman.<\/p>\n\n\n\n<figure class=\"wp-block-image size-full\"><img decoding=\"async\" src=\"https:\/\/blogs.uef.fi\/jatkuvaoppiminen\/wp-content\/uploads\/sites\/160\/2016\/04\/aducate_sosiaalipedagogiikka.jpg\" alt=\"\" class=\"wp-image-1141\" \/><\/figure>\n\n\n\n<p>Sosiaalipedagogiikalla on kaksi teht\u00e4v\u00e4\u00e4. Kansalaisuusn\u00e4k\u00f6kulmasta tarkasteltuna sosiaalipedagoginen ty\u00f6 on yleist\u00e4 kasvatusta, joka koskee kaikkia yhteiskunnan j\u00e4seni\u00e4. Huono-osaisuusn\u00e4k\u00f6kulmasta sosiaalipedagogiikka pyrkii taas auttamaan yhteiskunnan huono-osaisia ja tuen tarpeessa olevia. Yksil\u00f6n kasvatukseen sis\u00e4ltyv\u00e4 sosiaalinen aspekti koskee niin tavallisia kansalaisia kuin syrj\u00e4ytyneit\u00e4kin. T\u00e4ss\u00e4 mieless\u00e4 sosiaalipedagogiikka kohtelee kansalaisia tasapuolisesti; tarkastelun kohteena ovat inhimillisen kasvun prosessit, joiden kautta ihminen saavuttaa yhteiskunnallista osallisuutta, hyvinvointia, toimintakyky\u00e4 ja el\u00e4m\u00e4nhallintaa ja varttuu t\u00e4ysvaltaiseksi kansalaiseksi.<\/p>\n\n\n\n<p>Sosiaalipedagogisesta ajattelusta hy\u00f6tyv\u00e4t sellaiset ammattilaiset, joiden ty\u00f6h\u00f6n kuuluu asiakkaan muutoksen k\u00e4ynnist\u00e4minen, eteenp\u00e4in vieminen ja sen tukeminen. Ammattilainen auttaa asiakastaan l\u00f6yt\u00e4m\u00e4\u00e4n omat voimavaransa ja oma polkunsa muutoksen l\u00e4pi. Kaikki kasvatusty\u00f6t\u00e4 tekev\u00e4t voivat soveltaa sosiaalipedagogista orientaatiota ja se soveltuu hyvin esim. sosiaality\u00f6n tueksi, kun pyrit\u00e4\u00e4n muuttamaan asiakkaan olosuhteita paremmiksi.<\/p>\n\n\n\n<p>Sosiaalipedagogiikkaa on nyt tarjolla Aducatessa sek\u00e4 avoimen yliopiston tarjonnassa ett\u00e4 <a href=\"http:\/\/www.uef.fi\/web\/aducate\/-\/kiinnostaako-sosiaalipedagogiikan-opiskelu-\">t\u00e4ydennyskoulutuksen verkkokurssina<\/a>. Avoimessa yliopistossa voi suorittaa <a href=\"http:\/\/www.avoinyliopisto.fi\/fi-FI\/Opetustarjonta\/StudyUnit.aspx?StyleSuffix=UrlQuery&amp;StudyUnitId=02288834-6bf0-400d-afdf-4149b7315800\">sosiaalipedagogiikan perusopinnot<\/a>. Verkko-opinnot sopivat t\u00e4ydennyskoulutukseksi sellaiselle, joka haluaa ammatillisesta n\u00e4k\u00f6kulmasta ymm\u00e4rt\u00e4\u00e4, mit\u00e4 sosiaalipedagogiikka on ja mihin sit\u00e4 k\u00e4yt\u00e4nn\u00f6n ty\u00f6ss\u00e4 voi soveltaa. Sen j\u00e4lkeen ymm\u00e4rryst\u00e4 on mahdollista syvent\u00e4\u00e4 avoimen yliopiston opinnoilla.<\/p>\n\n\n\n<p>Kirjoittajat<\/p>\n\n\n\n<figure class=\"wp-block-image size-large is-resized\"><img loading=\"lazy\" decoding=\"async\" width=\"682\" height=\"1024\" src=\"https:\/\/blogs.uef.fi\/jatkuvaoppiminen\/wp-content\/uploads\/sites\/160\/2016\/04\/okulov-seija-10x15-1-682x1024.jpg\" alt=\"\" class=\"wp-image-1135\" style=\"width:170px;height:auto\" srcset=\"https:\/\/blogs.uef.fi\/jatkuvaoppiminen\/wp-content\/uploads\/sites\/160\/2016\/04\/okulov-seija-10x15-1-682x1024.jpg 682w, https:\/\/blogs.uef.fi\/jatkuvaoppiminen\/wp-content\/uploads\/sites\/160\/2016\/04\/okulov-seija-10x15-1-200x300.jpg 200w, https:\/\/blogs.uef.fi\/jatkuvaoppiminen\/wp-content\/uploads\/sites\/160\/2016\/04\/okulov-seija-10x15-1-768x1152.jpg 768w, https:\/\/blogs.uef.fi\/jatkuvaoppiminen\/wp-content\/uploads\/sites\/160\/2016\/04\/okulov-seija-10x15-1-1024x1536.jpg 1024w, https:\/\/blogs.uef.fi\/jatkuvaoppiminen\/wp-content\/uploads\/sites\/160\/2016\/04\/okulov-seija-10x15-1.jpg 1181w\" sizes=\"auto, (max-width: 682px) 100vw, 682px\" \/><\/figure>\n\n\n\n<p>Seija Okulov<br>suunnittelija<br>Aducate<\/p>\n\n\n\n<figure class=\"wp-block-image size-large is-resized\"><img loading=\"lazy\" decoding=\"async\" width=\"682\" height=\"1024\" src=\"https:\/\/blogs.uef.fi\/jatkuvaoppiminen\/wp-content\/uploads\/sites\/160\/2016\/04\/puusjc3a4rvi-soininen-pc3a4ivi-10x15-1-682x1024.jpg\" alt=\"\" class=\"wp-image-1136\" style=\"width:175px;height:auto\" srcset=\"https:\/\/blogs.uef.fi\/jatkuvaoppiminen\/wp-content\/uploads\/sites\/160\/2016\/04\/puusjc3a4rvi-soininen-pc3a4ivi-10x15-1-682x1024.jpg 682w, https:\/\/blogs.uef.fi\/jatkuvaoppiminen\/wp-content\/uploads\/sites\/160\/2016\/04\/puusjc3a4rvi-soininen-pc3a4ivi-10x15-1-200x300.jpg 200w, https:\/\/blogs.uef.fi\/jatkuvaoppiminen\/wp-content\/uploads\/sites\/160\/2016\/04\/puusjc3a4rvi-soininen-pc3a4ivi-10x15-1-768x1152.jpg 768w, https:\/\/blogs.uef.fi\/jatkuvaoppiminen\/wp-content\/uploads\/sites\/160\/2016\/04\/puusjc3a4rvi-soininen-pc3a4ivi-10x15-1-1024x1536.jpg 1024w, https:\/\/blogs.uef.fi\/jatkuvaoppiminen\/wp-content\/uploads\/sites\/160\/2016\/04\/puusjc3a4rvi-soininen-pc3a4ivi-10x15-1.jpg 1181w\" sizes=\"auto, (max-width: 682px) 100vw, 682px\" \/><\/figure>\n\n\n\n<p>P\u00e4ivi Puustj\u00e4rvi-Soininen<br>suunnittelija<br>Aducate<\/p>\n","protected":false},"excerpt":{"rendered":"<p>Jos et ole sattunut huomaamaan, el\u00e4mme taas kerran yhteiskunnassamme isoja muutosprosesseja ja ne vaikuttavat kansalaisten, perheiden ja yksil\u00f6iden arkeen ep\u00e4varmuutta lis\u00e4ten. Puhutaan paljon nuorten syrj\u00e4ytymisest\u00e4, ty\u00f6tt\u00f6myyden seurauksista ja ik\u00e4\u00e4ntyv\u00e4n v\u00e4est\u00f6nosan asemasta yhteiskunnan reunalla. Perheiden arki talouden puristuksessa n\u00e4kyy lastensuojelun paineina ja niiden ehk\u00e4isemiseen etsit\u00e4\u00e4n kiivaasti keinoja. Maahanmuutto on tuonut Suomeen aivan uudenlaisen palvelujen tarvitsijoiden ryhm\u00e4n [&hellip;]<\/p>\n","protected":false},"author":1,"featured_media":0,"comment_status":"open","ping_status":"open","sticky":false,"template":"","format":"standard","meta":{"_acf_changed":false,"footnotes":""},"categories":[14],"tags":[],"class_list":["post-1124","post","type-post","status-publish","format-standard","hentry","category-muut-kirjoitukset"],"acf":[],"yoast_head":"<!-- This site is optimized with the Yoast SEO plugin v27.3 - https:\/\/yoast.com\/product\/yoast-seo-wordpress\/ -->\n<title>Onko sosiaalipedagogiikan aika nyt? - Jatkuva oppiminen<\/title>\n<meta name=\"robots\" content=\"index, follow, max-snippet:-1, max-image-preview:large, max-video-preview:-1\" \/>\n<link rel=\"canonical\" href=\"https:\/\/blogs.uef.fi\/jatkuvaoppiminen\/2016\/04\/21\/onko-sosiaalipedagogiikan-aika-nyt\/\" \/>\n<meta property=\"og:locale\" content=\"fi_FI\" \/>\n<meta property=\"og:type\" content=\"article\" \/>\n<meta property=\"og:title\" content=\"Onko sosiaalipedagogiikan aika nyt? - Jatkuva oppiminen\" \/>\n<meta property=\"og:description\" content=\"Jos et ole sattunut huomaamaan, el\u00e4mme taas kerran yhteiskunnassamme isoja muutosprosesseja ja ne vaikuttavat kansalaisten, perheiden ja yksil\u00f6iden arkeen ep\u00e4varmuutta lis\u00e4ten. Puhutaan paljon nuorten syrj\u00e4ytymisest\u00e4, ty\u00f6tt\u00f6myyden seurauksista ja ik\u00e4\u00e4ntyv\u00e4n v\u00e4est\u00f6nosan asemasta yhteiskunnan reunalla. Perheiden arki talouden puristuksessa n\u00e4kyy lastensuojelun paineina ja niiden ehk\u00e4isemiseen etsit\u00e4\u00e4n kiivaasti keinoja. Maahanmuutto on tuonut Suomeen aivan uudenlaisen palvelujen tarvitsijoiden ryhm\u00e4n [&hellip;]\" \/>\n<meta property=\"og:url\" content=\"https:\/\/blogs.uef.fi\/jatkuvaoppiminen\/2016\/04\/21\/onko-sosiaalipedagogiikan-aika-nyt\/\" \/>\n<meta property=\"og:site_name\" content=\"Jatkuva oppiminen\" \/>\n<meta property=\"article:published_time\" content=\"2016-04-21T06:53:52+00:00\" \/>\n<meta property=\"article:modified_time\" content=\"2025-07-08T12:01:14+00:00\" \/>\n<meta name=\"author\" content=\"uef-admin\" \/>\n<meta name=\"twitter:card\" content=\"summary_large_image\" \/>\n<meta name=\"twitter:label1\" content=\"Kirjoittanut\" \/>\n\t<meta name=\"twitter:data1\" content=\"uef-admin\" \/>\n\t<meta name=\"twitter:label2\" content=\"Arvioitu lukuaika\" \/>\n\t<meta name=\"twitter:data2\" content=\"3 minuuttia\" \/>\n<script type=\"application\/ld+json\" class=\"yoast-schema-graph\">{\"@context\":\"https:\\\/\\\/schema.org\",\"@graph\":[{\"@type\":\"Article\",\"@id\":\"https:\\\/\\\/blogs.uef.fi\\\/jatkuvaoppiminen\\\/2016\\\/04\\\/21\\\/onko-sosiaalipedagogiikan-aika-nyt\\\/#article\",\"isPartOf\":{\"@id\":\"https:\\\/\\\/blogs.uef.fi\\\/jatkuvaoppiminen\\\/2016\\\/04\\\/21\\\/onko-sosiaalipedagogiikan-aika-nyt\\\/\"},\"author\":{\"name\":\"uef-admin\",\"@id\":\"https:\\\/\\\/blogs.uef.fi\\\/jatkuvaoppiminen\\\/#\\\/schema\\\/person\\\/68b9405b92c78017eecd7b0679c34075\"},\"headline\":\"Onko sosiaalipedagogiikan aika nyt?\",\"datePublished\":\"2016-04-21T06:53:52+00:00\",\"dateModified\":\"2025-07-08T12:01:14+00:00\",\"mainEntityOfPage\":{\"@id\":\"https:\\\/\\\/blogs.uef.fi\\\/jatkuvaoppiminen\\\/2016\\\/04\\\/21\\\/onko-sosiaalipedagogiikan-aika-nyt\\\/\"},\"wordCount\":434,\"commentCount\":0,\"image\":{\"@id\":\"https:\\\/\\\/blogs.uef.fi\\\/jatkuvaoppiminen\\\/2016\\\/04\\\/21\\\/onko-sosiaalipedagogiikan-aika-nyt\\\/#primaryimage\"},\"thumbnailUrl\":\"https:\\\/\\\/blogs.uef.fi\\\/jatkuvaoppiminen\\\/wp-content\\\/uploads\\\/sites\\\/160\\\/2016\\\/04\\\/aducate_sosiaalipedagogiikka.jpg\",\"articleSection\":[\"Muut kirjoitukset\"],\"inLanguage\":\"fi\",\"potentialAction\":[{\"@type\":\"CommentAction\",\"name\":\"Comment\",\"target\":[\"https:\\\/\\\/blogs.uef.fi\\\/jatkuvaoppiminen\\\/2016\\\/04\\\/21\\\/onko-sosiaalipedagogiikan-aika-nyt\\\/#respond\"]}]},{\"@type\":\"WebPage\",\"@id\":\"https:\\\/\\\/blogs.uef.fi\\\/jatkuvaoppiminen\\\/2016\\\/04\\\/21\\\/onko-sosiaalipedagogiikan-aika-nyt\\\/\",\"url\":\"https:\\\/\\\/blogs.uef.fi\\\/jatkuvaoppiminen\\\/2016\\\/04\\\/21\\\/onko-sosiaalipedagogiikan-aika-nyt\\\/\",\"name\":\"Onko sosiaalipedagogiikan aika nyt? - Jatkuva oppiminen\",\"isPartOf\":{\"@id\":\"https:\\\/\\\/blogs.uef.fi\\\/jatkuvaoppiminen\\\/#website\"},\"primaryImageOfPage\":{\"@id\":\"https:\\\/\\\/blogs.uef.fi\\\/jatkuvaoppiminen\\\/2016\\\/04\\\/21\\\/onko-sosiaalipedagogiikan-aika-nyt\\\/#primaryimage\"},\"image\":{\"@id\":\"https:\\\/\\\/blogs.uef.fi\\\/jatkuvaoppiminen\\\/2016\\\/04\\\/21\\\/onko-sosiaalipedagogiikan-aika-nyt\\\/#primaryimage\"},\"thumbnailUrl\":\"https:\\\/\\\/blogs.uef.fi\\\/jatkuvaoppiminen\\\/wp-content\\\/uploads\\\/sites\\\/160\\\/2016\\\/04\\\/aducate_sosiaalipedagogiikka.jpg\",\"datePublished\":\"2016-04-21T06:53:52+00:00\",\"dateModified\":\"2025-07-08T12:01:14+00:00\",\"author\":{\"@id\":\"https:\\\/\\\/blogs.uef.fi\\\/jatkuvaoppiminen\\\/#\\\/schema\\\/person\\\/68b9405b92c78017eecd7b0679c34075\"},\"breadcrumb\":{\"@id\":\"https:\\\/\\\/blogs.uef.fi\\\/jatkuvaoppiminen\\\/2016\\\/04\\\/21\\\/onko-sosiaalipedagogiikan-aika-nyt\\\/#breadcrumb\"},\"inLanguage\":\"fi\",\"potentialAction\":[{\"@type\":\"ReadAction\",\"target\":[\"https:\\\/\\\/blogs.uef.fi\\\/jatkuvaoppiminen\\\/2016\\\/04\\\/21\\\/onko-sosiaalipedagogiikan-aika-nyt\\\/\"]}]},{\"@type\":\"ImageObject\",\"inLanguage\":\"fi\",\"@id\":\"https:\\\/\\\/blogs.uef.fi\\\/jatkuvaoppiminen\\\/2016\\\/04\\\/21\\\/onko-sosiaalipedagogiikan-aika-nyt\\\/#primaryimage\",\"url\":\"\",\"contentUrl\":\"\"},{\"@type\":\"BreadcrumbList\",\"@id\":\"https:\\\/\\\/blogs.uef.fi\\\/jatkuvaoppiminen\\\/2016\\\/04\\\/21\\\/onko-sosiaalipedagogiikan-aika-nyt\\\/#breadcrumb\",\"itemListElement\":[{\"@type\":\"ListItem\",\"position\":1,\"name\":\"Home\",\"item\":\"https:\\\/\\\/blogs.uef.fi\\\/jatkuvaoppiminen\\\/\"},{\"@type\":\"ListItem\",\"position\":2,\"name\":\"Onko sosiaalipedagogiikan aika nyt?\"}]},{\"@type\":\"WebSite\",\"@id\":\"https:\\\/\\\/blogs.uef.fi\\\/jatkuvaoppiminen\\\/#website\",\"url\":\"https:\\\/\\\/blogs.uef.fi\\\/jatkuvaoppiminen\\\/\",\"name\":\"Jatkuva oppiminen\",\"description\":\"\",\"potentialAction\":[{\"@type\":\"SearchAction\",\"target\":{\"@type\":\"EntryPoint\",\"urlTemplate\":\"https:\\\/\\\/blogs.uef.fi\\\/jatkuvaoppiminen\\\/?s={search_term_string}\"},\"query-input\":{\"@type\":\"PropertyValueSpecification\",\"valueRequired\":true,\"valueName\":\"search_term_string\"}}],\"inLanguage\":\"fi\"},{\"@type\":\"Person\",\"@id\":\"https:\\\/\\\/blogs.uef.fi\\\/jatkuvaoppiminen\\\/#\\\/schema\\\/person\\\/68b9405b92c78017eecd7b0679c34075\",\"name\":\"uef-admin\",\"image\":{\"@type\":\"ImageObject\",\"inLanguage\":\"fi\",\"@id\":\"https:\\\/\\\/secure.gravatar.com\\\/avatar\\\/6c9f5016c320b72333096361e494f2c004505657367d2847a11e96de0655f758?s=96&d=mm&r=g\",\"url\":\"https:\\\/\\\/secure.gravatar.com\\\/avatar\\\/6c9f5016c320b72333096361e494f2c004505657367d2847a11e96de0655f758?s=96&d=mm&r=g\",\"contentUrl\":\"https:\\\/\\\/secure.gravatar.com\\\/avatar\\\/6c9f5016c320b72333096361e494f2c004505657367d2847a11e96de0655f758?s=96&d=mm&r=g\",\"caption\":\"uef-admin\"},\"url\":\"https:\\\/\\\/blogs.uef.fi\\\/jatkuvaoppiminen\\\/author\\\/uef-admin\\\/\"}]}<\/script>\n<!-- \/ Yoast SEO plugin. -->","yoast_head_json":{"title":"Onko sosiaalipedagogiikan aika nyt? - Jatkuva oppiminen","robots":{"index":"index","follow":"follow","max-snippet":"max-snippet:-1","max-image-preview":"max-image-preview:large","max-video-preview":"max-video-preview:-1"},"canonical":"https:\/\/blogs.uef.fi\/jatkuvaoppiminen\/2016\/04\/21\/onko-sosiaalipedagogiikan-aika-nyt\/","og_locale":"fi_FI","og_type":"article","og_title":"Onko sosiaalipedagogiikan aika nyt? - Jatkuva oppiminen","og_description":"Jos et ole sattunut huomaamaan, el\u00e4mme taas kerran yhteiskunnassamme isoja muutosprosesseja ja ne vaikuttavat kansalaisten, perheiden ja yksil\u00f6iden arkeen ep\u00e4varmuutta lis\u00e4ten. Puhutaan paljon nuorten syrj\u00e4ytymisest\u00e4, ty\u00f6tt\u00f6myyden seurauksista ja ik\u00e4\u00e4ntyv\u00e4n v\u00e4est\u00f6nosan asemasta yhteiskunnan reunalla. Perheiden arki talouden puristuksessa n\u00e4kyy lastensuojelun paineina ja niiden ehk\u00e4isemiseen etsit\u00e4\u00e4n kiivaasti keinoja. Maahanmuutto on tuonut Suomeen aivan uudenlaisen palvelujen tarvitsijoiden ryhm\u00e4n [&hellip;]","og_url":"https:\/\/blogs.uef.fi\/jatkuvaoppiminen\/2016\/04\/21\/onko-sosiaalipedagogiikan-aika-nyt\/","og_site_name":"Jatkuva oppiminen","article_published_time":"2016-04-21T06:53:52+00:00","article_modified_time":"2025-07-08T12:01:14+00:00","author":"uef-admin","twitter_card":"summary_large_image","twitter_misc":{"Kirjoittanut":"uef-admin","Arvioitu lukuaika":"3 minuuttia"},"schema":{"@context":"https:\/\/schema.org","@graph":[{"@type":"Article","@id":"https:\/\/blogs.uef.fi\/jatkuvaoppiminen\/2016\/04\/21\/onko-sosiaalipedagogiikan-aika-nyt\/#article","isPartOf":{"@id":"https:\/\/blogs.uef.fi\/jatkuvaoppiminen\/2016\/04\/21\/onko-sosiaalipedagogiikan-aika-nyt\/"},"author":{"name":"uef-admin","@id":"https:\/\/blogs.uef.fi\/jatkuvaoppiminen\/#\/schema\/person\/68b9405b92c78017eecd7b0679c34075"},"headline":"Onko sosiaalipedagogiikan aika nyt?","datePublished":"2016-04-21T06:53:52+00:00","dateModified":"2025-07-08T12:01:14+00:00","mainEntityOfPage":{"@id":"https:\/\/blogs.uef.fi\/jatkuvaoppiminen\/2016\/04\/21\/onko-sosiaalipedagogiikan-aika-nyt\/"},"wordCount":434,"commentCount":0,"image":{"@id":"https:\/\/blogs.uef.fi\/jatkuvaoppiminen\/2016\/04\/21\/onko-sosiaalipedagogiikan-aika-nyt\/#primaryimage"},"thumbnailUrl":"https:\/\/blogs.uef.fi\/jatkuvaoppiminen\/wp-content\/uploads\/sites\/160\/2016\/04\/aducate_sosiaalipedagogiikka.jpg","articleSection":["Muut kirjoitukset"],"inLanguage":"fi","potentialAction":[{"@type":"CommentAction","name":"Comment","target":["https:\/\/blogs.uef.fi\/jatkuvaoppiminen\/2016\/04\/21\/onko-sosiaalipedagogiikan-aika-nyt\/#respond"]}]},{"@type":"WebPage","@id":"https:\/\/blogs.uef.fi\/jatkuvaoppiminen\/2016\/04\/21\/onko-sosiaalipedagogiikan-aika-nyt\/","url":"https:\/\/blogs.uef.fi\/jatkuvaoppiminen\/2016\/04\/21\/onko-sosiaalipedagogiikan-aika-nyt\/","name":"Onko sosiaalipedagogiikan aika nyt? - Jatkuva oppiminen","isPartOf":{"@id":"https:\/\/blogs.uef.fi\/jatkuvaoppiminen\/#website"},"primaryImageOfPage":{"@id":"https:\/\/blogs.uef.fi\/jatkuvaoppiminen\/2016\/04\/21\/onko-sosiaalipedagogiikan-aika-nyt\/#primaryimage"},"image":{"@id":"https:\/\/blogs.uef.fi\/jatkuvaoppiminen\/2016\/04\/21\/onko-sosiaalipedagogiikan-aika-nyt\/#primaryimage"},"thumbnailUrl":"https:\/\/blogs.uef.fi\/jatkuvaoppiminen\/wp-content\/uploads\/sites\/160\/2016\/04\/aducate_sosiaalipedagogiikka.jpg","datePublished":"2016-04-21T06:53:52+00:00","dateModified":"2025-07-08T12:01:14+00:00","author":{"@id":"https:\/\/blogs.uef.fi\/jatkuvaoppiminen\/#\/schema\/person\/68b9405b92c78017eecd7b0679c34075"},"breadcrumb":{"@id":"https:\/\/blogs.uef.fi\/jatkuvaoppiminen\/2016\/04\/21\/onko-sosiaalipedagogiikan-aika-nyt\/#breadcrumb"},"inLanguage":"fi","potentialAction":[{"@type":"ReadAction","target":["https:\/\/blogs.uef.fi\/jatkuvaoppiminen\/2016\/04\/21\/onko-sosiaalipedagogiikan-aika-nyt\/"]}]},{"@type":"ImageObject","inLanguage":"fi","@id":"https:\/\/blogs.uef.fi\/jatkuvaoppiminen\/2016\/04\/21\/onko-sosiaalipedagogiikan-aika-nyt\/#primaryimage","url":"","contentUrl":""},{"@type":"BreadcrumbList","@id":"https:\/\/blogs.uef.fi\/jatkuvaoppiminen\/2016\/04\/21\/onko-sosiaalipedagogiikan-aika-nyt\/#breadcrumb","itemListElement":[{"@type":"ListItem","position":1,"name":"Home","item":"https:\/\/blogs.uef.fi\/jatkuvaoppiminen\/"},{"@type":"ListItem","position":2,"name":"Onko sosiaalipedagogiikan aika nyt?"}]},{"@type":"WebSite","@id":"https:\/\/blogs.uef.fi\/jatkuvaoppiminen\/#website","url":"https:\/\/blogs.uef.fi\/jatkuvaoppiminen\/","name":"Jatkuva oppiminen","description":"","potentialAction":[{"@type":"SearchAction","target":{"@type":"EntryPoint","urlTemplate":"https:\/\/blogs.uef.fi\/jatkuvaoppiminen\/?s={search_term_string}"},"query-input":{"@type":"PropertyValueSpecification","valueRequired":true,"valueName":"search_term_string"}}],"inLanguage":"fi"},{"@type":"Person","@id":"https:\/\/blogs.uef.fi\/jatkuvaoppiminen\/#\/schema\/person\/68b9405b92c78017eecd7b0679c34075","name":"uef-admin","image":{"@type":"ImageObject","inLanguage":"fi","@id":"https:\/\/secure.gravatar.com\/avatar\/6c9f5016c320b72333096361e494f2c004505657367d2847a11e96de0655f758?s=96&d=mm&r=g","url":"https:\/\/secure.gravatar.com\/avatar\/6c9f5016c320b72333096361e494f2c004505657367d2847a11e96de0655f758?s=96&d=mm&r=g","contentUrl":"https:\/\/secure.gravatar.com\/avatar\/6c9f5016c320b72333096361e494f2c004505657367d2847a11e96de0655f758?s=96&d=mm&r=g","caption":"uef-admin"},"url":"https:\/\/blogs.uef.fi\/jatkuvaoppiminen\/author\/uef-admin\/"}]}},"_links":{"self":[{"href":"https:\/\/blogs.uef.fi\/jatkuvaoppiminen\/wp-json\/wp\/v2\/posts\/1124","targetHints":{"allow":["GET"]}}],"collection":[{"href":"https:\/\/blogs.uef.fi\/jatkuvaoppiminen\/wp-json\/wp\/v2\/posts"}],"about":[{"href":"https:\/\/blogs.uef.fi\/jatkuvaoppiminen\/wp-json\/wp\/v2\/types\/post"}],"author":[{"embeddable":true,"href":"https:\/\/blogs.uef.fi\/jatkuvaoppiminen\/wp-json\/wp\/v2\/users\/1"}],"replies":[{"embeddable":true,"href":"https:\/\/blogs.uef.fi\/jatkuvaoppiminen\/wp-json\/wp\/v2\/comments?post=1124"}],"version-history":[{"count":1,"href":"https:\/\/blogs.uef.fi\/jatkuvaoppiminen\/wp-json\/wp\/v2\/posts\/1124\/revisions"}],"predecessor-version":[{"id":5598,"href":"https:\/\/blogs.uef.fi\/jatkuvaoppiminen\/wp-json\/wp\/v2\/posts\/1124\/revisions\/5598"}],"wp:attachment":[{"href":"https:\/\/blogs.uef.fi\/jatkuvaoppiminen\/wp-json\/wp\/v2\/media?parent=1124"}],"wp:term":[{"taxonomy":"category","embeddable":true,"href":"https:\/\/blogs.uef.fi\/jatkuvaoppiminen\/wp-json\/wp\/v2\/categories?post=1124"},{"taxonomy":"post_tag","embeddable":true,"href":"https:\/\/blogs.uef.fi\/jatkuvaoppiminen\/wp-json\/wp\/v2\/tags?post=1124"}],"curies":[{"name":"wp","href":"https:\/\/api.w.org\/{rel}","templated":true}]}}