{"id":1287,"date":"2026-09-04T09:42:44","date_gmt":"2026-09-04T07:42:44","guid":{"rendered":"https:\/\/blogs.uef.fi\/jatkoilla\/?p=1287"},"modified":"2026-09-04T09:44:30","modified_gmt":"2026-09-04T07:44:30","slug":"poimintoja-nff-2026-konferenssista-tanskasta-arhusista","status":"publish","type":"post","link":"https:\/\/blogs.uef.fi\/jatkoilla\/2026\/09\/04\/poimintoja-nff-2026-konferenssista-tanskasta-arhusista\/","title":{"rendered":"Poimintoja NFF 2026 konferenssista Tanskasta \u00c5rhusista"},"content":{"rendered":"\n<p class=\"has-text-align-left\">Yksi JATKOT-tutkimusryhm\u00e4mme hyvist\u00e4 puolista on ollut sen monitieteinen luonne. Edustamme kukin hieman eri tieteenaloja, yhdist\u00e4v\u00e4n\u00e4 tekij\u00e4n\u00e4 aikuiskasvatustiede. Erilaiset n\u00e4k\u00f6kulmat rikastuttavat ryhm\u00e4\u00e4mme ja fokus pysyy laajana. T\u00e4ss\u00e4 blogissa matkustetaan kauppakorkeakoulun maailmaan ja kerrotaan kokemuksista pohjoismaisesta Nordic Academy of Management -konferenssista, joka j\u00e4rjestettiin \u00c5rhusin yliopistossa Tanskassa 13.-15.8.2026. L\u00e4mpim\u00e4n\u00e4 elokuisena viikkona kokoonnuimme keskustelemaan ja esitelm\u00f6im\u00e4\u00e4n ajankohtaisista ja t\u00e4rkeist\u00e4 aiheista.<\/p>\n\n\n\n<figure class=\"wp-block-image size-large\"><img loading=\"lazy\" decoding=\"async\" width=\"1024\" height=\"768\" src=\"https:\/\/blogs.uef.fi\/jatkoilla\/wp-content\/uploads\/sites\/219\/2026\/09\/image-1024x768.png\" alt=\"\" class=\"wp-image-1288\" srcset=\"https:\/\/blogs.uef.fi\/jatkoilla\/wp-content\/uploads\/sites\/219\/2026\/09\/image-1024x768.png 1024w, https:\/\/blogs.uef.fi\/jatkoilla\/wp-content\/uploads\/sites\/219\/2026\/09\/image-300x225.png 300w, https:\/\/blogs.uef.fi\/jatkoilla\/wp-content\/uploads\/sites\/219\/2026\/09\/image-768x576.png 768w, https:\/\/blogs.uef.fi\/jatkoilla\/wp-content\/uploads\/sites\/219\/2026\/09\/image-1536x1152.png 1536w, https:\/\/blogs.uef.fi\/jatkoilla\/wp-content\/uploads\/sites\/219\/2026\/09\/image.png 1920w\" sizes=\"auto, (max-width: 1024px) 100vw, 1024px\" \/><\/figure>\n\n\n\n<p class=\"has-text-align-left\">Mist\u00e4 siell\u00e4 siis puhuttiin? Konferenssissa k\u00e4siteltiin useita teemoja. Kest\u00e4v\u00e4 kehitys, ilmasto ja yhteiskunnallinen muutos olivat luultavasti suurimmat kattoteemat. Monissa teemoissa k\u00e4siteltiin my\u00f6s sit\u00e4, miten teknologia muuttaa organisaatioita ja yhteiskuntaa. Esitykseni oppimista tukevasta johtajuudesta sijoittui johtajuuden, HR:n, organisaatioiden ja organisaatioel\u00e4m\u00e4n aihepiirien pariin. Hallintoa, instituutioita, valtaa ja demokratiaa k\u00e4sittelev\u00e4t teemat kattoivat p\u00e4\u00e4asiassa sen, miten organisaatioita ja yhteiskuntia hallitaan, unohtamatta ep\u00e4vakaita tilanteita. Lis\u00e4ksi esill\u00e4 olivat erikseen teemat kuten ep\u00e4varmuus, kriisi, resilienssi ja globaalit mullistukset. Konferenssissa kuultiin my\u00f6s yhteiskuntaa, osallisuutta, eriarvoisuutta ja identiteetti\u00e4 koskevia esitelmi\u00e4.<\/p>\n\n\n\n<p class=\"has-text-align-left\">Seuraavaksi muutamia tarkempia poimintoja yksitt\u00e4isist\u00e4 puheenvuoroista. Teko\u00e4ly oli aiheena sek\u00e4 esitelmiss\u00e4 ett\u00e4 keynote-puheenvuoroissa, mik\u00e4 oli hyv\u00e4 osoitus tutkimusmaailman linkittymisest\u00e4 ymp\u00e4r\u00f6iv\u00e4\u00e4n maailmaan ja ajankohtaisiin kysymyksiin. Yksi keynote-puhe kuultiin asiantuntijalta Center for Hybrid intelligence -keskuksesta, jonka tavoitteena on \u00e4lykk\u00e4\u00e4sti ja monitieteisesti kehitt\u00e4\u00e4 ihmisten ja teko\u00e4lyn yhteisty\u00f6t\u00e4, yhdist\u00e4en ihmisten asiantuntijuutta teko\u00e4lyn kanssa, mahdollistaen vastuullisuuden ja luovuuden. Puhujan mukaan AI:n vaikutukset ovat suuremmat kuin luulemmekaan ja tulee tapahtumaan nopeasti, mutta toi esiin miten t\u00e4rke\u00e4\u00e4 on osata toimia muutoksen keskell\u00e4. Esimerkiksi irtisanomiset ennakoivana toimenpiteen\u00e4 (\u201dAI vie ty\u00f6paikat\u201d) eiv\u00e4t ole toimiva ratkaisu, vaan teko\u00e4lyn tulisi vahvistaa ihmisen asiantuntijuutta korvaamisen sijaan. Teko\u00e4lyyn nimitt\u00e4in liittyy skenaarioita, jotka eiv\u00e4t ole v\u00e4ltt\u00e4m\u00e4tt\u00e4 totta. Siksi h\u00e4n puhui \u00e4lykk\u00e4\u00e4n toiminnan puolesta, ja antoi esimerkin er\u00e4\u00e4n suuren kaupan alan yrityksen toiminnasta, jossa irtisanomisten sijaan kartoitettiin mit\u00e4 teko\u00e4lyll\u00e4 korvattu asiakaspalvelu ei pystynyt ratkaisemaan sek\u00e4 ty\u00f6ntekij\u00f6iden osaamista. Selvisi, ett\u00e4 monella oli vahvaa osaamista tuotteiden tuntemisessa, ja t\u00e4m\u00e4 tieto yhdistettyn\u00e4 teko\u00e4lyn puutteiden kanssa johti uusien ty\u00f6teht\u00e4vien luomiseen sisustuksen neuvonnassa et\u00e4n\u00e4. Puhuja painotti AI:n tuomia hy\u00f6tyj\u00e4 koko Euroopassa.<\/p>\n\n\n\n<p class=\"has-text-align-left\">Teko\u00e4ly-aihe jatkui esitelmiss\u00e4. Aihetta k\u00e4siteltiin esimerkiksi esitelm\u00e4ss\u00e4, jossa tutkittiin uran alkuvaiheen ty\u00f6ntekij\u00f6iden AI:n k\u00e4ytt\u00f6\u00e4. Taustateoriana he k\u00e4yttiv\u00e4t Tynj\u00e4l\u00e4n ty\u00f6ss\u00e4 oppimisen teoriaa, mik\u00e4 luonnollisesti Jyv\u00e4skyl\u00e4n yliopiston kasvattia ilahdutti. Usein organisaatiot kannustavat k\u00e4ytt\u00e4m\u00e4\u00e4n teko\u00e4ly\u00e4 ja oppimaan teko\u00e4lyst\u00e4, mutta onko ohjaus tai koulutus riitt\u00e4v\u00e4\u00e4, miten AI:ta k\u00e4ytet\u00e4\u00e4n ja mit\u00e4 sen kautta oppii, ovat hyvi\u00e4 kysymyksi\u00e4. Er\u00e4\u00e4ss\u00e4 esitelm\u00e4ss\u00e4 AI yhdistettiin vuorostaan oppimiseen. Tutkimuksen tavoitteena oli ymm\u00e4rt\u00e4\u00e4 oppimista ja prosessia, joka tapahtuu samanaikaisesti ihmisess\u00e4 ja teko\u00e4lyss\u00e4, eli miten vastavuoroisuuden elementti tulisi my\u00f6s ottaa huomioon. Tutut oppimisen teoriat el\u00e4v\u00e4t siten uutta el\u00e4m\u00e4\u00e4 nykyisen ty\u00f6el\u00e4m\u00e4n uusissa haasteissa.<\/p>\n\n\n\n<p class=\"has-text-align-left\">Oppimista k\u00e4siteltiin useissa puheenvuoroissa konferenssin aikana. Ennen omaa esitelm\u00e4\u00e4ni kuultiin aiheesta organisaation oppiminen suhteessa organisaation asettamiin vaihtuviin tavoitteisiin. Oli kiinnostava kuulla eri teoriasta organisaation oppimisesta kuin mit\u00e4 olemme itse k\u00e4ytt\u00e4neet, niit\u00e4 kun tuntuu riitt\u00e4v\u00e4n. Esitys valotti my\u00f6s oppimisen negatiivisia ilmentymi\u00e4.<\/p>\n\n\n\n<p class=\"has-text-align-left\">Oma esitelm\u00e4ni oli vastik\u00e4\u00e4n kes\u00e4ll\u00e4 julkaistusta artikkelista \u201dHow can learning be supported at work? Systematic review of the strategic and emergent practices of learning supportive leadership\u201d (Jaakkola, Lemmetty &amp; Collin, 2026), joka julkaistiin International journal of training and development -lehdess\u00e4. Johtajuus on todettu aiemmassa kirjallisuudessa t\u00e4rke\u00e4ksi osaksi ty\u00f6ss\u00e4 tapahtuvan oppimisen edist\u00e4j\u00e4n\u00e4 ja tutkimuksemme tarkoituksena oli syvent\u00e4\u00e4 t\u00e4t\u00e4 tiet\u00e4myst\u00e4. Selvitimme k\u00e4yt\u00e4nteit\u00e4, joilla johtajuuden kautta voidaan tukea ja edist\u00e4\u00e4 ty\u00f6ntekij\u00f6iden oppimista t\u00f6iss\u00e4. Esitelm\u00e4 johti mielenkiintoiseen keskusteluun muun muassa oppimisen kielteisist\u00e4 ilmentymist\u00e4 miten mielenkiintoisesti analyysimme haaviin ei n\u00e4it\u00e4 juurikaan tarttunut. Asia selittynee sill\u00e4, ett\u00e4 painotus oli erilaisten tuen k\u00e4yt\u00e4nteiden l\u00f6yt\u00e4misess\u00e4. Keskustelu jatkui, miten oppiminen voi kuitenkin olla sek\u00e4 ty\u00f6hyvinvointia tuottavaa ett\u00e4 taakka (ks. Collin, Jaakkola, Keronen &amp; Lemmetty 2024).<\/p>\n\n\n\n<p class=\"has-text-align-left\">Tanska ja \u00c5rhus n\u00e4ytti parhaat puolensa auringon paistaessa l\u00e4mpim\u00e4sti, yst\u00e4v\u00e4llisi\u00e4 ja mukavia ihmisi\u00e4 tavatessa, kokkien loihtiessa hyvi\u00e4 ruokia ja kauniita maisemia mm. junan ikkunasta katsellessa. Kaupunki oli kaunis, ja arkkitehtuurissa hauska seurata uusien ja vanhojen rakennusten sujuvaa yhteiseloa. Yliopiston uusi rakennus oli juuri valmistunut, joten olimme k\u00e4yt\u00e4nn\u00f6ss\u00e4 ensimm\u00e4isten k\u00e4ytt\u00e4jien joukossa. Saimme nauttia hyvin j\u00e4rjestetyst\u00e4 konferenssista.<\/p>\n\n\n\n<p class=\"has-text-align-left\">Konferensseissa k\u00e4ymisen merkitys on tutkijalle moninainen. Aina ei oma esitelm\u00e4 saa paljoakaan kommentteja vaikkapa v\u00e4h\u00e4isen osallistujam\u00e4\u00e4r\u00e4n vuoksi, mutta omasta aiheesta puhuminen ja argumentointi, tutkimuksen valintojen perusteleminen itsess\u00e4\u00e4n kehitt\u00e4\u00e4 omaa ammattitaitoa tutkijana. Lis\u00e4ksi kun kirjoittaminen on perusv\u00e4line ty\u00f6ss\u00e4, verbaalinen ilmaisu tuo mukavaa vaihtelua ty\u00f6h\u00f6n. Inspiroituminen muiden tutkimusty\u00f6st\u00e4 on my\u00f6s osa konferenssien antia, puhumattakaan uusien k\u00e4sitteiden l\u00f6yt\u00e4misest\u00e4 tai tuttujen k\u00e4sitteiden uusista yhdistelmist\u00e4. Verkostoituminen on my\u00f6s osa konferenssien antia, ja NFF 2026 tarjosi mahdollisuuden erityisesti pohjoismaisen yhteisty\u00f6n vahvistumiselle. Seuraava, joka toinen vuosi j\u00e4rjestett\u00e4v\u00e4, NFF 2028 konferenssi j\u00e4rjestet\u00e4\u00e4n Norjassa Lillehammerin kaupungissa.<\/p>\n\n\n\n<p>Tohtoriopiskelija Marianne Jaakkola<\/p>\n\n\n\n<p>Jaakkola, M., Lemmetty, S., &amp; Collin, K. (2026). How Can Learning Be Supported at Work? Systematic Review of the Strategic and Emergent Practices of Learning Supportive Leadership. International Journal of Training and Development.<\/p>\n\n\n\n<p>Linkki julkaisuun: <a href=\"https:\/\/onlinelibrary.wiley.com\/doi\/pdf\/10.1111\/ijtd.70036\">https:\/\/onlinelibrary.wiley.com\/doi\/pdf\/10.1111\/ijtd.70036<\/a> <\/p>\n\n\n\n<p>Collin, K. M., Jaakkola, M., Keronen, S., &amp; Lemmetty, S. (2025). Sustainability of learning at work: experiences of police, hospital, and ICT personnel. Studies in Continuing Education, 47(1), 174-192.<\/p>\n\n\n\n<p><\/p>\n","protected":false},"excerpt":{"rendered":"<p>Yksi JATKOT-tutkimusryhm\u00e4mme hyvist\u00e4 puolista on ollut sen monitieteinen luonne. Edustamme kukin hieman eri tieteenaloja, yhdist\u00e4v\u00e4n\u00e4 tekij\u00e4n\u00e4 aikuiskasvatustiede. Erilaiset n\u00e4k\u00f6kulmat rikastuttavat ryhm\u00e4\u00e4mme ja fokus pysyy laajana. T\u00e4ss\u00e4 blogissa matkustetaan kauppakorkeakoulun maailmaan ja kerrotaan kokemuksista pohjoismaisesta Nordic Academy of Management -konferenssista, joka j\u00e4rjestettiin \u00c5rhusin yliopistossa Tanskassa 13.-15.8.2026. L\u00e4mpim\u00e4n\u00e4 elokuisena viikkona kokoonnuimme keskustelemaan ja esitelm\u00f6im\u00e4\u00e4n ajankohtaisista ja t\u00e4rkeist\u00e4 [&hellip;]<\/p>\n","protected":false},"author":681,"featured_media":0,"comment_status":"open","ping_status":"open","sticky":false,"template":"","format":"standard","meta":{"_acf_changed":false,"footnotes":""},"categories":[1],"tags":[],"class_list":["post-1287","post","type-post","status-publish","format-standard","hentry","category-uncategorized-fi"],"acf":[],"yoast_head":"<!-- This site is optimized with the Yoast SEO plugin v28.2 - https:\/\/yoast.com\/product\/yoast-seo-wordpress\/ -->\n<title>Poimintoja NFF 2026 konferenssista Tanskasta \u00c5rhusista - Jatkoilla \/ After work<\/title>\n<meta name=\"robots\" content=\"index, follow, max-snippet:-1, max-image-preview:large, max-video-preview:-1\" \/>\n<link rel=\"canonical\" href=\"https:\/\/blogs.uef.fi\/jatkoilla\/2026\/09\/04\/poimintoja-nff-2026-konferenssista-tanskasta-arhusista\/\" \/>\n<meta property=\"og:locale\" content=\"fi_FI\" \/>\n<meta property=\"og:type\" content=\"article\" \/>\n<meta property=\"og:title\" content=\"Poimintoja NFF 2026 konferenssista Tanskasta \u00c5rhusista - Jatkoilla \/ After work\" \/>\n<meta property=\"og:description\" content=\"Yksi JATKOT-tutkimusryhm\u00e4mme hyvist\u00e4 puolista on ollut sen monitieteinen luonne. Edustamme kukin hieman eri tieteenaloja, yhdist\u00e4v\u00e4n\u00e4 tekij\u00e4n\u00e4 aikuiskasvatustiede. Erilaiset n\u00e4k\u00f6kulmat rikastuttavat ryhm\u00e4\u00e4mme ja fokus pysyy laajana. T\u00e4ss\u00e4 blogissa matkustetaan kauppakorkeakoulun maailmaan ja kerrotaan kokemuksista pohjoismaisesta Nordic Academy of Management -konferenssista, joka j\u00e4rjestettiin \u00c5rhusin yliopistossa Tanskassa 13.-15.8.2026. L\u00e4mpim\u00e4n\u00e4 elokuisena viikkona kokoonnuimme keskustelemaan ja esitelm\u00f6im\u00e4\u00e4n ajankohtaisista ja t\u00e4rkeist\u00e4 [&hellip;]\" \/>\n<meta property=\"og:url\" content=\"https:\/\/blogs.uef.fi\/jatkoilla\/2026\/09\/04\/poimintoja-nff-2026-konferenssista-tanskasta-arhusista\/\" \/>\n<meta property=\"og:site_name\" content=\"Jatkoilla \/ After work\" \/>\n<meta property=\"article:published_time\" content=\"2026-09-04T07:42:44+00:00\" \/>\n<meta property=\"article:modified_time\" content=\"2026-09-04T07:44:30+00:00\" \/>\n<meta property=\"og:image\" content=\"https:\/\/blogs.uef.fi\/jatkoilla\/wp-content\/uploads\/sites\/219\/2026\/09\/image-1024x768.png\" \/>\n\t<meta property=\"og:image:width\" content=\"1024\" \/>\n\t<meta property=\"og:image:height\" content=\"768\" \/>\n\t<meta property=\"og:image:type\" content=\"image\/png\" \/>\n<meta name=\"author\" content=\"soilalem\" \/>\n<meta name=\"twitter:card\" content=\"summary_large_image\" \/>\n<meta name=\"twitter:label1\" content=\"Kirjoittanut\" \/>\n\t<meta name=\"twitter:data1\" content=\"soilalem\" \/>\n\t<meta name=\"twitter:label2\" content=\"Arvioitu lukuaika\" \/>\n\t<meta name=\"twitter:data2\" content=\"5 minuuttia\" \/>\n<script type=\"application\/ld+json\" class=\"yoast-schema-graph\">{\"@context\":\"https:\\\/\\\/schema.org\",\"@graph\":[{\"@type\":\"Article\",\"@id\":\"https:\\\/\\\/blogs.uef.fi\\\/jatkoilla\\\/2026\\\/09\\\/04\\\/poimintoja-nff-2026-konferenssista-tanskasta-arhusista\\\/#article\",\"isPartOf\":{\"@id\":\"https:\\\/\\\/blogs.uef.fi\\\/jatkoilla\\\/2026\\\/09\\\/04\\\/poimintoja-nff-2026-konferenssista-tanskasta-arhusista\\\/\"},\"author\":{\"name\":\"soilalem\",\"@id\":\"https:\\\/\\\/blogs.uef.fi\\\/jatkoilla\\\/#\\\/schema\\\/person\\\/039e927e624c0e6de92d2b60fe7c49c4\"},\"headline\":\"Poimintoja NFF 2026 konferenssista Tanskasta \u00c5rhusista\",\"datePublished\":\"2026-09-04T07:42:44+00:00\",\"dateModified\":\"2026-09-04T07:44:30+00:00\",\"mainEntityOfPage\":{\"@id\":\"https:\\\/\\\/blogs.uef.fi\\\/jatkoilla\\\/2026\\\/09\\\/04\\\/poimintoja-nff-2026-konferenssista-tanskasta-arhusista\\\/\"},\"wordCount\":917,\"commentCount\":0,\"image\":{\"@id\":\"https:\\\/\\\/blogs.uef.fi\\\/jatkoilla\\\/2026\\\/09\\\/04\\\/poimintoja-nff-2026-konferenssista-tanskasta-arhusista\\\/#primaryimage\"},\"thumbnailUrl\":\"https:\\\/\\\/blogs.uef.fi\\\/jatkoilla\\\/wp-content\\\/uploads\\\/sites\\\/219\\\/2026\\\/09\\\/image-1024x768.png\",\"articleSection\":[\"Uncategorized @fi\"],\"inLanguage\":\"fi\",\"potentialAction\":[{\"@type\":\"CommentAction\",\"name\":\"Comment\",\"target\":[\"https:\\\/\\\/blogs.uef.fi\\\/jatkoilla\\\/2026\\\/09\\\/04\\\/poimintoja-nff-2026-konferenssista-tanskasta-arhusista\\\/#respond\"]}]},{\"@type\":\"WebPage\",\"@id\":\"https:\\\/\\\/blogs.uef.fi\\\/jatkoilla\\\/2026\\\/09\\\/04\\\/poimintoja-nff-2026-konferenssista-tanskasta-arhusista\\\/\",\"url\":\"https:\\\/\\\/blogs.uef.fi\\\/jatkoilla\\\/2026\\\/09\\\/04\\\/poimintoja-nff-2026-konferenssista-tanskasta-arhusista\\\/\",\"name\":\"Poimintoja NFF 2026 konferenssista Tanskasta \u00c5rhusista - Jatkoilla \\\/ After work\",\"isPartOf\":{\"@id\":\"https:\\\/\\\/blogs.uef.fi\\\/jatkoilla\\\/#website\"},\"primaryImageOfPage\":{\"@id\":\"https:\\\/\\\/blogs.uef.fi\\\/jatkoilla\\\/2026\\\/09\\\/04\\\/poimintoja-nff-2026-konferenssista-tanskasta-arhusista\\\/#primaryimage\"},\"image\":{\"@id\":\"https:\\\/\\\/blogs.uef.fi\\\/jatkoilla\\\/2026\\\/09\\\/04\\\/poimintoja-nff-2026-konferenssista-tanskasta-arhusista\\\/#primaryimage\"},\"thumbnailUrl\":\"https:\\\/\\\/blogs.uef.fi\\\/jatkoilla\\\/wp-content\\\/uploads\\\/sites\\\/219\\\/2026\\\/09\\\/image-1024x768.png\",\"datePublished\":\"2026-09-04T07:42:44+00:00\",\"dateModified\":\"2026-09-04T07:44:30+00:00\",\"author\":{\"@id\":\"https:\\\/\\\/blogs.uef.fi\\\/jatkoilla\\\/#\\\/schema\\\/person\\\/039e927e624c0e6de92d2b60fe7c49c4\"},\"breadcrumb\":{\"@id\":\"https:\\\/\\\/blogs.uef.fi\\\/jatkoilla\\\/2026\\\/09\\\/04\\\/poimintoja-nff-2026-konferenssista-tanskasta-arhusista\\\/#breadcrumb\"},\"inLanguage\":\"fi\",\"potentialAction\":[{\"@type\":\"ReadAction\",\"target\":[\"https:\\\/\\\/blogs.uef.fi\\\/jatkoilla\\\/2026\\\/09\\\/04\\\/poimintoja-nff-2026-konferenssista-tanskasta-arhusista\\\/\"]}]},{\"@type\":\"ImageObject\",\"inLanguage\":\"fi\",\"@id\":\"https:\\\/\\\/blogs.uef.fi\\\/jatkoilla\\\/2026\\\/09\\\/04\\\/poimintoja-nff-2026-konferenssista-tanskasta-arhusista\\\/#primaryimage\",\"url\":\"https:\\\/\\\/blogs.uef.fi\\\/jatkoilla\\\/wp-content\\\/uploads\\\/sites\\\/219\\\/2026\\\/09\\\/image.png\",\"contentUrl\":\"https:\\\/\\\/blogs.uef.fi\\\/jatkoilla\\\/wp-content\\\/uploads\\\/sites\\\/219\\\/2026\\\/09\\\/image.png\",\"width\":1920,\"height\":1440},{\"@type\":\"BreadcrumbList\",\"@id\":\"https:\\\/\\\/blogs.uef.fi\\\/jatkoilla\\\/2026\\\/09\\\/04\\\/poimintoja-nff-2026-konferenssista-tanskasta-arhusista\\\/#breadcrumb\",\"itemListElement\":[{\"@type\":\"ListItem\",\"position\":1,\"name\":\"Home\",\"item\":\"https:\\\/\\\/blogs.uef.fi\\\/jatkoilla\\\/\"},{\"@type\":\"ListItem\",\"position\":2,\"name\":\"Poimintoja NFF 2026 konferenssista Tanskasta \u00c5rhusista\"}]},{\"@type\":\"WebSite\",\"@id\":\"https:\\\/\\\/blogs.uef.fi\\\/jatkoilla\\\/#website\",\"url\":\"https:\\\/\\\/blogs.uef.fi\\\/jatkoilla\\\/\",\"name\":\"Jatkoilla \\\/ After work\",\"description\":\"\",\"potentialAction\":[{\"@type\":\"SearchAction\",\"target\":{\"@type\":\"EntryPoint\",\"urlTemplate\":\"https:\\\/\\\/blogs.uef.fi\\\/jatkoilla\\\/?s={search_term_string}\"},\"query-input\":{\"@type\":\"PropertyValueSpecification\",\"valueRequired\":true,\"valueName\":\"search_term_string\"}}],\"inLanguage\":\"fi\"},{\"@type\":\"Person\",\"@id\":\"https:\\\/\\\/blogs.uef.fi\\\/jatkoilla\\\/#\\\/schema\\\/person\\\/039e927e624c0e6de92d2b60fe7c49c4\",\"name\":\"soilalem\",\"image\":{\"@type\":\"ImageObject\",\"inLanguage\":\"fi\",\"@id\":\"https:\\\/\\\/secure.gravatar.com\\\/avatar\\\/88562ea53697c93c98f5a0acd05dcf9c35bc292b7cfe6d7e024b86e6cc317f2a?s=96&d=mm&r=g\",\"url\":\"https:\\\/\\\/secure.gravatar.com\\\/avatar\\\/88562ea53697c93c98f5a0acd05dcf9c35bc292b7cfe6d7e024b86e6cc317f2a?s=96&d=mm&r=g\",\"contentUrl\":\"https:\\\/\\\/secure.gravatar.com\\\/avatar\\\/88562ea53697c93c98f5a0acd05dcf9c35bc292b7cfe6d7e024b86e6cc317f2a?s=96&d=mm&r=g\",\"caption\":\"soilalem\"},\"url\":\"https:\\\/\\\/blogs.uef.fi\\\/jatkoilla\\\/author\\\/soilalem\\\/\"}]}<\/script>\n<!-- \/ Yoast SEO plugin. -->","yoast_head_json":{"title":"Poimintoja NFF 2026 konferenssista Tanskasta \u00c5rhusista - Jatkoilla \/ After work","robots":{"index":"index","follow":"follow","max-snippet":"max-snippet:-1","max-image-preview":"max-image-preview:large","max-video-preview":"max-video-preview:-1"},"canonical":"https:\/\/blogs.uef.fi\/jatkoilla\/2026\/09\/04\/poimintoja-nff-2026-konferenssista-tanskasta-arhusista\/","og_locale":"fi_FI","og_type":"article","og_title":"Poimintoja NFF 2026 konferenssista Tanskasta \u00c5rhusista - Jatkoilla \/ After work","og_description":"Yksi JATKOT-tutkimusryhm\u00e4mme hyvist\u00e4 puolista on ollut sen monitieteinen luonne. Edustamme kukin hieman eri tieteenaloja, yhdist\u00e4v\u00e4n\u00e4 tekij\u00e4n\u00e4 aikuiskasvatustiede. Erilaiset n\u00e4k\u00f6kulmat rikastuttavat ryhm\u00e4\u00e4mme ja fokus pysyy laajana. T\u00e4ss\u00e4 blogissa matkustetaan kauppakorkeakoulun maailmaan ja kerrotaan kokemuksista pohjoismaisesta Nordic Academy of Management -konferenssista, joka j\u00e4rjestettiin \u00c5rhusin yliopistossa Tanskassa 13.-15.8.2026. L\u00e4mpim\u00e4n\u00e4 elokuisena viikkona kokoonnuimme keskustelemaan ja esitelm\u00f6im\u00e4\u00e4n ajankohtaisista ja t\u00e4rkeist\u00e4 [&hellip;]","og_url":"https:\/\/blogs.uef.fi\/jatkoilla\/2026\/09\/04\/poimintoja-nff-2026-konferenssista-tanskasta-arhusista\/","og_site_name":"Jatkoilla \/ After work","article_published_time":"2026-09-04T07:42:44+00:00","article_modified_time":"2026-09-04T07:44:30+00:00","og_image":[{"width":1024,"height":768,"url":"https:\/\/blogs.uef.fi\/jatkoilla\/wp-content\/uploads\/sites\/219\/2026\/09\/image-1024x768.png","type":"image\/png"}],"author":"soilalem","twitter_card":"summary_large_image","twitter_misc":{"Kirjoittanut":"soilalem","Arvioitu lukuaika":"5 minuuttia"},"schema":{"@context":"https:\/\/schema.org","@graph":[{"@type":"Article","@id":"https:\/\/blogs.uef.fi\/jatkoilla\/2026\/09\/04\/poimintoja-nff-2026-konferenssista-tanskasta-arhusista\/#article","isPartOf":{"@id":"https:\/\/blogs.uef.fi\/jatkoilla\/2026\/09\/04\/poimintoja-nff-2026-konferenssista-tanskasta-arhusista\/"},"author":{"name":"soilalem","@id":"https:\/\/blogs.uef.fi\/jatkoilla\/#\/schema\/person\/039e927e624c0e6de92d2b60fe7c49c4"},"headline":"Poimintoja NFF 2026 konferenssista Tanskasta \u00c5rhusista","datePublished":"2026-09-04T07:42:44+00:00","dateModified":"2026-09-04T07:44:30+00:00","mainEntityOfPage":{"@id":"https:\/\/blogs.uef.fi\/jatkoilla\/2026\/09\/04\/poimintoja-nff-2026-konferenssista-tanskasta-arhusista\/"},"wordCount":917,"commentCount":0,"image":{"@id":"https:\/\/blogs.uef.fi\/jatkoilla\/2026\/09\/04\/poimintoja-nff-2026-konferenssista-tanskasta-arhusista\/#primaryimage"},"thumbnailUrl":"https:\/\/blogs.uef.fi\/jatkoilla\/wp-content\/uploads\/sites\/219\/2026\/09\/image-1024x768.png","articleSection":["Uncategorized @fi"],"inLanguage":"fi","potentialAction":[{"@type":"CommentAction","name":"Comment","target":["https:\/\/blogs.uef.fi\/jatkoilla\/2026\/09\/04\/poimintoja-nff-2026-konferenssista-tanskasta-arhusista\/#respond"]}]},{"@type":"WebPage","@id":"https:\/\/blogs.uef.fi\/jatkoilla\/2026\/09\/04\/poimintoja-nff-2026-konferenssista-tanskasta-arhusista\/","url":"https:\/\/blogs.uef.fi\/jatkoilla\/2026\/09\/04\/poimintoja-nff-2026-konferenssista-tanskasta-arhusista\/","name":"Poimintoja NFF 2026 konferenssista Tanskasta \u00c5rhusista - Jatkoilla \/ After work","isPartOf":{"@id":"https:\/\/blogs.uef.fi\/jatkoilla\/#website"},"primaryImageOfPage":{"@id":"https:\/\/blogs.uef.fi\/jatkoilla\/2026\/09\/04\/poimintoja-nff-2026-konferenssista-tanskasta-arhusista\/#primaryimage"},"image":{"@id":"https:\/\/blogs.uef.fi\/jatkoilla\/2026\/09\/04\/poimintoja-nff-2026-konferenssista-tanskasta-arhusista\/#primaryimage"},"thumbnailUrl":"https:\/\/blogs.uef.fi\/jatkoilla\/wp-content\/uploads\/sites\/219\/2026\/09\/image-1024x768.png","datePublished":"2026-09-04T07:42:44+00:00","dateModified":"2026-09-04T07:44:30+00:00","author":{"@id":"https:\/\/blogs.uef.fi\/jatkoilla\/#\/schema\/person\/039e927e624c0e6de92d2b60fe7c49c4"},"breadcrumb":{"@id":"https:\/\/blogs.uef.fi\/jatkoilla\/2026\/09\/04\/poimintoja-nff-2026-konferenssista-tanskasta-arhusista\/#breadcrumb"},"inLanguage":"fi","potentialAction":[{"@type":"ReadAction","target":["https:\/\/blogs.uef.fi\/jatkoilla\/2026\/09\/04\/poimintoja-nff-2026-konferenssista-tanskasta-arhusista\/"]}]},{"@type":"ImageObject","inLanguage":"fi","@id":"https:\/\/blogs.uef.fi\/jatkoilla\/2026\/09\/04\/poimintoja-nff-2026-konferenssista-tanskasta-arhusista\/#primaryimage","url":"https:\/\/blogs.uef.fi\/jatkoilla\/wp-content\/uploads\/sites\/219\/2026\/09\/image.png","contentUrl":"https:\/\/blogs.uef.fi\/jatkoilla\/wp-content\/uploads\/sites\/219\/2026\/09\/image.png","width":1920,"height":1440},{"@type":"BreadcrumbList","@id":"https:\/\/blogs.uef.fi\/jatkoilla\/2026\/09\/04\/poimintoja-nff-2026-konferenssista-tanskasta-arhusista\/#breadcrumb","itemListElement":[{"@type":"ListItem","position":1,"name":"Home","item":"https:\/\/blogs.uef.fi\/jatkoilla\/"},{"@type":"ListItem","position":2,"name":"Poimintoja NFF 2026 konferenssista Tanskasta \u00c5rhusista"}]},{"@type":"WebSite","@id":"https:\/\/blogs.uef.fi\/jatkoilla\/#website","url":"https:\/\/blogs.uef.fi\/jatkoilla\/","name":"Jatkoilla \/ After work","description":"","potentialAction":[{"@type":"SearchAction","target":{"@type":"EntryPoint","urlTemplate":"https:\/\/blogs.uef.fi\/jatkoilla\/?s={search_term_string}"},"query-input":{"@type":"PropertyValueSpecification","valueRequired":true,"valueName":"search_term_string"}}],"inLanguage":"fi"},{"@type":"Person","@id":"https:\/\/blogs.uef.fi\/jatkoilla\/#\/schema\/person\/039e927e624c0e6de92d2b60fe7c49c4","name":"soilalem","image":{"@type":"ImageObject","inLanguage":"fi","@id":"https:\/\/secure.gravatar.com\/avatar\/88562ea53697c93c98f5a0acd05dcf9c35bc292b7cfe6d7e024b86e6cc317f2a?s=96&d=mm&r=g","url":"https:\/\/secure.gravatar.com\/avatar\/88562ea53697c93c98f5a0acd05dcf9c35bc292b7cfe6d7e024b86e6cc317f2a?s=96&d=mm&r=g","contentUrl":"https:\/\/secure.gravatar.com\/avatar\/88562ea53697c93c98f5a0acd05dcf9c35bc292b7cfe6d7e024b86e6cc317f2a?s=96&d=mm&r=g","caption":"soilalem"},"url":"https:\/\/blogs.uef.fi\/jatkoilla\/author\/soilalem\/"}]}},"_links":{"self":[{"href":"https:\/\/blogs.uef.fi\/jatkoilla\/wp-json\/wp\/v2\/posts\/1287","targetHints":{"allow":["GET"]}}],"collection":[{"href":"https:\/\/blogs.uef.fi\/jatkoilla\/wp-json\/wp\/v2\/posts"}],"about":[{"href":"https:\/\/blogs.uef.fi\/jatkoilla\/wp-json\/wp\/v2\/types\/post"}],"author":[{"embeddable":true,"href":"https:\/\/blogs.uef.fi\/jatkoilla\/wp-json\/wp\/v2\/users\/681"}],"replies":[{"embeddable":true,"href":"https:\/\/blogs.uef.fi\/jatkoilla\/wp-json\/wp\/v2\/comments?post=1287"}],"version-history":[{"count":2,"href":"https:\/\/blogs.uef.fi\/jatkoilla\/wp-json\/wp\/v2\/posts\/1287\/revisions"}],"predecessor-version":[{"id":1291,"href":"https:\/\/blogs.uef.fi\/jatkoilla\/wp-json\/wp\/v2\/posts\/1287\/revisions\/1291"}],"wp:attachment":[{"href":"https:\/\/blogs.uef.fi\/jatkoilla\/wp-json\/wp\/v2\/media?parent=1287"}],"wp:term":[{"taxonomy":"category","embeddable":true,"href":"https:\/\/blogs.uef.fi\/jatkoilla\/wp-json\/wp\/v2\/categories?post=1287"},{"taxonomy":"post_tag","embeddable":true,"href":"https:\/\/blogs.uef.fi\/jatkoilla\/wp-json\/wp\/v2\/tags?post=1287"}],"curies":[{"name":"wp","href":"https:\/\/api.w.org\/{rel}","templated":true}]}}