{"id":931,"date":"2020-11-18T08:53:12","date_gmt":"2020-11-18T08:53:12","guid":{"rendered":"https:\/\/blogs.uef.fi\/humanistit-uudistuvassa-tyoelamassa\/?p=931"},"modified":"2021-08-06T06:11:21","modified_gmt":"2021-08-06T06:11:21","slug":"hands-on-asenne-vie-harjoittelijan-pitkalle","status":"publish","type":"post","link":"https:\/\/blogs.uef.fi\/humanistit-uudistuvassa-tyoelamassa\/2020\/11\/18\/hands-on-asenne-vie-harjoittelijan-pitkalle\/","title":{"rendered":"Hands on -asenne vie harjoittelijan pitk\u00e4lle"},"content":{"rendered":"<p>Ennen koronaa kulttuurintutkimuksen opiskelija Laura V\u00e4\u00e4n\u00e4nen haaveili harjoittelusta ulkomailla. Harjoittelu Joensuussa Abloylla on kuitenkin tarjonnut h\u00e4nelle antoisan, kansainv\u00e4lisen ty\u00f6ymp\u00e4rist\u00f6n. H\u00e4nt\u00e4 ohjaa markkinointikoordinaattori Linda Moorrees, joka h\u00e4nkin on koulutukseltaan humanisti. Millaista polkua Linda on p\u00e4\u00e4tynyt Abloylle, mit\u00e4 ovat humanistien vahvuudet ty\u00f6el\u00e4m\u00e4ss\u00e4 ja millainen Lauran harjoittelukokemus on ollut? HUMUS-hankkeen opiskelijaty\u00f6yhm\u00e4 haastatteli Lauraa ja Lindaa.<\/p>\n<div id=\"attachment_943\" style=\"width: 484px\" class=\"wp-caption alignnone\"><img loading=\"lazy\" decoding=\"async\" aria-describedby=\"caption-attachment-943\" class=\"wp-image-943 size-large\" src=\"https:\/\/blogs.uef.fi\/humanistit-uudistuvassa-tyoelamassa\/wp-content\/uploads\/sites\/113\/2020\/11\/Kuva-1-768x1024.jpeg\" alt=\"Kuvassa harjoittelija Laura V\u00e4\u00e4n\u00e4nen seisoo ABLOY-tekstin alla.\" width=\"474\" height=\"632\" srcset=\"https:\/\/blogs.uef.fi\/humanistit-uudistuvassa-tyoelamassa\/wp-content\/uploads\/sites\/113\/2020\/11\/Kuva-1-768x1024.jpeg 768w, https:\/\/blogs.uef.fi\/humanistit-uudistuvassa-tyoelamassa\/wp-content\/uploads\/sites\/113\/2020\/11\/Kuva-1-225x300.jpeg 225w, https:\/\/blogs.uef.fi\/humanistit-uudistuvassa-tyoelamassa\/wp-content\/uploads\/sites\/113\/2020\/11\/Kuva-1-1152x1536.jpeg 1152w, https:\/\/blogs.uef.fi\/humanistit-uudistuvassa-tyoelamassa\/wp-content\/uploads\/sites\/113\/2020\/11\/Kuva-1-1536x2048.jpeg 1536w, https:\/\/blogs.uef.fi\/humanistit-uudistuvassa-tyoelamassa\/wp-content\/uploads\/sites\/113\/2020\/11\/Kuva-1-scaled.jpeg 1920w\" sizes=\"auto, (max-width: 474px) 100vw, 474px\" \/><p id=\"caption-attachment-943\" class=\"wp-caption-text\">Laura V\u00e4\u00e4n\u00e4nen on p\u00e4\u00e4ssyt hy\u00f6dynt\u00e4m\u00e4\u00e4n humanistista osaamistaan kansainv\u00e4lisen markkinoinnin harjoittelussa Abloylla.<\/p><\/div>\n<h2><strong>Harjoittelija Laura V\u00e4\u00e4n\u00e4sen tie Abloylle<\/strong><\/h2>\n<p>Laura V\u00e4\u00e4n\u00e4nen on viidennen vuoden maisteriopiskelija It\u00e4-Suomen yliopistossa kulttuurintutkimuksen tutkinto-ohjelmassa, jossa h\u00e4n on suuntautunut mediakulttuuriin ja viestint\u00e4\u00e4n. Sivuaineina h\u00e4nell\u00e4 on markkinointia ja johtamista, kansainv\u00e4listymisen opintokokonaisuus sek\u00e4 englannin kieli ja kulttuuri. Opinnot antavat h\u00e4nelle siis vahvan pohjan kansainv\u00e4liseen markkinointiin.<\/p>\n<p>Laura kuuli tuttavaltaan viime kev\u00e4\u00e4n\u00e4, ett\u00e4 Abloylla olisi auki harjoittelupaikka, joka voisi kiinnostaa h\u00e4nt\u00e4, muttei viel\u00e4 tuolloin hakenut paikkaa. Paikan auettua uudelleen h\u00e4n p\u00e4\u00e4tti hakea sit\u00e4. Abloy valikoitui Lauran hakukohteeksi muun muassa siksi, ettei harjoittelijan oletettu harjoittelupaikkailmoituksen mukaan olevan valmis osaaja, vaan harjoittelussa p\u00e4\u00e4sisi todellakin harjoittelemaan oman osaamisensa hy\u00f6dynt\u00e4mist\u00e4 ty\u00f6el\u00e4m\u00e4ss\u00e4.<\/p>\n<p>Syiksi valituksi tulemiseensa Laura kertoo teht\u00e4v\u00e4\u00e4n sopivan kielellisen, kansainv\u00e4lisen ja markkinoinnin osaamisensa sek\u00e4 sen, ett\u00e4 h\u00e4nell\u00e4 oli paljon intoa ja halua p\u00e4\u00e4st\u00e4 n\u00e4ytt\u00e4m\u00e4\u00e4n opiskeluaikanaan kertynytt\u00e4 tietoa ja osaamista k\u00e4yt\u00e4nn\u00f6ss\u00e4.<\/p>\n<h2><strong>Markkinointikoordinaattori Linda Moorreesin tie Abloylle<\/strong><\/h2>\n<p>Linda Moorrees ty\u00f6skentelee markkinointikoordinaattorina ABLOY Critical Infrastructure -yksik\u00f6ss\u00e4, joka tarjoaa ABLOY ja ASSA ABLOY -ratkaisuja kriittisen infran suojaamiseen ymp\u00e4ri maailman. Linda opiskeli It\u00e4-Suomen yliopistossa ven\u00e4j\u00e4n kielt\u00e4 ja kulttuuria, markkinoinnin perusteita sek\u00e4 mediakulttuuria ja viestint\u00e4\u00e4.<\/p>\n<p>Lindan ura Abloylla alkoi opintoihin kuuluvalla harjoittelulla. Harjoittelun ansiosta Linda p\u00e4\u00e4si n\u00e4kem\u00e4\u00e4n, millaista ty\u00f6 oli k\u00e4yt\u00e4nn\u00f6ss\u00e4 ja millaisia tarpeita ty\u00f6nantajilla on. Harjoittelun j\u00e4lkeen h\u00e4n tiedustelikin mahdollisuutta tehd\u00e4 Abloylle my\u00f6s opinn\u00e4ytety\u00f6ns\u00e4.<\/p>\n<p>Lindan opinn\u00e4ytety\u00f6 k\u00e4sitteli sit\u00e4, mihin suuntaan Abloyn Ven\u00e4j\u00e4n maayhti\u00f6n digitaalista yritysten v\u00e4list\u00e4 sis\u00e4lt\u00f6markkinointia kannattaisi kehitt\u00e4\u00e4. Heti valmistuttuaan h\u00e4n osallistui ASSA ABLOY Graduate -ohjelmaan, joka auttaa vastavalmistuneita integroitumaan ty\u00f6el\u00e4m\u00e4\u00e4n, alaan sek\u00e4 organisaatioon. Linda p\u00e4\u00e4si my\u00f6s ASSA ABLOY -toimistolle Berliiniin kolmen kuukauden harjoitteluun, josta h\u00e4n jatkoi nykyiseen teht\u00e4v\u00e4\u00e4ns\u00e4.<\/p>\n<div id=\"attachment_949\" style=\"width: 484px\" class=\"wp-caption alignnone\"><img loading=\"lazy\" decoding=\"async\" aria-describedby=\"caption-attachment-949\" class=\"wp-image-949 size-large\" src=\"https:\/\/blogs.uef.fi\/humanistit-uudistuvassa-tyoelamassa\/wp-content\/uploads\/sites\/113\/2020\/11\/Moorrees_Linda_HUMUS_2000x3000-683x1024.jpg\" alt=\"Kuvassa vaaleahiuksinen, punaiseen jakkutakkiin pukeutunut Linda Moorrees hymyilee.\" width=\"474\" height=\"711\" srcset=\"https:\/\/blogs.uef.fi\/humanistit-uudistuvassa-tyoelamassa\/wp-content\/uploads\/sites\/113\/2020\/11\/Moorrees_Linda_HUMUS_2000x3000-683x1024.jpg 683w, https:\/\/blogs.uef.fi\/humanistit-uudistuvassa-tyoelamassa\/wp-content\/uploads\/sites\/113\/2020\/11\/Moorrees_Linda_HUMUS_2000x3000-200x300.jpg 200w, https:\/\/blogs.uef.fi\/humanistit-uudistuvassa-tyoelamassa\/wp-content\/uploads\/sites\/113\/2020\/11\/Moorrees_Linda_HUMUS_2000x3000-768x1152.jpg 768w, https:\/\/blogs.uef.fi\/humanistit-uudistuvassa-tyoelamassa\/wp-content\/uploads\/sites\/113\/2020\/11\/Moorrees_Linda_HUMUS_2000x3000-1024x1536.jpg 1024w, https:\/\/blogs.uef.fi\/humanistit-uudistuvassa-tyoelamassa\/wp-content\/uploads\/sites\/113\/2020\/11\/Moorrees_Linda_HUMUS_2000x3000-1365x2048.jpg 1365w, https:\/\/blogs.uef.fi\/humanistit-uudistuvassa-tyoelamassa\/wp-content\/uploads\/sites\/113\/2020\/11\/Moorrees_Linda_HUMUS_2000x3000-scaled.jpg 1707w\" sizes=\"auto, (max-width: 474px) 100vw, 474px\" \/><p id=\"caption-attachment-949\" class=\"wp-caption-text\">Markkinointikoordinaattori Linda Moorreesin ura Abloylla alkoi korkeakouluharjoittelusta.<\/p><\/div>\n<h2><strong>Konkreettista ja ihmisl\u00e4heist\u00e4 osaamista opinnoista<\/strong><\/h2>\n<p>Lauran p\u00e4iv\u00e4t harjoittelussa kuluvat monenlaisten, vaihtelevien teht\u00e4vien parissa. Viikko alkaa palaverilla, jossa k\u00e4yd\u00e4\u00e4n tulevien p\u00e4ivien teht\u00e4v\u00e4t l\u00e4pi. Ty\u00f6teht\u00e4v\u00e4t tehd\u00e4\u00e4n itsen\u00e4isesti et\u00e4n\u00e4, ja p\u00e4iv\u00e4\u00e4n kuuluu puheluita kansainv\u00e4listen myyntiyhti\u00f6iden tai markkinointitiimin partnereiden, kuten mainostoimistojen kanssa. Teht\u00e4viin sis\u00e4ltyy organisaation sis\u00e4ist\u00e4 viestint\u00e4\u00e4, verkkosivujen muokkausta, mainosten ja sosiaalisen median sis\u00e4ll\u00f6n suunnittelua ja tuottamista eri maiden markkinointia varten.<\/p>\n<p>Harjoittelussa Laura on p\u00e4\u00e4ssyt hy\u00f6dynt\u00e4m\u00e4\u00e4n humanistista osaamistaan monipuolisesti. Mediakulttuurin ja viestinn\u00e4n opinnoista h\u00e4n kertoo saaneensa hy\u00f6dyllist\u00e4 konkreettista osaamista erilaisiin viestinn\u00e4n teht\u00e4viin sek\u00e4 esimerkiksi kuvank\u00e4sittelyyn ja Office-ohjelmistojen k\u00e4ytt\u00f6\u00f6n. My\u00f6s vaihto-opiskelu Salt Lake Cityss\u00e4 Westminster College -yliopistossa on tuonut konkreettista osaamista visuaalisesta suunnittelusta ja mainosten analysoinnista.<\/p>\n<p>Laura on kokenut humanististen opintojen tuoman ihmisl\u00e4heisen n\u00e4k\u00f6kulman harjoittelunsa kannalta t\u00e4rke\u00e4n\u00e4:<\/p>\n<p>\u2013 Kun tuotteita markkinoidaan ja myyd\u00e4\u00e4n, niin yleens\u00e4 siell\u00e4 on kumminkin ihminen, joka niit\u00e4 ostaa.<\/p>\n<p>Humanistisen alan opinnoista on kertynyt my\u00f6s kielitaitoa, kulttuurista osaamista ja ymm\u00e4rryst\u00e4 sek\u00e4 kokemusta erilaisten ihmisten kohtaamisesta.<\/p>\n<p>My\u00f6s ainej\u00e4rjest\u00f6toiminta on antanut ev\u00e4it\u00e4 ty\u00f6el\u00e4m\u00e4\u00e4n: ainej\u00e4rjest\u00f6ns\u00e4 Nefa-Joensuu ry:n viestinn\u00e4n ja sosiaalisen median vastaavana toimimisesta Laura kertoo saaneensa osaamista muun muassa sosiaalisen median sis\u00e4ll\u00f6n tuottamisesta. Kulttuurintutkimuksen fuksien tuutorointi taas antoi h\u00e4nelle suunnittelu- ja esiintymiskokemusta.<\/p>\n<h2><strong>Humanisti sopii uudenlaista ajattelua vaativiin teht\u00e4viin<\/strong><\/h2>\n<p>Humanistisesta koulutuksesta on ollut paljon hy\u00f6ty\u00e4 my\u00f6s urallaan pidemm\u00e4lle edenneelle Lindalle, joka korostaa, ett\u00e4 humanistinen koulutus antaa laajaa tiet\u00e4myst\u00e4 ja taitoja kansainv\u00e4liseen liike-el\u00e4m\u00e4\u00e4n. Lindan mukaan humanistista osaamista on mahdollista hy\u00f6dynt\u00e4\u00e4 monella eri alalla, erityisesti niill\u00e4, jotka vaativat luovuutta, uudenlaista ajattelua ja uusia n\u00e4k\u00f6kulmia \u2013 jollainen h\u00e4nen oma alansa markkinointi ja viestint\u00e4 on.<\/p>\n<p>Linda tuo esiin, ett\u00e4 humanistinen koulutus kehitt\u00e4\u00e4 syy\u2013seuraussuhteiden hahmottamista ja analyyttista ja kriittist\u00e4 ajattelua, jotka ovat hy\u00f6dyllisi\u00e4 ty\u00f6el\u00e4m\u00e4ss\u00e4. Ven\u00e4j\u00e4n kielt\u00e4 p\u00e4\u00e4aineenaan opiskellut Linda kokee kieliopintojen avulla pystyv\u00e4ns\u00e4 hahmottamaan yleisemminkin eri kielij\u00e4rjestelmi\u00e4, vaikka ei itse kielt\u00e4 osaisikaan.<\/p>\n<p>Ylip\u00e4\u00e4t\u00e4\u00e4n Linda pit\u00e4\u00e4 t\u00e4rke\u00e4n\u00e4 ty\u00f6yhteis\u00f6n moninaisuutta.<\/p>\n<p>\u2013 Yrityksiss\u00e4 ja tiimeiss\u00e4 tulisi olla mahdollisimman erilaisia ihmisi\u00e4, jotka tulevat eri taustoista, ovat eri ik\u00e4isi\u00e4 ja n\u00e4in ollen n\u00e4kev\u00e4t asioita eri n\u00e4k\u00f6kulmista.<\/p>\n<p>T\u00e4ll\u00e4 tavalla yritykset p\u00e4\u00e4sisiv\u00e4t parhaaseen mahdolliseen lopputulokseen hy\u00f6dynt\u00e4m\u00e4ll\u00e4 monen eri alan osaamista ja tuomalla ne yhteen.<\/p>\n<h2><strong>Harjoittelu Abloylla on k\u00e4yt\u00e4nn\u00f6nl\u00e4heist\u00e4 ja kansainv\u00e4list\u00e4<\/strong><\/h2>\n<p>Abloylle otetaan harjoittelijoita monilta eri opiskelualoilta, ja heille kullekin annetaan teht\u00e4vi\u00e4, joissa he voisivat hy\u00f6dynt\u00e4\u00e4 omaa osaamistaan parhaiten.<\/p>\n<p>\u2013 Me Abloylla koemme yhteiskuntavastuuna sen, ett\u00e4 olemme mukana kehitt\u00e4m\u00e4ss\u00e4 Joensuun aluetta sek\u00e4 my\u00f6s It\u00e4-Suomen yliopistoa ja muita oppilaitoksia. Henkil\u00f6kohtaisesti pid\u00e4n paljon harjoittelijoiden kanssa ty\u00f6skentelyst\u00e4 ja kokemusten mahdollistamisesta. Mik\u00e4 olisi parempaa kuin harjoitella opitun teorian laittamista k\u00e4yt\u00e4nt\u00f6\u00f6n, Linda selitt\u00e4\u00e4.<\/p>\n<p>Sen lis\u00e4ksi, ett\u00e4 harjoittelijoilla on opinnoista kartutettua osaamista omalta alaltaan, Linda korostaa oikeanlaisen asenteen ja oma-aloitteisuuden t\u00e4rkeytt\u00e4:<\/p>\n<p>\u2013 Sellainen hands on -asenne, eli toimeenpanokyky, ett\u00e4 ottaa asioista kiinni ja alkaa rohkeasti tekem\u00e4\u00e4n niit\u00e4, Linda selitt\u00e4\u00e4.<\/p>\n<p>Ohjaajana Linda haluaa tarjota harjoittelijalle mahdollisuuden p\u00e4\u00e4st\u00e4 tekem\u00e4\u00e4n mahdollisimman paljon t\u00f6it\u00e4 k\u00e4yt\u00e4nn\u00f6ss\u00e4. Harjoittelu on Lindan mukaan se paikka, jossa saa harjoitella ja kokeilla, mit\u00e4 jo hallitsee ja mit\u00e4 tulee viel\u00e4 kehitt\u00e4\u00e4, ja onko kyseinen ty\u00f6teht\u00e4v\u00e4 itselle sopiva ja mahdollisesti tulevaisuuden ammatti.<\/p>\n<p>Harjoittelijat ovat tiimin t\u00e4ysivaltaisia j\u00e4seni\u00e4 ja heill\u00e4 on omat vastuualueensa. Harjoittelija ja ohjaaja k\u00e4yv\u00e4t harjoittelun alussa perehdytysmateriaalit l\u00e4pi ja harjoittelija tutustuu tiimiin sek\u00e4 ulkoisiin ja sis\u00e4isiin sidosryhmiin. T\u00e4ll\u00e4 tavoin harjoittelija ymm\u00e4rt\u00e4\u00e4 mahdollisimman nopeasti, millaisesta organisaatiosta on kyse ja keiden kanssa ty\u00f6skennell\u00e4\u00e4n tulevat harjoittelukuukaudet.<\/p>\n<p>Lindan mukaan aiemmat harjoittelijat ovat nauttineet harjoittelusta Abloylla muun muassa siksi, ett\u00e4 yritys on kansainv\u00e4linen. Monelle tulee yll\u00e4tyksen\u00e4, mit\u00e4 kaikkea Abloy tuottaa ja miss\u00e4 kaikkialla heill\u00e4 on liiketoimintaa.<\/p>\n<p>\u2013 P\u00e4iv\u00e4ll\u00e4 saattaa olla puhelu Aasiaan ja my\u00f6hemmin iltap\u00e4iv\u00e4ll\u00e4 latinalaiseen Amerikkaan ja USA:han, Linda havainnollistaa.<\/p>\n<p>Perehdytys ja yhteydenpito on t\u00e4n\u00e4 vuonna koronan takia j\u00e4rjestetty et\u00e4yhteyksin. Harjoittelijoita autetaan ja ohjataan paljon k\u00e4dest\u00e4 pit\u00e4en ja s\u00e4\u00e4nn\u00f6llisesti pari kertaa viikossa, jotta he p\u00e4\u00e4sev\u00e4t eteenp\u00e4in ty\u00f6teht\u00e4viss\u00e4\u00e4n eiv\u00e4tk\u00e4 j\u00e4\u00e4 yksin mahdollisten haasteiden kanssa. Et\u00e4tapaamisissa k\u00e4yd\u00e4\u00e4n l\u00e4pi muun muassa, miten harjoittelija l\u00e4htisi etenem\u00e4\u00e4n ty\u00f6n kanssa ja miten ohjaaja l\u00e4hestyisi ty\u00f6t\u00e4.<\/p>\n<p>Korona on vaikuttanut my\u00f6s siihen, ettei markkinointia ja tapahtumia ole voinut j\u00e4rjest\u00e4\u00e4 tavalliseen tapaan, joten ty\u00f6h\u00f6n on kuulunut markkinoinnin muuttamista virtuaaliseksi.<\/p>\n<p>\u2013 Jos verrataan harjoittelijan ty\u00f6kuvaa vuosi sitten, on virtuaalinen maailma korostunut merkitt\u00e4v\u00e4sti t\u00e4m\u00e4n harjoittelun yhteydess\u00e4.<\/p>\n<div id=\"attachment_946\" style=\"width: 484px\" class=\"wp-caption alignnone\"><img loading=\"lazy\" decoding=\"async\" aria-describedby=\"caption-attachment-946\" class=\"wp-image-946 size-large\" src=\"https:\/\/blogs.uef.fi\/humanistit-uudistuvassa-tyoelamassa\/wp-content\/uploads\/sites\/113\/2020\/11\/Kuva-2-768x1024.jpg\" alt=\"Kuvassa Laura V\u00e4\u00e4n\u00e4nen tekee t\u00f6it\u00e4 tietokoneella.\" width=\"474\" height=\"632\" srcset=\"https:\/\/blogs.uef.fi\/humanistit-uudistuvassa-tyoelamassa\/wp-content\/uploads\/sites\/113\/2020\/11\/Kuva-2-768x1024.jpg 768w, https:\/\/blogs.uef.fi\/humanistit-uudistuvassa-tyoelamassa\/wp-content\/uploads\/sites\/113\/2020\/11\/Kuva-2-225x300.jpg 225w, https:\/\/blogs.uef.fi\/humanistit-uudistuvassa-tyoelamassa\/wp-content\/uploads\/sites\/113\/2020\/11\/Kuva-2-1152x1536.jpg 1152w, https:\/\/blogs.uef.fi\/humanistit-uudistuvassa-tyoelamassa\/wp-content\/uploads\/sites\/113\/2020\/11\/Kuva-2-1536x2048.jpg 1536w, https:\/\/blogs.uef.fi\/humanistit-uudistuvassa-tyoelamassa\/wp-content\/uploads\/sites\/113\/2020\/11\/Kuva-2-scaled.jpg 1920w\" sizes=\"auto, (max-width: 474px) 100vw, 474px\" \/><p id=\"caption-attachment-946\" class=\"wp-caption-text\">Laura tekee harjoitteluaan et\u00e4n\u00e4.<\/p><\/div>\n<h2><strong>Koronasta huolimatta antoisa kokemus<\/strong><\/h2>\n<p>Harjoittelija Laura on p\u00e4\u00e4ssyt soveltamaan koulutuksessa oppimiaan taitoja monipuolisesti. Ennen harjoittelua h\u00e4nelle on ollut ep\u00e4varmaa, mihin h\u00e4nen taitonsa soveltuvat. Ty\u00f6harjoittelun my\u00f6t\u00e4 h\u00e4n on saanut varmuutta ja vahvuutta taitoihinsa ja oppinut lis\u00e4\u00e4 esimerkiksi kuvank\u00e4sittelyst\u00e4, nettisivujen muokkauksesta, kulttuurien eroavaisuuksista sek\u00e4 mainosten laatimisesta. Ty\u00f6paikkana Abloy on ollut hyvin joustava, ja Laura on p\u00e4\u00e4ssyt tekem\u00e4\u00e4n itselleen mieleisi\u00e4 t\u00f6it\u00e4. Laura on saanut haastavia ty\u00f6teht\u00e4vi\u00e4 ja h\u00e4nen taitoihinsa on alusta alkaen luotettu.<\/p>\n<p>Et\u00e4ty\u00f6t j\u00e4nnittiv\u00e4t Lauraa ensin, koska h\u00e4n ei ollut varma, kuinka h\u00e4n saisi yhteyden muihin ty\u00f6ntekij\u00f6ihin ja p\u00e4\u00e4sisi mukaan ty\u00f6yhteis\u00f6\u00f6n. Et\u00e4yhteydet ovat toimineet kuitenkin hyvin ja ty\u00f6kavereihin on aina saanut yhteyden, kun sit\u00e4 on tarvittu. H\u00e4nen ty\u00f6aikansa ovat olleet joustavia ja ty\u00f6 on sujunut kotoa k\u00e4sin. Kotona on tietysti ollut kaikenlaisia \u00e4rsykkeit\u00e4, mutta rutiinit ja ty\u00f6n keskitt\u00e4minen ty\u00f6pisteeseen ovat edesauttaneet t\u00f6iden sujuvuutta.<\/p>\n<p>\u2013 Olen yll\u00e4ttynyt siit\u00e4, miten paljon olen loppujen lopuksi tyk\u00e4nnyt et\u00e4t\u00f6ist\u00e4.<\/p>\n<p>Ennen koronaa Lauralla oli haave suorittaa ty\u00f6harjoittelu esimerkiksi Ranskassa tai Isossa-Britanniassa, mutta Abloy on ollut todella monipuolinen ty\u00f6ymp\u00e4rist\u00f6, jossa Laura on p\u00e4\u00e4ssyt olemaan vuorovaikutuksessa ihmisiin eri maissa ja oppinut my\u00f6s muiden maiden ty\u00f6kulttuureista. Esimerkkin\u00e4 Laura kertoo, ett\u00e4 verrattuna Suomeen monessa muussa maassa ei olla kovin tiukkoja aikarajojen kanssa.<\/p>\n<p>Harjoittelun aikana Laura ei ole suorittanut muita opintoja. Laura muistuttaa, ett\u00e4 pit\u00e4\u00e4 my\u00f6s muistaa lev\u00e4t\u00e4.<\/p>\n<p>\u2013 On t\u00e4rke\u00e4\u00e4 olla armollinen itselleen, kun tekee kuitenkin t\u00e4ytt\u00e4 ty\u00f6p\u00e4iv\u00e4\u00e4.<\/p>\n<p>Kaiken kaikkiaan Laura on saanut paljon irti harjoittelustaan, niin oman osaamisensa kehitt\u00e4mist\u00e4, kiinnostavan kansainv\u00e4lisen ty\u00f6ymp\u00e4rist\u00f6n, kuin uutta motivaatiota omille opinnoilleen.<\/p>\n<h2><strong>Kyll\u00e4 se oma paikka l\u00f6ytyy<\/strong><\/h2>\n<p>Laura kannustaa my\u00f6s muita humanististen aineiden opiskelijoita hakeutumaan ty\u00f6harjoitteluun.<\/p>\n<p>\u2013 Ty\u00f6harjoittelusta saa tosi hyvin kokemusta, itsevarmuutta ja motivaatioita opintoihin, koska sitten tiet\u00e4\u00e4, ett\u00e4 tulevaisuudessa on kohde, mit\u00e4 kohti voi menn\u00e4.<\/p>\n<p>Laura my\u00f6s muistuttaa, ettei harjoittelupaikkaa hakiessa pid\u00e4 lannistua.<\/p>\n<p>Linda taas kehottaa opiskelijoita rohkeasti k\u00e4ytt\u00e4m\u00e4\u00e4n opintojensa aikana kaikkia ty\u00f6harjoitteluna suoritettavissa olevia opintopisteit\u00e4, jotka voivat my\u00f6hemmin auttaa ty\u00f6llistymisess\u00e4.<\/p>\n<p>\u2013 Kannustan kaikkia humanisteja selvitt\u00e4m\u00e4\u00e4n, mit\u00e4 nuo opintopisteet ovat, ja rohkeasti l\u00e4hestym\u00e4\u00e4n yrityksi\u00e4, joihin haaveilee ty\u00f6llistyv\u00e4ns\u00e4 ja jotka kiinnostavat \u2013 mukaan lukien meid\u00e4t, Linda vinkkaa.<\/p>\n<p>Teksti: Anna Arkko &amp; Saimi Hirvonen, HUMUS-opiskelijaty\u00f6ryhm\u00e4<\/p>\n","protected":false},"excerpt":{"rendered":"<p>Ennen koronaa kulttuurintutkimuksen opiskelija Laura V\u00e4\u00e4n\u00e4nen haaveili harjoittelusta ulkomailla. Harjoittelu Joensuussa Abloylla on kuitenkin tarjonnut h\u00e4nelle antoisan, kansainv\u00e4lisen ty\u00f6ymp\u00e4rist\u00f6n. H\u00e4nt\u00e4 ohjaa markkinointikoordinaattori Linda Moorrees, joka h\u00e4nkin on koulutukseltaan humanisti. Millaista polkua Linda on p\u00e4\u00e4tynyt Abloylle, mit\u00e4 ovat humanistien vahvuudet ty\u00f6el\u00e4m\u00e4ss\u00e4 ja millainen Lauran harjoittelukokemus on ollut? HUMUS-hankkeen opiskelijaty\u00f6yhm\u00e4 haastatteli Lauraa ja Lindaa. Harjoittelija Laura V\u00e4\u00e4n\u00e4sen [&hellip;]<\/p>\n","protected":false},"author":285,"featured_media":0,"comment_status":"open","ping_status":"open","sticky":false,"template":"","format":"standard","meta":{"_acf_changed":false,"footnotes":""},"categories":[21],"tags":[],"class_list":["post-931","post","type-post","status-publish","format-standard","hentry","category-harjoittelukokemukset"],"acf":[],"yoast_head":"<!-- This site is optimized with the Yoast SEO plugin v27.3 - https:\/\/yoast.com\/product\/yoast-seo-wordpress\/ -->\n<title>Hands on -asenne vie harjoittelijan pitk\u00e4lle - HUMUS \u2013 Humanistit uudistuvassa ty\u00f6el\u00e4m\u00e4ss\u00e4<\/title>\n<meta name=\"robots\" content=\"index, follow, max-snippet:-1, max-image-preview:large, max-video-preview:-1\" \/>\n<link rel=\"canonical\" href=\"https:\/\/blogs.uef.fi\/humanistit-uudistuvassa-tyoelamassa\/2020\/11\/18\/hands-on-asenne-vie-harjoittelijan-pitkalle\/\" \/>\n<meta property=\"og:locale\" content=\"fi_FI\" \/>\n<meta property=\"og:type\" content=\"article\" \/>\n<meta property=\"og:title\" content=\"Hands on -asenne vie harjoittelijan pitk\u00e4lle - HUMUS \u2013 Humanistit uudistuvassa ty\u00f6el\u00e4m\u00e4ss\u00e4\" \/>\n<meta property=\"og:description\" content=\"Ennen koronaa kulttuurintutkimuksen opiskelija Laura V\u00e4\u00e4n\u00e4nen haaveili harjoittelusta ulkomailla. Harjoittelu Joensuussa Abloylla on kuitenkin tarjonnut h\u00e4nelle antoisan, kansainv\u00e4lisen ty\u00f6ymp\u00e4rist\u00f6n. H\u00e4nt\u00e4 ohjaa markkinointikoordinaattori Linda Moorrees, joka h\u00e4nkin on koulutukseltaan humanisti. Millaista polkua Linda on p\u00e4\u00e4tynyt Abloylle, mit\u00e4 ovat humanistien vahvuudet ty\u00f6el\u00e4m\u00e4ss\u00e4 ja millainen Lauran harjoittelukokemus on ollut? HUMUS-hankkeen opiskelijaty\u00f6yhm\u00e4 haastatteli Lauraa ja Lindaa. Harjoittelija Laura V\u00e4\u00e4n\u00e4sen [&hellip;]\" \/>\n<meta property=\"og:url\" content=\"https:\/\/blogs.uef.fi\/humanistit-uudistuvassa-tyoelamassa\/2020\/11\/18\/hands-on-asenne-vie-harjoittelijan-pitkalle\/\" \/>\n<meta property=\"og:site_name\" content=\"HUMUS \u2013 Humanistit uudistuvassa ty\u00f6el\u00e4m\u00e4ss\u00e4\" \/>\n<meta property=\"article:published_time\" content=\"2020-11-18T08:53:12+00:00\" \/>\n<meta property=\"article:modified_time\" content=\"2021-08-06T06:11:21+00:00\" \/>\n<meta property=\"og:image\" content=\"https:\/\/blogs.uef.fi\/humanistit-uudistuvassa-tyoelamassa\/wp-content\/uploads\/sites\/113\/2020\/11\/Kuva-1-768x1024.jpeg\" \/>\n<meta name=\"author\" content=\"Sini Heinoja\" \/>\n<meta name=\"twitter:card\" content=\"summary_large_image\" \/>\n<meta name=\"twitter:label1\" content=\"Kirjoittanut\" \/>\n\t<meta name=\"twitter:data1\" content=\"Sini Heinoja\" \/>\n\t<meta name=\"twitter:label2\" content=\"Arvioitu lukuaika\" \/>\n\t<meta name=\"twitter:data2\" content=\"8 minuuttia\" \/>\n<script type=\"application\/ld+json\" class=\"yoast-schema-graph\">{\"@context\":\"https:\\\/\\\/schema.org\",\"@graph\":[{\"@type\":\"Article\",\"@id\":\"https:\\\/\\\/blogs.uef.fi\\\/humanistit-uudistuvassa-tyoelamassa\\\/2020\\\/11\\\/18\\\/hands-on-asenne-vie-harjoittelijan-pitkalle\\\/#article\",\"isPartOf\":{\"@id\":\"https:\\\/\\\/blogs.uef.fi\\\/humanistit-uudistuvassa-tyoelamassa\\\/2020\\\/11\\\/18\\\/hands-on-asenne-vie-harjoittelijan-pitkalle\\\/\"},\"author\":{\"name\":\"Sini Heinoja\",\"@id\":\"https:\\\/\\\/blogs.uef.fi\\\/humanistit-uudistuvassa-tyoelamassa\\\/#\\\/schema\\\/person\\\/2a8dd39b2285e1f0f8b2a15f542fa9ff\"},\"headline\":\"Hands on -asenne vie harjoittelijan pitk\u00e4lle\",\"datePublished\":\"2020-11-18T08:53:12+00:00\",\"dateModified\":\"2021-08-06T06:11:21+00:00\",\"mainEntityOfPage\":{\"@id\":\"https:\\\/\\\/blogs.uef.fi\\\/humanistit-uudistuvassa-tyoelamassa\\\/2020\\\/11\\\/18\\\/hands-on-asenne-vie-harjoittelijan-pitkalle\\\/\"},\"wordCount\":1624,\"commentCount\":0,\"image\":{\"@id\":\"https:\\\/\\\/blogs.uef.fi\\\/humanistit-uudistuvassa-tyoelamassa\\\/2020\\\/11\\\/18\\\/hands-on-asenne-vie-harjoittelijan-pitkalle\\\/#primaryimage\"},\"thumbnailUrl\":\"https:\\\/\\\/blogs.uef.fi\\\/humanistit-uudistuvassa-tyoelamassa\\\/wp-content\\\/uploads\\\/sites\\\/113\\\/2020\\\/11\\\/Kuva-1-768x1024.jpeg\",\"articleSection\":[\"Harjoittelukokemukset\"],\"inLanguage\":\"fi\",\"potentialAction\":[{\"@type\":\"CommentAction\",\"name\":\"Comment\",\"target\":[\"https:\\\/\\\/blogs.uef.fi\\\/humanistit-uudistuvassa-tyoelamassa\\\/2020\\\/11\\\/18\\\/hands-on-asenne-vie-harjoittelijan-pitkalle\\\/#respond\"]}]},{\"@type\":\"WebPage\",\"@id\":\"https:\\\/\\\/blogs.uef.fi\\\/humanistit-uudistuvassa-tyoelamassa\\\/2020\\\/11\\\/18\\\/hands-on-asenne-vie-harjoittelijan-pitkalle\\\/\",\"url\":\"https:\\\/\\\/blogs.uef.fi\\\/humanistit-uudistuvassa-tyoelamassa\\\/2020\\\/11\\\/18\\\/hands-on-asenne-vie-harjoittelijan-pitkalle\\\/\",\"name\":\"Hands on -asenne vie harjoittelijan pitk\u00e4lle - HUMUS \u2013 Humanistit uudistuvassa ty\u00f6el\u00e4m\u00e4ss\u00e4\",\"isPartOf\":{\"@id\":\"https:\\\/\\\/blogs.uef.fi\\\/humanistit-uudistuvassa-tyoelamassa\\\/#website\"},\"primaryImageOfPage\":{\"@id\":\"https:\\\/\\\/blogs.uef.fi\\\/humanistit-uudistuvassa-tyoelamassa\\\/2020\\\/11\\\/18\\\/hands-on-asenne-vie-harjoittelijan-pitkalle\\\/#primaryimage\"},\"image\":{\"@id\":\"https:\\\/\\\/blogs.uef.fi\\\/humanistit-uudistuvassa-tyoelamassa\\\/2020\\\/11\\\/18\\\/hands-on-asenne-vie-harjoittelijan-pitkalle\\\/#primaryimage\"},\"thumbnailUrl\":\"https:\\\/\\\/blogs.uef.fi\\\/humanistit-uudistuvassa-tyoelamassa\\\/wp-content\\\/uploads\\\/sites\\\/113\\\/2020\\\/11\\\/Kuva-1-768x1024.jpeg\",\"datePublished\":\"2020-11-18T08:53:12+00:00\",\"dateModified\":\"2021-08-06T06:11:21+00:00\",\"author\":{\"@id\":\"https:\\\/\\\/blogs.uef.fi\\\/humanistit-uudistuvassa-tyoelamassa\\\/#\\\/schema\\\/person\\\/2a8dd39b2285e1f0f8b2a15f542fa9ff\"},\"breadcrumb\":{\"@id\":\"https:\\\/\\\/blogs.uef.fi\\\/humanistit-uudistuvassa-tyoelamassa\\\/2020\\\/11\\\/18\\\/hands-on-asenne-vie-harjoittelijan-pitkalle\\\/#breadcrumb\"},\"inLanguage\":\"fi\",\"potentialAction\":[{\"@type\":\"ReadAction\",\"target\":[\"https:\\\/\\\/blogs.uef.fi\\\/humanistit-uudistuvassa-tyoelamassa\\\/2020\\\/11\\\/18\\\/hands-on-asenne-vie-harjoittelijan-pitkalle\\\/\"]}]},{\"@type\":\"ImageObject\",\"inLanguage\":\"fi\",\"@id\":\"https:\\\/\\\/blogs.uef.fi\\\/humanistit-uudistuvassa-tyoelamassa\\\/2020\\\/11\\\/18\\\/hands-on-asenne-vie-harjoittelijan-pitkalle\\\/#primaryimage\",\"url\":\"https:\\\/\\\/blogs.uef.fi\\\/humanistit-uudistuvassa-tyoelamassa\\\/wp-content\\\/uploads\\\/sites\\\/113\\\/2020\\\/11\\\/Kuva-1-768x1024.jpeg\",\"contentUrl\":\"https:\\\/\\\/blogs.uef.fi\\\/humanistit-uudistuvassa-tyoelamassa\\\/wp-content\\\/uploads\\\/sites\\\/113\\\/2020\\\/11\\\/Kuva-1-768x1024.jpeg\"},{\"@type\":\"BreadcrumbList\",\"@id\":\"https:\\\/\\\/blogs.uef.fi\\\/humanistit-uudistuvassa-tyoelamassa\\\/2020\\\/11\\\/18\\\/hands-on-asenne-vie-harjoittelijan-pitkalle\\\/#breadcrumb\",\"itemListElement\":[{\"@type\":\"ListItem\",\"position\":1,\"name\":\"Home\",\"item\":\"https:\\\/\\\/blogs.uef.fi\\\/humanistit-uudistuvassa-tyoelamassa\\\/\"},{\"@type\":\"ListItem\",\"position\":2,\"name\":\"Hands on -asenne vie harjoittelijan pitk\u00e4lle\"}]},{\"@type\":\"WebSite\",\"@id\":\"https:\\\/\\\/blogs.uef.fi\\\/humanistit-uudistuvassa-tyoelamassa\\\/#website\",\"url\":\"https:\\\/\\\/blogs.uef.fi\\\/humanistit-uudistuvassa-tyoelamassa\\\/\",\"name\":\"HUMUS \u2013 Humanistit uudistuvassa ty\u00f6el\u00e4m\u00e4ss\u00e4\",\"description\":\"\",\"potentialAction\":[{\"@type\":\"SearchAction\",\"target\":{\"@type\":\"EntryPoint\",\"urlTemplate\":\"https:\\\/\\\/blogs.uef.fi\\\/humanistit-uudistuvassa-tyoelamassa\\\/?s={search_term_string}\"},\"query-input\":{\"@type\":\"PropertyValueSpecification\",\"valueRequired\":true,\"valueName\":\"search_term_string\"}}],\"inLanguage\":\"fi\"},{\"@type\":\"Person\",\"@id\":\"https:\\\/\\\/blogs.uef.fi\\\/humanistit-uudistuvassa-tyoelamassa\\\/#\\\/schema\\\/person\\\/2a8dd39b2285e1f0f8b2a15f542fa9ff\",\"name\":\"Sini Heinoja\",\"image\":{\"@type\":\"ImageObject\",\"inLanguage\":\"fi\",\"@id\":\"https:\\\/\\\/secure.gravatar.com\\\/avatar\\\/e26b7b6234f0e3dfbe287cd2d81eea31d8a9e7d7265142f403762dfa4aa14903?s=96&d=mm&r=g\",\"url\":\"https:\\\/\\\/secure.gravatar.com\\\/avatar\\\/e26b7b6234f0e3dfbe287cd2d81eea31d8a9e7d7265142f403762dfa4aa14903?s=96&d=mm&r=g\",\"contentUrl\":\"https:\\\/\\\/secure.gravatar.com\\\/avatar\\\/e26b7b6234f0e3dfbe287cd2d81eea31d8a9e7d7265142f403762dfa4aa14903?s=96&d=mm&r=g\",\"caption\":\"Sini Heinoja\"},\"url\":\"https:\\\/\\\/blogs.uef.fi\\\/humanistit-uudistuvassa-tyoelamassa\\\/author\\\/sinihei\\\/\"}]}<\/script>\n<!-- \/ Yoast SEO plugin. -->","yoast_head_json":{"title":"Hands on -asenne vie harjoittelijan pitk\u00e4lle - HUMUS \u2013 Humanistit uudistuvassa ty\u00f6el\u00e4m\u00e4ss\u00e4","robots":{"index":"index","follow":"follow","max-snippet":"max-snippet:-1","max-image-preview":"max-image-preview:large","max-video-preview":"max-video-preview:-1"},"canonical":"https:\/\/blogs.uef.fi\/humanistit-uudistuvassa-tyoelamassa\/2020\/11\/18\/hands-on-asenne-vie-harjoittelijan-pitkalle\/","og_locale":"fi_FI","og_type":"article","og_title":"Hands on -asenne vie harjoittelijan pitk\u00e4lle - HUMUS \u2013 Humanistit uudistuvassa ty\u00f6el\u00e4m\u00e4ss\u00e4","og_description":"Ennen koronaa kulttuurintutkimuksen opiskelija Laura V\u00e4\u00e4n\u00e4nen haaveili harjoittelusta ulkomailla. Harjoittelu Joensuussa Abloylla on kuitenkin tarjonnut h\u00e4nelle antoisan, kansainv\u00e4lisen ty\u00f6ymp\u00e4rist\u00f6n. H\u00e4nt\u00e4 ohjaa markkinointikoordinaattori Linda Moorrees, joka h\u00e4nkin on koulutukseltaan humanisti. Millaista polkua Linda on p\u00e4\u00e4tynyt Abloylle, mit\u00e4 ovat humanistien vahvuudet ty\u00f6el\u00e4m\u00e4ss\u00e4 ja millainen Lauran harjoittelukokemus on ollut? HUMUS-hankkeen opiskelijaty\u00f6yhm\u00e4 haastatteli Lauraa ja Lindaa. Harjoittelija Laura V\u00e4\u00e4n\u00e4sen [&hellip;]","og_url":"https:\/\/blogs.uef.fi\/humanistit-uudistuvassa-tyoelamassa\/2020\/11\/18\/hands-on-asenne-vie-harjoittelijan-pitkalle\/","og_site_name":"HUMUS \u2013 Humanistit uudistuvassa ty\u00f6el\u00e4m\u00e4ss\u00e4","article_published_time":"2020-11-18T08:53:12+00:00","article_modified_time":"2021-08-06T06:11:21+00:00","og_image":[{"url":"https:\/\/blogs.uef.fi\/humanistit-uudistuvassa-tyoelamassa\/wp-content\/uploads\/sites\/113\/2020\/11\/Kuva-1-768x1024.jpeg","type":"","width":"","height":""}],"author":"Sini Heinoja","twitter_card":"summary_large_image","twitter_misc":{"Kirjoittanut":"Sini Heinoja","Arvioitu lukuaika":"8 minuuttia"},"schema":{"@context":"https:\/\/schema.org","@graph":[{"@type":"Article","@id":"https:\/\/blogs.uef.fi\/humanistit-uudistuvassa-tyoelamassa\/2020\/11\/18\/hands-on-asenne-vie-harjoittelijan-pitkalle\/#article","isPartOf":{"@id":"https:\/\/blogs.uef.fi\/humanistit-uudistuvassa-tyoelamassa\/2020\/11\/18\/hands-on-asenne-vie-harjoittelijan-pitkalle\/"},"author":{"name":"Sini Heinoja","@id":"https:\/\/blogs.uef.fi\/humanistit-uudistuvassa-tyoelamassa\/#\/schema\/person\/2a8dd39b2285e1f0f8b2a15f542fa9ff"},"headline":"Hands on -asenne vie harjoittelijan pitk\u00e4lle","datePublished":"2020-11-18T08:53:12+00:00","dateModified":"2021-08-06T06:11:21+00:00","mainEntityOfPage":{"@id":"https:\/\/blogs.uef.fi\/humanistit-uudistuvassa-tyoelamassa\/2020\/11\/18\/hands-on-asenne-vie-harjoittelijan-pitkalle\/"},"wordCount":1624,"commentCount":0,"image":{"@id":"https:\/\/blogs.uef.fi\/humanistit-uudistuvassa-tyoelamassa\/2020\/11\/18\/hands-on-asenne-vie-harjoittelijan-pitkalle\/#primaryimage"},"thumbnailUrl":"https:\/\/blogs.uef.fi\/humanistit-uudistuvassa-tyoelamassa\/wp-content\/uploads\/sites\/113\/2020\/11\/Kuva-1-768x1024.jpeg","articleSection":["Harjoittelukokemukset"],"inLanguage":"fi","potentialAction":[{"@type":"CommentAction","name":"Comment","target":["https:\/\/blogs.uef.fi\/humanistit-uudistuvassa-tyoelamassa\/2020\/11\/18\/hands-on-asenne-vie-harjoittelijan-pitkalle\/#respond"]}]},{"@type":"WebPage","@id":"https:\/\/blogs.uef.fi\/humanistit-uudistuvassa-tyoelamassa\/2020\/11\/18\/hands-on-asenne-vie-harjoittelijan-pitkalle\/","url":"https:\/\/blogs.uef.fi\/humanistit-uudistuvassa-tyoelamassa\/2020\/11\/18\/hands-on-asenne-vie-harjoittelijan-pitkalle\/","name":"Hands on -asenne vie harjoittelijan pitk\u00e4lle - HUMUS \u2013 Humanistit uudistuvassa ty\u00f6el\u00e4m\u00e4ss\u00e4","isPartOf":{"@id":"https:\/\/blogs.uef.fi\/humanistit-uudistuvassa-tyoelamassa\/#website"},"primaryImageOfPage":{"@id":"https:\/\/blogs.uef.fi\/humanistit-uudistuvassa-tyoelamassa\/2020\/11\/18\/hands-on-asenne-vie-harjoittelijan-pitkalle\/#primaryimage"},"image":{"@id":"https:\/\/blogs.uef.fi\/humanistit-uudistuvassa-tyoelamassa\/2020\/11\/18\/hands-on-asenne-vie-harjoittelijan-pitkalle\/#primaryimage"},"thumbnailUrl":"https:\/\/blogs.uef.fi\/humanistit-uudistuvassa-tyoelamassa\/wp-content\/uploads\/sites\/113\/2020\/11\/Kuva-1-768x1024.jpeg","datePublished":"2020-11-18T08:53:12+00:00","dateModified":"2021-08-06T06:11:21+00:00","author":{"@id":"https:\/\/blogs.uef.fi\/humanistit-uudistuvassa-tyoelamassa\/#\/schema\/person\/2a8dd39b2285e1f0f8b2a15f542fa9ff"},"breadcrumb":{"@id":"https:\/\/blogs.uef.fi\/humanistit-uudistuvassa-tyoelamassa\/2020\/11\/18\/hands-on-asenne-vie-harjoittelijan-pitkalle\/#breadcrumb"},"inLanguage":"fi","potentialAction":[{"@type":"ReadAction","target":["https:\/\/blogs.uef.fi\/humanistit-uudistuvassa-tyoelamassa\/2020\/11\/18\/hands-on-asenne-vie-harjoittelijan-pitkalle\/"]}]},{"@type":"ImageObject","inLanguage":"fi","@id":"https:\/\/blogs.uef.fi\/humanistit-uudistuvassa-tyoelamassa\/2020\/11\/18\/hands-on-asenne-vie-harjoittelijan-pitkalle\/#primaryimage","url":"https:\/\/blogs.uef.fi\/humanistit-uudistuvassa-tyoelamassa\/wp-content\/uploads\/sites\/113\/2020\/11\/Kuva-1-768x1024.jpeg","contentUrl":"https:\/\/blogs.uef.fi\/humanistit-uudistuvassa-tyoelamassa\/wp-content\/uploads\/sites\/113\/2020\/11\/Kuva-1-768x1024.jpeg"},{"@type":"BreadcrumbList","@id":"https:\/\/blogs.uef.fi\/humanistit-uudistuvassa-tyoelamassa\/2020\/11\/18\/hands-on-asenne-vie-harjoittelijan-pitkalle\/#breadcrumb","itemListElement":[{"@type":"ListItem","position":1,"name":"Home","item":"https:\/\/blogs.uef.fi\/humanistit-uudistuvassa-tyoelamassa\/"},{"@type":"ListItem","position":2,"name":"Hands on -asenne vie harjoittelijan pitk\u00e4lle"}]},{"@type":"WebSite","@id":"https:\/\/blogs.uef.fi\/humanistit-uudistuvassa-tyoelamassa\/#website","url":"https:\/\/blogs.uef.fi\/humanistit-uudistuvassa-tyoelamassa\/","name":"HUMUS \u2013 Humanistit uudistuvassa ty\u00f6el\u00e4m\u00e4ss\u00e4","description":"","potentialAction":[{"@type":"SearchAction","target":{"@type":"EntryPoint","urlTemplate":"https:\/\/blogs.uef.fi\/humanistit-uudistuvassa-tyoelamassa\/?s={search_term_string}"},"query-input":{"@type":"PropertyValueSpecification","valueRequired":true,"valueName":"search_term_string"}}],"inLanguage":"fi"},{"@type":"Person","@id":"https:\/\/blogs.uef.fi\/humanistit-uudistuvassa-tyoelamassa\/#\/schema\/person\/2a8dd39b2285e1f0f8b2a15f542fa9ff","name":"Sini Heinoja","image":{"@type":"ImageObject","inLanguage":"fi","@id":"https:\/\/secure.gravatar.com\/avatar\/e26b7b6234f0e3dfbe287cd2d81eea31d8a9e7d7265142f403762dfa4aa14903?s=96&d=mm&r=g","url":"https:\/\/secure.gravatar.com\/avatar\/e26b7b6234f0e3dfbe287cd2d81eea31d8a9e7d7265142f403762dfa4aa14903?s=96&d=mm&r=g","contentUrl":"https:\/\/secure.gravatar.com\/avatar\/e26b7b6234f0e3dfbe287cd2d81eea31d8a9e7d7265142f403762dfa4aa14903?s=96&d=mm&r=g","caption":"Sini Heinoja"},"url":"https:\/\/blogs.uef.fi\/humanistit-uudistuvassa-tyoelamassa\/author\/sinihei\/"}]}},"_links":{"self":[{"href":"https:\/\/blogs.uef.fi\/humanistit-uudistuvassa-tyoelamassa\/wp-json\/wp\/v2\/posts\/931","targetHints":{"allow":["GET"]}}],"collection":[{"href":"https:\/\/blogs.uef.fi\/humanistit-uudistuvassa-tyoelamassa\/wp-json\/wp\/v2\/posts"}],"about":[{"href":"https:\/\/blogs.uef.fi\/humanistit-uudistuvassa-tyoelamassa\/wp-json\/wp\/v2\/types\/post"}],"author":[{"embeddable":true,"href":"https:\/\/blogs.uef.fi\/humanistit-uudistuvassa-tyoelamassa\/wp-json\/wp\/v2\/users\/285"}],"replies":[{"embeddable":true,"href":"https:\/\/blogs.uef.fi\/humanistit-uudistuvassa-tyoelamassa\/wp-json\/wp\/v2\/comments?post=931"}],"version-history":[{"count":2,"href":"https:\/\/blogs.uef.fi\/humanistit-uudistuvassa-tyoelamassa\/wp-json\/wp\/v2\/posts\/931\/revisions"}],"predecessor-version":[{"id":1426,"href":"https:\/\/blogs.uef.fi\/humanistit-uudistuvassa-tyoelamassa\/wp-json\/wp\/v2\/posts\/931\/revisions\/1426"}],"wp:attachment":[{"href":"https:\/\/blogs.uef.fi\/humanistit-uudistuvassa-tyoelamassa\/wp-json\/wp\/v2\/media?parent=931"}],"wp:term":[{"taxonomy":"category","embeddable":true,"href":"https:\/\/blogs.uef.fi\/humanistit-uudistuvassa-tyoelamassa\/wp-json\/wp\/v2\/categories?post=931"},{"taxonomy":"post_tag","embeddable":true,"href":"https:\/\/blogs.uef.fi\/humanistit-uudistuvassa-tyoelamassa\/wp-json\/wp\/v2\/tags?post=931"}],"curies":[{"name":"wp","href":"https:\/\/api.w.org\/{rel}","templated":true}]}}