{"id":877,"date":"2020-11-09T11:43:23","date_gmt":"2020-11-09T11:43:23","guid":{"rendered":"https:\/\/blogs.uef.fi\/humanistit-uudistuvassa-tyoelamassa\/?p=877"},"modified":"2021-08-06T06:12:28","modified_gmt":"2021-08-06T06:12:28","slug":"verkostoituminen","status":"publish","type":"post","link":"https:\/\/blogs.uef.fi\/humanistit-uudistuvassa-tyoelamassa\/2020\/11\/09\/verkostoituminen\/","title":{"rendered":"K\u00e4yt\u00e4 hetki verkostoitumisen oivaltamiselle ja huomaat tekev\u00e4si sit\u00e4 jo paljon"},"content":{"rendered":"<p><em>Verkostoituminen on ty\u00f6el\u00e4m\u00e4ss\u00e4 t\u00e4rke\u00e4\u00e4, mutta kuinka p\u00e4\u00e4st\u00e4 siin\u00e4 alkuun? Vierasblogissa Taide- ja kulttuurialan ammattij\u00e4rjest\u00f6 TAKU:n yhteis\u00f6suunnittelija Vilja Bystr\u00f6m kertoo omat vinkkins\u00e4 verkostoitumiseen.<\/em><\/p>\n<div id=\"attachment_895\" style=\"width: 484px\" class=\"wp-caption alignnone\"><img loading=\"lazy\" decoding=\"async\" aria-describedby=\"caption-attachment-895\" class=\"wp-image-895 size-large\" src=\"https:\/\/blogs.uef.fi\/humanistit-uudistuvassa-tyoelamassa\/wp-content\/uploads\/sites\/113\/2020\/11\/vilja_bystrom_taku_kuvaaja_kerttu_penttila-1024x1024.png\" alt=\"TAKU:n yhteis\u00f6suunnittelija Vilja Bystr\u00f6m\" width=\"474\" height=\"474\" srcset=\"https:\/\/blogs.uef.fi\/humanistit-uudistuvassa-tyoelamassa\/wp-content\/uploads\/sites\/113\/2020\/11\/vilja_bystrom_taku_kuvaaja_kerttu_penttila-1024x1024.png 1024w, https:\/\/blogs.uef.fi\/humanistit-uudistuvassa-tyoelamassa\/wp-content\/uploads\/sites\/113\/2020\/11\/vilja_bystrom_taku_kuvaaja_kerttu_penttila-300x300.png 300w, https:\/\/blogs.uef.fi\/humanistit-uudistuvassa-tyoelamassa\/wp-content\/uploads\/sites\/113\/2020\/11\/vilja_bystrom_taku_kuvaaja_kerttu_penttila-150x150.png 150w, https:\/\/blogs.uef.fi\/humanistit-uudistuvassa-tyoelamassa\/wp-content\/uploads\/sites\/113\/2020\/11\/vilja_bystrom_taku_kuvaaja_kerttu_penttila-768x768.png 768w, https:\/\/blogs.uef.fi\/humanistit-uudistuvassa-tyoelamassa\/wp-content\/uploads\/sites\/113\/2020\/11\/vilja_bystrom_taku_kuvaaja_kerttu_penttila.png 1500w\" sizes=\"auto, (max-width: 474px) 100vw, 474px\" \/><p id=\"caption-attachment-895\" class=\"wp-caption-text\">TAKU:n yhteis\u00f6suunnittelija Vilja Bystr\u00f6min mukaan opiskeluaikoina luodut verkostot ovat hyv\u00e4 ponnahduslauta tulevaisuuteen. Kuva: Kerttu Penttil\u00e4.<\/p><\/div>\n<p><strong>Luontevat kohtaamiset kasvattavat verkostoasi kuin itsest\u00e4\u00e4n<\/strong><\/p>\n<p>Viimeisen kuuden vuoden aikana taide- ja kulttuurialan korkeakouluopiskelijoiden kanssa ty\u00f6skennelless\u00e4ni olen huomannut, ett\u00e4 pelkk\u00e4 ajatuskin verkostoitumisen aloittamisesta saattaa tuntua ep\u00e4mukavalta. Kenties yksi syy on sanan vahva ja tavoitteellinen kaiku. Opiskelijat kyll\u00e4 tiedostavat, ett\u00e4 oman verkoston kasvattamisesta voisi olla hy\u00f6ty\u00e4, mutta m\u00e4\u00e4r\u00e4tietoinen aloittaminen on hankalaa. Mist\u00e4 uusien kontaktien kartoittamisessa oikeastaan on kyse ja miten siin\u00e4 l\u00e4hdet\u00e4\u00e4n liikkeelle?<\/p>\n<p><strong>Unohda vaatimattomuus ja valjasta mieli uusiin kohtaamisiin<\/strong><\/p>\n<p>Verkostoituminen on ihmisten v\u00e4list\u00e4 yhteisty\u00f6t\u00e4 ja toistuva kohtaamisten prosessi. Sen motiivit muuttuvat hiukan siirrytt\u00e4ess\u00e4 opiskeluajasta valmistumisen j\u00e4lkeiseen el\u00e4m\u00e4nvaiheeseen. Opiskelijalle yksi verkostoitumisen p\u00e4\u00e4m\u00e4\u00e4rist\u00e4 on useimmiten harjoittelupaikan l\u00f6yt\u00e4minen tai ensimm\u00e4isen ty\u00f6tilaisuuden saaminen.<\/p>\n<p>Ent\u00e4, jos ajatus verkostoitumisesta saa aikaan kuivan kurkun ja kulmien kurtistelua? T\u00e4rke\u00e4 muistis\u00e4\u00e4nt\u00f6 on, ett\u00e4 verkostoitumisessa ei ole aikarajaa ja tavoitteetkin saa m\u00e4\u00e4ritell\u00e4 itse. Uusien ihmisten tapaamiseen ja mielenkiintoisen vuorovaikutuksen syntymiseen kannattaa suhtautua lempe\u00e4sti. Takaan, ett\u00e4 t\u00e4m\u00e4n oivaltaminen jo opiskeluaikana auttaa hyvin alkuun.<\/p>\n<p>Valmistuneen ja ty\u00f6el\u00e4m\u00e4ss\u00e4 jonkin aikaa toimineen t\u00e4ht\u00e4imess\u00e4 saattaa uuden ty\u00f6n l\u00f6yt\u00e4misen ohella olla osaamisen p\u00e4ivitt\u00e4minen, oman ty\u00f6n johtaminen tai ammatillisten kontaktien kasvattaminen ihan muuten vain. T\u00e4ll\u00f6in on aika valjastaa verkostot k\u00e4ytt\u00f6\u00f6n!<\/p>\n<p><strong>Muista verkostojen molemminpuolinen vaikuttavuus<\/strong><\/p>\n<p>Mieti, mit\u00e4 kaikkea sinulta j\u00e4isi kokematta ja millaisia mahdollisuuksia voisi lipua ohi, jos et tutustuisi uusiin ihmisiin? Vaikka kohtaamiset eiv\u00e4t heti ensi hetkest\u00e4 johda mihink\u00e4\u00e4n konkreettiseen, ne voivat olla my\u00f6hemmin hy\u00f6dyksi. Usein opiskeluaikoina solmitut kontaktit ovatkin kaiken alku ja hyv\u00e4 ponnahduslauta tulevaisuuteen. On arvokasta tuntea ihmisi\u00e4, joiden kanssa jaat yhteiset intressit, mutta my\u00f6s niit\u00e4, kenen ty\u00f6t\u00e4 ihailet tai joilta haluaisit oppia uutta.<\/p>\n<p>Ensimm\u00e4inen, oma ammatillinen verkostoni on muodostunut Tampereen ammattikorkeakoulussa suorittaessani medianomin tutkintoa. N\u00e4m\u00e4 15 vuoden takaiset kontaktit ovat edelleen k\u00e4yt\u00f6ss\u00e4, vaikka en ty\u00f6skentelek\u00e4\u00e4n elokuva- tai tv-tuotantojen parissa. Samoin ensimm\u00e4isen maisteriohjelmani, Sibelius-Akatemian taidehallinnon kansainv\u00e4lisen opiskelijaryhm\u00e4n, messenger raikuu s\u00e4\u00e4nn\u00f6llisesti, vaikka opintojen aloituksesta on jo yli seitsem\u00e4n vuotta. Jaamme toisille tietoa pinnan alla kuplivista ty\u00f6mahdollisuuksia, kysymme neuvoa haastaviin tilanteisiin, pyyd\u00e4mme toisiamme asiantuntijoiksi omiin tilaisuuksiimme, keskustelemme yleisesti taide- ja kulttuurialan muutoksista, reiluista palkoista ja ty\u00f6ehdoista. Se, ett\u00e4 saa vertaisiltaan perspektiivi\u00e4 omaan tekemiseen, on hyvin arvokasta.<\/p>\n<p>Koin my\u00f6s hiljattain p\u00e4\u00e4ttyneen kahden vuoden opintovapaani eritt\u00e4in hedelm\u00e4llisen\u00e4 aikana verkostoitumisen kannalta. P\u00e4\u00e4sin toden teolla tapaamaan uusia ihmisi\u00e4, kun suoritin kev\u00e4\u00e4ll\u00e4 kaksi ty\u00f6harjoittelua, ensimm\u00e4isen Ven\u00e4j\u00e4ll\u00e4 pietarilaisessa taidehallissa ja toisen Tanssin tiedotuskeskuksessa Helsingiss\u00e4. En viel\u00e4 t\u00e4ysin tied\u00e4, mihin n\u00e4m\u00e4 verkostot johtavat tulevaisuudessa, mutta pyrin pit\u00e4m\u00e4\u00e4n yhteytt\u00e4 yll\u00e4 etenkin l\u00e4himpiin ty\u00f6kavereihin v\u00e4hint\u00e4\u00e4n sosiaalisen median kautta.<\/p>\n<p>My\u00f6s ty\u00f6paikkani Taide- ja kulttuurialan ammattij\u00e4rjest\u00f6 TAKUssa tarjoaa mainion alustan verkostoitumiselle. Kun j\u00e4rjest\u00e4mme koulutuksen, j\u00e4\u00e4 minulla yhteys sek\u00e4 kouluttajaan, tapahtumapaikkaan ett\u00e4 osallistujiin. Heid\u00e4n kauttaan verkostolonkerot ulottuvat taas yhden askeleen eteenp\u00e4in.<\/p>\n<div id=\"attachment_901\" style=\"width: 484px\" class=\"wp-caption alignnone\"><img loading=\"lazy\" decoding=\"async\" aria-describedby=\"caption-attachment-901\" class=\"wp-image-901 size-large\" src=\"https:\/\/blogs.uef.fi\/humanistit-uudistuvassa-tyoelamassa\/wp-content\/uploads\/sites\/113\/2020\/11\/MitOst-e.V.-1024x768.jpg\" alt=\"Kuvassa Vilja Bystr\u00f6m ja kolme muuta naista p\u00f6yd\u00e4n \u00e4\u00e4ress\u00e4, kahvikupit edess\u00e4\u00e4n.\" width=\"474\" height=\"356\" srcset=\"https:\/\/blogs.uef.fi\/humanistit-uudistuvassa-tyoelamassa\/wp-content\/uploads\/sites\/113\/2020\/11\/MitOst-e.V.-1024x768.jpg 1024w, https:\/\/blogs.uef.fi\/humanistit-uudistuvassa-tyoelamassa\/wp-content\/uploads\/sites\/113\/2020\/11\/MitOst-e.V.-300x225.jpg 300w, https:\/\/blogs.uef.fi\/humanistit-uudistuvassa-tyoelamassa\/wp-content\/uploads\/sites\/113\/2020\/11\/MitOst-e.V.-768x576.jpg 768w, https:\/\/blogs.uef.fi\/humanistit-uudistuvassa-tyoelamassa\/wp-content\/uploads\/sites\/113\/2020\/11\/MitOst-e.V.-1536x1152.jpg 1536w, https:\/\/blogs.uef.fi\/humanistit-uudistuvassa-tyoelamassa\/wp-content\/uploads\/sites\/113\/2020\/11\/MitOst-e.V..jpg 1595w\" sizes=\"auto, (max-width: 474px) 100vw, 474px\" \/><p id=\"caption-attachment-901\" class=\"wp-caption-text\">Vilja Bystr\u00f6m verkostoitumassa Berliiniss\u00e4 <a href=\"https:\/\/www.facebook.com\/MitOst\/\">MitOst e.V.:<\/a>n j\u00e4rjest\u00e4m\u00e4ss\u00e4 International Winter School for MA and PhD students in Arts and Cultural Management, &#8221;Brokering Intercultural Exchange within Societies\u201c -tilaisuudessa.<\/p><\/div>\n<p><strong>Paina kohtaamiset mieleesi ja kokoa kartta omista yhteyksist\u00e4si<\/strong><\/p>\n<p>Verkostoituja on my\u00f6s yhdist\u00e4j\u00e4. Olen itse kokenut antoisana sen, ett\u00e4 saan pyyteett\u00f6m\u00e4sti auttaa muita l\u00f6yt\u00e4m\u00e4\u00e4n mahdollisuuksia ja laajentamaan verkostojaan omien kontaktieni kautta. Se tunne, kun saa yhdistetty\u00e4 kaksi tahoa, joiden v\u00e4lille syntyy uutta keskustelua, ja jotka kenties tekev\u00e4t tulevaisuudessa yhteisty\u00f6t\u00e4 kesken\u00e4\u00e4n, on mahtavaa!<\/p>\n<p>Haluan rohkaista opiskelijoita verkostoitumiseen ja vinkkini ensiaskeleiksi ovat:<\/p>\n<ol>\n<li>Kuuntele ja osallistu keskusteluun<\/li>\n<li>Ole valpas \u2013 seuraa alkuun ainakin oman opiskelualasi tapahtumia ja ilmi\u00f6it\u00e4<\/li>\n<li>Ota rohkeasti yhteytt\u00e4 ihmisiin ja sovi tapaamisia<\/li>\n<\/ol>\n<p>Alkuun p\u00e4\u00e4see my\u00f6s luonnostelemalla omat olemassa olevat verkostot yksiin kansiin. Aivan kuten oman \u201dMaster-CV\u201d:n, eli\u00a0 karsimattoman CV:n, opiskelija voi luoda tiedoston, jossa on listattuna kaikki harrastukset, ty\u00f6harjoittelut, vapaaehtoisprojektit ja ty\u00f6paikat. Kun omaa karttaa kasaa jo opiskeluvaiheessa, on verkostojen yll\u00e4pit\u00e4minen ja havainnointi my\u00f6hemmin helpompaa. Liikkeelle p\u00e4\u00e4see listaamalla, keit\u00e4 olet tavannut, miss\u00e4 yhteydess\u00e4 ja mist\u00e4 aiheesta keskustelitte. T\u00e4m\u00e4n pohjalta voi vuosien j\u00e4lkeen ottaa yhteytt\u00e4 sopivaan henkil\u00f6\u00f6n, kun itse muistat miss\u00e4 ensikohtaamisenne tapahtui ja mihin keskusteluihin voit viitata.<\/p>\n<p>Sosiaalisen median kautta tapahtuva verkostoituminen on kevytt\u00e4 ja helppoa, mutta my\u00f6s livekohtaamisia kannattaa pit\u00e4\u00e4 arvossaan. Verkostoituminen ei ole pelkk\u00e4\u00e4 pahvisten k\u00e4yntikorttien vaihtamista tai kontaktien lis\u00e4\u00e4mist\u00e4 LinkedIniss\u00e4. Se on keskustelua, sit\u00e4 ett\u00e4 kuuntelee kiinnostuneena, mit\u00e4 toinen tekee, nappaa sielt\u00e4 ajatuksia omaan tekemiseens\u00e4 ja tavoitteiden kirkastamiseen. Kontaktien luomiseen kannattaa satsata aikaa, joka tapauksessa sen tuottamat tai silt\u00e4 toivomasi tulokset m\u00e4\u00e4rittelet kuitenkin sin\u00e4 itse. Oivalla omat verkostosi kohtaamisten kautta ja ole avoin uusille ideoille!<\/p>\n<p>&nbsp;<\/p>\n<p>Vilja Bystr\u00f6m<br \/>\nYhteis\u00f6suunnittelija<br \/>\nTaide- ja kulttuurialan ammattij\u00e4rjest\u00f6 TAKU<\/p>\n","protected":false},"excerpt":{"rendered":"<p>Verkostoituminen on ty\u00f6el\u00e4m\u00e4ss\u00e4 t\u00e4rke\u00e4\u00e4, mutta kuinka p\u00e4\u00e4st\u00e4 siin\u00e4 alkuun? Vierasblogissa Taide- ja kulttuurialan ammattij\u00e4rjest\u00f6 TAKU:n yhteis\u00f6suunnittelija Vilja Bystr\u00f6m kertoo omat vinkkins\u00e4 verkostoitumiseen. Luontevat kohtaamiset kasvattavat verkostoasi kuin itsest\u00e4\u00e4n Viimeisen kuuden vuoden aikana taide- ja kulttuurialan korkeakouluopiskelijoiden kanssa ty\u00f6skennelless\u00e4ni olen huomannut, ett\u00e4 pelkk\u00e4 ajatuskin verkostoitumisen aloittamisesta saattaa tuntua ep\u00e4mukavalta. Kenties yksi syy on sanan vahva ja [&hellip;]<\/p>\n","protected":false},"author":285,"featured_media":0,"comment_status":"open","ping_status":"open","sticky":false,"template":"","format":"standard","meta":{"_acf_changed":false,"footnotes":""},"categories":[22],"tags":[],"class_list":["post-877","post","type-post","status-publish","format-standard","hentry","category-yhteistyokumppaneilta"],"acf":[],"yoast_head":"<!-- This site is optimized with the Yoast SEO plugin v27.3 - https:\/\/yoast.com\/product\/yoast-seo-wordpress\/ -->\n<title>K\u00e4yt\u00e4 hetki verkostoitumisen oivaltamiselle ja huomaat tekev\u00e4si sit\u00e4 jo paljon - HUMUS \u2013 Humanistit uudistuvassa ty\u00f6el\u00e4m\u00e4ss\u00e4<\/title>\n<meta name=\"description\" content=\"Verkostoituminen on ty\u00f6el\u00e4m\u00e4ss\u00e4 t\u00e4rke\u00e4\u00e4, mutta kuinka p\u00e4\u00e4st\u00e4 siin\u00e4 alkuun? Vierasblogissa Taide- ja kulttuurialan ammattij\u00e4rjest\u00f6 TAKU:n yhteis\u00f6suunnittelija Vilja Bystr\u00f6m kertoo omat vinkkins\u00e4 verkostoitumiseen.\" \/>\n<meta name=\"robots\" content=\"index, follow, max-snippet:-1, max-image-preview:large, max-video-preview:-1\" \/>\n<link rel=\"canonical\" href=\"https:\/\/blogs.uef.fi\/humanistit-uudistuvassa-tyoelamassa\/2020\/11\/09\/verkostoituminen\/\" \/>\n<meta property=\"og:locale\" content=\"fi_FI\" \/>\n<meta property=\"og:type\" content=\"article\" \/>\n<meta property=\"og:title\" content=\"K\u00e4yt\u00e4 hetki verkostoitumisen oivaltamiselle ja huomaat tekev\u00e4si sit\u00e4 jo paljon - HUMUS \u2013 Humanistit uudistuvassa ty\u00f6el\u00e4m\u00e4ss\u00e4\" \/>\n<meta property=\"og:description\" content=\"Verkostoituminen on ty\u00f6el\u00e4m\u00e4ss\u00e4 t\u00e4rke\u00e4\u00e4, mutta kuinka p\u00e4\u00e4st\u00e4 siin\u00e4 alkuun? Vierasblogissa Taide- ja kulttuurialan ammattij\u00e4rjest\u00f6 TAKU:n yhteis\u00f6suunnittelija Vilja Bystr\u00f6m kertoo omat vinkkins\u00e4 verkostoitumiseen.\" \/>\n<meta property=\"og:url\" content=\"https:\/\/blogs.uef.fi\/humanistit-uudistuvassa-tyoelamassa\/2020\/11\/09\/verkostoituminen\/\" \/>\n<meta property=\"og:site_name\" content=\"HUMUS \u2013 Humanistit uudistuvassa ty\u00f6el\u00e4m\u00e4ss\u00e4\" \/>\n<meta property=\"article:published_time\" content=\"2020-11-09T11:43:23+00:00\" \/>\n<meta property=\"article:modified_time\" content=\"2021-08-06T06:12:28+00:00\" \/>\n<meta property=\"og:image\" content=\"https:\/\/blogs.uef.fi\/humanistit-uudistuvassa-tyoelamassa\/wp-content\/uploads\/sites\/113\/2020\/11\/vilja_bystrom_taku_kuvaaja_kerttu_penttila-1024x1024.png\" \/>\n<meta name=\"author\" content=\"Sini Heinoja\" \/>\n<meta name=\"twitter:card\" content=\"summary_large_image\" \/>\n<meta name=\"twitter:label1\" content=\"Kirjoittanut\" \/>\n\t<meta name=\"twitter:data1\" content=\"Sini Heinoja\" \/>\n\t<meta name=\"twitter:label2\" content=\"Arvioitu lukuaika\" \/>\n\t<meta name=\"twitter:data2\" content=\"4 minuuttia\" \/>\n<script type=\"application\/ld+json\" class=\"yoast-schema-graph\">{\"@context\":\"https:\\\/\\\/schema.org\",\"@graph\":[{\"@type\":\"Article\",\"@id\":\"https:\\\/\\\/blogs.uef.fi\\\/humanistit-uudistuvassa-tyoelamassa\\\/2020\\\/11\\\/09\\\/verkostoituminen\\\/#article\",\"isPartOf\":{\"@id\":\"https:\\\/\\\/blogs.uef.fi\\\/humanistit-uudistuvassa-tyoelamassa\\\/2020\\\/11\\\/09\\\/verkostoituminen\\\/\"},\"author\":{\"name\":\"Sini Heinoja\",\"@id\":\"https:\\\/\\\/blogs.uef.fi\\\/humanistit-uudistuvassa-tyoelamassa\\\/#\\\/schema\\\/person\\\/2a8dd39b2285e1f0f8b2a15f542fa9ff\"},\"headline\":\"K\u00e4yt\u00e4 hetki verkostoitumisen oivaltamiselle ja huomaat tekev\u00e4si sit\u00e4 jo paljon\",\"datePublished\":\"2020-11-09T11:43:23+00:00\",\"dateModified\":\"2021-08-06T06:12:28+00:00\",\"mainEntityOfPage\":{\"@id\":\"https:\\\/\\\/blogs.uef.fi\\\/humanistit-uudistuvassa-tyoelamassa\\\/2020\\\/11\\\/09\\\/verkostoituminen\\\/\"},\"wordCount\":866,\"commentCount\":0,\"image\":{\"@id\":\"https:\\\/\\\/blogs.uef.fi\\\/humanistit-uudistuvassa-tyoelamassa\\\/2020\\\/11\\\/09\\\/verkostoituminen\\\/#primaryimage\"},\"thumbnailUrl\":\"https:\\\/\\\/blogs.uef.fi\\\/humanistit-uudistuvassa-tyoelamassa\\\/wp-content\\\/uploads\\\/sites\\\/113\\\/2020\\\/11\\\/vilja_bystrom_taku_kuvaaja_kerttu_penttila-1024x1024.png\",\"articleSection\":[\"Yhteisty\u00f6kumppaneilta\"],\"inLanguage\":\"fi\",\"potentialAction\":[{\"@type\":\"CommentAction\",\"name\":\"Comment\",\"target\":[\"https:\\\/\\\/blogs.uef.fi\\\/humanistit-uudistuvassa-tyoelamassa\\\/2020\\\/11\\\/09\\\/verkostoituminen\\\/#respond\"]}]},{\"@type\":\"WebPage\",\"@id\":\"https:\\\/\\\/blogs.uef.fi\\\/humanistit-uudistuvassa-tyoelamassa\\\/2020\\\/11\\\/09\\\/verkostoituminen\\\/\",\"url\":\"https:\\\/\\\/blogs.uef.fi\\\/humanistit-uudistuvassa-tyoelamassa\\\/2020\\\/11\\\/09\\\/verkostoituminen\\\/\",\"name\":\"K\u00e4yt\u00e4 hetki verkostoitumisen oivaltamiselle ja huomaat tekev\u00e4si sit\u00e4 jo paljon - HUMUS \u2013 Humanistit uudistuvassa ty\u00f6el\u00e4m\u00e4ss\u00e4\",\"isPartOf\":{\"@id\":\"https:\\\/\\\/blogs.uef.fi\\\/humanistit-uudistuvassa-tyoelamassa\\\/#website\"},\"primaryImageOfPage\":{\"@id\":\"https:\\\/\\\/blogs.uef.fi\\\/humanistit-uudistuvassa-tyoelamassa\\\/2020\\\/11\\\/09\\\/verkostoituminen\\\/#primaryimage\"},\"image\":{\"@id\":\"https:\\\/\\\/blogs.uef.fi\\\/humanistit-uudistuvassa-tyoelamassa\\\/2020\\\/11\\\/09\\\/verkostoituminen\\\/#primaryimage\"},\"thumbnailUrl\":\"https:\\\/\\\/blogs.uef.fi\\\/humanistit-uudistuvassa-tyoelamassa\\\/wp-content\\\/uploads\\\/sites\\\/113\\\/2020\\\/11\\\/vilja_bystrom_taku_kuvaaja_kerttu_penttila-1024x1024.png\",\"datePublished\":\"2020-11-09T11:43:23+00:00\",\"dateModified\":\"2021-08-06T06:12:28+00:00\",\"author\":{\"@id\":\"https:\\\/\\\/blogs.uef.fi\\\/humanistit-uudistuvassa-tyoelamassa\\\/#\\\/schema\\\/person\\\/2a8dd39b2285e1f0f8b2a15f542fa9ff\"},\"description\":\"Verkostoituminen on ty\u00f6el\u00e4m\u00e4ss\u00e4 t\u00e4rke\u00e4\u00e4, mutta kuinka p\u00e4\u00e4st\u00e4 siin\u00e4 alkuun? Vierasblogissa Taide- ja kulttuurialan ammattij\u00e4rjest\u00f6 TAKU:n yhteis\u00f6suunnittelija Vilja Bystr\u00f6m kertoo omat vinkkins\u00e4 verkostoitumiseen.\",\"breadcrumb\":{\"@id\":\"https:\\\/\\\/blogs.uef.fi\\\/humanistit-uudistuvassa-tyoelamassa\\\/2020\\\/11\\\/09\\\/verkostoituminen\\\/#breadcrumb\"},\"inLanguage\":\"fi\",\"potentialAction\":[{\"@type\":\"ReadAction\",\"target\":[\"https:\\\/\\\/blogs.uef.fi\\\/humanistit-uudistuvassa-tyoelamassa\\\/2020\\\/11\\\/09\\\/verkostoituminen\\\/\"]}]},{\"@type\":\"ImageObject\",\"inLanguage\":\"fi\",\"@id\":\"https:\\\/\\\/blogs.uef.fi\\\/humanistit-uudistuvassa-tyoelamassa\\\/2020\\\/11\\\/09\\\/verkostoituminen\\\/#primaryimage\",\"url\":\"https:\\\/\\\/blogs.uef.fi\\\/humanistit-uudistuvassa-tyoelamassa\\\/wp-content\\\/uploads\\\/sites\\\/113\\\/2020\\\/11\\\/vilja_bystrom_taku_kuvaaja_kerttu_penttila.png\",\"contentUrl\":\"https:\\\/\\\/blogs.uef.fi\\\/humanistit-uudistuvassa-tyoelamassa\\\/wp-content\\\/uploads\\\/sites\\\/113\\\/2020\\\/11\\\/vilja_bystrom_taku_kuvaaja_kerttu_penttila.png\",\"width\":1500,\"height\":1500},{\"@type\":\"BreadcrumbList\",\"@id\":\"https:\\\/\\\/blogs.uef.fi\\\/humanistit-uudistuvassa-tyoelamassa\\\/2020\\\/11\\\/09\\\/verkostoituminen\\\/#breadcrumb\",\"itemListElement\":[{\"@type\":\"ListItem\",\"position\":1,\"name\":\"Home\",\"item\":\"https:\\\/\\\/blogs.uef.fi\\\/humanistit-uudistuvassa-tyoelamassa\\\/\"},{\"@type\":\"ListItem\",\"position\":2,\"name\":\"K\u00e4yt\u00e4 hetki verkostoitumisen oivaltamiselle ja huomaat tekev\u00e4si sit\u00e4 jo paljon\"}]},{\"@type\":\"WebSite\",\"@id\":\"https:\\\/\\\/blogs.uef.fi\\\/humanistit-uudistuvassa-tyoelamassa\\\/#website\",\"url\":\"https:\\\/\\\/blogs.uef.fi\\\/humanistit-uudistuvassa-tyoelamassa\\\/\",\"name\":\"HUMUS \u2013 Humanistit uudistuvassa ty\u00f6el\u00e4m\u00e4ss\u00e4\",\"description\":\"\",\"potentialAction\":[{\"@type\":\"SearchAction\",\"target\":{\"@type\":\"EntryPoint\",\"urlTemplate\":\"https:\\\/\\\/blogs.uef.fi\\\/humanistit-uudistuvassa-tyoelamassa\\\/?s={search_term_string}\"},\"query-input\":{\"@type\":\"PropertyValueSpecification\",\"valueRequired\":true,\"valueName\":\"search_term_string\"}}],\"inLanguage\":\"fi\"},{\"@type\":\"Person\",\"@id\":\"https:\\\/\\\/blogs.uef.fi\\\/humanistit-uudistuvassa-tyoelamassa\\\/#\\\/schema\\\/person\\\/2a8dd39b2285e1f0f8b2a15f542fa9ff\",\"name\":\"Sini Heinoja\",\"image\":{\"@type\":\"ImageObject\",\"inLanguage\":\"fi\",\"@id\":\"https:\\\/\\\/secure.gravatar.com\\\/avatar\\\/e26b7b6234f0e3dfbe287cd2d81eea31d8a9e7d7265142f403762dfa4aa14903?s=96&d=mm&r=g\",\"url\":\"https:\\\/\\\/secure.gravatar.com\\\/avatar\\\/e26b7b6234f0e3dfbe287cd2d81eea31d8a9e7d7265142f403762dfa4aa14903?s=96&d=mm&r=g\",\"contentUrl\":\"https:\\\/\\\/secure.gravatar.com\\\/avatar\\\/e26b7b6234f0e3dfbe287cd2d81eea31d8a9e7d7265142f403762dfa4aa14903?s=96&d=mm&r=g\",\"caption\":\"Sini Heinoja\"},\"url\":\"https:\\\/\\\/blogs.uef.fi\\\/humanistit-uudistuvassa-tyoelamassa\\\/author\\\/sinihei\\\/\"}]}<\/script>\n<!-- \/ Yoast SEO plugin. -->","yoast_head_json":{"title":"K\u00e4yt\u00e4 hetki verkostoitumisen oivaltamiselle ja huomaat tekev\u00e4si sit\u00e4 jo paljon - HUMUS \u2013 Humanistit uudistuvassa ty\u00f6el\u00e4m\u00e4ss\u00e4","description":"Verkostoituminen on ty\u00f6el\u00e4m\u00e4ss\u00e4 t\u00e4rke\u00e4\u00e4, mutta kuinka p\u00e4\u00e4st\u00e4 siin\u00e4 alkuun? Vierasblogissa Taide- ja kulttuurialan ammattij\u00e4rjest\u00f6 TAKU:n yhteis\u00f6suunnittelija Vilja Bystr\u00f6m kertoo omat vinkkins\u00e4 verkostoitumiseen.","robots":{"index":"index","follow":"follow","max-snippet":"max-snippet:-1","max-image-preview":"max-image-preview:large","max-video-preview":"max-video-preview:-1"},"canonical":"https:\/\/blogs.uef.fi\/humanistit-uudistuvassa-tyoelamassa\/2020\/11\/09\/verkostoituminen\/","og_locale":"fi_FI","og_type":"article","og_title":"K\u00e4yt\u00e4 hetki verkostoitumisen oivaltamiselle ja huomaat tekev\u00e4si sit\u00e4 jo paljon - HUMUS \u2013 Humanistit uudistuvassa ty\u00f6el\u00e4m\u00e4ss\u00e4","og_description":"Verkostoituminen on ty\u00f6el\u00e4m\u00e4ss\u00e4 t\u00e4rke\u00e4\u00e4, mutta kuinka p\u00e4\u00e4st\u00e4 siin\u00e4 alkuun? Vierasblogissa Taide- ja kulttuurialan ammattij\u00e4rjest\u00f6 TAKU:n yhteis\u00f6suunnittelija Vilja Bystr\u00f6m kertoo omat vinkkins\u00e4 verkostoitumiseen.","og_url":"https:\/\/blogs.uef.fi\/humanistit-uudistuvassa-tyoelamassa\/2020\/11\/09\/verkostoituminen\/","og_site_name":"HUMUS \u2013 Humanistit uudistuvassa ty\u00f6el\u00e4m\u00e4ss\u00e4","article_published_time":"2020-11-09T11:43:23+00:00","article_modified_time":"2021-08-06T06:12:28+00:00","og_image":[{"url":"https:\/\/blogs.uef.fi\/humanistit-uudistuvassa-tyoelamassa\/wp-content\/uploads\/sites\/113\/2020\/11\/vilja_bystrom_taku_kuvaaja_kerttu_penttila-1024x1024.png","type":"","width":"","height":""}],"author":"Sini Heinoja","twitter_card":"summary_large_image","twitter_misc":{"Kirjoittanut":"Sini Heinoja","Arvioitu lukuaika":"4 minuuttia"},"schema":{"@context":"https:\/\/schema.org","@graph":[{"@type":"Article","@id":"https:\/\/blogs.uef.fi\/humanistit-uudistuvassa-tyoelamassa\/2020\/11\/09\/verkostoituminen\/#article","isPartOf":{"@id":"https:\/\/blogs.uef.fi\/humanistit-uudistuvassa-tyoelamassa\/2020\/11\/09\/verkostoituminen\/"},"author":{"name":"Sini Heinoja","@id":"https:\/\/blogs.uef.fi\/humanistit-uudistuvassa-tyoelamassa\/#\/schema\/person\/2a8dd39b2285e1f0f8b2a15f542fa9ff"},"headline":"K\u00e4yt\u00e4 hetki verkostoitumisen oivaltamiselle ja huomaat tekev\u00e4si sit\u00e4 jo paljon","datePublished":"2020-11-09T11:43:23+00:00","dateModified":"2021-08-06T06:12:28+00:00","mainEntityOfPage":{"@id":"https:\/\/blogs.uef.fi\/humanistit-uudistuvassa-tyoelamassa\/2020\/11\/09\/verkostoituminen\/"},"wordCount":866,"commentCount":0,"image":{"@id":"https:\/\/blogs.uef.fi\/humanistit-uudistuvassa-tyoelamassa\/2020\/11\/09\/verkostoituminen\/#primaryimage"},"thumbnailUrl":"https:\/\/blogs.uef.fi\/humanistit-uudistuvassa-tyoelamassa\/wp-content\/uploads\/sites\/113\/2020\/11\/vilja_bystrom_taku_kuvaaja_kerttu_penttila-1024x1024.png","articleSection":["Yhteisty\u00f6kumppaneilta"],"inLanguage":"fi","potentialAction":[{"@type":"CommentAction","name":"Comment","target":["https:\/\/blogs.uef.fi\/humanistit-uudistuvassa-tyoelamassa\/2020\/11\/09\/verkostoituminen\/#respond"]}]},{"@type":"WebPage","@id":"https:\/\/blogs.uef.fi\/humanistit-uudistuvassa-tyoelamassa\/2020\/11\/09\/verkostoituminen\/","url":"https:\/\/blogs.uef.fi\/humanistit-uudistuvassa-tyoelamassa\/2020\/11\/09\/verkostoituminen\/","name":"K\u00e4yt\u00e4 hetki verkostoitumisen oivaltamiselle ja huomaat tekev\u00e4si sit\u00e4 jo paljon - HUMUS \u2013 Humanistit uudistuvassa ty\u00f6el\u00e4m\u00e4ss\u00e4","isPartOf":{"@id":"https:\/\/blogs.uef.fi\/humanistit-uudistuvassa-tyoelamassa\/#website"},"primaryImageOfPage":{"@id":"https:\/\/blogs.uef.fi\/humanistit-uudistuvassa-tyoelamassa\/2020\/11\/09\/verkostoituminen\/#primaryimage"},"image":{"@id":"https:\/\/blogs.uef.fi\/humanistit-uudistuvassa-tyoelamassa\/2020\/11\/09\/verkostoituminen\/#primaryimage"},"thumbnailUrl":"https:\/\/blogs.uef.fi\/humanistit-uudistuvassa-tyoelamassa\/wp-content\/uploads\/sites\/113\/2020\/11\/vilja_bystrom_taku_kuvaaja_kerttu_penttila-1024x1024.png","datePublished":"2020-11-09T11:43:23+00:00","dateModified":"2021-08-06T06:12:28+00:00","author":{"@id":"https:\/\/blogs.uef.fi\/humanistit-uudistuvassa-tyoelamassa\/#\/schema\/person\/2a8dd39b2285e1f0f8b2a15f542fa9ff"},"description":"Verkostoituminen on ty\u00f6el\u00e4m\u00e4ss\u00e4 t\u00e4rke\u00e4\u00e4, mutta kuinka p\u00e4\u00e4st\u00e4 siin\u00e4 alkuun? Vierasblogissa Taide- ja kulttuurialan ammattij\u00e4rjest\u00f6 TAKU:n yhteis\u00f6suunnittelija Vilja Bystr\u00f6m kertoo omat vinkkins\u00e4 verkostoitumiseen.","breadcrumb":{"@id":"https:\/\/blogs.uef.fi\/humanistit-uudistuvassa-tyoelamassa\/2020\/11\/09\/verkostoituminen\/#breadcrumb"},"inLanguage":"fi","potentialAction":[{"@type":"ReadAction","target":["https:\/\/blogs.uef.fi\/humanistit-uudistuvassa-tyoelamassa\/2020\/11\/09\/verkostoituminen\/"]}]},{"@type":"ImageObject","inLanguage":"fi","@id":"https:\/\/blogs.uef.fi\/humanistit-uudistuvassa-tyoelamassa\/2020\/11\/09\/verkostoituminen\/#primaryimage","url":"https:\/\/blogs.uef.fi\/humanistit-uudistuvassa-tyoelamassa\/wp-content\/uploads\/sites\/113\/2020\/11\/vilja_bystrom_taku_kuvaaja_kerttu_penttila.png","contentUrl":"https:\/\/blogs.uef.fi\/humanistit-uudistuvassa-tyoelamassa\/wp-content\/uploads\/sites\/113\/2020\/11\/vilja_bystrom_taku_kuvaaja_kerttu_penttila.png","width":1500,"height":1500},{"@type":"BreadcrumbList","@id":"https:\/\/blogs.uef.fi\/humanistit-uudistuvassa-tyoelamassa\/2020\/11\/09\/verkostoituminen\/#breadcrumb","itemListElement":[{"@type":"ListItem","position":1,"name":"Home","item":"https:\/\/blogs.uef.fi\/humanistit-uudistuvassa-tyoelamassa\/"},{"@type":"ListItem","position":2,"name":"K\u00e4yt\u00e4 hetki verkostoitumisen oivaltamiselle ja huomaat tekev\u00e4si sit\u00e4 jo paljon"}]},{"@type":"WebSite","@id":"https:\/\/blogs.uef.fi\/humanistit-uudistuvassa-tyoelamassa\/#website","url":"https:\/\/blogs.uef.fi\/humanistit-uudistuvassa-tyoelamassa\/","name":"HUMUS \u2013 Humanistit uudistuvassa ty\u00f6el\u00e4m\u00e4ss\u00e4","description":"","potentialAction":[{"@type":"SearchAction","target":{"@type":"EntryPoint","urlTemplate":"https:\/\/blogs.uef.fi\/humanistit-uudistuvassa-tyoelamassa\/?s={search_term_string}"},"query-input":{"@type":"PropertyValueSpecification","valueRequired":true,"valueName":"search_term_string"}}],"inLanguage":"fi"},{"@type":"Person","@id":"https:\/\/blogs.uef.fi\/humanistit-uudistuvassa-tyoelamassa\/#\/schema\/person\/2a8dd39b2285e1f0f8b2a15f542fa9ff","name":"Sini Heinoja","image":{"@type":"ImageObject","inLanguage":"fi","@id":"https:\/\/secure.gravatar.com\/avatar\/e26b7b6234f0e3dfbe287cd2d81eea31d8a9e7d7265142f403762dfa4aa14903?s=96&d=mm&r=g","url":"https:\/\/secure.gravatar.com\/avatar\/e26b7b6234f0e3dfbe287cd2d81eea31d8a9e7d7265142f403762dfa4aa14903?s=96&d=mm&r=g","contentUrl":"https:\/\/secure.gravatar.com\/avatar\/e26b7b6234f0e3dfbe287cd2d81eea31d8a9e7d7265142f403762dfa4aa14903?s=96&d=mm&r=g","caption":"Sini Heinoja"},"url":"https:\/\/blogs.uef.fi\/humanistit-uudistuvassa-tyoelamassa\/author\/sinihei\/"}]}},"_links":{"self":[{"href":"https:\/\/blogs.uef.fi\/humanistit-uudistuvassa-tyoelamassa\/wp-json\/wp\/v2\/posts\/877","targetHints":{"allow":["GET"]}}],"collection":[{"href":"https:\/\/blogs.uef.fi\/humanistit-uudistuvassa-tyoelamassa\/wp-json\/wp\/v2\/posts"}],"about":[{"href":"https:\/\/blogs.uef.fi\/humanistit-uudistuvassa-tyoelamassa\/wp-json\/wp\/v2\/types\/post"}],"author":[{"embeddable":true,"href":"https:\/\/blogs.uef.fi\/humanistit-uudistuvassa-tyoelamassa\/wp-json\/wp\/v2\/users\/285"}],"replies":[{"embeddable":true,"href":"https:\/\/blogs.uef.fi\/humanistit-uudistuvassa-tyoelamassa\/wp-json\/wp\/v2\/comments?post=877"}],"version-history":[{"count":2,"href":"https:\/\/blogs.uef.fi\/humanistit-uudistuvassa-tyoelamassa\/wp-json\/wp\/v2\/posts\/877\/revisions"}],"predecessor-version":[{"id":1429,"href":"https:\/\/blogs.uef.fi\/humanistit-uudistuvassa-tyoelamassa\/wp-json\/wp\/v2\/posts\/877\/revisions\/1429"}],"wp:attachment":[{"href":"https:\/\/blogs.uef.fi\/humanistit-uudistuvassa-tyoelamassa\/wp-json\/wp\/v2\/media?parent=877"}],"wp:term":[{"taxonomy":"category","embeddable":true,"href":"https:\/\/blogs.uef.fi\/humanistit-uudistuvassa-tyoelamassa\/wp-json\/wp\/v2\/categories?post=877"},{"taxonomy":"post_tag","embeddable":true,"href":"https:\/\/blogs.uef.fi\/humanistit-uudistuvassa-tyoelamassa\/wp-json\/wp\/v2\/tags?post=877"}],"curies":[{"name":"wp","href":"https:\/\/api.w.org\/{rel}","templated":true}]}}