{"id":840,"date":"2020-10-30T09:05:20","date_gmt":"2020-10-30T09:05:20","guid":{"rendered":"https:\/\/blogs.uef.fi\/humanistit-uudistuvassa-tyoelamassa\/?p=840"},"modified":"2021-08-06T06:14:35","modified_gmt":"2021-08-06T06:14:35","slug":"haku-paalle-3-humanistien-tyoelamaviikko-verkossa-16-19-11","status":"publish","type":"post","link":"https:\/\/blogs.uef.fi\/humanistit-uudistuvassa-tyoelamassa\/2020\/10\/30\/haku-paalle-3-humanistien-tyoelamaviikko-verkossa-16-19-11\/","title":{"rendered":"Haku p\u00e4\u00e4lle 3 \u2013 humanistien ty\u00f6el\u00e4m\u00e4viikko verkossa 16.\u201319.11."},"content":{"rendered":"<p>HUMUS \u2013 Humanistit uudistuvassa ty\u00f6el\u00e4m\u00e4ss\u00e4 -hanke (ESR) j\u00e4rjest\u00e4\u00e4 Haku p\u00e4\u00e4lle 3 -viikon verkossa 16.11.\u201319.11. Viikon aikana vieraillaan ty\u00f6paikoilla, opitaan ty\u00f6el\u00e4m\u00e4st\u00e4 ja harjoitteluista sek\u00e4 harjoitellaan hissipuheen pit\u00e4mist\u00e4 ja ty\u00f6haastattelutilannetta. Viikko huipentuu <a href=\"https:\/\/blogs.uef.fi\/humanistit-uudistuvassa-tyoelamassa\/2020\/10\/22\/kohti-kansainvalista-tyoelamaa-tilaisuus-19-11-2020\/\">Kohti kansainv\u00e4list\u00e4 ty\u00f6el\u00e4m\u00e4\u00e4<\/a> -tilaisuuteen, joka j\u00e4rjestet\u00e4\u00e4n yhteisty\u00f6ss\u00e4 KOVAT-hankkeen (ESR) kanssa.<\/p>\n<p><img loading=\"lazy\" decoding=\"async\" class=\"alignnone wp-image-852 size-medium\" src=\"https:\/\/blogs.uef.fi\/humanistit-uudistuvassa-tyoelamassa\/wp-content\/uploads\/sites\/113\/2020\/10\/hakupaalle3_banneri3-300x300.png\" alt=\"Grafiikka: Haku p\u00e4\u00e4lle 3, Humanistien ty\u00f6el\u00e4m\u00e4viikko verkossa 16.\u201319.11. \" width=\"300\" height=\"300\" srcset=\"https:\/\/blogs.uef.fi\/humanistit-uudistuvassa-tyoelamassa\/wp-content\/uploads\/sites\/113\/2020\/10\/hakupaalle3_banneri3-300x300.png 300w, https:\/\/blogs.uef.fi\/humanistit-uudistuvassa-tyoelamassa\/wp-content\/uploads\/sites\/113\/2020\/10\/hakupaalle3_banneri3-1024x1024.png 1024w, https:\/\/blogs.uef.fi\/humanistit-uudistuvassa-tyoelamassa\/wp-content\/uploads\/sites\/113\/2020\/10\/hakupaalle3_banneri3-150x150.png 150w, https:\/\/blogs.uef.fi\/humanistit-uudistuvassa-tyoelamassa\/wp-content\/uploads\/sites\/113\/2020\/10\/hakupaalle3_banneri3-768x768.png 768w, https:\/\/blogs.uef.fi\/humanistit-uudistuvassa-tyoelamassa\/wp-content\/uploads\/sites\/113\/2020\/10\/hakupaalle3_banneri3-1536x1536.png 1536w, https:\/\/blogs.uef.fi\/humanistit-uudistuvassa-tyoelamassa\/wp-content\/uploads\/sites\/113\/2020\/10\/hakupaalle3_banneri3-2048x2048.png 2048w\" sizes=\"auto, (max-width: 300px) 100vw, 300px\" \/><\/p>\n<p><strong>OHJELMA<\/strong><\/p>\n<p><strong>Maanantai 16.11. klo 13\u201314 Vierailu: <a href=\"https:\/\/www.mantsinen.com\/fi\/\">Mantsinen Group oy<\/a><\/strong><\/p>\n<p>Ilmoittautuminen 16.11. klo 11 menness\u00e4: <a href=\"https:\/\/webropol.com\/ep\/mantsinen\">https:\/\/webropol.com\/ep\/mantsinen<\/a><\/p>\n<p>Liperil\u00e4inen Mantsinen Group oy valmistaa ja vie laadukkaita nostov\u00e4lineit\u00e4 ja materiaalink\u00e4sittelykoneita ymp\u00e4ri maailmaa. Yrityksen logistiikkapalvelut toimivat Suomen lis\u00e4ksi my\u00f6s Ven\u00e4j\u00e4ll\u00e4. Mik\u00e4 on yrityksen kansainv\u00e4lisen menestyksen salaisuus ja miten humanistista osaamista voisi hy\u00f6dynt\u00e4\u00e4 t\u00e4ll\u00e4 alalla? Vierailulla tapaamme (aiemmin tiedotetusta poiketen) yrityksen markkinointikoordinaattori Mari Riissasen.\u00a0 Vierailu on avoin humanististen alojen opiskelijoille, niilt\u00e4 valmistuneille sek\u00e4 UEF:n henkil\u00f6kunnalle.<\/p>\n<p><strong>TI 17.11. <\/strong><strong>klo 11\u201312 Vierailu: <a href=\"https:\/\/pohjoiskarjalanmuseo.fi\/\">Pohjois-Karjalan museo Hilma<\/a><\/strong><\/p>\n<p>Ilmoittautuminen 17.11. klo 9 menness\u00e4: <a href=\"https:\/\/webropol.com\/ep\/museohilma\">https:\/\/webropol.com\/ep\/museohilma<\/a><\/p>\n<p>Millaista on alueellinen museoty\u00f6 2020-luvulla? Pohjois-Karjalan museo Hilma on maakuntamuseo, jonka teht\u00e4v\u00e4n\u00e4 on n\u00e4yttely- ja yleis\u00f6ty\u00f6n lis\u00e4ksi koko maakunnan kulttuurihistorian tallentaminen sek\u00e4 paikallisten museoiden neuvontaty\u00f6. Vierailulla tapaamme alueellisen museoty\u00f6n intendentin Iiris Heinon. Vierailu on avoin humanististen alojen opiskelijoille, niilt\u00e4 valmistuneille sek\u00e4 UEF:n henkil\u00f6kunnalle.<\/p>\n<p><strong>KE 18.11. Klo 14\u201315 Vierailu: <a href=\"https:\/\/www.consilium.europa.eu\/fi\/documents-publications\/publications\/language-service-general-secretariat-council-european-union-making-multilingualism-work\/\">Euroopan unionin neuvoston p\u00e4\u00e4sihteerist\u00f6n kielipalvelu<\/a><br \/>\n<\/strong><\/p>\n<p>Ilmoittautuminen 18.11. klo 12 menness\u00e4: <a href=\"https:\/\/webropol.com\/ep\/eu-neuvosto\">https:\/\/webropol.com\/ep\/eu-neuvosto<\/a><\/p>\n<p>Mink\u00e4laista on kieliasiantuntijan ty\u00f6 Euroopan unionin neuvoston p\u00e4\u00e4sihteerist\u00f6n kielipalveluissa? Vierailulla meille esitt\u00e4ytyy kielivirkamies Tuuli Vihko, jonka ty\u00f6nkuvaan kuuluu muun muassa erilaisten tekstien k\u00e4\u00e4nt\u00e4mist\u00e4 s\u00e4\u00e4d\u00f6ksist\u00e4 nettiteksteihin, termity\u00f6t\u00e4 ja kielentutkimuksen ja kieliteknologian kehityksen seuraamista. Vierailu on avoin humanististen alojen opiskelijoille, niilt\u00e4 valmistuneille sek\u00e4 UEF:n henkil\u00f6kunnalle.<\/p>\n<p><strong>TO 19.11. klo 10\u201312.45 Tilaisuus: <a href=\"https:\/\/blogs.uef.fi\/humanistit-uudistuvassa-tyoelamassa\/2020\/10\/22\/kohti-kansainvalista-tyoelamaa-tilaisuus-19-11-2020\/\">Kohti kansainv\u00e4listyv\u00e4\u00e4 ty\u00f6el\u00e4m\u00e4\u00e4<\/a> <\/strong><\/p>\n<p>Ilmoittautuminen 18.11. menness\u00e4: <a href=\"https:\/\/webropol.com\/ep\/internationalworkinglife\"><span data-ccp-charstyle=\"Hyperlink\">https:\/\/webropol.com\/ep\/internationalworkinglife<\/span><\/a><\/p>\n<p>Ty\u00f6el\u00e4m\u00e4 on yh\u00e4 kansainv\u00e4lisemp\u00e4\u00e4 ja monikulttuurisempaa. Mit\u00e4 se tarkoittaa ty\u00f6nantajien ja humanististen alojen osaajien kannalta? Tilaisuuden p\u00e4\u00e4puhujana IT-alan vaikuttaja ja Inklusiiv-hankkeen perustaja Katja Toropainen. Tilaisuudessa kuullaan my\u00f6s kansainv\u00e4lisest\u00e4 ty\u00f6harjoittelusta ja ty\u00f6nhaun kanavista. Tilaisuus j\u00e4rjestet\u00e4\u00e4n yhteisty\u00f6ss\u00e4 KOVAT-hankkeen kanssa ja on avoin kaikille aiheesta kiinnostuneille.<\/p>\n<p><strong>TO 19.11. klo 13\u201314 Ty\u00f6paja: Harjoittele hissipuhetta<\/strong><\/p>\n<p>Ohjeet ja ilmoittautuminen (11.11. menness\u00e4): <a href=\"https:\/\/webropol.com\/ep\/harjoittele-hissipuhetta\">https:\/\/webropol.com\/ep\/harjoittele-hissipuhetta<\/a><\/p>\n<p>Osaatko jo tiivist\u00e4 oman osaamisesi napakaksi myyntipuheeksi? Siit\u00e4 on paljon apua ty\u00f6nhaussa. Ty\u00f6pajassa p\u00e4\u00e4set harjoittelemaan hissipuheen esitt\u00e4mist\u00e4 k\u00e4yt\u00e4nn\u00f6ss\u00e4 ja saat vinkkej\u00e4 sen hiomiseen. Ty\u00f6paja on avoin humanististen alojen (kielet, kulttuurintutkimus, historia) opiskelijoille ja niilt\u00e4 valmistuneille. Ty\u00f6pajassa mukana Base Camp -hankkeen edustaja.<\/p>\n<p><strong>TO 19.11. \u00a0klo 14\u201316 Ty\u00f6paja: Ty\u00f6haastattelusimulaatio<\/strong><\/p>\n<p>Ohjeet ja ilmoittautuminen (12.11. menness\u00e4): <a href=\"https:\/\/webropol.com\/s\/haastattelusimulaatio\">https:\/\/webropol.com\/s\/haastattelusimulaatio<\/a><\/p>\n<p>Kaipaatko varmuutta ty\u00f6haastattelutilanteeseen? Tervetuloa harjoittelemaan ty\u00f6haastattelutilannetta ty\u00f6haastattelusimulaatioon! Simulaatio on avoin humanististen alojen (kielet, kulttuurintutkimus, historia) opiskelijoille ja niilt\u00e4 valmistuneille. Simulaatioissa mukana ty\u00f6el\u00e4m\u00e4n edustajia mm. Business Joensuu oy:st\u00e4, Joensuun Popmuusikot ry:st\u00e4, TAKU ry:st\u00e4, Kieliasiantuntijat ry:st\u00e4, MAL ry:st\u00e4 sek\u00e4 Pohjois-Karjalan Kauppakamarin Ty\u00f6nantajat koulutuksen tukena -hankkeesta.<\/p>\n","protected":false},"excerpt":{"rendered":"<p>HUMUS \u2013 Humanistit uudistuvassa ty\u00f6el\u00e4m\u00e4ss\u00e4 -hanke (ESR) j\u00e4rjest\u00e4\u00e4 Haku p\u00e4\u00e4lle 3 -viikon verkossa 16.11.\u201319.11. Viikon aikana vieraillaan ty\u00f6paikoilla, opitaan ty\u00f6el\u00e4m\u00e4st\u00e4 ja harjoitteluista sek\u00e4 harjoitellaan hissipuheen pit\u00e4mist\u00e4 ja ty\u00f6haastattelutilannetta. Viikko huipentuu Kohti kansainv\u00e4list\u00e4 ty\u00f6el\u00e4m\u00e4\u00e4 -tilaisuuteen, joka j\u00e4rjestet\u00e4\u00e4n yhteisty\u00f6ss\u00e4 KOVAT-hankkeen (ESR) kanssa. OHJELMA Maanantai 16.11. klo 13\u201314 Vierailu: Mantsinen Group oy Ilmoittautuminen 16.11. klo 11 menness\u00e4: https:\/\/webropol.com\/ep\/mantsinen [&hellip;]<\/p>\n","protected":false},"author":285,"featured_media":0,"comment_status":"open","ping_status":"open","sticky":false,"template":"","format":"standard","meta":{"_acf_changed":false,"footnotes":""},"categories":[7],"tags":[],"class_list":["post-840","post","type-post","status-publish","format-standard","hentry","category-tapahtumat"],"acf":[],"yoast_head":"<!-- This site is optimized with the Yoast SEO plugin v27.3 - https:\/\/yoast.com\/product\/yoast-seo-wordpress\/ -->\n<title>Haku p\u00e4\u00e4lle 3 \u2013 humanistien ty\u00f6el\u00e4m\u00e4viikko verkossa 16.\u201319.11. - HUMUS \u2013 Humanistit uudistuvassa ty\u00f6el\u00e4m\u00e4ss\u00e4<\/title>\n<meta name=\"description\" content=\"Tervetuloa vierailemaan ty\u00f6paikoilla, oppimaan ty\u00f6el\u00e4m\u00e4n inklusiivisuudesta ja harjoittelemaan ty\u00f6haastattelutilannetta.\" \/>\n<meta name=\"robots\" content=\"index, follow, max-snippet:-1, max-image-preview:large, max-video-preview:-1\" \/>\n<link rel=\"canonical\" href=\"https:\/\/blogs.uef.fi\/humanistit-uudistuvassa-tyoelamassa\/2020\/10\/30\/haku-paalle-3-humanistien-tyoelamaviikko-verkossa-16-19-11\/\" \/>\n<meta property=\"og:locale\" content=\"fi_FI\" \/>\n<meta property=\"og:type\" content=\"article\" \/>\n<meta property=\"og:title\" content=\"Haku p\u00e4\u00e4lle 3 \u2013 humanistien ty\u00f6el\u00e4m\u00e4viikko verkossa 16.\u201319.11. - HUMUS \u2013 Humanistit uudistuvassa ty\u00f6el\u00e4m\u00e4ss\u00e4\" \/>\n<meta property=\"og:description\" content=\"Tervetuloa vierailemaan ty\u00f6paikoilla, oppimaan ty\u00f6el\u00e4m\u00e4n inklusiivisuudesta ja harjoittelemaan ty\u00f6haastattelutilannetta.\" \/>\n<meta property=\"og:url\" content=\"https:\/\/blogs.uef.fi\/humanistit-uudistuvassa-tyoelamassa\/2020\/10\/30\/haku-paalle-3-humanistien-tyoelamaviikko-verkossa-16-19-11\/\" \/>\n<meta property=\"og:site_name\" content=\"HUMUS \u2013 Humanistit uudistuvassa ty\u00f6el\u00e4m\u00e4ss\u00e4\" \/>\n<meta property=\"article:published_time\" content=\"2020-10-30T09:05:20+00:00\" \/>\n<meta property=\"article:modified_time\" content=\"2021-08-06T06:14:35+00:00\" \/>\n<meta property=\"og:image\" content=\"https:\/\/blogs.uef.fi\/humanistit-uudistuvassa-tyoelamassa\/wp-content\/uploads\/sites\/113\/2020\/10\/hakupaalle3_banneri3-300x300.png\" \/>\n<meta name=\"author\" content=\"Sini Heinoja\" \/>\n<meta name=\"twitter:card\" content=\"summary_large_image\" \/>\n<meta name=\"twitter:label1\" content=\"Kirjoittanut\" \/>\n\t<meta name=\"twitter:data1\" content=\"Sini Heinoja\" \/>\n\t<meta name=\"twitter:label2\" content=\"Arvioitu lukuaika\" \/>\n\t<meta name=\"twitter:data2\" content=\"2 minuuttia\" \/>\n<script type=\"application\/ld+json\" class=\"yoast-schema-graph\">{\"@context\":\"https:\\\/\\\/schema.org\",\"@graph\":[{\"@type\":\"Article\",\"@id\":\"https:\\\/\\\/blogs.uef.fi\\\/humanistit-uudistuvassa-tyoelamassa\\\/2020\\\/10\\\/30\\\/haku-paalle-3-humanistien-tyoelamaviikko-verkossa-16-19-11\\\/#article\",\"isPartOf\":{\"@id\":\"https:\\\/\\\/blogs.uef.fi\\\/humanistit-uudistuvassa-tyoelamassa\\\/2020\\\/10\\\/30\\\/haku-paalle-3-humanistien-tyoelamaviikko-verkossa-16-19-11\\\/\"},\"author\":{\"name\":\"Sini Heinoja\",\"@id\":\"https:\\\/\\\/blogs.uef.fi\\\/humanistit-uudistuvassa-tyoelamassa\\\/#\\\/schema\\\/person\\\/2a8dd39b2285e1f0f8b2a15f542fa9ff\"},\"headline\":\"Haku p\u00e4\u00e4lle 3 \u2013 humanistien ty\u00f6el\u00e4m\u00e4viikko verkossa 16.\u201319.11.\",\"datePublished\":\"2020-10-30T09:05:20+00:00\",\"dateModified\":\"2021-08-06T06:14:35+00:00\",\"mainEntityOfPage\":{\"@id\":\"https:\\\/\\\/blogs.uef.fi\\\/humanistit-uudistuvassa-tyoelamassa\\\/2020\\\/10\\\/30\\\/haku-paalle-3-humanistien-tyoelamaviikko-verkossa-16-19-11\\\/\"},\"wordCount\":490,\"commentCount\":0,\"image\":{\"@id\":\"https:\\\/\\\/blogs.uef.fi\\\/humanistit-uudistuvassa-tyoelamassa\\\/2020\\\/10\\\/30\\\/haku-paalle-3-humanistien-tyoelamaviikko-verkossa-16-19-11\\\/#primaryimage\"},\"thumbnailUrl\":\"https:\\\/\\\/blogs.uef.fi\\\/humanistit-uudistuvassa-tyoelamassa\\\/wp-content\\\/uploads\\\/sites\\\/113\\\/2020\\\/10\\\/hakupaalle3_banneri3-300x300.png\",\"articleSection\":[\"Tapahtumat\"],\"inLanguage\":\"fi\",\"potentialAction\":[{\"@type\":\"CommentAction\",\"name\":\"Comment\",\"target\":[\"https:\\\/\\\/blogs.uef.fi\\\/humanistit-uudistuvassa-tyoelamassa\\\/2020\\\/10\\\/30\\\/haku-paalle-3-humanistien-tyoelamaviikko-verkossa-16-19-11\\\/#respond\"]}]},{\"@type\":\"WebPage\",\"@id\":\"https:\\\/\\\/blogs.uef.fi\\\/humanistit-uudistuvassa-tyoelamassa\\\/2020\\\/10\\\/30\\\/haku-paalle-3-humanistien-tyoelamaviikko-verkossa-16-19-11\\\/\",\"url\":\"https:\\\/\\\/blogs.uef.fi\\\/humanistit-uudistuvassa-tyoelamassa\\\/2020\\\/10\\\/30\\\/haku-paalle-3-humanistien-tyoelamaviikko-verkossa-16-19-11\\\/\",\"name\":\"Haku p\u00e4\u00e4lle 3 \u2013 humanistien ty\u00f6el\u00e4m\u00e4viikko verkossa 16.\u201319.11. - HUMUS \u2013 Humanistit uudistuvassa ty\u00f6el\u00e4m\u00e4ss\u00e4\",\"isPartOf\":{\"@id\":\"https:\\\/\\\/blogs.uef.fi\\\/humanistit-uudistuvassa-tyoelamassa\\\/#website\"},\"primaryImageOfPage\":{\"@id\":\"https:\\\/\\\/blogs.uef.fi\\\/humanistit-uudistuvassa-tyoelamassa\\\/2020\\\/10\\\/30\\\/haku-paalle-3-humanistien-tyoelamaviikko-verkossa-16-19-11\\\/#primaryimage\"},\"image\":{\"@id\":\"https:\\\/\\\/blogs.uef.fi\\\/humanistit-uudistuvassa-tyoelamassa\\\/2020\\\/10\\\/30\\\/haku-paalle-3-humanistien-tyoelamaviikko-verkossa-16-19-11\\\/#primaryimage\"},\"thumbnailUrl\":\"https:\\\/\\\/blogs.uef.fi\\\/humanistit-uudistuvassa-tyoelamassa\\\/wp-content\\\/uploads\\\/sites\\\/113\\\/2020\\\/10\\\/hakupaalle3_banneri3-300x300.png\",\"datePublished\":\"2020-10-30T09:05:20+00:00\",\"dateModified\":\"2021-08-06T06:14:35+00:00\",\"author\":{\"@id\":\"https:\\\/\\\/blogs.uef.fi\\\/humanistit-uudistuvassa-tyoelamassa\\\/#\\\/schema\\\/person\\\/2a8dd39b2285e1f0f8b2a15f542fa9ff\"},\"description\":\"Tervetuloa vierailemaan ty\u00f6paikoilla, oppimaan ty\u00f6el\u00e4m\u00e4n inklusiivisuudesta ja harjoittelemaan ty\u00f6haastattelutilannetta.\",\"breadcrumb\":{\"@id\":\"https:\\\/\\\/blogs.uef.fi\\\/humanistit-uudistuvassa-tyoelamassa\\\/2020\\\/10\\\/30\\\/haku-paalle-3-humanistien-tyoelamaviikko-verkossa-16-19-11\\\/#breadcrumb\"},\"inLanguage\":\"fi\",\"potentialAction\":[{\"@type\":\"ReadAction\",\"target\":[\"https:\\\/\\\/blogs.uef.fi\\\/humanistit-uudistuvassa-tyoelamassa\\\/2020\\\/10\\\/30\\\/haku-paalle-3-humanistien-tyoelamaviikko-verkossa-16-19-11\\\/\"]}]},{\"@type\":\"ImageObject\",\"inLanguage\":\"fi\",\"@id\":\"https:\\\/\\\/blogs.uef.fi\\\/humanistit-uudistuvassa-tyoelamassa\\\/2020\\\/10\\\/30\\\/haku-paalle-3-humanistien-tyoelamaviikko-verkossa-16-19-11\\\/#primaryimage\",\"url\":\"https:\\\/\\\/blogs.uef.fi\\\/humanistit-uudistuvassa-tyoelamassa\\\/wp-content\\\/uploads\\\/sites\\\/113\\\/2020\\\/10\\\/hakupaalle3_banneri3.png\",\"contentUrl\":\"https:\\\/\\\/blogs.uef.fi\\\/humanistit-uudistuvassa-tyoelamassa\\\/wp-content\\\/uploads\\\/sites\\\/113\\\/2020\\\/10\\\/hakupaalle3_banneri3.png\",\"width\":9000,\"height\":9000},{\"@type\":\"BreadcrumbList\",\"@id\":\"https:\\\/\\\/blogs.uef.fi\\\/humanistit-uudistuvassa-tyoelamassa\\\/2020\\\/10\\\/30\\\/haku-paalle-3-humanistien-tyoelamaviikko-verkossa-16-19-11\\\/#breadcrumb\",\"itemListElement\":[{\"@type\":\"ListItem\",\"position\":1,\"name\":\"Home\",\"item\":\"https:\\\/\\\/blogs.uef.fi\\\/humanistit-uudistuvassa-tyoelamassa\\\/\"},{\"@type\":\"ListItem\",\"position\":2,\"name\":\"Haku p\u00e4\u00e4lle 3 \u2013 humanistien ty\u00f6el\u00e4m\u00e4viikko verkossa 16.\u201319.11.\"}]},{\"@type\":\"WebSite\",\"@id\":\"https:\\\/\\\/blogs.uef.fi\\\/humanistit-uudistuvassa-tyoelamassa\\\/#website\",\"url\":\"https:\\\/\\\/blogs.uef.fi\\\/humanistit-uudistuvassa-tyoelamassa\\\/\",\"name\":\"HUMUS \u2013 Humanistit uudistuvassa ty\u00f6el\u00e4m\u00e4ss\u00e4\",\"description\":\"\",\"potentialAction\":[{\"@type\":\"SearchAction\",\"target\":{\"@type\":\"EntryPoint\",\"urlTemplate\":\"https:\\\/\\\/blogs.uef.fi\\\/humanistit-uudistuvassa-tyoelamassa\\\/?s={search_term_string}\"},\"query-input\":{\"@type\":\"PropertyValueSpecification\",\"valueRequired\":true,\"valueName\":\"search_term_string\"}}],\"inLanguage\":\"fi\"},{\"@type\":\"Person\",\"@id\":\"https:\\\/\\\/blogs.uef.fi\\\/humanistit-uudistuvassa-tyoelamassa\\\/#\\\/schema\\\/person\\\/2a8dd39b2285e1f0f8b2a15f542fa9ff\",\"name\":\"Sini Heinoja\",\"image\":{\"@type\":\"ImageObject\",\"inLanguage\":\"fi\",\"@id\":\"https:\\\/\\\/secure.gravatar.com\\\/avatar\\\/e26b7b6234f0e3dfbe287cd2d81eea31d8a9e7d7265142f403762dfa4aa14903?s=96&d=mm&r=g\",\"url\":\"https:\\\/\\\/secure.gravatar.com\\\/avatar\\\/e26b7b6234f0e3dfbe287cd2d81eea31d8a9e7d7265142f403762dfa4aa14903?s=96&d=mm&r=g\",\"contentUrl\":\"https:\\\/\\\/secure.gravatar.com\\\/avatar\\\/e26b7b6234f0e3dfbe287cd2d81eea31d8a9e7d7265142f403762dfa4aa14903?s=96&d=mm&r=g\",\"caption\":\"Sini Heinoja\"},\"url\":\"https:\\\/\\\/blogs.uef.fi\\\/humanistit-uudistuvassa-tyoelamassa\\\/author\\\/sinihei\\\/\"}]}<\/script>\n<!-- \/ Yoast SEO plugin. -->","yoast_head_json":{"title":"Haku p\u00e4\u00e4lle 3 \u2013 humanistien ty\u00f6el\u00e4m\u00e4viikko verkossa 16.\u201319.11. - HUMUS \u2013 Humanistit uudistuvassa ty\u00f6el\u00e4m\u00e4ss\u00e4","description":"Tervetuloa vierailemaan ty\u00f6paikoilla, oppimaan ty\u00f6el\u00e4m\u00e4n inklusiivisuudesta ja harjoittelemaan ty\u00f6haastattelutilannetta.","robots":{"index":"index","follow":"follow","max-snippet":"max-snippet:-1","max-image-preview":"max-image-preview:large","max-video-preview":"max-video-preview:-1"},"canonical":"https:\/\/blogs.uef.fi\/humanistit-uudistuvassa-tyoelamassa\/2020\/10\/30\/haku-paalle-3-humanistien-tyoelamaviikko-verkossa-16-19-11\/","og_locale":"fi_FI","og_type":"article","og_title":"Haku p\u00e4\u00e4lle 3 \u2013 humanistien ty\u00f6el\u00e4m\u00e4viikko verkossa 16.\u201319.11. - HUMUS \u2013 Humanistit uudistuvassa ty\u00f6el\u00e4m\u00e4ss\u00e4","og_description":"Tervetuloa vierailemaan ty\u00f6paikoilla, oppimaan ty\u00f6el\u00e4m\u00e4n inklusiivisuudesta ja harjoittelemaan ty\u00f6haastattelutilannetta.","og_url":"https:\/\/blogs.uef.fi\/humanistit-uudistuvassa-tyoelamassa\/2020\/10\/30\/haku-paalle-3-humanistien-tyoelamaviikko-verkossa-16-19-11\/","og_site_name":"HUMUS \u2013 Humanistit uudistuvassa ty\u00f6el\u00e4m\u00e4ss\u00e4","article_published_time":"2020-10-30T09:05:20+00:00","article_modified_time":"2021-08-06T06:14:35+00:00","og_image":[{"url":"https:\/\/blogs.uef.fi\/humanistit-uudistuvassa-tyoelamassa\/wp-content\/uploads\/sites\/113\/2020\/10\/hakupaalle3_banneri3-300x300.png","type":"","width":"","height":""}],"author":"Sini Heinoja","twitter_card":"summary_large_image","twitter_misc":{"Kirjoittanut":"Sini Heinoja","Arvioitu lukuaika":"2 minuuttia"},"schema":{"@context":"https:\/\/schema.org","@graph":[{"@type":"Article","@id":"https:\/\/blogs.uef.fi\/humanistit-uudistuvassa-tyoelamassa\/2020\/10\/30\/haku-paalle-3-humanistien-tyoelamaviikko-verkossa-16-19-11\/#article","isPartOf":{"@id":"https:\/\/blogs.uef.fi\/humanistit-uudistuvassa-tyoelamassa\/2020\/10\/30\/haku-paalle-3-humanistien-tyoelamaviikko-verkossa-16-19-11\/"},"author":{"name":"Sini Heinoja","@id":"https:\/\/blogs.uef.fi\/humanistit-uudistuvassa-tyoelamassa\/#\/schema\/person\/2a8dd39b2285e1f0f8b2a15f542fa9ff"},"headline":"Haku p\u00e4\u00e4lle 3 \u2013 humanistien ty\u00f6el\u00e4m\u00e4viikko verkossa 16.\u201319.11.","datePublished":"2020-10-30T09:05:20+00:00","dateModified":"2021-08-06T06:14:35+00:00","mainEntityOfPage":{"@id":"https:\/\/blogs.uef.fi\/humanistit-uudistuvassa-tyoelamassa\/2020\/10\/30\/haku-paalle-3-humanistien-tyoelamaviikko-verkossa-16-19-11\/"},"wordCount":490,"commentCount":0,"image":{"@id":"https:\/\/blogs.uef.fi\/humanistit-uudistuvassa-tyoelamassa\/2020\/10\/30\/haku-paalle-3-humanistien-tyoelamaviikko-verkossa-16-19-11\/#primaryimage"},"thumbnailUrl":"https:\/\/blogs.uef.fi\/humanistit-uudistuvassa-tyoelamassa\/wp-content\/uploads\/sites\/113\/2020\/10\/hakupaalle3_banneri3-300x300.png","articleSection":["Tapahtumat"],"inLanguage":"fi","potentialAction":[{"@type":"CommentAction","name":"Comment","target":["https:\/\/blogs.uef.fi\/humanistit-uudistuvassa-tyoelamassa\/2020\/10\/30\/haku-paalle-3-humanistien-tyoelamaviikko-verkossa-16-19-11\/#respond"]}]},{"@type":"WebPage","@id":"https:\/\/blogs.uef.fi\/humanistit-uudistuvassa-tyoelamassa\/2020\/10\/30\/haku-paalle-3-humanistien-tyoelamaviikko-verkossa-16-19-11\/","url":"https:\/\/blogs.uef.fi\/humanistit-uudistuvassa-tyoelamassa\/2020\/10\/30\/haku-paalle-3-humanistien-tyoelamaviikko-verkossa-16-19-11\/","name":"Haku p\u00e4\u00e4lle 3 \u2013 humanistien ty\u00f6el\u00e4m\u00e4viikko verkossa 16.\u201319.11. - HUMUS \u2013 Humanistit uudistuvassa ty\u00f6el\u00e4m\u00e4ss\u00e4","isPartOf":{"@id":"https:\/\/blogs.uef.fi\/humanistit-uudistuvassa-tyoelamassa\/#website"},"primaryImageOfPage":{"@id":"https:\/\/blogs.uef.fi\/humanistit-uudistuvassa-tyoelamassa\/2020\/10\/30\/haku-paalle-3-humanistien-tyoelamaviikko-verkossa-16-19-11\/#primaryimage"},"image":{"@id":"https:\/\/blogs.uef.fi\/humanistit-uudistuvassa-tyoelamassa\/2020\/10\/30\/haku-paalle-3-humanistien-tyoelamaviikko-verkossa-16-19-11\/#primaryimage"},"thumbnailUrl":"https:\/\/blogs.uef.fi\/humanistit-uudistuvassa-tyoelamassa\/wp-content\/uploads\/sites\/113\/2020\/10\/hakupaalle3_banneri3-300x300.png","datePublished":"2020-10-30T09:05:20+00:00","dateModified":"2021-08-06T06:14:35+00:00","author":{"@id":"https:\/\/blogs.uef.fi\/humanistit-uudistuvassa-tyoelamassa\/#\/schema\/person\/2a8dd39b2285e1f0f8b2a15f542fa9ff"},"description":"Tervetuloa vierailemaan ty\u00f6paikoilla, oppimaan ty\u00f6el\u00e4m\u00e4n inklusiivisuudesta ja harjoittelemaan ty\u00f6haastattelutilannetta.","breadcrumb":{"@id":"https:\/\/blogs.uef.fi\/humanistit-uudistuvassa-tyoelamassa\/2020\/10\/30\/haku-paalle-3-humanistien-tyoelamaviikko-verkossa-16-19-11\/#breadcrumb"},"inLanguage":"fi","potentialAction":[{"@type":"ReadAction","target":["https:\/\/blogs.uef.fi\/humanistit-uudistuvassa-tyoelamassa\/2020\/10\/30\/haku-paalle-3-humanistien-tyoelamaviikko-verkossa-16-19-11\/"]}]},{"@type":"ImageObject","inLanguage":"fi","@id":"https:\/\/blogs.uef.fi\/humanistit-uudistuvassa-tyoelamassa\/2020\/10\/30\/haku-paalle-3-humanistien-tyoelamaviikko-verkossa-16-19-11\/#primaryimage","url":"https:\/\/blogs.uef.fi\/humanistit-uudistuvassa-tyoelamassa\/wp-content\/uploads\/sites\/113\/2020\/10\/hakupaalle3_banneri3.png","contentUrl":"https:\/\/blogs.uef.fi\/humanistit-uudistuvassa-tyoelamassa\/wp-content\/uploads\/sites\/113\/2020\/10\/hakupaalle3_banneri3.png","width":9000,"height":9000},{"@type":"BreadcrumbList","@id":"https:\/\/blogs.uef.fi\/humanistit-uudistuvassa-tyoelamassa\/2020\/10\/30\/haku-paalle-3-humanistien-tyoelamaviikko-verkossa-16-19-11\/#breadcrumb","itemListElement":[{"@type":"ListItem","position":1,"name":"Home","item":"https:\/\/blogs.uef.fi\/humanistit-uudistuvassa-tyoelamassa\/"},{"@type":"ListItem","position":2,"name":"Haku p\u00e4\u00e4lle 3 \u2013 humanistien ty\u00f6el\u00e4m\u00e4viikko verkossa 16.\u201319.11."}]},{"@type":"WebSite","@id":"https:\/\/blogs.uef.fi\/humanistit-uudistuvassa-tyoelamassa\/#website","url":"https:\/\/blogs.uef.fi\/humanistit-uudistuvassa-tyoelamassa\/","name":"HUMUS \u2013 Humanistit uudistuvassa ty\u00f6el\u00e4m\u00e4ss\u00e4","description":"","potentialAction":[{"@type":"SearchAction","target":{"@type":"EntryPoint","urlTemplate":"https:\/\/blogs.uef.fi\/humanistit-uudistuvassa-tyoelamassa\/?s={search_term_string}"},"query-input":{"@type":"PropertyValueSpecification","valueRequired":true,"valueName":"search_term_string"}}],"inLanguage":"fi"},{"@type":"Person","@id":"https:\/\/blogs.uef.fi\/humanistit-uudistuvassa-tyoelamassa\/#\/schema\/person\/2a8dd39b2285e1f0f8b2a15f542fa9ff","name":"Sini Heinoja","image":{"@type":"ImageObject","inLanguage":"fi","@id":"https:\/\/secure.gravatar.com\/avatar\/e26b7b6234f0e3dfbe287cd2d81eea31d8a9e7d7265142f403762dfa4aa14903?s=96&d=mm&r=g","url":"https:\/\/secure.gravatar.com\/avatar\/e26b7b6234f0e3dfbe287cd2d81eea31d8a9e7d7265142f403762dfa4aa14903?s=96&d=mm&r=g","contentUrl":"https:\/\/secure.gravatar.com\/avatar\/e26b7b6234f0e3dfbe287cd2d81eea31d8a9e7d7265142f403762dfa4aa14903?s=96&d=mm&r=g","caption":"Sini Heinoja"},"url":"https:\/\/blogs.uef.fi\/humanistit-uudistuvassa-tyoelamassa\/author\/sinihei\/"}]}},"_links":{"self":[{"href":"https:\/\/blogs.uef.fi\/humanistit-uudistuvassa-tyoelamassa\/wp-json\/wp\/v2\/posts\/840","targetHints":{"allow":["GET"]}}],"collection":[{"href":"https:\/\/blogs.uef.fi\/humanistit-uudistuvassa-tyoelamassa\/wp-json\/wp\/v2\/posts"}],"about":[{"href":"https:\/\/blogs.uef.fi\/humanistit-uudistuvassa-tyoelamassa\/wp-json\/wp\/v2\/types\/post"}],"author":[{"embeddable":true,"href":"https:\/\/blogs.uef.fi\/humanistit-uudistuvassa-tyoelamassa\/wp-json\/wp\/v2\/users\/285"}],"replies":[{"embeddable":true,"href":"https:\/\/blogs.uef.fi\/humanistit-uudistuvassa-tyoelamassa\/wp-json\/wp\/v2\/comments?post=840"}],"version-history":[{"count":3,"href":"https:\/\/blogs.uef.fi\/humanistit-uudistuvassa-tyoelamassa\/wp-json\/wp\/v2\/posts\/840\/revisions"}],"predecessor-version":[{"id":1435,"href":"https:\/\/blogs.uef.fi\/humanistit-uudistuvassa-tyoelamassa\/wp-json\/wp\/v2\/posts\/840\/revisions\/1435"}],"wp:attachment":[{"href":"https:\/\/blogs.uef.fi\/humanistit-uudistuvassa-tyoelamassa\/wp-json\/wp\/v2\/media?parent=840"}],"wp:term":[{"taxonomy":"category","embeddable":true,"href":"https:\/\/blogs.uef.fi\/humanistit-uudistuvassa-tyoelamassa\/wp-json\/wp\/v2\/categories?post=840"},{"taxonomy":"post_tag","embeddable":true,"href":"https:\/\/blogs.uef.fi\/humanistit-uudistuvassa-tyoelamassa\/wp-json\/wp\/v2\/tags?post=840"}],"curies":[{"name":"wp","href":"https:\/\/api.w.org\/{rel}","templated":true}]}}