{"id":67,"date":"2019-11-04T09:11:54","date_gmt":"2019-11-04T09:11:54","guid":{"rendered":"https:\/\/blogs.uef.fi\/humanistit-uudistuvassa-tyoelamassa\/?p=67"},"modified":"2019-11-22T11:10:52","modified_gmt":"2019-11-22T11:10:52","slug":"tulevaisuudenosaaja-29-11","status":"publish","type":"post","link":"https:\/\/blogs.uef.fi\/humanistit-uudistuvassa-tyoelamassa\/2019\/11\/04\/tulevaisuudenosaaja-29-11\/","title":{"rendered":"Tulevaisuuden osaaja \u2013 miksi humanisti? Pe 29.11. Kerubilla"},"content":{"rendered":"<p>Ty\u00f6el\u00e4m\u00e4n edustajat, humanistiopiskelijat ja ty\u00f6el\u00e4m\u00e4ss\u00e4 olevat humanistit kokoontuvat perjantaina 29.11.2019 klo 8.30 alkaen Kerubin saliin pohtimaan yhdess\u00e4 tulevaisuuden ty\u00f6t\u00e4 ja osaamista. Tapahtumaan on vapaa p\u00e4\u00e4sy. <a href=\"https:\/\/registration.contio.fi\/uef\/Registration\/Login?id=1295-T_1295-1407\" target=\"_blank\" rel=\"noopener\">Ilmoittauduthan<\/a> kuitenkin 24.11. menness\u00e4, jotta osaamme varata sinulle tarjottavaa. Tervetuloa!<\/p>\n<p>OHJELMA<\/p>\n<p><h2 id=\"tablepress-1-name\" class=\"tablepress-table-name tablepress-table-name-id-1\">TULEVAISUUDEN OSAAJA <br>\u2013 miksi humanisti?<\/h2>\n<span id=\"tablepress-1-description\" class=\"tablepress-table-description tablepress-table-description-id-1\">Aika: pe 29.11. klo 8.30\u201314.00.<br> Paikka: Ravintola Kerubin Sali, Siltakatu 1, 80100 Joensuu <br> <a href=\"https:\/\/registration.contio.fi\/uef\/Registration\/Login?id=1295-T_1295-1407\">Ilmoittaudu<\/a><\/span>\n\n<table id=\"tablepress-1\" class=\"tablepress tablepress-id-1\" aria-labelledby=\"tablepress-1-name\" aria-describedby=\"tablepress-1-description\">\n<tbody class=\"row-striping row-hover\">\n<tr class=\"row-1\">\n\t<td class=\"column-1\"><strong>8.30\u2013<br>11.00 <\/strong><\/td><td class=\"column-2\"><strong>Tulevaisuuden ty\u00f6 ja osaaminen<\/strong><\/td>\n<\/tr>\n<tr class=\"row-2\">\n\t<td class=\"column-1\">8.30<\/td><td class=\"column-2\">Aamukahvit<\/td>\n<\/tr>\n<tr class=\"row-3\">\n\t<td class=\"column-1\">9.00<\/td><td class=\"column-2\">HUMUS (Humanistit uudistuvassa ty\u00f6el\u00e4m\u00e4ss\u00e4 -hanke, ESR) esitt\u00e4ytyy.<\/td>\n<\/tr>\n<tr class=\"row-4\">\n\t<td class=\"column-1\">9.25<\/td><td class=\"column-2\">Opiskelijapuheenvuoro<\/td>\n<\/tr>\n<tr class=\"row-5\">\n\t<td class=\"column-1\">9.40<\/td><td class=\"column-2\"><em>Katsaus alueemme ty\u00f6el\u00e4m\u00e4n tulevaisuuteen<\/em>, toimitusjohtaja Matti Vuoj\u00e4rvi, Pohjois-Karjalan Kauppakamari.<\/td>\n<\/tr>\n<tr class=\"row-6\">\n\t<td class=\"column-1\">10.00<\/td><td class=\"column-2\"><em>Osaaminen tulevaisuuden p\u00e4\u00e4omana<\/em>, vanhempi neuvonantaja Tapio Huttula, Sitra.<\/td>\n<\/tr>\n<tr class=\"row-7\">\n\t<td class=\"column-1\">11.00<\/td><td class=\"column-2\">Tauko (lounas omakustanteinen)<\/td>\n<\/tr>\n<tr class=\"row-8\">\n\t<td class=\"column-1\"><strong>12.00\u2013<br>14.00<\/strong><\/td><td class=\"column-2\"><strong>Humanistien uratarinoita ja uusia uria<\/strong><\/td>\n<\/tr>\n<tr class=\"row-9\">\n\t<td class=\"column-1\">12.00<\/td><td class=\"column-2\"><em>Humanistisen osaamisen n\u00e4yttely<\/em>: El\u00e4v\u00e4 kirjasto \u2013 lainattavana kourallinen ty\u00f6el\u00e4m\u00e4n superhumanisteja eri aloilta. Humanistisen osaamisen esittely\u00e4, tutustumista ty\u00f6el\u00e4m\u00e4toimijoihin ja iltap\u00e4iv\u00e4kahvit.<\/td>\n<\/tr>\n<tr class=\"row-10\">\n\t<td class=\"column-1\">13.00<\/td><td class=\"column-2\">Paneelikeskustelu: <em>Kuinka kehit\u00e4mme tulevaisuuden osaamista yhdess\u00e4?<\/em> Mukana ty\u00f6el\u00e4m\u00e4n, yliopiston ja opiskelijoiden edustajia.<\/td>\n<\/tr>\n<\/tbody>\n<\/table>\n<br \/>\nOpiskelijat huomio! Muista my\u00f6s humanistisen osaston ja Akavan erityisalojen j\u00e4rjest\u00e4m\u00e4 <a href=\"https:\/\/blogs.uef.fi\/humanistit-uudistuvassa-tyoelamassa\/2019\/11\/03\/tulevaisuuden-osaaja-taitoja-tyoelamaan-to-28-11-opiskelijoille\/\">Tulevaisuuden osaaja \u2013 taitoja ty\u00f6el\u00e4m\u00e4\u00e4n!<\/a> -p\u00e4iv\u00e4 torstaina 28.11. Agoralla.<\/p>\n","protected":false},"excerpt":{"rendered":"<p>Ty\u00f6el\u00e4m\u00e4n edustajat, humanistiopiskelijat ja ty\u00f6el\u00e4m\u00e4ss\u00e4 olevat humanistit kokoontuvat perjantaina 29.11.2019 klo 8.30 alkaen Kerubin saliin pohtimaan yhdess\u00e4 tulevaisuuden ty\u00f6t\u00e4 ja osaamista. Tapahtumaan on vapaa p\u00e4\u00e4sy. Ilmoittauduthan kuitenkin 24.11. menness\u00e4, jotta osaamme varata sinulle tarjottavaa. Tervetuloa! OHJELMA Opiskelijat huomio! Muista my\u00f6s humanistisen osaston ja Akavan erityisalojen j\u00e4rjest\u00e4m\u00e4 Tulevaisuuden osaaja \u2013 taitoja ty\u00f6el\u00e4m\u00e4\u00e4n! -p\u00e4iv\u00e4 torstaina 28.11. Agoralla.<\/p>\n","protected":false},"author":285,"featured_media":0,"comment_status":"open","ping_status":"open","sticky":false,"template":"","format":"standard","meta":{"_acf_changed":false,"footnotes":""},"categories":[7],"tags":[],"class_list":["post-67","post","type-post","status-publish","format-standard","hentry","category-tapahtumat"],"acf":[],"yoast_head":"<!-- This site is optimized with the Yoast SEO plugin v27.3 - https:\/\/yoast.com\/product\/yoast-seo-wordpress\/ -->\n<title>Tulevaisuuden osaaja \u2013 miksi humanisti? Pe 29.11. Kerubilla - HUMUS \u2013 Humanistit uudistuvassa ty\u00f6el\u00e4m\u00e4ss\u00e4<\/title>\n<meta name=\"description\" content=\"Mit\u00e4 on tulevaisuuden ty\u00f6 ja osaaminen? Sit\u00e4 ty\u00f6el\u00e4m\u00e4n edustajat, humanistiopiskelijat ja valmistuneet humanistit kokoontuvat perjantaina pohtimaan yhdess\u00e4.\" \/>\n<meta name=\"robots\" content=\"index, follow, max-snippet:-1, max-image-preview:large, max-video-preview:-1\" \/>\n<link rel=\"canonical\" href=\"https:\/\/blogs.uef.fi\/humanistit-uudistuvassa-tyoelamassa\/2019\/11\/04\/tulevaisuudenosaaja-29-11\/\" \/>\n<meta property=\"og:locale\" content=\"fi_FI\" \/>\n<meta property=\"og:type\" content=\"article\" \/>\n<meta property=\"og:title\" content=\"Tulevaisuuden osaaja \u2013 miksi humanisti? Pe 29.11. Kerubilla - HUMUS \u2013 Humanistit uudistuvassa ty\u00f6el\u00e4m\u00e4ss\u00e4\" \/>\n<meta property=\"og:description\" content=\"Mit\u00e4 on tulevaisuuden ty\u00f6 ja osaaminen? Sit\u00e4 ty\u00f6el\u00e4m\u00e4n edustajat, humanistiopiskelijat ja valmistuneet humanistit kokoontuvat perjantaina pohtimaan yhdess\u00e4.\" \/>\n<meta property=\"og:url\" content=\"https:\/\/blogs.uef.fi\/humanistit-uudistuvassa-tyoelamassa\/2019\/11\/04\/tulevaisuudenosaaja-29-11\/\" \/>\n<meta property=\"og:site_name\" content=\"HUMUS \u2013 Humanistit uudistuvassa ty\u00f6el\u00e4m\u00e4ss\u00e4\" \/>\n<meta property=\"article:published_time\" content=\"2019-11-04T09:11:54+00:00\" \/>\n<meta property=\"article:modified_time\" content=\"2019-11-22T11:10:52+00:00\" \/>\n<meta name=\"author\" content=\"Sini Heinoja\" \/>\n<meta name=\"twitter:card\" content=\"summary_large_image\" \/>\n<meta name=\"twitter:label1\" content=\"Kirjoittanut\" \/>\n\t<meta name=\"twitter:data1\" content=\"Sini Heinoja\" \/>\n<script type=\"application\/ld+json\" class=\"yoast-schema-graph\">{\"@context\":\"https:\\\/\\\/schema.org\",\"@graph\":[{\"@type\":\"Article\",\"@id\":\"https:\\\/\\\/blogs.uef.fi\\\/humanistit-uudistuvassa-tyoelamassa\\\/2019\\\/11\\\/04\\\/tulevaisuudenosaaja-29-11\\\/#article\",\"isPartOf\":{\"@id\":\"https:\\\/\\\/blogs.uef.fi\\\/humanistit-uudistuvassa-tyoelamassa\\\/2019\\\/11\\\/04\\\/tulevaisuudenosaaja-29-11\\\/\"},\"author\":{\"name\":\"Sini Heinoja\",\"@id\":\"https:\\\/\\\/blogs.uef.fi\\\/humanistit-uudistuvassa-tyoelamassa\\\/#\\\/schema\\\/person\\\/2a8dd39b2285e1f0f8b2a15f542fa9ff\"},\"headline\":\"Tulevaisuuden osaaja \u2013 miksi humanisti? Pe 29.11. Kerubilla\",\"datePublished\":\"2019-11-04T09:11:54+00:00\",\"dateModified\":\"2019-11-22T11:10:52+00:00\",\"mainEntityOfPage\":{\"@id\":\"https:\\\/\\\/blogs.uef.fi\\\/humanistit-uudistuvassa-tyoelamassa\\\/2019\\\/11\\\/04\\\/tulevaisuudenosaaja-29-11\\\/\"},\"wordCount\":73,\"commentCount\":0,\"articleSection\":[\"Tapahtumat\"],\"inLanguage\":\"fi\",\"potentialAction\":[{\"@type\":\"CommentAction\",\"name\":\"Comment\",\"target\":[\"https:\\\/\\\/blogs.uef.fi\\\/humanistit-uudistuvassa-tyoelamassa\\\/2019\\\/11\\\/04\\\/tulevaisuudenosaaja-29-11\\\/#respond\"]}]},{\"@type\":\"WebPage\",\"@id\":\"https:\\\/\\\/blogs.uef.fi\\\/humanistit-uudistuvassa-tyoelamassa\\\/2019\\\/11\\\/04\\\/tulevaisuudenosaaja-29-11\\\/\",\"url\":\"https:\\\/\\\/blogs.uef.fi\\\/humanistit-uudistuvassa-tyoelamassa\\\/2019\\\/11\\\/04\\\/tulevaisuudenosaaja-29-11\\\/\",\"name\":\"Tulevaisuuden osaaja \u2013 miksi humanisti? Pe 29.11. Kerubilla - HUMUS \u2013 Humanistit uudistuvassa ty\u00f6el\u00e4m\u00e4ss\u00e4\",\"isPartOf\":{\"@id\":\"https:\\\/\\\/blogs.uef.fi\\\/humanistit-uudistuvassa-tyoelamassa\\\/#website\"},\"datePublished\":\"2019-11-04T09:11:54+00:00\",\"dateModified\":\"2019-11-22T11:10:52+00:00\",\"author\":{\"@id\":\"https:\\\/\\\/blogs.uef.fi\\\/humanistit-uudistuvassa-tyoelamassa\\\/#\\\/schema\\\/person\\\/2a8dd39b2285e1f0f8b2a15f542fa9ff\"},\"description\":\"Mit\u00e4 on tulevaisuuden ty\u00f6 ja osaaminen? Sit\u00e4 ty\u00f6el\u00e4m\u00e4n edustajat, humanistiopiskelijat ja valmistuneet humanistit kokoontuvat perjantaina pohtimaan yhdess\u00e4.\",\"breadcrumb\":{\"@id\":\"https:\\\/\\\/blogs.uef.fi\\\/humanistit-uudistuvassa-tyoelamassa\\\/2019\\\/11\\\/04\\\/tulevaisuudenosaaja-29-11\\\/#breadcrumb\"},\"inLanguage\":\"fi\",\"potentialAction\":[{\"@type\":\"ReadAction\",\"target\":[\"https:\\\/\\\/blogs.uef.fi\\\/humanistit-uudistuvassa-tyoelamassa\\\/2019\\\/11\\\/04\\\/tulevaisuudenosaaja-29-11\\\/\"]}]},{\"@type\":\"BreadcrumbList\",\"@id\":\"https:\\\/\\\/blogs.uef.fi\\\/humanistit-uudistuvassa-tyoelamassa\\\/2019\\\/11\\\/04\\\/tulevaisuudenosaaja-29-11\\\/#breadcrumb\",\"itemListElement\":[{\"@type\":\"ListItem\",\"position\":1,\"name\":\"Home\",\"item\":\"https:\\\/\\\/blogs.uef.fi\\\/humanistit-uudistuvassa-tyoelamassa\\\/\"},{\"@type\":\"ListItem\",\"position\":2,\"name\":\"Tulevaisuuden osaaja \u2013 miksi humanisti? Pe 29.11. Kerubilla\"}]},{\"@type\":\"WebSite\",\"@id\":\"https:\\\/\\\/blogs.uef.fi\\\/humanistit-uudistuvassa-tyoelamassa\\\/#website\",\"url\":\"https:\\\/\\\/blogs.uef.fi\\\/humanistit-uudistuvassa-tyoelamassa\\\/\",\"name\":\"HUMUS \u2013 Humanistit uudistuvassa ty\u00f6el\u00e4m\u00e4ss\u00e4\",\"description\":\"\",\"potentialAction\":[{\"@type\":\"SearchAction\",\"target\":{\"@type\":\"EntryPoint\",\"urlTemplate\":\"https:\\\/\\\/blogs.uef.fi\\\/humanistit-uudistuvassa-tyoelamassa\\\/?s={search_term_string}\"},\"query-input\":{\"@type\":\"PropertyValueSpecification\",\"valueRequired\":true,\"valueName\":\"search_term_string\"}}],\"inLanguage\":\"fi\"},{\"@type\":\"Person\",\"@id\":\"https:\\\/\\\/blogs.uef.fi\\\/humanistit-uudistuvassa-tyoelamassa\\\/#\\\/schema\\\/person\\\/2a8dd39b2285e1f0f8b2a15f542fa9ff\",\"name\":\"Sini Heinoja\",\"image\":{\"@type\":\"ImageObject\",\"inLanguage\":\"fi\",\"@id\":\"https:\\\/\\\/secure.gravatar.com\\\/avatar\\\/e26b7b6234f0e3dfbe287cd2d81eea31d8a9e7d7265142f403762dfa4aa14903?s=96&d=mm&r=g\",\"url\":\"https:\\\/\\\/secure.gravatar.com\\\/avatar\\\/e26b7b6234f0e3dfbe287cd2d81eea31d8a9e7d7265142f403762dfa4aa14903?s=96&d=mm&r=g\",\"contentUrl\":\"https:\\\/\\\/secure.gravatar.com\\\/avatar\\\/e26b7b6234f0e3dfbe287cd2d81eea31d8a9e7d7265142f403762dfa4aa14903?s=96&d=mm&r=g\",\"caption\":\"Sini Heinoja\"},\"url\":\"https:\\\/\\\/blogs.uef.fi\\\/humanistit-uudistuvassa-tyoelamassa\\\/author\\\/sinihei\\\/\"}]}<\/script>\n<!-- \/ Yoast SEO plugin. -->","yoast_head_json":{"title":"Tulevaisuuden osaaja \u2013 miksi humanisti? Pe 29.11. Kerubilla - HUMUS \u2013 Humanistit uudistuvassa ty\u00f6el\u00e4m\u00e4ss\u00e4","description":"Mit\u00e4 on tulevaisuuden ty\u00f6 ja osaaminen? Sit\u00e4 ty\u00f6el\u00e4m\u00e4n edustajat, humanistiopiskelijat ja valmistuneet humanistit kokoontuvat perjantaina pohtimaan yhdess\u00e4.","robots":{"index":"index","follow":"follow","max-snippet":"max-snippet:-1","max-image-preview":"max-image-preview:large","max-video-preview":"max-video-preview:-1"},"canonical":"https:\/\/blogs.uef.fi\/humanistit-uudistuvassa-tyoelamassa\/2019\/11\/04\/tulevaisuudenosaaja-29-11\/","og_locale":"fi_FI","og_type":"article","og_title":"Tulevaisuuden osaaja \u2013 miksi humanisti? Pe 29.11. Kerubilla - HUMUS \u2013 Humanistit uudistuvassa ty\u00f6el\u00e4m\u00e4ss\u00e4","og_description":"Mit\u00e4 on tulevaisuuden ty\u00f6 ja osaaminen? Sit\u00e4 ty\u00f6el\u00e4m\u00e4n edustajat, humanistiopiskelijat ja valmistuneet humanistit kokoontuvat perjantaina pohtimaan yhdess\u00e4.","og_url":"https:\/\/blogs.uef.fi\/humanistit-uudistuvassa-tyoelamassa\/2019\/11\/04\/tulevaisuudenosaaja-29-11\/","og_site_name":"HUMUS \u2013 Humanistit uudistuvassa ty\u00f6el\u00e4m\u00e4ss\u00e4","article_published_time":"2019-11-04T09:11:54+00:00","article_modified_time":"2019-11-22T11:10:52+00:00","author":"Sini Heinoja","twitter_card":"summary_large_image","twitter_misc":{"Kirjoittanut":"Sini Heinoja"},"schema":{"@context":"https:\/\/schema.org","@graph":[{"@type":"Article","@id":"https:\/\/blogs.uef.fi\/humanistit-uudistuvassa-tyoelamassa\/2019\/11\/04\/tulevaisuudenosaaja-29-11\/#article","isPartOf":{"@id":"https:\/\/blogs.uef.fi\/humanistit-uudistuvassa-tyoelamassa\/2019\/11\/04\/tulevaisuudenosaaja-29-11\/"},"author":{"name":"Sini Heinoja","@id":"https:\/\/blogs.uef.fi\/humanistit-uudistuvassa-tyoelamassa\/#\/schema\/person\/2a8dd39b2285e1f0f8b2a15f542fa9ff"},"headline":"Tulevaisuuden osaaja \u2013 miksi humanisti? Pe 29.11. Kerubilla","datePublished":"2019-11-04T09:11:54+00:00","dateModified":"2019-11-22T11:10:52+00:00","mainEntityOfPage":{"@id":"https:\/\/blogs.uef.fi\/humanistit-uudistuvassa-tyoelamassa\/2019\/11\/04\/tulevaisuudenosaaja-29-11\/"},"wordCount":73,"commentCount":0,"articleSection":["Tapahtumat"],"inLanguage":"fi","potentialAction":[{"@type":"CommentAction","name":"Comment","target":["https:\/\/blogs.uef.fi\/humanistit-uudistuvassa-tyoelamassa\/2019\/11\/04\/tulevaisuudenosaaja-29-11\/#respond"]}]},{"@type":"WebPage","@id":"https:\/\/blogs.uef.fi\/humanistit-uudistuvassa-tyoelamassa\/2019\/11\/04\/tulevaisuudenosaaja-29-11\/","url":"https:\/\/blogs.uef.fi\/humanistit-uudistuvassa-tyoelamassa\/2019\/11\/04\/tulevaisuudenosaaja-29-11\/","name":"Tulevaisuuden osaaja \u2013 miksi humanisti? Pe 29.11. Kerubilla - HUMUS \u2013 Humanistit uudistuvassa ty\u00f6el\u00e4m\u00e4ss\u00e4","isPartOf":{"@id":"https:\/\/blogs.uef.fi\/humanistit-uudistuvassa-tyoelamassa\/#website"},"datePublished":"2019-11-04T09:11:54+00:00","dateModified":"2019-11-22T11:10:52+00:00","author":{"@id":"https:\/\/blogs.uef.fi\/humanistit-uudistuvassa-tyoelamassa\/#\/schema\/person\/2a8dd39b2285e1f0f8b2a15f542fa9ff"},"description":"Mit\u00e4 on tulevaisuuden ty\u00f6 ja osaaminen? Sit\u00e4 ty\u00f6el\u00e4m\u00e4n edustajat, humanistiopiskelijat ja valmistuneet humanistit kokoontuvat perjantaina pohtimaan yhdess\u00e4.","breadcrumb":{"@id":"https:\/\/blogs.uef.fi\/humanistit-uudistuvassa-tyoelamassa\/2019\/11\/04\/tulevaisuudenosaaja-29-11\/#breadcrumb"},"inLanguage":"fi","potentialAction":[{"@type":"ReadAction","target":["https:\/\/blogs.uef.fi\/humanistit-uudistuvassa-tyoelamassa\/2019\/11\/04\/tulevaisuudenosaaja-29-11\/"]}]},{"@type":"BreadcrumbList","@id":"https:\/\/blogs.uef.fi\/humanistit-uudistuvassa-tyoelamassa\/2019\/11\/04\/tulevaisuudenosaaja-29-11\/#breadcrumb","itemListElement":[{"@type":"ListItem","position":1,"name":"Home","item":"https:\/\/blogs.uef.fi\/humanistit-uudistuvassa-tyoelamassa\/"},{"@type":"ListItem","position":2,"name":"Tulevaisuuden osaaja \u2013 miksi humanisti? Pe 29.11. Kerubilla"}]},{"@type":"WebSite","@id":"https:\/\/blogs.uef.fi\/humanistit-uudistuvassa-tyoelamassa\/#website","url":"https:\/\/blogs.uef.fi\/humanistit-uudistuvassa-tyoelamassa\/","name":"HUMUS \u2013 Humanistit uudistuvassa ty\u00f6el\u00e4m\u00e4ss\u00e4","description":"","potentialAction":[{"@type":"SearchAction","target":{"@type":"EntryPoint","urlTemplate":"https:\/\/blogs.uef.fi\/humanistit-uudistuvassa-tyoelamassa\/?s={search_term_string}"},"query-input":{"@type":"PropertyValueSpecification","valueRequired":true,"valueName":"search_term_string"}}],"inLanguage":"fi"},{"@type":"Person","@id":"https:\/\/blogs.uef.fi\/humanistit-uudistuvassa-tyoelamassa\/#\/schema\/person\/2a8dd39b2285e1f0f8b2a15f542fa9ff","name":"Sini Heinoja","image":{"@type":"ImageObject","inLanguage":"fi","@id":"https:\/\/secure.gravatar.com\/avatar\/e26b7b6234f0e3dfbe287cd2d81eea31d8a9e7d7265142f403762dfa4aa14903?s=96&d=mm&r=g","url":"https:\/\/secure.gravatar.com\/avatar\/e26b7b6234f0e3dfbe287cd2d81eea31d8a9e7d7265142f403762dfa4aa14903?s=96&d=mm&r=g","contentUrl":"https:\/\/secure.gravatar.com\/avatar\/e26b7b6234f0e3dfbe287cd2d81eea31d8a9e7d7265142f403762dfa4aa14903?s=96&d=mm&r=g","caption":"Sini Heinoja"},"url":"https:\/\/blogs.uef.fi\/humanistit-uudistuvassa-tyoelamassa\/author\/sinihei\/"}]}},"_links":{"self":[{"href":"https:\/\/blogs.uef.fi\/humanistit-uudistuvassa-tyoelamassa\/wp-json\/wp\/v2\/posts\/67","targetHints":{"allow":["GET"]}}],"collection":[{"href":"https:\/\/blogs.uef.fi\/humanistit-uudistuvassa-tyoelamassa\/wp-json\/wp\/v2\/posts"}],"about":[{"href":"https:\/\/blogs.uef.fi\/humanistit-uudistuvassa-tyoelamassa\/wp-json\/wp\/v2\/types\/post"}],"author":[{"embeddable":true,"href":"https:\/\/blogs.uef.fi\/humanistit-uudistuvassa-tyoelamassa\/wp-json\/wp\/v2\/users\/285"}],"replies":[{"embeddable":true,"href":"https:\/\/blogs.uef.fi\/humanistit-uudistuvassa-tyoelamassa\/wp-json\/wp\/v2\/comments?post=67"}],"version-history":[{"count":2,"href":"https:\/\/blogs.uef.fi\/humanistit-uudistuvassa-tyoelamassa\/wp-json\/wp\/v2\/posts\/67\/revisions"}],"predecessor-version":[{"id":229,"href":"https:\/\/blogs.uef.fi\/humanistit-uudistuvassa-tyoelamassa\/wp-json\/wp\/v2\/posts\/67\/revisions\/229"}],"wp:attachment":[{"href":"https:\/\/blogs.uef.fi\/humanistit-uudistuvassa-tyoelamassa\/wp-json\/wp\/v2\/media?parent=67"}],"wp:term":[{"taxonomy":"category","embeddable":true,"href":"https:\/\/blogs.uef.fi\/humanistit-uudistuvassa-tyoelamassa\/wp-json\/wp\/v2\/categories?post=67"},{"taxonomy":"post_tag","embeddable":true,"href":"https:\/\/blogs.uef.fi\/humanistit-uudistuvassa-tyoelamassa\/wp-json\/wp\/v2\/tags?post=67"}],"curies":[{"name":"wp","href":"https:\/\/api.w.org\/{rel}","templated":true}]}}