{"id":61,"date":"2019-10-14T07:05:34","date_gmt":"2019-10-14T07:05:34","guid":{"rendered":"https:\/\/blogs.uef.fi\/humanistit-uudistuvassa-tyoelamassa\/?p=61"},"modified":"2019-10-28T08:26:53","modified_gmt":"2019-10-28T08:26:53","slug":"humanistit-uudistuvassa-tyoelamassa-on-kaynnistynyt","status":"publish","type":"post","link":"https:\/\/blogs.uef.fi\/humanistit-uudistuvassa-tyoelamassa\/2019\/10\/14\/humanistit-uudistuvassa-tyoelamassa-on-kaynnistynyt\/","title":{"rendered":"Humanistit uudistuvassa ty\u00f6el\u00e4m\u00e4ss\u00e4 on k\u00e4ynnistynyt!"},"content":{"rendered":"<p>It\u00e4-Suomen yliopiston humanistisessa osastossa on k\u00e4ynnistynyt kolmivuotinen <em>Humanistit uudistuvassa ty\u00f6el\u00e4m\u00e4ss\u00e4 <\/em>-hanke. Hankkeen keskeinen tavoite on parantaa humanistisilla koulutusaloilla opiskelevien ja niilt\u00e4 valmistuneiden ty\u00f6el\u00e4m\u00e4yhteyksi\u00e4 erityisesti It\u00e4-Suomessa.<\/p>\n<p>Hankkeessa kehitet\u00e4\u00e4n muun muassa ratkaisumalleja humanistikoulutuksen ja yritysmaailman v\u00e4liseen kohtaanto-ongelmaan \u2013 siihen ett\u00e4 koulutus ei aina tunnista ty\u00f6el\u00e4m\u00e4n tarpeita eik\u00e4 ty\u00f6markkinoilla aina ole tietoa siit\u00e4, mit\u00e4 humanisti osaa. <strong>Hanke tukee eri tahoja tunnistamaan aiempaa paremmin kieli- ja kulttuuriosaamisen mahdollisuudet liiketoiminnassa.<\/strong> Hankkeessa on mukana useita It\u00e4-Suomen alueen yrityksi\u00e4 ja muita ty\u00f6el\u00e4m\u00e4n vaikuttajia. Hanketta rahoittaa Euroopan sosiaalirahasto (ESR) Kest\u00e4v\u00e4\u00e4 kasvua ja ty\u00f6t\u00e4 2014\u20132020 -ohjelmasta.<\/p>\n<p>Hankkeen aikana j\u00e4rjestet\u00e4\u00e4n s\u00e4\u00e4nn\u00f6llisesti seminaareja, ty\u00f6pajoja, koulutus- ja verkostoitumistapahtumia, joissa ty\u00f6el\u00e4m\u00e4n edustajat eri aloilta kohtaavat humanistiopiskelijoita, -maistereita ja -tohtoreita. Toimintamuotojen toteutetaan tiiviiss\u00e4 yhteisty\u00f6ss\u00e4 hankekumppaneiden ja kohderyhmien edustajien kanssa. Hankkeen tuloksena syntyy pysyv\u00e4luonteisia toimintamalleja, verkostoja ja kohtaamispaikkoja, joiden kautta niin koulutus kuin ty\u00f6el\u00e4m\u00e4 kykenev\u00e4t reagoimaan nopeasti muuttuviin tarpeisiin.<\/p>\n<p>T\u00e4lle sivulle kokoamme hankkeeseen liittyvi\u00e4 uutisia, kuulumisia, blogikirjoituksia, videoita, tapahtumia ja tuloksia. Otathan blogin seurantaan!<\/p>\n","protected":false},"excerpt":{"rendered":"<p>It\u00e4-Suomen yliopiston humanistisessa osastossa on k\u00e4ynnistynyt kolmivuotinen Humanistit uudistuvassa ty\u00f6el\u00e4m\u00e4ss\u00e4 -hanke. Hankkeen keskeinen tavoite on parantaa humanistisilla koulutusaloilla opiskelevien ja niilt\u00e4 valmistuneiden ty\u00f6el\u00e4m\u00e4yhteyksi\u00e4 erityisesti It\u00e4-Suomessa. Hankkeessa kehitet\u00e4\u00e4n muun muassa ratkaisumalleja humanistikoulutuksen ja yritysmaailman v\u00e4liseen kohtaanto-ongelmaan \u2013 siihen ett\u00e4 koulutus ei aina tunnista ty\u00f6el\u00e4m\u00e4n tarpeita eik\u00e4 ty\u00f6markkinoilla aina ole tietoa siit\u00e4, mit\u00e4 humanisti osaa. Hanke tukee [&hellip;]<\/p>\n","protected":false},"author":285,"featured_media":0,"comment_status":"open","ping_status":"open","sticky":false,"template":"","format":"standard","meta":{"_acf_changed":false,"footnotes":""},"categories":[1],"tags":[3],"class_list":["post-61","post","type-post","status-publish","format-standard","hentry","category-uutiset","tag-uutiset"],"acf":[],"yoast_head":"<!-- This site is optimized with the Yoast SEO plugin v27.3 - https:\/\/yoast.com\/product\/yoast-seo-wordpress\/ -->\n<title>Humanistit uudistuvassa ty\u00f6el\u00e4m\u00e4ss\u00e4 on k\u00e4ynnistynyt! - HUMUS \u2013 Humanistit uudistuvassa ty\u00f6el\u00e4m\u00e4ss\u00e4<\/title>\n<meta name=\"robots\" content=\"index, follow, max-snippet:-1, max-image-preview:large, max-video-preview:-1\" \/>\n<link rel=\"canonical\" href=\"https:\/\/blogs.uef.fi\/humanistit-uudistuvassa-tyoelamassa\/2019\/10\/14\/humanistit-uudistuvassa-tyoelamassa-on-kaynnistynyt\/\" \/>\n<meta property=\"og:locale\" content=\"fi_FI\" \/>\n<meta property=\"og:type\" content=\"article\" \/>\n<meta property=\"og:title\" content=\"Humanistit uudistuvassa ty\u00f6el\u00e4m\u00e4ss\u00e4 on k\u00e4ynnistynyt! - HUMUS \u2013 Humanistit uudistuvassa ty\u00f6el\u00e4m\u00e4ss\u00e4\" \/>\n<meta property=\"og:description\" content=\"It\u00e4-Suomen yliopiston humanistisessa osastossa on k\u00e4ynnistynyt kolmivuotinen Humanistit uudistuvassa ty\u00f6el\u00e4m\u00e4ss\u00e4 -hanke. Hankkeen keskeinen tavoite on parantaa humanistisilla koulutusaloilla opiskelevien ja niilt\u00e4 valmistuneiden ty\u00f6el\u00e4m\u00e4yhteyksi\u00e4 erityisesti It\u00e4-Suomessa. Hankkeessa kehitet\u00e4\u00e4n muun muassa ratkaisumalleja humanistikoulutuksen ja yritysmaailman v\u00e4liseen kohtaanto-ongelmaan \u2013 siihen ett\u00e4 koulutus ei aina tunnista ty\u00f6el\u00e4m\u00e4n tarpeita eik\u00e4 ty\u00f6markkinoilla aina ole tietoa siit\u00e4, mit\u00e4 humanisti osaa. Hanke tukee [&hellip;]\" \/>\n<meta property=\"og:url\" content=\"https:\/\/blogs.uef.fi\/humanistit-uudistuvassa-tyoelamassa\/2019\/10\/14\/humanistit-uudistuvassa-tyoelamassa-on-kaynnistynyt\/\" \/>\n<meta property=\"og:site_name\" content=\"HUMUS \u2013 Humanistit uudistuvassa ty\u00f6el\u00e4m\u00e4ss\u00e4\" \/>\n<meta property=\"article:published_time\" content=\"2019-10-14T07:05:34+00:00\" \/>\n<meta property=\"article:modified_time\" content=\"2019-10-28T08:26:53+00:00\" \/>\n<meta name=\"author\" content=\"Sini Heinoja\" \/>\n<meta name=\"twitter:card\" content=\"summary_large_image\" \/>\n<meta name=\"twitter:label1\" content=\"Kirjoittanut\" \/>\n\t<meta name=\"twitter:data1\" content=\"Sini Heinoja\" \/>\n\t<meta name=\"twitter:label2\" content=\"Arvioitu lukuaika\" \/>\n\t<meta name=\"twitter:data2\" content=\"1 minuutti\" \/>\n<script type=\"application\/ld+json\" class=\"yoast-schema-graph\">{\"@context\":\"https:\\\/\\\/schema.org\",\"@graph\":[{\"@type\":\"Article\",\"@id\":\"https:\\\/\\\/blogs.uef.fi\\\/humanistit-uudistuvassa-tyoelamassa\\\/2019\\\/10\\\/14\\\/humanistit-uudistuvassa-tyoelamassa-on-kaynnistynyt\\\/#article\",\"isPartOf\":{\"@id\":\"https:\\\/\\\/blogs.uef.fi\\\/humanistit-uudistuvassa-tyoelamassa\\\/2019\\\/10\\\/14\\\/humanistit-uudistuvassa-tyoelamassa-on-kaynnistynyt\\\/\"},\"author\":{\"name\":\"Sini Heinoja\",\"@id\":\"https:\\\/\\\/blogs.uef.fi\\\/humanistit-uudistuvassa-tyoelamassa\\\/#\\\/schema\\\/person\\\/2a8dd39b2285e1f0f8b2a15f542fa9ff\"},\"headline\":\"Humanistit uudistuvassa ty\u00f6el\u00e4m\u00e4ss\u00e4 on k\u00e4ynnistynyt!\",\"datePublished\":\"2019-10-14T07:05:34+00:00\",\"dateModified\":\"2019-10-28T08:26:53+00:00\",\"mainEntityOfPage\":{\"@id\":\"https:\\\/\\\/blogs.uef.fi\\\/humanistit-uudistuvassa-tyoelamassa\\\/2019\\\/10\\\/14\\\/humanistit-uudistuvassa-tyoelamassa-on-kaynnistynyt\\\/\"},\"wordCount\":191,\"commentCount\":0,\"keywords\":[\"uutiset\"],\"articleSection\":[\"Uutiset\"],\"inLanguage\":\"fi\",\"potentialAction\":[{\"@type\":\"CommentAction\",\"name\":\"Comment\",\"target\":[\"https:\\\/\\\/blogs.uef.fi\\\/humanistit-uudistuvassa-tyoelamassa\\\/2019\\\/10\\\/14\\\/humanistit-uudistuvassa-tyoelamassa-on-kaynnistynyt\\\/#respond\"]}]},{\"@type\":\"WebPage\",\"@id\":\"https:\\\/\\\/blogs.uef.fi\\\/humanistit-uudistuvassa-tyoelamassa\\\/2019\\\/10\\\/14\\\/humanistit-uudistuvassa-tyoelamassa-on-kaynnistynyt\\\/\",\"url\":\"https:\\\/\\\/blogs.uef.fi\\\/humanistit-uudistuvassa-tyoelamassa\\\/2019\\\/10\\\/14\\\/humanistit-uudistuvassa-tyoelamassa-on-kaynnistynyt\\\/\",\"name\":\"Humanistit uudistuvassa ty\u00f6el\u00e4m\u00e4ss\u00e4 on k\u00e4ynnistynyt! - HUMUS \u2013 Humanistit uudistuvassa ty\u00f6el\u00e4m\u00e4ss\u00e4\",\"isPartOf\":{\"@id\":\"https:\\\/\\\/blogs.uef.fi\\\/humanistit-uudistuvassa-tyoelamassa\\\/#website\"},\"datePublished\":\"2019-10-14T07:05:34+00:00\",\"dateModified\":\"2019-10-28T08:26:53+00:00\",\"author\":{\"@id\":\"https:\\\/\\\/blogs.uef.fi\\\/humanistit-uudistuvassa-tyoelamassa\\\/#\\\/schema\\\/person\\\/2a8dd39b2285e1f0f8b2a15f542fa9ff\"},\"breadcrumb\":{\"@id\":\"https:\\\/\\\/blogs.uef.fi\\\/humanistit-uudistuvassa-tyoelamassa\\\/2019\\\/10\\\/14\\\/humanistit-uudistuvassa-tyoelamassa-on-kaynnistynyt\\\/#breadcrumb\"},\"inLanguage\":\"fi\",\"potentialAction\":[{\"@type\":\"ReadAction\",\"target\":[\"https:\\\/\\\/blogs.uef.fi\\\/humanistit-uudistuvassa-tyoelamassa\\\/2019\\\/10\\\/14\\\/humanistit-uudistuvassa-tyoelamassa-on-kaynnistynyt\\\/\"]}]},{\"@type\":\"BreadcrumbList\",\"@id\":\"https:\\\/\\\/blogs.uef.fi\\\/humanistit-uudistuvassa-tyoelamassa\\\/2019\\\/10\\\/14\\\/humanistit-uudistuvassa-tyoelamassa-on-kaynnistynyt\\\/#breadcrumb\",\"itemListElement\":[{\"@type\":\"ListItem\",\"position\":1,\"name\":\"Home\",\"item\":\"https:\\\/\\\/blogs.uef.fi\\\/humanistit-uudistuvassa-tyoelamassa\\\/\"},{\"@type\":\"ListItem\",\"position\":2,\"name\":\"Humanistit uudistuvassa ty\u00f6el\u00e4m\u00e4ss\u00e4 on k\u00e4ynnistynyt!\"}]},{\"@type\":\"WebSite\",\"@id\":\"https:\\\/\\\/blogs.uef.fi\\\/humanistit-uudistuvassa-tyoelamassa\\\/#website\",\"url\":\"https:\\\/\\\/blogs.uef.fi\\\/humanistit-uudistuvassa-tyoelamassa\\\/\",\"name\":\"HUMUS \u2013 Humanistit uudistuvassa ty\u00f6el\u00e4m\u00e4ss\u00e4\",\"description\":\"\",\"potentialAction\":[{\"@type\":\"SearchAction\",\"target\":{\"@type\":\"EntryPoint\",\"urlTemplate\":\"https:\\\/\\\/blogs.uef.fi\\\/humanistit-uudistuvassa-tyoelamassa\\\/?s={search_term_string}\"},\"query-input\":{\"@type\":\"PropertyValueSpecification\",\"valueRequired\":true,\"valueName\":\"search_term_string\"}}],\"inLanguage\":\"fi\"},{\"@type\":\"Person\",\"@id\":\"https:\\\/\\\/blogs.uef.fi\\\/humanistit-uudistuvassa-tyoelamassa\\\/#\\\/schema\\\/person\\\/2a8dd39b2285e1f0f8b2a15f542fa9ff\",\"name\":\"Sini Heinoja\",\"image\":{\"@type\":\"ImageObject\",\"inLanguage\":\"fi\",\"@id\":\"https:\\\/\\\/secure.gravatar.com\\\/avatar\\\/e26b7b6234f0e3dfbe287cd2d81eea31d8a9e7d7265142f403762dfa4aa14903?s=96&d=mm&r=g\",\"url\":\"https:\\\/\\\/secure.gravatar.com\\\/avatar\\\/e26b7b6234f0e3dfbe287cd2d81eea31d8a9e7d7265142f403762dfa4aa14903?s=96&d=mm&r=g\",\"contentUrl\":\"https:\\\/\\\/secure.gravatar.com\\\/avatar\\\/e26b7b6234f0e3dfbe287cd2d81eea31d8a9e7d7265142f403762dfa4aa14903?s=96&d=mm&r=g\",\"caption\":\"Sini Heinoja\"},\"url\":\"https:\\\/\\\/blogs.uef.fi\\\/humanistit-uudistuvassa-tyoelamassa\\\/author\\\/sinihei\\\/\"}]}<\/script>\n<!-- \/ Yoast SEO plugin. -->","yoast_head_json":{"title":"Humanistit uudistuvassa ty\u00f6el\u00e4m\u00e4ss\u00e4 on k\u00e4ynnistynyt! - HUMUS \u2013 Humanistit uudistuvassa ty\u00f6el\u00e4m\u00e4ss\u00e4","robots":{"index":"index","follow":"follow","max-snippet":"max-snippet:-1","max-image-preview":"max-image-preview:large","max-video-preview":"max-video-preview:-1"},"canonical":"https:\/\/blogs.uef.fi\/humanistit-uudistuvassa-tyoelamassa\/2019\/10\/14\/humanistit-uudistuvassa-tyoelamassa-on-kaynnistynyt\/","og_locale":"fi_FI","og_type":"article","og_title":"Humanistit uudistuvassa ty\u00f6el\u00e4m\u00e4ss\u00e4 on k\u00e4ynnistynyt! - HUMUS \u2013 Humanistit uudistuvassa ty\u00f6el\u00e4m\u00e4ss\u00e4","og_description":"It\u00e4-Suomen yliopiston humanistisessa osastossa on k\u00e4ynnistynyt kolmivuotinen Humanistit uudistuvassa ty\u00f6el\u00e4m\u00e4ss\u00e4 -hanke. Hankkeen keskeinen tavoite on parantaa humanistisilla koulutusaloilla opiskelevien ja niilt\u00e4 valmistuneiden ty\u00f6el\u00e4m\u00e4yhteyksi\u00e4 erityisesti It\u00e4-Suomessa. Hankkeessa kehitet\u00e4\u00e4n muun muassa ratkaisumalleja humanistikoulutuksen ja yritysmaailman v\u00e4liseen kohtaanto-ongelmaan \u2013 siihen ett\u00e4 koulutus ei aina tunnista ty\u00f6el\u00e4m\u00e4n tarpeita eik\u00e4 ty\u00f6markkinoilla aina ole tietoa siit\u00e4, mit\u00e4 humanisti osaa. Hanke tukee [&hellip;]","og_url":"https:\/\/blogs.uef.fi\/humanistit-uudistuvassa-tyoelamassa\/2019\/10\/14\/humanistit-uudistuvassa-tyoelamassa-on-kaynnistynyt\/","og_site_name":"HUMUS \u2013 Humanistit uudistuvassa ty\u00f6el\u00e4m\u00e4ss\u00e4","article_published_time":"2019-10-14T07:05:34+00:00","article_modified_time":"2019-10-28T08:26:53+00:00","author":"Sini Heinoja","twitter_card":"summary_large_image","twitter_misc":{"Kirjoittanut":"Sini Heinoja","Arvioitu lukuaika":"1 minuutti"},"schema":{"@context":"https:\/\/schema.org","@graph":[{"@type":"Article","@id":"https:\/\/blogs.uef.fi\/humanistit-uudistuvassa-tyoelamassa\/2019\/10\/14\/humanistit-uudistuvassa-tyoelamassa-on-kaynnistynyt\/#article","isPartOf":{"@id":"https:\/\/blogs.uef.fi\/humanistit-uudistuvassa-tyoelamassa\/2019\/10\/14\/humanistit-uudistuvassa-tyoelamassa-on-kaynnistynyt\/"},"author":{"name":"Sini Heinoja","@id":"https:\/\/blogs.uef.fi\/humanistit-uudistuvassa-tyoelamassa\/#\/schema\/person\/2a8dd39b2285e1f0f8b2a15f542fa9ff"},"headline":"Humanistit uudistuvassa ty\u00f6el\u00e4m\u00e4ss\u00e4 on k\u00e4ynnistynyt!","datePublished":"2019-10-14T07:05:34+00:00","dateModified":"2019-10-28T08:26:53+00:00","mainEntityOfPage":{"@id":"https:\/\/blogs.uef.fi\/humanistit-uudistuvassa-tyoelamassa\/2019\/10\/14\/humanistit-uudistuvassa-tyoelamassa-on-kaynnistynyt\/"},"wordCount":191,"commentCount":0,"keywords":["uutiset"],"articleSection":["Uutiset"],"inLanguage":"fi","potentialAction":[{"@type":"CommentAction","name":"Comment","target":["https:\/\/blogs.uef.fi\/humanistit-uudistuvassa-tyoelamassa\/2019\/10\/14\/humanistit-uudistuvassa-tyoelamassa-on-kaynnistynyt\/#respond"]}]},{"@type":"WebPage","@id":"https:\/\/blogs.uef.fi\/humanistit-uudistuvassa-tyoelamassa\/2019\/10\/14\/humanistit-uudistuvassa-tyoelamassa-on-kaynnistynyt\/","url":"https:\/\/blogs.uef.fi\/humanistit-uudistuvassa-tyoelamassa\/2019\/10\/14\/humanistit-uudistuvassa-tyoelamassa-on-kaynnistynyt\/","name":"Humanistit uudistuvassa ty\u00f6el\u00e4m\u00e4ss\u00e4 on k\u00e4ynnistynyt! - HUMUS \u2013 Humanistit uudistuvassa ty\u00f6el\u00e4m\u00e4ss\u00e4","isPartOf":{"@id":"https:\/\/blogs.uef.fi\/humanistit-uudistuvassa-tyoelamassa\/#website"},"datePublished":"2019-10-14T07:05:34+00:00","dateModified":"2019-10-28T08:26:53+00:00","author":{"@id":"https:\/\/blogs.uef.fi\/humanistit-uudistuvassa-tyoelamassa\/#\/schema\/person\/2a8dd39b2285e1f0f8b2a15f542fa9ff"},"breadcrumb":{"@id":"https:\/\/blogs.uef.fi\/humanistit-uudistuvassa-tyoelamassa\/2019\/10\/14\/humanistit-uudistuvassa-tyoelamassa-on-kaynnistynyt\/#breadcrumb"},"inLanguage":"fi","potentialAction":[{"@type":"ReadAction","target":["https:\/\/blogs.uef.fi\/humanistit-uudistuvassa-tyoelamassa\/2019\/10\/14\/humanistit-uudistuvassa-tyoelamassa-on-kaynnistynyt\/"]}]},{"@type":"BreadcrumbList","@id":"https:\/\/blogs.uef.fi\/humanistit-uudistuvassa-tyoelamassa\/2019\/10\/14\/humanistit-uudistuvassa-tyoelamassa-on-kaynnistynyt\/#breadcrumb","itemListElement":[{"@type":"ListItem","position":1,"name":"Home","item":"https:\/\/blogs.uef.fi\/humanistit-uudistuvassa-tyoelamassa\/"},{"@type":"ListItem","position":2,"name":"Humanistit uudistuvassa ty\u00f6el\u00e4m\u00e4ss\u00e4 on k\u00e4ynnistynyt!"}]},{"@type":"WebSite","@id":"https:\/\/blogs.uef.fi\/humanistit-uudistuvassa-tyoelamassa\/#website","url":"https:\/\/blogs.uef.fi\/humanistit-uudistuvassa-tyoelamassa\/","name":"HUMUS \u2013 Humanistit uudistuvassa ty\u00f6el\u00e4m\u00e4ss\u00e4","description":"","potentialAction":[{"@type":"SearchAction","target":{"@type":"EntryPoint","urlTemplate":"https:\/\/blogs.uef.fi\/humanistit-uudistuvassa-tyoelamassa\/?s={search_term_string}"},"query-input":{"@type":"PropertyValueSpecification","valueRequired":true,"valueName":"search_term_string"}}],"inLanguage":"fi"},{"@type":"Person","@id":"https:\/\/blogs.uef.fi\/humanistit-uudistuvassa-tyoelamassa\/#\/schema\/person\/2a8dd39b2285e1f0f8b2a15f542fa9ff","name":"Sini Heinoja","image":{"@type":"ImageObject","inLanguage":"fi","@id":"https:\/\/secure.gravatar.com\/avatar\/e26b7b6234f0e3dfbe287cd2d81eea31d8a9e7d7265142f403762dfa4aa14903?s=96&d=mm&r=g","url":"https:\/\/secure.gravatar.com\/avatar\/e26b7b6234f0e3dfbe287cd2d81eea31d8a9e7d7265142f403762dfa4aa14903?s=96&d=mm&r=g","contentUrl":"https:\/\/secure.gravatar.com\/avatar\/e26b7b6234f0e3dfbe287cd2d81eea31d8a9e7d7265142f403762dfa4aa14903?s=96&d=mm&r=g","caption":"Sini Heinoja"},"url":"https:\/\/blogs.uef.fi\/humanistit-uudistuvassa-tyoelamassa\/author\/sinihei\/"}]}},"_links":{"self":[{"href":"https:\/\/blogs.uef.fi\/humanistit-uudistuvassa-tyoelamassa\/wp-json\/wp\/v2\/posts\/61","targetHints":{"allow":["GET"]}}],"collection":[{"href":"https:\/\/blogs.uef.fi\/humanistit-uudistuvassa-tyoelamassa\/wp-json\/wp\/v2\/posts"}],"about":[{"href":"https:\/\/blogs.uef.fi\/humanistit-uudistuvassa-tyoelamassa\/wp-json\/wp\/v2\/types\/post"}],"author":[{"embeddable":true,"href":"https:\/\/blogs.uef.fi\/humanistit-uudistuvassa-tyoelamassa\/wp-json\/wp\/v2\/users\/285"}],"replies":[{"embeddable":true,"href":"https:\/\/blogs.uef.fi\/humanistit-uudistuvassa-tyoelamassa\/wp-json\/wp\/v2\/comments?post=61"}],"version-history":[{"count":2,"href":"https:\/\/blogs.uef.fi\/humanistit-uudistuvassa-tyoelamassa\/wp-json\/wp\/v2\/posts\/61\/revisions"}],"predecessor-version":[{"id":83,"href":"https:\/\/blogs.uef.fi\/humanistit-uudistuvassa-tyoelamassa\/wp-json\/wp\/v2\/posts\/61\/revisions\/83"}],"wp:attachment":[{"href":"https:\/\/blogs.uef.fi\/humanistit-uudistuvassa-tyoelamassa\/wp-json\/wp\/v2\/media?parent=61"}],"wp:term":[{"taxonomy":"category","embeddable":true,"href":"https:\/\/blogs.uef.fi\/humanistit-uudistuvassa-tyoelamassa\/wp-json\/wp\/v2\/categories?post=61"},{"taxonomy":"post_tag","embeddable":true,"href":"https:\/\/blogs.uef.fi\/humanistit-uudistuvassa-tyoelamassa\/wp-json\/wp\/v2\/tags?post=61"}],"curies":[{"name":"wp","href":"https:\/\/api.w.org\/{rel}","templated":true}]}}