{"id":537,"date":"2020-04-20T06:36:08","date_gmt":"2020-04-20T06:36:08","guid":{"rendered":"https:\/\/blogs.uef.fi\/humanistit-uudistuvassa-tyoelamassa\/?p=537"},"modified":"2020-10-01T08:54:53","modified_gmt":"2020-10-01T08:54:53","slug":"opiskelijoilta-etaopiskelu-valmentaa-etatyoskentelyyn","status":"publish","type":"post","link":"https:\/\/blogs.uef.fi\/humanistit-uudistuvassa-tyoelamassa\/2020\/04\/20\/opiskelijoilta-etaopiskelu-valmentaa-etatyoskentelyyn\/","title":{"rendered":"Opiskelijoilta: Et\u00e4opiskelu valmentaa et\u00e4ty\u00f6skentelyyn"},"content":{"rendered":"<p><span data-contrast=\"auto\">E<\/span><span data-contrast=\"auto\">rikoiset ajat ovat tuoneet <\/span><span data-contrast=\"auto\">varmasti monille <\/span><span data-contrast=\"auto\">erikoisia haasteita.<\/span> <span data-contrast=\"auto\">Monilla ty\u00f6paikoilla<\/span><span data-contrast=\"auto\"> on todettu, <\/span><span data-contrast=\"auto\">ett\u00e4 teht\u00e4vien hoitaminen onnistuu my\u00f6s <\/span><span data-contrast=\"auto\">et\u00e4n\u00e4<\/span> <span data-contrast=\"auto\">\u2013 <\/span><span data-contrast=\"auto\">niin on my\u00f6s yliopisto-opintojen laita<\/span><span data-contrast=\"auto\">.<\/span><span data-contrast=\"auto\">\u00a0<\/span><span data-ccp-props=\"{&quot;201341983&quot;:0,&quot;335551550&quot;:6,&quot;335551620&quot;:6,&quot;335559739&quot;:160,&quot;335559740&quot;:360}\">\u00a0<\/span><\/p>\n<p><span data-contrast=\"auto\">Humanististen alojen opiskelijat ovat kuitenkin onneksi tottuneet ty\u00f6skentelem\u00e4\u00e4n hyvin itsen\u00e4isesti.<\/span> <span data-contrast=\"auto\">Monet kurssit ja hankkeet kehitt\u00e4v\u00e4t taitoja, joita on tarvittu etenkin viime aikoina. <\/span><span data-contrast=\"auto\">Oma-aloitteisuus ja itsekuri ovat tarpeellisia, jotta asiat tulevat hoidetuksi ajallaan my\u00f6s ilman valvontaa.\u00a0<\/span><span data-ccp-props=\"{&quot;201341983&quot;:0,&quot;335551550&quot;:6,&quot;335551620&quot;:6,&quot;335559739&quot;:160,&quot;335559740&quot;:360}\">\u00a0<\/span><\/p>\n<p><span data-contrast=\"auto\">Projektien toteuttaminen et\u00e4n\u00e4 vaatii teknologiataitoja, yhteisten aikataulujen laatimista ja niiss\u00e4 pysymist\u00e4 sek\u00e4 ennen kaikkea kyky\u00e4 kommunikoida muiden kanssa ja olla joustava sit\u00e4 vaativissa yhteisty\u00f6tilanteissa. Opintojen suorittaminen edellytt\u00e4\u00e4 my\u00f6s pitk\u00e4j\u00e4nteisyytt\u00e4, sitoutumista sek\u00e4 itseens\u00e4 luottamista.\u00a0<\/span><span data-ccp-props=\"{&quot;201341983&quot;:0,&quot;335551550&quot;:6,&quot;335551620&quot;:6,&quot;335559739&quot;:160,&quot;335559740&quot;:360}\">\u00a0<\/span><\/p>\n<p><span data-contrast=\"auto\">Opiskeluaika kehitt\u00e4\u00e4 jo valmiiksi kaikkia n\u00e4it\u00e4 edell\u00e4 mainittuja taitoja, mutta uusi, v\u00e4liaikainen ty\u00f6ymp\u00e4rist\u00f6 tuo niihin uudenlaisia haasteita. Parasta on kuitenkin koettaa suhtautua tilanteeseen oppimiskokemuksena, jonka aikana voi kehitt\u00e4\u00e4 taitoja, joita ei ole p\u00e4\u00e4ssyt hy\u00f6dynt\u00e4m\u00e4\u00e4n aiemmin samalla tavalla.\u00a0<\/span><span data-ccp-props=\"{&quot;201341983&quot;:0,&quot;335551550&quot;:6,&quot;335551620&quot;:6,&quot;335559739&quot;:160,&quot;335559740&quot;:360}\">\u00a0<\/span><\/p>\n<p><span data-contrast=\"auto\">J<\/span><span data-contrast=\"auto\">oillekin opiskelijoille <\/span><span data-contrast=\"auto\">et\u00e4opiskelu <\/span><span data-contrast=\"auto\">on ollut enemm\u00e4n tai v\u00e4hem<\/span><span data-contrast=\"auto\">m\u00e4n todellisuutta jo <\/span><span data-contrast=\"auto\">aiemmin<\/span><span data-contrast=\"auto\">, mik\u00e4 <\/span><span data-contrast=\"auto\">tarkoittaa k\u00e4yt\u00e4nn\u00f6ss\u00e4 et\u00e4seminaareihin ja <\/span><span data-contrast=\"auto\">&#8211;<\/span><span data-contrast=\"auto\">luennoille osallistumista, esseiden ja opinn\u00e4ytteiden kirjoittamista, tentteihin lukemista sek\u00e4 ryhm\u00e4t\u00f6iden parissa ty\u00f6skentely\u00e4.<\/span> <span data-contrast=\"auto\">T<\/span><span data-contrast=\"auto\">oisille taas siirtyminen yksinomaan et\u00e4opiskeluun on ollut haasteellisempaa. <\/span><span data-contrast=\"auto\">E<\/span><span data-contrast=\"auto\">rityisolot <\/span><span data-contrast=\"auto\">koettelevat<\/span><span data-contrast=\"auto\"> kuitenkin<\/span><span data-contrast=\"auto\"> meit\u00e4 kaikkia, mik\u00e4 vaatii sopeutumista uudenlaiseen tilanteeseen.<\/span><span data-ccp-props=\"{&quot;201341983&quot;:0,&quot;335551550&quot;:6,&quot;335551620&quot;:6,&quot;335559739&quot;:160,&quot;335559740&quot;:360}\">\u00a0<\/span><\/p>\n<p><span data-contrast=\"auto\">Vaadittaviin muutoksiin on t\u00e4ytynyt vastata hyvin nopeasti, joten vaihtoehtoisia toimintatapoja onkin kehitetty ja ideoitu runsaasti viime aikoina. Itsen\u00e4inen opiskelu ei ole aiheuttanut pelk\u00e4st\u00e4\u00e4n haasteita, sill\u00e4 <\/span><span data-contrast=\"auto\">se antaa opiskelij<\/span><span data-contrast=\"auto\">oille <\/span><span data-contrast=\"auto\">enem<\/span><span data-contrast=\"auto\">m\u00e4n tiettyj\u00e4 vapauksia<\/span><span data-contrast=\"auto\">, kuten mahdollisuuden aikatauluttaa p\u00e4iv\u00e4ns\u00e4 haluamallaan tavalla. Ihmiset <\/span><span data-contrast=\"auto\">my\u00f6s <\/span><span data-contrast=\"auto\">oppivat eri<\/span><span data-contrast=\"auto\">laisilla<\/span> <span data-contrast=\"auto\">tav<\/span><span data-contrast=\"auto\">oi<\/span><span data-contrast=\"auto\">lla ja <\/span><span data-contrast=\"auto\">pit\u00e4v\u00e4t erilaisista ty\u00f6skentelytavoista, ja toiset voivat kokea <\/span><span data-contrast=\"auto\">esimerkiksi kodin yliopistoa tai <\/span><span data-contrast=\"auto\">perinteist\u00e4 toimistoa m<\/span><span data-contrast=\"auto\">iellytt\u00e4v\u00e4mp\u00e4n\u00e4 ty\u00f6skentely-ymp\u00e4rist\u00f6n\u00e4.<\/span><span data-contrast=\"auto\">\u00a0<\/span><span data-ccp-props=\"{&quot;201341983&quot;:0,&quot;335551550&quot;:6,&quot;335551620&quot;:6,&quot;335559739&quot;:160,&quot;335559740&quot;:360}\">\u00a0<\/span><\/p>\n<p><span data-contrast=\"auto\">Humanistien osaaminen ei ole <\/span><span data-contrast=\"auto\">samalla tavalla paikkasidonnaista kuin mon<\/span><span data-contrast=\"auto\">i<\/span><span data-contrast=\"auto\">en mu<\/span><span data-contrast=\"auto\">iden<\/span> <span data-contrast=\"auto\">alojen <\/span><span data-contrast=\"auto\">osaajien<\/span><span data-contrast=\"auto\">. Taitomme kulkevat<\/span><span data-contrast=\"auto\"> mukana<\/span><span data-contrast=\"auto\">mme<\/span><span data-contrast=\"auto\"> paikasta toiseen siir<\/span><span data-contrast=\"auto\">tyess\u00e4mme<\/span><span data-contrast=\"auto\"> tai kotona t<\/span><span data-contrast=\"auto\">y\u00f6skennelless\u00e4mme<\/span><span data-contrast=\"auto\">.<\/span><span data-contrast=\"auto\"> Esimerkiksi<\/span><span data-contrast=\"auto\"> tekstin tuottaminen tai projektinhallinta<\/span><span data-contrast=\"auto\"> luonnistuu <\/span><span data-contrast=\"auto\">muuallakin kuin konttorissa istuen. <\/span><span data-contrast=\"auto\">Humanistit osaavat my\u00f6s siirty\u00e4 <\/span><span data-contrast=\"auto\">joustavasti <\/span><span data-contrast=\"auto\">teht\u00e4v\u00e4st\u00e4 toiseen<\/span><span data-contrast=\"auto\"> ja vaihtaa painopistett\u00e4 <\/span><span data-contrast=\"auto\">nope<\/span><span data-contrast=\"auto\">asti<\/span><span data-contrast=\"auto\"> teht\u00e4vien v\u00e4lill\u00e4.\u00a0<\/span><span data-ccp-props=\"{&quot;201341983&quot;:0,&quot;335551550&quot;:6,&quot;335551620&quot;:6,&quot;335559739&quot;:160,&quot;335559740&quot;:360}\">\u00a0<\/span><\/p>\n<p><span data-contrast=\"auto\">Monet taidoista, jotka korostuvat itsen\u00e4isesti toimiessa, heijastuvat kuitenkin my\u00f6s perinteiseen ty\u00f6skentelyyn. Ne onkin helppo ottaa toimintatapoina ja taitoina mukaan takaisin konttorille tai vaikkapa tien p\u00e4\u00e4lle.<\/span><span data-contrast=\"auto\">\u00a0<\/span><span data-ccp-props=\"{&quot;201341983&quot;:0,&quot;335551550&quot;:6,&quot;335551620&quot;:6,&quot;335559739&quot;:160,&quot;335559740&quot;:360}\">\u00a0<\/span><\/p>\n<p><span data-contrast=\"auto\">\u2013 HUMUS-opiskelijaty\u00f6ryhm\u00e4n j\u00e4senet<strong> Noora Hanhineva<\/strong> (kulttuurintutkimuksen koulutusohjelma, sukupuolentutkimus) &amp; <strong>Anssi Turunen<\/strong> (asiakirjahallinnan ja arkistoalan maisteriohjelma, historia)<\/span><span data-ccp-props=\"{&quot;201341983&quot;:0,&quot;335551550&quot;:6,&quot;335551620&quot;:6,&quot;335559739&quot;:160,&quot;335559740&quot;:360}\">\u00a0<\/span><\/p>\n","protected":false},"excerpt":{"rendered":"<p>Erikoiset ajat ovat tuoneet varmasti monille erikoisia haasteita. Monilla ty\u00f6paikoilla on todettu, ett\u00e4 teht\u00e4vien hoitaminen onnistuu my\u00f6s et\u00e4n\u00e4 \u2013 niin on my\u00f6s yliopisto-opintojen laita.\u00a0\u00a0 Humanististen alojen opiskelijat ovat kuitenkin onneksi tottuneet ty\u00f6skentelem\u00e4\u00e4n hyvin itsen\u00e4isesti. Monet kurssit ja hankkeet kehitt\u00e4v\u00e4t taitoja, joita on tarvittu etenkin viime aikoina. Oma-aloitteisuus ja itsekuri ovat tarpeellisia, jotta asiat tulevat hoidetuksi [&hellip;]<\/p>\n","protected":false},"author":285,"featured_media":0,"comment_status":"open","ping_status":"open","sticky":false,"template":"","format":"standard","meta":{"_acf_changed":false,"footnotes":""},"categories":[17],"tags":[],"class_list":["post-537","post","type-post","status-publish","format-standard","hentry","category-opiskelijoilta"],"acf":[],"yoast_head":"<!-- This site is optimized with the Yoast SEO plugin v27.3 - https:\/\/yoast.com\/product\/yoast-seo-wordpress\/ -->\n<title>Opiskelijoilta: Et\u00e4opiskelu valmentaa et\u00e4ty\u00f6skentelyyn - HUMUS \u2013 Humanistit uudistuvassa ty\u00f6el\u00e4m\u00e4ss\u00e4<\/title>\n<meta name=\"robots\" content=\"index, follow, max-snippet:-1, max-image-preview:large, max-video-preview:-1\" \/>\n<link rel=\"canonical\" href=\"https:\/\/blogs.uef.fi\/humanistit-uudistuvassa-tyoelamassa\/2020\/04\/20\/opiskelijoilta-etaopiskelu-valmentaa-etatyoskentelyyn\/\" \/>\n<meta property=\"og:locale\" content=\"fi_FI\" \/>\n<meta property=\"og:type\" content=\"article\" \/>\n<meta property=\"og:title\" content=\"Opiskelijoilta: Et\u00e4opiskelu valmentaa et\u00e4ty\u00f6skentelyyn - HUMUS \u2013 Humanistit uudistuvassa ty\u00f6el\u00e4m\u00e4ss\u00e4\" \/>\n<meta property=\"og:description\" content=\"Erikoiset ajat ovat tuoneet varmasti monille erikoisia haasteita. Monilla ty\u00f6paikoilla on todettu, ett\u00e4 teht\u00e4vien hoitaminen onnistuu my\u00f6s et\u00e4n\u00e4 \u2013 niin on my\u00f6s yliopisto-opintojen laita.\u00a0\u00a0 Humanististen alojen opiskelijat ovat kuitenkin onneksi tottuneet ty\u00f6skentelem\u00e4\u00e4n hyvin itsen\u00e4isesti. Monet kurssit ja hankkeet kehitt\u00e4v\u00e4t taitoja, joita on tarvittu etenkin viime aikoina. Oma-aloitteisuus ja itsekuri ovat tarpeellisia, jotta asiat tulevat hoidetuksi [&hellip;]\" \/>\n<meta property=\"og:url\" content=\"https:\/\/blogs.uef.fi\/humanistit-uudistuvassa-tyoelamassa\/2020\/04\/20\/opiskelijoilta-etaopiskelu-valmentaa-etatyoskentelyyn\/\" \/>\n<meta property=\"og:site_name\" content=\"HUMUS \u2013 Humanistit uudistuvassa ty\u00f6el\u00e4m\u00e4ss\u00e4\" \/>\n<meta property=\"article:published_time\" content=\"2020-04-20T06:36:08+00:00\" \/>\n<meta property=\"article:modified_time\" content=\"2020-10-01T08:54:53+00:00\" \/>\n<meta name=\"author\" content=\"Sini Heinoja\" \/>\n<meta name=\"twitter:card\" content=\"summary_large_image\" \/>\n<meta name=\"twitter:label1\" content=\"Kirjoittanut\" \/>\n\t<meta name=\"twitter:data1\" content=\"Sini Heinoja\" \/>\n\t<meta name=\"twitter:label2\" content=\"Arvioitu lukuaika\" \/>\n\t<meta name=\"twitter:data2\" content=\"2 minuuttia\" \/>\n<script type=\"application\/ld+json\" class=\"yoast-schema-graph\">{\"@context\":\"https:\\\/\\\/schema.org\",\"@graph\":[{\"@type\":\"Article\",\"@id\":\"https:\\\/\\\/blogs.uef.fi\\\/humanistit-uudistuvassa-tyoelamassa\\\/2020\\\/04\\\/20\\\/opiskelijoilta-etaopiskelu-valmentaa-etatyoskentelyyn\\\/#article\",\"isPartOf\":{\"@id\":\"https:\\\/\\\/blogs.uef.fi\\\/humanistit-uudistuvassa-tyoelamassa\\\/2020\\\/04\\\/20\\\/opiskelijoilta-etaopiskelu-valmentaa-etatyoskentelyyn\\\/\"},\"author\":{\"name\":\"Sini Heinoja\",\"@id\":\"https:\\\/\\\/blogs.uef.fi\\\/humanistit-uudistuvassa-tyoelamassa\\\/#\\\/schema\\\/person\\\/2a8dd39b2285e1f0f8b2a15f542fa9ff\"},\"headline\":\"Opiskelijoilta: Et\u00e4opiskelu valmentaa et\u00e4ty\u00f6skentelyyn\",\"datePublished\":\"2020-04-20T06:36:08+00:00\",\"dateModified\":\"2020-10-01T08:54:53+00:00\",\"mainEntityOfPage\":{\"@id\":\"https:\\\/\\\/blogs.uef.fi\\\/humanistit-uudistuvassa-tyoelamassa\\\/2020\\\/04\\\/20\\\/opiskelijoilta-etaopiskelu-valmentaa-etatyoskentelyyn\\\/\"},\"wordCount\":411,\"commentCount\":0,\"articleSection\":[\"Opiskelijoilta\"],\"inLanguage\":\"fi\",\"potentialAction\":[{\"@type\":\"CommentAction\",\"name\":\"Comment\",\"target\":[\"https:\\\/\\\/blogs.uef.fi\\\/humanistit-uudistuvassa-tyoelamassa\\\/2020\\\/04\\\/20\\\/opiskelijoilta-etaopiskelu-valmentaa-etatyoskentelyyn\\\/#respond\"]}]},{\"@type\":\"WebPage\",\"@id\":\"https:\\\/\\\/blogs.uef.fi\\\/humanistit-uudistuvassa-tyoelamassa\\\/2020\\\/04\\\/20\\\/opiskelijoilta-etaopiskelu-valmentaa-etatyoskentelyyn\\\/\",\"url\":\"https:\\\/\\\/blogs.uef.fi\\\/humanistit-uudistuvassa-tyoelamassa\\\/2020\\\/04\\\/20\\\/opiskelijoilta-etaopiskelu-valmentaa-etatyoskentelyyn\\\/\",\"name\":\"Opiskelijoilta: Et\u00e4opiskelu valmentaa et\u00e4ty\u00f6skentelyyn - HUMUS \u2013 Humanistit uudistuvassa ty\u00f6el\u00e4m\u00e4ss\u00e4\",\"isPartOf\":{\"@id\":\"https:\\\/\\\/blogs.uef.fi\\\/humanistit-uudistuvassa-tyoelamassa\\\/#website\"},\"datePublished\":\"2020-04-20T06:36:08+00:00\",\"dateModified\":\"2020-10-01T08:54:53+00:00\",\"author\":{\"@id\":\"https:\\\/\\\/blogs.uef.fi\\\/humanistit-uudistuvassa-tyoelamassa\\\/#\\\/schema\\\/person\\\/2a8dd39b2285e1f0f8b2a15f542fa9ff\"},\"breadcrumb\":{\"@id\":\"https:\\\/\\\/blogs.uef.fi\\\/humanistit-uudistuvassa-tyoelamassa\\\/2020\\\/04\\\/20\\\/opiskelijoilta-etaopiskelu-valmentaa-etatyoskentelyyn\\\/#breadcrumb\"},\"inLanguage\":\"fi\",\"potentialAction\":[{\"@type\":\"ReadAction\",\"target\":[\"https:\\\/\\\/blogs.uef.fi\\\/humanistit-uudistuvassa-tyoelamassa\\\/2020\\\/04\\\/20\\\/opiskelijoilta-etaopiskelu-valmentaa-etatyoskentelyyn\\\/\"]}]},{\"@type\":\"BreadcrumbList\",\"@id\":\"https:\\\/\\\/blogs.uef.fi\\\/humanistit-uudistuvassa-tyoelamassa\\\/2020\\\/04\\\/20\\\/opiskelijoilta-etaopiskelu-valmentaa-etatyoskentelyyn\\\/#breadcrumb\",\"itemListElement\":[{\"@type\":\"ListItem\",\"position\":1,\"name\":\"Home\",\"item\":\"https:\\\/\\\/blogs.uef.fi\\\/humanistit-uudistuvassa-tyoelamassa\\\/\"},{\"@type\":\"ListItem\",\"position\":2,\"name\":\"Opiskelijoilta: Et\u00e4opiskelu valmentaa et\u00e4ty\u00f6skentelyyn\"}]},{\"@type\":\"WebSite\",\"@id\":\"https:\\\/\\\/blogs.uef.fi\\\/humanistit-uudistuvassa-tyoelamassa\\\/#website\",\"url\":\"https:\\\/\\\/blogs.uef.fi\\\/humanistit-uudistuvassa-tyoelamassa\\\/\",\"name\":\"HUMUS \u2013 Humanistit uudistuvassa ty\u00f6el\u00e4m\u00e4ss\u00e4\",\"description\":\"\",\"potentialAction\":[{\"@type\":\"SearchAction\",\"target\":{\"@type\":\"EntryPoint\",\"urlTemplate\":\"https:\\\/\\\/blogs.uef.fi\\\/humanistit-uudistuvassa-tyoelamassa\\\/?s={search_term_string}\"},\"query-input\":{\"@type\":\"PropertyValueSpecification\",\"valueRequired\":true,\"valueName\":\"search_term_string\"}}],\"inLanguage\":\"fi\"},{\"@type\":\"Person\",\"@id\":\"https:\\\/\\\/blogs.uef.fi\\\/humanistit-uudistuvassa-tyoelamassa\\\/#\\\/schema\\\/person\\\/2a8dd39b2285e1f0f8b2a15f542fa9ff\",\"name\":\"Sini Heinoja\",\"image\":{\"@type\":\"ImageObject\",\"inLanguage\":\"fi\",\"@id\":\"https:\\\/\\\/secure.gravatar.com\\\/avatar\\\/e26b7b6234f0e3dfbe287cd2d81eea31d8a9e7d7265142f403762dfa4aa14903?s=96&d=mm&r=g\",\"url\":\"https:\\\/\\\/secure.gravatar.com\\\/avatar\\\/e26b7b6234f0e3dfbe287cd2d81eea31d8a9e7d7265142f403762dfa4aa14903?s=96&d=mm&r=g\",\"contentUrl\":\"https:\\\/\\\/secure.gravatar.com\\\/avatar\\\/e26b7b6234f0e3dfbe287cd2d81eea31d8a9e7d7265142f403762dfa4aa14903?s=96&d=mm&r=g\",\"caption\":\"Sini Heinoja\"},\"url\":\"https:\\\/\\\/blogs.uef.fi\\\/humanistit-uudistuvassa-tyoelamassa\\\/author\\\/sinihei\\\/\"}]}<\/script>\n<!-- \/ Yoast SEO plugin. -->","yoast_head_json":{"title":"Opiskelijoilta: Et\u00e4opiskelu valmentaa et\u00e4ty\u00f6skentelyyn - HUMUS \u2013 Humanistit uudistuvassa ty\u00f6el\u00e4m\u00e4ss\u00e4","robots":{"index":"index","follow":"follow","max-snippet":"max-snippet:-1","max-image-preview":"max-image-preview:large","max-video-preview":"max-video-preview:-1"},"canonical":"https:\/\/blogs.uef.fi\/humanistit-uudistuvassa-tyoelamassa\/2020\/04\/20\/opiskelijoilta-etaopiskelu-valmentaa-etatyoskentelyyn\/","og_locale":"fi_FI","og_type":"article","og_title":"Opiskelijoilta: Et\u00e4opiskelu valmentaa et\u00e4ty\u00f6skentelyyn - HUMUS \u2013 Humanistit uudistuvassa ty\u00f6el\u00e4m\u00e4ss\u00e4","og_description":"Erikoiset ajat ovat tuoneet varmasti monille erikoisia haasteita. Monilla ty\u00f6paikoilla on todettu, ett\u00e4 teht\u00e4vien hoitaminen onnistuu my\u00f6s et\u00e4n\u00e4 \u2013 niin on my\u00f6s yliopisto-opintojen laita.\u00a0\u00a0 Humanististen alojen opiskelijat ovat kuitenkin onneksi tottuneet ty\u00f6skentelem\u00e4\u00e4n hyvin itsen\u00e4isesti. Monet kurssit ja hankkeet kehitt\u00e4v\u00e4t taitoja, joita on tarvittu etenkin viime aikoina. Oma-aloitteisuus ja itsekuri ovat tarpeellisia, jotta asiat tulevat hoidetuksi [&hellip;]","og_url":"https:\/\/blogs.uef.fi\/humanistit-uudistuvassa-tyoelamassa\/2020\/04\/20\/opiskelijoilta-etaopiskelu-valmentaa-etatyoskentelyyn\/","og_site_name":"HUMUS \u2013 Humanistit uudistuvassa ty\u00f6el\u00e4m\u00e4ss\u00e4","article_published_time":"2020-04-20T06:36:08+00:00","article_modified_time":"2020-10-01T08:54:53+00:00","author":"Sini Heinoja","twitter_card":"summary_large_image","twitter_misc":{"Kirjoittanut":"Sini Heinoja","Arvioitu lukuaika":"2 minuuttia"},"schema":{"@context":"https:\/\/schema.org","@graph":[{"@type":"Article","@id":"https:\/\/blogs.uef.fi\/humanistit-uudistuvassa-tyoelamassa\/2020\/04\/20\/opiskelijoilta-etaopiskelu-valmentaa-etatyoskentelyyn\/#article","isPartOf":{"@id":"https:\/\/blogs.uef.fi\/humanistit-uudistuvassa-tyoelamassa\/2020\/04\/20\/opiskelijoilta-etaopiskelu-valmentaa-etatyoskentelyyn\/"},"author":{"name":"Sini Heinoja","@id":"https:\/\/blogs.uef.fi\/humanistit-uudistuvassa-tyoelamassa\/#\/schema\/person\/2a8dd39b2285e1f0f8b2a15f542fa9ff"},"headline":"Opiskelijoilta: Et\u00e4opiskelu valmentaa et\u00e4ty\u00f6skentelyyn","datePublished":"2020-04-20T06:36:08+00:00","dateModified":"2020-10-01T08:54:53+00:00","mainEntityOfPage":{"@id":"https:\/\/blogs.uef.fi\/humanistit-uudistuvassa-tyoelamassa\/2020\/04\/20\/opiskelijoilta-etaopiskelu-valmentaa-etatyoskentelyyn\/"},"wordCount":411,"commentCount":0,"articleSection":["Opiskelijoilta"],"inLanguage":"fi","potentialAction":[{"@type":"CommentAction","name":"Comment","target":["https:\/\/blogs.uef.fi\/humanistit-uudistuvassa-tyoelamassa\/2020\/04\/20\/opiskelijoilta-etaopiskelu-valmentaa-etatyoskentelyyn\/#respond"]}]},{"@type":"WebPage","@id":"https:\/\/blogs.uef.fi\/humanistit-uudistuvassa-tyoelamassa\/2020\/04\/20\/opiskelijoilta-etaopiskelu-valmentaa-etatyoskentelyyn\/","url":"https:\/\/blogs.uef.fi\/humanistit-uudistuvassa-tyoelamassa\/2020\/04\/20\/opiskelijoilta-etaopiskelu-valmentaa-etatyoskentelyyn\/","name":"Opiskelijoilta: Et\u00e4opiskelu valmentaa et\u00e4ty\u00f6skentelyyn - HUMUS \u2013 Humanistit uudistuvassa ty\u00f6el\u00e4m\u00e4ss\u00e4","isPartOf":{"@id":"https:\/\/blogs.uef.fi\/humanistit-uudistuvassa-tyoelamassa\/#website"},"datePublished":"2020-04-20T06:36:08+00:00","dateModified":"2020-10-01T08:54:53+00:00","author":{"@id":"https:\/\/blogs.uef.fi\/humanistit-uudistuvassa-tyoelamassa\/#\/schema\/person\/2a8dd39b2285e1f0f8b2a15f542fa9ff"},"breadcrumb":{"@id":"https:\/\/blogs.uef.fi\/humanistit-uudistuvassa-tyoelamassa\/2020\/04\/20\/opiskelijoilta-etaopiskelu-valmentaa-etatyoskentelyyn\/#breadcrumb"},"inLanguage":"fi","potentialAction":[{"@type":"ReadAction","target":["https:\/\/blogs.uef.fi\/humanistit-uudistuvassa-tyoelamassa\/2020\/04\/20\/opiskelijoilta-etaopiskelu-valmentaa-etatyoskentelyyn\/"]}]},{"@type":"BreadcrumbList","@id":"https:\/\/blogs.uef.fi\/humanistit-uudistuvassa-tyoelamassa\/2020\/04\/20\/opiskelijoilta-etaopiskelu-valmentaa-etatyoskentelyyn\/#breadcrumb","itemListElement":[{"@type":"ListItem","position":1,"name":"Home","item":"https:\/\/blogs.uef.fi\/humanistit-uudistuvassa-tyoelamassa\/"},{"@type":"ListItem","position":2,"name":"Opiskelijoilta: Et\u00e4opiskelu valmentaa et\u00e4ty\u00f6skentelyyn"}]},{"@type":"WebSite","@id":"https:\/\/blogs.uef.fi\/humanistit-uudistuvassa-tyoelamassa\/#website","url":"https:\/\/blogs.uef.fi\/humanistit-uudistuvassa-tyoelamassa\/","name":"HUMUS \u2013 Humanistit uudistuvassa ty\u00f6el\u00e4m\u00e4ss\u00e4","description":"","potentialAction":[{"@type":"SearchAction","target":{"@type":"EntryPoint","urlTemplate":"https:\/\/blogs.uef.fi\/humanistit-uudistuvassa-tyoelamassa\/?s={search_term_string}"},"query-input":{"@type":"PropertyValueSpecification","valueRequired":true,"valueName":"search_term_string"}}],"inLanguage":"fi"},{"@type":"Person","@id":"https:\/\/blogs.uef.fi\/humanistit-uudistuvassa-tyoelamassa\/#\/schema\/person\/2a8dd39b2285e1f0f8b2a15f542fa9ff","name":"Sini Heinoja","image":{"@type":"ImageObject","inLanguage":"fi","@id":"https:\/\/secure.gravatar.com\/avatar\/e26b7b6234f0e3dfbe287cd2d81eea31d8a9e7d7265142f403762dfa4aa14903?s=96&d=mm&r=g","url":"https:\/\/secure.gravatar.com\/avatar\/e26b7b6234f0e3dfbe287cd2d81eea31d8a9e7d7265142f403762dfa4aa14903?s=96&d=mm&r=g","contentUrl":"https:\/\/secure.gravatar.com\/avatar\/e26b7b6234f0e3dfbe287cd2d81eea31d8a9e7d7265142f403762dfa4aa14903?s=96&d=mm&r=g","caption":"Sini Heinoja"},"url":"https:\/\/blogs.uef.fi\/humanistit-uudistuvassa-tyoelamassa\/author\/sinihei\/"}]}},"_links":{"self":[{"href":"https:\/\/blogs.uef.fi\/humanistit-uudistuvassa-tyoelamassa\/wp-json\/wp\/v2\/posts\/537","targetHints":{"allow":["GET"]}}],"collection":[{"href":"https:\/\/blogs.uef.fi\/humanistit-uudistuvassa-tyoelamassa\/wp-json\/wp\/v2\/posts"}],"about":[{"href":"https:\/\/blogs.uef.fi\/humanistit-uudistuvassa-tyoelamassa\/wp-json\/wp\/v2\/types\/post"}],"author":[{"embeddable":true,"href":"https:\/\/blogs.uef.fi\/humanistit-uudistuvassa-tyoelamassa\/wp-json\/wp\/v2\/users\/285"}],"replies":[{"embeddable":true,"href":"https:\/\/blogs.uef.fi\/humanistit-uudistuvassa-tyoelamassa\/wp-json\/wp\/v2\/comments?post=537"}],"version-history":[{"count":2,"href":"https:\/\/blogs.uef.fi\/humanistit-uudistuvassa-tyoelamassa\/wp-json\/wp\/v2\/posts\/537\/revisions"}],"predecessor-version":[{"id":553,"href":"https:\/\/blogs.uef.fi\/humanistit-uudistuvassa-tyoelamassa\/wp-json\/wp\/v2\/posts\/537\/revisions\/553"}],"wp:attachment":[{"href":"https:\/\/blogs.uef.fi\/humanistit-uudistuvassa-tyoelamassa\/wp-json\/wp\/v2\/media?parent=537"}],"wp:term":[{"taxonomy":"category","embeddable":true,"href":"https:\/\/blogs.uef.fi\/humanistit-uudistuvassa-tyoelamassa\/wp-json\/wp\/v2\/categories?post=537"},{"taxonomy":"post_tag","embeddable":true,"href":"https:\/\/blogs.uef.fi\/humanistit-uudistuvassa-tyoelamassa\/wp-json\/wp\/v2\/tags?post=537"}],"curies":[{"name":"wp","href":"https:\/\/api.w.org\/{rel}","templated":true}]}}