{"id":371,"date":"2020-02-24T08:01:36","date_gmt":"2020-02-24T08:01:36","guid":{"rendered":"https:\/\/blogs.uef.fi\/humanistit-uudistuvassa-tyoelamassa\/?p=371"},"modified":"2024-04-09T14:51:12","modified_gmt":"2024-04-09T12:51:12","slug":"tulevaisuuden-osaaja-loytyy-lahempaa-kuin-arvaatkaan","status":"publish","type":"post","link":"https:\/\/blogs.uef.fi\/humanistit-uudistuvassa-tyoelamassa\/2020\/02\/24\/tulevaisuuden-osaaja-loytyy-lahempaa-kuin-arvaatkaan\/","title":{"rendered":"Tulevaisuuden osaaja l\u00f6ytyy l\u00e4hemp\u00e4\u00e4 kuin arvaatkaan"},"content":{"rendered":"\n<p>Todenn\u00e4k\u00f6isesti harrasteryhm\u00e4ss\u00e4si, naapurissasi tai ty\u00f6yhteis\u00f6ss\u00e4si on ainakin yksi humanisti. Kun tuo humanisti oli opiskelija, h\u00e4n kyll\u00e4 kertoi sukujuhlissa kysyj\u00e4lle, mit\u00e4 opiskelee, mutta jos h\u00e4nelt\u00e4 kysyi, mik\u00e4 h\u00e4nelt\u00e4 tulee isona, kovin moni tuskin antoi vastaukseksi humanisti. Humanisti ei ole ammatti- tai virkanimike, joten humanistiksi ei valmistuta samaan tapaan kuin vaikkapa l\u00e4\u00e4k\u00e4riksi tai insin\u00f6\u00f6riksi.<\/p>\n\n\n\n<p>Sait ehk\u00e4 kuulla innostuneen ry\u00f6pyn ihmisten v\u00e4lisen monikielisen vuorovaikutuksen kognitiivisista prosesseista, j\u00e4lkikoloniaalisesta kirjallisuudentutkimuksesta, fluideista identiteeteist\u00e4, mediateknologioiden kulttuurisista k\u00e4yt\u00e4nteist\u00e4 tai rakenteistuneesta vallank\u00e4yt\u00f6st\u00e4 ja siit\u00e4, ett\u00e4 olisi hienoa ty\u00f6skennell\u00e4 sellaisissa teht\u00e4viss\u00e4, joissa voisi jatkaa n\u00e4iden aiheiden parissa.<\/p>\n\n\n\n<p>Edell\u00e4 kuvatut termit ovat ensikuulemalta monelle l\u00e4hes yht\u00e4 vieraita kuin HTML, CSS, PostgreSQL tai CirceCI. Siin\u00e4 miss\u00e4 ohjelmoijien kiinnostuksen kohteena on tietokoneille ohjeiden laatiminen ja siihen liittyvien ongelmien ratkaiseminen, humanistien k\u00e4yt\u00f6ss\u00e4 olevat termit ovat syntyneet kiinnostuksesta ihmiseen, ihmisen toimintaan ja toiminnassa syntyviin aikaansaannoksiin. Kuten Ossi Naukkarinen (2012) on tiivist\u00e4nyt, \u201dhumanisti k\u00e4sittelee sit\u00e4, miten ihminen, ihmisen\u00e4, mielt\u00e4\u00e4 itsens\u00e4, muun maailman sek\u00e4 ihmisen ja maailman v\u00e4liset suhteet\u201d. No, mutta onko tuosta sitten mit\u00e4\u00e4n hy\u00f6ty\u00e4 oikeasti, ja saako tuommoisilla tiedoilla t\u00f6it\u00e4, kys\u00e4isee keskustelua sivusta kuunnellut sukulainen viattomasti ja ohimennen. Tottahan toki! vastaamme kuin yhdest\u00e4 suusta sukujuhlissa istuvan humanistiopiskelijan kanssa.<\/p>\n\n\n\n<p>Ensinn\u00e4kin opettajat (kielet, historia jne.) ovat humanisteja. Kohtaat humanistin kirjastossa, museossa, arkistossa ja radiossa, ja luet h\u00e4nen tekstej\u00e4\u00e4n p\u00e4ivitt\u00e4in selatessasi internetin uutisvirtaa, yrityksen verkkosivuja tai aikakauslehte\u00e4. Lukemasi kirjat niin koulussa kuin kotona on todenn\u00e4k\u00f6isesti toimittanut tai kirjoittanut humanisti, jonka k\u00e4denj\u00e4lke\u00e4 n\u00e4kee my\u00f6s mainoksissa, ohjekirjoissa, ohjelmien tekstityksiss\u00e4 ja elokuvissa. Merkkej\u00e4 humanistien osaamisesta on kaikkialla. Humanisteja ty\u00f6skentelee paljon jo nyt IT-alalla sek\u00e4 NASA:n ja Abloy Oy:n kaltaisissa yrityksiss\u00e4 viestij\u00f6in\u00e4, vastuullisuusp\u00e4\u00e4llikk\u00f6in\u00e4 ja henkil\u00f6st\u00f6johtajina.<\/p>\n\n\n\n<p>Toiseksi, mit\u00e4 pidemm\u00e4lle ty\u00f6el\u00e4m\u00e4 muuttuu teknologisoitumisen ja muuttoliikkeiden kaltaisten suurten murrosten seurauksena sit\u00e4 enemm\u00e4n tarvitaan ymm\u00e4rryst\u00e4 ihmisest\u00e4 ja ihmisten v\u00e4lisest\u00e4 vuorovaikutuksesta. Elonkirjon kriisi\u00e4 ei ratkaista perinteisill\u00e4 menetelmill\u00e4 yksitt\u00e4isen ammattikunnan voimin. Insin\u00f6\u00f6rien ja taloustieteilij\u00f6iden laskelmat sellaisenaan eiv\u00e4t en\u00e4\u00e4 takaa yrityksen menestyst\u00e4.<\/p>\n\n\n\n<p>Humanisteilla on kaikki edellytykset ottaa nopeasti haltuun uudenlaisia ty\u00f6teht\u00e4vi\u00e4, joita ty\u00f6el\u00e4m\u00e4n murroksessa parhaillaan syntyy. Heill\u00e4 on my\u00f6s kaikki edellytykset nousta etujoukkoon luomaan kokonaan uudenlaisia ty\u00f6nkuvia, joilla tulevaisuutta rakennetaan.<\/p>\n\n\n\n<p>Asiakkaiden tarpeiden selvitt\u00e4minen (ja toisaalta tarpeiden luominen) r\u00e4\u00e4t\u00e4l\u00f6ityjen palvelujen ja tuotteiden myymiseksi edellytt\u00e4\u00e4 monialaista taidollista ja tiedollista osaamista: kuuntelemisen taitoa, laajojen kokonaisuuksien hahmottamista, kriittist\u00e4 arviointikyky\u00e4, tiedonhankinnan, analyyttisen ajattelun, argumentoinnin ja kyseenalaistamisen taitoa sek\u00e4 historian, kulttuurin ja kielten tuntemusta. Kaikki edell\u00e4 mainitut ovat humanistien ydinosaamista, oikeasti.<\/p>\n\n\n\n<p>\u2013 Anna Logr\u00e9n, HUMUS-hankkeen projektip\u00e4\u00e4llikk\u00f6<\/p>\n\n\n\n<p>Taustakirjallisuutta:<\/p>\n\n\n\n<p>aTalent Recruiting 2019. Nuorten ammattilaisten valmiuden ty\u00f6el\u00e4m\u00e4ss\u00e4. (https:\/\/atalent.fi\/nuorten-ammattilaisten-valmiudet-tyoelamassa)<\/p>\n\n\n\n<p>Dufva, Mikko 2019. Heikot signaalit tulevaisuuden avartajina. Sitra, Helsinki. (https:\/\/www.sitra.fi\/julkaisut\/megatrendit-2020\/)<\/p>\n\n\n\n<p>Naukkarinen, Ossi 2012. Mihin humanisteja tarvitaan? Aalto ARTS Books, Helsinki. Tuominen, Visa 2013. Maistereiden ty\u00f6llistyvyys. It\u00e4-Suomen yliopisto, Joensuu.<\/p>\n","protected":false},"excerpt":{"rendered":"<p>Todenn\u00e4k\u00f6isesti harrasteryhm\u00e4ss\u00e4si, naapurissasi tai ty\u00f6yhteis\u00f6ss\u00e4si on ainakin yksi humanisti. Kun tuo humanisti oli opiskelija, h\u00e4n kyll\u00e4 kertoi sukujuhlissa kysyj\u00e4lle, mit\u00e4 opiskelee, mutta jos h\u00e4nelt\u00e4 kysyi, mik\u00e4 h\u00e4nelt\u00e4 tulee isona, kovin moni tuskin antoi vastaukseksi humanisti. Humanisti ei ole ammatti- tai virkanimike, joten humanistiksi ei valmistuta samaan tapaan kuin vaikkapa l\u00e4\u00e4k\u00e4riksi tai insin\u00f6\u00f6riksi. Sait ehk\u00e4 kuulla [&hellip;]<\/p>\n","protected":false},"author":287,"featured_media":0,"comment_status":"open","ping_status":"open","sticky":false,"template":"","format":"standard","meta":{"_acf_changed":false,"footnotes":""},"categories":[5],"tags":[],"class_list":["post-371","post","type-post","status-publish","format-standard","hentry","category-blogi"],"acf":[],"yoast_head":"<!-- This site is optimized with the Yoast SEO plugin v27.3 - https:\/\/yoast.com\/product\/yoast-seo-wordpress\/ -->\n<title>Tulevaisuuden osaaja l\u00f6ytyy l\u00e4hemp\u00e4\u00e4 kuin arvaatkaan - HUMUS \u2013 Humanistit uudistuvassa ty\u00f6el\u00e4m\u00e4ss\u00e4<\/title>\n<meta name=\"robots\" content=\"index, follow, max-snippet:-1, max-image-preview:large, max-video-preview:-1\" \/>\n<link rel=\"canonical\" href=\"https:\/\/blogs.uef.fi\/humanistit-uudistuvassa-tyoelamassa\/2020\/02\/24\/tulevaisuuden-osaaja-loytyy-lahempaa-kuin-arvaatkaan\/\" \/>\n<meta property=\"og:locale\" content=\"fi_FI\" \/>\n<meta property=\"og:type\" content=\"article\" \/>\n<meta property=\"og:title\" content=\"Tulevaisuuden osaaja l\u00f6ytyy l\u00e4hemp\u00e4\u00e4 kuin arvaatkaan - HUMUS \u2013 Humanistit uudistuvassa ty\u00f6el\u00e4m\u00e4ss\u00e4\" \/>\n<meta property=\"og:description\" content=\"Todenn\u00e4k\u00f6isesti harrasteryhm\u00e4ss\u00e4si, naapurissasi tai ty\u00f6yhteis\u00f6ss\u00e4si on ainakin yksi humanisti. Kun tuo humanisti oli opiskelija, h\u00e4n kyll\u00e4 kertoi sukujuhlissa kysyj\u00e4lle, mit\u00e4 opiskelee, mutta jos h\u00e4nelt\u00e4 kysyi, mik\u00e4 h\u00e4nelt\u00e4 tulee isona, kovin moni tuskin antoi vastaukseksi humanisti. Humanisti ei ole ammatti- tai virkanimike, joten humanistiksi ei valmistuta samaan tapaan kuin vaikkapa l\u00e4\u00e4k\u00e4riksi tai insin\u00f6\u00f6riksi. Sait ehk\u00e4 kuulla [&hellip;]\" \/>\n<meta property=\"og:url\" content=\"https:\/\/blogs.uef.fi\/humanistit-uudistuvassa-tyoelamassa\/2020\/02\/24\/tulevaisuuden-osaaja-loytyy-lahempaa-kuin-arvaatkaan\/\" \/>\n<meta property=\"og:site_name\" content=\"HUMUS \u2013 Humanistit uudistuvassa ty\u00f6el\u00e4m\u00e4ss\u00e4\" \/>\n<meta property=\"article:published_time\" content=\"2020-02-24T08:01:36+00:00\" \/>\n<meta property=\"article:modified_time\" content=\"2024-04-09T12:51:12+00:00\" \/>\n<meta name=\"author\" content=\"Anna Logr\u00e9n\" \/>\n<meta name=\"twitter:card\" content=\"summary_large_image\" \/>\n<meta name=\"twitter:label1\" content=\"Kirjoittanut\" \/>\n\t<meta name=\"twitter:data1\" content=\"Anna Logr\u00e9n\" \/>\n\t<meta name=\"twitter:label2\" content=\"Arvioitu lukuaika\" \/>\n\t<meta name=\"twitter:data2\" content=\"3 minuuttia\" \/>\n<script type=\"application\/ld+json\" class=\"yoast-schema-graph\">{\"@context\":\"https:\\\/\\\/schema.org\",\"@graph\":[{\"@type\":\"Article\",\"@id\":\"https:\\\/\\\/blogs.uef.fi\\\/humanistit-uudistuvassa-tyoelamassa\\\/2020\\\/02\\\/24\\\/tulevaisuuden-osaaja-loytyy-lahempaa-kuin-arvaatkaan\\\/#article\",\"isPartOf\":{\"@id\":\"https:\\\/\\\/blogs.uef.fi\\\/humanistit-uudistuvassa-tyoelamassa\\\/2020\\\/02\\\/24\\\/tulevaisuuden-osaaja-loytyy-lahempaa-kuin-arvaatkaan\\\/\"},\"author\":{\"name\":\"Anna Logr\u00e9n\",\"@id\":\"https:\\\/\\\/blogs.uef.fi\\\/humanistit-uudistuvassa-tyoelamassa\\\/#\\\/schema\\\/person\\\/92e7a74b552e93ac6d3e4c9b874948e4\"},\"headline\":\"Tulevaisuuden osaaja l\u00f6ytyy l\u00e4hemp\u00e4\u00e4 kuin arvaatkaan\",\"datePublished\":\"2020-02-24T08:01:36+00:00\",\"dateModified\":\"2024-04-09T12:51:12+00:00\",\"mainEntityOfPage\":{\"@id\":\"https:\\\/\\\/blogs.uef.fi\\\/humanistit-uudistuvassa-tyoelamassa\\\/2020\\\/02\\\/24\\\/tulevaisuuden-osaaja-loytyy-lahempaa-kuin-arvaatkaan\\\/\"},\"wordCount\":499,\"commentCount\":0,\"articleSection\":[\"Blogi\"],\"inLanguage\":\"fi\",\"potentialAction\":[{\"@type\":\"CommentAction\",\"name\":\"Comment\",\"target\":[\"https:\\\/\\\/blogs.uef.fi\\\/humanistit-uudistuvassa-tyoelamassa\\\/2020\\\/02\\\/24\\\/tulevaisuuden-osaaja-loytyy-lahempaa-kuin-arvaatkaan\\\/#respond\"]}]},{\"@type\":\"WebPage\",\"@id\":\"https:\\\/\\\/blogs.uef.fi\\\/humanistit-uudistuvassa-tyoelamassa\\\/2020\\\/02\\\/24\\\/tulevaisuuden-osaaja-loytyy-lahempaa-kuin-arvaatkaan\\\/\",\"url\":\"https:\\\/\\\/blogs.uef.fi\\\/humanistit-uudistuvassa-tyoelamassa\\\/2020\\\/02\\\/24\\\/tulevaisuuden-osaaja-loytyy-lahempaa-kuin-arvaatkaan\\\/\",\"name\":\"Tulevaisuuden osaaja l\u00f6ytyy l\u00e4hemp\u00e4\u00e4 kuin arvaatkaan - HUMUS \u2013 Humanistit uudistuvassa ty\u00f6el\u00e4m\u00e4ss\u00e4\",\"isPartOf\":{\"@id\":\"https:\\\/\\\/blogs.uef.fi\\\/humanistit-uudistuvassa-tyoelamassa\\\/#website\"},\"datePublished\":\"2020-02-24T08:01:36+00:00\",\"dateModified\":\"2024-04-09T12:51:12+00:00\",\"author\":{\"@id\":\"https:\\\/\\\/blogs.uef.fi\\\/humanistit-uudistuvassa-tyoelamassa\\\/#\\\/schema\\\/person\\\/92e7a74b552e93ac6d3e4c9b874948e4\"},\"breadcrumb\":{\"@id\":\"https:\\\/\\\/blogs.uef.fi\\\/humanistit-uudistuvassa-tyoelamassa\\\/2020\\\/02\\\/24\\\/tulevaisuuden-osaaja-loytyy-lahempaa-kuin-arvaatkaan\\\/#breadcrumb\"},\"inLanguage\":\"fi\",\"potentialAction\":[{\"@type\":\"ReadAction\",\"target\":[\"https:\\\/\\\/blogs.uef.fi\\\/humanistit-uudistuvassa-tyoelamassa\\\/2020\\\/02\\\/24\\\/tulevaisuuden-osaaja-loytyy-lahempaa-kuin-arvaatkaan\\\/\"]}]},{\"@type\":\"BreadcrumbList\",\"@id\":\"https:\\\/\\\/blogs.uef.fi\\\/humanistit-uudistuvassa-tyoelamassa\\\/2020\\\/02\\\/24\\\/tulevaisuuden-osaaja-loytyy-lahempaa-kuin-arvaatkaan\\\/#breadcrumb\",\"itemListElement\":[{\"@type\":\"ListItem\",\"position\":1,\"name\":\"Home\",\"item\":\"https:\\\/\\\/blogs.uef.fi\\\/humanistit-uudistuvassa-tyoelamassa\\\/\"},{\"@type\":\"ListItem\",\"position\":2,\"name\":\"Tulevaisuuden osaaja l\u00f6ytyy l\u00e4hemp\u00e4\u00e4 kuin arvaatkaan\"}]},{\"@type\":\"WebSite\",\"@id\":\"https:\\\/\\\/blogs.uef.fi\\\/humanistit-uudistuvassa-tyoelamassa\\\/#website\",\"url\":\"https:\\\/\\\/blogs.uef.fi\\\/humanistit-uudistuvassa-tyoelamassa\\\/\",\"name\":\"HUMUS \u2013 Humanistit uudistuvassa ty\u00f6el\u00e4m\u00e4ss\u00e4\",\"description\":\"\",\"potentialAction\":[{\"@type\":\"SearchAction\",\"target\":{\"@type\":\"EntryPoint\",\"urlTemplate\":\"https:\\\/\\\/blogs.uef.fi\\\/humanistit-uudistuvassa-tyoelamassa\\\/?s={search_term_string}\"},\"query-input\":{\"@type\":\"PropertyValueSpecification\",\"valueRequired\":true,\"valueName\":\"search_term_string\"}}],\"inLanguage\":\"fi\"},{\"@type\":\"Person\",\"@id\":\"https:\\\/\\\/blogs.uef.fi\\\/humanistit-uudistuvassa-tyoelamassa\\\/#\\\/schema\\\/person\\\/92e7a74b552e93ac6d3e4c9b874948e4\",\"name\":\"Anna Logr\u00e9n\",\"image\":{\"@type\":\"ImageObject\",\"inLanguage\":\"fi\",\"@id\":\"https:\\\/\\\/secure.gravatar.com\\\/avatar\\\/acb9007c3bcafd3b3019ae5c04096fbefae119f2f844ad89ae41be8319c9ffd2?s=96&d=mm&r=g\",\"url\":\"https:\\\/\\\/secure.gravatar.com\\\/avatar\\\/acb9007c3bcafd3b3019ae5c04096fbefae119f2f844ad89ae41be8319c9ffd2?s=96&d=mm&r=g\",\"contentUrl\":\"https:\\\/\\\/secure.gravatar.com\\\/avatar\\\/acb9007c3bcafd3b3019ae5c04096fbefae119f2f844ad89ae41be8319c9ffd2?s=96&d=mm&r=g\",\"caption\":\"Anna Logr\u00e9n\"},\"url\":\"https:\\\/\\\/blogs.uef.fi\\\/humanistit-uudistuvassa-tyoelamassa\\\/author\\\/alogren\\\/\"}]}<\/script>\n<!-- \/ Yoast SEO plugin. -->","yoast_head_json":{"title":"Tulevaisuuden osaaja l\u00f6ytyy l\u00e4hemp\u00e4\u00e4 kuin arvaatkaan - HUMUS \u2013 Humanistit uudistuvassa ty\u00f6el\u00e4m\u00e4ss\u00e4","robots":{"index":"index","follow":"follow","max-snippet":"max-snippet:-1","max-image-preview":"max-image-preview:large","max-video-preview":"max-video-preview:-1"},"canonical":"https:\/\/blogs.uef.fi\/humanistit-uudistuvassa-tyoelamassa\/2020\/02\/24\/tulevaisuuden-osaaja-loytyy-lahempaa-kuin-arvaatkaan\/","og_locale":"fi_FI","og_type":"article","og_title":"Tulevaisuuden osaaja l\u00f6ytyy l\u00e4hemp\u00e4\u00e4 kuin arvaatkaan - HUMUS \u2013 Humanistit uudistuvassa ty\u00f6el\u00e4m\u00e4ss\u00e4","og_description":"Todenn\u00e4k\u00f6isesti harrasteryhm\u00e4ss\u00e4si, naapurissasi tai ty\u00f6yhteis\u00f6ss\u00e4si on ainakin yksi humanisti. Kun tuo humanisti oli opiskelija, h\u00e4n kyll\u00e4 kertoi sukujuhlissa kysyj\u00e4lle, mit\u00e4 opiskelee, mutta jos h\u00e4nelt\u00e4 kysyi, mik\u00e4 h\u00e4nelt\u00e4 tulee isona, kovin moni tuskin antoi vastaukseksi humanisti. Humanisti ei ole ammatti- tai virkanimike, joten humanistiksi ei valmistuta samaan tapaan kuin vaikkapa l\u00e4\u00e4k\u00e4riksi tai insin\u00f6\u00f6riksi. Sait ehk\u00e4 kuulla [&hellip;]","og_url":"https:\/\/blogs.uef.fi\/humanistit-uudistuvassa-tyoelamassa\/2020\/02\/24\/tulevaisuuden-osaaja-loytyy-lahempaa-kuin-arvaatkaan\/","og_site_name":"HUMUS \u2013 Humanistit uudistuvassa ty\u00f6el\u00e4m\u00e4ss\u00e4","article_published_time":"2020-02-24T08:01:36+00:00","article_modified_time":"2024-04-09T12:51:12+00:00","author":"Anna Logr\u00e9n","twitter_card":"summary_large_image","twitter_misc":{"Kirjoittanut":"Anna Logr\u00e9n","Arvioitu lukuaika":"3 minuuttia"},"schema":{"@context":"https:\/\/schema.org","@graph":[{"@type":"Article","@id":"https:\/\/blogs.uef.fi\/humanistit-uudistuvassa-tyoelamassa\/2020\/02\/24\/tulevaisuuden-osaaja-loytyy-lahempaa-kuin-arvaatkaan\/#article","isPartOf":{"@id":"https:\/\/blogs.uef.fi\/humanistit-uudistuvassa-tyoelamassa\/2020\/02\/24\/tulevaisuuden-osaaja-loytyy-lahempaa-kuin-arvaatkaan\/"},"author":{"name":"Anna Logr\u00e9n","@id":"https:\/\/blogs.uef.fi\/humanistit-uudistuvassa-tyoelamassa\/#\/schema\/person\/92e7a74b552e93ac6d3e4c9b874948e4"},"headline":"Tulevaisuuden osaaja l\u00f6ytyy l\u00e4hemp\u00e4\u00e4 kuin arvaatkaan","datePublished":"2020-02-24T08:01:36+00:00","dateModified":"2024-04-09T12:51:12+00:00","mainEntityOfPage":{"@id":"https:\/\/blogs.uef.fi\/humanistit-uudistuvassa-tyoelamassa\/2020\/02\/24\/tulevaisuuden-osaaja-loytyy-lahempaa-kuin-arvaatkaan\/"},"wordCount":499,"commentCount":0,"articleSection":["Blogi"],"inLanguage":"fi","potentialAction":[{"@type":"CommentAction","name":"Comment","target":["https:\/\/blogs.uef.fi\/humanistit-uudistuvassa-tyoelamassa\/2020\/02\/24\/tulevaisuuden-osaaja-loytyy-lahempaa-kuin-arvaatkaan\/#respond"]}]},{"@type":"WebPage","@id":"https:\/\/blogs.uef.fi\/humanistit-uudistuvassa-tyoelamassa\/2020\/02\/24\/tulevaisuuden-osaaja-loytyy-lahempaa-kuin-arvaatkaan\/","url":"https:\/\/blogs.uef.fi\/humanistit-uudistuvassa-tyoelamassa\/2020\/02\/24\/tulevaisuuden-osaaja-loytyy-lahempaa-kuin-arvaatkaan\/","name":"Tulevaisuuden osaaja l\u00f6ytyy l\u00e4hemp\u00e4\u00e4 kuin arvaatkaan - HUMUS \u2013 Humanistit uudistuvassa ty\u00f6el\u00e4m\u00e4ss\u00e4","isPartOf":{"@id":"https:\/\/blogs.uef.fi\/humanistit-uudistuvassa-tyoelamassa\/#website"},"datePublished":"2020-02-24T08:01:36+00:00","dateModified":"2024-04-09T12:51:12+00:00","author":{"@id":"https:\/\/blogs.uef.fi\/humanistit-uudistuvassa-tyoelamassa\/#\/schema\/person\/92e7a74b552e93ac6d3e4c9b874948e4"},"breadcrumb":{"@id":"https:\/\/blogs.uef.fi\/humanistit-uudistuvassa-tyoelamassa\/2020\/02\/24\/tulevaisuuden-osaaja-loytyy-lahempaa-kuin-arvaatkaan\/#breadcrumb"},"inLanguage":"fi","potentialAction":[{"@type":"ReadAction","target":["https:\/\/blogs.uef.fi\/humanistit-uudistuvassa-tyoelamassa\/2020\/02\/24\/tulevaisuuden-osaaja-loytyy-lahempaa-kuin-arvaatkaan\/"]}]},{"@type":"BreadcrumbList","@id":"https:\/\/blogs.uef.fi\/humanistit-uudistuvassa-tyoelamassa\/2020\/02\/24\/tulevaisuuden-osaaja-loytyy-lahempaa-kuin-arvaatkaan\/#breadcrumb","itemListElement":[{"@type":"ListItem","position":1,"name":"Home","item":"https:\/\/blogs.uef.fi\/humanistit-uudistuvassa-tyoelamassa\/"},{"@type":"ListItem","position":2,"name":"Tulevaisuuden osaaja l\u00f6ytyy l\u00e4hemp\u00e4\u00e4 kuin arvaatkaan"}]},{"@type":"WebSite","@id":"https:\/\/blogs.uef.fi\/humanistit-uudistuvassa-tyoelamassa\/#website","url":"https:\/\/blogs.uef.fi\/humanistit-uudistuvassa-tyoelamassa\/","name":"HUMUS \u2013 Humanistit uudistuvassa ty\u00f6el\u00e4m\u00e4ss\u00e4","description":"","potentialAction":[{"@type":"SearchAction","target":{"@type":"EntryPoint","urlTemplate":"https:\/\/blogs.uef.fi\/humanistit-uudistuvassa-tyoelamassa\/?s={search_term_string}"},"query-input":{"@type":"PropertyValueSpecification","valueRequired":true,"valueName":"search_term_string"}}],"inLanguage":"fi"},{"@type":"Person","@id":"https:\/\/blogs.uef.fi\/humanistit-uudistuvassa-tyoelamassa\/#\/schema\/person\/92e7a74b552e93ac6d3e4c9b874948e4","name":"Anna Logr\u00e9n","image":{"@type":"ImageObject","inLanguage":"fi","@id":"https:\/\/secure.gravatar.com\/avatar\/acb9007c3bcafd3b3019ae5c04096fbefae119f2f844ad89ae41be8319c9ffd2?s=96&d=mm&r=g","url":"https:\/\/secure.gravatar.com\/avatar\/acb9007c3bcafd3b3019ae5c04096fbefae119f2f844ad89ae41be8319c9ffd2?s=96&d=mm&r=g","contentUrl":"https:\/\/secure.gravatar.com\/avatar\/acb9007c3bcafd3b3019ae5c04096fbefae119f2f844ad89ae41be8319c9ffd2?s=96&d=mm&r=g","caption":"Anna Logr\u00e9n"},"url":"https:\/\/blogs.uef.fi\/humanistit-uudistuvassa-tyoelamassa\/author\/alogren\/"}]}},"_links":{"self":[{"href":"https:\/\/blogs.uef.fi\/humanistit-uudistuvassa-tyoelamassa\/wp-json\/wp\/v2\/posts\/371","targetHints":{"allow":["GET"]}}],"collection":[{"href":"https:\/\/blogs.uef.fi\/humanistit-uudistuvassa-tyoelamassa\/wp-json\/wp\/v2\/posts"}],"about":[{"href":"https:\/\/blogs.uef.fi\/humanistit-uudistuvassa-tyoelamassa\/wp-json\/wp\/v2\/types\/post"}],"author":[{"embeddable":true,"href":"https:\/\/blogs.uef.fi\/humanistit-uudistuvassa-tyoelamassa\/wp-json\/wp\/v2\/users\/287"}],"replies":[{"embeddable":true,"href":"https:\/\/blogs.uef.fi\/humanistit-uudistuvassa-tyoelamassa\/wp-json\/wp\/v2\/comments?post=371"}],"version-history":[{"count":1,"href":"https:\/\/blogs.uef.fi\/humanistit-uudistuvassa-tyoelamassa\/wp-json\/wp\/v2\/posts\/371\/revisions"}],"predecessor-version":[{"id":3576,"href":"https:\/\/blogs.uef.fi\/humanistit-uudistuvassa-tyoelamassa\/wp-json\/wp\/v2\/posts\/371\/revisions\/3576"}],"wp:attachment":[{"href":"https:\/\/blogs.uef.fi\/humanistit-uudistuvassa-tyoelamassa\/wp-json\/wp\/v2\/media?parent=371"}],"wp:term":[{"taxonomy":"category","embeddable":true,"href":"https:\/\/blogs.uef.fi\/humanistit-uudistuvassa-tyoelamassa\/wp-json\/wp\/v2\/categories?post=371"},{"taxonomy":"post_tag","embeddable":true,"href":"https:\/\/blogs.uef.fi\/humanistit-uudistuvassa-tyoelamassa\/wp-json\/wp\/v2\/tags?post=371"}],"curies":[{"name":"wp","href":"https:\/\/api.w.org\/{rel}","templated":true}]}}