{"id":3176,"date":"2022-08-23T06:02:53","date_gmt":"2022-08-23T06:02:53","guid":{"rendered":"https:\/\/blogs.uef.fi\/humanistit-uudistuvassa-tyoelamassa\/?p=3176"},"modified":"2022-08-23T06:02:53","modified_gmt":"2022-08-23T06:02:53","slug":"tyota-karnevaalit-17-9-2022-tule-kuulemaan-humanistisen-osaston-tyoelamayhteistyosta","status":"publish","type":"post","link":"https:\/\/blogs.uef.fi\/humanistit-uudistuvassa-tyoelamassa\/2022\/08\/23\/tyota-karnevaalit-17-9-2022-tule-kuulemaan-humanistisen-osaston-tyoelamayhteistyosta\/","title":{"rendered":"Ty\u00f6t\u00e4-karnevaalit 17.9.2022 \u2013 tule kuulemaan humanistisen osaston ty\u00f6el\u00e4m\u00e4yhteisty\u00f6st\u00e4"},"content":{"rendered":"<p><img loading=\"lazy\" decoding=\"async\" class=\"alignnone wp-image-3179 size-full\" style=\"font-size: 1rem\" src=\"https:\/\/blogs.uef.fi\/humanistit-uudistuvassa-tyoelamassa\/wp-content\/uploads\/sites\/113\/2022\/08\/tyota-karnevaali-01.png\" alt=\"La 17.8.2022, Kimmel Ty\u00f6t\u00e4-karnevaalit. Kuvassa Janne Kataja, Timo Lavikainen, Sari Havas ja Ismo Apell. Logot: Joensuun kaupungin ty\u00f6llisyyspalveluts, Luotsi Joensuu, Vipuvoimaa EU:lta, ELY-keskus, Business Joensuu, TE-toimisto, Turpotalli, EU, HUMUS, UEF\" width=\"1080\" height=\"1080\" srcset=\"https:\/\/blogs.uef.fi\/humanistit-uudistuvassa-tyoelamassa\/wp-content\/uploads\/sites\/113\/2022\/08\/tyota-karnevaali-01.png 1080w, https:\/\/blogs.uef.fi\/humanistit-uudistuvassa-tyoelamassa\/wp-content\/uploads\/sites\/113\/2022\/08\/tyota-karnevaali-01-300x300.png 300w, https:\/\/blogs.uef.fi\/humanistit-uudistuvassa-tyoelamassa\/wp-content\/uploads\/sites\/113\/2022\/08\/tyota-karnevaali-01-1024x1024.png 1024w, https:\/\/blogs.uef.fi\/humanistit-uudistuvassa-tyoelamassa\/wp-content\/uploads\/sites\/113\/2022\/08\/tyota-karnevaali-01-150x150.png 150w, https:\/\/blogs.uef.fi\/humanistit-uudistuvassa-tyoelamassa\/wp-content\/uploads\/sites\/113\/2022\/08\/tyota-karnevaali-01-768x768.png 768w, https:\/\/blogs.uef.fi\/humanistit-uudistuvassa-tyoelamassa\/wp-content\/uploads\/sites\/113\/2022\/08\/tyota-karnevaali-01-100x100.png 100w\" sizes=\"auto, (max-width: 1080px) 100vw, 1080px\" \/>Humanistisen osaston ty\u00f6el\u00e4m\u00e4yhteisty\u00f6 on mukana Ty\u00f6t\u00e4-karnevaaleilla lauantaina 17.9.2022. Sokos Hotel Kimmeliss\u00e4. Klo 10\u201315 j\u00e4rjestett\u00e4v\u00e4ss\u00e4 tapahtumassa ty\u00f6nant<span style=\"font-size: 1rem\">ajat ja ty\u00f6ntekij\u00e4t kohtaavat tositarkoituksella. T<\/span>ervetuloa pisteellemme kuulemaan osaston ty\u00f6el\u00e4m\u00e4yhteisty\u00f6st\u00e4 ja yhteisty\u00f6mahdollisuuksista!<\/p>\n<p><span style=\"font-size: 1rem\">Mukana on yli 80 rekrytoivaa ty\u00f6nantajaa eri aloilta. <\/span>Ty\u00f6nhakijat voivat tapahtumassa etsi\u00e4 ty\u00f6paikkoja, esitt\u00e4yty\u00e4 ty\u00f6nantajille ja tutustua alueen yrityksiin. Tapahtuma on oiva tilaisuus verkostoitumiselle ja kiinnostavien organisaatioiden kartoittamiselle, vaikka ty\u00f6t\u00e4 ei juuri nyt hakisi. Opiskelijoille tapahtuma sopii my\u00f6s kandidaattivaiheen portfolioon ty\u00f6el\u00e4m\u00e4tapahtumaksi.<\/p>\n<p>Valtakunnan ykk\u00f6sviihdytt\u00e4j\u00e4t <strong>Janne Kataja<\/strong>, <strong>Timo Lavikainen<\/strong>, <strong>Sari Havas<\/strong> ja <strong>Ismo Apell<\/strong> auttavat rennolla otteella ty\u00f6nantajia ja osaajia kohtaamaan toisensa. Loista ty\u00f6haastattelussa -pisteell\u00e4 n\u00e4yttelij\u00e4 Sari Havas sparraa ty\u00f6nhakijoita koko p\u00e4iv\u00e4n ajan. Kello 11 alkavat pikadeitit, jossa voi antaa itsest\u00e4\u00e4n l\u00e4htem\u00e4tt\u00f6m\u00e4n vaikutelman ty\u00f6nantajille ja osallistua arvontaan. Kello 14 Janne Kataja juontaa Ty\u00f6llisyyden T\u00e4ysosuman.<\/p>\n<p>Rekrytapahtuman j\u00e4rjest\u00e4\u00e4 Joensuun ty\u00f6llisyyspalvelujen Luotsi-hanke. Tapahtumaan osallistuminen on maksutonta. Lue lis\u00e4\u00e4 <a href=\"https:\/\/luotsijoensuu.fi\/sv\/ty%C3%B6t%C3%A4-karnevaalit-2022\" target=\"_blank\" rel=\"noopener\">Luotsi Joensuun sivuilta<\/a>. (linkki avautuu uudelle v\u00e4lilehdelle).<\/p>\n","protected":false},"excerpt":{"rendered":"<p>Humanistisen osaston ty\u00f6el\u00e4m\u00e4yhteisty\u00f6 on mukana Ty\u00f6t\u00e4-karnevaaleilla lauantaina 17.9.2022. Sokos Hotel Kimmeliss\u00e4. Klo 10\u201315 j\u00e4rjestett\u00e4v\u00e4ss\u00e4 tapahtumassa ty\u00f6nantajat ja ty\u00f6ntekij\u00e4t kohtaavat tositarkoituksella. Tervetuloa pisteellemme kuulemaan osaston ty\u00f6el\u00e4m\u00e4yhteisty\u00f6st\u00e4 ja yhteisty\u00f6mahdollisuuksista! Mukana on yli 80 rekrytoivaa ty\u00f6nantajaa eri aloilta. Ty\u00f6nhakijat voivat tapahtumassa etsi\u00e4 ty\u00f6paikkoja, esitt\u00e4yty\u00e4 ty\u00f6nantajille ja tutustua alueen yrityksiin. Tapahtuma on oiva tilaisuus verkostoitumiselle ja kiinnostavien organisaatioiden kartoittamiselle, [&hellip;]<\/p>\n","protected":false},"author":526,"featured_media":0,"comment_status":"open","ping_status":"open","sticky":false,"template":"","format":"standard","meta":{"_acf_changed":false,"footnotes":""},"categories":[7,1],"tags":[93,39,42,61,30,100,77,51,3,103,97],"class_list":["post-3176","post","type-post","status-publish","format-standard","hentry","category-tapahtumat","category-uutiset","tag-humanismi","tag-kielet","tag-kulttuuri","tag-tyoelama","tag-tyoelamataidot","tag-tyoelamatapahtuma","tag-tyollistyminen","tag-tyonhaku","tag-uutiset","tag-verkostoituminen","tag-yritysmaailma"],"acf":[],"yoast_head":"<!-- This site is optimized with the Yoast SEO plugin v27.3 - https:\/\/yoast.com\/product\/yoast-seo-wordpress\/ -->\n<title>Ty\u00f6t\u00e4-karnevaalit 17.9.2022 \u2013 tule kuulemaan humanistisen osaston ty\u00f6el\u00e4m\u00e4yhteisty\u00f6st\u00e4 - HUMUS \u2013 Humanistit uudistuvassa ty\u00f6el\u00e4m\u00e4ss\u00e4<\/title>\n<meta name=\"robots\" content=\"index, follow, max-snippet:-1, max-image-preview:large, max-video-preview:-1\" \/>\n<link rel=\"canonical\" href=\"https:\/\/blogs.uef.fi\/humanistit-uudistuvassa-tyoelamassa\/2022\/08\/23\/tyota-karnevaalit-17-9-2022-tule-kuulemaan-humanistisen-osaston-tyoelamayhteistyosta\/\" \/>\n<meta property=\"og:locale\" content=\"fi_FI\" \/>\n<meta property=\"og:type\" content=\"article\" \/>\n<meta property=\"og:title\" content=\"Ty\u00f6t\u00e4-karnevaalit 17.9.2022 \u2013 tule kuulemaan humanistisen osaston ty\u00f6el\u00e4m\u00e4yhteisty\u00f6st\u00e4 - HUMUS \u2013 Humanistit uudistuvassa ty\u00f6el\u00e4m\u00e4ss\u00e4\" \/>\n<meta property=\"og:description\" content=\"Humanistisen osaston ty\u00f6el\u00e4m\u00e4yhteisty\u00f6 on mukana Ty\u00f6t\u00e4-karnevaaleilla lauantaina 17.9.2022. Sokos Hotel Kimmeliss\u00e4. Klo 10\u201315 j\u00e4rjestett\u00e4v\u00e4ss\u00e4 tapahtumassa ty\u00f6nantajat ja ty\u00f6ntekij\u00e4t kohtaavat tositarkoituksella. Tervetuloa pisteellemme kuulemaan osaston ty\u00f6el\u00e4m\u00e4yhteisty\u00f6st\u00e4 ja yhteisty\u00f6mahdollisuuksista! Mukana on yli 80 rekrytoivaa ty\u00f6nantajaa eri aloilta. Ty\u00f6nhakijat voivat tapahtumassa etsi\u00e4 ty\u00f6paikkoja, esitt\u00e4yty\u00e4 ty\u00f6nantajille ja tutustua alueen yrityksiin. Tapahtuma on oiva tilaisuus verkostoitumiselle ja kiinnostavien organisaatioiden kartoittamiselle, [&hellip;]\" \/>\n<meta property=\"og:url\" content=\"https:\/\/blogs.uef.fi\/humanistit-uudistuvassa-tyoelamassa\/2022\/08\/23\/tyota-karnevaalit-17-9-2022-tule-kuulemaan-humanistisen-osaston-tyoelamayhteistyosta\/\" \/>\n<meta property=\"og:site_name\" content=\"HUMUS \u2013 Humanistit uudistuvassa ty\u00f6el\u00e4m\u00e4ss\u00e4\" \/>\n<meta property=\"article:published_time\" content=\"2022-08-23T06:02:53+00:00\" \/>\n<meta property=\"og:image\" content=\"https:\/\/blogs.uef.fi\/humanistit-uudistuvassa-tyoelamassa\/wp-content\/uploads\/sites\/113\/2022\/08\/tyota-karnevaali-01.png\" \/>\n<meta name=\"author\" content=\"miiahar\" \/>\n<meta name=\"twitter:card\" content=\"summary_large_image\" \/>\n<meta name=\"twitter:label1\" content=\"Kirjoittanut\" \/>\n\t<meta name=\"twitter:data1\" content=\"miiahar\" \/>\n\t<meta name=\"twitter:label2\" content=\"Arvioitu lukuaika\" \/>\n\t<meta name=\"twitter:data2\" content=\"2 minuuttia\" \/>\n<script type=\"application\/ld+json\" class=\"yoast-schema-graph\">{\"@context\":\"https:\\\/\\\/schema.org\",\"@graph\":[{\"@type\":\"Article\",\"@id\":\"https:\\\/\\\/blogs.uef.fi\\\/humanistit-uudistuvassa-tyoelamassa\\\/2022\\\/08\\\/23\\\/tyota-karnevaalit-17-9-2022-tule-kuulemaan-humanistisen-osaston-tyoelamayhteistyosta\\\/#article\",\"isPartOf\":{\"@id\":\"https:\\\/\\\/blogs.uef.fi\\\/humanistit-uudistuvassa-tyoelamassa\\\/2022\\\/08\\\/23\\\/tyota-karnevaalit-17-9-2022-tule-kuulemaan-humanistisen-osaston-tyoelamayhteistyosta\\\/\"},\"author\":{\"name\":\"miiahar\",\"@id\":\"https:\\\/\\\/blogs.uef.fi\\\/humanistit-uudistuvassa-tyoelamassa\\\/#\\\/schema\\\/person\\\/def8fb0fb6d2f4aefb1df73e6bb44b49\"},\"headline\":\"Ty\u00f6t\u00e4-karnevaalit 17.9.2022 \u2013 tule kuulemaan humanistisen osaston ty\u00f6el\u00e4m\u00e4yhteisty\u00f6st\u00e4\",\"datePublished\":\"2022-08-23T06:02:53+00:00\",\"mainEntityOfPage\":{\"@id\":\"https:\\\/\\\/blogs.uef.fi\\\/humanistit-uudistuvassa-tyoelamassa\\\/2022\\\/08\\\/23\\\/tyota-karnevaalit-17-9-2022-tule-kuulemaan-humanistisen-osaston-tyoelamayhteistyosta\\\/\"},\"wordCount\":190,\"commentCount\":0,\"image\":{\"@id\":\"https:\\\/\\\/blogs.uef.fi\\\/humanistit-uudistuvassa-tyoelamassa\\\/2022\\\/08\\\/23\\\/tyota-karnevaalit-17-9-2022-tule-kuulemaan-humanistisen-osaston-tyoelamayhteistyosta\\\/#primaryimage\"},\"thumbnailUrl\":\"https:\\\/\\\/blogs.uef.fi\\\/humanistit-uudistuvassa-tyoelamassa\\\/wp-content\\\/uploads\\\/sites\\\/113\\\/2022\\\/08\\\/tyota-karnevaali-01.png\",\"keywords\":[\"humanismi\",\"kielet\",\"kulttuuri\",\"ty\u00f6el\u00e4m\u00e4\",\"ty\u00f6el\u00e4m\u00e4taidot\",\"ty\u00f6el\u00e4m\u00e4tapahtuma\",\"ty\u00f6llistyminen\",\"ty\u00f6nhaku\",\"uutiset\",\"verkostoituminen\",\"yritysmaailma\"],\"articleSection\":[\"Tapahtumat\",\"Uutiset\"],\"inLanguage\":\"fi\",\"potentialAction\":[{\"@type\":\"CommentAction\",\"name\":\"Comment\",\"target\":[\"https:\\\/\\\/blogs.uef.fi\\\/humanistit-uudistuvassa-tyoelamassa\\\/2022\\\/08\\\/23\\\/tyota-karnevaalit-17-9-2022-tule-kuulemaan-humanistisen-osaston-tyoelamayhteistyosta\\\/#respond\"]}]},{\"@type\":\"WebPage\",\"@id\":\"https:\\\/\\\/blogs.uef.fi\\\/humanistit-uudistuvassa-tyoelamassa\\\/2022\\\/08\\\/23\\\/tyota-karnevaalit-17-9-2022-tule-kuulemaan-humanistisen-osaston-tyoelamayhteistyosta\\\/\",\"url\":\"https:\\\/\\\/blogs.uef.fi\\\/humanistit-uudistuvassa-tyoelamassa\\\/2022\\\/08\\\/23\\\/tyota-karnevaalit-17-9-2022-tule-kuulemaan-humanistisen-osaston-tyoelamayhteistyosta\\\/\",\"name\":\"Ty\u00f6t\u00e4-karnevaalit 17.9.2022 \u2013 tule kuulemaan humanistisen osaston ty\u00f6el\u00e4m\u00e4yhteisty\u00f6st\u00e4 - HUMUS \u2013 Humanistit uudistuvassa ty\u00f6el\u00e4m\u00e4ss\u00e4\",\"isPartOf\":{\"@id\":\"https:\\\/\\\/blogs.uef.fi\\\/humanistit-uudistuvassa-tyoelamassa\\\/#website\"},\"primaryImageOfPage\":{\"@id\":\"https:\\\/\\\/blogs.uef.fi\\\/humanistit-uudistuvassa-tyoelamassa\\\/2022\\\/08\\\/23\\\/tyota-karnevaalit-17-9-2022-tule-kuulemaan-humanistisen-osaston-tyoelamayhteistyosta\\\/#primaryimage\"},\"image\":{\"@id\":\"https:\\\/\\\/blogs.uef.fi\\\/humanistit-uudistuvassa-tyoelamassa\\\/2022\\\/08\\\/23\\\/tyota-karnevaalit-17-9-2022-tule-kuulemaan-humanistisen-osaston-tyoelamayhteistyosta\\\/#primaryimage\"},\"thumbnailUrl\":\"https:\\\/\\\/blogs.uef.fi\\\/humanistit-uudistuvassa-tyoelamassa\\\/wp-content\\\/uploads\\\/sites\\\/113\\\/2022\\\/08\\\/tyota-karnevaali-01.png\",\"datePublished\":\"2022-08-23T06:02:53+00:00\",\"author\":{\"@id\":\"https:\\\/\\\/blogs.uef.fi\\\/humanistit-uudistuvassa-tyoelamassa\\\/#\\\/schema\\\/person\\\/def8fb0fb6d2f4aefb1df73e6bb44b49\"},\"breadcrumb\":{\"@id\":\"https:\\\/\\\/blogs.uef.fi\\\/humanistit-uudistuvassa-tyoelamassa\\\/2022\\\/08\\\/23\\\/tyota-karnevaalit-17-9-2022-tule-kuulemaan-humanistisen-osaston-tyoelamayhteistyosta\\\/#breadcrumb\"},\"inLanguage\":\"fi\",\"potentialAction\":[{\"@type\":\"ReadAction\",\"target\":[\"https:\\\/\\\/blogs.uef.fi\\\/humanistit-uudistuvassa-tyoelamassa\\\/2022\\\/08\\\/23\\\/tyota-karnevaalit-17-9-2022-tule-kuulemaan-humanistisen-osaston-tyoelamayhteistyosta\\\/\"]}]},{\"@type\":\"ImageObject\",\"inLanguage\":\"fi\",\"@id\":\"https:\\\/\\\/blogs.uef.fi\\\/humanistit-uudistuvassa-tyoelamassa\\\/2022\\\/08\\\/23\\\/tyota-karnevaalit-17-9-2022-tule-kuulemaan-humanistisen-osaston-tyoelamayhteistyosta\\\/#primaryimage\",\"url\":\"https:\\\/\\\/blogs.uef.fi\\\/humanistit-uudistuvassa-tyoelamassa\\\/wp-content\\\/uploads\\\/sites\\\/113\\\/2022\\\/08\\\/tyota-karnevaali-01.png\",\"contentUrl\":\"https:\\\/\\\/blogs.uef.fi\\\/humanistit-uudistuvassa-tyoelamassa\\\/wp-content\\\/uploads\\\/sites\\\/113\\\/2022\\\/08\\\/tyota-karnevaali-01.png\",\"width\":1080,\"height\":1080},{\"@type\":\"BreadcrumbList\",\"@id\":\"https:\\\/\\\/blogs.uef.fi\\\/humanistit-uudistuvassa-tyoelamassa\\\/2022\\\/08\\\/23\\\/tyota-karnevaalit-17-9-2022-tule-kuulemaan-humanistisen-osaston-tyoelamayhteistyosta\\\/#breadcrumb\",\"itemListElement\":[{\"@type\":\"ListItem\",\"position\":1,\"name\":\"Home\",\"item\":\"https:\\\/\\\/blogs.uef.fi\\\/humanistit-uudistuvassa-tyoelamassa\\\/\"},{\"@type\":\"ListItem\",\"position\":2,\"name\":\"Ty\u00f6t\u00e4-karnevaalit 17.9.2022 \u2013 tule kuulemaan humanistisen osaston ty\u00f6el\u00e4m\u00e4yhteisty\u00f6st\u00e4\"}]},{\"@type\":\"WebSite\",\"@id\":\"https:\\\/\\\/blogs.uef.fi\\\/humanistit-uudistuvassa-tyoelamassa\\\/#website\",\"url\":\"https:\\\/\\\/blogs.uef.fi\\\/humanistit-uudistuvassa-tyoelamassa\\\/\",\"name\":\"HUMUS \u2013 Humanistit uudistuvassa ty\u00f6el\u00e4m\u00e4ss\u00e4\",\"description\":\"\",\"potentialAction\":[{\"@type\":\"SearchAction\",\"target\":{\"@type\":\"EntryPoint\",\"urlTemplate\":\"https:\\\/\\\/blogs.uef.fi\\\/humanistit-uudistuvassa-tyoelamassa\\\/?s={search_term_string}\"},\"query-input\":{\"@type\":\"PropertyValueSpecification\",\"valueRequired\":true,\"valueName\":\"search_term_string\"}}],\"inLanguage\":\"fi\"},{\"@type\":\"Person\",\"@id\":\"https:\\\/\\\/blogs.uef.fi\\\/humanistit-uudistuvassa-tyoelamassa\\\/#\\\/schema\\\/person\\\/def8fb0fb6d2f4aefb1df73e6bb44b49\",\"name\":\"miiahar\",\"image\":{\"@type\":\"ImageObject\",\"inLanguage\":\"fi\",\"@id\":\"https:\\\/\\\/secure.gravatar.com\\\/avatar\\\/74d6f3b717cfba37fe91fd3d70f11c1f3a72f91a4069c92b74d20eb7357eeb75?s=96&d=mm&r=g\",\"url\":\"https:\\\/\\\/secure.gravatar.com\\\/avatar\\\/74d6f3b717cfba37fe91fd3d70f11c1f3a72f91a4069c92b74d20eb7357eeb75?s=96&d=mm&r=g\",\"contentUrl\":\"https:\\\/\\\/secure.gravatar.com\\\/avatar\\\/74d6f3b717cfba37fe91fd3d70f11c1f3a72f91a4069c92b74d20eb7357eeb75?s=96&d=mm&r=g\",\"caption\":\"miiahar\"},\"url\":\"https:\\\/\\\/blogs.uef.fi\\\/humanistit-uudistuvassa-tyoelamassa\\\/author\\\/miiahar\\\/\"}]}<\/script>\n<!-- \/ Yoast SEO plugin. -->","yoast_head_json":{"title":"Ty\u00f6t\u00e4-karnevaalit 17.9.2022 \u2013 tule kuulemaan humanistisen osaston ty\u00f6el\u00e4m\u00e4yhteisty\u00f6st\u00e4 - HUMUS \u2013 Humanistit uudistuvassa ty\u00f6el\u00e4m\u00e4ss\u00e4","robots":{"index":"index","follow":"follow","max-snippet":"max-snippet:-1","max-image-preview":"max-image-preview:large","max-video-preview":"max-video-preview:-1"},"canonical":"https:\/\/blogs.uef.fi\/humanistit-uudistuvassa-tyoelamassa\/2022\/08\/23\/tyota-karnevaalit-17-9-2022-tule-kuulemaan-humanistisen-osaston-tyoelamayhteistyosta\/","og_locale":"fi_FI","og_type":"article","og_title":"Ty\u00f6t\u00e4-karnevaalit 17.9.2022 \u2013 tule kuulemaan humanistisen osaston ty\u00f6el\u00e4m\u00e4yhteisty\u00f6st\u00e4 - HUMUS \u2013 Humanistit uudistuvassa ty\u00f6el\u00e4m\u00e4ss\u00e4","og_description":"Humanistisen osaston ty\u00f6el\u00e4m\u00e4yhteisty\u00f6 on mukana Ty\u00f6t\u00e4-karnevaaleilla lauantaina 17.9.2022. Sokos Hotel Kimmeliss\u00e4. Klo 10\u201315 j\u00e4rjestett\u00e4v\u00e4ss\u00e4 tapahtumassa ty\u00f6nantajat ja ty\u00f6ntekij\u00e4t kohtaavat tositarkoituksella. Tervetuloa pisteellemme kuulemaan osaston ty\u00f6el\u00e4m\u00e4yhteisty\u00f6st\u00e4 ja yhteisty\u00f6mahdollisuuksista! Mukana on yli 80 rekrytoivaa ty\u00f6nantajaa eri aloilta. Ty\u00f6nhakijat voivat tapahtumassa etsi\u00e4 ty\u00f6paikkoja, esitt\u00e4yty\u00e4 ty\u00f6nantajille ja tutustua alueen yrityksiin. Tapahtuma on oiva tilaisuus verkostoitumiselle ja kiinnostavien organisaatioiden kartoittamiselle, [&hellip;]","og_url":"https:\/\/blogs.uef.fi\/humanistit-uudistuvassa-tyoelamassa\/2022\/08\/23\/tyota-karnevaalit-17-9-2022-tule-kuulemaan-humanistisen-osaston-tyoelamayhteistyosta\/","og_site_name":"HUMUS \u2013 Humanistit uudistuvassa ty\u00f6el\u00e4m\u00e4ss\u00e4","article_published_time":"2022-08-23T06:02:53+00:00","og_image":[{"url":"https:\/\/blogs.uef.fi\/humanistit-uudistuvassa-tyoelamassa\/wp-content\/uploads\/sites\/113\/2022\/08\/tyota-karnevaali-01.png","type":"","width":"","height":""}],"author":"miiahar","twitter_card":"summary_large_image","twitter_misc":{"Kirjoittanut":"miiahar","Arvioitu lukuaika":"2 minuuttia"},"schema":{"@context":"https:\/\/schema.org","@graph":[{"@type":"Article","@id":"https:\/\/blogs.uef.fi\/humanistit-uudistuvassa-tyoelamassa\/2022\/08\/23\/tyota-karnevaalit-17-9-2022-tule-kuulemaan-humanistisen-osaston-tyoelamayhteistyosta\/#article","isPartOf":{"@id":"https:\/\/blogs.uef.fi\/humanistit-uudistuvassa-tyoelamassa\/2022\/08\/23\/tyota-karnevaalit-17-9-2022-tule-kuulemaan-humanistisen-osaston-tyoelamayhteistyosta\/"},"author":{"name":"miiahar","@id":"https:\/\/blogs.uef.fi\/humanistit-uudistuvassa-tyoelamassa\/#\/schema\/person\/def8fb0fb6d2f4aefb1df73e6bb44b49"},"headline":"Ty\u00f6t\u00e4-karnevaalit 17.9.2022 \u2013 tule kuulemaan humanistisen osaston ty\u00f6el\u00e4m\u00e4yhteisty\u00f6st\u00e4","datePublished":"2022-08-23T06:02:53+00:00","mainEntityOfPage":{"@id":"https:\/\/blogs.uef.fi\/humanistit-uudistuvassa-tyoelamassa\/2022\/08\/23\/tyota-karnevaalit-17-9-2022-tule-kuulemaan-humanistisen-osaston-tyoelamayhteistyosta\/"},"wordCount":190,"commentCount":0,"image":{"@id":"https:\/\/blogs.uef.fi\/humanistit-uudistuvassa-tyoelamassa\/2022\/08\/23\/tyota-karnevaalit-17-9-2022-tule-kuulemaan-humanistisen-osaston-tyoelamayhteistyosta\/#primaryimage"},"thumbnailUrl":"https:\/\/blogs.uef.fi\/humanistit-uudistuvassa-tyoelamassa\/wp-content\/uploads\/sites\/113\/2022\/08\/tyota-karnevaali-01.png","keywords":["humanismi","kielet","kulttuuri","ty\u00f6el\u00e4m\u00e4","ty\u00f6el\u00e4m\u00e4taidot","ty\u00f6el\u00e4m\u00e4tapahtuma","ty\u00f6llistyminen","ty\u00f6nhaku","uutiset","verkostoituminen","yritysmaailma"],"articleSection":["Tapahtumat","Uutiset"],"inLanguage":"fi","potentialAction":[{"@type":"CommentAction","name":"Comment","target":["https:\/\/blogs.uef.fi\/humanistit-uudistuvassa-tyoelamassa\/2022\/08\/23\/tyota-karnevaalit-17-9-2022-tule-kuulemaan-humanistisen-osaston-tyoelamayhteistyosta\/#respond"]}]},{"@type":"WebPage","@id":"https:\/\/blogs.uef.fi\/humanistit-uudistuvassa-tyoelamassa\/2022\/08\/23\/tyota-karnevaalit-17-9-2022-tule-kuulemaan-humanistisen-osaston-tyoelamayhteistyosta\/","url":"https:\/\/blogs.uef.fi\/humanistit-uudistuvassa-tyoelamassa\/2022\/08\/23\/tyota-karnevaalit-17-9-2022-tule-kuulemaan-humanistisen-osaston-tyoelamayhteistyosta\/","name":"Ty\u00f6t\u00e4-karnevaalit 17.9.2022 \u2013 tule kuulemaan humanistisen osaston ty\u00f6el\u00e4m\u00e4yhteisty\u00f6st\u00e4 - HUMUS \u2013 Humanistit uudistuvassa ty\u00f6el\u00e4m\u00e4ss\u00e4","isPartOf":{"@id":"https:\/\/blogs.uef.fi\/humanistit-uudistuvassa-tyoelamassa\/#website"},"primaryImageOfPage":{"@id":"https:\/\/blogs.uef.fi\/humanistit-uudistuvassa-tyoelamassa\/2022\/08\/23\/tyota-karnevaalit-17-9-2022-tule-kuulemaan-humanistisen-osaston-tyoelamayhteistyosta\/#primaryimage"},"image":{"@id":"https:\/\/blogs.uef.fi\/humanistit-uudistuvassa-tyoelamassa\/2022\/08\/23\/tyota-karnevaalit-17-9-2022-tule-kuulemaan-humanistisen-osaston-tyoelamayhteistyosta\/#primaryimage"},"thumbnailUrl":"https:\/\/blogs.uef.fi\/humanistit-uudistuvassa-tyoelamassa\/wp-content\/uploads\/sites\/113\/2022\/08\/tyota-karnevaali-01.png","datePublished":"2022-08-23T06:02:53+00:00","author":{"@id":"https:\/\/blogs.uef.fi\/humanistit-uudistuvassa-tyoelamassa\/#\/schema\/person\/def8fb0fb6d2f4aefb1df73e6bb44b49"},"breadcrumb":{"@id":"https:\/\/blogs.uef.fi\/humanistit-uudistuvassa-tyoelamassa\/2022\/08\/23\/tyota-karnevaalit-17-9-2022-tule-kuulemaan-humanistisen-osaston-tyoelamayhteistyosta\/#breadcrumb"},"inLanguage":"fi","potentialAction":[{"@type":"ReadAction","target":["https:\/\/blogs.uef.fi\/humanistit-uudistuvassa-tyoelamassa\/2022\/08\/23\/tyota-karnevaalit-17-9-2022-tule-kuulemaan-humanistisen-osaston-tyoelamayhteistyosta\/"]}]},{"@type":"ImageObject","inLanguage":"fi","@id":"https:\/\/blogs.uef.fi\/humanistit-uudistuvassa-tyoelamassa\/2022\/08\/23\/tyota-karnevaalit-17-9-2022-tule-kuulemaan-humanistisen-osaston-tyoelamayhteistyosta\/#primaryimage","url":"https:\/\/blogs.uef.fi\/humanistit-uudistuvassa-tyoelamassa\/wp-content\/uploads\/sites\/113\/2022\/08\/tyota-karnevaali-01.png","contentUrl":"https:\/\/blogs.uef.fi\/humanistit-uudistuvassa-tyoelamassa\/wp-content\/uploads\/sites\/113\/2022\/08\/tyota-karnevaali-01.png","width":1080,"height":1080},{"@type":"BreadcrumbList","@id":"https:\/\/blogs.uef.fi\/humanistit-uudistuvassa-tyoelamassa\/2022\/08\/23\/tyota-karnevaalit-17-9-2022-tule-kuulemaan-humanistisen-osaston-tyoelamayhteistyosta\/#breadcrumb","itemListElement":[{"@type":"ListItem","position":1,"name":"Home","item":"https:\/\/blogs.uef.fi\/humanistit-uudistuvassa-tyoelamassa\/"},{"@type":"ListItem","position":2,"name":"Ty\u00f6t\u00e4-karnevaalit 17.9.2022 \u2013 tule kuulemaan humanistisen osaston ty\u00f6el\u00e4m\u00e4yhteisty\u00f6st\u00e4"}]},{"@type":"WebSite","@id":"https:\/\/blogs.uef.fi\/humanistit-uudistuvassa-tyoelamassa\/#website","url":"https:\/\/blogs.uef.fi\/humanistit-uudistuvassa-tyoelamassa\/","name":"HUMUS \u2013 Humanistit uudistuvassa ty\u00f6el\u00e4m\u00e4ss\u00e4","description":"","potentialAction":[{"@type":"SearchAction","target":{"@type":"EntryPoint","urlTemplate":"https:\/\/blogs.uef.fi\/humanistit-uudistuvassa-tyoelamassa\/?s={search_term_string}"},"query-input":{"@type":"PropertyValueSpecification","valueRequired":true,"valueName":"search_term_string"}}],"inLanguage":"fi"},{"@type":"Person","@id":"https:\/\/blogs.uef.fi\/humanistit-uudistuvassa-tyoelamassa\/#\/schema\/person\/def8fb0fb6d2f4aefb1df73e6bb44b49","name":"miiahar","image":{"@type":"ImageObject","inLanguage":"fi","@id":"https:\/\/secure.gravatar.com\/avatar\/74d6f3b717cfba37fe91fd3d70f11c1f3a72f91a4069c92b74d20eb7357eeb75?s=96&d=mm&r=g","url":"https:\/\/secure.gravatar.com\/avatar\/74d6f3b717cfba37fe91fd3d70f11c1f3a72f91a4069c92b74d20eb7357eeb75?s=96&d=mm&r=g","contentUrl":"https:\/\/secure.gravatar.com\/avatar\/74d6f3b717cfba37fe91fd3d70f11c1f3a72f91a4069c92b74d20eb7357eeb75?s=96&d=mm&r=g","caption":"miiahar"},"url":"https:\/\/blogs.uef.fi\/humanistit-uudistuvassa-tyoelamassa\/author\/miiahar\/"}]}},"_links":{"self":[{"href":"https:\/\/blogs.uef.fi\/humanistit-uudistuvassa-tyoelamassa\/wp-json\/wp\/v2\/posts\/3176","targetHints":{"allow":["GET"]}}],"collection":[{"href":"https:\/\/blogs.uef.fi\/humanistit-uudistuvassa-tyoelamassa\/wp-json\/wp\/v2\/posts"}],"about":[{"href":"https:\/\/blogs.uef.fi\/humanistit-uudistuvassa-tyoelamassa\/wp-json\/wp\/v2\/types\/post"}],"author":[{"embeddable":true,"href":"https:\/\/blogs.uef.fi\/humanistit-uudistuvassa-tyoelamassa\/wp-json\/wp\/v2\/users\/526"}],"replies":[{"embeddable":true,"href":"https:\/\/blogs.uef.fi\/humanistit-uudistuvassa-tyoelamassa\/wp-json\/wp\/v2\/comments?post=3176"}],"version-history":[{"count":2,"href":"https:\/\/blogs.uef.fi\/humanistit-uudistuvassa-tyoelamassa\/wp-json\/wp\/v2\/posts\/3176\/revisions"}],"predecessor-version":[{"id":3184,"href":"https:\/\/blogs.uef.fi\/humanistit-uudistuvassa-tyoelamassa\/wp-json\/wp\/v2\/posts\/3176\/revisions\/3184"}],"wp:attachment":[{"href":"https:\/\/blogs.uef.fi\/humanistit-uudistuvassa-tyoelamassa\/wp-json\/wp\/v2\/media?parent=3176"}],"wp:term":[{"taxonomy":"category","embeddable":true,"href":"https:\/\/blogs.uef.fi\/humanistit-uudistuvassa-tyoelamassa\/wp-json\/wp\/v2\/categories?post=3176"},{"taxonomy":"post_tag","embeddable":true,"href":"https:\/\/blogs.uef.fi\/humanistit-uudistuvassa-tyoelamassa\/wp-json\/wp\/v2\/tags?post=3176"}],"curies":[{"name":"wp","href":"https:\/\/api.w.org\/{rel}","templated":true}]}}