{"id":2872,"date":"2022-09-08T08:00:47","date_gmt":"2022-09-08T08:00:47","guid":{"rendered":"https:\/\/blogs.uef.fi\/humanistit-uudistuvassa-tyoelamassa\/?p=2872"},"modified":"2024-02-01T09:32:47","modified_gmt":"2024-02-01T07:32:47","slug":"humus-hanke-paattyy-tutustu-kolmivuotisen-hankkeen-tuloksiin","status":"publish","type":"post","link":"https:\/\/blogs.uef.fi\/humanistit-uudistuvassa-tyoelamassa\/2022\/09\/08\/humus-hanke-paattyy-tutustu-kolmivuotisen-hankkeen-tuloksiin\/","title":{"rendered":"HUMUS-hanke p\u00e4\u00e4ttyi \u2013 tutustu kolmivuotisen hankkeen tuloksiin"},"content":{"rendered":"<p><span class=\"TextRun SCXW234870041 BCX9\" lang=\"FI-FI\" xml:lang=\"FI-FI\" data-contrast=\"auto\"><span class=\"NormalTextRun SCXW234870041 BCX9\" data-ccp-parastyle=\"Normal (Web)\">Elokuun 2022 lopussa p\u00e4\u00e4ttyneen HUMUS-h<\/span><span class=\"NormalTextRun SCXW234870041 BCX9\" data-ccp-parastyle=\"Normal (Web)\">ankkeen <\/span><span class=\"NormalTextRun SCXW234870041 BCX9\" data-ccp-parastyle=\"Normal (Web)\">keskeisin\u00e4 tavoitteina olivat<\/span><span class=\"NormalTextRun SCXW234870041 BCX9\" data-ccp-parastyle=\"Normal (Web)\"> humanisti<\/span><span class=\"NormalTextRun SCXW234870041 BCX9\" data-ccp-parastyle=\"Normal (Web)\">aloilta<\/span> <span class=\"NormalTextRun SCXW234870041 BCX9\" data-ccp-parastyle=\"Normal (Web)\">valmistuneiden<\/span><span class=\"NormalTextRun SCXW234870041 BCX9\" data-ccp-parastyle=\"Normal (Web)\"> ty\u00f6el\u00e4m\u00e4\u00e4n siirtymis<\/span><span class=\"NormalTextRun SCXW234870041 BCX9\" data-ccp-parastyle=\"Normal (Web)\">en sujuvoittaminen<\/span> <span class=\"NormalTextRun SCXW234870041 BCX9\" data-ccp-parastyle=\"Normal (Web)\">sek\u00e4 alan<\/span> <span class=\"NormalTextRun SCXW234870041 BCX9\" data-ccp-parastyle=\"Normal (Web)\">opiskelijoiden ja jo valmistuneiden humanistien ty\u00f6el\u00e4m\u00e4yhteyksi<\/span><span class=\"NormalTextRun SCXW234870041 BCX9\" data-ccp-parastyle=\"Normal (Web)\">en kehitt\u00e4minen<\/span><span class=\"NormalTextRun SCXW234870041 BCX9\" data-ccp-parastyle=\"Normal (Web)\">.<\/span><span class=\"NormalTextRun SCXW234870041 BCX9\" data-ccp-parastyle=\"Normal (Web)\"> Lis\u00e4ksi hankkeessa korostettiin<\/span> <span class=\"NormalTextRun SCXW234870041 BCX9\" data-ccp-parastyle=\"Normal (Web)\">o<\/span><span class=\"NormalTextRun SCXW234870041 BCX9\" data-ccp-parastyle=\"Normal (Web)\">man osaamisen tunnistami<\/span><span class=\"NormalTextRun SCXW234870041 BCX9\" data-ccp-parastyle=\"Normal (Web)\">sen ja niiden esitt\u00e4misen taitoja, ylip\u00e4\u00e4t\u00e4\u00e4n ty\u00f6hakuvalmi<\/span><span class=\"NormalTextRun SCXW234870041 BCX9\" data-ccp-parastyle=\"Normal (Web)\">uksien kehitt\u00e4mist\u00e4<\/span><span class=\"NormalTextRun SCXW234870041 BCX9\" data-ccp-parastyle=\"Normal (Web)\">. <\/span><span class=\"NormalTextRun SCXW234870041 BCX9\" data-ccp-parastyle=\"Normal (Web)\">Erityisen keskeist\u00e4 hankkeessa<\/span><span class=\"NormalTextRun SCXW234870041 BCX9\" data-ccp-parastyle=\"Normal (Web)\"> oli<\/span><span class=\"NormalTextRun SCXW234870041 BCX9\" data-ccp-parastyle=\"Normal (Web)\"> yritysten ja muiden ty\u00f6nanta<\/span><\/span><span class=\"TextRun SCXW234870041 BCX9\" lang=\"FI-FI\" xml:lang=\"FI-FI\" data-contrast=\"auto\"><span class=\"NormalTextRun SCXW234870041 BCX9\" data-ccp-parastyle=\"Normal (Web)\">ja<\/span><span class=\"NormalTextRun SCXW234870041 BCX9\" data-ccp-parastyle=\"Normal (Web)\">organisaatioiden humanisteja koskevien tietojen p\u00e4ivitt\u00e4minen.<br \/>\n<\/span><\/span><\/p>\n<p><img loading=\"lazy\" decoding=\"async\" class=\"alignnone wp-image-3111 \" src=\"https:\/\/blogs.uef.fi\/humanistit-uudistuvassa-tyoelamassa\/wp-content\/uploads\/sites\/113\/2022\/08\/Tietolaatikko-hankkeesta-blogiin-02.png\" alt=\"HUMUS-hankkeen taustatiedot: Toteuttaja: It\u00e4-Suomen yliopiston humanistinen osasto Toteutusaika: 1.9.2019\u201331.8.2022 Rahoitus: 450 526 \u20ac P\u00e4\u00e4rahoittaja: Etel\u00e4-Savon ELY-keskus Muut rahoittajat: Abloy oy, Business Joensuu, Future Missions oy, Hukka Design oy, Joensuun popmuusikot ry, Karjalaisen Kulttuurin Edist\u00e4miss\u00e4\u00e4ti\u00f6, Kieliasiantuntijat ry, Taide- ja kulttuurialan ammattij\u00e4rjest\u00f6 TAKU ry, Pohjois-Karjalan kauppakamari, Pohjois-Karjalan Yritt\u00e4j\u00e4t ry, Siun sote, Valamis oy ja Youpret oy Kohderyhm\u00e4: Humanistisen alojen opiskelijat ja valmistuneet, It\u00e4-Suomessa toimivat yritykset Tavoite: Humanistien ty\u00f6llistymisedellytysten parantaminen, yritysten humanisteja koskevien tietojen p\u00e4ivitt\u00e4minen, humanistisen koulutuksen kehitt\u00e4minen \" width=\"432\" height=\"463\" srcset=\"https:\/\/blogs.uef.fi\/humanistit-uudistuvassa-tyoelamassa\/wp-content\/uploads\/sites\/113\/2022\/08\/Tietolaatikko-hankkeesta-blogiin-02.png 1216w, https:\/\/blogs.uef.fi\/humanistit-uudistuvassa-tyoelamassa\/wp-content\/uploads\/sites\/113\/2022\/08\/Tietolaatikko-hankkeesta-blogiin-02-280x300.png 280w, https:\/\/blogs.uef.fi\/humanistit-uudistuvassa-tyoelamassa\/wp-content\/uploads\/sites\/113\/2022\/08\/Tietolaatikko-hankkeesta-blogiin-02-955x1024.png 955w, https:\/\/blogs.uef.fi\/humanistit-uudistuvassa-tyoelamassa\/wp-content\/uploads\/sites\/113\/2022\/08\/Tietolaatikko-hankkeesta-blogiin-02-768x824.png 768w\" sizes=\"auto, (max-width: 432px) 100vw, 432px\" \/><\/p>\n<p><span class=\"TextRun SCXW94988343 BCX9\" lang=\"FI-FI\" xml:lang=\"FI-FI\" data-contrast=\"auto\"><span class=\"NormalTextRun SCXW94988343 BCX9\" data-ccp-parastyle=\"Normal (Web)\">HUMUS<\/span> <span class=\"NormalTextRun SCXW94988343 BCX9\" data-ccp-parastyle=\"Normal (Web)\">j\u00e4rjesti ajankohtaisi<\/span><span class=\"NormalTextRun SCXW94988343 BCX9\" data-ccp-parastyle=\"Normal (Web)\">a<\/span><span class=\"NormalTextRun SCXW94988343 BCX9\" data-ccp-parastyle=\"Normal (Web)\"> ty\u00f6el\u00e4m\u00e4tapahtumia, <\/span><span class=\"NormalTextRun SCXW94988343 BCX9\" data-ccp-parastyle=\"Normal (Web)\">opiskelijoiden ty\u00f6paikka <\/span><span class=\"NormalTextRun SCXW94988343 BCX9\" data-ccp-parastyle=\"Normal (Web)\">mentorointia, <\/span><span class=\"NormalTextRun SCXW94988343 BCX9\" data-ccp-parastyle=\"Normal (Web)\">ty\u00f6paikka<\/span><span class=\"NormalTextRun SCXW94988343 BCX9\" data-ccp-parastyle=\"Normal (Web)\">vierailuja<\/span> <span class=\"NormalTextRun SCXW94988343 BCX9\" data-ccp-parastyle=\"Normal (Web)\">sek\u00e4<\/span> <span class=\"NormalTextRun SCXW94988343 BCX9\" data-ccp-parastyle=\"Normal (Web)\">alumnita<\/span><span class=\"NormalTextRun SCXW94988343 BCX9\" data-ccp-parastyle=\"Normal (Web)\">pahtumia, jossa alalta valmistuneet ja t<\/span><span class=\"NormalTextRun SCXW94988343 BCX9\" data-ccp-parastyle=\"Normal (Web)\">y\u00f6el\u00e4m\u00e4\u00e4n sijoittuneet humanistit kertoivat<\/span> <span class=\"NormalTextRun SCXW94988343 BCX9\" data-ccp-parastyle=\"Normal (Web)\">ty\u00f6llistymistarinaansa<\/span><span class=\"NormalTextRun SCXW94988343 BCX9\" data-ccp-parastyle=\"Normal (Web)\">.<\/span> <span class=\"NormalTextRun SCXW94988343 BCX9\" data-ccp-parastyle=\"Normal (Web)\">N\u00e4in o<\/span><span class=\"NormalTextRun SCXW94988343 BCX9\" data-ccp-parastyle=\"Normal (Web)\">piskelijat p\u00e4\u00e4siv\u00e4t kuulemaan eri <\/span><span class=\"NormalTextRun SCXW94988343 BCX9\" data-ccp-parastyle=\"Normal (Web)\">ty\u00f6el\u00e4m\u00e4n <\/span><span class=\"NormalTextRun SCXW94988343 BCX9\" data-ccp-parastyle=\"Normal (Web)\">alojen<\/span><span class=\"NormalTextRun SCXW94988343 BCX9\" data-ccp-parastyle=\"Normal (Web)\"> ty\u00f6paikoista ja -teht\u00e4vist\u00e4 ja humanistien ty\u00f6llistymisest\u00e4 niihin<\/span><span class=\"NormalTextRun SCXW94988343 BCX9\" data-ccp-parastyle=\"Normal (Web)\">.<\/span> <span class=\"NormalTextRun SCXW94988343 BCX9\" data-ccp-parastyle=\"Normal (Web)\">T<\/span><span class=\"NormalTextRun SCXW94988343 BCX9\" data-ccp-parastyle=\"Normal (Web)\">y\u00f6nha<\/span><span class=\"NormalTextRun SCXW94988343 BCX9\" data-ccp-parastyle=\"Normal (Web)\">kua ja muita <\/span><span class=\"NormalTextRun SCXW94988343 BCX9\" data-ccp-parastyle=\"Normal (Web)\">ty\u00f6el\u00e4m\u00e4n k\u00e4yt\u00e4ntei<\/span><span class=\"NormalTextRun SCXW94988343 BCX9\" data-ccp-parastyle=\"Normal (Web)\">t\u00e4<\/span> <span class=\"NormalTextRun SCXW94988343 BCX9\" data-ccp-parastyle=\"Normal (Web)\">k\u00e4sitelleiss\u00e4<\/span><span class=\"NormalTextRun SCXW94988343 BCX9\" data-ccp-parastyle=\"Normal (Web)\"> tietoisku<\/span><span class=\"NormalTextRun SCXW94988343 BCX9\" data-ccp-parastyle=\"Normal (Web)\">i<\/span><span class=\"NormalTextRun SCXW94988343 BCX9\" data-ccp-parastyle=\"Normal (Web)\">ss<\/span><span class=\"NormalTextRun SCXW94988343 BCX9\" data-ccp-parastyle=\"Normal (Web)\">a, ty\u00f6pajoi<\/span><span class=\"NormalTextRun SCXW94988343 BCX9\" data-ccp-parastyle=\"Normal (Web)\">ss<\/span><span class=\"NormalTextRun SCXW94988343 BCX9\" data-ccp-parastyle=\"Normal (Web)\">a<\/span><span class=\"NormalTextRun SCXW94988343 BCX9\" data-ccp-parastyle=\"Normal (Web)\"> ja valmennuksi<\/span><span class=\"NormalTextRun SCXW94988343 BCX9\" data-ccp-parastyle=\"Normal (Web)\">ss<\/span><span class=\"NormalTextRun SCXW94988343 BCX9\" data-ccp-parastyle=\"Normal (Web)\">a<\/span> <span class=\"NormalTextRun SCXW94988343 BCX9\" data-ccp-parastyle=\"Normal (Web)\">niin ik\u00e4\u00e4n <\/span><span class=\"NormalTextRun SCXW94988343 BCX9\" data-ccp-parastyle=\"Normal (Web)\">edistettiin humanistien taitoja oman osaamisen<\/span><span class=\"NormalTextRun SCXW94988343 BCX9\" data-ccp-parastyle=\"Normal (Web)\"> markkinoi<\/span><span class=\"NormalTextRun SCXW94988343 BCX9\" data-ccp-parastyle=\"Normal (Web)\">nnissa<\/span><span class=\"NormalTextRun SCXW94988343 BCX9\" data-ccp-parastyle=\"Normal (Web)\">.<\/span><\/span><\/p>\n<p><span data-contrast=\"auto\">Hankkeen kohderyhm\u00e4t saivat yritysvierailuilla kokonaiskuvaa alueen yrityskent\u00e4st\u00e4 ja niiden tarjoamista ty\u00f6mahdollisuuksista. Samalla yrityksiss\u00e4 tultiin entist\u00e4 tietoisemmiksi humanistien osaamisesta ja tietotaidosta. Opiskelijat kuulivat muun muassa uran\u00e4kymist\u00e4 kansainv\u00e4lisiss\u00e4 teht\u00e4viss\u00e4 huolinta- ja logistiikka-aloilla. Niin ik\u00e4\u00e4n opiskelijoille avautui ohjelmistoalan vierailujen my\u00f6t\u00e4 uusia polkuja k\u00e4ytt\u00e4j\u00e4kokemuksiin ja k\u00e4ytett\u00e4vyystestauksiin. Yritystapaamisissa korostuivat kieli- ja viestint\u00e4taidot perustana sujuville asiakaskohtaamisille. T\u00e4m\u00e4 ilment\u00e4\u00e4 suoraan humanistisen koulutuksen ydint\u00e4 eli kielten, kulttuurisen moninaisuuden ja vuorovaikutuksen ymm\u00e4rt\u00e4mist\u00e4 nykyaikaisen ty\u00f6el\u00e4m\u00e4n resurssina.<\/span><span data-ccp-props=\"{&quot;134233117&quot;:true,&quot;134233118&quot;:true,&quot;201341983&quot;:0,&quot;335559740&quot;:240}\">\u00a0<\/span><\/p>\n<p><span data-contrast=\"auto\">Humanistiseen koulutukseen kehitettiin ty\u00f6el\u00e4m\u00e4opintojen toimintamuoto, mentorointiohjelma. Kuten ty\u00f6harjoittelusta, mentoroinnista opiskelija saa ajantasaista tietoa ty\u00f6el\u00e4m\u00e4n k\u00e4yt\u00e4nteist\u00e4, tutustuu konkreettisesti ty\u00f6el\u00e4m\u00e4n kysymyksiin ja arvioi omaa osaamistaan ja kehitt\u00e4mistarpeitaan suhteessa tiettyihin ty\u00f6teht\u00e4viin. Ohjelmassa opiskelijat tutustuivat kansainv\u00e4lisen kaupan alaan, k\u00e4\u00e4nt\u00e4misen- ja tulkkauksen konkretiaan, tiedonv\u00e4litykseen, viestint\u00e4<\/span><span data-contrast=\"auto\">\u00e4<\/span><span data-contrast=\"auto\">n ja kirjastotoimeen. Toimintamallin idea on siin\u00e4, ett\u00e4 mentorinsa osaaminen, urapolku ja ty\u00f6teht\u00e4v<\/span><span data-contrast=\"auto\">\u00e4t<\/span><span data-contrast=\"auto\"> avaavat ja konkretisoivat opiskelijalle omia uratavoitteitaan ja ty\u00f6el\u00e4m\u00e4\u00e4n sijoittumista edist\u00e4v\u00e4<\/span><span data-contrast=\"auto\">\u00e4<\/span><span data-contrast=\"auto\"> verkostoitumista. Mallin toinen idea on, ett\u00e4 luonnollinen vuorovaikutus mentorin kanssa auttaa opiskelijaa arvioimaan ja tunnistamaan omia vahvuuksiaan ja tuomaan niit\u00e4 esiin. Ohjelman my\u00f6t\u00e4 osa opiskelijoista p\u00e4\u00e4tyi mentorinsa organisaatioon ty\u00f6harjoitteluun ja mahdollisesti ty\u00f6uransa alkup\u00e4\u00e4h\u00e4n.<\/span><span data-ccp-props=\"{&quot;134233117&quot;:true,&quot;134233118&quot;:true,&quot;201341983&quot;:0,&quot;335559740&quot;:240}\">\u00a0<\/span><\/p>\n<p><span data-contrast=\"none\">Hankkeen opiskelijaty\u00f6ryhm\u00e4n kautta ohjelmallisiin toteutuksiin saatiin arvokasta opiskelijan\u00e4k\u00f6kulmaa. Ty\u00f6ryhm\u00e4 antoi t\u00e4rke\u00e4n panoksen tapahtumien j\u00e4rjestelyihin ja tiedotukseen. N\u00e4in ty\u00f6ryhm\u00e4n toimintaan osallistuneet opiskelijat saivat hankkeen my\u00f6t\u00e4 humanistin arkip\u00e4iv\u00e4ist\u00e4 ty\u00f6kokemusta.<\/span><span data-ccp-props=\"{&quot;134233117&quot;:true,&quot;134233118&quot;:true,&quot;201341983&quot;:0,&quot;335559740&quot;:240}\">\u00a0<\/span><\/p>\n<p><img loading=\"lazy\" decoding=\"async\" class=\"alignnone wp-image-3105 \" src=\"https:\/\/blogs.uef.fi\/humanistit-uudistuvassa-tyoelamassa\/wp-content\/uploads\/sites\/113\/2022\/08\/Hankkeen-tulokset-blogiin-01.png\" alt=\"HUMUS-hankkeen tuloksia lukuina 2 mentorointiohjelman kautta, 32 mentoriparia 8 ty\u00f6el\u00e4m\u00e4viikkoa 30 tietoiskua ja valmennusta 31 opinn\u00e4yte- ja projektity\u00f6aihetta yhteisty\u00f6organisaatioilta 35 organisaation ty\u00f6el\u00e4m\u00e4verkosto humanistiselle osastolle 42 organisaatiota vierailukohteena 95 j\u00e4rjestetty\u00e4 yleis\u00f6tilaisuutta 180 osallistumiskertaa kansainv\u00e4listymisvalmiuksia vahvistavissa koulutuksissa ja tapahtumissa 1925 osallistumiskertaa kaikkiin tilaisuuksiin\" width=\"470\" height=\"504\" srcset=\"https:\/\/blogs.uef.fi\/humanistit-uudistuvassa-tyoelamassa\/wp-content\/uploads\/sites\/113\/2022\/08\/Hankkeen-tulokset-blogiin-01.png 1216w, https:\/\/blogs.uef.fi\/humanistit-uudistuvassa-tyoelamassa\/wp-content\/uploads\/sites\/113\/2022\/08\/Hankkeen-tulokset-blogiin-01-280x300.png 280w, https:\/\/blogs.uef.fi\/humanistit-uudistuvassa-tyoelamassa\/wp-content\/uploads\/sites\/113\/2022\/08\/Hankkeen-tulokset-blogiin-01-955x1024.png 955w, https:\/\/blogs.uef.fi\/humanistit-uudistuvassa-tyoelamassa\/wp-content\/uploads\/sites\/113\/2022\/08\/Hankkeen-tulokset-blogiin-01-768x824.png 768w\" sizes=\"auto, (max-width: 470px) 100vw, 470px\" \/><\/p>\n<p><span data-contrast=\"auto\">Olennaisia koulutuksen ty\u00f6el\u00e4m\u00e4l\u00e4ht\u00f6isyytt\u00e4 kehitt\u00e4vi<\/span><span data-contrast=\"auto\">\u00e4 toimintamuoto<\/span><span data-contrast=\"auto\">ja hankkeessa olivat opinn\u00e4yteyhteisty\u00f6, vierailuluennot ja yritysyhteisty\u00f6kurssit. Yhteisty\u00f6kursseilla opiskelijat p\u00e4\u00e4siv\u00e4t tutustumaan muun muassa kustannustoimintaan. Lis\u00e4ksi er\u00e4iden yritysten kanssa hankkeessa pilotoitiin humanistien taidoille perustuvia ty\u00f6harjoittelupaikkoja, josta hy\u00f6tyiv\u00e4t molemmat osapuolet.<\/span><\/p>\n<p><span data-contrast=\"auto\">Hanke osoitti, ett\u00e4 osana opintoja j\u00e4rjestett\u00e4v\u00e4t yhteisty\u00f6toimet vahvistavat koulutuksen ty\u00f6el\u00e4m\u00e4relevanssia ja lis\u00e4siv\u00e4t yrityksiss\u00e4 tietoutta humanistien osaamisesta, tiedoista ja taidoista. Luopumatta teoriapainotteisesta akateemisesta koulutuksesta ty\u00f6el\u00e4m\u00e4n asiantuntijat ovat tuoneet opintoihin k\u00e4yt\u00e4nn\u00f6llist\u00e4 sovellettavuutta.<\/span><\/p>\n<p><span data-contrast=\"auto\">Hankkeen p\u00e4\u00e4tteeksi siin\u00e4 tunnistetut hyv\u00e4t k\u00e4yt\u00e4nn\u00f6t on muotoiltu ty\u00f6el\u00e4m\u00e4yhteisty\u00f6malliksi. Malli julkaistaan avoimesti tutustuttavaksi humanistisen osaston ty\u00f6el\u00e4m\u00e4sivustolla. Niin ik\u00e4\u00e4n hankkeessa saatiin aikaan koulutusyksik\u00f6n, yritysten ja muiden ty\u00f6el\u00e4m\u00e4n toimijoiden v\u00e4linen, aktiivinen ty\u00f6el\u00e4m\u00e4verkosto. T\u00e4m<\/span><span data-contrast=\"auto\">\u00e4 <\/span><span data-contrast=\"auto\">yhteisty\u00f6muoto on vakinaistettu humanistisen osaston pysyviin perustoimintoihin.<\/span><\/p>\n<p><img loading=\"lazy\" decoding=\"async\" class=\"alignnone wp-image-3164 \" src=\"https:\/\/blogs.uef.fi\/humanistit-uudistuvassa-tyoelamassa\/wp-content\/uploads\/sites\/113\/2022\/08\/Hankkeen-tulokset-blogiin-02-1.png\" alt=\"HUMUS-hankkeen tuloksia hankkeen kautta yrityksiin ty\u00f6llistyneit\u00e4 ja harjoittelupaikan saaneita opiskelijoita opinn\u00e4yteyhteist\u00f6it\u00e4 vierailuluentoja kursseilla, yritysyhteisty\u00f6kursseja opiskelijaty\u00f6ryhm\u00e4toiminnan aloittaminen ty\u00f6el\u00e4m\u00e4verkosto humanistiselle osastolle humanistisen osaston ty\u00f6el\u00e4m\u00e4toimintamalli Luotsi Joensuu -hankkeen kanssa kehitetty TalentHub-alusta, jossa kansainv\u00e4liset osaajat ja ty\u00f6paikat kohtaavat toisensa. \" width=\"478\" height=\"513\" srcset=\"https:\/\/blogs.uef.fi\/humanistit-uudistuvassa-tyoelamassa\/wp-content\/uploads\/sites\/113\/2022\/08\/Hankkeen-tulokset-blogiin-02-1.png 1216w, https:\/\/blogs.uef.fi\/humanistit-uudistuvassa-tyoelamassa\/wp-content\/uploads\/sites\/113\/2022\/08\/Hankkeen-tulokset-blogiin-02-1-280x300.png 280w, https:\/\/blogs.uef.fi\/humanistit-uudistuvassa-tyoelamassa\/wp-content\/uploads\/sites\/113\/2022\/08\/Hankkeen-tulokset-blogiin-02-1-955x1024.png 955w, https:\/\/blogs.uef.fi\/humanistit-uudistuvassa-tyoelamassa\/wp-content\/uploads\/sites\/113\/2022\/08\/Hankkeen-tulokset-blogiin-02-1-768x824.png 768w\" sizes=\"auto, (max-width: 478px) 100vw, 478px\" \/><\/p>\n<p><span data-contrast=\"auto\">Hankkeessa j\u00e4rjestettiin yritt\u00e4jyytt\u00e4 ja itsens\u00e4 ty\u00f6llist\u00e4mist\u00e4 tukevia tilaisuuksissa, joissa yritt\u00e4jyyden asiantuntijat esitteliv\u00e4t eri yritysmuotoja ja niiden toimintaan liittyvi\u00e4 kokemuksiaan. Esimerkiksi palvelumuotoiluun keskittyv\u00e4ss\u00e4 ty\u00f6pajassa keskityttiin siihen, miten humanistisen osaamisen pohjalta voi luoda palveluja ja yritystoimintaa. T\u00e4llaisen tietotaidon kokoaminen ja esiin tuominen osoittautui hankkeen my\u00f6t\u00e4 erityisen t\u00e4rke\u00e4ksi. Hankkeessa paljastui, ett\u00e4 humanistiselta koulutusalalta valmistuneet ovat eritt\u00e4in aktiivisia erimuotoisten yritysten perustajia.<\/span><span data-ccp-props=\"{&quot;134233117&quot;:true,&quot;134233118&quot;:true,&quot;201341983&quot;:0,&quot;335559740&quot;:240}\">\u00a0<\/span><\/p>\n<p><span data-contrast=\"auto\">Hankkeen tuloksena humanistien vahvuudet tunnetaan It\u00e4-Suomen ty\u00f6markkinoilla paremmin kuin ennen. Yh\u00e4 kansainv\u00e4lisemm\u00e4ss\u00e4 ty\u00f6el\u00e4m\u00e4ss\u00e4 tieto humanistien kieliosaamisesta, ihmisymm\u00e4rryksest\u00e4 ja kulttuurien v\u00e4lisist\u00e4 kohtaamisista on hankkeen my\u00f6t\u00e4 saavuttanut it\u00e4suomalaista ty\u00f6el\u00e4m\u00e4\u00e4. Samalla vuorovaikutuksellinen yhteisty\u00f6 on lis\u00e4nnyt it\u00e4suomalaisten yritysten edustamien alojen houkuttelevuutta opiskelijoiden, tulevaisuuden ty\u00f6voimapotentiaalin keskuudessa. N\u00e4in hankkeen voi olettaa vaikuttaneen alueen ja maakunnan veto- ja pitovoimaan.<\/span><\/p>\n<p><span data-contrast=\"auto\">Koulutuksen ja ty\u00f6el\u00e4m\u00e4n v\u00e4lille muodostunut aktiivinen vuorovaikutus auttaa tulevaisuudessa ennakoimaan ty\u00f6el\u00e4m\u00e4n muutoksia ja muuttuvia osaamistarpeita. T\u00e4m\u00e4 puolestaan mahdollistaa ty\u00f6el\u00e4m\u00e4n suoraan palautteeseen nopeasti reagoivan koulutuksen kehitt\u00e4misen \u2013 paremman humanistisen maailman.<\/span><\/p>\n<p>Kiitos kaikille HUMUS-hankkeen toimintaan osallistuneille organisaatioille!<\/p>\n<p><img loading=\"lazy\" decoding=\"async\" class=\"alignnone wp-image-2878 size-full\" src=\"https:\/\/blogs.uef.fi\/humanistit-uudistuvassa-tyoelamassa\/wp-content\/uploads\/sites\/113\/2022\/06\/Logopilvi-01.png\" alt=\"Hankkeen yhteisty\u00f6kumppaneiden logoja\" width=\"1920\" height=\"1080\" srcset=\"https:\/\/blogs.uef.fi\/humanistit-uudistuvassa-tyoelamassa\/wp-content\/uploads\/sites\/113\/2022\/06\/Logopilvi-01.png 1920w, https:\/\/blogs.uef.fi\/humanistit-uudistuvassa-tyoelamassa\/wp-content\/uploads\/sites\/113\/2022\/06\/Logopilvi-01-300x169.png 300w, https:\/\/blogs.uef.fi\/humanistit-uudistuvassa-tyoelamassa\/wp-content\/uploads\/sites\/113\/2022\/06\/Logopilvi-01-1024x576.png 1024w, https:\/\/blogs.uef.fi\/humanistit-uudistuvassa-tyoelamassa\/wp-content\/uploads\/sites\/113\/2022\/06\/Logopilvi-01-768x432.png 768w, https:\/\/blogs.uef.fi\/humanistit-uudistuvassa-tyoelamassa\/wp-content\/uploads\/sites\/113\/2022\/06\/Logopilvi-01-1536x864.png 1536w\" sizes=\"auto, (max-width: 1920px) 100vw, 1920px\" \/><\/p>\n<p><img loading=\"lazy\" decoding=\"async\" class=\"alignnone wp-image-2875 size-full\" style=\"font-size: 1rem\" src=\"https:\/\/blogs.uef.fi\/humanistit-uudistuvassa-tyoelamassa\/wp-content\/uploads\/sites\/113\/2022\/06\/Logopilvi-02.png\" alt=\"Hankkeen yhteisty\u00f6kumppaneiden logoja\" width=\"1920\" height=\"1080\" srcset=\"https:\/\/blogs.uef.fi\/humanistit-uudistuvassa-tyoelamassa\/wp-content\/uploads\/sites\/113\/2022\/06\/Logopilvi-02.png 1920w, https:\/\/blogs.uef.fi\/humanistit-uudistuvassa-tyoelamassa\/wp-content\/uploads\/sites\/113\/2022\/06\/Logopilvi-02-300x169.png 300w, https:\/\/blogs.uef.fi\/humanistit-uudistuvassa-tyoelamassa\/wp-content\/uploads\/sites\/113\/2022\/06\/Logopilvi-02-1024x576.png 1024w, https:\/\/blogs.uef.fi\/humanistit-uudistuvassa-tyoelamassa\/wp-content\/uploads\/sites\/113\/2022\/06\/Logopilvi-02-768x432.png 768w, https:\/\/blogs.uef.fi\/humanistit-uudistuvassa-tyoelamassa\/wp-content\/uploads\/sites\/113\/2022\/06\/Logopilvi-02-1536x864.png 1536w\" sizes=\"auto, (max-width: 1920px) 100vw, 1920px\" \/><\/p>\n<p><span class=\"TextRun SCXW17224642 BCX0\" lang=\"FI-FI\" xml:lang=\"FI-FI\" data-contrast=\"auto\"><span class=\"NormalTextRun SCXW17224642 BCX0\">Kiitos hankkeen rahoittajille!<\/span><\/span><span class=\"EOP SCXW17224642 BCX0\" data-ccp-props=\"{&quot;201341983&quot;:0,&quot;335559739&quot;:160,&quot;335559740&quot;:259}\">\u00a0<\/span><\/p>\n<p><img loading=\"lazy\" decoding=\"async\" class=\"alignnone wp-image-2058 size-full\" style=\"font-size: 1rem\" src=\"https:\/\/blogs.uef.fi\/humanistit-uudistuvassa-tyoelamassa\/wp-content\/uploads\/sites\/113\/2022\/02\/logot-3-e1660032698736.png\" alt=\"Hankkeen rahoittajien logoja\" width=\"5806\" height=\"1555\" srcset=\"https:\/\/blogs.uef.fi\/humanistit-uudistuvassa-tyoelamassa\/wp-content\/uploads\/sites\/113\/2022\/02\/logot-3-e1660032698736.png 5806w, https:\/\/blogs.uef.fi\/humanistit-uudistuvassa-tyoelamassa\/wp-content\/uploads\/sites\/113\/2022\/02\/logot-3-e1660032698736-300x80.png 300w, https:\/\/blogs.uef.fi\/humanistit-uudistuvassa-tyoelamassa\/wp-content\/uploads\/sites\/113\/2022\/02\/logot-3-e1660032698736-1024x274.png 1024w, https:\/\/blogs.uef.fi\/humanistit-uudistuvassa-tyoelamassa\/wp-content\/uploads\/sites\/113\/2022\/02\/logot-3-e1660032698736-768x206.png 768w, https:\/\/blogs.uef.fi\/humanistit-uudistuvassa-tyoelamassa\/wp-content\/uploads\/sites\/113\/2022\/02\/logot-3-e1660032698736-1536x411.png 1536w, https:\/\/blogs.uef.fi\/humanistit-uudistuvassa-tyoelamassa\/wp-content\/uploads\/sites\/113\/2022\/02\/logot-3-e1660032698736-2048x549.png 2048w\" sizes=\"auto, (max-width: 5806px) 100vw, 5806px\" \/><img loading=\"lazy\" decoding=\"async\" class=\"alignnone wp-image-2881 size-full\" style=\"font-size: 1rem\" src=\"https:\/\/blogs.uef.fi\/humanistit-uudistuvassa-tyoelamassa\/wp-content\/uploads\/sites\/113\/2022\/06\/rahoittajalogot-01.png\" alt=\"Hankkeen rahoittajien logoja\" width=\"1920\" height=\"1080\" srcset=\"https:\/\/blogs.uef.fi\/humanistit-uudistuvassa-tyoelamassa\/wp-content\/uploads\/sites\/113\/2022\/06\/rahoittajalogot-01.png 1920w, https:\/\/blogs.uef.fi\/humanistit-uudistuvassa-tyoelamassa\/wp-content\/uploads\/sites\/113\/2022\/06\/rahoittajalogot-01-300x169.png 300w, https:\/\/blogs.uef.fi\/humanistit-uudistuvassa-tyoelamassa\/wp-content\/uploads\/sites\/113\/2022\/06\/rahoittajalogot-01-1024x576.png 1024w, https:\/\/blogs.uef.fi\/humanistit-uudistuvassa-tyoelamassa\/wp-content\/uploads\/sites\/113\/2022\/06\/rahoittajalogot-01-768x432.png 768w, https:\/\/blogs.uef.fi\/humanistit-uudistuvassa-tyoelamassa\/wp-content\/uploads\/sites\/113\/2022\/06\/rahoittajalogot-01-1536x864.png 1536w\" sizes=\"auto, (max-width: 1920px) 100vw, 1920px\" \/><\/p>\n<p><span data-contrast=\"auto\">Teksti: HUMUS-hankkeen projektip\u00e4\u00e4llikk\u00f6 Anna Logr\u00e9n, vastaava johtaja Risto Turunen, ohjaaja Jukka M\u00e4kisalo ja projektisihteeri Miia Hartikainen<\/span><span data-ccp-props=\"{&quot;201341983&quot;:0,&quot;335559739&quot;:160,&quot;335559740&quot;:259}\">\u00a0<\/span><\/p>\n<p><span data-contrast=\"auto\">Kuvitus: Miia Hartikainen<\/span><\/p>\n","protected":false},"excerpt":{"rendered":"<p>Elokuun 2022 lopussa p\u00e4\u00e4ttyneen HUMUS-hankkeen keskeisin\u00e4 tavoitteina olivat humanistialoilta valmistuneiden ty\u00f6el\u00e4m\u00e4\u00e4n siirtymisen sujuvoittaminen sek\u00e4 alan opiskelijoiden ja jo valmistuneiden humanistien ty\u00f6el\u00e4m\u00e4yhteyksien kehitt\u00e4minen. Lis\u00e4ksi hankkeessa korostettiin oman osaamisen tunnistamisen ja niiden esitt\u00e4misen taitoja, ylip\u00e4\u00e4t\u00e4\u00e4n ty\u00f6hakuvalmiuksien kehitt\u00e4mist\u00e4. Erityisen keskeist\u00e4 hankkeessa oli yritysten ja muiden ty\u00f6nantajaorganisaatioiden humanisteja koskevien tietojen p\u00e4ivitt\u00e4minen. HUMUS j\u00e4rjesti ajankohtaisia ty\u00f6el\u00e4m\u00e4tapahtumia, opiskelijoiden ty\u00f6paikka mentorointia, ty\u00f6paikkavierailuja [&hellip;]<\/p>\n","protected":false},"author":287,"featured_media":3516,"comment_status":"open","ping_status":"open","sticky":false,"template":"","format":"standard","meta":{"_acf_changed":false,"footnotes":""},"categories":[1],"tags":[87,68,93,36,48,39,42,78,81,74,61,94,30,100,27,65,77,51,103,97,33],"class_list":["post-2872","post","type-post","status-publish","format-standard","has-post-thumbnail","hentry","category-uutiset","tag-asiantuntija","tag-harjoittelukokemus","tag-humanismi","tag-humanisti","tag-humanistialumni","tag-kielet","tag-kulttuuri","tag-mentorointi","tag-mentorointiohjelma","tag-opiskelijatyoryhma","tag-tyoelama","tag-tyoelamapuheenvuoro","tag-tyoelamataidot","tag-tyoelamatapahtuma","tag-tyoelamaviikko","tag-tyoharjoittelu","tag-tyollistyminen","tag-tyonhaku","tag-verkostoituminen","tag-yritysmaailma","tag-yritysyhteistyo"],"acf":[],"yoast_head":"<!-- This site is optimized with the Yoast SEO plugin v27.3 - https:\/\/yoast.com\/product\/yoast-seo-wordpress\/ -->\n<title>HUMUS-hanke p\u00e4\u00e4ttyi \u2013 tutustu kolmivuotisen hankkeen tuloksiin - HUMUS \u2013 Humanistit uudistuvassa ty\u00f6el\u00e4m\u00e4ss\u00e4<\/title>\n<meta name=\"robots\" content=\"index, follow, max-snippet:-1, max-image-preview:large, max-video-preview:-1\" \/>\n<link rel=\"canonical\" href=\"https:\/\/blogs.uef.fi\/humanistit-uudistuvassa-tyoelamassa\/2022\/09\/08\/humus-hanke-paattyy-tutustu-kolmivuotisen-hankkeen-tuloksiin\/\" \/>\n<meta property=\"og:locale\" content=\"fi_FI\" \/>\n<meta property=\"og:type\" content=\"article\" \/>\n<meta property=\"og:title\" content=\"HUMUS-hanke p\u00e4\u00e4ttyi \u2013 tutustu kolmivuotisen hankkeen tuloksiin - HUMUS \u2013 Humanistit uudistuvassa ty\u00f6el\u00e4m\u00e4ss\u00e4\" \/>\n<meta property=\"og:description\" content=\"Elokuun 2022 lopussa p\u00e4\u00e4ttyneen HUMUS-hankkeen keskeisin\u00e4 tavoitteina olivat humanistialoilta valmistuneiden ty\u00f6el\u00e4m\u00e4\u00e4n siirtymisen sujuvoittaminen sek\u00e4 alan opiskelijoiden ja jo valmistuneiden humanistien ty\u00f6el\u00e4m\u00e4yhteyksien kehitt\u00e4minen. Lis\u00e4ksi hankkeessa korostettiin oman osaamisen tunnistamisen ja niiden esitt\u00e4misen taitoja, ylip\u00e4\u00e4t\u00e4\u00e4n ty\u00f6hakuvalmiuksien kehitt\u00e4mist\u00e4. Erityisen keskeist\u00e4 hankkeessa oli yritysten ja muiden ty\u00f6nantajaorganisaatioiden humanisteja koskevien tietojen p\u00e4ivitt\u00e4minen. HUMUS j\u00e4rjesti ajankohtaisia ty\u00f6el\u00e4m\u00e4tapahtumia, opiskelijoiden ty\u00f6paikka mentorointia, ty\u00f6paikkavierailuja [&hellip;]\" \/>\n<meta property=\"og:url\" content=\"https:\/\/blogs.uef.fi\/humanistit-uudistuvassa-tyoelamassa\/2022\/09\/08\/humus-hanke-paattyy-tutustu-kolmivuotisen-hankkeen-tuloksiin\/\" \/>\n<meta property=\"og:site_name\" content=\"HUMUS \u2013 Humanistit uudistuvassa ty\u00f6el\u00e4m\u00e4ss\u00e4\" \/>\n<meta property=\"article:published_time\" content=\"2022-09-08T08:00:47+00:00\" \/>\n<meta property=\"article:modified_time\" content=\"2024-02-01T07:32:47+00:00\" \/>\n<meta property=\"og:image\" content=\"https:\/\/blogs.uef.fi\/humanistit-uudistuvassa-tyoelamassa\/wp-content\/uploads\/sites\/113\/2022\/09\/humus-logot-1-width800px.png\" \/>\n\t<meta property=\"og:image:width\" content=\"800\" \/>\n\t<meta property=\"og:image:height\" content=\"181\" \/>\n\t<meta property=\"og:image:type\" content=\"image\/png\" \/>\n<meta name=\"author\" content=\"Anna Logr\u00e9n\" \/>\n<meta name=\"twitter:card\" content=\"summary_large_image\" \/>\n<meta name=\"twitter:label1\" content=\"Kirjoittanut\" \/>\n\t<meta name=\"twitter:data1\" content=\"Anna Logr\u00e9n\" \/>\n\t<meta name=\"twitter:label2\" content=\"Arvioitu lukuaika\" \/>\n\t<meta name=\"twitter:data2\" content=\"6 minuuttia\" \/>\n<script type=\"application\/ld+json\" class=\"yoast-schema-graph\">{\"@context\":\"https:\\\/\\\/schema.org\",\"@graph\":[{\"@type\":\"Article\",\"@id\":\"https:\\\/\\\/blogs.uef.fi\\\/humanistit-uudistuvassa-tyoelamassa\\\/2022\\\/09\\\/08\\\/humus-hanke-paattyy-tutustu-kolmivuotisen-hankkeen-tuloksiin\\\/#article\",\"isPartOf\":{\"@id\":\"https:\\\/\\\/blogs.uef.fi\\\/humanistit-uudistuvassa-tyoelamassa\\\/2022\\\/09\\\/08\\\/humus-hanke-paattyy-tutustu-kolmivuotisen-hankkeen-tuloksiin\\\/\"},\"author\":{\"name\":\"Anna Logr\u00e9n\",\"@id\":\"https:\\\/\\\/blogs.uef.fi\\\/humanistit-uudistuvassa-tyoelamassa\\\/#\\\/schema\\\/person\\\/92e7a74b552e93ac6d3e4c9b874948e4\"},\"headline\":\"HUMUS-hanke p\u00e4\u00e4ttyi \u2013 tutustu kolmivuotisen hankkeen tuloksiin\",\"datePublished\":\"2022-09-08T08:00:47+00:00\",\"dateModified\":\"2024-02-01T07:32:47+00:00\",\"mainEntityOfPage\":{\"@id\":\"https:\\\/\\\/blogs.uef.fi\\\/humanistit-uudistuvassa-tyoelamassa\\\/2022\\\/09\\\/08\\\/humus-hanke-paattyy-tutustu-kolmivuotisen-hankkeen-tuloksiin\\\/\"},\"wordCount\":795,\"commentCount\":0,\"image\":{\"@id\":\"https:\\\/\\\/blogs.uef.fi\\\/humanistit-uudistuvassa-tyoelamassa\\\/2022\\\/09\\\/08\\\/humus-hanke-paattyy-tutustu-kolmivuotisen-hankkeen-tuloksiin\\\/#primaryimage\"},\"thumbnailUrl\":\"https:\\\/\\\/blogs.uef.fi\\\/humanistit-uudistuvassa-tyoelamassa\\\/wp-content\\\/uploads\\\/sites\\\/113\\\/2022\\\/09\\\/humus-logot-1-width800px.png\",\"keywords\":[\"asiantuntija\",\"harjoittelukokemus\",\"humanismi\",\"humanisti\",\"humanistialumni\",\"kielet\",\"kulttuuri\",\"mentorointi\",\"mentorointiohjelma\",\"opiskelijaty\u00f6ryhm\u00e4\",\"ty\u00f6el\u00e4m\u00e4\",\"ty\u00f6el\u00e4m\u00e4puheenvuoro\",\"ty\u00f6el\u00e4m\u00e4taidot\",\"ty\u00f6el\u00e4m\u00e4tapahtuma\",\"ty\u00f6el\u00e4m\u00e4viikko\",\"ty\u00f6harjoittelu\",\"ty\u00f6llistyminen\",\"ty\u00f6nhaku\",\"verkostoituminen\",\"yritysmaailma\",\"yritysyhteisty\u00f6\"],\"articleSection\":[\"Uutiset\"],\"inLanguage\":\"fi\",\"potentialAction\":[{\"@type\":\"CommentAction\",\"name\":\"Comment\",\"target\":[\"https:\\\/\\\/blogs.uef.fi\\\/humanistit-uudistuvassa-tyoelamassa\\\/2022\\\/09\\\/08\\\/humus-hanke-paattyy-tutustu-kolmivuotisen-hankkeen-tuloksiin\\\/#respond\"]}]},{\"@type\":\"WebPage\",\"@id\":\"https:\\\/\\\/blogs.uef.fi\\\/humanistit-uudistuvassa-tyoelamassa\\\/2022\\\/09\\\/08\\\/humus-hanke-paattyy-tutustu-kolmivuotisen-hankkeen-tuloksiin\\\/\",\"url\":\"https:\\\/\\\/blogs.uef.fi\\\/humanistit-uudistuvassa-tyoelamassa\\\/2022\\\/09\\\/08\\\/humus-hanke-paattyy-tutustu-kolmivuotisen-hankkeen-tuloksiin\\\/\",\"name\":\"HUMUS-hanke p\u00e4\u00e4ttyi \u2013 tutustu kolmivuotisen hankkeen tuloksiin - HUMUS \u2013 Humanistit uudistuvassa ty\u00f6el\u00e4m\u00e4ss\u00e4\",\"isPartOf\":{\"@id\":\"https:\\\/\\\/blogs.uef.fi\\\/humanistit-uudistuvassa-tyoelamassa\\\/#website\"},\"primaryImageOfPage\":{\"@id\":\"https:\\\/\\\/blogs.uef.fi\\\/humanistit-uudistuvassa-tyoelamassa\\\/2022\\\/09\\\/08\\\/humus-hanke-paattyy-tutustu-kolmivuotisen-hankkeen-tuloksiin\\\/#primaryimage\"},\"image\":{\"@id\":\"https:\\\/\\\/blogs.uef.fi\\\/humanistit-uudistuvassa-tyoelamassa\\\/2022\\\/09\\\/08\\\/humus-hanke-paattyy-tutustu-kolmivuotisen-hankkeen-tuloksiin\\\/#primaryimage\"},\"thumbnailUrl\":\"https:\\\/\\\/blogs.uef.fi\\\/humanistit-uudistuvassa-tyoelamassa\\\/wp-content\\\/uploads\\\/sites\\\/113\\\/2022\\\/09\\\/humus-logot-1-width800px.png\",\"datePublished\":\"2022-09-08T08:00:47+00:00\",\"dateModified\":\"2024-02-01T07:32:47+00:00\",\"author\":{\"@id\":\"https:\\\/\\\/blogs.uef.fi\\\/humanistit-uudistuvassa-tyoelamassa\\\/#\\\/schema\\\/person\\\/92e7a74b552e93ac6d3e4c9b874948e4\"},\"breadcrumb\":{\"@id\":\"https:\\\/\\\/blogs.uef.fi\\\/humanistit-uudistuvassa-tyoelamassa\\\/2022\\\/09\\\/08\\\/humus-hanke-paattyy-tutustu-kolmivuotisen-hankkeen-tuloksiin\\\/#breadcrumb\"},\"inLanguage\":\"fi\",\"potentialAction\":[{\"@type\":\"ReadAction\",\"target\":[\"https:\\\/\\\/blogs.uef.fi\\\/humanistit-uudistuvassa-tyoelamassa\\\/2022\\\/09\\\/08\\\/humus-hanke-paattyy-tutustu-kolmivuotisen-hankkeen-tuloksiin\\\/\"]}]},{\"@type\":\"ImageObject\",\"inLanguage\":\"fi\",\"@id\":\"https:\\\/\\\/blogs.uef.fi\\\/humanistit-uudistuvassa-tyoelamassa\\\/2022\\\/09\\\/08\\\/humus-hanke-paattyy-tutustu-kolmivuotisen-hankkeen-tuloksiin\\\/#primaryimage\",\"url\":\"https:\\\/\\\/blogs.uef.fi\\\/humanistit-uudistuvassa-tyoelamassa\\\/wp-content\\\/uploads\\\/sites\\\/113\\\/2022\\\/09\\\/humus-logot-1-width800px.png\",\"contentUrl\":\"https:\\\/\\\/blogs.uef.fi\\\/humanistit-uudistuvassa-tyoelamassa\\\/wp-content\\\/uploads\\\/sites\\\/113\\\/2022\\\/09\\\/humus-logot-1-width800px.png\",\"width\":800,\"height\":181,\"caption\":\"Viisi logoa rinnakkain: Euroopan unioni, Euroopan sosiaalirahasto -logo; Vipuvoimaa EU:lta 2014-2020 -logo; It\u00e4-Suomen yliopiston logo; Elinkeino-, liikenne- ja ymp\u00e4rist\u00f6keskuksen logo; Humus-hankkeen logo.\"},{\"@type\":\"BreadcrumbList\",\"@id\":\"https:\\\/\\\/blogs.uef.fi\\\/humanistit-uudistuvassa-tyoelamassa\\\/2022\\\/09\\\/08\\\/humus-hanke-paattyy-tutustu-kolmivuotisen-hankkeen-tuloksiin\\\/#breadcrumb\",\"itemListElement\":[{\"@type\":\"ListItem\",\"position\":1,\"name\":\"Home\",\"item\":\"https:\\\/\\\/blogs.uef.fi\\\/humanistit-uudistuvassa-tyoelamassa\\\/\"},{\"@type\":\"ListItem\",\"position\":2,\"name\":\"HUMUS-hanke p\u00e4\u00e4ttyi \u2013 tutustu kolmivuotisen hankkeen tuloksiin\"}]},{\"@type\":\"WebSite\",\"@id\":\"https:\\\/\\\/blogs.uef.fi\\\/humanistit-uudistuvassa-tyoelamassa\\\/#website\",\"url\":\"https:\\\/\\\/blogs.uef.fi\\\/humanistit-uudistuvassa-tyoelamassa\\\/\",\"name\":\"HUMUS \u2013 Humanistit uudistuvassa ty\u00f6el\u00e4m\u00e4ss\u00e4\",\"description\":\"\",\"potentialAction\":[{\"@type\":\"SearchAction\",\"target\":{\"@type\":\"EntryPoint\",\"urlTemplate\":\"https:\\\/\\\/blogs.uef.fi\\\/humanistit-uudistuvassa-tyoelamassa\\\/?s={search_term_string}\"},\"query-input\":{\"@type\":\"PropertyValueSpecification\",\"valueRequired\":true,\"valueName\":\"search_term_string\"}}],\"inLanguage\":\"fi\"},{\"@type\":\"Person\",\"@id\":\"https:\\\/\\\/blogs.uef.fi\\\/humanistit-uudistuvassa-tyoelamassa\\\/#\\\/schema\\\/person\\\/92e7a74b552e93ac6d3e4c9b874948e4\",\"name\":\"Anna Logr\u00e9n\",\"image\":{\"@type\":\"ImageObject\",\"inLanguage\":\"fi\",\"@id\":\"https:\\\/\\\/secure.gravatar.com\\\/avatar\\\/acb9007c3bcafd3b3019ae5c04096fbefae119f2f844ad89ae41be8319c9ffd2?s=96&d=mm&r=g\",\"url\":\"https:\\\/\\\/secure.gravatar.com\\\/avatar\\\/acb9007c3bcafd3b3019ae5c04096fbefae119f2f844ad89ae41be8319c9ffd2?s=96&d=mm&r=g\",\"contentUrl\":\"https:\\\/\\\/secure.gravatar.com\\\/avatar\\\/acb9007c3bcafd3b3019ae5c04096fbefae119f2f844ad89ae41be8319c9ffd2?s=96&d=mm&r=g\",\"caption\":\"Anna Logr\u00e9n\"},\"url\":\"https:\\\/\\\/blogs.uef.fi\\\/humanistit-uudistuvassa-tyoelamassa\\\/author\\\/alogren\\\/\"}]}<\/script>\n<!-- \/ Yoast SEO plugin. -->","yoast_head_json":{"title":"HUMUS-hanke p\u00e4\u00e4ttyi \u2013 tutustu kolmivuotisen hankkeen tuloksiin - HUMUS \u2013 Humanistit uudistuvassa ty\u00f6el\u00e4m\u00e4ss\u00e4","robots":{"index":"index","follow":"follow","max-snippet":"max-snippet:-1","max-image-preview":"max-image-preview:large","max-video-preview":"max-video-preview:-1"},"canonical":"https:\/\/blogs.uef.fi\/humanistit-uudistuvassa-tyoelamassa\/2022\/09\/08\/humus-hanke-paattyy-tutustu-kolmivuotisen-hankkeen-tuloksiin\/","og_locale":"fi_FI","og_type":"article","og_title":"HUMUS-hanke p\u00e4\u00e4ttyi \u2013 tutustu kolmivuotisen hankkeen tuloksiin - HUMUS \u2013 Humanistit uudistuvassa ty\u00f6el\u00e4m\u00e4ss\u00e4","og_description":"Elokuun 2022 lopussa p\u00e4\u00e4ttyneen HUMUS-hankkeen keskeisin\u00e4 tavoitteina olivat humanistialoilta valmistuneiden ty\u00f6el\u00e4m\u00e4\u00e4n siirtymisen sujuvoittaminen sek\u00e4 alan opiskelijoiden ja jo valmistuneiden humanistien ty\u00f6el\u00e4m\u00e4yhteyksien kehitt\u00e4minen. Lis\u00e4ksi hankkeessa korostettiin oman osaamisen tunnistamisen ja niiden esitt\u00e4misen taitoja, ylip\u00e4\u00e4t\u00e4\u00e4n ty\u00f6hakuvalmiuksien kehitt\u00e4mist\u00e4. Erityisen keskeist\u00e4 hankkeessa oli yritysten ja muiden ty\u00f6nantajaorganisaatioiden humanisteja koskevien tietojen p\u00e4ivitt\u00e4minen. HUMUS j\u00e4rjesti ajankohtaisia ty\u00f6el\u00e4m\u00e4tapahtumia, opiskelijoiden ty\u00f6paikka mentorointia, ty\u00f6paikkavierailuja [&hellip;]","og_url":"https:\/\/blogs.uef.fi\/humanistit-uudistuvassa-tyoelamassa\/2022\/09\/08\/humus-hanke-paattyy-tutustu-kolmivuotisen-hankkeen-tuloksiin\/","og_site_name":"HUMUS \u2013 Humanistit uudistuvassa ty\u00f6el\u00e4m\u00e4ss\u00e4","article_published_time":"2022-09-08T08:00:47+00:00","article_modified_time":"2024-02-01T07:32:47+00:00","og_image":[{"width":800,"height":181,"url":"https:\/\/blogs.uef.fi\/humanistit-uudistuvassa-tyoelamassa\/wp-content\/uploads\/sites\/113\/2022\/09\/humus-logot-1-width800px.png","type":"image\/png"}],"author":"Anna Logr\u00e9n","twitter_card":"summary_large_image","twitter_misc":{"Kirjoittanut":"Anna Logr\u00e9n","Arvioitu lukuaika":"6 minuuttia"},"schema":{"@context":"https:\/\/schema.org","@graph":[{"@type":"Article","@id":"https:\/\/blogs.uef.fi\/humanistit-uudistuvassa-tyoelamassa\/2022\/09\/08\/humus-hanke-paattyy-tutustu-kolmivuotisen-hankkeen-tuloksiin\/#article","isPartOf":{"@id":"https:\/\/blogs.uef.fi\/humanistit-uudistuvassa-tyoelamassa\/2022\/09\/08\/humus-hanke-paattyy-tutustu-kolmivuotisen-hankkeen-tuloksiin\/"},"author":{"name":"Anna Logr\u00e9n","@id":"https:\/\/blogs.uef.fi\/humanistit-uudistuvassa-tyoelamassa\/#\/schema\/person\/92e7a74b552e93ac6d3e4c9b874948e4"},"headline":"HUMUS-hanke p\u00e4\u00e4ttyi \u2013 tutustu kolmivuotisen hankkeen tuloksiin","datePublished":"2022-09-08T08:00:47+00:00","dateModified":"2024-02-01T07:32:47+00:00","mainEntityOfPage":{"@id":"https:\/\/blogs.uef.fi\/humanistit-uudistuvassa-tyoelamassa\/2022\/09\/08\/humus-hanke-paattyy-tutustu-kolmivuotisen-hankkeen-tuloksiin\/"},"wordCount":795,"commentCount":0,"image":{"@id":"https:\/\/blogs.uef.fi\/humanistit-uudistuvassa-tyoelamassa\/2022\/09\/08\/humus-hanke-paattyy-tutustu-kolmivuotisen-hankkeen-tuloksiin\/#primaryimage"},"thumbnailUrl":"https:\/\/blogs.uef.fi\/humanistit-uudistuvassa-tyoelamassa\/wp-content\/uploads\/sites\/113\/2022\/09\/humus-logot-1-width800px.png","keywords":["asiantuntija","harjoittelukokemus","humanismi","humanisti","humanistialumni","kielet","kulttuuri","mentorointi","mentorointiohjelma","opiskelijaty\u00f6ryhm\u00e4","ty\u00f6el\u00e4m\u00e4","ty\u00f6el\u00e4m\u00e4puheenvuoro","ty\u00f6el\u00e4m\u00e4taidot","ty\u00f6el\u00e4m\u00e4tapahtuma","ty\u00f6el\u00e4m\u00e4viikko","ty\u00f6harjoittelu","ty\u00f6llistyminen","ty\u00f6nhaku","verkostoituminen","yritysmaailma","yritysyhteisty\u00f6"],"articleSection":["Uutiset"],"inLanguage":"fi","potentialAction":[{"@type":"CommentAction","name":"Comment","target":["https:\/\/blogs.uef.fi\/humanistit-uudistuvassa-tyoelamassa\/2022\/09\/08\/humus-hanke-paattyy-tutustu-kolmivuotisen-hankkeen-tuloksiin\/#respond"]}]},{"@type":"WebPage","@id":"https:\/\/blogs.uef.fi\/humanistit-uudistuvassa-tyoelamassa\/2022\/09\/08\/humus-hanke-paattyy-tutustu-kolmivuotisen-hankkeen-tuloksiin\/","url":"https:\/\/blogs.uef.fi\/humanistit-uudistuvassa-tyoelamassa\/2022\/09\/08\/humus-hanke-paattyy-tutustu-kolmivuotisen-hankkeen-tuloksiin\/","name":"HUMUS-hanke p\u00e4\u00e4ttyi \u2013 tutustu kolmivuotisen hankkeen tuloksiin - HUMUS \u2013 Humanistit uudistuvassa ty\u00f6el\u00e4m\u00e4ss\u00e4","isPartOf":{"@id":"https:\/\/blogs.uef.fi\/humanistit-uudistuvassa-tyoelamassa\/#website"},"primaryImageOfPage":{"@id":"https:\/\/blogs.uef.fi\/humanistit-uudistuvassa-tyoelamassa\/2022\/09\/08\/humus-hanke-paattyy-tutustu-kolmivuotisen-hankkeen-tuloksiin\/#primaryimage"},"image":{"@id":"https:\/\/blogs.uef.fi\/humanistit-uudistuvassa-tyoelamassa\/2022\/09\/08\/humus-hanke-paattyy-tutustu-kolmivuotisen-hankkeen-tuloksiin\/#primaryimage"},"thumbnailUrl":"https:\/\/blogs.uef.fi\/humanistit-uudistuvassa-tyoelamassa\/wp-content\/uploads\/sites\/113\/2022\/09\/humus-logot-1-width800px.png","datePublished":"2022-09-08T08:00:47+00:00","dateModified":"2024-02-01T07:32:47+00:00","author":{"@id":"https:\/\/blogs.uef.fi\/humanistit-uudistuvassa-tyoelamassa\/#\/schema\/person\/92e7a74b552e93ac6d3e4c9b874948e4"},"breadcrumb":{"@id":"https:\/\/blogs.uef.fi\/humanistit-uudistuvassa-tyoelamassa\/2022\/09\/08\/humus-hanke-paattyy-tutustu-kolmivuotisen-hankkeen-tuloksiin\/#breadcrumb"},"inLanguage":"fi","potentialAction":[{"@type":"ReadAction","target":["https:\/\/blogs.uef.fi\/humanistit-uudistuvassa-tyoelamassa\/2022\/09\/08\/humus-hanke-paattyy-tutustu-kolmivuotisen-hankkeen-tuloksiin\/"]}]},{"@type":"ImageObject","inLanguage":"fi","@id":"https:\/\/blogs.uef.fi\/humanistit-uudistuvassa-tyoelamassa\/2022\/09\/08\/humus-hanke-paattyy-tutustu-kolmivuotisen-hankkeen-tuloksiin\/#primaryimage","url":"https:\/\/blogs.uef.fi\/humanistit-uudistuvassa-tyoelamassa\/wp-content\/uploads\/sites\/113\/2022\/09\/humus-logot-1-width800px.png","contentUrl":"https:\/\/blogs.uef.fi\/humanistit-uudistuvassa-tyoelamassa\/wp-content\/uploads\/sites\/113\/2022\/09\/humus-logot-1-width800px.png","width":800,"height":181,"caption":"Viisi logoa rinnakkain: Euroopan unioni, Euroopan sosiaalirahasto -logo; Vipuvoimaa EU:lta 2014-2020 -logo; It\u00e4-Suomen yliopiston logo; Elinkeino-, liikenne- ja ymp\u00e4rist\u00f6keskuksen logo; Humus-hankkeen logo."},{"@type":"BreadcrumbList","@id":"https:\/\/blogs.uef.fi\/humanistit-uudistuvassa-tyoelamassa\/2022\/09\/08\/humus-hanke-paattyy-tutustu-kolmivuotisen-hankkeen-tuloksiin\/#breadcrumb","itemListElement":[{"@type":"ListItem","position":1,"name":"Home","item":"https:\/\/blogs.uef.fi\/humanistit-uudistuvassa-tyoelamassa\/"},{"@type":"ListItem","position":2,"name":"HUMUS-hanke p\u00e4\u00e4ttyi \u2013 tutustu kolmivuotisen hankkeen tuloksiin"}]},{"@type":"WebSite","@id":"https:\/\/blogs.uef.fi\/humanistit-uudistuvassa-tyoelamassa\/#website","url":"https:\/\/blogs.uef.fi\/humanistit-uudistuvassa-tyoelamassa\/","name":"HUMUS \u2013 Humanistit uudistuvassa ty\u00f6el\u00e4m\u00e4ss\u00e4","description":"","potentialAction":[{"@type":"SearchAction","target":{"@type":"EntryPoint","urlTemplate":"https:\/\/blogs.uef.fi\/humanistit-uudistuvassa-tyoelamassa\/?s={search_term_string}"},"query-input":{"@type":"PropertyValueSpecification","valueRequired":true,"valueName":"search_term_string"}}],"inLanguage":"fi"},{"@type":"Person","@id":"https:\/\/blogs.uef.fi\/humanistit-uudistuvassa-tyoelamassa\/#\/schema\/person\/92e7a74b552e93ac6d3e4c9b874948e4","name":"Anna Logr\u00e9n","image":{"@type":"ImageObject","inLanguage":"fi","@id":"https:\/\/secure.gravatar.com\/avatar\/acb9007c3bcafd3b3019ae5c04096fbefae119f2f844ad89ae41be8319c9ffd2?s=96&d=mm&r=g","url":"https:\/\/secure.gravatar.com\/avatar\/acb9007c3bcafd3b3019ae5c04096fbefae119f2f844ad89ae41be8319c9ffd2?s=96&d=mm&r=g","contentUrl":"https:\/\/secure.gravatar.com\/avatar\/acb9007c3bcafd3b3019ae5c04096fbefae119f2f844ad89ae41be8319c9ffd2?s=96&d=mm&r=g","caption":"Anna Logr\u00e9n"},"url":"https:\/\/blogs.uef.fi\/humanistit-uudistuvassa-tyoelamassa\/author\/alogren\/"}]}},"_links":{"self":[{"href":"https:\/\/blogs.uef.fi\/humanistit-uudistuvassa-tyoelamassa\/wp-json\/wp\/v2\/posts\/2872","targetHints":{"allow":["GET"]}}],"collection":[{"href":"https:\/\/blogs.uef.fi\/humanistit-uudistuvassa-tyoelamassa\/wp-json\/wp\/v2\/posts"}],"about":[{"href":"https:\/\/blogs.uef.fi\/humanistit-uudistuvassa-tyoelamassa\/wp-json\/wp\/v2\/types\/post"}],"author":[{"embeddable":true,"href":"https:\/\/blogs.uef.fi\/humanistit-uudistuvassa-tyoelamassa\/wp-json\/wp\/v2\/users\/287"}],"replies":[{"embeddable":true,"href":"https:\/\/blogs.uef.fi\/humanistit-uudistuvassa-tyoelamassa\/wp-json\/wp\/v2\/comments?post=2872"}],"version-history":[{"count":2,"href":"https:\/\/blogs.uef.fi\/humanistit-uudistuvassa-tyoelamassa\/wp-json\/wp\/v2\/posts\/2872\/revisions"}],"predecessor-version":[{"id":3235,"href":"https:\/\/blogs.uef.fi\/humanistit-uudistuvassa-tyoelamassa\/wp-json\/wp\/v2\/posts\/2872\/revisions\/3235"}],"wp:featuredmedia":[{"embeddable":true,"href":"https:\/\/blogs.uef.fi\/humanistit-uudistuvassa-tyoelamassa\/wp-json\/wp\/v2\/media\/3516"}],"wp:attachment":[{"href":"https:\/\/blogs.uef.fi\/humanistit-uudistuvassa-tyoelamassa\/wp-json\/wp\/v2\/media?parent=2872"}],"wp:term":[{"taxonomy":"category","embeddable":true,"href":"https:\/\/blogs.uef.fi\/humanistit-uudistuvassa-tyoelamassa\/wp-json\/wp\/v2\/categories?post=2872"},{"taxonomy":"post_tag","embeddable":true,"href":"https:\/\/blogs.uef.fi\/humanistit-uudistuvassa-tyoelamassa\/wp-json\/wp\/v2\/tags?post=2872"}],"curies":[{"name":"wp","href":"https:\/\/api.w.org\/{rel}","templated":true}]}}