{"id":2602,"date":"2022-07-01T09:36:03","date_gmt":"2022-07-01T09:36:03","guid":{"rendered":"https:\/\/blogs.uef.fi\/humanistit-uudistuvassa-tyoelamassa\/?p=2602"},"modified":"2024-04-09T14:16:53","modified_gmt":"2024-04-09T12:16:53","slug":"tunnelmia-humanistinen-tulevaisuus-humus-hankkeen-paatostilaisuudesta","status":"publish","type":"post","link":"https:\/\/blogs.uef.fi\/humanistit-uudistuvassa-tyoelamassa\/2022\/07\/01\/tunnelmia-humanistinen-tulevaisuus-humus-hankkeen-paatostilaisuudesta\/","title":{"rendered":"Tunnelmia Humanistinen tulevaisuus \u2013 HUMUS-hankkeen p\u00e4\u00e4t\u00f6stilaisuudesta"},"content":{"rendered":"\n<figure class=\"wp-block-image size-large\"><img loading=\"lazy\" decoding=\"async\" width=\"1024\" height=\"553\" src=\"https:\/\/blogs.uef.fi\/humanistit-uudistuvassa-tyoelamassa\/wp-content\/uploads\/sites\/113\/2022\/04\/Humanistinen-tulevaisuus-01-01-1024x553.png\" alt=\"\" class=\"wp-image-2462\" srcset=\"https:\/\/blogs.uef.fi\/humanistit-uudistuvassa-tyoelamassa\/wp-content\/uploads\/sites\/113\/2022\/04\/Humanistinen-tulevaisuus-01-01-1024x553.png 1024w, https:\/\/blogs.uef.fi\/humanistit-uudistuvassa-tyoelamassa\/wp-content\/uploads\/sites\/113\/2022\/04\/Humanistinen-tulevaisuus-01-01-300x162.png 300w, https:\/\/blogs.uef.fi\/humanistit-uudistuvassa-tyoelamassa\/wp-content\/uploads\/sites\/113\/2022\/04\/Humanistinen-tulevaisuus-01-01-768x415.png 768w, https:\/\/blogs.uef.fi\/humanistit-uudistuvassa-tyoelamassa\/wp-content\/uploads\/sites\/113\/2022\/04\/Humanistinen-tulevaisuus-01-01-1536x829.png 1536w, https:\/\/blogs.uef.fi\/humanistit-uudistuvassa-tyoelamassa\/wp-content\/uploads\/sites\/113\/2022\/04\/Humanistinen-tulevaisuus-01-01.png 2000w\" sizes=\"auto, (max-width: 1024px) 100vw, 1024px\" \/><\/figure>\n\n\n\n<p>Torstaina 19.5. HUMUS-hankkeen kolmevuotinen taival huipentui Humanistinen tulevaisuus -p\u00e4\u00e4t\u00f6stilaisuuteen Tiedepuistolla. Tilaisuutta seuraamaan oli ker\u00e4\u00e4ntynyt mukavasti opiskelijoita, valmistuneita ja ty\u00f6el\u00e4m\u00e4n edustajia niin paikan p\u00e4\u00e4lle kuin Teamsiinkiin. Paljon kiitoksia onnistuneesta tilaisuudesta kaikille puhujille, panelisteille ja osallistujille!<\/p>\n\n\n\n<p>Katso tallenne p\u00e4iv\u00e4n puheenvuoroista.<\/p>\n\n\n<div class=\"embed-container\">\n    <iframe loading=\"lazy\" title=\"Tallenne Humanistinen tulevaisuus - HUMUS-hankkeen p\u00e4\u00e4t\u00f6stilaisuus 19.5.2022\" width=\"640\" height=\"360\" src=\"https:\/\/www.youtube.com\/embed\/PwSExjQzwjY?feature=oembed&#038;controls=1&#038;hd=1&#038;autohide=1\" frameborder=\"0\" allow=\"accelerometer; autoplay; clipboard-write; encrypted-media; gyroscope; picture-in-picture; web-share\" referrerpolicy=\"strict-origin-when-cross-origin\" allowfullscreen frameborder=\"0\"><\/iframe><\/div>\n\n\n<h2 class=\"wp-block-heading\">Viestint\u00e4taitojen merkitys muuttuvassa ty\u00f6el\u00e4m\u00e4ss\u00e4<\/h2>\n\n\n\n<p>Tilaisuuden avasi ty\u00f6el\u00e4m\u00e4n muutoksen asiantuntija, valmentaja <strong>Miia Savaspuro<\/strong>, joka puhui et\u00e4n\u00e4 viestint\u00e4taitojen merkityksest\u00e4 ty\u00f6el\u00e4m\u00e4ss\u00e4. Viestinn\u00e4ll\u00e4 p\u00e4\u00e4st\u00e4\u00e4n tavoitteisiin ja saadaan ihmiset toimimaan.<\/p>\n\n\n\n<p>\u2013 Viestinn\u00e4ll\u00e4 ja vuorovaikutuksella on aito merkitys silloin, kun se on avointa, l\u00e4pin\u00e4kyv\u00e4\u00e4, kaikkien on mahdollista osallistua ja mahdollisimman moni tulee kuulluksi, Savaspuro kertoi.<\/p>\n\n\n\n<p>Humanistien tapa katsoa maailmaa on Savaspuron mukaan hy\u00f6dyksi monissa teht\u00e4viss\u00e4, sill\u00e4 humanistisessa osaamisessa keskeist\u00e4 on vuorovaikutus ja viestint\u00e4.<\/p>\n\n\n\n<figure class=\"wp-block-image size-large\"><img loading=\"lazy\" decoding=\"async\" width=\"1024\" height=\"667\" src=\"https:\/\/blogs.uef.fi\/humanistit-uudistuvassa-tyoelamassa\/wp-content\/uploads\/sites\/113\/2022\/05\/Kollaasi-tdjhthtd-01-1024x667.png\" alt=\"\" class=\"wp-image-2675\" srcset=\"https:\/\/blogs.uef.fi\/humanistit-uudistuvassa-tyoelamassa\/wp-content\/uploads\/sites\/113\/2022\/05\/Kollaasi-tdjhthtd-01-1024x667.png 1024w, https:\/\/blogs.uef.fi\/humanistit-uudistuvassa-tyoelamassa\/wp-content\/uploads\/sites\/113\/2022\/05\/Kollaasi-tdjhthtd-01-300x196.png 300w, https:\/\/blogs.uef.fi\/humanistit-uudistuvassa-tyoelamassa\/wp-content\/uploads\/sites\/113\/2022\/05\/Kollaasi-tdjhthtd-01-768x500.png 768w, https:\/\/blogs.uef.fi\/humanistit-uudistuvassa-tyoelamassa\/wp-content\/uploads\/sites\/113\/2022\/05\/Kollaasi-tdjhthtd-01-1536x1001.png 1536w, https:\/\/blogs.uef.fi\/humanistit-uudistuvassa-tyoelamassa\/wp-content\/uploads\/sites\/113\/2022\/05\/Kollaasi-tdjhthtd-01.png 1645w\" sizes=\"auto, (max-width: 1024px) 100vw, 1024px\" \/><\/figure>\n\n\n\n<h2 class=\"wp-block-heading\">Mit\u00e4 virkaa humanistilla?<\/h2>\n\n\n\n<p>Yhteiskuntapolitiikan yliopistonlehtori<strong> Antero Puhakka<\/strong> esitteli humanistien ty\u00f6llistymisn\u00e4kymi\u00e4 tutkimukseen ja tilastoihin pohjaten. Humanistien ty\u00f6llistyminen on pidemm\u00e4ll\u00e4 aikaj\u00e4nteell\u00e4 selv\u00e4sti paranemaan p\u00e4in. Puhakka mainitsi my\u00f6s, ett\u00e4 generalistit ovat kokeneet ty\u00f6llistyv\u00e4ns\u00e4 paremmin ja monipuolisemmin kuin professioaloilta valmistuneet.<\/p>\n\n\n\n<p>\u2013 Humanistinen tutkinto ei anna p\u00e4tevyytt\u00e4 mihink\u00e4\u00e4n, mutta antaa kelpoisuuden kaikkeen, Puhakka kiteytti.<\/p>\n\n\n\n<p>Humanistit ovat valtaosin tyytyv\u00e4isi\u00e4 koulutukseensa ja ty\u00f6nantajat arvostavat heid\u00e4n tutkintoaan. Ty\u00f6llistyminen paranee, mit\u00e4 enemm\u00e4n aikaa valmistumisesta kuluu. Viisi vuotta valmistumisen j\u00e4lkeen humanisteista 29 prosenttia toimii yritt\u00e4jin\u00e4.<\/p>\n\n\n\n<p>\u2013 Rakentakaa omaa tulevaisuuden polkua sen mukaan mik\u00e4 teit\u00e4 kiinnostaa, Puhakka kannusti puheenvuoronsa p\u00e4\u00e4tteeksi.<\/p>\n\n\n\n<h2 class=\"wp-block-heading\">HUMUS-hankkeen tulokset ja tulevaisuus<\/h2>\n\n\n\n<p>HUMUS-hankkeen vastuullinen johtaja, professori <strong>Risto Turunen<\/strong> kertoi hankkeen monipuolisesta toiminnasta, kuten mentorointiohjelmasta, ty\u00f6el\u00e4m\u00e4tapahtumista, alumnitarinoista ja organisaatiovierailuista.<\/p>\n\n\n\n<p>\u2013 Idea hankkeesta humanistien ty\u00f6el\u00e4m\u00e4suhteiden parantamiseksi l\u00e4hti julkisesta sanasta, jossa humanistinen koulutus tulee sterotypisesta ja negatiivisesta n\u00e4k\u00f6kulmasta esille. Hankkeen tavoitteina oli huomioida ty\u00f6el\u00e4m\u00e4n tarpeet koulutuksessa ja vanhentuneiden mielikuvien purkaminen, Turunen esitteli.<\/p>\n\n\n\n<p>Hankkeessa on luotu ty\u00f6el\u00e4m\u00e4verkosto, jonka kautta jatkossakin osana koulutusta edistet\u00e4\u00e4n opiskelijoiden ty\u00f6el\u00e4m\u00e4yhteyksi\u00e4 humanistisella osastolla. Turunen hahmotti ty\u00f6el\u00e4m\u00e4n tulevaisuutta, jossa korostuvat ty\u00f6n pirstaleinen luonne, p\u00e4tk\u00e4ty\u00f6t ja vuorovaikutus koneiden kanssa.<\/p>\n\n\n\n<p>\u2013 Jatkossa vaatimuksia ty\u00f6lle ovat ajanhallinta, mikroyritt\u00e4jyys ja osaamisensa markkinointi. Tarvitaan digitaalista osaamista ja tietomassojen k\u00e4sittelyn taitoja. Uusi ty\u00f6 tuo mahdollisuuksia humanisteille ihmisymm\u00e4rryksen kautta.<\/p>\n\n\n\n<figure class=\"wp-block-image size-large\"><img loading=\"lazy\" decoding=\"async\" width=\"1024\" height=\"668\" src=\"https:\/\/blogs.uef.fi\/humanistit-uudistuvassa-tyoelamassa\/wp-content\/uploads\/sites\/113\/2022\/05\/Kollaasi2-1024x668.png\" alt=\"\" class=\"wp-image-2650\" srcset=\"https:\/\/blogs.uef.fi\/humanistit-uudistuvassa-tyoelamassa\/wp-content\/uploads\/sites\/113\/2022\/05\/Kollaasi2-1024x668.png 1024w, https:\/\/blogs.uef.fi\/humanistit-uudistuvassa-tyoelamassa\/wp-content\/uploads\/sites\/113\/2022\/05\/Kollaasi2-300x196.png 300w, https:\/\/blogs.uef.fi\/humanistit-uudistuvassa-tyoelamassa\/wp-content\/uploads\/sites\/113\/2022\/05\/Kollaasi2-768x501.png 768w, https:\/\/blogs.uef.fi\/humanistit-uudistuvassa-tyoelamassa\/wp-content\/uploads\/sites\/113\/2022\/05\/Kollaasi2-1536x1001.png 1536w, https:\/\/blogs.uef.fi\/humanistit-uudistuvassa-tyoelamassa\/wp-content\/uploads\/sites\/113\/2022\/05\/Kollaasi2.png 1928w\" sizes=\"auto, (max-width: 1024px) 100vw, 1024px\" \/><\/figure>\n\n\n\n<h2 class=\"wp-block-heading\">Palautepaneeli<\/h2>\n\n\n\n<p>Verkostoitumisen t\u00e4yteisen kahvitauon j\u00e4lkeen tilaisuuden p\u00e4\u00e4tti antoisa paneelikeskustelu. Erilaisten organisaatioiden sek\u00e4 yliopiston henkil\u00f6st\u00f6n ja opiskelijoiden edustajat keskustelivat humanistien roolista ty\u00f6el\u00e4m\u00e4ss\u00e4 ja milt\u00e4 yhteisty\u00f6 humanistisen osaston ja hankkeessa muodostetun yhteisty\u00f6verkoston kesken vaikuttaa.<\/p>\n\n\n\n<p>Pohjois-Karjalan kauppakamarin kehitt\u00e4misp\u00e4\u00e4llikk\u00f6 <strong>Suvi Valoharju<\/strong> per\u00e4\u00e4nkuulutti opiskelijoiden uskallusta menn\u00e4 ty\u00f6kent\u00e4lle ja tarjota omaa humanistista osaamista yrityksille. Business Joensuun palvelujohtaja <strong>Janita Ylitalo<\/strong> vahvisti, ett\u00e4 humanisteja tarvitaan muun muassa kansainv\u00e4listymisen ja viennin kehitt\u00e4misess\u00e4.<\/p>\n\n\n\n<p>Yliopistonlehtori <strong>Nina Havumets\u00e4n<\/strong> mukaan humanisti sopii erinomaisesti tuotekehityksen pariin. Rookie Communications Oy:n toimitusjohtaja<strong> Arttu K\u00e4yhk\u00f6<\/strong> on huomannut saman. Bisnesmaailmassa ihmist\u00e4 on ymm\u00e4rrett\u00e4v\u00e4 monella tasolla.<\/p>\n\n\n\n<p>\u2013 Kohderyhm\u00e4ajattelu on t\u00e4rke\u00e4\u00e4. On ymm\u00e4rrett\u00e4v\u00e4 ostamisen motiiveja ja arvoja, K\u00e4yhk\u00f6 kiteytti.<\/p>\n\n\n\n<p>Jatko-opiskelija <strong>Meri Kinnunen<\/strong> mainitsi, miten t\u00e4rke\u00e4\u00e4 on ottaa opiskelijoita mukaan ty\u00f6el\u00e4m\u00e4yhteisty\u00f6projekteihin.<\/p>\n\n\n\n<p>Pohjois-Karjalan maakuntaliiton aluekehitysp\u00e4\u00e4llikk\u00f6 <strong>Eira Varis<\/strong> totesi:&nbsp;<\/p>\n\n\n\n<p>\u2013 On oleellista juurruttaa hanketoiminnan tulokset luontevaksi osaksi organisaation omaa toimintaa.<\/p>\n\n\n\n<figure class=\"wp-block-image size-large\"><img loading=\"lazy\" decoding=\"async\" width=\"1024\" height=\"668\" src=\"https:\/\/blogs.uef.fi\/humanistit-uudistuvassa-tyoelamassa\/wp-content\/uploads\/sites\/113\/2022\/05\/Kollaasi-01-1024x668.png\" alt=\"\" class=\"wp-image-2669\" srcset=\"https:\/\/blogs.uef.fi\/humanistit-uudistuvassa-tyoelamassa\/wp-content\/uploads\/sites\/113\/2022\/05\/Kollaasi-01-1024x668.png 1024w, https:\/\/blogs.uef.fi\/humanistit-uudistuvassa-tyoelamassa\/wp-content\/uploads\/sites\/113\/2022\/05\/Kollaasi-01-300x196.png 300w, https:\/\/blogs.uef.fi\/humanistit-uudistuvassa-tyoelamassa\/wp-content\/uploads\/sites\/113\/2022\/05\/Kollaasi-01-768x501.png 768w, https:\/\/blogs.uef.fi\/humanistit-uudistuvassa-tyoelamassa\/wp-content\/uploads\/sites\/113\/2022\/05\/Kollaasi-01-1536x1001.png 1536w, https:\/\/blogs.uef.fi\/humanistit-uudistuvassa-tyoelamassa\/wp-content\/uploads\/sites\/113\/2022\/05\/Kollaasi-01.png 1928w\" sizes=\"auto, (max-width: 1024px) 100vw, 1024px\" \/><\/figure>\n\n\n\n<h2 class=\"wp-block-heading\">Opiskelijoiden tunnelmia p\u00e4\u00e4t\u00f6stilaisuudesta<\/h2>\n\n\n\n<p>\u201dP\u00e4\u00e4t\u00f6stilaisuus oli kokonaisuudessaan hyvin toteutettu ja puhujat toivat kukin mielenkiintoisia n\u00e4k\u00f6kulmia esiin humanistien ty\u00f6el\u00e4m\u00e4st\u00e4 ja millaista se voisi olla tulevaisuudessa. Tilaisuudesta j\u00e4i todella positiivinen ja innostunut olo n\u00e4in ty\u00f6el\u00e4m\u00e4n alussa, ja toivottavasti pian valmistuvana, humanistiopiskelijana.<\/p>\n\n\n\n<p>Kaikilta puhujilta sai lis\u00e4\u00e4 itsevarmuutta siihen ajatukseen, jonka avulla olen sinnikk\u00e4\u00e4sti opintojani tehnyt: kannattaa uskaltaa seurata omia mielenkiinnon kohteitaan ja luottaa siihen, ett\u00e4 niit\u00e4 p\u00e4\u00e4see k\u00e4ytt\u00e4m\u00e4\u00e4n tulevassa ty\u00f6el\u00e4m\u00e4ss\u00e4. Puhujilta sain my\u00f6s lis\u00e4intoa omaan nykyiseen ty\u00f6h\u00f6ni, joka ei suoraan vastaa koulutustani.<\/p>\n\n\n\n<p>Etenkin Miia Savaspuron puheenvuorosta j\u00e4i mieleen se, ett\u00e4 kaikesta ty\u00f6kokemuksesta on aina hy\u00f6ty\u00e4, ja muilta ylip\u00e4\u00e4t\u00e4\u00e4n ajatus siit\u00e4, ett\u00e4 humanistista osaamista tarvitaan joka paikassa t\u00e4n\u00e4 p\u00e4iv\u00e4n\u00e4. Ja kuten Antero Puhakkakin sanoi, ei sill\u00e4 p\u00e4\u00e4aineella niin v\u00e4li\u00e4. Riitt\u00e4\u00e4 kun opiskelee sit\u00e4, mit\u00e4 haluaa ja osaa soveltaa osaamistaan monissa erilaisissa ty\u00f6teht\u00e4viss\u00e4. P\u00e4iv\u00e4st\u00e4 intoa saaneena on hyv\u00e4 jatkaa ylpe\u00e4n\u00e4 humanistina ty\u00f6uraa ja opintoja.\u201d<\/p>\n\n\n\n<p>\u2013 <strong>Anna Arkko<\/strong>, kulttuurintutkimuksen maisteriopiskelija, opintosihteeri<\/p>\n\n\n\n<p>&#8221;Vaikka HUMUS-hankkeen j\u00e4rjest\u00e4m\u00e4t ty\u00f6el\u00e4m\u00e4tapahtumat ovat avartaneet ajatustani humanistin ty\u00f6st\u00e4, yll\u00e4tyin siit\u00e4, miten negatiivinen kuva itsell\u00e4ni edelleen oli humanistien (siis erityisesti generalistien) ty\u00f6llistymisest\u00e4. Antero Puhakan humanistien ty\u00f6llistymisest\u00e4 kokoamat tilastot muuttivat ajatustani: asiantuntijat ja erityisasiantuntijat n\u00e4ytt\u00e4v\u00e4t ty\u00f6llistyv\u00e4n yll\u00e4tt\u00e4v\u00e4n hyvin.<\/p>\n\n\n\n<p>Tapahtumassa tuli vahvasti esille se, ett\u00e4 ty\u00f6el\u00e4m\u00e4 kaipaa humanistien erityisosaamista. T\u00e4m\u00e4 erityisosaaminen koostuu taidoista, jotka usein sivuutetaan, joita pidet\u00e4\u00e4n itsest\u00e4\u00e4nselvyyksin\u00e4 tai toisarvoisina: muun muassa vuorovaikutustaidoista, viestint\u00e4osaamisesta, tekstien ja suurten kokonaisuuksien hallinnasta, empatiasta ja hyv\u00e4st\u00e4 johtajuudesta. Joskus p\u00e4\u00e4see itselt\u00e4nikin unohtumaan, kuinka hy\u00f6dyllist\u00e4 on hallita monia noista osa-alueista.<\/p>\n\n\n\n<p>Oli kiinnostavaa kuulla ty\u00f6el\u00e4m\u00e4n edustajien ajatuksia hankkeesta. Hanke tuntui muuttaneen my\u00f6s heid\u00e4n kuvaansa humanisteista ja humanistisesta osaamisesta. P\u00e4\u00e4sinp\u00e4 juttelemaan tilaisuudessa my\u00f6s Joensuun kauppakamarin edustajan kanssa. Oli mukava saada kannustusta ja p\u00e4\u00e4st\u00e4 reflektoimaan sit\u00e4, millainen oma urapolku ja opintopolku on ollut.&#8221;<\/p>\n\n\n\n<p>\u2013<strong> Sinja Ylisiurua<\/strong>, suomen kielen kandidaattiopiskelija <a href=\"https:\/\/humanistinhorinoita.blogspot.com\/\" target=\"_blank\" rel=\"noreferrer noopener\">Oppimisportfoliohattu<\/a>-blogissaan (Linkki blogiin avautuu uudelle v\u00e4lilehdelle.)<\/p>\n\n\n\n<p>Teksti: HUMUS-hankkeen projektisihteeri Miia Hartikainen<\/p>\n\n\n\n<p>Kuvat: Tuuli Ahonen ja Miia Hartikainen<\/p>\n","protected":false},"excerpt":{"rendered":"<p>Torstaina 19.5. HUMUS-hankkeen kolmevuotinen taival huipentui Humanistinen tulevaisuus -p\u00e4\u00e4t\u00f6stilaisuuteen Tiedepuistolla. Tilaisuutta seuraamaan oli ker\u00e4\u00e4ntynyt mukavasti opiskelijoita, valmistuneita ja ty\u00f6el\u00e4m\u00e4n edustajia niin paikan p\u00e4\u00e4lle kuin Teamsiinkiin. Paljon kiitoksia onnistuneesta tilaisuudesta kaikille puhujille, panelisteille ja osallistujille! Katso tallenne p\u00e4iv\u00e4n puheenvuoroista. Viestint\u00e4taitojen merkitys muuttuvassa ty\u00f6el\u00e4m\u00e4ss\u00e4 Tilaisuuden avasi ty\u00f6el\u00e4m\u00e4n muutoksen asiantuntija, valmentaja Miia Savaspuro, joka puhui et\u00e4n\u00e4 viestint\u00e4taitojen merkityksest\u00e4 [&hellip;]<\/p>\n","protected":false},"author":526,"featured_media":0,"comment_status":"open","ping_status":"open","sticky":false,"template":"","format":"standard","meta":{"_acf_changed":false,"footnotes":""},"categories":[7,1],"tags":[87,93,36,48,39,42,61,94,30,100,103,97,33],"class_list":["post-2602","post","type-post","status-publish","format-standard","hentry","category-tapahtumat","category-uutiset","tag-asiantuntija","tag-humanismi","tag-humanisti","tag-humanistialumni","tag-kielet","tag-kulttuuri","tag-tyoelama","tag-tyoelamapuheenvuoro","tag-tyoelamataidot","tag-tyoelamatapahtuma","tag-verkostoituminen","tag-yritysmaailma","tag-yritysyhteistyo"],"acf":[],"yoast_head":"<!-- This site is optimized with the Yoast SEO plugin v27.3 - https:\/\/yoast.com\/product\/yoast-seo-wordpress\/ -->\n<title>Tunnelmia Humanistinen tulevaisuus \u2013 HUMUS-hankkeen p\u00e4\u00e4t\u00f6stilaisuudesta - HUMUS \u2013 Humanistit uudistuvassa ty\u00f6el\u00e4m\u00e4ss\u00e4<\/title>\n<meta name=\"robots\" content=\"index, follow, max-snippet:-1, max-image-preview:large, max-video-preview:-1\" \/>\n<link rel=\"canonical\" href=\"https:\/\/blogs.uef.fi\/humanistit-uudistuvassa-tyoelamassa\/2022\/07\/01\/tunnelmia-humanistinen-tulevaisuus-humus-hankkeen-paatostilaisuudesta\/\" \/>\n<meta property=\"og:locale\" content=\"fi_FI\" \/>\n<meta property=\"og:type\" content=\"article\" \/>\n<meta property=\"og:title\" content=\"Tunnelmia Humanistinen tulevaisuus \u2013 HUMUS-hankkeen p\u00e4\u00e4t\u00f6stilaisuudesta - HUMUS \u2013 Humanistit uudistuvassa ty\u00f6el\u00e4m\u00e4ss\u00e4\" \/>\n<meta property=\"og:description\" content=\"Torstaina 19.5. HUMUS-hankkeen kolmevuotinen taival huipentui Humanistinen tulevaisuus -p\u00e4\u00e4t\u00f6stilaisuuteen Tiedepuistolla. Tilaisuutta seuraamaan oli ker\u00e4\u00e4ntynyt mukavasti opiskelijoita, valmistuneita ja ty\u00f6el\u00e4m\u00e4n edustajia niin paikan p\u00e4\u00e4lle kuin Teamsiinkiin. Paljon kiitoksia onnistuneesta tilaisuudesta kaikille puhujille, panelisteille ja osallistujille! Katso tallenne p\u00e4iv\u00e4n puheenvuoroista. Viestint\u00e4taitojen merkitys muuttuvassa ty\u00f6el\u00e4m\u00e4ss\u00e4 Tilaisuuden avasi ty\u00f6el\u00e4m\u00e4n muutoksen asiantuntija, valmentaja Miia Savaspuro, joka puhui et\u00e4n\u00e4 viestint\u00e4taitojen merkityksest\u00e4 [&hellip;]\" \/>\n<meta property=\"og:url\" content=\"https:\/\/blogs.uef.fi\/humanistit-uudistuvassa-tyoelamassa\/2022\/07\/01\/tunnelmia-humanistinen-tulevaisuus-humus-hankkeen-paatostilaisuudesta\/\" \/>\n<meta property=\"og:site_name\" content=\"HUMUS \u2013 Humanistit uudistuvassa ty\u00f6el\u00e4m\u00e4ss\u00e4\" \/>\n<meta property=\"article:published_time\" content=\"2022-07-01T09:36:03+00:00\" \/>\n<meta property=\"article:modified_time\" content=\"2024-04-09T12:16:53+00:00\" \/>\n<meta property=\"og:image\" content=\"https:\/\/blogs.uef.fi\/humanistit-uudistuvassa-tyoelamassa\/wp-content\/uploads\/sites\/113\/2022\/04\/Humanistinen-tulevaisuus-01-01-1024x553.png\" \/>\n<meta name=\"author\" content=\"miiahar\" \/>\n<meta name=\"twitter:card\" content=\"summary_large_image\" \/>\n<meta name=\"twitter:label1\" content=\"Kirjoittanut\" \/>\n\t<meta name=\"twitter:data1\" content=\"miiahar\" \/>\n\t<meta name=\"twitter:label2\" content=\"Arvioitu lukuaika\" \/>\n\t<meta name=\"twitter:data2\" content=\"6 minuuttia\" \/>\n<script type=\"application\/ld+json\" class=\"yoast-schema-graph\">{\"@context\":\"https:\\\/\\\/schema.org\",\"@graph\":[{\"@type\":\"Article\",\"@id\":\"https:\\\/\\\/blogs.uef.fi\\\/humanistit-uudistuvassa-tyoelamassa\\\/2022\\\/07\\\/01\\\/tunnelmia-humanistinen-tulevaisuus-humus-hankkeen-paatostilaisuudesta\\\/#article\",\"isPartOf\":{\"@id\":\"https:\\\/\\\/blogs.uef.fi\\\/humanistit-uudistuvassa-tyoelamassa\\\/2022\\\/07\\\/01\\\/tunnelmia-humanistinen-tulevaisuus-humus-hankkeen-paatostilaisuudesta\\\/\"},\"author\":{\"name\":\"miiahar\",\"@id\":\"https:\\\/\\\/blogs.uef.fi\\\/humanistit-uudistuvassa-tyoelamassa\\\/#\\\/schema\\\/person\\\/def8fb0fb6d2f4aefb1df73e6bb44b49\"},\"headline\":\"Tunnelmia Humanistinen tulevaisuus \u2013 HUMUS-hankkeen p\u00e4\u00e4t\u00f6stilaisuudesta\",\"datePublished\":\"2022-07-01T09:36:03+00:00\",\"dateModified\":\"2024-04-09T12:16:53+00:00\",\"mainEntityOfPage\":{\"@id\":\"https:\\\/\\\/blogs.uef.fi\\\/humanistit-uudistuvassa-tyoelamassa\\\/2022\\\/07\\\/01\\\/tunnelmia-humanistinen-tulevaisuus-humus-hankkeen-paatostilaisuudesta\\\/\"},\"wordCount\":902,\"commentCount\":0,\"image\":{\"@id\":\"https:\\\/\\\/blogs.uef.fi\\\/humanistit-uudistuvassa-tyoelamassa\\\/2022\\\/07\\\/01\\\/tunnelmia-humanistinen-tulevaisuus-humus-hankkeen-paatostilaisuudesta\\\/#primaryimage\"},\"thumbnailUrl\":\"https:\\\/\\\/blogs.uef.fi\\\/humanistit-uudistuvassa-tyoelamassa\\\/wp-content\\\/uploads\\\/sites\\\/113\\\/2022\\\/04\\\/Humanistinen-tulevaisuus-01-01-1024x553.png\",\"keywords\":[\"asiantuntija\",\"humanismi\",\"humanisti\",\"humanistialumni\",\"kielet\",\"kulttuuri\",\"ty\u00f6el\u00e4m\u00e4\",\"ty\u00f6el\u00e4m\u00e4puheenvuoro\",\"ty\u00f6el\u00e4m\u00e4taidot\",\"ty\u00f6el\u00e4m\u00e4tapahtuma\",\"verkostoituminen\",\"yritysmaailma\",\"yritysyhteisty\u00f6\"],\"articleSection\":[\"Tapahtumat\",\"Uutiset\"],\"inLanguage\":\"fi\",\"potentialAction\":[{\"@type\":\"CommentAction\",\"name\":\"Comment\",\"target\":[\"https:\\\/\\\/blogs.uef.fi\\\/humanistit-uudistuvassa-tyoelamassa\\\/2022\\\/07\\\/01\\\/tunnelmia-humanistinen-tulevaisuus-humus-hankkeen-paatostilaisuudesta\\\/#respond\"]}]},{\"@type\":\"WebPage\",\"@id\":\"https:\\\/\\\/blogs.uef.fi\\\/humanistit-uudistuvassa-tyoelamassa\\\/2022\\\/07\\\/01\\\/tunnelmia-humanistinen-tulevaisuus-humus-hankkeen-paatostilaisuudesta\\\/\",\"url\":\"https:\\\/\\\/blogs.uef.fi\\\/humanistit-uudistuvassa-tyoelamassa\\\/2022\\\/07\\\/01\\\/tunnelmia-humanistinen-tulevaisuus-humus-hankkeen-paatostilaisuudesta\\\/\",\"name\":\"Tunnelmia Humanistinen tulevaisuus \u2013 HUMUS-hankkeen p\u00e4\u00e4t\u00f6stilaisuudesta - HUMUS \u2013 Humanistit uudistuvassa ty\u00f6el\u00e4m\u00e4ss\u00e4\",\"isPartOf\":{\"@id\":\"https:\\\/\\\/blogs.uef.fi\\\/humanistit-uudistuvassa-tyoelamassa\\\/#website\"},\"primaryImageOfPage\":{\"@id\":\"https:\\\/\\\/blogs.uef.fi\\\/humanistit-uudistuvassa-tyoelamassa\\\/2022\\\/07\\\/01\\\/tunnelmia-humanistinen-tulevaisuus-humus-hankkeen-paatostilaisuudesta\\\/#primaryimage\"},\"image\":{\"@id\":\"https:\\\/\\\/blogs.uef.fi\\\/humanistit-uudistuvassa-tyoelamassa\\\/2022\\\/07\\\/01\\\/tunnelmia-humanistinen-tulevaisuus-humus-hankkeen-paatostilaisuudesta\\\/#primaryimage\"},\"thumbnailUrl\":\"https:\\\/\\\/blogs.uef.fi\\\/humanistit-uudistuvassa-tyoelamassa\\\/wp-content\\\/uploads\\\/sites\\\/113\\\/2022\\\/04\\\/Humanistinen-tulevaisuus-01-01-1024x553.png\",\"datePublished\":\"2022-07-01T09:36:03+00:00\",\"dateModified\":\"2024-04-09T12:16:53+00:00\",\"author\":{\"@id\":\"https:\\\/\\\/blogs.uef.fi\\\/humanistit-uudistuvassa-tyoelamassa\\\/#\\\/schema\\\/person\\\/def8fb0fb6d2f4aefb1df73e6bb44b49\"},\"breadcrumb\":{\"@id\":\"https:\\\/\\\/blogs.uef.fi\\\/humanistit-uudistuvassa-tyoelamassa\\\/2022\\\/07\\\/01\\\/tunnelmia-humanistinen-tulevaisuus-humus-hankkeen-paatostilaisuudesta\\\/#breadcrumb\"},\"inLanguage\":\"fi\",\"potentialAction\":[{\"@type\":\"ReadAction\",\"target\":[\"https:\\\/\\\/blogs.uef.fi\\\/humanistit-uudistuvassa-tyoelamassa\\\/2022\\\/07\\\/01\\\/tunnelmia-humanistinen-tulevaisuus-humus-hankkeen-paatostilaisuudesta\\\/\"]}]},{\"@type\":\"ImageObject\",\"inLanguage\":\"fi\",\"@id\":\"https:\\\/\\\/blogs.uef.fi\\\/humanistit-uudistuvassa-tyoelamassa\\\/2022\\\/07\\\/01\\\/tunnelmia-humanistinen-tulevaisuus-humus-hankkeen-paatostilaisuudesta\\\/#primaryimage\",\"url\":\"https:\\\/\\\/blogs.uef.fi\\\/humanistit-uudistuvassa-tyoelamassa\\\/wp-content\\\/uploads\\\/sites\\\/113\\\/2022\\\/04\\\/Humanistinen-tulevaisuus-01-01.png\",\"contentUrl\":\"https:\\\/\\\/blogs.uef.fi\\\/humanistit-uudistuvassa-tyoelamassa\\\/wp-content\\\/uploads\\\/sites\\\/113\\\/2022\\\/04\\\/Humanistinen-tulevaisuus-01-01.png\",\"width\":2000,\"height\":1080},{\"@type\":\"BreadcrumbList\",\"@id\":\"https:\\\/\\\/blogs.uef.fi\\\/humanistit-uudistuvassa-tyoelamassa\\\/2022\\\/07\\\/01\\\/tunnelmia-humanistinen-tulevaisuus-humus-hankkeen-paatostilaisuudesta\\\/#breadcrumb\",\"itemListElement\":[{\"@type\":\"ListItem\",\"position\":1,\"name\":\"Home\",\"item\":\"https:\\\/\\\/blogs.uef.fi\\\/humanistit-uudistuvassa-tyoelamassa\\\/\"},{\"@type\":\"ListItem\",\"position\":2,\"name\":\"Tunnelmia Humanistinen tulevaisuus \u2013 HUMUS-hankkeen p\u00e4\u00e4t\u00f6stilaisuudesta\"}]},{\"@type\":\"WebSite\",\"@id\":\"https:\\\/\\\/blogs.uef.fi\\\/humanistit-uudistuvassa-tyoelamassa\\\/#website\",\"url\":\"https:\\\/\\\/blogs.uef.fi\\\/humanistit-uudistuvassa-tyoelamassa\\\/\",\"name\":\"HUMUS \u2013 Humanistit uudistuvassa ty\u00f6el\u00e4m\u00e4ss\u00e4\",\"description\":\"\",\"potentialAction\":[{\"@type\":\"SearchAction\",\"target\":{\"@type\":\"EntryPoint\",\"urlTemplate\":\"https:\\\/\\\/blogs.uef.fi\\\/humanistit-uudistuvassa-tyoelamassa\\\/?s={search_term_string}\"},\"query-input\":{\"@type\":\"PropertyValueSpecification\",\"valueRequired\":true,\"valueName\":\"search_term_string\"}}],\"inLanguage\":\"fi\"},{\"@type\":\"Person\",\"@id\":\"https:\\\/\\\/blogs.uef.fi\\\/humanistit-uudistuvassa-tyoelamassa\\\/#\\\/schema\\\/person\\\/def8fb0fb6d2f4aefb1df73e6bb44b49\",\"name\":\"miiahar\",\"image\":{\"@type\":\"ImageObject\",\"inLanguage\":\"fi\",\"@id\":\"https:\\\/\\\/secure.gravatar.com\\\/avatar\\\/74d6f3b717cfba37fe91fd3d70f11c1f3a72f91a4069c92b74d20eb7357eeb75?s=96&d=mm&r=g\",\"url\":\"https:\\\/\\\/secure.gravatar.com\\\/avatar\\\/74d6f3b717cfba37fe91fd3d70f11c1f3a72f91a4069c92b74d20eb7357eeb75?s=96&d=mm&r=g\",\"contentUrl\":\"https:\\\/\\\/secure.gravatar.com\\\/avatar\\\/74d6f3b717cfba37fe91fd3d70f11c1f3a72f91a4069c92b74d20eb7357eeb75?s=96&d=mm&r=g\",\"caption\":\"miiahar\"},\"url\":\"https:\\\/\\\/blogs.uef.fi\\\/humanistit-uudistuvassa-tyoelamassa\\\/author\\\/miiahar\\\/\"}]}<\/script>\n<!-- \/ Yoast SEO plugin. -->","yoast_head_json":{"title":"Tunnelmia Humanistinen tulevaisuus \u2013 HUMUS-hankkeen p\u00e4\u00e4t\u00f6stilaisuudesta - HUMUS \u2013 Humanistit uudistuvassa ty\u00f6el\u00e4m\u00e4ss\u00e4","robots":{"index":"index","follow":"follow","max-snippet":"max-snippet:-1","max-image-preview":"max-image-preview:large","max-video-preview":"max-video-preview:-1"},"canonical":"https:\/\/blogs.uef.fi\/humanistit-uudistuvassa-tyoelamassa\/2022\/07\/01\/tunnelmia-humanistinen-tulevaisuus-humus-hankkeen-paatostilaisuudesta\/","og_locale":"fi_FI","og_type":"article","og_title":"Tunnelmia Humanistinen tulevaisuus \u2013 HUMUS-hankkeen p\u00e4\u00e4t\u00f6stilaisuudesta - HUMUS \u2013 Humanistit uudistuvassa ty\u00f6el\u00e4m\u00e4ss\u00e4","og_description":"Torstaina 19.5. HUMUS-hankkeen kolmevuotinen taival huipentui Humanistinen tulevaisuus -p\u00e4\u00e4t\u00f6stilaisuuteen Tiedepuistolla. Tilaisuutta seuraamaan oli ker\u00e4\u00e4ntynyt mukavasti opiskelijoita, valmistuneita ja ty\u00f6el\u00e4m\u00e4n edustajia niin paikan p\u00e4\u00e4lle kuin Teamsiinkiin. Paljon kiitoksia onnistuneesta tilaisuudesta kaikille puhujille, panelisteille ja osallistujille! Katso tallenne p\u00e4iv\u00e4n puheenvuoroista. Viestint\u00e4taitojen merkitys muuttuvassa ty\u00f6el\u00e4m\u00e4ss\u00e4 Tilaisuuden avasi ty\u00f6el\u00e4m\u00e4n muutoksen asiantuntija, valmentaja Miia Savaspuro, joka puhui et\u00e4n\u00e4 viestint\u00e4taitojen merkityksest\u00e4 [&hellip;]","og_url":"https:\/\/blogs.uef.fi\/humanistit-uudistuvassa-tyoelamassa\/2022\/07\/01\/tunnelmia-humanistinen-tulevaisuus-humus-hankkeen-paatostilaisuudesta\/","og_site_name":"HUMUS \u2013 Humanistit uudistuvassa ty\u00f6el\u00e4m\u00e4ss\u00e4","article_published_time":"2022-07-01T09:36:03+00:00","article_modified_time":"2024-04-09T12:16:53+00:00","og_image":[{"url":"https:\/\/blogs.uef.fi\/humanistit-uudistuvassa-tyoelamassa\/wp-content\/uploads\/sites\/113\/2022\/04\/Humanistinen-tulevaisuus-01-01-1024x553.png","type":"","width":"","height":""}],"author":"miiahar","twitter_card":"summary_large_image","twitter_misc":{"Kirjoittanut":"miiahar","Arvioitu lukuaika":"6 minuuttia"},"schema":{"@context":"https:\/\/schema.org","@graph":[{"@type":"Article","@id":"https:\/\/blogs.uef.fi\/humanistit-uudistuvassa-tyoelamassa\/2022\/07\/01\/tunnelmia-humanistinen-tulevaisuus-humus-hankkeen-paatostilaisuudesta\/#article","isPartOf":{"@id":"https:\/\/blogs.uef.fi\/humanistit-uudistuvassa-tyoelamassa\/2022\/07\/01\/tunnelmia-humanistinen-tulevaisuus-humus-hankkeen-paatostilaisuudesta\/"},"author":{"name":"miiahar","@id":"https:\/\/blogs.uef.fi\/humanistit-uudistuvassa-tyoelamassa\/#\/schema\/person\/def8fb0fb6d2f4aefb1df73e6bb44b49"},"headline":"Tunnelmia Humanistinen tulevaisuus \u2013 HUMUS-hankkeen p\u00e4\u00e4t\u00f6stilaisuudesta","datePublished":"2022-07-01T09:36:03+00:00","dateModified":"2024-04-09T12:16:53+00:00","mainEntityOfPage":{"@id":"https:\/\/blogs.uef.fi\/humanistit-uudistuvassa-tyoelamassa\/2022\/07\/01\/tunnelmia-humanistinen-tulevaisuus-humus-hankkeen-paatostilaisuudesta\/"},"wordCount":902,"commentCount":0,"image":{"@id":"https:\/\/blogs.uef.fi\/humanistit-uudistuvassa-tyoelamassa\/2022\/07\/01\/tunnelmia-humanistinen-tulevaisuus-humus-hankkeen-paatostilaisuudesta\/#primaryimage"},"thumbnailUrl":"https:\/\/blogs.uef.fi\/humanistit-uudistuvassa-tyoelamassa\/wp-content\/uploads\/sites\/113\/2022\/04\/Humanistinen-tulevaisuus-01-01-1024x553.png","keywords":["asiantuntija","humanismi","humanisti","humanistialumni","kielet","kulttuuri","ty\u00f6el\u00e4m\u00e4","ty\u00f6el\u00e4m\u00e4puheenvuoro","ty\u00f6el\u00e4m\u00e4taidot","ty\u00f6el\u00e4m\u00e4tapahtuma","verkostoituminen","yritysmaailma","yritysyhteisty\u00f6"],"articleSection":["Tapahtumat","Uutiset"],"inLanguage":"fi","potentialAction":[{"@type":"CommentAction","name":"Comment","target":["https:\/\/blogs.uef.fi\/humanistit-uudistuvassa-tyoelamassa\/2022\/07\/01\/tunnelmia-humanistinen-tulevaisuus-humus-hankkeen-paatostilaisuudesta\/#respond"]}]},{"@type":"WebPage","@id":"https:\/\/blogs.uef.fi\/humanistit-uudistuvassa-tyoelamassa\/2022\/07\/01\/tunnelmia-humanistinen-tulevaisuus-humus-hankkeen-paatostilaisuudesta\/","url":"https:\/\/blogs.uef.fi\/humanistit-uudistuvassa-tyoelamassa\/2022\/07\/01\/tunnelmia-humanistinen-tulevaisuus-humus-hankkeen-paatostilaisuudesta\/","name":"Tunnelmia Humanistinen tulevaisuus \u2013 HUMUS-hankkeen p\u00e4\u00e4t\u00f6stilaisuudesta - HUMUS \u2013 Humanistit uudistuvassa ty\u00f6el\u00e4m\u00e4ss\u00e4","isPartOf":{"@id":"https:\/\/blogs.uef.fi\/humanistit-uudistuvassa-tyoelamassa\/#website"},"primaryImageOfPage":{"@id":"https:\/\/blogs.uef.fi\/humanistit-uudistuvassa-tyoelamassa\/2022\/07\/01\/tunnelmia-humanistinen-tulevaisuus-humus-hankkeen-paatostilaisuudesta\/#primaryimage"},"image":{"@id":"https:\/\/blogs.uef.fi\/humanistit-uudistuvassa-tyoelamassa\/2022\/07\/01\/tunnelmia-humanistinen-tulevaisuus-humus-hankkeen-paatostilaisuudesta\/#primaryimage"},"thumbnailUrl":"https:\/\/blogs.uef.fi\/humanistit-uudistuvassa-tyoelamassa\/wp-content\/uploads\/sites\/113\/2022\/04\/Humanistinen-tulevaisuus-01-01-1024x553.png","datePublished":"2022-07-01T09:36:03+00:00","dateModified":"2024-04-09T12:16:53+00:00","author":{"@id":"https:\/\/blogs.uef.fi\/humanistit-uudistuvassa-tyoelamassa\/#\/schema\/person\/def8fb0fb6d2f4aefb1df73e6bb44b49"},"breadcrumb":{"@id":"https:\/\/blogs.uef.fi\/humanistit-uudistuvassa-tyoelamassa\/2022\/07\/01\/tunnelmia-humanistinen-tulevaisuus-humus-hankkeen-paatostilaisuudesta\/#breadcrumb"},"inLanguage":"fi","potentialAction":[{"@type":"ReadAction","target":["https:\/\/blogs.uef.fi\/humanistit-uudistuvassa-tyoelamassa\/2022\/07\/01\/tunnelmia-humanistinen-tulevaisuus-humus-hankkeen-paatostilaisuudesta\/"]}]},{"@type":"ImageObject","inLanguage":"fi","@id":"https:\/\/blogs.uef.fi\/humanistit-uudistuvassa-tyoelamassa\/2022\/07\/01\/tunnelmia-humanistinen-tulevaisuus-humus-hankkeen-paatostilaisuudesta\/#primaryimage","url":"https:\/\/blogs.uef.fi\/humanistit-uudistuvassa-tyoelamassa\/wp-content\/uploads\/sites\/113\/2022\/04\/Humanistinen-tulevaisuus-01-01.png","contentUrl":"https:\/\/blogs.uef.fi\/humanistit-uudistuvassa-tyoelamassa\/wp-content\/uploads\/sites\/113\/2022\/04\/Humanistinen-tulevaisuus-01-01.png","width":2000,"height":1080},{"@type":"BreadcrumbList","@id":"https:\/\/blogs.uef.fi\/humanistit-uudistuvassa-tyoelamassa\/2022\/07\/01\/tunnelmia-humanistinen-tulevaisuus-humus-hankkeen-paatostilaisuudesta\/#breadcrumb","itemListElement":[{"@type":"ListItem","position":1,"name":"Home","item":"https:\/\/blogs.uef.fi\/humanistit-uudistuvassa-tyoelamassa\/"},{"@type":"ListItem","position":2,"name":"Tunnelmia Humanistinen tulevaisuus \u2013 HUMUS-hankkeen p\u00e4\u00e4t\u00f6stilaisuudesta"}]},{"@type":"WebSite","@id":"https:\/\/blogs.uef.fi\/humanistit-uudistuvassa-tyoelamassa\/#website","url":"https:\/\/blogs.uef.fi\/humanistit-uudistuvassa-tyoelamassa\/","name":"HUMUS \u2013 Humanistit uudistuvassa ty\u00f6el\u00e4m\u00e4ss\u00e4","description":"","potentialAction":[{"@type":"SearchAction","target":{"@type":"EntryPoint","urlTemplate":"https:\/\/blogs.uef.fi\/humanistit-uudistuvassa-tyoelamassa\/?s={search_term_string}"},"query-input":{"@type":"PropertyValueSpecification","valueRequired":true,"valueName":"search_term_string"}}],"inLanguage":"fi"},{"@type":"Person","@id":"https:\/\/blogs.uef.fi\/humanistit-uudistuvassa-tyoelamassa\/#\/schema\/person\/def8fb0fb6d2f4aefb1df73e6bb44b49","name":"miiahar","image":{"@type":"ImageObject","inLanguage":"fi","@id":"https:\/\/secure.gravatar.com\/avatar\/74d6f3b717cfba37fe91fd3d70f11c1f3a72f91a4069c92b74d20eb7357eeb75?s=96&d=mm&r=g","url":"https:\/\/secure.gravatar.com\/avatar\/74d6f3b717cfba37fe91fd3d70f11c1f3a72f91a4069c92b74d20eb7357eeb75?s=96&d=mm&r=g","contentUrl":"https:\/\/secure.gravatar.com\/avatar\/74d6f3b717cfba37fe91fd3d70f11c1f3a72f91a4069c92b74d20eb7357eeb75?s=96&d=mm&r=g","caption":"miiahar"},"url":"https:\/\/blogs.uef.fi\/humanistit-uudistuvassa-tyoelamassa\/author\/miiahar\/"}]}},"_links":{"self":[{"href":"https:\/\/blogs.uef.fi\/humanistit-uudistuvassa-tyoelamassa\/wp-json\/wp\/v2\/posts\/2602","targetHints":{"allow":["GET"]}}],"collection":[{"href":"https:\/\/blogs.uef.fi\/humanistit-uudistuvassa-tyoelamassa\/wp-json\/wp\/v2\/posts"}],"about":[{"href":"https:\/\/blogs.uef.fi\/humanistit-uudistuvassa-tyoelamassa\/wp-json\/wp\/v2\/types\/post"}],"author":[{"embeddable":true,"href":"https:\/\/blogs.uef.fi\/humanistit-uudistuvassa-tyoelamassa\/wp-json\/wp\/v2\/users\/526"}],"replies":[{"embeddable":true,"href":"https:\/\/blogs.uef.fi\/humanistit-uudistuvassa-tyoelamassa\/wp-json\/wp\/v2\/comments?post=2602"}],"version-history":[{"count":2,"href":"https:\/\/blogs.uef.fi\/humanistit-uudistuvassa-tyoelamassa\/wp-json\/wp\/v2\/posts\/2602\/revisions"}],"predecessor-version":[{"id":3552,"href":"https:\/\/blogs.uef.fi\/humanistit-uudistuvassa-tyoelamassa\/wp-json\/wp\/v2\/posts\/2602\/revisions\/3552"}],"wp:attachment":[{"href":"https:\/\/blogs.uef.fi\/humanistit-uudistuvassa-tyoelamassa\/wp-json\/wp\/v2\/media?parent=2602"}],"wp:term":[{"taxonomy":"category","embeddable":true,"href":"https:\/\/blogs.uef.fi\/humanistit-uudistuvassa-tyoelamassa\/wp-json\/wp\/v2\/categories?post=2602"},{"taxonomy":"post_tag","embeddable":true,"href":"https:\/\/blogs.uef.fi\/humanistit-uudistuvassa-tyoelamassa\/wp-json\/wp\/v2\/tags?post=2602"}],"curies":[{"name":"wp","href":"https:\/\/api.w.org\/{rel}","templated":true}]}}