{"id":209,"date":"2019-11-21T13:09:53","date_gmt":"2019-11-21T13:09:53","guid":{"rendered":"https:\/\/blogs.uef.fi\/humanistit-uudistuvassa-tyoelamassa\/?p=209"},"modified":"2019-11-21T13:09:53","modified_gmt":"2019-11-21T13:09:53","slug":"elava-humanistikirjasto-29-11","status":"publish","type":"post","link":"https:\/\/blogs.uef.fi\/humanistit-uudistuvassa-tyoelamassa\/2019\/11\/21\/elava-humanistikirjasto-29-11\/","title":{"rendered":"El\u00e4v\u00e4 humanistikirjasto 29.11."},"content":{"rendered":"<p>Keit\u00e4 ovat ty\u00f6el\u00e4m\u00e4n superhumanistit? Mink\u00e4laisia polkuja pitkin he ovat p\u00e4\u00e4tyneet nykyisiin ty\u00f6teht\u00e4viins\u00e4, miss\u00e4 he ovat nyky\u00e4\u00e4n ja millaisia tulevaisuudenn\u00e4kymi\u00e4 heill\u00e4 on? Olemme koonneet el\u00e4v\u00e4n kirjaston It\u00e4-Suomen yliopistosta (tai ent. Joensuun yliopistosta) valmistuneista humanisteista. T\u00e4ss\u00e4 kirjojen esittelyihin! Kirjat lainattavissa Kerubin Salissa 29.11. Tutustu koko p\u00e4iv\u00e4n <a href=\"https:\/\/blogs.uef.fi\/humanistit-uudistuvassa-tyoelamassa\/2019\/11\/04\/tulevaisuudenosaaja-29-11\/\">ohjelmaan<\/a> ja <a href=\"https:\/\/bit.ly\/2N7lX03\">ilmoittaudu<\/a>.<\/p>\n<h2>Nainen pellon laidalla<\/h2>\n<h5>Annika Lius, FM, sis\u00e4ll\u00f6ntuottaja, <a href=\"https:\/\/www.rookiecom.fi\/\">Rookie Communications oy<\/a><\/h5>\n<p>Annika Lius on opiskellut itsens\u00e4 kirjallisuuden maisteriksi ja t\u00e4ht\u00e4\u00e4 suoraan alan huipulle. Haaveena on nousujohteinen ura arvostetussa kustantamossa kansainv\u00e4lisine messumatkoineen sek\u00e4 kaupunkiasunto vanhassa kivitalossa, jossa on leve\u00e4t ikkunalaudat ja lankkulattia, jolla tepastella villasukissaan aina vapaap\u00e4ivisin.<\/p>\n<p>Ty\u00f6 suuressa kustantamossa tipahtaakin kuin taivaan lahja suoraan Annikan syliin, mutta kohtalo on oikukas kaveri, eik\u00e4 tee asioista niin yksinkertaisia kuin saattaisimme toivoa.<\/p>\n<p>Er\u00e4\u00e4n\u00e4 p\u00e4iv\u00e4n\u00e4 keski-ik\u00e4\u00e4 uhkaavasti l\u00e4hestyv\u00e4 nainen huomaa omistavansa puolet remonttia kaipaavasta omakotitalosta liperil\u00e4isen pellon laidalla, kasvattavansa kahta lasta ja ajavansa p\u00e4ivitt\u00e4in t\u00f6ihin joensuulaiseen aloittelevaan viestint\u00e4toimistoon, joka on saanut maineensa l\u00e4hinn\u00e4 hassuista kotivideoista.<\/p>\n<p>Riitt\u00e4\u00e4k\u00f6 se naiselle, josta piti tulla jotakin aivan muuta?<\/p>\n<h2>Suunnaton ty\u00f6ura<\/h2>\n<h5>Anu Kinnunen, FM, koulutussihteeri, <a href=\"https:\/\/www.cmcfinland.fi\/\">CMC finland Kriisinhallintakeskus<\/a><\/h5>\n<p>Olen jostain syyst\u00e4 koko ty\u00f6urani ajan p\u00e4\u00e4tynyt ty\u00f6skentelem\u00e4\u00e4n ty\u00f6teht\u00e4viin, joissa joudun astumaan oman mukavuus alueeni ulkopuolelle. Ty\u00f6teht\u00e4v\u00e4t eri kirjapainoista aina Sis\u00e4ministeri\u00f6n yhteydess\u00e4 toimivaan Kriisinhallintakeskukseen ovat jokainen haastaneet minua ja ammatillisia taitojani.<\/p>\n<p>T\u00e4m\u00e4 pieni opus on kertomus siit\u00e4, kuinka astumalla pois omalta mukavuusalueeltaan ja tarttumalla itse\u00e4 pelottaviin haasteisiin voi vied\u00e4 ty\u00f6uraansa eteenp\u00e4in, vaikkei sen suunta olisikaan koskaan ollut selvill\u00e4 \u2013 eik\u00e4 kenties koskaan tulekaan.<\/p>\n<h2>Kulttuurintutkijana sosiaaliturvan kent\u00e4ll\u00e4<\/h2>\n<h5>Jesse R\u00e4s\u00e4nen, FM, palvelup\u00e4\u00e4llikk\u00f6, Kela<\/h5>\n<p>Valmistuin kev\u00e4\u00e4ll\u00e4 2016 filosofian maisteriksi kulttuurintutkimuksen koulutusohjelmasta, jossa perehdyin kotoutumisen kaltaisiin ajankohtaisiin ilmi\u00f6ihin. Ryyditin tutkintoani my\u00f6s yhteiskuntapolitiikalla, joten hain Kansanel\u00e4kelaitokselle t\u00f6ihin ja etenin siell\u00e4 esimiesteht\u00e4viin.<\/p>\n<h2>P\u00e4\u00e4ttym\u00e4t\u00f6n tarina eli haahuilevan huuhaahumanistin seikkailut<\/h2>\n<h5>Riikka Malin, FM, viestint\u00e4koordinaattori, It\u00e4-Suomen yliopisto<\/h5>\n<p>Takakansi: T\u00e4m\u00e4 kirja on tarina humanistista, joka on kulkenut kiemurtelevan opintopolun aina pisteeseen, jossa h\u00e4n nyt ty\u00f6skentelee viestint\u00e4koordinaattorina yliopiston viestinn\u00e4ss\u00e4. Mutta miten t\u00e4h\u00e4n on tultu ja miten t\u00e4st\u00e4 eteenp\u00e4in? P\u00e4\u00e4ttym\u00e4t\u00f6n tarina eli haahuilevan huuhaahumanistin seikkailut on ajankohtainen, monitasoinen ja vilpit\u00f6n kuvaus oman mielekk\u00e4\u00e4n urapolun l\u00f6yt\u00e4misest\u00e4 ja humanistin ty\u00f6llistymisest\u00e4 yh\u00e4 villiintyneemm\u00e4ss\u00e4 p\u00e4tk\u00e4ty\u00f6viidakossa.<\/p>\n<h1>Filosofiaa ja hallintoa, k\u00e4\u00e4k!<\/h1>\n<h5>Johanna Albert, FM,\u00a0auktorisoitu k\u00e4\u00e4nt\u00e4j\u00e4, opetustoimen ylitarkastaja, Aluehallintovirasto<\/h5>\n<p>Teoreettinen filosofia voi kuulostaa h\u00e4mment\u00e4v\u00e4lt\u00e4 \u2013 mihin muuhun se el\u00e4m\u00e4ss\u00e4 valmistaa kuin haahuilevaan mietiskelyyn nojatuolin uumenissa? Silloin kun valmistuin Helsingin yliopistolta, teoreettisesta filosofiasta ty\u00f6llistyttiin parhaiten humanistisesta tiedekunnasta. Salaisuus piili osin my\u00f6s sivuaineissa. Niit\u00e4 olin ehtinyt opiskella kosolti, ja my\u00f6s kansainv\u00e4linen opinto- ja ty\u00f6polku olivat arvokkaita. K\u00f6lnin yliopistossa opiskelin alemman korkeakoulututkinnon verran musiikkitiedett\u00e4, kasvatustiedett\u00e4 ja saksaa. P\u00e4\u00e4aineopintoni tein Helsingiss\u00e4 filosofiasta, jota opiskelin hetken my\u00f6s Freiburgin yliopistossa. T\u00f6iden ohessa jatkoin opintoja silloisella Joensuun yliopistolla. Tein siell\u00e4 opetushallinnon opinnot, opettajan pedagogiset opinnot sek\u00e4 saksan kielen opinnot. Viimeksi tein Jyv\u00e4skyl\u00e4n yliopistolla el\u00e4m\u00e4nkatsomustiedon opettajan opinnot.<\/p>\n<p>Ovia valtion sivistyshallinnossa olen nyt avannut viimeisten 18 vuoden ajan. Aloitin Suomen Akatemialla mm. projektit\u00f6iss\u00e4, jatkoin samantyyppisiss\u00e4 teht\u00e4viss\u00e4 Helsingin yliopistolla, ja sain sitten viran silloisesta It\u00e4-Suomen l\u00e4\u00e4ninhallituksessa. K\u00e4vin viel\u00e4 mutkan silloisella Joensuun yliopistolla koordinoimassa suomalaisven\u00e4l\u00e4isi\u00e4 maisteriohjelmia. Olen nyt ty\u00f6skennellyt pitk\u00e4\u00e4n It\u00e4-Suomen aluehallintovirastossa opetustoimen ylitarkastajana. Niin harmaalta kuin hallintoty\u00f6 voikin kuulostaa, ty\u00f6 laajoissa verkostoissa ja eri teht\u00e4v\u00e4kentill\u00e4 on monipuolista ja v\u00e4rik\u00e4st\u00e4 ja usein nautin siit\u00e4!<\/p>\n<h2>TE:t\u00e4 ja sympatiaa<\/h2>\n<h5>Karoliina Poutiainen, FM, Asiantuntija, Palvelukoordinaatiotiimi, Pohjois-Karjalan TE-palvelut<\/h5>\n<p>Vastavalmistunut tuore maisteri on pohtinut tulevaisuutensa suuntaa. Yht\u00e4kki\u00e4 yll\u00e4tt\u00e4en h\u00e4n l\u00f6yt\u00e4\u00e4 itsens\u00e4 perehtym\u00e4st\u00e4 valtionhallintoon ja ty\u00f6llisyydenhoitoon. Uusi mielenkiintoinen maailma aukeaa h\u00e4nelle ja imaisee mukaansa: on paljon uutta opittavaa, mutta my\u00f6s konkreettinen mahdollisuus omalta pienelt\u00e4 osaltaan vaikuttaa yhteiskunnallisesti t\u00e4rkeisiin asioihin. H\u00e4n huomaa tulleensa j\u00e4\u00e4d\u00e4kseen.<\/p>\n<p>Opintoni:<\/p>\n<p>Filosofian maisteri 2006 Joensuun yliopisto, Kulttuurintutkimuksen koulutusohjelma<br \/>\nP\u00e4\u00e4aine: perinteentutkimus (perus-, aine- ja syvent\u00e4v\u00e4t opinnot)<br \/>\nSivuaineet: kulttuuriantropologia (perus- ja aineopinnot), suomen kieli (perusopinnot ja aineopintoja)<\/p>\n<p>&nbsp;<\/p>\n","protected":false},"excerpt":{"rendered":"<p>Keit\u00e4 ovat ty\u00f6el\u00e4m\u00e4n superhumanistit? Mink\u00e4laisia polkuja pitkin he ovat p\u00e4\u00e4tyneet nykyisiin ty\u00f6teht\u00e4viins\u00e4, miss\u00e4 he ovat nyky\u00e4\u00e4n ja millaisia tulevaisuudenn\u00e4kymi\u00e4 heill\u00e4 on? Olemme koonneet el\u00e4v\u00e4n kirjaston It\u00e4-Suomen yliopistosta (tai ent. Joensuun yliopistosta) valmistuneista humanisteista. T\u00e4ss\u00e4 kirjojen esittelyihin! Kirjat lainattavissa Kerubin Salissa 29.11. Tutustu koko p\u00e4iv\u00e4n ohjelmaan ja ilmoittaudu. Nainen pellon laidalla Annika Lius, FM, sis\u00e4ll\u00f6ntuottaja, Rookie [&hellip;]<\/p>\n","protected":false},"author":285,"featured_media":0,"comment_status":"open","ping_status":"open","sticky":false,"template":"","format":"standard","meta":{"_acf_changed":false,"footnotes":""},"categories":[1],"tags":[],"class_list":["post-209","post","type-post","status-publish","format-standard","hentry","category-uutiset"],"acf":[],"yoast_head":"<!-- This site is optimized with the Yoast SEO plugin v27.3 - https:\/\/yoast.com\/product\/yoast-seo-wordpress\/ -->\n<title>El\u00e4v\u00e4 humanistikirjasto 29.11. - HUMUS \u2013 Humanistit uudistuvassa ty\u00f6el\u00e4m\u00e4ss\u00e4<\/title>\n<meta name=\"robots\" content=\"index, follow, max-snippet:-1, max-image-preview:large, max-video-preview:-1\" \/>\n<link rel=\"canonical\" href=\"https:\/\/blogs.uef.fi\/humanistit-uudistuvassa-tyoelamassa\/2019\/11\/21\/elava-humanistikirjasto-29-11\/\" \/>\n<meta property=\"og:locale\" content=\"fi_FI\" \/>\n<meta property=\"og:type\" content=\"article\" \/>\n<meta property=\"og:title\" content=\"El\u00e4v\u00e4 humanistikirjasto 29.11. - HUMUS \u2013 Humanistit uudistuvassa ty\u00f6el\u00e4m\u00e4ss\u00e4\" \/>\n<meta property=\"og:description\" content=\"Keit\u00e4 ovat ty\u00f6el\u00e4m\u00e4n superhumanistit? Mink\u00e4laisia polkuja pitkin he ovat p\u00e4\u00e4tyneet nykyisiin ty\u00f6teht\u00e4viins\u00e4, miss\u00e4 he ovat nyky\u00e4\u00e4n ja millaisia tulevaisuudenn\u00e4kymi\u00e4 heill\u00e4 on? Olemme koonneet el\u00e4v\u00e4n kirjaston It\u00e4-Suomen yliopistosta (tai ent. Joensuun yliopistosta) valmistuneista humanisteista. T\u00e4ss\u00e4 kirjojen esittelyihin! Kirjat lainattavissa Kerubin Salissa 29.11. Tutustu koko p\u00e4iv\u00e4n ohjelmaan ja ilmoittaudu. Nainen pellon laidalla Annika Lius, FM, sis\u00e4ll\u00f6ntuottaja, Rookie [&hellip;]\" \/>\n<meta property=\"og:url\" content=\"https:\/\/blogs.uef.fi\/humanistit-uudistuvassa-tyoelamassa\/2019\/11\/21\/elava-humanistikirjasto-29-11\/\" \/>\n<meta property=\"og:site_name\" content=\"HUMUS \u2013 Humanistit uudistuvassa ty\u00f6el\u00e4m\u00e4ss\u00e4\" \/>\n<meta property=\"article:published_time\" content=\"2019-11-21T13:09:53+00:00\" \/>\n<meta name=\"author\" content=\"Sini Heinoja\" \/>\n<meta name=\"twitter:card\" content=\"summary_large_image\" \/>\n<meta name=\"twitter:label1\" content=\"Kirjoittanut\" \/>\n\t<meta name=\"twitter:data1\" content=\"Sini Heinoja\" \/>\n\t<meta name=\"twitter:label2\" content=\"Arvioitu lukuaika\" \/>\n\t<meta name=\"twitter:data2\" content=\"3 minuuttia\" \/>\n<script type=\"application\/ld+json\" class=\"yoast-schema-graph\">{\"@context\":\"https:\\\/\\\/schema.org\",\"@graph\":[{\"@type\":\"Article\",\"@id\":\"https:\\\/\\\/blogs.uef.fi\\\/humanistit-uudistuvassa-tyoelamassa\\\/2019\\\/11\\\/21\\\/elava-humanistikirjasto-29-11\\\/#article\",\"isPartOf\":{\"@id\":\"https:\\\/\\\/blogs.uef.fi\\\/humanistit-uudistuvassa-tyoelamassa\\\/2019\\\/11\\\/21\\\/elava-humanistikirjasto-29-11\\\/\"},\"author\":{\"name\":\"Sini Heinoja\",\"@id\":\"https:\\\/\\\/blogs.uef.fi\\\/humanistit-uudistuvassa-tyoelamassa\\\/#\\\/schema\\\/person\\\/2a8dd39b2285e1f0f8b2a15f542fa9ff\"},\"headline\":\"El\u00e4v\u00e4 humanistikirjasto 29.11.\",\"datePublished\":\"2019-11-21T13:09:53+00:00\",\"mainEntityOfPage\":{\"@id\":\"https:\\\/\\\/blogs.uef.fi\\\/humanistit-uudistuvassa-tyoelamassa\\\/2019\\\/11\\\/21\\\/elava-humanistikirjasto-29-11\\\/\"},\"wordCount\":701,\"commentCount\":0,\"articleSection\":[\"Uutiset\"],\"inLanguage\":\"fi\",\"potentialAction\":[{\"@type\":\"CommentAction\",\"name\":\"Comment\",\"target\":[\"https:\\\/\\\/blogs.uef.fi\\\/humanistit-uudistuvassa-tyoelamassa\\\/2019\\\/11\\\/21\\\/elava-humanistikirjasto-29-11\\\/#respond\"]}]},{\"@type\":\"WebPage\",\"@id\":\"https:\\\/\\\/blogs.uef.fi\\\/humanistit-uudistuvassa-tyoelamassa\\\/2019\\\/11\\\/21\\\/elava-humanistikirjasto-29-11\\\/\",\"url\":\"https:\\\/\\\/blogs.uef.fi\\\/humanistit-uudistuvassa-tyoelamassa\\\/2019\\\/11\\\/21\\\/elava-humanistikirjasto-29-11\\\/\",\"name\":\"El\u00e4v\u00e4 humanistikirjasto 29.11. - HUMUS \u2013 Humanistit uudistuvassa ty\u00f6el\u00e4m\u00e4ss\u00e4\",\"isPartOf\":{\"@id\":\"https:\\\/\\\/blogs.uef.fi\\\/humanistit-uudistuvassa-tyoelamassa\\\/#website\"},\"datePublished\":\"2019-11-21T13:09:53+00:00\",\"author\":{\"@id\":\"https:\\\/\\\/blogs.uef.fi\\\/humanistit-uudistuvassa-tyoelamassa\\\/#\\\/schema\\\/person\\\/2a8dd39b2285e1f0f8b2a15f542fa9ff\"},\"breadcrumb\":{\"@id\":\"https:\\\/\\\/blogs.uef.fi\\\/humanistit-uudistuvassa-tyoelamassa\\\/2019\\\/11\\\/21\\\/elava-humanistikirjasto-29-11\\\/#breadcrumb\"},\"inLanguage\":\"fi\",\"potentialAction\":[{\"@type\":\"ReadAction\",\"target\":[\"https:\\\/\\\/blogs.uef.fi\\\/humanistit-uudistuvassa-tyoelamassa\\\/2019\\\/11\\\/21\\\/elava-humanistikirjasto-29-11\\\/\"]}]},{\"@type\":\"BreadcrumbList\",\"@id\":\"https:\\\/\\\/blogs.uef.fi\\\/humanistit-uudistuvassa-tyoelamassa\\\/2019\\\/11\\\/21\\\/elava-humanistikirjasto-29-11\\\/#breadcrumb\",\"itemListElement\":[{\"@type\":\"ListItem\",\"position\":1,\"name\":\"Home\",\"item\":\"https:\\\/\\\/blogs.uef.fi\\\/humanistit-uudistuvassa-tyoelamassa\\\/\"},{\"@type\":\"ListItem\",\"position\":2,\"name\":\"El\u00e4v\u00e4 humanistikirjasto 29.11.\"}]},{\"@type\":\"WebSite\",\"@id\":\"https:\\\/\\\/blogs.uef.fi\\\/humanistit-uudistuvassa-tyoelamassa\\\/#website\",\"url\":\"https:\\\/\\\/blogs.uef.fi\\\/humanistit-uudistuvassa-tyoelamassa\\\/\",\"name\":\"HUMUS \u2013 Humanistit uudistuvassa ty\u00f6el\u00e4m\u00e4ss\u00e4\",\"description\":\"\",\"potentialAction\":[{\"@type\":\"SearchAction\",\"target\":{\"@type\":\"EntryPoint\",\"urlTemplate\":\"https:\\\/\\\/blogs.uef.fi\\\/humanistit-uudistuvassa-tyoelamassa\\\/?s={search_term_string}\"},\"query-input\":{\"@type\":\"PropertyValueSpecification\",\"valueRequired\":true,\"valueName\":\"search_term_string\"}}],\"inLanguage\":\"fi\"},{\"@type\":\"Person\",\"@id\":\"https:\\\/\\\/blogs.uef.fi\\\/humanistit-uudistuvassa-tyoelamassa\\\/#\\\/schema\\\/person\\\/2a8dd39b2285e1f0f8b2a15f542fa9ff\",\"name\":\"Sini Heinoja\",\"image\":{\"@type\":\"ImageObject\",\"inLanguage\":\"fi\",\"@id\":\"https:\\\/\\\/secure.gravatar.com\\\/avatar\\\/e26b7b6234f0e3dfbe287cd2d81eea31d8a9e7d7265142f403762dfa4aa14903?s=96&d=mm&r=g\",\"url\":\"https:\\\/\\\/secure.gravatar.com\\\/avatar\\\/e26b7b6234f0e3dfbe287cd2d81eea31d8a9e7d7265142f403762dfa4aa14903?s=96&d=mm&r=g\",\"contentUrl\":\"https:\\\/\\\/secure.gravatar.com\\\/avatar\\\/e26b7b6234f0e3dfbe287cd2d81eea31d8a9e7d7265142f403762dfa4aa14903?s=96&d=mm&r=g\",\"caption\":\"Sini Heinoja\"},\"url\":\"https:\\\/\\\/blogs.uef.fi\\\/humanistit-uudistuvassa-tyoelamassa\\\/author\\\/sinihei\\\/\"}]}<\/script>\n<!-- \/ Yoast SEO plugin. -->","yoast_head_json":{"title":"El\u00e4v\u00e4 humanistikirjasto 29.11. - HUMUS \u2013 Humanistit uudistuvassa ty\u00f6el\u00e4m\u00e4ss\u00e4","robots":{"index":"index","follow":"follow","max-snippet":"max-snippet:-1","max-image-preview":"max-image-preview:large","max-video-preview":"max-video-preview:-1"},"canonical":"https:\/\/blogs.uef.fi\/humanistit-uudistuvassa-tyoelamassa\/2019\/11\/21\/elava-humanistikirjasto-29-11\/","og_locale":"fi_FI","og_type":"article","og_title":"El\u00e4v\u00e4 humanistikirjasto 29.11. - HUMUS \u2013 Humanistit uudistuvassa ty\u00f6el\u00e4m\u00e4ss\u00e4","og_description":"Keit\u00e4 ovat ty\u00f6el\u00e4m\u00e4n superhumanistit? Mink\u00e4laisia polkuja pitkin he ovat p\u00e4\u00e4tyneet nykyisiin ty\u00f6teht\u00e4viins\u00e4, miss\u00e4 he ovat nyky\u00e4\u00e4n ja millaisia tulevaisuudenn\u00e4kymi\u00e4 heill\u00e4 on? Olemme koonneet el\u00e4v\u00e4n kirjaston It\u00e4-Suomen yliopistosta (tai ent. Joensuun yliopistosta) valmistuneista humanisteista. T\u00e4ss\u00e4 kirjojen esittelyihin! Kirjat lainattavissa Kerubin Salissa 29.11. Tutustu koko p\u00e4iv\u00e4n ohjelmaan ja ilmoittaudu. Nainen pellon laidalla Annika Lius, FM, sis\u00e4ll\u00f6ntuottaja, Rookie [&hellip;]","og_url":"https:\/\/blogs.uef.fi\/humanistit-uudistuvassa-tyoelamassa\/2019\/11\/21\/elava-humanistikirjasto-29-11\/","og_site_name":"HUMUS \u2013 Humanistit uudistuvassa ty\u00f6el\u00e4m\u00e4ss\u00e4","article_published_time":"2019-11-21T13:09:53+00:00","author":"Sini Heinoja","twitter_card":"summary_large_image","twitter_misc":{"Kirjoittanut":"Sini Heinoja","Arvioitu lukuaika":"3 minuuttia"},"schema":{"@context":"https:\/\/schema.org","@graph":[{"@type":"Article","@id":"https:\/\/blogs.uef.fi\/humanistit-uudistuvassa-tyoelamassa\/2019\/11\/21\/elava-humanistikirjasto-29-11\/#article","isPartOf":{"@id":"https:\/\/blogs.uef.fi\/humanistit-uudistuvassa-tyoelamassa\/2019\/11\/21\/elava-humanistikirjasto-29-11\/"},"author":{"name":"Sini Heinoja","@id":"https:\/\/blogs.uef.fi\/humanistit-uudistuvassa-tyoelamassa\/#\/schema\/person\/2a8dd39b2285e1f0f8b2a15f542fa9ff"},"headline":"El\u00e4v\u00e4 humanistikirjasto 29.11.","datePublished":"2019-11-21T13:09:53+00:00","mainEntityOfPage":{"@id":"https:\/\/blogs.uef.fi\/humanistit-uudistuvassa-tyoelamassa\/2019\/11\/21\/elava-humanistikirjasto-29-11\/"},"wordCount":701,"commentCount":0,"articleSection":["Uutiset"],"inLanguage":"fi","potentialAction":[{"@type":"CommentAction","name":"Comment","target":["https:\/\/blogs.uef.fi\/humanistit-uudistuvassa-tyoelamassa\/2019\/11\/21\/elava-humanistikirjasto-29-11\/#respond"]}]},{"@type":"WebPage","@id":"https:\/\/blogs.uef.fi\/humanistit-uudistuvassa-tyoelamassa\/2019\/11\/21\/elava-humanistikirjasto-29-11\/","url":"https:\/\/blogs.uef.fi\/humanistit-uudistuvassa-tyoelamassa\/2019\/11\/21\/elava-humanistikirjasto-29-11\/","name":"El\u00e4v\u00e4 humanistikirjasto 29.11. - HUMUS \u2013 Humanistit uudistuvassa ty\u00f6el\u00e4m\u00e4ss\u00e4","isPartOf":{"@id":"https:\/\/blogs.uef.fi\/humanistit-uudistuvassa-tyoelamassa\/#website"},"datePublished":"2019-11-21T13:09:53+00:00","author":{"@id":"https:\/\/blogs.uef.fi\/humanistit-uudistuvassa-tyoelamassa\/#\/schema\/person\/2a8dd39b2285e1f0f8b2a15f542fa9ff"},"breadcrumb":{"@id":"https:\/\/blogs.uef.fi\/humanistit-uudistuvassa-tyoelamassa\/2019\/11\/21\/elava-humanistikirjasto-29-11\/#breadcrumb"},"inLanguage":"fi","potentialAction":[{"@type":"ReadAction","target":["https:\/\/blogs.uef.fi\/humanistit-uudistuvassa-tyoelamassa\/2019\/11\/21\/elava-humanistikirjasto-29-11\/"]}]},{"@type":"BreadcrumbList","@id":"https:\/\/blogs.uef.fi\/humanistit-uudistuvassa-tyoelamassa\/2019\/11\/21\/elava-humanistikirjasto-29-11\/#breadcrumb","itemListElement":[{"@type":"ListItem","position":1,"name":"Home","item":"https:\/\/blogs.uef.fi\/humanistit-uudistuvassa-tyoelamassa\/"},{"@type":"ListItem","position":2,"name":"El\u00e4v\u00e4 humanistikirjasto 29.11."}]},{"@type":"WebSite","@id":"https:\/\/blogs.uef.fi\/humanistit-uudistuvassa-tyoelamassa\/#website","url":"https:\/\/blogs.uef.fi\/humanistit-uudistuvassa-tyoelamassa\/","name":"HUMUS \u2013 Humanistit uudistuvassa ty\u00f6el\u00e4m\u00e4ss\u00e4","description":"","potentialAction":[{"@type":"SearchAction","target":{"@type":"EntryPoint","urlTemplate":"https:\/\/blogs.uef.fi\/humanistit-uudistuvassa-tyoelamassa\/?s={search_term_string}"},"query-input":{"@type":"PropertyValueSpecification","valueRequired":true,"valueName":"search_term_string"}}],"inLanguage":"fi"},{"@type":"Person","@id":"https:\/\/blogs.uef.fi\/humanistit-uudistuvassa-tyoelamassa\/#\/schema\/person\/2a8dd39b2285e1f0f8b2a15f542fa9ff","name":"Sini Heinoja","image":{"@type":"ImageObject","inLanguage":"fi","@id":"https:\/\/secure.gravatar.com\/avatar\/e26b7b6234f0e3dfbe287cd2d81eea31d8a9e7d7265142f403762dfa4aa14903?s=96&d=mm&r=g","url":"https:\/\/secure.gravatar.com\/avatar\/e26b7b6234f0e3dfbe287cd2d81eea31d8a9e7d7265142f403762dfa4aa14903?s=96&d=mm&r=g","contentUrl":"https:\/\/secure.gravatar.com\/avatar\/e26b7b6234f0e3dfbe287cd2d81eea31d8a9e7d7265142f403762dfa4aa14903?s=96&d=mm&r=g","caption":"Sini Heinoja"},"url":"https:\/\/blogs.uef.fi\/humanistit-uudistuvassa-tyoelamassa\/author\/sinihei\/"}]}},"_links":{"self":[{"href":"https:\/\/blogs.uef.fi\/humanistit-uudistuvassa-tyoelamassa\/wp-json\/wp\/v2\/posts\/209","targetHints":{"allow":["GET"]}}],"collection":[{"href":"https:\/\/blogs.uef.fi\/humanistit-uudistuvassa-tyoelamassa\/wp-json\/wp\/v2\/posts"}],"about":[{"href":"https:\/\/blogs.uef.fi\/humanistit-uudistuvassa-tyoelamassa\/wp-json\/wp\/v2\/types\/post"}],"author":[{"embeddable":true,"href":"https:\/\/blogs.uef.fi\/humanistit-uudistuvassa-tyoelamassa\/wp-json\/wp\/v2\/users\/285"}],"replies":[{"embeddable":true,"href":"https:\/\/blogs.uef.fi\/humanistit-uudistuvassa-tyoelamassa\/wp-json\/wp\/v2\/comments?post=209"}],"version-history":[{"count":1,"href":"https:\/\/blogs.uef.fi\/humanistit-uudistuvassa-tyoelamassa\/wp-json\/wp\/v2\/posts\/209\/revisions"}],"predecessor-version":[{"id":213,"href":"https:\/\/blogs.uef.fi\/humanistit-uudistuvassa-tyoelamassa\/wp-json\/wp\/v2\/posts\/209\/revisions\/213"}],"wp:attachment":[{"href":"https:\/\/blogs.uef.fi\/humanistit-uudistuvassa-tyoelamassa\/wp-json\/wp\/v2\/media?parent=209"}],"wp:term":[{"taxonomy":"category","embeddable":true,"href":"https:\/\/blogs.uef.fi\/humanistit-uudistuvassa-tyoelamassa\/wp-json\/wp\/v2\/categories?post=209"},{"taxonomy":"post_tag","embeddable":true,"href":"https:\/\/blogs.uef.fi\/humanistit-uudistuvassa-tyoelamassa\/wp-json\/wp\/v2\/tags?post=209"}],"curies":[{"name":"wp","href":"https:\/\/api.w.org\/{rel}","templated":true}]}}