{"id":2016,"date":"2022-03-07T08:35:34","date_gmt":"2022-03-07T08:35:34","guid":{"rendered":"https:\/\/blogs.uef.fi\/humanistit-uudistuvassa-tyoelamassa\/?p=2016"},"modified":"2022-03-07T09:53:07","modified_gmt":"2022-03-07T09:53:07","slug":"opiskelijasta-henkilokunnaksi-ja-harjoittelusta-sijaisuudelle","status":"publish","type":"post","link":"https:\/\/blogs.uef.fi\/humanistit-uudistuvassa-tyoelamassa\/2022\/03\/07\/opiskelijasta-henkilokunnaksi-ja-harjoittelusta-sijaisuudelle\/","title":{"rendered":"Opiskelijasta henkil\u00f6kunnaksi ja harjoittelusta sijaisuudelle"},"content":{"rendered":"<p>HUMUS-hankkeen opiskelijaty\u00f6ryhm\u00e4n j\u00e4sen<strong> Anna Arkko<\/strong> haki vuosi sitten harjoittelupaikkaa kulttuurintutkimuksen opintoihinsa kuuluvaa harjoittelua varten. Ahkeran hakemisen j\u00e4lkeen h\u00e4n sai paikan It\u00e4-Suomen yliopiston opintopalveluista. Sittemmin ty\u00f6 jatkui humanistisen osaston opintosihteerin\u00e4. Pyysimme Annaa muistelemaan, millaista oli siirty\u00e4 opiskelijan roolista yliopiston henkil\u00f6kunnan rooliin.<\/p>\n<div id=\"attachment_2111\" style=\"width: 535px\" class=\"wp-caption aligncenter\"><img loading=\"lazy\" decoding=\"async\" aria-describedby=\"caption-attachment-2111\" class=\"wp-image-2111 size-large\" src=\"https:\/\/blogs.uef.fi\/humanistit-uudistuvassa-tyoelamassa\/wp-content\/uploads\/sites\/113\/2022\/03\/Anna7-768x1024.png\" alt=\"Kuvassa Anna Arkko katsoo kameraan ja hymyilee. Taustalla n\u00e4kyy h\u00e4nen ty\u00f6pisteens\u00e4 ja tietokone.\" width=\"525\" height=\"700\" srcset=\"https:\/\/blogs.uef.fi\/humanistit-uudistuvassa-tyoelamassa\/wp-content\/uploads\/sites\/113\/2022\/03\/Anna7-768x1024.png 768w, https:\/\/blogs.uef.fi\/humanistit-uudistuvassa-tyoelamassa\/wp-content\/uploads\/sites\/113\/2022\/03\/Anna7-225x300.png 225w, https:\/\/blogs.uef.fi\/humanistit-uudistuvassa-tyoelamassa\/wp-content\/uploads\/sites\/113\/2022\/03\/Anna7.png 886w\" sizes=\"auto, (max-width: 525px) 100vw, 525px\" \/><p id=\"caption-attachment-2111\" class=\"wp-caption-text\">Anna Arkko viihtyi ty\u00f6harjoittelussa opintopalveluissa.<\/p><\/div>\n<p>Anna k\u00e4ytti hakemuksiin paljon aikaa ja r\u00e4\u00e4t\u00e4l\u00f6i ne haetun paikan mukaiseksi. H\u00e4n l\u00e4hetti sek\u00e4 tiedusteluja harjoittelun mahdollisuudesta ett\u00e4 vastasi hakuilmoituksiin, joita l\u00f6ysi ty\u00f6nhakusivustoilta. H\u00e4n haki muun muassa yhdistyksiin ja j\u00e4rjest\u00f6ihin, joissa voi olla tekemisiss\u00e4 kulttuurien kanssa ja p\u00e4\u00e4st\u00e4 auttamaan ihmisi\u00e4.<\/p>\n<p>\u2013 Oma koulutukseni ei suoraan johda tiettyyn ammattiin, joten pohdin mihin haen ja hain sinne t\u00e4nne. V\u00e4lill\u00e4 ei kiitos -vastauksista ja vastaamatta j\u00e4tt\u00e4misest\u00e4 tuli lannistunut olo, ett\u00e4 p\u00e4\u00e4senk\u00f6 mihink\u00e4\u00e4n t\u00f6ihin ilman ty\u00f6kokemusta.<\/p>\n<p>Vihdoin haastattelukutsun saaminen oli Annasta uskomatonta ja helpotus. Ensimm\u00e4inen oman alan ty\u00f6paikka aukesi kotiyliopistosta.<\/p>\n<p>\u2013 Alku oli j\u00e4nnitt\u00e4v\u00e4 ja mietitytti mit\u00e4 pit\u00e4\u00e4 tehd\u00e4, miten toimia ja miten ty\u00f6el\u00e4m\u00e4ss\u00e4 asiat menev\u00e4t. Vaikka periaatteessa menin tuttuun paikkaan, ensimm\u00e4isell\u00e4 viikolla tuli selv\u00e4ksi, ett\u00e4 en tied\u00e4 ty\u00f6el\u00e4m\u00e4st\u00e4 tai yliopiston toiminnasta puoliakaan.<\/p>\n<div id=\"attachment_2105\" style=\"width: 535px\" class=\"wp-caption aligncenter\"><img loading=\"lazy\" decoding=\"async\" aria-describedby=\"caption-attachment-2105\" class=\"wp-image-2105 size-large\" style=\"color: #333333;font-size: 1rem\" src=\"https:\/\/blogs.uef.fi\/humanistit-uudistuvassa-tyoelamassa\/wp-content\/uploads\/sites\/113\/2022\/03\/Anna4-768x1024.jpg\" alt=\"Kuva It\u00e4-Suomen yliopiston Agora-rakennuksen sis\u00e4\u00e4nk\u00e4ynnist\u00e4.\" width=\"525\" height=\"700\" srcset=\"https:\/\/blogs.uef.fi\/humanistit-uudistuvassa-tyoelamassa\/wp-content\/uploads\/sites\/113\/2022\/03\/Anna4-768x1024.jpg 768w, https:\/\/blogs.uef.fi\/humanistit-uudistuvassa-tyoelamassa\/wp-content\/uploads\/sites\/113\/2022\/03\/Anna4-225x300.jpg 225w, https:\/\/blogs.uef.fi\/humanistit-uudistuvassa-tyoelamassa\/wp-content\/uploads\/sites\/113\/2022\/03\/Anna4-1152x1536.jpg 1152w, https:\/\/blogs.uef.fi\/humanistit-uudistuvassa-tyoelamassa\/wp-content\/uploads\/sites\/113\/2022\/03\/Anna4-1536x2048.jpg 1536w, https:\/\/blogs.uef.fi\/humanistit-uudistuvassa-tyoelamassa\/wp-content\/uploads\/sites\/113\/2022\/03\/Anna4-scaled.jpg 1920w\" sizes=\"auto, (max-width: 525px) 100vw, 525px\" \/><p id=\"caption-attachment-2105\" class=\"wp-caption-text\">Anna Arkko ty\u00f6llistyi omaan kotiyliopistoonsa.<\/p><\/div>\n<h2>Itsen\u00e4isesti osana mukavaa ty\u00f6yhteis\u00f6\u00e4<\/h2>\n<p>Yliopisto ty\u00f6paikkana kiinnosti Annaa jo ennakkoon. Kahden kuukauden harjoittelun aikana h\u00e4n tyk\u00e4styi ty\u00f6h\u00f6n mit\u00e4 enemm\u00e4n sit\u00e4 teki. Opintosihteerin ty\u00f6teht\u00e4vi\u00e4 ovat muun muassa tilavarausten tekeminen, opintosuoritusten kirjaaminen, aikataulujen tekeminen ja muutokset opettajien pyynn\u00f6st\u00e4.<\/p>\n<p>\u2013 Olin vuodenvaihteeseen asti vastuussa Agoran avaimista, kulkutunnisteista, tulostusl\u00e4tkist\u00e4 ja toimistotarvikkeista. Katsoin tulostimen per\u00e4\u00e4n ja vastailin opiskelijoiden ja opettajien kysymyksiin.<\/p>\n<p>Ty\u00f6 oli jo alussa itsen\u00e4ist\u00e4, varsinkin et\u00e4ty\u00f6suositusten aikaan. Usein Anna oli kahtena p\u00e4iv\u00e4n\u00e4 viikosta yliopistolla ja muuten et\u00e4n\u00e4. H\u00e4n koki sen itselleen parhaaksi vaihtoehdoksi, sill\u00e4 se toi mukavaa vaihtelua ty\u00f6arkeen.<\/p>\n<p>\u2013 Ty\u00f6ilmoituksessa kerrottiin, ett\u00e4 on osattava toimia itsen\u00e4isesti. Heti heitettiin syv\u00e4\u00e4n p\u00e4\u00e4h\u00e4n, ja valtaosa harjoittelusta oli itsen\u00e4ist\u00e4. Olin yksitt\u00e4isi\u00e4 p\u00e4ivi\u00e4 yliopistolla auttamassa muun muassa valintakokeissa.<\/p>\n<p>Vaikka Anna oli fyysisesti yksin, ei t\u00f6iden kanssa tarvinnut j\u00e4\u00e4d\u00e4 yksin. H\u00e4n solahti t\u00f6ihin hyvin, kun vastassa oli mukava henkil\u00f6kunta. Kaikessa sai apua ja henkil\u00f6st\u00f6 on Annan mielest\u00e4 helposti l\u00e4hestytt\u00e4v\u00e4\u00e4.<\/p>\n<p>\u2013 Ty\u00f6 on ennakko-odotusteni mukaisesti virallista, mutta ilmapiiri on rento, mukava ja auttavainen, joten en ajatellut virallisuutta t\u00f6it\u00e4 tehdess\u00e4.<\/p>\n<div id=\"attachment_2102\" style=\"width: 535px\" class=\"wp-caption aligncenter\"><img loading=\"lazy\" decoding=\"async\" aria-describedby=\"caption-attachment-2102\" class=\"wp-image-2102 size-large\" style=\"font-size: 1rem\" src=\"https:\/\/blogs.uef.fi\/humanistit-uudistuvassa-tyoelamassa\/wp-content\/uploads\/sites\/113\/2022\/03\/Anna2-768x1024.jpg\" alt=\"Kuva Anna Arkon ty\u00f6pisteest\u00e4, jossa muun muassa kaksi n\u00e4ytt\u00f6\u00e4, kuulokkeet ja n\u00e4pp\u00e4imist\u00f6.\" width=\"525\" height=\"700\" srcset=\"https:\/\/blogs.uef.fi\/humanistit-uudistuvassa-tyoelamassa\/wp-content\/uploads\/sites\/113\/2022\/03\/Anna2-768x1024.jpg 768w, https:\/\/blogs.uef.fi\/humanistit-uudistuvassa-tyoelamassa\/wp-content\/uploads\/sites\/113\/2022\/03\/Anna2-225x300.jpg 225w, https:\/\/blogs.uef.fi\/humanistit-uudistuvassa-tyoelamassa\/wp-content\/uploads\/sites\/113\/2022\/03\/Anna2-1152x1536.jpg 1152w, https:\/\/blogs.uef.fi\/humanistit-uudistuvassa-tyoelamassa\/wp-content\/uploads\/sites\/113\/2022\/03\/Anna2-1536x2048.jpg 1536w, https:\/\/blogs.uef.fi\/humanistit-uudistuvassa-tyoelamassa\/wp-content\/uploads\/sites\/113\/2022\/03\/Anna2-scaled.jpg 1920w\" sizes=\"auto, (max-width: 525px) 100vw, 525px\" \/><p id=\"caption-attachment-2102\" class=\"wp-caption-text\">Ty\u00f6 opintopalveluiden harjoittelijana ja opintosihteerin\u00e4 on itsen\u00e4ist\u00e4.<\/p><\/div>\n<h2>Ainoa muuttumaton on muutos<\/h2>\n<p>Toukokuussa 2021 alkaneen harjoittelun p\u00e4\u00e4tytty\u00e4 h\u00e4nt\u00e4 kysyttiin jatkamaan ty\u00f6ss\u00e4 puolen vuoden sijaisuudella.<\/p>\n<p>\u2013 Oli hienoa saada noin nopeasti pitk\u00e4 ty\u00f6p\u00e4tk\u00e4. V\u00e4h\u00e4n mietitytti, olenko tarpeeksi p\u00e4tev\u00e4 hommaan, kun alla oli vasta kahden kuukauden harjoittelu. Lopulta opin, kun aloin vain tekem\u00e4\u00e4n, ja sain itsevarmuutta.<\/p>\n<p>Kulttuuriantropologian, sosiologian ja sosiaalipsykologian opinnoista kartutettuja yleisi\u00e4 taitoja pystyy hy\u00f6dynt\u00e4m\u00e4\u00e4n ty\u00f6ss\u00e4. Laajojen kokonaisuuksien hallitsemisesta, ongelmanratkaisutaidoista ja asioiden nopeasti omaksumisesta on hy\u00f6ty\u00e4.<\/p>\n<p>\u2013 Suoraan sis\u00e4ll\u00f6llisesti ei pysty hy\u00f6dynt\u00e4m\u00e4\u00e4n, mutta humanististen tieteiden opinnoista minulle on tullut taito erilaisten ihmisten kanssa toimeen tulemiseen ja halu auttaa ihmisi\u00e4.<\/p>\n<p>Ty\u00f6t ovat opettaneet muun muassa yhteisty\u00f6taitoja ja tietoteknisi\u00e4 taitoja. Anna mainitsee t\u00e4rke\u00e4ksi opiksi, ett\u00e4 yliopistolla yksi muuttumaton asia on asioiden jatkuva muuttuminen. Annan ollessa opintosihteerin\u00e4 ei tullut pelk\u00e4st\u00e4\u00e4n iso Peppi-muutos, vaan porukka vaihtuu ja asiat kehittyv\u00e4t ja tulee p\u00e4ivityksi\u00e4.<\/p>\n<p>\u2013 Yliopisto on ymp\u00e4rist\u00f6, joka pyrkii koko ajan kehittym\u00e4\u00e4n. Opin pysym\u00e4\u00e4n muutoksessa mukana ja asenteen, ett\u00e4 pyrkii kehitt\u00e4m\u00e4\u00e4n itse\u00e4\u00e4n koko ajan. Sama p\u00e4tee varmasti muuhunkin kuin yliopistoon.<\/p>\n<div id=\"attachment_2108\" style=\"width: 535px\" class=\"wp-caption alignnone\"><img loading=\"lazy\" decoding=\"async\" aria-describedby=\"caption-attachment-2108\" class=\"wp-image-2108\" style=\"font-size: 1rem\" src=\"https:\/\/blogs.uef.fi\/humanistit-uudistuvassa-tyoelamassa\/wp-content\/uploads\/sites\/113\/2022\/03\/Anna6-225x300.png\" alt=\"Anna Arkko katsoo kameraan maski kasvoillaan, taustalla n\u00e4kyy tyhj\u00e4 luentosali.\" width=\"525\" height=\"700\" srcset=\"https:\/\/blogs.uef.fi\/humanistit-uudistuvassa-tyoelamassa\/wp-content\/uploads\/sites\/113\/2022\/03\/Anna6-225x300.png 225w, https:\/\/blogs.uef.fi\/humanistit-uudistuvassa-tyoelamassa\/wp-content\/uploads\/sites\/113\/2022\/03\/Anna6.png 754w\" sizes=\"auto, (max-width: 525px) 100vw, 525px\" \/><p id=\"caption-attachment-2108\" class=\"wp-caption-text\">Ty\u00f6harjoittelunsa aikana Anna Arkko muun muassa valvoi valintakokeita.<\/p><\/div>\n<h2>Ihmisten\u00a0auttamista jatkossakin<\/h2>\n<p>Opiskelijasta henkil\u00f6kunnaksi siirtyminen oli mielenkiintoista, varsinkin kun Anna opiskelee viel\u00e4 maisterintutkintoaan varten.<\/p>\n<p>\u2013 Ty\u00f6porukan kanssa nauroimme, ett\u00e4 olen hybridiolento: yksi hetki kirjaan ty\u00f6huoneessa opintosuorituksia ja sitten menen pariksi tunniksi luennolle.<\/p>\n<p>Puolen vuoden sijaisuuden p\u00e4\u00e4tytty\u00e4 Anna on keskittynyt enemm\u00e4n opintoihinsa, kunnes seuraava sijaisuus opintosihteerin\u00e4 alkaa pian.<\/p>\n<p>\u2013 Oli outoa palata opiskelijan rooliin t\u00f6iden viikkorytmist\u00e4. P\u00e4iv\u00e4n teht\u00e4v\u00e4ni on vain lukea tenttikirjaa.<\/p>\n<p>Anna haluaisi jatkossakin ty\u00f6skennell\u00e4 ihm<span style=\"font-size: 1rem\">isten auttamisen parissa.<\/span><\/p>\n<p>\u2013 Senkin olen oppinut, ett\u00e4 ajatukseni auttamisesta oli ennen harjoittelua kapea. Huomasin ett\u00e4 opintosihteerinkin ty\u00f6 on vahvasti muiden auttamista, sek\u00e4 henkil\u00f6kunnan ett\u00e4 opiskelijoiden.<\/p>\n<p>Jo ennen ty\u00f6harjoittelua Annaa kiinnosti jatkaa maisteriksi valmistuttuaan v\u00e4it\u00f6skirjaan ja muutenkin tutkimuksen pariin. H\u00e4n huomasi, ett\u00e4 my\u00f6s hallinnon puolella on mukava ty\u00f6skennell\u00e4.<\/p>\n<p>\u2013 Ainakin yksi vaihtoehto on selkeytynyt, kun aiemmin minulla ei ollut mit\u00e4\u00e4n ideaa t\u00f6iden suhteen. Nyt on suunta.<\/p>\n<p>Teksti: HUMUS-hankkeen projektisihteeri Miia Hartikainen<\/p>\n<p>Kuvat: Anna Arkko<\/p>\n","protected":false},"excerpt":{"rendered":"<p>HUMUS-hankkeen opiskelijaty\u00f6ryhm\u00e4n j\u00e4sen Anna Arkko haki vuosi sitten harjoittelupaikkaa kulttuurintutkimuksen opintoihinsa kuuluvaa harjoittelua varten. Ahkeran hakemisen j\u00e4lkeen h\u00e4n sai paikan It\u00e4-Suomen yliopiston opintopalveluista. Sittemmin ty\u00f6 jatkui humanistisen osaston opintosihteerin\u00e4. Pyysimme Annaa muistelemaan, millaista oli siirty\u00e4 opiskelijan roolista yliopiston henkil\u00f6kunnan rooliin. Anna k\u00e4ytti hakemuksiin paljon aikaa ja r\u00e4\u00e4t\u00e4l\u00f6i ne haetun paikan mukaiseksi. H\u00e4n l\u00e4hetti sek\u00e4 tiedusteluja [&hellip;]<\/p>\n","protected":false},"author":526,"featured_media":0,"comment_status":"open","ping_status":"open","sticky":false,"template":"","format":"standard","meta":{"_acf_changed":false,"footnotes":""},"categories":[21,1],"tags":[68,71,74,65,77],"class_list":["post-2016","post","type-post","status-publish","format-standard","hentry","category-harjoittelukokemukset","category-uutiset","tag-harjoittelukokemus","tag-opintosihteeri","tag-opiskelijatyoryhma","tag-tyoharjoittelu","tag-tyollistyminen"],"acf":[],"yoast_head":"<!-- This site is optimized with the Yoast SEO plugin v27.3 - https:\/\/yoast.com\/product\/yoast-seo-wordpress\/ -->\n<title>Opiskelijasta henkil\u00f6kunnaksi ja harjoittelusta sijaisuudelle - HUMUS \u2013 Humanistit uudistuvassa ty\u00f6el\u00e4m\u00e4ss\u00e4<\/title>\n<meta name=\"robots\" content=\"index, follow, max-snippet:-1, max-image-preview:large, max-video-preview:-1\" \/>\n<link rel=\"canonical\" href=\"https:\/\/blogs.uef.fi\/humanistit-uudistuvassa-tyoelamassa\/2022\/03\/07\/opiskelijasta-henkilokunnaksi-ja-harjoittelusta-sijaisuudelle\/\" \/>\n<meta property=\"og:locale\" content=\"fi_FI\" \/>\n<meta property=\"og:type\" content=\"article\" \/>\n<meta property=\"og:title\" content=\"Opiskelijasta henkil\u00f6kunnaksi ja harjoittelusta sijaisuudelle - HUMUS \u2013 Humanistit uudistuvassa ty\u00f6el\u00e4m\u00e4ss\u00e4\" \/>\n<meta property=\"og:description\" content=\"HUMUS-hankkeen opiskelijaty\u00f6ryhm\u00e4n j\u00e4sen Anna Arkko haki vuosi sitten harjoittelupaikkaa kulttuurintutkimuksen opintoihinsa kuuluvaa harjoittelua varten. Ahkeran hakemisen j\u00e4lkeen h\u00e4n sai paikan It\u00e4-Suomen yliopiston opintopalveluista. Sittemmin ty\u00f6 jatkui humanistisen osaston opintosihteerin\u00e4. Pyysimme Annaa muistelemaan, millaista oli siirty\u00e4 opiskelijan roolista yliopiston henkil\u00f6kunnan rooliin. Anna k\u00e4ytti hakemuksiin paljon aikaa ja r\u00e4\u00e4t\u00e4l\u00f6i ne haetun paikan mukaiseksi. H\u00e4n l\u00e4hetti sek\u00e4 tiedusteluja [&hellip;]\" \/>\n<meta property=\"og:url\" content=\"https:\/\/blogs.uef.fi\/humanistit-uudistuvassa-tyoelamassa\/2022\/03\/07\/opiskelijasta-henkilokunnaksi-ja-harjoittelusta-sijaisuudelle\/\" \/>\n<meta property=\"og:site_name\" content=\"HUMUS \u2013 Humanistit uudistuvassa ty\u00f6el\u00e4m\u00e4ss\u00e4\" \/>\n<meta property=\"article:published_time\" content=\"2022-03-07T08:35:34+00:00\" \/>\n<meta property=\"article:modified_time\" content=\"2022-03-07T09:53:07+00:00\" \/>\n<meta property=\"og:image\" content=\"https:\/\/blogs.uef.fi\/humanistit-uudistuvassa-tyoelamassa\/wp-content\/uploads\/sites\/113\/2022\/03\/Anna7-768x1024.png\" \/>\n<meta name=\"author\" content=\"miiahar\" \/>\n<meta name=\"twitter:card\" content=\"summary_large_image\" \/>\n<meta name=\"twitter:label1\" content=\"Kirjoittanut\" \/>\n\t<meta name=\"twitter:data1\" content=\"miiahar\" \/>\n\t<meta name=\"twitter:label2\" content=\"Arvioitu lukuaika\" \/>\n\t<meta name=\"twitter:data2\" content=\"4 minuuttia\" \/>\n<script type=\"application\/ld+json\" class=\"yoast-schema-graph\">{\"@context\":\"https:\\\/\\\/schema.org\",\"@graph\":[{\"@type\":\"Article\",\"@id\":\"https:\\\/\\\/blogs.uef.fi\\\/humanistit-uudistuvassa-tyoelamassa\\\/2022\\\/03\\\/07\\\/opiskelijasta-henkilokunnaksi-ja-harjoittelusta-sijaisuudelle\\\/#article\",\"isPartOf\":{\"@id\":\"https:\\\/\\\/blogs.uef.fi\\\/humanistit-uudistuvassa-tyoelamassa\\\/2022\\\/03\\\/07\\\/opiskelijasta-henkilokunnaksi-ja-harjoittelusta-sijaisuudelle\\\/\"},\"author\":{\"name\":\"miiahar\",\"@id\":\"https:\\\/\\\/blogs.uef.fi\\\/humanistit-uudistuvassa-tyoelamassa\\\/#\\\/schema\\\/person\\\/def8fb0fb6d2f4aefb1df73e6bb44b49\"},\"headline\":\"Opiskelijasta henkil\u00f6kunnaksi ja harjoittelusta sijaisuudelle\",\"datePublished\":\"2022-03-07T08:35:34+00:00\",\"dateModified\":\"2022-03-07T09:53:07+00:00\",\"mainEntityOfPage\":{\"@id\":\"https:\\\/\\\/blogs.uef.fi\\\/humanistit-uudistuvassa-tyoelamassa\\\/2022\\\/03\\\/07\\\/opiskelijasta-henkilokunnaksi-ja-harjoittelusta-sijaisuudelle\\\/\"},\"wordCount\":797,\"commentCount\":0,\"image\":{\"@id\":\"https:\\\/\\\/blogs.uef.fi\\\/humanistit-uudistuvassa-tyoelamassa\\\/2022\\\/03\\\/07\\\/opiskelijasta-henkilokunnaksi-ja-harjoittelusta-sijaisuudelle\\\/#primaryimage\"},\"thumbnailUrl\":\"https:\\\/\\\/blogs.uef.fi\\\/humanistit-uudistuvassa-tyoelamassa\\\/wp-content\\\/uploads\\\/sites\\\/113\\\/2022\\\/03\\\/Anna7-768x1024.png\",\"keywords\":[\"harjoittelukokemus\",\"opintosihteeri\",\"opiskelijaty\u00f6ryhm\u00e4\",\"ty\u00f6harjoittelu\",\"ty\u00f6llistyminen\"],\"articleSection\":[\"Harjoittelukokemukset\",\"Uutiset\"],\"inLanguage\":\"fi\",\"potentialAction\":[{\"@type\":\"CommentAction\",\"name\":\"Comment\",\"target\":[\"https:\\\/\\\/blogs.uef.fi\\\/humanistit-uudistuvassa-tyoelamassa\\\/2022\\\/03\\\/07\\\/opiskelijasta-henkilokunnaksi-ja-harjoittelusta-sijaisuudelle\\\/#respond\"]}]},{\"@type\":\"WebPage\",\"@id\":\"https:\\\/\\\/blogs.uef.fi\\\/humanistit-uudistuvassa-tyoelamassa\\\/2022\\\/03\\\/07\\\/opiskelijasta-henkilokunnaksi-ja-harjoittelusta-sijaisuudelle\\\/\",\"url\":\"https:\\\/\\\/blogs.uef.fi\\\/humanistit-uudistuvassa-tyoelamassa\\\/2022\\\/03\\\/07\\\/opiskelijasta-henkilokunnaksi-ja-harjoittelusta-sijaisuudelle\\\/\",\"name\":\"Opiskelijasta henkil\u00f6kunnaksi ja harjoittelusta sijaisuudelle - HUMUS \u2013 Humanistit uudistuvassa ty\u00f6el\u00e4m\u00e4ss\u00e4\",\"isPartOf\":{\"@id\":\"https:\\\/\\\/blogs.uef.fi\\\/humanistit-uudistuvassa-tyoelamassa\\\/#website\"},\"primaryImageOfPage\":{\"@id\":\"https:\\\/\\\/blogs.uef.fi\\\/humanistit-uudistuvassa-tyoelamassa\\\/2022\\\/03\\\/07\\\/opiskelijasta-henkilokunnaksi-ja-harjoittelusta-sijaisuudelle\\\/#primaryimage\"},\"image\":{\"@id\":\"https:\\\/\\\/blogs.uef.fi\\\/humanistit-uudistuvassa-tyoelamassa\\\/2022\\\/03\\\/07\\\/opiskelijasta-henkilokunnaksi-ja-harjoittelusta-sijaisuudelle\\\/#primaryimage\"},\"thumbnailUrl\":\"https:\\\/\\\/blogs.uef.fi\\\/humanistit-uudistuvassa-tyoelamassa\\\/wp-content\\\/uploads\\\/sites\\\/113\\\/2022\\\/03\\\/Anna7-768x1024.png\",\"datePublished\":\"2022-03-07T08:35:34+00:00\",\"dateModified\":\"2022-03-07T09:53:07+00:00\",\"author\":{\"@id\":\"https:\\\/\\\/blogs.uef.fi\\\/humanistit-uudistuvassa-tyoelamassa\\\/#\\\/schema\\\/person\\\/def8fb0fb6d2f4aefb1df73e6bb44b49\"},\"breadcrumb\":{\"@id\":\"https:\\\/\\\/blogs.uef.fi\\\/humanistit-uudistuvassa-tyoelamassa\\\/2022\\\/03\\\/07\\\/opiskelijasta-henkilokunnaksi-ja-harjoittelusta-sijaisuudelle\\\/#breadcrumb\"},\"inLanguage\":\"fi\",\"potentialAction\":[{\"@type\":\"ReadAction\",\"target\":[\"https:\\\/\\\/blogs.uef.fi\\\/humanistit-uudistuvassa-tyoelamassa\\\/2022\\\/03\\\/07\\\/opiskelijasta-henkilokunnaksi-ja-harjoittelusta-sijaisuudelle\\\/\"]}]},{\"@type\":\"ImageObject\",\"inLanguage\":\"fi\",\"@id\":\"https:\\\/\\\/blogs.uef.fi\\\/humanistit-uudistuvassa-tyoelamassa\\\/2022\\\/03\\\/07\\\/opiskelijasta-henkilokunnaksi-ja-harjoittelusta-sijaisuudelle\\\/#primaryimage\",\"url\":\"https:\\\/\\\/blogs.uef.fi\\\/humanistit-uudistuvassa-tyoelamassa\\\/wp-content\\\/uploads\\\/sites\\\/113\\\/2022\\\/03\\\/Anna7.png\",\"contentUrl\":\"https:\\\/\\\/blogs.uef.fi\\\/humanistit-uudistuvassa-tyoelamassa\\\/wp-content\\\/uploads\\\/sites\\\/113\\\/2022\\\/03\\\/Anna7.png\",\"width\":886,\"height\":1181},{\"@type\":\"BreadcrumbList\",\"@id\":\"https:\\\/\\\/blogs.uef.fi\\\/humanistit-uudistuvassa-tyoelamassa\\\/2022\\\/03\\\/07\\\/opiskelijasta-henkilokunnaksi-ja-harjoittelusta-sijaisuudelle\\\/#breadcrumb\",\"itemListElement\":[{\"@type\":\"ListItem\",\"position\":1,\"name\":\"Home\",\"item\":\"https:\\\/\\\/blogs.uef.fi\\\/humanistit-uudistuvassa-tyoelamassa\\\/\"},{\"@type\":\"ListItem\",\"position\":2,\"name\":\"Opiskelijasta henkil\u00f6kunnaksi ja harjoittelusta sijaisuudelle\"}]},{\"@type\":\"WebSite\",\"@id\":\"https:\\\/\\\/blogs.uef.fi\\\/humanistit-uudistuvassa-tyoelamassa\\\/#website\",\"url\":\"https:\\\/\\\/blogs.uef.fi\\\/humanistit-uudistuvassa-tyoelamassa\\\/\",\"name\":\"HUMUS \u2013 Humanistit uudistuvassa ty\u00f6el\u00e4m\u00e4ss\u00e4\",\"description\":\"\",\"potentialAction\":[{\"@type\":\"SearchAction\",\"target\":{\"@type\":\"EntryPoint\",\"urlTemplate\":\"https:\\\/\\\/blogs.uef.fi\\\/humanistit-uudistuvassa-tyoelamassa\\\/?s={search_term_string}\"},\"query-input\":{\"@type\":\"PropertyValueSpecification\",\"valueRequired\":true,\"valueName\":\"search_term_string\"}}],\"inLanguage\":\"fi\"},{\"@type\":\"Person\",\"@id\":\"https:\\\/\\\/blogs.uef.fi\\\/humanistit-uudistuvassa-tyoelamassa\\\/#\\\/schema\\\/person\\\/def8fb0fb6d2f4aefb1df73e6bb44b49\",\"name\":\"miiahar\",\"image\":{\"@type\":\"ImageObject\",\"inLanguage\":\"fi\",\"@id\":\"https:\\\/\\\/secure.gravatar.com\\\/avatar\\\/74d6f3b717cfba37fe91fd3d70f11c1f3a72f91a4069c92b74d20eb7357eeb75?s=96&d=mm&r=g\",\"url\":\"https:\\\/\\\/secure.gravatar.com\\\/avatar\\\/74d6f3b717cfba37fe91fd3d70f11c1f3a72f91a4069c92b74d20eb7357eeb75?s=96&d=mm&r=g\",\"contentUrl\":\"https:\\\/\\\/secure.gravatar.com\\\/avatar\\\/74d6f3b717cfba37fe91fd3d70f11c1f3a72f91a4069c92b74d20eb7357eeb75?s=96&d=mm&r=g\",\"caption\":\"miiahar\"},\"url\":\"https:\\\/\\\/blogs.uef.fi\\\/humanistit-uudistuvassa-tyoelamassa\\\/author\\\/miiahar\\\/\"}]}<\/script>\n<!-- \/ Yoast SEO plugin. -->","yoast_head_json":{"title":"Opiskelijasta henkil\u00f6kunnaksi ja harjoittelusta sijaisuudelle - HUMUS \u2013 Humanistit uudistuvassa ty\u00f6el\u00e4m\u00e4ss\u00e4","robots":{"index":"index","follow":"follow","max-snippet":"max-snippet:-1","max-image-preview":"max-image-preview:large","max-video-preview":"max-video-preview:-1"},"canonical":"https:\/\/blogs.uef.fi\/humanistit-uudistuvassa-tyoelamassa\/2022\/03\/07\/opiskelijasta-henkilokunnaksi-ja-harjoittelusta-sijaisuudelle\/","og_locale":"fi_FI","og_type":"article","og_title":"Opiskelijasta henkil\u00f6kunnaksi ja harjoittelusta sijaisuudelle - HUMUS \u2013 Humanistit uudistuvassa ty\u00f6el\u00e4m\u00e4ss\u00e4","og_description":"HUMUS-hankkeen opiskelijaty\u00f6ryhm\u00e4n j\u00e4sen Anna Arkko haki vuosi sitten harjoittelupaikkaa kulttuurintutkimuksen opintoihinsa kuuluvaa harjoittelua varten. Ahkeran hakemisen j\u00e4lkeen h\u00e4n sai paikan It\u00e4-Suomen yliopiston opintopalveluista. Sittemmin ty\u00f6 jatkui humanistisen osaston opintosihteerin\u00e4. Pyysimme Annaa muistelemaan, millaista oli siirty\u00e4 opiskelijan roolista yliopiston henkil\u00f6kunnan rooliin. Anna k\u00e4ytti hakemuksiin paljon aikaa ja r\u00e4\u00e4t\u00e4l\u00f6i ne haetun paikan mukaiseksi. H\u00e4n l\u00e4hetti sek\u00e4 tiedusteluja [&hellip;]","og_url":"https:\/\/blogs.uef.fi\/humanistit-uudistuvassa-tyoelamassa\/2022\/03\/07\/opiskelijasta-henkilokunnaksi-ja-harjoittelusta-sijaisuudelle\/","og_site_name":"HUMUS \u2013 Humanistit uudistuvassa ty\u00f6el\u00e4m\u00e4ss\u00e4","article_published_time":"2022-03-07T08:35:34+00:00","article_modified_time":"2022-03-07T09:53:07+00:00","og_image":[{"url":"https:\/\/blogs.uef.fi\/humanistit-uudistuvassa-tyoelamassa\/wp-content\/uploads\/sites\/113\/2022\/03\/Anna7-768x1024.png","type":"","width":"","height":""}],"author":"miiahar","twitter_card":"summary_large_image","twitter_misc":{"Kirjoittanut":"miiahar","Arvioitu lukuaika":"4 minuuttia"},"schema":{"@context":"https:\/\/schema.org","@graph":[{"@type":"Article","@id":"https:\/\/blogs.uef.fi\/humanistit-uudistuvassa-tyoelamassa\/2022\/03\/07\/opiskelijasta-henkilokunnaksi-ja-harjoittelusta-sijaisuudelle\/#article","isPartOf":{"@id":"https:\/\/blogs.uef.fi\/humanistit-uudistuvassa-tyoelamassa\/2022\/03\/07\/opiskelijasta-henkilokunnaksi-ja-harjoittelusta-sijaisuudelle\/"},"author":{"name":"miiahar","@id":"https:\/\/blogs.uef.fi\/humanistit-uudistuvassa-tyoelamassa\/#\/schema\/person\/def8fb0fb6d2f4aefb1df73e6bb44b49"},"headline":"Opiskelijasta henkil\u00f6kunnaksi ja harjoittelusta sijaisuudelle","datePublished":"2022-03-07T08:35:34+00:00","dateModified":"2022-03-07T09:53:07+00:00","mainEntityOfPage":{"@id":"https:\/\/blogs.uef.fi\/humanistit-uudistuvassa-tyoelamassa\/2022\/03\/07\/opiskelijasta-henkilokunnaksi-ja-harjoittelusta-sijaisuudelle\/"},"wordCount":797,"commentCount":0,"image":{"@id":"https:\/\/blogs.uef.fi\/humanistit-uudistuvassa-tyoelamassa\/2022\/03\/07\/opiskelijasta-henkilokunnaksi-ja-harjoittelusta-sijaisuudelle\/#primaryimage"},"thumbnailUrl":"https:\/\/blogs.uef.fi\/humanistit-uudistuvassa-tyoelamassa\/wp-content\/uploads\/sites\/113\/2022\/03\/Anna7-768x1024.png","keywords":["harjoittelukokemus","opintosihteeri","opiskelijaty\u00f6ryhm\u00e4","ty\u00f6harjoittelu","ty\u00f6llistyminen"],"articleSection":["Harjoittelukokemukset","Uutiset"],"inLanguage":"fi","potentialAction":[{"@type":"CommentAction","name":"Comment","target":["https:\/\/blogs.uef.fi\/humanistit-uudistuvassa-tyoelamassa\/2022\/03\/07\/opiskelijasta-henkilokunnaksi-ja-harjoittelusta-sijaisuudelle\/#respond"]}]},{"@type":"WebPage","@id":"https:\/\/blogs.uef.fi\/humanistit-uudistuvassa-tyoelamassa\/2022\/03\/07\/opiskelijasta-henkilokunnaksi-ja-harjoittelusta-sijaisuudelle\/","url":"https:\/\/blogs.uef.fi\/humanistit-uudistuvassa-tyoelamassa\/2022\/03\/07\/opiskelijasta-henkilokunnaksi-ja-harjoittelusta-sijaisuudelle\/","name":"Opiskelijasta henkil\u00f6kunnaksi ja harjoittelusta sijaisuudelle - HUMUS \u2013 Humanistit uudistuvassa ty\u00f6el\u00e4m\u00e4ss\u00e4","isPartOf":{"@id":"https:\/\/blogs.uef.fi\/humanistit-uudistuvassa-tyoelamassa\/#website"},"primaryImageOfPage":{"@id":"https:\/\/blogs.uef.fi\/humanistit-uudistuvassa-tyoelamassa\/2022\/03\/07\/opiskelijasta-henkilokunnaksi-ja-harjoittelusta-sijaisuudelle\/#primaryimage"},"image":{"@id":"https:\/\/blogs.uef.fi\/humanistit-uudistuvassa-tyoelamassa\/2022\/03\/07\/opiskelijasta-henkilokunnaksi-ja-harjoittelusta-sijaisuudelle\/#primaryimage"},"thumbnailUrl":"https:\/\/blogs.uef.fi\/humanistit-uudistuvassa-tyoelamassa\/wp-content\/uploads\/sites\/113\/2022\/03\/Anna7-768x1024.png","datePublished":"2022-03-07T08:35:34+00:00","dateModified":"2022-03-07T09:53:07+00:00","author":{"@id":"https:\/\/blogs.uef.fi\/humanistit-uudistuvassa-tyoelamassa\/#\/schema\/person\/def8fb0fb6d2f4aefb1df73e6bb44b49"},"breadcrumb":{"@id":"https:\/\/blogs.uef.fi\/humanistit-uudistuvassa-tyoelamassa\/2022\/03\/07\/opiskelijasta-henkilokunnaksi-ja-harjoittelusta-sijaisuudelle\/#breadcrumb"},"inLanguage":"fi","potentialAction":[{"@type":"ReadAction","target":["https:\/\/blogs.uef.fi\/humanistit-uudistuvassa-tyoelamassa\/2022\/03\/07\/opiskelijasta-henkilokunnaksi-ja-harjoittelusta-sijaisuudelle\/"]}]},{"@type":"ImageObject","inLanguage":"fi","@id":"https:\/\/blogs.uef.fi\/humanistit-uudistuvassa-tyoelamassa\/2022\/03\/07\/opiskelijasta-henkilokunnaksi-ja-harjoittelusta-sijaisuudelle\/#primaryimage","url":"https:\/\/blogs.uef.fi\/humanistit-uudistuvassa-tyoelamassa\/wp-content\/uploads\/sites\/113\/2022\/03\/Anna7.png","contentUrl":"https:\/\/blogs.uef.fi\/humanistit-uudistuvassa-tyoelamassa\/wp-content\/uploads\/sites\/113\/2022\/03\/Anna7.png","width":886,"height":1181},{"@type":"BreadcrumbList","@id":"https:\/\/blogs.uef.fi\/humanistit-uudistuvassa-tyoelamassa\/2022\/03\/07\/opiskelijasta-henkilokunnaksi-ja-harjoittelusta-sijaisuudelle\/#breadcrumb","itemListElement":[{"@type":"ListItem","position":1,"name":"Home","item":"https:\/\/blogs.uef.fi\/humanistit-uudistuvassa-tyoelamassa\/"},{"@type":"ListItem","position":2,"name":"Opiskelijasta henkil\u00f6kunnaksi ja harjoittelusta sijaisuudelle"}]},{"@type":"WebSite","@id":"https:\/\/blogs.uef.fi\/humanistit-uudistuvassa-tyoelamassa\/#website","url":"https:\/\/blogs.uef.fi\/humanistit-uudistuvassa-tyoelamassa\/","name":"HUMUS \u2013 Humanistit uudistuvassa ty\u00f6el\u00e4m\u00e4ss\u00e4","description":"","potentialAction":[{"@type":"SearchAction","target":{"@type":"EntryPoint","urlTemplate":"https:\/\/blogs.uef.fi\/humanistit-uudistuvassa-tyoelamassa\/?s={search_term_string}"},"query-input":{"@type":"PropertyValueSpecification","valueRequired":true,"valueName":"search_term_string"}}],"inLanguage":"fi"},{"@type":"Person","@id":"https:\/\/blogs.uef.fi\/humanistit-uudistuvassa-tyoelamassa\/#\/schema\/person\/def8fb0fb6d2f4aefb1df73e6bb44b49","name":"miiahar","image":{"@type":"ImageObject","inLanguage":"fi","@id":"https:\/\/secure.gravatar.com\/avatar\/74d6f3b717cfba37fe91fd3d70f11c1f3a72f91a4069c92b74d20eb7357eeb75?s=96&d=mm&r=g","url":"https:\/\/secure.gravatar.com\/avatar\/74d6f3b717cfba37fe91fd3d70f11c1f3a72f91a4069c92b74d20eb7357eeb75?s=96&d=mm&r=g","contentUrl":"https:\/\/secure.gravatar.com\/avatar\/74d6f3b717cfba37fe91fd3d70f11c1f3a72f91a4069c92b74d20eb7357eeb75?s=96&d=mm&r=g","caption":"miiahar"},"url":"https:\/\/blogs.uef.fi\/humanistit-uudistuvassa-tyoelamassa\/author\/miiahar\/"}]}},"_links":{"self":[{"href":"https:\/\/blogs.uef.fi\/humanistit-uudistuvassa-tyoelamassa\/wp-json\/wp\/v2\/posts\/2016","targetHints":{"allow":["GET"]}}],"collection":[{"href":"https:\/\/blogs.uef.fi\/humanistit-uudistuvassa-tyoelamassa\/wp-json\/wp\/v2\/posts"}],"about":[{"href":"https:\/\/blogs.uef.fi\/humanistit-uudistuvassa-tyoelamassa\/wp-json\/wp\/v2\/types\/post"}],"author":[{"embeddable":true,"href":"https:\/\/blogs.uef.fi\/humanistit-uudistuvassa-tyoelamassa\/wp-json\/wp\/v2\/users\/526"}],"replies":[{"embeddable":true,"href":"https:\/\/blogs.uef.fi\/humanistit-uudistuvassa-tyoelamassa\/wp-json\/wp\/v2\/comments?post=2016"}],"version-history":[{"count":2,"href":"https:\/\/blogs.uef.fi\/humanistit-uudistuvassa-tyoelamassa\/wp-json\/wp\/v2\/posts\/2016\/revisions"}],"predecessor-version":[{"id":2153,"href":"https:\/\/blogs.uef.fi\/humanistit-uudistuvassa-tyoelamassa\/wp-json\/wp\/v2\/posts\/2016\/revisions\/2153"}],"wp:attachment":[{"href":"https:\/\/blogs.uef.fi\/humanistit-uudistuvassa-tyoelamassa\/wp-json\/wp\/v2\/media?parent=2016"}],"wp:term":[{"taxonomy":"category","embeddable":true,"href":"https:\/\/blogs.uef.fi\/humanistit-uudistuvassa-tyoelamassa\/wp-json\/wp\/v2\/categories?post=2016"},{"taxonomy":"post_tag","embeddable":true,"href":"https:\/\/blogs.uef.fi\/humanistit-uudistuvassa-tyoelamassa\/wp-json\/wp\/v2\/tags?post=2016"}],"curies":[{"name":"wp","href":"https:\/\/api.w.org\/{rel}","templated":true}]}}