{"id":197,"date":"2019-11-19T13:44:26","date_gmt":"2019-11-19T13:44:26","guid":{"rendered":"https:\/\/blogs.uef.fi\/humanistit-uudistuvassa-tyoelamassa\/?p=197"},"modified":"2019-12-18T07:30:46","modified_gmt":"2019-12-18T07:30:46","slug":"kuinka-kehitamme-osaamista-yhdessa-paneelikeskustelu-29-11","status":"publish","type":"post","link":"https:\/\/blogs.uef.fi\/humanistit-uudistuvassa-tyoelamassa\/2019\/11\/19\/kuinka-kehitamme-osaamista-yhdessa-paneelikeskustelu-29-11\/","title":{"rendered":"Kuinka kehit\u00e4mme tulevaisuuden osaamista yhdess\u00e4? -paneelikeskustelu 29.11."},"content":{"rendered":"<p><a href=\"https:\/\/blogs.uef.fi\/humanistit-uudistuvassa-tyoelamassa\/2019\/11\/04\/tulevaisuudenosaaja-29-11\/\"> Tulevaisuuden osaaja \u2013 miksi humanisti?<\/a> -tapahtumamme 29.11. p\u00e4\u00e4tt\u00e4\u00e4 <em>Kuinka kehit\u00e4mme tulevaisuuden osaamista yhdess\u00e4?<\/em> -paneelikeskustelu klo 13.<\/p>\n<p>Panelisteina:<\/p>\n<ul>\n<li><a href=\"https:\/\/uefconnect.uef.fi\/henkilo\/matti.turtiainen\/\"><strong>Matti Turtiainen<\/strong><\/a>, It\u00e4-Suomen yliopiston varadekaani, I-Factor-hankkeen johtaja. Turtiainen on kauppatieteiden yritysoikeuden ja -talouden professori. H\u00e4nen johtamassaan I-Factor-hankkeessa keskityt\u00e4\u00e4n kauppatieteiden ja It\u00e4-Suomen alueella toimivien yritysten yhteisty\u00f6n tiivist\u00e4miseen.<\/li>\n<li><strong>Jussi Hurskainen<\/strong>, <a href=\"https:\/\/www.valamis.com\/fi\">Valamis Oy<\/a>:n toimitusjohtaja. Hurskainen on yksi menestyneen Valamis Oy:n (ent. Arcusys) perustajista, ja h\u00e4n sai vuonna 2012 Vuoden Nuori Yritt\u00e4j\u00e4 -palkinnon. Hurskainen on kehitt\u00e4nyt avoimen l\u00e4hdekoodin oppimisymp\u00e4rist\u00f6\u00e4, jota k\u00e4ytet\u00e4\u00e4n mm. Yhdysvaltain ilmailu- ja avaruushallintovirasto NASA:ssa.<\/li>\n<li><strong>Anu Kinnunen<\/strong>, koulutussihteeri <a href=\"https:\/\/www.cmcfinland.fi\/\">CMC Finland\u00a0\u00a0<\/a>Kriisinhallintakeskuksesta. Mediakulttuuria ja viestint\u00e4\u00e4 opiskellut Kinnunen on edennyt urallaan ennakkoluulottomasti ep\u00e4mukavuusalueita kaihtamatta kustantamoista Sis\u00e4ministeri\u00f6n yhteydess\u00e4 toimivaan Kriisinhallintakeskukseen.<\/li>\n<li><strong>Outi Suorsa<\/strong>, suunnittelija\/uraohjaaja It\u00e4-Suomen yliopiston Urapalveluista. Suorsa auttaa opiskelijoita heid\u00e4n urapoluillaan ja vastaa mm. ty\u00f6llistymisselvityksist\u00e4. Suorsa on opiskellut my\u00f6s humanistia aineita, esim. kulttuuriantropologiaa ja ranskaa. Ennen yliopistouraansa h\u00e4n on ty\u00f6skennellyt erilaisissa toimistoteht\u00e4viss\u00e4 mm. kansainv\u00e4lisen kaupan parissa.<\/li>\n<li><strong>Samuli Taponen<\/strong>, <a href=\"http:\/\/futuremissions.fi\/\">Future Missions oy<\/a>:n edustaja.<\/li>\n<li><strong>Hanna Puro<\/strong>, FM-opiskelija perinteentutkimuksesta. Puro edustaa opiskelijoita paneelikeskustelussa. H\u00e4nen ty\u00f6harjoitteluunsa kuului vastajulkaistun <a href=\"https:\/\/issuu.com\/uniuef\/docs\/uef_kaskukirja_verkkoon_low\">Id\u00e4n j\u00e4ttil\u00e4inen ja muita kaskuja It\u00e4-Suomen yliopistosta<\/a> -teoksen toimituskunnassa ty\u00f6skentely.\n<div class=\"\"><\/div>\n<\/li>\n<\/ul>\n<p>Keskustelua vet\u00e4\u00e4 Anne Heikkinen It\u00e4-Suomen yliopiston viestinn\u00e4st\u00e4.<\/p>\n<p>Katso p\u00e4iv\u00e4n <a href=\"https:\/\/blogs.uef.fi\/humanistit-uudistuvassa-tyoelamassa\/2019\/11\/04\/tulevaisuudenosaaja-29-11\/\">koko ohjelma<\/a> ja <a href=\"https:\/\/bit.ly\/2N7lX03\">ilmoittaudu<\/a> mukaan!<\/p>\n","protected":false},"excerpt":{"rendered":"<p>Tulevaisuuden osaaja \u2013 miksi humanisti? -tapahtumamme 29.11. p\u00e4\u00e4tt\u00e4\u00e4 Kuinka kehit\u00e4mme tulevaisuuden osaamista yhdess\u00e4? -paneelikeskustelu klo 13. Panelisteina: Matti Turtiainen, It\u00e4-Suomen yliopiston varadekaani, I-Factor-hankkeen johtaja. Turtiainen on kauppatieteiden yritysoikeuden ja -talouden professori. H\u00e4nen johtamassaan I-Factor-hankkeessa keskityt\u00e4\u00e4n kauppatieteiden ja It\u00e4-Suomen alueella toimivien yritysten yhteisty\u00f6n tiivist\u00e4miseen. Jussi Hurskainen, Valamis Oy:n toimitusjohtaja. Hurskainen on yksi menestyneen Valamis Oy:n (ent. [&hellip;]<\/p>\n","protected":false},"author":285,"featured_media":0,"comment_status":"open","ping_status":"open","sticky":false,"template":"","format":"standard","meta":{"_acf_changed":false,"footnotes":""},"categories":[1],"tags":[],"class_list":["post-197","post","type-post","status-publish","format-standard","hentry","category-uutiset"],"acf":[],"yoast_head":"<!-- This site is optimized with the Yoast SEO plugin v27.3 - https:\/\/yoast.com\/product\/yoast-seo-wordpress\/ -->\n<title>Kuinka kehit\u00e4mme tulevaisuuden osaamista yhdess\u00e4? -paneelikeskustelu 29.11. - HUMUS \u2013 Humanistit uudistuvassa ty\u00f6el\u00e4m\u00e4ss\u00e4<\/title>\n<meta name=\"robots\" content=\"index, follow, max-snippet:-1, max-image-preview:large, max-video-preview:-1\" \/>\n<link rel=\"canonical\" href=\"https:\/\/blogs.uef.fi\/humanistit-uudistuvassa-tyoelamassa\/2019\/11\/19\/kuinka-kehitamme-osaamista-yhdessa-paneelikeskustelu-29-11\/\" \/>\n<meta property=\"og:locale\" content=\"fi_FI\" \/>\n<meta property=\"og:type\" content=\"article\" \/>\n<meta property=\"og:title\" content=\"Kuinka kehit\u00e4mme tulevaisuuden osaamista yhdess\u00e4? -paneelikeskustelu 29.11. - HUMUS \u2013 Humanistit uudistuvassa ty\u00f6el\u00e4m\u00e4ss\u00e4\" \/>\n<meta property=\"og:description\" content=\"Tulevaisuuden osaaja \u2013 miksi humanisti? -tapahtumamme 29.11. p\u00e4\u00e4tt\u00e4\u00e4 Kuinka kehit\u00e4mme tulevaisuuden osaamista yhdess\u00e4? -paneelikeskustelu klo 13. Panelisteina: Matti Turtiainen, It\u00e4-Suomen yliopiston varadekaani, I-Factor-hankkeen johtaja. Turtiainen on kauppatieteiden yritysoikeuden ja -talouden professori. H\u00e4nen johtamassaan I-Factor-hankkeessa keskityt\u00e4\u00e4n kauppatieteiden ja It\u00e4-Suomen alueella toimivien yritysten yhteisty\u00f6n tiivist\u00e4miseen. Jussi Hurskainen, Valamis Oy:n toimitusjohtaja. Hurskainen on yksi menestyneen Valamis Oy:n (ent. [&hellip;]\" \/>\n<meta property=\"og:url\" content=\"https:\/\/blogs.uef.fi\/humanistit-uudistuvassa-tyoelamassa\/2019\/11\/19\/kuinka-kehitamme-osaamista-yhdessa-paneelikeskustelu-29-11\/\" \/>\n<meta property=\"og:site_name\" content=\"HUMUS \u2013 Humanistit uudistuvassa ty\u00f6el\u00e4m\u00e4ss\u00e4\" \/>\n<meta property=\"article:published_time\" content=\"2019-11-19T13:44:26+00:00\" \/>\n<meta property=\"article:modified_time\" content=\"2019-12-18T07:30:46+00:00\" \/>\n<meta name=\"author\" content=\"Sini Heinoja\" \/>\n<meta name=\"twitter:card\" content=\"summary_large_image\" \/>\n<meta name=\"twitter:label1\" content=\"Kirjoittanut\" \/>\n\t<meta name=\"twitter:data1\" content=\"Sini Heinoja\" \/>\n\t<meta name=\"twitter:label2\" content=\"Arvioitu lukuaika\" \/>\n\t<meta name=\"twitter:data2\" content=\"1 minuutti\" \/>\n<script type=\"application\/ld+json\" class=\"yoast-schema-graph\">{\"@context\":\"https:\\\/\\\/schema.org\",\"@graph\":[{\"@type\":\"Article\",\"@id\":\"https:\\\/\\\/blogs.uef.fi\\\/humanistit-uudistuvassa-tyoelamassa\\\/2019\\\/11\\\/19\\\/kuinka-kehitamme-osaamista-yhdessa-paneelikeskustelu-29-11\\\/#article\",\"isPartOf\":{\"@id\":\"https:\\\/\\\/blogs.uef.fi\\\/humanistit-uudistuvassa-tyoelamassa\\\/2019\\\/11\\\/19\\\/kuinka-kehitamme-osaamista-yhdessa-paneelikeskustelu-29-11\\\/\"},\"author\":{\"name\":\"Sini Heinoja\",\"@id\":\"https:\\\/\\\/blogs.uef.fi\\\/humanistit-uudistuvassa-tyoelamassa\\\/#\\\/schema\\\/person\\\/2a8dd39b2285e1f0f8b2a15f542fa9ff\"},\"headline\":\"Kuinka kehit\u00e4mme tulevaisuuden osaamista yhdess\u00e4? -paneelikeskustelu 29.11.\",\"datePublished\":\"2019-11-19T13:44:26+00:00\",\"dateModified\":\"2019-12-18T07:30:46+00:00\",\"mainEntityOfPage\":{\"@id\":\"https:\\\/\\\/blogs.uef.fi\\\/humanistit-uudistuvassa-tyoelamassa\\\/2019\\\/11\\\/19\\\/kuinka-kehitamme-osaamista-yhdessa-paneelikeskustelu-29-11\\\/\"},\"wordCount\":225,\"commentCount\":0,\"articleSection\":[\"Uutiset\"],\"inLanguage\":\"fi\",\"potentialAction\":[{\"@type\":\"CommentAction\",\"name\":\"Comment\",\"target\":[\"https:\\\/\\\/blogs.uef.fi\\\/humanistit-uudistuvassa-tyoelamassa\\\/2019\\\/11\\\/19\\\/kuinka-kehitamme-osaamista-yhdessa-paneelikeskustelu-29-11\\\/#respond\"]}]},{\"@type\":\"WebPage\",\"@id\":\"https:\\\/\\\/blogs.uef.fi\\\/humanistit-uudistuvassa-tyoelamassa\\\/2019\\\/11\\\/19\\\/kuinka-kehitamme-osaamista-yhdessa-paneelikeskustelu-29-11\\\/\",\"url\":\"https:\\\/\\\/blogs.uef.fi\\\/humanistit-uudistuvassa-tyoelamassa\\\/2019\\\/11\\\/19\\\/kuinka-kehitamme-osaamista-yhdessa-paneelikeskustelu-29-11\\\/\",\"name\":\"Kuinka kehit\u00e4mme tulevaisuuden osaamista yhdess\u00e4? -paneelikeskustelu 29.11. - HUMUS \u2013 Humanistit uudistuvassa ty\u00f6el\u00e4m\u00e4ss\u00e4\",\"isPartOf\":{\"@id\":\"https:\\\/\\\/blogs.uef.fi\\\/humanistit-uudistuvassa-tyoelamassa\\\/#website\"},\"datePublished\":\"2019-11-19T13:44:26+00:00\",\"dateModified\":\"2019-12-18T07:30:46+00:00\",\"author\":{\"@id\":\"https:\\\/\\\/blogs.uef.fi\\\/humanistit-uudistuvassa-tyoelamassa\\\/#\\\/schema\\\/person\\\/2a8dd39b2285e1f0f8b2a15f542fa9ff\"},\"breadcrumb\":{\"@id\":\"https:\\\/\\\/blogs.uef.fi\\\/humanistit-uudistuvassa-tyoelamassa\\\/2019\\\/11\\\/19\\\/kuinka-kehitamme-osaamista-yhdessa-paneelikeskustelu-29-11\\\/#breadcrumb\"},\"inLanguage\":\"fi\",\"potentialAction\":[{\"@type\":\"ReadAction\",\"target\":[\"https:\\\/\\\/blogs.uef.fi\\\/humanistit-uudistuvassa-tyoelamassa\\\/2019\\\/11\\\/19\\\/kuinka-kehitamme-osaamista-yhdessa-paneelikeskustelu-29-11\\\/\"]}]},{\"@type\":\"BreadcrumbList\",\"@id\":\"https:\\\/\\\/blogs.uef.fi\\\/humanistit-uudistuvassa-tyoelamassa\\\/2019\\\/11\\\/19\\\/kuinka-kehitamme-osaamista-yhdessa-paneelikeskustelu-29-11\\\/#breadcrumb\",\"itemListElement\":[{\"@type\":\"ListItem\",\"position\":1,\"name\":\"Home\",\"item\":\"https:\\\/\\\/blogs.uef.fi\\\/humanistit-uudistuvassa-tyoelamassa\\\/\"},{\"@type\":\"ListItem\",\"position\":2,\"name\":\"Kuinka kehit\u00e4mme tulevaisuuden osaamista yhdess\u00e4? -paneelikeskustelu 29.11.\"}]},{\"@type\":\"WebSite\",\"@id\":\"https:\\\/\\\/blogs.uef.fi\\\/humanistit-uudistuvassa-tyoelamassa\\\/#website\",\"url\":\"https:\\\/\\\/blogs.uef.fi\\\/humanistit-uudistuvassa-tyoelamassa\\\/\",\"name\":\"HUMUS \u2013 Humanistit uudistuvassa ty\u00f6el\u00e4m\u00e4ss\u00e4\",\"description\":\"\",\"potentialAction\":[{\"@type\":\"SearchAction\",\"target\":{\"@type\":\"EntryPoint\",\"urlTemplate\":\"https:\\\/\\\/blogs.uef.fi\\\/humanistit-uudistuvassa-tyoelamassa\\\/?s={search_term_string}\"},\"query-input\":{\"@type\":\"PropertyValueSpecification\",\"valueRequired\":true,\"valueName\":\"search_term_string\"}}],\"inLanguage\":\"fi\"},{\"@type\":\"Person\",\"@id\":\"https:\\\/\\\/blogs.uef.fi\\\/humanistit-uudistuvassa-tyoelamassa\\\/#\\\/schema\\\/person\\\/2a8dd39b2285e1f0f8b2a15f542fa9ff\",\"name\":\"Sini Heinoja\",\"image\":{\"@type\":\"ImageObject\",\"inLanguage\":\"fi\",\"@id\":\"https:\\\/\\\/secure.gravatar.com\\\/avatar\\\/e26b7b6234f0e3dfbe287cd2d81eea31d8a9e7d7265142f403762dfa4aa14903?s=96&d=mm&r=g\",\"url\":\"https:\\\/\\\/secure.gravatar.com\\\/avatar\\\/e26b7b6234f0e3dfbe287cd2d81eea31d8a9e7d7265142f403762dfa4aa14903?s=96&d=mm&r=g\",\"contentUrl\":\"https:\\\/\\\/secure.gravatar.com\\\/avatar\\\/e26b7b6234f0e3dfbe287cd2d81eea31d8a9e7d7265142f403762dfa4aa14903?s=96&d=mm&r=g\",\"caption\":\"Sini Heinoja\"},\"url\":\"https:\\\/\\\/blogs.uef.fi\\\/humanistit-uudistuvassa-tyoelamassa\\\/author\\\/sinihei\\\/\"}]}<\/script>\n<!-- \/ Yoast SEO plugin. -->","yoast_head_json":{"title":"Kuinka kehit\u00e4mme tulevaisuuden osaamista yhdess\u00e4? -paneelikeskustelu 29.11. - HUMUS \u2013 Humanistit uudistuvassa ty\u00f6el\u00e4m\u00e4ss\u00e4","robots":{"index":"index","follow":"follow","max-snippet":"max-snippet:-1","max-image-preview":"max-image-preview:large","max-video-preview":"max-video-preview:-1"},"canonical":"https:\/\/blogs.uef.fi\/humanistit-uudistuvassa-tyoelamassa\/2019\/11\/19\/kuinka-kehitamme-osaamista-yhdessa-paneelikeskustelu-29-11\/","og_locale":"fi_FI","og_type":"article","og_title":"Kuinka kehit\u00e4mme tulevaisuuden osaamista yhdess\u00e4? -paneelikeskustelu 29.11. - HUMUS \u2013 Humanistit uudistuvassa ty\u00f6el\u00e4m\u00e4ss\u00e4","og_description":"Tulevaisuuden osaaja \u2013 miksi humanisti? -tapahtumamme 29.11. p\u00e4\u00e4tt\u00e4\u00e4 Kuinka kehit\u00e4mme tulevaisuuden osaamista yhdess\u00e4? -paneelikeskustelu klo 13. Panelisteina: Matti Turtiainen, It\u00e4-Suomen yliopiston varadekaani, I-Factor-hankkeen johtaja. Turtiainen on kauppatieteiden yritysoikeuden ja -talouden professori. H\u00e4nen johtamassaan I-Factor-hankkeessa keskityt\u00e4\u00e4n kauppatieteiden ja It\u00e4-Suomen alueella toimivien yritysten yhteisty\u00f6n tiivist\u00e4miseen. Jussi Hurskainen, Valamis Oy:n toimitusjohtaja. Hurskainen on yksi menestyneen Valamis Oy:n (ent. [&hellip;]","og_url":"https:\/\/blogs.uef.fi\/humanistit-uudistuvassa-tyoelamassa\/2019\/11\/19\/kuinka-kehitamme-osaamista-yhdessa-paneelikeskustelu-29-11\/","og_site_name":"HUMUS \u2013 Humanistit uudistuvassa ty\u00f6el\u00e4m\u00e4ss\u00e4","article_published_time":"2019-11-19T13:44:26+00:00","article_modified_time":"2019-12-18T07:30:46+00:00","author":"Sini Heinoja","twitter_card":"summary_large_image","twitter_misc":{"Kirjoittanut":"Sini Heinoja","Arvioitu lukuaika":"1 minuutti"},"schema":{"@context":"https:\/\/schema.org","@graph":[{"@type":"Article","@id":"https:\/\/blogs.uef.fi\/humanistit-uudistuvassa-tyoelamassa\/2019\/11\/19\/kuinka-kehitamme-osaamista-yhdessa-paneelikeskustelu-29-11\/#article","isPartOf":{"@id":"https:\/\/blogs.uef.fi\/humanistit-uudistuvassa-tyoelamassa\/2019\/11\/19\/kuinka-kehitamme-osaamista-yhdessa-paneelikeskustelu-29-11\/"},"author":{"name":"Sini Heinoja","@id":"https:\/\/blogs.uef.fi\/humanistit-uudistuvassa-tyoelamassa\/#\/schema\/person\/2a8dd39b2285e1f0f8b2a15f542fa9ff"},"headline":"Kuinka kehit\u00e4mme tulevaisuuden osaamista yhdess\u00e4? -paneelikeskustelu 29.11.","datePublished":"2019-11-19T13:44:26+00:00","dateModified":"2019-12-18T07:30:46+00:00","mainEntityOfPage":{"@id":"https:\/\/blogs.uef.fi\/humanistit-uudistuvassa-tyoelamassa\/2019\/11\/19\/kuinka-kehitamme-osaamista-yhdessa-paneelikeskustelu-29-11\/"},"wordCount":225,"commentCount":0,"articleSection":["Uutiset"],"inLanguage":"fi","potentialAction":[{"@type":"CommentAction","name":"Comment","target":["https:\/\/blogs.uef.fi\/humanistit-uudistuvassa-tyoelamassa\/2019\/11\/19\/kuinka-kehitamme-osaamista-yhdessa-paneelikeskustelu-29-11\/#respond"]}]},{"@type":"WebPage","@id":"https:\/\/blogs.uef.fi\/humanistit-uudistuvassa-tyoelamassa\/2019\/11\/19\/kuinka-kehitamme-osaamista-yhdessa-paneelikeskustelu-29-11\/","url":"https:\/\/blogs.uef.fi\/humanistit-uudistuvassa-tyoelamassa\/2019\/11\/19\/kuinka-kehitamme-osaamista-yhdessa-paneelikeskustelu-29-11\/","name":"Kuinka kehit\u00e4mme tulevaisuuden osaamista yhdess\u00e4? -paneelikeskustelu 29.11. - HUMUS \u2013 Humanistit uudistuvassa ty\u00f6el\u00e4m\u00e4ss\u00e4","isPartOf":{"@id":"https:\/\/blogs.uef.fi\/humanistit-uudistuvassa-tyoelamassa\/#website"},"datePublished":"2019-11-19T13:44:26+00:00","dateModified":"2019-12-18T07:30:46+00:00","author":{"@id":"https:\/\/blogs.uef.fi\/humanistit-uudistuvassa-tyoelamassa\/#\/schema\/person\/2a8dd39b2285e1f0f8b2a15f542fa9ff"},"breadcrumb":{"@id":"https:\/\/blogs.uef.fi\/humanistit-uudistuvassa-tyoelamassa\/2019\/11\/19\/kuinka-kehitamme-osaamista-yhdessa-paneelikeskustelu-29-11\/#breadcrumb"},"inLanguage":"fi","potentialAction":[{"@type":"ReadAction","target":["https:\/\/blogs.uef.fi\/humanistit-uudistuvassa-tyoelamassa\/2019\/11\/19\/kuinka-kehitamme-osaamista-yhdessa-paneelikeskustelu-29-11\/"]}]},{"@type":"BreadcrumbList","@id":"https:\/\/blogs.uef.fi\/humanistit-uudistuvassa-tyoelamassa\/2019\/11\/19\/kuinka-kehitamme-osaamista-yhdessa-paneelikeskustelu-29-11\/#breadcrumb","itemListElement":[{"@type":"ListItem","position":1,"name":"Home","item":"https:\/\/blogs.uef.fi\/humanistit-uudistuvassa-tyoelamassa\/"},{"@type":"ListItem","position":2,"name":"Kuinka kehit\u00e4mme tulevaisuuden osaamista yhdess\u00e4? -paneelikeskustelu 29.11."}]},{"@type":"WebSite","@id":"https:\/\/blogs.uef.fi\/humanistit-uudistuvassa-tyoelamassa\/#website","url":"https:\/\/blogs.uef.fi\/humanistit-uudistuvassa-tyoelamassa\/","name":"HUMUS \u2013 Humanistit uudistuvassa ty\u00f6el\u00e4m\u00e4ss\u00e4","description":"","potentialAction":[{"@type":"SearchAction","target":{"@type":"EntryPoint","urlTemplate":"https:\/\/blogs.uef.fi\/humanistit-uudistuvassa-tyoelamassa\/?s={search_term_string}"},"query-input":{"@type":"PropertyValueSpecification","valueRequired":true,"valueName":"search_term_string"}}],"inLanguage":"fi"},{"@type":"Person","@id":"https:\/\/blogs.uef.fi\/humanistit-uudistuvassa-tyoelamassa\/#\/schema\/person\/2a8dd39b2285e1f0f8b2a15f542fa9ff","name":"Sini Heinoja","image":{"@type":"ImageObject","inLanguage":"fi","@id":"https:\/\/secure.gravatar.com\/avatar\/e26b7b6234f0e3dfbe287cd2d81eea31d8a9e7d7265142f403762dfa4aa14903?s=96&d=mm&r=g","url":"https:\/\/secure.gravatar.com\/avatar\/e26b7b6234f0e3dfbe287cd2d81eea31d8a9e7d7265142f403762dfa4aa14903?s=96&d=mm&r=g","contentUrl":"https:\/\/secure.gravatar.com\/avatar\/e26b7b6234f0e3dfbe287cd2d81eea31d8a9e7d7265142f403762dfa4aa14903?s=96&d=mm&r=g","caption":"Sini Heinoja"},"url":"https:\/\/blogs.uef.fi\/humanistit-uudistuvassa-tyoelamassa\/author\/sinihei\/"}]}},"_links":{"self":[{"href":"https:\/\/blogs.uef.fi\/humanistit-uudistuvassa-tyoelamassa\/wp-json\/wp\/v2\/posts\/197","targetHints":{"allow":["GET"]}}],"collection":[{"href":"https:\/\/blogs.uef.fi\/humanistit-uudistuvassa-tyoelamassa\/wp-json\/wp\/v2\/posts"}],"about":[{"href":"https:\/\/blogs.uef.fi\/humanistit-uudistuvassa-tyoelamassa\/wp-json\/wp\/v2\/types\/post"}],"author":[{"embeddable":true,"href":"https:\/\/blogs.uef.fi\/humanistit-uudistuvassa-tyoelamassa\/wp-json\/wp\/v2\/users\/285"}],"replies":[{"embeddable":true,"href":"https:\/\/blogs.uef.fi\/humanistit-uudistuvassa-tyoelamassa\/wp-json\/wp\/v2\/comments?post=197"}],"version-history":[{"count":2,"href":"https:\/\/blogs.uef.fi\/humanistit-uudistuvassa-tyoelamassa\/wp-json\/wp\/v2\/posts\/197\/revisions"}],"predecessor-version":[{"id":347,"href":"https:\/\/blogs.uef.fi\/humanistit-uudistuvassa-tyoelamassa\/wp-json\/wp\/v2\/posts\/197\/revisions\/347"}],"wp:attachment":[{"href":"https:\/\/blogs.uef.fi\/humanistit-uudistuvassa-tyoelamassa\/wp-json\/wp\/v2\/media?parent=197"}],"wp:term":[{"taxonomy":"category","embeddable":true,"href":"https:\/\/blogs.uef.fi\/humanistit-uudistuvassa-tyoelamassa\/wp-json\/wp\/v2\/categories?post=197"},{"taxonomy":"post_tag","embeddable":true,"href":"https:\/\/blogs.uef.fi\/humanistit-uudistuvassa-tyoelamassa\/wp-json\/wp\/v2\/tags?post=197"}],"curies":[{"name":"wp","href":"https:\/\/api.w.org\/{rel}","templated":true}]}}