{"id":1624,"date":"2021-10-15T09:29:37","date_gmt":"2021-10-15T09:29:37","guid":{"rendered":"https:\/\/blogs.uef.fi\/humanistit-uudistuvassa-tyoelamassa\/?p=1624"},"modified":"2021-10-25T09:54:41","modified_gmt":"2021-10-25T09:54:41","slug":"humus-pop-up-tulee-jalleen-26-10-2021","status":"publish","type":"post","link":"https:\/\/blogs.uef.fi\/humanistit-uudistuvassa-tyoelamassa\/2021\/10\/15\/humus-pop-up-tulee-jalleen-26-10-2021\/","title":{"rendered":"HUMUS pop-up tulee j\u00e4lleen 26.10.2021"},"content":{"rendered":"<p><span data-contrast=\"auto\">Tervetuloa HUMUS-pop-up-pisteelle Agoran k\u00e4yt\u00e4v\u00e4lle 26.10.2021 klo 11.30\u201315.00 tapaamaan HUMUS-hankkeen ty\u00f6ntekij\u00f6it\u00e4 ja opiskelijaty\u00f6ryhm\u00e4\u00e4.<\/p>\n<p><\/span><span data-contrast=\"auto\"><span class=\"TextRun SCXW177393701 BCX0\" lang=\"FI-FI\" xml:lang=\"FI-FI\" data-contrast=\"auto\"><span class=\"NormalTextRun SCXW177393701 BCX0\">Pop-upin teemana on t\u00e4ll\u00e4 kertaa ty\u00f6el\u00e4m\u00e4n digitaidot<\/span><span class=\"NormalTextRun SCXW177393701 BCX0\">, joiden merkitys opiskelu- ja ty\u00f6ymp\u00e4rist\u00f6iss\u00e4 kasvaa jatkuvasti.<\/span><span class=\"NormalTextRun SCXW177393701 BCX0\"> Tule kertomaan meille, millaiset digitaitoihin ja ty\u00f6el\u00e4m\u00e4\u00e4n liittyv\u00e4t asiat sinua askarruttavat, ja osallistu humanistitriviaan.<\/span> <span class=\"NormalTextRun SCXW177393701 BCX0\">Tarjolla on my\u00f6s kahvia ja tietoa tulevista ty\u00f6el\u00e4m\u00e4tapahtumista, joihin <span class=\"NormalTextRun BCX0 SCXW86616894\">osallistuminen on mit\u00e4 mainioin keino kuulla ty\u00f6el\u00e4m\u00e4st\u00e4, kehitt\u00e4\u00e4 omia ty\u00f6el\u00e4m\u00e4valmiuksia sek\u00e4 saada t\u00e4ytett\u00e4 portfolioon.<\/span><\/span><\/span><\/span><\/p>\n<p>HUMUS pop-up j\u00e4rjestettiin viimeksi syyskuussa. Pisteell\u00e4 keskusteltiin humanistien opinnoista, ty\u00f6el\u00e4m\u00e4mahdollisuuksista sek\u00e4 tulevista ty\u00f6el\u00e4m\u00e4tapahtumista.\u00a0 Pisteell\u00e4 k\u00e4vij\u00e4t saivat my\u00f6s kirjoittaa sein\u00e4kkeelle, mit\u00e4 heille tulee mieleen sanasta humanisti.<\/p>\n<div id=\"attachment_1627\" style=\"width: 235px\" class=\"wp-caption alignnone\"><img loading=\"lazy\" decoding=\"async\" aria-describedby=\"caption-attachment-1627\" class=\"size-medium wp-image-1627\" src=\"https:\/\/blogs.uef.fi\/humanistit-uudistuvassa-tyoelamassa\/wp-content\/uploads\/sites\/113\/2021\/10\/humanisti_seinake_popupsyyskuu2021-225x300.jpg\" alt=\"Kuvassa on sein\u00e4ke, johon on kiinnitetty kysymys &quot;Mit\u00e4 tulee mieleen sanasta humanisti?&quot; Sein\u00e4kkeeseen on kirjoitettu k\u00e4sin vastauksia, mm. monipuoliset ty\u00f6llistymismahdollisuudet, ym.\" width=\"225\" height=\"300\" srcset=\"https:\/\/blogs.uef.fi\/humanistit-uudistuvassa-tyoelamassa\/wp-content\/uploads\/sites\/113\/2021\/10\/humanisti_seinake_popupsyyskuu2021-225x300.jpg 225w, https:\/\/blogs.uef.fi\/humanistit-uudistuvassa-tyoelamassa\/wp-content\/uploads\/sites\/113\/2021\/10\/humanisti_seinake_popupsyyskuu2021-768x1024.jpg 768w, https:\/\/blogs.uef.fi\/humanistit-uudistuvassa-tyoelamassa\/wp-content\/uploads\/sites\/113\/2021\/10\/humanisti_seinake_popupsyyskuu2021-1152x1536.jpg 1152w, https:\/\/blogs.uef.fi\/humanistit-uudistuvassa-tyoelamassa\/wp-content\/uploads\/sites\/113\/2021\/10\/humanisti_seinake_popupsyyskuu2021-1536x2048.jpg 1536w, https:\/\/blogs.uef.fi\/humanistit-uudistuvassa-tyoelamassa\/wp-content\/uploads\/sites\/113\/2021\/10\/humanisti_seinake_popupsyyskuu2021-scaled.jpg 1920w\" sizes=\"auto, (max-width: 225px) 100vw, 225px\" \/><p id=\"caption-attachment-1627\" class=\"wp-caption-text\">Sana humanisti her\u00e4tti opiskelijoissa monenlaisia innostavia ajatuksia.<\/p><\/div>\n<p>Teksti: Tuuli Ahonen, v\u00e4it\u00f6skirjatutkija ja opiskelijaty\u00f6ryhm\u00e4n j\u00e4sen<\/p>\n","protected":false},"excerpt":{"rendered":"<p>Tervetuloa HUMUS-pop-up-pisteelle Agoran k\u00e4yt\u00e4v\u00e4lle 26.10.2021 klo 11.30\u201315.00 tapaamaan HUMUS-hankkeen ty\u00f6ntekij\u00f6it\u00e4 ja opiskelijaty\u00f6ryhm\u00e4\u00e4. Pop-upin teemana on t\u00e4ll\u00e4 kertaa ty\u00f6el\u00e4m\u00e4n digitaidot, joiden merkitys opiskelu- ja ty\u00f6ymp\u00e4rist\u00f6iss\u00e4 kasvaa jatkuvasti. Tule kertomaan meille, millaiset digitaitoihin ja ty\u00f6el\u00e4m\u00e4\u00e4n liittyv\u00e4t asiat sinua askarruttavat, ja osallistu humanistitriviaan. Tarjolla on my\u00f6s kahvia ja tietoa tulevista ty\u00f6el\u00e4m\u00e4tapahtumista, joihin osallistuminen on mit\u00e4 mainioin keino kuulla [&hellip;]<\/p>\n","protected":false},"author":285,"featured_media":0,"comment_status":"open","ping_status":"open","sticky":false,"template":"","format":"standard","meta":{"_acf_changed":false,"footnotes":""},"categories":[1],"tags":[],"class_list":["post-1624","post","type-post","status-publish","format-standard","hentry","category-uutiset"],"acf":[],"yoast_head":"<!-- This site is optimized with the Yoast SEO plugin v27.3 - https:\/\/yoast.com\/product\/yoast-seo-wordpress\/ -->\n<title>HUMUS pop-up tulee j\u00e4lleen 26.10.2021 - HUMUS \u2013 Humanistit uudistuvassa ty\u00f6el\u00e4m\u00e4ss\u00e4<\/title>\n<meta name=\"description\" content=\"Tervetuloa HUMUS-pop-up-pisteelle tapaamaan HUMUS-hankkeen ty\u00f6ntekij\u00f6it\u00e4 ja opiskelijaty\u00f6ryhm\u00e4\u00e4 26.10.2021 klo 11.30 alkaen.\" \/>\n<meta name=\"robots\" content=\"index, follow, max-snippet:-1, max-image-preview:large, max-video-preview:-1\" \/>\n<link rel=\"canonical\" href=\"https:\/\/blogs.uef.fi\/humanistit-uudistuvassa-tyoelamassa\/2021\/10\/15\/humus-pop-up-tulee-jalleen-26-10-2021\/\" \/>\n<meta property=\"og:locale\" content=\"fi_FI\" \/>\n<meta property=\"og:type\" content=\"article\" \/>\n<meta property=\"og:title\" content=\"HUMUS pop-up tulee j\u00e4lleen 26.10.2021 - HUMUS \u2013 Humanistit uudistuvassa ty\u00f6el\u00e4m\u00e4ss\u00e4\" \/>\n<meta property=\"og:description\" content=\"Tervetuloa HUMUS-pop-up-pisteelle tapaamaan HUMUS-hankkeen ty\u00f6ntekij\u00f6it\u00e4 ja opiskelijaty\u00f6ryhm\u00e4\u00e4 26.10.2021 klo 11.30 alkaen.\" \/>\n<meta property=\"og:url\" content=\"https:\/\/blogs.uef.fi\/humanistit-uudistuvassa-tyoelamassa\/2021\/10\/15\/humus-pop-up-tulee-jalleen-26-10-2021\/\" \/>\n<meta property=\"og:site_name\" content=\"HUMUS \u2013 Humanistit uudistuvassa ty\u00f6el\u00e4m\u00e4ss\u00e4\" \/>\n<meta property=\"article:published_time\" content=\"2021-10-15T09:29:37+00:00\" \/>\n<meta property=\"article:modified_time\" content=\"2021-10-25T09:54:41+00:00\" \/>\n<meta property=\"og:image\" content=\"https:\/\/blogs.uef.fi\/humanistit-uudistuvassa-tyoelamassa\/wp-content\/uploads\/sites\/113\/2021\/10\/humanisti_seinake_popupsyyskuu2021-225x300.jpg\" \/>\n<meta name=\"author\" content=\"Sini Heinoja\" \/>\n<meta name=\"twitter:card\" content=\"summary_large_image\" \/>\n<meta name=\"twitter:label1\" content=\"Kirjoittanut\" \/>\n\t<meta name=\"twitter:data1\" content=\"Sini Heinoja\" \/>\n\t<meta name=\"twitter:label2\" content=\"Arvioitu lukuaika\" \/>\n\t<meta name=\"twitter:data2\" content=\"1 minuutti\" \/>\n<script type=\"application\/ld+json\" class=\"yoast-schema-graph\">{\"@context\":\"https:\\\/\\\/schema.org\",\"@graph\":[{\"@type\":\"Article\",\"@id\":\"https:\\\/\\\/blogs.uef.fi\\\/humanistit-uudistuvassa-tyoelamassa\\\/2021\\\/10\\\/15\\\/humus-pop-up-tulee-jalleen-26-10-2021\\\/#article\",\"isPartOf\":{\"@id\":\"https:\\\/\\\/blogs.uef.fi\\\/humanistit-uudistuvassa-tyoelamassa\\\/2021\\\/10\\\/15\\\/humus-pop-up-tulee-jalleen-26-10-2021\\\/\"},\"author\":{\"name\":\"Sini Heinoja\",\"@id\":\"https:\\\/\\\/blogs.uef.fi\\\/humanistit-uudistuvassa-tyoelamassa\\\/#\\\/schema\\\/person\\\/2a8dd39b2285e1f0f8b2a15f542fa9ff\"},\"headline\":\"HUMUS pop-up tulee j\u00e4lleen 26.10.2021\",\"datePublished\":\"2021-10-15T09:29:37+00:00\",\"dateModified\":\"2021-10-25T09:54:41+00:00\",\"mainEntityOfPage\":{\"@id\":\"https:\\\/\\\/blogs.uef.fi\\\/humanistit-uudistuvassa-tyoelamassa\\\/2021\\\/10\\\/15\\\/humus-pop-up-tulee-jalleen-26-10-2021\\\/\"},\"wordCount\":157,\"commentCount\":0,\"image\":{\"@id\":\"https:\\\/\\\/blogs.uef.fi\\\/humanistit-uudistuvassa-tyoelamassa\\\/2021\\\/10\\\/15\\\/humus-pop-up-tulee-jalleen-26-10-2021\\\/#primaryimage\"},\"thumbnailUrl\":\"https:\\\/\\\/blogs.uef.fi\\\/humanistit-uudistuvassa-tyoelamassa\\\/wp-content\\\/uploads\\\/sites\\\/113\\\/2021\\\/10\\\/humanisti_seinake_popupsyyskuu2021-225x300.jpg\",\"articleSection\":[\"Uutiset\"],\"inLanguage\":\"fi\",\"potentialAction\":[{\"@type\":\"CommentAction\",\"name\":\"Comment\",\"target\":[\"https:\\\/\\\/blogs.uef.fi\\\/humanistit-uudistuvassa-tyoelamassa\\\/2021\\\/10\\\/15\\\/humus-pop-up-tulee-jalleen-26-10-2021\\\/#respond\"]}]},{\"@type\":\"WebPage\",\"@id\":\"https:\\\/\\\/blogs.uef.fi\\\/humanistit-uudistuvassa-tyoelamassa\\\/2021\\\/10\\\/15\\\/humus-pop-up-tulee-jalleen-26-10-2021\\\/\",\"url\":\"https:\\\/\\\/blogs.uef.fi\\\/humanistit-uudistuvassa-tyoelamassa\\\/2021\\\/10\\\/15\\\/humus-pop-up-tulee-jalleen-26-10-2021\\\/\",\"name\":\"HUMUS pop-up tulee j\u00e4lleen 26.10.2021 - HUMUS \u2013 Humanistit uudistuvassa ty\u00f6el\u00e4m\u00e4ss\u00e4\",\"isPartOf\":{\"@id\":\"https:\\\/\\\/blogs.uef.fi\\\/humanistit-uudistuvassa-tyoelamassa\\\/#website\"},\"primaryImageOfPage\":{\"@id\":\"https:\\\/\\\/blogs.uef.fi\\\/humanistit-uudistuvassa-tyoelamassa\\\/2021\\\/10\\\/15\\\/humus-pop-up-tulee-jalleen-26-10-2021\\\/#primaryimage\"},\"image\":{\"@id\":\"https:\\\/\\\/blogs.uef.fi\\\/humanistit-uudistuvassa-tyoelamassa\\\/2021\\\/10\\\/15\\\/humus-pop-up-tulee-jalleen-26-10-2021\\\/#primaryimage\"},\"thumbnailUrl\":\"https:\\\/\\\/blogs.uef.fi\\\/humanistit-uudistuvassa-tyoelamassa\\\/wp-content\\\/uploads\\\/sites\\\/113\\\/2021\\\/10\\\/humanisti_seinake_popupsyyskuu2021-225x300.jpg\",\"datePublished\":\"2021-10-15T09:29:37+00:00\",\"dateModified\":\"2021-10-25T09:54:41+00:00\",\"author\":{\"@id\":\"https:\\\/\\\/blogs.uef.fi\\\/humanistit-uudistuvassa-tyoelamassa\\\/#\\\/schema\\\/person\\\/2a8dd39b2285e1f0f8b2a15f542fa9ff\"},\"description\":\"Tervetuloa HUMUS-pop-up-pisteelle tapaamaan HUMUS-hankkeen ty\u00f6ntekij\u00f6it\u00e4 ja opiskelijaty\u00f6ryhm\u00e4\u00e4 26.10.2021 klo 11.30 alkaen.\",\"breadcrumb\":{\"@id\":\"https:\\\/\\\/blogs.uef.fi\\\/humanistit-uudistuvassa-tyoelamassa\\\/2021\\\/10\\\/15\\\/humus-pop-up-tulee-jalleen-26-10-2021\\\/#breadcrumb\"},\"inLanguage\":\"fi\",\"potentialAction\":[{\"@type\":\"ReadAction\",\"target\":[\"https:\\\/\\\/blogs.uef.fi\\\/humanistit-uudistuvassa-tyoelamassa\\\/2021\\\/10\\\/15\\\/humus-pop-up-tulee-jalleen-26-10-2021\\\/\"]}]},{\"@type\":\"ImageObject\",\"inLanguage\":\"fi\",\"@id\":\"https:\\\/\\\/blogs.uef.fi\\\/humanistit-uudistuvassa-tyoelamassa\\\/2021\\\/10\\\/15\\\/humus-pop-up-tulee-jalleen-26-10-2021\\\/#primaryimage\",\"url\":\"https:\\\/\\\/blogs.uef.fi\\\/humanistit-uudistuvassa-tyoelamassa\\\/wp-content\\\/uploads\\\/sites\\\/113\\\/2021\\\/10\\\/humanisti_seinake_popupsyyskuu2021-scaled.jpg\",\"contentUrl\":\"https:\\\/\\\/blogs.uef.fi\\\/humanistit-uudistuvassa-tyoelamassa\\\/wp-content\\\/uploads\\\/sites\\\/113\\\/2021\\\/10\\\/humanisti_seinake_popupsyyskuu2021-scaled.jpg\",\"width\":1920,\"height\":2560,\"caption\":\"Sana humanisti her\u00e4tti opiskelijoissa monenlaisia ajatuksia\"},{\"@type\":\"BreadcrumbList\",\"@id\":\"https:\\\/\\\/blogs.uef.fi\\\/humanistit-uudistuvassa-tyoelamassa\\\/2021\\\/10\\\/15\\\/humus-pop-up-tulee-jalleen-26-10-2021\\\/#breadcrumb\",\"itemListElement\":[{\"@type\":\"ListItem\",\"position\":1,\"name\":\"Home\",\"item\":\"https:\\\/\\\/blogs.uef.fi\\\/humanistit-uudistuvassa-tyoelamassa\\\/\"},{\"@type\":\"ListItem\",\"position\":2,\"name\":\"HUMUS pop-up tulee j\u00e4lleen 26.10.2021\"}]},{\"@type\":\"WebSite\",\"@id\":\"https:\\\/\\\/blogs.uef.fi\\\/humanistit-uudistuvassa-tyoelamassa\\\/#website\",\"url\":\"https:\\\/\\\/blogs.uef.fi\\\/humanistit-uudistuvassa-tyoelamassa\\\/\",\"name\":\"HUMUS \u2013 Humanistit uudistuvassa ty\u00f6el\u00e4m\u00e4ss\u00e4\",\"description\":\"\",\"potentialAction\":[{\"@type\":\"SearchAction\",\"target\":{\"@type\":\"EntryPoint\",\"urlTemplate\":\"https:\\\/\\\/blogs.uef.fi\\\/humanistit-uudistuvassa-tyoelamassa\\\/?s={search_term_string}\"},\"query-input\":{\"@type\":\"PropertyValueSpecification\",\"valueRequired\":true,\"valueName\":\"search_term_string\"}}],\"inLanguage\":\"fi\"},{\"@type\":\"Person\",\"@id\":\"https:\\\/\\\/blogs.uef.fi\\\/humanistit-uudistuvassa-tyoelamassa\\\/#\\\/schema\\\/person\\\/2a8dd39b2285e1f0f8b2a15f542fa9ff\",\"name\":\"Sini Heinoja\",\"image\":{\"@type\":\"ImageObject\",\"inLanguage\":\"fi\",\"@id\":\"https:\\\/\\\/secure.gravatar.com\\\/avatar\\\/e26b7b6234f0e3dfbe287cd2d81eea31d8a9e7d7265142f403762dfa4aa14903?s=96&d=mm&r=g\",\"url\":\"https:\\\/\\\/secure.gravatar.com\\\/avatar\\\/e26b7b6234f0e3dfbe287cd2d81eea31d8a9e7d7265142f403762dfa4aa14903?s=96&d=mm&r=g\",\"contentUrl\":\"https:\\\/\\\/secure.gravatar.com\\\/avatar\\\/e26b7b6234f0e3dfbe287cd2d81eea31d8a9e7d7265142f403762dfa4aa14903?s=96&d=mm&r=g\",\"caption\":\"Sini Heinoja\"},\"url\":\"https:\\\/\\\/blogs.uef.fi\\\/humanistit-uudistuvassa-tyoelamassa\\\/author\\\/sinihei\\\/\"}]}<\/script>\n<!-- \/ Yoast SEO plugin. -->","yoast_head_json":{"title":"HUMUS pop-up tulee j\u00e4lleen 26.10.2021 - HUMUS \u2013 Humanistit uudistuvassa ty\u00f6el\u00e4m\u00e4ss\u00e4","description":"Tervetuloa HUMUS-pop-up-pisteelle tapaamaan HUMUS-hankkeen ty\u00f6ntekij\u00f6it\u00e4 ja opiskelijaty\u00f6ryhm\u00e4\u00e4 26.10.2021 klo 11.30 alkaen.","robots":{"index":"index","follow":"follow","max-snippet":"max-snippet:-1","max-image-preview":"max-image-preview:large","max-video-preview":"max-video-preview:-1"},"canonical":"https:\/\/blogs.uef.fi\/humanistit-uudistuvassa-tyoelamassa\/2021\/10\/15\/humus-pop-up-tulee-jalleen-26-10-2021\/","og_locale":"fi_FI","og_type":"article","og_title":"HUMUS pop-up tulee j\u00e4lleen 26.10.2021 - HUMUS \u2013 Humanistit uudistuvassa ty\u00f6el\u00e4m\u00e4ss\u00e4","og_description":"Tervetuloa HUMUS-pop-up-pisteelle tapaamaan HUMUS-hankkeen ty\u00f6ntekij\u00f6it\u00e4 ja opiskelijaty\u00f6ryhm\u00e4\u00e4 26.10.2021 klo 11.30 alkaen.","og_url":"https:\/\/blogs.uef.fi\/humanistit-uudistuvassa-tyoelamassa\/2021\/10\/15\/humus-pop-up-tulee-jalleen-26-10-2021\/","og_site_name":"HUMUS \u2013 Humanistit uudistuvassa ty\u00f6el\u00e4m\u00e4ss\u00e4","article_published_time":"2021-10-15T09:29:37+00:00","article_modified_time":"2021-10-25T09:54:41+00:00","og_image":[{"url":"https:\/\/blogs.uef.fi\/humanistit-uudistuvassa-tyoelamassa\/wp-content\/uploads\/sites\/113\/2021\/10\/humanisti_seinake_popupsyyskuu2021-225x300.jpg","type":"","width":"","height":""}],"author":"Sini Heinoja","twitter_card":"summary_large_image","twitter_misc":{"Kirjoittanut":"Sini Heinoja","Arvioitu lukuaika":"1 minuutti"},"schema":{"@context":"https:\/\/schema.org","@graph":[{"@type":"Article","@id":"https:\/\/blogs.uef.fi\/humanistit-uudistuvassa-tyoelamassa\/2021\/10\/15\/humus-pop-up-tulee-jalleen-26-10-2021\/#article","isPartOf":{"@id":"https:\/\/blogs.uef.fi\/humanistit-uudistuvassa-tyoelamassa\/2021\/10\/15\/humus-pop-up-tulee-jalleen-26-10-2021\/"},"author":{"name":"Sini Heinoja","@id":"https:\/\/blogs.uef.fi\/humanistit-uudistuvassa-tyoelamassa\/#\/schema\/person\/2a8dd39b2285e1f0f8b2a15f542fa9ff"},"headline":"HUMUS pop-up tulee j\u00e4lleen 26.10.2021","datePublished":"2021-10-15T09:29:37+00:00","dateModified":"2021-10-25T09:54:41+00:00","mainEntityOfPage":{"@id":"https:\/\/blogs.uef.fi\/humanistit-uudistuvassa-tyoelamassa\/2021\/10\/15\/humus-pop-up-tulee-jalleen-26-10-2021\/"},"wordCount":157,"commentCount":0,"image":{"@id":"https:\/\/blogs.uef.fi\/humanistit-uudistuvassa-tyoelamassa\/2021\/10\/15\/humus-pop-up-tulee-jalleen-26-10-2021\/#primaryimage"},"thumbnailUrl":"https:\/\/blogs.uef.fi\/humanistit-uudistuvassa-tyoelamassa\/wp-content\/uploads\/sites\/113\/2021\/10\/humanisti_seinake_popupsyyskuu2021-225x300.jpg","articleSection":["Uutiset"],"inLanguage":"fi","potentialAction":[{"@type":"CommentAction","name":"Comment","target":["https:\/\/blogs.uef.fi\/humanistit-uudistuvassa-tyoelamassa\/2021\/10\/15\/humus-pop-up-tulee-jalleen-26-10-2021\/#respond"]}]},{"@type":"WebPage","@id":"https:\/\/blogs.uef.fi\/humanistit-uudistuvassa-tyoelamassa\/2021\/10\/15\/humus-pop-up-tulee-jalleen-26-10-2021\/","url":"https:\/\/blogs.uef.fi\/humanistit-uudistuvassa-tyoelamassa\/2021\/10\/15\/humus-pop-up-tulee-jalleen-26-10-2021\/","name":"HUMUS pop-up tulee j\u00e4lleen 26.10.2021 - HUMUS \u2013 Humanistit uudistuvassa ty\u00f6el\u00e4m\u00e4ss\u00e4","isPartOf":{"@id":"https:\/\/blogs.uef.fi\/humanistit-uudistuvassa-tyoelamassa\/#website"},"primaryImageOfPage":{"@id":"https:\/\/blogs.uef.fi\/humanistit-uudistuvassa-tyoelamassa\/2021\/10\/15\/humus-pop-up-tulee-jalleen-26-10-2021\/#primaryimage"},"image":{"@id":"https:\/\/blogs.uef.fi\/humanistit-uudistuvassa-tyoelamassa\/2021\/10\/15\/humus-pop-up-tulee-jalleen-26-10-2021\/#primaryimage"},"thumbnailUrl":"https:\/\/blogs.uef.fi\/humanistit-uudistuvassa-tyoelamassa\/wp-content\/uploads\/sites\/113\/2021\/10\/humanisti_seinake_popupsyyskuu2021-225x300.jpg","datePublished":"2021-10-15T09:29:37+00:00","dateModified":"2021-10-25T09:54:41+00:00","author":{"@id":"https:\/\/blogs.uef.fi\/humanistit-uudistuvassa-tyoelamassa\/#\/schema\/person\/2a8dd39b2285e1f0f8b2a15f542fa9ff"},"description":"Tervetuloa HUMUS-pop-up-pisteelle tapaamaan HUMUS-hankkeen ty\u00f6ntekij\u00f6it\u00e4 ja opiskelijaty\u00f6ryhm\u00e4\u00e4 26.10.2021 klo 11.30 alkaen.","breadcrumb":{"@id":"https:\/\/blogs.uef.fi\/humanistit-uudistuvassa-tyoelamassa\/2021\/10\/15\/humus-pop-up-tulee-jalleen-26-10-2021\/#breadcrumb"},"inLanguage":"fi","potentialAction":[{"@type":"ReadAction","target":["https:\/\/blogs.uef.fi\/humanistit-uudistuvassa-tyoelamassa\/2021\/10\/15\/humus-pop-up-tulee-jalleen-26-10-2021\/"]}]},{"@type":"ImageObject","inLanguage":"fi","@id":"https:\/\/blogs.uef.fi\/humanistit-uudistuvassa-tyoelamassa\/2021\/10\/15\/humus-pop-up-tulee-jalleen-26-10-2021\/#primaryimage","url":"https:\/\/blogs.uef.fi\/humanistit-uudistuvassa-tyoelamassa\/wp-content\/uploads\/sites\/113\/2021\/10\/humanisti_seinake_popupsyyskuu2021-scaled.jpg","contentUrl":"https:\/\/blogs.uef.fi\/humanistit-uudistuvassa-tyoelamassa\/wp-content\/uploads\/sites\/113\/2021\/10\/humanisti_seinake_popupsyyskuu2021-scaled.jpg","width":1920,"height":2560,"caption":"Sana humanisti her\u00e4tti opiskelijoissa monenlaisia ajatuksia"},{"@type":"BreadcrumbList","@id":"https:\/\/blogs.uef.fi\/humanistit-uudistuvassa-tyoelamassa\/2021\/10\/15\/humus-pop-up-tulee-jalleen-26-10-2021\/#breadcrumb","itemListElement":[{"@type":"ListItem","position":1,"name":"Home","item":"https:\/\/blogs.uef.fi\/humanistit-uudistuvassa-tyoelamassa\/"},{"@type":"ListItem","position":2,"name":"HUMUS pop-up tulee j\u00e4lleen 26.10.2021"}]},{"@type":"WebSite","@id":"https:\/\/blogs.uef.fi\/humanistit-uudistuvassa-tyoelamassa\/#website","url":"https:\/\/blogs.uef.fi\/humanistit-uudistuvassa-tyoelamassa\/","name":"HUMUS \u2013 Humanistit uudistuvassa ty\u00f6el\u00e4m\u00e4ss\u00e4","description":"","potentialAction":[{"@type":"SearchAction","target":{"@type":"EntryPoint","urlTemplate":"https:\/\/blogs.uef.fi\/humanistit-uudistuvassa-tyoelamassa\/?s={search_term_string}"},"query-input":{"@type":"PropertyValueSpecification","valueRequired":true,"valueName":"search_term_string"}}],"inLanguage":"fi"},{"@type":"Person","@id":"https:\/\/blogs.uef.fi\/humanistit-uudistuvassa-tyoelamassa\/#\/schema\/person\/2a8dd39b2285e1f0f8b2a15f542fa9ff","name":"Sini Heinoja","image":{"@type":"ImageObject","inLanguage":"fi","@id":"https:\/\/secure.gravatar.com\/avatar\/e26b7b6234f0e3dfbe287cd2d81eea31d8a9e7d7265142f403762dfa4aa14903?s=96&d=mm&r=g","url":"https:\/\/secure.gravatar.com\/avatar\/e26b7b6234f0e3dfbe287cd2d81eea31d8a9e7d7265142f403762dfa4aa14903?s=96&d=mm&r=g","contentUrl":"https:\/\/secure.gravatar.com\/avatar\/e26b7b6234f0e3dfbe287cd2d81eea31d8a9e7d7265142f403762dfa4aa14903?s=96&d=mm&r=g","caption":"Sini Heinoja"},"url":"https:\/\/blogs.uef.fi\/humanistit-uudistuvassa-tyoelamassa\/author\/sinihei\/"}]}},"_links":{"self":[{"href":"https:\/\/blogs.uef.fi\/humanistit-uudistuvassa-tyoelamassa\/wp-json\/wp\/v2\/posts\/1624","targetHints":{"allow":["GET"]}}],"collection":[{"href":"https:\/\/blogs.uef.fi\/humanistit-uudistuvassa-tyoelamassa\/wp-json\/wp\/v2\/posts"}],"about":[{"href":"https:\/\/blogs.uef.fi\/humanistit-uudistuvassa-tyoelamassa\/wp-json\/wp\/v2\/types\/post"}],"author":[{"embeddable":true,"href":"https:\/\/blogs.uef.fi\/humanistit-uudistuvassa-tyoelamassa\/wp-json\/wp\/v2\/users\/285"}],"replies":[{"embeddable":true,"href":"https:\/\/blogs.uef.fi\/humanistit-uudistuvassa-tyoelamassa\/wp-json\/wp\/v2\/comments?post=1624"}],"version-history":[{"count":2,"href":"https:\/\/blogs.uef.fi\/humanistit-uudistuvassa-tyoelamassa\/wp-json\/wp\/v2\/posts\/1624\/revisions"}],"predecessor-version":[{"id":1633,"href":"https:\/\/blogs.uef.fi\/humanistit-uudistuvassa-tyoelamassa\/wp-json\/wp\/v2\/posts\/1624\/revisions\/1633"}],"wp:attachment":[{"href":"https:\/\/blogs.uef.fi\/humanistit-uudistuvassa-tyoelamassa\/wp-json\/wp\/v2\/media?parent=1624"}],"wp:term":[{"taxonomy":"category","embeddable":true,"href":"https:\/\/blogs.uef.fi\/humanistit-uudistuvassa-tyoelamassa\/wp-json\/wp\/v2\/categories?post=1624"},{"taxonomy":"post_tag","embeddable":true,"href":"https:\/\/blogs.uef.fi\/humanistit-uudistuvassa-tyoelamassa\/wp-json\/wp\/v2\/tags?post=1624"}],"curies":[{"name":"wp","href":"https:\/\/api.w.org\/{rel}","templated":true}]}}