{"id":1577,"date":"2021-10-15T12:41:06","date_gmt":"2021-10-15T12:41:06","guid":{"rendered":"https:\/\/blogs.uef.fi\/humanistit-uudistuvassa-tyoelamassa\/?p=1577"},"modified":"2023-04-05T10:11:59","modified_gmt":"2023-04-05T10:11:59","slug":"humanistien-uravalmennus-18-11-2021-aikaansaamisen-taidot-haltuun","status":"publish","type":"post","link":"https:\/\/blogs.uef.fi\/humanistit-uudistuvassa-tyoelamassa\/2021\/10\/15\/humanistien-uravalmennus-18-11-2021-aikaansaamisen-taidot-haltuun\/","title":{"rendered":"Humanistien uravalmennus 18.11.2021: aikaansaamisen taidot haltuun"},"content":{"rendered":"<p>Onko sinulla sata palloa ja keskener\u00e4ist\u00e4 teht\u00e4v\u00e4\u00e4 yht\u00e4 aikaa ilmassa? T\u00e4yttyv\u00e4tk\u00f6 s\u00e4hk\u00f6posti ja kalenteri kuin vahingossa, ja p\u00e4iv\u00e4t ovat liian usein \u201dtulipalojen sammuttelua\u201d, p\u00e4\u00e4lle kaatuvia m\u00e4\u00e4r\u00e4p\u00e4ivi\u00e4, kesken j\u00e4\u00e4neit\u00e4 teht\u00e4vi\u00e4 ja kiirett\u00e4? Aikaansaamisen taidot haltuun -valmennuksessa saat vinkkej\u00e4 ja v\u00e4lineit\u00e4 stressitt\u00f6m\u00e4\u00e4n tekemiseen niin t\u00f6iss\u00e4 kuin opinnoissakin. Saat enemm\u00e4n aikaan, kun opit k\u00e4sittelem\u00e4\u00e4n jatkuvaa \u00e4rsyketulvaa tehokkaasti ja sinulla on selke\u00e4 k\u00e4sitys siit\u00e4, mihin sinun kannattaa kulloinkin keskitty\u00e4.<\/p>\n<p>Valmennuksessa 18.11. kello 12.30\u201316.30 k\u00e4yd\u00e4\u00e4n l\u00e4pi aikaansaamisen prosessi ja perehdyt\u00e4\u00e4n k\u00e4yt\u00e4nn\u00f6nl\u00e4heisten harjoitusten avulla <a href=\"https:\/\/gtdnordic.fi\/mita-on-gtd\/\">Getting Things Done (GTD)<\/a> -menetelm\u00e4\u00e4n. GTD on kansainv\u00e4lisesti tunnettu viiden askeleen ty\u00f6nkulun menetelm\u00e4 tietoty\u00f6n toiminnanohjaukseen. Sen tavoitteena on vapauttaa ajatuskapasiteetti luovaan ja tuottavaan k\u00e4ytt\u00f6\u00f6n.<\/p>\n<p>Valmennus j\u00e4rjestet\u00e4\u00e4n et\u00e4n\u00e4 (Teams), ja se on osallistujille maksuton. Voit osallistua valmennukseen, jos olet It\u00e4-Suomen yliopiston humanistisen alan (kielet, kulttuurintutkimus, historia) opiskelija tai humanistiselta alalta valmistunut. Voit k\u00e4ytt\u00e4\u00e4 valmennusta portfoliossasi (opintojaksot 2110041 Osaamisen tunnistaminen ja oppimisportfolio ja 2110042 Asiantuntijaksi kasvamisen portfolio).<\/p>\n<p><strong>Ilmoittaudu<\/strong> valmennukseen 14.11. menness\u00e4 <a href=\"https:\/\/link.webropol.com\/ep\/gtd\">ilmoittautumislomakkeella<\/a>.<\/p>\n<p>Ilmoittautumisen yhteydess\u00e4 saat lyhyen alkukartoituksen, joka auttaa sinua syventym\u00e4\u00e4n valmennuksessa itsellesi olennaisiin aikaansaamisen esteisiin ja niiden ratkaisemiseen.\u00a0Valmennuksen j\u00e4lkeen saat seurantakyselyn.<\/p>\n<p>Valmennuksen j\u00e4rjest\u00e4\u00e4 HUMUS- Humanistit uudistuvassa ty\u00f6el\u00e4m\u00e4ss\u00e4 -hanke (ESR) osana Haku p\u00e4\u00e4lle\u00a07 -ty\u00f6el\u00e4m\u00e4viikkoa.<\/p>\n<h4>Kouluttaja<\/h4>\n<div id=\"attachment_1580\" style=\"width: 292px\" class=\"wp-caption alignnone\"><img loading=\"lazy\" decoding=\"async\" aria-describedby=\"caption-attachment-1580\" class=\"size-medium wp-image-1580\" src=\"https:\/\/blogs.uef.fi\/humanistit-uudistuvassa-tyoelamassa\/wp-content\/uploads\/sites\/113\/2021\/10\/jukka_backman-282x300.png\" alt=\"Kuva kouluttajasta\" width=\"282\" height=\"300\" srcset=\"https:\/\/blogs.uef.fi\/humanistit-uudistuvassa-tyoelamassa\/wp-content\/uploads\/sites\/113\/2021\/10\/jukka_backman-282x300.png 282w, https:\/\/blogs.uef.fi\/humanistit-uudistuvassa-tyoelamassa\/wp-content\/uploads\/sites\/113\/2021\/10\/jukka_backman.png 518w\" sizes=\"auto, (max-width: 282px) 100vw, 282px\" \/><p id=\"caption-attachment-1580\" class=\"wp-caption-text\">Kouluttaja Jukka Backman.<\/p><\/div>\n<p>Kouluttaja Jukka Backman toiminut vuodesta 2016 l\u00e4htien kansainv\u00e4lisesti sertifioituna GTD-valmentajana ja -kouluttajana. Jukka on opettanut GTD-menetelm\u00e4\u00e4 useille kotimaisille ja kansainv\u00e4lisille yrityksille (mm. IBM, Marimekko oy ja\u00a0Visma\u00a0Solutions oy) sek\u00e4 julkaissut suomenkielisen GTD \u2013 itsens\u00e4 johtamisen 5 askelta -oppaan. <a href=\"https:\/\/gtdnordic.fi\/category\/blogi\/\">Jukan blogista<\/a> ja <a href=\"https:\/\/gtdnordic.fi\/mika-toimii-podcast\/\">Mik\u00e4 toimii?<\/a> -podcastista l\u00f6yd\u00e4t lis\u00e4\u00e4 vinkkej\u00e4 aikaan saamisen taitojen kehitt\u00e4miseen.<\/p>\n","protected":false},"excerpt":{"rendered":"<p>Onko sinulla sata palloa ja keskener\u00e4ist\u00e4 teht\u00e4v\u00e4\u00e4 yht\u00e4 aikaa ilmassa? T\u00e4yttyv\u00e4tk\u00f6 s\u00e4hk\u00f6posti ja kalenteri kuin vahingossa, ja p\u00e4iv\u00e4t ovat liian usein \u201dtulipalojen sammuttelua\u201d, p\u00e4\u00e4lle kaatuvia m\u00e4\u00e4r\u00e4p\u00e4ivi\u00e4, kesken j\u00e4\u00e4neit\u00e4 teht\u00e4vi\u00e4 ja kiirett\u00e4? Aikaansaamisen taidot haltuun -valmennuksessa saat vinkkej\u00e4 ja v\u00e4lineit\u00e4 stressitt\u00f6m\u00e4\u00e4n tekemiseen niin t\u00f6iss\u00e4 kuin opinnoissakin. Saat enemm\u00e4n aikaan, kun opit k\u00e4sittelem\u00e4\u00e4n jatkuvaa \u00e4rsyketulvaa tehokkaasti ja [&hellip;]<\/p>\n","protected":false},"author":287,"featured_media":0,"comment_status":"open","ping_status":"open","sticky":false,"template":"","format":"standard","meta":{"_acf_changed":false,"footnotes":""},"categories":[25],"tags":[],"class_list":["post-1577","post","type-post","status-publish","format-standard","hentry","category-valmennukset-ja-tyopajat"],"acf":[],"yoast_head":"<!-- This site is optimized with the Yoast SEO plugin v27.3 - https:\/\/yoast.com\/product\/yoast-seo-wordpress\/ -->\n<title>Humanistien uravalmennus 18.11.2021: aikaansaamisen taidot haltuun - HUMUS \u2013 Humanistit uudistuvassa ty\u00f6el\u00e4m\u00e4ss\u00e4<\/title>\n<meta name=\"description\" content=\"Onko sinulla sata palloa ja keskener\u00e4ist\u00e4 teht\u00e4v\u00e4\u00e4 yht\u00e4 aikaa ilmassa? Aikaansaamisen taidot haltuun -valmennuksessa saat vinkkej\u00e4 ja v\u00e4lineit\u00e4 stressitt\u00f6m\u00e4\u00e4n tekemiseen niin t\u00f6iss\u00e4 kuin opinnoissakin.\" \/>\n<meta name=\"robots\" content=\"index, follow, max-snippet:-1, max-image-preview:large, max-video-preview:-1\" \/>\n<link rel=\"canonical\" href=\"https:\/\/blogs.uef.fi\/humanistit-uudistuvassa-tyoelamassa\/2021\/10\/15\/humanistien-uravalmennus-18-11-2021-aikaansaamisen-taidot-haltuun\/\" \/>\n<meta property=\"og:locale\" content=\"fi_FI\" \/>\n<meta property=\"og:type\" content=\"article\" \/>\n<meta property=\"og:title\" content=\"Humanistien uravalmennus 18.11.2021: aikaansaamisen taidot haltuun - HUMUS \u2013 Humanistit uudistuvassa ty\u00f6el\u00e4m\u00e4ss\u00e4\" \/>\n<meta property=\"og:description\" content=\"Onko sinulla sata palloa ja keskener\u00e4ist\u00e4 teht\u00e4v\u00e4\u00e4 yht\u00e4 aikaa ilmassa? Aikaansaamisen taidot haltuun -valmennuksessa saat vinkkej\u00e4 ja v\u00e4lineit\u00e4 stressitt\u00f6m\u00e4\u00e4n tekemiseen niin t\u00f6iss\u00e4 kuin opinnoissakin.\" \/>\n<meta property=\"og:url\" content=\"https:\/\/blogs.uef.fi\/humanistit-uudistuvassa-tyoelamassa\/2021\/10\/15\/humanistien-uravalmennus-18-11-2021-aikaansaamisen-taidot-haltuun\/\" \/>\n<meta property=\"og:site_name\" content=\"HUMUS \u2013 Humanistit uudistuvassa ty\u00f6el\u00e4m\u00e4ss\u00e4\" \/>\n<meta property=\"article:published_time\" content=\"2021-10-15T12:41:06+00:00\" \/>\n<meta property=\"article:modified_time\" content=\"2023-04-05T10:11:59+00:00\" \/>\n<meta property=\"og:image\" content=\"https:\/\/blogs.uef.fi\/humanistit-uudistuvassa-tyoelamassa\/wp-content\/uploads\/sites\/113\/2021\/10\/jukka_backman-282x300.png\" \/>\n<meta name=\"author\" content=\"Anna Logr\u00e9n\" \/>\n<meta name=\"twitter:card\" content=\"summary_large_image\" \/>\n<meta name=\"twitter:label1\" content=\"Kirjoittanut\" \/>\n\t<meta name=\"twitter:data1\" content=\"Anna Logr\u00e9n\" \/>\n\t<meta name=\"twitter:label2\" content=\"Arvioitu lukuaika\" \/>\n\t<meta name=\"twitter:data2\" content=\"1 minuutti\" \/>\n<script type=\"application\/ld+json\" class=\"yoast-schema-graph\">{\"@context\":\"https:\\\/\\\/schema.org\",\"@graph\":[{\"@type\":\"Article\",\"@id\":\"https:\\\/\\\/blogs.uef.fi\\\/humanistit-uudistuvassa-tyoelamassa\\\/2021\\\/10\\\/15\\\/humanistien-uravalmennus-18-11-2021-aikaansaamisen-taidot-haltuun\\\/#article\",\"isPartOf\":{\"@id\":\"https:\\\/\\\/blogs.uef.fi\\\/humanistit-uudistuvassa-tyoelamassa\\\/2021\\\/10\\\/15\\\/humanistien-uravalmennus-18-11-2021-aikaansaamisen-taidot-haltuun\\\/\"},\"author\":{\"name\":\"Anna Logr\u00e9n\",\"@id\":\"https:\\\/\\\/blogs.uef.fi\\\/humanistit-uudistuvassa-tyoelamassa\\\/#\\\/schema\\\/person\\\/92e7a74b552e93ac6d3e4c9b874948e4\"},\"headline\":\"Humanistien uravalmennus 18.11.2021: aikaansaamisen taidot haltuun\",\"datePublished\":\"2021-10-15T12:41:06+00:00\",\"dateModified\":\"2023-04-05T10:11:59+00:00\",\"mainEntityOfPage\":{\"@id\":\"https:\\\/\\\/blogs.uef.fi\\\/humanistit-uudistuvassa-tyoelamassa\\\/2021\\\/10\\\/15\\\/humanistien-uravalmennus-18-11-2021-aikaansaamisen-taidot-haltuun\\\/\"},\"wordCount\":298,\"commentCount\":0,\"image\":{\"@id\":\"https:\\\/\\\/blogs.uef.fi\\\/humanistit-uudistuvassa-tyoelamassa\\\/2021\\\/10\\\/15\\\/humanistien-uravalmennus-18-11-2021-aikaansaamisen-taidot-haltuun\\\/#primaryimage\"},\"thumbnailUrl\":\"https:\\\/\\\/blogs.uef.fi\\\/humanistit-uudistuvassa-tyoelamassa\\\/wp-content\\\/uploads\\\/sites\\\/113\\\/2021\\\/10\\\/jukka_backman-282x300.png\",\"articleSection\":[\"Valmennukset ja ty\u00f6pajat\"],\"inLanguage\":\"fi\",\"potentialAction\":[{\"@type\":\"CommentAction\",\"name\":\"Comment\",\"target\":[\"https:\\\/\\\/blogs.uef.fi\\\/humanistit-uudistuvassa-tyoelamassa\\\/2021\\\/10\\\/15\\\/humanistien-uravalmennus-18-11-2021-aikaansaamisen-taidot-haltuun\\\/#respond\"]}]},{\"@type\":\"WebPage\",\"@id\":\"https:\\\/\\\/blogs.uef.fi\\\/humanistit-uudistuvassa-tyoelamassa\\\/2021\\\/10\\\/15\\\/humanistien-uravalmennus-18-11-2021-aikaansaamisen-taidot-haltuun\\\/\",\"url\":\"https:\\\/\\\/blogs.uef.fi\\\/humanistit-uudistuvassa-tyoelamassa\\\/2021\\\/10\\\/15\\\/humanistien-uravalmennus-18-11-2021-aikaansaamisen-taidot-haltuun\\\/\",\"name\":\"Humanistien uravalmennus 18.11.2021: aikaansaamisen taidot haltuun - HUMUS \u2013 Humanistit uudistuvassa ty\u00f6el\u00e4m\u00e4ss\u00e4\",\"isPartOf\":{\"@id\":\"https:\\\/\\\/blogs.uef.fi\\\/humanistit-uudistuvassa-tyoelamassa\\\/#website\"},\"primaryImageOfPage\":{\"@id\":\"https:\\\/\\\/blogs.uef.fi\\\/humanistit-uudistuvassa-tyoelamassa\\\/2021\\\/10\\\/15\\\/humanistien-uravalmennus-18-11-2021-aikaansaamisen-taidot-haltuun\\\/#primaryimage\"},\"image\":{\"@id\":\"https:\\\/\\\/blogs.uef.fi\\\/humanistit-uudistuvassa-tyoelamassa\\\/2021\\\/10\\\/15\\\/humanistien-uravalmennus-18-11-2021-aikaansaamisen-taidot-haltuun\\\/#primaryimage\"},\"thumbnailUrl\":\"https:\\\/\\\/blogs.uef.fi\\\/humanistit-uudistuvassa-tyoelamassa\\\/wp-content\\\/uploads\\\/sites\\\/113\\\/2021\\\/10\\\/jukka_backman-282x300.png\",\"datePublished\":\"2021-10-15T12:41:06+00:00\",\"dateModified\":\"2023-04-05T10:11:59+00:00\",\"author\":{\"@id\":\"https:\\\/\\\/blogs.uef.fi\\\/humanistit-uudistuvassa-tyoelamassa\\\/#\\\/schema\\\/person\\\/92e7a74b552e93ac6d3e4c9b874948e4\"},\"description\":\"Onko sinulla sata palloa ja keskener\u00e4ist\u00e4 teht\u00e4v\u00e4\u00e4 yht\u00e4 aikaa ilmassa? Aikaansaamisen taidot haltuun -valmennuksessa saat vinkkej\u00e4 ja v\u00e4lineit\u00e4 stressitt\u00f6m\u00e4\u00e4n tekemiseen niin t\u00f6iss\u00e4 kuin opinnoissakin.\",\"breadcrumb\":{\"@id\":\"https:\\\/\\\/blogs.uef.fi\\\/humanistit-uudistuvassa-tyoelamassa\\\/2021\\\/10\\\/15\\\/humanistien-uravalmennus-18-11-2021-aikaansaamisen-taidot-haltuun\\\/#breadcrumb\"},\"inLanguage\":\"fi\",\"potentialAction\":[{\"@type\":\"ReadAction\",\"target\":[\"https:\\\/\\\/blogs.uef.fi\\\/humanistit-uudistuvassa-tyoelamassa\\\/2021\\\/10\\\/15\\\/humanistien-uravalmennus-18-11-2021-aikaansaamisen-taidot-haltuun\\\/\"]}]},{\"@type\":\"ImageObject\",\"inLanguage\":\"fi\",\"@id\":\"https:\\\/\\\/blogs.uef.fi\\\/humanistit-uudistuvassa-tyoelamassa\\\/2021\\\/10\\\/15\\\/humanistien-uravalmennus-18-11-2021-aikaansaamisen-taidot-haltuun\\\/#primaryimage\",\"url\":\"https:\\\/\\\/blogs.uef.fi\\\/humanistit-uudistuvassa-tyoelamassa\\\/wp-content\\\/uploads\\\/sites\\\/113\\\/2021\\\/10\\\/jukka_backman.png\",\"contentUrl\":\"https:\\\/\\\/blogs.uef.fi\\\/humanistit-uudistuvassa-tyoelamassa\\\/wp-content\\\/uploads\\\/sites\\\/113\\\/2021\\\/10\\\/jukka_backman.png\",\"width\":518,\"height\":551,\"caption\":\"Kouluttaja Jukka Backman\"},{\"@type\":\"BreadcrumbList\",\"@id\":\"https:\\\/\\\/blogs.uef.fi\\\/humanistit-uudistuvassa-tyoelamassa\\\/2021\\\/10\\\/15\\\/humanistien-uravalmennus-18-11-2021-aikaansaamisen-taidot-haltuun\\\/#breadcrumb\",\"itemListElement\":[{\"@type\":\"ListItem\",\"position\":1,\"name\":\"Home\",\"item\":\"https:\\\/\\\/blogs.uef.fi\\\/humanistit-uudistuvassa-tyoelamassa\\\/\"},{\"@type\":\"ListItem\",\"position\":2,\"name\":\"Humanistien uravalmennus 18.11.2021: aikaansaamisen taidot haltuun\"}]},{\"@type\":\"WebSite\",\"@id\":\"https:\\\/\\\/blogs.uef.fi\\\/humanistit-uudistuvassa-tyoelamassa\\\/#website\",\"url\":\"https:\\\/\\\/blogs.uef.fi\\\/humanistit-uudistuvassa-tyoelamassa\\\/\",\"name\":\"HUMUS \u2013 Humanistit uudistuvassa ty\u00f6el\u00e4m\u00e4ss\u00e4\",\"description\":\"\",\"potentialAction\":[{\"@type\":\"SearchAction\",\"target\":{\"@type\":\"EntryPoint\",\"urlTemplate\":\"https:\\\/\\\/blogs.uef.fi\\\/humanistit-uudistuvassa-tyoelamassa\\\/?s={search_term_string}\"},\"query-input\":{\"@type\":\"PropertyValueSpecification\",\"valueRequired\":true,\"valueName\":\"search_term_string\"}}],\"inLanguage\":\"fi\"},{\"@type\":\"Person\",\"@id\":\"https:\\\/\\\/blogs.uef.fi\\\/humanistit-uudistuvassa-tyoelamassa\\\/#\\\/schema\\\/person\\\/92e7a74b552e93ac6d3e4c9b874948e4\",\"name\":\"Anna Logr\u00e9n\",\"image\":{\"@type\":\"ImageObject\",\"inLanguage\":\"fi\",\"@id\":\"https:\\\/\\\/secure.gravatar.com\\\/avatar\\\/acb9007c3bcafd3b3019ae5c04096fbefae119f2f844ad89ae41be8319c9ffd2?s=96&d=mm&r=g\",\"url\":\"https:\\\/\\\/secure.gravatar.com\\\/avatar\\\/acb9007c3bcafd3b3019ae5c04096fbefae119f2f844ad89ae41be8319c9ffd2?s=96&d=mm&r=g\",\"contentUrl\":\"https:\\\/\\\/secure.gravatar.com\\\/avatar\\\/acb9007c3bcafd3b3019ae5c04096fbefae119f2f844ad89ae41be8319c9ffd2?s=96&d=mm&r=g\",\"caption\":\"Anna Logr\u00e9n\"},\"url\":\"https:\\\/\\\/blogs.uef.fi\\\/humanistit-uudistuvassa-tyoelamassa\\\/author\\\/alogren\\\/\"}]}<\/script>\n<!-- \/ Yoast SEO plugin. -->","yoast_head_json":{"title":"Humanistien uravalmennus 18.11.2021: aikaansaamisen taidot haltuun - HUMUS \u2013 Humanistit uudistuvassa ty\u00f6el\u00e4m\u00e4ss\u00e4","description":"Onko sinulla sata palloa ja keskener\u00e4ist\u00e4 teht\u00e4v\u00e4\u00e4 yht\u00e4 aikaa ilmassa? Aikaansaamisen taidot haltuun -valmennuksessa saat vinkkej\u00e4 ja v\u00e4lineit\u00e4 stressitt\u00f6m\u00e4\u00e4n tekemiseen niin t\u00f6iss\u00e4 kuin opinnoissakin.","robots":{"index":"index","follow":"follow","max-snippet":"max-snippet:-1","max-image-preview":"max-image-preview:large","max-video-preview":"max-video-preview:-1"},"canonical":"https:\/\/blogs.uef.fi\/humanistit-uudistuvassa-tyoelamassa\/2021\/10\/15\/humanistien-uravalmennus-18-11-2021-aikaansaamisen-taidot-haltuun\/","og_locale":"fi_FI","og_type":"article","og_title":"Humanistien uravalmennus 18.11.2021: aikaansaamisen taidot haltuun - HUMUS \u2013 Humanistit uudistuvassa ty\u00f6el\u00e4m\u00e4ss\u00e4","og_description":"Onko sinulla sata palloa ja keskener\u00e4ist\u00e4 teht\u00e4v\u00e4\u00e4 yht\u00e4 aikaa ilmassa? Aikaansaamisen taidot haltuun -valmennuksessa saat vinkkej\u00e4 ja v\u00e4lineit\u00e4 stressitt\u00f6m\u00e4\u00e4n tekemiseen niin t\u00f6iss\u00e4 kuin opinnoissakin.","og_url":"https:\/\/blogs.uef.fi\/humanistit-uudistuvassa-tyoelamassa\/2021\/10\/15\/humanistien-uravalmennus-18-11-2021-aikaansaamisen-taidot-haltuun\/","og_site_name":"HUMUS \u2013 Humanistit uudistuvassa ty\u00f6el\u00e4m\u00e4ss\u00e4","article_published_time":"2021-10-15T12:41:06+00:00","article_modified_time":"2023-04-05T10:11:59+00:00","og_image":[{"url":"https:\/\/blogs.uef.fi\/humanistit-uudistuvassa-tyoelamassa\/wp-content\/uploads\/sites\/113\/2021\/10\/jukka_backman-282x300.png","type":"","width":"","height":""}],"author":"Anna Logr\u00e9n","twitter_card":"summary_large_image","twitter_misc":{"Kirjoittanut":"Anna Logr\u00e9n","Arvioitu lukuaika":"1 minuutti"},"schema":{"@context":"https:\/\/schema.org","@graph":[{"@type":"Article","@id":"https:\/\/blogs.uef.fi\/humanistit-uudistuvassa-tyoelamassa\/2021\/10\/15\/humanistien-uravalmennus-18-11-2021-aikaansaamisen-taidot-haltuun\/#article","isPartOf":{"@id":"https:\/\/blogs.uef.fi\/humanistit-uudistuvassa-tyoelamassa\/2021\/10\/15\/humanistien-uravalmennus-18-11-2021-aikaansaamisen-taidot-haltuun\/"},"author":{"name":"Anna Logr\u00e9n","@id":"https:\/\/blogs.uef.fi\/humanistit-uudistuvassa-tyoelamassa\/#\/schema\/person\/92e7a74b552e93ac6d3e4c9b874948e4"},"headline":"Humanistien uravalmennus 18.11.2021: aikaansaamisen taidot haltuun","datePublished":"2021-10-15T12:41:06+00:00","dateModified":"2023-04-05T10:11:59+00:00","mainEntityOfPage":{"@id":"https:\/\/blogs.uef.fi\/humanistit-uudistuvassa-tyoelamassa\/2021\/10\/15\/humanistien-uravalmennus-18-11-2021-aikaansaamisen-taidot-haltuun\/"},"wordCount":298,"commentCount":0,"image":{"@id":"https:\/\/blogs.uef.fi\/humanistit-uudistuvassa-tyoelamassa\/2021\/10\/15\/humanistien-uravalmennus-18-11-2021-aikaansaamisen-taidot-haltuun\/#primaryimage"},"thumbnailUrl":"https:\/\/blogs.uef.fi\/humanistit-uudistuvassa-tyoelamassa\/wp-content\/uploads\/sites\/113\/2021\/10\/jukka_backman-282x300.png","articleSection":["Valmennukset ja ty\u00f6pajat"],"inLanguage":"fi","potentialAction":[{"@type":"CommentAction","name":"Comment","target":["https:\/\/blogs.uef.fi\/humanistit-uudistuvassa-tyoelamassa\/2021\/10\/15\/humanistien-uravalmennus-18-11-2021-aikaansaamisen-taidot-haltuun\/#respond"]}]},{"@type":"WebPage","@id":"https:\/\/blogs.uef.fi\/humanistit-uudistuvassa-tyoelamassa\/2021\/10\/15\/humanistien-uravalmennus-18-11-2021-aikaansaamisen-taidot-haltuun\/","url":"https:\/\/blogs.uef.fi\/humanistit-uudistuvassa-tyoelamassa\/2021\/10\/15\/humanistien-uravalmennus-18-11-2021-aikaansaamisen-taidot-haltuun\/","name":"Humanistien uravalmennus 18.11.2021: aikaansaamisen taidot haltuun - HUMUS \u2013 Humanistit uudistuvassa ty\u00f6el\u00e4m\u00e4ss\u00e4","isPartOf":{"@id":"https:\/\/blogs.uef.fi\/humanistit-uudistuvassa-tyoelamassa\/#website"},"primaryImageOfPage":{"@id":"https:\/\/blogs.uef.fi\/humanistit-uudistuvassa-tyoelamassa\/2021\/10\/15\/humanistien-uravalmennus-18-11-2021-aikaansaamisen-taidot-haltuun\/#primaryimage"},"image":{"@id":"https:\/\/blogs.uef.fi\/humanistit-uudistuvassa-tyoelamassa\/2021\/10\/15\/humanistien-uravalmennus-18-11-2021-aikaansaamisen-taidot-haltuun\/#primaryimage"},"thumbnailUrl":"https:\/\/blogs.uef.fi\/humanistit-uudistuvassa-tyoelamassa\/wp-content\/uploads\/sites\/113\/2021\/10\/jukka_backman-282x300.png","datePublished":"2021-10-15T12:41:06+00:00","dateModified":"2023-04-05T10:11:59+00:00","author":{"@id":"https:\/\/blogs.uef.fi\/humanistit-uudistuvassa-tyoelamassa\/#\/schema\/person\/92e7a74b552e93ac6d3e4c9b874948e4"},"description":"Onko sinulla sata palloa ja keskener\u00e4ist\u00e4 teht\u00e4v\u00e4\u00e4 yht\u00e4 aikaa ilmassa? Aikaansaamisen taidot haltuun -valmennuksessa saat vinkkej\u00e4 ja v\u00e4lineit\u00e4 stressitt\u00f6m\u00e4\u00e4n tekemiseen niin t\u00f6iss\u00e4 kuin opinnoissakin.","breadcrumb":{"@id":"https:\/\/blogs.uef.fi\/humanistit-uudistuvassa-tyoelamassa\/2021\/10\/15\/humanistien-uravalmennus-18-11-2021-aikaansaamisen-taidot-haltuun\/#breadcrumb"},"inLanguage":"fi","potentialAction":[{"@type":"ReadAction","target":["https:\/\/blogs.uef.fi\/humanistit-uudistuvassa-tyoelamassa\/2021\/10\/15\/humanistien-uravalmennus-18-11-2021-aikaansaamisen-taidot-haltuun\/"]}]},{"@type":"ImageObject","inLanguage":"fi","@id":"https:\/\/blogs.uef.fi\/humanistit-uudistuvassa-tyoelamassa\/2021\/10\/15\/humanistien-uravalmennus-18-11-2021-aikaansaamisen-taidot-haltuun\/#primaryimage","url":"https:\/\/blogs.uef.fi\/humanistit-uudistuvassa-tyoelamassa\/wp-content\/uploads\/sites\/113\/2021\/10\/jukka_backman.png","contentUrl":"https:\/\/blogs.uef.fi\/humanistit-uudistuvassa-tyoelamassa\/wp-content\/uploads\/sites\/113\/2021\/10\/jukka_backman.png","width":518,"height":551,"caption":"Kouluttaja Jukka Backman"},{"@type":"BreadcrumbList","@id":"https:\/\/blogs.uef.fi\/humanistit-uudistuvassa-tyoelamassa\/2021\/10\/15\/humanistien-uravalmennus-18-11-2021-aikaansaamisen-taidot-haltuun\/#breadcrumb","itemListElement":[{"@type":"ListItem","position":1,"name":"Home","item":"https:\/\/blogs.uef.fi\/humanistit-uudistuvassa-tyoelamassa\/"},{"@type":"ListItem","position":2,"name":"Humanistien uravalmennus 18.11.2021: aikaansaamisen taidot haltuun"}]},{"@type":"WebSite","@id":"https:\/\/blogs.uef.fi\/humanistit-uudistuvassa-tyoelamassa\/#website","url":"https:\/\/blogs.uef.fi\/humanistit-uudistuvassa-tyoelamassa\/","name":"HUMUS \u2013 Humanistit uudistuvassa ty\u00f6el\u00e4m\u00e4ss\u00e4","description":"","potentialAction":[{"@type":"SearchAction","target":{"@type":"EntryPoint","urlTemplate":"https:\/\/blogs.uef.fi\/humanistit-uudistuvassa-tyoelamassa\/?s={search_term_string}"},"query-input":{"@type":"PropertyValueSpecification","valueRequired":true,"valueName":"search_term_string"}}],"inLanguage":"fi"},{"@type":"Person","@id":"https:\/\/blogs.uef.fi\/humanistit-uudistuvassa-tyoelamassa\/#\/schema\/person\/92e7a74b552e93ac6d3e4c9b874948e4","name":"Anna Logr\u00e9n","image":{"@type":"ImageObject","inLanguage":"fi","@id":"https:\/\/secure.gravatar.com\/avatar\/acb9007c3bcafd3b3019ae5c04096fbefae119f2f844ad89ae41be8319c9ffd2?s=96&d=mm&r=g","url":"https:\/\/secure.gravatar.com\/avatar\/acb9007c3bcafd3b3019ae5c04096fbefae119f2f844ad89ae41be8319c9ffd2?s=96&d=mm&r=g","contentUrl":"https:\/\/secure.gravatar.com\/avatar\/acb9007c3bcafd3b3019ae5c04096fbefae119f2f844ad89ae41be8319c9ffd2?s=96&d=mm&r=g","caption":"Anna Logr\u00e9n"},"url":"https:\/\/blogs.uef.fi\/humanistit-uudistuvassa-tyoelamassa\/author\/alogren\/"}]}},"_links":{"self":[{"href":"https:\/\/blogs.uef.fi\/humanistit-uudistuvassa-tyoelamassa\/wp-json\/wp\/v2\/posts\/1577","targetHints":{"allow":["GET"]}}],"collection":[{"href":"https:\/\/blogs.uef.fi\/humanistit-uudistuvassa-tyoelamassa\/wp-json\/wp\/v2\/posts"}],"about":[{"href":"https:\/\/blogs.uef.fi\/humanistit-uudistuvassa-tyoelamassa\/wp-json\/wp\/v2\/types\/post"}],"author":[{"embeddable":true,"href":"https:\/\/blogs.uef.fi\/humanistit-uudistuvassa-tyoelamassa\/wp-json\/wp\/v2\/users\/287"}],"replies":[{"embeddable":true,"href":"https:\/\/blogs.uef.fi\/humanistit-uudistuvassa-tyoelamassa\/wp-json\/wp\/v2\/comments?post=1577"}],"version-history":[{"count":1,"href":"https:\/\/blogs.uef.fi\/humanistit-uudistuvassa-tyoelamassa\/wp-json\/wp\/v2\/posts\/1577\/revisions"}],"predecessor-version":[{"id":1595,"href":"https:\/\/blogs.uef.fi\/humanistit-uudistuvassa-tyoelamassa\/wp-json\/wp\/v2\/posts\/1577\/revisions\/1595"}],"wp:attachment":[{"href":"https:\/\/blogs.uef.fi\/humanistit-uudistuvassa-tyoelamassa\/wp-json\/wp\/v2\/media?parent=1577"}],"wp:term":[{"taxonomy":"category","embeddable":true,"href":"https:\/\/blogs.uef.fi\/humanistit-uudistuvassa-tyoelamassa\/wp-json\/wp\/v2\/categories?post=1577"},{"taxonomy":"post_tag","embeddable":true,"href":"https:\/\/blogs.uef.fi\/humanistit-uudistuvassa-tyoelamassa\/wp-json\/wp\/v2\/tags?post=1577"}],"curies":[{"name":"wp","href":"https:\/\/api.w.org\/{rel}","templated":true}]}}