{"id":1479,"date":"2021-08-23T13:00:46","date_gmt":"2021-08-23T13:00:46","guid":{"rendered":"https:\/\/blogs.uef.fi\/humanistit-uudistuvassa-tyoelamassa\/?p=1479"},"modified":"2021-12-30T10:24:48","modified_gmt":"2021-12-30T10:24:48","slug":"haku-paalle-6","status":"publish","type":"post","link":"https:\/\/blogs.uef.fi\/humanistit-uudistuvassa-tyoelamassa\/2021\/08\/23\/haku-paalle-6\/","title":{"rendered":"Haku p\u00e4\u00e4lle 6 \u2013 Humanistien ty\u00f6el\u00e4m\u00e4viikko 20.\u201324.9.2021"},"content":{"rendered":"<p><span data-contrast=\"auto\">Miten k\u00e4yt\u00e4t humanistin supervoimiasi tulevaisuudessa?\u00a0<\/span><span data-ccp-props=\"{&quot;201341983&quot;:0,&quot;335559739&quot;:160,&quot;335559740&quot;:259}\">\u00a0<\/span><\/p>\n<p><span data-contrast=\"auto\">Syyskuun ty\u00f6el\u00e4m\u00e4viikolla tutustutaan mm. kustannus- ja ohjelmistoalaan sek\u00e4 erilaisiin ty\u00f6paikkoihin Pohjois-Karjalassa. Ty\u00f6el\u00e4m\u00e4n teemoista perehdyt\u00e4\u00e4n tarkemmin yritt\u00e4jyyteen sek\u00e4 oman ty\u00f6n johtamiseen. Lis\u00e4ksi viikolla kuullaan opinn\u00e4ytety\u00f6yhteisty\u00f6n mahdollisuuksista suoraan ty\u00f6nantajilta.<\/span><span data-ccp-props=\"{&quot;201341983&quot;:0,&quot;335559739&quot;:160,&quot;335559740&quot;:259}\">\u00a0<\/span><\/p>\n<p><span data-contrast=\"auto\">Tilaisuuksiin tulee ilmoittautua ennakkoon. Ilmoittautumislinkit l\u00f6yd\u00e4t ohjelmasta.\u00a0<\/span><span data-ccp-props=\"{&quot;201341983&quot;:0,&quot;335559739&quot;:160,&quot;335559740&quot;:259}\">\u00a0<\/span><\/p>\n<p><span data-contrast=\"auto\">Kohderyhm\u00e4t:\u00a0It\u00e4-Suomen yliopiston\u00a0humanististen alojen\u00a0(kielet, kulttuurintutkimus, historia)\u00a0opiskelijat\u00a0ja henkil\u00f6kunta, n\u00e4ilt\u00e4 aloilta valmistuneet,\u00a0It\u00e4-Suomesta ty\u00f6t\u00e4 etsiv\u00e4t humanistit\u00a0sek\u00e4\u00a0ty\u00f6el\u00e4m\u00e4yhteisty\u00f6st\u00e4 kiinnostuneet yritykset.\u00a0<\/span><span data-ccp-props=\"{&quot;201341983&quot;:0,&quot;335559739&quot;:160,&quot;335559740&quot;:259}\">\u00a0<\/span><\/p>\n<p><span data-contrast=\"auto\">Humanistisen osaston opiskelijat\u00a0voivat hy\u00f6dynt\u00e4\u00e4 tilaisuuksia portfoliosuorituksissaan (2110041 Osaamisen tunnistaminen ja oppimisportfolio, 2110042 Asiantuntijaksi kasvamisen\u00a0portfolio).<\/span><span data-ccp-props=\"{&quot;201341983&quot;:0,&quot;335559739&quot;:160,&quot;335559740&quot;:259}\"><br \/>\n<\/span><\/p>\n<p><img loading=\"lazy\" decoding=\"async\" class=\"alignnone wp-image-1500\" src=\"https:\/\/blogs.uef.fi\/humanistit-uudistuvassa-tyoelamassa\/wp-content\/uploads\/sites\/113\/2021\/08\/UEF_Humus_FB_Tapahtumakuva-300x169.jpg\" alt=\"Opiskelevia henkil\u00f6it\u00e4, logoja\" width=\"389\" height=\"219\" srcset=\"https:\/\/blogs.uef.fi\/humanistit-uudistuvassa-tyoelamassa\/wp-content\/uploads\/sites\/113\/2021\/08\/UEF_Humus_FB_Tapahtumakuva-300x169.jpg 300w, https:\/\/blogs.uef.fi\/humanistit-uudistuvassa-tyoelamassa\/wp-content\/uploads\/sites\/113\/2021\/08\/UEF_Humus_FB_Tapahtumakuva-1024x576.jpg 1024w, https:\/\/blogs.uef.fi\/humanistit-uudistuvassa-tyoelamassa\/wp-content\/uploads\/sites\/113\/2021\/08\/UEF_Humus_FB_Tapahtumakuva-768x432.jpg 768w, https:\/\/blogs.uef.fi\/humanistit-uudistuvassa-tyoelamassa\/wp-content\/uploads\/sites\/113\/2021\/08\/UEF_Humus_FB_Tapahtumakuva-1536x864.jpg 1536w, https:\/\/blogs.uef.fi\/humanistit-uudistuvassa-tyoelamassa\/wp-content\/uploads\/sites\/113\/2021\/08\/UEF_Humus_FB_Tapahtumakuva.jpg 1920w\" sizes=\"auto, (max-width: 389px) 100vw, 389px\" \/><\/p>\n<h2><b><span data-contrast=\"auto\">OHJELMA<\/span><\/b><span data-ccp-props=\"{&quot;201341983&quot;:0,&quot;335559739&quot;:160,&quot;335559740&quot;:259}\">\u00a0<\/span><\/h2>\n<p>Julkaistu 23.8.2021<br \/>\nP\u00e4ivitetty 20.9.2021<\/p>\n<h3><b><span data-contrast=\"auto\">Maanantai\u00a020.9.2021\u00a0<\/span><\/b><span data-ccp-props=\"{&quot;201341983&quot;:0,&quot;335559739&quot;:160,&quot;335559740&quot;:259}\">\u00a0<\/span><\/h3>\n<h4><span data-contrast=\"auto\">Vierailu:\u00a0Sasta\u00a0Oy\u00a0<\/span><span data-ccp-props=\"{&quot;201341983&quot;:0,&quot;335559739&quot;:160,&quot;335559740&quot;:259}\">\u00a0<\/span><\/h4>\n<p><span data-contrast=\"auto\">Aika: 20.9.2021 klo\u00a09.00\u201310.15<\/span><span data-ccp-props=\"{&quot;201341983&quot;:0,&quot;335559739&quot;:160,&quot;335559740&quot;:259}\"><br \/>\n<\/span><span data-contrast=\"auto\">Paikka:\u00a0Teams<\/span><span data-ccp-props=\"{&quot;201341983&quot;:0,&quot;335559739&quot;:160,&quot;335559740&quot;:259}\"><br \/>\n<\/span><span data-contrast=\"auto\">Ilmoittaudu\u00a019.9.2021 menness\u00e4:\u00a0<\/span><a href=\"https:\/\/link.webropol.com\/ep\/sasta\"><span data-contrast=\"none\">https:\/\/link.webropol.com\/ep\/sasta<\/span><\/a><span data-contrast=\"auto\">\u00a0<\/span><span data-ccp-props=\"{&quot;201341983&quot;:0,&quot;335559739&quot;:160,&quot;335559740&quot;:259}\">\u00a0<\/span><\/p>\n<p><span data-contrast=\"auto\"><a href=\"https:\/\/www.sasta.fi\/\">Sasta<\/a> valmistaa ulkoiluvaatteita vaativiin olosuhteisiin erilaisten er\u00e4nk\u00e4vij\u00f6iden tarpeisiin. Millaista osaamista tarvitaan nykyp\u00e4iv\u00e4n vastuullisessa vaatebisneksess\u00e4? Miten suomalainen br\u00e4ndi p\u00e4rj\u00e4\u00e4 kansainv\u00e4lisill\u00e4 outdoor-markkinoilla? Sastasta kertoo toimitusjohtaja Juha Latvala.<\/span><span data-ccp-props=\"{&quot;201341983&quot;:0,&quot;335559739&quot;:160,&quot;335559740&quot;:259}\">\u00a0<\/span><\/p>\n<h4><span data-contrast=\"auto\">Kokemuksia ty\u00f6harjoittelusta<\/span><span data-ccp-props=\"{&quot;201341983&quot;:0,&quot;335559739&quot;:160,&quot;335559740&quot;:259}\"> \/ Internship experiences<\/span><\/h4>\n<p><span data-contrast=\"auto\">(In English below)<br \/>\nAika: 20.9.2021 10.30\u201311.30<\/span><span data-ccp-props=\"{&quot;201341983&quot;:0,&quot;335559739&quot;:160,&quot;335559740&quot;:259}\"><br \/>\n<\/span><span data-contrast=\"auto\">Paikka: Teams<\/span><span data-contrast=\"auto\"><br \/>\nIlmoittaudu 19.9.2021 menness\u00e4: <\/span><a href=\"https:\/\/link.webropol.com\/ep\/tyoharjoittelu\"><span data-contrast=\"none\">https:\/\/link.webropol.com\/ep\/tyoharjoittelu<\/span><\/a><span data-contrast=\"auto\">\u00a0<\/span><span data-ccp-props=\"{&quot;201341983&quot;:0,&quot;335559739&quot;:160,&quot;335559740&quot;:259}\"><br \/>\n<\/span><\/p>\n<p><span data-contrast=\"auto\">Miten harjoittelupaikan voi l\u00f6yt\u00e4\u00e4 ja mit\u00e4 hy\u00f6ty\u00e4 harjoittelukokemuksesta on? Pohjois-Karjalan museossa harjoittelussa ollut Eveliina Scharin kertoo kokemuksistaan suomeksi, ja Utelias Technologies oy:ss\u00e4 harjoitellut Gonzalo Maestro Paredes kertoo<\/span><span data-ccp-props=\"{&quot;201341983&quot;:0,&quot;335559739&quot;:160,&quot;335559740&quot;:259}\"> kokemuksistaan englanniksi. Lis\u00e4ksi amanuenssi Risto Hel\u00e9n kertoo harjoitteluk\u00e4yt\u00e4nn\u00f6ist\u00e4.<\/span><\/p>\n<p>Time: 20th September 2021 10:30-11:30<br \/>\nPlace: Teams<br \/>\nRegister by 19th September at <a href=\"https:\/\/link.webropol.com\/ep\/tyoharjoittelu\">https:\/\/link.webropol.com\/ep\/tyoharjoittelu<\/a><\/p>\n<p>How to find an internship and how will the internship benefit your career? Student Eveliina Scharin tells about her experience at North Karelian museum (in Finnish, slides in English) and Gonzalo Maestro Paredes shares his experience at Utelias Technologies (in English). In addition, Amanuensis Risto Hel\u00e9n tells about internship practices.<\/p>\n<h4><span data-contrast=\"auto\">Vierailu:\u00a0Pohjois-Karjalan\u00a0Sosiaaliturvayhdistys ry<\/span><span data-ccp-props=\"{&quot;201341983&quot;:0,&quot;335559739&quot;:160,&quot;335559740&quot;:259}\">\u00a0<\/span><\/h4>\n<p><span data-contrast=\"auto\">Aika: 20.9.2021 klo 12.30\u201313.45<\/span><span data-ccp-props=\"{&quot;201341983&quot;:0,&quot;335559739&quot;:160,&quot;335559740&quot;:259}\"><br \/>\n<\/span><span data-contrast=\"auto\">Paikka:\u00a0Teams<\/span><span data-contrast=\"auto\"><br \/>\nIlmoittaudu 19.9.2021 menness\u00e4:\u00a0<\/span><a href=\"https:\/\/link.webropol.com\/ep\/sosiaaliturvayhdistys\"><span data-contrast=\"none\">https:\/\/link.webropol.com\/ep\/sosiaaliturvayhdistys<\/span><\/a><span data-contrast=\"auto\">\u00a0<\/span><span data-ccp-props=\"{&quot;201341983&quot;:0,&quot;335559739&quot;:160,&quot;335559740&quot;:259}\">\u00a0<\/span><\/p>\n<p><span data-contrast=\"auto\"><a href=\"https:\/\/www.pksotu.fi\/\">Pohjois-Karjalan sosiaaliturvayhdistyksell\u00e4<\/a> on monenlaista toimintaa ty\u00f6llisyyden, osallisuuden ja monikulttuurisuuden kehitt\u00e4miseksi alueella. Mit\u00e4 osaamista j\u00e4rjest\u00f6ty\u00f6skentely vaatii ja miten humanisti voi ty\u00f6llisty\u00e4 j\u00e4rjest\u00f6kent\u00e4lle? Sosiaaliturvayhdistyksest\u00e4 kertoo kehitt\u00e4misp\u00e4\u00e4llikk\u00f6 Anne Pyykk\u00f6nen.<\/span><span data-ccp-props=\"{&quot;201341983&quot;:0,&quot;335559739&quot;:160,&quot;335559740&quot;:259}\">\u00a0<\/span><span data-ccp-props=\"{&quot;201341983&quot;:0,&quot;335559739&quot;:160,&quot;335559740&quot;:259}\">\u00a0<\/span><\/p>\n<h4><span data-contrast=\"auto\">Vierailu: UEF Kirjasto<\/span><\/h4>\n<p><span data-contrast=\"auto\">Aika: 20.9.2021 klo 14.00\u201315.00\u00a0<\/span><span data-contrast=\"auto\"><br \/>\nPaikka: Teams<\/span><span data-contrast=\"auto\"><br \/>\nIlmoittaudu 19.9.2021 menness\u00e4: <\/span><a href=\"https:\/\/link.webropol.com\/ep\/uefkirjasto\"><span data-contrast=\"none\">https:\/\/link.webropol.com\/ep\/uefkirjasto<\/span><\/a><span data-contrast=\"auto\">\u00a0<\/span><span data-ccp-props=\"{&quot;201341983&quot;:0,&quot;335559739&quot;:160,&quot;335559740&quot;:259}\">\u00a0<\/span><\/p>\n<p><span data-contrast=\"auto\">Millaista on kirjastoammattilaisen ty\u00f6 yliopiston kirjastossa ja miten kirjastoalalle p\u00e4\u00e4see? Tietoasiantuntija Marika Mahlavuori\u00a0kollegoineen\u00a0kertoo.<\/span><span data-ccp-props=\"{&quot;201341983&quot;:0,&quot;335559739&quot;:160,&quot;335559740&quot;:259}\">\u00a0<\/span><\/p>\n<h3><b><span data-contrast=\"auto\">Tiistai 21.9.2021 <\/span><\/b><span data-ccp-props=\"{&quot;201341983&quot;:0,&quot;335559739&quot;:160,&quot;335559740&quot;:259}\">\u00a0<\/span><\/h3>\n<h4><span data-contrast=\"auto\">Vierailu: Huoneistohotelli Lietsu \u2013 Lietsu Boutique\u00a0Aparthotel<\/span><span data-ccp-props=\"{&quot;201341983&quot;:0,&quot;335559739&quot;:160,&quot;335559740&quot;:259}\">\u00a0<\/span><\/h4>\n<p><span data-contrast=\"auto\">Aika: 21.9.2021 klo 9.15\u201310.15<\/span><span data-ccp-props=\"{&quot;201341983&quot;:0,&quot;335559739&quot;:160,&quot;335559740&quot;:259}\"><br \/>\n<\/span><span data-contrast=\"auto\">Paikka:\u00a0Teams<\/span><span data-ccp-props=\"{&quot;201341983&quot;:0,&quot;335559739&quot;:160,&quot;335559740&quot;:259}\"><br \/>\n<\/span><span data-contrast=\"auto\">Ilmoittaudu 20.9.2021 menness\u00e4:\u00a0<\/span><a href=\"https:\/\/link.webropol.com\/ep\/lietsu\"><span data-contrast=\"none\">https:\/\/link.webropol.com\/ep\/lietsu<\/span><\/a><span data-contrast=\"auto\">\u00a0<\/span><span data-ccp-props=\"{&quot;201341983&quot;:0,&quot;335559739&quot;:160,&quot;335559740&quot;:259}\">\u00a0<\/span><\/p>\n<p><span data-contrast=\"auto\">Joensuun keskustassa sijaitsee yksil\u00f6llinen <a href=\"https:\/\/www.lietsuhotel.fi\/\">Huoneistohotelli Lietsu<\/a>, jonka jokaisella huoneella on oma tarinansa. Miten Lietsu hy\u00f6dynt\u00e4\u00e4 paikallista kulttuuria ja kalevalaista perinnett\u00e4 toiminnassaan ja millaisia osaamistarpeita yrityksell\u00e4 on? Lietsusta kertoo \u201cpi\u00e4naine\u201d Helena Puhakka-Tarvainen.<\/span><span data-ccp-props=\"{&quot;201341983&quot;:0,&quot;335559739&quot;:160,&quot;335559740&quot;:259}\">\u00a0<\/span><\/p>\n<h4><span data-contrast=\"auto\">Kansainv\u00e4linen ura\u00a0Euroopan unionissa\u00a0<\/span><span data-ccp-props=\"{&quot;201341983&quot;:0,&quot;335559739&quot;:160,&quot;335559740&quot;:259}\">\u00a0<\/span><\/h4>\n<p><span data-contrast=\"auto\">Aika: 21.9.2021 klo 12.45\u201314.15<\/span><span data-ccp-props=\"{&quot;201341983&quot;:0,&quot;335559739&quot;:160,&quot;335559740&quot;:259}\"><br \/>\n<\/span><span data-contrast=\"auto\">Paikka:\u00a0Teams<\/span><span data-ccp-props=\"{&quot;201341983&quot;:0,&quot;335559739&quot;:160,&quot;335559740&quot;:259}\"><br \/>\n<\/span><span data-contrast=\"auto\">Ilmoittaudu 20.9.2021 menness\u00e4:\u00a0<\/span><a href=\"https:\/\/link.webropol.com\/ep\/eu-ura\"><span data-contrast=\"none\">https:\/\/link.webropol.com\/ep\/eu-ura<\/span><\/a><span data-ccp-props=\"{&quot;201341983&quot;:0,&quot;335559739&quot;:160,&quot;335559740&quot;:259}\">\u00a0<\/span><\/p>\n<p><span data-contrast=\"auto\">Kiinnostaako EU-ura? Kielivirkamies Tuuli Vihko kertoo, millaisia uramahdollisuuksia EU:ssa on humanistille ja antaa vinkkej\u00e4 hakuprosessiin. Lis\u00e4ksi kuulemme h\u00e4nen ty\u00f6st\u00e4\u00e4n EU:n neuvoston p\u00e4\u00e4sihteerist\u00f6ss\u00e4. Tilaisuuden lopuksi \u201cklinikka\u201d \u2013 kysy Tuuli Vihkolta mit\u00e4 vain EU-uraan liittyv\u00e4\u00e4.<\/span><span data-ccp-props=\"{&quot;201341983&quot;:0,&quot;335559739&quot;:160,&quot;335559740&quot;:259}\">\u00a0<\/span><\/p>\n<h4><span data-contrast=\"auto\">Mimmit\u00a0koodaa\u00a0esitt\u00e4ytyy<\/span><span data-ccp-props=\"{&quot;201341983&quot;:0,&quot;335559739&quot;:160,&quot;335559740&quot;:259}\">\u00a0<\/span><\/h4>\n<p><span data-contrast=\"auto\">Aika: 21.9.2021 klo 14.30\u201315.30\u00a0<\/span><br \/>\n<span data-contrast=\"auto\">Paikka:\u00a0Teams<\/span><br \/>\n<span data-contrast=\"auto\">Ilmoittaudu 20.9.2021 menness\u00e4:\u00a0<\/span><a href=\"https:\/\/link.webropol.com\/ep\/mimmitkoodaa\"><span data-contrast=\"none\">https:\/\/link.webropol.com\/ep\/mimmitkoodaa<\/span><\/a><span data-contrast=\"auto\">\u00a0<\/span><span data-ccp-props=\"{&quot;201341983&quot;:0,&quot;335559739&quot;:160,&quot;335559740&quot;:259}\">\u00a0<\/span><\/p>\n<p><span data-contrast=\"auto\">Ohjelmistoalalle kaivataan osaajia, mutta ala on vahvasti sukupuolittunut. Miksi ohjelmistoala tarvitsee diversiteetti\u00e4 ja miten humanistin osaaminen voi olla alalla hy\u00f6dyksi? <a href=\"https:\/\/mimmitkoodaa.ohjelmistoebusiness.fi\/\">Mimmit koodaa<\/a> -ohjelmasta kertoo Milja\u00a0K\u00f6psi.<\/span><span data-ccp-props=\"{&quot;201341983&quot;:0,&quot;335559739&quot;:160,&quot;335559740&quot;:259}\">\u00a0<\/span><\/p>\n<h3><b><span data-contrast=\"auto\">Keskiviikko 22.9.2021<\/span><\/b><span data-ccp-props=\"{&quot;201341983&quot;:0,&quot;335559739&quot;:160,&quot;335559740&quot;:259}\">\u00a0<\/span><\/h3>\n<h4><span data-contrast=\"auto\">Ideoita\u00a0opinn\u00e4ytteeseen\u00a0ty\u00f6el\u00e4m\u00e4st\u00e4<\/span><\/h4>\n<p><span data-contrast=\"auto\">Aika: 22.9.2021 klo 9.00\u201311.00<\/span><span data-ccp-props=\"{&quot;201341983&quot;:0,&quot;335559739&quot;:160,&quot;335559740&quot;:259}\"><br \/>\n<\/span><span data-contrast=\"auto\">Paikka:\u00a0Teams<\/span><span data-ccp-props=\"{&quot;201341983&quot;:0,&quot;335559739&quot;:160,&quot;335559740&quot;:259}\"><br \/>\n<\/span><span data-contrast=\"auto\">Ilmoittaudu 21.9.2021 menness\u00e4:\u00a0<\/span><a href=\"https:\/\/link.webropol.com\/ep\/opinnayteinfo\"><span data-contrast=\"none\">https:\/\/link.webropol.com\/ep\/opinnayteinfo<\/span><\/a><span data-contrast=\"auto\">\u00a0<\/span><span data-ccp-props=\"{&quot;201341983&quot;:0,&quot;335559739&quot;:160,&quot;335559740&quot;:259}\">\u00a0<\/span><\/p>\n<p><span data-contrast=\"auto\">Mainostoimisto Fabrikin tuottaja ja HR-p\u00e4\u00e4llikk\u00f6 Marikki van Ooik, Siun soten rekrytointip\u00e4\u00e4llikk\u00f6 Heli Sivonen ja viestint\u00e4johtaja Susanna Prokkola sek\u00e4 Youpretin teknologiajohtaja Heikki Veps\u00e4l\u00e4inen kertovat, millaisia tiedontarpeita organisaatioissa on. Lis\u00e4ksi kuulemme my\u00f6s muiden ty\u00f6nantajien opinn\u00e4yteideoista ja yhteisty\u00f6n k\u00e4yt\u00e4nn\u00f6ist\u00e4. Tilaisuus on suunnattu erityisesti pro gradu -ty\u00f6ns\u00e4 aihetta pohtiville, mutta kaikki kiinnostuneet ovat tervetulleita. <\/span><span data-ccp-props=\"{&quot;201341983&quot;:0,&quot;335559739&quot;:160,&quot;335559740&quot;:259}\">\u00a0<\/span><\/p>\n<h4><span data-contrast=\"auto\">TalentHub ja Luotsi apuna ty\u00f6el\u00e4m\u00e4yhteyksien luomisessa<\/span><span data-ccp-props=\"{&quot;201341983&quot;:0,&quot;335559739&quot;:160,&quot;335559740&quot;:259}\">\u00a0<\/span><\/h4>\n<p><span data-contrast=\"auto\">Aika: 22.9.2021 klo 11.30\u201312.30<\/span><span data-ccp-props=\"{&quot;201341983&quot;:0,&quot;335559739&quot;:160,&quot;335559740&quot;:259}\"><br \/>\n<\/span><span data-contrast=\"auto\">Paikka:\u00a0Teams<\/span><span data-ccp-props=\"{&quot;201341983&quot;:0,&quot;335559739&quot;:160,&quot;335559740&quot;:259}\"><br \/>\n<\/span><span data-contrast=\"auto\">Ilmoittaudu 21.9.2021 menness\u00e4:\u00a0<\/span><a href=\"https:\/\/link.webropol.com\/ep\/talenthub-luotsi\"><span data-contrast=\"none\">https:\/\/link.webropol.com\/ep\/talenthub-luotsi<\/span><\/a><span data-contrast=\"auto\">\u00a0<\/span><span data-ccp-props=\"{&quot;201341983&quot;:0,&quot;335559739&quot;:160,&quot;335559740&quot;:259}\">\u00a0<\/span><\/p>\n<p><span data-contrast=\"auto\">Uudistunut <a href=\"https:\/\/talenthubjoensuu.fi\/\">TalentHub<\/a>-alusta yhdist\u00e4\u00e4 kansainv\u00e4lisi\u00e4 osaajia ja Joensuun seudun yrityksi\u00e4. <a href=\"https:\/\/luotsijoensuu.fi\/\">Luotsi<\/a> taas tarjoaa joensuulaisille henkil\u00f6kohtaista valmennusta esim. ty\u00f6nhakuun. Miten TalentHub ja Luotsi voivat olla avuksi sinulle? Duuniagentti Antti R\u00e4ty kertoo.<\/span><span data-ccp-props=\"{&quot;201341983&quot;:0,&quot;335559739&quot;:160,&quot;335559740&quot;:259}\">\u00a0<\/span><\/p>\n<h3><b><span data-contrast=\"auto\">Torstai 23.9.2021<\/span><\/b><span data-ccp-props=\"{&quot;201341983&quot;:0,&quot;335559739&quot;:160,&quot;335559740&quot;:259}\">\u00a0<\/span><\/h3>\n<h4><span data-contrast=\"auto\">Freelance-ty\u00f6mahdollisuudet kustannusalalla\u00a0<\/span><span data-ccp-props=\"{&quot;201341983&quot;:0,&quot;335559739&quot;:160,&quot;335559740&quot;:259}\">\u00a0<\/span><\/h4>\n<p><span data-contrast=\"auto\">Aika: 23.9.2021 klo 9.00\u201311.00\u00a0<\/span><span data-ccp-props=\"{&quot;201341983&quot;:0,&quot;335559739&quot;:160,&quot;335559740&quot;:259}\"><br \/>\n<\/span><span data-contrast=\"auto\">Paikka:\u00a0Teams\u00a0\u00a0<\/span><br \/>\n<span data-contrast=\"auto\">Ilmoittaudu 21.9.2021 menness\u00e4:\u00a0<\/span><a href=\"https:\/\/link.webropol.com\/ep\/kustannusala\"><span data-contrast=\"none\">https:\/\/link.webropol.com\/ep\/kustannusala<\/span><\/a><span data-contrast=\"auto\">\u00a0<\/span><span data-ccp-props=\"{&quot;201341983&quot;:0,&quot;335559739&quot;:160,&quot;335559740&quot;:259}\">\u00a0<\/span><\/p>\n<p><span data-contrast=\"auto\">Milt\u00e4 n\u00e4ytt\u00e4v\u00e4t kustannusalan ty\u00f6llistymisn\u00e4kym\u00e4t? Miten alalle voi ty\u00f6llisty\u00e4 freelancerina? Tietokirjallisuuden toimitusp\u00e4\u00e4llikk\u00f6 Lotta Sonninen (Gummerus) ja suomentaja, kustannustoimittaja Outi J\u00e4rvinen (freelancer) kertovat.<\/span><span data-ccp-props=\"{&quot;201341983&quot;:0,&quot;335559739&quot;:160,&quot;335559740&quot;:259}\">\u00a0<\/span><span data-ccp-props=\"{&quot;201341983&quot;:0,&quot;335559739&quot;:160,&quot;335559740&quot;:259}\">\u00a0<\/span><\/p>\n<h4><span data-contrast=\"auto\">Peruttu: Humanistien yritt\u00e4jyysiltap\u00e4iv\u00e4 <\/span><span data-ccp-props=\"{&quot;201341983&quot;:0,&quot;335559739&quot;:160,&quot;335559740&quot;:259}\">\u00a0<\/span><\/h4>\n<p><span data-contrast=\"auto\">Aika: 23.9.2021 klo 11.50\u201316.00<\/span><span data-ccp-props=\"{&quot;201341983&quot;:0,&quot;335559739&quot;:160,&quot;335559740&quot;:259}\"><br \/>\n<\/span><span data-contrast=\"auto\">Paikka: Spark, Tiedepuisto, rak. 3A, 4 krs. L\u00e4nsikatu 15, 80110 Joensuu<\/span><\/p>\n<p><span data-contrast=\"auto\">Moni humanisti ty\u00f6llistyy yritt\u00e4j\u00e4ksi, ja sivutoimisen yritt\u00e4jyyden voi aloittaa\u00a0jo opintojen aikana.\u00a0Tule tutustumaan aloittavan yritt\u00e4j\u00e4n palveluihin,\u00a0Tiedepuistolla sijaitsevaan\u00a0Spark\u00a0Joensuuhun\u00a0ja kuulemaan yritt\u00e4jyydest\u00e4 k\u00e4yt\u00e4nn\u00f6ss\u00e4.\u00a0Kahvitarjoilu.<\/span><span data-ccp-props=\"{&quot;201341983&quot;:0,&quot;335559739&quot;:160,&quot;335559740&quot;:259}\">\u00a0<\/span><\/p>\n<h5><span data-contrast=\"auto\">Humanistien yritt\u00e4jyysiltap\u00e4iv\u00e4n 23.9.2021 aikataulu:<\/span><\/h5>\n<p><span data-contrast=\"auto\">11.50\u201312.00 Tervetuloa<\/span><br \/>\n<span data-contrast=\"auto\">12.00\u201312.45 TE-toimiston palvelut aloittavalle yritt\u00e4j\u00e4lle, asiantuntija Minna Komulainen<\/span><br \/>\n<span data-contrast=\"auto\">12.45\u201313.30 Business Joensuun palvelut aloittavalle yritt\u00e4j\u00e4lle, yritysvalmentajat<\/span> Satu Niiranen ja Lasse Immonen<br \/>\n<span data-contrast=\"auto\">13.30\u201314.05 Kahvitauko<\/span><br \/>\n<span data-contrast=\"auto\">14.05\u201315.00 N\u00e4in toiminimi k\u00e4yt\u00e4nn\u00f6ss\u00e4 toimii, Sanna Lappalainen, BaseCamp-hanke<\/span><br \/>\n<span data-contrast=\"auto\">15.00\u201316.00 Tuohi Design oy ja sivutoiminen yritt\u00e4jyys, yritt\u00e4j\u00e4 Anni Koskeli-Ratamaa<\/span><\/p>\n<p>Tilaisuus on peruttu.<\/p>\n<p><img loading=\"lazy\" decoding=\"async\" class=\"wp-image-1491 alignleft\" src=\"https:\/\/blogs.uef.fi\/humanistit-uudistuvassa-tyoelamassa\/wp-content\/uploads\/sites\/113\/2021\/08\/TE__LA10_te1logo___B3___RGB-300x108.png\" alt=\"TE-palvelut, logo\" width=\"133\" height=\"48\" srcset=\"https:\/\/blogs.uef.fi\/humanistit-uudistuvassa-tyoelamassa\/wp-content\/uploads\/sites\/113\/2021\/08\/TE__LA10_te1logo___B3___RGB-300x108.png 300w, https:\/\/blogs.uef.fi\/humanistit-uudistuvassa-tyoelamassa\/wp-content\/uploads\/sites\/113\/2021\/08\/TE__LA10_te1logo___B3___RGB-1024x369.png 1024w, https:\/\/blogs.uef.fi\/humanistit-uudistuvassa-tyoelamassa\/wp-content\/uploads\/sites\/113\/2021\/08\/TE__LA10_te1logo___B3___RGB-768x276.png 768w, https:\/\/blogs.uef.fi\/humanistit-uudistuvassa-tyoelamassa\/wp-content\/uploads\/sites\/113\/2021\/08\/TE__LA10_te1logo___B3___RGB.png 1075w\" sizes=\"auto, (max-width: 133px) 100vw, 133px\" \/><img loading=\"lazy\" decoding=\"async\" class=\"alignnone wp-image-1116\" src=\"https:\/\/blogs.uef.fi\/humanistit-uudistuvassa-tyoelamassa\/wp-content\/uploads\/sites\/113\/2021\/03\/01_BJOE_musta-keltainen_kuvana-300x212.png\" alt=\"Business Joensuun logo\" width=\"112\" height=\"79\" srcset=\"https:\/\/blogs.uef.fi\/humanistit-uudistuvassa-tyoelamassa\/wp-content\/uploads\/sites\/113\/2021\/03\/01_BJOE_musta-keltainen_kuvana-300x212.png 300w, https:\/\/blogs.uef.fi\/humanistit-uudistuvassa-tyoelamassa\/wp-content\/uploads\/sites\/113\/2021\/03\/01_BJOE_musta-keltainen_kuvana-1024x724.png 1024w, https:\/\/blogs.uef.fi\/humanistit-uudistuvassa-tyoelamassa\/wp-content\/uploads\/sites\/113\/2021\/03\/01_BJOE_musta-keltainen_kuvana-768x543.png 768w, https:\/\/blogs.uef.fi\/humanistit-uudistuvassa-tyoelamassa\/wp-content\/uploads\/sites\/113\/2021\/03\/01_BJOE_musta-keltainen_kuvana-1536x1086.png 1536w, https:\/\/blogs.uef.fi\/humanistit-uudistuvassa-tyoelamassa\/wp-content\/uploads\/sites\/113\/2021\/03\/01_BJOE_musta-keltainen_kuvana-2048x1448.png 2048w\" sizes=\"auto, (max-width: 112px) 100vw, 112px\" \/><img loading=\"lazy\" decoding=\"async\" class=\"alignnone wp-image-1485\" src=\"https:\/\/blogs.uef.fi\/humanistit-uudistuvassa-tyoelamassa\/wp-content\/uploads\/sites\/113\/2021\/08\/base-camp-logo-300x201.jpg\" alt=\"Base Camp -hankkeen logo\" width=\"77\" height=\"52\" srcset=\"https:\/\/blogs.uef.fi\/humanistit-uudistuvassa-tyoelamassa\/wp-content\/uploads\/sites\/113\/2021\/08\/base-camp-logo-300x201.jpg 300w, https:\/\/blogs.uef.fi\/humanistit-uudistuvassa-tyoelamassa\/wp-content\/uploads\/sites\/113\/2021\/08\/base-camp-logo.jpg 534w\" sizes=\"auto, (max-width: 77px) 100vw, 77px\" \/><img loading=\"lazy\" decoding=\"async\" class=\"alignnone wp-image-1488\" src=\"https:\/\/blogs.uef.fi\/humanistit-uudistuvassa-tyoelamassa\/wp-content\/uploads\/sites\/113\/2021\/08\/Spark_keltainen1-300x261.jpg\" alt=\"Spark Joensuun logo\" width=\"85\" height=\"74\" srcset=\"https:\/\/blogs.uef.fi\/humanistit-uudistuvassa-tyoelamassa\/wp-content\/uploads\/sites\/113\/2021\/08\/Spark_keltainen1-300x261.jpg 300w, https:\/\/blogs.uef.fi\/humanistit-uudistuvassa-tyoelamassa\/wp-content\/uploads\/sites\/113\/2021\/08\/Spark_keltainen1.jpg 548w\" sizes=\"auto, (max-width: 85px) 100vw, 85px\" \/><\/p>\n<h4><span data-contrast=\"auto\">Freelance-tietoutta Instagramissa<\/span><span data-ccp-props=\"{&quot;201341983&quot;:0,&quot;335559739&quot;:160,&quot;335559740&quot;:259}\">\u00a0<\/span><\/h4>\n<p><span data-contrast=\"auto\">Julkaisemme\u00a023.9.\u00a0<a href=\"https:\/\/www.instagram.com\/humus_uef\/\">Humuksen Instagramissa<\/a> ja blogissa<\/span><b><span data-contrast=\"auto\">\u00a0<\/span><\/b><span data-contrast=\"auto\">hy\u00f6dyllist\u00e4 tietoa freelancerina ty\u00f6skentelyst\u00e4. Sis\u00e4ll\u00f6st\u00e4 vastaavat <a href=\"https:\/\/kieliasiantuntijat.fi\/\">Kieliasiantuntijat ry<\/a>, <a href=\"https:\/\/museoalanammattiliitto.fi\/\">Museoalan Ammattiliitto MAL ry<\/a> sek\u00e4 <a href=\"https:\/\/taku.fi\/\">Taide- ja kulttuurialojen ammattij\u00e4rjest\u00f6 TAKU ry<\/a>.<\/span><span data-ccp-props=\"{&quot;201341983&quot;:0,&quot;335559739&quot;:160,&quot;335559740&quot;:259}\">\u00a0<\/span><\/p>\n<p><img loading=\"lazy\" decoding=\"async\" class=\"alignnone wp-image-1107\" src=\"https:\/\/blogs.uef.fi\/humanistit-uudistuvassa-tyoelamassa\/wp-content\/uploads\/sites\/113\/2021\/03\/MicrosoftTeams-image-1-300x91.png\" alt=\"Kieliasiantuntijat ry:n logo\" width=\"122\" height=\"37\" srcset=\"https:\/\/blogs.uef.fi\/humanistit-uudistuvassa-tyoelamassa\/wp-content\/uploads\/sites\/113\/2021\/03\/MicrosoftTeams-image-1-300x91.png 300w, https:\/\/blogs.uef.fi\/humanistit-uudistuvassa-tyoelamassa\/wp-content\/uploads\/sites\/113\/2021\/03\/MicrosoftTeams-image-1-1024x311.png 1024w, https:\/\/blogs.uef.fi\/humanistit-uudistuvassa-tyoelamassa\/wp-content\/uploads\/sites\/113\/2021\/03\/MicrosoftTeams-image-1-768x233.png 768w, https:\/\/blogs.uef.fi\/humanistit-uudistuvassa-tyoelamassa\/wp-content\/uploads\/sites\/113\/2021\/03\/MicrosoftTeams-image-1-1536x466.png 1536w, https:\/\/blogs.uef.fi\/humanistit-uudistuvassa-tyoelamassa\/wp-content\/uploads\/sites\/113\/2021\/03\/MicrosoftTeams-image-1-2048x622.png 2048w\" sizes=\"auto, (max-width: 122px) 100vw, 122px\" \/><img loading=\"lazy\" decoding=\"async\" class=\"alignnone wp-image-1110\" src=\"https:\/\/blogs.uef.fi\/humanistit-uudistuvassa-tyoelamassa\/wp-content\/uploads\/sites\/113\/2021\/03\/MicrosoftTeams-image-300x300.png\" alt=\"MAL ry:n logo\" width=\"96\" height=\"96\" srcset=\"https:\/\/blogs.uef.fi\/humanistit-uudistuvassa-tyoelamassa\/wp-content\/uploads\/sites\/113\/2021\/03\/MicrosoftTeams-image-300x300.png 300w, https:\/\/blogs.uef.fi\/humanistit-uudistuvassa-tyoelamassa\/wp-content\/uploads\/sites\/113\/2021\/03\/MicrosoftTeams-image-150x150.png 150w, https:\/\/blogs.uef.fi\/humanistit-uudistuvassa-tyoelamassa\/wp-content\/uploads\/sites\/113\/2021\/03\/MicrosoftTeams-image.png 567w\" sizes=\"auto, (max-width: 96px) 100vw, 96px\" \/><img loading=\"lazy\" decoding=\"async\" class=\"alignnone wp-image-1104\" src=\"https:\/\/blogs.uef.fi\/humanistit-uudistuvassa-tyoelamassa\/wp-content\/uploads\/sites\/113\/2021\/03\/TAKU-logo-fin-rgbvioletti-300x223.png\" alt=\"Taku ry:n logo\" width=\"103\" height=\"76\" srcset=\"https:\/\/blogs.uef.fi\/humanistit-uudistuvassa-tyoelamassa\/wp-content\/uploads\/sites\/113\/2021\/03\/TAKU-logo-fin-rgbvioletti-300x223.png 300w, https:\/\/blogs.uef.fi\/humanistit-uudistuvassa-tyoelamassa\/wp-content\/uploads\/sites\/113\/2021\/03\/TAKU-logo-fin-rgbvioletti-768x570.png 768w, https:\/\/blogs.uef.fi\/humanistit-uudistuvassa-tyoelamassa\/wp-content\/uploads\/sites\/113\/2021\/03\/TAKU-logo-fin-rgbvioletti.png 888w\" sizes=\"auto, (max-width: 103px) 100vw, 103px\" \/><\/p>\n<h3><b><span data-contrast=\"auto\">Perjantai 24.9.2021 <\/span><\/b><span data-ccp-props=\"{&quot;201341983&quot;:0,&quot;335559739&quot;:160,&quot;335559740&quot;:259}\">\u00a0<\/span><\/h3>\n<h4><span data-contrast=\"auto\">Valmennus: oman ty\u00f6n johtaminen<\/span><span data-ccp-props=\"{&quot;201341983&quot;:0,&quot;335559739&quot;:160,&quot;335559740&quot;:259}\">\u00a0<\/span><\/h4>\n<p><span data-contrast=\"auto\">Aika: 24.9.2021 klo\u00a010.00\u201314.30\u00a0(sis. puolen tunnin lounastauon)<\/span><span data-ccp-props=\"{&quot;201341983&quot;:0,&quot;335559739&quot;:160,&quot;335559740&quot;:259}\"><br \/>\n<\/span><span data-contrast=\"auto\">Paikka:\u00a0Teams<\/span><span data-ccp-props=\"{&quot;201341983&quot;:0,&quot;335559739&quot;:160,&quot;335559740&quot;:259}\"><br \/>\n<\/span><span data-contrast=\"auto\">Ilmoittaudu 22.9.2021 menness\u00e4:\u00a0<\/span><a href=\"https:\/\/link.webropol.com\/ep\/omantyonjohtaminen\"><span data-contrast=\"none\">https:\/\/link.webropol.com\/ep\/omantyonjohtaminen<\/span><\/a><span data-contrast=\"auto\">\u00a0<\/span><span data-ccp-props=\"{&quot;201341983&quot;:0,&quot;335559739&quot;:160,&quot;335559740&quot;:259}\">\u00a0<\/span><\/p>\n<div id=\"attachment_1497\" style=\"width: 212px\" class=\"wp-caption alignnone\"><img loading=\"lazy\" decoding=\"async\" aria-describedby=\"caption-attachment-1497\" class=\"wp-image-1497 size-medium\" src=\"https:\/\/blogs.uef.fi\/humanistit-uudistuvassa-tyoelamassa\/wp-content\/uploads\/sites\/113\/2021\/08\/Sirpa-Puolakka_pieni-202x300.jpg\" alt=\"Valmentaja Sirpa Puolakka\" width=\"202\" height=\"300\" srcset=\"https:\/\/blogs.uef.fi\/humanistit-uudistuvassa-tyoelamassa\/wp-content\/uploads\/sites\/113\/2021\/08\/Sirpa-Puolakka_pieni-202x300.jpg 202w, https:\/\/blogs.uef.fi\/humanistit-uudistuvassa-tyoelamassa\/wp-content\/uploads\/sites\/113\/2021\/08\/Sirpa-Puolakka_pieni.jpg 304w\" sizes=\"auto, (max-width: 202px) 100vw, 202px\" \/><p id=\"caption-attachment-1497\" class=\"wp-caption-text\">Yritysvalmentaja Sirpa Puolakka.<\/p>\n<p><\/p><\/div>\n<p><span data-contrast=\"auto\">Pysyv\u00e4tk\u00f6 langat k\u00e4siss\u00e4\u00a0ja keskitytk\u00f6 olennaiseen?\u00a0Etenev\u00e4tk\u00f6 hommat sujuvasti aikataulussaan?\u00a0Stressaako?\u00a0<\/span><span data-ccp-props=\"{&quot;201341983&quot;:0,&quot;335559739&quot;:160,&quot;335559740&quot;:259}\">\u00a0<\/span><\/p>\n<p><span data-contrast=\"auto\">Itsens\u00e4 johtamisen taidot\u00a0ovat\u00a0elint\u00e4rkeit\u00e4 hyvinvointia lis\u00e4\u00e4vi\u00e4\u00a0taitoja, joita tarvitaan paitsi opiskellessa my\u00f6s asiantuntijaty\u00f6ss\u00e4 opintojen j\u00e4lkeen.<\/span><span data-ccp-props=\"{&quot;201341983&quot;:0,&quot;335559739&quot;:160,&quot;335559740&quot;:259}\">\u00a0<\/span><\/p>\n<p><span data-contrast=\"auto\">Valmennuksessa saat ty\u00f6kaluja oman ty\u00f6si hallintaan ja tehokkaaseen ajank\u00e4ytt\u00f6\u00f6n, ja opit miten k\u00e4sitell\u00e4\u00a0paineita ja stressi\u00e4 hyvinvointiasi edist\u00e4v\u00e4ll\u00e4 tavalla.\u00a0Kouluttajana valmennuksessa on yritysvalmentaja Sirpa Puolakka Valmennustalo Virta oy:st\u00e4.<\/span><span data-ccp-props=\"{&quot;201341983&quot;:0,&quot;335559739&quot;:160,&quot;335559740&quot;:259}\">\u00a0<\/span><\/p>\n<p><span data-contrast=\"auto\">Valmennus pit\u00e4\u00e4 sis\u00e4ll\u00e4\u00e4n kolme teemaa:<\/span><span data-ccp-props=\"{&quot;201341983&quot;:0,&quot;335559739&quot;:160,&quot;335559740&quot;:259}\">\u00a0<\/span><\/p>\n<ul>\n<li data-leveltext=\"\uf0b7\" data-font=\"Symbol\" data-listid=\"15\" data-aria-posinset=\"1\" data-aria-level=\"1\"><span data-contrast=\"auto\">Kohti itseohjautuvaa ty\u00f6skentely\u00e4<\/span><span data-ccp-props=\"{&quot;134233279&quot;:true,&quot;201341983&quot;:0,&quot;335559739&quot;:160,&quot;335559740&quot;:259}\">\u00a0<\/span><\/li>\n<li data-leveltext=\"\uf0b7\" data-font=\"Symbol\" data-listid=\"15\" data-aria-posinset=\"2\" data-aria-level=\"1\"><span data-contrast=\"auto\">Ajanhallinnalla lis\u00e4\u00e4 aikaansaamisen iloa<\/span><span data-ccp-props=\"{&quot;134233279&quot;:true,&quot;201341983&quot;:0,&quot;335559739&quot;:160,&quot;335559740&quot;:259}\">\u00a0<\/span><\/li>\n<li data-leveltext=\"\uf0b7\" data-font=\"Symbol\" data-listid=\"15\" data-aria-posinset=\"3\" data-aria-level=\"1\"><span data-contrast=\"auto\">Mielenhallinnalla ty\u00f6hyvinvointia ja tuottavuutta.<\/span><span data-ccp-props=\"{&quot;134233279&quot;:true,&quot;201341983&quot;:0,&quot;335559739&quot;:160,&quot;335559740&quot;:259}\">\u00a0<\/span><\/li>\n<\/ul>\n<p><span data-contrast=\"auto\">Koulutus on avoin It\u00e4-Suomen yliopiston humanistisen alojen opiskelijoille ja\u00a0niilt\u00e4 valmistuneille sek\u00e4\u00a0It\u00e4-Suomesta ty\u00f6t\u00e4 etsiville humanisteille.<\/span><span data-ccp-props=\"{&quot;201341983&quot;:0,&quot;335559739&quot;:160,&quot;335559740&quot;:259}\">\u00a0<\/span><\/p>\n<p><span data-contrast=\"auto\">Valmennus sis\u00e4lt\u00e4\u00e4 tietoa sek\u00e4 monipuolisia harjoituksia yksin ja ryhm\u00e4ss\u00e4. Valmennuksesta saa eniten irti osallistumalla harjoituksiin aktiivisesti. Valmennus ei sis\u00e4ll\u00e4 ennakkoteht\u00e4vi\u00e4.<\/span><span data-ccp-props=\"{&quot;201341983&quot;:0,&quot;335559739&quot;:160,&quot;335559740&quot;:259}\">\u00a0<\/span><\/p>\n","protected":false},"excerpt":{"rendered":"<p>Miten k\u00e4yt\u00e4t humanistin supervoimiasi tulevaisuudessa?\u00a0\u00a0 Syyskuun ty\u00f6el\u00e4m\u00e4viikolla tutustutaan mm. kustannus- ja ohjelmistoalaan sek\u00e4 erilaisiin ty\u00f6paikkoihin Pohjois-Karjalassa. Ty\u00f6el\u00e4m\u00e4n teemoista perehdyt\u00e4\u00e4n tarkemmin yritt\u00e4jyyteen sek\u00e4 oman ty\u00f6n johtamiseen. Lis\u00e4ksi viikolla kuullaan opinn\u00e4ytety\u00f6yhteisty\u00f6n mahdollisuuksista suoraan ty\u00f6nantajilta.\u00a0 Tilaisuuksiin tulee ilmoittautua ennakkoon. Ilmoittautumislinkit l\u00f6yd\u00e4t ohjelmasta.\u00a0\u00a0 Kohderyhm\u00e4t:\u00a0It\u00e4-Suomen yliopiston\u00a0humanististen alojen\u00a0(kielet, kulttuurintutkimus, historia)\u00a0opiskelijat\u00a0ja henkil\u00f6kunta, n\u00e4ilt\u00e4 aloilta valmistuneet,\u00a0It\u00e4-Suomesta ty\u00f6t\u00e4 etsiv\u00e4t humanistit\u00a0sek\u00e4\u00a0ty\u00f6el\u00e4m\u00e4yhteisty\u00f6st\u00e4 kiinnostuneet yritykset.\u00a0\u00a0 Humanistisen osaston [&hellip;]<\/p>\n","protected":false},"author":285,"featured_media":0,"comment_status":"open","ping_status":"open","sticky":false,"template":"","format":"standard","meta":{"_acf_changed":false,"footnotes":""},"categories":[7],"tags":[],"class_list":["post-1479","post","type-post","status-publish","format-standard","hentry","category-tapahtumat"],"acf":[],"yoast_head":"<!-- This site is optimized with the Yoast SEO plugin v27.3 - https:\/\/yoast.com\/product\/yoast-seo-wordpress\/ -->\n<title>Haku p\u00e4\u00e4lle 6 \u2013 Humanistien ty\u00f6el\u00e4m\u00e4viikko 20.\u201324.9.2021 - HUMUS \u2013 Humanistit uudistuvassa ty\u00f6el\u00e4m\u00e4ss\u00e4<\/title>\n<meta name=\"description\" content=\"Miten k\u00e4yt\u00e4t humanistin supervoimiasi tulevaisuudessa? Ty\u00f6el\u00e4m\u00e4viikolla opit mm. kustannusalasta, ohjelmistoalasta, yritt\u00e4jyydest\u00e4 sek\u00e4 oman ty\u00f6n johtamisesta.\" \/>\n<meta name=\"robots\" content=\"index, follow, max-snippet:-1, max-image-preview:large, max-video-preview:-1\" \/>\n<link rel=\"canonical\" href=\"https:\/\/blogs.uef.fi\/humanistit-uudistuvassa-tyoelamassa\/2021\/08\/23\/haku-paalle-6\/\" \/>\n<meta property=\"og:locale\" content=\"fi_FI\" \/>\n<meta property=\"og:type\" content=\"article\" \/>\n<meta property=\"og:title\" content=\"Haku p\u00e4\u00e4lle 6 \u2013 Humanistien ty\u00f6el\u00e4m\u00e4viikko 20.\u201324.9.2021 - HUMUS \u2013 Humanistit uudistuvassa ty\u00f6el\u00e4m\u00e4ss\u00e4\" \/>\n<meta property=\"og:description\" content=\"Miten k\u00e4yt\u00e4t humanistin supervoimiasi tulevaisuudessa? Ty\u00f6el\u00e4m\u00e4viikolla opit mm. kustannusalasta, ohjelmistoalasta, yritt\u00e4jyydest\u00e4 sek\u00e4 oman ty\u00f6n johtamisesta.\" \/>\n<meta property=\"og:url\" content=\"https:\/\/blogs.uef.fi\/humanistit-uudistuvassa-tyoelamassa\/2021\/08\/23\/haku-paalle-6\/\" \/>\n<meta property=\"og:site_name\" content=\"HUMUS \u2013 Humanistit uudistuvassa ty\u00f6el\u00e4m\u00e4ss\u00e4\" \/>\n<meta property=\"article:published_time\" content=\"2021-08-23T13:00:46+00:00\" \/>\n<meta property=\"article:modified_time\" content=\"2021-12-30T10:24:48+00:00\" \/>\n<meta property=\"og:image\" content=\"https:\/\/blogs.uef.fi\/humanistit-uudistuvassa-tyoelamassa\/wp-content\/uploads\/sites\/113\/2021\/08\/UEF_Humus_FB_Tapahtumakuva-300x169.jpg\" \/>\n<meta name=\"author\" content=\"Sini Heinoja\" \/>\n<meta name=\"twitter:card\" content=\"summary_large_image\" \/>\n<meta name=\"twitter:label1\" content=\"Kirjoittanut\" \/>\n\t<meta name=\"twitter:data1\" content=\"Sini Heinoja\" \/>\n\t<meta name=\"twitter:label2\" content=\"Arvioitu lukuaika\" \/>\n\t<meta name=\"twitter:data2\" content=\"5 minuuttia\" \/>\n<script type=\"application\/ld+json\" class=\"yoast-schema-graph\">{\"@context\":\"https:\\\/\\\/schema.org\",\"@graph\":[{\"@type\":\"Article\",\"@id\":\"https:\\\/\\\/blogs.uef.fi\\\/humanistit-uudistuvassa-tyoelamassa\\\/2021\\\/08\\\/23\\\/haku-paalle-6\\\/#article\",\"isPartOf\":{\"@id\":\"https:\\\/\\\/blogs.uef.fi\\\/humanistit-uudistuvassa-tyoelamassa\\\/2021\\\/08\\\/23\\\/haku-paalle-6\\\/\"},\"author\":{\"name\":\"Sini Heinoja\",\"@id\":\"https:\\\/\\\/blogs.uef.fi\\\/humanistit-uudistuvassa-tyoelamassa\\\/#\\\/schema\\\/person\\\/2a8dd39b2285e1f0f8b2a15f542fa9ff\"},\"headline\":\"Haku p\u00e4\u00e4lle 6 \u2013 Humanistien ty\u00f6el\u00e4m\u00e4viikko 20.\u201324.9.2021\",\"datePublished\":\"2021-08-23T13:00:46+00:00\",\"dateModified\":\"2021-12-30T10:24:48+00:00\",\"mainEntityOfPage\":{\"@id\":\"https:\\\/\\\/blogs.uef.fi\\\/humanistit-uudistuvassa-tyoelamassa\\\/2021\\\/08\\\/23\\\/haku-paalle-6\\\/\"},\"wordCount\":1024,\"commentCount\":0,\"image\":{\"@id\":\"https:\\\/\\\/blogs.uef.fi\\\/humanistit-uudistuvassa-tyoelamassa\\\/2021\\\/08\\\/23\\\/haku-paalle-6\\\/#primaryimage\"},\"thumbnailUrl\":\"https:\\\/\\\/blogs.uef.fi\\\/humanistit-uudistuvassa-tyoelamassa\\\/wp-content\\\/uploads\\\/sites\\\/113\\\/2021\\\/08\\\/UEF_Humus_FB_Tapahtumakuva-300x169.jpg\",\"articleSection\":[\"Tapahtumat\"],\"inLanguage\":\"fi\",\"potentialAction\":[{\"@type\":\"CommentAction\",\"name\":\"Comment\",\"target\":[\"https:\\\/\\\/blogs.uef.fi\\\/humanistit-uudistuvassa-tyoelamassa\\\/2021\\\/08\\\/23\\\/haku-paalle-6\\\/#respond\"]}]},{\"@type\":\"WebPage\",\"@id\":\"https:\\\/\\\/blogs.uef.fi\\\/humanistit-uudistuvassa-tyoelamassa\\\/2021\\\/08\\\/23\\\/haku-paalle-6\\\/\",\"url\":\"https:\\\/\\\/blogs.uef.fi\\\/humanistit-uudistuvassa-tyoelamassa\\\/2021\\\/08\\\/23\\\/haku-paalle-6\\\/\",\"name\":\"Haku p\u00e4\u00e4lle 6 \u2013 Humanistien ty\u00f6el\u00e4m\u00e4viikko 20.\u201324.9.2021 - HUMUS \u2013 Humanistit uudistuvassa ty\u00f6el\u00e4m\u00e4ss\u00e4\",\"isPartOf\":{\"@id\":\"https:\\\/\\\/blogs.uef.fi\\\/humanistit-uudistuvassa-tyoelamassa\\\/#website\"},\"primaryImageOfPage\":{\"@id\":\"https:\\\/\\\/blogs.uef.fi\\\/humanistit-uudistuvassa-tyoelamassa\\\/2021\\\/08\\\/23\\\/haku-paalle-6\\\/#primaryimage\"},\"image\":{\"@id\":\"https:\\\/\\\/blogs.uef.fi\\\/humanistit-uudistuvassa-tyoelamassa\\\/2021\\\/08\\\/23\\\/haku-paalle-6\\\/#primaryimage\"},\"thumbnailUrl\":\"https:\\\/\\\/blogs.uef.fi\\\/humanistit-uudistuvassa-tyoelamassa\\\/wp-content\\\/uploads\\\/sites\\\/113\\\/2021\\\/08\\\/UEF_Humus_FB_Tapahtumakuva-300x169.jpg\",\"datePublished\":\"2021-08-23T13:00:46+00:00\",\"dateModified\":\"2021-12-30T10:24:48+00:00\",\"author\":{\"@id\":\"https:\\\/\\\/blogs.uef.fi\\\/humanistit-uudistuvassa-tyoelamassa\\\/#\\\/schema\\\/person\\\/2a8dd39b2285e1f0f8b2a15f542fa9ff\"},\"description\":\"Miten k\u00e4yt\u00e4t humanistin supervoimiasi tulevaisuudessa? Ty\u00f6el\u00e4m\u00e4viikolla opit mm. kustannusalasta, ohjelmistoalasta, yritt\u00e4jyydest\u00e4 sek\u00e4 oman ty\u00f6n johtamisesta.\",\"breadcrumb\":{\"@id\":\"https:\\\/\\\/blogs.uef.fi\\\/humanistit-uudistuvassa-tyoelamassa\\\/2021\\\/08\\\/23\\\/haku-paalle-6\\\/#breadcrumb\"},\"inLanguage\":\"fi\",\"potentialAction\":[{\"@type\":\"ReadAction\",\"target\":[\"https:\\\/\\\/blogs.uef.fi\\\/humanistit-uudistuvassa-tyoelamassa\\\/2021\\\/08\\\/23\\\/haku-paalle-6\\\/\"]}]},{\"@type\":\"ImageObject\",\"inLanguage\":\"fi\",\"@id\":\"https:\\\/\\\/blogs.uef.fi\\\/humanistit-uudistuvassa-tyoelamassa\\\/2021\\\/08\\\/23\\\/haku-paalle-6\\\/#primaryimage\",\"url\":\"https:\\\/\\\/blogs.uef.fi\\\/humanistit-uudistuvassa-tyoelamassa\\\/wp-content\\\/uploads\\\/sites\\\/113\\\/2021\\\/08\\\/UEF_Humus_FB_Tapahtumakuva.jpg\",\"contentUrl\":\"https:\\\/\\\/blogs.uef.fi\\\/humanistit-uudistuvassa-tyoelamassa\\\/wp-content\\\/uploads\\\/sites\\\/113\\\/2021\\\/08\\\/UEF_Humus_FB_Tapahtumakuva.jpg\",\"width\":1920,\"height\":1080,\"caption\":\"Opiskelevia henkil\u00f6it\u00e4, logoja\"},{\"@type\":\"BreadcrumbList\",\"@id\":\"https:\\\/\\\/blogs.uef.fi\\\/humanistit-uudistuvassa-tyoelamassa\\\/2021\\\/08\\\/23\\\/haku-paalle-6\\\/#breadcrumb\",\"itemListElement\":[{\"@type\":\"ListItem\",\"position\":1,\"name\":\"Home\",\"item\":\"https:\\\/\\\/blogs.uef.fi\\\/humanistit-uudistuvassa-tyoelamassa\\\/\"},{\"@type\":\"ListItem\",\"position\":2,\"name\":\"Haku p\u00e4\u00e4lle 6 \u2013 Humanistien ty\u00f6el\u00e4m\u00e4viikko 20.\u201324.9.2021\"}]},{\"@type\":\"WebSite\",\"@id\":\"https:\\\/\\\/blogs.uef.fi\\\/humanistit-uudistuvassa-tyoelamassa\\\/#website\",\"url\":\"https:\\\/\\\/blogs.uef.fi\\\/humanistit-uudistuvassa-tyoelamassa\\\/\",\"name\":\"HUMUS \u2013 Humanistit uudistuvassa ty\u00f6el\u00e4m\u00e4ss\u00e4\",\"description\":\"\",\"potentialAction\":[{\"@type\":\"SearchAction\",\"target\":{\"@type\":\"EntryPoint\",\"urlTemplate\":\"https:\\\/\\\/blogs.uef.fi\\\/humanistit-uudistuvassa-tyoelamassa\\\/?s={search_term_string}\"},\"query-input\":{\"@type\":\"PropertyValueSpecification\",\"valueRequired\":true,\"valueName\":\"search_term_string\"}}],\"inLanguage\":\"fi\"},{\"@type\":\"Person\",\"@id\":\"https:\\\/\\\/blogs.uef.fi\\\/humanistit-uudistuvassa-tyoelamassa\\\/#\\\/schema\\\/person\\\/2a8dd39b2285e1f0f8b2a15f542fa9ff\",\"name\":\"Sini Heinoja\",\"image\":{\"@type\":\"ImageObject\",\"inLanguage\":\"fi\",\"@id\":\"https:\\\/\\\/secure.gravatar.com\\\/avatar\\\/e26b7b6234f0e3dfbe287cd2d81eea31d8a9e7d7265142f403762dfa4aa14903?s=96&d=mm&r=g\",\"url\":\"https:\\\/\\\/secure.gravatar.com\\\/avatar\\\/e26b7b6234f0e3dfbe287cd2d81eea31d8a9e7d7265142f403762dfa4aa14903?s=96&d=mm&r=g\",\"contentUrl\":\"https:\\\/\\\/secure.gravatar.com\\\/avatar\\\/e26b7b6234f0e3dfbe287cd2d81eea31d8a9e7d7265142f403762dfa4aa14903?s=96&d=mm&r=g\",\"caption\":\"Sini Heinoja\"},\"url\":\"https:\\\/\\\/blogs.uef.fi\\\/humanistit-uudistuvassa-tyoelamassa\\\/author\\\/sinihei\\\/\"}]}<\/script>\n<!-- \/ Yoast SEO plugin. -->","yoast_head_json":{"title":"Haku p\u00e4\u00e4lle 6 \u2013 Humanistien ty\u00f6el\u00e4m\u00e4viikko 20.\u201324.9.2021 - HUMUS \u2013 Humanistit uudistuvassa ty\u00f6el\u00e4m\u00e4ss\u00e4","description":"Miten k\u00e4yt\u00e4t humanistin supervoimiasi tulevaisuudessa? Ty\u00f6el\u00e4m\u00e4viikolla opit mm. kustannusalasta, ohjelmistoalasta, yritt\u00e4jyydest\u00e4 sek\u00e4 oman ty\u00f6n johtamisesta.","robots":{"index":"index","follow":"follow","max-snippet":"max-snippet:-1","max-image-preview":"max-image-preview:large","max-video-preview":"max-video-preview:-1"},"canonical":"https:\/\/blogs.uef.fi\/humanistit-uudistuvassa-tyoelamassa\/2021\/08\/23\/haku-paalle-6\/","og_locale":"fi_FI","og_type":"article","og_title":"Haku p\u00e4\u00e4lle 6 \u2013 Humanistien ty\u00f6el\u00e4m\u00e4viikko 20.\u201324.9.2021 - HUMUS \u2013 Humanistit uudistuvassa ty\u00f6el\u00e4m\u00e4ss\u00e4","og_description":"Miten k\u00e4yt\u00e4t humanistin supervoimiasi tulevaisuudessa? Ty\u00f6el\u00e4m\u00e4viikolla opit mm. kustannusalasta, ohjelmistoalasta, yritt\u00e4jyydest\u00e4 sek\u00e4 oman ty\u00f6n johtamisesta.","og_url":"https:\/\/blogs.uef.fi\/humanistit-uudistuvassa-tyoelamassa\/2021\/08\/23\/haku-paalle-6\/","og_site_name":"HUMUS \u2013 Humanistit uudistuvassa ty\u00f6el\u00e4m\u00e4ss\u00e4","article_published_time":"2021-08-23T13:00:46+00:00","article_modified_time":"2021-12-30T10:24:48+00:00","og_image":[{"url":"https:\/\/blogs.uef.fi\/humanistit-uudistuvassa-tyoelamassa\/wp-content\/uploads\/sites\/113\/2021\/08\/UEF_Humus_FB_Tapahtumakuva-300x169.jpg","type":"","width":"","height":""}],"author":"Sini Heinoja","twitter_card":"summary_large_image","twitter_misc":{"Kirjoittanut":"Sini Heinoja","Arvioitu lukuaika":"5 minuuttia"},"schema":{"@context":"https:\/\/schema.org","@graph":[{"@type":"Article","@id":"https:\/\/blogs.uef.fi\/humanistit-uudistuvassa-tyoelamassa\/2021\/08\/23\/haku-paalle-6\/#article","isPartOf":{"@id":"https:\/\/blogs.uef.fi\/humanistit-uudistuvassa-tyoelamassa\/2021\/08\/23\/haku-paalle-6\/"},"author":{"name":"Sini Heinoja","@id":"https:\/\/blogs.uef.fi\/humanistit-uudistuvassa-tyoelamassa\/#\/schema\/person\/2a8dd39b2285e1f0f8b2a15f542fa9ff"},"headline":"Haku p\u00e4\u00e4lle 6 \u2013 Humanistien ty\u00f6el\u00e4m\u00e4viikko 20.\u201324.9.2021","datePublished":"2021-08-23T13:00:46+00:00","dateModified":"2021-12-30T10:24:48+00:00","mainEntityOfPage":{"@id":"https:\/\/blogs.uef.fi\/humanistit-uudistuvassa-tyoelamassa\/2021\/08\/23\/haku-paalle-6\/"},"wordCount":1024,"commentCount":0,"image":{"@id":"https:\/\/blogs.uef.fi\/humanistit-uudistuvassa-tyoelamassa\/2021\/08\/23\/haku-paalle-6\/#primaryimage"},"thumbnailUrl":"https:\/\/blogs.uef.fi\/humanistit-uudistuvassa-tyoelamassa\/wp-content\/uploads\/sites\/113\/2021\/08\/UEF_Humus_FB_Tapahtumakuva-300x169.jpg","articleSection":["Tapahtumat"],"inLanguage":"fi","potentialAction":[{"@type":"CommentAction","name":"Comment","target":["https:\/\/blogs.uef.fi\/humanistit-uudistuvassa-tyoelamassa\/2021\/08\/23\/haku-paalle-6\/#respond"]}]},{"@type":"WebPage","@id":"https:\/\/blogs.uef.fi\/humanistit-uudistuvassa-tyoelamassa\/2021\/08\/23\/haku-paalle-6\/","url":"https:\/\/blogs.uef.fi\/humanistit-uudistuvassa-tyoelamassa\/2021\/08\/23\/haku-paalle-6\/","name":"Haku p\u00e4\u00e4lle 6 \u2013 Humanistien ty\u00f6el\u00e4m\u00e4viikko 20.\u201324.9.2021 - HUMUS \u2013 Humanistit uudistuvassa ty\u00f6el\u00e4m\u00e4ss\u00e4","isPartOf":{"@id":"https:\/\/blogs.uef.fi\/humanistit-uudistuvassa-tyoelamassa\/#website"},"primaryImageOfPage":{"@id":"https:\/\/blogs.uef.fi\/humanistit-uudistuvassa-tyoelamassa\/2021\/08\/23\/haku-paalle-6\/#primaryimage"},"image":{"@id":"https:\/\/blogs.uef.fi\/humanistit-uudistuvassa-tyoelamassa\/2021\/08\/23\/haku-paalle-6\/#primaryimage"},"thumbnailUrl":"https:\/\/blogs.uef.fi\/humanistit-uudistuvassa-tyoelamassa\/wp-content\/uploads\/sites\/113\/2021\/08\/UEF_Humus_FB_Tapahtumakuva-300x169.jpg","datePublished":"2021-08-23T13:00:46+00:00","dateModified":"2021-12-30T10:24:48+00:00","author":{"@id":"https:\/\/blogs.uef.fi\/humanistit-uudistuvassa-tyoelamassa\/#\/schema\/person\/2a8dd39b2285e1f0f8b2a15f542fa9ff"},"description":"Miten k\u00e4yt\u00e4t humanistin supervoimiasi tulevaisuudessa? Ty\u00f6el\u00e4m\u00e4viikolla opit mm. kustannusalasta, ohjelmistoalasta, yritt\u00e4jyydest\u00e4 sek\u00e4 oman ty\u00f6n johtamisesta.","breadcrumb":{"@id":"https:\/\/blogs.uef.fi\/humanistit-uudistuvassa-tyoelamassa\/2021\/08\/23\/haku-paalle-6\/#breadcrumb"},"inLanguage":"fi","potentialAction":[{"@type":"ReadAction","target":["https:\/\/blogs.uef.fi\/humanistit-uudistuvassa-tyoelamassa\/2021\/08\/23\/haku-paalle-6\/"]}]},{"@type":"ImageObject","inLanguage":"fi","@id":"https:\/\/blogs.uef.fi\/humanistit-uudistuvassa-tyoelamassa\/2021\/08\/23\/haku-paalle-6\/#primaryimage","url":"https:\/\/blogs.uef.fi\/humanistit-uudistuvassa-tyoelamassa\/wp-content\/uploads\/sites\/113\/2021\/08\/UEF_Humus_FB_Tapahtumakuva.jpg","contentUrl":"https:\/\/blogs.uef.fi\/humanistit-uudistuvassa-tyoelamassa\/wp-content\/uploads\/sites\/113\/2021\/08\/UEF_Humus_FB_Tapahtumakuva.jpg","width":1920,"height":1080,"caption":"Opiskelevia henkil\u00f6it\u00e4, logoja"},{"@type":"BreadcrumbList","@id":"https:\/\/blogs.uef.fi\/humanistit-uudistuvassa-tyoelamassa\/2021\/08\/23\/haku-paalle-6\/#breadcrumb","itemListElement":[{"@type":"ListItem","position":1,"name":"Home","item":"https:\/\/blogs.uef.fi\/humanistit-uudistuvassa-tyoelamassa\/"},{"@type":"ListItem","position":2,"name":"Haku p\u00e4\u00e4lle 6 \u2013 Humanistien ty\u00f6el\u00e4m\u00e4viikko 20.\u201324.9.2021"}]},{"@type":"WebSite","@id":"https:\/\/blogs.uef.fi\/humanistit-uudistuvassa-tyoelamassa\/#website","url":"https:\/\/blogs.uef.fi\/humanistit-uudistuvassa-tyoelamassa\/","name":"HUMUS \u2013 Humanistit uudistuvassa ty\u00f6el\u00e4m\u00e4ss\u00e4","description":"","potentialAction":[{"@type":"SearchAction","target":{"@type":"EntryPoint","urlTemplate":"https:\/\/blogs.uef.fi\/humanistit-uudistuvassa-tyoelamassa\/?s={search_term_string}"},"query-input":{"@type":"PropertyValueSpecification","valueRequired":true,"valueName":"search_term_string"}}],"inLanguage":"fi"},{"@type":"Person","@id":"https:\/\/blogs.uef.fi\/humanistit-uudistuvassa-tyoelamassa\/#\/schema\/person\/2a8dd39b2285e1f0f8b2a15f542fa9ff","name":"Sini Heinoja","image":{"@type":"ImageObject","inLanguage":"fi","@id":"https:\/\/secure.gravatar.com\/avatar\/e26b7b6234f0e3dfbe287cd2d81eea31d8a9e7d7265142f403762dfa4aa14903?s=96&d=mm&r=g","url":"https:\/\/secure.gravatar.com\/avatar\/e26b7b6234f0e3dfbe287cd2d81eea31d8a9e7d7265142f403762dfa4aa14903?s=96&d=mm&r=g","contentUrl":"https:\/\/secure.gravatar.com\/avatar\/e26b7b6234f0e3dfbe287cd2d81eea31d8a9e7d7265142f403762dfa4aa14903?s=96&d=mm&r=g","caption":"Sini Heinoja"},"url":"https:\/\/blogs.uef.fi\/humanistit-uudistuvassa-tyoelamassa\/author\/sinihei\/"}]}},"_links":{"self":[{"href":"https:\/\/blogs.uef.fi\/humanistit-uudistuvassa-tyoelamassa\/wp-json\/wp\/v2\/posts\/1479","targetHints":{"allow":["GET"]}}],"collection":[{"href":"https:\/\/blogs.uef.fi\/humanistit-uudistuvassa-tyoelamassa\/wp-json\/wp\/v2\/posts"}],"about":[{"href":"https:\/\/blogs.uef.fi\/humanistit-uudistuvassa-tyoelamassa\/wp-json\/wp\/v2\/types\/post"}],"author":[{"embeddable":true,"href":"https:\/\/blogs.uef.fi\/humanistit-uudistuvassa-tyoelamassa\/wp-json\/wp\/v2\/users\/285"}],"replies":[{"embeddable":true,"href":"https:\/\/blogs.uef.fi\/humanistit-uudistuvassa-tyoelamassa\/wp-json\/wp\/v2\/comments?post=1479"}],"version-history":[{"count":4,"href":"https:\/\/blogs.uef.fi\/humanistit-uudistuvassa-tyoelamassa\/wp-json\/wp\/v2\/posts\/1479\/revisions"}],"predecessor-version":[{"id":1743,"href":"https:\/\/blogs.uef.fi\/humanistit-uudistuvassa-tyoelamassa\/wp-json\/wp\/v2\/posts\/1479\/revisions\/1743"}],"wp:attachment":[{"href":"https:\/\/blogs.uef.fi\/humanistit-uudistuvassa-tyoelamassa\/wp-json\/wp\/v2\/media?parent=1479"}],"wp:term":[{"taxonomy":"category","embeddable":true,"href":"https:\/\/blogs.uef.fi\/humanistit-uudistuvassa-tyoelamassa\/wp-json\/wp\/v2\/categories?post=1479"},{"taxonomy":"post_tag","embeddable":true,"href":"https:\/\/blogs.uef.fi\/humanistit-uudistuvassa-tyoelamassa\/wp-json\/wp\/v2\/tags?post=1479"}],"curies":[{"name":"wp","href":"https:\/\/api.w.org\/{rel}","templated":true}]}}