{"id":1265,"date":"2021-05-31T05:08:43","date_gmt":"2021-05-31T05:08:43","guid":{"rendered":"https:\/\/blogs.uef.fi\/humanistit-uudistuvassa-tyoelamassa\/?p=1265"},"modified":"2023-04-05T10:09:57","modified_gmt":"2023-04-05T10:09:57","slug":"mentoriohjelma2021","status":"publish","type":"post","link":"https:\/\/blogs.uef.fi\/humanistit-uudistuvassa-tyoelamassa\/2021\/05\/31\/mentoriohjelma2021\/","title":{"rendered":"Mentorointiohjelma humanisteille 2021\u20132022"},"content":{"rendered":"<p>Julkaistu 31.5.2021, p\u00e4ivitetty 26.8.2021<\/p>\n<p>Syksyll\u00e4 2021 alkavassa mentorointiohjelmassa It\u00e4-Suomen yliopiston humanististen alojen opiskelijat ja niilt\u00e4 valmistuneet p\u00e4\u00e4sev\u00e4t kirkastamaan uratavoitteitaan ja oppimaan uutta ty\u00f6el\u00e4m\u00e4st\u00e4 jo ty\u00f6kokemusta kerrytt\u00e4neiden asiantuntijoiden kanssa.<\/p>\n<p>Jos kaipaat tukea uratavoitteidesi selkeytt\u00e4miseen, voit ilmoittautua ohjelmaan <a href=\"https:\/\/link.webropol.com\/s\/aktoriksi-2021\">lomakkeella<\/a> <strong>14.9.2021 menness\u00e4<\/strong>. Tutustuthan t\u00e4h\u00e4n tietopakettiin ennen ilmoittautumista.<\/p>\n<h3><strong>Kenelle ohjelma on suunnattu?<\/strong><\/h3>\n<p>Mentorointiohjelma on suunnattu It\u00e4-Suomen yliopistossa opiskeleville, It\u00e4-Suomen yliopistosta valmistuneille ja It\u00e4-Suomesta ty\u00f6t\u00e4 etsiville humanisteille, jotka tarvitsevat tukea opintojen j\u00e4lkeisten uratavoitteiden ja niiden saavuttamiseen liittyvien valintojen selkeytt\u00e4miseen. Ohjelma sopii my\u00f6s niille, jotka etsiv\u00e4t uutta suuntaa uralleen.<\/p>\n<h4><strong>Ohjelmaan voivat lukuvuonna 2021\u20132022 ilmoittautua: <\/strong><\/h4>\n<ul>\n<li>humanististen p\u00e4\u00e4aineiden maisteriopiskelijat tai maisteriopintonsa t\u00e4n\u00e4 lukuvuonna aloittavat<\/li>\n<li>humanististen alojen jatko-opiskelijat<\/li>\n<li>humanistiselta alalta valmistuneet filosofian maisterit ja tohtorit.<\/li>\n<\/ul>\n<p>Humanistisia aloja t\u00e4ss\u00e4 yhteydess\u00e4 ovat kielet, suomen kieli ja kirjallisuus, kulttuurintutkimuksen suuntautumisalat sek\u00e4 historia.<\/p>\n<h3><strong>Mit\u00e4 on mentorointi? <\/strong><\/h3>\n<p>Mentorointi tarkoittaa vapaaehtoisuuteen perustuvaa kokemusten jakamista, tietojen vaihtoa, tukemista ja kannustamista kokeneen ty\u00f6el\u00e4m\u00e4ss\u00e4 toimivan henkil\u00f6n (mentori) ja ty\u00f6el\u00e4m\u00e4\u00e4n hakeutumassa olevan henkil\u00f6n v\u00e4lill\u00e4 (mentoroitava\/aktori). Kyse on luottamuksellisesta vastavuoroisuuteen perustuvasta suhteesta, jossa molemmat osapuolet oppivat toisiltaan yhteisten keskustelujen kautta. Parhaimmillaan mentorointisuhde on molemminpuolinen oppimiskokemus, joka vahvistaa oman osaamisen ja asiantuntijuuden arvostusta.<\/p>\n<p>Mentoroitavalle pyrit\u00e4\u00e4n etsim\u00e4\u00e4n sopiva mentori h\u00e4nen toiveidensa ja tavoitteidensa perusteella. Mentorit edustavat ty\u00f6el\u00e4m\u00e4n kentt\u00e4\u00e4 monipuolisesti.<\/p>\n<h3><strong>Mentoroitavalle ohjelma antaa mahdollisuuden:<\/strong><\/h3>\n<ul>\n<li>harjoitella oman osaamisen ja vahvuuksien sanallistamista<\/li>\n<li>tunnistaa kieli- ja kulttuuriosaamisen soveltamismahdollisuuksia<\/li>\n<li>tunnistaa ja selkeytt\u00e4\u00e4 omia uratavoitteita<\/li>\n<li>tutustua ty\u00f6el\u00e4m\u00e4n edustajiin, toimintatapoihin ja osaajatarpeisiin It\u00e4-Suomen alueella<\/li>\n<li>kehitt\u00e4\u00e4 verkostoitumistaitoja<\/li>\n<li>kerrytt\u00e4\u00e4 opintopisteit\u00e4 FM- tai FT-tutkintoon<\/li>\n<li>kerrytt\u00e4\u00e4 sis\u00e4lt\u00f6\u00e4 portfolioon (erityisesti humanistisen osaston maisteritutkintoon kuuluva<span class=\"text-318\" lang=\"fi\"> Asiantuntijaksi kasvamisen portfolio, 2110042)<\/span>.<\/li>\n<\/ul>\n<h3><strong>Ilmoittautuminen ja ohjelman aloittamisen edellytykset<\/strong><\/h3>\n<p>Voit ilmoittautua ohjelmaan <a href=\"https:\/\/link.webropol.com\/s\/aktoriksi-2021\">lomakkeella<\/a> 14.9.2021 menness\u00e4. Lomakkeella kysyt\u00e4\u00e4n tietoja mm. opintojesi tai ty\u00f6urasi nykytilanteesta ja tavoitteista sek\u00e4 mentoriin liittyvist\u00e4 toiveistasi.<\/p>\n<p>Ohjelman aloittamisen edellytyksen\u00e4 on, ett\u00e4<\/p>\n<ul>\n<li>kuulut ohjelman kohderyhm\u00e4\u00e4n<\/li>\n<li>osoitat haastattelussa sitoutuneisuutesi ja motivaatiosi ohjelmaan<\/li>\n<li>sinulle l\u00f6ydet\u00e4\u00e4n sopiva mentori.<\/li>\n<\/ul>\n<p>Ohjelmaan otetaan ilmoittautumisj\u00e4rjestyksess\u00e4 enint\u00e4\u00e4n 20 edellytykset t\u00e4ytt\u00e4v\u00e4\u00e4 mentoroitavaa, mik\u00e4li kaikille l\u00f6ytyy sopiva mentori.<\/p>\n<p>Ohjelman koordinaattori kutsuu ilmoittautuneet lyhyeen haastatteluun (10\u201320 min.). Haastattelussa arvioidaan ilmoittautuneen sitoutuneisuus ja motivaatio osallistua mentoriohjelmaan sek\u00e4 mentorointiin liittyvi\u00e4 tavoitteita ja toiveita. Haastattelun perusteella ohjelman koordinaattori kartoittaa mentoroitavalle sopivia mentoriehdokkaita. Tuloksista kerrotaan 17.9.2021 menness\u00e4.<\/p>\n<h3><strong>Valmistaudu vastamaan haastattelussa seuraaviin kysymyksiin: <\/strong><\/h3>\n<ul>\n<li>Miksi tarvitset mentoria?<\/li>\n<li>Mit\u00e4 ty\u00f6el\u00e4m\u00e4taitoja toivot kehitt\u00e4v\u00e4si mentoroinnin aikana?<\/li>\n<li>Mit\u00e4 odotuksia sinulla on mentorointiohjelmasta?<\/li>\n<li>Mink\u00e4 alan yritysten toimintaan haluaisit It\u00e4-Suomessa tutustua?<\/li>\n<\/ul>\n<h3><strong>Mentorointiohjelman aikataulu mentoroitaville<\/strong><\/h3>\n<p><strong>31.5.\u201314.9.2021:<\/strong> Mentoroitavien ilmoittautuminen mentorointiohjelmaan osoitteessa <a href=\"https:\/\/link.webropol.com\/s\/aktoriksi-2021\">https:\/\/link.webropol.com\/s\/aktoriksi-2021<\/a><\/p>\n<p><strong>10.6. ja 23.8.2021 klo 15.15\u201315.45:<\/strong> Avoimet infotilaisuudet mentorointiohjelmasta kiinnostuneille. Ilmoittaudu\u00a0<a href=\"https:\/\/link.webropol.com\/ep\/mentorointi-info-kesakuu21\"><span data-ccp-charstyle=\"Hyperlink\">kes\u00e4kuun infoon<\/span><\/a> <span data-ccp-charstyle=\"normaltextrun\">tai\u00a0<\/span><a href=\"https:\/\/link.webropol.com\/ep\/mentorointi-info-elokuu21\"><span data-ccp-charstyle=\"Hyperlink\">elokuun infoon<\/span><\/a><span data-ccp-charstyle=\"normaltextrun\">.<\/span><span data-ccp-props=\"{&quot;134233117&quot;:true,&quot;134233118&quot;:true,&quot;134233279&quot;:true,&quot;201341983&quot;:0,&quot;335559739&quot;:160,&quot;335559740&quot;:240}\">\u00a0<\/span><\/p>\n<p><strong>17.9.2021<\/strong>: Ilmoittautuneet saavat viimeist\u00e4\u00e4n tiedon ohjelmaan mukaan p\u00e4\u00e4syst\u00e4. Ilmoittautuneet haastatellaan t\u00e4t\u00e4 ennen.<\/p>\n<p><strong>20.9.2021 klo 15.15\u201316.00<\/strong>: Mentorointiohjelman orientaatio mentoroitaville.<\/p>\n<p><strong>1.10.2021\u201314.2.2022<\/strong>: Mentoritapaamiset.<\/p>\n<ul>\n<li><strong>Yhteinen aloitustapaaminen mentoripareille 1.10.2021 klo 9.15\u201314.45<\/strong>. Et\u00e4n\u00e4 Teamsissa.<\/li>\n<li>Mentoriparien omat tapaamiset. Parit sopivat tapaamistensa aikataulun ja tavan aloitustapaamisessa. Voitte toteuttaa ne esimerkiksi vierailuina ty\u00f6paikallasi, lounas- tai kahvihetkin\u00e4, k\u00e4velykokouksina tai videopuheluina.<\/li>\n<li>V\u00e4litapaaminen mentoroitaville <strong>5.11.2021<\/strong>.<\/li>\n<li><strong>Yhteinen p\u00e4\u00e4t\u00f6stapaaminen mentoripareille 14.2.2022 klo 9.15\u201312.15<\/strong>. <span data-contrast=\"none\">P\u00c4IVITETTY: P\u00e4\u00e4t\u00f6stapaaminen j\u00e4rjeste\u00e4\u00e4n et\u00e4n\u00e4 (Teams)<\/span>.<\/li>\n<\/ul>\n<h3><strong>Lis\u00e4tiedot ja yhteydenotot<\/strong><\/h3>\n<p>Kysymyksiisi vastaa ohjelman koordinaattori, projektip\u00e4\u00e4llikk\u00f6 Anna Logr\u00e9n, +358\u00a050 431 7670, <a href=\"mailto:anna.logren@uef.fi\">anna.logren@uef.fi<\/a>.<\/p>\n<p>&nbsp;<\/p>\n","protected":false},"excerpt":{"rendered":"<p>Julkaistu 31.5.2021, p\u00e4ivitetty 26.8.2021 Syksyll\u00e4 2021 alkavassa mentorointiohjelmassa It\u00e4-Suomen yliopiston humanististen alojen opiskelijat ja niilt\u00e4 valmistuneet p\u00e4\u00e4sev\u00e4t kirkastamaan uratavoitteitaan ja oppimaan uutta ty\u00f6el\u00e4m\u00e4st\u00e4 jo ty\u00f6kokemusta kerrytt\u00e4neiden asiantuntijoiden kanssa. Jos kaipaat tukea uratavoitteidesi selkeytt\u00e4miseen, voit ilmoittautua ohjelmaan lomakkeella 14.9.2021 menness\u00e4. Tutustuthan t\u00e4h\u00e4n tietopakettiin ennen ilmoittautumista. Kenelle ohjelma on suunnattu? Mentorointiohjelma on suunnattu It\u00e4-Suomen yliopistossa opiskeleville, It\u00e4-Suomen [&hellip;]<\/p>\n","protected":false},"author":287,"featured_media":0,"comment_status":"open","ping_status":"open","sticky":false,"template":"","format":"standard","meta":{"_acf_changed":false,"footnotes":""},"categories":[20],"tags":[],"class_list":["post-1265","post","type-post","status-publish","format-standard","hentry","category-mentorointi"],"acf":[],"yoast_head":"<!-- This site is optimized with the Yoast SEO plugin v27.3 - https:\/\/yoast.com\/product\/yoast-seo-wordpress\/ -->\n<title>Mentorointiohjelma humanisteille 2021\u20132022 - HUMUS \u2013 Humanistit uudistuvassa ty\u00f6el\u00e4m\u00e4ss\u00e4<\/title>\n<meta name=\"robots\" content=\"index, follow, max-snippet:-1, max-image-preview:large, max-video-preview:-1\" \/>\n<link rel=\"canonical\" href=\"https:\/\/blogs.uef.fi\/humanistit-uudistuvassa-tyoelamassa\/2021\/05\/31\/mentoriohjelma2021\/\" \/>\n<meta property=\"og:locale\" content=\"fi_FI\" \/>\n<meta property=\"og:type\" content=\"article\" \/>\n<meta property=\"og:title\" content=\"Mentorointiohjelma humanisteille 2021\u20132022 - HUMUS \u2013 Humanistit uudistuvassa ty\u00f6el\u00e4m\u00e4ss\u00e4\" \/>\n<meta property=\"og:description\" content=\"Julkaistu 31.5.2021, p\u00e4ivitetty 26.8.2021 Syksyll\u00e4 2021 alkavassa mentorointiohjelmassa It\u00e4-Suomen yliopiston humanististen alojen opiskelijat ja niilt\u00e4 valmistuneet p\u00e4\u00e4sev\u00e4t kirkastamaan uratavoitteitaan ja oppimaan uutta ty\u00f6el\u00e4m\u00e4st\u00e4 jo ty\u00f6kokemusta kerrytt\u00e4neiden asiantuntijoiden kanssa. Jos kaipaat tukea uratavoitteidesi selkeytt\u00e4miseen, voit ilmoittautua ohjelmaan lomakkeella 14.9.2021 menness\u00e4. Tutustuthan t\u00e4h\u00e4n tietopakettiin ennen ilmoittautumista. Kenelle ohjelma on suunnattu? Mentorointiohjelma on suunnattu It\u00e4-Suomen yliopistossa opiskeleville, It\u00e4-Suomen [&hellip;]\" \/>\n<meta property=\"og:url\" content=\"https:\/\/blogs.uef.fi\/humanistit-uudistuvassa-tyoelamassa\/2021\/05\/31\/mentoriohjelma2021\/\" \/>\n<meta property=\"og:site_name\" content=\"HUMUS \u2013 Humanistit uudistuvassa ty\u00f6el\u00e4m\u00e4ss\u00e4\" \/>\n<meta property=\"article:published_time\" content=\"2021-05-31T05:08:43+00:00\" \/>\n<meta property=\"article:modified_time\" content=\"2023-04-05T10:09:57+00:00\" \/>\n<meta name=\"author\" content=\"Anna Logr\u00e9n\" \/>\n<meta name=\"twitter:card\" content=\"summary_large_image\" \/>\n<meta name=\"twitter:label1\" content=\"Kirjoittanut\" \/>\n\t<meta name=\"twitter:data1\" content=\"Anna Logr\u00e9n\" \/>\n\t<meta name=\"twitter:label2\" content=\"Arvioitu lukuaika\" \/>\n\t<meta name=\"twitter:data2\" content=\"3 minuuttia\" \/>\n<script type=\"application\/ld+json\" class=\"yoast-schema-graph\">{\"@context\":\"https:\\\/\\\/schema.org\",\"@graph\":[{\"@type\":\"Article\",\"@id\":\"https:\\\/\\\/blogs.uef.fi\\\/humanistit-uudistuvassa-tyoelamassa\\\/2021\\\/05\\\/31\\\/mentoriohjelma2021\\\/#article\",\"isPartOf\":{\"@id\":\"https:\\\/\\\/blogs.uef.fi\\\/humanistit-uudistuvassa-tyoelamassa\\\/2021\\\/05\\\/31\\\/mentoriohjelma2021\\\/\"},\"author\":{\"name\":\"Anna Logr\u00e9n\",\"@id\":\"https:\\\/\\\/blogs.uef.fi\\\/humanistit-uudistuvassa-tyoelamassa\\\/#\\\/schema\\\/person\\\/92e7a74b552e93ac6d3e4c9b874948e4\"},\"headline\":\"Mentorointiohjelma humanisteille 2021\u20132022\",\"datePublished\":\"2021-05-31T05:08:43+00:00\",\"dateModified\":\"2023-04-05T10:09:57+00:00\",\"mainEntityOfPage\":{\"@id\":\"https:\\\/\\\/blogs.uef.fi\\\/humanistit-uudistuvassa-tyoelamassa\\\/2021\\\/05\\\/31\\\/mentoriohjelma2021\\\/\"},\"wordCount\":517,\"commentCount\":0,\"articleSection\":[\"Mentorointi\"],\"inLanguage\":\"fi\",\"potentialAction\":[{\"@type\":\"CommentAction\",\"name\":\"Comment\",\"target\":[\"https:\\\/\\\/blogs.uef.fi\\\/humanistit-uudistuvassa-tyoelamassa\\\/2021\\\/05\\\/31\\\/mentoriohjelma2021\\\/#respond\"]}]},{\"@type\":\"WebPage\",\"@id\":\"https:\\\/\\\/blogs.uef.fi\\\/humanistit-uudistuvassa-tyoelamassa\\\/2021\\\/05\\\/31\\\/mentoriohjelma2021\\\/\",\"url\":\"https:\\\/\\\/blogs.uef.fi\\\/humanistit-uudistuvassa-tyoelamassa\\\/2021\\\/05\\\/31\\\/mentoriohjelma2021\\\/\",\"name\":\"Mentorointiohjelma humanisteille 2021\u20132022 - HUMUS \u2013 Humanistit uudistuvassa ty\u00f6el\u00e4m\u00e4ss\u00e4\",\"isPartOf\":{\"@id\":\"https:\\\/\\\/blogs.uef.fi\\\/humanistit-uudistuvassa-tyoelamassa\\\/#website\"},\"datePublished\":\"2021-05-31T05:08:43+00:00\",\"dateModified\":\"2023-04-05T10:09:57+00:00\",\"author\":{\"@id\":\"https:\\\/\\\/blogs.uef.fi\\\/humanistit-uudistuvassa-tyoelamassa\\\/#\\\/schema\\\/person\\\/92e7a74b552e93ac6d3e4c9b874948e4\"},\"breadcrumb\":{\"@id\":\"https:\\\/\\\/blogs.uef.fi\\\/humanistit-uudistuvassa-tyoelamassa\\\/2021\\\/05\\\/31\\\/mentoriohjelma2021\\\/#breadcrumb\"},\"inLanguage\":\"fi\",\"potentialAction\":[{\"@type\":\"ReadAction\",\"target\":[\"https:\\\/\\\/blogs.uef.fi\\\/humanistit-uudistuvassa-tyoelamassa\\\/2021\\\/05\\\/31\\\/mentoriohjelma2021\\\/\"]}]},{\"@type\":\"BreadcrumbList\",\"@id\":\"https:\\\/\\\/blogs.uef.fi\\\/humanistit-uudistuvassa-tyoelamassa\\\/2021\\\/05\\\/31\\\/mentoriohjelma2021\\\/#breadcrumb\",\"itemListElement\":[{\"@type\":\"ListItem\",\"position\":1,\"name\":\"Home\",\"item\":\"https:\\\/\\\/blogs.uef.fi\\\/humanistit-uudistuvassa-tyoelamassa\\\/\"},{\"@type\":\"ListItem\",\"position\":2,\"name\":\"Mentorointiohjelma humanisteille 2021\u20132022\"}]},{\"@type\":\"WebSite\",\"@id\":\"https:\\\/\\\/blogs.uef.fi\\\/humanistit-uudistuvassa-tyoelamassa\\\/#website\",\"url\":\"https:\\\/\\\/blogs.uef.fi\\\/humanistit-uudistuvassa-tyoelamassa\\\/\",\"name\":\"HUMUS \u2013 Humanistit uudistuvassa ty\u00f6el\u00e4m\u00e4ss\u00e4\",\"description\":\"\",\"potentialAction\":[{\"@type\":\"SearchAction\",\"target\":{\"@type\":\"EntryPoint\",\"urlTemplate\":\"https:\\\/\\\/blogs.uef.fi\\\/humanistit-uudistuvassa-tyoelamassa\\\/?s={search_term_string}\"},\"query-input\":{\"@type\":\"PropertyValueSpecification\",\"valueRequired\":true,\"valueName\":\"search_term_string\"}}],\"inLanguage\":\"fi\"},{\"@type\":\"Person\",\"@id\":\"https:\\\/\\\/blogs.uef.fi\\\/humanistit-uudistuvassa-tyoelamassa\\\/#\\\/schema\\\/person\\\/92e7a74b552e93ac6d3e4c9b874948e4\",\"name\":\"Anna Logr\u00e9n\",\"image\":{\"@type\":\"ImageObject\",\"inLanguage\":\"fi\",\"@id\":\"https:\\\/\\\/secure.gravatar.com\\\/avatar\\\/acb9007c3bcafd3b3019ae5c04096fbefae119f2f844ad89ae41be8319c9ffd2?s=96&d=mm&r=g\",\"url\":\"https:\\\/\\\/secure.gravatar.com\\\/avatar\\\/acb9007c3bcafd3b3019ae5c04096fbefae119f2f844ad89ae41be8319c9ffd2?s=96&d=mm&r=g\",\"contentUrl\":\"https:\\\/\\\/secure.gravatar.com\\\/avatar\\\/acb9007c3bcafd3b3019ae5c04096fbefae119f2f844ad89ae41be8319c9ffd2?s=96&d=mm&r=g\",\"caption\":\"Anna Logr\u00e9n\"},\"url\":\"https:\\\/\\\/blogs.uef.fi\\\/humanistit-uudistuvassa-tyoelamassa\\\/author\\\/alogren\\\/\"}]}<\/script>\n<!-- \/ Yoast SEO plugin. -->","yoast_head_json":{"title":"Mentorointiohjelma humanisteille 2021\u20132022 - HUMUS \u2013 Humanistit uudistuvassa ty\u00f6el\u00e4m\u00e4ss\u00e4","robots":{"index":"index","follow":"follow","max-snippet":"max-snippet:-1","max-image-preview":"max-image-preview:large","max-video-preview":"max-video-preview:-1"},"canonical":"https:\/\/blogs.uef.fi\/humanistit-uudistuvassa-tyoelamassa\/2021\/05\/31\/mentoriohjelma2021\/","og_locale":"fi_FI","og_type":"article","og_title":"Mentorointiohjelma humanisteille 2021\u20132022 - HUMUS \u2013 Humanistit uudistuvassa ty\u00f6el\u00e4m\u00e4ss\u00e4","og_description":"Julkaistu 31.5.2021, p\u00e4ivitetty 26.8.2021 Syksyll\u00e4 2021 alkavassa mentorointiohjelmassa It\u00e4-Suomen yliopiston humanististen alojen opiskelijat ja niilt\u00e4 valmistuneet p\u00e4\u00e4sev\u00e4t kirkastamaan uratavoitteitaan ja oppimaan uutta ty\u00f6el\u00e4m\u00e4st\u00e4 jo ty\u00f6kokemusta kerrytt\u00e4neiden asiantuntijoiden kanssa. Jos kaipaat tukea uratavoitteidesi selkeytt\u00e4miseen, voit ilmoittautua ohjelmaan lomakkeella 14.9.2021 menness\u00e4. Tutustuthan t\u00e4h\u00e4n tietopakettiin ennen ilmoittautumista. Kenelle ohjelma on suunnattu? Mentorointiohjelma on suunnattu It\u00e4-Suomen yliopistossa opiskeleville, It\u00e4-Suomen [&hellip;]","og_url":"https:\/\/blogs.uef.fi\/humanistit-uudistuvassa-tyoelamassa\/2021\/05\/31\/mentoriohjelma2021\/","og_site_name":"HUMUS \u2013 Humanistit uudistuvassa ty\u00f6el\u00e4m\u00e4ss\u00e4","article_published_time":"2021-05-31T05:08:43+00:00","article_modified_time":"2023-04-05T10:09:57+00:00","author":"Anna Logr\u00e9n","twitter_card":"summary_large_image","twitter_misc":{"Kirjoittanut":"Anna Logr\u00e9n","Arvioitu lukuaika":"3 minuuttia"},"schema":{"@context":"https:\/\/schema.org","@graph":[{"@type":"Article","@id":"https:\/\/blogs.uef.fi\/humanistit-uudistuvassa-tyoelamassa\/2021\/05\/31\/mentoriohjelma2021\/#article","isPartOf":{"@id":"https:\/\/blogs.uef.fi\/humanistit-uudistuvassa-tyoelamassa\/2021\/05\/31\/mentoriohjelma2021\/"},"author":{"name":"Anna Logr\u00e9n","@id":"https:\/\/blogs.uef.fi\/humanistit-uudistuvassa-tyoelamassa\/#\/schema\/person\/92e7a74b552e93ac6d3e4c9b874948e4"},"headline":"Mentorointiohjelma humanisteille 2021\u20132022","datePublished":"2021-05-31T05:08:43+00:00","dateModified":"2023-04-05T10:09:57+00:00","mainEntityOfPage":{"@id":"https:\/\/blogs.uef.fi\/humanistit-uudistuvassa-tyoelamassa\/2021\/05\/31\/mentoriohjelma2021\/"},"wordCount":517,"commentCount":0,"articleSection":["Mentorointi"],"inLanguage":"fi","potentialAction":[{"@type":"CommentAction","name":"Comment","target":["https:\/\/blogs.uef.fi\/humanistit-uudistuvassa-tyoelamassa\/2021\/05\/31\/mentoriohjelma2021\/#respond"]}]},{"@type":"WebPage","@id":"https:\/\/blogs.uef.fi\/humanistit-uudistuvassa-tyoelamassa\/2021\/05\/31\/mentoriohjelma2021\/","url":"https:\/\/blogs.uef.fi\/humanistit-uudistuvassa-tyoelamassa\/2021\/05\/31\/mentoriohjelma2021\/","name":"Mentorointiohjelma humanisteille 2021\u20132022 - HUMUS \u2013 Humanistit uudistuvassa ty\u00f6el\u00e4m\u00e4ss\u00e4","isPartOf":{"@id":"https:\/\/blogs.uef.fi\/humanistit-uudistuvassa-tyoelamassa\/#website"},"datePublished":"2021-05-31T05:08:43+00:00","dateModified":"2023-04-05T10:09:57+00:00","author":{"@id":"https:\/\/blogs.uef.fi\/humanistit-uudistuvassa-tyoelamassa\/#\/schema\/person\/92e7a74b552e93ac6d3e4c9b874948e4"},"breadcrumb":{"@id":"https:\/\/blogs.uef.fi\/humanistit-uudistuvassa-tyoelamassa\/2021\/05\/31\/mentoriohjelma2021\/#breadcrumb"},"inLanguage":"fi","potentialAction":[{"@type":"ReadAction","target":["https:\/\/blogs.uef.fi\/humanistit-uudistuvassa-tyoelamassa\/2021\/05\/31\/mentoriohjelma2021\/"]}]},{"@type":"BreadcrumbList","@id":"https:\/\/blogs.uef.fi\/humanistit-uudistuvassa-tyoelamassa\/2021\/05\/31\/mentoriohjelma2021\/#breadcrumb","itemListElement":[{"@type":"ListItem","position":1,"name":"Home","item":"https:\/\/blogs.uef.fi\/humanistit-uudistuvassa-tyoelamassa\/"},{"@type":"ListItem","position":2,"name":"Mentorointiohjelma humanisteille 2021\u20132022"}]},{"@type":"WebSite","@id":"https:\/\/blogs.uef.fi\/humanistit-uudistuvassa-tyoelamassa\/#website","url":"https:\/\/blogs.uef.fi\/humanistit-uudistuvassa-tyoelamassa\/","name":"HUMUS \u2013 Humanistit uudistuvassa ty\u00f6el\u00e4m\u00e4ss\u00e4","description":"","potentialAction":[{"@type":"SearchAction","target":{"@type":"EntryPoint","urlTemplate":"https:\/\/blogs.uef.fi\/humanistit-uudistuvassa-tyoelamassa\/?s={search_term_string}"},"query-input":{"@type":"PropertyValueSpecification","valueRequired":true,"valueName":"search_term_string"}}],"inLanguage":"fi"},{"@type":"Person","@id":"https:\/\/blogs.uef.fi\/humanistit-uudistuvassa-tyoelamassa\/#\/schema\/person\/92e7a74b552e93ac6d3e4c9b874948e4","name":"Anna Logr\u00e9n","image":{"@type":"ImageObject","inLanguage":"fi","@id":"https:\/\/secure.gravatar.com\/avatar\/acb9007c3bcafd3b3019ae5c04096fbefae119f2f844ad89ae41be8319c9ffd2?s=96&d=mm&r=g","url":"https:\/\/secure.gravatar.com\/avatar\/acb9007c3bcafd3b3019ae5c04096fbefae119f2f844ad89ae41be8319c9ffd2?s=96&d=mm&r=g","contentUrl":"https:\/\/secure.gravatar.com\/avatar\/acb9007c3bcafd3b3019ae5c04096fbefae119f2f844ad89ae41be8319c9ffd2?s=96&d=mm&r=g","caption":"Anna Logr\u00e9n"},"url":"https:\/\/blogs.uef.fi\/humanistit-uudistuvassa-tyoelamassa\/author\/alogren\/"}]}},"_links":{"self":[{"href":"https:\/\/blogs.uef.fi\/humanistit-uudistuvassa-tyoelamassa\/wp-json\/wp\/v2\/posts\/1265","targetHints":{"allow":["GET"]}}],"collection":[{"href":"https:\/\/blogs.uef.fi\/humanistit-uudistuvassa-tyoelamassa\/wp-json\/wp\/v2\/posts"}],"about":[{"href":"https:\/\/blogs.uef.fi\/humanistit-uudistuvassa-tyoelamassa\/wp-json\/wp\/v2\/types\/post"}],"author":[{"embeddable":true,"href":"https:\/\/blogs.uef.fi\/humanistit-uudistuvassa-tyoelamassa\/wp-json\/wp\/v2\/users\/287"}],"replies":[{"embeddable":true,"href":"https:\/\/blogs.uef.fi\/humanistit-uudistuvassa-tyoelamassa\/wp-json\/wp\/v2\/comments?post=1265"}],"version-history":[{"count":4,"href":"https:\/\/blogs.uef.fi\/humanistit-uudistuvassa-tyoelamassa\/wp-json\/wp\/v2\/posts\/1265\/revisions"}],"predecessor-version":[{"id":1840,"href":"https:\/\/blogs.uef.fi\/humanistit-uudistuvassa-tyoelamassa\/wp-json\/wp\/v2\/posts\/1265\/revisions\/1840"}],"wp:attachment":[{"href":"https:\/\/blogs.uef.fi\/humanistit-uudistuvassa-tyoelamassa\/wp-json\/wp\/v2\/media?parent=1265"}],"wp:term":[{"taxonomy":"category","embeddable":true,"href":"https:\/\/blogs.uef.fi\/humanistit-uudistuvassa-tyoelamassa\/wp-json\/wp\/v2\/categories?post=1265"},{"taxonomy":"post_tag","embeddable":true,"href":"https:\/\/blogs.uef.fi\/humanistit-uudistuvassa-tyoelamassa\/wp-json\/wp\/v2\/tags?post=1265"}],"curies":[{"name":"wp","href":"https:\/\/api.w.org\/{rel}","templated":true}]}}