{"id":1101,"date":"2021-03-25T14:36:21","date_gmt":"2021-03-25T14:36:21","guid":{"rendered":"https:\/\/blogs.uef.fi\/humanistit-uudistuvassa-tyoelamassa\/?p=1101"},"modified":"2021-12-30T10:26:12","modified_gmt":"2021-12-30T10:26:12","slug":"haku-paalle-5-humanistien-tyoelamaviikko-verkossa-19-23-4-2021","status":"publish","type":"post","link":"https:\/\/blogs.uef.fi\/humanistit-uudistuvassa-tyoelamassa\/2021\/03\/25\/haku-paalle-5-humanistien-tyoelamaviikko-verkossa-19-23-4-2021\/","title":{"rendered":"Haku p\u00e4\u00e4lle 5 \u2013 Humanistien ty\u00f6el\u00e4m\u00e4viikko verkossa 19.\u201323.4.2021"},"content":{"rendered":"<p>Haku p\u00e4\u00e4lle -viikko tulee j\u00e4lleen! Ohjelmassa on ty\u00f6el\u00e4m\u00e4aiheisia verkkotilaisuuksia: alumnien uratarinoita, tutustumista kirjallisuuden saavutettavuuteen ja vientiin sek\u00e4 paikallisiin yrityksiin. Viikolla p\u00e4\u00e4set my\u00f6s ty\u00f6st\u00e4m\u00e4\u00e4n CV:si ja ty\u00f6hakemuksesi kuntoon sek\u00e4 harjoittelemaan ty\u00f6haastattelutilannetta. Viikko huipentuu Kohti inklusiivista ty\u00f6yhteis\u00f6\u00e4 -tilaisuuteen, jossa perehdyt\u00e4\u00e4n ty\u00f6el\u00e4m\u00e4n monimuotoisuuden, kulttuuristen kohtaamisten ja inklusiivisen johtamisen teemoihin.<\/p>\n<p>Tilaisuudet on suunnattu humanististen alojen (kielet, kulttuurintutkimus, historia) ja niilt\u00e4 valmistuneille It\u00e4-Suomessa. My\u00f6s It\u00e4-Suomen yliopiston humanistisen osaston henkil\u00f6kunta on tervetullut tilaisuuksiin. Kohti inklusiivista ty\u00f6yhteis\u00f6\u00e4 -tilaisuuteen ovat tervetulleita my\u00f6s kaikki it\u00e4suomalaiset yritykset ja organisaatiot, jotka haluavat edist\u00e4\u00e4 monimuotoisuutta ty\u00f6yhteis\u00f6ss\u00e4\u00e4n.<\/p>\n<p>Humanistisen alan opiskelijat voivat k\u00e4ytt\u00e4\u00e4 tilaisuuksia hyv\u00e4ksi tutkintoihin kuuluvissa portfolioissa (opintojaksot 2110041 <em>Osaamisen tunnistaminen ja oppimisportfolio<\/em> ja 2110042 <em>Asiantuntijaksi kasvamisen portfolio<\/em>).<\/p>\n<p>Viikon j\u00e4rjest\u00e4\u00e4 HUMUS \u2013 Humanistit uudistuvassa ty\u00f6el\u00e4m\u00e4ss\u00e4 -hanke (ESR) yhteisty\u00f6kumppaneinaan Kieliasiantuntijat ry, MAL ry, TAKU ry, Business Joensuu ja Pohjois-Karjalan Kauppakamari.<\/p>\n<p>Kuhunkin tilaisuuteen on ilmoittauduttava ennakkoon. Linkit ilmoittautumiseen l\u00f6yd\u00e4t ohjelmasta (alla).<\/p>\n<p><strong> <img loading=\"lazy\" decoding=\"async\" class=\"alignnone wp-image-1131\" src=\"https:\/\/blogs.uef.fi\/humanistit-uudistuvassa-tyoelamassa\/wp-content\/uploads\/sites\/113\/2021\/03\/2828_UEF_1080x1080_opiskelijoille.png\" alt=\"Haku p\u00e4\u00e4lle 5 - Humanistien ty\u00f6el\u00e4m\u00e4viikko verkossa 19.-23.4.2021\" width=\"1080\" height=\"1080\" srcset=\"https:\/\/blogs.uef.fi\/humanistit-uudistuvassa-tyoelamassa\/wp-content\/uploads\/sites\/113\/2021\/03\/2828_UEF_1080x1080_opiskelijoille.png 2250w, https:\/\/blogs.uef.fi\/humanistit-uudistuvassa-tyoelamassa\/wp-content\/uploads\/sites\/113\/2021\/03\/2828_UEF_1080x1080_opiskelijoille-300x300.png 300w, https:\/\/blogs.uef.fi\/humanistit-uudistuvassa-tyoelamassa\/wp-content\/uploads\/sites\/113\/2021\/03\/2828_UEF_1080x1080_opiskelijoille-1024x1024.png 1024w, https:\/\/blogs.uef.fi\/humanistit-uudistuvassa-tyoelamassa\/wp-content\/uploads\/sites\/113\/2021\/03\/2828_UEF_1080x1080_opiskelijoille-150x150.png 150w, https:\/\/blogs.uef.fi\/humanistit-uudistuvassa-tyoelamassa\/wp-content\/uploads\/sites\/113\/2021\/03\/2828_UEF_1080x1080_opiskelijoille-768x768.png 768w, https:\/\/blogs.uef.fi\/humanistit-uudistuvassa-tyoelamassa\/wp-content\/uploads\/sites\/113\/2021\/03\/2828_UEF_1080x1080_opiskelijoille-1536x1536.png 1536w, https:\/\/blogs.uef.fi\/humanistit-uudistuvassa-tyoelamassa\/wp-content\/uploads\/sites\/113\/2021\/03\/2828_UEF_1080x1080_opiskelijoille-2048x2048.png 2048w\" sizes=\"auto, (max-width: 1080px) 100vw, 1080px\" \/><\/strong><\/p>\n<h3><strong>OHJELMA<\/strong><\/h3>\n<h5><strong>Ma 19.4. klo 14.00\u201316.00:<\/strong> <strong>Alumnitarinat<\/strong><\/h5>\n<p>Historian ja kulttuurintutkimuksen opiskelu tarjoavat valmiuksia monenlaisiin ty\u00f6teht\u00e4viin. Omista urapoluistaan kertovat Ilomantsin museos\u00e4\u00e4ti\u00f6n amanuenssi Heidi Koponen ja Panimo Honkavuori oy:n myynti- ja markkinointip\u00e4\u00e4llikk\u00f6 Oona Heikkinen.<\/p>\n<p>Ilmoittaudu 18.4. menness\u00e4: <a href=\"https:\/\/link.webropol.com\/ep\/alumnitarinat-huhtikuu2021\">https:\/\/link.webropol.com\/ep\/alumnitarinat-huhtikuu2021<\/a><\/p>\n<p>&nbsp;<\/p>\n<h4><strong>Ti 20.4. Ty\u00f6el\u00e4m\u00e4vierailut: kirjallisuuden saavutettavuus ja vienti<\/strong><\/h4>\n<p>Monet humanistit ovat perinteisesti ty\u00f6llistyneet kirjallisuuteen liittyviin ty\u00f6teht\u00e4viin. Tiistain vierailuissa tutustutaan alan ajankohtaisiin trendeihin: saavutettavuuteen ja kirjavientiin.<\/p>\n<h5><strong>Ti 20.4. Klo 10.00\u201311.15 Kirjallisuuden saavutettavuus: Celia ja opinn\u00e4yteyhteisty\u00f6<\/strong><\/h5>\n<p>Kuinka opinn\u00e4ytety\u00f6ll\u00e4 ja sen tuloksilla voi tukea kirjallisuuden saavutettavuutta? Ent\u00e4 millaisia osaajia yhdenvertaisuus- ja saavutettavuusty\u00f6ss\u00e4 tarvitaan? Opinn\u00e4yteyhteisty\u00f6st\u00e4 kertovat saavutettavan kirjallisuuden ja julkaisemisen asiantuntijakeskus Celian viestint\u00e4asiantuntija Johannes Koski, englannin kielen opiskelija Jussi Huisman ja ohjaaja, professori Mikko Laitinen.<\/p>\n<p>Ilmoittaudu 19.4. menness\u00e4: <a href=\"https:\/\/link.webropol.com\/ep\/celia\">https:\/\/link.webropol.com\/ep\/celia<\/a><\/p>\n<h5><strong>Ti 20.4. klo 12.00\u201313.15 Kirjallisuusvienti: FILI Kirjallisuuden vientikeskus<\/strong><\/h5>\n<p>Kirjallisuusvienti on nopeasti kasvava ala. Mihin suuntaan ala kehittyy ja millaisille osaamiselle on kysynt\u00e4\u00e4? Kirjallisuuden vientikeskus FILI edist\u00e4\u00e4 suomalaisen kirjallisuuden vienti\u00e4 ja k\u00e4\u00e4nt\u00e4mist\u00e4. Sen toiminnasta kertoo tiedotusp\u00e4\u00e4llikk\u00f6 Silja Hakulinen.<\/p>\n<p>Ilmoittaudu 19.4. menness\u00e4: <a href=\"https:\/\/link.webropol.com\/ep\/fili\">https:\/\/link.webropol.com\/ep\/fili<\/a><\/p>\n<h5><strong>Ti 20.4. klo 14.00\u201315.15 Kirjallisuusvienti: Helsinki Literary Agency Oy<\/strong><\/h5>\n<p>Millainen on kirjallisuusagentuurien rooli kotimaisen kirjallisuuden vienniss\u00e4? Helsinki Literary Agency Oy on nelj\u00e4n kustantamon (Gummerus<strong>, <\/strong>Schildts &amp; S\u00f6derstr\u00f6ms<strong>, <\/strong>Siltala ja Teos) yhteisyritys. Toimitusjohtaja Urpu Strellman esittelee yrityksen toimintaa ja kirjallisuusagentin ty\u00f6teht\u00e4vi\u00e4.<\/p>\n<p>Ilmoittaudu 19.4. menness\u00e4: <a href=\"https:\/\/link.webropol.com\/ep\/helsinki-literary-agency\">https:\/\/link.webropol.com\/ep\/helsinki-literary-agency<\/a><\/p>\n<h4><strong>Ke 21.4. Ty\u00f6el\u00e4m\u00e4vierailut: Pohjois-Karjalan monet mahdollisuudet<\/strong><\/h4>\n<p>Humanistista osaamista voi hy\u00f6dynt\u00e4\u00e4 Pohjois-Karjalassa esimerkiksi kansainv\u00e4lisess\u00e4 liiketoiminnassa, markkinointiviestinn\u00e4ss\u00e4, toimitusty\u00f6ss\u00e4 sek\u00e4 matkailussa. Keskiviikon 21.4. et\u00e4vierailuilla tutustutaan kolmeen pohjoiskarjalaiseen ty\u00f6paikkaan.<\/p>\n<h5><strong>Ke 21.4. klo 10.00\u201311.15 Vierailu: Abloy Oy <\/strong><\/h5>\n<p>Abloyn lukitusratkaisut ovat tunnettuja niin Suomessa kuin maailmallakin. Abloy on osa ruotsalaista ASSA ABLOY konsernia, jolla on asiakkaita ymp\u00e4ri maailmaa. Millaista uutta osaamista kansainv\u00e4linen yritys kaipaa? Yrityst\u00e4 esittelee HR Business Partner Nina Hynninen.<\/p>\n<p>Ilmoittaudu 20.4. menness\u00e4: <a href=\"https:\/\/link.webropol.com\/ep\/abloy\">https:\/\/link.webropol.com\/ep\/abloy<\/a><\/p>\n<h5><strong>Ke 21.4. klo 12.00\u201313.15 Vierailu: Sanomalehti Karjalainen<\/strong><\/h5>\n<p>Millaista on ty\u00f6 maakuntalehdess\u00e4 2020-luvulla? Millaista osaamista markkinoinnissa ja toimitusty\u00f6ss\u00e4 tarvitaan? Karjalaisesta kertovat markkinointiasiantuntija Emma Savim\u00e4ki ja toimitusp\u00e4\u00e4llikk\u00f6 Jyrki Utriainen.<\/p>\n<p>Ilmoittaudu 20.4. menness\u00e4: <a href=\"https:\/\/link.webropol.com\/ep\/karjalainen\">https:\/\/link.webropol.com\/ep\/karjalainen<\/a><\/p>\n<h5><strong>Ke 21.4. klo 14.00\u201315.15 Vierailu: Break Sokos Hotel Bomba <\/strong><\/h5>\n<p>Break Sokos Hotel Bomba on uudistunut kylpyl\u00e4hotelli Bomban karjalaiskyl\u00e4n tuntumassa Nurmeksessa. Mill\u00e4 tavalla paikalliskulttuuri n\u00e4kyy alueen matkailussa? Millaista osaamista matkailualalla tarvitaan? Break Sokos Hotel Bombasta kertoo hotellinjohtaja Sanna Tenhunen.<\/p>\n<p>Ilmoittaudu 20.4. menness\u00e4: <a href=\"https:\/\/link.webropol.com\/ep\/sokos-hotel-bomba\">https:\/\/link.webropol.com\/ep\/sokos-hotel-bomba<\/a><\/p>\n<h4><strong>To 22.4. Ty\u00f6pajat: Valmistaudu ty\u00f6nhakuun! <\/strong><\/h4>\n<p>Torstain ty\u00f6pajoissa ty\u00f6el\u00e4m\u00e4n asiantuntijat ovat apunasi, kun etsit tai harkitset hakevasi ty\u00f6- tai harjoittelupaikkaa.<\/p>\n<h5><strong>To 22.4. klo 10.30\u201312.00: Erottuva CV ja hakukirje \u2013 n\u00e4in teen vaikutuksen ty\u00f6nantajaan<\/strong><\/h5>\n<p>Kuinka erotut eduksesi ty\u00f6nhaussa CV:n ja hakukirjeen avulla? Mit\u00e4 kaikkea niiden laatimisessa ja p\u00e4ivitt\u00e4misess\u00e4 on syyt\u00e4 huomioida? Ty\u00f6pajassa ammattij\u00e4rjest\u00f6jen asiantuntijat kertovat hyv\u00e4n ansioluettelon ja hakukirjeen perusteista ty\u00f6nantajan\u00e4k\u00f6kulmasta. Pienryhmiss\u00e4 p\u00e4\u00e4set esittelem\u00e4\u00e4n oman ansioluettelosi ja hakukirjeesi, ja saat niiden viimeistelyyn asiantuntijoilta rakentavaa palautetta. Samalla opit muiden osallistujien saamasta palautteesta ja vertaiskeskustelusta.<\/p>\n<p>Osallistuminen edellytt\u00e4\u00e4 ennakkovalmistautumista: voit laatia CV:n ja hakukirjeen ty\u00f6- tai harjoittelupaikkaan, johon olet hakemassa tai johon voisit kuvitella tulevaisuudessa hakevasi. Voit my\u00f6s laatia CV:n ja hakukirjeen ilmoittautumisen yhteydess\u00e4 saatuun esimerkkikohteeseen. CV ja hakukirje on toimitettava 12.4. menness\u00e4.<\/p>\n<p>Kouluttajat: asiantuntija Taina Ukkola (Kieliasiantuntijat ry), yhteis\u00f6suunnittelija Vilja Bystr\u00f6m (Taide- ja kulttuurialan ammattij\u00e4rjest\u00e4 TAKU ry) ja j\u00e4rjest\u00f6koordinaattori Heta Hedman (Museoalan ammattiliitto MAL ry)<\/p>\n<p>Kohderyhm\u00e4 ja osallistujam\u00e4\u00e4r\u00e4: Ty\u00f6paja on avoin ty\u00f6- tai harjoittelupaikkaa hakeville tai hakua suunnitteleville humanistisen alojen (kielet, kulttuurintutkimus ja historia) opiskelijoille ja niit\u00e4 valmistuneille. Ty\u00f6pajaan otetaan 25 henkil\u00f6\u00e4 ilmoittautumisj\u00e4rjestyksess\u00e4.<\/p>\n<p>Ilmoittaudu 12.4. menness\u00e4: <a href=\"https:\/\/link.webropol.com\/ep\/cv-tyonhakukirje\">https:\/\/link.webropol.com\/ep\/cv-tyonhakukirje<\/a><\/p>\n<p><img loading=\"lazy\" decoding=\"async\" class=\"alignnone wp-image-1104\" src=\"https:\/\/blogs.uef.fi\/humanistit-uudistuvassa-tyoelamassa\/wp-content\/uploads\/sites\/113\/2021\/03\/TAKU-logo-fin-rgbvioletti-300x223.png\" alt=\"Taku ry:n logo\" width=\"150\" height=\"111\" srcset=\"https:\/\/blogs.uef.fi\/humanistit-uudistuvassa-tyoelamassa\/wp-content\/uploads\/sites\/113\/2021\/03\/TAKU-logo-fin-rgbvioletti-300x223.png 300w, https:\/\/blogs.uef.fi\/humanistit-uudistuvassa-tyoelamassa\/wp-content\/uploads\/sites\/113\/2021\/03\/TAKU-logo-fin-rgbvioletti-768x570.png 768w, https:\/\/blogs.uef.fi\/humanistit-uudistuvassa-tyoelamassa\/wp-content\/uploads\/sites\/113\/2021\/03\/TAKU-logo-fin-rgbvioletti.png 888w\" sizes=\"auto, (max-width: 150px) 100vw, 150px\" \/><img loading=\"lazy\" decoding=\"async\" class=\"alignnone wp-image-1107\" src=\"https:\/\/blogs.uef.fi\/humanistit-uudistuvassa-tyoelamassa\/wp-content\/uploads\/sites\/113\/2021\/03\/MicrosoftTeams-image-1-300x91.png\" alt=\"Kieliasiantuntijat ry\" width=\"150\" height=\"46\" srcset=\"https:\/\/blogs.uef.fi\/humanistit-uudistuvassa-tyoelamassa\/wp-content\/uploads\/sites\/113\/2021\/03\/MicrosoftTeams-image-1-300x91.png 300w, https:\/\/blogs.uef.fi\/humanistit-uudistuvassa-tyoelamassa\/wp-content\/uploads\/sites\/113\/2021\/03\/MicrosoftTeams-image-1-1024x311.png 1024w, https:\/\/blogs.uef.fi\/humanistit-uudistuvassa-tyoelamassa\/wp-content\/uploads\/sites\/113\/2021\/03\/MicrosoftTeams-image-1-768x233.png 768w, https:\/\/blogs.uef.fi\/humanistit-uudistuvassa-tyoelamassa\/wp-content\/uploads\/sites\/113\/2021\/03\/MicrosoftTeams-image-1-1536x466.png 1536w, https:\/\/blogs.uef.fi\/humanistit-uudistuvassa-tyoelamassa\/wp-content\/uploads\/sites\/113\/2021\/03\/MicrosoftTeams-image-1-2048x622.png 2048w\" sizes=\"auto, (max-width: 150px) 100vw, 150px\" \/><img loading=\"lazy\" decoding=\"async\" class=\"alignnone wp-image-1110 size-thumbnail\" src=\"https:\/\/blogs.uef.fi\/humanistit-uudistuvassa-tyoelamassa\/wp-content\/uploads\/sites\/113\/2021\/03\/MicrosoftTeams-image-150x150.png\" alt=\"MAL ry:n logo\" width=\"150\" height=\"150\" srcset=\"https:\/\/blogs.uef.fi\/humanistit-uudistuvassa-tyoelamassa\/wp-content\/uploads\/sites\/113\/2021\/03\/MicrosoftTeams-image-150x150.png 150w, https:\/\/blogs.uef.fi\/humanistit-uudistuvassa-tyoelamassa\/wp-content\/uploads\/sites\/113\/2021\/03\/MicrosoftTeams-image-300x300.png 300w, https:\/\/blogs.uef.fi\/humanistit-uudistuvassa-tyoelamassa\/wp-content\/uploads\/sites\/113\/2021\/03\/MicrosoftTeams-image.png 567w\" sizes=\"auto, (max-width: 150px) 100vw, 150px\" \/><\/p>\n<p>&nbsp;<\/p>\n<h5><strong>To 22.4. klo 13.00\u201315.00: Ty\u00f6haastatteluklinikka<\/strong><\/h5>\n<p>J\u00e4nnitt\u00e4\u00e4k\u00f6 ty\u00f6haastatteluun meneminen?\u00a0Mit\u00e4 ty\u00f6haastattelun aikana\u00a0oikeastaan\u00a0tapahtuu? Kuinka\u00a0kannattaisi\u00a0valmistautua\u00a0ja\u00a0mit\u00e4 ottaa huomioon, jotta haastattelu sujuu? Ty\u00f6haastatteluklinikalla p\u00e4\u00e4set harjoittelemaan ty\u00f6haastattelutilannetta k\u00e4yt\u00e4nn\u00f6ss\u00e4. Haastattelijoina on kokeneita ty\u00f6el\u00e4m\u00e4n edustajia, jotka antavat sinulle haastattelun j\u00e4lkeen rakentavaa palautetta\u00a0haastattelusta. Tavoitteena on, ett\u00e4\u00a0haastattelun\u00a0j\u00e4lkeen\u00a0sinulla\u00a0selke\u00e4 k\u00e4sitys siit\u00e4, miten ty\u00f6haastatteluun\u00a0valmistaudutaan\u00a0ja mit\u00e4 haastattelussa tapahtuu, jotta olet valmis tositilanteeseen.<\/p>\n<p>Ilmoittautumislomakkeella sinulta pyydet\u00e4\u00e4n tietoa, mit\u00e4 paikkaa \u201dhaet\u201d haastattelussa. Voit liitt\u00e4\u00e4 lomakkeelle linkin aitoon harjoittelu- tai ty\u00f6paikkailmoitukseen tai luonnehtia sinua kiinnostavaa ty\u00f6teht\u00e4v\u00e4\u00e4 muulla tavoin (esim. ty\u00f6nimike ja organisaatio).<\/p>\n<p>Haastattelijat: Business Joensuun asiantuntijat Piia Sallinen ja Timo Hartikainen, Kauppakamarin asiantuntija Suvi Valoharju-Moller sek\u00e4 muita ty\u00f6el\u00e4m\u00e4n asiantuntijoita.<\/p>\n<p>Kohderyhm\u00e4 ja osallistujam\u00e4\u00e4r\u00e4: Ty\u00f6- tai harjoittelupaikkaa hakevat tai sit\u00e4 suunnittelevat humanistisen alojen (kielet, kulttuurintutkimus ja historia) opiskelijat ja niilt\u00e4 valmistuneet. Ty\u00f6pajaan otetaan 12 henkil\u00f6\u00e4 ilmoittautumisj\u00e4rjestyksess\u00e4.<\/p>\n<p>Ilmoittaudu 12.4. menness\u00e4: <a href=\"https:\/\/link.webropol.com\/ep\/haastatteluklinikka\">https:\/\/link.webropol.com\/ep\/haastatteluklinikka<\/a><\/p>\n<p><img loading=\"lazy\" decoding=\"async\" class=\"alignnone wp-image-1116\" src=\"https:\/\/blogs.uef.fi\/humanistit-uudistuvassa-tyoelamassa\/wp-content\/uploads\/sites\/113\/2021\/03\/01_BJOE_musta-keltainen_kuvana-300x212.png\" alt=\"Business Joensuun logo\" width=\"150\" height=\"106\" srcset=\"https:\/\/blogs.uef.fi\/humanistit-uudistuvassa-tyoelamassa\/wp-content\/uploads\/sites\/113\/2021\/03\/01_BJOE_musta-keltainen_kuvana-300x212.png 300w, https:\/\/blogs.uef.fi\/humanistit-uudistuvassa-tyoelamassa\/wp-content\/uploads\/sites\/113\/2021\/03\/01_BJOE_musta-keltainen_kuvana-1024x724.png 1024w, https:\/\/blogs.uef.fi\/humanistit-uudistuvassa-tyoelamassa\/wp-content\/uploads\/sites\/113\/2021\/03\/01_BJOE_musta-keltainen_kuvana-768x543.png 768w, https:\/\/blogs.uef.fi\/humanistit-uudistuvassa-tyoelamassa\/wp-content\/uploads\/sites\/113\/2021\/03\/01_BJOE_musta-keltainen_kuvana-1536x1086.png 1536w, https:\/\/blogs.uef.fi\/humanistit-uudistuvassa-tyoelamassa\/wp-content\/uploads\/sites\/113\/2021\/03\/01_BJOE_musta-keltainen_kuvana-2048x1448.png 2048w\" sizes=\"auto, (max-width: 150px) 100vw, 150px\" \/> <img loading=\"lazy\" decoding=\"async\" class=\"alignnone wp-image-1119\" src=\"https:\/\/blogs.uef.fi\/humanistit-uudistuvassa-tyoelamassa\/wp-content\/uploads\/sites\/113\/2021\/03\/PohjoisKarjalan_Kauppakamari-300x97.jpg\" alt=\"Pohjois-Karjalan Kauppakamarin logo\" width=\"150\" height=\"48\" srcset=\"https:\/\/blogs.uef.fi\/humanistit-uudistuvassa-tyoelamassa\/wp-content\/uploads\/sites\/113\/2021\/03\/PohjoisKarjalan_Kauppakamari-300x97.jpg 300w, https:\/\/blogs.uef.fi\/humanistit-uudistuvassa-tyoelamassa\/wp-content\/uploads\/sites\/113\/2021\/03\/PohjoisKarjalan_Kauppakamari-768x248.jpg 768w, https:\/\/blogs.uef.fi\/humanistit-uudistuvassa-tyoelamassa\/wp-content\/uploads\/sites\/113\/2021\/03\/PohjoisKarjalan_Kauppakamari.jpg 1004w\" sizes=\"auto, (max-width: 150px) 100vw, 150px\" \/><\/p>\n<h4><strong>Pe 23.4. klo 9.00\u201314.30: Kohti inklusiivista ty\u00f6yhteis\u00f6\u00e4<\/strong><\/h4>\n<p>Suomalainen ty\u00f6el\u00e4m\u00e4 on yh\u00e4 monikulttuurisempaa, -kielisemp\u00e4\u00e4 ja -muotoisempaa. Ovatko kaikki ty\u00f6ntekij\u00e4t, ty\u00f6nhakijat ja asiakkaat organisaatiossa yhdenvertaisia? Miten monimuotoisuutta ja osallisuutta voi edist\u00e4\u00e4, ja mit\u00e4 hy\u00f6ty\u00e4 siit\u00e4 on? Yrityksille, muille ty\u00f6el\u00e4m\u00e4n edustajille ja aihepiirist\u00e4 kiinnostuneille suunnattu Kohti inklusiivista ty\u00f6yhteis\u00f6\u00e4 -tapahtuma pureutuu n\u00e4ihin kysymyksiin asiantuntijapuheenvuorojen ja ty\u00f6pajan muodossa.<\/p>\n<p>Lis\u00e4tietoa ja ilmoittautuminen: <a href=\"https:\/\/blogs.uef.fi\/humanistit-uudistuvassa-tyoelamassa\/2021\/02\/25\/inklusiivinen-tyoyhteiso\/\">https:\/\/blogs.uef.fi\/humanistit-uudistuvassa-tyoelamassa\/2021\/02\/25\/inklusiivinen-tyoyhteiso\/<\/a><\/p>\n<p>&nbsp;<\/p>\n<p>&nbsp;<\/p>\n","protected":false},"excerpt":{"rendered":"<p>Haku p\u00e4\u00e4lle -viikko tulee j\u00e4lleen! Ohjelmassa on ty\u00f6el\u00e4m\u00e4aiheisia verkkotilaisuuksia: alumnien uratarinoita, tutustumista kirjallisuuden saavutettavuuteen ja vientiin sek\u00e4 paikallisiin yrityksiin. Viikolla p\u00e4\u00e4set my\u00f6s ty\u00f6st\u00e4m\u00e4\u00e4n CV:si ja ty\u00f6hakemuksesi kuntoon sek\u00e4 harjoittelemaan ty\u00f6haastattelutilannetta. Viikko huipentuu Kohti inklusiivista ty\u00f6yhteis\u00f6\u00e4 -tilaisuuteen, jossa perehdyt\u00e4\u00e4n ty\u00f6el\u00e4m\u00e4n monimuotoisuuden, kulttuuristen kohtaamisten ja inklusiivisen johtamisen teemoihin. Tilaisuudet on suunnattu humanististen alojen (kielet, kulttuurintutkimus, historia) ja [&hellip;]<\/p>\n","protected":false},"author":285,"featured_media":0,"comment_status":"open","ping_status":"open","sticky":false,"template":"","format":"standard","meta":{"_acf_changed":false,"footnotes":""},"categories":[7,1],"tags":[],"class_list":["post-1101","post","type-post","status-publish","format-standard","hentry","category-tapahtumat","category-uutiset"],"acf":[],"yoast_head":"<!-- This site is optimized with the Yoast SEO plugin v27.3 - https:\/\/yoast.com\/product\/yoast-seo-wordpress\/ -->\n<title>Haku p\u00e4\u00e4lle 5 \u2013 Humanistien ty\u00f6el\u00e4m\u00e4viikko verkossa 19.\u201323.4.2021 - HUMUS \u2013 Humanistit uudistuvassa ty\u00f6el\u00e4m\u00e4ss\u00e4<\/title>\n<meta name=\"robots\" content=\"index, follow, max-snippet:-1, max-image-preview:large, max-video-preview:-1\" \/>\n<link rel=\"canonical\" href=\"https:\/\/blogs.uef.fi\/humanistit-uudistuvassa-tyoelamassa\/2021\/03\/25\/haku-paalle-5-humanistien-tyoelamaviikko-verkossa-19-23-4-2021\/\" \/>\n<meta property=\"og:locale\" content=\"fi_FI\" \/>\n<meta property=\"og:type\" content=\"article\" \/>\n<meta property=\"og:title\" content=\"Haku p\u00e4\u00e4lle 5 \u2013 Humanistien ty\u00f6el\u00e4m\u00e4viikko verkossa 19.\u201323.4.2021 - HUMUS \u2013 Humanistit uudistuvassa ty\u00f6el\u00e4m\u00e4ss\u00e4\" \/>\n<meta property=\"og:description\" content=\"Haku p\u00e4\u00e4lle -viikko tulee j\u00e4lleen! Ohjelmassa on ty\u00f6el\u00e4m\u00e4aiheisia verkkotilaisuuksia: alumnien uratarinoita, tutustumista kirjallisuuden saavutettavuuteen ja vientiin sek\u00e4 paikallisiin yrityksiin. Viikolla p\u00e4\u00e4set my\u00f6s ty\u00f6st\u00e4m\u00e4\u00e4n CV:si ja ty\u00f6hakemuksesi kuntoon sek\u00e4 harjoittelemaan ty\u00f6haastattelutilannetta. Viikko huipentuu Kohti inklusiivista ty\u00f6yhteis\u00f6\u00e4 -tilaisuuteen, jossa perehdyt\u00e4\u00e4n ty\u00f6el\u00e4m\u00e4n monimuotoisuuden, kulttuuristen kohtaamisten ja inklusiivisen johtamisen teemoihin. Tilaisuudet on suunnattu humanististen alojen (kielet, kulttuurintutkimus, historia) ja [&hellip;]\" \/>\n<meta property=\"og:url\" content=\"https:\/\/blogs.uef.fi\/humanistit-uudistuvassa-tyoelamassa\/2021\/03\/25\/haku-paalle-5-humanistien-tyoelamaviikko-verkossa-19-23-4-2021\/\" \/>\n<meta property=\"og:site_name\" content=\"HUMUS \u2013 Humanistit uudistuvassa ty\u00f6el\u00e4m\u00e4ss\u00e4\" \/>\n<meta property=\"article:published_time\" content=\"2021-03-25T14:36:21+00:00\" \/>\n<meta property=\"article:modified_time\" content=\"2021-12-30T10:26:12+00:00\" \/>\n<meta property=\"og:image\" content=\"https:\/\/blogs.uef.fi\/humanistit-uudistuvassa-tyoelamassa\/wp-content\/uploads\/sites\/113\/2021\/03\/2828_UEF_1080x1080_opiskelijoille.png\" \/>\n<meta name=\"author\" content=\"Sini Heinoja\" \/>\n<meta name=\"twitter:card\" content=\"summary_large_image\" \/>\n<meta name=\"twitter:label1\" content=\"Kirjoittanut\" \/>\n\t<meta name=\"twitter:data1\" content=\"Sini Heinoja\" \/>\n\t<meta name=\"twitter:label2\" content=\"Arvioitu lukuaika\" \/>\n\t<meta name=\"twitter:data2\" content=\"5 minuuttia\" \/>\n<script type=\"application\/ld+json\" class=\"yoast-schema-graph\">{\"@context\":\"https:\\\/\\\/schema.org\",\"@graph\":[{\"@type\":\"Article\",\"@id\":\"https:\\\/\\\/blogs.uef.fi\\\/humanistit-uudistuvassa-tyoelamassa\\\/2021\\\/03\\\/25\\\/haku-paalle-5-humanistien-tyoelamaviikko-verkossa-19-23-4-2021\\\/#article\",\"isPartOf\":{\"@id\":\"https:\\\/\\\/blogs.uef.fi\\\/humanistit-uudistuvassa-tyoelamassa\\\/2021\\\/03\\\/25\\\/haku-paalle-5-humanistien-tyoelamaviikko-verkossa-19-23-4-2021\\\/\"},\"author\":{\"name\":\"Sini Heinoja\",\"@id\":\"https:\\\/\\\/blogs.uef.fi\\\/humanistit-uudistuvassa-tyoelamassa\\\/#\\\/schema\\\/person\\\/2a8dd39b2285e1f0f8b2a15f542fa9ff\"},\"headline\":\"Haku p\u00e4\u00e4lle 5 \u2013 Humanistien ty\u00f6el\u00e4m\u00e4viikko verkossa 19.\u201323.4.2021\",\"datePublished\":\"2021-03-25T14:36:21+00:00\",\"dateModified\":\"2021-12-30T10:26:12+00:00\",\"mainEntityOfPage\":{\"@id\":\"https:\\\/\\\/blogs.uef.fi\\\/humanistit-uudistuvassa-tyoelamassa\\\/2021\\\/03\\\/25\\\/haku-paalle-5-humanistien-tyoelamaviikko-verkossa-19-23-4-2021\\\/\"},\"wordCount\":1020,\"commentCount\":2,\"image\":{\"@id\":\"https:\\\/\\\/blogs.uef.fi\\\/humanistit-uudistuvassa-tyoelamassa\\\/2021\\\/03\\\/25\\\/haku-paalle-5-humanistien-tyoelamaviikko-verkossa-19-23-4-2021\\\/#primaryimage\"},\"thumbnailUrl\":\"https:\\\/\\\/blogs.uef.fi\\\/humanistit-uudistuvassa-tyoelamassa\\\/wp-content\\\/uploads\\\/sites\\\/113\\\/2021\\\/03\\\/2828_UEF_1080x1080_opiskelijoille.png\",\"articleSection\":[\"Tapahtumat\",\"Uutiset\"],\"inLanguage\":\"fi\",\"potentialAction\":[{\"@type\":\"CommentAction\",\"name\":\"Comment\",\"target\":[\"https:\\\/\\\/blogs.uef.fi\\\/humanistit-uudistuvassa-tyoelamassa\\\/2021\\\/03\\\/25\\\/haku-paalle-5-humanistien-tyoelamaviikko-verkossa-19-23-4-2021\\\/#respond\"]}]},{\"@type\":\"WebPage\",\"@id\":\"https:\\\/\\\/blogs.uef.fi\\\/humanistit-uudistuvassa-tyoelamassa\\\/2021\\\/03\\\/25\\\/haku-paalle-5-humanistien-tyoelamaviikko-verkossa-19-23-4-2021\\\/\",\"url\":\"https:\\\/\\\/blogs.uef.fi\\\/humanistit-uudistuvassa-tyoelamassa\\\/2021\\\/03\\\/25\\\/haku-paalle-5-humanistien-tyoelamaviikko-verkossa-19-23-4-2021\\\/\",\"name\":\"Haku p\u00e4\u00e4lle 5 \u2013 Humanistien ty\u00f6el\u00e4m\u00e4viikko verkossa 19.\u201323.4.2021 - HUMUS \u2013 Humanistit uudistuvassa ty\u00f6el\u00e4m\u00e4ss\u00e4\",\"isPartOf\":{\"@id\":\"https:\\\/\\\/blogs.uef.fi\\\/humanistit-uudistuvassa-tyoelamassa\\\/#website\"},\"primaryImageOfPage\":{\"@id\":\"https:\\\/\\\/blogs.uef.fi\\\/humanistit-uudistuvassa-tyoelamassa\\\/2021\\\/03\\\/25\\\/haku-paalle-5-humanistien-tyoelamaviikko-verkossa-19-23-4-2021\\\/#primaryimage\"},\"image\":{\"@id\":\"https:\\\/\\\/blogs.uef.fi\\\/humanistit-uudistuvassa-tyoelamassa\\\/2021\\\/03\\\/25\\\/haku-paalle-5-humanistien-tyoelamaviikko-verkossa-19-23-4-2021\\\/#primaryimage\"},\"thumbnailUrl\":\"https:\\\/\\\/blogs.uef.fi\\\/humanistit-uudistuvassa-tyoelamassa\\\/wp-content\\\/uploads\\\/sites\\\/113\\\/2021\\\/03\\\/2828_UEF_1080x1080_opiskelijoille.png\",\"datePublished\":\"2021-03-25T14:36:21+00:00\",\"dateModified\":\"2021-12-30T10:26:12+00:00\",\"author\":{\"@id\":\"https:\\\/\\\/blogs.uef.fi\\\/humanistit-uudistuvassa-tyoelamassa\\\/#\\\/schema\\\/person\\\/2a8dd39b2285e1f0f8b2a15f542fa9ff\"},\"breadcrumb\":{\"@id\":\"https:\\\/\\\/blogs.uef.fi\\\/humanistit-uudistuvassa-tyoelamassa\\\/2021\\\/03\\\/25\\\/haku-paalle-5-humanistien-tyoelamaviikko-verkossa-19-23-4-2021\\\/#breadcrumb\"},\"inLanguage\":\"fi\",\"potentialAction\":[{\"@type\":\"ReadAction\",\"target\":[\"https:\\\/\\\/blogs.uef.fi\\\/humanistit-uudistuvassa-tyoelamassa\\\/2021\\\/03\\\/25\\\/haku-paalle-5-humanistien-tyoelamaviikko-verkossa-19-23-4-2021\\\/\"]}]},{\"@type\":\"ImageObject\",\"inLanguage\":\"fi\",\"@id\":\"https:\\\/\\\/blogs.uef.fi\\\/humanistit-uudistuvassa-tyoelamassa\\\/2021\\\/03\\\/25\\\/haku-paalle-5-humanistien-tyoelamaviikko-verkossa-19-23-4-2021\\\/#primaryimage\",\"url\":\"https:\\\/\\\/blogs.uef.fi\\\/humanistit-uudistuvassa-tyoelamassa\\\/wp-content\\\/uploads\\\/sites\\\/113\\\/2021\\\/03\\\/2828_UEF_1080x1080_opiskelijoille.png\",\"contentUrl\":\"https:\\\/\\\/blogs.uef.fi\\\/humanistit-uudistuvassa-tyoelamassa\\\/wp-content\\\/uploads\\\/sites\\\/113\\\/2021\\\/03\\\/2828_UEF_1080x1080_opiskelijoille.png\",\"width\":2250,\"height\":2250,\"caption\":\"Haku p\u00e4\u00e4lle 5 - Humanistien ty\u00f6el\u00e4m\u00e4viikko verkossa 19.-23.4.2021\"},{\"@type\":\"BreadcrumbList\",\"@id\":\"https:\\\/\\\/blogs.uef.fi\\\/humanistit-uudistuvassa-tyoelamassa\\\/2021\\\/03\\\/25\\\/haku-paalle-5-humanistien-tyoelamaviikko-verkossa-19-23-4-2021\\\/#breadcrumb\",\"itemListElement\":[{\"@type\":\"ListItem\",\"position\":1,\"name\":\"Home\",\"item\":\"https:\\\/\\\/blogs.uef.fi\\\/humanistit-uudistuvassa-tyoelamassa\\\/\"},{\"@type\":\"ListItem\",\"position\":2,\"name\":\"Haku p\u00e4\u00e4lle 5 \u2013 Humanistien ty\u00f6el\u00e4m\u00e4viikko verkossa 19.\u201323.4.2021\"}]},{\"@type\":\"WebSite\",\"@id\":\"https:\\\/\\\/blogs.uef.fi\\\/humanistit-uudistuvassa-tyoelamassa\\\/#website\",\"url\":\"https:\\\/\\\/blogs.uef.fi\\\/humanistit-uudistuvassa-tyoelamassa\\\/\",\"name\":\"HUMUS \u2013 Humanistit uudistuvassa ty\u00f6el\u00e4m\u00e4ss\u00e4\",\"description\":\"\",\"potentialAction\":[{\"@type\":\"SearchAction\",\"target\":{\"@type\":\"EntryPoint\",\"urlTemplate\":\"https:\\\/\\\/blogs.uef.fi\\\/humanistit-uudistuvassa-tyoelamassa\\\/?s={search_term_string}\"},\"query-input\":{\"@type\":\"PropertyValueSpecification\",\"valueRequired\":true,\"valueName\":\"search_term_string\"}}],\"inLanguage\":\"fi\"},{\"@type\":\"Person\",\"@id\":\"https:\\\/\\\/blogs.uef.fi\\\/humanistit-uudistuvassa-tyoelamassa\\\/#\\\/schema\\\/person\\\/2a8dd39b2285e1f0f8b2a15f542fa9ff\",\"name\":\"Sini Heinoja\",\"image\":{\"@type\":\"ImageObject\",\"inLanguage\":\"fi\",\"@id\":\"https:\\\/\\\/secure.gravatar.com\\\/avatar\\\/e26b7b6234f0e3dfbe287cd2d81eea31d8a9e7d7265142f403762dfa4aa14903?s=96&d=mm&r=g\",\"url\":\"https:\\\/\\\/secure.gravatar.com\\\/avatar\\\/e26b7b6234f0e3dfbe287cd2d81eea31d8a9e7d7265142f403762dfa4aa14903?s=96&d=mm&r=g\",\"contentUrl\":\"https:\\\/\\\/secure.gravatar.com\\\/avatar\\\/e26b7b6234f0e3dfbe287cd2d81eea31d8a9e7d7265142f403762dfa4aa14903?s=96&d=mm&r=g\",\"caption\":\"Sini Heinoja\"},\"url\":\"https:\\\/\\\/blogs.uef.fi\\\/humanistit-uudistuvassa-tyoelamassa\\\/author\\\/sinihei\\\/\"}]}<\/script>\n<!-- \/ Yoast SEO plugin. -->","yoast_head_json":{"title":"Haku p\u00e4\u00e4lle 5 \u2013 Humanistien ty\u00f6el\u00e4m\u00e4viikko verkossa 19.\u201323.4.2021 - HUMUS \u2013 Humanistit uudistuvassa ty\u00f6el\u00e4m\u00e4ss\u00e4","robots":{"index":"index","follow":"follow","max-snippet":"max-snippet:-1","max-image-preview":"max-image-preview:large","max-video-preview":"max-video-preview:-1"},"canonical":"https:\/\/blogs.uef.fi\/humanistit-uudistuvassa-tyoelamassa\/2021\/03\/25\/haku-paalle-5-humanistien-tyoelamaviikko-verkossa-19-23-4-2021\/","og_locale":"fi_FI","og_type":"article","og_title":"Haku p\u00e4\u00e4lle 5 \u2013 Humanistien ty\u00f6el\u00e4m\u00e4viikko verkossa 19.\u201323.4.2021 - HUMUS \u2013 Humanistit uudistuvassa ty\u00f6el\u00e4m\u00e4ss\u00e4","og_description":"Haku p\u00e4\u00e4lle -viikko tulee j\u00e4lleen! Ohjelmassa on ty\u00f6el\u00e4m\u00e4aiheisia verkkotilaisuuksia: alumnien uratarinoita, tutustumista kirjallisuuden saavutettavuuteen ja vientiin sek\u00e4 paikallisiin yrityksiin. Viikolla p\u00e4\u00e4set my\u00f6s ty\u00f6st\u00e4m\u00e4\u00e4n CV:si ja ty\u00f6hakemuksesi kuntoon sek\u00e4 harjoittelemaan ty\u00f6haastattelutilannetta. Viikko huipentuu Kohti inklusiivista ty\u00f6yhteis\u00f6\u00e4 -tilaisuuteen, jossa perehdyt\u00e4\u00e4n ty\u00f6el\u00e4m\u00e4n monimuotoisuuden, kulttuuristen kohtaamisten ja inklusiivisen johtamisen teemoihin. Tilaisuudet on suunnattu humanististen alojen (kielet, kulttuurintutkimus, historia) ja [&hellip;]","og_url":"https:\/\/blogs.uef.fi\/humanistit-uudistuvassa-tyoelamassa\/2021\/03\/25\/haku-paalle-5-humanistien-tyoelamaviikko-verkossa-19-23-4-2021\/","og_site_name":"HUMUS \u2013 Humanistit uudistuvassa ty\u00f6el\u00e4m\u00e4ss\u00e4","article_published_time":"2021-03-25T14:36:21+00:00","article_modified_time":"2021-12-30T10:26:12+00:00","og_image":[{"url":"https:\/\/blogs.uef.fi\/humanistit-uudistuvassa-tyoelamassa\/wp-content\/uploads\/sites\/113\/2021\/03\/2828_UEF_1080x1080_opiskelijoille.png","type":"","width":"","height":""}],"author":"Sini Heinoja","twitter_card":"summary_large_image","twitter_misc":{"Kirjoittanut":"Sini Heinoja","Arvioitu lukuaika":"5 minuuttia"},"schema":{"@context":"https:\/\/schema.org","@graph":[{"@type":"Article","@id":"https:\/\/blogs.uef.fi\/humanistit-uudistuvassa-tyoelamassa\/2021\/03\/25\/haku-paalle-5-humanistien-tyoelamaviikko-verkossa-19-23-4-2021\/#article","isPartOf":{"@id":"https:\/\/blogs.uef.fi\/humanistit-uudistuvassa-tyoelamassa\/2021\/03\/25\/haku-paalle-5-humanistien-tyoelamaviikko-verkossa-19-23-4-2021\/"},"author":{"name":"Sini Heinoja","@id":"https:\/\/blogs.uef.fi\/humanistit-uudistuvassa-tyoelamassa\/#\/schema\/person\/2a8dd39b2285e1f0f8b2a15f542fa9ff"},"headline":"Haku p\u00e4\u00e4lle 5 \u2013 Humanistien ty\u00f6el\u00e4m\u00e4viikko verkossa 19.\u201323.4.2021","datePublished":"2021-03-25T14:36:21+00:00","dateModified":"2021-12-30T10:26:12+00:00","mainEntityOfPage":{"@id":"https:\/\/blogs.uef.fi\/humanistit-uudistuvassa-tyoelamassa\/2021\/03\/25\/haku-paalle-5-humanistien-tyoelamaviikko-verkossa-19-23-4-2021\/"},"wordCount":1020,"commentCount":2,"image":{"@id":"https:\/\/blogs.uef.fi\/humanistit-uudistuvassa-tyoelamassa\/2021\/03\/25\/haku-paalle-5-humanistien-tyoelamaviikko-verkossa-19-23-4-2021\/#primaryimage"},"thumbnailUrl":"https:\/\/blogs.uef.fi\/humanistit-uudistuvassa-tyoelamassa\/wp-content\/uploads\/sites\/113\/2021\/03\/2828_UEF_1080x1080_opiskelijoille.png","articleSection":["Tapahtumat","Uutiset"],"inLanguage":"fi","potentialAction":[{"@type":"CommentAction","name":"Comment","target":["https:\/\/blogs.uef.fi\/humanistit-uudistuvassa-tyoelamassa\/2021\/03\/25\/haku-paalle-5-humanistien-tyoelamaviikko-verkossa-19-23-4-2021\/#respond"]}]},{"@type":"WebPage","@id":"https:\/\/blogs.uef.fi\/humanistit-uudistuvassa-tyoelamassa\/2021\/03\/25\/haku-paalle-5-humanistien-tyoelamaviikko-verkossa-19-23-4-2021\/","url":"https:\/\/blogs.uef.fi\/humanistit-uudistuvassa-tyoelamassa\/2021\/03\/25\/haku-paalle-5-humanistien-tyoelamaviikko-verkossa-19-23-4-2021\/","name":"Haku p\u00e4\u00e4lle 5 \u2013 Humanistien ty\u00f6el\u00e4m\u00e4viikko verkossa 19.\u201323.4.2021 - HUMUS \u2013 Humanistit uudistuvassa ty\u00f6el\u00e4m\u00e4ss\u00e4","isPartOf":{"@id":"https:\/\/blogs.uef.fi\/humanistit-uudistuvassa-tyoelamassa\/#website"},"primaryImageOfPage":{"@id":"https:\/\/blogs.uef.fi\/humanistit-uudistuvassa-tyoelamassa\/2021\/03\/25\/haku-paalle-5-humanistien-tyoelamaviikko-verkossa-19-23-4-2021\/#primaryimage"},"image":{"@id":"https:\/\/blogs.uef.fi\/humanistit-uudistuvassa-tyoelamassa\/2021\/03\/25\/haku-paalle-5-humanistien-tyoelamaviikko-verkossa-19-23-4-2021\/#primaryimage"},"thumbnailUrl":"https:\/\/blogs.uef.fi\/humanistit-uudistuvassa-tyoelamassa\/wp-content\/uploads\/sites\/113\/2021\/03\/2828_UEF_1080x1080_opiskelijoille.png","datePublished":"2021-03-25T14:36:21+00:00","dateModified":"2021-12-30T10:26:12+00:00","author":{"@id":"https:\/\/blogs.uef.fi\/humanistit-uudistuvassa-tyoelamassa\/#\/schema\/person\/2a8dd39b2285e1f0f8b2a15f542fa9ff"},"breadcrumb":{"@id":"https:\/\/blogs.uef.fi\/humanistit-uudistuvassa-tyoelamassa\/2021\/03\/25\/haku-paalle-5-humanistien-tyoelamaviikko-verkossa-19-23-4-2021\/#breadcrumb"},"inLanguage":"fi","potentialAction":[{"@type":"ReadAction","target":["https:\/\/blogs.uef.fi\/humanistit-uudistuvassa-tyoelamassa\/2021\/03\/25\/haku-paalle-5-humanistien-tyoelamaviikko-verkossa-19-23-4-2021\/"]}]},{"@type":"ImageObject","inLanguage":"fi","@id":"https:\/\/blogs.uef.fi\/humanistit-uudistuvassa-tyoelamassa\/2021\/03\/25\/haku-paalle-5-humanistien-tyoelamaviikko-verkossa-19-23-4-2021\/#primaryimage","url":"https:\/\/blogs.uef.fi\/humanistit-uudistuvassa-tyoelamassa\/wp-content\/uploads\/sites\/113\/2021\/03\/2828_UEF_1080x1080_opiskelijoille.png","contentUrl":"https:\/\/blogs.uef.fi\/humanistit-uudistuvassa-tyoelamassa\/wp-content\/uploads\/sites\/113\/2021\/03\/2828_UEF_1080x1080_opiskelijoille.png","width":2250,"height":2250,"caption":"Haku p\u00e4\u00e4lle 5 - Humanistien ty\u00f6el\u00e4m\u00e4viikko verkossa 19.-23.4.2021"},{"@type":"BreadcrumbList","@id":"https:\/\/blogs.uef.fi\/humanistit-uudistuvassa-tyoelamassa\/2021\/03\/25\/haku-paalle-5-humanistien-tyoelamaviikko-verkossa-19-23-4-2021\/#breadcrumb","itemListElement":[{"@type":"ListItem","position":1,"name":"Home","item":"https:\/\/blogs.uef.fi\/humanistit-uudistuvassa-tyoelamassa\/"},{"@type":"ListItem","position":2,"name":"Haku p\u00e4\u00e4lle 5 \u2013 Humanistien ty\u00f6el\u00e4m\u00e4viikko verkossa 19.\u201323.4.2021"}]},{"@type":"WebSite","@id":"https:\/\/blogs.uef.fi\/humanistit-uudistuvassa-tyoelamassa\/#website","url":"https:\/\/blogs.uef.fi\/humanistit-uudistuvassa-tyoelamassa\/","name":"HUMUS \u2013 Humanistit uudistuvassa ty\u00f6el\u00e4m\u00e4ss\u00e4","description":"","potentialAction":[{"@type":"SearchAction","target":{"@type":"EntryPoint","urlTemplate":"https:\/\/blogs.uef.fi\/humanistit-uudistuvassa-tyoelamassa\/?s={search_term_string}"},"query-input":{"@type":"PropertyValueSpecification","valueRequired":true,"valueName":"search_term_string"}}],"inLanguage":"fi"},{"@type":"Person","@id":"https:\/\/blogs.uef.fi\/humanistit-uudistuvassa-tyoelamassa\/#\/schema\/person\/2a8dd39b2285e1f0f8b2a15f542fa9ff","name":"Sini Heinoja","image":{"@type":"ImageObject","inLanguage":"fi","@id":"https:\/\/secure.gravatar.com\/avatar\/e26b7b6234f0e3dfbe287cd2d81eea31d8a9e7d7265142f403762dfa4aa14903?s=96&d=mm&r=g","url":"https:\/\/secure.gravatar.com\/avatar\/e26b7b6234f0e3dfbe287cd2d81eea31d8a9e7d7265142f403762dfa4aa14903?s=96&d=mm&r=g","contentUrl":"https:\/\/secure.gravatar.com\/avatar\/e26b7b6234f0e3dfbe287cd2d81eea31d8a9e7d7265142f403762dfa4aa14903?s=96&d=mm&r=g","caption":"Sini Heinoja"},"url":"https:\/\/blogs.uef.fi\/humanistit-uudistuvassa-tyoelamassa\/author\/sinihei\/"}]}},"_links":{"self":[{"href":"https:\/\/blogs.uef.fi\/humanistit-uudistuvassa-tyoelamassa\/wp-json\/wp\/v2\/posts\/1101","targetHints":{"allow":["GET"]}}],"collection":[{"href":"https:\/\/blogs.uef.fi\/humanistit-uudistuvassa-tyoelamassa\/wp-json\/wp\/v2\/posts"}],"about":[{"href":"https:\/\/blogs.uef.fi\/humanistit-uudistuvassa-tyoelamassa\/wp-json\/wp\/v2\/types\/post"}],"author":[{"embeddable":true,"href":"https:\/\/blogs.uef.fi\/humanistit-uudistuvassa-tyoelamassa\/wp-json\/wp\/v2\/users\/285"}],"replies":[{"embeddable":true,"href":"https:\/\/blogs.uef.fi\/humanistit-uudistuvassa-tyoelamassa\/wp-json\/wp\/v2\/comments?post=1101"}],"version-history":[{"count":3,"href":"https:\/\/blogs.uef.fi\/humanistit-uudistuvassa-tyoelamassa\/wp-json\/wp\/v2\/posts\/1101\/revisions"}],"predecessor-version":[{"id":1746,"href":"https:\/\/blogs.uef.fi\/humanistit-uudistuvassa-tyoelamassa\/wp-json\/wp\/v2\/posts\/1101\/revisions\/1746"}],"wp:attachment":[{"href":"https:\/\/blogs.uef.fi\/humanistit-uudistuvassa-tyoelamassa\/wp-json\/wp\/v2\/media?parent=1101"}],"wp:term":[{"taxonomy":"category","embeddable":true,"href":"https:\/\/blogs.uef.fi\/humanistit-uudistuvassa-tyoelamassa\/wp-json\/wp\/v2\/categories?post=1101"},{"taxonomy":"post_tag","embeddable":true,"href":"https:\/\/blogs.uef.fi\/humanistit-uudistuvassa-tyoelamassa\/wp-json\/wp\/v2\/tags?post=1101"}],"curies":[{"name":"wp","href":"https:\/\/api.w.org\/{rel}","templated":true}]}}