{"id":973,"date":"2023-10-11T11:31:57","date_gmt":"2023-10-11T08:31:57","guid":{"rendered":"https:\/\/blogs.uef.fi\/hugi\/?p=973"},"modified":"2025-07-31T08:12:37","modified_gmt":"2025-07-31T05:12:37","slug":"huhuja-humanisteista-podcast","status":"publish","type":"post","link":"https:\/\/blogs.uef.fi\/hugi\/2023\/10\/11\/huhuja-humanisteista-podcast\/","title":{"rendered":"Huhuja humanisteista -podcast"},"content":{"rendered":"\n<p>Kun periaatteessa humanistia kiinnostaa kaikki, mihin suuntautua opinnoissa ja opintojen j\u00e4lkeen? Miten ty\u00f6el\u00e4m\u00e4\u00e4n kannattaa valmistautua? Huhuja humanisteista -podcastissa humanistiopiskelijat keskustelevat vieraidensa kanssa muun muassa humanistien vahvuuksista ty\u00f6el\u00e4m\u00e4ss\u00e4, ty\u00f6nhaun strategioista ja ammatillisen identiteetin rakentumisesta. Podcastin toisen tuotantokauden viisi jaksoa toteutettiin Projektity\u00f6-kurssilla lukuvuonna 2022\u20132023.<\/p>\n\n\n\n<p>Podcast on kuunneltavissa <a href=\"https:\/\/open.spotify.com\/show\/2nHPZRzM8NRaIUlKFiYChJ?si=d5529eda5bf54aed&amp;nd=1\">Spotifyssa<\/a>,&nbsp;<a href=\"https:\/\/podcasts.apple.com\/us\/podcast\/huhuja-humanisteista-podcast\/id1620892233\">Apple podcasteissa,<\/a><a href=\"https:\/\/soundcloud.com\/huhujahumanisteista\"> Soundcloudissa<\/a> ja muissa yleisimmiss\u00e4 podcastalustoissa. (Linkit podcast-alustoille avautuvat uuteen ikkunaan.)<\/p>\n\n\n\n<figure class=\"wp-block-image\"><img loading=\"lazy\" decoding=\"async\" width=\"1517\" height=\"1471\" src=\"https:\/\/blogs.uef.fi\/hugi\/wp-content\/uploads\/sites\/22\/2023\/10\/Podcastkuva.png\" alt=\"\" class=\"wp-image-1000\" srcset=\"https:\/\/blogs.uef.fi\/hugi\/wp-content\/uploads\/sites\/22\/2023\/10\/Podcastkuva.png 1517w, https:\/\/blogs.uef.fi\/hugi\/wp-content\/uploads\/sites\/22\/2023\/10\/Podcastkuva-768x745.png 768w\" sizes=\"auto, (max-width: 1517px) 100vw, 1517px\" \/><\/figure>\n\n\n\n<p><strong>Jakso 1\/5 Pit\u00e4isik\u00f6 olla jo jotakin hajua?! Fuksin\u00e4k\u00f6kulmia ty\u00f6llistymiseen<\/strong><\/p>\n\n\n\n<p>Suorituskeskeinen yhteiskunta saattaa aiheuttaa p\u00e4\u00e4nvaivaa ja huolta opiskelijoissa. Pit\u00e4\u00e4k\u00f6 ty\u00f6llistymist\u00e4 mietti\u00e4 heti ensimm\u00e4isen\u00e4 opiskeluvuonna? Miten suhtautua rakentavasti opintoihin liittyv\u00e4\u00e4n ep\u00e4varmuuteen? N\u00e4it\u00e4 kysymyksi\u00e4 ratkovat opiskelijat Pipsa Humalam\u00e4ki ja Riina Ruuska yhdess\u00e4 suomen kielen nelj\u00e4nnen vuoden opiskelija Ville M\u00e4en ja kirjallisuuden yliopisto-opettaja Sanna J\u00e4\u00e4skel\u00e4isen kanssa. Molemmat vieraat ovat It\u00e4-Suomen yliopistosta.<\/p>\n\n\n\n<p>Jakson leikkaus: Pipsa Humalam\u00e4ki ja Riina Ruuska<\/p>\n\n\n\n<p>Jakson j\u00e4lkik\u00e4sittely: Eila Karkinen<\/p>\n\n\n\n<p><a href=\"https:\/\/soundcloud.com\/huhujahumanisteista\/jakso-15-pitaisiko-olla-jo-jotakin-hajua-fuksinakokulmia-tyollistymiseen?in=huhujahumanisteista\/sets\/huhuja-humanisteista-podcast-2023\">Linkki jaksoon (SoundCloud)<\/a>.<\/p>\n\n\n\n<p><a href=\"https:\/\/blogs.uef.fi\/hugi\/wp-content\/uploads\/sites\/22\/2023\/10\/HH2-podcast-jakso-1-tekstivastine-1.pdf\">Jakson 1 tekstivastine<\/a><\/p>\n\n\n\n<p><strong>Jakso 2\/5 V\u00e4h\u00e4n niin kuin muovailuvahaa \u2013 Humanisti ammatillista identiteetti\u00e4 rakentamassa<\/strong><\/p>\n\n\n\n<p>M\u00e4\u00e4ritt\u00e4v\u00e4tk\u00f6 kurssivalinnat urapolun suunnan? Miten tunnistaa omat vahvuudet ja miten niit\u00e4 sanoitetaan? Mist\u00e4 hakea tukea oman urapolun hahmottamiseen? Jaksossa k\u00e4sitell\u00e4\u00e4n humanistien ammatillisen identiteetin rakentumista opintojen aikana. Aiheen pariin johdattavat opiskelijat Pinja Kuntola ja Janita Kauppinen. Jakson vieraina ovat Joensuun kaupungin viestint\u00e4p\u00e4\u00e4llikk\u00f6 Petri Varis ja It\u00e4-Suomen yliopiston nuorempi tutkija Irene Taipale.<\/p>\n\n\n\n<p>Lis\u00e4tietoa ty\u00f6nhausta ja urasuunnittelusta:<\/p>\n\n\n\n<ul class=\"wp-block-list\">\n<li><a href=\"https:\/\/kamu.uef.fi\/tietopankki\/urasuunnittelu-ja-tyonhaku\/urapalvelut\/\">It\u00e4-Suomen yliopiston urapalvelujen tarjonta<\/a><\/li>\n\n\n\n<li><a href=\"https:\/\/luotsijoensuu.fi\">Joensuun kaupungin ty\u00f6llisyyspalvelut (Luotsi)<\/a><\/li>\n\n\n\n<li><a href=\"https:\/\/ohjaamot.fi\/web\/ohjaamo-joensuu\">Joensuun kaupungin palvelut ty\u00f6nhakuun ja tulevaisuuden suunnitteluun (Ohjaamo)<\/a><\/li>\n\n\n\n<li><a href=\"https:\/\/toissa.fi\/\">Ammattivaihtoehtoja p\u00e4\u00e4aineittain (t\u00f6iss\u00e4.fi)<\/a><\/li>\n\n\n\n<li><a href=\"https:\/\/olenhumanisti.fi\/\">Humanistitarinoita (Olen humanisti -kampanja)<\/a><\/li>\n<\/ul>\n\n\n\n<p>Jakson leikkaus: Janita Kauppinen ja Pinja Kuntola<\/p>\n\n\n\n<p>Jakson j\u00e4lkik\u00e4sittely: Eila Karkinen<\/p>\n\n\n\n<p><a href=\"https:\/\/soundcloud.com\/huhujahumanisteista\/jakso-25-vahan-niin-kuin-muovailuvahaa-humanisti-ammatillista-identiteettia-rakentamassa?in=huhujahumanisteista\/sets\/huhuja-humanisteista-podcast-2023\">Linkki jaksoon (SoundCloud).<\/a><\/p>\n\n\n\n<p><a href=\"https:\/\/blogs.uef.fi\/hugi\/wp-content\/uploads\/sites\/22\/2023\/10\/HH2-podcast-jakso-2-tekstivastine.pdf\">Jakson 2 tekstivastine<\/a><\/p>\n\n\n\n<p><strong>Jakso 3\/5 Se on niin silmi\u00e4 avaavaa! Ty\u00f6harjoittelusta kohti omaa alaa<\/strong><\/p>\n\n\n\n<p>Millaista osaamista ty\u00f6harjoittelu antaa opiskelijalle? Ent\u00e4 millaisia mahdollisuuksia humanistiharjoittelijan palkkaaminen tarjoaa ty\u00f6nantajalle? Asiantuntijuutta kehitt\u00e4v\u00e4n ty\u00f6harjoittelun ytimeen pureutuvat opiskelijat Jutta Ekman ja Sinja Ylisiurua. N\u00e4kemyksi\u00e4\u00e4n aiheesta ovat jakavat ty\u00f6harjoittelun kautta Youpret oy:n ty\u00f6llistynyt Olga Holopainen sek\u00e4 lukuisia humanistien ty\u00f6harjoitteluja ohjannut sanomalehti Karjalan Heilin p\u00e4\u00e4toimittaja Hanna K\u00e4yhk\u00f6.<\/p>\n\n\n\n<p><strong>Jutan ja Sinjan harjoittelut\u00e4rpit:<\/strong><\/p>\n\n\n\n<p>&#8211; <strong>Kartoita<\/strong> ensin, milloin ja millainen harkka sinua kiinnostaa! Pid\u00e4 silm\u00e4ll\u00e4 Viva Engagea, <a href=\"https:\/\/www.jobteaser.com\/fi\/home\">JobTeaseria<\/a> ja<a href=\"https:\/\/toimistot.te-palvelut.fi\/\"> TE-palvelujen sivuja<\/a>, <a href=\"https:\/\/www.kuntarekry.fi\/\">Kuntarekry\u00e4<\/a> ja <a href=\"https:\/\/www.valtiolle.fi\/fi-FI\">valtiolle.fi<\/a>-sivuja sek\u00e4 kiinnostavia ty\u00f6nantajia. Muista my\u00f6s piiloty\u00f6paikat!<\/p>\n\n\n\n<p>&#8211;<strong>Hae yliopiston harjoittelutukea<\/strong>, kun sinulla on harjoittelupaikka tiedossa. Tukeen on jatkuva haku ja sen voi saada kerran opintojen aikana. Harjoittelutukea voi hakea kaikkiin muihin paitsi pedagogisiin harjoitteluihin.<\/p>\n\n\n\n<p><span style=\"font-style: inherit;font-weight: inherit\">&#8211;<strong> Harjoittelutuki<\/strong> koskee p\u00e4\u00e4asiallisesti maisterivaiheen opintoja. Opiskelijan tulee olla ty\u00f6harjoittelun aikana ilmoittautunut l\u00e4sn\u00e4 olevaksi opiskelijaksi. Harjoittelu voi olla kokoaikaty\u00f6t\u00e4 v\u00e4hint\u00e4\u00e4n kahden kuukauden ajan tai vastaava ty\u00f6m\u00e4\u00e4r\u00e4 osa-aikaty\u00f6n\u00e4. Harjoittelun keston on oltava 2-6 kuukautta. Ty\u00f6suhde voi olla pidempikin, mutta harjoittelutuki my\u00f6nnet\u00e4\u00e4n vain tuolle ajalle. Ty\u00f6teht\u00e4vien tulee soveltua omaan alaan, ja ne tulee varmistuttaa amanuenssilla (vaatimukset voi alustavasti tarkistaa Asiantuntijuutta kehitt\u00e4v\u00e4n ty\u00f6harjoittelun opintojakson kuvauksesta).<\/span><\/p>\n\n\n\n<p><span style=\"font-style: inherit;font-weight: inherit\">&#8211; <strong>Tee harjoittelusopimus<\/strong>, kun olet sopinut harjoittelun sopivuudesta amanuenssin kanssa. Harjoittelusopimus l\u00f6ytyy <a href=\"https:\/\/kamu.uef.fi\/tietopankki\/urasuunnittelu-ja-tyonhaku\/tyoharjoittelu\/\">Kamusta<\/a>. Sopimuksen voi t\u00e4ytt\u00e4\u00e4 s\u00e4hk\u00f6isesti. T\u00e4ytetty harjoittelusopimus toimitetaan yliopistolle ja ty\u00f6nantajalle.<\/span><\/p>\n\n\n\n<p><span style=\"font-style: inherit;font-weight: inherit\">&#8211; <strong>Tee ty\u00f6sopimus<\/strong> harjoittelupaikan kanssa. Ty\u00f6sopimus j\u00e4\u00e4 sinulle ja ty\u00f6nantajalle.<\/span><\/p>\n\n\n\n<p><span style=\"font-style: inherit;font-weight: inherit\">&#8211; <strong>Raportti.<\/strong> Jotta saat harjoittelusta opintopisteet, sinun tulee kirjoittaa siit\u00e4 raportti. Kirjoita raporttia mielell\u00e4\u00e4n jo ty\u00f6harkan aikana.<\/span><\/p>\n\n\n\n<p><span style=\"font-style: inherit;font-weight: inherit\">&#8211; <strong>Pyyd\u00e4 ty\u00f6todistus.<\/strong> Tarvitset sen raportin liitteeksi sek\u00e4 my\u00f6hemmin ty\u00f6el\u00e4m\u00e4ss\u00e4.<\/span><\/p>\n\n\n\n<p>Tsemppi\u00e4 harkkaan!<\/p>\n\n\n\n<p>Jakson leikkaus: Jutta Ekman ja Sinja Ylisiurua<\/p>\n\n\n\n<p>Jakson j\u00e4lkik\u00e4sittely: Eila Karkinen<\/p>\n\n\n\n<p><a href=\"https:\/\/soundcloud.com\/huhujahumanisteista\/jakso-35-se-on-niin-silmia-avaavaa-tyoharjoittelusta-kohti-omaa-alaa?in=huhujahumanisteista\/sets\/huhuja-humanisteista-podcast-2023\">Linkki jaksoon (SoundCloud)<\/a><\/p>\n\n\n\n<p><a href=\"https:\/\/blogs.uef.fi\/hugi\/wp-content\/uploads\/sites\/22\/2023\/10\/HH2-podcast-jakso-3-tekstivastine.pdf\">Jakson 3 tekstivastine<\/a><\/p>\n\n\n\n<p><strong>Jakso 4\/5 M\u00f6rk\u00f6 s\u00e4ngyn alla ja muita vinkkej\u00e4 ty\u00f6nhakuun <\/strong><\/p>\n\n\n\n<p>Mit\u00e4 humanistisilta aloilta valmistuva voi tehd\u00e4 parantaakseen asemiaan ty\u00f6markkinoilla? Jatkaako opintoja, p\u00e4ivitt\u00e4\u00e4k\u00f6 portfoliota vai hakeutuako aloille, joille humanistin ei koskaan kuvittelisi hakeutuvan? Kuinka erottautua rekrytoinnissa? Onko LinkedIni\u00e4 pakko k\u00e4ytt\u00e4\u00e4? Jaksossa opiskelijat Atte Hyrynkangas ja Verneri Enberg pohtivat opintojen j\u00e4lkeist\u00e4 aikaa erityisesti generalistien n\u00e4k\u00f6kulmasta. Jakson vieraina ovat Mantsinen Group oy:n markkinointikoordinaattori Mari Riissanen ja Maahanmuuttoviraston ylitarkastaja Rasmus P\u00e4ivinen.<\/p>\n\n\n\n<p>Jakson leikkaus: Verneri Enberg, Atte Hyrynkangas ja Miro Korhonen<\/p>\n\n\n\n<p>Jakson j\u00e4lkik\u00e4sittely: Eila Karkinen<\/p>\n\n\n\n<p><a href=\"https:\/\/soundcloud.com\/huhujahumanisteista\/jakso-45-morko-sangyn-alla-ja-muita-vinkkeja-tyonhakuun\">Linkki jaksoon (SoundCloud).<\/a><\/p>\n\n\n\n<p><a href=\"https:\/\/blogs.uef.fi\/hugi\/wp-content\/uploads\/sites\/22\/2023\/10\/HH2-podcast-jakso-4-tekstivastine.pdf\">Jakson 4 tekstivastine<\/a><\/p>\n\n\n\n<p><strong>Jakso 5\/5 Avointa mielt\u00e4 ja arjen kohtaamisia \u2013 Humanistit kansainv\u00e4lisin\u00e4 osaajina<\/strong><\/p>\n\n\n\n<p>Mit\u00e4 humanisti voi tehd\u00e4 opintojensa aikana ja ty\u00f6el\u00e4m\u00e4ss\u00e4 kehitt\u00e4\u00e4kseen kansainv\u00e4lisyysosaamistaan? Millaista apua humanisti voi tarjota yrityksille kansainv\u00e4lisyyteen liittyviss\u00e4 kysymyksiss\u00e4? Ent\u00e4 miksi kosketus eri kieliin ja kulttuureihin omassa arjessa on t\u00e4rke\u00e4\u00e4? N\u00e4ist\u00e4 aiheista keskustelee opiskelija Elsa Malinen yhdess\u00e4 Cordial Communications oy:n toimitusjohtaja Anu Ruusilan ja suomen kielen maisteriopiskelija Sohvi Pesosen kanssa.<\/p>\n\n\n\n<p>Jakson leikkaus: Saara Kailasalo ja Elsa Malinen<\/p>\n\n\n\n<p>Jakson j\u00e4lkik\u00e4sittely: Eila Karkinen<\/p>\n\n\n\n<p><a href=\"https:\/\/soundcloud.com\/huhujahumanisteista\/jakso-55-avointa-mielta-ja-arjen-kohtaamisia-humanistit-kansainvalisina-osaajina\">Linkki jaksoon (SoundCloud).<\/a><\/p>\n\n\n\n<p><a href=\"https:\/\/blogs.uef.fi\/hugi\/wp-content\/uploads\/sites\/22\/2023\/10\/HH2-podcast-jakso-5-tekstivastine.pdf\">Jakson 5 tekstivastine<\/a><\/p>\n\n\n\n<p><strong>Anna Logr\u00e9n<\/strong><\/p>\n\n\n\n<p>Projektip\u00e4\u00e4llikk\u00f6\/CUDIS-hanke<\/p>\n","protected":false},"excerpt":{"rendered":"<p>Kun periaatteessa humanistia kiinnostaa kaikki, mihin suuntautua opinnoissa ja opintojen j\u00e4lkeen? Miten ty\u00f6el\u00e4m\u00e4\u00e4n kannattaa valmistautua? Huhuja humanisteista -podcastissa humanistiopiskelijat keskustelevat vieraidensa kanssa muun muassa humanistien vahvuuksista ty\u00f6el\u00e4m\u00e4ss\u00e4, ty\u00f6nhaun strategioista ja ammatillisen identiteetin rakentumisesta. Podcastin toisen tuotantokauden viisi jaksoa toteutettiin Projektity\u00f6-kurssilla lukuvuonna 2022\u20132023. Podcast on kuunneltavissa Spotifyssa,&nbsp;Apple podcasteissa, Soundcloudissa ja muissa yleisimmiss\u00e4 podcastalustoissa. (Linkit podcast-alustoille avautuvat [&hellip;]<\/p>\n","protected":false},"author":552,"featured_media":0,"comment_status":"closed","ping_status":"closed","sticky":false,"template":"","format":"standard","meta":{"_acf_changed":false,"footnotes":""},"categories":[1],"tags":[],"class_list":["post-973","post","type-post","status-publish","format-standard","hentry","category-uncategorized"],"acf":[],"yoast_head":"<!-- This site is optimized with the Yoast SEO plugin v27.3 - https:\/\/yoast.com\/product\/yoast-seo-wordpress\/ -->\n<title>Huhuja humanisteista -podcast - HUGI - HUMANISTISEN OSASTON BLOGI<\/title>\n<meta name=\"robots\" content=\"index, follow, max-snippet:-1, max-image-preview:large, max-video-preview:-1\" \/>\n<link rel=\"canonical\" href=\"https:\/\/blogs.uef.fi\/hugi\/2023\/10\/11\/huhuja-humanisteista-podcast\/\" \/>\n<meta property=\"og:locale\" content=\"fi_FI\" \/>\n<meta property=\"og:type\" content=\"article\" \/>\n<meta property=\"og:title\" content=\"Huhuja humanisteista -podcast - HUGI - HUMANISTISEN OSASTON BLOGI\" \/>\n<meta property=\"og:description\" content=\"Kun periaatteessa humanistia kiinnostaa kaikki, mihin suuntautua opinnoissa ja opintojen j\u00e4lkeen? Miten ty\u00f6el\u00e4m\u00e4\u00e4n kannattaa valmistautua? Huhuja humanisteista -podcastissa humanistiopiskelijat keskustelevat vieraidensa kanssa muun muassa humanistien vahvuuksista ty\u00f6el\u00e4m\u00e4ss\u00e4, ty\u00f6nhaun strategioista ja ammatillisen identiteetin rakentumisesta. Podcastin toisen tuotantokauden viisi jaksoa toteutettiin Projektity\u00f6-kurssilla lukuvuonna 2022\u20132023. Podcast on kuunneltavissa Spotifyssa,&nbsp;Apple podcasteissa, Soundcloudissa ja muissa yleisimmiss\u00e4 podcastalustoissa. (Linkit podcast-alustoille avautuvat [&hellip;]\" \/>\n<meta property=\"og:url\" content=\"https:\/\/blogs.uef.fi\/hugi\/2023\/10\/11\/huhuja-humanisteista-podcast\/\" \/>\n<meta property=\"og:site_name\" content=\"HUGI - HUMANISTISEN OSASTON BLOGI\" \/>\n<meta property=\"article:published_time\" content=\"2023-10-11T08:31:57+00:00\" \/>\n<meta property=\"article:modified_time\" content=\"2025-07-31T05:12:37+00:00\" \/>\n<meta property=\"og:image\" content=\"https:\/\/blogs.uef.fi\/hugi\/wp-content\/uploads\/sites\/22\/2023\/10\/Podcastkuva.png\" \/>\n\t<meta property=\"og:image:width\" content=\"1517\" \/>\n\t<meta property=\"og:image:height\" content=\"1471\" \/>\n\t<meta property=\"og:image:type\" content=\"image\/png\" \/>\n<meta name=\"author\" content=\"HUGI\" \/>\n<meta name=\"twitter:card\" content=\"summary_large_image\" \/>\n<meta name=\"twitter:label1\" content=\"Kirjoittanut\" \/>\n\t<meta name=\"twitter:data1\" content=\"HUGI\" \/>\n\t<meta name=\"twitter:label2\" content=\"Arvioitu lukuaika\" \/>\n\t<meta name=\"twitter:data2\" content=\"5 minuuttia\" \/>\n<script type=\"application\/ld+json\" class=\"yoast-schema-graph\">{\"@context\":\"https:\\\/\\\/schema.org\",\"@graph\":[{\"@type\":\"Article\",\"@id\":\"https:\\\/\\\/blogs.uef.fi\\\/hugi\\\/2023\\\/10\\\/11\\\/huhuja-humanisteista-podcast\\\/#article\",\"isPartOf\":{\"@id\":\"https:\\\/\\\/blogs.uef.fi\\\/hugi\\\/2023\\\/10\\\/11\\\/huhuja-humanisteista-podcast\\\/\"},\"author\":{\"name\":\"HUGI\",\"@id\":\"https:\\\/\\\/blogs.uef.fi\\\/hugi\\\/#\\\/schema\\\/person\\\/fd686ba8102ded6c5bb0d8c4ef8a3b6f\"},\"headline\":\"Huhuja humanisteista -podcast\",\"datePublished\":\"2023-10-11T08:31:57+00:00\",\"dateModified\":\"2025-07-31T05:12:37+00:00\",\"mainEntityOfPage\":{\"@id\":\"https:\\\/\\\/blogs.uef.fi\\\/hugi\\\/2023\\\/10\\\/11\\\/huhuja-humanisteista-podcast\\\/\"},\"wordCount\":781,\"image\":{\"@id\":\"https:\\\/\\\/blogs.uef.fi\\\/hugi\\\/2023\\\/10\\\/11\\\/huhuja-humanisteista-podcast\\\/#primaryimage\"},\"thumbnailUrl\":\"https:\\\/\\\/blogs.uef.fi\\\/hugi\\\/wp-content\\\/uploads\\\/sites\\\/22\\\/2023\\\/10\\\/Podcastkuva.png\",\"articleSection\":[\"Uncategorized\"],\"inLanguage\":\"fi\"},{\"@type\":\"WebPage\",\"@id\":\"https:\\\/\\\/blogs.uef.fi\\\/hugi\\\/2023\\\/10\\\/11\\\/huhuja-humanisteista-podcast\\\/\",\"url\":\"https:\\\/\\\/blogs.uef.fi\\\/hugi\\\/2023\\\/10\\\/11\\\/huhuja-humanisteista-podcast\\\/\",\"name\":\"Huhuja humanisteista -podcast - HUGI - HUMANISTISEN OSASTON BLOGI\",\"isPartOf\":{\"@id\":\"https:\\\/\\\/blogs.uef.fi\\\/hugi\\\/#website\"},\"primaryImageOfPage\":{\"@id\":\"https:\\\/\\\/blogs.uef.fi\\\/hugi\\\/2023\\\/10\\\/11\\\/huhuja-humanisteista-podcast\\\/#primaryimage\"},\"image\":{\"@id\":\"https:\\\/\\\/blogs.uef.fi\\\/hugi\\\/2023\\\/10\\\/11\\\/huhuja-humanisteista-podcast\\\/#primaryimage\"},\"thumbnailUrl\":\"https:\\\/\\\/blogs.uef.fi\\\/hugi\\\/wp-content\\\/uploads\\\/sites\\\/22\\\/2023\\\/10\\\/Podcastkuva.png\",\"datePublished\":\"2023-10-11T08:31:57+00:00\",\"dateModified\":\"2025-07-31T05:12:37+00:00\",\"author\":{\"@id\":\"https:\\\/\\\/blogs.uef.fi\\\/hugi\\\/#\\\/schema\\\/person\\\/fd686ba8102ded6c5bb0d8c4ef8a3b6f\"},\"breadcrumb\":{\"@id\":\"https:\\\/\\\/blogs.uef.fi\\\/hugi\\\/2023\\\/10\\\/11\\\/huhuja-humanisteista-podcast\\\/#breadcrumb\"},\"inLanguage\":\"fi\",\"potentialAction\":[{\"@type\":\"ReadAction\",\"target\":[\"https:\\\/\\\/blogs.uef.fi\\\/hugi\\\/2023\\\/10\\\/11\\\/huhuja-humanisteista-podcast\\\/\"]}]},{\"@type\":\"ImageObject\",\"inLanguage\":\"fi\",\"@id\":\"https:\\\/\\\/blogs.uef.fi\\\/hugi\\\/2023\\\/10\\\/11\\\/huhuja-humanisteista-podcast\\\/#primaryimage\",\"url\":\"https:\\\/\\\/blogs.uef.fi\\\/hugi\\\/wp-content\\\/uploads\\\/sites\\\/22\\\/2023\\\/10\\\/Podcastkuva.png\",\"contentUrl\":\"https:\\\/\\\/blogs.uef.fi\\\/hugi\\\/wp-content\\\/uploads\\\/sites\\\/22\\\/2023\\\/10\\\/Podcastkuva.png\",\"width\":1517,\"height\":1471,\"caption\":\"Huhuja humanisteista -podcastin logo.\"},{\"@type\":\"BreadcrumbList\",\"@id\":\"https:\\\/\\\/blogs.uef.fi\\\/hugi\\\/2023\\\/10\\\/11\\\/huhuja-humanisteista-podcast\\\/#breadcrumb\",\"itemListElement\":[{\"@type\":\"ListItem\",\"position\":1,\"name\":\"Home\",\"item\":\"https:\\\/\\\/blogs.uef.fi\\\/hugi\\\/\"},{\"@type\":\"ListItem\",\"position\":2,\"name\":\"Huhuja humanisteista -podcast\"}]},{\"@type\":\"WebSite\",\"@id\":\"https:\\\/\\\/blogs.uef.fi\\\/hugi\\\/#website\",\"url\":\"https:\\\/\\\/blogs.uef.fi\\\/hugi\\\/\",\"name\":\"HUGI - HUMANISTISEN OSASTON BLOGI\",\"description\":\"\",\"potentialAction\":[{\"@type\":\"SearchAction\",\"target\":{\"@type\":\"EntryPoint\",\"urlTemplate\":\"https:\\\/\\\/blogs.uef.fi\\\/hugi\\\/?s={search_term_string}\"},\"query-input\":{\"@type\":\"PropertyValueSpecification\",\"valueRequired\":true,\"valueName\":\"search_term_string\"}}],\"inLanguage\":\"fi\"},{\"@type\":\"Person\",\"@id\":\"https:\\\/\\\/blogs.uef.fi\\\/hugi\\\/#\\\/schema\\\/person\\\/fd686ba8102ded6c5bb0d8c4ef8a3b6f\",\"name\":\"HUGI\",\"image\":{\"@type\":\"ImageObject\",\"inLanguage\":\"fi\",\"@id\":\"https:\\\/\\\/secure.gravatar.com\\\/avatar\\\/5832e7744527a7d80f312ec8520ca07d83a9268a271d25d310532ccc8e4ed9ab?s=96&d=mm&r=g\",\"url\":\"https:\\\/\\\/secure.gravatar.com\\\/avatar\\\/5832e7744527a7d80f312ec8520ca07d83a9268a271d25d310532ccc8e4ed9ab?s=96&d=mm&r=g\",\"contentUrl\":\"https:\\\/\\\/secure.gravatar.com\\\/avatar\\\/5832e7744527a7d80f312ec8520ca07d83a9268a271d25d310532ccc8e4ed9ab?s=96&d=mm&r=g\",\"caption\":\"HUGI\"},\"url\":\"https:\\\/\\\/blogs.uef.fi\\\/hugi\\\/author\\\/anuhuovi\\\/\"}]}<\/script>\n<!-- \/ Yoast SEO plugin. -->","yoast_head_json":{"title":"Huhuja humanisteista -podcast - HUGI - HUMANISTISEN OSASTON BLOGI","robots":{"index":"index","follow":"follow","max-snippet":"max-snippet:-1","max-image-preview":"max-image-preview:large","max-video-preview":"max-video-preview:-1"},"canonical":"https:\/\/blogs.uef.fi\/hugi\/2023\/10\/11\/huhuja-humanisteista-podcast\/","og_locale":"fi_FI","og_type":"article","og_title":"Huhuja humanisteista -podcast - HUGI - HUMANISTISEN OSASTON BLOGI","og_description":"Kun periaatteessa humanistia kiinnostaa kaikki, mihin suuntautua opinnoissa ja opintojen j\u00e4lkeen? Miten ty\u00f6el\u00e4m\u00e4\u00e4n kannattaa valmistautua? Huhuja humanisteista -podcastissa humanistiopiskelijat keskustelevat vieraidensa kanssa muun muassa humanistien vahvuuksista ty\u00f6el\u00e4m\u00e4ss\u00e4, ty\u00f6nhaun strategioista ja ammatillisen identiteetin rakentumisesta. Podcastin toisen tuotantokauden viisi jaksoa toteutettiin Projektity\u00f6-kurssilla lukuvuonna 2022\u20132023. Podcast on kuunneltavissa Spotifyssa,&nbsp;Apple podcasteissa, Soundcloudissa ja muissa yleisimmiss\u00e4 podcastalustoissa. (Linkit podcast-alustoille avautuvat [&hellip;]","og_url":"https:\/\/blogs.uef.fi\/hugi\/2023\/10\/11\/huhuja-humanisteista-podcast\/","og_site_name":"HUGI - HUMANISTISEN OSASTON BLOGI","article_published_time":"2023-10-11T08:31:57+00:00","article_modified_time":"2025-07-31T05:12:37+00:00","og_image":[{"width":1517,"height":1471,"url":"https:\/\/blogs.uef.fi\/hugi\/wp-content\/uploads\/sites\/22\/2023\/10\/Podcastkuva.png","type":"image\/png"}],"author":"HUGI","twitter_card":"summary_large_image","twitter_misc":{"Kirjoittanut":"HUGI","Arvioitu lukuaika":"5 minuuttia"},"schema":{"@context":"https:\/\/schema.org","@graph":[{"@type":"Article","@id":"https:\/\/blogs.uef.fi\/hugi\/2023\/10\/11\/huhuja-humanisteista-podcast\/#article","isPartOf":{"@id":"https:\/\/blogs.uef.fi\/hugi\/2023\/10\/11\/huhuja-humanisteista-podcast\/"},"author":{"name":"HUGI","@id":"https:\/\/blogs.uef.fi\/hugi\/#\/schema\/person\/fd686ba8102ded6c5bb0d8c4ef8a3b6f"},"headline":"Huhuja humanisteista -podcast","datePublished":"2023-10-11T08:31:57+00:00","dateModified":"2025-07-31T05:12:37+00:00","mainEntityOfPage":{"@id":"https:\/\/blogs.uef.fi\/hugi\/2023\/10\/11\/huhuja-humanisteista-podcast\/"},"wordCount":781,"image":{"@id":"https:\/\/blogs.uef.fi\/hugi\/2023\/10\/11\/huhuja-humanisteista-podcast\/#primaryimage"},"thumbnailUrl":"https:\/\/blogs.uef.fi\/hugi\/wp-content\/uploads\/sites\/22\/2023\/10\/Podcastkuva.png","articleSection":["Uncategorized"],"inLanguage":"fi"},{"@type":"WebPage","@id":"https:\/\/blogs.uef.fi\/hugi\/2023\/10\/11\/huhuja-humanisteista-podcast\/","url":"https:\/\/blogs.uef.fi\/hugi\/2023\/10\/11\/huhuja-humanisteista-podcast\/","name":"Huhuja humanisteista -podcast - HUGI - HUMANISTISEN OSASTON BLOGI","isPartOf":{"@id":"https:\/\/blogs.uef.fi\/hugi\/#website"},"primaryImageOfPage":{"@id":"https:\/\/blogs.uef.fi\/hugi\/2023\/10\/11\/huhuja-humanisteista-podcast\/#primaryimage"},"image":{"@id":"https:\/\/blogs.uef.fi\/hugi\/2023\/10\/11\/huhuja-humanisteista-podcast\/#primaryimage"},"thumbnailUrl":"https:\/\/blogs.uef.fi\/hugi\/wp-content\/uploads\/sites\/22\/2023\/10\/Podcastkuva.png","datePublished":"2023-10-11T08:31:57+00:00","dateModified":"2025-07-31T05:12:37+00:00","author":{"@id":"https:\/\/blogs.uef.fi\/hugi\/#\/schema\/person\/fd686ba8102ded6c5bb0d8c4ef8a3b6f"},"breadcrumb":{"@id":"https:\/\/blogs.uef.fi\/hugi\/2023\/10\/11\/huhuja-humanisteista-podcast\/#breadcrumb"},"inLanguage":"fi","potentialAction":[{"@type":"ReadAction","target":["https:\/\/blogs.uef.fi\/hugi\/2023\/10\/11\/huhuja-humanisteista-podcast\/"]}]},{"@type":"ImageObject","inLanguage":"fi","@id":"https:\/\/blogs.uef.fi\/hugi\/2023\/10\/11\/huhuja-humanisteista-podcast\/#primaryimage","url":"https:\/\/blogs.uef.fi\/hugi\/wp-content\/uploads\/sites\/22\/2023\/10\/Podcastkuva.png","contentUrl":"https:\/\/blogs.uef.fi\/hugi\/wp-content\/uploads\/sites\/22\/2023\/10\/Podcastkuva.png","width":1517,"height":1471,"caption":"Huhuja humanisteista -podcastin logo."},{"@type":"BreadcrumbList","@id":"https:\/\/blogs.uef.fi\/hugi\/2023\/10\/11\/huhuja-humanisteista-podcast\/#breadcrumb","itemListElement":[{"@type":"ListItem","position":1,"name":"Home","item":"https:\/\/blogs.uef.fi\/hugi\/"},{"@type":"ListItem","position":2,"name":"Huhuja humanisteista -podcast"}]},{"@type":"WebSite","@id":"https:\/\/blogs.uef.fi\/hugi\/#website","url":"https:\/\/blogs.uef.fi\/hugi\/","name":"HUGI - HUMANISTISEN OSASTON BLOGI","description":"","potentialAction":[{"@type":"SearchAction","target":{"@type":"EntryPoint","urlTemplate":"https:\/\/blogs.uef.fi\/hugi\/?s={search_term_string}"},"query-input":{"@type":"PropertyValueSpecification","valueRequired":true,"valueName":"search_term_string"}}],"inLanguage":"fi"},{"@type":"Person","@id":"https:\/\/blogs.uef.fi\/hugi\/#\/schema\/person\/fd686ba8102ded6c5bb0d8c4ef8a3b6f","name":"HUGI","image":{"@type":"ImageObject","inLanguage":"fi","@id":"https:\/\/secure.gravatar.com\/avatar\/5832e7744527a7d80f312ec8520ca07d83a9268a271d25d310532ccc8e4ed9ab?s=96&d=mm&r=g","url":"https:\/\/secure.gravatar.com\/avatar\/5832e7744527a7d80f312ec8520ca07d83a9268a271d25d310532ccc8e4ed9ab?s=96&d=mm&r=g","contentUrl":"https:\/\/secure.gravatar.com\/avatar\/5832e7744527a7d80f312ec8520ca07d83a9268a271d25d310532ccc8e4ed9ab?s=96&d=mm&r=g","caption":"HUGI"},"url":"https:\/\/blogs.uef.fi\/hugi\/author\/anuhuovi\/"}]}},"_links":{"self":[{"href":"https:\/\/blogs.uef.fi\/hugi\/wp-json\/wp\/v2\/posts\/973","targetHints":{"allow":["GET"]}}],"collection":[{"href":"https:\/\/blogs.uef.fi\/hugi\/wp-json\/wp\/v2\/posts"}],"about":[{"href":"https:\/\/blogs.uef.fi\/hugi\/wp-json\/wp\/v2\/types\/post"}],"author":[{"embeddable":true,"href":"https:\/\/blogs.uef.fi\/hugi\/wp-json\/wp\/v2\/users\/552"}],"replies":[{"embeddable":true,"href":"https:\/\/blogs.uef.fi\/hugi\/wp-json\/wp\/v2\/comments?post=973"}],"version-history":[{"count":2,"href":"https:\/\/blogs.uef.fi\/hugi\/wp-json\/wp\/v2\/posts\/973\/revisions"}],"predecessor-version":[{"id":1714,"href":"https:\/\/blogs.uef.fi\/hugi\/wp-json\/wp\/v2\/posts\/973\/revisions\/1714"}],"wp:attachment":[{"href":"https:\/\/blogs.uef.fi\/hugi\/wp-json\/wp\/v2\/media?parent=973"}],"wp:term":[{"taxonomy":"category","embeddable":true,"href":"https:\/\/blogs.uef.fi\/hugi\/wp-json\/wp\/v2\/categories?post=973"},{"taxonomy":"post_tag","embeddable":true,"href":"https:\/\/blogs.uef.fi\/hugi\/wp-json\/wp\/v2\/tags?post=973"}],"curies":[{"name":"wp","href":"https:\/\/api.w.org\/{rel}","templated":true}]}}