{"id":306,"date":"2021-10-06T08:27:38","date_gmt":"2021-10-06T05:27:38","guid":{"rendered":"https:\/\/blogs.uef.fi\/hugi\/?p=306"},"modified":"2023-12-21T16:19:49","modified_gmt":"2023-12-21T13:19:49","slug":"joensuussakin-on-rakennettu-kielisiltaa-viroon","status":"publish","type":"post","link":"https:\/\/blogs.uef.fi\/hugi\/2021\/10\/06\/joensuussakin-on-rakennettu-kielisiltaa-viroon\/","title":{"rendered":"Joensuussakin on rakennettu kielisiltaa Viroon"},"content":{"rendered":"\n<p>Viime aikoina on sek\u00e4 Suomen ett\u00e4 Viron mediassa k\u00e4yty kiihke\u00e4\u00e4 keskustelua naapurimaan kielen oppimisen ja opettamisen tilanteesta. Suomenlahden kummallakin puolella on huolen aiheena l\u00e4hisukukielen opetuksen v\u00e4hent\u00e4minen varsinkin yliopistoissa. Ajatusten vaihto on osoittanut, ett\u00e4 keskustelijoiden tietoisuus naapurimaan kielenopetuksen tilanteesta ei v\u00e4ltt\u00e4m\u00e4tt\u00e4 ole aukotonta. Esimerkiksi mediassa ei ole mainittu viroa opettaneiden suomalaisten yliopistojen joukossa ollenkaan It\u00e4-Suomen yliopistoa, vaikka viron opettamisella on Joensuussa pitk\u00e4t ja ansiokkaat perinteet.<\/p>\n\n\n\n<p>Vuosikymmeni\u00e4 Joensuun yliopistossa viroa opettanut suomen kielen lehtori, Viron \u00c4idinkielen seuran kunniaj\u00e4sen <strong>Hannu Remes<\/strong> muistelee:<\/p>\n\n\n\n<p><em>\u201d<\/em>Suomen kielen opetus alkoi vuonna 1969 vasta perustetussa Joensuun korkeakoulussa (vuodesta 1984 yliopisto). Kuten muuallakin, suomen kielen tutkintovaatimuksissa sis\u00e4ltyi approbatur-arvosanaan viron kielen alkeiskurssi ja cum laude -arvosanaan jatkokurssi. Min\u00e4 tulin kev\u00e4\u00e4ll\u00e4 1971 hoitamaan suomen kielen lehtoraattia, johon kuului suomen kurssien ohella viron opettaminen, korkeakoulussa kun ei ollut viron kielen tunteja riitt\u00e4v\u00e4sti syntyper\u00e4isen lehtorin palkkaamiseksi. Koska uusia opiskelijoita otettiin vuosittain yleens\u00e4 30, oli alkeiskurssiryhmi\u00e4 kaksi, samoin jatkokurssiryhmi\u00e4. Opetusta oli ryhm\u00e4\u00e4 kohti nelj\u00e4 viikkotuntia, joten lukukauden aikana opiskelijat ehtiv\u00e4t perehty\u00e4 kurssillaan viroon 56 tunnin verran. Pyrin opetuksessa tarkastelemaan viroa suomeen verraten ja korostamaan seikkoja, joissa viro laajentaa kuvaa \u00e4idinkielest\u00e4mme ja sen taustasta. Oppikirjatilanne oli alkuaikoina kehnohko, joten opetuksessa oli turvauduttava varsinkin kielioppiseikkojen k\u00e4sittelyss\u00e4 monisteisiin. Sellaisten pohjalta laadin suomalaisille suunnatun Viron kieliopin, joka ilmestyi 1983 ja oli lajissaan toinen jo 1872 julkaistun <strong>Julius Krohnin<\/strong> kieliopin j\u00e4lkeen. My\u00f6hemmin kieliopistani on ilmestynyt uudistettu, laajempi painos (2015). Viron alkeis- ja jatkokurssien lis\u00e4ksi pidin vuosien varrella useita erilaisia erikoiskursseja mm. suomen ja viron kontrastiivisesta kieliopista, Viron kirjallisuudesta ja kulttuurista. Toimin Joensuussa lehtoraatissani hieman yli 40 vuotta, joten lienen pisimp\u00e4\u00e4n viroa maamme yliopistoissa opettanut henkil\u00f6.\u201d<\/p>\n\n\n\n<p>Remes on seurannut huolestuneena yliopistoissa, Joensuussakin, toteutettua viron opetuksen v\u00e4hent\u00e4mist\u00e4 tai jopa lakkauttamista. \u201dKyse on kuitenkin naapuruudessamme olevan itsen\u00e4isen valtion kielest\u00e4, jonka tunteminen on etenkin suomen kielen spesialisteille t\u00e4rke\u00e4\u00e4 ja jonka puhujien kanssa suomalaisilla on jatkuvia kontakteja sek\u00e4 yksityisell\u00e4 ett\u00e4 yhteiskunnallisella ja taloudellisella tasolla. Toivottavasti kehitys ei johda tilanteeseen, jossa suomalais-virolaisia suhteita hoidetaan vain esimerkiksi englanniksi.\u201d<\/p>\n\n\n\n<p>Nimenomaan viron kursseilla Viro- ja virokipin\u00e4n saivat \u2013 ja l\u00e4htiv\u00e4t ainakin osittain sen vuoksi Viroon vaihtoon \u2013 useat Joensuun yliopiston suomen kielen opiskelijat, muiden muassa nykyinen suomen kielen professori <strong>Helka Riionheimo<\/strong>, kielikeskuksen suomen kielen ja puheviestinn\u00e4n yliopisto-opettaja <strong>Tarja Tanttu<\/strong>, suomen kielen ja k\u00e4\u00e4nt\u00e4misen yliopisto-opettaja <strong>Henna Massinen<\/strong> ja Kotimaisten kielten keskuksen suomi\u2013viro-sanakirjan ty\u00f6ryhm\u00e4n j\u00e4sen <strong>Ilona Paajanen<\/strong>. Joensuun yliopiston viron kielen opetuksen vaikutukseksi voidaan lukea monet vire\u00e4t yhteisty\u00f6kuviot Joensuun yliopiston ja sittemmin It\u00e4-Suomen yliopiston sek\u00e4 Tarton ja Tallinnan yliopistojen v\u00e4lill\u00e4. Tarja Tanttu teki ensimm\u00e4isen\u00e4 Joensuun yliopiston opiskelijana aineenopettajaopintoihin kuuluvan kentt\u00e4harjoittelun Tarton yliopiston suomen kielen oppiaineessa 1990-luvun alussa. Henna Massinen on viron opintojen tuella pit\u00e4nyt karjalan kielen ja kulttuurin vierailuluentoja Tarton yliopistossa. Tarja Tanttu on ohjannut lukuisia harrastajia viron kielen ja Viro-innostuksen \u00e4\u00e4relle Pohjois-Karjalan eri kansalaisopistoissa parin vuosikymmenen ajan. My\u00f6s t\u00e4m\u00e4 harrastajien opettaminen versoo Joensuun yliopiston viron kielen opetuksesta.<\/p>\n\n\n\n<h2 class=\"wp-block-heading\">Tavoitteena 3 miljoonaa viron oppijaa<\/h2>\n\n\n\n<p>2000-luvulla viron opetus It\u00e4-Suomen yliopistossa on toteutettu Erasmus-opettajavaihtona, viime vuosina taas osana opetusohjelmaa. Viron peruskurssin voi nyky\u00e4\u00e4n suorittaa 3\u20135 opintopisteen laajuisena. Kurssilla tutustutaan viroon vertaamalla viron kielen rakenteita suomeen. Lis\u00e4ksi opitaan ymm\u00e4rt\u00e4m\u00e4\u00e4n helpohkoja vironkielisi\u00e4 tekstej\u00e4 ja selviytym\u00e4\u00e4n arkisista keskustelutilanteista. L\u00e4hisukukielen opiskelu laajentaa ja syvent\u00e4\u00e4 tulevien \u00e4idinkielenopettajien ja muiden suomen kielen asiantuntijoiden oman \u00e4idinkielen tuntemusta, sill\u00e4 vertailussa huomion kohteeksi nousevat seikat, joita muuten ei ehk\u00e4 niin helposti havaitsisi. Viron opetus ei siten tue vain suomen kielen, vaan my\u00f6s karjalan kielen opintoja. Tutustuminen naapurimaan kieleen ja kulttuuriin luo jatkossakin pohjan kahden maan kulttuuri- ja talousyhteisty\u00f6lle, jossa on nyky\u00e4\u00e4n meneill\u00e4\u00e4n sukupolvenvaihdos.<\/p>\n\n\n\n<p>Lokakuun ensimm\u00e4isell\u00e4 viikolla, 4.\u201310.10.2021, j\u00e4rjestet\u00e4\u00e4n jo kolmas kansainv\u00e4linen <a href=\"https:\/\/keelest.estinst.ee\/\" target=\"_blank\" rel=\"noreferrer noopener\">viron kielen viikko<\/a> (linkki avautuu uudelle v\u00e4lilehdelle). Viikon aikana opiskellaan viroa ja sit\u00e4 opetetaan ymp\u00e4ri maailmaa kaikille kiinnostuneille, tavoitteena 3 miljoonaa viron oppijaa. <a href=\"https:\/\/keelest.estinst.ee\/opetan-eesti-keelt\/\" target=\"_blank\" rel=\"noreferrer noopener\">Kielt\u00e4 opettaa<\/a> (linkki avautuu uudelle v\u00e4lilehdelle) my\u00f6s Viron presidentti <strong>Kersti Kaljulaid<\/strong>. Monia tapahtumia j\u00e4rjestet\u00e4\u00e4n verkon v\u00e4lityksell\u00e4. L\u00e4mpim\u00e4sti tervetuloa osallistumaan! Toredat \u00fcleilmset eesti keele n\u00e4dalat! \u00d5pime eesti keelt!<\/p>\n\n\n\n<p><strong>Annekatrin Kaivapalu<br><\/strong>suomen kielen professori<\/p>\n","protected":false},"excerpt":{"rendered":"<p>Viime aikoina on sek\u00e4 Suomen ett\u00e4 Viron mediassa k\u00e4yty kiihke\u00e4\u00e4 keskustelua naapurimaan kielen oppimisen ja opettamisen tilanteesta. Suomenlahden kummallakin puolella on huolen aiheena l\u00e4hisukukielen opetuksen v\u00e4hent\u00e4minen varsinkin yliopistoissa. Ajatusten vaihto on osoittanut, ett\u00e4 keskustelijoiden tietoisuus naapurimaan kielenopetuksen tilanteesta ei v\u00e4ltt\u00e4m\u00e4tt\u00e4 ole aukotonta. Esimerkiksi mediassa ei ole mainittu viroa opettaneiden suomalaisten yliopistojen joukossa ollenkaan It\u00e4-Suomen yliopistoa, [&hellip;]<\/p>\n","protected":false},"author":425,"featured_media":0,"comment_status":"closed","ping_status":"closed","sticky":false,"template":"","format":"standard","meta":{"_acf_changed":false,"footnotes":""},"categories":[1],"tags":[],"class_list":["post-306","post","type-post","status-publish","format-standard","hentry","category-uncategorized"],"acf":[],"yoast_head":"<!-- This site is optimized with the Yoast SEO plugin v27.3 - https:\/\/yoast.com\/product\/yoast-seo-wordpress\/ -->\n<title>Joensuussakin on rakennettu kielisiltaa Viroon - HUGI - HUMANISTISEN OSASTON BLOGI<\/title>\n<meta name=\"robots\" content=\"index, follow, max-snippet:-1, max-image-preview:large, max-video-preview:-1\" \/>\n<link rel=\"canonical\" href=\"https:\/\/blogs.uef.fi\/hugi\/2021\/10\/06\/joensuussakin-on-rakennettu-kielisiltaa-viroon\/\" \/>\n<meta property=\"og:locale\" content=\"fi_FI\" \/>\n<meta property=\"og:type\" content=\"article\" \/>\n<meta property=\"og:title\" content=\"Joensuussakin on rakennettu kielisiltaa Viroon - HUGI - HUMANISTISEN OSASTON BLOGI\" \/>\n<meta property=\"og:description\" content=\"Viime aikoina on sek\u00e4 Suomen ett\u00e4 Viron mediassa k\u00e4yty kiihke\u00e4\u00e4 keskustelua naapurimaan kielen oppimisen ja opettamisen tilanteesta. Suomenlahden kummallakin puolella on huolen aiheena l\u00e4hisukukielen opetuksen v\u00e4hent\u00e4minen varsinkin yliopistoissa. Ajatusten vaihto on osoittanut, ett\u00e4 keskustelijoiden tietoisuus naapurimaan kielenopetuksen tilanteesta ei v\u00e4ltt\u00e4m\u00e4tt\u00e4 ole aukotonta. Esimerkiksi mediassa ei ole mainittu viroa opettaneiden suomalaisten yliopistojen joukossa ollenkaan It\u00e4-Suomen yliopistoa, [&hellip;]\" \/>\n<meta property=\"og:url\" content=\"https:\/\/blogs.uef.fi\/hugi\/2021\/10\/06\/joensuussakin-on-rakennettu-kielisiltaa-viroon\/\" \/>\n<meta property=\"og:site_name\" content=\"HUGI - HUMANISTISEN OSASTON BLOGI\" \/>\n<meta property=\"article:published_time\" content=\"2021-10-06T05:27:38+00:00\" \/>\n<meta property=\"article:modified_time\" content=\"2023-12-21T13:19:49+00:00\" \/>\n<meta name=\"author\" content=\"nima\" \/>\n<meta name=\"twitter:card\" content=\"summary_large_image\" \/>\n<meta name=\"twitter:label1\" content=\"Kirjoittanut\" \/>\n\t<meta name=\"twitter:data1\" content=\"nima\" \/>\n\t<meta name=\"twitter:label2\" content=\"Arvioitu lukuaika\" \/>\n\t<meta name=\"twitter:data2\" content=\"4 minuuttia\" \/>\n<script type=\"application\/ld+json\" class=\"yoast-schema-graph\">{\"@context\":\"https:\\\/\\\/schema.org\",\"@graph\":[{\"@type\":\"Article\",\"@id\":\"https:\\\/\\\/blogs.uef.fi\\\/hugi\\\/2021\\\/10\\\/06\\\/joensuussakin-on-rakennettu-kielisiltaa-viroon\\\/#article\",\"isPartOf\":{\"@id\":\"https:\\\/\\\/blogs.uef.fi\\\/hugi\\\/2021\\\/10\\\/06\\\/joensuussakin-on-rakennettu-kielisiltaa-viroon\\\/\"},\"author\":{\"name\":\"nima\",\"@id\":\"https:\\\/\\\/blogs.uef.fi\\\/hugi\\\/#\\\/schema\\\/person\\\/b7f9fc7261c5fd57804a2872cd29feb1\"},\"headline\":\"Joensuussakin on rakennettu kielisiltaa Viroon\",\"datePublished\":\"2021-10-06T05:27:38+00:00\",\"dateModified\":\"2023-12-21T13:19:49+00:00\",\"mainEntityOfPage\":{\"@id\":\"https:\\\/\\\/blogs.uef.fi\\\/hugi\\\/2021\\\/10\\\/06\\\/joensuussakin-on-rakennettu-kielisiltaa-viroon\\\/\"},\"wordCount\":675,\"articleSection\":[\"Uncategorized\"],\"inLanguage\":\"fi\"},{\"@type\":\"WebPage\",\"@id\":\"https:\\\/\\\/blogs.uef.fi\\\/hugi\\\/2021\\\/10\\\/06\\\/joensuussakin-on-rakennettu-kielisiltaa-viroon\\\/\",\"url\":\"https:\\\/\\\/blogs.uef.fi\\\/hugi\\\/2021\\\/10\\\/06\\\/joensuussakin-on-rakennettu-kielisiltaa-viroon\\\/\",\"name\":\"Joensuussakin on rakennettu kielisiltaa Viroon - HUGI - HUMANISTISEN OSASTON BLOGI\",\"isPartOf\":{\"@id\":\"https:\\\/\\\/blogs.uef.fi\\\/hugi\\\/#website\"},\"datePublished\":\"2021-10-06T05:27:38+00:00\",\"dateModified\":\"2023-12-21T13:19:49+00:00\",\"author\":{\"@id\":\"https:\\\/\\\/blogs.uef.fi\\\/hugi\\\/#\\\/schema\\\/person\\\/b7f9fc7261c5fd57804a2872cd29feb1\"},\"breadcrumb\":{\"@id\":\"https:\\\/\\\/blogs.uef.fi\\\/hugi\\\/2021\\\/10\\\/06\\\/joensuussakin-on-rakennettu-kielisiltaa-viroon\\\/#breadcrumb\"},\"inLanguage\":\"fi\",\"potentialAction\":[{\"@type\":\"ReadAction\",\"target\":[\"https:\\\/\\\/blogs.uef.fi\\\/hugi\\\/2021\\\/10\\\/06\\\/joensuussakin-on-rakennettu-kielisiltaa-viroon\\\/\"]}]},{\"@type\":\"BreadcrumbList\",\"@id\":\"https:\\\/\\\/blogs.uef.fi\\\/hugi\\\/2021\\\/10\\\/06\\\/joensuussakin-on-rakennettu-kielisiltaa-viroon\\\/#breadcrumb\",\"itemListElement\":[{\"@type\":\"ListItem\",\"position\":1,\"name\":\"Home\",\"item\":\"https:\\\/\\\/blogs.uef.fi\\\/hugi\\\/\"},{\"@type\":\"ListItem\",\"position\":2,\"name\":\"Joensuussakin on rakennettu kielisiltaa Viroon\"}]},{\"@type\":\"WebSite\",\"@id\":\"https:\\\/\\\/blogs.uef.fi\\\/hugi\\\/#website\",\"url\":\"https:\\\/\\\/blogs.uef.fi\\\/hugi\\\/\",\"name\":\"HUGI - HUMANISTISEN OSASTON BLOGI\",\"description\":\"\",\"potentialAction\":[{\"@type\":\"SearchAction\",\"target\":{\"@type\":\"EntryPoint\",\"urlTemplate\":\"https:\\\/\\\/blogs.uef.fi\\\/hugi\\\/?s={search_term_string}\"},\"query-input\":{\"@type\":\"PropertyValueSpecification\",\"valueRequired\":true,\"valueName\":\"search_term_string\"}}],\"inLanguage\":\"fi\"},{\"@type\":\"Person\",\"@id\":\"https:\\\/\\\/blogs.uef.fi\\\/hugi\\\/#\\\/schema\\\/person\\\/b7f9fc7261c5fd57804a2872cd29feb1\",\"name\":\"nima\",\"image\":{\"@type\":\"ImageObject\",\"inLanguage\":\"fi\",\"@id\":\"https:\\\/\\\/secure.gravatar.com\\\/avatar\\\/8558e311e6e579ef3869564b718144ffaca78de7abe8201e9f929a94b0406639?s=96&d=mm&r=g\",\"url\":\"https:\\\/\\\/secure.gravatar.com\\\/avatar\\\/8558e311e6e579ef3869564b718144ffaca78de7abe8201e9f929a94b0406639?s=96&d=mm&r=g\",\"contentUrl\":\"https:\\\/\\\/secure.gravatar.com\\\/avatar\\\/8558e311e6e579ef3869564b718144ffaca78de7abe8201e9f929a94b0406639?s=96&d=mm&r=g\",\"caption\":\"nima\"},\"url\":\"https:\\\/\\\/blogs.uef.fi\\\/hugi\\\/author\\\/nima\\\/\"}]}<\/script>\n<!-- \/ Yoast SEO plugin. -->","yoast_head_json":{"title":"Joensuussakin on rakennettu kielisiltaa Viroon - HUGI - HUMANISTISEN OSASTON BLOGI","robots":{"index":"index","follow":"follow","max-snippet":"max-snippet:-1","max-image-preview":"max-image-preview:large","max-video-preview":"max-video-preview:-1"},"canonical":"https:\/\/blogs.uef.fi\/hugi\/2021\/10\/06\/joensuussakin-on-rakennettu-kielisiltaa-viroon\/","og_locale":"fi_FI","og_type":"article","og_title":"Joensuussakin on rakennettu kielisiltaa Viroon - HUGI - HUMANISTISEN OSASTON BLOGI","og_description":"Viime aikoina on sek\u00e4 Suomen ett\u00e4 Viron mediassa k\u00e4yty kiihke\u00e4\u00e4 keskustelua naapurimaan kielen oppimisen ja opettamisen tilanteesta. Suomenlahden kummallakin puolella on huolen aiheena l\u00e4hisukukielen opetuksen v\u00e4hent\u00e4minen varsinkin yliopistoissa. Ajatusten vaihto on osoittanut, ett\u00e4 keskustelijoiden tietoisuus naapurimaan kielenopetuksen tilanteesta ei v\u00e4ltt\u00e4m\u00e4tt\u00e4 ole aukotonta. Esimerkiksi mediassa ei ole mainittu viroa opettaneiden suomalaisten yliopistojen joukossa ollenkaan It\u00e4-Suomen yliopistoa, [&hellip;]","og_url":"https:\/\/blogs.uef.fi\/hugi\/2021\/10\/06\/joensuussakin-on-rakennettu-kielisiltaa-viroon\/","og_site_name":"HUGI - HUMANISTISEN OSASTON BLOGI","article_published_time":"2021-10-06T05:27:38+00:00","article_modified_time":"2023-12-21T13:19:49+00:00","author":"nima","twitter_card":"summary_large_image","twitter_misc":{"Kirjoittanut":"nima","Arvioitu lukuaika":"4 minuuttia"},"schema":{"@context":"https:\/\/schema.org","@graph":[{"@type":"Article","@id":"https:\/\/blogs.uef.fi\/hugi\/2021\/10\/06\/joensuussakin-on-rakennettu-kielisiltaa-viroon\/#article","isPartOf":{"@id":"https:\/\/blogs.uef.fi\/hugi\/2021\/10\/06\/joensuussakin-on-rakennettu-kielisiltaa-viroon\/"},"author":{"name":"nima","@id":"https:\/\/blogs.uef.fi\/hugi\/#\/schema\/person\/b7f9fc7261c5fd57804a2872cd29feb1"},"headline":"Joensuussakin on rakennettu kielisiltaa Viroon","datePublished":"2021-10-06T05:27:38+00:00","dateModified":"2023-12-21T13:19:49+00:00","mainEntityOfPage":{"@id":"https:\/\/blogs.uef.fi\/hugi\/2021\/10\/06\/joensuussakin-on-rakennettu-kielisiltaa-viroon\/"},"wordCount":675,"articleSection":["Uncategorized"],"inLanguage":"fi"},{"@type":"WebPage","@id":"https:\/\/blogs.uef.fi\/hugi\/2021\/10\/06\/joensuussakin-on-rakennettu-kielisiltaa-viroon\/","url":"https:\/\/blogs.uef.fi\/hugi\/2021\/10\/06\/joensuussakin-on-rakennettu-kielisiltaa-viroon\/","name":"Joensuussakin on rakennettu kielisiltaa Viroon - HUGI - HUMANISTISEN OSASTON BLOGI","isPartOf":{"@id":"https:\/\/blogs.uef.fi\/hugi\/#website"},"datePublished":"2021-10-06T05:27:38+00:00","dateModified":"2023-12-21T13:19:49+00:00","author":{"@id":"https:\/\/blogs.uef.fi\/hugi\/#\/schema\/person\/b7f9fc7261c5fd57804a2872cd29feb1"},"breadcrumb":{"@id":"https:\/\/blogs.uef.fi\/hugi\/2021\/10\/06\/joensuussakin-on-rakennettu-kielisiltaa-viroon\/#breadcrumb"},"inLanguage":"fi","potentialAction":[{"@type":"ReadAction","target":["https:\/\/blogs.uef.fi\/hugi\/2021\/10\/06\/joensuussakin-on-rakennettu-kielisiltaa-viroon\/"]}]},{"@type":"BreadcrumbList","@id":"https:\/\/blogs.uef.fi\/hugi\/2021\/10\/06\/joensuussakin-on-rakennettu-kielisiltaa-viroon\/#breadcrumb","itemListElement":[{"@type":"ListItem","position":1,"name":"Home","item":"https:\/\/blogs.uef.fi\/hugi\/"},{"@type":"ListItem","position":2,"name":"Joensuussakin on rakennettu kielisiltaa Viroon"}]},{"@type":"WebSite","@id":"https:\/\/blogs.uef.fi\/hugi\/#website","url":"https:\/\/blogs.uef.fi\/hugi\/","name":"HUGI - HUMANISTISEN OSASTON BLOGI","description":"","potentialAction":[{"@type":"SearchAction","target":{"@type":"EntryPoint","urlTemplate":"https:\/\/blogs.uef.fi\/hugi\/?s={search_term_string}"},"query-input":{"@type":"PropertyValueSpecification","valueRequired":true,"valueName":"search_term_string"}}],"inLanguage":"fi"},{"@type":"Person","@id":"https:\/\/blogs.uef.fi\/hugi\/#\/schema\/person\/b7f9fc7261c5fd57804a2872cd29feb1","name":"nima","image":{"@type":"ImageObject","inLanguage":"fi","@id":"https:\/\/secure.gravatar.com\/avatar\/8558e311e6e579ef3869564b718144ffaca78de7abe8201e9f929a94b0406639?s=96&d=mm&r=g","url":"https:\/\/secure.gravatar.com\/avatar\/8558e311e6e579ef3869564b718144ffaca78de7abe8201e9f929a94b0406639?s=96&d=mm&r=g","contentUrl":"https:\/\/secure.gravatar.com\/avatar\/8558e311e6e579ef3869564b718144ffaca78de7abe8201e9f929a94b0406639?s=96&d=mm&r=g","caption":"nima"},"url":"https:\/\/blogs.uef.fi\/hugi\/author\/nima\/"}]}},"_links":{"self":[{"href":"https:\/\/blogs.uef.fi\/hugi\/wp-json\/wp\/v2\/posts\/306","targetHints":{"allow":["GET"]}}],"collection":[{"href":"https:\/\/blogs.uef.fi\/hugi\/wp-json\/wp\/v2\/posts"}],"about":[{"href":"https:\/\/blogs.uef.fi\/hugi\/wp-json\/wp\/v2\/types\/post"}],"author":[{"embeddable":true,"href":"https:\/\/blogs.uef.fi\/hugi\/wp-json\/wp\/v2\/users\/425"}],"replies":[{"embeddable":true,"href":"https:\/\/blogs.uef.fi\/hugi\/wp-json\/wp\/v2\/comments?post=306"}],"version-history":[{"count":1,"href":"https:\/\/blogs.uef.fi\/hugi\/wp-json\/wp\/v2\/posts\/306\/revisions"}],"predecessor-version":[{"id":1396,"href":"https:\/\/blogs.uef.fi\/hugi\/wp-json\/wp\/v2\/posts\/306\/revisions\/1396"}],"wp:attachment":[{"href":"https:\/\/blogs.uef.fi\/hugi\/wp-json\/wp\/v2\/media?parent=306"}],"wp:term":[{"taxonomy":"category","embeddable":true,"href":"https:\/\/blogs.uef.fi\/hugi\/wp-json\/wp\/v2\/categories?post=306"},{"taxonomy":"post_tag","embeddable":true,"href":"https:\/\/blogs.uef.fi\/hugi\/wp-json\/wp\/v2\/tags?post=306"}],"curies":[{"name":"wp","href":"https:\/\/api.w.org\/{rel}","templated":true}]}}