{"id":1670,"date":"2025-05-05T09:29:18","date_gmt":"2025-05-05T06:29:18","guid":{"rendered":"https:\/\/blogs.uef.fi\/hugi\/?p=1670"},"modified":"2025-05-05T09:29:19","modified_gmt":"2025-05-05T06:29:19","slug":"alumnikahveilla-leena-joen-kanssa","status":"publish","type":"post","link":"https:\/\/blogs.uef.fi\/hugi\/2025\/05\/05\/alumnikahveilla-leena-joen-kanssa\/","title":{"rendered":"Alumnikahveilla Leena Joen kanssa"},"content":{"rendered":"\n<p>Kev\u00e4\u00e4n 2025 kolmansille alumnikahveille 16.4.2025 saapui vieraaksemme Vantaalta asti <strong>Leena Joki<\/strong>. Joki on viime vuonna el\u00e4k\u00f6itynyt Helsingiss\u00e4 sijaitsevasta Kotimaisten kielten keskuksesta, jossa h\u00e4n ty\u00f6skenteli viimeiset 19 vuotta Kielitoimiston sanakirjassa.<\/p>\n\n\n\n<figure class=\"wp-block-image size-full is-resized\"><img loading=\"lazy\" decoding=\"async\" width=\"1000\" height=\"1333\" src=\"https:\/\/blogs.uef.fi\/hugi\/wp-content\/uploads\/sites\/22\/2025\/04\/Leena-Joki-alumnivieraana4-1.jpg\" alt=\"\" class=\"wp-image-1681\" style=\"width:530px;height:auto\" srcset=\"https:\/\/blogs.uef.fi\/hugi\/wp-content\/uploads\/sites\/22\/2025\/04\/Leena-Joki-alumnivieraana4-1.jpg 1000w, https:\/\/blogs.uef.fi\/hugi\/wp-content\/uploads\/sites\/22\/2025\/04\/Leena-Joki-alumnivieraana4-1-768x1024.jpg 768w\" sizes=\"auto, (max-width: 1000px) 100vw, 1000px\" \/><figcaption class=\"wp-element-caption\">Leena Jokea (oik.) haastattelee Sinja Ylisiurua. Kuva: Elina Kurttio.<\/figcaption><\/figure>\n\n\n\n<p>Ensi vuonna Joen valmistumisesta tulee t\u00e4yteen 40 vuotta. Joki opiskeli silloisessa Joensuun yliopistossa p\u00e4\u00e4aineenaan suomen kielt\u00e4 ja sivuaineena ven\u00e4j\u00e4\u00e4. Joki harkitsi my\u00f6s opettajan pedagogisia opintoja, mutta Karsikossa tuntiopettajana ty\u00f6skennelty\u00e4\u00e4n h\u00e4n huomasi, ett\u00e4 opettaminen ei ole h\u00e4nelle oikea ala.<\/p>\n\n\n\n<p>Valmistumisen j\u00e4lkeen Joki p\u00e4\u00e4si t\u00f6ihin tuttavansa suosittelun my\u00f6t\u00e4 aluksi Suomen murteiden sanakirjaan. T\u00e4m\u00e4n j\u00e4lkeen h\u00e4n meni Karjalan kielen sanakirjaan sijaiseksi ja haki lopulta kyseisest\u00e4 sanakirjasta vakituista paikkaa. Joki k\u00e4vi opiskeluaikoina pakollisena l\u00e4hisukukielen kurssina karjalan kielen kurssin omien sanojensa mukaan huonolla arvosanalla, jota h\u00e4n my\u00f6hemmin kyll\u00e4 korotti. Siihen aikaan karjalan kielen sivuainetta ei ollut tarjolla Joensuussa, ja my\u00f6s karjalan sanakirjaan hakijoita oli hyvin v\u00e4h\u00e4n, joten ty\u00f6paikka avautui Joelle ven\u00e4j\u00e4n ja suomen opintojen ansiosta. Karjalan kielt\u00e4 Joki on oppinut lis\u00e4\u00e4 ty\u00f6ss\u00e4\u00e4n, vaikka h\u00e4n kertookin, ett\u00e4 on pit\u00e4nyt kielitaitoa yll\u00e4 heikosti. Joki pit\u00e4\u00e4 karjalan kielt\u00e4 t\u00e4rke\u00e4n\u00e4 harrastuksenaan, ja h\u00e4n kuuluu Tverinkarjalaisten yst\u00e4v\u00e4t -yhdistykseen. Muuten h\u00e4n on pyrkinyt aika ajoin lukemaan erilaisia karjalan kielen julkaisuja ja kuuntelemaan Ylen karjalankielisi\u00e4 uutisia.<\/p>\n\n\n\n<h5 class=\"wp-block-heading\"><strong>Sanakirjaty\u00f6 on v\u00e4lill\u00e4 yksin\u00e4ist\u00e4 mutta yll\u00e4tt\u00e4v\u00e4n monipuolista<\/strong><\/h5>\n\n\n\n<p>Joki kuvailee itse\u00e4\u00e4n pikkutarkaksi nyhr\u00e4\u00e4j\u00e4ksi, mik\u00e4 onkin valtti sanakirjaty\u00f6ss\u00e4. Vuonna 2005 Joki siirtyi t\u00f6ihin Kielitoimiston sanakirjaan, jossa h\u00e4n ty\u00f6skenteli viime vuoteen saakka. Kielitoimiston sanakirjassa ty\u00f6h\u00f6n kuuluu sanastus eli uusien sanojen keruu l\u00e4hinn\u00e4 painetuista teksteist\u00e4 ja n\u00e4iden l\u00f6yd\u00f6sten vieminen uudissanatietokantaan. N\u00e4ist\u00e4 s\u00e4hk\u00f6isist\u00e4 sanalipuista jalostetaan my\u00f6hemmin sana-artikkeleita Kielitoimiston sanakirjaan. Perusteena on sanojen yleisyys. Sanakirjaty\u00f6ntekij\u00e4t k\u00e4yv\u00e4t siis l\u00e4pi yleiskielisi\u00e4 l\u00e4hteit\u00e4, joista voi p\u00e4\u00e4tell\u00e4 sanan yleisyyden. Uusista sanaesiintymist\u00e4 ja Kotuksen sivuille ker\u00e4tyist\u00e4 kuukauden sanoista vain hyvin harva kuitenkin p\u00e4\u00e4tyy sanakirjaan.<\/p>\n\n\n\n<p>Sanakirjaty\u00f6n lis\u00e4ksi Kielitoimiston sanakirjan ty\u00f6ntekij\u00e4t kirjoittavat paljon kieliaiheisia juttuja esimerkiksi Kielikelloon. Joki on oppinut, ett\u00e4 oman tekstin kanssa ei kannata olla liian arka, sill\u00e4 konkareidenkin teksteist\u00e4 ty\u00f6kaverit l\u00f6yt\u00e4v\u00e4t jotain korjattavaa. Sanakirjantoimittajat vastailevat my\u00f6s Kotukseen tulleisiin kielikysymyksiin. Kysymykset liittyv\u00e4t pitk\u00e4lti sanastoon; kielenhuoltajat vastaavat puolestaan kielenhuoltoon liittyviin kysymyksiin. Joskus ty\u00f6ntekij\u00e4t antavat haastatteluja my\u00f6s lehteen, radioon tai televisioon.<\/p>\n\n\n\n<p>Sanakirjaty\u00f6 tarkoittaa pitk\u00e4lti ty\u00f6skentely\u00e4 yksin, mutta Kielitoimiston sanakirjan toimituksen sis\u00e4ll\u00e4 keskustellaan paljon sek\u00e4 uusien ett\u00e4 muokattavien sana-artikkelien pulmakohdista. V\u00e4lill\u00e4 apua pyydet\u00e4\u00e4n my\u00f6s muiden sanakirjojen toimituksilta. Joen mukaan nykykielen sanakirjaty\u00f6ss\u00e4 omaa ty\u00f6t\u00e4 voi muokata omien kiinnostustenkohteiden mukaan: esimerkiksi joku urheilusta kiinnostunut voi keskitty\u00e4 urheilusanastoon.<\/p>\n\n\n\n<h5 class=\"wp-block-heading\"><strong>Aika on muuttanut sanakirjaty\u00f6t\u00e4<\/strong><\/h5>\n\n\n\n<p>Kun Joki aloitti ty\u00f6ns\u00e4 Kotuksessa 1980-luvulla, tehtiin siell\u00e4 nykyhetkeen verrattuna enemm\u00e4n tutkimusty\u00f6t\u00e4. Kotimaisten kielten keskuksen nimi olikin <em>Kotimaisten kielten tutkimuskeskus<\/em>, ja tuolloin my\u00f6s sanakirjaty\u00f6 laskettiin tutkimusty\u00f6ksi. Vuonna 2012 nimi muuttui <em>Kotimaisten<\/em> <em>kielten keskukseksi<\/em> ja muun muassa tekstintutkimus ja saamen kielen tutkimus siirtyiv\u00e4t yliopistoihin. T\u00e4m\u00e4n j\u00e4lkeen Kotuksessa on korostunut kielipolitiikan, sosiolingvistiikan ja viestinn\u00e4n osuus. Sanakirjaty\u00f6 on supistunut, vaikkakin viime aikoina on julkaistu maahanmuuttajakielten sanakirjoja.<\/p>\n\n\n\n<p>Joki aloitti ty\u00f6skentelyn 1980-luvulla lyijykyn\u00e4n ja kumin avulla, mutta Kotuksessa ryhdyttiin pikkuhiljaa ty\u00f6skentelem\u00e4\u00e4n ensimm\u00e4isill\u00e4 laatikkomallisilla tietokoneilla. 2000-luvun puolella ty\u00f6ss\u00e4 voitiin siirty\u00e4 v\u00e4hitellen et\u00e4ty\u00f6h\u00f6n. Joki ei itse tehnyt et\u00e4t\u00f6it\u00e4 ennen korona-aikaa, mutta pandemian j\u00e4lkeen h\u00e4n ja monet muut Kotuksessa j\u00e4iv\u00e4t pysyv\u00e4sti hybridimalliseen ty\u00f6skentelyyn. Kotuksessa moni tekeekin p\u00e4\u00e4asiassa et\u00e4t\u00f6it\u00e4, ja ty\u00f6ntekij\u00f6ille suositus on, ett\u00e4 paikan p\u00e4\u00e4ll\u00e4 oltaisiin yhten\u00e4 p\u00e4iv\u00e4n\u00e4 viikossa.<\/p>\n\n\n\n<p>Kysymykseen kieliasiantuntijoiden ty\u00f6n arvostuksesta ja sen muuttumisesta on Joen vaikea vastata. Joen mukaan monet tuntuvat edelleen ajattelevan, ett\u00e4 kaikki suomalaisethan suomea osaavat. H\u00e4n kuitenkin uskoo, ett\u00e4 kielitietoisuus on lis\u00e4\u00e4ntynyt, vaikkakaan t\u00e4m\u00e4 ei n\u00e4y muutoksena esimerkiksi kieliasiantuntijoiden palkoissa.<\/p>\n\n\n\n<h5 class=\"wp-block-heading\"><strong>Sanakirjaty\u00f6 vaatii pikkutarkkoja ihmisi\u00e4, jotka siet\u00e4v\u00e4t ty\u00f6n hidasta edistymist\u00e4<\/strong><\/h5>\n\n\n\n<p>Joki piti ty\u00f6ss\u00e4\u00e4n eniten tavallisesta sanakirjaty\u00f6st\u00e4, sill\u00e4 h\u00e4n nautti tiiviiden selitteiden ja valaisevien esimerkkien miettimisest\u00e4. H\u00e4nen mukaansa aineistopohjaiset sanakirjat edellytt\u00e4v\u00e4t ty\u00f6ntekij\u00e4lt\u00e4 pitk\u00e4j\u00e4nteisyytt\u00e4. Lis\u00e4ksi taito semanttiseen erittelykykyyn on t\u00e4rke\u00e4. Yliopistoissa on tarjolla sanastoon liittyen joitain yksitt\u00e4isi\u00e4 kursseja, joita kannattaa k\u00e4yd\u00e4, jos sanakirjaty\u00f6 kiinnostaa. Lis\u00e4ksi Joki suosittelee suorittamaan pedagogisia ja S2-opintoja, sill\u00e4 ne voivat auttaa sanakirjatoimittajaakin muun muassa esiintymistaidossa. Vaikka Joki itse ei ole kyseisi\u00e4 opintoja k\u00e4ynyt, h\u00e4n kokee, ett\u00e4 moni sanakirjaty\u00f6ss\u00e4 oleva pedagogi tuntuu olevan muihin verrattuna valmiimpi radio- tai televisiohaastatteluja varten.<\/p>\n\n\n\n<p>Toistaiseksi Joki ei ole tehnyt kieliasiantuntijan t\u00f6it\u00e4 el\u00e4kkeell\u00e4, tosin muutamaa vanhan kollegan teksti\u00e4 on tullut kommentoitua. Ensimm\u00e4isen 10 ty\u00f6vuoden aikana Joki kirjoitti itselleen muistiin jatkuvasti vapaa-ajalla l\u00f6yt\u00e4mi\u00e4\u00e4n uusia sanoja. Nyt h\u00e4n ei en\u00e4\u00e4 l\u00e4hettele sanahavaintojaan Kotukseen, vaikka jotkut el\u00e4kkeelle j\u00e4\u00e4neet sanakirjatoimittajat niin edelleen tekev\u00e4t. Joki huomauttaa, ett\u00e4 kaikki sanabongaukset eiv\u00e4t ole t\u00e4rkeit\u00e4, vaikka silt\u00e4 aluksi tuntuisi. Joki kuitenkin toivoo, ett\u00e4 h\u00e4n voisi viel\u00e4 jonain p\u00e4iv\u00e4n\u00e4 ty\u00f6skennell\u00e4 h\u00e4nelle rakkaan Karjalan kielen sanakirjan aineiston parissa, jotta digitoitujen sanalippujen kuvat saataisiin viety\u00e4 sana-artikkelien yhteyteen aina <em>\u00f6<\/em>:n loppuun saakka.<\/p>\n\n\n\n<p><strong>Elina Kurttio<\/strong><br>Kirjoittaja on suomen kielen opiskelija It\u00e4-Suomen yliopistossa.<\/p>\n","protected":false},"excerpt":{"rendered":"<p>Kev\u00e4\u00e4n 2025 kolmansille alumnikahveille 16.4.2025 saapui vieraaksemme Vantaalta asti Leena Joki. Joki on viime vuonna el\u00e4k\u00f6itynyt Helsingiss\u00e4 sijaitsevasta Kotimaisten kielten keskuksesta, jossa h\u00e4n ty\u00f6skenteli viimeiset 19 vuotta Kielitoimiston sanakirjassa. Ensi vuonna Joen valmistumisesta tulee t\u00e4yteen 40 vuotta. Joki opiskeli silloisessa Joensuun yliopistossa p\u00e4\u00e4aineenaan suomen kielt\u00e4 ja sivuaineena ven\u00e4j\u00e4\u00e4. Joki harkitsi my\u00f6s opettajan pedagogisia opintoja, mutta [&hellip;]<\/p>\n","protected":false},"author":425,"featured_media":0,"comment_status":"closed","ping_status":"closed","sticky":false,"template":"","format":"standard","meta":{"_acf_changed":false,"footnotes":""},"categories":[1],"tags":[],"class_list":["post-1670","post","type-post","status-publish","format-standard","hentry","category-uncategorized"],"acf":[],"yoast_head":"<!-- This site is optimized with the Yoast SEO plugin v27.3 - https:\/\/yoast.com\/product\/yoast-seo-wordpress\/ -->\n<title>Alumnikahveilla Leena Joen kanssa - HUGI - HUMANISTISEN OSASTON BLOGI<\/title>\n<meta name=\"robots\" content=\"index, follow, max-snippet:-1, max-image-preview:large, max-video-preview:-1\" \/>\n<link rel=\"canonical\" href=\"https:\/\/blogs.uef.fi\/hugi\/2025\/05\/05\/alumnikahveilla-leena-joen-kanssa\/\" \/>\n<meta property=\"og:locale\" content=\"fi_FI\" \/>\n<meta property=\"og:type\" content=\"article\" \/>\n<meta property=\"og:title\" content=\"Alumnikahveilla Leena Joen kanssa - HUGI - HUMANISTISEN OSASTON BLOGI\" \/>\n<meta property=\"og:description\" content=\"Kev\u00e4\u00e4n 2025 kolmansille alumnikahveille 16.4.2025 saapui vieraaksemme Vantaalta asti Leena Joki. Joki on viime vuonna el\u00e4k\u00f6itynyt Helsingiss\u00e4 sijaitsevasta Kotimaisten kielten keskuksesta, jossa h\u00e4n ty\u00f6skenteli viimeiset 19 vuotta Kielitoimiston sanakirjassa. Ensi vuonna Joen valmistumisesta tulee t\u00e4yteen 40 vuotta. Joki opiskeli silloisessa Joensuun yliopistossa p\u00e4\u00e4aineenaan suomen kielt\u00e4 ja sivuaineena ven\u00e4j\u00e4\u00e4. Joki harkitsi my\u00f6s opettajan pedagogisia opintoja, mutta [&hellip;]\" \/>\n<meta property=\"og:url\" content=\"https:\/\/blogs.uef.fi\/hugi\/2025\/05\/05\/alumnikahveilla-leena-joen-kanssa\/\" \/>\n<meta property=\"og:site_name\" content=\"HUGI - HUMANISTISEN OSASTON BLOGI\" \/>\n<meta property=\"article:published_time\" content=\"2025-05-05T06:29:18+00:00\" \/>\n<meta property=\"article:modified_time\" content=\"2025-05-05T06:29:19+00:00\" \/>\n<meta property=\"og:image\" content=\"https:\/\/blogs.uef.fi\/hugi\/wp-content\/uploads\/sites\/22\/2025\/04\/Leena-Joki-alumnivieraana4-1.jpg\" \/>\n\t<meta property=\"og:image:width\" content=\"1000\" \/>\n\t<meta property=\"og:image:height\" content=\"1333\" \/>\n\t<meta property=\"og:image:type\" content=\"image\/jpeg\" \/>\n<meta name=\"author\" content=\"nima\" \/>\n<meta name=\"twitter:card\" content=\"summary_large_image\" \/>\n<meta name=\"twitter:label1\" content=\"Kirjoittanut\" \/>\n\t<meta name=\"twitter:data1\" content=\"nima\" \/>\n\t<meta name=\"twitter:label2\" content=\"Arvioitu lukuaika\" \/>\n\t<meta name=\"twitter:data2\" content=\"5 minuuttia\" \/>\n<script type=\"application\/ld+json\" class=\"yoast-schema-graph\">{\"@context\":\"https:\\\/\\\/schema.org\",\"@graph\":[{\"@type\":\"Article\",\"@id\":\"https:\\\/\\\/blogs.uef.fi\\\/hugi\\\/2025\\\/05\\\/05\\\/alumnikahveilla-leena-joen-kanssa\\\/#article\",\"isPartOf\":{\"@id\":\"https:\\\/\\\/blogs.uef.fi\\\/hugi\\\/2025\\\/05\\\/05\\\/alumnikahveilla-leena-joen-kanssa\\\/\"},\"author\":{\"name\":\"nima\",\"@id\":\"https:\\\/\\\/blogs.uef.fi\\\/hugi\\\/#\\\/schema\\\/person\\\/b7f9fc7261c5fd57804a2872cd29feb1\"},\"headline\":\"Alumnikahveilla Leena Joen kanssa\",\"datePublished\":\"2025-05-05T06:29:18+00:00\",\"dateModified\":\"2025-05-05T06:29:19+00:00\",\"mainEntityOfPage\":{\"@id\":\"https:\\\/\\\/blogs.uef.fi\\\/hugi\\\/2025\\\/05\\\/05\\\/alumnikahveilla-leena-joen-kanssa\\\/\"},\"wordCount\":895,\"image\":{\"@id\":\"https:\\\/\\\/blogs.uef.fi\\\/hugi\\\/2025\\\/05\\\/05\\\/alumnikahveilla-leena-joen-kanssa\\\/#primaryimage\"},\"thumbnailUrl\":\"https:\\\/\\\/blogs.uef.fi\\\/hugi\\\/wp-content\\\/uploads\\\/sites\\\/22\\\/2025\\\/04\\\/Leena-Joki-alumnivieraana4-1.jpg\",\"articleSection\":[\"Uncategorized\"],\"inLanguage\":\"fi\"},{\"@type\":\"WebPage\",\"@id\":\"https:\\\/\\\/blogs.uef.fi\\\/hugi\\\/2025\\\/05\\\/05\\\/alumnikahveilla-leena-joen-kanssa\\\/\",\"url\":\"https:\\\/\\\/blogs.uef.fi\\\/hugi\\\/2025\\\/05\\\/05\\\/alumnikahveilla-leena-joen-kanssa\\\/\",\"name\":\"Alumnikahveilla Leena Joen kanssa - HUGI - HUMANISTISEN OSASTON BLOGI\",\"isPartOf\":{\"@id\":\"https:\\\/\\\/blogs.uef.fi\\\/hugi\\\/#website\"},\"primaryImageOfPage\":{\"@id\":\"https:\\\/\\\/blogs.uef.fi\\\/hugi\\\/2025\\\/05\\\/05\\\/alumnikahveilla-leena-joen-kanssa\\\/#primaryimage\"},\"image\":{\"@id\":\"https:\\\/\\\/blogs.uef.fi\\\/hugi\\\/2025\\\/05\\\/05\\\/alumnikahveilla-leena-joen-kanssa\\\/#primaryimage\"},\"thumbnailUrl\":\"https:\\\/\\\/blogs.uef.fi\\\/hugi\\\/wp-content\\\/uploads\\\/sites\\\/22\\\/2025\\\/04\\\/Leena-Joki-alumnivieraana4-1.jpg\",\"datePublished\":\"2025-05-05T06:29:18+00:00\",\"dateModified\":\"2025-05-05T06:29:19+00:00\",\"author\":{\"@id\":\"https:\\\/\\\/blogs.uef.fi\\\/hugi\\\/#\\\/schema\\\/person\\\/b7f9fc7261c5fd57804a2872cd29feb1\"},\"breadcrumb\":{\"@id\":\"https:\\\/\\\/blogs.uef.fi\\\/hugi\\\/2025\\\/05\\\/05\\\/alumnikahveilla-leena-joen-kanssa\\\/#breadcrumb\"},\"inLanguage\":\"fi\",\"potentialAction\":[{\"@type\":\"ReadAction\",\"target\":[\"https:\\\/\\\/blogs.uef.fi\\\/hugi\\\/2025\\\/05\\\/05\\\/alumnikahveilla-leena-joen-kanssa\\\/\"]}]},{\"@type\":\"ImageObject\",\"inLanguage\":\"fi\",\"@id\":\"https:\\\/\\\/blogs.uef.fi\\\/hugi\\\/2025\\\/05\\\/05\\\/alumnikahveilla-leena-joen-kanssa\\\/#primaryimage\",\"url\":\"https:\\\/\\\/blogs.uef.fi\\\/hugi\\\/wp-content\\\/uploads\\\/sites\\\/22\\\/2025\\\/04\\\/Leena-Joki-alumnivieraana4-1.jpg\",\"contentUrl\":\"https:\\\/\\\/blogs.uef.fi\\\/hugi\\\/wp-content\\\/uploads\\\/sites\\\/22\\\/2025\\\/04\\\/Leena-Joki-alumnivieraana4-1.jpg\",\"width\":1000,\"height\":1333},{\"@type\":\"BreadcrumbList\",\"@id\":\"https:\\\/\\\/blogs.uef.fi\\\/hugi\\\/2025\\\/05\\\/05\\\/alumnikahveilla-leena-joen-kanssa\\\/#breadcrumb\",\"itemListElement\":[{\"@type\":\"ListItem\",\"position\":1,\"name\":\"Home\",\"item\":\"https:\\\/\\\/blogs.uef.fi\\\/hugi\\\/\"},{\"@type\":\"ListItem\",\"position\":2,\"name\":\"Alumnikahveilla Leena Joen kanssa\"}]},{\"@type\":\"WebSite\",\"@id\":\"https:\\\/\\\/blogs.uef.fi\\\/hugi\\\/#website\",\"url\":\"https:\\\/\\\/blogs.uef.fi\\\/hugi\\\/\",\"name\":\"HUGI - HUMANISTISEN OSASTON BLOGI\",\"description\":\"\",\"potentialAction\":[{\"@type\":\"SearchAction\",\"target\":{\"@type\":\"EntryPoint\",\"urlTemplate\":\"https:\\\/\\\/blogs.uef.fi\\\/hugi\\\/?s={search_term_string}\"},\"query-input\":{\"@type\":\"PropertyValueSpecification\",\"valueRequired\":true,\"valueName\":\"search_term_string\"}}],\"inLanguage\":\"fi\"},{\"@type\":\"Person\",\"@id\":\"https:\\\/\\\/blogs.uef.fi\\\/hugi\\\/#\\\/schema\\\/person\\\/b7f9fc7261c5fd57804a2872cd29feb1\",\"name\":\"nima\",\"image\":{\"@type\":\"ImageObject\",\"inLanguage\":\"fi\",\"@id\":\"https:\\\/\\\/secure.gravatar.com\\\/avatar\\\/8558e311e6e579ef3869564b718144ffaca78de7abe8201e9f929a94b0406639?s=96&d=mm&r=g\",\"url\":\"https:\\\/\\\/secure.gravatar.com\\\/avatar\\\/8558e311e6e579ef3869564b718144ffaca78de7abe8201e9f929a94b0406639?s=96&d=mm&r=g\",\"contentUrl\":\"https:\\\/\\\/secure.gravatar.com\\\/avatar\\\/8558e311e6e579ef3869564b718144ffaca78de7abe8201e9f929a94b0406639?s=96&d=mm&r=g\",\"caption\":\"nima\"},\"url\":\"https:\\\/\\\/blogs.uef.fi\\\/hugi\\\/author\\\/nima\\\/\"}]}<\/script>\n<!-- \/ Yoast SEO plugin. -->","yoast_head_json":{"title":"Alumnikahveilla Leena Joen kanssa - HUGI - HUMANISTISEN OSASTON BLOGI","robots":{"index":"index","follow":"follow","max-snippet":"max-snippet:-1","max-image-preview":"max-image-preview:large","max-video-preview":"max-video-preview:-1"},"canonical":"https:\/\/blogs.uef.fi\/hugi\/2025\/05\/05\/alumnikahveilla-leena-joen-kanssa\/","og_locale":"fi_FI","og_type":"article","og_title":"Alumnikahveilla Leena Joen kanssa - HUGI - HUMANISTISEN OSASTON BLOGI","og_description":"Kev\u00e4\u00e4n 2025 kolmansille alumnikahveille 16.4.2025 saapui vieraaksemme Vantaalta asti Leena Joki. Joki on viime vuonna el\u00e4k\u00f6itynyt Helsingiss\u00e4 sijaitsevasta Kotimaisten kielten keskuksesta, jossa h\u00e4n ty\u00f6skenteli viimeiset 19 vuotta Kielitoimiston sanakirjassa. Ensi vuonna Joen valmistumisesta tulee t\u00e4yteen 40 vuotta. Joki opiskeli silloisessa Joensuun yliopistossa p\u00e4\u00e4aineenaan suomen kielt\u00e4 ja sivuaineena ven\u00e4j\u00e4\u00e4. Joki harkitsi my\u00f6s opettajan pedagogisia opintoja, mutta [&hellip;]","og_url":"https:\/\/blogs.uef.fi\/hugi\/2025\/05\/05\/alumnikahveilla-leena-joen-kanssa\/","og_site_name":"HUGI - HUMANISTISEN OSASTON BLOGI","article_published_time":"2025-05-05T06:29:18+00:00","article_modified_time":"2025-05-05T06:29:19+00:00","og_image":[{"width":1000,"height":1333,"url":"https:\/\/blogs.uef.fi\/hugi\/wp-content\/uploads\/sites\/22\/2025\/04\/Leena-Joki-alumnivieraana4-1.jpg","type":"image\/jpeg"}],"author":"nima","twitter_card":"summary_large_image","twitter_misc":{"Kirjoittanut":"nima","Arvioitu lukuaika":"5 minuuttia"},"schema":{"@context":"https:\/\/schema.org","@graph":[{"@type":"Article","@id":"https:\/\/blogs.uef.fi\/hugi\/2025\/05\/05\/alumnikahveilla-leena-joen-kanssa\/#article","isPartOf":{"@id":"https:\/\/blogs.uef.fi\/hugi\/2025\/05\/05\/alumnikahveilla-leena-joen-kanssa\/"},"author":{"name":"nima","@id":"https:\/\/blogs.uef.fi\/hugi\/#\/schema\/person\/b7f9fc7261c5fd57804a2872cd29feb1"},"headline":"Alumnikahveilla Leena Joen kanssa","datePublished":"2025-05-05T06:29:18+00:00","dateModified":"2025-05-05T06:29:19+00:00","mainEntityOfPage":{"@id":"https:\/\/blogs.uef.fi\/hugi\/2025\/05\/05\/alumnikahveilla-leena-joen-kanssa\/"},"wordCount":895,"image":{"@id":"https:\/\/blogs.uef.fi\/hugi\/2025\/05\/05\/alumnikahveilla-leena-joen-kanssa\/#primaryimage"},"thumbnailUrl":"https:\/\/blogs.uef.fi\/hugi\/wp-content\/uploads\/sites\/22\/2025\/04\/Leena-Joki-alumnivieraana4-1.jpg","articleSection":["Uncategorized"],"inLanguage":"fi"},{"@type":"WebPage","@id":"https:\/\/blogs.uef.fi\/hugi\/2025\/05\/05\/alumnikahveilla-leena-joen-kanssa\/","url":"https:\/\/blogs.uef.fi\/hugi\/2025\/05\/05\/alumnikahveilla-leena-joen-kanssa\/","name":"Alumnikahveilla Leena Joen kanssa - HUGI - HUMANISTISEN OSASTON BLOGI","isPartOf":{"@id":"https:\/\/blogs.uef.fi\/hugi\/#website"},"primaryImageOfPage":{"@id":"https:\/\/blogs.uef.fi\/hugi\/2025\/05\/05\/alumnikahveilla-leena-joen-kanssa\/#primaryimage"},"image":{"@id":"https:\/\/blogs.uef.fi\/hugi\/2025\/05\/05\/alumnikahveilla-leena-joen-kanssa\/#primaryimage"},"thumbnailUrl":"https:\/\/blogs.uef.fi\/hugi\/wp-content\/uploads\/sites\/22\/2025\/04\/Leena-Joki-alumnivieraana4-1.jpg","datePublished":"2025-05-05T06:29:18+00:00","dateModified":"2025-05-05T06:29:19+00:00","author":{"@id":"https:\/\/blogs.uef.fi\/hugi\/#\/schema\/person\/b7f9fc7261c5fd57804a2872cd29feb1"},"breadcrumb":{"@id":"https:\/\/blogs.uef.fi\/hugi\/2025\/05\/05\/alumnikahveilla-leena-joen-kanssa\/#breadcrumb"},"inLanguage":"fi","potentialAction":[{"@type":"ReadAction","target":["https:\/\/blogs.uef.fi\/hugi\/2025\/05\/05\/alumnikahveilla-leena-joen-kanssa\/"]}]},{"@type":"ImageObject","inLanguage":"fi","@id":"https:\/\/blogs.uef.fi\/hugi\/2025\/05\/05\/alumnikahveilla-leena-joen-kanssa\/#primaryimage","url":"https:\/\/blogs.uef.fi\/hugi\/wp-content\/uploads\/sites\/22\/2025\/04\/Leena-Joki-alumnivieraana4-1.jpg","contentUrl":"https:\/\/blogs.uef.fi\/hugi\/wp-content\/uploads\/sites\/22\/2025\/04\/Leena-Joki-alumnivieraana4-1.jpg","width":1000,"height":1333},{"@type":"BreadcrumbList","@id":"https:\/\/blogs.uef.fi\/hugi\/2025\/05\/05\/alumnikahveilla-leena-joen-kanssa\/#breadcrumb","itemListElement":[{"@type":"ListItem","position":1,"name":"Home","item":"https:\/\/blogs.uef.fi\/hugi\/"},{"@type":"ListItem","position":2,"name":"Alumnikahveilla Leena Joen kanssa"}]},{"@type":"WebSite","@id":"https:\/\/blogs.uef.fi\/hugi\/#website","url":"https:\/\/blogs.uef.fi\/hugi\/","name":"HUGI - HUMANISTISEN OSASTON BLOGI","description":"","potentialAction":[{"@type":"SearchAction","target":{"@type":"EntryPoint","urlTemplate":"https:\/\/blogs.uef.fi\/hugi\/?s={search_term_string}"},"query-input":{"@type":"PropertyValueSpecification","valueRequired":true,"valueName":"search_term_string"}}],"inLanguage":"fi"},{"@type":"Person","@id":"https:\/\/blogs.uef.fi\/hugi\/#\/schema\/person\/b7f9fc7261c5fd57804a2872cd29feb1","name":"nima","image":{"@type":"ImageObject","inLanguage":"fi","@id":"https:\/\/secure.gravatar.com\/avatar\/8558e311e6e579ef3869564b718144ffaca78de7abe8201e9f929a94b0406639?s=96&d=mm&r=g","url":"https:\/\/secure.gravatar.com\/avatar\/8558e311e6e579ef3869564b718144ffaca78de7abe8201e9f929a94b0406639?s=96&d=mm&r=g","contentUrl":"https:\/\/secure.gravatar.com\/avatar\/8558e311e6e579ef3869564b718144ffaca78de7abe8201e9f929a94b0406639?s=96&d=mm&r=g","caption":"nima"},"url":"https:\/\/blogs.uef.fi\/hugi\/author\/nima\/"}]}},"_links":{"self":[{"href":"https:\/\/blogs.uef.fi\/hugi\/wp-json\/wp\/v2\/posts\/1670","targetHints":{"allow":["GET"]}}],"collection":[{"href":"https:\/\/blogs.uef.fi\/hugi\/wp-json\/wp\/v2\/posts"}],"about":[{"href":"https:\/\/blogs.uef.fi\/hugi\/wp-json\/wp\/v2\/types\/post"}],"author":[{"embeddable":true,"href":"https:\/\/blogs.uef.fi\/hugi\/wp-json\/wp\/v2\/users\/425"}],"replies":[{"embeddable":true,"href":"https:\/\/blogs.uef.fi\/hugi\/wp-json\/wp\/v2\/comments?post=1670"}],"version-history":[{"count":2,"href":"https:\/\/blogs.uef.fi\/hugi\/wp-json\/wp\/v2\/posts\/1670\/revisions"}],"predecessor-version":[{"id":1687,"href":"https:\/\/blogs.uef.fi\/hugi\/wp-json\/wp\/v2\/posts\/1670\/revisions\/1687"}],"wp:attachment":[{"href":"https:\/\/blogs.uef.fi\/hugi\/wp-json\/wp\/v2\/media?parent=1670"}],"wp:term":[{"taxonomy":"category","embeddable":true,"href":"https:\/\/blogs.uef.fi\/hugi\/wp-json\/wp\/v2\/categories?post=1670"},{"taxonomy":"post_tag","embeddable":true,"href":"https:\/\/blogs.uef.fi\/hugi\/wp-json\/wp\/v2\/tags?post=1670"}],"curies":[{"name":"wp","href":"https:\/\/api.w.org\/{rel}","templated":true}]}}