{"id":1617,"date":"2024-11-25T17:04:46","date_gmt":"2024-11-25T14:04:46","guid":{"rendered":"https:\/\/blogs.uef.fi\/hugi\/?p=1617"},"modified":"2025-07-31T08:12:37","modified_gmt":"2025-07-31T05:12:37","slug":"alumnikahvit-opettajasta-yhteisokehittajaksi","status":"publish","type":"post","link":"https:\/\/blogs.uef.fi\/hugi\/2024\/11\/25\/alumnikahvit-opettajasta-yhteisokehittajaksi\/","title":{"rendered":"Alumnikahvit: Opettajasta yhteis\u00f6kehitt\u00e4j\u00e4ksi"},"content":{"rendered":"\n<p>Syksyn 2024 toiset alumnikahvit j\u00e4rjestettiin 5.11., ja vieraana oli Pohjois-Karjalan Sosiaaliturvayhdistys ry:ss\u00e4 yhteis\u00f6kehitt\u00e4j\u00e4n\u00e4 ty\u00f6skentelev\u00e4 Anton Lumijoki. Lumijoki opiskeli It\u00e4-Suomen yliopistossa vuosina 2008\u20132015. H\u00e4n aloitti opintonsa opiskelemalla ven\u00e4j\u00e4\u00e4 p\u00e4\u00e4aineenaan ja englantia sivuaineenaan, mutta opintojen edetess\u00e4 h\u00e4n p\u00e4\u00e4tti vaihtaa p\u00e4\u00e4aineekseen englannin. Lis\u00e4ksi Lumijoki opiskeli pedagogiset opinnot.<\/p>\n\n\n\n<p>Yliopisto-opintojensa aikana Lumijoki ei k\u00e4ynyt vaihdossa eik\u00e4 tehnyt ty\u00f6harjoitteluja. H\u00e4n suosittelee kuitenkin molempia l\u00e4mpim\u00e4sti, ja painottaa etenkin ty\u00f6harjoittelujen t\u00e4rkeytt\u00e4: Harjoitteluista on hy\u00f6ty\u00e4 etenkin verkostoitumisen kannalta. Harjoittelupaikasta voi my\u00f6s tulla tulevaisuuden ty\u00f6paikka, jos antaa itsest\u00e4\u00e4n tarpeeksi hyv\u00e4n vaikutelman.<\/p>\n\n\n\n<figure class=\"wp-block-image size-full\"><img loading=\"lazy\" decoding=\"async\" width=\"1092\" height=\"842\" src=\"https:\/\/blogs.uef.fi\/hugi\/wp-content\/uploads\/sites\/22\/2024\/11\/Kuva2.jpg\" alt=\"\" class=\"wp-image-1620\" srcset=\"https:\/\/blogs.uef.fi\/hugi\/wp-content\/uploads\/sites\/22\/2024\/11\/Kuva2.jpg 1092w, https:\/\/blogs.uef.fi\/hugi\/wp-content\/uploads\/sites\/22\/2024\/11\/Kuva2-768x592.jpg 768w\" sizes=\"auto, (max-width: 1092px) 100vw, 1092px\" \/><figcaption class=\"wp-element-caption\">Kuva: Anton Lumijokea jututtamassa Henna Ehrukainen ja Oona J\u00e4rvinen. Taustalla my\u00f6s Hanna Lappalainen. Kuvaaja: Kristiina Janhunen.<\/figcaption><\/figure>\n\n\n\n<h5 class=\"wp-block-heading\"><strong>Opettajan ty\u00f6 on antoisaa, mutta hektist\u00e4<\/strong><\/h5>\n\n\n\n<p>Alun perin Lumijoki opiskeli aineenopettajaksi. H\u00e4n sanookin ty\u00f6n houkutelleen, sill\u00e4 h\u00e4n toivoi tulevaisuudessa voivansa ty\u00f6skennell\u00e4 vakaassa ty\u00f6ss\u00e4. Opettajaksi ty\u00f6llistyminen on kuitenkin h\u00e4nen mukaansa haastavaa erityisesti, jos ei ole valmis muuttamaan ty\u00f6n per\u00e4ss\u00e4. Lumijoki itse ty\u00f6skenteli valmistumisensa j\u00e4lkeen sijaisena, mik\u00e4 tarjosi lopulta mahdollisuuden ensimm\u00e4iseen pidemp\u00e4\u00e4n ty\u00f6jaksoon opettajana.<\/p>\n\n\n\n<p>Opettajan ty\u00f6t\u00e4 Lumijoki kuvailee antoisaksi, mutta hektiseksi. Se sai h\u00e4net lopulta pohtimaan muita uramahdollisuuksia. Palkkatuki avasi h\u00e4nelle ovia uusiin ty\u00f6paikkoihin ja lopulta my\u00f6s nykyiseen ty\u00f6h\u00f6ns\u00e4.<\/p>\n\n\n\n<h5 class=\"wp-block-heading\"><strong>J\u00e4rjest\u00f6kent\u00e4ll\u00e4 riitt\u00e4\u00e4 mielenkiintoisia projekteja<\/strong><\/h5>\n\n\n\n<p>Lumijoki ty\u00f6skentelee yhteis\u00f6kehitt\u00e4j\u00e4n\u00e4 kahdessa projektissa. Ensimm\u00e4inen keskittyy ty\u00f6tt\u00f6mien ty\u00f6nhakijoiden t\u00f6idensaamisen tukemiseen. Toisessa projektissa Lumijoki auttaa maahanmuuttajia l\u00f6yt\u00e4m\u00e4\u00e4n vapaaehtoist\u00f6it\u00e4 Pohjois-Karjalan alueelta, organisoi erilaisia tapahtumia ja esimerkiksi selvitt\u00e4\u00e4, millaisia ongelmia maahanmuuttajat ovat kokeneet. N\u00e4it\u00e4 kokemuksia h\u00e4n vie my\u00f6s eteenp\u00e4in niist\u00e4 vastaaville tahoille, jotta ongelmiin voitaisiin puuttua.<\/p>\n\n\n\n<p>Tyypillist\u00e4 ty\u00f6p\u00e4iv\u00e4\u00e4 ei Lumijoen mukaan ole. Ty\u00f6 on monipuolista ja kiireist\u00e4kin. H\u00e4n muun muassa tarjoaa uravalmennusta sek\u00e4 tekee yhteisty\u00f6t\u00e4 erilaisten j\u00e4rjest\u00f6jen kanssa. Parhaana asiana ty\u00f6ss\u00e4\u00e4n Lumijoki pit\u00e4\u00e4 sit\u00e4, ett\u00e4 p\u00e4\u00e4see ty\u00f6skentelem\u00e4\u00e4n ihmisten kanssa ja voi auttaa muita ty\u00f6ns\u00e4 v\u00e4lityksell\u00e4. Ty\u00f6 vastaa my\u00f6s h\u00e4nen omia arvojaan, mit\u00e4 h\u00e4n pit\u00e4\u00e4 niin ik\u00e4\u00e4n t\u00e4rke\u00e4n\u00e4.<\/p>\n\n\n\n<p>Opinnoista on ollut hy\u00f6ty\u00e4 yhteis\u00f6kehitt\u00e4j\u00e4n teht\u00e4viss\u00e4. Kaiken kaikkiaan h\u00e4n on tyytyv\u00e4inen valitsemiinsa opintokokonaisuuksiin. Lumijoen mukaan opinnot ovat kehitt\u00e4neet esiintymistaitoa, tiedonhakua, kriittisi\u00e4 ajattelutaitoja sek\u00e4 monipuolista kielitaitoa. Lumijoki painottaa, ett\u00e4 opintoja voi t\u00e4ydent\u00e4\u00e4 l\u00e4pi el\u00e4m\u00e4n \u2013 t\u00e4ll\u00e4kin hetkell\u00e4 h\u00e4n opiskelee oppisopimuksella ty\u00f6h\u00f6nvalmentajaksi.<\/p>\n\n\n\n<h5 class=\"wp-block-heading\"><strong>Vinkkej\u00e4 oman polun l\u00f6yt\u00e4miseen<\/strong><\/h5>\n\n\n\n<p>Verkostoituminen ja omien kiinnostusten seuraaminen ovat hyv\u00e4 pohja ty\u00f6nhakuun. Lumijoen mukaan esimerkiksi vapaaehtoisty\u00f6n tai omien harrastusten kautta voi tutustua mielenkiintoisiin ihmisiin, ja saada t\u00e4t\u00e4 kautta uusia ideoita ty\u00f6el\u00e4m\u00e4\u00e4n suuntautumiseen. Lis\u00e4ksi h\u00e4n kehottaa tarttumaan tilaisuuksiin ja kokeilemaan rohkeasti erilaisia t\u00f6it\u00e4 esimerkiksi palkkatuella.<\/p>\n\n\n\n<p>Jos tavoitteena on valmistumisen j\u00e4lkeen ty\u00f6llisty\u00e4 Pohjois-Karjalaan, Lumijoen mukaan kannattaa olla joustava ja yritt\u00e4\u00e4 sitke\u00e4sti. My\u00f6s ajokortista on hy\u00f6ty\u00e4, sill\u00e4 se laajentaa selv\u00e4sti ty\u00f6llistymismahdollisuuksia.<\/p>\n\n\n\n<p>Seuraavat alumnikahvit ovat 5.12., kun kirjallisuutta opiskellut Jutta Ekman tulee vieraaksemme. N\u00e4hd\u00e4\u00e4n siis silloin!<\/p>\n\n\n\n<p><strong>Anni Aikio<\/strong><\/p>\n\n\n\n<p><strong>Kirjoittaja on ven\u00e4j\u00e4n kielen ja kulttuurin opiskelija It\u00e4-Suomen yliopistosta<\/strong><\/p>\n","protected":false},"excerpt":{"rendered":"<p>Syksyn 2024 toiset alumnikahvit j\u00e4rjestettiin 5.11., ja vieraana oli Pohjois-Karjalan Sosiaaliturvayhdistys ry:ss\u00e4 yhteis\u00f6kehitt\u00e4j\u00e4n\u00e4 ty\u00f6skentelev\u00e4 Anton Lumijoki. Lumijoki opiskeli It\u00e4-Suomen yliopistossa vuosina 2008\u20132015. H\u00e4n aloitti opintonsa opiskelemalla ven\u00e4j\u00e4\u00e4 p\u00e4\u00e4aineenaan ja englantia sivuaineenaan, mutta opintojen edetess\u00e4 h\u00e4n p\u00e4\u00e4tti vaihtaa p\u00e4\u00e4aineekseen englannin. Lis\u00e4ksi Lumijoki opiskeli pedagogiset opinnot. Yliopisto-opintojensa aikana Lumijoki ei k\u00e4ynyt vaihdossa eik\u00e4 tehnyt ty\u00f6harjoitteluja. H\u00e4n suosittelee [&hellip;]<\/p>\n","protected":false},"author":552,"featured_media":0,"comment_status":"closed","ping_status":"closed","sticky":false,"template":"","format":"standard","meta":{"_acf_changed":false,"footnotes":""},"categories":[1],"tags":[],"class_list":["post-1617","post","type-post","status-publish","format-standard","hentry","category-uncategorized"],"acf":[],"yoast_head":"<!-- This site is optimized with the Yoast SEO plugin v27.3 - https:\/\/yoast.com\/product\/yoast-seo-wordpress\/ -->\n<title>Alumnikahvit: Opettajasta yhteis\u00f6kehitt\u00e4j\u00e4ksi - HUGI - HUMANISTISEN OSASTON BLOGI<\/title>\n<meta name=\"robots\" content=\"index, follow, max-snippet:-1, max-image-preview:large, max-video-preview:-1\" \/>\n<link rel=\"canonical\" href=\"https:\/\/blogs.uef.fi\/hugi\/2024\/11\/25\/alumnikahvit-opettajasta-yhteisokehittajaksi\/\" \/>\n<meta property=\"og:locale\" content=\"fi_FI\" \/>\n<meta property=\"og:type\" content=\"article\" \/>\n<meta property=\"og:title\" content=\"Alumnikahvit: Opettajasta yhteis\u00f6kehitt\u00e4j\u00e4ksi - HUGI - HUMANISTISEN OSASTON BLOGI\" \/>\n<meta property=\"og:description\" content=\"Syksyn 2024 toiset alumnikahvit j\u00e4rjestettiin 5.11., ja vieraana oli Pohjois-Karjalan Sosiaaliturvayhdistys ry:ss\u00e4 yhteis\u00f6kehitt\u00e4j\u00e4n\u00e4 ty\u00f6skentelev\u00e4 Anton Lumijoki. Lumijoki opiskeli It\u00e4-Suomen yliopistossa vuosina 2008\u20132015. H\u00e4n aloitti opintonsa opiskelemalla ven\u00e4j\u00e4\u00e4 p\u00e4\u00e4aineenaan ja englantia sivuaineenaan, mutta opintojen edetess\u00e4 h\u00e4n p\u00e4\u00e4tti vaihtaa p\u00e4\u00e4aineekseen englannin. Lis\u00e4ksi Lumijoki opiskeli pedagogiset opinnot. Yliopisto-opintojensa aikana Lumijoki ei k\u00e4ynyt vaihdossa eik\u00e4 tehnyt ty\u00f6harjoitteluja. H\u00e4n suosittelee [&hellip;]\" \/>\n<meta property=\"og:url\" content=\"https:\/\/blogs.uef.fi\/hugi\/2024\/11\/25\/alumnikahvit-opettajasta-yhteisokehittajaksi\/\" \/>\n<meta property=\"og:site_name\" content=\"HUGI - HUMANISTISEN OSASTON BLOGI\" \/>\n<meta property=\"article:published_time\" content=\"2024-11-25T14:04:46+00:00\" \/>\n<meta property=\"article:modified_time\" content=\"2025-07-31T05:12:37+00:00\" \/>\n<meta property=\"og:image\" content=\"https:\/\/blogs.uef.fi\/hugi\/wp-content\/uploads\/sites\/22\/2024\/11\/Kuva2.jpg\" \/>\n\t<meta property=\"og:image:width\" content=\"1092\" \/>\n\t<meta property=\"og:image:height\" content=\"842\" \/>\n\t<meta property=\"og:image:type\" content=\"image\/jpeg\" \/>\n<meta name=\"author\" content=\"HUGI\" \/>\n<meta name=\"twitter:card\" content=\"summary_large_image\" \/>\n<meta name=\"twitter:label1\" content=\"Kirjoittanut\" \/>\n\t<meta name=\"twitter:data1\" content=\"HUGI\" \/>\n\t<meta name=\"twitter:label2\" content=\"Arvioitu lukuaika\" \/>\n\t<meta name=\"twitter:data2\" content=\"3 minuuttia\" \/>\n<script type=\"application\/ld+json\" class=\"yoast-schema-graph\">{\"@context\":\"https:\\\/\\\/schema.org\",\"@graph\":[{\"@type\":\"Article\",\"@id\":\"https:\\\/\\\/blogs.uef.fi\\\/hugi\\\/2024\\\/11\\\/25\\\/alumnikahvit-opettajasta-yhteisokehittajaksi\\\/#article\",\"isPartOf\":{\"@id\":\"https:\\\/\\\/blogs.uef.fi\\\/hugi\\\/2024\\\/11\\\/25\\\/alumnikahvit-opettajasta-yhteisokehittajaksi\\\/\"},\"author\":{\"name\":\"HUGI\",\"@id\":\"https:\\\/\\\/blogs.uef.fi\\\/hugi\\\/#\\\/schema\\\/person\\\/fd686ba8102ded6c5bb0d8c4ef8a3b6f\"},\"headline\":\"Alumnikahvit: Opettajasta yhteis\u00f6kehitt\u00e4j\u00e4ksi\",\"datePublished\":\"2024-11-25T14:04:46+00:00\",\"dateModified\":\"2025-07-31T05:12:37+00:00\",\"mainEntityOfPage\":{\"@id\":\"https:\\\/\\\/blogs.uef.fi\\\/hugi\\\/2024\\\/11\\\/25\\\/alumnikahvit-opettajasta-yhteisokehittajaksi\\\/\"},\"wordCount\":537,\"image\":{\"@id\":\"https:\\\/\\\/blogs.uef.fi\\\/hugi\\\/2024\\\/11\\\/25\\\/alumnikahvit-opettajasta-yhteisokehittajaksi\\\/#primaryimage\"},\"thumbnailUrl\":\"https:\\\/\\\/blogs.uef.fi\\\/hugi\\\/wp-content\\\/uploads\\\/sites\\\/22\\\/2024\\\/11\\\/Kuva2.jpg\",\"articleSection\":[\"Uncategorized\"],\"inLanguage\":\"fi\"},{\"@type\":\"WebPage\",\"@id\":\"https:\\\/\\\/blogs.uef.fi\\\/hugi\\\/2024\\\/11\\\/25\\\/alumnikahvit-opettajasta-yhteisokehittajaksi\\\/\",\"url\":\"https:\\\/\\\/blogs.uef.fi\\\/hugi\\\/2024\\\/11\\\/25\\\/alumnikahvit-opettajasta-yhteisokehittajaksi\\\/\",\"name\":\"Alumnikahvit: Opettajasta yhteis\u00f6kehitt\u00e4j\u00e4ksi - HUGI - HUMANISTISEN OSASTON BLOGI\",\"isPartOf\":{\"@id\":\"https:\\\/\\\/blogs.uef.fi\\\/hugi\\\/#website\"},\"primaryImageOfPage\":{\"@id\":\"https:\\\/\\\/blogs.uef.fi\\\/hugi\\\/2024\\\/11\\\/25\\\/alumnikahvit-opettajasta-yhteisokehittajaksi\\\/#primaryimage\"},\"image\":{\"@id\":\"https:\\\/\\\/blogs.uef.fi\\\/hugi\\\/2024\\\/11\\\/25\\\/alumnikahvit-opettajasta-yhteisokehittajaksi\\\/#primaryimage\"},\"thumbnailUrl\":\"https:\\\/\\\/blogs.uef.fi\\\/hugi\\\/wp-content\\\/uploads\\\/sites\\\/22\\\/2024\\\/11\\\/Kuva2.jpg\",\"datePublished\":\"2024-11-25T14:04:46+00:00\",\"dateModified\":\"2025-07-31T05:12:37+00:00\",\"author\":{\"@id\":\"https:\\\/\\\/blogs.uef.fi\\\/hugi\\\/#\\\/schema\\\/person\\\/fd686ba8102ded6c5bb0d8c4ef8a3b6f\"},\"breadcrumb\":{\"@id\":\"https:\\\/\\\/blogs.uef.fi\\\/hugi\\\/2024\\\/11\\\/25\\\/alumnikahvit-opettajasta-yhteisokehittajaksi\\\/#breadcrumb\"},\"inLanguage\":\"fi\",\"potentialAction\":[{\"@type\":\"ReadAction\",\"target\":[\"https:\\\/\\\/blogs.uef.fi\\\/hugi\\\/2024\\\/11\\\/25\\\/alumnikahvit-opettajasta-yhteisokehittajaksi\\\/\"]}]},{\"@type\":\"ImageObject\",\"inLanguage\":\"fi\",\"@id\":\"https:\\\/\\\/blogs.uef.fi\\\/hugi\\\/2024\\\/11\\\/25\\\/alumnikahvit-opettajasta-yhteisokehittajaksi\\\/#primaryimage\",\"url\":\"https:\\\/\\\/blogs.uef.fi\\\/hugi\\\/wp-content\\\/uploads\\\/sites\\\/22\\\/2024\\\/11\\\/Kuva2.jpg\",\"contentUrl\":\"https:\\\/\\\/blogs.uef.fi\\\/hugi\\\/wp-content\\\/uploads\\\/sites\\\/22\\\/2024\\\/11\\\/Kuva2.jpg\",\"width\":1092,\"height\":842},{\"@type\":\"BreadcrumbList\",\"@id\":\"https:\\\/\\\/blogs.uef.fi\\\/hugi\\\/2024\\\/11\\\/25\\\/alumnikahvit-opettajasta-yhteisokehittajaksi\\\/#breadcrumb\",\"itemListElement\":[{\"@type\":\"ListItem\",\"position\":1,\"name\":\"Home\",\"item\":\"https:\\\/\\\/blogs.uef.fi\\\/hugi\\\/\"},{\"@type\":\"ListItem\",\"position\":2,\"name\":\"Alumnikahvit: Opettajasta yhteis\u00f6kehitt\u00e4j\u00e4ksi\"}]},{\"@type\":\"WebSite\",\"@id\":\"https:\\\/\\\/blogs.uef.fi\\\/hugi\\\/#website\",\"url\":\"https:\\\/\\\/blogs.uef.fi\\\/hugi\\\/\",\"name\":\"HUGI - HUMANISTISEN OSASTON BLOGI\",\"description\":\"\",\"potentialAction\":[{\"@type\":\"SearchAction\",\"target\":{\"@type\":\"EntryPoint\",\"urlTemplate\":\"https:\\\/\\\/blogs.uef.fi\\\/hugi\\\/?s={search_term_string}\"},\"query-input\":{\"@type\":\"PropertyValueSpecification\",\"valueRequired\":true,\"valueName\":\"search_term_string\"}}],\"inLanguage\":\"fi\"},{\"@type\":\"Person\",\"@id\":\"https:\\\/\\\/blogs.uef.fi\\\/hugi\\\/#\\\/schema\\\/person\\\/fd686ba8102ded6c5bb0d8c4ef8a3b6f\",\"name\":\"HUGI\",\"image\":{\"@type\":\"ImageObject\",\"inLanguage\":\"fi\",\"@id\":\"https:\\\/\\\/secure.gravatar.com\\\/avatar\\\/5832e7744527a7d80f312ec8520ca07d83a9268a271d25d310532ccc8e4ed9ab?s=96&d=mm&r=g\",\"url\":\"https:\\\/\\\/secure.gravatar.com\\\/avatar\\\/5832e7744527a7d80f312ec8520ca07d83a9268a271d25d310532ccc8e4ed9ab?s=96&d=mm&r=g\",\"contentUrl\":\"https:\\\/\\\/secure.gravatar.com\\\/avatar\\\/5832e7744527a7d80f312ec8520ca07d83a9268a271d25d310532ccc8e4ed9ab?s=96&d=mm&r=g\",\"caption\":\"HUGI\"},\"url\":\"https:\\\/\\\/blogs.uef.fi\\\/hugi\\\/author\\\/anuhuovi\\\/\"}]}<\/script>\n<!-- \/ Yoast SEO plugin. -->","yoast_head_json":{"title":"Alumnikahvit: Opettajasta yhteis\u00f6kehitt\u00e4j\u00e4ksi - HUGI - HUMANISTISEN OSASTON BLOGI","robots":{"index":"index","follow":"follow","max-snippet":"max-snippet:-1","max-image-preview":"max-image-preview:large","max-video-preview":"max-video-preview:-1"},"canonical":"https:\/\/blogs.uef.fi\/hugi\/2024\/11\/25\/alumnikahvit-opettajasta-yhteisokehittajaksi\/","og_locale":"fi_FI","og_type":"article","og_title":"Alumnikahvit: Opettajasta yhteis\u00f6kehitt\u00e4j\u00e4ksi - HUGI - HUMANISTISEN OSASTON BLOGI","og_description":"Syksyn 2024 toiset alumnikahvit j\u00e4rjestettiin 5.11., ja vieraana oli Pohjois-Karjalan Sosiaaliturvayhdistys ry:ss\u00e4 yhteis\u00f6kehitt\u00e4j\u00e4n\u00e4 ty\u00f6skentelev\u00e4 Anton Lumijoki. Lumijoki opiskeli It\u00e4-Suomen yliopistossa vuosina 2008\u20132015. H\u00e4n aloitti opintonsa opiskelemalla ven\u00e4j\u00e4\u00e4 p\u00e4\u00e4aineenaan ja englantia sivuaineenaan, mutta opintojen edetess\u00e4 h\u00e4n p\u00e4\u00e4tti vaihtaa p\u00e4\u00e4aineekseen englannin. Lis\u00e4ksi Lumijoki opiskeli pedagogiset opinnot. Yliopisto-opintojensa aikana Lumijoki ei k\u00e4ynyt vaihdossa eik\u00e4 tehnyt ty\u00f6harjoitteluja. H\u00e4n suosittelee [&hellip;]","og_url":"https:\/\/blogs.uef.fi\/hugi\/2024\/11\/25\/alumnikahvit-opettajasta-yhteisokehittajaksi\/","og_site_name":"HUGI - HUMANISTISEN OSASTON BLOGI","article_published_time":"2024-11-25T14:04:46+00:00","article_modified_time":"2025-07-31T05:12:37+00:00","og_image":[{"width":1092,"height":842,"url":"https:\/\/blogs.uef.fi\/hugi\/wp-content\/uploads\/sites\/22\/2024\/11\/Kuva2.jpg","type":"image\/jpeg"}],"author":"HUGI","twitter_card":"summary_large_image","twitter_misc":{"Kirjoittanut":"HUGI","Arvioitu lukuaika":"3 minuuttia"},"schema":{"@context":"https:\/\/schema.org","@graph":[{"@type":"Article","@id":"https:\/\/blogs.uef.fi\/hugi\/2024\/11\/25\/alumnikahvit-opettajasta-yhteisokehittajaksi\/#article","isPartOf":{"@id":"https:\/\/blogs.uef.fi\/hugi\/2024\/11\/25\/alumnikahvit-opettajasta-yhteisokehittajaksi\/"},"author":{"name":"HUGI","@id":"https:\/\/blogs.uef.fi\/hugi\/#\/schema\/person\/fd686ba8102ded6c5bb0d8c4ef8a3b6f"},"headline":"Alumnikahvit: Opettajasta yhteis\u00f6kehitt\u00e4j\u00e4ksi","datePublished":"2024-11-25T14:04:46+00:00","dateModified":"2025-07-31T05:12:37+00:00","mainEntityOfPage":{"@id":"https:\/\/blogs.uef.fi\/hugi\/2024\/11\/25\/alumnikahvit-opettajasta-yhteisokehittajaksi\/"},"wordCount":537,"image":{"@id":"https:\/\/blogs.uef.fi\/hugi\/2024\/11\/25\/alumnikahvit-opettajasta-yhteisokehittajaksi\/#primaryimage"},"thumbnailUrl":"https:\/\/blogs.uef.fi\/hugi\/wp-content\/uploads\/sites\/22\/2024\/11\/Kuva2.jpg","articleSection":["Uncategorized"],"inLanguage":"fi"},{"@type":"WebPage","@id":"https:\/\/blogs.uef.fi\/hugi\/2024\/11\/25\/alumnikahvit-opettajasta-yhteisokehittajaksi\/","url":"https:\/\/blogs.uef.fi\/hugi\/2024\/11\/25\/alumnikahvit-opettajasta-yhteisokehittajaksi\/","name":"Alumnikahvit: Opettajasta yhteis\u00f6kehitt\u00e4j\u00e4ksi - HUGI - HUMANISTISEN OSASTON BLOGI","isPartOf":{"@id":"https:\/\/blogs.uef.fi\/hugi\/#website"},"primaryImageOfPage":{"@id":"https:\/\/blogs.uef.fi\/hugi\/2024\/11\/25\/alumnikahvit-opettajasta-yhteisokehittajaksi\/#primaryimage"},"image":{"@id":"https:\/\/blogs.uef.fi\/hugi\/2024\/11\/25\/alumnikahvit-opettajasta-yhteisokehittajaksi\/#primaryimage"},"thumbnailUrl":"https:\/\/blogs.uef.fi\/hugi\/wp-content\/uploads\/sites\/22\/2024\/11\/Kuva2.jpg","datePublished":"2024-11-25T14:04:46+00:00","dateModified":"2025-07-31T05:12:37+00:00","author":{"@id":"https:\/\/blogs.uef.fi\/hugi\/#\/schema\/person\/fd686ba8102ded6c5bb0d8c4ef8a3b6f"},"breadcrumb":{"@id":"https:\/\/blogs.uef.fi\/hugi\/2024\/11\/25\/alumnikahvit-opettajasta-yhteisokehittajaksi\/#breadcrumb"},"inLanguage":"fi","potentialAction":[{"@type":"ReadAction","target":["https:\/\/blogs.uef.fi\/hugi\/2024\/11\/25\/alumnikahvit-opettajasta-yhteisokehittajaksi\/"]}]},{"@type":"ImageObject","inLanguage":"fi","@id":"https:\/\/blogs.uef.fi\/hugi\/2024\/11\/25\/alumnikahvit-opettajasta-yhteisokehittajaksi\/#primaryimage","url":"https:\/\/blogs.uef.fi\/hugi\/wp-content\/uploads\/sites\/22\/2024\/11\/Kuva2.jpg","contentUrl":"https:\/\/blogs.uef.fi\/hugi\/wp-content\/uploads\/sites\/22\/2024\/11\/Kuva2.jpg","width":1092,"height":842},{"@type":"BreadcrumbList","@id":"https:\/\/blogs.uef.fi\/hugi\/2024\/11\/25\/alumnikahvit-opettajasta-yhteisokehittajaksi\/#breadcrumb","itemListElement":[{"@type":"ListItem","position":1,"name":"Home","item":"https:\/\/blogs.uef.fi\/hugi\/"},{"@type":"ListItem","position":2,"name":"Alumnikahvit: Opettajasta yhteis\u00f6kehitt\u00e4j\u00e4ksi"}]},{"@type":"WebSite","@id":"https:\/\/blogs.uef.fi\/hugi\/#website","url":"https:\/\/blogs.uef.fi\/hugi\/","name":"HUGI - HUMANISTISEN OSASTON BLOGI","description":"","potentialAction":[{"@type":"SearchAction","target":{"@type":"EntryPoint","urlTemplate":"https:\/\/blogs.uef.fi\/hugi\/?s={search_term_string}"},"query-input":{"@type":"PropertyValueSpecification","valueRequired":true,"valueName":"search_term_string"}}],"inLanguage":"fi"},{"@type":"Person","@id":"https:\/\/blogs.uef.fi\/hugi\/#\/schema\/person\/fd686ba8102ded6c5bb0d8c4ef8a3b6f","name":"HUGI","image":{"@type":"ImageObject","inLanguage":"fi","@id":"https:\/\/secure.gravatar.com\/avatar\/5832e7744527a7d80f312ec8520ca07d83a9268a271d25d310532ccc8e4ed9ab?s=96&d=mm&r=g","url":"https:\/\/secure.gravatar.com\/avatar\/5832e7744527a7d80f312ec8520ca07d83a9268a271d25d310532ccc8e4ed9ab?s=96&d=mm&r=g","contentUrl":"https:\/\/secure.gravatar.com\/avatar\/5832e7744527a7d80f312ec8520ca07d83a9268a271d25d310532ccc8e4ed9ab?s=96&d=mm&r=g","caption":"HUGI"},"url":"https:\/\/blogs.uef.fi\/hugi\/author\/anuhuovi\/"}]}},"_links":{"self":[{"href":"https:\/\/blogs.uef.fi\/hugi\/wp-json\/wp\/v2\/posts\/1617","targetHints":{"allow":["GET"]}}],"collection":[{"href":"https:\/\/blogs.uef.fi\/hugi\/wp-json\/wp\/v2\/posts"}],"about":[{"href":"https:\/\/blogs.uef.fi\/hugi\/wp-json\/wp\/v2\/types\/post"}],"author":[{"embeddable":true,"href":"https:\/\/blogs.uef.fi\/hugi\/wp-json\/wp\/v2\/users\/552"}],"replies":[{"embeddable":true,"href":"https:\/\/blogs.uef.fi\/hugi\/wp-json\/wp\/v2\/comments?post=1617"}],"version-history":[{"count":1,"href":"https:\/\/blogs.uef.fi\/hugi\/wp-json\/wp\/v2\/posts\/1617\/revisions"}],"predecessor-version":[{"id":1629,"href":"https:\/\/blogs.uef.fi\/hugi\/wp-json\/wp\/v2\/posts\/1617\/revisions\/1629"}],"wp:attachment":[{"href":"https:\/\/blogs.uef.fi\/hugi\/wp-json\/wp\/v2\/media?parent=1617"}],"wp:term":[{"taxonomy":"category","embeddable":true,"href":"https:\/\/blogs.uef.fi\/hugi\/wp-json\/wp\/v2\/categories?post=1617"},{"taxonomy":"post_tag","embeddable":true,"href":"https:\/\/blogs.uef.fi\/hugi\/wp-json\/wp\/v2\/tags?post=1617"}],"curies":[{"name":"wp","href":"https:\/\/api.w.org\/{rel}","templated":true}]}}