{"id":148,"date":"2021-04-20T15:13:13","date_gmt":"2021-04-20T12:13:13","guid":{"rendered":"https:\/\/blogs.uef.fi\/hugi\/?p=148"},"modified":"2023-12-21T16:36:01","modified_gmt":"2023-12-21T13:36:01","slug":"karjalan-kieli-elay-nyt-da-tulijalla-aigua","status":"publish","type":"post","link":"https:\/\/blogs.uef.fi\/hugi\/2021\/04\/20\/karjalan-kieli-elay-nyt-da-tulijalla-aigua\/","title":{"rendered":"Karjalan kieli el\u00e4y \u2013 nyt da tulijalla aigua"},"content":{"rendered":"\n<figure class=\"wp-block-image size-full is-resized\"><img loading=\"lazy\" decoding=\"async\" width=\"2560\" height=\"1689\" src=\"https:\/\/blogs.uef.fi\/hugi\/wp-content\/uploads\/sites\/22\/2021\/04\/Kuva-hugi-scaled.jpg\" alt=\"\" class=\"wp-image-154\" style=\"width:702px;height:auto\" srcset=\"https:\/\/blogs.uef.fi\/hugi\/wp-content\/uploads\/sites\/22\/2021\/04\/Kuva-hugi-scaled.jpg 2560w, https:\/\/blogs.uef.fi\/hugi\/wp-content\/uploads\/sites\/22\/2021\/04\/Kuva-hugi-768x507.jpg 768w, https:\/\/blogs.uef.fi\/hugi\/wp-content\/uploads\/sites\/22\/2021\/04\/Kuva-hugi-1536x1013.jpg 1536w, https:\/\/blogs.uef.fi\/hugi\/wp-content\/uploads\/sites\/22\/2021\/04\/Kuva-hugi-2048x1351.jpg 2048w\" sizes=\"auto, (max-width: 2560px) 100vw, 2560px\" \/><\/figure>\n\n\n\n<p>Karjala on Suomessa kotoper\u00e4inen kieli, ja sit\u00e4 on puhuttu maassamme yht\u00e4 kauan kuin suomeakin. Ennen toista maailmansotaa karjalankielisi\u00e4 alueita oli erityisesti Laatokan pohjoispuolisessa Raja-Karjalassa, mutta karjalaisia asui my\u00f6s Kainuun vienalaiskyliss\u00e4 ja k\u00e4sivarren alueella. Jatkosodan j\u00e4lkeen Neuvostoliitolle menetettyjen alueiden karjalankieliset siirtokarjalaiset asutettiin eri puolille Suomea, jolloin karjalasta tuli ei-alueellinen v\u00e4hemmist\u00f6kieli. Suomessa asuu my\u00f6s niiden karjalaisten j\u00e4lkel\u00e4isi\u00e4, jotka tulivat pakolaisina It\u00e4-Karjalasta Suomen itsen\u00e4istymisen tienoilla, ja lis\u00e4ksi maahan on tullut karjalan kielen puhujia Ven\u00e4j\u00e4lt\u00e4 1990-luvulta alkaen.<\/p>\n\n\n\n<p>Vaikka karjalalla on Suomessa pitk\u00e4 historia, se on monille suomalaisille tuntematon kieli. Nimitykset \u201dkarjala\u201d tai \u201dkarjalan murre\u201d ovat kyll\u00e4 k\u00e4yt\u00f6ss\u00e4, mutta niill\u00e4 tarkoitetaan useimmiten suomen it\u00e4murteita: Etel\u00e4-Karjalan maakunnassa tai Karjalan kannaksella ja Laatokan Karjalassa puhuttuja kaakkoismurteita tai Pohjois-Karjalan savolaismurteita. N\u00e4iden suomalaismurteiden varjoon on j\u00e4\u00e4nyt kokonainen kieli, sen puhujat ja heid\u00e4n kulttuurinsa ja ortodoksinen uskonsa. Suomalainen enemmist\u00f6 on vuosikymmenten ajan ty\u00f6nt\u00e4nyt karjalan kielt\u00e4 ja kulttuuria n\u00e4kym\u00e4tt\u00f6miin.<\/p>\n\n\n\n<h2 class=\"wp-block-heading\">Varavonalane kieli da sen elvytt\u00e4mine<\/h2>\n\n\n\n<p>Sotien j\u00e4lkeisiss\u00e4 alueluovutuksissa karjalankieliset menettiv\u00e4t kotiseutunsa, ja tiiviit yhteis\u00f6t sirpaloituivat. Karjalaista siirtov\u00e4ke\u00e4 ei l\u00e4hesk\u00e4\u00e4n aina kohdeltu hyvin, ja erityisesti vierastettiin karjalankielisi\u00e4 ja ortodoksista uskoa tunnustavia rajakarjalaisia. Koulussa karjalankielisi\u00e4 lapsia usein kiusattiin ja nimiteltiin. T\u00e4ss\u00e4 ilmapiiriss\u00e4 karjalasta tuli kotipiiriss\u00e4 ja sukulaisten kanssa k\u00e4ytetty kieli, ja kodin ulkopuolella pyrittiin mukautumaan suomen kieleen. Kielentutkimuksessa t\u00e4st\u00e4 k\u00e4ytet\u00e4\u00e4n nimityst\u00e4 kielenvaihto: v\u00e4hemmist\u00f6 luopuu v\u00e4hitellen omasta kielest\u00e4\u00e4n ja alkaa k\u00e4ytt\u00e4\u00e4 enemmist\u00f6kielt\u00e4. Kun kielt\u00e4 ei en\u00e4\u00e4 puhuta perheiss\u00e4 lapsille, siit\u00e4 tulee uhanalainen kieli. Omasta kielest\u00e4 luopuminen on kipe\u00e4 ja traumaattinen kokemus, ja sen j\u00e4ljet n\u00e4kyv\u00e4t yh\u00e4 eri-ik\u00e4isten karjalaisten el\u00e4m\u00e4ss\u00e4.<\/p>\n\n\n\n<p>Karjala on luokiteltu vakavasti uhanalaiseksi kieleksi, sill\u00e4 sen puhujam\u00e4\u00e4r\u00e4t ovat sotien j\u00e4lkeen nopeasti pienentyneet ja kielt\u00e4 puhuvista valtaosa kuuluu vanhempiin sukupolviin. Karjalaa kotikielen\u00e4 k\u00e4ytt\u00e4vi\u00e4 lapsiperheit\u00e4 on vain v\u00e4h\u00e4n. Tilanne ei kuitenkaan ole toivoton, sill\u00e4 eri puolilla maailmaa pienten kielten asemaa on onnistuttu parantamaan. Suomessa on 1990-luvulta alkaen tehty ty\u00f6t\u00e4 karjalan kielen elvytt\u00e4miseksi, joskin valtion tukea elvytt\u00e4mistoimet ovat saaneet vasta muutamina viime vuosina. Kielen elvytt\u00e4misess\u00e4 tuetaan kielenoppimista ja kielen k\u00e4ytt\u00e4mist\u00e4 ja pyrit\u00e4\u00e4n parantamaan kielen ja sen puhujien yhteiskunnallista asemaa. Elpymisess\u00e4 ja kielen voimaantumisessa t\u00e4rke\u00e4\u00e4 on, ett\u00e4 kieli saa uusia puhujia erityisesti lasten, nuorten ja nuorten aikuisten joukosta.<\/p>\n\n\n\n<p>Karjalan kielen ja kulttuurin elvytt\u00e4minen on t\u00e4rke\u00e4\u00e4, sill\u00e4 kokonaisen kansan historiaa yll\u00e4pit\u00e4v\u00e4t ainekset ovat vaarassa kadota. Kieli on osa aineetonta kulttuuriperint\u00f6\u00e4, ja karjalan kieli kantaa mukanaan tuhansien vuosien historiaa. Lis\u00e4ksi voidaan ajatella, ett\u00e4 elvytyksen tukeminen on suomalaisille kunniavelka sen j\u00e4lkeen, miten karjalankielisi\u00e4 on Suomessa kohdeltu. Karjalaiset kokevat itse t\u00e4m\u00e4n kunnianpalautuksena: vuosikymmenten j\u00e4lkeen tunnustetaan julkisesti heid\u00e4n oikeutensa karjalankieliseen identiteettiin.<\/p>\n\n\n\n<h2 class=\"wp-block-heading\">Karjalan kielen da kulttuuran elvytyshankeh P\u00e4iv\u00e4nnouzu-Suomen yliopissossa<\/h2>\n\n\n\n<p>It\u00e4-Suomen yliopistolle annettiin karjalan kielen ja kulttuurin opetuksen kansallinen erityisteht\u00e4v\u00e4 vuonna 2009, ja vuoden 2021 alusta yliopisto vai vastuulleen my\u00f6s karjalan kielen elvytysty\u00f6n. Vuosien 2021\u20132022 rahoituksella halutaan lis\u00e4t\u00e4 karjalan kielen suullista ja kirjallista k\u00e4ytt\u00f6\u00e4 ja parantaa mahdollisuuksia kielen oppimiseen. Ty\u00f6t\u00e4 tehd\u00e4\u00e4n yhdess\u00e4 karjalankielisen yhteis\u00f6n kanssa. Samalla toimitaan karjalan yhteiskunnallisen aseman parantamiseksi osallistumalla hallituksen kielipoliittisen ohjelman valmisteluun. Karjalan kieli on ensimm\u00e4ist\u00e4 kertaa otettu mukaan hallitusohjelmaan, ja valmisteilla on ensimm\u00e4inen kielipoliittinen ohjelma, jossa otetaan huomion muut Suomessa puhutut kielet kuin kansalliskielet. Ohjelma koskee erityisesti saamen kieli\u00e4, viittomakielt\u00e4, romanikielt\u00e4 ja karjalan kielt\u00e4.<\/p>\n\n\n\n<p>Elvytyshanke j\u00e4rjesti helmikuussa kyselyn, jossa tiedusteltiin karjalankielisen yhteis\u00f6n n\u00e4kemyksi\u00e4 kielens\u00e4 tulevaisuudesta. Vastausten perusteella kielen ja kulttuurin kohtalosta ollaan huolissaan, mutta on my\u00f6s innostusta ja tulevaisuudenuskoa. Karjalaiset haluavat kunnioittaa ja vaalia perinteit\u00e4\u00e4n mutta samalla my\u00f6s ottaa kielens\u00e4 osaksi nykyp\u00e4iv\u00e4n el\u00e4m\u00e4\u00e4. Viime vuosina yh\u00e4 useammat nuoret ovat kiinnostuneet sukunsa kielest\u00e4 ja kulttuurista, ja t\u00e4m\u00e4 n\u00e4kyy my\u00f6s yliopiston karjalan kielen kursseilla. Elvytysvastuu otetaan yliopistolla vakavasti, ja karjalan kielen opettajat ja tutkijat tekev\u00e4t parhaansa tukeakseen kielen ja kulttuurin elpymist\u00e4.<\/p>\n\n\n\n<p><strong>Helka Riionheimo<\/strong><br>Professori, suomen kieli, karjalan kieli ja kulttuuri<\/p>\n\n\n\n<p>Otsikot k\u00e4\u00e4nt\u00e4nyt karjalaksi Katerina Paalamo<\/p>\n","protected":false},"excerpt":{"rendered":"<p>Karjala on Suomessa kotoper\u00e4inen kieli, ja sit\u00e4 on puhuttu maassamme yht\u00e4 kauan kuin suomeakin. Ennen toista maailmansotaa karjalankielisi\u00e4 alueita oli erityisesti Laatokan pohjoispuolisessa Raja-Karjalassa, mutta karjalaisia asui my\u00f6s Kainuun vienalaiskyliss\u00e4 ja k\u00e4sivarren alueella. Jatkosodan j\u00e4lkeen Neuvostoliitolle menetettyjen alueiden karjalankieliset siirtokarjalaiset asutettiin eri puolille Suomea, jolloin karjalasta tuli ei-alueellinen v\u00e4hemmist\u00f6kieli. Suomessa asuu my\u00f6s niiden karjalaisten j\u00e4lkel\u00e4isi\u00e4, [&hellip;]<\/p>\n","protected":false},"author":197,"featured_media":0,"comment_status":"closed","ping_status":"closed","sticky":false,"template":"","format":"standard","meta":{"_acf_changed":false,"footnotes":""},"categories":[1],"tags":[],"class_list":["post-148","post","type-post","status-publish","format-standard","hentry","category-uncategorized"],"acf":[],"yoast_head":"<!-- This site is optimized with the Yoast SEO plugin v27.3 - https:\/\/yoast.com\/product\/yoast-seo-wordpress\/ -->\n<title>Karjalan kieli el\u00e4y \u2013 nyt da tulijalla aigua - HUGI - HUMANISTISEN OSASTON BLOGI<\/title>\n<meta name=\"robots\" content=\"index, follow, max-snippet:-1, max-image-preview:large, max-video-preview:-1\" \/>\n<link rel=\"canonical\" href=\"https:\/\/blogs.uef.fi\/hugi\/2021\/04\/20\/karjalan-kieli-elay-nyt-da-tulijalla-aigua\/\" \/>\n<meta property=\"og:locale\" content=\"fi_FI\" \/>\n<meta property=\"og:type\" content=\"article\" \/>\n<meta property=\"og:title\" content=\"Karjalan kieli el\u00e4y \u2013 nyt da tulijalla aigua - HUGI - HUMANISTISEN OSASTON BLOGI\" \/>\n<meta property=\"og:description\" content=\"Karjala on Suomessa kotoper\u00e4inen kieli, ja sit\u00e4 on puhuttu maassamme yht\u00e4 kauan kuin suomeakin. Ennen toista maailmansotaa karjalankielisi\u00e4 alueita oli erityisesti Laatokan pohjoispuolisessa Raja-Karjalassa, mutta karjalaisia asui my\u00f6s Kainuun vienalaiskyliss\u00e4 ja k\u00e4sivarren alueella. Jatkosodan j\u00e4lkeen Neuvostoliitolle menetettyjen alueiden karjalankieliset siirtokarjalaiset asutettiin eri puolille Suomea, jolloin karjalasta tuli ei-alueellinen v\u00e4hemmist\u00f6kieli. Suomessa asuu my\u00f6s niiden karjalaisten j\u00e4lkel\u00e4isi\u00e4, [&hellip;]\" \/>\n<meta property=\"og:url\" content=\"https:\/\/blogs.uef.fi\/hugi\/2021\/04\/20\/karjalan-kieli-elay-nyt-da-tulijalla-aigua\/\" \/>\n<meta property=\"og:site_name\" content=\"HUGI - HUMANISTISEN OSASTON BLOGI\" \/>\n<meta property=\"article:published_time\" content=\"2021-04-20T12:13:13+00:00\" \/>\n<meta property=\"article:modified_time\" content=\"2023-12-21T13:36:01+00:00\" \/>\n<meta property=\"og:image\" content=\"https:\/\/blogs.uef.fi\/hugi\/wp-content\/uploads\/sites\/22\/2021\/04\/Kuva-hugi-scaled.jpg\" \/>\n<meta name=\"author\" content=\"riikkam\" \/>\n<meta name=\"twitter:card\" content=\"summary_large_image\" \/>\n<meta name=\"twitter:label1\" content=\"Kirjoittanut\" \/>\n\t<meta name=\"twitter:data1\" content=\"riikkam\" \/>\n\t<meta name=\"twitter:label2\" content=\"Arvioitu lukuaika\" \/>\n\t<meta name=\"twitter:data2\" content=\"4 minuuttia\" \/>\n<script type=\"application\/ld+json\" class=\"yoast-schema-graph\">{\"@context\":\"https:\\\/\\\/schema.org\",\"@graph\":[{\"@type\":\"Article\",\"@id\":\"https:\\\/\\\/blogs.uef.fi\\\/hugi\\\/2021\\\/04\\\/20\\\/karjalan-kieli-elay-nyt-da-tulijalla-aigua\\\/#article\",\"isPartOf\":{\"@id\":\"https:\\\/\\\/blogs.uef.fi\\\/hugi\\\/2021\\\/04\\\/20\\\/karjalan-kieli-elay-nyt-da-tulijalla-aigua\\\/\"},\"author\":{\"name\":\"riikkam\",\"@id\":\"https:\\\/\\\/blogs.uef.fi\\\/hugi\\\/#\\\/schema\\\/person\\\/2effd95c7e5da0b1dcba2575f63c4fc7\"},\"headline\":\"Karjalan kieli el\u00e4y \u2013 nyt da tulijalla aigua\",\"datePublished\":\"2021-04-20T12:13:13+00:00\",\"dateModified\":\"2023-12-21T13:36:01+00:00\",\"mainEntityOfPage\":{\"@id\":\"https:\\\/\\\/blogs.uef.fi\\\/hugi\\\/2021\\\/04\\\/20\\\/karjalan-kieli-elay-nyt-da-tulijalla-aigua\\\/\"},\"wordCount\":681,\"image\":{\"@id\":\"https:\\\/\\\/blogs.uef.fi\\\/hugi\\\/2021\\\/04\\\/20\\\/karjalan-kieli-elay-nyt-da-tulijalla-aigua\\\/#primaryimage\"},\"thumbnailUrl\":\"https:\\\/\\\/blogs.uef.fi\\\/hugi\\\/wp-content\\\/uploads\\\/sites\\\/22\\\/2021\\\/04\\\/Kuva-hugi-scaled.jpg\",\"articleSection\":[\"Uncategorized\"],\"inLanguage\":\"fi\"},{\"@type\":\"WebPage\",\"@id\":\"https:\\\/\\\/blogs.uef.fi\\\/hugi\\\/2021\\\/04\\\/20\\\/karjalan-kieli-elay-nyt-da-tulijalla-aigua\\\/\",\"url\":\"https:\\\/\\\/blogs.uef.fi\\\/hugi\\\/2021\\\/04\\\/20\\\/karjalan-kieli-elay-nyt-da-tulijalla-aigua\\\/\",\"name\":\"Karjalan kieli el\u00e4y \u2013 nyt da tulijalla aigua - HUGI - HUMANISTISEN OSASTON BLOGI\",\"isPartOf\":{\"@id\":\"https:\\\/\\\/blogs.uef.fi\\\/hugi\\\/#website\"},\"primaryImageOfPage\":{\"@id\":\"https:\\\/\\\/blogs.uef.fi\\\/hugi\\\/2021\\\/04\\\/20\\\/karjalan-kieli-elay-nyt-da-tulijalla-aigua\\\/#primaryimage\"},\"image\":{\"@id\":\"https:\\\/\\\/blogs.uef.fi\\\/hugi\\\/2021\\\/04\\\/20\\\/karjalan-kieli-elay-nyt-da-tulijalla-aigua\\\/#primaryimage\"},\"thumbnailUrl\":\"https:\\\/\\\/blogs.uef.fi\\\/hugi\\\/wp-content\\\/uploads\\\/sites\\\/22\\\/2021\\\/04\\\/Kuva-hugi-scaled.jpg\",\"datePublished\":\"2021-04-20T12:13:13+00:00\",\"dateModified\":\"2023-12-21T13:36:01+00:00\",\"author\":{\"@id\":\"https:\\\/\\\/blogs.uef.fi\\\/hugi\\\/#\\\/schema\\\/person\\\/2effd95c7e5da0b1dcba2575f63c4fc7\"},\"breadcrumb\":{\"@id\":\"https:\\\/\\\/blogs.uef.fi\\\/hugi\\\/2021\\\/04\\\/20\\\/karjalan-kieli-elay-nyt-da-tulijalla-aigua\\\/#breadcrumb\"},\"inLanguage\":\"fi\",\"potentialAction\":[{\"@type\":\"ReadAction\",\"target\":[\"https:\\\/\\\/blogs.uef.fi\\\/hugi\\\/2021\\\/04\\\/20\\\/karjalan-kieli-elay-nyt-da-tulijalla-aigua\\\/\"]}]},{\"@type\":\"ImageObject\",\"inLanguage\":\"fi\",\"@id\":\"https:\\\/\\\/blogs.uef.fi\\\/hugi\\\/2021\\\/04\\\/20\\\/karjalan-kieli-elay-nyt-da-tulijalla-aigua\\\/#primaryimage\",\"url\":\"https:\\\/\\\/blogs.uef.fi\\\/hugi\\\/wp-content\\\/uploads\\\/sites\\\/22\\\/2021\\\/04\\\/Kuva-hugi-scaled.jpg\",\"contentUrl\":\"https:\\\/\\\/blogs.uef.fi\\\/hugi\\\/wp-content\\\/uploads\\\/sites\\\/22\\\/2021\\\/04\\\/Kuva-hugi-scaled.jpg\",\"width\":2560,\"height\":1689},{\"@type\":\"BreadcrumbList\",\"@id\":\"https:\\\/\\\/blogs.uef.fi\\\/hugi\\\/2021\\\/04\\\/20\\\/karjalan-kieli-elay-nyt-da-tulijalla-aigua\\\/#breadcrumb\",\"itemListElement\":[{\"@type\":\"ListItem\",\"position\":1,\"name\":\"Home\",\"item\":\"https:\\\/\\\/blogs.uef.fi\\\/hugi\\\/\"},{\"@type\":\"ListItem\",\"position\":2,\"name\":\"Karjalan kieli el\u00e4y \u2013 nyt da tulijalla aigua\"}]},{\"@type\":\"WebSite\",\"@id\":\"https:\\\/\\\/blogs.uef.fi\\\/hugi\\\/#website\",\"url\":\"https:\\\/\\\/blogs.uef.fi\\\/hugi\\\/\",\"name\":\"HUGI - HUMANISTISEN OSASTON BLOGI\",\"description\":\"\",\"potentialAction\":[{\"@type\":\"SearchAction\",\"target\":{\"@type\":\"EntryPoint\",\"urlTemplate\":\"https:\\\/\\\/blogs.uef.fi\\\/hugi\\\/?s={search_term_string}\"},\"query-input\":{\"@type\":\"PropertyValueSpecification\",\"valueRequired\":true,\"valueName\":\"search_term_string\"}}],\"inLanguage\":\"fi\"},{\"@type\":\"Person\",\"@id\":\"https:\\\/\\\/blogs.uef.fi\\\/hugi\\\/#\\\/schema\\\/person\\\/2effd95c7e5da0b1dcba2575f63c4fc7\",\"name\":\"riikkam\",\"image\":{\"@type\":\"ImageObject\",\"inLanguage\":\"fi\",\"@id\":\"https:\\\/\\\/secure.gravatar.com\\\/avatar\\\/19eb8a678055e680f9b460372301abd0a02f82c8f6e1e2b22e82cbe5e84fc4c9?s=96&d=mm&r=g\",\"url\":\"https:\\\/\\\/secure.gravatar.com\\\/avatar\\\/19eb8a678055e680f9b460372301abd0a02f82c8f6e1e2b22e82cbe5e84fc4c9?s=96&d=mm&r=g\",\"contentUrl\":\"https:\\\/\\\/secure.gravatar.com\\\/avatar\\\/19eb8a678055e680f9b460372301abd0a02f82c8f6e1e2b22e82cbe5e84fc4c9?s=96&d=mm&r=g\",\"caption\":\"riikkam\"},\"url\":\"https:\\\/\\\/blogs.uef.fi\\\/hugi\\\/author\\\/riikkam\\\/\"}]}<\/script>\n<!-- \/ Yoast SEO plugin. -->","yoast_head_json":{"title":"Karjalan kieli el\u00e4y \u2013 nyt da tulijalla aigua - HUGI - HUMANISTISEN OSASTON BLOGI","robots":{"index":"index","follow":"follow","max-snippet":"max-snippet:-1","max-image-preview":"max-image-preview:large","max-video-preview":"max-video-preview:-1"},"canonical":"https:\/\/blogs.uef.fi\/hugi\/2021\/04\/20\/karjalan-kieli-elay-nyt-da-tulijalla-aigua\/","og_locale":"fi_FI","og_type":"article","og_title":"Karjalan kieli el\u00e4y \u2013 nyt da tulijalla aigua - HUGI - HUMANISTISEN OSASTON BLOGI","og_description":"Karjala on Suomessa kotoper\u00e4inen kieli, ja sit\u00e4 on puhuttu maassamme yht\u00e4 kauan kuin suomeakin. Ennen toista maailmansotaa karjalankielisi\u00e4 alueita oli erityisesti Laatokan pohjoispuolisessa Raja-Karjalassa, mutta karjalaisia asui my\u00f6s Kainuun vienalaiskyliss\u00e4 ja k\u00e4sivarren alueella. Jatkosodan j\u00e4lkeen Neuvostoliitolle menetettyjen alueiden karjalankieliset siirtokarjalaiset asutettiin eri puolille Suomea, jolloin karjalasta tuli ei-alueellinen v\u00e4hemmist\u00f6kieli. Suomessa asuu my\u00f6s niiden karjalaisten j\u00e4lkel\u00e4isi\u00e4, [&hellip;]","og_url":"https:\/\/blogs.uef.fi\/hugi\/2021\/04\/20\/karjalan-kieli-elay-nyt-da-tulijalla-aigua\/","og_site_name":"HUGI - HUMANISTISEN OSASTON BLOGI","article_published_time":"2021-04-20T12:13:13+00:00","article_modified_time":"2023-12-21T13:36:01+00:00","og_image":[{"url":"https:\/\/blogs.uef.fi\/hugi\/wp-content\/uploads\/sites\/22\/2021\/04\/Kuva-hugi-scaled.jpg","type":"","width":"","height":""}],"author":"riikkam","twitter_card":"summary_large_image","twitter_misc":{"Kirjoittanut":"riikkam","Arvioitu lukuaika":"4 minuuttia"},"schema":{"@context":"https:\/\/schema.org","@graph":[{"@type":"Article","@id":"https:\/\/blogs.uef.fi\/hugi\/2021\/04\/20\/karjalan-kieli-elay-nyt-da-tulijalla-aigua\/#article","isPartOf":{"@id":"https:\/\/blogs.uef.fi\/hugi\/2021\/04\/20\/karjalan-kieli-elay-nyt-da-tulijalla-aigua\/"},"author":{"name":"riikkam","@id":"https:\/\/blogs.uef.fi\/hugi\/#\/schema\/person\/2effd95c7e5da0b1dcba2575f63c4fc7"},"headline":"Karjalan kieli el\u00e4y \u2013 nyt da tulijalla aigua","datePublished":"2021-04-20T12:13:13+00:00","dateModified":"2023-12-21T13:36:01+00:00","mainEntityOfPage":{"@id":"https:\/\/blogs.uef.fi\/hugi\/2021\/04\/20\/karjalan-kieli-elay-nyt-da-tulijalla-aigua\/"},"wordCount":681,"image":{"@id":"https:\/\/blogs.uef.fi\/hugi\/2021\/04\/20\/karjalan-kieli-elay-nyt-da-tulijalla-aigua\/#primaryimage"},"thumbnailUrl":"https:\/\/blogs.uef.fi\/hugi\/wp-content\/uploads\/sites\/22\/2021\/04\/Kuva-hugi-scaled.jpg","articleSection":["Uncategorized"],"inLanguage":"fi"},{"@type":"WebPage","@id":"https:\/\/blogs.uef.fi\/hugi\/2021\/04\/20\/karjalan-kieli-elay-nyt-da-tulijalla-aigua\/","url":"https:\/\/blogs.uef.fi\/hugi\/2021\/04\/20\/karjalan-kieli-elay-nyt-da-tulijalla-aigua\/","name":"Karjalan kieli el\u00e4y \u2013 nyt da tulijalla aigua - HUGI - HUMANISTISEN OSASTON BLOGI","isPartOf":{"@id":"https:\/\/blogs.uef.fi\/hugi\/#website"},"primaryImageOfPage":{"@id":"https:\/\/blogs.uef.fi\/hugi\/2021\/04\/20\/karjalan-kieli-elay-nyt-da-tulijalla-aigua\/#primaryimage"},"image":{"@id":"https:\/\/blogs.uef.fi\/hugi\/2021\/04\/20\/karjalan-kieli-elay-nyt-da-tulijalla-aigua\/#primaryimage"},"thumbnailUrl":"https:\/\/blogs.uef.fi\/hugi\/wp-content\/uploads\/sites\/22\/2021\/04\/Kuva-hugi-scaled.jpg","datePublished":"2021-04-20T12:13:13+00:00","dateModified":"2023-12-21T13:36:01+00:00","author":{"@id":"https:\/\/blogs.uef.fi\/hugi\/#\/schema\/person\/2effd95c7e5da0b1dcba2575f63c4fc7"},"breadcrumb":{"@id":"https:\/\/blogs.uef.fi\/hugi\/2021\/04\/20\/karjalan-kieli-elay-nyt-da-tulijalla-aigua\/#breadcrumb"},"inLanguage":"fi","potentialAction":[{"@type":"ReadAction","target":["https:\/\/blogs.uef.fi\/hugi\/2021\/04\/20\/karjalan-kieli-elay-nyt-da-tulijalla-aigua\/"]}]},{"@type":"ImageObject","inLanguage":"fi","@id":"https:\/\/blogs.uef.fi\/hugi\/2021\/04\/20\/karjalan-kieli-elay-nyt-da-tulijalla-aigua\/#primaryimage","url":"https:\/\/blogs.uef.fi\/hugi\/wp-content\/uploads\/sites\/22\/2021\/04\/Kuva-hugi-scaled.jpg","contentUrl":"https:\/\/blogs.uef.fi\/hugi\/wp-content\/uploads\/sites\/22\/2021\/04\/Kuva-hugi-scaled.jpg","width":2560,"height":1689},{"@type":"BreadcrumbList","@id":"https:\/\/blogs.uef.fi\/hugi\/2021\/04\/20\/karjalan-kieli-elay-nyt-da-tulijalla-aigua\/#breadcrumb","itemListElement":[{"@type":"ListItem","position":1,"name":"Home","item":"https:\/\/blogs.uef.fi\/hugi\/"},{"@type":"ListItem","position":2,"name":"Karjalan kieli el\u00e4y \u2013 nyt da tulijalla aigua"}]},{"@type":"WebSite","@id":"https:\/\/blogs.uef.fi\/hugi\/#website","url":"https:\/\/blogs.uef.fi\/hugi\/","name":"HUGI - HUMANISTISEN OSASTON BLOGI","description":"","potentialAction":[{"@type":"SearchAction","target":{"@type":"EntryPoint","urlTemplate":"https:\/\/blogs.uef.fi\/hugi\/?s={search_term_string}"},"query-input":{"@type":"PropertyValueSpecification","valueRequired":true,"valueName":"search_term_string"}}],"inLanguage":"fi"},{"@type":"Person","@id":"https:\/\/blogs.uef.fi\/hugi\/#\/schema\/person\/2effd95c7e5da0b1dcba2575f63c4fc7","name":"riikkam","image":{"@type":"ImageObject","inLanguage":"fi","@id":"https:\/\/secure.gravatar.com\/avatar\/19eb8a678055e680f9b460372301abd0a02f82c8f6e1e2b22e82cbe5e84fc4c9?s=96&d=mm&r=g","url":"https:\/\/secure.gravatar.com\/avatar\/19eb8a678055e680f9b460372301abd0a02f82c8f6e1e2b22e82cbe5e84fc4c9?s=96&d=mm&r=g","contentUrl":"https:\/\/secure.gravatar.com\/avatar\/19eb8a678055e680f9b460372301abd0a02f82c8f6e1e2b22e82cbe5e84fc4c9?s=96&d=mm&r=g","caption":"riikkam"},"url":"https:\/\/blogs.uef.fi\/hugi\/author\/riikkam\/"}]}},"_links":{"self":[{"href":"https:\/\/blogs.uef.fi\/hugi\/wp-json\/wp\/v2\/posts\/148","targetHints":{"allow":["GET"]}}],"collection":[{"href":"https:\/\/blogs.uef.fi\/hugi\/wp-json\/wp\/v2\/posts"}],"about":[{"href":"https:\/\/blogs.uef.fi\/hugi\/wp-json\/wp\/v2\/types\/post"}],"author":[{"embeddable":true,"href":"https:\/\/blogs.uef.fi\/hugi\/wp-json\/wp\/v2\/users\/197"}],"replies":[{"embeddable":true,"href":"https:\/\/blogs.uef.fi\/hugi\/wp-json\/wp\/v2\/comments?post=148"}],"version-history":[{"count":2,"href":"https:\/\/blogs.uef.fi\/hugi\/wp-json\/wp\/v2\/posts\/148\/revisions"}],"predecessor-version":[{"id":1423,"href":"https:\/\/blogs.uef.fi\/hugi\/wp-json\/wp\/v2\/posts\/148\/revisions\/1423"}],"wp:attachment":[{"href":"https:\/\/blogs.uef.fi\/hugi\/wp-json\/wp\/v2\/media?parent=148"}],"wp:term":[{"taxonomy":"category","embeddable":true,"href":"https:\/\/blogs.uef.fi\/hugi\/wp-json\/wp\/v2\/categories?post=148"},{"taxonomy":"post_tag","embeddable":true,"href":"https:\/\/blogs.uef.fi\/hugi\/wp-json\/wp\/v2\/tags?post=148"}],"curies":[{"name":"wp","href":"https:\/\/api.w.org\/{rel}","templated":true}]}}