{"id":837,"date":"2022-02-10T17:51:18","date_gmt":"2022-02-10T15:51:18","guid":{"rendered":"https:\/\/blogs.uef.fi\/forest-issues\/?p=837"},"modified":"2023-09-11T12:44:17","modified_gmt":"2023-09-11T09:44:17","slug":"vaaranlaista-yleistysta","status":"publish","type":"post","link":"https:\/\/blogs.uef.fi\/forest-issues\/2022\/02\/10\/vaaranlaista-yleistysta\/","title":{"rendered":"V\u00e4\u00e4r\u00e4nlaista yleistyst\u00e4"},"content":{"rendered":"\n<p>Puolet amerikkalaisista luulee tiet\u00e4v\u00e4ns\u00e4, ett\u00e4 Trump voitti vaalit. Puolet suomalaisista taas luulee tiet\u00e4v\u00e4ns\u00e4, ett\u00e4 kun mets\u00e4nomistaja p\u00e4\u00e4tt\u00e4\u00e4 siirty\u00e4 jatkuvapeitteiseen mets\u00e4talouteen, niin hupsista vaan, metsien kasvu pienenee 20 %, vaikka kasvamassa ovat edelleen samat puut ja metsik\u00f6t. T\u00e4t\u00e4 uskomusta ei horjuta se, ett\u00e4 useat <a href=\"https:\/\/link.springer.com\/article\/10.1007\/s10310-009-0154-4\">tutkimukset<\/a> tai v\u00e4h\u00e4inenkin ajattelu osoittavat vallan muuta.<\/p>\n\n\n\n<p>Aloitetaan v\u00e4h\u00e4isell\u00e4 ajattelulla. Siirsin alla olevan kuvan istutuskoivikon jatkuvaan kasvatukseen. Siin\u00e4 on kuvan oton j\u00e4lkeen tehty alaharvennus kuusia s\u00e4\u00e4st\u00e4en. My\u00f6hemmin koivikossa tehd\u00e4\u00e4n yl\u00e4harvennus, ja loput koivuista poistetaan kolmannessa hakkuussa (paitsi ne koivut, jotka j\u00e4tet\u00e4\u00e4n hakkaamatta monimuotoisuus- ja maisemasyist\u00e4). Samalla tavalla menetelt\u00e4isiin koivujen suhteen my\u00f6s tasaik\u00e4ismets\u00e4taloudessa.<\/p>\n\n\n\n<figure class=\"wp-block-image\"><img loading=\"lazy\" decoding=\"async\" width=\"1380\" height=\"776\" src=\"https:\/\/blogs.uef.fi\/forest-issues\/wp-content\/uploads\/sites\/87\/2022\/02\/Silva-kuva-1.jpg\" alt=\"\" class=\"wp-image-840\" srcset=\"https:\/\/blogs.uef.fi\/forest-issues\/wp-content\/uploads\/sites\/87\/2022\/02\/Silva-kuva-1.jpg 1380w, https:\/\/blogs.uef.fi\/forest-issues\/wp-content\/uploads\/sites\/87\/2022\/02\/Silva-kuva-1-300x169.jpg 300w, https:\/\/blogs.uef.fi\/forest-issues\/wp-content\/uploads\/sites\/87\/2022\/02\/Silva-kuva-1-1024x576.jpg 1024w, https:\/\/blogs.uef.fi\/forest-issues\/wp-content\/uploads\/sites\/87\/2022\/02\/Silva-kuva-1-768x432.jpg 768w\" sizes=\"auto, (max-width: 1380px) 100vw, 1380px\" \/><\/figure>\n\n\n\n<p>Erona jatkuvan kasvatuksen ja (ep\u00e4viisaan) tasaik\u00e4ismets\u00e4talouden v\u00e4lill\u00e4 olisi se, ett\u00e4 ep\u00e4viisaassa tasaik\u00e4ismets\u00e4taloudessa raivattaisiin alikasvoskuuset, ja kolmannen hakkuun j\u00e4lkeen alueelle istutettaisiin uudet kuusen taimet. Jatkuvassa kasvatuksessa taas metsikk\u00f6 on kolmannen hakkuun j\u00e4lkeen hyv\u00e4kasvuinen kuusivaltainen sekamets\u00e4.<\/p>\n\n\n\n<p>Kuusialikasvoksen s\u00e4\u00e4st\u00e4minen tietenkin parantaa metsik\u00f6n tilavuuskasvua. Kolmannen hakkuun j\u00e4lkeinen kuusivaltainen jatkuvan kasvatuksen metsikk\u00f6 tuottaa huomattavasti emm\u00e4n puuta kuin avohakkuualalle istutettu taimikko. V\u00e4h\u00e4inen ajattelu siis osoittaa, ett\u00e4 koivikon siirt\u00e4minen jatkuvaan kasvatukseen suurentaa puuntuotosta v\u00e4hint\u00e4\u00e4n usean vuosikymmenen ajan.<\/p>\n\n\n\n<p>Tarina on suunnilleen sama my\u00f6s monissa muissa metsik\u00f6iss\u00e4, esimerkiksi alla olevan kuvan m\u00e4nnik\u00f6ss\u00e4, jonka my\u00f6s siirsin jatkuvaan kasvatukseen. Siin\u00e4 tehtiin kuvan oton j\u00e4lkeen voimakas yl\u00e4harvennus, kuten olisi tehty my\u00f6s j\u00e4rkiper\u00e4isess\u00e4 tasaik\u00e4ismets\u00e4taloudessa. M\u00e4nnyt poistetaan kasvatusmenetelm\u00e4st\u00e4 riippumatta siin\u00e4 tahdissa kuin ne saavuttavat taloudellisen hakkuukypsyyden (jos toimitaan taloudellisesti j\u00e4rkev\u00e4sti). M\u00e4ntyjen poiston j\u00e4lkeen jatkuvassa kasvatuksessa mets\u00e4nomistajalla eli minulla on hyv\u00e4kasvuinen kuusivaltainen mets\u00e4, kun taas avohakkaajalla on muokattu raiskio, johon istutetaan kalliilla kuusentaimia, joiden tilavuuskasvumittari osoittaa nollaa ensimm\u00e4iset 15\u201320 vuotta.<\/p>\n\n\n\n<figure class=\"wp-block-image\"><img loading=\"lazy\" decoding=\"async\" width=\"1380\" height=\"776\" src=\"https:\/\/blogs.uef.fi\/forest-issues\/wp-content\/uploads\/sites\/87\/2022\/02\/Silva-kuva-2.jpg\" alt=\"\" class=\"wp-image-846\" srcset=\"https:\/\/blogs.uef.fi\/forest-issues\/wp-content\/uploads\/sites\/87\/2022\/02\/Silva-kuva-2.jpg 1380w, https:\/\/blogs.uef.fi\/forest-issues\/wp-content\/uploads\/sites\/87\/2022\/02\/Silva-kuva-2-300x169.jpg 300w, https:\/\/blogs.uef.fi\/forest-issues\/wp-content\/uploads\/sites\/87\/2022\/02\/Silva-kuva-2-1024x576.jpg 1024w, https:\/\/blogs.uef.fi\/forest-issues\/wp-content\/uploads\/sites\/87\/2022\/02\/Silva-kuva-2-768x432.jpg 768w\" sizes=\"auto, (max-width: 1380px) 100vw, 1380px\" \/><\/figure>\n\n\n\n<p>Miksi t\u00e4llaisista esimerkeist\u00e4 huolimatta kuitenkin uskotellaan, ett\u00e4 jatkuva kasvatus pienent\u00e4\u00e4 puuntuotosta 20 % ? T\u00e4rkein syy lienee se, ett\u00e4 t\u00e4m\u00e4nkaltaiseen totuuteen halutaan uskoa niin lujasti, ett\u00e4 muunlainen tieto tai ajattelu suodatetaan pois. Uskomista helpottaa, ett\u00e4 l\u00f6ytyy tutkimuksia, jotka tukevat k\u00e4sityst\u00e4 jatkuvan kasvatuksen heikommasta puuntuotoksesta, jos tutkimustuloksia tulkitaan ja yleistet\u00e4\u00e4n riitt\u00e4v\u00e4n v\u00e4\u00e4rin.<\/p>\n\n\n\n<p>Tutkimukset, joiden avulla k\u00e4sityst\u00e4 jatkuvan kasvatuksen heikosta puuntuotokseta yll\u00e4pidet\u00e4\u00e4n, koskevat eri-ik\u00e4isi\u00e4 kuusikota. Eri-ik\u00e4iset kuusikot edustavat vain pient\u00e4 osaa jatkuvan kasvatuksen metsik\u00f6ist\u00e4, mink\u00e4 vuoksi niiden tuloksia ei pid\u00e4 yleist\u00e4\u00e4 kaikkeen jatkuvaan kasvatukseen. Esimerkiksi minun kaikki mets\u00e4ni ovat jatkuvan kasvatuksen metsi\u00e4, mutta minulla ei ole ainoatakaan eri-ik\u00e4iskuusikkoa.<\/p>\n\n\n\n<p>Jos halutaan tehd\u00e4 oikeudenmukaisia vertailuja eri kasvatusmenetelmien puuntuotoksesta, pit\u00e4isi verrata optimoitua tasaik\u00e4ismets\u00e4taloutta optimoituun jatkuvaan kasvatukseen. Muussa tapauksessa vertailuista voidaan saada sellaisia tuloksia kuin halutaan. Niiss\u00e4 tutkimuksissa, joissa jatkuvan kasvatuksen puuntuotos on ollut heikkoa, metsik\u00f6n hakkuita tai rakennetta ei ole optimoitu. Joissakin koemetsik\u00f6iss\u00e4 kasvua on pienent\u00e4nyt se, ett\u00e4 metsikk\u00f6 on hakattu puuntuotoksen kannalta liian harvaksi tai jatkuvan kasvatuksen hakkuut on aloitettu vanhasta tasaik\u00e4isest\u00e4 mets\u00e4st\u00e4, josta puuttuvat nuorekkaat ja hyv\u00e4kasvuiset ik\u00e4luokat.<\/p>\n\n\n\n<p>Osassa tutkimuksia taas on verrattu vain harvennusvaiheen metsi\u00e4 ja j\u00e4tetty kokonaan huomiotta avohakkuun j\u00e4lkeinen taimikkovaihe, jossa tilavuuskasvu on nollassa.<\/p>\n\n\n\n<p>Joskus on saatu tulos, ett\u00e4 yl\u00e4harvennuksen j\u00e4lkeen tietynkokoinen puu kasvaa hitaammin kuin jos samankokoinen puu kasvaisi alaharvennetussa yht\u00e4 tihe\u00e4ss\u00e4 metsik\u00f6ss\u00e4. T\u00e4ss\u00e4 tapauksessa tulos on oikein, mutta siit\u00e4 on tehty v\u00e4\u00e4ri\u00e4 p\u00e4\u00e4telmi\u00e4. Puusto ei nimitt\u00e4in ole samankokoista yl\u00e4- ja alaharvennuksen j\u00e4lkeen. Yl\u00e4harvennuksessa kasvamaan j\u00e4\u00e4 pienemp\u00e4\u00e4 puustoa kuin alaharvennuksessa, jossa puiden suureneva koko alkaa rajoittaa kasvua aikaisemmin ja enemm\u00e4n kuin yl\u00e4harvennusmets\u00e4ss\u00e4. Useat tutkimkset osoittavatkin, ett\u00e4 yl\u00e4harvennus on puuntuotannollisesti perusteltu hakkuutapa, kannattavuudesta puhumattakaan.<\/p>\n\n\n\n<p>Kun mets\u00e4keskustelussa korostetaan puuston tilavuuskasvua, silloin ei puhuta mets\u00e4nomistajan n\u00e4k\u00f6kulmasta. Mets\u00e4nomistajalle nimitt\u00e4in puuston tilavuuskasvu on niit\u00e4 v\u00e4hiten t\u00e4rkeit\u00e4 juttuja. Jos mets\u00e4 on sijoitus, kasvua t\u00e4rke\u00e4mpi\u00e4 asioita ovat tulot ja menot tai nettotulojen nykyarvo, joissa jatkuva kasvatus p\u00e4rj\u00e4\u00e4 hyvin. Jos tarkasteluun otetaan mukaan luontoarvot, mets\u00e4talouden vesist\u00f6vaikutukset ja virkistysk\u00e4ytt\u00f6, j\u00e4rjestys muuttuu entist\u00e4 selke\u00e4mmin jatkuvan kasvatuksen hyv\u00e4ksi.<\/p>\n\n\n\n<p>Timo Pukkala<\/p>\n","protected":false},"excerpt":{"rendered":"<p>Puolet amerikkalaisista luulee tiet\u00e4v\u00e4ns\u00e4, ett\u00e4 Trump voitti vaalit. Puolet suomalaisista taas luulee tiet\u00e4v\u00e4ns\u00e4, ett\u00e4 kun mets\u00e4nomistaja p\u00e4\u00e4tt\u00e4\u00e4 siirty\u00e4 jatkuvapeitteiseen mets\u00e4talouteen, niin hupsista vaan, metsien kasvu pienenee 20 %, vaikka kasvamassa ovat edelleen samat puut ja metsik\u00f6t. T\u00e4t\u00e4 uskomusta ei horjuta se, ett\u00e4 useat tutkimukset tai v\u00e4h\u00e4inenkin ajattelu osoittavat vallan muuta. Aloitetaan v\u00e4h\u00e4isell\u00e4 ajattelulla. Siirsin alla [&hellip;]<\/p>\n","protected":false},"author":239,"featured_media":849,"comment_status":"closed","ping_status":"closed","sticky":false,"template":"","format":"standard","meta":{"_acf_changed":false,"footnotes":""},"categories":[1],"tags":[19,21,31,25],"class_list":["post-837","post","type-post","status-publish","format-standard","has-post-thumbnail","hentry","category-uncategorized","tag-jatkuva-kasvatus","tag-jatkuvapeitteinen-metsatalous","tag-metsanhoitomenetelmat","tag-puuntuotos"],"acf":[],"yoast_head":"<!-- This site is optimized with the Yoast SEO plugin v27.3 - https:\/\/yoast.com\/product\/yoast-seo-wordpress\/ -->\n<title>V\u00e4\u00e4r\u00e4nlaista yleistyst\u00e4 - Forest Issues<\/title>\n<meta name=\"robots\" content=\"index, follow, max-snippet:-1, max-image-preview:large, max-video-preview:-1\" \/>\n<link rel=\"canonical\" href=\"https:\/\/blogs.uef.fi\/forest-issues\/2022\/02\/10\/vaaranlaista-yleistysta\/\" \/>\n<meta property=\"og:locale\" content=\"en_US\" \/>\n<meta property=\"og:type\" content=\"article\" \/>\n<meta property=\"og:title\" content=\"V\u00e4\u00e4r\u00e4nlaista yleistyst\u00e4 - Forest Issues\" \/>\n<meta property=\"og:description\" content=\"Puolet amerikkalaisista luulee tiet\u00e4v\u00e4ns\u00e4, ett\u00e4 Trump voitti vaalit. Puolet suomalaisista taas luulee tiet\u00e4v\u00e4ns\u00e4, ett\u00e4 kun mets\u00e4nomistaja p\u00e4\u00e4tt\u00e4\u00e4 siirty\u00e4 jatkuvapeitteiseen mets\u00e4talouteen, niin hupsista vaan, metsien kasvu pienenee 20 %, vaikka kasvamassa ovat edelleen samat puut ja metsik\u00f6t. T\u00e4t\u00e4 uskomusta ei horjuta se, ett\u00e4 useat tutkimukset tai v\u00e4h\u00e4inenkin ajattelu osoittavat vallan muuta. Aloitetaan v\u00e4h\u00e4isell\u00e4 ajattelulla. Siirsin alla [&hellip;]\" \/>\n<meta property=\"og:url\" content=\"https:\/\/blogs.uef.fi\/forest-issues\/2022\/02\/10\/vaaranlaista-yleistysta\/\" \/>\n<meta property=\"og:site_name\" content=\"Forest Issues\" \/>\n<meta property=\"article:published_time\" content=\"2022-02-10T15:51:18+00:00\" \/>\n<meta property=\"article:modified_time\" content=\"2023-09-11T09:44:17+00:00\" \/>\n<meta property=\"og:image\" content=\"https:\/\/blogs.uef.fi\/forest-issues\/wp-content\/uploads\/sites\/87\/2022\/02\/20200729_113727-scaled.jpg\" \/>\n\t<meta property=\"og:image:width\" content=\"2560\" \/>\n\t<meta property=\"og:image:height\" content=\"1440\" \/>\n\t<meta property=\"og:image:type\" content=\"image\/jpeg\" \/>\n<meta name=\"author\" content=\"Timo Pukkala\" \/>\n<meta name=\"twitter:card\" content=\"summary_large_image\" \/>\n<meta name=\"twitter:label1\" content=\"Written by\" \/>\n\t<meta name=\"twitter:data1\" content=\"Timo Pukkala\" \/>\n\t<meta name=\"twitter:label2\" content=\"Est. reading time\" \/>\n\t<meta name=\"twitter:data2\" content=\"3 minutes\" \/>\n<script type=\"application\/ld+json\" class=\"yoast-schema-graph\">{\"@context\":\"https:\\\/\\\/schema.org\",\"@graph\":[{\"@type\":\"Article\",\"@id\":\"https:\\\/\\\/blogs.uef.fi\\\/forest-issues\\\/2022\\\/02\\\/10\\\/vaaranlaista-yleistysta\\\/#article\",\"isPartOf\":{\"@id\":\"https:\\\/\\\/blogs.uef.fi\\\/forest-issues\\\/2022\\\/02\\\/10\\\/vaaranlaista-yleistysta\\\/\"},\"author\":{\"name\":\"Timo Pukkala\",\"@id\":\"https:\\\/\\\/blogs.uef.fi\\\/forest-issues\\\/#\\\/schema\\\/person\\\/8346f29e160fdc629acfbf68c1329d3a\"},\"headline\":\"V\u00e4\u00e4r\u00e4nlaista yleistyst\u00e4\",\"datePublished\":\"2022-02-10T15:51:18+00:00\",\"dateModified\":\"2023-09-11T09:44:17+00:00\",\"mainEntityOfPage\":{\"@id\":\"https:\\\/\\\/blogs.uef.fi\\\/forest-issues\\\/2022\\\/02\\\/10\\\/vaaranlaista-yleistysta\\\/\"},\"wordCount\":676,\"image\":{\"@id\":\"https:\\\/\\\/blogs.uef.fi\\\/forest-issues\\\/2022\\\/02\\\/10\\\/vaaranlaista-yleistysta\\\/#primaryimage\"},\"thumbnailUrl\":\"https:\\\/\\\/blogs.uef.fi\\\/forest-issues\\\/wp-content\\\/uploads\\\/sites\\\/87\\\/2022\\\/02\\\/20200729_113727-scaled.jpg\",\"keywords\":[\"Jatkuva kasvatus\",\"Jatkuvapeitteinen mets\u00e4talous\",\"Mets\u00e4nhoitomenetelm\u00e4t\",\"Puuntuotos\"],\"inLanguage\":\"en-US\"},{\"@type\":\"WebPage\",\"@id\":\"https:\\\/\\\/blogs.uef.fi\\\/forest-issues\\\/2022\\\/02\\\/10\\\/vaaranlaista-yleistysta\\\/\",\"url\":\"https:\\\/\\\/blogs.uef.fi\\\/forest-issues\\\/2022\\\/02\\\/10\\\/vaaranlaista-yleistysta\\\/\",\"name\":\"V\u00e4\u00e4r\u00e4nlaista yleistyst\u00e4 - Forest Issues\",\"isPartOf\":{\"@id\":\"https:\\\/\\\/blogs.uef.fi\\\/forest-issues\\\/#website\"},\"primaryImageOfPage\":{\"@id\":\"https:\\\/\\\/blogs.uef.fi\\\/forest-issues\\\/2022\\\/02\\\/10\\\/vaaranlaista-yleistysta\\\/#primaryimage\"},\"image\":{\"@id\":\"https:\\\/\\\/blogs.uef.fi\\\/forest-issues\\\/2022\\\/02\\\/10\\\/vaaranlaista-yleistysta\\\/#primaryimage\"},\"thumbnailUrl\":\"https:\\\/\\\/blogs.uef.fi\\\/forest-issues\\\/wp-content\\\/uploads\\\/sites\\\/87\\\/2022\\\/02\\\/20200729_113727-scaled.jpg\",\"datePublished\":\"2022-02-10T15:51:18+00:00\",\"dateModified\":\"2023-09-11T09:44:17+00:00\",\"author\":{\"@id\":\"https:\\\/\\\/blogs.uef.fi\\\/forest-issues\\\/#\\\/schema\\\/person\\\/8346f29e160fdc629acfbf68c1329d3a\"},\"breadcrumb\":{\"@id\":\"https:\\\/\\\/blogs.uef.fi\\\/forest-issues\\\/2022\\\/02\\\/10\\\/vaaranlaista-yleistysta\\\/#breadcrumb\"},\"inLanguage\":\"en-US\",\"potentialAction\":[{\"@type\":\"ReadAction\",\"target\":[\"https:\\\/\\\/blogs.uef.fi\\\/forest-issues\\\/2022\\\/02\\\/10\\\/vaaranlaista-yleistysta\\\/\"]}]},{\"@type\":\"ImageObject\",\"inLanguage\":\"en-US\",\"@id\":\"https:\\\/\\\/blogs.uef.fi\\\/forest-issues\\\/2022\\\/02\\\/10\\\/vaaranlaista-yleistysta\\\/#primaryimage\",\"url\":\"https:\\\/\\\/blogs.uef.fi\\\/forest-issues\\\/wp-content\\\/uploads\\\/sites\\\/87\\\/2022\\\/02\\\/20200729_113727-scaled.jpg\",\"contentUrl\":\"https:\\\/\\\/blogs.uef.fi\\\/forest-issues\\\/wp-content\\\/uploads\\\/sites\\\/87\\\/2022\\\/02\\\/20200729_113727-scaled.jpg\",\"width\":2560,\"height\":1440},{\"@type\":\"BreadcrumbList\",\"@id\":\"https:\\\/\\\/blogs.uef.fi\\\/forest-issues\\\/2022\\\/02\\\/10\\\/vaaranlaista-yleistysta\\\/#breadcrumb\",\"itemListElement\":[{\"@type\":\"ListItem\",\"position\":1,\"name\":\"Home\",\"item\":\"https:\\\/\\\/blogs.uef.fi\\\/forest-issues\\\/\"},{\"@type\":\"ListItem\",\"position\":2,\"name\":\"V\u00e4\u00e4r\u00e4nlaista yleistyst\u00e4\"}]},{\"@type\":\"WebSite\",\"@id\":\"https:\\\/\\\/blogs.uef.fi\\\/forest-issues\\\/#website\",\"url\":\"https:\\\/\\\/blogs.uef.fi\\\/forest-issues\\\/\",\"name\":\"Forest Issues\",\"description\":\"\",\"potentialAction\":[{\"@type\":\"SearchAction\",\"target\":{\"@type\":\"EntryPoint\",\"urlTemplate\":\"https:\\\/\\\/blogs.uef.fi\\\/forest-issues\\\/?s={search_term_string}\"},\"query-input\":{\"@type\":\"PropertyValueSpecification\",\"valueRequired\":true,\"valueName\":\"search_term_string\"}}],\"inLanguage\":\"en-US\"},{\"@type\":\"Person\",\"@id\":\"https:\\\/\\\/blogs.uef.fi\\\/forest-issues\\\/#\\\/schema\\\/person\\\/8346f29e160fdc629acfbf68c1329d3a\",\"name\":\"Timo Pukkala\",\"sameAs\":[\"http:\\\/\\\/blogs.uef.fi\\\/forest-issues\"],\"url\":\"https:\\\/\\\/blogs.uef.fi\\\/forest-issues\\\/author\\\/timmop\\\/\"}]}<\/script>\n<!-- \/ Yoast SEO plugin. -->","yoast_head_json":{"title":"V\u00e4\u00e4r\u00e4nlaista yleistyst\u00e4 - Forest Issues","robots":{"index":"index","follow":"follow","max-snippet":"max-snippet:-1","max-image-preview":"max-image-preview:large","max-video-preview":"max-video-preview:-1"},"canonical":"https:\/\/blogs.uef.fi\/forest-issues\/2022\/02\/10\/vaaranlaista-yleistysta\/","og_locale":"en_US","og_type":"article","og_title":"V\u00e4\u00e4r\u00e4nlaista yleistyst\u00e4 - Forest Issues","og_description":"Puolet amerikkalaisista luulee tiet\u00e4v\u00e4ns\u00e4, ett\u00e4 Trump voitti vaalit. Puolet suomalaisista taas luulee tiet\u00e4v\u00e4ns\u00e4, ett\u00e4 kun mets\u00e4nomistaja p\u00e4\u00e4tt\u00e4\u00e4 siirty\u00e4 jatkuvapeitteiseen mets\u00e4talouteen, niin hupsista vaan, metsien kasvu pienenee 20 %, vaikka kasvamassa ovat edelleen samat puut ja metsik\u00f6t. T\u00e4t\u00e4 uskomusta ei horjuta se, ett\u00e4 useat tutkimukset tai v\u00e4h\u00e4inenkin ajattelu osoittavat vallan muuta. Aloitetaan v\u00e4h\u00e4isell\u00e4 ajattelulla. Siirsin alla [&hellip;]","og_url":"https:\/\/blogs.uef.fi\/forest-issues\/2022\/02\/10\/vaaranlaista-yleistysta\/","og_site_name":"Forest Issues","article_published_time":"2022-02-10T15:51:18+00:00","article_modified_time":"2023-09-11T09:44:17+00:00","og_image":[{"width":2560,"height":1440,"url":"https:\/\/blogs.uef.fi\/forest-issues\/wp-content\/uploads\/sites\/87\/2022\/02\/20200729_113727-scaled.jpg","type":"image\/jpeg"}],"author":"Timo Pukkala","twitter_card":"summary_large_image","twitter_misc":{"Written by":"Timo Pukkala","Est. reading time":"3 minutes"},"schema":{"@context":"https:\/\/schema.org","@graph":[{"@type":"Article","@id":"https:\/\/blogs.uef.fi\/forest-issues\/2022\/02\/10\/vaaranlaista-yleistysta\/#article","isPartOf":{"@id":"https:\/\/blogs.uef.fi\/forest-issues\/2022\/02\/10\/vaaranlaista-yleistysta\/"},"author":{"name":"Timo Pukkala","@id":"https:\/\/blogs.uef.fi\/forest-issues\/#\/schema\/person\/8346f29e160fdc629acfbf68c1329d3a"},"headline":"V\u00e4\u00e4r\u00e4nlaista yleistyst\u00e4","datePublished":"2022-02-10T15:51:18+00:00","dateModified":"2023-09-11T09:44:17+00:00","mainEntityOfPage":{"@id":"https:\/\/blogs.uef.fi\/forest-issues\/2022\/02\/10\/vaaranlaista-yleistysta\/"},"wordCount":676,"image":{"@id":"https:\/\/blogs.uef.fi\/forest-issues\/2022\/02\/10\/vaaranlaista-yleistysta\/#primaryimage"},"thumbnailUrl":"https:\/\/blogs.uef.fi\/forest-issues\/wp-content\/uploads\/sites\/87\/2022\/02\/20200729_113727-scaled.jpg","keywords":["Jatkuva kasvatus","Jatkuvapeitteinen mets\u00e4talous","Mets\u00e4nhoitomenetelm\u00e4t","Puuntuotos"],"inLanguage":"en-US"},{"@type":"WebPage","@id":"https:\/\/blogs.uef.fi\/forest-issues\/2022\/02\/10\/vaaranlaista-yleistysta\/","url":"https:\/\/blogs.uef.fi\/forest-issues\/2022\/02\/10\/vaaranlaista-yleistysta\/","name":"V\u00e4\u00e4r\u00e4nlaista yleistyst\u00e4 - Forest Issues","isPartOf":{"@id":"https:\/\/blogs.uef.fi\/forest-issues\/#website"},"primaryImageOfPage":{"@id":"https:\/\/blogs.uef.fi\/forest-issues\/2022\/02\/10\/vaaranlaista-yleistysta\/#primaryimage"},"image":{"@id":"https:\/\/blogs.uef.fi\/forest-issues\/2022\/02\/10\/vaaranlaista-yleistysta\/#primaryimage"},"thumbnailUrl":"https:\/\/blogs.uef.fi\/forest-issues\/wp-content\/uploads\/sites\/87\/2022\/02\/20200729_113727-scaled.jpg","datePublished":"2022-02-10T15:51:18+00:00","dateModified":"2023-09-11T09:44:17+00:00","author":{"@id":"https:\/\/blogs.uef.fi\/forest-issues\/#\/schema\/person\/8346f29e160fdc629acfbf68c1329d3a"},"breadcrumb":{"@id":"https:\/\/blogs.uef.fi\/forest-issues\/2022\/02\/10\/vaaranlaista-yleistysta\/#breadcrumb"},"inLanguage":"en-US","potentialAction":[{"@type":"ReadAction","target":["https:\/\/blogs.uef.fi\/forest-issues\/2022\/02\/10\/vaaranlaista-yleistysta\/"]}]},{"@type":"ImageObject","inLanguage":"en-US","@id":"https:\/\/blogs.uef.fi\/forest-issues\/2022\/02\/10\/vaaranlaista-yleistysta\/#primaryimage","url":"https:\/\/blogs.uef.fi\/forest-issues\/wp-content\/uploads\/sites\/87\/2022\/02\/20200729_113727-scaled.jpg","contentUrl":"https:\/\/blogs.uef.fi\/forest-issues\/wp-content\/uploads\/sites\/87\/2022\/02\/20200729_113727-scaled.jpg","width":2560,"height":1440},{"@type":"BreadcrumbList","@id":"https:\/\/blogs.uef.fi\/forest-issues\/2022\/02\/10\/vaaranlaista-yleistysta\/#breadcrumb","itemListElement":[{"@type":"ListItem","position":1,"name":"Home","item":"https:\/\/blogs.uef.fi\/forest-issues\/"},{"@type":"ListItem","position":2,"name":"V\u00e4\u00e4r\u00e4nlaista yleistyst\u00e4"}]},{"@type":"WebSite","@id":"https:\/\/blogs.uef.fi\/forest-issues\/#website","url":"https:\/\/blogs.uef.fi\/forest-issues\/","name":"Forest Issues","description":"","potentialAction":[{"@type":"SearchAction","target":{"@type":"EntryPoint","urlTemplate":"https:\/\/blogs.uef.fi\/forest-issues\/?s={search_term_string}"},"query-input":{"@type":"PropertyValueSpecification","valueRequired":true,"valueName":"search_term_string"}}],"inLanguage":"en-US"},{"@type":"Person","@id":"https:\/\/blogs.uef.fi\/forest-issues\/#\/schema\/person\/8346f29e160fdc629acfbf68c1329d3a","name":"Timo Pukkala","sameAs":["http:\/\/blogs.uef.fi\/forest-issues"],"url":"https:\/\/blogs.uef.fi\/forest-issues\/author\/timmop\/"}]}},"_links":{"self":[{"href":"https:\/\/blogs.uef.fi\/forest-issues\/wp-json\/wp\/v2\/posts\/837","targetHints":{"allow":["GET"]}}],"collection":[{"href":"https:\/\/blogs.uef.fi\/forest-issues\/wp-json\/wp\/v2\/posts"}],"about":[{"href":"https:\/\/blogs.uef.fi\/forest-issues\/wp-json\/wp\/v2\/types\/post"}],"author":[{"embeddable":true,"href":"https:\/\/blogs.uef.fi\/forest-issues\/wp-json\/wp\/v2\/users\/239"}],"replies":[{"embeddable":true,"href":"https:\/\/blogs.uef.fi\/forest-issues\/wp-json\/wp\/v2\/comments?post=837"}],"version-history":[{"count":2,"href":"https:\/\/blogs.uef.fi\/forest-issues\/wp-json\/wp\/v2\/posts\/837\/revisions"}],"predecessor-version":[{"id":1620,"href":"https:\/\/blogs.uef.fi\/forest-issues\/wp-json\/wp\/v2\/posts\/837\/revisions\/1620"}],"wp:featuredmedia":[{"embeddable":true,"href":"https:\/\/blogs.uef.fi\/forest-issues\/wp-json\/wp\/v2\/media\/849"}],"wp:attachment":[{"href":"https:\/\/blogs.uef.fi\/forest-issues\/wp-json\/wp\/v2\/media?parent=837"}],"wp:term":[{"taxonomy":"category","embeddable":true,"href":"https:\/\/blogs.uef.fi\/forest-issues\/wp-json\/wp\/v2\/categories?post=837"},{"taxonomy":"post_tag","embeddable":true,"href":"https:\/\/blogs.uef.fi\/forest-issues\/wp-json\/wp\/v2\/tags?post=837"}],"curies":[{"name":"wp","href":"https:\/\/api.w.org\/{rel}","templated":true}]}}