{"id":654,"date":"2021-11-08T14:07:10","date_gmt":"2021-11-08T12:07:10","guid":{"rendered":"https:\/\/blogs.uef.fi\/forest-issues\/?p=654"},"modified":"2023-09-11T12:44:51","modified_gmt":"2023-09-11T09:44:51","slug":"meilla-kylla-osataan","status":"publish","type":"post","link":"https:\/\/blogs.uef.fi\/forest-issues\/2021\/11\/08\/meilla-kylla-osataan\/","title":{"rendered":"Meill\u00e4 kyll\u00e4 osataan"},"content":{"rendered":"\n<p>K\u00e4vin muutama vuosi sitten Sloveniassa Ljubljanan yliopiston bioteknisen tiedekunnan mets\u00e4osastolla puhumassa suomalaisesta mets\u00e4suunnittelusta. Kuulijoina oli tiedekunnan mets\u00e4professoreita ja muuta opetusv\u00e4ke\u00e4. Is\u00e4nt\u00e4ni Andrej Boncina vihjaisi minulle, ett\u00e4 kannattaa mainita heti alussa, ett\u00e4 en ole varsinaisesti suomalaisen avohakkuu-viljelymets\u00e4talouden kannattaja. Jos nimitt\u00e4in olisin ruvennut kehuskelemaan suomalaisen mets\u00e4nhoidon erinomaisuudella, olisin menett\u00e4nyt arvostukseni siihen paikkaan ja aiheuttanut kuulijoissa melkoista vaivaantuneisuutta.<\/p>\n\n\n\n<p>Sloveniassa, jossa muuten avohakkuut kiellettiin 60 vuotta sitten, Suomen mets\u00e4talous tunnetaan varsin hyvin, eik\u00e4 sit\u00e4 arvosteta. Sama on tilanne useissa muissa Keski-Euroopan maissa. Saksassakin viljelymets\u00e4talous tunnetaan eritt\u00e4in hyvin omasta takaa. Sit\u00e4 on kokeiltu enemm\u00e4n kuin riitt\u00e4v\u00e4sti ja se on huonoksi havaittu. Nykyisin Saksan metsien hoidossa&nbsp; pyrit\u00e4\u00e4n luonnonmukaisiin sekametsiin, kerroksellisiin metsikk\u00f6rakenteisiin, luontaiseen uudistamiseen ja eroon avohakkuista.<\/p>\n\n\n\n<p>Kun EU:ssa kyseenalaistetaan Suomen mets\u00e4taloutta, Suomi k\u00e4skee mepit \u00e4r\u00e4ht\u00e4m\u00e4\u00e4n ja poliitikot selitt\u00e4m\u00e4\u00e4n europarlamentaarikoille, miten hyv\u00e4\u00e4 Suomen mets\u00e4talous oikeasti on. \u201dSuomessa mets\u00e4nhoito osataan, sopii tulla vaikka katsomaan.\u201d<\/p>\n\n\n\n<p>Se mik\u00e4 osataan, on p\u00e4\u00e4asiassa sit\u00e4, ett\u00e4 puut hakataan ja tilalle istutetaan uudet taimet. Lieneek\u00f6 maapallolla yht\u00e4\u00e4n maata, jossa t\u00e4t\u00e4 ei osattaisi? Jos t\u00e4t\u00e4 pit\u00e4\u00e4 menn\u00e4 katsomaan, voi matkustaa vaikkapa Etiopiaan, jossa EU-parlamentaarikot voisivat istutusmetsien katselun lomassa nauttia maukasta injeraa ja osallistua eksoottiseen kahviseremoniaan.<\/p>\n\n\n\n<p>Useimmilla suomalaisilla on harhainen k\u00e4sitys Suomen mets\u00e4talouden laadusta, kuten Atte Korhola kirjoittaa (<a href=\"https:\/\/www.hs.fi\/mielipide\/art-2000008295414.html?share=10cf56f6c353865276653bf5e68000b2\">Korhola<\/a>). Toinen harhainen k\u00e4sitys on se, ett\u00e4 muualla Euroopassa ei tunneta Suomen mets\u00e4taloutta eik\u00e4 ymm\u00e4rret\u00e4 sen erinomaisuutta. Jos ymm\u00e4rryksen puute pit\u00e4\u00e4 paikallistaa, niin se valitettavasti sijaitsee kotomaassa.<\/p>\n\n\n\n<figure class=\"wp-block-image alignnone wp-image-657 size-large\"><img loading=\"lazy\" decoding=\"async\" width=\"1024\" height=\"576\" src=\"https:\/\/blogs.uef.fi\/forest-issues\/wp-content\/uploads\/sites\/87\/2021\/11\/Slovenia-1024x576.jpg\" alt=\"Py\u00f6kkimets\u00e4\u00e4 slovenialaisessa vuoristomaisemassa\" class=\"wp-image-657\" srcset=\"https:\/\/blogs.uef.fi\/forest-issues\/wp-content\/uploads\/sites\/87\/2021\/11\/Slovenia-1024x576.jpg 1024w, https:\/\/blogs.uef.fi\/forest-issues\/wp-content\/uploads\/sites\/87\/2021\/11\/Slovenia-300x169.jpg 300w, https:\/\/blogs.uef.fi\/forest-issues\/wp-content\/uploads\/sites\/87\/2021\/11\/Slovenia-768x432.jpg 768w, https:\/\/blogs.uef.fi\/forest-issues\/wp-content\/uploads\/sites\/87\/2021\/11\/Slovenia.jpg 1380w\" sizes=\"auto, (max-width: 1024px) 100vw, 1024px\" \/><figcaption class=\"wp-element-caption\">Slovenialaista talousmets\u00e4\u00e4<\/figcaption><\/figure>\n\n\n\n<p>P\u00e4\u00e4syy ristiriitaisiin n\u00e4kemyksiin suomalaisen mets\u00e4talouden laadusta on tietenkin eri\u00e4v\u00e4 k\u00e4sitys siit\u00e4, millainen mets\u00e4 on hyv\u00e4\u00e4. Useimpien mets\u00e4ammattilaisten mielest\u00e4 mets\u00e4 on hyv\u00e4, kun se kasvaa hyvin, puut ovat tasakokoisia ja mieluiten kaikki havupuita. Se tosiasia, ett\u00e4 mets\u00e4 on my\u00f6s mets\u00e4lajien elinymp\u00e4rist\u00f6, j\u00e4\u00e4 v\u00e4hemm\u00e4lle huomiolle.<\/p>\n\n\n\n<p>Jotta mets\u00e4 olisi hyv\u00e4 elinymp\u00e4rist\u00f6, siell\u00e4 pit\u00e4isi olla suuria el\u00e4vi\u00e4 ja kuolleita puita. Suuret puut ovat vanhoja, ja niiss\u00e4 on rosoinen kuori tai kaarna, jonka koloista pikkulinnut voivat kaivella h\u00e4m\u00e4h\u00e4kkej\u00e4 ja muuta sapuskaa. Nopeasti kasvanut 30-senttinen m\u00e4nty tai kuusi ei ole suuri puu. Vaihtelevat mets\u00e4t, joissa on suuria puita, ovat my\u00f6s retkeilyn ja luontomatkailun kannalta parhaita metsi\u00e4.<\/p>\n\n\n\n<figure class=\"wp-block-image alignnone wp-image-660 size-large\"><img loading=\"lazy\" decoding=\"async\" width=\"1024\" height=\"576\" src=\"https:\/\/blogs.uef.fi\/forest-issues\/wp-content\/uploads\/sites\/87\/2021\/11\/Tuupovaara-1024x576.jpg\" alt=\"Suomalainen sekamets\u00e4, jossa j\u00e4reiden m\u00e4ntyjen seassa kasvaa lehtipuita ja kuusialikasvosta \" class=\"wp-image-660\" srcset=\"https:\/\/blogs.uef.fi\/forest-issues\/wp-content\/uploads\/sites\/87\/2021\/11\/Tuupovaara-1024x576.jpg 1024w, https:\/\/blogs.uef.fi\/forest-issues\/wp-content\/uploads\/sites\/87\/2021\/11\/Tuupovaara-300x169.jpg 300w, https:\/\/blogs.uef.fi\/forest-issues\/wp-content\/uploads\/sites\/87\/2021\/11\/Tuupovaara-768x432.jpg 768w, https:\/\/blogs.uef.fi\/forest-issues\/wp-content\/uploads\/sites\/87\/2021\/11\/Tuupovaara.jpg 1380w\" sizes=\"auto, (max-width: 1024px) 100vw, 1024px\" \/><figcaption class=\"wp-element-caption\">Melko hyv\u00e4\u00e4 suomalaista talousmets\u00e4\u00e4<\/figcaption><\/figure>\n\n\n\n<p>Otin Mets\u00e4\u00e4n.fi-tietokannasta 75&nbsp;000 kuvion satunnaisotoksen suomalaisia mets\u00e4kuvioita. N\u00e4ist\u00e4 kuvioista 94 % oli sellaisia, joissa ei ollut j\u00e4re\u00e4\u00e4 puustoa. J\u00e4re\u00e4\u00e4 puuta elinymp\u00e4rist\u00f6n\u00e4\u00e4n k\u00e4ytt\u00e4vien lajien kannalta siis 94 % Suomen talousmetsist\u00e4 on kohtalaisen kelvotonta mets\u00e4\u00e4.<\/p>\n\n\n\n<p>Jos Suomi haluaa olla mets\u00e4talouden esimerkkimaa, tavoitteet ja kriteerit pit\u00e4\u00e4 asettaa huomattavasti nykyist\u00e4 korkeammalle. Puuta pit\u00e4\u00e4 tuottaa niin, ett\u00e4 haitat mets\u00e4luonnolle ja metsien virkistysk\u00e4yt\u00f6lle v\u00e4henev\u00e4t murto-osaan siit\u00e4, mit\u00e4 ne ovat nykyisin. Esimerkkej\u00e4 t\u00e4llaisesta pyrkimyksest\u00e4 alkaa onneksi olla olemassa (<a href=\"https:\/\/e-fi.blog\/home\/tuupovaaran-poikain-jk-hakkuu\/\">Tuupovaara<\/a>).<\/p>\n\n\n\n<p>Timo Pukkala<\/p>\n","protected":false},"excerpt":{"rendered":"<p>K\u00e4vin muutama vuosi sitten Sloveniassa Ljubljanan yliopiston bioteknisen tiedekunnan mets\u00e4osastolla puhumassa suomalaisesta mets\u00e4suunnittelusta. Kuulijoina oli tiedekunnan mets\u00e4professoreita ja muuta opetusv\u00e4ke\u00e4. Is\u00e4nt\u00e4ni Andrej Boncina vihjaisi minulle, ett\u00e4 kannattaa mainita heti alussa, ett\u00e4 en ole varsinaisesti suomalaisen avohakkuu-viljelymets\u00e4talouden kannattaja. Jos nimitt\u00e4in olisin ruvennut kehuskelemaan suomalaisen mets\u00e4nhoidon erinomaisuudella, olisin menett\u00e4nyt arvostukseni siihen paikkaan ja aiheuttanut kuulijoissa melkoista vaivaantuneisuutta. [&hellip;]<\/p>\n","protected":false},"author":239,"featured_media":663,"comment_status":"closed","ping_status":"closed","sticky":false,"template":"","format":"standard","meta":{"_acf_changed":false,"footnotes":""},"categories":[1],"tags":[92,31,82,76],"class_list":["post-654","post","type-post","status-publish","format-standard","has-post-thumbnail","hentry","category-uncategorized","tag-luontokato","tag-metsanhoitomenetelmat","tag-monimuotoisuus","tag-vastuullisuus"],"acf":[],"yoast_head":"<!-- This site is optimized with the Yoast SEO plugin v27.3 - https:\/\/yoast.com\/product\/yoast-seo-wordpress\/ -->\n<title>Meill\u00e4 kyll\u00e4 osataan - Forest Issues<\/title>\n<meta name=\"robots\" content=\"index, follow, max-snippet:-1, max-image-preview:large, max-video-preview:-1\" \/>\n<link rel=\"canonical\" href=\"https:\/\/blogs.uef.fi\/forest-issues\/2021\/11\/08\/meilla-kylla-osataan\/\" \/>\n<meta property=\"og:locale\" content=\"en_US\" \/>\n<meta property=\"og:type\" content=\"article\" \/>\n<meta property=\"og:title\" content=\"Meill\u00e4 kyll\u00e4 osataan - Forest Issues\" \/>\n<meta property=\"og:description\" content=\"K\u00e4vin muutama vuosi sitten Sloveniassa Ljubljanan yliopiston bioteknisen tiedekunnan mets\u00e4osastolla puhumassa suomalaisesta mets\u00e4suunnittelusta. Kuulijoina oli tiedekunnan mets\u00e4professoreita ja muuta opetusv\u00e4ke\u00e4. Is\u00e4nt\u00e4ni Andrej Boncina vihjaisi minulle, ett\u00e4 kannattaa mainita heti alussa, ett\u00e4 en ole varsinaisesti suomalaisen avohakkuu-viljelymets\u00e4talouden kannattaja. Jos nimitt\u00e4in olisin ruvennut kehuskelemaan suomalaisen mets\u00e4nhoidon erinomaisuudella, olisin menett\u00e4nyt arvostukseni siihen paikkaan ja aiheuttanut kuulijoissa melkoista vaivaantuneisuutta. [&hellip;]\" \/>\n<meta property=\"og:url\" content=\"https:\/\/blogs.uef.fi\/forest-issues\/2021\/11\/08\/meilla-kylla-osataan\/\" \/>\n<meta property=\"og:site_name\" content=\"Forest Issues\" \/>\n<meta property=\"article:published_time\" content=\"2021-11-08T12:07:10+00:00\" \/>\n<meta property=\"article:modified_time\" content=\"2023-09-11T09:44:51+00:00\" \/>\n<meta property=\"og:image\" content=\"https:\/\/blogs.uef.fi\/forest-issues\/wp-content\/uploads\/sites\/87\/2021\/11\/Otsikkokuva.jpg\" \/>\n\t<meta property=\"og:image:width\" content=\"1380\" \/>\n\t<meta property=\"og:image:height\" content=\"776\" \/>\n\t<meta property=\"og:image:type\" content=\"image\/jpeg\" \/>\n<meta name=\"author\" content=\"Timo Pukkala\" \/>\n<meta name=\"twitter:card\" content=\"summary_large_image\" \/>\n<meta name=\"twitter:label1\" content=\"Written by\" \/>\n\t<meta name=\"twitter:data1\" content=\"Timo Pukkala\" \/>\n<script type=\"application\/ld+json\" class=\"yoast-schema-graph\">{\"@context\":\"https:\\\/\\\/schema.org\",\"@graph\":[{\"@type\":\"Article\",\"@id\":\"https:\\\/\\\/blogs.uef.fi\\\/forest-issues\\\/2021\\\/11\\\/08\\\/meilla-kylla-osataan\\\/#article\",\"isPartOf\":{\"@id\":\"https:\\\/\\\/blogs.uef.fi\\\/forest-issues\\\/2021\\\/11\\\/08\\\/meilla-kylla-osataan\\\/\"},\"author\":{\"name\":\"Timo Pukkala\",\"@id\":\"https:\\\/\\\/blogs.uef.fi\\\/forest-issues\\\/#\\\/schema\\\/person\\\/8346f29e160fdc629acfbf68c1329d3a\"},\"headline\":\"Meill\u00e4 kyll\u00e4 osataan\",\"datePublished\":\"2021-11-08T12:07:10+00:00\",\"dateModified\":\"2023-09-11T09:44:51+00:00\",\"mainEntityOfPage\":{\"@id\":\"https:\\\/\\\/blogs.uef.fi\\\/forest-issues\\\/2021\\\/11\\\/08\\\/meilla-kylla-osataan\\\/\"},\"wordCount\":475,\"image\":{\"@id\":\"https:\\\/\\\/blogs.uef.fi\\\/forest-issues\\\/2021\\\/11\\\/08\\\/meilla-kylla-osataan\\\/#primaryimage\"},\"thumbnailUrl\":\"https:\\\/\\\/blogs.uef.fi\\\/forest-issues\\\/wp-content\\\/uploads\\\/sites\\\/87\\\/2021\\\/11\\\/Otsikkokuva.jpg\",\"keywords\":[\"Luontokato\",\"Mets\u00e4nhoitomenetelm\u00e4t\",\"Monimuotoisuus\",\"Vastuullisuus\"],\"inLanguage\":\"en-US\"},{\"@type\":\"WebPage\",\"@id\":\"https:\\\/\\\/blogs.uef.fi\\\/forest-issues\\\/2021\\\/11\\\/08\\\/meilla-kylla-osataan\\\/\",\"url\":\"https:\\\/\\\/blogs.uef.fi\\\/forest-issues\\\/2021\\\/11\\\/08\\\/meilla-kylla-osataan\\\/\",\"name\":\"Meill\u00e4 kyll\u00e4 osataan - Forest Issues\",\"isPartOf\":{\"@id\":\"https:\\\/\\\/blogs.uef.fi\\\/forest-issues\\\/#website\"},\"primaryImageOfPage\":{\"@id\":\"https:\\\/\\\/blogs.uef.fi\\\/forest-issues\\\/2021\\\/11\\\/08\\\/meilla-kylla-osataan\\\/#primaryimage\"},\"image\":{\"@id\":\"https:\\\/\\\/blogs.uef.fi\\\/forest-issues\\\/2021\\\/11\\\/08\\\/meilla-kylla-osataan\\\/#primaryimage\"},\"thumbnailUrl\":\"https:\\\/\\\/blogs.uef.fi\\\/forest-issues\\\/wp-content\\\/uploads\\\/sites\\\/87\\\/2021\\\/11\\\/Otsikkokuva.jpg\",\"datePublished\":\"2021-11-08T12:07:10+00:00\",\"dateModified\":\"2023-09-11T09:44:51+00:00\",\"author\":{\"@id\":\"https:\\\/\\\/blogs.uef.fi\\\/forest-issues\\\/#\\\/schema\\\/person\\\/8346f29e160fdc629acfbf68c1329d3a\"},\"breadcrumb\":{\"@id\":\"https:\\\/\\\/blogs.uef.fi\\\/forest-issues\\\/2021\\\/11\\\/08\\\/meilla-kylla-osataan\\\/#breadcrumb\"},\"inLanguage\":\"en-US\",\"potentialAction\":[{\"@type\":\"ReadAction\",\"target\":[\"https:\\\/\\\/blogs.uef.fi\\\/forest-issues\\\/2021\\\/11\\\/08\\\/meilla-kylla-osataan\\\/\"]}]},{\"@type\":\"ImageObject\",\"inLanguage\":\"en-US\",\"@id\":\"https:\\\/\\\/blogs.uef.fi\\\/forest-issues\\\/2021\\\/11\\\/08\\\/meilla-kylla-osataan\\\/#primaryimage\",\"url\":\"https:\\\/\\\/blogs.uef.fi\\\/forest-issues\\\/wp-content\\\/uploads\\\/sites\\\/87\\\/2021\\\/11\\\/Otsikkokuva.jpg\",\"contentUrl\":\"https:\\\/\\\/blogs.uef.fi\\\/forest-issues\\\/wp-content\\\/uploads\\\/sites\\\/87\\\/2021\\\/11\\\/Otsikkokuva.jpg\",\"width\":1380,\"height\":776},{\"@type\":\"BreadcrumbList\",\"@id\":\"https:\\\/\\\/blogs.uef.fi\\\/forest-issues\\\/2021\\\/11\\\/08\\\/meilla-kylla-osataan\\\/#breadcrumb\",\"itemListElement\":[{\"@type\":\"ListItem\",\"position\":1,\"name\":\"Home\",\"item\":\"https:\\\/\\\/blogs.uef.fi\\\/forest-issues\\\/\"},{\"@type\":\"ListItem\",\"position\":2,\"name\":\"Meill\u00e4 kyll\u00e4 osataan\"}]},{\"@type\":\"WebSite\",\"@id\":\"https:\\\/\\\/blogs.uef.fi\\\/forest-issues\\\/#website\",\"url\":\"https:\\\/\\\/blogs.uef.fi\\\/forest-issues\\\/\",\"name\":\"Forest Issues\",\"description\":\"\",\"potentialAction\":[{\"@type\":\"SearchAction\",\"target\":{\"@type\":\"EntryPoint\",\"urlTemplate\":\"https:\\\/\\\/blogs.uef.fi\\\/forest-issues\\\/?s={search_term_string}\"},\"query-input\":{\"@type\":\"PropertyValueSpecification\",\"valueRequired\":true,\"valueName\":\"search_term_string\"}}],\"inLanguage\":\"en-US\"},{\"@type\":\"Person\",\"@id\":\"https:\\\/\\\/blogs.uef.fi\\\/forest-issues\\\/#\\\/schema\\\/person\\\/8346f29e160fdc629acfbf68c1329d3a\",\"name\":\"Timo Pukkala\",\"sameAs\":[\"http:\\\/\\\/blogs.uef.fi\\\/forest-issues\"],\"url\":\"https:\\\/\\\/blogs.uef.fi\\\/forest-issues\\\/author\\\/timmop\\\/\"}]}<\/script>\n<!-- \/ Yoast SEO plugin. -->","yoast_head_json":{"title":"Meill\u00e4 kyll\u00e4 osataan - Forest Issues","robots":{"index":"index","follow":"follow","max-snippet":"max-snippet:-1","max-image-preview":"max-image-preview:large","max-video-preview":"max-video-preview:-1"},"canonical":"https:\/\/blogs.uef.fi\/forest-issues\/2021\/11\/08\/meilla-kylla-osataan\/","og_locale":"en_US","og_type":"article","og_title":"Meill\u00e4 kyll\u00e4 osataan - Forest Issues","og_description":"K\u00e4vin muutama vuosi sitten Sloveniassa Ljubljanan yliopiston bioteknisen tiedekunnan mets\u00e4osastolla puhumassa suomalaisesta mets\u00e4suunnittelusta. Kuulijoina oli tiedekunnan mets\u00e4professoreita ja muuta opetusv\u00e4ke\u00e4. Is\u00e4nt\u00e4ni Andrej Boncina vihjaisi minulle, ett\u00e4 kannattaa mainita heti alussa, ett\u00e4 en ole varsinaisesti suomalaisen avohakkuu-viljelymets\u00e4talouden kannattaja. Jos nimitt\u00e4in olisin ruvennut kehuskelemaan suomalaisen mets\u00e4nhoidon erinomaisuudella, olisin menett\u00e4nyt arvostukseni siihen paikkaan ja aiheuttanut kuulijoissa melkoista vaivaantuneisuutta. [&hellip;]","og_url":"https:\/\/blogs.uef.fi\/forest-issues\/2021\/11\/08\/meilla-kylla-osataan\/","og_site_name":"Forest Issues","article_published_time":"2021-11-08T12:07:10+00:00","article_modified_time":"2023-09-11T09:44:51+00:00","og_image":[{"width":1380,"height":776,"url":"https:\/\/blogs.uef.fi\/forest-issues\/wp-content\/uploads\/sites\/87\/2021\/11\/Otsikkokuva.jpg","type":"image\/jpeg"}],"author":"Timo Pukkala","twitter_card":"summary_large_image","twitter_misc":{"Written by":"Timo Pukkala"},"schema":{"@context":"https:\/\/schema.org","@graph":[{"@type":"Article","@id":"https:\/\/blogs.uef.fi\/forest-issues\/2021\/11\/08\/meilla-kylla-osataan\/#article","isPartOf":{"@id":"https:\/\/blogs.uef.fi\/forest-issues\/2021\/11\/08\/meilla-kylla-osataan\/"},"author":{"name":"Timo Pukkala","@id":"https:\/\/blogs.uef.fi\/forest-issues\/#\/schema\/person\/8346f29e160fdc629acfbf68c1329d3a"},"headline":"Meill\u00e4 kyll\u00e4 osataan","datePublished":"2021-11-08T12:07:10+00:00","dateModified":"2023-09-11T09:44:51+00:00","mainEntityOfPage":{"@id":"https:\/\/blogs.uef.fi\/forest-issues\/2021\/11\/08\/meilla-kylla-osataan\/"},"wordCount":475,"image":{"@id":"https:\/\/blogs.uef.fi\/forest-issues\/2021\/11\/08\/meilla-kylla-osataan\/#primaryimage"},"thumbnailUrl":"https:\/\/blogs.uef.fi\/forest-issues\/wp-content\/uploads\/sites\/87\/2021\/11\/Otsikkokuva.jpg","keywords":["Luontokato","Mets\u00e4nhoitomenetelm\u00e4t","Monimuotoisuus","Vastuullisuus"],"inLanguage":"en-US"},{"@type":"WebPage","@id":"https:\/\/blogs.uef.fi\/forest-issues\/2021\/11\/08\/meilla-kylla-osataan\/","url":"https:\/\/blogs.uef.fi\/forest-issues\/2021\/11\/08\/meilla-kylla-osataan\/","name":"Meill\u00e4 kyll\u00e4 osataan - Forest Issues","isPartOf":{"@id":"https:\/\/blogs.uef.fi\/forest-issues\/#website"},"primaryImageOfPage":{"@id":"https:\/\/blogs.uef.fi\/forest-issues\/2021\/11\/08\/meilla-kylla-osataan\/#primaryimage"},"image":{"@id":"https:\/\/blogs.uef.fi\/forest-issues\/2021\/11\/08\/meilla-kylla-osataan\/#primaryimage"},"thumbnailUrl":"https:\/\/blogs.uef.fi\/forest-issues\/wp-content\/uploads\/sites\/87\/2021\/11\/Otsikkokuva.jpg","datePublished":"2021-11-08T12:07:10+00:00","dateModified":"2023-09-11T09:44:51+00:00","author":{"@id":"https:\/\/blogs.uef.fi\/forest-issues\/#\/schema\/person\/8346f29e160fdc629acfbf68c1329d3a"},"breadcrumb":{"@id":"https:\/\/blogs.uef.fi\/forest-issues\/2021\/11\/08\/meilla-kylla-osataan\/#breadcrumb"},"inLanguage":"en-US","potentialAction":[{"@type":"ReadAction","target":["https:\/\/blogs.uef.fi\/forest-issues\/2021\/11\/08\/meilla-kylla-osataan\/"]}]},{"@type":"ImageObject","inLanguage":"en-US","@id":"https:\/\/blogs.uef.fi\/forest-issues\/2021\/11\/08\/meilla-kylla-osataan\/#primaryimage","url":"https:\/\/blogs.uef.fi\/forest-issues\/wp-content\/uploads\/sites\/87\/2021\/11\/Otsikkokuva.jpg","contentUrl":"https:\/\/blogs.uef.fi\/forest-issues\/wp-content\/uploads\/sites\/87\/2021\/11\/Otsikkokuva.jpg","width":1380,"height":776},{"@type":"BreadcrumbList","@id":"https:\/\/blogs.uef.fi\/forest-issues\/2021\/11\/08\/meilla-kylla-osataan\/#breadcrumb","itemListElement":[{"@type":"ListItem","position":1,"name":"Home","item":"https:\/\/blogs.uef.fi\/forest-issues\/"},{"@type":"ListItem","position":2,"name":"Meill\u00e4 kyll\u00e4 osataan"}]},{"@type":"WebSite","@id":"https:\/\/blogs.uef.fi\/forest-issues\/#website","url":"https:\/\/blogs.uef.fi\/forest-issues\/","name":"Forest Issues","description":"","potentialAction":[{"@type":"SearchAction","target":{"@type":"EntryPoint","urlTemplate":"https:\/\/blogs.uef.fi\/forest-issues\/?s={search_term_string}"},"query-input":{"@type":"PropertyValueSpecification","valueRequired":true,"valueName":"search_term_string"}}],"inLanguage":"en-US"},{"@type":"Person","@id":"https:\/\/blogs.uef.fi\/forest-issues\/#\/schema\/person\/8346f29e160fdc629acfbf68c1329d3a","name":"Timo Pukkala","sameAs":["http:\/\/blogs.uef.fi\/forest-issues"],"url":"https:\/\/blogs.uef.fi\/forest-issues\/author\/timmop\/"}]}},"_links":{"self":[{"href":"https:\/\/blogs.uef.fi\/forest-issues\/wp-json\/wp\/v2\/posts\/654","targetHints":{"allow":["GET"]}}],"collection":[{"href":"https:\/\/blogs.uef.fi\/forest-issues\/wp-json\/wp\/v2\/posts"}],"about":[{"href":"https:\/\/blogs.uef.fi\/forest-issues\/wp-json\/wp\/v2\/types\/post"}],"author":[{"embeddable":true,"href":"https:\/\/blogs.uef.fi\/forest-issues\/wp-json\/wp\/v2\/users\/239"}],"replies":[{"embeddable":true,"href":"https:\/\/blogs.uef.fi\/forest-issues\/wp-json\/wp\/v2\/comments?post=654"}],"version-history":[{"count":2,"href":"https:\/\/blogs.uef.fi\/forest-issues\/wp-json\/wp\/v2\/posts\/654\/revisions"}],"predecessor-version":[{"id":1624,"href":"https:\/\/blogs.uef.fi\/forest-issues\/wp-json\/wp\/v2\/posts\/654\/revisions\/1624"}],"wp:featuredmedia":[{"embeddable":true,"href":"https:\/\/blogs.uef.fi\/forest-issues\/wp-json\/wp\/v2\/media\/663"}],"wp:attachment":[{"href":"https:\/\/blogs.uef.fi\/forest-issues\/wp-json\/wp\/v2\/media?parent=654"}],"wp:term":[{"taxonomy":"category","embeddable":true,"href":"https:\/\/blogs.uef.fi\/forest-issues\/wp-json\/wp\/v2\/categories?post=654"},{"taxonomy":"post_tag","embeddable":true,"href":"https:\/\/blogs.uef.fi\/forest-issues\/wp-json\/wp\/v2\/tags?post=654"}],"curies":[{"name":"wp","href":"https:\/\/api.w.org\/{rel}","templated":true}]}}