{"id":185,"date":"2019-01-22T09:11:37","date_gmt":"2019-01-22T07:11:37","guid":{"rendered":"https:\/\/blogs.uef.fi\/forest-issues\/?p=185"},"modified":"2023-09-11T12:35:15","modified_gmt":"2023-09-11T09:35:15","slug":"tehdaanko-metsatalouden-laskelmia-liian-suurella-korolla","status":"publish","type":"post","link":"https:\/\/blogs.uef.fi\/forest-issues\/2019\/01\/22\/tehdaanko-metsatalouden-laskelmia-liian-suurella-korolla\/","title":{"rendered":"Tehd\u00e4\u00e4nk\u00f6 mets\u00e4talouden laskelmia liian suurella korolla?"},"content":{"rendered":"\n<p><span lang=\"FI\"><span style=\"color: #000000;font-family: Calibri\">Viime aikoina on k\u00e4yty keskustelua siit\u00e4, mill\u00e4 korkokannalla nettotulojen nykyarvo tulisi laskea mets\u00e4taloutta suunniteltaessa (<a href=\"https:\/\/yle.fi\/uutiset\/3-10594354\">Yle1<\/a>, <a href=\"https:\/\/yle.fi\/uutiset\/3-10473646\">Yle2<\/a>). Mm. Mets\u00e4hallitusta ja Suomen hiilinielujen referenssitason laskijoita on kritisoitu liian korkean korkokannan k\u00e4ytt\u00e4misest\u00e4. Yleens\u00e4 korkokantana tulisi k\u00e4ytt\u00e4\u00e4 sit\u00e4 reaalikorkoa, jonka mets\u00e4ss\u00e4 kiinni oleva raha tuottaisi vaihtoehtoisissa, yht\u00e4 v\u00e4h\u00e4riskisiss\u00e4 sijoituskohteissa. On my\u00f6s keskusteltu siit\u00e4, pit\u00e4isik\u00f6 julkisella sektorilla k\u00e4ytt\u00e4\u00e4 matalampaa korkoa kuin muualla, koska julkisella sektorilla riskit ovat pienemm\u00e4t. <\/span><\/span><\/p>\n\n\n\n<p><span lang=\"FI\"><span style=\"color: #000000;font-family: Calibri\">Luonnonvarojen k\u00e4yt\u00f6n suunnittelussa on kiinnitetty huomiota my\u00f6s siihen, ett\u00e4 suurella korolla nykyarvo m\u00e4\u00e4r\u00e4ytyy pitk\u00e4lle l\u00e4hiajan tulojen ja menojen perusteella. T\u00e4ll\u00f6in metsien k\u00e4ytt\u00f6\u00f6n ei vaikuta paljonkaan se, mink\u00e4 verran mets\u00e4 tuottaa erilaisia hy\u00f6tyj\u00e4 tuleville sukupolville. T\u00e4m\u00e4 on koettu ongelmaksi, jonka ratkaisemiseksi on ehdotettu mm. v\u00e4henev\u00e4n diskonttokoron k\u00e4ytt\u00f6\u00e4 tai sit\u00e4, ett\u00e4 korko m\u00e4\u00e4r\u00e4ytyisikin sen mukaan, kuinka paljon p\u00e4\u00e4t\u00f6ksenteossa halutaan painottaa eri ajankohtina mets\u00e4st\u00e4 saatavia ekosysteemipalveluja. T\u00e4ll\u00f6in korko kuvastaisi aikapreferenssej\u00e4 eik\u00e4 vaihtoehtoisen sijoituksen tuottoa. V\u00e4henev\u00e4n diskonttokoron k\u00e4ytt\u00f6 tarkoittaa, ett\u00e4 nettotulot diskontataan sit\u00e4 pienemm\u00e4ll\u00e4 korkokannalla, mit\u00e4 kauempana tulevaisuudessa ne saadaan (<a href=\"https:\/\/www.sciencedirect.com\/science\/article\/pii\/S1389934117300990\">Tutkimus 1<\/a>).<\/span><\/span><\/p>\n\n\n\n<p><span lang=\"FI\"><span style=\"color: #000000;font-family: Calibri\">Suuren korkokannan k\u00e4ytt\u00f6 edellytt\u00e4\u00e4, ett\u00e4 raha tuottaa hyvin vaihtoehtoisissa sijoituskohteissa. Mets\u00e4\u00e4 saisi t\u00e4ss\u00e4 tilanteessa hakata reippaasti, ja saadut rahat tulisi sijoittaa noihin hyvin tuottaviin sijoituskohteisiin. Taloudellisessa mieless\u00e4 mets\u00e4 on kyps\u00e4 hakattavaksi viimeist\u00e4\u00e4n silloin, kun sen arvokasvuprosentti painuu pysyv\u00e4sti vaihtoehtoisen sijoituksen tuottoprosentin alapuolelle. Hakkuu voi olla joko harvennus tai p\u00e4\u00e4tehakkuu. <\/span><\/span><\/p>\n\n\n\n<p><span lang=\"FI\"><span style=\"color: #000000;font-family: Calibri\">Harvennushakkuussa tuottavuutta voidaan parantaa mm. niin, ett\u00e4 mets\u00e4st\u00e4 poistetaan suuria puita, joiden kasvu on jo hidastunut ja joissa ei en\u00e4\u00e4 tapahdu siirtym\u00e4\u00e4 arvokkaampiin puutavaralajeihin. Kasvamaan j\u00e4tet\u00e4\u00e4n hyv\u00e4kasvuisia pienempi\u00e4 puita, joissa tukin osuus rungon tilavuudesta viel\u00e4 suurenee. Kannattavuutta parantavan hakkuun periaate on, ett\u00e4 mets\u00e4\u00e4n sidotun p\u00e4\u00e4oman m\u00e4\u00e4r\u00e4\u00e4 pyrit\u00e4\u00e4n pienent\u00e4m\u00e4\u00e4n huomattavasti mutta kuitenkin niin, ett\u00e4 arvokasvu s\u00e4ilyy hyv\u00e4n\u00e4. Paras keino t\u00e4h\u00e4n on suurimpien puiden hakkuu eli yl\u00e4harvennus.<\/span><\/span><\/p>\n\n\n\n<p><span lang=\"FI\"><span style=\"color: #000000;font-family: Calibri\">Korkokannan vaikutus mets\u00e4talouteen ja metsien tuottamiin ekosysteemipalveluihin on huomattava. Alla olevissa kuvissa on laskelmia 3000 hehtaarin mets\u00e4alueelle, joka sijaitsee Pohjois-Karjalassa. Tein mets\u00e4lle tasaik\u00e4ismets\u00e4talouden hakkuusuunnitelmia 50 vuoden ajalle maksimoimalla nettotulojen nykyarvoa 1\u20135 % korkokannalla. Aluksi tein laskelmat ilman mit\u00e4\u00e4n rajoitteita (vihre\u00e4t pylv\u00e4\u00e4t). Korkokannan suurentaminen pienent\u00e4\u00e4 monien ekosysteemipalvelujen m\u00e4\u00e4r\u00e4\u00e4, mukaan lukien puuntuotanto, hiilen sidonta ja mets\u00e4st\u00e4 saatavat nettotulot.<\/span><\/span><\/p>\n\n\n\n<figure class=\"wp-block-image alignnone wp-image-195 size-full\"><img loading=\"lazy\" decoding=\"async\" width=\"502\" height=\"282\" src=\"https:\/\/blogs.uef.fi\/forest-issues\/wp-content\/uploads\/sites\/87\/2019\/01\/Puuntuotos-1.gif\" alt=\"Puuntuotos on sit\u00e4 pienempi, mit\u00e4 suuremmalla korolla nettonykyarvoa maksimoidaan\" class=\"wp-image-195\" \/><figcaption class=\"wp-element-caption\">Keskim\u00e4\u00e4r\u00e4inen hehtaarikohtainen puuntuotos 3000 hehtaarin mets\u00e4ss\u00e4. Puuntuotos on laskettu hakkuukertym\u00e4st\u00e4 ja puuston tilavuuden muutoksesta.<\/figcaption><\/figure>\n\n\n\n<figure class=\"wp-block-image alignnone wp-image-207 size-full\"><img loading=\"lazy\" decoding=\"async\" width=\"484\" height=\"288\" src=\"https:\/\/blogs.uef.fi\/forest-issues\/wp-content\/uploads\/sites\/87\/2019\/01\/Nettotulo-2.gif\" alt=\"Nettonykyarvon maksimointi suurella korolla pienent\u00e4\u00e4 mets\u00e4nomistajan tuloja\" class=\"wp-image-207\" \/><figcaption class=\"wp-element-caption\">Keskim\u00e4\u00e4r\u00e4inen hehtaarikohtainen nettotulo 3000 hehtaarin mets\u00e4ss\u00e4.<\/figcaption><\/figure>\n\n\n\n<figure class=\"wp-block-image alignnone wp-image-193 size-full\"><img loading=\"lazy\" decoding=\"async\" width=\"496\" height=\"287\" src=\"https:\/\/blogs.uef.fi\/forest-issues\/wp-content\/uploads\/sites\/87\/2019\/01\/Hiilitase.gif\" alt=\"Metsien hiilensidonta on sit\u00e4 pienempi, mit\u00e4 suuremmalla korolla nettonykyarvoa maksimoidaan\" class=\"wp-image-193\" \/><figcaption class=\"wp-element-caption\">Hehtaarikohtainen vuotuinen hiilitase 3000 hehtaarin mets\u00e4ss\u00e4. Positiivinen tase tarkoittaa, ett\u00e4 mets\u00e4talous on hiilinielu. Hiilitaseessa ovat mukana el\u00e4v\u00e4n biomassan, kuolleen orgaanisen aineksen ja puusta valmistettujen tuotteiden taseet.<\/figcaption><\/figure>\n\n\n\n<p><span lang=\"FI\"><span style=\"color: #000000;font-family: Calibri\">Hakkuulaskelmia ei kuitenkaan yleens\u00e4 tehd\u00e4 maksimoimalla nettotulojen nykyarvoa ilman mit\u00e4\u00e4n rajoituksia. Esimerkiksi Mets\u00e4hallituksessa ja hiilinielun referenssitason laskennassa on rajoite, joka est\u00e4\u00e4 hakkuut, jotka tapahtuisivat aiemmin tai voimakkaampina kuin Kehitt\u00e4miskeskus Tapion laatimat ohjeet suosittavat. Yll\u00e4 olevista kuvista (punaiset pylv\u00e4\u00e4t) n\u00e4hd\u00e4\u00e4n, ett\u00e4 t\u00e4m\u00e4 rajoite (Tapion suositusten alarajojen k\u00e4ytt\u00f6 rajoitteena) suurentaa puuntuotantoa, hiilitasetta ja nettotuloja, kun korkokanta on 4 %.<\/span><\/span><\/p>\n\n\n\n<p><span lang=\"FI\"><span style=\"color: #000000;font-family: Calibri\">Suuraluelaskelmissa (mm. Mets\u00e4hallitus ja hiilinielun referenssitaso) on Tapion ohjeiden lis\u00e4ksi yleens\u00e4 rajoitteena, ett\u00e4 puuston tilavuus ei saa pienenty\u00e4 alkutilanteeseen verrattuna, eiv\u00e4tk\u00e4 hakkuum\u00e4\u00e4r\u00e4t saa k\u00e4\u00e4nty\u00e4 laskuun. N\u00e4iden lis\u00e4rajoitteiden vaikutus hakkuulaskelman tulokseen on t\u00e4m\u00e4n kirjoituksen esimerkkialueella selvempi kuin Tapion ohjeiden vaikutus (yll\u00e4 olevien kuvien siniset pylv\u00e4\u00e4t).<\/span><\/span><\/p>\n\n\n\n<p><span lang=\"FI\"><span style=\"color: #000000;font-family: Calibri\">Esimerkkialueelle tehty laskelma osoittaa, ett\u00e4 kun suunnitteluun lis\u00e4t\u00e4\u00e4n Tapion ohjeet ja muutama muu tavanomainen rajoite, tulos vastaa suunnilleen sit\u00e4, joka saataisiin maksimoimalla nettotulojen nykyarvoa 2 % korolla. Her\u00e4\u00e4 kysymys, miksi laskelmissa yleens\u00e4 k\u00e4ytet\u00e4\u00e4n 3.5\u20134 % korkoa, kun kuitenkin tuotetaan ratkaisu, joka vastaa mets\u00e4talouden harjoittamista 2 % korkovaatimuksella? Voidaan my\u00f6s kysy\u00e4, vastaako 4 % korko todellakin suomalaisten preferenssej\u00e4, kun 2 %:lla saataisiin enemm\u00e4n melkein kaikkea? Aivan kaikki ei kuitenkaan lis\u00e4\u00e4nny korkokantaa alentamalla. Esimerkkialueella 4 % korko rajoitteilla johtaa suurempaan hakkuukertym\u00e4\u00e4n ja pienemp\u00e4\u00e4n puuston m\u00e4\u00e4r\u00e4\u00e4n kuin 2 % ilman rajoitteita. Kahden prosentin korolla ilman rajoitteita olisi optimaalista kasvattaa puuston tilavuutta ja hakata hieman v\u00e4hemm\u00e4n:<\/span><\/span><\/p>\n\n\n\n<figure class=\"wp-block-image\"><img loading=\"lazy\" decoding=\"async\" width=\"792\" height=\"148\" src=\"https:\/\/blogs.uef.fi\/forest-issues\/wp-content\/uploads\/sites\/87\/2019\/01\/Puuntuotostaulukko.gif\" alt=\"\" class=\"wp-image-197\" \/><\/figure>\n\n\n\n<p><span lang=\"FI\"><span style=\"color: #000000;font-family: Calibri\">Suuren korkokannan k\u00e4ytt\u00f6 tasaik\u00e4ismets\u00e4taloudessa on siin\u00e4kin mieless\u00e4 ristiriitaista, ett\u00e4 osa p\u00e4\u00e4tehakkuutulosta sijoitetaan uuden mets\u00e4n istuttamiseen, joka on alhaisen tuoton investointi. Tutkimusten mukaan (<a href=\"https:\/\/www.tandfonline.com\/doi\/abs\/10.1080\/02827580310013235\">Tutkimus 2<\/a>) viljelymets\u00e4n perustaminen on karuissa oloissa (Pohjois-Suomi, karut kasvupaikat) kannattavaa ainoastaan 1\u20132 % korolla. Kaikkein suotuisimmissa oloissa p\u00e4\u00e4st\u00e4\u00e4n 4% tuottoon. Nelj\u00e4n prosentin koron soveltaminen tasaik\u00e4ismets\u00e4taloudessa tarkoittaa suurimmassa osassa Suomea sit\u00e4, ett\u00e4 4% tuottava mets\u00e4 hakataan, ja v\u00e4hint\u00e4\u00e4n viidennes saadusta hakkuutulosta (taimikon perustamiskustannus) sijoitetaan kohteeseen, joka tuottaa selv\u00e4sti v\u00e4hemm\u00e4n kuin 4%. <\/span><\/span><\/p>\n\n\n\n<p><span lang=\"FI\"><span style=\"color: #000000;font-family: Calibri\">Mets\u00e4suunnittelussa k\u00e4ytett\u00e4v\u00e4 korkokanta ei siis saisi riippua siit\u00e4, paljonko mets\u00e4 tuottaa. Koron sanelee se, miten hyvi\u00e4 sijoituskohteita on yleisesti tarjolla ja mill\u00e4 (reaali)korolla rahaa saa lainaan. Koska mets\u00e4 tuottaa pohjoisessa (ja karulla kasvupaikalla) huonommin, mets\u00e4talouteen ei voi siell\u00e4 investoida yht\u00e4 paljon kuin etel\u00e4mp\u00e4n\u00e4 (tai hyvill\u00e4 kasvupaikoilla). Pohjois-Suomessa ja karuilla kasvupaikoilla esimerkiksi viljelymets\u00e4talous tulee korvata mets\u00e4nhoitoratkaisuilla, joissa mets\u00e4 uudistuu ilman suuria rahallisia panostuksia. Mit\u00e4 suurempaa korkokantaa k\u00e4ytet\u00e4\u00e4n, sit\u00e4 etel\u00e4mm\u00e4ksi kannattavan viljelymets\u00e4talouden pohjoisraja siirtyy. <\/span><\/span><\/p>\n\n\n\n<p><span lang=\"FI\"><span style=\"color: #000000;font-family: Calibri\">&nbsp;<\/span><\/span><span lang=\"FI\"><span style=\"color: #000000;font-family: Calibri\">Timo Pukkala<\/span><\/span><\/p>\n","protected":false},"excerpt":{"rendered":"<p>Viime aikoina on k\u00e4yty keskustelua siit\u00e4, mill\u00e4 korkokannalla nettotulojen nykyarvo tulisi laskea mets\u00e4taloutta suunniteltaessa (Yle1, Yle2). Mm. Mets\u00e4hallitusta ja Suomen hiilinielujen referenssitason laskijoita on kritisoitu liian korkean korkokannan k\u00e4ytt\u00e4misest\u00e4. Yleens\u00e4 korkokantana tulisi k\u00e4ytt\u00e4\u00e4 sit\u00e4 reaalikorkoa, jonka mets\u00e4ss\u00e4 kiinni oleva raha tuottaisi vaihtoehtoisissa, yht\u00e4 v\u00e4h\u00e4riskisiss\u00e4 sijoituskohteissa. On my\u00f6s keskusteltu siit\u00e4, pit\u00e4isik\u00f6 julkisella sektorilla k\u00e4ytt\u00e4\u00e4 matalampaa korkoa [&hellip;]<\/p>\n","protected":false},"author":241,"featured_media":199,"comment_status":"closed","ping_status":"closed","sticky":false,"template":"","format":"standard","meta":{"_acf_changed":false,"footnotes":""},"categories":[1],"tags":[59,55,57],"class_list":["post-185","post","type-post","status-publish","format-standard","has-post-thumbnail","hentry","category-uncategorized","tag-hakkuulaskelmat","tag-korkokanta","tag-metsasuunnittelu"],"acf":[],"yoast_head":"<!-- This site is optimized with the Yoast SEO plugin v27.3 - https:\/\/yoast.com\/product\/yoast-seo-wordpress\/ -->\n<title>Tehd\u00e4\u00e4nk\u00f6 mets\u00e4talouden laskelmia liian suurella korolla? - Forest Issues<\/title>\n<meta name=\"robots\" content=\"index, follow, max-snippet:-1, max-image-preview:large, max-video-preview:-1\" \/>\n<link rel=\"canonical\" href=\"https:\/\/blogs.uef.fi\/forest-issues\/2019\/01\/22\/tehdaanko-metsatalouden-laskelmia-liian-suurella-korolla\/\" \/>\n<meta property=\"og:locale\" content=\"en_US\" \/>\n<meta property=\"og:type\" content=\"article\" \/>\n<meta property=\"og:title\" content=\"Tehd\u00e4\u00e4nk\u00f6 mets\u00e4talouden laskelmia liian suurella korolla? - Forest Issues\" \/>\n<meta property=\"og:description\" content=\"Viime aikoina on k\u00e4yty keskustelua siit\u00e4, mill\u00e4 korkokannalla nettotulojen nykyarvo tulisi laskea mets\u00e4taloutta suunniteltaessa (Yle1, Yle2). Mm. Mets\u00e4hallitusta ja Suomen hiilinielujen referenssitason laskijoita on kritisoitu liian korkean korkokannan k\u00e4ytt\u00e4misest\u00e4. Yleens\u00e4 korkokantana tulisi k\u00e4ytt\u00e4\u00e4 sit\u00e4 reaalikorkoa, jonka mets\u00e4ss\u00e4 kiinni oleva raha tuottaisi vaihtoehtoisissa, yht\u00e4 v\u00e4h\u00e4riskisiss\u00e4 sijoituskohteissa. On my\u00f6s keskusteltu siit\u00e4, pit\u00e4isik\u00f6 julkisella sektorilla k\u00e4ytt\u00e4\u00e4 matalampaa korkoa [&hellip;]\" \/>\n<meta property=\"og:url\" content=\"https:\/\/blogs.uef.fi\/forest-issues\/2019\/01\/22\/tehdaanko-metsatalouden-laskelmia-liian-suurella-korolla\/\" \/>\n<meta property=\"og:site_name\" content=\"Forest Issues\" \/>\n<meta property=\"article:published_time\" content=\"2019-01-22T07:11:37+00:00\" \/>\n<meta property=\"article:modified_time\" content=\"2023-09-11T09:35:15+00:00\" \/>\n<meta property=\"og:image\" content=\"https:\/\/blogs.uef.fi\/forest-issues\/wp-content\/uploads\/sites\/87\/2019\/01\/20160614_100051-1024x537.jpg\" \/>\n\t<meta property=\"og:image:width\" content=\"1024\" \/>\n\t<meta property=\"og:image:height\" content=\"537\" \/>\n\t<meta property=\"og:image:type\" content=\"image\/jpeg\" \/>\n<meta name=\"author\" content=\"timop\" \/>\n<meta name=\"twitter:card\" content=\"summary_large_image\" \/>\n<meta name=\"twitter:label1\" content=\"Written by\" \/>\n\t<meta name=\"twitter:data1\" content=\"timop\" \/>\n\t<meta name=\"twitter:label2\" content=\"Est. reading time\" \/>\n\t<meta name=\"twitter:data2\" content=\"4 minutes\" \/>\n<script type=\"application\/ld+json\" class=\"yoast-schema-graph\">{\"@context\":\"https:\\\/\\\/schema.org\",\"@graph\":[{\"@type\":\"Article\",\"@id\":\"https:\\\/\\\/blogs.uef.fi\\\/forest-issues\\\/2019\\\/01\\\/22\\\/tehdaanko-metsatalouden-laskelmia-liian-suurella-korolla\\\/#article\",\"isPartOf\":{\"@id\":\"https:\\\/\\\/blogs.uef.fi\\\/forest-issues\\\/2019\\\/01\\\/22\\\/tehdaanko-metsatalouden-laskelmia-liian-suurella-korolla\\\/\"},\"author\":{\"name\":\"timop\",\"@id\":\"https:\\\/\\\/blogs.uef.fi\\\/forest-issues\\\/#\\\/schema\\\/person\\\/fe6de8112d0e5cd1d1a99cf74853622f\"},\"headline\":\"Tehd\u00e4\u00e4nk\u00f6 mets\u00e4talouden laskelmia liian suurella korolla?\",\"datePublished\":\"2019-01-22T07:11:37+00:00\",\"dateModified\":\"2023-09-11T09:35:15+00:00\",\"mainEntityOfPage\":{\"@id\":\"https:\\\/\\\/blogs.uef.fi\\\/forest-issues\\\/2019\\\/01\\\/22\\\/tehdaanko-metsatalouden-laskelmia-liian-suurella-korolla\\\/\"},\"wordCount\":842,\"image\":{\"@id\":\"https:\\\/\\\/blogs.uef.fi\\\/forest-issues\\\/2019\\\/01\\\/22\\\/tehdaanko-metsatalouden-laskelmia-liian-suurella-korolla\\\/#primaryimage\"},\"thumbnailUrl\":\"https:\\\/\\\/blogs.uef.fi\\\/forest-issues\\\/wp-content\\\/uploads\\\/sites\\\/87\\\/2019\\\/01\\\/20160614_100051.jpg\",\"keywords\":[\"Hakkuulaskelmat\",\"Korkokanta\",\"Mets\u00e4suunnittelu\"],\"inLanguage\":\"en-US\"},{\"@type\":\"WebPage\",\"@id\":\"https:\\\/\\\/blogs.uef.fi\\\/forest-issues\\\/2019\\\/01\\\/22\\\/tehdaanko-metsatalouden-laskelmia-liian-suurella-korolla\\\/\",\"url\":\"https:\\\/\\\/blogs.uef.fi\\\/forest-issues\\\/2019\\\/01\\\/22\\\/tehdaanko-metsatalouden-laskelmia-liian-suurella-korolla\\\/\",\"name\":\"Tehd\u00e4\u00e4nk\u00f6 mets\u00e4talouden laskelmia liian suurella korolla? - Forest Issues\",\"isPartOf\":{\"@id\":\"https:\\\/\\\/blogs.uef.fi\\\/forest-issues\\\/#website\"},\"primaryImageOfPage\":{\"@id\":\"https:\\\/\\\/blogs.uef.fi\\\/forest-issues\\\/2019\\\/01\\\/22\\\/tehdaanko-metsatalouden-laskelmia-liian-suurella-korolla\\\/#primaryimage\"},\"image\":{\"@id\":\"https:\\\/\\\/blogs.uef.fi\\\/forest-issues\\\/2019\\\/01\\\/22\\\/tehdaanko-metsatalouden-laskelmia-liian-suurella-korolla\\\/#primaryimage\"},\"thumbnailUrl\":\"https:\\\/\\\/blogs.uef.fi\\\/forest-issues\\\/wp-content\\\/uploads\\\/sites\\\/87\\\/2019\\\/01\\\/20160614_100051.jpg\",\"datePublished\":\"2019-01-22T07:11:37+00:00\",\"dateModified\":\"2023-09-11T09:35:15+00:00\",\"author\":{\"@id\":\"https:\\\/\\\/blogs.uef.fi\\\/forest-issues\\\/#\\\/schema\\\/person\\\/fe6de8112d0e5cd1d1a99cf74853622f\"},\"breadcrumb\":{\"@id\":\"https:\\\/\\\/blogs.uef.fi\\\/forest-issues\\\/2019\\\/01\\\/22\\\/tehdaanko-metsatalouden-laskelmia-liian-suurella-korolla\\\/#breadcrumb\"},\"inLanguage\":\"en-US\",\"potentialAction\":[{\"@type\":\"ReadAction\",\"target\":[\"https:\\\/\\\/blogs.uef.fi\\\/forest-issues\\\/2019\\\/01\\\/22\\\/tehdaanko-metsatalouden-laskelmia-liian-suurella-korolla\\\/\"]}]},{\"@type\":\"ImageObject\",\"inLanguage\":\"en-US\",\"@id\":\"https:\\\/\\\/blogs.uef.fi\\\/forest-issues\\\/2019\\\/01\\\/22\\\/tehdaanko-metsatalouden-laskelmia-liian-suurella-korolla\\\/#primaryimage\",\"url\":\"https:\\\/\\\/blogs.uef.fi\\\/forest-issues\\\/wp-content\\\/uploads\\\/sites\\\/87\\\/2019\\\/01\\\/20160614_100051.jpg\",\"contentUrl\":\"https:\\\/\\\/blogs.uef.fi\\\/forest-issues\\\/wp-content\\\/uploads\\\/sites\\\/87\\\/2019\\\/01\\\/20160614_100051.jpg\",\"width\":4789,\"height\":2511},{\"@type\":\"BreadcrumbList\",\"@id\":\"https:\\\/\\\/blogs.uef.fi\\\/forest-issues\\\/2019\\\/01\\\/22\\\/tehdaanko-metsatalouden-laskelmia-liian-suurella-korolla\\\/#breadcrumb\",\"itemListElement\":[{\"@type\":\"ListItem\",\"position\":1,\"name\":\"Home\",\"item\":\"https:\\\/\\\/blogs.uef.fi\\\/forest-issues\\\/\"},{\"@type\":\"ListItem\",\"position\":2,\"name\":\"Tehd\u00e4\u00e4nk\u00f6 mets\u00e4talouden laskelmia liian suurella korolla?\"}]},{\"@type\":\"WebSite\",\"@id\":\"https:\\\/\\\/blogs.uef.fi\\\/forest-issues\\\/#website\",\"url\":\"https:\\\/\\\/blogs.uef.fi\\\/forest-issues\\\/\",\"name\":\"Forest Issues\",\"description\":\"\",\"potentialAction\":[{\"@type\":\"SearchAction\",\"target\":{\"@type\":\"EntryPoint\",\"urlTemplate\":\"https:\\\/\\\/blogs.uef.fi\\\/forest-issues\\\/?s={search_term_string}\"},\"query-input\":{\"@type\":\"PropertyValueSpecification\",\"valueRequired\":true,\"valueName\":\"search_term_string\"}}],\"inLanguage\":\"en-US\"},{\"@type\":\"Person\",\"@id\":\"https:\\\/\\\/blogs.uef.fi\\\/forest-issues\\\/#\\\/schema\\\/person\\\/fe6de8112d0e5cd1d1a99cf74853622f\",\"name\":\"timop\",\"url\":\"https:\\\/\\\/blogs.uef.fi\\\/forest-issues\\\/author\\\/timop\\\/\"}]}<\/script>\n<!-- \/ Yoast SEO plugin. -->","yoast_head_json":{"title":"Tehd\u00e4\u00e4nk\u00f6 mets\u00e4talouden laskelmia liian suurella korolla? - Forest Issues","robots":{"index":"index","follow":"follow","max-snippet":"max-snippet:-1","max-image-preview":"max-image-preview:large","max-video-preview":"max-video-preview:-1"},"canonical":"https:\/\/blogs.uef.fi\/forest-issues\/2019\/01\/22\/tehdaanko-metsatalouden-laskelmia-liian-suurella-korolla\/","og_locale":"en_US","og_type":"article","og_title":"Tehd\u00e4\u00e4nk\u00f6 mets\u00e4talouden laskelmia liian suurella korolla? - Forest Issues","og_description":"Viime aikoina on k\u00e4yty keskustelua siit\u00e4, mill\u00e4 korkokannalla nettotulojen nykyarvo tulisi laskea mets\u00e4taloutta suunniteltaessa (Yle1, Yle2). Mm. Mets\u00e4hallitusta ja Suomen hiilinielujen referenssitason laskijoita on kritisoitu liian korkean korkokannan k\u00e4ytt\u00e4misest\u00e4. Yleens\u00e4 korkokantana tulisi k\u00e4ytt\u00e4\u00e4 sit\u00e4 reaalikorkoa, jonka mets\u00e4ss\u00e4 kiinni oleva raha tuottaisi vaihtoehtoisissa, yht\u00e4 v\u00e4h\u00e4riskisiss\u00e4 sijoituskohteissa. On my\u00f6s keskusteltu siit\u00e4, pit\u00e4isik\u00f6 julkisella sektorilla k\u00e4ytt\u00e4\u00e4 matalampaa korkoa [&hellip;]","og_url":"https:\/\/blogs.uef.fi\/forest-issues\/2019\/01\/22\/tehdaanko-metsatalouden-laskelmia-liian-suurella-korolla\/","og_site_name":"Forest Issues","article_published_time":"2019-01-22T07:11:37+00:00","article_modified_time":"2023-09-11T09:35:15+00:00","og_image":[{"width":1024,"height":537,"url":"https:\/\/blogs.uef.fi\/forest-issues\/wp-content\/uploads\/sites\/87\/2019\/01\/20160614_100051-1024x537.jpg","type":"image\/jpeg"}],"author":"timop","twitter_card":"summary_large_image","twitter_misc":{"Written by":"timop","Est. reading time":"4 minutes"},"schema":{"@context":"https:\/\/schema.org","@graph":[{"@type":"Article","@id":"https:\/\/blogs.uef.fi\/forest-issues\/2019\/01\/22\/tehdaanko-metsatalouden-laskelmia-liian-suurella-korolla\/#article","isPartOf":{"@id":"https:\/\/blogs.uef.fi\/forest-issues\/2019\/01\/22\/tehdaanko-metsatalouden-laskelmia-liian-suurella-korolla\/"},"author":{"name":"timop","@id":"https:\/\/blogs.uef.fi\/forest-issues\/#\/schema\/person\/fe6de8112d0e5cd1d1a99cf74853622f"},"headline":"Tehd\u00e4\u00e4nk\u00f6 mets\u00e4talouden laskelmia liian suurella korolla?","datePublished":"2019-01-22T07:11:37+00:00","dateModified":"2023-09-11T09:35:15+00:00","mainEntityOfPage":{"@id":"https:\/\/blogs.uef.fi\/forest-issues\/2019\/01\/22\/tehdaanko-metsatalouden-laskelmia-liian-suurella-korolla\/"},"wordCount":842,"image":{"@id":"https:\/\/blogs.uef.fi\/forest-issues\/2019\/01\/22\/tehdaanko-metsatalouden-laskelmia-liian-suurella-korolla\/#primaryimage"},"thumbnailUrl":"https:\/\/blogs.uef.fi\/forest-issues\/wp-content\/uploads\/sites\/87\/2019\/01\/20160614_100051.jpg","keywords":["Hakkuulaskelmat","Korkokanta","Mets\u00e4suunnittelu"],"inLanguage":"en-US"},{"@type":"WebPage","@id":"https:\/\/blogs.uef.fi\/forest-issues\/2019\/01\/22\/tehdaanko-metsatalouden-laskelmia-liian-suurella-korolla\/","url":"https:\/\/blogs.uef.fi\/forest-issues\/2019\/01\/22\/tehdaanko-metsatalouden-laskelmia-liian-suurella-korolla\/","name":"Tehd\u00e4\u00e4nk\u00f6 mets\u00e4talouden laskelmia liian suurella korolla? - Forest Issues","isPartOf":{"@id":"https:\/\/blogs.uef.fi\/forest-issues\/#website"},"primaryImageOfPage":{"@id":"https:\/\/blogs.uef.fi\/forest-issues\/2019\/01\/22\/tehdaanko-metsatalouden-laskelmia-liian-suurella-korolla\/#primaryimage"},"image":{"@id":"https:\/\/blogs.uef.fi\/forest-issues\/2019\/01\/22\/tehdaanko-metsatalouden-laskelmia-liian-suurella-korolla\/#primaryimage"},"thumbnailUrl":"https:\/\/blogs.uef.fi\/forest-issues\/wp-content\/uploads\/sites\/87\/2019\/01\/20160614_100051.jpg","datePublished":"2019-01-22T07:11:37+00:00","dateModified":"2023-09-11T09:35:15+00:00","author":{"@id":"https:\/\/blogs.uef.fi\/forest-issues\/#\/schema\/person\/fe6de8112d0e5cd1d1a99cf74853622f"},"breadcrumb":{"@id":"https:\/\/blogs.uef.fi\/forest-issues\/2019\/01\/22\/tehdaanko-metsatalouden-laskelmia-liian-suurella-korolla\/#breadcrumb"},"inLanguage":"en-US","potentialAction":[{"@type":"ReadAction","target":["https:\/\/blogs.uef.fi\/forest-issues\/2019\/01\/22\/tehdaanko-metsatalouden-laskelmia-liian-suurella-korolla\/"]}]},{"@type":"ImageObject","inLanguage":"en-US","@id":"https:\/\/blogs.uef.fi\/forest-issues\/2019\/01\/22\/tehdaanko-metsatalouden-laskelmia-liian-suurella-korolla\/#primaryimage","url":"https:\/\/blogs.uef.fi\/forest-issues\/wp-content\/uploads\/sites\/87\/2019\/01\/20160614_100051.jpg","contentUrl":"https:\/\/blogs.uef.fi\/forest-issues\/wp-content\/uploads\/sites\/87\/2019\/01\/20160614_100051.jpg","width":4789,"height":2511},{"@type":"BreadcrumbList","@id":"https:\/\/blogs.uef.fi\/forest-issues\/2019\/01\/22\/tehdaanko-metsatalouden-laskelmia-liian-suurella-korolla\/#breadcrumb","itemListElement":[{"@type":"ListItem","position":1,"name":"Home","item":"https:\/\/blogs.uef.fi\/forest-issues\/"},{"@type":"ListItem","position":2,"name":"Tehd\u00e4\u00e4nk\u00f6 mets\u00e4talouden laskelmia liian suurella korolla?"}]},{"@type":"WebSite","@id":"https:\/\/blogs.uef.fi\/forest-issues\/#website","url":"https:\/\/blogs.uef.fi\/forest-issues\/","name":"Forest Issues","description":"","potentialAction":[{"@type":"SearchAction","target":{"@type":"EntryPoint","urlTemplate":"https:\/\/blogs.uef.fi\/forest-issues\/?s={search_term_string}"},"query-input":{"@type":"PropertyValueSpecification","valueRequired":true,"valueName":"search_term_string"}}],"inLanguage":"en-US"},{"@type":"Person","@id":"https:\/\/blogs.uef.fi\/forest-issues\/#\/schema\/person\/fe6de8112d0e5cd1d1a99cf74853622f","name":"timop","url":"https:\/\/blogs.uef.fi\/forest-issues\/author\/timop\/"}]}},"_links":{"self":[{"href":"https:\/\/blogs.uef.fi\/forest-issues\/wp-json\/wp\/v2\/posts\/185","targetHints":{"allow":["GET"]}}],"collection":[{"href":"https:\/\/blogs.uef.fi\/forest-issues\/wp-json\/wp\/v2\/posts"}],"about":[{"href":"https:\/\/blogs.uef.fi\/forest-issues\/wp-json\/wp\/v2\/types\/post"}],"author":[{"embeddable":true,"href":"https:\/\/blogs.uef.fi\/forest-issues\/wp-json\/wp\/v2\/users\/241"}],"replies":[{"embeddable":true,"href":"https:\/\/blogs.uef.fi\/forest-issues\/wp-json\/wp\/v2\/comments?post=185"}],"version-history":[{"count":2,"href":"https:\/\/blogs.uef.fi\/forest-issues\/wp-json\/wp\/v2\/posts\/185\/revisions"}],"predecessor-version":[{"id":1592,"href":"https:\/\/blogs.uef.fi\/forest-issues\/wp-json\/wp\/v2\/posts\/185\/revisions\/1592"}],"wp:featuredmedia":[{"embeddable":true,"href":"https:\/\/blogs.uef.fi\/forest-issues\/wp-json\/wp\/v2\/media\/199"}],"wp:attachment":[{"href":"https:\/\/blogs.uef.fi\/forest-issues\/wp-json\/wp\/v2\/media?parent=185"}],"wp:term":[{"taxonomy":"category","embeddable":true,"href":"https:\/\/blogs.uef.fi\/forest-issues\/wp-json\/wp\/v2\/categories?post=185"},{"taxonomy":"post_tag","embeddable":true,"href":"https:\/\/blogs.uef.fi\/forest-issues\/wp-json\/wp\/v2\/tags?post=185"}],"curies":[{"name":"wp","href":"https:\/\/api.w.org\/{rel}","templated":true}]}}