{"id":101,"date":"2018-11-29T03:10:28","date_gmt":"2018-11-29T01:10:28","guid":{"rendered":"https:\/\/blogs.uef.fi\/forest-issues\/?p=101"},"modified":"2023-09-11T12:39:17","modified_gmt":"2023-09-11T09:39:17","slug":"suurin-kestava-hakkuumaara","status":"publish","type":"post","link":"https:\/\/blogs.uef.fi\/forest-issues\/2018\/11\/29\/suurin-kestava-hakkuumaara\/","title":{"rendered":"Suurin kest\u00e4v\u00e4 hakkuum\u00e4\u00e4r\u00e4"},"content":{"rendered":"<p><span lang=\"FI\"><span style=\"color: #000000;font-family: Calibri;font-size: medium\">Suomen mets\u00e4t kasvavat vuodessa 107 miljoonaa kuutiometri\u00e4 ja niit\u00e4 hakataan runsaat 70 miljoonaa kuutiometri\u00e4. Voidaanko t\u00e4st\u00e4 p\u00e4\u00e4tell\u00e4, ett\u00e4 hakkuita voi huoletta lis\u00e4t\u00e4 30 miljoonaa kuutiometri\u00e4? No ei kyll\u00e4 voida.<\/span><\/span><\/p>\n<p><span lang=\"FI\"><span style=\"color: #000000;font-family: Calibri;font-size: medium\">Kasvusta pit\u00e4\u00e4 ensin v\u00e4hent\u00e4\u00e4 suojeltujen metsien kasvu ja sen j\u00e4lkeen luonnonpoistuma, jolloin p\u00e4\u00e4st\u00e4\u00e4n talousk\u00e4yt\u00f6ss\u00e4 olevien metsien nettokasvuun, mik\u00e4 lienee suuruusluokkaa 90 miljoonaa kuutiometri\u00e4. Sen j\u00e4lkeen pit\u00e4\u00e4 tutkia metsien rakennetta. Jos mets\u00e4t ovat nuoria, kest\u00e4v\u00e4 hakkuum\u00e4\u00e4r\u00e4 on pienempi kuin kasvu. Jos mets\u00e4t ovat vanhoja, hakkuum\u00e4\u00e4r\u00e4 voi olla tilap\u00e4isesti suurempi kuin metsien kasvu.<\/span><\/span><\/p>\n<p><span lang=\"FI\"><span style=\"color: #000000\"><span style=\"font-family: Calibri\"><span style=\"font-size: medium\">Otan esimerkin nuoresta 400 hehtaarin mets\u00e4st\u00e4, jossa yleisin metsik\u00f6n ik\u00e4luokka on 20\u201340 vuotta, eik\u00e4 varttuneita metsi\u00e4 ole (kuva alla). Mets\u00e4n t\u00e4m\u00e4nhetkinen nettokasvu (kasvu &#8211; luonnonpoistuma) on 2500 kuutiometri\u00e4 vuodessa. Tein mets\u00e4lle hakkuusuunnitelman, jossa mets\u00e4\u00e4 hakataan 50 vuoden ajan sen nykyisen nettokasvun verran eli joka vuosi 2500 m<\/span><sup>3<\/sup><\/span><span style=\"font-family: Calibri;font-size: medium\">. T\u00e4ll\u00e4 hakkuurajoitteella maksimoin nettotulojen nykyarvoa.<\/span><\/span><\/span><\/p>\n<div id=\"attachment_117\" style=\"width: 493px\" class=\"wp-caption alignnone\"><img loading=\"lazy\" decoding=\"async\" aria-describedby=\"caption-attachment-117\" class=\"wp-image-117 size-full\" src=\"https:\/\/blogs.uef.fi\/forest-issues\/wp-content\/uploads\/sites\/87\/2018\/11\/PintaAlat.gif\" alt=\"Esimerkkimets\u00e4ss\u00e4 valtaosa metsik\u00f6ist\u00e4 on 20-60-vuotiaita\" width=\"483\" height=\"295\" \/><p id=\"caption-attachment-117\" class=\"wp-caption-text\">Esimerkkimets\u00e4n ik\u00e4luokkajakama<\/p><\/div>\n<p><span lang=\"FI\"><span style=\"color: #000000;font-family: Calibri;font-size: medium\">Laskelman tulos n\u00e4kyy alla olevassa kuvassa. K\u00e4y siis todella k\u00f6pel\u00f6sti. Her\u00e4\u00e4 kysymys, mist\u00e4 n\u00e4in dramaattinen tulos voi johtua. Se johtuu siit\u00e4, ett\u00e4 laskelmassa on oletettu virheellisesti, ett\u00e4 nuorta mets\u00e4\u00e4 voitaisiin hakata saman verran kuin mets\u00e4 kasvaa.<\/span><\/span><\/p>\n<div id=\"attachment_107\" style=\"width: 502px\" class=\"wp-caption alignnone\"><img loading=\"lazy\" decoding=\"async\" aria-describedby=\"caption-attachment-107\" class=\"wp-image-107 size-full\" src=\"https:\/\/blogs.uef.fi\/forest-issues\/wp-content\/uploads\/sites\/87\/2018\/11\/SuurinHakkuu.gif\" alt=\"Puuston m\u00e4\u00e4r\u00e4 pienenee kiihtyv\u00e4ll\u00e4 vauhdilla, kun mets\u00e4\u00e4 hakataan joka vuosi t\u00e4m\u00e4nhetkisen tilavuuskasvun verran\" width=\"492\" height=\"317\" \/><p id=\"caption-attachment-107\" class=\"wp-caption-text\">Puuston kokonaistilavuuden kehittyminen, kun mets\u00e4\u00e4 hakataan 50 vuoden ajan sen nykyisen nettokasvun verran<\/p><\/div>\n<p><span lang=\"FI\"><span style=\"color: #000000;font-family: Calibri;font-size: medium\">Tietyn kasvupaikan ja tietyn puulajin suurin kest\u00e4v\u00e4 hakkuum\u00e4\u00e4r\u00e4 l\u00f6ytyy kodasta, jossa metsik\u00f6n vuotuisen kasvun ja keskikasvun k\u00e4yr\u00e4t leikkaavat. Vuotuinen kasvu ilmoittaa, paljonko tietyn ik\u00e4inen mets\u00e4 kasvaa tilavuutta vuodessa. Keskikasvu taas kertoo, paljonko mets\u00e4 on kasvanut keskim\u00e4\u00e4rin vuotta kohti tiettyyn ik\u00e4\u00e4n menness\u00e4. <\/span><\/span><\/p>\n<div id=\"attachment_103\" style=\"width: 572px\" class=\"wp-caption alignnone\"><img loading=\"lazy\" decoding=\"async\" aria-describedby=\"caption-attachment-103\" class=\"wp-image-103 size-full\" src=\"https:\/\/blogs.uef.fi\/forest-issues\/wp-content\/uploads\/sites\/87\/2018\/11\/KasvuJaKeskikasvu.gif\" alt=\"Esimerkkimetsik\u00f6ss\u00e4 keskim\u00e4\u00e4r\u00e4inen vuotuinen kasvu on suurimmillaan noin 65 vuoden i\u00e4ll\u00e4. Puuntuotos maksimoituu, kun k\u00e4ytet\u00e4\u00e4n 65 vuoden kiertoaikaa\" width=\"562\" height=\"322\" \/><p id=\"caption-attachment-103\" class=\"wp-caption-text\">Suurin kest\u00e4v\u00e4 hakkuum\u00e4\u00e4r\u00e4 l\u00f6ytyy kohdasta, jossa vuotuiskasvun ja keskikasvun k\u00e4yr\u00e4t leikkaavat. Piste osoittaa my\u00f6s optimaalisen kiertoajan. Kest\u00e4v\u00e4 hakkuum\u00e4\u00e4r\u00e4 on selv\u00e4sti pienempi kuin nuorten metsien kasvu (vihre\u00e4ll\u00e4 merkitty alue)<\/p><\/div>\n<p><span lang=\"FI\"><span style=\"color: #000000;font-family: Calibri;font-size: medium\">K\u00e4yrien leikkauspiste osoittaa my\u00f6s tasaik\u00e4ismets\u00e4talouden optimaalisen kiertoajan. Mill\u00e4\u00e4n muulla kiertoajalla puuntuotosta ei saada hilattua yl\u00f6sp\u00e4in leikkauspisteen osoittamasta luvusta. Jos mets\u00e4 esimerkiksi avohakataan i\u00e4nkohdalla, jossa vuotuiskasvu on maksimissaan, keskikasvu eli pitk\u00e4n aikav\u00e4lin puuntuotos pienenee selv\u00e4sti verrattuna vuotuiskasvun ja keskikasvun k\u00e4yrien leikkauspisteeseen.<\/span><\/span><\/p>\n<p><span lang=\"FI\"><span style=\"font-family: Calibri\"><span style=\"font-size: medium\"><span style=\"color: #000000\">Loppuun pieni p\u00e4hkin\u00e4 purtavaksi. Suomen metsi\u00e4 on nuorennettu ja niiden kasvu on t\u00e4m\u00e4n seurauksena suurentunut. Paljonko suurinta kest\u00e4v\u00e4\u00e4 pitk\u00e4n aikav\u00e4lin hakkuum\u00e4\u00e4r\u00e4\u00e4 on saatu hilattua t\u00e4ll\u00e4 tavoin yl\u00f6sp\u00e4in? Vastaan saman tien: ei yht\u00e4\u00e4n.<\/span><\/span><\/span><\/span><\/p>\n<p><span lang=\"FI\"><span style=\"color: #000000;font-family: Calibri;font-size: medium\">\u00a0<\/span><\/span><span lang=\"FI\"><span style=\"color: #000000;font-family: Calibri;font-size: medium\">Timo Pukkala<\/span><\/span><\/p>\n","protected":false},"excerpt":{"rendered":"<p>Suomen mets\u00e4t kasvavat vuodessa 107 miljoonaa kuutiometri\u00e4 ja niit\u00e4 hakataan runsaat 70 miljoonaa kuutiometri\u00e4. Voidaanko t\u00e4st\u00e4 p\u00e4\u00e4tell\u00e4, ett\u00e4 hakkuita voi huoletta lis\u00e4t\u00e4 30 miljoonaa kuutiometri\u00e4? No ei kyll\u00e4 voida. Kasvusta pit\u00e4\u00e4 ensin v\u00e4hent\u00e4\u00e4 suojeltujen metsien kasvu ja sen j\u00e4lkeen luonnonpoistuma, jolloin p\u00e4\u00e4st\u00e4\u00e4n talousk\u00e4yt\u00f6ss\u00e4 olevien metsien nettokasvuun, mik\u00e4 lienee suuruusluokkaa 90 miljoonaa kuutiometri\u00e4. Sen j\u00e4lkeen pit\u00e4\u00e4 [&hellip;]<\/p>\n","protected":false},"author":241,"featured_media":109,"comment_status":"closed","ping_status":"closed","sticky":false,"template":"","format":"standard","meta":{"_acf_changed":false,"footnotes":""},"categories":[1],"tags":[59,11,96,25],"class_list":["post-101","post","type-post","status-publish","format-standard","has-post-thumbnail","hentry","category-uncategorized","tag-hakkuulaskelmat","tag-hakkuu","tag-kestavyys","tag-puuntuotos"],"acf":[],"yoast_head":"<!-- This site is optimized with the Yoast SEO plugin v27.3 - https:\/\/yoast.com\/product\/yoast-seo-wordpress\/ -->\n<title>Suurin kest\u00e4v\u00e4 hakkuum\u00e4\u00e4r\u00e4 - Forest Issues<\/title>\n<meta name=\"robots\" content=\"index, follow, max-snippet:-1, max-image-preview:large, max-video-preview:-1\" \/>\n<link rel=\"canonical\" href=\"https:\/\/blogs.uef.fi\/forest-issues\/2018\/11\/29\/suurin-kestava-hakkuumaara\/\" \/>\n<meta property=\"og:locale\" content=\"en_US\" \/>\n<meta property=\"og:type\" content=\"article\" \/>\n<meta property=\"og:title\" content=\"Suurin kest\u00e4v\u00e4 hakkuum\u00e4\u00e4r\u00e4 - Forest Issues\" \/>\n<meta property=\"og:description\" content=\"Suomen mets\u00e4t kasvavat vuodessa 107 miljoonaa kuutiometri\u00e4 ja niit\u00e4 hakataan runsaat 70 miljoonaa kuutiometri\u00e4. Voidaanko t\u00e4st\u00e4 p\u00e4\u00e4tell\u00e4, ett\u00e4 hakkuita voi huoletta lis\u00e4t\u00e4 30 miljoonaa kuutiometri\u00e4? No ei kyll\u00e4 voida. Kasvusta pit\u00e4\u00e4 ensin v\u00e4hent\u00e4\u00e4 suojeltujen metsien kasvu ja sen j\u00e4lkeen luonnonpoistuma, jolloin p\u00e4\u00e4st\u00e4\u00e4n talousk\u00e4yt\u00f6ss\u00e4 olevien metsien nettokasvuun, mik\u00e4 lienee suuruusluokkaa 90 miljoonaa kuutiometri\u00e4. Sen j\u00e4lkeen pit\u00e4\u00e4 [&hellip;]\" \/>\n<meta property=\"og:url\" content=\"https:\/\/blogs.uef.fi\/forest-issues\/2018\/11\/29\/suurin-kestava-hakkuumaara\/\" \/>\n<meta property=\"og:site_name\" content=\"Forest Issues\" \/>\n<meta property=\"article:published_time\" content=\"2018-11-29T01:10:28+00:00\" \/>\n<meta property=\"article:modified_time\" content=\"2023-09-11T09:39:17+00:00\" \/>\n<meta property=\"og:image\" content=\"https:\/\/blogs.uef.fi\/forest-issues\/wp-content\/uploads\/sites\/87\/2018\/11\/20171218_151447-1024x436.jpg\" \/>\n\t<meta property=\"og:image:width\" content=\"1024\" \/>\n\t<meta property=\"og:image:height\" content=\"436\" \/>\n\t<meta property=\"og:image:type\" content=\"image\/jpeg\" \/>\n<meta name=\"author\" content=\"timop\" \/>\n<meta name=\"twitter:card\" content=\"summary_large_image\" \/>\n<meta name=\"twitter:label1\" content=\"Written by\" \/>\n\t<meta name=\"twitter:data1\" content=\"timop\" \/>\n\t<meta name=\"twitter:label2\" content=\"Est. reading time\" \/>\n\t<meta name=\"twitter:data2\" content=\"3 minutes\" \/>\n<script type=\"application\/ld+json\" class=\"yoast-schema-graph\">{\"@context\":\"https:\\\/\\\/schema.org\",\"@graph\":[{\"@type\":\"Article\",\"@id\":\"https:\\\/\\\/blogs.uef.fi\\\/forest-issues\\\/2018\\\/11\\\/29\\\/suurin-kestava-hakkuumaara\\\/#article\",\"isPartOf\":{\"@id\":\"https:\\\/\\\/blogs.uef.fi\\\/forest-issues\\\/2018\\\/11\\\/29\\\/suurin-kestava-hakkuumaara\\\/\"},\"author\":{\"name\":\"timop\",\"@id\":\"https:\\\/\\\/blogs.uef.fi\\\/forest-issues\\\/#\\\/schema\\\/person\\\/fe6de8112d0e5cd1d1a99cf74853622f\"},\"headline\":\"Suurin kest\u00e4v\u00e4 hakkuum\u00e4\u00e4r\u00e4\",\"datePublished\":\"2018-11-29T01:10:28+00:00\",\"dateModified\":\"2023-09-11T09:39:17+00:00\",\"mainEntityOfPage\":{\"@id\":\"https:\\\/\\\/blogs.uef.fi\\\/forest-issues\\\/2018\\\/11\\\/29\\\/suurin-kestava-hakkuumaara\\\/\"},\"wordCount\":416,\"image\":{\"@id\":\"https:\\\/\\\/blogs.uef.fi\\\/forest-issues\\\/2018\\\/11\\\/29\\\/suurin-kestava-hakkuumaara\\\/#primaryimage\"},\"thumbnailUrl\":\"https:\\\/\\\/blogs.uef.fi\\\/forest-issues\\\/wp-content\\\/uploads\\\/sites\\\/87\\\/2018\\\/11\\\/20171218_151447.jpg\",\"keywords\":[\"Hakkuulaskelmat\",\"Hakkuum\u00e4\u00e4r\u00e4\",\"Kest\u00e4vyys\",\"Puuntuotos\"],\"inLanguage\":\"en-US\"},{\"@type\":\"WebPage\",\"@id\":\"https:\\\/\\\/blogs.uef.fi\\\/forest-issues\\\/2018\\\/11\\\/29\\\/suurin-kestava-hakkuumaara\\\/\",\"url\":\"https:\\\/\\\/blogs.uef.fi\\\/forest-issues\\\/2018\\\/11\\\/29\\\/suurin-kestava-hakkuumaara\\\/\",\"name\":\"Suurin kest\u00e4v\u00e4 hakkuum\u00e4\u00e4r\u00e4 - Forest Issues\",\"isPartOf\":{\"@id\":\"https:\\\/\\\/blogs.uef.fi\\\/forest-issues\\\/#website\"},\"primaryImageOfPage\":{\"@id\":\"https:\\\/\\\/blogs.uef.fi\\\/forest-issues\\\/2018\\\/11\\\/29\\\/suurin-kestava-hakkuumaara\\\/#primaryimage\"},\"image\":{\"@id\":\"https:\\\/\\\/blogs.uef.fi\\\/forest-issues\\\/2018\\\/11\\\/29\\\/suurin-kestava-hakkuumaara\\\/#primaryimage\"},\"thumbnailUrl\":\"https:\\\/\\\/blogs.uef.fi\\\/forest-issues\\\/wp-content\\\/uploads\\\/sites\\\/87\\\/2018\\\/11\\\/20171218_151447.jpg\",\"datePublished\":\"2018-11-29T01:10:28+00:00\",\"dateModified\":\"2023-09-11T09:39:17+00:00\",\"author\":{\"@id\":\"https:\\\/\\\/blogs.uef.fi\\\/forest-issues\\\/#\\\/schema\\\/person\\\/fe6de8112d0e5cd1d1a99cf74853622f\"},\"breadcrumb\":{\"@id\":\"https:\\\/\\\/blogs.uef.fi\\\/forest-issues\\\/2018\\\/11\\\/29\\\/suurin-kestava-hakkuumaara\\\/#breadcrumb\"},\"inLanguage\":\"en-US\",\"potentialAction\":[{\"@type\":\"ReadAction\",\"target\":[\"https:\\\/\\\/blogs.uef.fi\\\/forest-issues\\\/2018\\\/11\\\/29\\\/suurin-kestava-hakkuumaara\\\/\"]}]},{\"@type\":\"ImageObject\",\"inLanguage\":\"en-US\",\"@id\":\"https:\\\/\\\/blogs.uef.fi\\\/forest-issues\\\/2018\\\/11\\\/29\\\/suurin-kestava-hakkuumaara\\\/#primaryimage\",\"url\":\"https:\\\/\\\/blogs.uef.fi\\\/forest-issues\\\/wp-content\\\/uploads\\\/sites\\\/87\\\/2018\\\/11\\\/20171218_151447.jpg\",\"contentUrl\":\"https:\\\/\\\/blogs.uef.fi\\\/forest-issues\\\/wp-content\\\/uploads\\\/sites\\\/87\\\/2018\\\/11\\\/20171218_151447.jpg\",\"width\":5213,\"height\":2219},{\"@type\":\"BreadcrumbList\",\"@id\":\"https:\\\/\\\/blogs.uef.fi\\\/forest-issues\\\/2018\\\/11\\\/29\\\/suurin-kestava-hakkuumaara\\\/#breadcrumb\",\"itemListElement\":[{\"@type\":\"ListItem\",\"position\":1,\"name\":\"Home\",\"item\":\"https:\\\/\\\/blogs.uef.fi\\\/forest-issues\\\/\"},{\"@type\":\"ListItem\",\"position\":2,\"name\":\"Suurin kest\u00e4v\u00e4 hakkuum\u00e4\u00e4r\u00e4\"}]},{\"@type\":\"WebSite\",\"@id\":\"https:\\\/\\\/blogs.uef.fi\\\/forest-issues\\\/#website\",\"url\":\"https:\\\/\\\/blogs.uef.fi\\\/forest-issues\\\/\",\"name\":\"Forest Issues\",\"description\":\"\",\"potentialAction\":[{\"@type\":\"SearchAction\",\"target\":{\"@type\":\"EntryPoint\",\"urlTemplate\":\"https:\\\/\\\/blogs.uef.fi\\\/forest-issues\\\/?s={search_term_string}\"},\"query-input\":{\"@type\":\"PropertyValueSpecification\",\"valueRequired\":true,\"valueName\":\"search_term_string\"}}],\"inLanguage\":\"en-US\"},{\"@type\":\"Person\",\"@id\":\"https:\\\/\\\/blogs.uef.fi\\\/forest-issues\\\/#\\\/schema\\\/person\\\/fe6de8112d0e5cd1d1a99cf74853622f\",\"name\":\"timop\",\"url\":\"https:\\\/\\\/blogs.uef.fi\\\/forest-issues\\\/author\\\/timop\\\/\"}]}<\/script>\n<!-- \/ Yoast SEO plugin. -->","yoast_head_json":{"title":"Suurin kest\u00e4v\u00e4 hakkuum\u00e4\u00e4r\u00e4 - Forest Issues","robots":{"index":"index","follow":"follow","max-snippet":"max-snippet:-1","max-image-preview":"max-image-preview:large","max-video-preview":"max-video-preview:-1"},"canonical":"https:\/\/blogs.uef.fi\/forest-issues\/2018\/11\/29\/suurin-kestava-hakkuumaara\/","og_locale":"en_US","og_type":"article","og_title":"Suurin kest\u00e4v\u00e4 hakkuum\u00e4\u00e4r\u00e4 - Forest Issues","og_description":"Suomen mets\u00e4t kasvavat vuodessa 107 miljoonaa kuutiometri\u00e4 ja niit\u00e4 hakataan runsaat 70 miljoonaa kuutiometri\u00e4. Voidaanko t\u00e4st\u00e4 p\u00e4\u00e4tell\u00e4, ett\u00e4 hakkuita voi huoletta lis\u00e4t\u00e4 30 miljoonaa kuutiometri\u00e4? No ei kyll\u00e4 voida. Kasvusta pit\u00e4\u00e4 ensin v\u00e4hent\u00e4\u00e4 suojeltujen metsien kasvu ja sen j\u00e4lkeen luonnonpoistuma, jolloin p\u00e4\u00e4st\u00e4\u00e4n talousk\u00e4yt\u00f6ss\u00e4 olevien metsien nettokasvuun, mik\u00e4 lienee suuruusluokkaa 90 miljoonaa kuutiometri\u00e4. Sen j\u00e4lkeen pit\u00e4\u00e4 [&hellip;]","og_url":"https:\/\/blogs.uef.fi\/forest-issues\/2018\/11\/29\/suurin-kestava-hakkuumaara\/","og_site_name":"Forest Issues","article_published_time":"2018-11-29T01:10:28+00:00","article_modified_time":"2023-09-11T09:39:17+00:00","og_image":[{"width":1024,"height":436,"url":"https:\/\/blogs.uef.fi\/forest-issues\/wp-content\/uploads\/sites\/87\/2018\/11\/20171218_151447-1024x436.jpg","type":"image\/jpeg"}],"author":"timop","twitter_card":"summary_large_image","twitter_misc":{"Written by":"timop","Est. reading time":"3 minutes"},"schema":{"@context":"https:\/\/schema.org","@graph":[{"@type":"Article","@id":"https:\/\/blogs.uef.fi\/forest-issues\/2018\/11\/29\/suurin-kestava-hakkuumaara\/#article","isPartOf":{"@id":"https:\/\/blogs.uef.fi\/forest-issues\/2018\/11\/29\/suurin-kestava-hakkuumaara\/"},"author":{"name":"timop","@id":"https:\/\/blogs.uef.fi\/forest-issues\/#\/schema\/person\/fe6de8112d0e5cd1d1a99cf74853622f"},"headline":"Suurin kest\u00e4v\u00e4 hakkuum\u00e4\u00e4r\u00e4","datePublished":"2018-11-29T01:10:28+00:00","dateModified":"2023-09-11T09:39:17+00:00","mainEntityOfPage":{"@id":"https:\/\/blogs.uef.fi\/forest-issues\/2018\/11\/29\/suurin-kestava-hakkuumaara\/"},"wordCount":416,"image":{"@id":"https:\/\/blogs.uef.fi\/forest-issues\/2018\/11\/29\/suurin-kestava-hakkuumaara\/#primaryimage"},"thumbnailUrl":"https:\/\/blogs.uef.fi\/forest-issues\/wp-content\/uploads\/sites\/87\/2018\/11\/20171218_151447.jpg","keywords":["Hakkuulaskelmat","Hakkuum\u00e4\u00e4r\u00e4","Kest\u00e4vyys","Puuntuotos"],"inLanguage":"en-US"},{"@type":"WebPage","@id":"https:\/\/blogs.uef.fi\/forest-issues\/2018\/11\/29\/suurin-kestava-hakkuumaara\/","url":"https:\/\/blogs.uef.fi\/forest-issues\/2018\/11\/29\/suurin-kestava-hakkuumaara\/","name":"Suurin kest\u00e4v\u00e4 hakkuum\u00e4\u00e4r\u00e4 - Forest Issues","isPartOf":{"@id":"https:\/\/blogs.uef.fi\/forest-issues\/#website"},"primaryImageOfPage":{"@id":"https:\/\/blogs.uef.fi\/forest-issues\/2018\/11\/29\/suurin-kestava-hakkuumaara\/#primaryimage"},"image":{"@id":"https:\/\/blogs.uef.fi\/forest-issues\/2018\/11\/29\/suurin-kestava-hakkuumaara\/#primaryimage"},"thumbnailUrl":"https:\/\/blogs.uef.fi\/forest-issues\/wp-content\/uploads\/sites\/87\/2018\/11\/20171218_151447.jpg","datePublished":"2018-11-29T01:10:28+00:00","dateModified":"2023-09-11T09:39:17+00:00","author":{"@id":"https:\/\/blogs.uef.fi\/forest-issues\/#\/schema\/person\/fe6de8112d0e5cd1d1a99cf74853622f"},"breadcrumb":{"@id":"https:\/\/blogs.uef.fi\/forest-issues\/2018\/11\/29\/suurin-kestava-hakkuumaara\/#breadcrumb"},"inLanguage":"en-US","potentialAction":[{"@type":"ReadAction","target":["https:\/\/blogs.uef.fi\/forest-issues\/2018\/11\/29\/suurin-kestava-hakkuumaara\/"]}]},{"@type":"ImageObject","inLanguage":"en-US","@id":"https:\/\/blogs.uef.fi\/forest-issues\/2018\/11\/29\/suurin-kestava-hakkuumaara\/#primaryimage","url":"https:\/\/blogs.uef.fi\/forest-issues\/wp-content\/uploads\/sites\/87\/2018\/11\/20171218_151447.jpg","contentUrl":"https:\/\/blogs.uef.fi\/forest-issues\/wp-content\/uploads\/sites\/87\/2018\/11\/20171218_151447.jpg","width":5213,"height":2219},{"@type":"BreadcrumbList","@id":"https:\/\/blogs.uef.fi\/forest-issues\/2018\/11\/29\/suurin-kestava-hakkuumaara\/#breadcrumb","itemListElement":[{"@type":"ListItem","position":1,"name":"Home","item":"https:\/\/blogs.uef.fi\/forest-issues\/"},{"@type":"ListItem","position":2,"name":"Suurin kest\u00e4v\u00e4 hakkuum\u00e4\u00e4r\u00e4"}]},{"@type":"WebSite","@id":"https:\/\/blogs.uef.fi\/forest-issues\/#website","url":"https:\/\/blogs.uef.fi\/forest-issues\/","name":"Forest Issues","description":"","potentialAction":[{"@type":"SearchAction","target":{"@type":"EntryPoint","urlTemplate":"https:\/\/blogs.uef.fi\/forest-issues\/?s={search_term_string}"},"query-input":{"@type":"PropertyValueSpecification","valueRequired":true,"valueName":"search_term_string"}}],"inLanguage":"en-US"},{"@type":"Person","@id":"https:\/\/blogs.uef.fi\/forest-issues\/#\/schema\/person\/fe6de8112d0e5cd1d1a99cf74853622f","name":"timop","url":"https:\/\/blogs.uef.fi\/forest-issues\/author\/timop\/"}]}},"_links":{"self":[{"href":"https:\/\/blogs.uef.fi\/forest-issues\/wp-json\/wp\/v2\/posts\/101","targetHints":{"allow":["GET"]}}],"collection":[{"href":"https:\/\/blogs.uef.fi\/forest-issues\/wp-json\/wp\/v2\/posts"}],"about":[{"href":"https:\/\/blogs.uef.fi\/forest-issues\/wp-json\/wp\/v2\/types\/post"}],"author":[{"embeddable":true,"href":"https:\/\/blogs.uef.fi\/forest-issues\/wp-json\/wp\/v2\/users\/241"}],"replies":[{"embeddable":true,"href":"https:\/\/blogs.uef.fi\/forest-issues\/wp-json\/wp\/v2\/comments?post=101"}],"version-history":[{"count":1,"href":"https:\/\/blogs.uef.fi\/forest-issues\/wp-json\/wp\/v2\/posts\/101\/revisions"}],"predecessor-version":[{"id":771,"href":"https:\/\/blogs.uef.fi\/forest-issues\/wp-json\/wp\/v2\/posts\/101\/revisions\/771"}],"wp:featuredmedia":[{"embeddable":true,"href":"https:\/\/blogs.uef.fi\/forest-issues\/wp-json\/wp\/v2\/media\/109"}],"wp:attachment":[{"href":"https:\/\/blogs.uef.fi\/forest-issues\/wp-json\/wp\/v2\/media?parent=101"}],"wp:term":[{"taxonomy":"category","embeddable":true,"href":"https:\/\/blogs.uef.fi\/forest-issues\/wp-json\/wp\/v2\/categories?post=101"},{"taxonomy":"post_tag","embeddable":true,"href":"https:\/\/blogs.uef.fi\/forest-issues\/wp-json\/wp\/v2\/tags?post=101"}],"curies":[{"name":"wp","href":"https:\/\/api.w.org\/{rel}","templated":true}]}}