{"id":946,"date":"2023-08-16T18:04:02","date_gmt":"2023-08-16T15:04:02","guid":{"rendered":"https:\/\/blogs.uef.fi\/fclab-lukio\/?p=946"},"modified":"2023-12-18T13:56:44","modified_gmt":"2023-12-18T11:56:44","slug":"tulliportin-lukion-akustiikkaparannukset","status":"publish","type":"post","link":"https:\/\/blogs.uef.fi\/fclab-lukio\/2023\/08\/16\/tulliportin-lukion-akustiikkaparannukset\/","title":{"rendered":"Tulliportin lukion akustiikkaparannukset FCLab.lukio II -hankkeen aikana"},"content":{"rendered":"<p>Hankkeen kakkosvaiheessa otimme tilojen kehitt\u00e4misess\u00e4 sellaisen tavoitteen, joka palvelee tasapuolisesti tilojen kaikkia k\u00e4ytt\u00e4ji\u00e4. Halusimme erityisesti parantaa koulurakennuksen akustiikkaa.<\/p>\n<p>Akustiikka on oppimisymp\u00e4rist\u00f6n t\u00e4rke\u00e4 osa, sill\u00e4 se vaikuttaa oppimisen laatuun, motivaatioon, keskittymiseen ja hyvinvointiin. \u00c4\u00e4niymp\u00e4rist\u00f6 on fyysinen, psyykkinen ja sosiaalinen kokonaisuus, joka muodostuu tilan rakenteista, kalusteista, v\u00e4lineist\u00e4, \u00e4\u00e4nil\u00e4hteist\u00e4, \u00e4\u00e4nenvoimakkuudesta, puheen selkeydest\u00e4 ja vuorovaikutuksesta. \u00c4\u00e4niymp\u00e4rist\u00f6 voi olla oppimista tukeva tai h\u00e4iritsev\u00e4 riippuen siit\u00e4, miten se vastaa oppimistilanteen tarpeita ja tavoitteita.<\/p>\n<p><img loading=\"lazy\" decoding=\"async\" class=\"size-medium wp-image-955 alignright\" src=\"https:\/\/blogs.uef.fi\/fclab-lukio\/wp-content\/uploads\/sites\/133\/2023\/11\/IMG_0031-225x300.jpeg\" alt=\"\" width=\"225\" height=\"300\" srcset=\"https:\/\/blogs.uef.fi\/fclab-lukio\/wp-content\/uploads\/sites\/133\/2023\/11\/IMG_0031-225x300.jpeg 225w, https:\/\/blogs.uef.fi\/fclab-lukio\/wp-content\/uploads\/sites\/133\/2023\/11\/IMG_0031-768x1025.jpeg 768w, https:\/\/blogs.uef.fi\/fclab-lukio\/wp-content\/uploads\/sites\/133\/2023\/11\/IMG_0031-1151x1536.jpeg 1151w, https:\/\/blogs.uef.fi\/fclab-lukio\/wp-content\/uploads\/sites\/133\/2023\/11\/IMG_0031.jpeg 1536w\" sizes=\"auto, (max-width: 225px) 100vw, 225px\" \/><\/p>\n<p>Hyv\u00e4 \u00e4\u00e4niymp\u00e4rist\u00f6 on sellainen, jossa oppijat ja opettajat voivat kuulla ja ymm\u00e4rt\u00e4\u00e4 toisiaan helposti, ilman ett\u00e4 heid\u00e4n tarvitsee ponnistella tai rasittaa \u00e4\u00e4nt\u00e4\u00e4n. Hyv\u00e4 \u00e4\u00e4niymp\u00e4rist\u00f6 my\u00f6s mahdollistaa erilaisten oppimisstrategioiden ja -menetelmien k\u00e4yt\u00f6n, kuten yksil\u00f6-, pari- ja ryhm\u00e4ty\u00f6skentelyn, esitykset, keskustelut, pelit ja draaman. Hyv\u00e4 \u00e4\u00e4niymp\u00e4rist\u00f6 edist\u00e4\u00e4 oppimisen iloa, luovuutta, osallisuutta ja yhteis\u00f6llisyytt\u00e4.<\/p>\n<p>Huono \u00e4\u00e4niymp\u00e4rist\u00f6 on sellainen, jossa on liikaa melua, kaikua tai taustah\u00e4ly\u00e4, jotka vaikeuttavat puheen kuulemista ja ymm\u00e4rt\u00e4mist\u00e4. Huono \u00e4\u00e4niymp\u00e4rist\u00f6 aiheuttaa oppijoille ja opettajille stressi\u00e4, v\u00e4symyst\u00e4, p\u00e4\u00e4ns\u00e4rky\u00e4, keskittymisvaikeuksia, muistiongelmia, oppimisvaikeuksia, motivaation laskua ja turhautumista. Huono \u00e4\u00e4niymp\u00e4rist\u00f6 rajoittaa oppimisstrategioiden ja -menetelmien valintaa ja heikent\u00e4\u00e4 oppimisen tuloksia ja laatua.<\/p>\n<p><img loading=\"lazy\" decoding=\"async\" class=\"alignleft size-medium wp-image-1024\" src=\"https:\/\/blogs.uef.fi\/fclab-lukio\/wp-content\/uploads\/sites\/133\/2023\/12\/Tupa1-300x167.png\" alt=\"Havainnekuva Tulliportin normaalikoulun Tuvasta\" width=\"300\" height=\"167\" srcset=\"https:\/\/blogs.uef.fi\/fclab-lukio\/wp-content\/uploads\/sites\/133\/2023\/12\/Tupa1-300x167.png 300w, https:\/\/blogs.uef.fi\/fclab-lukio\/wp-content\/uploads\/sites\/133\/2023\/12\/Tupa1-1024x570.png 1024w, https:\/\/blogs.uef.fi\/fclab-lukio\/wp-content\/uploads\/sites\/133\/2023\/12\/Tupa1-768x427.png 768w, https:\/\/blogs.uef.fi\/fclab-lukio\/wp-content\/uploads\/sites\/133\/2023\/12\/Tupa1-1536x855.png 1536w, https:\/\/blogs.uef.fi\/fclab-lukio\/wp-content\/uploads\/sites\/133\/2023\/12\/Tupa1-2048x1140.png 2048w\" sizes=\"auto, (max-width: 300px) 100vw, 300px\" \/><\/p>\n<p>Tulliportin lukion syd\u00e4men muodostaa yl\u00e4kerran Tupa, joka on avoin ymp\u00e4rist\u00f6, jolla on monia funktioita. Sit\u00e4 hy\u00f6dynnet\u00e4\u00e4n v\u00e4litunneilla sosiaaliseen kanssak\u00e4ymiseen, oppituntien aikana opiskelijat tekev\u00e4t pienryhm\u00e4- tai yksil\u00f6ty\u00f6skentely\u00e4 tilassa ja sit\u00e4 k\u00e4ytet\u00e4\u00e4n my\u00f6s yhteisten tapahtumien j\u00e4rjest\u00e4miseen (mm. Opekokoukset ja harjoitteluiden suurryhm\u00e4ohjaukset). Tuvan yhteydess\u00e4 on my\u00f6s lukion kirjasto, jossa on hyllyj\u00e4 kirjoineen sek\u00e4 p\u00f6yt\u00e4, jossa voi tehd\u00e4 ryhm\u00e4ty\u00f6t\u00e4 tai lukea paperisia sanomalehti\u00e4.<\/p>\n<p>Tuvassa on katto korkealla ja \u00e4\u00e4ni p\u00e4\u00e4see kulkemaan vapaasti. Tilassa on muovimatto ja paljon kovapintaisia huonekaluja. Tilalla on paljon k\u00e4ytt\u00e4ji\u00e4 ja jokainen k\u00e4ytt\u00e4j\u00e4 on \u00e4\u00e4nil\u00e4hde. Lis\u00e4ksi tilaan kantautuu paljon \u00e4\u00e4nt\u00e4 rappuk\u00e4yt\u00e4vien kautta, sill\u00e4 molemmin puolin tilaa on avarat rappuset. Toisella puolella alakerrassa on ruokala ja toisella puolella vapaa-ajanaula, jossa voi pelata biljardia ja p\u00f6yt\u00e4tennist\u00e4. Molemmat harrasteet tuottavat paljon \u00e4\u00e4nt\u00e4, joka kantautuu yl\u00e4kertaan.<\/p>\n<p>Tuvan \u00e4\u00e4niymp\u00e4rist\u00f6 oli siis huono, sill\u00e4 siell\u00e4 oli korkea melutaso, joka h\u00e4iritsi oppimista ja vuorovaikutusta. Tuvan akustiikka ei vastannut sen monipuolisia k\u00e4ytt\u00f6tarkoituksia ja -tapoja. Tuvan akustiikan parantaminen oli siis tarpeellista ja t\u00e4rke\u00e4\u00e4.<\/p>\n<p>L\u00e4hdimme suunnittelemaan Tuvan akustiikan parantamista yhteisty\u00f6ss\u00e4 Ecophonin konseptisuunnittelijan Pauli Pallaskorven kanssa. Saimme h\u00e4nelt\u00e4 paljon asiantuntevia ehdotuksia ja yhdess\u00e4 sisustussuunnittelija Oona Rytk\u00f6sen kanssa mietimme, mitk\u00e4 olisivat mahdollisia. Toiveissamme oli saada isoja akustoivia pintoja Tupaan ja est\u00e4\u00e4 alakerrasta kantautuvat ja voimistuvat \u00e4\u00e4net.<\/p>\n<p><img loading=\"lazy\" decoding=\"async\" class=\"alignleft size-medium wp-image-970\" src=\"https:\/\/blogs.uef.fi\/fclab-lukio\/wp-content\/uploads\/sites\/133\/2023\/11\/IMG_3048-300x225.jpeg\" alt=\"Mattoasennukset k\u00e4ynniss\u00e4 Tulliportin lukion Tuvassa\" width=\"300\" height=\"225\" srcset=\"https:\/\/blogs.uef.fi\/fclab-lukio\/wp-content\/uploads\/sites\/133\/2023\/11\/IMG_3048-300x225.jpeg 300w, https:\/\/blogs.uef.fi\/fclab-lukio\/wp-content\/uploads\/sites\/133\/2023\/11\/IMG_3048-1024x768.jpeg 1024w, https:\/\/blogs.uef.fi\/fclab-lukio\/wp-content\/uploads\/sites\/133\/2023\/11\/IMG_3048-768x576.jpeg 768w, https:\/\/blogs.uef.fi\/fclab-lukio\/wp-content\/uploads\/sites\/133\/2023\/11\/IMG_3048-1536x1151.jpeg 1536w\" sizes=\"auto, (max-width: 300px) 100vw, 300px\" \/><\/p>\n<p>Muutos: P\u00e4\u00e4dyimme siihen, ett\u00e4 emme akustoi Tuvan betonipalkkeja. Palkit ovat hieman notkollaan ja akustiikkalevyjen kiinnitt\u00e4minen niihin siististi olisi ollut haastavaa ja eritt\u00e4in ty\u00f6l\u00e4st\u00e4. Asensimme lattiaan Interface Heuga 580 tekstiililaatan, joka muodostaa ison pehme\u00e4n pinnan tilaan. Lis\u00e4simme tilaan my\u00f6s viherkasveja tuomaan viihtyisyytt\u00e4 ja rajaamaan tilaa.<\/p>\n<p>Alhaalta kantautuvaa melua est\u00e4\u00e4 akustoivat verhot (Bor\u00e5s Cotton Elbrus 1300-165) portaikkojen p\u00e4\u00e4dyiss\u00e4. Portaikkojen kattoon ripustimme Ecophonin SOLO-levyt, jotka asennettiin kes\u00e4ll\u00e4 2023. Kattopinta-alaa oli noin 240 m ja tavoitteena oli noin 60 % kattavuus. Saimme toteutettua noin 50 %:n kattavuuden Solo-levyill\u00e4.<\/p>\n<p><img loading=\"lazy\" decoding=\"async\" class=\"size-large wp-image-952 aligncenter\" src=\"https:\/\/blogs.uef.fi\/fclab-lukio\/wp-content\/uploads\/sites\/133\/2023\/11\/IMG_3045-768x1024.jpeg\" alt=\"Solo-akustiikkalevyt Tulliportin normaalikoulun lukiossa\" width=\"525\" height=\"700\" srcset=\"https:\/\/blogs.uef.fi\/fclab-lukio\/wp-content\/uploads\/sites\/133\/2023\/11\/IMG_3045-768x1025.jpeg 768w, https:\/\/blogs.uef.fi\/fclab-lukio\/wp-content\/uploads\/sites\/133\/2023\/11\/IMG_3045-225x300.jpeg 225w, https:\/\/blogs.uef.fi\/fclab-lukio\/wp-content\/uploads\/sites\/133\/2023\/11\/IMG_3045-1151x1536.jpeg 1151w, https:\/\/blogs.uef.fi\/fclab-lukio\/wp-content\/uploads\/sites\/133\/2023\/11\/IMG_3045.jpeg 1536w\" sizes=\"auto, (max-width: 525px) 100vw, 525px\" \/><\/p>\n<p>Tuvan akustiikan parantaminen on ollut onnistunut hanke, joka on saanut paljon kiitosta ja positiivista palautetta sek\u00e4 opiskelijoilta ett\u00e4 opettajilta. Tuvan \u00e4\u00e4niymp\u00e4rist\u00f6 on nyt rauhallisempi, miellytt\u00e4v\u00e4mpi ja oppimista tukevampi. Tuvassa on nyt helpompi kuulla ja ymm\u00e4rt\u00e4\u00e4 toisia, tehd\u00e4 erilaisia oppimisteht\u00e4vi\u00e4 ja nauttia oppimisen ilosta.<\/p>\n<p><img loading=\"lazy\" decoding=\"async\" class=\"alignleft size-medium wp-image-964\" src=\"https:\/\/blogs.uef.fi\/fclab-lukio\/wp-content\/uploads\/sites\/133\/2023\/11\/IMG_3052-300x225.jpeg\" alt=\"Akustiikka-pilvi\u00e4 Tulliportin normaalikoulun lukiossa\" width=\"300\" height=\"225\" srcset=\"https:\/\/blogs.uef.fi\/fclab-lukio\/wp-content\/uploads\/sites\/133\/2023\/11\/IMG_3052-300x225.jpeg 300w, https:\/\/blogs.uef.fi\/fclab-lukio\/wp-content\/uploads\/sites\/133\/2023\/11\/IMG_3052-1024x768.jpeg 1024w, https:\/\/blogs.uef.fi\/fclab-lukio\/wp-content\/uploads\/sites\/133\/2023\/11\/IMG_3052-768x576.jpeg 768w, https:\/\/blogs.uef.fi\/fclab-lukio\/wp-content\/uploads\/sites\/133\/2023\/11\/IMG_3052-1536x1152.jpeg 1536w, https:\/\/blogs.uef.fi\/fclab-lukio\/wp-content\/uploads\/sites\/133\/2023\/11\/IMG_3052-2048x1536.jpeg 2048w\" sizes=\"auto, (max-width: 300px) 100vw, 300px\" \/><\/p>\n<p>L\u00e4hteet:<\/p>\n<p><a href=\"https:\/\/edgeservices.bing.com\/edgesvc\/%5E1%5E\">Viisi vinkki\u00e4 koulujen parempaan \u00e4\u00e4niymp\u00e4rist\u00f6\u00f6n &#8211; Ecophon<\/a><\/p>\n<p><a href=\"https:\/\/edgeservices.bing.com\/edgesvc\/%5E2%5E\">Artikkeli: Oppimisen iloa tukeva oppimisymp\u00e4rist\u00f6 | Ajatus liikkuu \u2013 iloa oppimiseen!<\/a><\/p>\n","protected":false},"excerpt":{"rendered":"<p>Hankkeen kakkosvaiheessa otimme tilojen kehitt\u00e4misess\u00e4 sellaisen tavoitteen, joka palvelee tasapuolisesti tilojen kaikkia k\u00e4ytt\u00e4ji\u00e4. Halusimme erityisesti parantaa koulurakennuksen akustiikkaa. Akustiikka on oppimisymp\u00e4rist\u00f6n t\u00e4rke\u00e4 osa, sill\u00e4 se vaikuttaa oppimisen laatuun, motivaatioon, keskittymiseen ja hyvinvointiin. \u00c4\u00e4niymp\u00e4rist\u00f6 on fyysinen, psyykkinen ja sosiaalinen kokonaisuus, joka muodostuu tilan rakenteista, kalusteista, v\u00e4lineist\u00e4, \u00e4\u00e4nil\u00e4hteist\u00e4, \u00e4\u00e4nenvoimakkuudesta, puheen selkeydest\u00e4 ja vuorovaikutuksesta. \u00c4\u00e4niymp\u00e4rist\u00f6 voi olla oppimista [&hellip;]<\/p>\n","protected":false},"author":305,"featured_media":0,"comment_status":"closed","ping_status":"closed","sticky":false,"template":"","format":"standard","meta":{"_acf_changed":false,"footnotes":""},"categories":[1],"tags":[],"class_list":["post-946","post","type-post","status-publish","format-standard","hentry","category-uncategorized"],"acf":[],"yoast_head":"<!-- This site is optimized with the Yoast SEO plugin v27.3 - https:\/\/yoast.com\/product\/yoast-seo-wordpress\/ -->\n<title>Tulliportin lukion akustiikkaparannukset FCLab.lukio II -hankkeen aikana - FCLab lukio<\/title>\n<meta name=\"description\" content=\"\u00c4\u00e4niymp\u00e4rist\u00f6ll\u00e4 on merkityst\u00e4 oppimisen ja kouluviihtyvyyden n\u00e4k\u00f6kulmasta. Tutustu niihin muutoksiin, joita FCLab.lukio II -hankkeessa toteutettiin akustiikan parantamiseksi.\" \/>\n<meta name=\"robots\" content=\"index, follow, max-snippet:-1, max-image-preview:large, max-video-preview:-1\" \/>\n<link rel=\"canonical\" href=\"https:\/\/blogs.uef.fi\/fclab-lukio\/2023\/08\/16\/tulliportin-lukion-akustiikkaparannukset\/\" \/>\n<meta property=\"og:locale\" content=\"fi_FI\" \/>\n<meta property=\"og:type\" content=\"article\" \/>\n<meta property=\"og:title\" content=\"Tulliportin lukion akustiikkaparannukset FCLab.lukio II -hankkeen aikana - FCLab lukio\" \/>\n<meta property=\"og:description\" content=\"\u00c4\u00e4niymp\u00e4rist\u00f6ll\u00e4 on merkityst\u00e4 oppimisen ja kouluviihtyvyyden n\u00e4k\u00f6kulmasta. Tutustu niihin muutoksiin, joita FCLab.lukio II -hankkeessa toteutettiin akustiikan parantamiseksi.\" \/>\n<meta property=\"og:url\" content=\"https:\/\/blogs.uef.fi\/fclab-lukio\/2023\/08\/16\/tulliportin-lukion-akustiikkaparannukset\/\" \/>\n<meta property=\"og:site_name\" content=\"FCLab lukio\" \/>\n<meta property=\"article:published_time\" content=\"2023-08-16T15:04:02+00:00\" \/>\n<meta property=\"article:modified_time\" content=\"2023-12-18T11:56:44+00:00\" \/>\n<meta property=\"og:image\" content=\"https:\/\/blogs.uef.fi\/fclab-lukio\/wp-content\/uploads\/sites\/133\/2023\/11\/IMG_0031-225x300.jpeg\" \/>\n<meta name=\"author\" content=\"sampof\" \/>\n<meta name=\"twitter:card\" content=\"summary_large_image\" \/>\n<meta name=\"twitter:label1\" content=\"Kirjoittanut\" \/>\n\t<meta name=\"twitter:data1\" content=\"sampof\" \/>\n\t<meta name=\"twitter:label2\" content=\"Arvioitu lukuaika\" \/>\n\t<meta name=\"twitter:data2\" content=\"5 minuuttia\" \/>\n<script type=\"application\/ld+json\" class=\"yoast-schema-graph\">{\"@context\":\"https:\\\/\\\/schema.org\",\"@graph\":[{\"@type\":\"Article\",\"@id\":\"https:\\\/\\\/blogs.uef.fi\\\/fclab-lukio\\\/2023\\\/08\\\/16\\\/tulliportin-lukion-akustiikkaparannukset\\\/#article\",\"isPartOf\":{\"@id\":\"https:\\\/\\\/blogs.uef.fi\\\/fclab-lukio\\\/2023\\\/08\\\/16\\\/tulliportin-lukion-akustiikkaparannukset\\\/\"},\"author\":{\"name\":\"sampof\",\"@id\":\"https:\\\/\\\/blogs.uef.fi\\\/fclab-lukio\\\/#\\\/schema\\\/person\\\/0938d0f45f5074a144a38962dd8e5d79\"},\"headline\":\"Tulliportin lukion akustiikkaparannukset FCLab.lukio II -hankkeen aikana\",\"datePublished\":\"2023-08-16T15:04:02+00:00\",\"dateModified\":\"2023-12-18T11:56:44+00:00\",\"mainEntityOfPage\":{\"@id\":\"https:\\\/\\\/blogs.uef.fi\\\/fclab-lukio\\\/2023\\\/08\\\/16\\\/tulliportin-lukion-akustiikkaparannukset\\\/\"},\"wordCount\":597,\"image\":{\"@id\":\"https:\\\/\\\/blogs.uef.fi\\\/fclab-lukio\\\/2023\\\/08\\\/16\\\/tulliportin-lukion-akustiikkaparannukset\\\/#primaryimage\"},\"thumbnailUrl\":\"https:\\\/\\\/blogs.uef.fi\\\/fclab-lukio\\\/wp-content\\\/uploads\\\/sites\\\/133\\\/2023\\\/11\\\/IMG_0031-225x300.jpeg\",\"articleSection\":[\"Uncategorized\"],\"inLanguage\":\"fi\"},{\"@type\":\"WebPage\",\"@id\":\"https:\\\/\\\/blogs.uef.fi\\\/fclab-lukio\\\/2023\\\/08\\\/16\\\/tulliportin-lukion-akustiikkaparannukset\\\/\",\"url\":\"https:\\\/\\\/blogs.uef.fi\\\/fclab-lukio\\\/2023\\\/08\\\/16\\\/tulliportin-lukion-akustiikkaparannukset\\\/\",\"name\":\"Tulliportin lukion akustiikkaparannukset FCLab.lukio II -hankkeen aikana - FCLab lukio\",\"isPartOf\":{\"@id\":\"https:\\\/\\\/blogs.uef.fi\\\/fclab-lukio\\\/#website\"},\"primaryImageOfPage\":{\"@id\":\"https:\\\/\\\/blogs.uef.fi\\\/fclab-lukio\\\/2023\\\/08\\\/16\\\/tulliportin-lukion-akustiikkaparannukset\\\/#primaryimage\"},\"image\":{\"@id\":\"https:\\\/\\\/blogs.uef.fi\\\/fclab-lukio\\\/2023\\\/08\\\/16\\\/tulliportin-lukion-akustiikkaparannukset\\\/#primaryimage\"},\"thumbnailUrl\":\"https:\\\/\\\/blogs.uef.fi\\\/fclab-lukio\\\/wp-content\\\/uploads\\\/sites\\\/133\\\/2023\\\/11\\\/IMG_0031-225x300.jpeg\",\"datePublished\":\"2023-08-16T15:04:02+00:00\",\"dateModified\":\"2023-12-18T11:56:44+00:00\",\"author\":{\"@id\":\"https:\\\/\\\/blogs.uef.fi\\\/fclab-lukio\\\/#\\\/schema\\\/person\\\/0938d0f45f5074a144a38962dd8e5d79\"},\"description\":\"\u00c4\u00e4niymp\u00e4rist\u00f6ll\u00e4 on merkityst\u00e4 oppimisen ja kouluviihtyvyyden n\u00e4k\u00f6kulmasta. Tutustu niihin muutoksiin, joita FCLab.lukio II -hankkeessa toteutettiin akustiikan parantamiseksi.\",\"breadcrumb\":{\"@id\":\"https:\\\/\\\/blogs.uef.fi\\\/fclab-lukio\\\/2023\\\/08\\\/16\\\/tulliportin-lukion-akustiikkaparannukset\\\/#breadcrumb\"},\"inLanguage\":\"fi\",\"potentialAction\":[{\"@type\":\"ReadAction\",\"target\":[\"https:\\\/\\\/blogs.uef.fi\\\/fclab-lukio\\\/2023\\\/08\\\/16\\\/tulliportin-lukion-akustiikkaparannukset\\\/\"]}]},{\"@type\":\"ImageObject\",\"inLanguage\":\"fi\",\"@id\":\"https:\\\/\\\/blogs.uef.fi\\\/fclab-lukio\\\/2023\\\/08\\\/16\\\/tulliportin-lukion-akustiikkaparannukset\\\/#primaryimage\",\"url\":\"https:\\\/\\\/blogs.uef.fi\\\/fclab-lukio\\\/wp-content\\\/uploads\\\/sites\\\/133\\\/2023\\\/11\\\/IMG_0031-225x300.jpeg\",\"contentUrl\":\"https:\\\/\\\/blogs.uef.fi\\\/fclab-lukio\\\/wp-content\\\/uploads\\\/sites\\\/133\\\/2023\\\/11\\\/IMG_0031-225x300.jpeg\"},{\"@type\":\"BreadcrumbList\",\"@id\":\"https:\\\/\\\/blogs.uef.fi\\\/fclab-lukio\\\/2023\\\/08\\\/16\\\/tulliportin-lukion-akustiikkaparannukset\\\/#breadcrumb\",\"itemListElement\":[{\"@type\":\"ListItem\",\"position\":1,\"name\":\"Home\",\"item\":\"https:\\\/\\\/blogs.uef.fi\\\/fclab-lukio\\\/\"},{\"@type\":\"ListItem\",\"position\":2,\"name\":\"Tulliportin lukion akustiikkaparannukset FCLab.lukio II -hankkeen aikana\"}]},{\"@type\":\"WebSite\",\"@id\":\"https:\\\/\\\/blogs.uef.fi\\\/fclab-lukio\\\/#website\",\"url\":\"https:\\\/\\\/blogs.uef.fi\\\/fclab-lukio\\\/\",\"name\":\"FCLab lukio\",\"description\":\"\",\"potentialAction\":[{\"@type\":\"SearchAction\",\"target\":{\"@type\":\"EntryPoint\",\"urlTemplate\":\"https:\\\/\\\/blogs.uef.fi\\\/fclab-lukio\\\/?s={search_term_string}\"},\"query-input\":{\"@type\":\"PropertyValueSpecification\",\"valueRequired\":true,\"valueName\":\"search_term_string\"}}],\"inLanguage\":\"fi\"},{\"@type\":\"Person\",\"@id\":\"https:\\\/\\\/blogs.uef.fi\\\/fclab-lukio\\\/#\\\/schema\\\/person\\\/0938d0f45f5074a144a38962dd8e5d79\",\"name\":\"sampof\",\"sameAs\":[\"Sampo Forsstr\u00f6m\"],\"url\":\"https:\\\/\\\/blogs.uef.fi\\\/fclab-lukio\\\/author\\\/sampof\\\/\"}]}<\/script>\n<!-- \/ Yoast SEO plugin. -->","yoast_head_json":{"title":"Tulliportin lukion akustiikkaparannukset FCLab.lukio II -hankkeen aikana - FCLab lukio","description":"\u00c4\u00e4niymp\u00e4rist\u00f6ll\u00e4 on merkityst\u00e4 oppimisen ja kouluviihtyvyyden n\u00e4k\u00f6kulmasta. Tutustu niihin muutoksiin, joita FCLab.lukio II -hankkeessa toteutettiin akustiikan parantamiseksi.","robots":{"index":"index","follow":"follow","max-snippet":"max-snippet:-1","max-image-preview":"max-image-preview:large","max-video-preview":"max-video-preview:-1"},"canonical":"https:\/\/blogs.uef.fi\/fclab-lukio\/2023\/08\/16\/tulliportin-lukion-akustiikkaparannukset\/","og_locale":"fi_FI","og_type":"article","og_title":"Tulliportin lukion akustiikkaparannukset FCLab.lukio II -hankkeen aikana - FCLab lukio","og_description":"\u00c4\u00e4niymp\u00e4rist\u00f6ll\u00e4 on merkityst\u00e4 oppimisen ja kouluviihtyvyyden n\u00e4k\u00f6kulmasta. Tutustu niihin muutoksiin, joita FCLab.lukio II -hankkeessa toteutettiin akustiikan parantamiseksi.","og_url":"https:\/\/blogs.uef.fi\/fclab-lukio\/2023\/08\/16\/tulliportin-lukion-akustiikkaparannukset\/","og_site_name":"FCLab lukio","article_published_time":"2023-08-16T15:04:02+00:00","article_modified_time":"2023-12-18T11:56:44+00:00","og_image":[{"url":"https:\/\/blogs.uef.fi\/fclab-lukio\/wp-content\/uploads\/sites\/133\/2023\/11\/IMG_0031-225x300.jpeg","type":"","width":"","height":""}],"author":"sampof","twitter_card":"summary_large_image","twitter_misc":{"Kirjoittanut":"sampof","Arvioitu lukuaika":"5 minuuttia"},"schema":{"@context":"https:\/\/schema.org","@graph":[{"@type":"Article","@id":"https:\/\/blogs.uef.fi\/fclab-lukio\/2023\/08\/16\/tulliportin-lukion-akustiikkaparannukset\/#article","isPartOf":{"@id":"https:\/\/blogs.uef.fi\/fclab-lukio\/2023\/08\/16\/tulliportin-lukion-akustiikkaparannukset\/"},"author":{"name":"sampof","@id":"https:\/\/blogs.uef.fi\/fclab-lukio\/#\/schema\/person\/0938d0f45f5074a144a38962dd8e5d79"},"headline":"Tulliportin lukion akustiikkaparannukset FCLab.lukio II -hankkeen aikana","datePublished":"2023-08-16T15:04:02+00:00","dateModified":"2023-12-18T11:56:44+00:00","mainEntityOfPage":{"@id":"https:\/\/blogs.uef.fi\/fclab-lukio\/2023\/08\/16\/tulliportin-lukion-akustiikkaparannukset\/"},"wordCount":597,"image":{"@id":"https:\/\/blogs.uef.fi\/fclab-lukio\/2023\/08\/16\/tulliportin-lukion-akustiikkaparannukset\/#primaryimage"},"thumbnailUrl":"https:\/\/blogs.uef.fi\/fclab-lukio\/wp-content\/uploads\/sites\/133\/2023\/11\/IMG_0031-225x300.jpeg","articleSection":["Uncategorized"],"inLanguage":"fi"},{"@type":"WebPage","@id":"https:\/\/blogs.uef.fi\/fclab-lukio\/2023\/08\/16\/tulliportin-lukion-akustiikkaparannukset\/","url":"https:\/\/blogs.uef.fi\/fclab-lukio\/2023\/08\/16\/tulliportin-lukion-akustiikkaparannukset\/","name":"Tulliportin lukion akustiikkaparannukset FCLab.lukio II -hankkeen aikana - FCLab lukio","isPartOf":{"@id":"https:\/\/blogs.uef.fi\/fclab-lukio\/#website"},"primaryImageOfPage":{"@id":"https:\/\/blogs.uef.fi\/fclab-lukio\/2023\/08\/16\/tulliportin-lukion-akustiikkaparannukset\/#primaryimage"},"image":{"@id":"https:\/\/blogs.uef.fi\/fclab-lukio\/2023\/08\/16\/tulliportin-lukion-akustiikkaparannukset\/#primaryimage"},"thumbnailUrl":"https:\/\/blogs.uef.fi\/fclab-lukio\/wp-content\/uploads\/sites\/133\/2023\/11\/IMG_0031-225x300.jpeg","datePublished":"2023-08-16T15:04:02+00:00","dateModified":"2023-12-18T11:56:44+00:00","author":{"@id":"https:\/\/blogs.uef.fi\/fclab-lukio\/#\/schema\/person\/0938d0f45f5074a144a38962dd8e5d79"},"description":"\u00c4\u00e4niymp\u00e4rist\u00f6ll\u00e4 on merkityst\u00e4 oppimisen ja kouluviihtyvyyden n\u00e4k\u00f6kulmasta. Tutustu niihin muutoksiin, joita FCLab.lukio II -hankkeessa toteutettiin akustiikan parantamiseksi.","breadcrumb":{"@id":"https:\/\/blogs.uef.fi\/fclab-lukio\/2023\/08\/16\/tulliportin-lukion-akustiikkaparannukset\/#breadcrumb"},"inLanguage":"fi","potentialAction":[{"@type":"ReadAction","target":["https:\/\/blogs.uef.fi\/fclab-lukio\/2023\/08\/16\/tulliportin-lukion-akustiikkaparannukset\/"]}]},{"@type":"ImageObject","inLanguage":"fi","@id":"https:\/\/blogs.uef.fi\/fclab-lukio\/2023\/08\/16\/tulliportin-lukion-akustiikkaparannukset\/#primaryimage","url":"https:\/\/blogs.uef.fi\/fclab-lukio\/wp-content\/uploads\/sites\/133\/2023\/11\/IMG_0031-225x300.jpeg","contentUrl":"https:\/\/blogs.uef.fi\/fclab-lukio\/wp-content\/uploads\/sites\/133\/2023\/11\/IMG_0031-225x300.jpeg"},{"@type":"BreadcrumbList","@id":"https:\/\/blogs.uef.fi\/fclab-lukio\/2023\/08\/16\/tulliportin-lukion-akustiikkaparannukset\/#breadcrumb","itemListElement":[{"@type":"ListItem","position":1,"name":"Home","item":"https:\/\/blogs.uef.fi\/fclab-lukio\/"},{"@type":"ListItem","position":2,"name":"Tulliportin lukion akustiikkaparannukset FCLab.lukio II -hankkeen aikana"}]},{"@type":"WebSite","@id":"https:\/\/blogs.uef.fi\/fclab-lukio\/#website","url":"https:\/\/blogs.uef.fi\/fclab-lukio\/","name":"FCLab lukio","description":"","potentialAction":[{"@type":"SearchAction","target":{"@type":"EntryPoint","urlTemplate":"https:\/\/blogs.uef.fi\/fclab-lukio\/?s={search_term_string}"},"query-input":{"@type":"PropertyValueSpecification","valueRequired":true,"valueName":"search_term_string"}}],"inLanguage":"fi"},{"@type":"Person","@id":"https:\/\/blogs.uef.fi\/fclab-lukio\/#\/schema\/person\/0938d0f45f5074a144a38962dd8e5d79","name":"sampof","sameAs":["Sampo Forsstr\u00f6m"],"url":"https:\/\/blogs.uef.fi\/fclab-lukio\/author\/sampof\/"}]}},"_links":{"self":[{"href":"https:\/\/blogs.uef.fi\/fclab-lukio\/wp-json\/wp\/v2\/posts\/946","targetHints":{"allow":["GET"]}}],"collection":[{"href":"https:\/\/blogs.uef.fi\/fclab-lukio\/wp-json\/wp\/v2\/posts"}],"about":[{"href":"https:\/\/blogs.uef.fi\/fclab-lukio\/wp-json\/wp\/v2\/types\/post"}],"author":[{"embeddable":true,"href":"https:\/\/blogs.uef.fi\/fclab-lukio\/wp-json\/wp\/v2\/users\/305"}],"replies":[{"embeddable":true,"href":"https:\/\/blogs.uef.fi\/fclab-lukio\/wp-json\/wp\/v2\/comments?post=946"}],"version-history":[{"count":2,"href":"https:\/\/blogs.uef.fi\/fclab-lukio\/wp-json\/wp\/v2\/posts\/946\/revisions"}],"predecessor-version":[{"id":1030,"href":"https:\/\/blogs.uef.fi\/fclab-lukio\/wp-json\/wp\/v2\/posts\/946\/revisions\/1030"}],"wp:attachment":[{"href":"https:\/\/blogs.uef.fi\/fclab-lukio\/wp-json\/wp\/v2\/media?parent=946"}],"wp:term":[{"taxonomy":"category","embeddable":true,"href":"https:\/\/blogs.uef.fi\/fclab-lukio\/wp-json\/wp\/v2\/categories?post=946"},{"taxonomy":"post_tag","embeddable":true,"href":"https:\/\/blogs.uef.fi\/fclab-lukio\/wp-json\/wp\/v2\/tags?post=946"}],"curies":[{"name":"wp","href":"https:\/\/api.w.org\/{rel}","templated":true}]}}