{"id":735,"date":"2022-06-08T19:20:07","date_gmt":"2022-06-08T16:20:07","guid":{"rendered":"https:\/\/blogs.uef.fi\/fclab-lukio\/?p=735"},"modified":"2022-06-08T19:20:07","modified_gmt":"2022-06-08T16:20:07","slug":"kevatta-ja-linnunlaulua","status":"publish","type":"post","link":"https:\/\/blogs.uef.fi\/fclab-lukio\/2022\/06\/08\/kevatta-ja-linnunlaulua\/","title":{"rendered":"Kev\u00e4tt\u00e4 ja linnunlaulua"},"content":{"rendered":"<p><span data-contrast=\"auto\">Talvi oli Pohjois-Karjalassa erityisen pitk\u00e4 ja runsasluminen, mutta lopulta vapun j\u00e4lkeen p\u00e4\u00e4simme jalkaisin kulkemaan mets\u00e4ss\u00e4. Halusimme nauhoittaa kev\u00e4isi\u00e4 luonnon \u00e4\u00e4ni\u00e4, mit\u00e4 varten piti l\u00f6yt\u00e4\u00e4 mahdollisimman rauhallinen ja syrj\u00e4is\u00e4 paikka. P\u00e4\u00e4dyimme ajamaan Vekaruksen retkeilyalueelle, joka on Tuupovaarassa ja syrj\u00e4ss\u00e4 isommilta teilt\u00e4.<\/span><span data-ccp-props=\"{&quot;201341983&quot;:0,&quot;335559739&quot;:160,&quot;335559740&quot;:259}\">\u00a0<\/span><\/p>\n<p><span data-contrast=\"auto\">Lumi oli sulanut juuri sen verran, ett\u00e4 pystyimme k\u00e4velem\u00e4\u00e4n Vekarusjoen ja koskien ymp\u00e4rill\u00e4 kulkevan luontopolun. Saimme kuvia runsaina virtaavista kev\u00e4isist\u00e4 koskista sek\u00e4 lumen alta her\u00e4\u00e4v\u00e4st\u00e4 mets\u00e4st\u00e4. Linnunlaulu j\u00e4i kuitenkin toivottua v\u00e4h\u00e4isemm\u00e4ksi ja huomasimme my\u00f6s koskissa virtaavan veden \u00e4\u00e4nien kuuluvan voimakkaana yll\u00e4tt\u00e4v\u00e4nkin kauas.<\/span><span data-ccp-props=\"{&quot;201341983&quot;:0,&quot;335559739&quot;:160,&quot;335559740&quot;:259}\">\u00a0<\/span><\/p>\n<div id=\"attachment_738\" style=\"width: 389px\" class=\"wp-caption alignnone\"><img loading=\"lazy\" decoding=\"async\" aria-describedby=\"caption-attachment-738\" class=\"wp-image-738\" src=\"https:\/\/blogs.uef.fi\/fclab-lukio\/wp-content\/uploads\/sites\/133\/2022\/06\/IMG-20220608-WA0003-300x225.jpg\" alt=\"Mets\u00e4, jossa kamera ja nauhuri\" width=\"379\" height=\"284\" srcset=\"https:\/\/blogs.uef.fi\/fclab-lukio\/wp-content\/uploads\/sites\/133\/2022\/06\/IMG-20220608-WA0003-300x225.jpg 300w, https:\/\/blogs.uef.fi\/fclab-lukio\/wp-content\/uploads\/sites\/133\/2022\/06\/IMG-20220608-WA0003-1024x768.jpg 1024w, https:\/\/blogs.uef.fi\/fclab-lukio\/wp-content\/uploads\/sites\/133\/2022\/06\/IMG-20220608-WA0003-768x576.jpg 768w, https:\/\/blogs.uef.fi\/fclab-lukio\/wp-content\/uploads\/sites\/133\/2022\/06\/IMG-20220608-WA0003-1536x1152.jpg 1536w, https:\/\/blogs.uef.fi\/fclab-lukio\/wp-content\/uploads\/sites\/133\/2022\/06\/IMG-20220608-WA0003.jpg 1600w\" sizes=\"auto, (max-width: 379px) 100vw, 379px\" \/><p id=\"caption-attachment-738\" class=\"wp-caption-text\">Kuvasimme virtaavaa jokea ja \u00e4\u00e4nitimme sen kuohuja<\/p><\/div>\n<p><span data-contrast=\"auto\">Kuukautta my\u00f6hemmin, eli kes\u00e4lomaa edelt\u00e4v\u00e4ll\u00e4 viikolla p\u00e4\u00e4dyimme ajamaan Lieksaan, jossa olimme y\u00f6t\u00e4 Ison Ritoj\u00e4rven rannalla. T\u00e4m\u00e4kin paikka oli eritt\u00e4in rauhallinen. Illalla saimme talletettua kuikan huutoa ja aamuy\u00f6ll\u00e4 nauhuriin tallentui monipuolinen lintujen kev\u00e4tkonsertti.\u00a0<\/span><span data-ccp-props=\"{&quot;201341983&quot;:0,&quot;335559739&quot;:160,&quot;335559740&quot;:259}\">\u00a0<\/span><\/p>\n<p><span data-contrast=\"auto\">Seuraavana p\u00e4iv\u00e4n\u00e4 kuljimme Pienen Ritoj\u00e4rven kiert\u00e4v\u00e4n luontopolun sek\u00e4 Patvinsuolla Lakkapolku-nimisen lenkin. Molemmista paikoista kameraan tallentui alkukes\u00e4n vihreytt\u00e4 ja vehreytt\u00e4, suota ja mets\u00e4\u00e4 sek\u00e4 toivottavasti my\u00f6s ripaus levollisuudesta ja rauhasta, joka tarttui my\u00f6s polulla kulkevien ihmisten mieliin.<\/span><span data-ccp-props=\"{&quot;201341983&quot;:0,&quot;335559739&quot;:160,&quot;335559740&quot;:259}\">\u00a0<\/span><\/p>\n<p><img loading=\"lazy\" decoding=\"async\" class=\"alignnone wp-image-741\" src=\"https:\/\/blogs.uef.fi\/fclab-lukio\/wp-content\/uploads\/sites\/133\/2022\/06\/WhatsApp-Image-2022-06-08-at-18.57.53-300x225.jpeg\" alt=\"Pitkospuut ja suolampi\" width=\"361\" height=\"271\" srcset=\"https:\/\/blogs.uef.fi\/fclab-lukio\/wp-content\/uploads\/sites\/133\/2022\/06\/WhatsApp-Image-2022-06-08-at-18.57.53-300x225.jpeg 300w, https:\/\/blogs.uef.fi\/fclab-lukio\/wp-content\/uploads\/sites\/133\/2022\/06\/WhatsApp-Image-2022-06-08-at-18.57.53-1024x768.jpeg 1024w, https:\/\/blogs.uef.fi\/fclab-lukio\/wp-content\/uploads\/sites\/133\/2022\/06\/WhatsApp-Image-2022-06-08-at-18.57.53-768x576.jpeg 768w, https:\/\/blogs.uef.fi\/fclab-lukio\/wp-content\/uploads\/sites\/133\/2022\/06\/WhatsApp-Image-2022-06-08-at-18.57.53-1536x1152.jpeg 1536w, https:\/\/blogs.uef.fi\/fclab-lukio\/wp-content\/uploads\/sites\/133\/2022\/06\/WhatsApp-Image-2022-06-08-at-18.57.53.jpeg 1600w\" sizes=\"auto, (max-width: 361px) 100vw, 361px\" \/><\/p>\n<p><span data-contrast=\"auto\">Retkill\u00e4 opittua: Hyv\u00e4 nauhuri tallentaa kaikki ymp\u00e4rist\u00f6n \u00e4\u00e4net, eik\u00e4 esim. liikenteen \u00e4\u00e4ni\u00e4 pysty my\u00f6hemmin editoimaan pois. Jos siis halutaan \u201dpuhdasta\u201d mets\u00e4n \u00e4\u00e4nt\u00e4, on olennaista l\u00f6yt\u00e4\u00e4 oikeasti rauhallinen paikka. Ennen lehtien puhkeamista liikenteen \u00e4\u00e4net voivat kuulua useiden kilometrien p\u00e4\u00e4h\u00e4n mets\u00e4n l\u00e4pi.\u00a0<\/span><span data-ccp-props=\"{&quot;201341983&quot;:0,&quot;335559739&quot;:160,&quot;335559740&quot;:259}\">\u00a0<\/span><\/p>\n<p>Kirjoittanut Minna Ursin ja Annukka Juutinen<\/p>\n","protected":false},"excerpt":{"rendered":"<p>Talvi oli Pohjois-Karjalassa erityisen pitk\u00e4 ja runsasluminen, mutta lopulta vapun j\u00e4lkeen p\u00e4\u00e4simme jalkaisin kulkemaan mets\u00e4ss\u00e4. Halusimme nauhoittaa kev\u00e4isi\u00e4 luonnon \u00e4\u00e4ni\u00e4, mit\u00e4 varten piti l\u00f6yt\u00e4\u00e4 mahdollisimman rauhallinen ja syrj\u00e4is\u00e4 paikka. P\u00e4\u00e4dyimme ajamaan Vekaruksen retkeilyalueelle, joka on Tuupovaarassa ja syrj\u00e4ss\u00e4 isommilta teilt\u00e4.\u00a0 Lumi oli sulanut juuri sen verran, ett\u00e4 pystyimme k\u00e4velem\u00e4\u00e4n Vekarusjoen ja koskien ymp\u00e4rill\u00e4 kulkevan luontopolun. [&hellip;]<\/p>\n","protected":false},"author":333,"featured_media":0,"comment_status":"closed","ping_status":"closed","sticky":false,"template":"","format":"standard","meta":{"_acf_changed":false,"footnotes":""},"categories":[1],"tags":[],"class_list":["post-735","post","type-post","status-publish","format-standard","hentry","category-uncategorized"],"acf":[],"yoast_head":"<!-- This site is optimized with the Yoast SEO plugin v27.3 - https:\/\/yoast.com\/product\/yoast-seo-wordpress\/ -->\n<title>Kev\u00e4tt\u00e4 ja linnunlaulua - FCLab lukio<\/title>\n<meta name=\"robots\" content=\"index, follow, max-snippet:-1, max-image-preview:large, max-video-preview:-1\" \/>\n<link rel=\"canonical\" href=\"https:\/\/blogs.uef.fi\/fclab-lukio\/2022\/06\/08\/kevatta-ja-linnunlaulua\/\" \/>\n<meta property=\"og:locale\" content=\"fi_FI\" \/>\n<meta property=\"og:type\" content=\"article\" \/>\n<meta property=\"og:title\" content=\"Kev\u00e4tt\u00e4 ja linnunlaulua - FCLab lukio\" \/>\n<meta property=\"og:description\" content=\"Talvi oli Pohjois-Karjalassa erityisen pitk\u00e4 ja runsasluminen, mutta lopulta vapun j\u00e4lkeen p\u00e4\u00e4simme jalkaisin kulkemaan mets\u00e4ss\u00e4. Halusimme nauhoittaa kev\u00e4isi\u00e4 luonnon \u00e4\u00e4ni\u00e4, mit\u00e4 varten piti l\u00f6yt\u00e4\u00e4 mahdollisimman rauhallinen ja syrj\u00e4is\u00e4 paikka. P\u00e4\u00e4dyimme ajamaan Vekaruksen retkeilyalueelle, joka on Tuupovaarassa ja syrj\u00e4ss\u00e4 isommilta teilt\u00e4.\u00a0 Lumi oli sulanut juuri sen verran, ett\u00e4 pystyimme k\u00e4velem\u00e4\u00e4n Vekarusjoen ja koskien ymp\u00e4rill\u00e4 kulkevan luontopolun. [&hellip;]\" \/>\n<meta property=\"og:url\" content=\"https:\/\/blogs.uef.fi\/fclab-lukio\/2022\/06\/08\/kevatta-ja-linnunlaulua\/\" \/>\n<meta property=\"og:site_name\" content=\"FCLab lukio\" \/>\n<meta property=\"article:published_time\" content=\"2022-06-08T16:20:07+00:00\" \/>\n<meta property=\"og:image\" content=\"https:\/\/blogs.uef.fi\/fclab-lukio\/wp-content\/uploads\/sites\/133\/2022\/06\/IMG-20220608-WA0003-300x225.jpg\" \/>\n<meta name=\"author\" content=\"FCLab-tiimi\" \/>\n<meta name=\"twitter:card\" content=\"summary_large_image\" \/>\n<meta name=\"twitter:label1\" content=\"Kirjoittanut\" \/>\n\t<meta name=\"twitter:data1\" content=\"FCLab-tiimi\" \/>\n\t<meta name=\"twitter:label2\" content=\"Arvioitu lukuaika\" \/>\n\t<meta name=\"twitter:data2\" content=\"1 minuutti\" \/>\n<script type=\"application\/ld+json\" class=\"yoast-schema-graph\">{\"@context\":\"https:\\\/\\\/schema.org\",\"@graph\":[{\"@type\":\"Article\",\"@id\":\"https:\\\/\\\/blogs.uef.fi\\\/fclab-lukio\\\/2022\\\/06\\\/08\\\/kevatta-ja-linnunlaulua\\\/#article\",\"isPartOf\":{\"@id\":\"https:\\\/\\\/blogs.uef.fi\\\/fclab-lukio\\\/2022\\\/06\\\/08\\\/kevatta-ja-linnunlaulua\\\/\"},\"author\":{\"name\":\"FCLab-tiimi\",\"@id\":\"https:\\\/\\\/blogs.uef.fi\\\/fclab-lukio\\\/#\\\/schema\\\/person\\\/c8e4592414aca1a35885983ef21b60d8\"},\"headline\":\"Kev\u00e4tt\u00e4 ja linnunlaulua\",\"datePublished\":\"2022-06-08T16:20:07+00:00\",\"mainEntityOfPage\":{\"@id\":\"https:\\\/\\\/blogs.uef.fi\\\/fclab-lukio\\\/2022\\\/06\\\/08\\\/kevatta-ja-linnunlaulua\\\/\"},\"wordCount\":266,\"image\":{\"@id\":\"https:\\\/\\\/blogs.uef.fi\\\/fclab-lukio\\\/2022\\\/06\\\/08\\\/kevatta-ja-linnunlaulua\\\/#primaryimage\"},\"thumbnailUrl\":\"https:\\\/\\\/blogs.uef.fi\\\/fclab-lukio\\\/wp-content\\\/uploads\\\/sites\\\/133\\\/2022\\\/06\\\/IMG-20220608-WA0003-300x225.jpg\",\"articleSection\":[\"Uncategorized\"],\"inLanguage\":\"fi\"},{\"@type\":\"WebPage\",\"@id\":\"https:\\\/\\\/blogs.uef.fi\\\/fclab-lukio\\\/2022\\\/06\\\/08\\\/kevatta-ja-linnunlaulua\\\/\",\"url\":\"https:\\\/\\\/blogs.uef.fi\\\/fclab-lukio\\\/2022\\\/06\\\/08\\\/kevatta-ja-linnunlaulua\\\/\",\"name\":\"Kev\u00e4tt\u00e4 ja linnunlaulua - FCLab lukio\",\"isPartOf\":{\"@id\":\"https:\\\/\\\/blogs.uef.fi\\\/fclab-lukio\\\/#website\"},\"primaryImageOfPage\":{\"@id\":\"https:\\\/\\\/blogs.uef.fi\\\/fclab-lukio\\\/2022\\\/06\\\/08\\\/kevatta-ja-linnunlaulua\\\/#primaryimage\"},\"image\":{\"@id\":\"https:\\\/\\\/blogs.uef.fi\\\/fclab-lukio\\\/2022\\\/06\\\/08\\\/kevatta-ja-linnunlaulua\\\/#primaryimage\"},\"thumbnailUrl\":\"https:\\\/\\\/blogs.uef.fi\\\/fclab-lukio\\\/wp-content\\\/uploads\\\/sites\\\/133\\\/2022\\\/06\\\/IMG-20220608-WA0003-300x225.jpg\",\"datePublished\":\"2022-06-08T16:20:07+00:00\",\"author\":{\"@id\":\"https:\\\/\\\/blogs.uef.fi\\\/fclab-lukio\\\/#\\\/schema\\\/person\\\/c8e4592414aca1a35885983ef21b60d8\"},\"breadcrumb\":{\"@id\":\"https:\\\/\\\/blogs.uef.fi\\\/fclab-lukio\\\/2022\\\/06\\\/08\\\/kevatta-ja-linnunlaulua\\\/#breadcrumb\"},\"inLanguage\":\"fi\",\"potentialAction\":[{\"@type\":\"ReadAction\",\"target\":[\"https:\\\/\\\/blogs.uef.fi\\\/fclab-lukio\\\/2022\\\/06\\\/08\\\/kevatta-ja-linnunlaulua\\\/\"]}]},{\"@type\":\"ImageObject\",\"inLanguage\":\"fi\",\"@id\":\"https:\\\/\\\/blogs.uef.fi\\\/fclab-lukio\\\/2022\\\/06\\\/08\\\/kevatta-ja-linnunlaulua\\\/#primaryimage\",\"url\":\"https:\\\/\\\/blogs.uef.fi\\\/fclab-lukio\\\/wp-content\\\/uploads\\\/sites\\\/133\\\/2022\\\/06\\\/IMG-20220608-WA0003.jpg\",\"contentUrl\":\"https:\\\/\\\/blogs.uef.fi\\\/fclab-lukio\\\/wp-content\\\/uploads\\\/sites\\\/133\\\/2022\\\/06\\\/IMG-20220608-WA0003.jpg\",\"width\":1600,\"height\":1200},{\"@type\":\"BreadcrumbList\",\"@id\":\"https:\\\/\\\/blogs.uef.fi\\\/fclab-lukio\\\/2022\\\/06\\\/08\\\/kevatta-ja-linnunlaulua\\\/#breadcrumb\",\"itemListElement\":[{\"@type\":\"ListItem\",\"position\":1,\"name\":\"Home\",\"item\":\"https:\\\/\\\/blogs.uef.fi\\\/fclab-lukio\\\/\"},{\"@type\":\"ListItem\",\"position\":2,\"name\":\"Kev\u00e4tt\u00e4 ja linnunlaulua\"}]},{\"@type\":\"WebSite\",\"@id\":\"https:\\\/\\\/blogs.uef.fi\\\/fclab-lukio\\\/#website\",\"url\":\"https:\\\/\\\/blogs.uef.fi\\\/fclab-lukio\\\/\",\"name\":\"FCLab lukio\",\"description\":\"\",\"potentialAction\":[{\"@type\":\"SearchAction\",\"target\":{\"@type\":\"EntryPoint\",\"urlTemplate\":\"https:\\\/\\\/blogs.uef.fi\\\/fclab-lukio\\\/?s={search_term_string}\"},\"query-input\":{\"@type\":\"PropertyValueSpecification\",\"valueRequired\":true,\"valueName\":\"search_term_string\"}}],\"inLanguage\":\"fi\"},{\"@type\":\"Person\",\"@id\":\"https:\\\/\\\/blogs.uef.fi\\\/fclab-lukio\\\/#\\\/schema\\\/person\\\/c8e4592414aca1a35885983ef21b60d8\",\"name\":\"FCLab-tiimi\",\"url\":\"https:\\\/\\\/blogs.uef.fi\\\/fclab-lukio\\\/author\\\/antarva\\\/\"}]}<\/script>\n<!-- \/ Yoast SEO plugin. -->","yoast_head_json":{"title":"Kev\u00e4tt\u00e4 ja linnunlaulua - FCLab lukio","robots":{"index":"index","follow":"follow","max-snippet":"max-snippet:-1","max-image-preview":"max-image-preview:large","max-video-preview":"max-video-preview:-1"},"canonical":"https:\/\/blogs.uef.fi\/fclab-lukio\/2022\/06\/08\/kevatta-ja-linnunlaulua\/","og_locale":"fi_FI","og_type":"article","og_title":"Kev\u00e4tt\u00e4 ja linnunlaulua - FCLab lukio","og_description":"Talvi oli Pohjois-Karjalassa erityisen pitk\u00e4 ja runsasluminen, mutta lopulta vapun j\u00e4lkeen p\u00e4\u00e4simme jalkaisin kulkemaan mets\u00e4ss\u00e4. Halusimme nauhoittaa kev\u00e4isi\u00e4 luonnon \u00e4\u00e4ni\u00e4, mit\u00e4 varten piti l\u00f6yt\u00e4\u00e4 mahdollisimman rauhallinen ja syrj\u00e4is\u00e4 paikka. P\u00e4\u00e4dyimme ajamaan Vekaruksen retkeilyalueelle, joka on Tuupovaarassa ja syrj\u00e4ss\u00e4 isommilta teilt\u00e4.\u00a0 Lumi oli sulanut juuri sen verran, ett\u00e4 pystyimme k\u00e4velem\u00e4\u00e4n Vekarusjoen ja koskien ymp\u00e4rill\u00e4 kulkevan luontopolun. [&hellip;]","og_url":"https:\/\/blogs.uef.fi\/fclab-lukio\/2022\/06\/08\/kevatta-ja-linnunlaulua\/","og_site_name":"FCLab lukio","article_published_time":"2022-06-08T16:20:07+00:00","og_image":[{"url":"https:\/\/blogs.uef.fi\/fclab-lukio\/wp-content\/uploads\/sites\/133\/2022\/06\/IMG-20220608-WA0003-300x225.jpg","type":"","width":"","height":""}],"author":"FCLab-tiimi","twitter_card":"summary_large_image","twitter_misc":{"Kirjoittanut":"FCLab-tiimi","Arvioitu lukuaika":"1 minuutti"},"schema":{"@context":"https:\/\/schema.org","@graph":[{"@type":"Article","@id":"https:\/\/blogs.uef.fi\/fclab-lukio\/2022\/06\/08\/kevatta-ja-linnunlaulua\/#article","isPartOf":{"@id":"https:\/\/blogs.uef.fi\/fclab-lukio\/2022\/06\/08\/kevatta-ja-linnunlaulua\/"},"author":{"name":"FCLab-tiimi","@id":"https:\/\/blogs.uef.fi\/fclab-lukio\/#\/schema\/person\/c8e4592414aca1a35885983ef21b60d8"},"headline":"Kev\u00e4tt\u00e4 ja linnunlaulua","datePublished":"2022-06-08T16:20:07+00:00","mainEntityOfPage":{"@id":"https:\/\/blogs.uef.fi\/fclab-lukio\/2022\/06\/08\/kevatta-ja-linnunlaulua\/"},"wordCount":266,"image":{"@id":"https:\/\/blogs.uef.fi\/fclab-lukio\/2022\/06\/08\/kevatta-ja-linnunlaulua\/#primaryimage"},"thumbnailUrl":"https:\/\/blogs.uef.fi\/fclab-lukio\/wp-content\/uploads\/sites\/133\/2022\/06\/IMG-20220608-WA0003-300x225.jpg","articleSection":["Uncategorized"],"inLanguage":"fi"},{"@type":"WebPage","@id":"https:\/\/blogs.uef.fi\/fclab-lukio\/2022\/06\/08\/kevatta-ja-linnunlaulua\/","url":"https:\/\/blogs.uef.fi\/fclab-lukio\/2022\/06\/08\/kevatta-ja-linnunlaulua\/","name":"Kev\u00e4tt\u00e4 ja linnunlaulua - FCLab lukio","isPartOf":{"@id":"https:\/\/blogs.uef.fi\/fclab-lukio\/#website"},"primaryImageOfPage":{"@id":"https:\/\/blogs.uef.fi\/fclab-lukio\/2022\/06\/08\/kevatta-ja-linnunlaulua\/#primaryimage"},"image":{"@id":"https:\/\/blogs.uef.fi\/fclab-lukio\/2022\/06\/08\/kevatta-ja-linnunlaulua\/#primaryimage"},"thumbnailUrl":"https:\/\/blogs.uef.fi\/fclab-lukio\/wp-content\/uploads\/sites\/133\/2022\/06\/IMG-20220608-WA0003-300x225.jpg","datePublished":"2022-06-08T16:20:07+00:00","author":{"@id":"https:\/\/blogs.uef.fi\/fclab-lukio\/#\/schema\/person\/c8e4592414aca1a35885983ef21b60d8"},"breadcrumb":{"@id":"https:\/\/blogs.uef.fi\/fclab-lukio\/2022\/06\/08\/kevatta-ja-linnunlaulua\/#breadcrumb"},"inLanguage":"fi","potentialAction":[{"@type":"ReadAction","target":["https:\/\/blogs.uef.fi\/fclab-lukio\/2022\/06\/08\/kevatta-ja-linnunlaulua\/"]}]},{"@type":"ImageObject","inLanguage":"fi","@id":"https:\/\/blogs.uef.fi\/fclab-lukio\/2022\/06\/08\/kevatta-ja-linnunlaulua\/#primaryimage","url":"https:\/\/blogs.uef.fi\/fclab-lukio\/wp-content\/uploads\/sites\/133\/2022\/06\/IMG-20220608-WA0003.jpg","contentUrl":"https:\/\/blogs.uef.fi\/fclab-lukio\/wp-content\/uploads\/sites\/133\/2022\/06\/IMG-20220608-WA0003.jpg","width":1600,"height":1200},{"@type":"BreadcrumbList","@id":"https:\/\/blogs.uef.fi\/fclab-lukio\/2022\/06\/08\/kevatta-ja-linnunlaulua\/#breadcrumb","itemListElement":[{"@type":"ListItem","position":1,"name":"Home","item":"https:\/\/blogs.uef.fi\/fclab-lukio\/"},{"@type":"ListItem","position":2,"name":"Kev\u00e4tt\u00e4 ja linnunlaulua"}]},{"@type":"WebSite","@id":"https:\/\/blogs.uef.fi\/fclab-lukio\/#website","url":"https:\/\/blogs.uef.fi\/fclab-lukio\/","name":"FCLab lukio","description":"","potentialAction":[{"@type":"SearchAction","target":{"@type":"EntryPoint","urlTemplate":"https:\/\/blogs.uef.fi\/fclab-lukio\/?s={search_term_string}"},"query-input":{"@type":"PropertyValueSpecification","valueRequired":true,"valueName":"search_term_string"}}],"inLanguage":"fi"},{"@type":"Person","@id":"https:\/\/blogs.uef.fi\/fclab-lukio\/#\/schema\/person\/c8e4592414aca1a35885983ef21b60d8","name":"FCLab-tiimi","url":"https:\/\/blogs.uef.fi\/fclab-lukio\/author\/antarva\/"}]}},"_links":{"self":[{"href":"https:\/\/blogs.uef.fi\/fclab-lukio\/wp-json\/wp\/v2\/posts\/735","targetHints":{"allow":["GET"]}}],"collection":[{"href":"https:\/\/blogs.uef.fi\/fclab-lukio\/wp-json\/wp\/v2\/posts"}],"about":[{"href":"https:\/\/blogs.uef.fi\/fclab-lukio\/wp-json\/wp\/v2\/types\/post"}],"author":[{"embeddable":true,"href":"https:\/\/blogs.uef.fi\/fclab-lukio\/wp-json\/wp\/v2\/users\/333"}],"replies":[{"embeddable":true,"href":"https:\/\/blogs.uef.fi\/fclab-lukio\/wp-json\/wp\/v2\/comments?post=735"}],"version-history":[{"count":1,"href":"https:\/\/blogs.uef.fi\/fclab-lukio\/wp-json\/wp\/v2\/posts\/735\/revisions"}],"predecessor-version":[{"id":744,"href":"https:\/\/blogs.uef.fi\/fclab-lukio\/wp-json\/wp\/v2\/posts\/735\/revisions\/744"}],"wp:attachment":[{"href":"https:\/\/blogs.uef.fi\/fclab-lukio\/wp-json\/wp\/v2\/media?parent=735"}],"wp:term":[{"taxonomy":"category","embeddable":true,"href":"https:\/\/blogs.uef.fi\/fclab-lukio\/wp-json\/wp\/v2\/categories?post=735"},{"taxonomy":"post_tag","embeddable":true,"href":"https:\/\/blogs.uef.fi\/fclab-lukio\/wp-json\/wp\/v2\/tags?post=735"}],"curies":[{"name":"wp","href":"https:\/\/api.w.org\/{rel}","templated":true}]}}