{"id":608,"date":"2021-11-23T18:37:26","date_gmt":"2021-11-23T16:37:26","guid":{"rendered":"https:\/\/blogs.uef.fi\/fclab-lukio\/?p=608"},"modified":"2023-01-31T13:04:43","modified_gmt":"2023-01-31T11:04:43","slug":"moniaistillisia-ja-kehollisia-oppimiskokemuksia-norssin-uusissa-tiloissa","status":"publish","type":"post","link":"https:\/\/blogs.uef.fi\/fclab-lukio\/2021\/11\/23\/moniaistillisia-ja-kehollisia-oppimiskokemuksia-norssin-uusissa-tiloissa\/","title":{"rendered":"Moniaistillisia ja kehollisia oppimiskokemuksia norssin uusissa tiloissa"},"content":{"rendered":"<div id=\"block-uef-page-title\" class=\"block block--uef-page-title\">\n<h1><\/h1>\n<p>23.11.2021<\/p>\n<ul>\n<li class=\"contributor contributor--\">Teksti Nina Venhe | Kuvat Varpu Heiskanen<\/li>\n<\/ul>\n<p><span style=\"font-size: 1rem\">Pelimaailmassa immersio-termi viittaa siihen, ettei pelaaja havainnoi pelin aikana ulkopuolista maailmaa, vaan uppoutuu ja syventyy pelk\u00e4st\u00e4\u00e4n pelaamiseen. Normaalikoulun lukiossa kokeillaan nyt, voisiko virtuaalitodellisuutta soveltaa koulussa niin, ett\u00e4 oppilaat saisivat t\u00e4ydellisen immersion kokemuksia oppituntien aikana.<\/span><\/p>\n<p><img loading=\"lazy\" decoding=\"async\" class=\"alignnone size-medium wp-image-566\" src=\"https:\/\/blogs.uef.fi\/fclab-lukio\/wp-content\/uploads\/sites\/133\/2022\/02\/Filo_Norssi_Tulliportti_lukio-FCLab_3066-e1645125066514-300x166.jpg\" alt=\"\" width=\"300\" height=\"166\" srcset=\"https:\/\/blogs.uef.fi\/fclab-lukio\/wp-content\/uploads\/sites\/133\/2022\/02\/Filo_Norssi_Tulliportti_lukio-FCLab_3066-e1645125066514-300x166.jpg 300w, https:\/\/blogs.uef.fi\/fclab-lukio\/wp-content\/uploads\/sites\/133\/2022\/02\/Filo_Norssi_Tulliportti_lukio-FCLab_3066-e1645125066514-1024x566.jpg 1024w, https:\/\/blogs.uef.fi\/fclab-lukio\/wp-content\/uploads\/sites\/133\/2022\/02\/Filo_Norssi_Tulliportti_lukio-FCLab_3066-e1645125066514-768x425.jpg 768w, https:\/\/blogs.uef.fi\/fclab-lukio\/wp-content\/uploads\/sites\/133\/2022\/02\/Filo_Norssi_Tulliportti_lukio-FCLab_3066-e1645125066514-1536x849.jpg 1536w, https:\/\/blogs.uef.fi\/fclab-lukio\/wp-content\/uploads\/sites\/133\/2022\/02\/Filo_Norssi_Tulliportti_lukio-FCLab_3066-e1645125066514.jpg 1990w\" sizes=\"auto, (max-width: 300px) 100vw, 300px\" \/><\/p>\n<\/div>\n<div id=\"block-uef-content\" class=\"block block--uef-content\">\n<article class=\"node\" role=\"article\">\n<div class=\"details\">\n<div class=\"se-block se-align-left\"><span style=\"font-size: 1rem\">It\u00e4-Suomen yliopiston harjoittelukoulun, normaalikoulun lukion englannin lehtori <\/span><strong style=\"font-size: 1rem\">Mari Kuusim\u00e4ki<\/strong><span style=\"font-size: 1rem\"> kiinnostui immersiosta joitakin vuosia sitten.<\/span><\/div>\n<\/div>\n<div class=\"field_page_components field_type_entity_reference_revisions\">\n<div>\n<div id=\"paragraph-383891\" class=\"one-col-layout__container\">\n<div class=\"one-col-layout one-col-layout--half-width\">\n<div class=\"one-col-layout__content\">\n<div class=\"one-col-layout__item\">\n<div class=\"field_content_page field_type_entity_reference_revisions\">\n<div class=\"text-and-links text-and-links--no-title text-and-links--text-paragraph\">\n<div class=\"grid grid--\">\n<div class=\"text-and-links__text\">\n<div class=\"text-and-links__summary text-and-links__summary--\">\n<p>\u2013 Uskon, ett\u00e4 virtuaalimaailmassa toimiminen tulee olemaan t\u00e4rke\u00e4 taito nykyisten lukiolaisten tulevassa opiskelu- sek\u00e4 ty\u00f6el\u00e4m\u00e4ss\u00e4. Yhteis\u00f6llisiss\u00e4 virtuaalisovelluksissa saavutetaan uudenlaisia reaaliaikaisen yhteisty\u00f6n tasoja ja muotoja kustannuss\u00e4\u00e4st\u00f6jen ja ekologisten hy\u00f6tyjen lis\u00e4ksi.<\/p>\n<p>Kuusim\u00e4en mukaan muihin opetusmenetelmiin verrattuna t\u00e4ydellisen immersion on joissakin sis\u00e4ll\u00f6iss\u00e4 todettu helpottavan muistamista ja mieleen palauttamista, mik\u00e4 todenn\u00e4k\u00f6isimmin johtuu oppimistapahtuman omakohtaisuudesta ja el\u00e4myksellisyydest\u00e4.<\/p>\n<p>Kuusim\u00e4ki on mukana normaalikoulun lukion <em>Future Classroom Lab<\/em> -hankkeessa, jossa on aiemmin t\u00e4n\u00e4 vuonna uudistettu lukion fyysisi\u00e4 tiloja. Hankkeessa on nyt siirrytty kakkosvaiheeseen, jossa pilotoidaan tilojen lis\u00e4ksi pedagogisia malleja.<\/p>\n<p>\u2013 Halusin t\u00e4ss\u00e4 yhdess\u00e4 kokeilla virtuaaliymp\u00e4rist\u00f6n luomista osana opetusta.<\/p>\n<\/div>\n<p><span style=\"font-size: 1rem\"><img loading=\"lazy\" decoding=\"async\" class=\"alignnone size-medium wp-image-575\" src=\"https:\/\/blogs.uef.fi\/fclab-lukio\/wp-content\/uploads\/sites\/133\/2022\/02\/Filo_Norssi_Tulliportti_lukio_3045-300x190.jpg\" alt=\"\" width=\"300\" height=\"190\" srcset=\"https:\/\/blogs.uef.fi\/fclab-lukio\/wp-content\/uploads\/sites\/133\/2022\/02\/Filo_Norssi_Tulliportti_lukio_3045-300x190.jpg 300w, https:\/\/blogs.uef.fi\/fclab-lukio\/wp-content\/uploads\/sites\/133\/2022\/02\/Filo_Norssi_Tulliportti_lukio_3045-1024x649.jpg 1024w, https:\/\/blogs.uef.fi\/fclab-lukio\/wp-content\/uploads\/sites\/133\/2022\/02\/Filo_Norssi_Tulliportti_lukio_3045-768x487.jpg 768w, https:\/\/blogs.uef.fi\/fclab-lukio\/wp-content\/uploads\/sites\/133\/2022\/02\/Filo_Norssi_Tulliportti_lukio_3045-1536x974.jpg 1536w, https:\/\/blogs.uef.fi\/fclab-lukio\/wp-content\/uploads\/sites\/133\/2022\/02\/Filo_Norssi_Tulliportti_lukio_3045.jpg 2000w\" sizes=\"auto, (max-width: 300px) 100vw, 300px\" \/><\/span><\/p>\n<p><span style=\"font-size: 1rem\">Opiskelijat testaavat luomaansa taloa ja sen elementtej\u00e4.<\/span><\/p>\n<\/div>\n<\/div>\n<\/div>\n<\/div>\n<\/div>\n<\/div>\n<\/div>\n<\/div>\n<\/div>\n<div>\n<div id=\"paragraph-383895\" class=\"one-col-layout__container\">\n<div class=\"one-col-layout one-col-layout--half-width\">\n<div class=\"one-col-layout__content\">\n<div class=\"one-col-layout__item\">\n<div class=\"field_content_page field_type_entity_reference_revisions\">\n<div class=\"text-and-links text-and-links--no-title text-and-links--text-paragraph\">\n<div class=\"grid grid--\">\n<div class=\"text-and-links__text\">\n<div class=\"text-and-links__summary text-and-links__summary--\">\n<h2>Uuden \u00e4\u00e4rell\u00e4<\/h2>\n<p>Kuusim\u00e4ki kertoo meneill\u00e4\u00e4n olevasta lukiokurssista uudessa PedaLab-luokassa, joka uudenlaisena tilana mahdollistaa lis\u00e4tyn ja virtuaalitodellisuuden k\u00e4ytt\u00e4misen oppimisen tukena.<\/p>\n<p>\u2013 T\u00e4ll\u00e4 kurssilla opiskelijat luovat itse sis\u00e4ll\u00f6n virtuaalimaailmaan sijoittuvaan taloon, jonka huoneisiin ja esineisiin oppilaiden tekstit ja \u00e4\u00e4nitiedostot on upotettu. Tausta-ajatuksena on, etteiv\u00e4t opiskelijat ole t\u00e4ss\u00e4 heille tyypillisess\u00e4 sis\u00e4ll\u00f6nkuluttajan roolissa, vaan t\u00e4ll\u00e4 kurssilla he toimivat nimenomaan sis\u00e4ll\u00f6ntuottajina.<\/p>\n<p>Opiskelijat on jaettu kurssilla muutamaan eri ryhm\u00e4\u00e4n teemojen mukaan. Kurssi kuuluu englannin kielen opintojaksoon \u201dVuorovaikutus ja viestint\u00e4\u201d, jonka puitteissa keskityt\u00e4\u00e4n my\u00f6s lukion uuden opetussuunnitelman laaja-alaisiin sis\u00e4lt\u00f6ihin.<\/p>\n<p>Kuusim\u00e4ki kertoo hymyillen, ett\u00e4 t\u00e4lle kurssille osallistuvat opiskelijat ovat nyt lukiossa ensimm\u00e4ist\u00e4 vuottaan, mutta silti he ovat kuin huomaamatta omaksuneet jopa yliopistotasoisen englannin sanastoa.<\/p>\n<p>\u2013 T\u00e4ss\u00e4 on opittu jo nyt valtavasti. Mutta tietysti mielenkiintoisinta on sitten kuulla ja n\u00e4hd\u00e4, auttavatko virtuaalimaailmassa koetut el\u00e4myksellisyys ja kokemuksellisuus sis\u00e4ll\u00f6n oppimisessa ja mieleen painamisessa.<\/p>\n<\/div>\n<\/div>\n<\/div>\n<\/div>\n<\/div>\n<\/div>\n<\/div>\n<\/div>\n<\/div>\n<\/div>\n<div>\n<div id=\"paragraph-383897\" class=\"one-col-layout__container\">\n<div class=\"one-col-layout one-col-layout--half-width\">\n<div class=\"one-col-layout__content\">\n<div class=\"one-col-layout__item\">\n<div class=\"field_content_page field_type_entity_reference_revisions\">\n<div class=\"quotation quotation--no-image\">\n<div class=\"quotation-container\">\n<div class=\"quotation-text-container\">\n<blockquote>\n<h1 class=\"quotation__quote quotation__quote--\" style=\"text-align: center\">Opiskelijat eiv\u00e4t ole t\u00e4ss\u00e4 heille tyypillisess\u00e4 sis\u00e4ll\u00f6nkuluttajan roolissa, vaan he toimivat t\u00e4ll\u00e4 kurssilla nimenomaan sis\u00e4ll\u00f6ntuottajina.<\/h1>\n<\/blockquote>\n<h4 class=\"quotation__quote quotation__quote--\" style=\"text-align: left\">Mari Kuusim\u00e4ki<\/h4>\n<p class=\"quotation__quote quotation__quote--\" style=\"text-align: left\">Lehtori<\/p>\n<\/div>\n<\/div>\n<\/div>\n<\/div>\n<\/div>\n<\/div>\n<\/div>\n<\/div>\n<\/div>\n<div>\n<div id=\"paragraph-383899\" class=\"one-col-layout__container\">\n<div class=\"one-col-layout one-col-layout--half-width\">\n<div class=\"one-col-layout__content\">\n<div class=\"one-col-layout__item\">\n<div class=\"field_content_page field_type_entity_reference_revisions\">\n<div class=\"text-and-links text-and-links--no-title text-and-links--text-paragraph\">\n<div class=\"grid grid--\">\n<div class=\"text-and-links__text\">\n<div class=\"text-and-links__summary text-and-links__summary--\">\n<h2>Yritysyhteisty\u00f6t\u00e4 taustalla<\/h2>\n<p>Kurssin virtuaalinen ymp\u00e4rist\u00f6 tuotetaan yritysyhteisty\u00f6ss\u00e4 kuopiolaisen 3D Talo Finland Oy:n kanssa. Opiskelijoiden kanssa toteutettu jakso on yrityksellekin aivan uudenlainen projekti.<\/p>\n<p>\u2013 Opiskelijoilta on tullut hurjasti hyvi\u00e4 ideoita, joista osa on p\u00e4\u00e4sty toteuttamaankin, kertoo myyntijohtaja <strong>Miitri Sinkko<\/strong>.<\/p>\n<p>H\u00e4n on mukana ohjaamassa opiskelijoita teknisess\u00e4 toteutuksessa.<\/p>\n<p>\u2013 T\u00e4ss\u00e4 opiskelijoiden kanssa touhutessa paljastuukin samalla, ovatko insin\u00f6\u00f6rien suunnittelemat ohjelmat teknisesti niin yksinkertaisia kuin niiden mainostetaan olevan, h\u00e4n kertoo naurahtaen.<\/p>\n<p>Sinkkokin toivoo, ett\u00e4 lopputulos olisi odotetun kaltainen eli ett\u00e4 virtuaalinen ymp\u00e4rist\u00f6 mahdollistaisi uudenlaisen yhteis\u00f6llisen opiskelun. T\u00e4h\u00e4n menness\u00e4 kaikki n\u00e4ytt\u00e4\u00e4 sujuneen hyvin.<\/p>\n<p>\u2013 Projektissa ollaan nyt siin\u00e4 vaiheessa, ett\u00e4 seuraavaksi p\u00e4\u00e4semme testaamaan luodun ymp\u00e4rist\u00f6n interaktiivisuutta konkreettisesti.<\/p>\n<\/div>\n<\/div>\n<\/div>\n<\/div>\n<p><img loading=\"lazy\" decoding=\"async\" class=\"alignnone wp-image-572\" src=\"https:\/\/blogs.uef.fi\/fclab-lukio\/wp-content\/uploads\/sites\/133\/2022\/02\/Filo_Norssi_Tulliportti_lukio_FCLab_3022-300x184.jpg\" alt=\"\" width=\"540\" height=\"331\" srcset=\"https:\/\/blogs.uef.fi\/fclab-lukio\/wp-content\/uploads\/sites\/133\/2022\/02\/Filo_Norssi_Tulliportti_lukio_FCLab_3022-300x184.jpg 300w, https:\/\/blogs.uef.fi\/fclab-lukio\/wp-content\/uploads\/sites\/133\/2022\/02\/Filo_Norssi_Tulliportti_lukio_FCLab_3022-1024x627.jpg 1024w, https:\/\/blogs.uef.fi\/fclab-lukio\/wp-content\/uploads\/sites\/133\/2022\/02\/Filo_Norssi_Tulliportti_lukio_FCLab_3022-768x470.jpg 768w, https:\/\/blogs.uef.fi\/fclab-lukio\/wp-content\/uploads\/sites\/133\/2022\/02\/Filo_Norssi_Tulliportti_lukio_FCLab_3022-1536x941.jpg 1536w, https:\/\/blogs.uef.fi\/fclab-lukio\/wp-content\/uploads\/sites\/133\/2022\/02\/Filo_Norssi_Tulliportti_lukio_FCLab_3022.jpg 2000w\" sizes=\"auto, (max-width: 540px) 100vw, 540px\" \/><span style=\"font-size: 1rem\">Myyntijohtaja Miitri Sinkko opastaa opiskelijoita virtuaalimaailman tekniikassa.<\/span><\/p>\n<\/div>\n<\/div>\n<\/div>\n<\/div>\n<\/div>\n<\/div>\n<div>\n<div id=\"paragraph-383903\" class=\"one-col-layout__container\">\n<div class=\"one-col-layout one-col-layout--half-width\">\n<div class=\"one-col-layout__content\">\n<div class=\"one-col-layout__item\">\n<div class=\"field_content_page field_type_entity_reference_revisions\">\n<div class=\"text-and-links text-and-links--no-title text-and-links--text-paragraph\">\n<div class=\"grid grid--\">\n<div class=\"text-and-links__text\">\n<div class=\"text-and-links__summary text-and-links__summary--\">\n<h2>Uusi kokemus tukee uuden oppimista<\/h2>\n<p><strong>Helka Kontkanen<\/strong> opiskelee ensimm\u00e4ist\u00e4 vuottaan lukiossa LUMA-linjalla. H\u00e4n on innostunut meneill\u00e4\u00e4n olevasta projektista, jonka h\u00e4n toivoo my\u00f6s antavan hyv\u00e4n pohjan tulossa olevalle koodaukseen liittyv\u00e4lle kurssille.<\/p>\n<p>\u2013 N\u00e4in lumalaisena t\u00e4m\u00e4n alan asiat kiinnostavat, ja t\u00e4llaisista taidoista on varmasti hy\u00f6ty\u00e4 tulevaisuudessakin \u2013 etenkin kun kaikki toteutetaan viel\u00e4 englanniksi.<\/p>\n<p>\u2013 Ehk\u00e4 t\u00e4m\u00e4 on tuntunut erityisen kiinnostavalta my\u00f6s siksi, ettei meist\u00e4 kukaan ole tehnyt t\u00e4llaista aiemmin, vaan t\u00e4m\u00e4 on aivan uusi kokemus kaikille.<\/p>\n<p>Tutkimusten mukaan t\u00e4m\u00e4nkaltainen kehollinen oppiminen tukee erityisesti proseduraalista, emotionaalista ja sosiaalista oppimista. Kuusim\u00e4ki kertoo, ett\u00e4 proseduraalinen oppiminen perustuu eri aistien avulla luotuun kokemuksellisuuteen ja erityisesti lihasmuistiin, jolloin oppiminen kuormittaa v\u00e4hemm\u00e4n kognitiota.<\/p>\n<p>\u2013 T\u00e4m\u00e4 tarkoittaa siis sit\u00e4, ett\u00e4 jotkut sis\u00e4ll\u00f6t tallentuvat niin sanottuun taitomuistiin toiminnan kautta. T\u00e4ll\u00f6in my\u00f6s erilaiset oppimisvaikeudet saattavat rajoittaa oppimista muita menetelmi\u00e4 v\u00e4hemm\u00e4n.<\/p>\n<p>Emotionaalinen ja sosiaalinen oppiminen taas perustuvat el\u00e4ytymiseen. Silloin oppija toimii eri rooleissa ja saa omakohtaista kokemusta virtuaalimaailmassa esimerkiksi vanhuuden tai sukupuolen vaikutuksesta.<\/p>\n<p>Virtuaalimaailma minimoi my\u00f6s kaikki h\u00e4iri\u00f6tekij\u00e4t, joten oppiminen on kokonaisvaltaisempaa ja useampia aisteja ruokkivaa.<\/p>\n<\/div>\n<\/div>\n<\/div>\n<\/div>\n<\/div>\n<\/div>\n<\/div>\n<\/div>\n<\/div>\n<\/div>\n<div>\n<div id=\"paragraph-383905\" class=\"one-col-layout__container\">\n<div class=\"one-col-layout one-col-layout--half-width\">\n<div class=\"one-col-layout__content\">\n<div class=\"one-col-layout__item\">\n<div class=\"field_content_page field_type_entity_reference_revisions\">\n<div class=\"media media--center\">\n<div class=\"media__image media__image--\">\n<div class=\"field_media field_type_entity_reference\">\n<div class=\"blazy blazy--field blazy--field-media-image field_media_image field_type_image blazy--on\" data-blazy=\"\">\n<div class=\"media media--bundle--image media--blazy media--responsive media--image\"><img loading=\"lazy\" decoding=\"async\" class=\"alignnone wp-image-614\" src=\"https:\/\/blogs.uef.fi\/fclab-lukio\/wp-content\/uploads\/sites\/133\/2022\/02\/Filo_Norssi_Tulliportti_Helka-Kontkanen_3102-300x183.jpg\" alt=\"\" width=\"626\" height=\"382\" srcset=\"https:\/\/blogs.uef.fi\/fclab-lukio\/wp-content\/uploads\/sites\/133\/2022\/02\/Filo_Norssi_Tulliportti_Helka-Kontkanen_3102-300x183.jpg 300w, https:\/\/blogs.uef.fi\/fclab-lukio\/wp-content\/uploads\/sites\/133\/2022\/02\/Filo_Norssi_Tulliportti_Helka-Kontkanen_3102-768x468.jpg 768w, https:\/\/blogs.uef.fi\/fclab-lukio\/wp-content\/uploads\/sites\/133\/2022\/02\/Filo_Norssi_Tulliportti_Helka-Kontkanen_3102.jpg 900w\" sizes=\"auto, (max-width: 626px) 100vw, 626px\" \/><\/div>\n<div class=\"media media--bundle--image media--blazy media--responsive media--image\"><span style=\"font-size: 1rem\">Helka Kontkanen (kesk.) kertoo projektin olevan erityisen kiinnostava siksi, ett\u00e4 kokemus on t\u00e4ysin uusi kaikille.<\/span><\/div>\n<\/div>\n<\/div>\n<\/div>\n<\/div>\n<\/div>\n<\/div>\n<\/div>\n<\/div>\n<\/div>\n<\/div>\n<div>\n<div id=\"paragraph-383907\" class=\"one-col-layout__container\">\n<div class=\"one-col-layout one-col-layout--half-width\">\n<div class=\"one-col-layout__content\">\n<div class=\"one-col-layout__item\">\n<div class=\"field_content_page field_type_entity_reference_revisions\">\n<div class=\"text-and-links text-and-links--no-title text-and-links--text-paragraph\">\n<div class=\"grid grid--\">\n<div class=\"text-and-links__text\">\n<div class=\"text-and-links__summary text-and-links__summary--\">\n<h2><\/h2>\n<h2>Tulevaisuuden taitoja<\/h2>\n<p>Future Classroom Lab -hankkeessa halutaan valmistaa opiskelijoita tulevaan ty\u00f6el\u00e4m\u00e4\u00e4n kokeilemalla tulevaisuuden ty\u00f6tapoja ja -v\u00e4lineit\u00e4 jo opiskelun aikana.<\/p>\n<p>\u2013 Hankkeen keskeinen tavoite onkin tukea opiskelumotivaatiota mahdollistamalla yhteisty\u00f6 yritysten, ty\u00f6el\u00e4m\u00e4n ja esimerkiksi yliopiston kanssa, summaa hankkeen johtaja <strong>Sampo Forsstr\u00f6m<\/strong>.<\/p>\n<p>H\u00e4n kuvailee itse\u00e4\u00e4n \u201dmahdollistajaksi\u201d, joka haluaisi seuraavaksi l\u00f6yt\u00e4\u00e4 ratkaisuja opiskelijoiden kirjaamisty\u00f6h\u00f6n.<\/p>\n<p>\u2013 Lukiolaisten on jatkuvasti kirjattava yl\u00f6s kaikkea, joten kehitteill\u00e4 on sovellus, joka helpottaisi opiskelijoita t\u00e4ss\u00e4 teht\u00e4v\u00e4ss\u00e4. Yhteisty\u00f6t\u00e4 onkin jo aloiteltu Microsoftin kanssa.<\/p>\n<p>Lis\u00e4ksi yhteisty\u00f6t\u00e4 tehd\u00e4\u00e4n toisen suomalaisen normaalikoulun lukion, Tampereen norssin kanssa sis\u00e4ll\u00f6ntuotannon osalta. Tavoitteena on yhdess\u00e4 tuottaa digitaalisia oppimiskokonaisuuksia.<\/p>\n<p>Mari Kuusim\u00e4ki kiittelee hanketta ja sit\u00e4, ett\u00e4 h\u00e4nen ideoitaan on siin\u00e4 kuultu ennakkoluulottomasti.<\/p>\n<p>\u2013 Olenkin sanonut, ett\u00e4 t\u00e4\u00e4ll\u00e4 norssissa kannattaa tuoda innostuksensa esiin ja sanoa ajatuksensa \u00e4\u00e4neen, sill\u00e4 ne saattavat toteutua esimerkiksi juuri t\u00e4ll\u00e4 tavalla.<\/p>\n<\/div>\n<\/div>\n<\/div>\n<\/div>\n<\/div>\n<\/div>\n<\/div>\n<\/div>\n<\/div>\n<\/div>\n<div>\n<div id=\"paragraph-383909\" class=\"one-col-layout__container\">\n<div class=\"one-col-layout one-col-layout--half-width\">\n<div class=\"one-col-layout__content\">\n<div class=\"one-col-layout__item\">\n<div class=\"field_content_page field_type_entity_reference_revisions\">\n<div class=\"paragraph paragraph--\">\n<h2 class=\"section-title section-title--\">Lis\u00e4tietoja:<\/h2>\n<div class=\"contact-card__grid contact-card__grid--\">\n<div class=\"contact-card contact-card--grid-item-4 contact-card--vertical\">\n<div class=\"contact-card__image contact-card__image--\" role=\"article\">\n<div class=\"field_media field_type_entity_reference\">\n<div class=\"blazy blazy--field blazy--field-media-image blazy--field-media-image--block-contact-cards blazy--view blazy--view--contact-card-list blazy--view--contact-card-list--block-contact-cards field_media_image field_type_image blazy--on\" data-blazy=\"\">\n<div class=\"media media--bundle--image media--blazy media--responsive media--image\"><img loading=\"lazy\" decoding=\"async\" class=\"alignnone size-full wp-image-617\" src=\"https:\/\/blogs.uef.fi\/fclab-lukio\/wp-content\/uploads\/sites\/133\/2022\/02\/20f54dfa31b36e6e0e9d869ea3c7722f_profile_file_341.jpg\" alt=\"\" width=\"180\" height=\"180\" srcset=\"https:\/\/blogs.uef.fi\/fclab-lukio\/wp-content\/uploads\/sites\/133\/2022\/02\/20f54dfa31b36e6e0e9d869ea3c7722f_profile_file_341.jpg 180w, https:\/\/blogs.uef.fi\/fclab-lukio\/wp-content\/uploads\/sites\/133\/2022\/02\/20f54dfa31b36e6e0e9d869ea3c7722f_profile_file_341-150x150.jpg 150w, https:\/\/blogs.uef.fi\/fclab-lukio\/wp-content\/uploads\/sites\/133\/2022\/02\/20f54dfa31b36e6e0e9d869ea3c7722f_profile_file_341-100x100.jpg 100w\" sizes=\"auto, (max-width: 180px) 100vw, 180px\" \/><\/div>\n<\/div>\n<\/div>\n<\/div>\n<div class=\"contact-card__content contact-card__content--\">\n<h3 class=\"contact-card__title contact-card__title--\">Mari Kuusim\u00e4ki<\/h3>\n<h4 class=\"contact-card__title contact-card__title--\">Lehtori<\/h4>\n<div class=\"contact-card__contact-details contact-card__contact-details--\">\n<p><a class=\"contact-card__email-link contact-card__email-link--\" href=\"mailto:mari.kuusimaki@uef.fi\"> mari.\u200bkuusimaki\u200b@uef.fi <\/a><\/p>\n<p class=\"contact-card__phone contact-card__phone--\">+358503236131<\/p>\n<\/div>\n<\/div>\n<\/div>\n<div class=\"contact-card contact-card--grid-item-4 contact-card--vertical\">\n<div class=\"contact-card__content contact-card__content--\">\n<h3><img loading=\"lazy\" decoding=\"async\" class=\"alignnone size-full wp-image-620\" src=\"https:\/\/blogs.uef.fi\/fclab-lukio\/wp-content\/uploads\/sites\/133\/2022\/02\/94b85c0ed36e84bfb2fde53c8790cf71_profile_file_338.jpg\" alt=\"\" width=\"180\" height=\"180\" srcset=\"https:\/\/blogs.uef.fi\/fclab-lukio\/wp-content\/uploads\/sites\/133\/2022\/02\/94b85c0ed36e84bfb2fde53c8790cf71_profile_file_338.jpg 180w, https:\/\/blogs.uef.fi\/fclab-lukio\/wp-content\/uploads\/sites\/133\/2022\/02\/94b85c0ed36e84bfb2fde53c8790cf71_profile_file_338-150x150.jpg 150w, https:\/\/blogs.uef.fi\/fclab-lukio\/wp-content\/uploads\/sites\/133\/2022\/02\/94b85c0ed36e84bfb2fde53c8790cf71_profile_file_338-100x100.jpg 100w\" sizes=\"auto, (max-width: 180px) 100vw, 180px\" \/><\/h3>\n<h3>Sampo Forsstr\u00f6m<\/h3>\n<h4 class=\"contact-card__subtitle contact-card__subtitle--\">Lehtori<\/h4>\n<div class=\"contact-card__contact-details contact-card__contact-details--\">\n<p><a class=\"contact-card__email-link contact-card__email-link--\" href=\"mailto:sampo.forsstrom@uef.fi\"> sampo.\u200bforsstrom\u200b@uef.fi <\/a><\/p>\n<p class=\"contact-card__phone contact-card__phone--\">+358504422262<\/p>\n<\/div>\n<div class=\"link-block link-block--no-padding-left link-block--no-padding-right has-secondary-color-icon\"><\/div>\n<\/div>\n<\/div>\n<\/div>\n<\/div>\n<\/div>\n<\/div>\n<\/div>\n<\/div>\n<\/div>\n<\/div>\n<\/div>\n<div class=\"keywords-container keywords-container--\">\n<h3 class=\"keywords-container__title keywords-container__title--\">Avainsanat<\/h3>\n<ul class=\"keywords__items keywords__items--\">\n<li class=\"keywords__item keywords__item--\"><a class=\"keywords__link keywords__link--\" href=\"feature_article\"> Koulu <\/a><\/li>\n<li class=\"keywords__item keywords__item--\"><a class=\"keywords__link keywords__link--\" href=\"feature_article\"> oppiminen <\/a><\/li>\n<li class=\"keywords__item keywords__item--\"><a class=\"keywords__link keywords__link--\" href=\"feature_article\"> Oppimisymp\u00e4rist\u00f6t<\/a><\/li>\n<\/ul>\n<\/div>\n<\/article>\n<\/div>\n","protected":false},"excerpt":{"rendered":"<p>23.11.2021 Teksti Nina Venhe | Kuvat Varpu Heiskanen Pelimaailmassa immersio-termi viittaa siihen, ettei pelaaja havainnoi pelin aikana ulkopuolista maailmaa, vaan uppoutuu ja syventyy pelk\u00e4st\u00e4\u00e4n pelaamiseen. Normaalikoulun lukiossa kokeillaan nyt, voisiko virtuaalitodellisuutta soveltaa koulussa niin, ett\u00e4 oppilaat saisivat t\u00e4ydellisen immersion kokemuksia oppituntien aikana. It\u00e4-Suomen yliopiston harjoittelukoulun, normaalikoulun lukion englannin lehtori Mari Kuusim\u00e4ki kiinnostui immersiosta joitakin vuosia [&hellip;]<\/p>\n","protected":false},"author":337,"featured_media":611,"comment_status":"closed","ping_status":"closed","sticky":false,"template":"","format":"standard","meta":{"_acf_changed":false,"footnotes":""},"categories":[3],"tags":[59,5,56,23,26,20,17],"class_list":["post-608","post","type-post","status-publish","format-standard","has-post-thumbnail","hentry","category-uutinen","tag-fclab","tag-immersiivinen","tag-immersiivisyys","tag-koulu","tag-oppiminen","tag-oppimisymparistot","tag-vr"],"acf":[],"yoast_head":"<!-- This site is optimized with the Yoast SEO plugin v27.3 - https:\/\/yoast.com\/product\/yoast-seo-wordpress\/ -->\n<title>Moniaistillisia ja kehollisia oppimiskokemuksia norssin uusissa tiloissa - FCLab lukio<\/title>\n<meta name=\"robots\" content=\"index, follow, max-snippet:-1, max-image-preview:large, max-video-preview:-1\" \/>\n<link rel=\"canonical\" href=\"https:\/\/blogs.uef.fi\/fclab-lukio\/2021\/11\/23\/moniaistillisia-ja-kehollisia-oppimiskokemuksia-norssin-uusissa-tiloissa\/\" \/>\n<meta property=\"og:locale\" content=\"fi_FI\" \/>\n<meta property=\"og:type\" content=\"article\" \/>\n<meta property=\"og:title\" content=\"Moniaistillisia ja kehollisia oppimiskokemuksia norssin uusissa tiloissa - FCLab lukio\" \/>\n<meta property=\"og:description\" content=\"23.11.2021 Teksti Nina Venhe | Kuvat Varpu Heiskanen Pelimaailmassa immersio-termi viittaa siihen, ettei pelaaja havainnoi pelin aikana ulkopuolista maailmaa, vaan uppoutuu ja syventyy pelk\u00e4st\u00e4\u00e4n pelaamiseen. Normaalikoulun lukiossa kokeillaan nyt, voisiko virtuaalitodellisuutta soveltaa koulussa niin, ett\u00e4 oppilaat saisivat t\u00e4ydellisen immersion kokemuksia oppituntien aikana. It\u00e4-Suomen yliopiston harjoittelukoulun, normaalikoulun lukion englannin lehtori Mari Kuusim\u00e4ki kiinnostui immersiosta joitakin vuosia [&hellip;]\" \/>\n<meta property=\"og:url\" content=\"https:\/\/blogs.uef.fi\/fclab-lukio\/2021\/11\/23\/moniaistillisia-ja-kehollisia-oppimiskokemuksia-norssin-uusissa-tiloissa\/\" \/>\n<meta property=\"og:site_name\" content=\"FCLab lukio\" \/>\n<meta property=\"article:published_time\" content=\"2021-11-23T16:37:26+00:00\" \/>\n<meta property=\"article:modified_time\" content=\"2023-01-31T11:04:43+00:00\" \/>\n<meta property=\"og:image\" content=\"https:\/\/blogs.uef.fi\/fclab-lukio\/wp-content\/uploads\/sites\/133\/2022\/02\/Filo_Norssi_Tulliportti_lukio_FCLab_3112-1-e1645127278608.jpg\" \/>\n\t<meta property=\"og:image:width\" content=\"659\" \/>\n\t<meta property=\"og:image:height\" content=\"544\" \/>\n\t<meta property=\"og:image:type\" content=\"image\/jpeg\" \/>\n<meta name=\"author\" content=\"FCLab-tiimi\" \/>\n<meta name=\"twitter:card\" content=\"summary_large_image\" \/>\n<meta name=\"twitter:label1\" content=\"Kirjoittanut\" \/>\n\t<meta name=\"twitter:data1\" content=\"FCLab-tiimi\" \/>\n\t<meta name=\"twitter:label2\" content=\"Arvioitu lukuaika\" \/>\n\t<meta name=\"twitter:data2\" content=\"6 minuuttia\" \/>\n<script type=\"application\/ld+json\" class=\"yoast-schema-graph\">{\"@context\":\"https:\\\/\\\/schema.org\",\"@graph\":[{\"@type\":\"Article\",\"@id\":\"https:\\\/\\\/blogs.uef.fi\\\/fclab-lukio\\\/2021\\\/11\\\/23\\\/moniaistillisia-ja-kehollisia-oppimiskokemuksia-norssin-uusissa-tiloissa\\\/#article\",\"isPartOf\":{\"@id\":\"https:\\\/\\\/blogs.uef.fi\\\/fclab-lukio\\\/2021\\\/11\\\/23\\\/moniaistillisia-ja-kehollisia-oppimiskokemuksia-norssin-uusissa-tiloissa\\\/\"},\"author\":{\"name\":\"FCLab-tiimi\",\"@id\":\"https:\\\/\\\/blogs.uef.fi\\\/fclab-lukio\\\/#\\\/schema\\\/person\\\/450468e27ec2d6d43d95bd88f9c85fc1\"},\"headline\":\"Moniaistillisia ja kehollisia oppimiskokemuksia norssin uusissa tiloissa\",\"datePublished\":\"2021-11-23T16:37:26+00:00\",\"dateModified\":\"2023-01-31T11:04:43+00:00\",\"mainEntityOfPage\":{\"@id\":\"https:\\\/\\\/blogs.uef.fi\\\/fclab-lukio\\\/2021\\\/11\\\/23\\\/moniaistillisia-ja-kehollisia-oppimiskokemuksia-norssin-uusissa-tiloissa\\\/\"},\"wordCount\":874,\"image\":{\"@id\":\"https:\\\/\\\/blogs.uef.fi\\\/fclab-lukio\\\/2021\\\/11\\\/23\\\/moniaistillisia-ja-kehollisia-oppimiskokemuksia-norssin-uusissa-tiloissa\\\/#primaryimage\"},\"thumbnailUrl\":\"https:\\\/\\\/blogs.uef.fi\\\/fclab-lukio\\\/wp-content\\\/uploads\\\/sites\\\/133\\\/2022\\\/02\\\/Filo_Norssi_Tulliportti_lukio_FCLab_3112-1-e1645127278608.jpg\",\"keywords\":[\"fclab\",\"immersiivinen\",\"immersiivisyys\",\"koulu\",\"oppiminen\",\"oppimisymp\u00e4rist\u00f6t\",\"VR\"],\"articleSection\":[\"Uutinen\"],\"inLanguage\":\"fi\"},{\"@type\":\"WebPage\",\"@id\":\"https:\\\/\\\/blogs.uef.fi\\\/fclab-lukio\\\/2021\\\/11\\\/23\\\/moniaistillisia-ja-kehollisia-oppimiskokemuksia-norssin-uusissa-tiloissa\\\/\",\"url\":\"https:\\\/\\\/blogs.uef.fi\\\/fclab-lukio\\\/2021\\\/11\\\/23\\\/moniaistillisia-ja-kehollisia-oppimiskokemuksia-norssin-uusissa-tiloissa\\\/\",\"name\":\"Moniaistillisia ja kehollisia oppimiskokemuksia norssin uusissa tiloissa - FCLab lukio\",\"isPartOf\":{\"@id\":\"https:\\\/\\\/blogs.uef.fi\\\/fclab-lukio\\\/#website\"},\"primaryImageOfPage\":{\"@id\":\"https:\\\/\\\/blogs.uef.fi\\\/fclab-lukio\\\/2021\\\/11\\\/23\\\/moniaistillisia-ja-kehollisia-oppimiskokemuksia-norssin-uusissa-tiloissa\\\/#primaryimage\"},\"image\":{\"@id\":\"https:\\\/\\\/blogs.uef.fi\\\/fclab-lukio\\\/2021\\\/11\\\/23\\\/moniaistillisia-ja-kehollisia-oppimiskokemuksia-norssin-uusissa-tiloissa\\\/#primaryimage\"},\"thumbnailUrl\":\"https:\\\/\\\/blogs.uef.fi\\\/fclab-lukio\\\/wp-content\\\/uploads\\\/sites\\\/133\\\/2022\\\/02\\\/Filo_Norssi_Tulliportti_lukio_FCLab_3112-1-e1645127278608.jpg\",\"datePublished\":\"2021-11-23T16:37:26+00:00\",\"dateModified\":\"2023-01-31T11:04:43+00:00\",\"author\":{\"@id\":\"https:\\\/\\\/blogs.uef.fi\\\/fclab-lukio\\\/#\\\/schema\\\/person\\\/450468e27ec2d6d43d95bd88f9c85fc1\"},\"breadcrumb\":{\"@id\":\"https:\\\/\\\/blogs.uef.fi\\\/fclab-lukio\\\/2021\\\/11\\\/23\\\/moniaistillisia-ja-kehollisia-oppimiskokemuksia-norssin-uusissa-tiloissa\\\/#breadcrumb\"},\"inLanguage\":\"fi\",\"potentialAction\":[{\"@type\":\"ReadAction\",\"target\":[\"https:\\\/\\\/blogs.uef.fi\\\/fclab-lukio\\\/2021\\\/11\\\/23\\\/moniaistillisia-ja-kehollisia-oppimiskokemuksia-norssin-uusissa-tiloissa\\\/\"]}]},{\"@type\":\"ImageObject\",\"inLanguage\":\"fi\",\"@id\":\"https:\\\/\\\/blogs.uef.fi\\\/fclab-lukio\\\/2021\\\/11\\\/23\\\/moniaistillisia-ja-kehollisia-oppimiskokemuksia-norssin-uusissa-tiloissa\\\/#primaryimage\",\"url\":\"https:\\\/\\\/blogs.uef.fi\\\/fclab-lukio\\\/wp-content\\\/uploads\\\/sites\\\/133\\\/2022\\\/02\\\/Filo_Norssi_Tulliportti_lukio_FCLab_3112-1-e1645127278608.jpg\",\"contentUrl\":\"https:\\\/\\\/blogs.uef.fi\\\/fclab-lukio\\\/wp-content\\\/uploads\\\/sites\\\/133\\\/2022\\\/02\\\/Filo_Norssi_Tulliportti_lukio_FCLab_3112-1-e1645127278608.jpg\",\"width\":659,\"height\":544},{\"@type\":\"BreadcrumbList\",\"@id\":\"https:\\\/\\\/blogs.uef.fi\\\/fclab-lukio\\\/2021\\\/11\\\/23\\\/moniaistillisia-ja-kehollisia-oppimiskokemuksia-norssin-uusissa-tiloissa\\\/#breadcrumb\",\"itemListElement\":[{\"@type\":\"ListItem\",\"position\":1,\"name\":\"Home\",\"item\":\"https:\\\/\\\/blogs.uef.fi\\\/fclab-lukio\\\/\"},{\"@type\":\"ListItem\",\"position\":2,\"name\":\"Moniaistillisia ja kehollisia oppimiskokemuksia norssin uusissa tiloissa\"}]},{\"@type\":\"WebSite\",\"@id\":\"https:\\\/\\\/blogs.uef.fi\\\/fclab-lukio\\\/#website\",\"url\":\"https:\\\/\\\/blogs.uef.fi\\\/fclab-lukio\\\/\",\"name\":\"FCLab lukio\",\"description\":\"\",\"potentialAction\":[{\"@type\":\"SearchAction\",\"target\":{\"@type\":\"EntryPoint\",\"urlTemplate\":\"https:\\\/\\\/blogs.uef.fi\\\/fclab-lukio\\\/?s={search_term_string}\"},\"query-input\":{\"@type\":\"PropertyValueSpecification\",\"valueRequired\":true,\"valueName\":\"search_term_string\"}}],\"inLanguage\":\"fi\"},{\"@type\":\"Person\",\"@id\":\"https:\\\/\\\/blogs.uef.fi\\\/fclab-lukio\\\/#\\\/schema\\\/person\\\/450468e27ec2d6d43d95bd88f9c85fc1\",\"name\":\"FCLab-tiimi\",\"url\":\"https:\\\/\\\/blogs.uef.fi\\\/fclab-lukio\\\/author\\\/marikuu\\\/\"}]}<\/script>\n<!-- \/ Yoast SEO plugin. -->","yoast_head_json":{"title":"Moniaistillisia ja kehollisia oppimiskokemuksia norssin uusissa tiloissa - FCLab lukio","robots":{"index":"index","follow":"follow","max-snippet":"max-snippet:-1","max-image-preview":"max-image-preview:large","max-video-preview":"max-video-preview:-1"},"canonical":"https:\/\/blogs.uef.fi\/fclab-lukio\/2021\/11\/23\/moniaistillisia-ja-kehollisia-oppimiskokemuksia-norssin-uusissa-tiloissa\/","og_locale":"fi_FI","og_type":"article","og_title":"Moniaistillisia ja kehollisia oppimiskokemuksia norssin uusissa tiloissa - FCLab lukio","og_description":"23.11.2021 Teksti Nina Venhe | Kuvat Varpu Heiskanen Pelimaailmassa immersio-termi viittaa siihen, ettei pelaaja havainnoi pelin aikana ulkopuolista maailmaa, vaan uppoutuu ja syventyy pelk\u00e4st\u00e4\u00e4n pelaamiseen. Normaalikoulun lukiossa kokeillaan nyt, voisiko virtuaalitodellisuutta soveltaa koulussa niin, ett\u00e4 oppilaat saisivat t\u00e4ydellisen immersion kokemuksia oppituntien aikana. It\u00e4-Suomen yliopiston harjoittelukoulun, normaalikoulun lukion englannin lehtori Mari Kuusim\u00e4ki kiinnostui immersiosta joitakin vuosia [&hellip;]","og_url":"https:\/\/blogs.uef.fi\/fclab-lukio\/2021\/11\/23\/moniaistillisia-ja-kehollisia-oppimiskokemuksia-norssin-uusissa-tiloissa\/","og_site_name":"FCLab lukio","article_published_time":"2021-11-23T16:37:26+00:00","article_modified_time":"2023-01-31T11:04:43+00:00","og_image":[{"width":659,"height":544,"url":"https:\/\/blogs.uef.fi\/fclab-lukio\/wp-content\/uploads\/sites\/133\/2022\/02\/Filo_Norssi_Tulliportti_lukio_FCLab_3112-1-e1645127278608.jpg","type":"image\/jpeg"}],"author":"FCLab-tiimi","twitter_card":"summary_large_image","twitter_misc":{"Kirjoittanut":"FCLab-tiimi","Arvioitu lukuaika":"6 minuuttia"},"schema":{"@context":"https:\/\/schema.org","@graph":[{"@type":"Article","@id":"https:\/\/blogs.uef.fi\/fclab-lukio\/2021\/11\/23\/moniaistillisia-ja-kehollisia-oppimiskokemuksia-norssin-uusissa-tiloissa\/#article","isPartOf":{"@id":"https:\/\/blogs.uef.fi\/fclab-lukio\/2021\/11\/23\/moniaistillisia-ja-kehollisia-oppimiskokemuksia-norssin-uusissa-tiloissa\/"},"author":{"name":"FCLab-tiimi","@id":"https:\/\/blogs.uef.fi\/fclab-lukio\/#\/schema\/person\/450468e27ec2d6d43d95bd88f9c85fc1"},"headline":"Moniaistillisia ja kehollisia oppimiskokemuksia norssin uusissa tiloissa","datePublished":"2021-11-23T16:37:26+00:00","dateModified":"2023-01-31T11:04:43+00:00","mainEntityOfPage":{"@id":"https:\/\/blogs.uef.fi\/fclab-lukio\/2021\/11\/23\/moniaistillisia-ja-kehollisia-oppimiskokemuksia-norssin-uusissa-tiloissa\/"},"wordCount":874,"image":{"@id":"https:\/\/blogs.uef.fi\/fclab-lukio\/2021\/11\/23\/moniaistillisia-ja-kehollisia-oppimiskokemuksia-norssin-uusissa-tiloissa\/#primaryimage"},"thumbnailUrl":"https:\/\/blogs.uef.fi\/fclab-lukio\/wp-content\/uploads\/sites\/133\/2022\/02\/Filo_Norssi_Tulliportti_lukio_FCLab_3112-1-e1645127278608.jpg","keywords":["fclab","immersiivinen","immersiivisyys","koulu","oppiminen","oppimisymp\u00e4rist\u00f6t","VR"],"articleSection":["Uutinen"],"inLanguage":"fi"},{"@type":"WebPage","@id":"https:\/\/blogs.uef.fi\/fclab-lukio\/2021\/11\/23\/moniaistillisia-ja-kehollisia-oppimiskokemuksia-norssin-uusissa-tiloissa\/","url":"https:\/\/blogs.uef.fi\/fclab-lukio\/2021\/11\/23\/moniaistillisia-ja-kehollisia-oppimiskokemuksia-norssin-uusissa-tiloissa\/","name":"Moniaistillisia ja kehollisia oppimiskokemuksia norssin uusissa tiloissa - FCLab lukio","isPartOf":{"@id":"https:\/\/blogs.uef.fi\/fclab-lukio\/#website"},"primaryImageOfPage":{"@id":"https:\/\/blogs.uef.fi\/fclab-lukio\/2021\/11\/23\/moniaistillisia-ja-kehollisia-oppimiskokemuksia-norssin-uusissa-tiloissa\/#primaryimage"},"image":{"@id":"https:\/\/blogs.uef.fi\/fclab-lukio\/2021\/11\/23\/moniaistillisia-ja-kehollisia-oppimiskokemuksia-norssin-uusissa-tiloissa\/#primaryimage"},"thumbnailUrl":"https:\/\/blogs.uef.fi\/fclab-lukio\/wp-content\/uploads\/sites\/133\/2022\/02\/Filo_Norssi_Tulliportti_lukio_FCLab_3112-1-e1645127278608.jpg","datePublished":"2021-11-23T16:37:26+00:00","dateModified":"2023-01-31T11:04:43+00:00","author":{"@id":"https:\/\/blogs.uef.fi\/fclab-lukio\/#\/schema\/person\/450468e27ec2d6d43d95bd88f9c85fc1"},"breadcrumb":{"@id":"https:\/\/blogs.uef.fi\/fclab-lukio\/2021\/11\/23\/moniaistillisia-ja-kehollisia-oppimiskokemuksia-norssin-uusissa-tiloissa\/#breadcrumb"},"inLanguage":"fi","potentialAction":[{"@type":"ReadAction","target":["https:\/\/blogs.uef.fi\/fclab-lukio\/2021\/11\/23\/moniaistillisia-ja-kehollisia-oppimiskokemuksia-norssin-uusissa-tiloissa\/"]}]},{"@type":"ImageObject","inLanguage":"fi","@id":"https:\/\/blogs.uef.fi\/fclab-lukio\/2021\/11\/23\/moniaistillisia-ja-kehollisia-oppimiskokemuksia-norssin-uusissa-tiloissa\/#primaryimage","url":"https:\/\/blogs.uef.fi\/fclab-lukio\/wp-content\/uploads\/sites\/133\/2022\/02\/Filo_Norssi_Tulliportti_lukio_FCLab_3112-1-e1645127278608.jpg","contentUrl":"https:\/\/blogs.uef.fi\/fclab-lukio\/wp-content\/uploads\/sites\/133\/2022\/02\/Filo_Norssi_Tulliportti_lukio_FCLab_3112-1-e1645127278608.jpg","width":659,"height":544},{"@type":"BreadcrumbList","@id":"https:\/\/blogs.uef.fi\/fclab-lukio\/2021\/11\/23\/moniaistillisia-ja-kehollisia-oppimiskokemuksia-norssin-uusissa-tiloissa\/#breadcrumb","itemListElement":[{"@type":"ListItem","position":1,"name":"Home","item":"https:\/\/blogs.uef.fi\/fclab-lukio\/"},{"@type":"ListItem","position":2,"name":"Moniaistillisia ja kehollisia oppimiskokemuksia norssin uusissa tiloissa"}]},{"@type":"WebSite","@id":"https:\/\/blogs.uef.fi\/fclab-lukio\/#website","url":"https:\/\/blogs.uef.fi\/fclab-lukio\/","name":"FCLab lukio","description":"","potentialAction":[{"@type":"SearchAction","target":{"@type":"EntryPoint","urlTemplate":"https:\/\/blogs.uef.fi\/fclab-lukio\/?s={search_term_string}"},"query-input":{"@type":"PropertyValueSpecification","valueRequired":true,"valueName":"search_term_string"}}],"inLanguage":"fi"},{"@type":"Person","@id":"https:\/\/blogs.uef.fi\/fclab-lukio\/#\/schema\/person\/450468e27ec2d6d43d95bd88f9c85fc1","name":"FCLab-tiimi","url":"https:\/\/blogs.uef.fi\/fclab-lukio\/author\/marikuu\/"}]}},"_links":{"self":[{"href":"https:\/\/blogs.uef.fi\/fclab-lukio\/wp-json\/wp\/v2\/posts\/608","targetHints":{"allow":["GET"]}}],"collection":[{"href":"https:\/\/blogs.uef.fi\/fclab-lukio\/wp-json\/wp\/v2\/posts"}],"about":[{"href":"https:\/\/blogs.uef.fi\/fclab-lukio\/wp-json\/wp\/v2\/types\/post"}],"author":[{"embeddable":true,"href":"https:\/\/blogs.uef.fi\/fclab-lukio\/wp-json\/wp\/v2\/users\/337"}],"replies":[{"embeddable":true,"href":"https:\/\/blogs.uef.fi\/fclab-lukio\/wp-json\/wp\/v2\/comments?post=608"}],"version-history":[{"count":2,"href":"https:\/\/blogs.uef.fi\/fclab-lukio\/wp-json\/wp\/v2\/posts\/608\/revisions"}],"predecessor-version":[{"id":662,"href":"https:\/\/blogs.uef.fi\/fclab-lukio\/wp-json\/wp\/v2\/posts\/608\/revisions\/662"}],"wp:featuredmedia":[{"embeddable":true,"href":"https:\/\/blogs.uef.fi\/fclab-lukio\/wp-json\/wp\/v2\/media\/611"}],"wp:attachment":[{"href":"https:\/\/blogs.uef.fi\/fclab-lukio\/wp-json\/wp\/v2\/media?parent=608"}],"wp:term":[{"taxonomy":"category","embeddable":true,"href":"https:\/\/blogs.uef.fi\/fclab-lukio\/wp-json\/wp\/v2\/categories?post=608"},{"taxonomy":"post_tag","embeddable":true,"href":"https:\/\/blogs.uef.fi\/fclab-lukio\/wp-json\/wp\/v2\/tags?post=608"}],"curies":[{"name":"wp","href":"https:\/\/api.w.org\/{rel}","templated":true}]}}