{"id":50,"date":"2020-12-08T12:47:27","date_gmt":"2020-12-08T10:47:27","guid":{"rendered":"https:\/\/blogs.uef.fi\/fclab-lukio\/?p=50"},"modified":"2021-01-19T17:07:08","modified_gmt":"2021-01-19T15:07:08","slug":"yhdessa-kohti-monikayttoisia-tiloja","status":"publish","type":"post","link":"https:\/\/blogs.uef.fi\/fclab-lukio\/2020\/12\/08\/yhdessa-kohti-monikayttoisia-tiloja\/","title":{"rendered":"Yhdess\u00e4 kohti monik\u00e4ytt\u00f6isi\u00e4 tiloja"},"content":{"rendered":"<p><span data-contrast=\"auto\">Tulliportin normaalikoulun uusien tilojen toivotaan olevan monik\u00e4ytt\u00f6isi\u00e4 ja koko koulun yhteisi\u00e4. Jotta jokainen kokisi tilat omikseen, olemme <\/span><span data-contrast=\"auto\">matkan varrella pyrkineet\u00a0<\/span><span data-contrast=\"auto\">osallistamaan<\/span><span data-contrast=\"auto\">\u00a0opiskelijoita, ope<\/span><span data-contrast=\"auto\">t<\/span><span data-contrast=\"auto\">usharjoittelijoita ja opett<\/span><span data-contrast=\"auto\">ajia.<\/span><span data-contrast=\"auto\">\u00a0<\/span><span data-contrast=\"auto\">Tiloja tullaan k\u00e4ytt\u00e4m\u00e4\u00e4n ainakin itsen\u00e4iseen opiskeluun ja hyppytuntien viettoon<\/span><span data-contrast=\"auto\">\u00a0lukiolaisten toimesta<\/span><span data-contrast=\"auto\">.<\/span><span data-contrast=\"auto\">\u00a0<\/span><span data-contrast=\"auto\">\u00a0Harjoittelijat k\u00e4yv\u00e4t niiss\u00e4 ohjaajiensa kanssa ohjauskeskusteluja ja suunnittelevat tuntejaan. Opettajat k\u00e4yv\u00e4t tiloissa<\/span><span data-contrast=\"auto\">\u00a0keskusteluja harjoittelijoiden, lukiolaisten ja toistensa kanssa.\u00a0<\/span><span data-contrast=\"auto\">My\u00f6s o<\/span><span data-contrast=\"auto\">pinto-ohjaajat tarvitsevat uudenlaisia tiloja <\/span><span data-contrast=\"auto\">ohjauksen toteuttamiseen.<\/span><span data-ccp-props=\"{&quot;201341983&quot;:0,&quot;335559739&quot;:160,&quot;335559740&quot;:259}\">\u00a0<\/span><\/p>\n<p><span data-contrast=\"auto\">Lukion opiskelijat kuvailivat omaa lempipaikkaansa<\/span><span data-contrast=\"auto\"> luonnossa mets\u00e4ksi ja hiljaiseksi j\u00e4rvenrannaksi.\u00a0<\/span><span data-contrast=\"auto\">\u00a0<\/span><span data-contrast=\"auto\">Seuraavaksi kysyttiin, mit\u00e4<\/span><span data-contrast=\"auto\"> elementtej\u00e4 mielipaikka-ajatuksesta<\/span><span data-contrast=\"auto\">\u00a0<\/span><span data-contrast=\"auto\">voisi ottaa tilan suunnitteluun ja sisustukseen<\/span><span data-contrast=\"auto\">.<\/span><span data-ccp-props=\"{&quot;201341983&quot;:0,&quot;335559739&quot;:160,&quot;335559740&quot;:259}\">\u00a0<\/span><\/p>\n<p><span data-ccp-props=\"{&quot;201341983&quot;:0,&quot;335559739&quot;:160,&quot;335559740&quot;:259}\"><img loading=\"lazy\" decoding=\"async\" class=\"alignnone size-medium wp-image-41\" src=\"https:\/\/blogs.uef.fi\/fclab-lukio\/wp-content\/uploads\/sites\/133\/2020\/12\/mentimeteropiskelijat-300x139.png\" alt=\"\" width=\"300\" height=\"139\" srcset=\"https:\/\/blogs.uef.fi\/fclab-lukio\/wp-content\/uploads\/sites\/133\/2020\/12\/mentimeteropiskelijat-300x139.png 300w, https:\/\/blogs.uef.fi\/fclab-lukio\/wp-content\/uploads\/sites\/133\/2020\/12\/mentimeteropiskelijat-768x356.png 768w, https:\/\/blogs.uef.fi\/fclab-lukio\/wp-content\/uploads\/sites\/133\/2020\/12\/mentimeteropiskelijat.png 929w\" sizes=\"auto, (max-width: 300px) 100vw, 300px\" \/>\u00a0<\/span><\/p>\n<p><span data-contrast=\"auto\">Opetusharjoittelijat p\u00e4\u00e4siv\u00e4t mukaan jo prosessin alussa kuvailemalla\u00a0<\/span><span data-contrast=\"auto\">itselleen miellytt\u00e4v\u00e4\u00e4 fyysist\u00e4 ohjausymp\u00e4rist\u00f6\u00e4.\u00a0<\/span><span data-contrast=\"auto\">\u00a0<\/span><span data-contrast=\"auto\">Vastauksissa nousivat esille\u00a0<\/span><span data-contrast=\"auto\">erityisesti\u00a0<\/span><span data-contrast=\"auto\">yksityisyys<\/span><span data-contrast=\"auto\">\u00a0ja rauha.<\/span><span data-contrast=\"auto\">\u00a0Muita hyvin konkreettisia vaatimuksia tiloille olivat miellytt\u00e4v\u00e4t istuimet<\/span><span data-contrast=\"auto\">, hyv\u00e4 ilmanvaihto ja riitt\u00e4v\u00e4 valaistus.<\/span><span data-contrast=\"auto\">\u00a0<\/span><span data-contrast=\"auto\">N\u00e4iden<\/span><span data-contrast=\"auto\">\u00a0<\/span><span data-contrast=\"auto\">ideoiden pohjalta l\u00e4hdettiin rakentamaan\u00a0<\/span><span data-contrast=\"auto\">suunnitelmia<\/span><span data-contrast=\"auto\"> erityisesti k\u00e4yt\u00e4vien p\u00e4\u00e4tyjen sisustamiseen.<\/span><span data-ccp-props=\"{&quot;201341983&quot;:0,&quot;335559739&quot;:160,&quot;335559740&quot;:259}\">\u00a0<\/span><\/p>\n<p><img loading=\"lazy\" decoding=\"async\" class=\"alignnone size-medium wp-image-38\" src=\"https:\/\/blogs.uef.fi\/fclab-lukio\/wp-content\/uploads\/sites\/133\/2020\/12\/mentimeterharkat-300x113.png\" alt=\"\" width=\"300\" height=\"113\" srcset=\"https:\/\/blogs.uef.fi\/fclab-lukio\/wp-content\/uploads\/sites\/133\/2020\/12\/mentimeterharkat-300x113.png 300w, https:\/\/blogs.uef.fi\/fclab-lukio\/wp-content\/uploads\/sites\/133\/2020\/12\/mentimeterharkat-1024x384.png 1024w, https:\/\/blogs.uef.fi\/fclab-lukio\/wp-content\/uploads\/sites\/133\/2020\/12\/mentimeterharkat-768x288.png 768w, https:\/\/blogs.uef.fi\/fclab-lukio\/wp-content\/uploads\/sites\/133\/2020\/12\/mentimeterharkat.png 1173w\" sizes=\"auto, (max-width: 300px) 100vw, 300px\" \/><\/p>\n<p><span data-contrast=\"auto\">Pehmeys, rauha ja hiljaisuus olivat yhteisi\u00e4 teemoja opetusharjoittelijoiden ja lukiolaisten vastauksissa. Toiveisiin pyrit\u00e4\u00e4n vastaamaan\u00a0<\/span><span data-contrast=\"auto\">kiinnitt\u00e4m\u00e4l<\/span><span data-contrast=\"auto\">l\u00e4\u00a0erityist\u00e4<\/span><span data-contrast=\"auto\">\u00a0huomiota tilojen akustiikkaan ja k\u00e4ytt\u00e4m\u00e4ll\u00e4 lattio<\/span><span data-contrast=\"auto\">i<\/span><span data-contrast=\"auto\">ssa mattoa<\/span><span data-contrast=\"auto\"> alueen rajaamiseksi<\/span><span data-contrast=\"auto\">.<\/span><span data-ccp-props=\"{&quot;201341983&quot;:0,&quot;335559739&quot;:160,&quot;335559740&quot;:259}\">\u00a0<\/span><\/p>\n<p><span data-contrast=\"auto\">Opettajainkokouksessa 26.11. ker\u00e4simme opettajilta ideoita tiloihin ja keskuste<\/span><span data-contrast=\"auto\">limme niiden k\u00e4yt\u00f6st\u00e4.<\/span><span data-ccp-props=\"{&quot;201341983&quot;:0,&quot;335559739&quot;:160,&quot;335559740&quot;:259}\">\u00a0<\/span><\/p>\n<p><span data-contrast=\"auto\">Yhteinen keskustelu nosti esiin\u00a0<\/span><span data-contrast=\"auto\">voimakasta omistajuutta tiloista ja<\/span><span data-contrast=\"auto\">\u00a0pelkoja<\/span><span data-contrast=\"auto\">\u00a0tiettyjen tilojen menett\u00e4misest\u00e4<\/span><span data-contrast=\"auto\">\u00a0uudenlaiseen k\u00e4ytt\u00f6\u00f6n tai uusille k\u00e4ytt\u00e4j\u00e4ryhmille.<\/span><span data-contrast=\"auto\">\u00a0Suunnitelmien edetess\u00e4 olemme osanneet paremmin ottaa keskusteluun m<\/span><span data-contrast=\"auto\">ukaan<\/span><span data-contrast=\"auto\">\u00a0tulevaa k\u00e4ytt\u00e4j\u00e4kuntaa.<\/span><span data-ccp-props=\"{&quot;201341983&quot;:0,&quot;335559739&quot;:160,&quot;335559740&quot;:259}\">\u00a0<\/span><\/p>\n<p><span data-contrast=\"auto\">Saatuamme alustavia suunnitelmia olemme k\u00e4yneet niit\u00e4 l\u00e4pi tulevien k\u00e4ytt\u00e4jien kanssa ja\u00a0<\/span><span data-contrast=\"auto\">pyyt\u00e4neet kehitysehdotuksia.<\/span><span data-ccp-props=\"{&quot;201341983&quot;:0,&quot;335559739&quot;:160,&quot;335559740&quot;:259}\">\u00a0<\/span><\/p>\n<p><strong>Annukka Juutinen<\/strong><\/p>\n","protected":false},"excerpt":{"rendered":"<p>Tulliportin normaalikoulun uusien tilojen toivotaan olevan monik\u00e4ytt\u00f6isi\u00e4 ja koko koulun yhteisi\u00e4. Jotta jokainen kokisi tilat omikseen, olemme matkan varrella pyrkineet\u00a0osallistamaan\u00a0opiskelijoita, opetusharjoittelijoita ja opettajia.\u00a0Tiloja tullaan k\u00e4ytt\u00e4m\u00e4\u00e4n ainakin itsen\u00e4iseen opiskeluun ja hyppytuntien viettoon\u00a0lukiolaisten toimesta.\u00a0\u00a0Harjoittelijat k\u00e4yv\u00e4t niiss\u00e4 ohjaajiensa kanssa ohjauskeskusteluja ja suunnittelevat tuntejaan. Opettajat k\u00e4yv\u00e4t tiloissa\u00a0keskusteluja harjoittelijoiden, lukiolaisten ja toistensa kanssa.\u00a0My\u00f6s opinto-ohjaajat tarvitsevat uudenlaisia tiloja ohjauksen toteuttamiseen.\u00a0 Lukion [&hellip;]<\/p>\n","protected":false},"author":337,"featured_media":0,"comment_status":"closed","ping_status":"closed","sticky":false,"template":"","format":"standard","meta":{"_acf_changed":false,"footnotes":""},"categories":[1],"tags":[],"class_list":["post-50","post","type-post","status-publish","format-standard","hentry","category-uncategorized"],"acf":[],"yoast_head":"<!-- This site is optimized with the Yoast SEO plugin v27.3 - https:\/\/yoast.com\/product\/yoast-seo-wordpress\/ -->\n<title>Yhdess\u00e4 kohti monik\u00e4ytt\u00f6isi\u00e4 tiloja - FCLab lukio<\/title>\n<meta name=\"robots\" content=\"index, follow, max-snippet:-1, max-image-preview:large, max-video-preview:-1\" \/>\n<link rel=\"canonical\" href=\"https:\/\/blogs.uef.fi\/fclab-lukio\/2020\/12\/08\/yhdessa-kohti-monikayttoisia-tiloja\/\" \/>\n<meta property=\"og:locale\" content=\"fi_FI\" \/>\n<meta property=\"og:type\" content=\"article\" \/>\n<meta property=\"og:title\" content=\"Yhdess\u00e4 kohti monik\u00e4ytt\u00f6isi\u00e4 tiloja - FCLab lukio\" \/>\n<meta property=\"og:description\" content=\"Tulliportin normaalikoulun uusien tilojen toivotaan olevan monik\u00e4ytt\u00f6isi\u00e4 ja koko koulun yhteisi\u00e4. Jotta jokainen kokisi tilat omikseen, olemme matkan varrella pyrkineet\u00a0osallistamaan\u00a0opiskelijoita, opetusharjoittelijoita ja opettajia.\u00a0Tiloja tullaan k\u00e4ytt\u00e4m\u00e4\u00e4n ainakin itsen\u00e4iseen opiskeluun ja hyppytuntien viettoon\u00a0lukiolaisten toimesta.\u00a0\u00a0Harjoittelijat k\u00e4yv\u00e4t niiss\u00e4 ohjaajiensa kanssa ohjauskeskusteluja ja suunnittelevat tuntejaan. Opettajat k\u00e4yv\u00e4t tiloissa\u00a0keskusteluja harjoittelijoiden, lukiolaisten ja toistensa kanssa.\u00a0My\u00f6s opinto-ohjaajat tarvitsevat uudenlaisia tiloja ohjauksen toteuttamiseen.\u00a0 Lukion [&hellip;]\" \/>\n<meta property=\"og:url\" content=\"https:\/\/blogs.uef.fi\/fclab-lukio\/2020\/12\/08\/yhdessa-kohti-monikayttoisia-tiloja\/\" \/>\n<meta property=\"og:site_name\" content=\"FCLab lukio\" \/>\n<meta property=\"article:published_time\" content=\"2020-12-08T10:47:27+00:00\" \/>\n<meta property=\"article:modified_time\" content=\"2021-01-19T15:07:08+00:00\" \/>\n<meta property=\"og:image\" content=\"https:\/\/blogs.uef.fi\/fclab-lukio\/wp-content\/uploads\/sites\/133\/2020\/12\/mentimeteropiskelijat-300x139.png\" \/>\n<meta name=\"author\" content=\"FCLab-tiimi\" \/>\n<meta name=\"twitter:card\" content=\"summary_large_image\" \/>\n<meta name=\"twitter:label1\" content=\"Kirjoittanut\" \/>\n\t<meta name=\"twitter:data1\" content=\"FCLab-tiimi\" \/>\n\t<meta name=\"twitter:label2\" content=\"Arvioitu lukuaika\" \/>\n\t<meta name=\"twitter:data2\" content=\"1 minuutti\" \/>\n<script type=\"application\/ld+json\" class=\"yoast-schema-graph\">{\"@context\":\"https:\\\/\\\/schema.org\",\"@graph\":[{\"@type\":\"Article\",\"@id\":\"https:\\\/\\\/blogs.uef.fi\\\/fclab-lukio\\\/2020\\\/12\\\/08\\\/yhdessa-kohti-monikayttoisia-tiloja\\\/#article\",\"isPartOf\":{\"@id\":\"https:\\\/\\\/blogs.uef.fi\\\/fclab-lukio\\\/2020\\\/12\\\/08\\\/yhdessa-kohti-monikayttoisia-tiloja\\\/\"},\"author\":{\"name\":\"FCLab-tiimi\",\"@id\":\"https:\\\/\\\/blogs.uef.fi\\\/fclab-lukio\\\/#\\\/schema\\\/person\\\/450468e27ec2d6d43d95bd88f9c85fc1\"},\"headline\":\"Yhdess\u00e4 kohti monik\u00e4ytt\u00f6isi\u00e4 tiloja\",\"datePublished\":\"2020-12-08T10:47:27+00:00\",\"dateModified\":\"2021-01-19T15:07:08+00:00\",\"mainEntityOfPage\":{\"@id\":\"https:\\\/\\\/blogs.uef.fi\\\/fclab-lukio\\\/2020\\\/12\\\/08\\\/yhdessa-kohti-monikayttoisia-tiloja\\\/\"},\"wordCount\":262,\"image\":{\"@id\":\"https:\\\/\\\/blogs.uef.fi\\\/fclab-lukio\\\/2020\\\/12\\\/08\\\/yhdessa-kohti-monikayttoisia-tiloja\\\/#primaryimage\"},\"thumbnailUrl\":\"https:\\\/\\\/blogs.uef.fi\\\/fclab-lukio\\\/wp-content\\\/uploads\\\/sites\\\/133\\\/2020\\\/12\\\/mentimeteropiskelijat-300x139.png\",\"articleSection\":[\"Uncategorized\"],\"inLanguage\":\"fi\"},{\"@type\":\"WebPage\",\"@id\":\"https:\\\/\\\/blogs.uef.fi\\\/fclab-lukio\\\/2020\\\/12\\\/08\\\/yhdessa-kohti-monikayttoisia-tiloja\\\/\",\"url\":\"https:\\\/\\\/blogs.uef.fi\\\/fclab-lukio\\\/2020\\\/12\\\/08\\\/yhdessa-kohti-monikayttoisia-tiloja\\\/\",\"name\":\"Yhdess\u00e4 kohti monik\u00e4ytt\u00f6isi\u00e4 tiloja - FCLab lukio\",\"isPartOf\":{\"@id\":\"https:\\\/\\\/blogs.uef.fi\\\/fclab-lukio\\\/#website\"},\"primaryImageOfPage\":{\"@id\":\"https:\\\/\\\/blogs.uef.fi\\\/fclab-lukio\\\/2020\\\/12\\\/08\\\/yhdessa-kohti-monikayttoisia-tiloja\\\/#primaryimage\"},\"image\":{\"@id\":\"https:\\\/\\\/blogs.uef.fi\\\/fclab-lukio\\\/2020\\\/12\\\/08\\\/yhdessa-kohti-monikayttoisia-tiloja\\\/#primaryimage\"},\"thumbnailUrl\":\"https:\\\/\\\/blogs.uef.fi\\\/fclab-lukio\\\/wp-content\\\/uploads\\\/sites\\\/133\\\/2020\\\/12\\\/mentimeteropiskelijat-300x139.png\",\"datePublished\":\"2020-12-08T10:47:27+00:00\",\"dateModified\":\"2021-01-19T15:07:08+00:00\",\"author\":{\"@id\":\"https:\\\/\\\/blogs.uef.fi\\\/fclab-lukio\\\/#\\\/schema\\\/person\\\/450468e27ec2d6d43d95bd88f9c85fc1\"},\"breadcrumb\":{\"@id\":\"https:\\\/\\\/blogs.uef.fi\\\/fclab-lukio\\\/2020\\\/12\\\/08\\\/yhdessa-kohti-monikayttoisia-tiloja\\\/#breadcrumb\"},\"inLanguage\":\"fi\",\"potentialAction\":[{\"@type\":\"ReadAction\",\"target\":[\"https:\\\/\\\/blogs.uef.fi\\\/fclab-lukio\\\/2020\\\/12\\\/08\\\/yhdessa-kohti-monikayttoisia-tiloja\\\/\"]}]},{\"@type\":\"ImageObject\",\"inLanguage\":\"fi\",\"@id\":\"https:\\\/\\\/blogs.uef.fi\\\/fclab-lukio\\\/2020\\\/12\\\/08\\\/yhdessa-kohti-monikayttoisia-tiloja\\\/#primaryimage\",\"url\":\"https:\\\/\\\/blogs.uef.fi\\\/fclab-lukio\\\/wp-content\\\/uploads\\\/sites\\\/133\\\/2020\\\/12\\\/mentimeteropiskelijat.png\",\"contentUrl\":\"https:\\\/\\\/blogs.uef.fi\\\/fclab-lukio\\\/wp-content\\\/uploads\\\/sites\\\/133\\\/2020\\\/12\\\/mentimeteropiskelijat.png\",\"width\":929,\"height\":431},{\"@type\":\"BreadcrumbList\",\"@id\":\"https:\\\/\\\/blogs.uef.fi\\\/fclab-lukio\\\/2020\\\/12\\\/08\\\/yhdessa-kohti-monikayttoisia-tiloja\\\/#breadcrumb\",\"itemListElement\":[{\"@type\":\"ListItem\",\"position\":1,\"name\":\"Home\",\"item\":\"https:\\\/\\\/blogs.uef.fi\\\/fclab-lukio\\\/\"},{\"@type\":\"ListItem\",\"position\":2,\"name\":\"Yhdess\u00e4 kohti monik\u00e4ytt\u00f6isi\u00e4 tiloja\"}]},{\"@type\":\"WebSite\",\"@id\":\"https:\\\/\\\/blogs.uef.fi\\\/fclab-lukio\\\/#website\",\"url\":\"https:\\\/\\\/blogs.uef.fi\\\/fclab-lukio\\\/\",\"name\":\"FCLab lukio\",\"description\":\"\",\"potentialAction\":[{\"@type\":\"SearchAction\",\"target\":{\"@type\":\"EntryPoint\",\"urlTemplate\":\"https:\\\/\\\/blogs.uef.fi\\\/fclab-lukio\\\/?s={search_term_string}\"},\"query-input\":{\"@type\":\"PropertyValueSpecification\",\"valueRequired\":true,\"valueName\":\"search_term_string\"}}],\"inLanguage\":\"fi\"},{\"@type\":\"Person\",\"@id\":\"https:\\\/\\\/blogs.uef.fi\\\/fclab-lukio\\\/#\\\/schema\\\/person\\\/450468e27ec2d6d43d95bd88f9c85fc1\",\"name\":\"FCLab-tiimi\",\"url\":\"https:\\\/\\\/blogs.uef.fi\\\/fclab-lukio\\\/author\\\/marikuu\\\/\"}]}<\/script>\n<!-- \/ Yoast SEO plugin. -->","yoast_head_json":{"title":"Yhdess\u00e4 kohti monik\u00e4ytt\u00f6isi\u00e4 tiloja - FCLab lukio","robots":{"index":"index","follow":"follow","max-snippet":"max-snippet:-1","max-image-preview":"max-image-preview:large","max-video-preview":"max-video-preview:-1"},"canonical":"https:\/\/blogs.uef.fi\/fclab-lukio\/2020\/12\/08\/yhdessa-kohti-monikayttoisia-tiloja\/","og_locale":"fi_FI","og_type":"article","og_title":"Yhdess\u00e4 kohti monik\u00e4ytt\u00f6isi\u00e4 tiloja - FCLab lukio","og_description":"Tulliportin normaalikoulun uusien tilojen toivotaan olevan monik\u00e4ytt\u00f6isi\u00e4 ja koko koulun yhteisi\u00e4. Jotta jokainen kokisi tilat omikseen, olemme matkan varrella pyrkineet\u00a0osallistamaan\u00a0opiskelijoita, opetusharjoittelijoita ja opettajia.\u00a0Tiloja tullaan k\u00e4ytt\u00e4m\u00e4\u00e4n ainakin itsen\u00e4iseen opiskeluun ja hyppytuntien viettoon\u00a0lukiolaisten toimesta.\u00a0\u00a0Harjoittelijat k\u00e4yv\u00e4t niiss\u00e4 ohjaajiensa kanssa ohjauskeskusteluja ja suunnittelevat tuntejaan. Opettajat k\u00e4yv\u00e4t tiloissa\u00a0keskusteluja harjoittelijoiden, lukiolaisten ja toistensa kanssa.\u00a0My\u00f6s opinto-ohjaajat tarvitsevat uudenlaisia tiloja ohjauksen toteuttamiseen.\u00a0 Lukion [&hellip;]","og_url":"https:\/\/blogs.uef.fi\/fclab-lukio\/2020\/12\/08\/yhdessa-kohti-monikayttoisia-tiloja\/","og_site_name":"FCLab lukio","article_published_time":"2020-12-08T10:47:27+00:00","article_modified_time":"2021-01-19T15:07:08+00:00","og_image":[{"url":"https:\/\/blogs.uef.fi\/fclab-lukio\/wp-content\/uploads\/sites\/133\/2020\/12\/mentimeteropiskelijat-300x139.png","type":"","width":"","height":""}],"author":"FCLab-tiimi","twitter_card":"summary_large_image","twitter_misc":{"Kirjoittanut":"FCLab-tiimi","Arvioitu lukuaika":"1 minuutti"},"schema":{"@context":"https:\/\/schema.org","@graph":[{"@type":"Article","@id":"https:\/\/blogs.uef.fi\/fclab-lukio\/2020\/12\/08\/yhdessa-kohti-monikayttoisia-tiloja\/#article","isPartOf":{"@id":"https:\/\/blogs.uef.fi\/fclab-lukio\/2020\/12\/08\/yhdessa-kohti-monikayttoisia-tiloja\/"},"author":{"name":"FCLab-tiimi","@id":"https:\/\/blogs.uef.fi\/fclab-lukio\/#\/schema\/person\/450468e27ec2d6d43d95bd88f9c85fc1"},"headline":"Yhdess\u00e4 kohti monik\u00e4ytt\u00f6isi\u00e4 tiloja","datePublished":"2020-12-08T10:47:27+00:00","dateModified":"2021-01-19T15:07:08+00:00","mainEntityOfPage":{"@id":"https:\/\/blogs.uef.fi\/fclab-lukio\/2020\/12\/08\/yhdessa-kohti-monikayttoisia-tiloja\/"},"wordCount":262,"image":{"@id":"https:\/\/blogs.uef.fi\/fclab-lukio\/2020\/12\/08\/yhdessa-kohti-monikayttoisia-tiloja\/#primaryimage"},"thumbnailUrl":"https:\/\/blogs.uef.fi\/fclab-lukio\/wp-content\/uploads\/sites\/133\/2020\/12\/mentimeteropiskelijat-300x139.png","articleSection":["Uncategorized"],"inLanguage":"fi"},{"@type":"WebPage","@id":"https:\/\/blogs.uef.fi\/fclab-lukio\/2020\/12\/08\/yhdessa-kohti-monikayttoisia-tiloja\/","url":"https:\/\/blogs.uef.fi\/fclab-lukio\/2020\/12\/08\/yhdessa-kohti-monikayttoisia-tiloja\/","name":"Yhdess\u00e4 kohti monik\u00e4ytt\u00f6isi\u00e4 tiloja - FCLab lukio","isPartOf":{"@id":"https:\/\/blogs.uef.fi\/fclab-lukio\/#website"},"primaryImageOfPage":{"@id":"https:\/\/blogs.uef.fi\/fclab-lukio\/2020\/12\/08\/yhdessa-kohti-monikayttoisia-tiloja\/#primaryimage"},"image":{"@id":"https:\/\/blogs.uef.fi\/fclab-lukio\/2020\/12\/08\/yhdessa-kohti-monikayttoisia-tiloja\/#primaryimage"},"thumbnailUrl":"https:\/\/blogs.uef.fi\/fclab-lukio\/wp-content\/uploads\/sites\/133\/2020\/12\/mentimeteropiskelijat-300x139.png","datePublished":"2020-12-08T10:47:27+00:00","dateModified":"2021-01-19T15:07:08+00:00","author":{"@id":"https:\/\/blogs.uef.fi\/fclab-lukio\/#\/schema\/person\/450468e27ec2d6d43d95bd88f9c85fc1"},"breadcrumb":{"@id":"https:\/\/blogs.uef.fi\/fclab-lukio\/2020\/12\/08\/yhdessa-kohti-monikayttoisia-tiloja\/#breadcrumb"},"inLanguage":"fi","potentialAction":[{"@type":"ReadAction","target":["https:\/\/blogs.uef.fi\/fclab-lukio\/2020\/12\/08\/yhdessa-kohti-monikayttoisia-tiloja\/"]}]},{"@type":"ImageObject","inLanguage":"fi","@id":"https:\/\/blogs.uef.fi\/fclab-lukio\/2020\/12\/08\/yhdessa-kohti-monikayttoisia-tiloja\/#primaryimage","url":"https:\/\/blogs.uef.fi\/fclab-lukio\/wp-content\/uploads\/sites\/133\/2020\/12\/mentimeteropiskelijat.png","contentUrl":"https:\/\/blogs.uef.fi\/fclab-lukio\/wp-content\/uploads\/sites\/133\/2020\/12\/mentimeteropiskelijat.png","width":929,"height":431},{"@type":"BreadcrumbList","@id":"https:\/\/blogs.uef.fi\/fclab-lukio\/2020\/12\/08\/yhdessa-kohti-monikayttoisia-tiloja\/#breadcrumb","itemListElement":[{"@type":"ListItem","position":1,"name":"Home","item":"https:\/\/blogs.uef.fi\/fclab-lukio\/"},{"@type":"ListItem","position":2,"name":"Yhdess\u00e4 kohti monik\u00e4ytt\u00f6isi\u00e4 tiloja"}]},{"@type":"WebSite","@id":"https:\/\/blogs.uef.fi\/fclab-lukio\/#website","url":"https:\/\/blogs.uef.fi\/fclab-lukio\/","name":"FCLab lukio","description":"","potentialAction":[{"@type":"SearchAction","target":{"@type":"EntryPoint","urlTemplate":"https:\/\/blogs.uef.fi\/fclab-lukio\/?s={search_term_string}"},"query-input":{"@type":"PropertyValueSpecification","valueRequired":true,"valueName":"search_term_string"}}],"inLanguage":"fi"},{"@type":"Person","@id":"https:\/\/blogs.uef.fi\/fclab-lukio\/#\/schema\/person\/450468e27ec2d6d43d95bd88f9c85fc1","name":"FCLab-tiimi","url":"https:\/\/blogs.uef.fi\/fclab-lukio\/author\/marikuu\/"}]}},"_links":{"self":[{"href":"https:\/\/blogs.uef.fi\/fclab-lukio\/wp-json\/wp\/v2\/posts\/50","targetHints":{"allow":["GET"]}}],"collection":[{"href":"https:\/\/blogs.uef.fi\/fclab-lukio\/wp-json\/wp\/v2\/posts"}],"about":[{"href":"https:\/\/blogs.uef.fi\/fclab-lukio\/wp-json\/wp\/v2\/types\/post"}],"author":[{"embeddable":true,"href":"https:\/\/blogs.uef.fi\/fclab-lukio\/wp-json\/wp\/v2\/users\/337"}],"replies":[{"embeddable":true,"href":"https:\/\/blogs.uef.fi\/fclab-lukio\/wp-json\/wp\/v2\/comments?post=50"}],"version-history":[{"count":4,"href":"https:\/\/blogs.uef.fi\/fclab-lukio\/wp-json\/wp\/v2\/posts\/50\/revisions"}],"predecessor-version":[{"id":544,"href":"https:\/\/blogs.uef.fi\/fclab-lukio\/wp-json\/wp\/v2\/posts\/50\/revisions\/544"}],"wp:attachment":[{"href":"https:\/\/blogs.uef.fi\/fclab-lukio\/wp-json\/wp\/v2\/media?parent=50"}],"wp:term":[{"taxonomy":"category","embeddable":true,"href":"https:\/\/blogs.uef.fi\/fclab-lukio\/wp-json\/wp\/v2\/categories?post=50"},{"taxonomy":"post_tag","embeddable":true,"href":"https:\/\/blogs.uef.fi\/fclab-lukio\/wp-json\/wp\/v2\/tags?post=50"}],"curies":[{"name":"wp","href":"https:\/\/api.w.org\/{rel}","templated":true}]}}