{"id":1318,"date":"2024-08-12T12:25:24","date_gmt":"2024-08-12T09:25:24","guid":{"rendered":"https:\/\/blogs.uef.fi\/fclab-lukio\/?p=1318"},"modified":"2024-08-12T12:47:06","modified_gmt":"2024-08-12T09:47:06","slug":"ymparoivan-luonnon-opetuksen-integroiminen-sahkoiselle-kartta-alustalle","status":"publish","type":"post","link":"https:\/\/blogs.uef.fi\/fclab-lukio\/2024\/08\/12\/ymparoivan-luonnon-opetuksen-integroiminen-sahkoiselle-kartta-alustalle\/","title":{"rendered":"Ymp\u00e4r\u00f6iv\u00e4n luonnon opetuksen integroiminen s\u00e4hk\u00f6iselle kartta-alustalle"},"content":{"rendered":"\n<p>Lukio-opetukseen tarkoitettua, ulkona-oppimiseen liittyv\u00e4\u00e4 s\u00e4hk\u00f6ist\u00e4 materiaalia on suhteellisen v\u00e4h\u00e4n saatavilla. Hankkeen tiimoilta halusimme laatia yksinkertaisia, ehk\u00e4 nopeastikin oppitunnin sis\u00e4ll\u00e4 toteutettavia teht\u00e4vi\u00e4, joiden kautta opiskelijat p\u00e4\u00e4sev\u00e4t ulos luokasta havainnoimaan l\u00e4hiymp\u00e4rist\u00f6\u00e4\u00e4n sek\u00e4 liitt\u00e4m\u00e4\u00e4n havainnot s\u00e4hk\u00f6iselle paikkatietoalustalle. N\u00e4it\u00e4 tuotoksia voisi jakaa my\u00f6s eri lukioiden v\u00e4lill\u00e4 ja siten tehd\u00e4 valtakunnallista ymp\u00e4rist\u00f6havainnointia ja \u2013vertailuja.<br><br><\/p>\n\n\n\n<figure class=\"wp-block-image size-full\"><img loading=\"lazy\" decoding=\"async\" width=\"643\" height=\"263\" src=\"https:\/\/blogs.uef.fi\/fclab-lukio\/wp-content\/uploads\/sites\/133\/2024\/08\/Kuva1blogi.png\" alt=\"\" class=\"wp-image-1333\" srcset=\"https:\/\/blogs.uef.fi\/fclab-lukio\/wp-content\/uploads\/sites\/133\/2024\/08\/Kuva1blogi.png 643w, https:\/\/blogs.uef.fi\/fclab-lukio\/wp-content\/uploads\/sites\/133\/2024\/08\/Kuva1blogi-300x123.png 300w\" sizes=\"auto, (max-width: 643px) 100vw, 643px\" \/><figcaption class=\"wp-element-caption\">Pyrimme lukio-opiskelijoiden kanssa ker\u00e4\u00e4m\u00e4\u00e4n aineistoa my\u00f6s maastosta, esimerkiksi perinteisen ekologian kurssin j\u00e4k\u00e4l\u00e4kartoituksen kautta. Kuvakaappaus StoryMapsiin tehdyst\u00e4 ty\u00f6ohjeesta. <\/figcaption><\/figure>\n\n\n\n<p><br><br>Talven mittaan perehdyimme erilaisiin paikkatietoalustoihin kuten Esrin ArcGIS for Schools ja Maanmittauslaitoksen Paikkatietoikkunaan. Koimme ArcGIS-alustan monipuoliseksi ja paljon dataa sis\u00e4lt\u00e4v\u00e4ksi paikkatieto-ohjelmaksi. My\u00f6s sen tiedonkeruusovellukset ovat hyvi\u00e4. ArcGIS:n tarinakartat (StoryMaps) ovat visuaalisuudessaan todella hienoja. Ne sopivat my\u00f6s hyvin ty\u00f6ohjeiden kirjoittamiseen. <br><br>Paikkatietoikkuna on jo monessa lukiossa k\u00e4yt\u00f6ss\u00e4. Siin\u00e4 on hyv\u00e4\u00e4 ja monipuolista kuntakohtaista aineistoa, joten sit\u00e4 voi n\u00e4pp\u00e4r\u00e4sti hy\u00f6dynt\u00e4\u00e4 oman kotikunnan tutkimuksissa. Paikkatietoalustan analyysity\u00f6kalua kehitet\u00e4\u00e4n edelleen my\u00f6s lukiotarpeisiin sopivaksi. Paikkatietoikkunan k\u00e4ytt\u00f6\u00f6n saimme, ja tarvittaessa saamme edelleen, hyvi\u00e4 vinkkej\u00e4 Maanmittauslaitoksen asiantuntijalta.<\/p>\n\n\n\n<figure class=\"wp-block-image size-full is-resized\"><img loading=\"lazy\" decoding=\"async\" width=\"643\" height=\"248\" src=\"https:\/\/blogs.uef.fi\/fclab-lukio\/wp-content\/uploads\/sites\/133\/2024\/08\/Kuva2blogi-1.png\" alt=\"\" class=\"wp-image-1348\" style=\"width:809px;height:auto\" srcset=\"https:\/\/blogs.uef.fi\/fclab-lukio\/wp-content\/uploads\/sites\/133\/2024\/08\/Kuva2blogi-1.png 643w, https:\/\/blogs.uef.fi\/fclab-lukio\/wp-content\/uploads\/sites\/133\/2024\/08\/Kuva2blogi-1-300x116.png 300w\" sizes=\"auto, (max-width: 643px) 100vw, 643px\" \/><figcaption class=\"wp-element-caption\">Paikkatietoalustat mahdollistavat my\u00f6s kuva- ja maisema-analyysien tekemisen.\u00a0<\/figcaption><\/figure>\n\n\n\n<p>\u00a0<\/p>\n\n\n\n<p><br>Kuvapankkimateriaalia olemme ker\u00e4nneet erilaisilla kameroilla (mm. 3D) ja erilaisista kohteista kuten Kolin kansallismaisemasta ja silokallioista (kuva 2.) sek\u00e4 Juuan Polvelan harvinaislaatuisista k\u00e4mmekk\u00e4alueista. Ilmakuvia varten olemme suorittaneet Dronen ohjaajan verkkoteoriakokeen. <br><br><br>Kartta-alustojen, ty\u00f6ohjeiden ja kuvapankin kehitt\u00e4minen jatkuvat edelleen. Osallistumme my\u00f6s hankety\u00f6t\u00e4mme tukeviin koulutuksiin.<\/p>\n\n\n\n<p>Johanna ja Jaana<br><\/p>\n","protected":false},"excerpt":{"rendered":"<p>Lukio-opetukseen tarkoitettua, ulkona-oppimiseen liittyv\u00e4\u00e4 s\u00e4hk\u00f6ist\u00e4 materiaalia on suhteellisen v\u00e4h\u00e4n saatavilla. Hankkeen tiimoilta halusimme laatia yksinkertaisia, ehk\u00e4 nopeastikin oppitunnin sis\u00e4ll\u00e4 toteutettavia teht\u00e4vi\u00e4, joiden kautta opiskelijat p\u00e4\u00e4sev\u00e4t ulos luokasta havainnoimaan l\u00e4hiymp\u00e4rist\u00f6\u00e4\u00e4n sek\u00e4 liitt\u00e4m\u00e4\u00e4n havainnot s\u00e4hk\u00f6iselle paikkatietoalustalle. N\u00e4it\u00e4 tuotoksia voisi jakaa my\u00f6s eri lukioiden v\u00e4lill\u00e4 ja siten tehd\u00e4 valtakunnallista ymp\u00e4rist\u00f6havainnointia ja \u2013vertailuja. Talven mittaan perehdyimme erilaisiin paikkatietoalustoihin kuten [&hellip;]<\/p>\n","protected":false},"author":333,"featured_media":0,"comment_status":"closed","ping_status":"closed","sticky":false,"template":"","format":"standard","meta":{"_acf_changed":false,"footnotes":""},"categories":[1],"tags":[],"class_list":["post-1318","post","type-post","status-publish","format-standard","hentry","category-uncategorized"],"acf":[],"yoast_head":"<!-- This site is optimized with the Yoast SEO plugin v27.3 - https:\/\/yoast.com\/product\/yoast-seo-wordpress\/ -->\n<title>Ymp\u00e4r\u00f6iv\u00e4n luonnon opetuksen integroiminen s\u00e4hk\u00f6iselle kartta-alustalle - FCLab lukio<\/title>\n<meta name=\"robots\" content=\"index, follow, max-snippet:-1, max-image-preview:large, max-video-preview:-1\" \/>\n<link rel=\"canonical\" href=\"https:\/\/blogs.uef.fi\/fclab-lukio\/2024\/08\/12\/ymparoivan-luonnon-opetuksen-integroiminen-sahkoiselle-kartta-alustalle\/\" \/>\n<meta property=\"og:locale\" content=\"fi_FI\" \/>\n<meta property=\"og:type\" content=\"article\" \/>\n<meta property=\"og:title\" content=\"Ymp\u00e4r\u00f6iv\u00e4n luonnon opetuksen integroiminen s\u00e4hk\u00f6iselle kartta-alustalle - FCLab lukio\" \/>\n<meta property=\"og:description\" content=\"Lukio-opetukseen tarkoitettua, ulkona-oppimiseen liittyv\u00e4\u00e4 s\u00e4hk\u00f6ist\u00e4 materiaalia on suhteellisen v\u00e4h\u00e4n saatavilla. Hankkeen tiimoilta halusimme laatia yksinkertaisia, ehk\u00e4 nopeastikin oppitunnin sis\u00e4ll\u00e4 toteutettavia teht\u00e4vi\u00e4, joiden kautta opiskelijat p\u00e4\u00e4sev\u00e4t ulos luokasta havainnoimaan l\u00e4hiymp\u00e4rist\u00f6\u00e4\u00e4n sek\u00e4 liitt\u00e4m\u00e4\u00e4n havainnot s\u00e4hk\u00f6iselle paikkatietoalustalle. N\u00e4it\u00e4 tuotoksia voisi jakaa my\u00f6s eri lukioiden v\u00e4lill\u00e4 ja siten tehd\u00e4 valtakunnallista ymp\u00e4rist\u00f6havainnointia ja \u2013vertailuja. Talven mittaan perehdyimme erilaisiin paikkatietoalustoihin kuten [&hellip;]\" \/>\n<meta property=\"og:url\" content=\"https:\/\/blogs.uef.fi\/fclab-lukio\/2024\/08\/12\/ymparoivan-luonnon-opetuksen-integroiminen-sahkoiselle-kartta-alustalle\/\" \/>\n<meta property=\"og:site_name\" content=\"FCLab lukio\" \/>\n<meta property=\"article:published_time\" content=\"2024-08-12T09:25:24+00:00\" \/>\n<meta property=\"article:modified_time\" content=\"2024-08-12T09:47:06+00:00\" \/>\n<meta property=\"og:image\" content=\"https:\/\/blogs.uef.fi\/fclab-lukio\/wp-content\/uploads\/sites\/133\/2024\/08\/Kuva1blogi.png\" \/>\n<meta name=\"author\" content=\"FCLab-tiimi\" \/>\n<meta name=\"twitter:card\" content=\"summary_large_image\" \/>\n<meta name=\"twitter:label1\" content=\"Kirjoittanut\" \/>\n\t<meta name=\"twitter:data1\" content=\"FCLab-tiimi\" \/>\n\t<meta name=\"twitter:label2\" content=\"Arvioitu lukuaika\" \/>\n\t<meta name=\"twitter:data2\" content=\"2 minuuttia\" \/>\n<script type=\"application\/ld+json\" class=\"yoast-schema-graph\">{\"@context\":\"https:\\\/\\\/schema.org\",\"@graph\":[{\"@type\":\"Article\",\"@id\":\"https:\\\/\\\/blogs.uef.fi\\\/fclab-lukio\\\/2024\\\/08\\\/12\\\/ymparoivan-luonnon-opetuksen-integroiminen-sahkoiselle-kartta-alustalle\\\/#article\",\"isPartOf\":{\"@id\":\"https:\\\/\\\/blogs.uef.fi\\\/fclab-lukio\\\/2024\\\/08\\\/12\\\/ymparoivan-luonnon-opetuksen-integroiminen-sahkoiselle-kartta-alustalle\\\/\"},\"author\":{\"name\":\"FCLab-tiimi\",\"@id\":\"https:\\\/\\\/blogs.uef.fi\\\/fclab-lukio\\\/#\\\/schema\\\/person\\\/c8e4592414aca1a35885983ef21b60d8\"},\"headline\":\"Ymp\u00e4r\u00f6iv\u00e4n luonnon opetuksen integroiminen s\u00e4hk\u00f6iselle kartta-alustalle\",\"datePublished\":\"2024-08-12T09:25:24+00:00\",\"dateModified\":\"2024-08-12T09:47:06+00:00\",\"mainEntityOfPage\":{\"@id\":\"https:\\\/\\\/blogs.uef.fi\\\/fclab-lukio\\\/2024\\\/08\\\/12\\\/ymparoivan-luonnon-opetuksen-integroiminen-sahkoiselle-kartta-alustalle\\\/\"},\"wordCount\":259,\"image\":{\"@id\":\"https:\\\/\\\/blogs.uef.fi\\\/fclab-lukio\\\/2024\\\/08\\\/12\\\/ymparoivan-luonnon-opetuksen-integroiminen-sahkoiselle-kartta-alustalle\\\/#primaryimage\"},\"thumbnailUrl\":\"https:\\\/\\\/blogs.uef.fi\\\/fclab-lukio\\\/wp-content\\\/uploads\\\/sites\\\/133\\\/2024\\\/08\\\/Kuva1blogi.png\",\"articleSection\":[\"Uncategorized\"],\"inLanguage\":\"fi\"},{\"@type\":\"WebPage\",\"@id\":\"https:\\\/\\\/blogs.uef.fi\\\/fclab-lukio\\\/2024\\\/08\\\/12\\\/ymparoivan-luonnon-opetuksen-integroiminen-sahkoiselle-kartta-alustalle\\\/\",\"url\":\"https:\\\/\\\/blogs.uef.fi\\\/fclab-lukio\\\/2024\\\/08\\\/12\\\/ymparoivan-luonnon-opetuksen-integroiminen-sahkoiselle-kartta-alustalle\\\/\",\"name\":\"Ymp\u00e4r\u00f6iv\u00e4n luonnon opetuksen integroiminen s\u00e4hk\u00f6iselle kartta-alustalle - FCLab lukio\",\"isPartOf\":{\"@id\":\"https:\\\/\\\/blogs.uef.fi\\\/fclab-lukio\\\/#website\"},\"primaryImageOfPage\":{\"@id\":\"https:\\\/\\\/blogs.uef.fi\\\/fclab-lukio\\\/2024\\\/08\\\/12\\\/ymparoivan-luonnon-opetuksen-integroiminen-sahkoiselle-kartta-alustalle\\\/#primaryimage\"},\"image\":{\"@id\":\"https:\\\/\\\/blogs.uef.fi\\\/fclab-lukio\\\/2024\\\/08\\\/12\\\/ymparoivan-luonnon-opetuksen-integroiminen-sahkoiselle-kartta-alustalle\\\/#primaryimage\"},\"thumbnailUrl\":\"https:\\\/\\\/blogs.uef.fi\\\/fclab-lukio\\\/wp-content\\\/uploads\\\/sites\\\/133\\\/2024\\\/08\\\/Kuva1blogi.png\",\"datePublished\":\"2024-08-12T09:25:24+00:00\",\"dateModified\":\"2024-08-12T09:47:06+00:00\",\"author\":{\"@id\":\"https:\\\/\\\/blogs.uef.fi\\\/fclab-lukio\\\/#\\\/schema\\\/person\\\/c8e4592414aca1a35885983ef21b60d8\"},\"breadcrumb\":{\"@id\":\"https:\\\/\\\/blogs.uef.fi\\\/fclab-lukio\\\/2024\\\/08\\\/12\\\/ymparoivan-luonnon-opetuksen-integroiminen-sahkoiselle-kartta-alustalle\\\/#breadcrumb\"},\"inLanguage\":\"fi\",\"potentialAction\":[{\"@type\":\"ReadAction\",\"target\":[\"https:\\\/\\\/blogs.uef.fi\\\/fclab-lukio\\\/2024\\\/08\\\/12\\\/ymparoivan-luonnon-opetuksen-integroiminen-sahkoiselle-kartta-alustalle\\\/\"]}]},{\"@type\":\"ImageObject\",\"inLanguage\":\"fi\",\"@id\":\"https:\\\/\\\/blogs.uef.fi\\\/fclab-lukio\\\/2024\\\/08\\\/12\\\/ymparoivan-luonnon-opetuksen-integroiminen-sahkoiselle-kartta-alustalle\\\/#primaryimage\",\"url\":\"https:\\\/\\\/blogs.uef.fi\\\/fclab-lukio\\\/wp-content\\\/uploads\\\/sites\\\/133\\\/2024\\\/08\\\/Kuva1blogi.png\",\"contentUrl\":\"https:\\\/\\\/blogs.uef.fi\\\/fclab-lukio\\\/wp-content\\\/uploads\\\/sites\\\/133\\\/2024\\\/08\\\/Kuva1blogi.png\",\"width\":643,\"height\":263,\"caption\":\"Pyrimme lukio-opiskelijoiden kanssa ker\u00e4\u00e4m\u00e4\u00e4n aineistoa my\u00f6s maastosta, esimerkiksi perinteisen ekologian kurssin j\u00e4k\u00e4l\u00e4kartoituksen kautta. Kuvakaappaus StoryMapsiin tehdyst\u00e4 ty\u00f6ohjeesta.\"},{\"@type\":\"BreadcrumbList\",\"@id\":\"https:\\\/\\\/blogs.uef.fi\\\/fclab-lukio\\\/2024\\\/08\\\/12\\\/ymparoivan-luonnon-opetuksen-integroiminen-sahkoiselle-kartta-alustalle\\\/#breadcrumb\",\"itemListElement\":[{\"@type\":\"ListItem\",\"position\":1,\"name\":\"Home\",\"item\":\"https:\\\/\\\/blogs.uef.fi\\\/fclab-lukio\\\/\"},{\"@type\":\"ListItem\",\"position\":2,\"name\":\"Ymp\u00e4r\u00f6iv\u00e4n luonnon opetuksen integroiminen s\u00e4hk\u00f6iselle kartta-alustalle\"}]},{\"@type\":\"WebSite\",\"@id\":\"https:\\\/\\\/blogs.uef.fi\\\/fclab-lukio\\\/#website\",\"url\":\"https:\\\/\\\/blogs.uef.fi\\\/fclab-lukio\\\/\",\"name\":\"FCLab lukio\",\"description\":\"\",\"potentialAction\":[{\"@type\":\"SearchAction\",\"target\":{\"@type\":\"EntryPoint\",\"urlTemplate\":\"https:\\\/\\\/blogs.uef.fi\\\/fclab-lukio\\\/?s={search_term_string}\"},\"query-input\":{\"@type\":\"PropertyValueSpecification\",\"valueRequired\":true,\"valueName\":\"search_term_string\"}}],\"inLanguage\":\"fi\"},{\"@type\":\"Person\",\"@id\":\"https:\\\/\\\/blogs.uef.fi\\\/fclab-lukio\\\/#\\\/schema\\\/person\\\/c8e4592414aca1a35885983ef21b60d8\",\"name\":\"FCLab-tiimi\",\"url\":\"https:\\\/\\\/blogs.uef.fi\\\/fclab-lukio\\\/author\\\/antarva\\\/\"}]}<\/script>\n<!-- \/ Yoast SEO plugin. -->","yoast_head_json":{"title":"Ymp\u00e4r\u00f6iv\u00e4n luonnon opetuksen integroiminen s\u00e4hk\u00f6iselle kartta-alustalle - FCLab lukio","robots":{"index":"index","follow":"follow","max-snippet":"max-snippet:-1","max-image-preview":"max-image-preview:large","max-video-preview":"max-video-preview:-1"},"canonical":"https:\/\/blogs.uef.fi\/fclab-lukio\/2024\/08\/12\/ymparoivan-luonnon-opetuksen-integroiminen-sahkoiselle-kartta-alustalle\/","og_locale":"fi_FI","og_type":"article","og_title":"Ymp\u00e4r\u00f6iv\u00e4n luonnon opetuksen integroiminen s\u00e4hk\u00f6iselle kartta-alustalle - FCLab lukio","og_description":"Lukio-opetukseen tarkoitettua, ulkona-oppimiseen liittyv\u00e4\u00e4 s\u00e4hk\u00f6ist\u00e4 materiaalia on suhteellisen v\u00e4h\u00e4n saatavilla. Hankkeen tiimoilta halusimme laatia yksinkertaisia, ehk\u00e4 nopeastikin oppitunnin sis\u00e4ll\u00e4 toteutettavia teht\u00e4vi\u00e4, joiden kautta opiskelijat p\u00e4\u00e4sev\u00e4t ulos luokasta havainnoimaan l\u00e4hiymp\u00e4rist\u00f6\u00e4\u00e4n sek\u00e4 liitt\u00e4m\u00e4\u00e4n havainnot s\u00e4hk\u00f6iselle paikkatietoalustalle. N\u00e4it\u00e4 tuotoksia voisi jakaa my\u00f6s eri lukioiden v\u00e4lill\u00e4 ja siten tehd\u00e4 valtakunnallista ymp\u00e4rist\u00f6havainnointia ja \u2013vertailuja. Talven mittaan perehdyimme erilaisiin paikkatietoalustoihin kuten [&hellip;]","og_url":"https:\/\/blogs.uef.fi\/fclab-lukio\/2024\/08\/12\/ymparoivan-luonnon-opetuksen-integroiminen-sahkoiselle-kartta-alustalle\/","og_site_name":"FCLab lukio","article_published_time":"2024-08-12T09:25:24+00:00","article_modified_time":"2024-08-12T09:47:06+00:00","og_image":[{"url":"https:\/\/blogs.uef.fi\/fclab-lukio\/wp-content\/uploads\/sites\/133\/2024\/08\/Kuva1blogi.png","type":"","width":"","height":""}],"author":"FCLab-tiimi","twitter_card":"summary_large_image","twitter_misc":{"Kirjoittanut":"FCLab-tiimi","Arvioitu lukuaika":"2 minuuttia"},"schema":{"@context":"https:\/\/schema.org","@graph":[{"@type":"Article","@id":"https:\/\/blogs.uef.fi\/fclab-lukio\/2024\/08\/12\/ymparoivan-luonnon-opetuksen-integroiminen-sahkoiselle-kartta-alustalle\/#article","isPartOf":{"@id":"https:\/\/blogs.uef.fi\/fclab-lukio\/2024\/08\/12\/ymparoivan-luonnon-opetuksen-integroiminen-sahkoiselle-kartta-alustalle\/"},"author":{"name":"FCLab-tiimi","@id":"https:\/\/blogs.uef.fi\/fclab-lukio\/#\/schema\/person\/c8e4592414aca1a35885983ef21b60d8"},"headline":"Ymp\u00e4r\u00f6iv\u00e4n luonnon opetuksen integroiminen s\u00e4hk\u00f6iselle kartta-alustalle","datePublished":"2024-08-12T09:25:24+00:00","dateModified":"2024-08-12T09:47:06+00:00","mainEntityOfPage":{"@id":"https:\/\/blogs.uef.fi\/fclab-lukio\/2024\/08\/12\/ymparoivan-luonnon-opetuksen-integroiminen-sahkoiselle-kartta-alustalle\/"},"wordCount":259,"image":{"@id":"https:\/\/blogs.uef.fi\/fclab-lukio\/2024\/08\/12\/ymparoivan-luonnon-opetuksen-integroiminen-sahkoiselle-kartta-alustalle\/#primaryimage"},"thumbnailUrl":"https:\/\/blogs.uef.fi\/fclab-lukio\/wp-content\/uploads\/sites\/133\/2024\/08\/Kuva1blogi.png","articleSection":["Uncategorized"],"inLanguage":"fi"},{"@type":"WebPage","@id":"https:\/\/blogs.uef.fi\/fclab-lukio\/2024\/08\/12\/ymparoivan-luonnon-opetuksen-integroiminen-sahkoiselle-kartta-alustalle\/","url":"https:\/\/blogs.uef.fi\/fclab-lukio\/2024\/08\/12\/ymparoivan-luonnon-opetuksen-integroiminen-sahkoiselle-kartta-alustalle\/","name":"Ymp\u00e4r\u00f6iv\u00e4n luonnon opetuksen integroiminen s\u00e4hk\u00f6iselle kartta-alustalle - FCLab lukio","isPartOf":{"@id":"https:\/\/blogs.uef.fi\/fclab-lukio\/#website"},"primaryImageOfPage":{"@id":"https:\/\/blogs.uef.fi\/fclab-lukio\/2024\/08\/12\/ymparoivan-luonnon-opetuksen-integroiminen-sahkoiselle-kartta-alustalle\/#primaryimage"},"image":{"@id":"https:\/\/blogs.uef.fi\/fclab-lukio\/2024\/08\/12\/ymparoivan-luonnon-opetuksen-integroiminen-sahkoiselle-kartta-alustalle\/#primaryimage"},"thumbnailUrl":"https:\/\/blogs.uef.fi\/fclab-lukio\/wp-content\/uploads\/sites\/133\/2024\/08\/Kuva1blogi.png","datePublished":"2024-08-12T09:25:24+00:00","dateModified":"2024-08-12T09:47:06+00:00","author":{"@id":"https:\/\/blogs.uef.fi\/fclab-lukio\/#\/schema\/person\/c8e4592414aca1a35885983ef21b60d8"},"breadcrumb":{"@id":"https:\/\/blogs.uef.fi\/fclab-lukio\/2024\/08\/12\/ymparoivan-luonnon-opetuksen-integroiminen-sahkoiselle-kartta-alustalle\/#breadcrumb"},"inLanguage":"fi","potentialAction":[{"@type":"ReadAction","target":["https:\/\/blogs.uef.fi\/fclab-lukio\/2024\/08\/12\/ymparoivan-luonnon-opetuksen-integroiminen-sahkoiselle-kartta-alustalle\/"]}]},{"@type":"ImageObject","inLanguage":"fi","@id":"https:\/\/blogs.uef.fi\/fclab-lukio\/2024\/08\/12\/ymparoivan-luonnon-opetuksen-integroiminen-sahkoiselle-kartta-alustalle\/#primaryimage","url":"https:\/\/blogs.uef.fi\/fclab-lukio\/wp-content\/uploads\/sites\/133\/2024\/08\/Kuva1blogi.png","contentUrl":"https:\/\/blogs.uef.fi\/fclab-lukio\/wp-content\/uploads\/sites\/133\/2024\/08\/Kuva1blogi.png","width":643,"height":263,"caption":"Pyrimme lukio-opiskelijoiden kanssa ker\u00e4\u00e4m\u00e4\u00e4n aineistoa my\u00f6s maastosta, esimerkiksi perinteisen ekologian kurssin j\u00e4k\u00e4l\u00e4kartoituksen kautta. Kuvakaappaus StoryMapsiin tehdyst\u00e4 ty\u00f6ohjeesta."},{"@type":"BreadcrumbList","@id":"https:\/\/blogs.uef.fi\/fclab-lukio\/2024\/08\/12\/ymparoivan-luonnon-opetuksen-integroiminen-sahkoiselle-kartta-alustalle\/#breadcrumb","itemListElement":[{"@type":"ListItem","position":1,"name":"Home","item":"https:\/\/blogs.uef.fi\/fclab-lukio\/"},{"@type":"ListItem","position":2,"name":"Ymp\u00e4r\u00f6iv\u00e4n luonnon opetuksen integroiminen s\u00e4hk\u00f6iselle kartta-alustalle"}]},{"@type":"WebSite","@id":"https:\/\/blogs.uef.fi\/fclab-lukio\/#website","url":"https:\/\/blogs.uef.fi\/fclab-lukio\/","name":"FCLab lukio","description":"","potentialAction":[{"@type":"SearchAction","target":{"@type":"EntryPoint","urlTemplate":"https:\/\/blogs.uef.fi\/fclab-lukio\/?s={search_term_string}"},"query-input":{"@type":"PropertyValueSpecification","valueRequired":true,"valueName":"search_term_string"}}],"inLanguage":"fi"},{"@type":"Person","@id":"https:\/\/blogs.uef.fi\/fclab-lukio\/#\/schema\/person\/c8e4592414aca1a35885983ef21b60d8","name":"FCLab-tiimi","url":"https:\/\/blogs.uef.fi\/fclab-lukio\/author\/antarva\/"}]}},"_links":{"self":[{"href":"https:\/\/blogs.uef.fi\/fclab-lukio\/wp-json\/wp\/v2\/posts\/1318","targetHints":{"allow":["GET"]}}],"collection":[{"href":"https:\/\/blogs.uef.fi\/fclab-lukio\/wp-json\/wp\/v2\/posts"}],"about":[{"href":"https:\/\/blogs.uef.fi\/fclab-lukio\/wp-json\/wp\/v2\/types\/post"}],"author":[{"embeddable":true,"href":"https:\/\/blogs.uef.fi\/fclab-lukio\/wp-json\/wp\/v2\/users\/333"}],"replies":[{"embeddable":true,"href":"https:\/\/blogs.uef.fi\/fclab-lukio\/wp-json\/wp\/v2\/comments?post=1318"}],"version-history":[{"count":2,"href":"https:\/\/blogs.uef.fi\/fclab-lukio\/wp-json\/wp\/v2\/posts\/1318\/revisions"}],"predecessor-version":[{"id":1436,"href":"https:\/\/blogs.uef.fi\/fclab-lukio\/wp-json\/wp\/v2\/posts\/1318\/revisions\/1436"}],"wp:attachment":[{"href":"https:\/\/blogs.uef.fi\/fclab-lukio\/wp-json\/wp\/v2\/media?parent=1318"}],"wp:term":[{"taxonomy":"category","embeddable":true,"href":"https:\/\/blogs.uef.fi\/fclab-lukio\/wp-json\/wp\/v2\/categories?post=1318"},{"taxonomy":"post_tag","embeddable":true,"href":"https:\/\/blogs.uef.fi\/fclab-lukio\/wp-json\/wp\/v2\/tags?post=1318"}],"curies":[{"name":"wp","href":"https:\/\/api.w.org\/{rel}","templated":true}]}}